{"id":66695,"date":"2022-01-20T02:15:25","date_gmt":"2022-01-20T07:15:25","guid":{"rendered":"https:\/\/akunq.net\/tr\/?p=66695"},"modified":"2022-01-20T02:17:53","modified_gmt":"2022-01-20T07:17:53","slug":"hrant-dink-oldurulusunun-15-yilinda-aniliyor-hukuki-surec-hangi-asamada","status":"publish","type":"post","link":"https:\/\/akunq.net\/tr\/?p=66695","title":{"rendered":"Hrant Dink \u00f6ld\u00fcr\u00fcl\u00fc\u015f\u00fcn\u00fcn 15. y\u0131l\u0131nda an\u0131l\u0131yor: Hukuki s\u00fcre\u00e7 hangi a\u015famada?"},"content":{"rendered":"<div class=\"bbc-19j92fr e57qer20\" dir=\"ltr\">\n<p dir=\"ltr\"><img loading=\"lazy\" decoding=\"async\" class=\"aligncenter size-medium wp-image-66696\" src=\"https:\/\/akunq.net\/tr\/wp-content\/uploads\/2022\/01\/Dink-4-360x203.jpg\" alt=\"\" width=\"360\" height=\"203\" srcset=\"https:\/\/akunq.net\/tr\/wp-content\/uploads\/sites\/6\/2022\/01\/Dink-4-360x203.jpg 360w, https:\/\/akunq.net\/tr\/wp-content\/uploads\/sites\/6\/2022\/01\/Dink-4-768x432.jpg 768w, https:\/\/akunq.net\/tr\/wp-content\/uploads\/sites\/6\/2022\/01\/Dink-4-560x315.jpg 560w, https:\/\/akunq.net\/tr\/wp-content\/uploads\/sites\/6\/2022\/01\/Dink-4-260x146.jpg 260w, https:\/\/akunq.net\/tr\/wp-content\/uploads\/sites\/6\/2022\/01\/Dink-4-160x90.jpg 160w, https:\/\/akunq.net\/tr\/wp-content\/uploads\/sites\/6\/2022\/01\/Dink-4.jpg 1024w\" sizes=\"auto, (max-width: 360px) 100vw, 360px\" \/><\/p>\n<p class=\"bbc-bm53ic e1cc2ql70\" dir=\"ltr\"><em><b>Agos Gazetesi Genel Yay\u0131n Y\u00f6netmeni Hrant Dink, 19 Ocak 2007&#8217;de o zamanki gazete binas\u0131 \u00f6n\u00fcnde ba\u015f\u0131ndan vurularak \u00f6ld\u00fcr\u00fclm\u00fc\u015ft\u00fc.<\/b><\/em><\/p>\n<\/div>\n<div class=\"bbc-19j92fr e57qer20\" dir=\"ltr\">\n<p class=\"bbc-bm53ic e1cc2ql70\" dir=\"ltr\">Dink bug\u00fcn vuruldu\u011fu yerde, Pangalt\u0131 Sebat Apartman\u0131 \u00f6n\u00fcnde, farkl\u0131 \u00fclke ve \u015fehirlerde d\u00fczenlenen t\u00f6renlerle an\u0131ld\u0131.<\/p>\n<\/div>\n<div class=\"bbc-19j92fr e57qer20\" dir=\"ltr\">\n<p class=\"bbc-bm53ic e1cc2ql70\" dir=\"ltr\">Dink&#8217;in \u00f6ld\u00fcr\u00fcld\u00fc\u011f\u00fc noktaya karanfiller b\u0131rak\u0131ld\u0131, mumlar yak\u0131ld\u0131. T\u00f6ren \u00f6ncesi T\u00fcrk\u00e7e ve Ermenice \u015fark\u0131lar \u00e7al\u0131nd\u0131.<\/p>\n<\/div>\n<div class=\"bbc-19j92fr e57qer20\" dir=\"ltr\">\n<p class=\"bbc-bm53ic e1cc2ql70\" dir=\"ltr\">T\u00f6rende &#8220;Fa\u015fizme inat karde\u015fimsiz Hrant&#8221;, &#8220;Ya\u015fas\u0131n halklar\u0131n karde\u015fli\u011fi&#8221; sloganlar\u0131 at\u0131ld\u0131.<\/p>\n<\/div>\n<div class=\"bbc-19j92fr e57qer20\" dir=\"ltr\">\n<p class=\"bbc-bm53ic e1cc2ql70\" dir=\"ltr\">Dink&#8217;in arkada\u015f\u0131 Bircan Yorulmaz&#8217;\u0131n Sincan Cezaevi&#8217;nden g\u00f6nderdi\u011fi mektup da okundu. Kobani davas\u0131nda yarg\u0131lanan Yorulmaz mektubunda, &#8220;Onun b\u0131rakt\u0131\u011f\u0131 yerden demokrasi, bar\u0131\u015f ve \u00f6zg\u00fcrl\u00fck m\u00fccadelesi vermeye devam edece\u011fiz&#8221; dedi.<\/p>\n<\/div>\n<div class=\"bbc-19j92fr e57qer20\" dir=\"ltr\">\n<div class=\"bbc-16yn7v2 e1rm9fh20\" data-e2e=\"twitter-embed-https:\/\/twitter.com\/HrantDinkVakfi\/status\/1483763446059618304\">\n<div class=\"lazyload-wrapper \">\n<div class=\"bbc-bjn8wh ewhrggl2\">\n<div class=\"bbc-899sir e181078e0\">\n<div class=\"twitter-tweet twitter-tweet-rendered\"><iframe id=\"twitter-widget-0\" class=\"\" title=\"Twitter Tweet\" src=\"https:\/\/platform.twitter.com\/embed\/Tweet.html?creatorScreenName=bbcturkce&amp;dnt=false&amp;embedId=twitter-widget-0&amp;features=eyJ0ZndfZXhwZXJpbWVudHNfY29va2llX2V4cGlyYXRpb24iOnsiYnVja2V0IjoxMjA5NjAwLCJ2ZXJzaW9uIjpudWxsfSwidGZ3X2hvcml6b25fdHdlZXRfZW1iZWRfOTU1NSI6eyJidWNrZXQiOiJodGUiLCJ2ZXJzaW9uIjpudWxsfSwidGZ3X3NwYWNlX2NhcmQiOnsiYnVja2V0Ijoib2ZmIiwidmVyc2lvbiI6bnVsbH19&amp;frame=false&amp;hideCard=false&amp;hideThread=false&amp;id=1483763446059618304&amp;lang=tr&amp;origin=https%3A%2F%2Fwww.bbc.com%2Fturkce%2Fhaberler-turkiye-51167302&amp;sessionId=cdce282df87b516fd9fd7ce8d1d526b2dbf8a48b&amp;siteScreenName=bbcturkce&amp;theme=light&amp;widgetsVersion=75b3351%3A1642573356397&amp;width=550px\" frameborder=\"0\" scrolling=\"no\" allowfullscreen=\"allowfullscreen\" data-tweet-id=\"1483763446059618304\" data-mce-fragment=\"1\"><\/iframe><\/div>\n<\/div>\n<p id=\"end-of-twitter-content-1\" class=\"bbc-1gnhmg2 ewhrggl0\" tabindex=\"-1\">Twitter payla\u015f\u0131m\u0131n\u0131n sonu, 1<\/p>\n<\/div>\n<\/div>\n<\/div>\n<\/div>\n<div class=\"bbc-19j92fr e57qer20\" dir=\"ltr\">\n<p class=\"bbc-bm53ic e1cc2ql70\" dir=\"ltr\">Bir gece \u00f6ncesinden eski Agos binas\u0131n\u0131n \u00f6n y\u00fcz\u00fcne Hrant Dink&#8217;in foto\u011fraf\u0131 ve &#8220;G\u00fcvercin tedirginli\u011fi&#8221; ba\u015fl\u0131kl\u0131, \u00f6ld\u00fcr\u00fclmeden \u00f6nce yazd\u0131\u011f\u0131 son yaz\u0131y\u0131 hat\u0131rlatan g\u00fcvercin g\u00f6r\u00fcnt\u00fcleri yans\u0131t\u0131lm\u0131\u015ft\u0131.<\/p>\n<\/div>\n<div class=\"bbc-19j92fr e57qer20\" dir=\"ltr\">\n<div class=\"bbc-16yn7v2 e1rm9fh20\" data-e2e=\"twitter-embed-https:\/\/twitter.com\/HrantDinkVakfi\/status\/1483476702403649543\">\n<div class=\"lazyload-wrapper \">\n<div class=\"bbc-bjn8wh ewhrggl2\">\n<div class=\"bbc-899sir e181078e0\">\n<div class=\"twitter-tweet twitter-tweet-rendered\"><iframe id=\"twitter-widget-1\" class=\"\" title=\"Twitter Tweet\" src=\"https:\/\/platform.twitter.com\/embed\/Tweet.html?creatorScreenName=bbcturkce&amp;dnt=false&amp;embedId=twitter-widget-1&amp;features=eyJ0ZndfZXhwZXJpbWVudHNfY29va2llX2V4cGlyYXRpb24iOnsiYnVja2V0IjoxMjA5NjAwLCJ2ZXJzaW9uIjpudWxsfSwidGZ3X2hvcml6b25fdHdlZXRfZW1iZWRfOTU1NSI6eyJidWNrZXQiOiJodGUiLCJ2ZXJzaW9uIjpudWxsfSwidGZ3X3NwYWNlX2NhcmQiOnsiYnVja2V0Ijoib2ZmIiwidmVyc2lvbiI6bnVsbH19&amp;frame=false&amp;hideCard=false&amp;hideThread=false&amp;id=1483476702403649543&amp;lang=tr&amp;origin=https%3A%2F%2Fwww.bbc.com%2Fturkce%2Fhaberler-turkiye-51167302&amp;sessionId=cdce282df87b516fd9fd7ce8d1d526b2dbf8a48b&amp;siteScreenName=bbcturkce&amp;theme=light&amp;widgetsVersion=75b3351%3A1642573356397&amp;width=550px\" frameborder=\"0\" scrolling=\"no\" allowfullscreen=\"allowfullscreen\" data-tweet-id=\"1483476702403649543\" data-mce-fragment=\"1\"><\/iframe><\/div>\n<\/div>\n<p id=\"end-of-twitter-content-2\" class=\"bbc-1gnhmg2 ewhrggl0\" tabindex=\"-1\">Twitter payla\u015f\u0131m\u0131n\u0131n sonu, 2<\/p>\n<\/div>\n<\/div>\n<\/div>\n<\/div>\n<div class=\"bbc-19j92fr e57qer20\" dir=\"ltr\">\n<p class=\"bbc-bm53ic e1cc2ql70\" dir=\"ltr\">Hrant Dink, \u00f6ld\u00fcr\u00fcld\u00fc\u011f\u00fc 19 Ocak 2007&#8217;den bu yana her y\u0131l ayn\u0131 g\u00fcn, Agos gazetesinin eski binas\u0131 \u00f6n\u00fcnde an\u0131l\u0131yor.<\/p>\n<\/div>\n<div class=\"bbc-19j92fr e57qer20\" dir=\"ltr\">\n<p class=\"bbc-bm53ic e1cc2ql70\" dir=\"ltr\">Dink&#8217;in \u00f6ld\u00fcr\u00fcl\u00fc\u015f\u00fcn\u00fcn 15. y\u0131l\u0131nda cinayete dair bilinenleri ve karma\u015f\u0131k hukuk s\u00fcrecinde ya\u015fananlar\u0131 derledik.<\/p>\n<\/div>\n<div class=\"bbc-19j92fr e57qer20\" dir=\"ltr\">\n<h2 id=\"76-san\u0131kl\u0131-son-dava-\" class=\"bbc-l3e97o e14hemmw0\" tabindex=\"-1\">76 san\u0131kl\u0131 son dava<\/h2>\n<\/div>\n<div class=\"bbc-19j92fr e57qer20\" dir=\"ltr\">\n<p class=\"bbc-bm53ic e1cc2ql70\" dir=\"ltr\">Hrant Dink&#8217;in \u00f6ld\u00fcr\u00fclmesi sonras\u0131nda farkl\u0131 davalar ile uzun bir hukuk s\u00fcreci ya\u015fand\u0131.<\/p>\n<\/div>\n<div class=\"bbc-19j92fr e57qer20\" dir=\"ltr\">\n<p class=\"bbc-bm53ic e1cc2ql70\" dir=\"ltr\">Bunlar\u0131n sonuncusu cinayetle ilgili olarak 76 kamu g\u00f6revlisinin yarg\u0131land\u0131\u011f\u0131 davayd\u0131. Bu davada h\u00fck\u00fcm ge\u00e7ti\u011fimiz y\u0131l, 26 Mart 2021&#8217;de a\u00e7\u0131kland\u0131.<\/p>\n<\/div>\n<div class=\"bbc-19j92fr e57qer20\" dir=\"ltr\">\n<p class=\"bbc-bm53ic e1cc2ql70\" dir=\"ltr\">Mahkeme eski \u0130stanbul \u0130stihbarat \u015eube M\u00fcd\u00fcr\u00fc Ali Fuat Y\u0131lmazer ve Eski Emniyet Genel M\u00fcd\u00fcrl\u00fc\u011f\u00fc \u0130stihbarat Daire Ba\u015fkan\u0131 Ramazan Aky\u00fcrek&#8217;e a\u011f\u0131rla\u015ft\u0131r\u0131lm\u0131\u015f m\u00fcebbet hapis cezas\u0131 verdi. Fethullah G\u00fclen, Zekeriya \u00d6z, Ekrem Dumanl\u0131 ve Adem Yavuz Arslan dahil 13 firari san\u0131\u011f\u0131n dosyalar\u0131 ayr\u0131ld\u0131.<\/p>\n<\/div>\n<div class=\"bbc-19j92fr e57qer20\" dir=\"ltr\">\n<p class=\"bbc-bm53ic e1cc2ql70\" dir=\"ltr\">Dink ailesi avukatlar\u0131ndan Hakan Bak\u0131rc\u0131o\u011flu, karar\u0131n ard\u0131ndan adliye \u00f6n\u00fcnde yapt\u0131\u011f\u0131 bas\u0131n a\u00e7\u0131klamas\u0131nda &#8220;Bu karara itiraz edece\u011fiz. Bu karar cinayette sorumlulu\u011fu olan ve delillerle a\u00e7\u0131\u011fa \u00e7\u0131km\u0131\u015f olan bir\u00e7ok ki\u015finin hatal\u0131 bir \u015fekilde beraatiyle sonu\u00e7lanm\u0131\u015ft\u0131r&#8221; dedi.<\/p>\n<\/div>\n<div class=\"bbc-1ka88fa e57qer20\" dir=\"ltr\">\n<figure class=\"bbc-1qdcvv9 e6bmn90\">\n<div class=\"bbc-172p16q e57qer20\" dir=\"ltr\">\n<div class=\"bbc-189y18v e57qer20\" dir=\"ltr\">\n<div class=\"bbc-997y1y e1whu0\" data-e2e=\"image-placeholder\">\n<div class=\"lazyload-wrapper \"><picture class=\"bbc-yfiktt e1enwo3v1\"><source srcset=\"https:\/\/ichef.bbci.co.uk\/news\/240\/cpsprodpb\/3D66\/production\/_122881751_066bddf1-a674-4c9c-b997-1f994b221739.jpg.webp 240w, https:\/\/ichef.bbci.co.uk\/news\/320\/cpsprodpb\/3D66\/production\/_122881751_066bddf1-a674-4c9c-b997-1f994b221739.jpg.webp 320w, https:\/\/ichef.bbci.co.uk\/news\/480\/cpsprodpb\/3D66\/production\/_122881751_066bddf1-a674-4c9c-b997-1f994b221739.jpg.webp 480w, https:\/\/ichef.bbci.co.uk\/news\/624\/cpsprodpb\/3D66\/production\/_122881751_066bddf1-a674-4c9c-b997-1f994b221739.jpg.webp 624w, https:\/\/ichef.bbci.co.uk\/news\/640\/cpsprodpb\/3D66\/production\/_122881751_066bddf1-a674-4c9c-b997-1f994b221739.jpg.webp 640w\" type=\"image\/webp\" \/><source srcset=\"https:\/\/ichef.bbci.co.uk\/news\/240\/cpsprodpb\/3D66\/production\/_122881751_066bddf1-a674-4c9c-b997-1f994b221739.jpg 240w, https:\/\/ichef.bbci.co.uk\/news\/320\/cpsprodpb\/3D66\/production\/_122881751_066bddf1-a674-4c9c-b997-1f994b221739.jpg 320w, https:\/\/ichef.bbci.co.uk\/news\/480\/cpsprodpb\/3D66\/production\/_122881751_066bddf1-a674-4c9c-b997-1f994b221739.jpg 480w, https:\/\/ichef.bbci.co.uk\/news\/624\/cpsprodpb\/3D66\/production\/_122881751_066bddf1-a674-4c9c-b997-1f994b221739.jpg 624w, https:\/\/ichef.bbci.co.uk\/news\/640\/cpsprodpb\/3D66\/production\/_122881751_066bddf1-a674-4c9c-b997-1f994b221739.jpg 640w\" type=\"image\/jpeg\" \/><img loading=\"lazy\" decoding=\"async\" class=\"eehpdyc0 bbc-rb7xa0 e1enwo3v0\" src=\"https:\/\/ichef.bbci.co.uk\/news\/640\/cpsprodpb\/3D66\/production\/_122881751_066bddf1-a674-4c9c-b997-1f994b221739.jpg\" sizes=\"auto, (min-width: 1008px) 645px, 100vw\" alt=\"DHA\" width=\"640\" height=\"388\" \/><\/picture><\/div>\n<p class=\"bbc-1s1cxbv etq3yw90\" role=\"text\"><em><span class=\"bbc-1gnhmg2 e1yt7oin0\">KAYNAK,<\/span><span lang=\"en-GB\">DHA<\/span><\/em><\/p>\n<\/div>\n<\/div>\n<\/div>\n<\/figure>\n<\/div>\n<div class=\"bbc-19j92fr e57qer20\" dir=\"ltr\">\n<h2 id=\"Dink-ailesi-Operasyon-\u00f6ld\u00fcrmeyle-son-bulmad\u0131\" class=\"bbc-l3e97o e14hemmw0\" tabindex=\"-1\">Dink ailesi: Operasyon \u00f6ld\u00fcrmeyle son bulmad\u0131<\/h2>\n<\/div>\n<div class=\"bbc-19j92fr e57qer20\" dir=\"ltr\">\n<p class=\"bbc-bm53ic e1cc2ql70\" dir=\"ltr\">Hrank Dink&#8217;in ailesi de son yarg\u0131lamadan sonra yapt\u0131\u011f\u0131 yaz\u0131l\u0131 a\u00e7\u0131klamada, cinayetin, &#8220;siyasilerin, yarg\u0131n\u0131n, medyan\u0131n ve baz\u0131 devlet g\u00fcd\u00fcml\u00fc s\u00f6zde sivil toplum kurulu\u015flar\u0131n\u0131n d\u00e2hil oldu\u011fu \u00fc\u00e7 y\u0131l s\u00fcren bir hedef g\u00f6sterme ve tehdit s\u00fcrecinin sonunda ger\u00e7ekle\u015fti\u011fini&#8221; kaydetti.<\/p>\n<\/div>\n<div class=\"bbc-19j92fr e57qer20\" dir=\"ltr\">\n<p class=\"bbc-bm53ic e1cc2ql70\" dir=\"ltr\">A\u00e7\u0131klamada, &#8220;Operasyon \u00f6ld\u00fcrmeyle son bulmad\u0131; ihmal, \u00f6rtbas, delil karartma ve yanl\u0131\u015f y\u00f6nlendirmelerle devam etti. B\u00fct\u00fcn bu mekanizmay\u0131 ele almayan bir yarg\u0131laman\u0131n bizi de kamuoyunu da ikna etmesi m\u00fcmk\u00fcn de\u011fil&#8221; denildi.<\/p>\n<\/div>\n<div class=\"bbc-19j92fr e57qer20\" dir=\"ltr\">\n<p class=\"bbc-bm53ic e1cc2ql70\" dir=\"ltr\">Dink ailesi a\u00e7\u0131klamas\u0131nda, &#8220;T\u00fcm mekanizma a\u00e7\u0131\u011fa \u00e7\u0131kar\u0131l\u0131p bir daha kullan\u0131lmayacak hale getirilene kadar&#8221; hukuki m\u00fccadeleye devam edece\u011fini vurgulad\u0131.<\/p>\n<\/div>\n<div class=\"bbc-19j92fr e57qer20\" dir=\"ltr\">\n<p class=\"bbc-bm53ic e1cc2ql70\" dir=\"ltr\">A\u00e7\u0131klamada Fethullah G\u00fclen Yap\u0131lanmas\u0131 ile ilgili olarak ise \u015fu ifadeler yer ald\u0131:<\/p>\n<\/div>\n<div class=\"bbc-19j92fr e57qer20\" dir=\"ltr\">\n<p class=\"bbc-bm53ic e1cc2ql70\" dir=\"ltr\">&#8220;Yarg\u0131laman\u0131n geldi\u011fi noktada, 15 Temmuz 2016&#8217;da al\u00e7ak\u00e7a bir harek\u00e2tla y\u00fczlerce insan\u0131m\u0131z\u0131n \u00f6l\u00fcm\u00fcne, binlercesinin de yaralanmas\u0131na sebep olan, FET\u00d6 olarak tan\u0131mlanan odaklar\u0131n, 2007&#8217;de Hrant&#8217;\u0131m\u0131z\u0131 da \u00f6ld\u00fcrm\u00fc\u015f oldu\u011fu s\u00f6yleniyor.<\/p>\n<\/div>\n<div class=\"bbc-19j92fr e57qer20\" dir=\"ltr\">\n<p class=\"bbc-bm53ic e1cc2ql70\" dir=\"ltr\">&#8220;E\u011fer bu do\u011fruysa, ba\u015f\u0131ndan beri olmas\u0131 i\u00e7in gayret g\u00f6sterdi\u011fimiz, talep etti\u011fimiz etkili soru\u015fturma zaman\u0131nda yap\u0131lsayd\u0131, neredeyse 10 y\u0131l sonra bu kadar can\u0131m\u0131z\u0131 yitirmeyecektik.&#8221;<\/p>\n<\/div>\n<div class=\"bbc-sffzb7 e8v25yx0\">\n<div class=\"bbc-19j92fr e57qer20\" dir=\"ltr\">\n<figure class=\"bbc-1qdcvv9 e6bmn90\">\n<div class=\"bbc-37mmq3 e57qer20\" dir=\"ltr\">\n<div class=\"bbc-189y18v e57qer20\" dir=\"ltr\">\n<div class=\"bbc-997y1y e1whu0\" data-e2e=\"image-placeholder\">\n<div class=\"lazyload-wrapper \"><picture class=\"bbc-yfiktt e1enwo3v1\"><source srcset=\"https:\/\/ichef.bbci.co.uk\/news\/240\/cpsprodpb\/171FE\/production\/_122881749_157690fc-67ec-48e5-9d63-f6caa5460abc.jpg.webp 240w, https:\/\/ichef.bbci.co.uk\/news\/320\/cpsprodpb\/171FE\/production\/_122881749_157690fc-67ec-48e5-9d63-f6caa5460abc.jpg.webp 320w, https:\/\/ichef.bbci.co.uk\/news\/480\/cpsprodpb\/171FE\/production\/_122881749_157690fc-67ec-48e5-9d63-f6caa5460abc.jpg.webp 480w, https:\/\/ichef.bbci.co.uk\/news\/624\/cpsprodpb\/171FE\/production\/_122881749_157690fc-67ec-48e5-9d63-f6caa5460abc.jpg.webp 624w, https:\/\/ichef.bbci.co.uk\/news\/800\/cpsprodpb\/171FE\/production\/_122881749_157690fc-67ec-48e5-9d63-f6caa5460abc.jpg.webp 800w\" type=\"image\/webp\" \/><source srcset=\"https:\/\/ichef.bbci.co.uk\/news\/240\/cpsprodpb\/171FE\/production\/_122881749_157690fc-67ec-48e5-9d63-f6caa5460abc.jpg 240w, https:\/\/ichef.bbci.co.uk\/news\/320\/cpsprodpb\/171FE\/production\/_122881749_157690fc-67ec-48e5-9d63-f6caa5460abc.jpg 320w, https:\/\/ichef.bbci.co.uk\/news\/480\/cpsprodpb\/171FE\/production\/_122881749_157690fc-67ec-48e5-9d63-f6caa5460abc.jpg 480w, https:\/\/ichef.bbci.co.uk\/news\/624\/cpsprodpb\/171FE\/production\/_122881749_157690fc-67ec-48e5-9d63-f6caa5460abc.jpg 624w, https:\/\/ichef.bbci.co.uk\/news\/800\/cpsprodpb\/171FE\/production\/_122881749_157690fc-67ec-48e5-9d63-f6caa5460abc.jpg 800w\" type=\"image\/jpeg\" \/><img loading=\"lazy\" decoding=\"async\" class=\"eehpdyc0 bbc-rb7xa0 e1enwo3v0\" src=\"https:\/\/ichef.bbci.co.uk\/news\/640\/cpsprodpb\/171FE\/production\/_122881749_157690fc-67ec-48e5-9d63-f6caa5460abc.jpg\" sizes=\"auto, (min-width: 1008px) 645px, 100vw\" alt=\"@HrantDinkVakfi\" width=\"1920\" height=\"1920\" \/><\/picture><\/div>\n<p class=\"bbc-1s1cxbv etq3yw90\" role=\"text\"><em><span class=\"bbc-1gnhmg2 e1yt7oin0\">KAYNAK,<\/span><span lang=\"en-GB\">@HRANTDINKVAKFI<\/span><\/em><\/p>\n<\/div>\n<\/div>\n<\/div>\n<\/figure>\n<\/div>\n<\/div>\n<div class=\"bbc-19j92fr e57qer20\" dir=\"ltr\">\n<h2 id=\"Karara-hangi-gerek\u00e7elerle-itiraz-edildi\" class=\"bbc-l3e97o e14hemmw0\" tabindex=\"-1\">Karara hangi gerek\u00e7elerle itiraz edildi?<\/h2>\n<\/div>\n<div class=\"bbc-19j92fr e57qer20\" dir=\"ltr\">\n<p class=\"bbc-bm53ic e1cc2ql70\" dir=\"ltr\">26 Mart 2021 tarihli son mahkeme karar\u0131na Dink ailesinin avukatlar\u0131 1 Nisan 2021&#8217;de itiraz ettiler ve itiraz dilek\u00e7elerini \u0130stanbul B\u00f6lge Adliye Mahkemesi&#8217;ne sunulmak \u00fczere 14. A\u011f\u0131r Ceza Mahkemesi&#8217;ne teslim ettiler.<\/p>\n<\/div>\n<div class=\"bbc-19j92fr e57qer20\" dir=\"ltr\">\n<p class=\"bbc-bm53ic e1cc2ql70\" dir=\"ltr\">\u0130tiraz dilek\u00e7esinde, &#8220;Cezaland\u0131r\u0131lmalar\u0131na karar verilmesi gereken san\u0131klar\u0131n bir k\u0131sm\u0131n\u0131n beraatine ve bir k\u0131sm\u0131 hakk\u0131ndaki davan\u0131n zamana\u015f\u0131m\u0131 nedeni ile d\u00fc\u015f\u00fcr\u00fclmesine ili\u015fkin karar verilmesi, san\u0131klar\u0131n bir k\u0131sm\u0131 hakk\u0131nda d\u00fc\u015f\u00fck cezalara h\u00fckmedilmi\u015f olmas\u0131 ve yan\u0131 s\u0131ra yarg\u0131lama esnas\u0131nda toplanmas\u0131n\u0131 talep etti\u011fimiz delillerin tamam\u0131 toplanmadan karar verilmi\u015f olmas\u0131 nedenleri ile \u0130stanbul 14. A\u011f\u0131r Ceza Mahkemesi karar\u0131 hatal\u0131 ve hukuka ayk\u0131r\u0131 olmu\u015ftur&#8221; denildi.<\/p>\n<\/div>\n<div class=\"bbc-19j92fr e57qer20\" dir=\"ltr\">\n<h2 id=\"Mahkeme-hangi-kararlar\u0131-verdi\" class=\"bbc-l3e97o e14hemmw0\" tabindex=\"-1\">Mahkeme hangi kararlar\u0131 verdi?<\/h2>\n<\/div>\n<div class=\"bbc-19j92fr e57qer20\" dir=\"ltr\">\n<p class=\"bbc-bm53ic e1cc2ql70\" dir=\"ltr\">Mahkeme, cinayetin &#8220;Fethullah G\u00fclen Yap\u0131lanmas\u0131&#8217;n\u0131n ama\u00e7lar\u0131 do\u011frultusunda&#8221; i\u015flendi\u011fi kanaatiyle Og\u00fcn Samast, Erhan Tuncel, Yasin Hayal ve Tuncay Uzundal hakk\u0131nda &#8220;FET\u00d6 \u00fcyeli\u011fi&#8221; su\u00e7undan, savc\u0131l\u0131\u011fa su\u00e7 duyurusunda bulunulmas\u0131na karar verdi.<\/p>\n<\/div>\n<div class=\"bbc-19j92fr e57qer20\" dir=\"ltr\">\n<p class=\"bbc-bm53ic e1cc2ql70\" dir=\"ltr\">Gazeteci Ercan G\u00fcn &#8220;silahl\u0131 ter\u00f6r \u00f6rg\u00fct\u00fcne \u00fcye olmak&#8221; su\u00e7undan 10 y\u0131l hapis cezas\u0131 ald\u0131.<\/p>\n<\/div>\n<div class=\"bbc-19j92fr e57qer20\" dir=\"ltr\">\n<p class=\"bbc-bm53ic e1cc2ql70\" dir=\"ltr\">A\u011f\u0131rla\u015ft\u0131r\u0131lm\u0131\u015f m\u00fcebbet hapis cezas\u0131 verilen Ali Fuat Y\u0131lmazer&#8217;e, &#8220;resmi belgeyi yok etmek&#8221; su\u00e7undan da 4 y\u0131l 6 ay hapis cezas\u0131 verildi. Ayn\u0131 su\u00e7tan Ramazan Aky\u00fcrek de 5 y\u0131l 7 ay 15 g\u00fcn hapis cezas\u0131na \u00e7arpt\u0131r\u0131ld\u0131.<\/p>\n<\/div>\n<div class=\"bbc-19j92fr e57qer20\" dir=\"ltr\">\n<p class=\"bbc-bm53ic e1cc2ql70\" dir=\"ltr\">D\u00f6nemin \u0130stanbul Jandarma \u0130stihbarat \u015eube M\u00fcd\u00fcrl\u00fc\u011f\u00fc&#8217;nde g\u00f6revli astsubay Yavuz Karakaya, &#8220;Anayasa&#8217;y\u0131 ihlal&#8221; su\u00e7undan m\u00fcebbet hapis ve &#8220;kasten \u00f6ld\u00fcrmeye yard\u0131m&#8221; su\u00e7undan da 12 y\u0131l 6 ay hapis cezas\u0131 ald\u0131.<\/p>\n<\/div>\n<div class=\"bbc-19j92fr e57qer20\" dir=\"ltr\">\n<p class=\"bbc-bm53ic e1cc2ql70\" dir=\"ltr\">Eski asker Muharrem Demirkale de 2 kez a\u011f\u0131rla\u015ft\u0131r\u0131lm\u0131\u015f m\u00fcebbet hapis cezas\u0131na \u00e7arpt\u0131r\u0131ld\u0131.<\/p>\n<\/div>\n<div class=\"bbc-19j92fr e57qer20\" dir=\"ltr\">\n<p class=\"bbc-bm53ic e1cc2ql70\" dir=\"ltr\">&#8220;Kamu g\u00f6revini ihmal&#8221; su\u00e7undan yarg\u0131lanan eski emniyet M\u00fcd\u00fcrleri Celalettin Cerrah ve Sabri Uzun&#8217;un dosyalar\u0131 zaman a\u015f\u0131m\u0131 nedeniyle d\u00fc\u015ft\u00fc.<\/p>\n<\/div>\n<div class=\"bbc-19j92fr e57qer20\" dir=\"ltr\">\n<p class=\"bbc-bm53ic e1cc2ql70\" dir=\"ltr\">D\u00f6nemin Trabzon Emniyet M\u00fcd\u00fcr\u00fc Re\u015fat Altay, &#8220;ihmal nedeniyle adam \u00f6ld\u00fcrmek&#8221; ve &#8220;resmi belgeyi yok etme&#8221; su\u00e7lar\u0131ndan beraat etti. &#8220;G\u00f6revi ihmal&#8221; su\u00e7uyla ilgili dosyas\u0131 da zaman a\u015f\u0131m\u0131na u\u011frad\u0131. D\u00f6nemin Trabzon Jandarma Alay Komutan\u0131 Ali \u00d6z&#8217;e 28 y\u0131l hapis cezas\u0131 verildi.<\/p>\n<\/div>\n<div class=\"bbc-19j92fr e57qer20\" dir=\"ltr\">\n<p class=\"bbc-bm53ic e1cc2ql70\" dir=\"ltr\">D\u00f6nemin jandarma istihbarat g\u00f6revlileri Okan \u015eim\u015fek ve Veysel \u015eahin 28 y\u0131l hapis cezas\u0131 al\u0131rken, bir di\u011fer g\u00f6revli Volkan \u015eahin ise 12 y\u0131l hapis cezas\u0131na \u00e7arpt\u0131r\u0131ld\u0131.<\/p>\n<\/div>\n<div class=\"bbc-19j92fr e57qer20\" dir=\"ltr\">\n<p class=\"bbc-bm53ic e1cc2ql70\" dir=\"ltr\">Eski polis memuru Muhittin Zenit hakk\u0131nda beraat karar\u0131 verildi, &#8220;g\u00f6revi ihmal&#8221; su\u00e7lamas\u0131 ise zaman a\u015f\u0131m\u0131 nedeniyle d\u00fc\u015f\u00fcr\u00fcld\u00fc.<\/p>\n<\/div>\n<div class=\"bbc-19j92fr e57qer20\" dir=\"ltr\">\n<h2 id=\"130-duru\u015fma\" class=\"bbc-l3e97o e14hemmw0\" tabindex=\"-1\">130 duru\u015fma<\/h2>\n<\/div>\n<div class=\"bbc-19j92fr e57qer20\" dir=\"ltr\">\n<p class=\"bbc-bm53ic e1cc2ql70\" dir=\"ltr\">Davada toplam 130 duru\u015fma g\u00f6r\u00fcld\u00fc. 2020&#8217;nin Aral\u0131k ay\u0131nda savc\u0131l\u0131\u011f\u0131n esas hakk\u0131ndaki m\u00fctalaas\u0131n\u0131 sunmas\u0131ndan sonra t\u00fcm san\u0131klar nihai savunmalar\u0131n\u0131 yapm\u0131\u015ft\u0131. Son olarak Dink Ailesi avukatlar\u0131 da esasa dair g\u00f6r\u00fc\u015flerini mahkemeye sunmu\u015ftu.<\/p>\n<\/div>\n<div class=\"bbc-19j92fr e57qer20\" dir=\"ltr\">\n<p class=\"bbc-bm53ic e1cc2ql70\" dir=\"ltr\">Savc\u0131 14 Aral\u0131k 2020 tarihinde verdi\u011fi 68 sayfal\u0131k m\u00fctalaas\u0131nda, toplam 11 san\u0131\u011f\u0131n beraatini, 13 firari san\u0131\u011f\u0131n dosyas\u0131n\u0131n ayr\u0131lmas\u0131n\u0131, 1 san\u0131\u011f\u0131n dava dosyas\u0131n\u0131n d\u00fc\u015fmesini ve 51 san\u0131\u011f\u0131n ise de\u011fi\u015fik oranlarda cezaland\u0131r\u0131lmas\u0131n\u0131 talep etmi\u015fti.<\/p>\n<\/div>\n<div class=\"bbc-19j92fr e57qer20\" dir=\"ltr\">\n<p class=\"bbc-bm53ic e1cc2ql70\" dir=\"ltr\">2021 y\u0131l\u0131n\u0131n Ocak ay\u0131 ba\u015f\u0131nda g\u00f6r\u00fclen davan\u0131n 122&#8217;nci duru\u015fmas\u0131ndan sonra, Trabzon&#8217;daki eski istihbarat g\u00f6revlilerinden Veysel \u015eahin, Volkan \u015eahin ve Okan \u015eim\u015fek de, cinayetten \u00f6nceden haberdar olduklar\u0131na ili\u015fkin deliller bulundu\u011fu gerek\u00e7esiyle tutukland\u0131lar.<\/p>\n<\/div>\n<div class=\"bbc-19j92fr e57qer20\" dir=\"ltr\">\n<p class=\"bbc-bm53ic e1cc2ql70\" dir=\"ltr\">Duru\u015fmalarda ifade veren san\u0131klardan baz\u0131lar\u0131 birbirini su\u00e7lad\u0131, bir k\u0131sm\u0131 ise savunmalar\u0131nda \u00f6zellikle Fethullah G\u00fclen Yap\u0131lanmas\u0131&#8217;yla ilgileri olmad\u0131\u011f\u0131n\u0131 vurgulad\u0131.<\/p>\n<\/div>\n<div class=\"bbc-19j92fr e57qer20\" dir=\"ltr\">\n<h2 id=\"Cinayetten-sonra-neler-ya\u015fanm\u0131\u015ft\u0131\" class=\"bbc-l3e97o e14hemmw0\" tabindex=\"-1\">Cinayetten sonra neler ya\u015fanm\u0131\u015ft\u0131?<\/h2>\n<\/div>\n<div class=\"bbc-19j92fr e57qer20\" dir=\"ltr\">\n<p class=\"bbc-bm53ic e1cc2ql70\" dir=\"ltr\">Hrant Dink&#8217;in \u0130stanbul&#8217;un \u015ei\u015fli il\u00e7esinde bulunan Agos gazetesi yak\u0131nlar\u0131nda, ana cadde \u00fczerinde suikasta u\u011framas\u0131ndan k\u0131sa s\u00fcre sonra, g\u00fcvenlik kameras\u0131 kay\u0131tlar\u0131ndan cinayet \u015f\u00fcphelisi tespit edildi.<\/p>\n<\/div>\n<div class=\"bbc-19j92fr e57qer20\" dir=\"ltr\">\n<p class=\"bbc-bm53ic e1cc2ql70\" dir=\"ltr\">\u015e\u00fcpheli Og\u00fcn Samast&#8217;\u0131n g\u00f6r\u00fcnt\u00fcleri \u0130stanbul Emniyet M\u00fcd\u00fcrl\u00fc\u011f\u00fc taraf\u0131ndan kamuoyuyla payla\u015f\u0131ld\u0131.<\/p>\n<\/div>\n<div class=\"bbc-1ka88fa e57qer20\" dir=\"ltr\">\n<figure class=\"bbc-1qdcvv9 e6bmn90\">\n<div class=\"bbc-172p16q e57qer20\" dir=\"ltr\">\n<div class=\"bbc-189y18v e57qer20\" dir=\"ltr\">\n<div class=\"bbc-997y1y e1whu0\" data-e2e=\"image-placeholder\">\n<div class=\"lazyload-wrapper \"><picture class=\"bbc-yfiktt e1enwo3v1\"><source srcset=\"https:\/\/ichef.bbci.co.uk\/news\/240\/cpsprodpb\/123DE\/production\/_122881747_77427ae2-1122-4f6d-b00b-e8491779c094.jpg.webp 240w, https:\/\/ichef.bbci.co.uk\/news\/320\/cpsprodpb\/123DE\/production\/_122881747_77427ae2-1122-4f6d-b00b-e8491779c094.jpg.webp 320w, https:\/\/ichef.bbci.co.uk\/news\/480\/cpsprodpb\/123DE\/production\/_122881747_77427ae2-1122-4f6d-b00b-e8491779c094.jpg.webp 480w, https:\/\/ichef.bbci.co.uk\/news\/624\/cpsprodpb\/123DE\/production\/_122881747_77427ae2-1122-4f6d-b00b-e8491779c094.jpg.webp 624w\" type=\"image\/webp\" \/><source srcset=\"https:\/\/ichef.bbci.co.uk\/news\/240\/cpsprodpb\/123DE\/production\/_122881747_77427ae2-1122-4f6d-b00b-e8491779c094.jpg 240w, https:\/\/ichef.bbci.co.uk\/news\/320\/cpsprodpb\/123DE\/production\/_122881747_77427ae2-1122-4f6d-b00b-e8491779c094.jpg 320w, https:\/\/ichef.bbci.co.uk\/news\/480\/cpsprodpb\/123DE\/production\/_122881747_77427ae2-1122-4f6d-b00b-e8491779c094.jpg 480w, https:\/\/ichef.bbci.co.uk\/news\/624\/cpsprodpb\/123DE\/production\/_122881747_77427ae2-1122-4f6d-b00b-e8491779c094.jpg 624w\" type=\"image\/jpeg\" \/><img loading=\"lazy\" decoding=\"async\" class=\"eehpdyc0 bbc-rb7xa0 e1enwo3v0\" src=\"https:\/\/ichef.bbci.co.uk\/news\/640\/cpsprodpb\/123DE\/production\/_122881747_77427ae2-1122-4f6d-b00b-e8491779c094.jpg\" sizes=\"auto, (min-width: 1008px) 645px, 100vw\" alt=\"Istanbul Emniyet M\u00fcd\u00fcrl\u00fc\u011f\u00fc\" width=\"624\" height=\"372\" \/><\/picture><\/div>\n<p class=\"bbc-1s1cxbv etq3yw90\" role=\"text\"><em><span class=\"bbc-1gnhmg2 e1yt7oin0\">KAYNAK,<\/span><span lang=\"en-GB\">ISTANBUL EMNIYET M\u00dcD\u00dcRL\u00dc\u011e\u00dc<\/span><\/em><\/p>\n<\/div>\n<\/div>\n<\/div>\n<\/figure>\n<\/div>\n<div class=\"bbc-19j92fr e57qer20\" dir=\"ltr\">\n<p class=\"bbc-bm53ic e1cc2ql70\" dir=\"ltr\">O tarihte 17 ya\u015f\u0131nda olan Samast, suikasttan 36 saat sonra babas\u0131n\u0131n ihbar\u0131 \u00fczerine Trabzon&#8217;a gitmek \u00fczereyken Samsun Otogar\u0131&#8217;nda g\u00f6zalt\u0131na al\u0131nd\u0131. Samast ile birlikte cinayette kullan\u0131lan silah da ele ge\u00e7irildi.<\/p>\n<\/div>\n<div class=\"bbc-19j92fr e57qer20\" dir=\"ltr\">\n<p class=\"bbc-bm53ic e1cc2ql70\" dir=\"ltr\">\u0130stanbul Emniyet M\u00fcd\u00fcrl\u00fc\u011f\u00fc, cinayetten k\u0131sa bir s\u00fcre sonra zanl\u0131n\u0131n g\u00f6r\u00fcnt\u00fclerini bas\u0131nla payla\u015ft\u0131.<\/p>\n<\/div>\n<div class=\"bbc-19j92fr e57qer20\" dir=\"ltr\">\n<p class=\"bbc-bm53ic e1cc2ql70\" dir=\"ltr\">Anadolu Ajans\u0131 (AA), Samast&#8217;\u0131n sorgusunda cinayeti kabul etti\u011fini ancak pi\u015fman olmad\u0131\u011f\u0131n\u0131 s\u00f6yledi\u011fini bildirdi. Haberlere g\u00f6re, Samast, suikast\u0131 Yasin Hayal&#8217;in talimat\u0131 \u00fczerine i\u015fledi\u011fini de ifade etti.<\/p>\n<\/div>\n<div class=\"bbc-19j92fr e57qer20\" dir=\"ltr\">\n<p class=\"bbc-bm53ic e1cc2ql70\" dir=\"ltr\">Yasin Hayal&#8217;in ad\u0131 daha \u00f6nce 2004 y\u0131l\u0131nda Trabzon&#8217;da bir fast-food restoran\u0131nda alt\u0131 ki\u015finin yaraland\u0131\u011f\u0131 bombalama olay\u0131na kar\u0131\u015fm\u0131\u015ft\u0131. Samast&#8217;\u0131n ifadelerinin ard\u0131ndan Hayal de g\u00f6zalt\u0131na al\u0131nd\u0131.<\/p>\n<\/div>\n<div class=\"bbc-19j92fr e57qer20\" dir=\"ltr\">\n<p class=\"bbc-bm53ic e1cc2ql70\" dir=\"ltr\">Hayal de ifadesinde cinayeti Erhan Tuncel ile birlikte planlad\u0131\u011f\u0131n\u0131 s\u00f6yledi. Bu ifade \u00fczerine o d\u00f6nem Karadeniz Teknik \u00dcniversitesi \u00f6\u011frencisi olan Tuncel de yakaland\u0131. Tuncel&#8217;in bir d\u00f6nem Trabzon Emniyet M\u00fcd\u00fcrl\u00fc\u011f\u00fc i\u00e7in muhbirlik yapt\u0131\u011f\u0131 ortaya \u00e7\u0131kt\u0131.<\/p>\n<\/div>\n<div class=\"bbc-19j92fr e57qer20\" dir=\"ltr\">\n<p class=\"bbc-bm53ic e1cc2ql70\" dir=\"ltr\">Bas\u0131nda, Tuncel ve Hayal&#8217;den Samast&#8217;\u0131n &#8220;a\u011fabeyleri&#8221; olarak bahsedilmi\u015fti.<\/p>\n<\/div>\n<div class=\"bbc-19j92fr e57qer20\" dir=\"ltr\">\n<p class=\"bbc-bm53ic e1cc2ql70\" dir=\"ltr\">Samast&#8217;\u0131n Samsun&#8217;da yakaland\u0131ktan birka\u00e7 g\u00fcn sonra baz\u0131 polis memurlar\u0131yla birlikte T\u00fcrkiye bayra\u011f\u0131 \u00f6n\u00fcnde \u00e7ekilmi\u015f g\u00f6r\u00fcnt\u00fcleri bir televizyon kanal\u0131nda yay\u0131mland\u0131.<\/p>\n<\/div>\n<div class=\"bbc-19j92fr e57qer20\" dir=\"ltr\">\n<p class=\"bbc-bm53ic e1cc2ql70\" dir=\"ltr\">Bu olay, bir yandan b\u00fcy\u00fck tepki yarat\u0131rken, cinayette kamu g\u00f6revlilerinin rol\u00fc olup olmad\u0131\u011f\u0131na dair sorular\u0131n g\u00fcndeme gelmesine neden oldu.<\/p>\n<\/div>\n<div class=\"bbc-19j92fr e57qer20\" dir=\"ltr\">\n<p class=\"bbc-bm53ic e1cc2ql70\" dir=\"ltr\">Hrant Dink&#8217;in e\u015fi Rakel Dink de cenaze t\u00f6reninde yapt\u0131\u011f\u0131 konu\u015fmada, &#8220;Ya\u015f\u0131 ka\u00e7 olursa olsun; 17 veya 27, katil kim olursa olsun, bir zamanlar bebek olduklar\u0131n\u0131 biliyorum. Bir bebekten bir katil yaratan karanl\u0131\u011f\u0131 sorgulamadan hi\u00e7bir \u015fey yap\u0131lmaz karde\u015flerim&#8221; diye konu\u015fmu\u015ftu.<\/p>\n<\/div>\n<div class=\"bbc-1ka88fa e57qer20\" dir=\"ltr\">\n<figure class=\"bbc-1qdcvv9 e6bmn90\">\n<div class=\"bbc-172p16q e57qer20\" dir=\"ltr\">\n<div class=\"bbc-172p16q e57qer20\" dir=\"ltr\">\n<div class=\"bbc-189y18v e57qer20\" dir=\"ltr\">\n<div class=\"bbc-997y1y e1whu0\" data-e2e=\"image-placeholder\">\n<div class=\"lazyload-wrapper \"><picture class=\"bbc-yfiktt e1enwo3v1\"><source srcset=\"https:\/\/ichef.bbci.co.uk\/news\/240\/cpsprodpb\/17A8\/production\/_110565060__99628158_36dff7c0-719d-42dd-9cee-fc2e1e63b231.jpg.webp 240w, https:\/\/ichef.bbci.co.uk\/news\/320\/cpsprodpb\/17A8\/production\/_110565060__99628158_36dff7c0-719d-42dd-9cee-fc2e1e63b231.jpg.webp 320w, https:\/\/ichef.bbci.co.uk\/news\/480\/cpsprodpb\/17A8\/production\/_110565060__99628158_36dff7c0-719d-42dd-9cee-fc2e1e63b231.jpg.webp 480w, https:\/\/ichef.bbci.co.uk\/news\/624\/cpsprodpb\/17A8\/production\/_110565060__99628158_36dff7c0-719d-42dd-9cee-fc2e1e63b231.jpg.webp 624w\" type=\"image\/webp\" \/><source srcset=\"https:\/\/ichef.bbci.co.uk\/news\/240\/cpsprodpb\/17A8\/production\/_110565060__99628158_36dff7c0-719d-42dd-9cee-fc2e1e63b231.jpg 240w, https:\/\/ichef.bbci.co.uk\/news\/320\/cpsprodpb\/17A8\/production\/_110565060__99628158_36dff7c0-719d-42dd-9cee-fc2e1e63b231.jpg 320w, https:\/\/ichef.bbci.co.uk\/news\/480\/cpsprodpb\/17A8\/production\/_110565060__99628158_36dff7c0-719d-42dd-9cee-fc2e1e63b231.jpg 480w, https:\/\/ichef.bbci.co.uk\/news\/624\/cpsprodpb\/17A8\/production\/_110565060__99628158_36dff7c0-719d-42dd-9cee-fc2e1e63b231.jpg 624w\" type=\"image\/jpeg\" \/><img loading=\"lazy\" decoding=\"async\" class=\"eehpdyc0 bbc-rb7xa0 e1enwo3v0\" src=\"https:\/\/ichef.bbci.co.uk\/news\/640\/cpsprodpb\/17A8\/production\/_110565060__99628158_36dff7c0-719d-42dd-9cee-fc2e1e63b231.jpg\" sizes=\"auto, (min-width: 1008px) 645px, 100vw\" alt=\"Og\u00fcn Samast'\u0131n yakaland\u0131ktan birka\u00e7 g\u00fcn sonra baz\u0131 polis memurlar\u0131yla birlikte T\u00fcrkiye bayra\u011f\u0131 \u00f6n\u00fcnde \u00e7ekilmi\u015f g\u00f6r\u00fcnt\u00fcleri yay\u0131mland\u0131\" width=\"624\" height=\"346\" \/><\/picture><\/div>\n<p class=\"bbc-1s1cxbv etq3yw90\" role=\"text\"><em><span class=\"bbc-1gnhmg2 e1yt7oin0\">KAYNAK,<\/span><span lang=\"en-GB\">DHA<\/span><\/em><\/p>\n<\/div>\n<\/div>\n<div class=\"bbc-3edg7g e57qer20\" dir=\"ltr\"><\/div>\n<\/div>\n<\/div><figcaption class=\"bbc-1t9zlwf eede9f50\" dir=\"ltr\"><em><span class=\"bbc-1gnhmg2 e1yt7oin0\">Foto\u011fraf alt\u0131 yaz\u0131s\u0131, <\/span><span style=\"letter-spacing: 0.05em;\">Og\u00fcn Samast&#8217;\u0131n yakaland\u0131ktan birka\u00e7 g\u00fcn sonra baz\u0131 polis memurlar\u0131yla birlikte T\u00fcrkiye bayra\u011f\u0131 \u00f6n\u00fcnde \u00e7ekilmi\u015f g\u00f6r\u00fcnt\u00fcleri yay\u0131mland\u0131<\/span><\/em><\/figcaption><\/figure>\n<\/div>\n<div class=\"bbc-19j92fr e57qer20\" dir=\"ltr\">\n<h2 id=\"Dava-s\u00fcrecinde-neler-ya\u015fand\u0131\" class=\"bbc-l3e97o e14hemmw0\" tabindex=\"-1\">Dava s\u00fcrecinde neler ya\u015fand\u0131?<\/h2>\n<\/div>\n<div class=\"bbc-19j92fr e57qer20\" dir=\"ltr\">\n<p class=\"bbc-bm53ic e1cc2ql70\" dir=\"ltr\">Dink suikast\u0131yla ilgili yarg\u0131 s\u00fcreci Nisan 2007&#8217;de ba\u015flad\u0131 ve ilk duru\u015fma 2 Temmuz 2007 tarihinde, o s\u0131rada \u0130stanbul&#8217;un Be\u015fikta\u015f il\u00e7esinde bulunan 14&#8217;\u00fcnc\u00fc A\u011f\u0131r Ceza Mahkemesi&#8217;nde g\u00f6r\u00fcld\u00fc.<\/p>\n<\/div>\n<div class=\"bbc-19j92fr e57qer20\" dir=\"ltr\">\n<p class=\"bbc-bm53ic e1cc2ql70\" dir=\"ltr\">\u0130lk etapta 12&#8217;si tutuklu 18 ki\u015finin yarg\u0131lanmas\u0131na ba\u015fland\u0131. 2008 ve 2009 y\u0131llar\u0131nda haz\u0131rlanan ek iddianamelerle san\u0131k say\u0131s\u0131 20&#8217;ye y\u00fckseldi.<\/p>\n<\/div>\n<div class=\"bbc-19j92fr e57qer20\" dir=\"ltr\">\n<p class=\"bbc-bm53ic e1cc2ql70\" dir=\"ltr\">Bu dava, Ocak 2012&#8217;de h\u00fckme ba\u011fland\u0131.<\/p>\n<\/div>\n<div class=\"bbc-19j92fr e57qer20\" dir=\"ltr\">\n<p class=\"bbc-bm53ic e1cc2ql70\" dir=\"ltr\">San\u0131klardan Yasin Hayal, &#8220;tasarlayarak \u00f6ld\u00fcrmeye azmettirmek&#8221; su\u00e7undan a\u011f\u0131rla\u015ft\u0131r\u0131lm\u0131\u015f m\u00fcebbet hapis cezas\u0131na \u00e7arpt\u0131r\u0131ld\u0131. Erhan Tuncel de 10 y\u0131l 6 ay hapis cezas\u0131 ald\u0131 ve cezaevinde cezas\u0131n\u0131 doldurdu\u011funa h\u00fckmedilerek tahliyesine karar verildi.<\/p>\n<\/div>\n<div class=\"bbc-19j92fr e57qer20\" dir=\"ltr\">\n<p class=\"bbc-bm53ic e1cc2ql70\" dir=\"ltr\">Yasin Hayal, yarg\u0131 s\u00fcreci boyunca, kamuoyu taraf\u0131ndan yak\u0131ndan bilinen baz\u0131 ba\u015fka ki\u015fileri de tehdit etmi\u015fti.<\/p>\n<\/div>\n<div class=\"bbc-19j92fr e57qer20\" dir=\"ltr\">\n<p class=\"bbc-bm53ic e1cc2ql70\" dir=\"ltr\">Og\u00fcn Samast ise su\u00e7 i\u015fledi\u011fi s\u0131rada 17 ya\u015f\u0131nda oldu\u011fu i\u00e7in \u00e7ocuk mahkemesinde yarg\u0131land\u0131.<\/p>\n<\/div>\n<div class=\"bbc-19j92fr e57qer20\" dir=\"ltr\">\n<p class=\"bbc-bm53ic e1cc2ql70\" dir=\"ltr\">Samast, Temmuz 2011&#8217;de \u00e7\u0131kan kararda, &#8220;tasarlayarak adam \u00f6ld\u00fcrmek&#8221; ve &#8220;ruhsats\u0131z silah bulundurmak&#8221; su\u00e7lar\u0131ndan 22 y\u0131l 10 hapis cezas\u0131 ald\u0131.<\/p>\n<\/div>\n<div class=\"bbc-19j92fr e57qer20\" dir=\"ltr\">\n<p class=\"bbc-bm53ic e1cc2ql70\" dir=\"ltr\">Ancak ana davada san\u0131klar\u0131n tamam\u0131 &#8220;silahl\u0131 ter\u00f6r \u00f6rg\u00fct\u00fc \u00fcyeli\u011fi&#8221; su\u00e7undan beraat etti.<\/p>\n<\/div>\n<div class=\"bbc-19j92fr e57qer20\" dir=\"ltr\">\n<p class=\"bbc-bm53ic e1cc2ql70\" dir=\"ltr\">Dink ailesinin avukat\u0131 Fethiye \u00c7etin, karar duru\u015fmas\u0131n\u0131n ard\u0131ndan gazetecilere yapt\u0131\u011f\u0131 a\u00e7\u0131klamada, &#8220;Cinayetin \u00fczerinden be\u015f y\u0131l ge\u00e7ti. Hrant Dink ne derdi bu karar i\u00e7in: &#8216;Bizimle dalga ge\u00e7iyorlar.&#8217; Dalgan\u0131n en b\u00fcy\u00fc\u011f\u00fcn\u00fc me\u011fer en sona saklam\u0131\u015flar. Me\u011fer Hrant Dink b\u00fct\u00fcn planl\u0131 eylemlerden de\u011fil, 3-5 kendini bilmez taraf\u0131ndan \u00f6ld\u00fcr\u00fclm\u00fc\u015f. Burada \u00f6rg\u00fct yokmu\u015f. Bu kadar\u0131n\u0131 beklemiyorduk&#8221; dedi.<\/p>\n<\/div>\n<div class=\"bbc-19j92fr e57qer20\" dir=\"ltr\">\n<h2 id=\"Yarg\u0131tay-karar\u0131-ve-yeniden-yarg\u0131lama\" class=\"bbc-l3e97o e14hemmw0\" tabindex=\"-1\">Yarg\u0131tay karar\u0131 ve yeniden yarg\u0131lama<\/h2>\n<\/div>\n<div class=\"bbc-19j92fr e57qer20\" dir=\"ltr\">\n<p class=\"bbc-bm53ic e1cc2ql70\" dir=\"ltr\">\u0130stanbul 14&#8217;\u00fcnc\u00fc A\u011f\u0131r Ceza Mahkemesi&#8217;nin karar\u0131, Yarg\u0131tay&#8217;a ta\u015f\u0131nd\u0131.<\/p>\n<\/div>\n<div class=\"bbc-19j92fr e57qer20\" dir=\"ltr\">\n<p class=\"bbc-bm53ic e1cc2ql70\" dir=\"ltr\">May\u0131s 2013&#8217;te davayla ilgili karar\u0131n\u0131 veren Yarg\u0131tay 9&#8217;uncu Ceza Dairesi, &#8220;\u00f6rg\u00fct&#8221; y\u00f6n\u00fcnden verilen beraat karar\u0131n\u0131 bozarak, san\u0131klar\u0131n &#8220;silahl\u0131 ter\u00f6r \u00f6rg\u00fct\u00fc&#8221; de\u011fil, &#8220;su\u00e7 i\u015flemek amac\u0131yla olu\u015fturulan \u00f6rg\u00fct&#8221; \u00fcyesi olduklar\u0131 gerek\u00e7esiyle yeniden yarg\u0131lanmalar\u0131na h\u00fckmetti.<\/p>\n<\/div>\n<div class=\"bbc-19j92fr e57qer20\" dir=\"ltr\">\n<p class=\"bbc-bm53ic e1cc2ql70\" dir=\"ltr\">Bu h\u00fckm\u00fcn ard\u0131ndan davan\u0131n g\u00f6r\u00fclmesine yeniden ba\u015fland\u0131.<\/p>\n<\/div>\n<div class=\"bbc-19j92fr e57qer20\" dir=\"ltr\">\n<p class=\"bbc-bm53ic e1cc2ql70\" dir=\"ltr\">\u0130stanbul&#8217;da devam eden ana davaya ek olarak, Samsun ve Trabzon&#8217;da da emniyet ve jandarma g\u00f6revlileri hakk\u0131nda \u00e7e\u015fitli soru\u015fturmalar ve dava s\u00fcre\u00e7leri y\u00fcr\u00fct\u00fcld\u00fc.<\/p>\n<\/div>\n<div class=\"bbc-19j92fr e57qer20\" dir=\"ltr\">\n<p class=\"bbc-bm53ic e1cc2ql70\" dir=\"ltr\">T\u00fcrkiye B\u00fcy\u00fck Millet Meclisi (TBMM) Hrant Dink Cinayetini Ara\u015ft\u0131rma Komisyonu da yapt\u0131\u011f\u0131 inceleme sonucunda, Trabzon ve \u0130stanbul emniyet birimlerinin ihmali oldu\u011fu y\u00f6n\u00fcnde g\u00f6r\u00fc\u015f bildirdi.<\/p>\n<\/div>\n<div class=\"bbc-1ka88fa e57qer20\" dir=\"ltr\">\n<figure class=\"bbc-1qdcvv9 e6bmn90\">\n<div class=\"bbc-172p16q e57qer20\" dir=\"ltr\">\n<div class=\"bbc-172p16q e57qer20\" dir=\"ltr\">\n<div class=\"bbc-189y18v e57qer20\" dir=\"ltr\">\n<div class=\"bbc-997y1y e1whu0\" data-e2e=\"image-placeholder\">\n<div class=\"lazyload-wrapper \"><picture class=\"bbc-yfiktt e1enwo3v1\"><source srcset=\"https:\/\/ichef.bbci.co.uk\/news\/240\/cpsprodpb\/3BB6\/production\/_116568251_fe5f8fe8-cdd3-458d-ab9c-7675f89a3c6e.jpg.webp 240w, https:\/\/ichef.bbci.co.uk\/news\/320\/cpsprodpb\/3BB6\/production\/_116568251_fe5f8fe8-cdd3-458d-ab9c-7675f89a3c6e.jpg.webp 320w, https:\/\/ichef.bbci.co.uk\/news\/480\/cpsprodpb\/3BB6\/production\/_116568251_fe5f8fe8-cdd3-458d-ab9c-7675f89a3c6e.jpg.webp 480w, https:\/\/ichef.bbci.co.uk\/news\/624\/cpsprodpb\/3BB6\/production\/_116568251_fe5f8fe8-cdd3-458d-ab9c-7675f89a3c6e.jpg.webp 624w, https:\/\/ichef.bbci.co.uk\/news\/750\/cpsprodpb\/3BB6\/production\/_116568251_fe5f8fe8-cdd3-458d-ab9c-7675f89a3c6e.jpg.webp 750w\" type=\"image\/webp\" \/><source srcset=\"https:\/\/ichef.bbci.co.uk\/news\/240\/cpsprodpb\/3BB6\/production\/_116568251_fe5f8fe8-cdd3-458d-ab9c-7675f89a3c6e.jpg 240w, https:\/\/ichef.bbci.co.uk\/news\/320\/cpsprodpb\/3BB6\/production\/_116568251_fe5f8fe8-cdd3-458d-ab9c-7675f89a3c6e.jpg 320w, https:\/\/ichef.bbci.co.uk\/news\/480\/cpsprodpb\/3BB6\/production\/_116568251_fe5f8fe8-cdd3-458d-ab9c-7675f89a3c6e.jpg 480w, https:\/\/ichef.bbci.co.uk\/news\/624\/cpsprodpb\/3BB6\/production\/_116568251_fe5f8fe8-cdd3-458d-ab9c-7675f89a3c6e.jpg 624w, https:\/\/ichef.bbci.co.uk\/news\/750\/cpsprodpb\/3BB6\/production\/_116568251_fe5f8fe8-cdd3-458d-ab9c-7675f89a3c6e.jpg 750w\" type=\"image\/jpeg\" \/><img loading=\"lazy\" decoding=\"async\" class=\"eehpdyc0 bbc-rb7xa0 e1enwo3v0\" src=\"https:\/\/ichef.bbci.co.uk\/news\/640\/cpsprodpb\/3BB6\/production\/_116568251_fe5f8fe8-cdd3-458d-ab9c-7675f89a3c6e.jpg\" sizes=\"auto, (min-width: 1008px) 645px, 100vw\" alt=\"Yasin Hayal\" width=\"750\" height=\"422\" \/><\/picture><\/div>\n<p class=\"bbc-1s1cxbv etq3yw90\" role=\"text\"><em><span class=\"bbc-1gnhmg2 e1yt7oin0\">KAYNAK,<\/span><span lang=\"en-GB\">DHA<\/span><\/em><\/p>\n<\/div>\n<\/div>\n<\/div>\n<\/div><figcaption class=\"bbc-1t9zlwf eede9f50\" dir=\"ltr\"><em><span class=\"bbc-1gnhmg2 e1yt7oin0\">Foto\u011fraf alt\u0131 yaz\u0131s\u0131,<\/span><\/em><em>Yasin Hayal<\/em><\/figcaption><\/figure>\n<\/div>\n<div class=\"bbc-19j92fr e57qer20\" dir=\"ltr\">\n<h2 id=\"Son-yarg\u0131-s\u00fcrecine-nas\u0131l-gelindi\" class=\"bbc-l3e97o e14hemmw0\" tabindex=\"-1\">Son yarg\u0131 s\u00fcrecine nas\u0131l gelindi?<\/h2>\n<\/div>\n<div class=\"bbc-19j92fr e57qer20\" dir=\"ltr\">\n<p class=\"bbc-bm53ic e1cc2ql70\" dir=\"ltr\">Cinayetten hemen sonra, suikast \u00f6ncesinde Dink&#8217;in \u00f6ld\u00fcr\u00fclece\u011fine dair baz\u0131 istihbarat\u0131n g\u00fcvenlik g\u00fc\u00e7leriyle payla\u015f\u0131ld\u0131\u011f\u0131 y\u00f6n\u00fcnde iddialar ortaya at\u0131ld\u0131.<\/p>\n<\/div>\n<div class=\"bbc-19j92fr e57qer20\" dir=\"ltr\">\n<p class=\"bbc-bm53ic e1cc2ql70\" dir=\"ltr\">Cinayet davas\u0131n\u0131n san\u0131klar\u0131ndan Erhan Tuncel&#8217;in \u015eubat 2006&#8217;da, Yasin Hayal&#8217;in Dink&#8217;i \u00f6ld\u00fcrmeyi planlad\u0131\u011f\u0131 y\u00f6n\u00fcndeki bilgiyi Trabzon Emniyet M\u00fcd\u00fcrl\u00fc\u011f\u00fc&#8217;ne iletti\u011fi ve bunun da Emniyet Genel M\u00fcd\u00fcrl\u00fc\u011f\u00fc ve \u0130stanbul Emniyet M\u00fcd\u00fcrl\u00fc\u011f\u00fc ile payla\u015f\u0131ld\u0131\u011f\u0131 \u00f6ne s\u00fcr\u00fcld\u00fc.<\/p>\n<\/div>\n<div class=\"bbc-19j92fr e57qer20\" dir=\"ltr\">\n<p class=\"bbc-bm53ic e1cc2ql70\" dir=\"ltr\">Bu geli\u015fmeler \u00fczerine, \u0130\u00e7i\u015fleri Bakanl\u0131\u011f\u0131, Dink ailesinin \u015fik\u00e2yeti ve bas\u0131nda \u00e7\u0131kan haberler \u00fczerine soru\u015fturma ba\u015flatt\u0131.<\/p>\n<\/div>\n<div class=\"bbc-19j92fr e57qer20\" dir=\"ltr\">\n<p class=\"bbc-bm53ic e1cc2ql70\" dir=\"ltr\">Ancak \u00fcst d\u00fczey emniyet ve jandarma yetkilileri hakk\u0131nda soru\u015fturma ba\u015flatma izinleri uzun bir s\u00fcre \u00e7\u0131kar\u0131lmad\u0131.<\/p>\n<\/div>\n<div class=\"bbc-19j92fr e57qer20\" dir=\"ltr\">\n<p class=\"bbc-bm53ic e1cc2ql70\" dir=\"ltr\">Ayr\u0131ca davada aralar\u0131nda d\u00f6nemin \u0130stanbul Emniyet M\u00fcd\u00fcr\u00fc Celalettin Cerrah&#8217;\u0131n da bulundu\u011fu \u0130stanbul&#8217;daki g\u00f6revlilerin tan\u0131k olarak dinlenmesi talepleri de kabul edilmedi.<\/p>\n<\/div>\n<div class=\"bbc-19j92fr e57qer20\" dir=\"ltr\">\n<p class=\"bbc-bm53ic e1cc2ql70\" dir=\"ltr\">Dink ailesi, yarg\u0131lama s\u00fcreci devam ederken, konuyu Avrupa \u0130nsan Haklar\u0131 Mahkemesi&#8217;ne (A\u0130HM) g\u00f6t\u00fcrd\u00fc.<\/p>\n<\/div>\n<div class=\"bbc-19j92fr e57qer20\" dir=\"ltr\">\n<p class=\"bbc-bm53ic e1cc2ql70\" dir=\"ltr\">Avrupa \u0130nsan Haklar\u0131 Mahkemesi (A\u0130HM), bu ba\u015fvuruda &#8220;i\u00e7 hukuk yollar\u0131n\u0131n t\u00fcketilmi\u015f olmas\u0131&#8221; \u015fart\u0131 konusunda bir istisna yaparak, davay\u0131 ele ald\u0131.<\/p>\n<\/div>\n<div class=\"bbc-19j92fr e57qer20\" dir=\"ltr\">\n<p class=\"bbc-bm53ic e1cc2ql70\" dir=\"ltr\">\u015eubat 2010&#8217;da verilen kararda, cinayette kamu g\u00f6revlilerinin rol\u00fcne dair &#8220;etkin bir soru\u015fturma&#8221; y\u00fcr\u00fct\u00fclmedi\u011fine h\u00fckmedildi.<\/p>\n<\/div>\n<div class=\"bbc-19j92fr e57qer20\" dir=\"ltr\">\n<p class=\"bbc-bm53ic e1cc2ql70\" dir=\"ltr\">Nisan 2013&#8217;te yap\u0131lan, yarg\u0131 sistemine y\u00f6nelik de\u011fi\u015fiklikler kapsam\u0131nda, A\u0130HM&#8217;in &#8220;etkin bir soru\u015fturma y\u00fcr\u00fct\u00fclmedi\u011fine&#8221; h\u00fckmetti\u011fi davalarla ilgili soru\u015fturma a\u00e7\u0131lmas\u0131na izin verildi.<\/p>\n<\/div>\n<div class=\"bbc-19j92fr e57qer20\" dir=\"ltr\">\n<p class=\"bbc-bm53ic e1cc2ql70\" dir=\"ltr\">Tekrar soru\u015fturma a\u00e7\u0131ld\u0131, ancak savc\u0131l\u0131\u011f\u0131n ve savunma makam\u0131n\u0131n kar\u015f\u0131l\u0131kl\u0131 itirazlar\u0131yla s\u00fcre\u00e7te uzamalar ya\u015fand\u0131.<\/p>\n<\/div>\n<div class=\"bbc-19j92fr e57qer20\" dir=\"ltr\">\n<p class=\"bbc-bm53ic e1cc2ql70\" dir=\"ltr\">Sonunda da Adalet Bakanl\u0131\u011f\u0131&#8217;n\u0131n 2014 y\u0131l\u0131 ortalar\u0131nda ald\u0131\u011f\u0131 kararla emniyet ve jandarma istihbarat yetkilileri i\u00e7in de yarg\u0131 yolu a\u00e7\u0131ld\u0131.<\/p>\n<\/div>\n<div class=\"bbc-19j92fr e57qer20\" dir=\"ltr\">\n<p class=\"bbc-bm53ic e1cc2ql70\" dir=\"ltr\">2015 y\u0131l\u0131nda da farkl\u0131 illerde y\u00fcr\u00fct\u00fclen ve kamu g\u00f6revlileri hakk\u0131nda a\u00e7\u0131lanlar\u0131n da oldu\u011fu farkl\u0131 soru\u015fturma dosyalar\u0131 \u0130stanbul&#8217;da birle\u015ftirildi.<\/p>\n<\/div>\n<div class=\"bbc-1ka88fa e57qer20\" dir=\"ltr\">\n<figure class=\"bbc-1qdcvv9 e6bmn90\">\n<div class=\"bbc-172p16q e57qer20\" dir=\"ltr\">\n<div class=\"bbc-172p16q e57qer20\" dir=\"ltr\">\n<div class=\"bbc-189y18v e57qer20\" dir=\"ltr\">\n<div class=\"bbc-997y1y e1whu0\" data-e2e=\"image-placeholder\">\n<div class=\"lazyload-wrapper \"><picture class=\"bbc-yfiktt e1enwo3v1\"><source srcset=\"https:\/\/ichef.bbci.co.uk\/news\/240\/cpsprodpb\/89D6\/production\/_116568253_c7329043-094a-46e0-8b32-b621a8b84d52.jpg.webp 240w, https:\/\/ichef.bbci.co.uk\/news\/320\/cpsprodpb\/89D6\/production\/_116568253_c7329043-094a-46e0-8b32-b621a8b84d52.jpg.webp 320w, https:\/\/ichef.bbci.co.uk\/news\/480\/cpsprodpb\/89D6\/production\/_116568253_c7329043-094a-46e0-8b32-b621a8b84d52.jpg.webp 480w, https:\/\/ichef.bbci.co.uk\/news\/624\/cpsprodpb\/89D6\/production\/_116568253_c7329043-094a-46e0-8b32-b621a8b84d52.jpg.webp 624w, https:\/\/ichef.bbci.co.uk\/news\/740\/cpsprodpb\/89D6\/production\/_116568253_c7329043-094a-46e0-8b32-b621a8b84d52.jpg.webp 740w\" type=\"image\/webp\" \/><source srcset=\"https:\/\/ichef.bbci.co.uk\/news\/240\/cpsprodpb\/89D6\/production\/_116568253_c7329043-094a-46e0-8b32-b621a8b84d52.jpg 240w, https:\/\/ichef.bbci.co.uk\/news\/320\/cpsprodpb\/89D6\/production\/_116568253_c7329043-094a-46e0-8b32-b621a8b84d52.jpg 320w, https:\/\/ichef.bbci.co.uk\/news\/480\/cpsprodpb\/89D6\/production\/_116568253_c7329043-094a-46e0-8b32-b621a8b84d52.jpg 480w, https:\/\/ichef.bbci.co.uk\/news\/624\/cpsprodpb\/89D6\/production\/_116568253_c7329043-094a-46e0-8b32-b621a8b84d52.jpg 624w, https:\/\/ichef.bbci.co.uk\/news\/740\/cpsprodpb\/89D6\/production\/_116568253_c7329043-094a-46e0-8b32-b621a8b84d52.jpg 740w\" type=\"image\/jpeg\" \/><img loading=\"lazy\" decoding=\"async\" class=\"eehpdyc0 bbc-rb7xa0 e1enwo3v0\" src=\"https:\/\/ichef.bbci.co.uk\/news\/640\/cpsprodpb\/89D6\/production\/_116568253_c7329043-094a-46e0-8b32-b621a8b84d52.jpg\" sizes=\"auto, (min-width: 1008px) 645px, 100vw\" alt=\"Erhan Tuncel\" width=\"740\" height=\"460\" \/><\/picture><\/div>\n<p class=\"bbc-1s1cxbv etq3yw90\" role=\"text\"><em><span class=\"bbc-1gnhmg2 e1yt7oin0\">KAYNAK,<\/span><span lang=\"en-GB\">DHA<\/span><\/em><\/p>\n<\/div>\n<\/div>\n<\/div>\n<\/div><figcaption class=\"bbc-1t9zlwf eede9f50\" dir=\"ltr\"><em><span class=\"bbc-1gnhmg2 e1yt7oin0\">Foto\u011fraf alt\u0131 yaz\u0131s\u0131,<\/span><\/em><em>Erhan Tuncel<\/em><\/figcaption><\/figure>\n<\/div>\n<div class=\"bbc-19j92fr e57qer20\" dir=\"ltr\">\n<h2 id=\"Hayal-Tuncer-ve-Samast\u0131n-ikinci-davas\u0131nda-neler-oldu\" class=\"bbc-l3e97o e14hemmw0\" tabindex=\"-1\">Hayal, Tuncer ve Samast&#8217;\u0131n ikinci davas\u0131nda neler oldu?<\/h2>\n<\/div>\n<div class=\"bbc-19j92fr e57qer20\" dir=\"ltr\">\n<p class=\"bbc-bm53ic e1cc2ql70\" dir=\"ltr\">Bu s\u00fcre\u00e7te &#8220;\u0130ddianamelerin b\u00fct\u00fcnl\u00fc\u011f\u00fcn\u00fcn bozulmamas\u0131, usul ekonomisi ve a\u00e7\u0131lan davalar\u0131n tek\u00e2m\u00fcl etmesi&#8221; gerek\u00e7eleriyle, dokuz san\u0131kla ilgili dosyan\u0131n kamu g\u00f6revlilerinin yarg\u0131lanaca\u011f\u0131 ana dosyadan ayr\u0131ld\u0131\u011f\u0131 ifade edildi.<\/p>\n<\/div>\n<div class=\"bbc-19j92fr e57qer20\" dir=\"ltr\">\n<p class=\"bbc-bm53ic e1cc2ql70\" dir=\"ltr\">Erhan Tuncel, Yasin Hayal ve Og\u00fcn Samast&#8217;\u0131n da aralar\u0131nda bulundu\u011fu dokuz san\u0131k hakk\u0131ndaki karar A\u011fustos 2019&#8217;da a\u00e7\u0131kland\u0131.<\/p>\n<\/div>\n<div class=\"bbc-19j92fr e57qer20\" dir=\"ltr\">\n<p class=\"bbc-bm53ic e1cc2ql70\" dir=\"ltr\">\u0130stanbul 14. A\u011f\u0131r Ceza Mahkemesi bu davada Erhan Tuncel&#8217;e 99 y\u0131l 6 ay, Yasin Hayal&#8217;e 7 y\u0131l 6 ay, Og\u00fcn Samast&#8217;a ise 2 y\u0131l 6 ay hapis cezas\u0131 verdi. Erhan Tuncel h\u00fck\u00fcmle birlikte tutuklanarak cezaevine g\u00f6nderildi. \u0130ki ki\u015fi hakk\u0131nda beraat karar\u0131 verilen davada di\u011fer 4 san\u0131k da \u00e7e\u015fitli hapis cezalar\u0131na \u00e7arpt\u0131r\u0131ld\u0131lar.<\/p>\n<\/div>\n<div class=\"bbc-19j92fr e57qer20\" dir=\"ltr\">\n<p class=\"bbc-bm53ic e1cc2ql70\" dir=\"ltr\">Gerek\u00e7eli kararda, davada 24 Ekim 2004&#8217;te Trabzon McDonalds&#8217;a y\u00f6nelik bombal\u0131 sald\u0131r\u0131, 19 Ocak 2007&#8217;de Hrant Dink&#8217;in \u00f6ld\u00fcr\u00fclmesi ve 24 Ocak 2007&#8217;de ma\u011fdur Orhan Pamuk&#8217;un tehdit edilmesi eylemlerinin incelendi\u011fi belirtildi.<\/p>\n<\/div>\n<div class=\"bbc-19j92fr e57qer20\" dir=\"ltr\">\n<p class=\"bbc-bm53ic e1cc2ql70\" dir=\"ltr\">Kararda, &#8220;Yasin Hayal&#8217;in siyasi saiklerle su\u00e7 i\u015flemek i\u00e7in olu\u015fturdu\u011fu te\u015fekk\u00fcl\u00fcn, zaman i\u00e7erisinde di\u011fer san\u0131klar\u0131n da kat\u0131l\u0131m\u0131yla, belirsiz t\u00fcr ve say\u0131da su\u00e7lar\u0131 i\u015flemek \u00fczere, s\u00fcreklilik g\u00f6steren, hiyerar\u015fik d\u00fczen i\u00e7erisinde \u00e7al\u0131\u015fan ve i\u015f b\u00f6l\u00fcm\u00fcne dayal\u0131 \u00f6rg\u00fctsel bir yap\u0131ya d\u00f6n\u00fc\u015ft\u00fc\u011f\u00fc anla\u015f\u0131lm\u0131\u015ft\u0131r&#8221; denildi.<\/p>\n<\/div>\n<div class=\"bbc-19j92fr e57qer20\" dir=\"ltr\">\n<p class=\"bbc-bm53ic e1cc2ql70\" dir=\"ltr\">San\u0131klardan Erhan Tuncel de &#8220;Tasarlayarak ve bomba kullanarak kasten \u00f6ld\u00fcrmeye te\u015febb\u00fcs, mala zarar vermek, silahl\u0131 su\u00e7 \u00f6rg\u00fct\u00fcne \u00fcye olmak ve kasten \u00f6ld\u00fcrmeye yard\u0131m&#8221; su\u00e7lar\u0131ndan toplam 99 y\u0131l 6 ay hapisle cezaland\u0131r\u0131ld\u0131.<\/p>\n<\/div>\n<div class=\"bbc-19j92fr e57qer20\" dir=\"ltr\">\n<p class=\"bbc-bm53ic e1cc2ql70\" dir=\"ltr\">San\u0131klardan Og\u00fcn Samast&#8217;\u0131n da \u00f6rg\u00fct lideri san\u0131k Yasin Hayal&#8217;in olu\u015fturdu\u011fu su\u00e7 \u00f6rg\u00fct\u00fcne dahil olarak \u00f6rg\u00fct menfaatine faaliyetlerde bulundu\u011fu belirtildi.<\/p>\n<\/div>\n<div class=\"bbc-19j92fr e57qer20\" dir=\"ltr\">\n<h2 id=\"Kamu-g\u00f6revlileri-ile-ilgili-iddialar-neler\" class=\"bbc-l3e97o e14hemmw0\" tabindex=\"-1\">Kamu g\u00f6revlileri ile ilgili iddialar neler?<\/h2>\n<\/div>\n<div class=\"bbc-19j92fr e57qer20\" dir=\"ltr\">\n<p class=\"bbc-bm53ic e1cc2ql70\" dir=\"ltr\">Cinayeti izleyen y\u0131llarda kamu g\u00f6revlilerinin Dink&#8217;e y\u00f6nelik tehditler kar\u015f\u0131s\u0131nda ihmalleri oldu\u011fu ve hatta cinayete g\u00f6z yumduklar\u0131 konusunda \u00e7e\u015fitli iddialar ortaya at\u0131ld\u0131 ve bunlarla ilgili farkl\u0131 soru\u015fturmalar y\u00fcr\u00fct\u00fcld\u00fc.<\/p>\n<\/div>\n<div class=\"bbc-19j92fr e57qer20\" dir=\"ltr\">\n<p class=\"bbc-bm53ic e1cc2ql70\" dir=\"ltr\">Hrant Dink, \u00f6ld\u00fcr\u00fcld\u00fc\u011f\u00fc g\u00fcn \u00e7\u0131kan Agos Gazetesi&#8217;nde yay\u0131mlanan son yaz\u0131s\u0131nda, T\u00fcrk Ceza Kanunu&#8217;nun &#8220;T\u00fcrkl\u00fc\u011f\u00fc a\u015fa\u011f\u0131lamak&#8221; su\u00e7unu i\u00e7eren tart\u0131\u015fmal\u0131 301&#8217;inci maddesi uyar\u0131nca ceza almas\u0131ndan sonra kendisine \u00e7e\u015fitli tehditler geldi\u011fini yazm\u0131\u015f ve ruh halini de &#8220;g\u00fcvercin tedirginli\u011fi&#8221; olarak tan\u0131mlam\u0131\u015ft\u0131.<\/p>\n<\/div>\n<div class=\"bbc-19j92fr e57qer20\" dir=\"ltr\">\n<p class=\"bbc-bm53ic e1cc2ql70\" dir=\"ltr\">Dink, \u00f6ld\u00fcr\u00fcld\u00fc\u011f\u00fc g\u00fcnlerde, 301&#8217;inci maddeden ald\u0131\u011f\u0131 ve ertelenen 6 ayl\u0131k hapis cezas\u0131yla ilgili karar\u0131 A\u0130HM&#8217;e g\u00f6t\u00fcrmeye haz\u0131rlan\u0131yordu.<\/p>\n<\/div>\n<div class=\"bbc-19j92fr e57qer20\" dir=\"ltr\">\n<p class=\"bbc-bm53ic e1cc2ql70\" dir=\"ltr\">Hrant Dink, yine \u00f6ld\u00fcr\u00fclmeden k\u0131sa bir s\u00fcre \u00f6nce, 2004 y\u0131l\u0131nda T\u00fcrkiye&#8217;nin ilk kad\u0131n sava\u015f pilotu Sabiha G\u00f6k\u00e7en&#8217;in Ermeni as\u0131ll\u0131 oldu\u011fu y\u00f6n\u00fcnde Agos&#8217;ta yay\u0131mlanan haberle ilgili olarak, d\u00f6nemin \u0130stanbul Vali Yard\u0131mc\u0131s\u0131 Ergun G\u00fcng\u00f6r&#8217;\u00fcn kendisini elindeki belgelerle birlikte makam\u0131na \u00e7a\u011f\u0131rd\u0131\u011f\u0131n\u0131 belirtmi\u015fti.<\/p>\n<\/div>\n<div class=\"bbc-19j92fr e57qer20\" dir=\"ltr\">\n<p class=\"bbc-bm53ic e1cc2ql70\" dir=\"ltr\">Dink, o d\u00f6nemde odada biri kad\u0131n, \u00fc\u00e7 ki\u015finin daha oldu\u011funu belirterek, &#8220;Belgeleri isteyip istemediklerini onlara ben an\u0131msatt\u0131m ve verdim. Zaten de konu\u015fmalar\u0131n i\u00e7eri\u011finden, beni hangi ama\u00e7la oraya \u00e7a\u011f\u0131rd\u0131klar\u0131 belliydi. Haddimi bilmeliydim&#8230; Dikkatli olmal\u0131yd\u0131m&#8230; Yoksa iyi olmazd\u0131!&#8221; diye yazm\u0131\u015ft\u0131.<\/p>\n<\/div>\n<div class=\"bbc-19j92fr e57qer20\" dir=\"ltr\">\n<p class=\"bbc-bm53ic e1cc2ql70\" dir=\"ltr\">Eski Vali G\u00fcng\u00f6r daha sonra 2014 y\u0131l\u0131nda savc\u0131l\u0131kta verdi\u011fi ifadede, Dink&#8217;in bu g\u00f6r\u00fc\u015fmede tehdit edilmedi\u011fini, &#8220;toplumsal infial konusunda uyar\u0131ld\u0131\u011f\u0131n\u0131&#8221; s\u00f6yledi.<\/p>\n<\/div>\n<div class=\"bbc-19j92fr e57qer20\" dir=\"ltr\">\n<p class=\"bbc-bm53ic e1cc2ql70\" dir=\"ltr\">Daha sonra tekrar g\u00f6r\u00fclmeye ba\u015flayan davada, \u015eubat 2017&#8217;de eski Vali G\u00fcng\u00f6r ve o g\u00f6r\u00fc\u015fmede oldu\u011fu anla\u015f\u0131lan Milli \u0130stihbarat Te\u015fkilat\u0131 (M\u0130T) g\u00f6revlilerinin tan\u0131k olarak dinlenmesi talebi ise reddedildi.<\/p>\n<\/div>\n<div class=\"bbc-19j92fr e57qer20\" dir=\"ltr\">\n<p class=\"bbc-bm53ic e1cc2ql70\" dir=\"ltr\">Kamu g\u00f6revlilerinin rol\u00fcyle ilgili en ciddi iddialar\u0131n baz\u0131lar\u0131 cinayetten hemen sonra ortaya at\u0131lm\u0131\u015ft\u0131.<\/p>\n<\/div>\n<div class=\"bbc-19j92fr e57qer20\" dir=\"ltr\">\n<p class=\"bbc-bm53ic e1cc2ql70\" dir=\"ltr\">Bir televizyon kanal\u0131, Samast&#8217;\u0131n yakaland\u0131ktan sonra baz\u0131 polis memurlar\u0131yla T\u00fcrkiye bayra\u011f\u0131 \u00f6n\u00fcnde g\u00fcl\u00fcmseyerek foto\u011fraf \u00e7ektirdi\u011fi g\u00f6r\u00fcnt\u00fcleri yay\u0131mlad\u0131.<\/p>\n<\/div>\n<div class=\"bbc-19j92fr e57qer20\" dir=\"ltr\">\n<p class=\"bbc-bm53ic e1cc2ql70\" dir=\"ltr\">Bu polis memurlar\u0131, daha sonra ana davan\u0131n san\u0131klar\u0131 aras\u0131nda yer ald\u0131.<\/p>\n<\/div>\n<div class=\"bbc-19j92fr e57qer20\" dir=\"ltr\">\n<p class=\"bbc-bm53ic e1cc2ql70\" dir=\"ltr\">Ayr\u0131ca davan\u0131n \u00f6nemli isimlerinden Erhan Tuncel&#8217;in, Dink&#8217;in Yasin Hayal taraf\u0131ndan \u00f6ld\u00fcr\u00fclece\u011fini \u015eubat 2006&#8217;da polise bildirdi\u011fi ve Trabzon Emniyet M\u00fcd\u00fcrl\u00fc\u011f\u00fc&#8217;n\u00fcn de durumu Emniyet Genel M\u00fcd\u00fcrl\u00fc\u011f\u00fc ile \u0130stanbul Emniyet M\u00fcd\u00fcrl\u00fc\u011f\u00fc&#8217;ne iletti\u011fi tespit edilmi\u015fti.<\/p>\n<\/div>\n<div class=\"bbc-19j92fr e57qer20\" dir=\"ltr\">\n<p class=\"bbc-bm53ic e1cc2ql70\" dir=\"ltr\">Yarg\u0131lama s\u00fcrecinde cinayetin azmettiricisi olarak yarg\u0131lanan Yasin Hayal&#8217;in eni\u015ftesi olan, ve daha sonra jandarma istihbarat eleman\u0131 oldu\u011fu anla\u015f\u0131lan Co\u015fkun \u0130\u011fci de Temmuz 2006&#8217;da Dink&#8217;i \u00f6ld\u00fcrme planlar\u0131n\u0131 jandarma istihbarat personellerine aktard\u0131\u011f\u0131n\u0131 \u00f6ne s\u00fcrd\u00fc.<\/p>\n<\/div>\n<div class=\"bbc-19j92fr e57qer20\" dir=\"ltr\">\n<p class=\"bbc-bm53ic e1cc2ql70\" dir=\"ltr\">Dink ailesinin avukatlar\u0131, s\u00fcrecin ba\u015f\u0131ndan bu yana soru\u015fturman\u0131n \u00fcst d\u00fczey kamu g\u00f6revlilerini de i\u00e7ine alacak \u015fekilde geni\u015fletilmesi gerekti\u011fini savunuyordu.<\/p>\n<p><em><strong>https:\/\/www.bbc.com\/turkce\/haberler-turkiye-51167302\u00a0<\/strong><\/em><\/p>\n<\/div>\n","protected":false},"excerpt":{"rendered":"<p>Agos Gazetesi Genel Yay\u0131n Y\u00f6netmeni Hrant Dink, 19 Ocak 2007&#8217;de o zamanki gazete binas\u0131 \u00f6n\u00fcnde ba\u015f\u0131ndan vurularak \u00f6ld\u00fcr\u00fclm\u00fc\u015ft\u00fc. Dink bug\u00fcn vuruldu\u011fu yerde, Pangalt\u0131 Sebat Apartman\u0131 \u00f6n\u00fcnde, farkl\u0131 \u00fclke ve \u015fehirlerde d\u00fczenlenen t\u00f6renlerle an\u0131ld\u0131. Dink&#8217;in \u00f6ld\u00fcr\u00fcld\u00fc\u011f\u00fc noktaya karanfiller b\u0131rak\u0131ld\u0131, mumlar yak\u0131ld\u0131. T\u00f6ren \u00f6ncesi T\u00fcrk\u00e7e ve Ermenice \u015fark\u0131lar \u00e7al\u0131nd\u0131. T\u00f6rende &#8220;Fa\u015fizme inat karde\u015fimsiz Hrant&#8221;, &#8220;Ya\u015fas\u0131n halklar\u0131n karde\u015fli\u011fi&#8221; [&hellip;]<\/p>\n","protected":false},"author":7,"featured_media":66696,"comment_status":"open","ping_status":"open","sticky":false,"template":"","format":"standard","meta":{"footnotes":""},"categories":[1],"tags":[],"class_list":["post-66695","post","type-post","status-publish","format-standard","has-post-thumbnail","hentry","category-haberler"],"yoast_head":"<!-- This site is optimized with the Yoast SEO plugin v27.4 - https:\/\/yoast.com\/product\/yoast-seo-wordpress\/ -->\n<title>Hrant Dink \u00f6ld\u00fcr\u00fcl\u00fc\u015f\u00fcn\u00fcn 15. y\u0131l\u0131nda an\u0131l\u0131yor: Hukuki s\u00fcre\u00e7 hangi a\u015famada? - Bati Ermenistan Ve Bati Ermenileri Sorunlari Ara\u015ftirmalar Merkezi<\/title>\n<meta name=\"robots\" content=\"index, follow, max-snippet:-1, max-image-preview:large, max-video-preview:-1\" \/>\n<link rel=\"canonical\" href=\"https:\/\/akunq.net\/tr\/?p=66695\" \/>\n<meta property=\"og:locale\" content=\"en_US\" \/>\n<meta property=\"og:type\" content=\"article\" \/>\n<meta property=\"og:title\" content=\"Hrant Dink \u00f6ld\u00fcr\u00fcl\u00fc\u015f\u00fcn\u00fcn 15. y\u0131l\u0131nda an\u0131l\u0131yor: Hukuki s\u00fcre\u00e7 hangi a\u015famada? - Bati Ermenistan Ve Bati Ermenileri Sorunlari Ara\u015ftirmalar Merkezi\" \/>\n<meta property=\"og:description\" content=\"Agos Gazetesi Genel Yay\u0131n Y\u00f6netmeni Hrant Dink, 19 Ocak 2007&#8217;de o zamanki gazete binas\u0131 \u00f6n\u00fcnde ba\u015f\u0131ndan vurularak \u00f6ld\u00fcr\u00fclm\u00fc\u015ft\u00fc. Dink bug\u00fcn vuruldu\u011fu yerde, Pangalt\u0131 Sebat Apartman\u0131 \u00f6n\u00fcnde, farkl\u0131 \u00fclke ve \u015fehirlerde d\u00fczenlenen t\u00f6renlerle an\u0131ld\u0131. Dink&#8217;in \u00f6ld\u00fcr\u00fcld\u00fc\u011f\u00fc noktaya karanfiller b\u0131rak\u0131ld\u0131, mumlar yak\u0131ld\u0131. T\u00f6ren \u00f6ncesi T\u00fcrk\u00e7e ve Ermenice \u015fark\u0131lar \u00e7al\u0131nd\u0131. T\u00f6rende &#8220;Fa\u015fizme inat karde\u015fimsiz Hrant&#8221;, &#8220;Ya\u015fas\u0131n halklar\u0131n karde\u015fli\u011fi&#8221; [&hellip;]\" \/>\n<meta property=\"og:url\" content=\"https:\/\/akunq.net\/tr\/?p=66695\" \/>\n<meta property=\"og:site_name\" content=\"Bati Ermenistan Ve Bati Ermenileri Sorunlari Ara\u015ftirmalar Merkezi\" \/>\n<meta property=\"article:published_time\" content=\"2022-01-20T07:15:25+00:00\" \/>\n<meta property=\"article:modified_time\" content=\"2022-01-20T07:17:53+00:00\" \/>\n<meta property=\"og:image\" content=\"https:\/\/akunq.net\/tr\/wp-content\/uploads\/sites\/6\/2022\/01\/Dink-4.jpg\" \/>\n\t<meta property=\"og:image:width\" content=\"1024\" \/>\n\t<meta property=\"og:image:height\" content=\"576\" \/>\n\t<meta property=\"og:image:type\" content=\"image\/jpeg\" \/>\n<meta name=\"author\" content=\"admin\" \/>\n<meta name=\"twitter:card\" content=\"summary_large_image\" \/>\n<meta name=\"twitter:label1\" content=\"Written by\" \/>\n\t<meta name=\"twitter:data1\" content=\"admin\" \/>\n\t<meta name=\"twitter:label2\" content=\"Est. reading time\" \/>\n\t<meta name=\"twitter:data2\" content=\"16 minutes\" \/>\n<script type=\"application\/ld+json\" class=\"yoast-schema-graph\">{\"@context\":\"https:\\\/\\\/schema.org\",\"@graph\":[{\"@type\":\"Article\",\"@id\":\"https:\\\/\\\/akunq.net\\\/tr\\\/?p=66695#article\",\"isPartOf\":{\"@id\":\"https:\\\/\\\/akunq.net\\\/tr\\\/?p=66695\"},\"author\":{\"name\":\"admin\",\"@id\":\"https:\\\/\\\/akunq.net\\\/tr\\\/#\\\/schema\\\/person\\\/096f1d38a12cce57fb855b485ed24c9e\"},\"headline\":\"Hrant Dink \u00f6ld\u00fcr\u00fcl\u00fc\u015f\u00fcn\u00fcn 15. y\u0131l\u0131nda an\u0131l\u0131yor: Hukuki s\u00fcre\u00e7 hangi a\u015famada?\",\"datePublished\":\"2022-01-20T07:15:25+00:00\",\"dateModified\":\"2022-01-20T07:17:53+00:00\",\"mainEntityOfPage\":{\"@id\":\"https:\\\/\\\/akunq.net\\\/tr\\\/?p=66695\"},\"wordCount\":3203,\"commentCount\":0,\"image\":{\"@id\":\"https:\\\/\\\/akunq.net\\\/tr\\\/?p=66695#primaryimage\"},\"thumbnailUrl\":\"https:\\\/\\\/akunq.net\\\/tr\\\/wp-content\\\/uploads\\\/sites\\\/6\\\/2022\\\/01\\\/Dink-4.jpg\",\"articleSection\":[\"Haberler\"],\"inLanguage\":\"en-US\",\"potentialAction\":[{\"@type\":\"CommentAction\",\"name\":\"Comment\",\"target\":[\"https:\\\/\\\/akunq.net\\\/tr\\\/?p=66695#respond\"]}]},{\"@type\":\"WebPage\",\"@id\":\"https:\\\/\\\/akunq.net\\\/tr\\\/?p=66695\",\"url\":\"https:\\\/\\\/akunq.net\\\/tr\\\/?p=66695\",\"name\":\"Hrant Dink \u00f6ld\u00fcr\u00fcl\u00fc\u015f\u00fcn\u00fcn 15. y\u0131l\u0131nda an\u0131l\u0131yor: Hukuki s\u00fcre\u00e7 hangi a\u015famada? - Bati Ermenistan Ve Bati Ermenileri Sorunlari Ara\u015ftirmalar Merkezi\",\"isPartOf\":{\"@id\":\"https:\\\/\\\/akunq.net\\\/tr\\\/#website\"},\"primaryImageOfPage\":{\"@id\":\"https:\\\/\\\/akunq.net\\\/tr\\\/?p=66695#primaryimage\"},\"image\":{\"@id\":\"https:\\\/\\\/akunq.net\\\/tr\\\/?p=66695#primaryimage\"},\"thumbnailUrl\":\"https:\\\/\\\/akunq.net\\\/tr\\\/wp-content\\\/uploads\\\/sites\\\/6\\\/2022\\\/01\\\/Dink-4.jpg\",\"datePublished\":\"2022-01-20T07:15:25+00:00\",\"dateModified\":\"2022-01-20T07:17:53+00:00\",\"author\":{\"@id\":\"https:\\\/\\\/akunq.net\\\/tr\\\/#\\\/schema\\\/person\\\/096f1d38a12cce57fb855b485ed24c9e\"},\"breadcrumb\":{\"@id\":\"https:\\\/\\\/akunq.net\\\/tr\\\/?p=66695#breadcrumb\"},\"inLanguage\":\"en-US\",\"potentialAction\":[{\"@type\":\"ReadAction\",\"target\":[\"https:\\\/\\\/akunq.net\\\/tr\\\/?p=66695\"]}]},{\"@type\":\"ImageObject\",\"inLanguage\":\"en-US\",\"@id\":\"https:\\\/\\\/akunq.net\\\/tr\\\/?p=66695#primaryimage\",\"url\":\"https:\\\/\\\/akunq.net\\\/tr\\\/wp-content\\\/uploads\\\/sites\\\/6\\\/2022\\\/01\\\/Dink-4.jpg\",\"contentUrl\":\"https:\\\/\\\/akunq.net\\\/tr\\\/wp-content\\\/uploads\\\/sites\\\/6\\\/2022\\\/01\\\/Dink-4.jpg\",\"width\":1024,\"height\":576},{\"@type\":\"BreadcrumbList\",\"@id\":\"https:\\\/\\\/akunq.net\\\/tr\\\/?p=66695#breadcrumb\",\"itemListElement\":[{\"@type\":\"ListItem\",\"position\":1,\"name\":\"Home\",\"item\":\"https:\\\/\\\/akunq.net\\\/tr\"},{\"@type\":\"ListItem\",\"position\":2,\"name\":\"Hrant Dink \u00f6ld\u00fcr\u00fcl\u00fc\u015f\u00fcn\u00fcn 15. y\u0131l\u0131nda an\u0131l\u0131yor: Hukuki s\u00fcre\u00e7 hangi a\u015famada?\"}]},{\"@type\":\"WebSite\",\"@id\":\"https:\\\/\\\/akunq.net\\\/tr\\\/#website\",\"url\":\"https:\\\/\\\/akunq.net\\\/tr\\\/\",\"name\":\"Bati Ermenistan Ve Bati Ermenileri Sorunlari Ara\u015ftirmalar Merkezi\",\"description\":\"\",\"potentialAction\":[{\"@type\":\"SearchAction\",\"target\":{\"@type\":\"EntryPoint\",\"urlTemplate\":\"https:\\\/\\\/akunq.net\\\/tr\\\/?s={search_term_string}\"},\"query-input\":{\"@type\":\"PropertyValueSpecification\",\"valueRequired\":true,\"valueName\":\"search_term_string\"}}],\"inLanguage\":\"en-US\"},{\"@type\":\"Person\",\"@id\":\"https:\\\/\\\/akunq.net\\\/tr\\\/#\\\/schema\\\/person\\\/096f1d38a12cce57fb855b485ed24c9e\",\"name\":\"admin\",\"url\":\"https:\\\/\\\/akunq.net\\\/tr\\\/?author=7\"}]}<\/script>\n<!-- \/ Yoast SEO plugin. -->","yoast_head_json":{"title":"Hrant Dink \u00f6ld\u00fcr\u00fcl\u00fc\u015f\u00fcn\u00fcn 15. y\u0131l\u0131nda an\u0131l\u0131yor: Hukuki s\u00fcre\u00e7 hangi a\u015famada? - Bati Ermenistan Ve Bati Ermenileri Sorunlari Ara\u015ftirmalar Merkezi","robots":{"index":"index","follow":"follow","max-snippet":"max-snippet:-1","max-image-preview":"max-image-preview:large","max-video-preview":"max-video-preview:-1"},"canonical":"https:\/\/akunq.net\/tr\/?p=66695","og_locale":"en_US","og_type":"article","og_title":"Hrant Dink \u00f6ld\u00fcr\u00fcl\u00fc\u015f\u00fcn\u00fcn 15. y\u0131l\u0131nda an\u0131l\u0131yor: Hukuki s\u00fcre\u00e7 hangi a\u015famada? - Bati Ermenistan Ve Bati Ermenileri Sorunlari Ara\u015ftirmalar Merkezi","og_description":"Agos Gazetesi Genel Yay\u0131n Y\u00f6netmeni Hrant Dink, 19 Ocak 2007&#8217;de o zamanki gazete binas\u0131 \u00f6n\u00fcnde ba\u015f\u0131ndan vurularak \u00f6ld\u00fcr\u00fclm\u00fc\u015ft\u00fc. Dink bug\u00fcn vuruldu\u011fu yerde, Pangalt\u0131 Sebat Apartman\u0131 \u00f6n\u00fcnde, farkl\u0131 \u00fclke ve \u015fehirlerde d\u00fczenlenen t\u00f6renlerle an\u0131ld\u0131. Dink&#8217;in \u00f6ld\u00fcr\u00fcld\u00fc\u011f\u00fc noktaya karanfiller b\u0131rak\u0131ld\u0131, mumlar yak\u0131ld\u0131. T\u00f6ren \u00f6ncesi T\u00fcrk\u00e7e ve Ermenice \u015fark\u0131lar \u00e7al\u0131nd\u0131. T\u00f6rende &#8220;Fa\u015fizme inat karde\u015fimsiz Hrant&#8221;, &#8220;Ya\u015fas\u0131n halklar\u0131n karde\u015fli\u011fi&#8221; [&hellip;]","og_url":"https:\/\/akunq.net\/tr\/?p=66695","og_site_name":"Bati Ermenistan Ve Bati Ermenileri Sorunlari Ara\u015ftirmalar Merkezi","article_published_time":"2022-01-20T07:15:25+00:00","article_modified_time":"2022-01-20T07:17:53+00:00","og_image":[{"width":1024,"height":576,"url":"https:\/\/akunq.net\/tr\/wp-content\/uploads\/sites\/6\/2022\/01\/Dink-4.jpg","type":"image\/jpeg"}],"author":"admin","twitter_card":"summary_large_image","twitter_misc":{"Written by":"admin","Est. reading time":"16 minutes"},"schema":{"@context":"https:\/\/schema.org","@graph":[{"@type":"Article","@id":"https:\/\/akunq.net\/tr\/?p=66695#article","isPartOf":{"@id":"https:\/\/akunq.net\/tr\/?p=66695"},"author":{"name":"admin","@id":"https:\/\/akunq.net\/tr\/#\/schema\/person\/096f1d38a12cce57fb855b485ed24c9e"},"headline":"Hrant Dink \u00f6ld\u00fcr\u00fcl\u00fc\u015f\u00fcn\u00fcn 15. y\u0131l\u0131nda an\u0131l\u0131yor: Hukuki s\u00fcre\u00e7 hangi a\u015famada?","datePublished":"2022-01-20T07:15:25+00:00","dateModified":"2022-01-20T07:17:53+00:00","mainEntityOfPage":{"@id":"https:\/\/akunq.net\/tr\/?p=66695"},"wordCount":3203,"commentCount":0,"image":{"@id":"https:\/\/akunq.net\/tr\/?p=66695#primaryimage"},"thumbnailUrl":"https:\/\/akunq.net\/tr\/wp-content\/uploads\/sites\/6\/2022\/01\/Dink-4.jpg","articleSection":["Haberler"],"inLanguage":"en-US","potentialAction":[{"@type":"CommentAction","name":"Comment","target":["https:\/\/akunq.net\/tr\/?p=66695#respond"]}]},{"@type":"WebPage","@id":"https:\/\/akunq.net\/tr\/?p=66695","url":"https:\/\/akunq.net\/tr\/?p=66695","name":"Hrant Dink \u00f6ld\u00fcr\u00fcl\u00fc\u015f\u00fcn\u00fcn 15. y\u0131l\u0131nda an\u0131l\u0131yor: Hukuki s\u00fcre\u00e7 hangi a\u015famada? - Bati Ermenistan Ve Bati Ermenileri Sorunlari Ara\u015ftirmalar Merkezi","isPartOf":{"@id":"https:\/\/akunq.net\/tr\/#website"},"primaryImageOfPage":{"@id":"https:\/\/akunq.net\/tr\/?p=66695#primaryimage"},"image":{"@id":"https:\/\/akunq.net\/tr\/?p=66695#primaryimage"},"thumbnailUrl":"https:\/\/akunq.net\/tr\/wp-content\/uploads\/sites\/6\/2022\/01\/Dink-4.jpg","datePublished":"2022-01-20T07:15:25+00:00","dateModified":"2022-01-20T07:17:53+00:00","author":{"@id":"https:\/\/akunq.net\/tr\/#\/schema\/person\/096f1d38a12cce57fb855b485ed24c9e"},"breadcrumb":{"@id":"https:\/\/akunq.net\/tr\/?p=66695#breadcrumb"},"inLanguage":"en-US","potentialAction":[{"@type":"ReadAction","target":["https:\/\/akunq.net\/tr\/?p=66695"]}]},{"@type":"ImageObject","inLanguage":"en-US","@id":"https:\/\/akunq.net\/tr\/?p=66695#primaryimage","url":"https:\/\/akunq.net\/tr\/wp-content\/uploads\/sites\/6\/2022\/01\/Dink-4.jpg","contentUrl":"https:\/\/akunq.net\/tr\/wp-content\/uploads\/sites\/6\/2022\/01\/Dink-4.jpg","width":1024,"height":576},{"@type":"BreadcrumbList","@id":"https:\/\/akunq.net\/tr\/?p=66695#breadcrumb","itemListElement":[{"@type":"ListItem","position":1,"name":"Home","item":"https:\/\/akunq.net\/tr"},{"@type":"ListItem","position":2,"name":"Hrant Dink \u00f6ld\u00fcr\u00fcl\u00fc\u015f\u00fcn\u00fcn 15. y\u0131l\u0131nda an\u0131l\u0131yor: Hukuki s\u00fcre\u00e7 hangi a\u015famada?"}]},{"@type":"WebSite","@id":"https:\/\/akunq.net\/tr\/#website","url":"https:\/\/akunq.net\/tr\/","name":"Bati Ermenistan Ve Bati Ermenileri Sorunlari Ara\u015ftirmalar Merkezi","description":"","potentialAction":[{"@type":"SearchAction","target":{"@type":"EntryPoint","urlTemplate":"https:\/\/akunq.net\/tr\/?s={search_term_string}"},"query-input":{"@type":"PropertyValueSpecification","valueRequired":true,"valueName":"search_term_string"}}],"inLanguage":"en-US"},{"@type":"Person","@id":"https:\/\/akunq.net\/tr\/#\/schema\/person\/096f1d38a12cce57fb855b485ed24c9e","name":"admin","url":"https:\/\/akunq.net\/tr\/?author=7"}]}},"_links":{"self":[{"href":"https:\/\/akunq.net\/tr\/index.php?rest_route=\/wp\/v2\/posts\/66695","targetHints":{"allow":["GET"]}}],"collection":[{"href":"https:\/\/akunq.net\/tr\/index.php?rest_route=\/wp\/v2\/posts"}],"about":[{"href":"https:\/\/akunq.net\/tr\/index.php?rest_route=\/wp\/v2\/types\/post"}],"author":[{"embeddable":true,"href":"https:\/\/akunq.net\/tr\/index.php?rest_route=\/wp\/v2\/users\/7"}],"replies":[{"embeddable":true,"href":"https:\/\/akunq.net\/tr\/index.php?rest_route=%2Fwp%2Fv2%2Fcomments&post=66695"}],"version-history":[{"count":2,"href":"https:\/\/akunq.net\/tr\/index.php?rest_route=\/wp\/v2\/posts\/66695\/revisions"}],"predecessor-version":[{"id":66699,"href":"https:\/\/akunq.net\/tr\/index.php?rest_route=\/wp\/v2\/posts\/66695\/revisions\/66699"}],"wp:featuredmedia":[{"embeddable":true,"href":"https:\/\/akunq.net\/tr\/index.php?rest_route=\/wp\/v2\/media\/66696"}],"wp:attachment":[{"href":"https:\/\/akunq.net\/tr\/index.php?rest_route=%2Fwp%2Fv2%2Fmedia&parent=66695"}],"wp:term":[{"taxonomy":"category","embeddable":true,"href":"https:\/\/akunq.net\/tr\/index.php?rest_route=%2Fwp%2Fv2%2Fcategories&post=66695"},{"taxonomy":"post_tag","embeddable":true,"href":"https:\/\/akunq.net\/tr\/index.php?rest_route=%2Fwp%2Fv2%2Ftags&post=66695"}],"curies":[{"name":"wp","href":"https:\/\/api.w.org\/{rel}","templated":true}]}}