{"id":66683,"date":"2022-01-20T01:42:13","date_gmt":"2022-01-20T06:42:13","guid":{"rendered":"https:\/\/akunq.net\/tr\/?p=66683"},"modified":"2022-01-20T01:42:13","modified_gmt":"2022-01-20T06:42:13","slug":"sesin-kulagimizda-sozumuz-soz","status":"publish","type":"post","link":"https:\/\/akunq.net\/tr\/?p=66683","title":{"rendered":"&#8220;Sesin kula\u011f\u0131m\u0131zda s\u00f6z\u00fcm\u00fcz s\u00f6z&#8221;"},"content":{"rendered":"<p><img loading=\"lazy\" decoding=\"async\" class=\"aligncenter size-medium wp-image-66684\" src=\"https:\/\/akunq.net\/tr\/wp-content\/uploads\/2022\/01\/Rakel-Dink-360x240.jpg\" alt=\"\" width=\"360\" height=\"240\" srcset=\"https:\/\/akunq.net\/tr\/wp-content\/uploads\/sites\/6\/2022\/01\/Rakel-Dink-360x240.jpg 360w, https:\/\/akunq.net\/tr\/wp-content\/uploads\/sites\/6\/2022\/01\/Rakel-Dink-560x374.jpg 560w, https:\/\/akunq.net\/tr\/wp-content\/uploads\/sites\/6\/2022\/01\/Rakel-Dink-260x173.jpg 260w, https:\/\/akunq.net\/tr\/wp-content\/uploads\/sites\/6\/2022\/01\/Rakel-Dink-160x107.jpg 160w, https:\/\/akunq.net\/tr\/wp-content\/uploads\/sites\/6\/2022\/01\/Rakel-Dink.jpg 700w\" sizes=\"auto, (max-width: 360px) 100vw, 360px\" \/><\/p>\n<p><em><strong>Gazetemizin kurucusu ve genel yay\u0131n y\u00f6netmeni Hrant Dink, katledili\u015finin 15. y\u0131l\u0131nda vuruldu\u011fu yerde, eski Agos gazetesinin \u00f6n\u00fcnde an\u0131ld\u0131. Bu y\u0131lki anma konu\u015fmas\u0131n\u0131 yapan Hrant Dink&#8217;in e\u015fi Rakel Dink, Hrant&#8217;a her zamanki gibi &#8220;\u00c7uta\u011f\u0131m&#8221; (Keman\u0131m) diye seslendi. Rakel Dink &#8220;Seni topra\u011fa verirken buradan y\u00fckselen isyan ve itiraz sesi susmad\u0131, susmayacak.&#8221; dedi. Bu y\u0131lki anmada ayr\u0131ca Hrant Dink \u00f6ld\u00fcr\u00fcld\u00fc\u011f\u00fcnde 5 ya\u015f\u0131nda olan Naz\u0131m \u00d6zg\u00fcn Af\u015fin de bir konu\u015fma yapt\u0131. Anmaya HDP Milletvekilleri Garo Paylan, H\u00fcda Kaya, \u00d6mer Faruk Gergerlio\u011flu, Adalar Belediye Ba\u015fkan\u0131 Erdem G\u00fcl, Maltepe Belediye Ba\u015fkan\u0131 Ali K\u0131l\u0131\u00e7, CHP \u0130stanbul \u0130l Ba\u015fkan\u0131 Canan Kaftanc\u0131o\u011flu, Ahmet Kaya&#8217;n\u0131n e\u015fi G\u00fclten Kaya, Tahir El\u00e7i\u2019nin e\u015fi T\u00fcrkan El\u00e7i de kat\u0131ld\u0131.<\/strong><\/em><\/p>\n<p><em>Hrant\u00a0 Dink&#8217;in e\u015fi Rakel Din&#8217;in konu\u015fmas\u0131 \u015f\u00f6yle:<\/em><\/p>\n<p>\u00c7uta\u011f\u0131m,<\/p>\n<p>15 y\u0131l oldu, arkandan s\u0131k\u0131lan kalle\u015f kur\u015funlar seni bizden alal\u0131. Sesin h\u00e2l\u00e2 kula\u011f\u0131m\u0131zda. Halk\u0131na yap\u0131lanlar\u0131 her anlatt\u0131\u011f\u0131nda seni hainlikle, arkadan han\u00e7erlemekle su\u00e7lam\u0131\u015flard\u0131 oysa\u2026<\/p>\n<p>Ya Rab \u201cd\u00fc\u015fmanlar\u0131n\u0131z\u0131 sevin, sizden nefret edenlere iyilik yap\u0131n, size lanet edenler i\u00e7in iyilik dileyin, hakaret edenler i\u00e7in dua edin*\u201d diyorsun. Dua ediyorum.<\/p>\n<p>***<\/p>\n<p>15 y\u0131l oldu. 15 eksik y\u0131l. O g\u00fcn\u00fcn \u00e7ocuklar\u0131 Naz\u0131m gibi b\u00fcy\u00fcyorlar. \u00c7\u00f6zemedi\u011fimiz her sorunu onlar\u0131n omuzlar\u0131na y\u0131k\u0131yoruz. Sorunun sahibi de sebebi de biz de\u011filmi\u015fiz gibi, bir de tutup cepheye \u00e7ocuklar\u0131 gen\u00e7leri s\u00fcr\u00fcyoruz.<\/p>\n<p>Oysa bizim kanl\u0131 miras\u0131m\u0131z olmasa, t\u00fcm d\u00fcnyadaki akranlar\u0131yla, b\u00fct\u00fcn farkl\u0131l\u0131klar\u0131yla ba\u015fka bir gelecek hayali kurabilir ve ger\u00e7ekle\u015ftirebilirler. Zaten yeterince sorunlar\u0131 olacak. Daha ne depremler g\u00f6rece\u011fiz. \u015eu ge\u00e7mi\u015fin kilidini a\u00e7al\u0131m da \u00f6zg\u00fcr kals\u0131n ac\u0131 dolu ruhlar. Evimizi in\u015fa edece\u011fimiz sa\u011flam kayad\u0131r ger\u00e7ek. Hakikat sa\u011flam kayad\u0131r.<\/p>\n<p>Gelecek korkular\u0131 ve hayalleriyle, b\u00fcy\u00fcklerinin ac\u0131 dolu miras\u0131 aras\u0131nda s\u0131k\u0131\u015f\u0131yor \u00e7ocuklar. Ya kendilerine ya ba\u015fkalar\u0131na zarar veriyorlar. Oysa bir araya gelip su gibi aksalar kar\u015f\u0131lar\u0131nda hi\u00e7bir \u015fey duramaz. Bu d\u00fcnya ne zorbalar, ne zul\u00fcmler g\u00f6rd\u00fc. G\u00fcn geldi hepsi y\u0131k\u0131ld\u0131. Devirler de\u011fi\u015fti. Ne sultanlar, ne padi\u015fahlar, ne krallar y\u0131k\u0131ld\u0131. Yine y\u0131k\u0131lacaklar.<\/p>\n<p>K\u00f6yde \u00e7e\u015fmenin ba\u015f\u0131nda, k\u00f6pr\u00fcn\u00fcn ba\u015f\u0131nda, silah\u0131yla durup, gelenden ge\u00e7enden hara\u00e7 alana e\u015fk\u0131ya derlerdi. Sonra silahlar\u0131 k\u00e2\u011f\u0131t par\u00e7alar\u0131n\u0131n ard\u0131na saklad\u0131lar. Adlar\u0131na devlet dediler, \u015firket dediler. Ka\u011f\u0131tlarda kendi koyduklar\u0131 kanunlar yaz\u0131l\u0131yd\u0131. Biz inand\u0131k, siz inanmay\u0131n \u00e7ocuklar.<\/p>\n<p>Kimsenin olmayana \u201cbenim\u201d diyene inanmay\u0131n! Herkesin olana, \u201cbenim\u201d diyene inanmay\u0131n!<\/p>\n<p>Bu topraklarda y\u00fckselen her itiraza d\u0131\u015f g\u00fc\u00e7ler dediler. Do\u011fru. Sizin i\u00e7iniz onlar\u0131n d\u0131\u015f\u0131d\u0131r. Sizin i\u00e7iniz yand\u0131\u011f\u0131nda onlar hep d\u0131\u015far\u0131da duman var dediler, pencerelerini kapatt\u0131lar.<\/p>\n<p>Gezi direni\u015finde gen\u00e7ler \u00f6nce ya\u015fad\u0131klar\u0131 \u015fehri korumaya \u00e7al\u0131\u015ft\u0131lar, sonra zulme u\u011frayan dostlar\u0131n\u0131 korumak i\u00e7in \u00e7o\u011fald\u0131lar. Ona da d\u0131\u015f mihrak dediler, ter\u00f6r dediler \u015fu dediler bu dediler. \u00c7ocuklar\u0131m\u0131z\u0131n g\u00f6zleri \u00e7\u0131kar\u0131ld\u0131, gaza, zehirli suya bo\u011fuldu. \u00c7ocuklar \u00f6ld\u00fcr\u00fcld\u00fc. Kimdi ter\u00f6r estiren? Bu kadar \u00e7ok gencin bu kadar az k\u0131r\u0131p d\u00f6kt\u00fc\u011f\u00fcne de az rastlan\u0131l\u0131rd\u0131 \u00fcstelik.<\/p>\n<p>\u015eimdi kendi yazd\u0131klar\u0131 k\u00e2\u011f\u0131t par\u00e7alar\u0131yla s\u00f6z\u00fcm ona yarg\u0131l\u0131yorlar. M\u00fcmk\u00fcn m\u00fc?<\/p>\n<p>\u201cEy y\u00f6neticiler ger\u00e7ekten adil mi karar verirsiniz?<br \/>\nDo\u011fru mu yarg\u0131lars\u0131n\u0131z insanlar\u0131? Hay\u0131r!<br \/>\nHep haks\u0131zl\u0131k tasar\u0131lar\u0131n\u0131z i\u00e7inizde,<br \/>\nZorbal\u0131k sa\u00e7ar elleriniz yery\u00fcz\u00fcne.\u201d**<\/p>\n<p>***<\/p>\n<p>\u00c7uta\u011f\u0131m!<\/p>\n<p>Sana ter\u00f6r\u00fc her sorduklar\u0131nda lanetledin. Kar\u015f\u0131s\u0131na g\u00fcc\u00fcn ter\u00f6r\u00fcn\u00fc de koydun. Onu da lanetledin. Kastetti\u011fin devlet g\u00fcc\u00fcn\u00fcn gayrime\u015fru i\u015fleriydi. D\u00fcnyada \u00e7ok ter\u00f6r estirildi ve devam ediyor\u2026 Senden \u00f6nce de senden sonra da\u2026 G\u00fcc\u00fc ele ge\u00e7iren zulme \u00e7\u0131k\u0131yor. Hangisi birbirini su\u00e7layabilir. Olan halklara oluyor. Seni and\u0131\u011f\u0131m\u0131z her 19 Ocak\u2019ta ba\u015fka zul\u00fcmleri de anmaya, hat\u0131rlatmaya \u00e7al\u0131\u015ft\u0131k. Resimler yan yana kondu\u011funda, o ac\u0131 alb\u00fcme birlikte bak\u0131ld\u0131\u011f\u0131nda belki as\u0131l katil ayan beyan ortaya \u00e7\u0131kar diye\u2026<\/p>\n<p>K\u0131br\u0131s\u2019ta bir ba\u015fka gazetecinin, Kutlu Adal\u0131\u2019n\u0131n nas\u0131l pe\u015fine d\u00fc\u015fm\u00fc\u015fler g\u00f6rd\u00fcn m\u00fc? Bu topraklarda estirilen ter\u00f6r\u00fcn as\u0131l kayna\u011f\u0131n\u0131 s\u00f6ylerken yanl\u0131\u015f m\u0131 s\u00f6yl\u00fcyormu\u015fuz?<\/p>\n<p>Kutsal Kitap der ki \u201cKaranl\u0131\u011f\u0131n meyvesiz i\u015flerine ortak olmay\u0131n. Tersine onlar\u0131 a\u00e7\u0131\u011fa \u00e7\u0131kar\u0131n.\u201d***<\/p>\n<p>Dostlar\u0131m\u0131z\u0131 y\u0131llarca hapislerde bekletiyorlar. Birini sal\u0131p birini al\u0131yorlar. Sa\u00e7ma sapan gerek\u00e7elerle, yalanlarla\u2026 Art\u0131k gerek\u00e7e bile uydurmuyorlar, \u201c\u00f6yle i\u015fte\u201d deyip al\u0131yorlar. \u00dclkenin her derdine ko\u015fan gen\u00e7 avukatlar\u0131 ald\u0131lar, gazetecileri ald\u0131lar, Osman\u2019\u0131 da Bircan\u2019\u0131 da ald\u0131klar\u0131 gibi\u2026 \u201cK\u00fcrd\u00fcm\u201d diyen her siyaset\u00e7iyi ald\u0131lar. \u0130stiyorlar ki silahlar konu\u015fsun, insanlar konu\u015fmas\u0131n. Yine kendi dillerini dayat\u0131yorlar.<\/p>\n<p>Ama umudu s\u00f6nd\u00fcren olmayal\u0131m.<\/p>\n<p>Seni topra\u011fa verirken buradan y\u00fckselen isyan ve itiraz sesi susmad\u0131, susmayacak. \u0130\u015f\u00e7iler, kad\u0131nlar, \u00f6\u011frenciler, k\u00f6yler yine direni\u015fte. Herkesin olan\u0131, kimsenin olmayan\u0131, \u201cbenim\u201d diyenden koruyorlar. Bir g\u00fcn yine birle\u015fip sel olup akacaklar.<\/p>\n<p>Kiminin g\u00f6nl\u00fc k\u0131r\u0131k. \u201cBize olurken neredeydiniz?\u201d diye soruyorlar. Biz \u00f6yle olmak istemedik, g\u00fcc\u00fcm\u00fcz yetti\u011fince seslerine ses katmaya gayret ettik. Edece\u011fiz.<\/p>\n<p>Sesin, kula\u011f\u0131m\u0131zda. S\u00f6z\u00fcm\u00fcz s\u00f6z.<\/p>\n<p><em>* Lu.6:27<\/em><br \/>\n<em>** Mez. 58:1-2<\/em><br \/>\n<em>***\u00a0 Efes. 5:11<\/em><\/p>\n<p><strong>Naz\u0131m \u00d6zg\u00fcn Af\u015fin&#8217;in konu\u015fmas\u0131<\/strong><\/p>\n<p><em>Bu y\u0131lki anmada ayr\u0131ca Hrant Dink \u00f6ld\u00fcr\u00fcld\u00fc\u011f\u00fcnde 5 ya\u015f\u0131nda olan Naz\u0131m \u00d6zg\u00fcn Af\u015fin de bir konu\u015fma yapt\u0131. Af\u015fin&#8217;in konu\u015fmas\u0131 da \u015f\u00f6yle:<\/em><\/p>\n<p>Hrant amcam 15 y\u0131l \u00f6nce \u00f6ld\u00fcr\u00fcld\u00fc\u011f\u00fcnde 5 ya\u015f\u0131ndayd\u0131m ve herhangi bir \u00e7ocuk kadar konu\u015fmuyordum, \u00e7\u00fcnk\u00fc ben otizmliyim. Ne yaz\u0131k ki Hrant amcam\u0131 ger\u00e7ek anlamda hi\u00e7 hat\u0131rlam\u0131yorum. Ama annem anlat\u0131rd\u0131, onlar arkada\u015flar, o y\u00fczden O benim bebekli\u011fimi bilirmi\u015f. Hayal meyal hat\u0131rlad\u0131\u011f\u0131m tek \u015fey, kocaman bir eli oldu\u011fu. Elini ba\u015f\u0131ma koyar, sa\u00e7lar\u0131m\u0131 severdi. O eli nas\u0131l an\u0131msad\u0131\u011f\u0131m\u0131 biliyorum asl\u0131nda, otistik bir beyniniz varsa kimsenin hat\u0131rlamad\u0131klar\u0131n\u0131 an\u0131msars\u0131n\u0131z ve kimsenin hat\u0131rlamad\u0131klar\u0131n\u0131 an\u0131msamay\u0131 zamanla garipsememeyi \u00f6\u011frenirsiniz. Hrant amcam\u0131n simas\u0131n\u0131 ise fotograflar\u0131ndan biliyorum tabii, b\u00fcy\u00fcd\u00fck\u00e7e \u00e7ok foto\u011fraf\u0131na bakt\u0131m, \u00e7ok izledim eski r\u00f6portajlar\u0131n\u0131, hakk\u0131nda yaz\u0131lan kitaplar\u0131 okudum.<\/p>\n<p>Baz\u0131 ta\u015flar\u0131n dili vard\u0131r, duymas\u0131n\u0131 bilene konu\u015fur. Hrant amcam\u0131n ta\u015f\u0131 gibi. Benim i\u00e7in Agos\u2019un \u00f6n\u00fcndeki kald\u0131r\u0131mdaki o ta\u015f, Hrant amcam\u0131n vurulup d\u00fc\u015ft\u00fc\u011f\u00fc ta\u015ftan \u00e7ok daha fazlas\u0131. Bulu\u015fma noktam\u0131z gibi, benim i\u00e7in Hrant amcama gitmek gibi o ta\u015fa gitmek\u2026 Her y\u0131l 19 Ocak\u2019ta \u201cKe\u015fke \u015fimdi g\u00f6rebilsem\u201d diye d\u00fc\u015f\u00fcn\u00fcr\u00fcm o ta\u015f\u0131n yan\u0131nda dururken. Asla ta\u015fa basmam. \u015eimdi, burada konu\u015furken de hissim ayn\u0131:\u00a0 Ke\u015fke bu ya\u015f\u0131mda sohbet edebilseydim Hrant amcamla, ke\u015fke eski karnelerime bak\u0131p kocaman g\u00fcl\u00fcmseyebilseydi\u2026 \u201cBu \u00e7ocuktan asla vazge\u00e7me, kuma\u015f\u0131 ba\u015fka, ruhu farkl\u0131\u201d demi\u015f anneme otizm tan\u0131s\u0131 ald\u0131\u011f\u0131mda, ke\u015fke Hrant amcam Hacettepe\u2019yi kazand\u0131\u011f\u0131m\u0131 g\u00f6rebilseydi, ke\u015fke\u2026<\/p>\n<p>Herkes i\u00e7in 15 y\u0131l uzundur, ama benim neredeyse t\u00fcm hayat\u0131m. \u0130nsan t\u00fcm hayat\u0131 boyunca b\u00fcy\u00fcrken, \u00e7ocukken, gen\u00e7ken, her y\u0131l ayn\u0131 g\u00fcn ayn\u0131 anmaya gidiyorsa, orada dinlediklerini hi\u00e7 unutmuyor, biliyor musunuz?<\/p>\n<p>Bir olmak, b\u00f6yle bir \u015fey olmal\u0131<\/p>\n<p>Kocaman bir kalabal\u0131\u011f\u0131n i\u00e7inde duruyorum, \u00e7ocu\u011fum, o kalabal\u0131k \u00e7ok sessiz, arada hep bir a\u011f\u0131zdan \u201cHepimiz Hrant\u0131z, hepimiz Ermeniyiz\u201d diyorlar, tam becerip s\u00f6yleyemedi\u011fim y\u0131llarda bile \u201cBir olmak b\u00f6yle bir \u015fey olmal\u0131\u201d diye d\u00fc\u015f\u00fcn\u00fcrd\u00fcm. Kalabal\u0131klar, g\u00fcr\u00fclt\u00fc, u\u011fultu korkuturdu beni \u00e7ocukken, \u015fimdi d\u00fc\u015f\u00fcn\u00fcyorum da kendimi iyi hissetti\u011fim nadir kalabal\u0131k, hep 19 Ocak kalabal\u0131\u011f\u0131m\u0131zd\u0131r, Hrant amcama gelen, \u00e7o\u011funu hi\u00e7 tan\u0131mad\u0131\u011f\u0131m, binlerce \u201ctan\u0131d\u0131k\u201d insan\u0131n i\u00e7inde ben hep iyi hissettim. Bilse sevinirdi herhalde Hrant amcam.<\/p>\n<p>Hrant amcam\u0131n \u00e7ok sevdi\u011fi e\u015fi Rakel Dink\u2019in cenazedeki s\u00f6zlerini \u00e7ok sonraki y\u0131llarda dinledim ve bir daha hi\u00e7 unutmad\u0131m: \u201cKatil kim olursa olsun, bir zamanlar bebek olduklar\u0131n\u0131 biliyorum. Bir bebekten bir katil yaratan karanl\u0131\u011f\u0131 sorgulamadan hi\u00e7bir \u015fey yap\u0131lamaz karde\u015flerim.\u201d<\/p>\n<p>Sorgulamay\u0131, merak etmeyi, hep birlikte ve yanyana ya\u015faman\u0131n anlam\u0131n\u0131, ayr\u0131mc\u0131l\u0131\u011f\u0131n ve \u00f6tekile\u015ftirmenin bir toplumu ne kadar \u00e7\u00fcr\u00fctebilece\u011fini, adaletsizli\u011fi ve haks\u0131zl\u0131klarla m\u00fccadele etmeyi biraz \u00f6\u011frendiysem son 15 y\u0131lda, t\u00fcm anmalardaki konu\u015fmalar\u0131n ve Hrant amcam\u0131n yazd\u0131klar\u0131n\u0131n, ya\u015famak zorunda kald\u0131klar\u0131n\u0131n ve o korkun\u00e7, vah\u015fi, zor sonunun \u00e7ok b\u00fcy\u00fck etkisi vard\u0131r.<\/p>\n<div id=\"photoholder1\" class=\"photoholder no-display appear\"><img loading=\"lazy\" decoding=\"async\" class=\"no-display appear\" src=\"http:\/\/admin.agos.com.tr\/Upload\/Agos\/Images\/naz%C4%B1m%20o%CC%88zgu%CC%88n%202022.jpg\" alt=\"Naz\u0131m \u00d6zg\u00fcn Af\u015fin (FOTO: Miran Manukyan)\" width=\"400\" height=\"250\" \/><\/div>\n<div class=\"photoholder no-display appear\"><em><span class=\"title\">Naz\u0131m \u00d6zg\u00fcn Af\u015fin (FOTO: Miran Manukyan)<\/span><\/em><\/div>\n<p>Bilseydi o da bu s\u00f6zleri onaylard\u0131<\/p>\n<p>Hrant amcam\u0131n \u00f6ld\u00fcr\u00fclmesinden sekiz y\u0131l sonra 19 Ocak 2015\u2019deki anma konu\u015fmas\u0131nda yazar-\u015fair Murathan Mungan, \u201cO y\u0131l do\u011fan \u00e7ocuklar dillendi; okuma yazmay\u0131 s\u00f6kt\u00fc. Oysa Hrant Dink\u2019in \u00f6l\u00fcs\u00fc, ger\u00e7ek hik\u00e2yesi ayd\u0131nlat\u0131lmam\u0131\u015f bir cinayetin kurban\u0131 olarak h\u00e2l\u00e2 bu kald\u0131r\u0131mda yat\u0131yor. D\u00fcnyay\u0131 kayb\u0131yla \u0131ss\u0131zla\u015ft\u0131ranlar hat\u0131ralar\u0131 ve emanetleriyle \u00e7o\u011falt\u0131rlar. Ve emanetin ba\u015f\u0131n\u0131 bekleyen bizler burada toplan\u0131p adalet ve hakikat aray\u0131\u015f\u0131m\u0131z\u0131 dillendiriyor, Hrant\u2019\u0131n \u00f6l\u00fcs\u00fcn\u00fc unutkanl\u0131\u011f\u0131n zalim ellerine teslim etmeyece\u011fimizi hayk\u0131r\u0131yoruz.\u201d diyordu. Adalet aray\u0131\u015f\u0131n\u0131n da bar\u0131\u015f m\u00fccadelesinin de, birlikte ya\u015fayabilme talebimizin ve \u00f6zg\u00fcrl\u00fck ihtiyac\u0131m\u0131z\u0131n da nas\u0131l hi\u00e7 azalmadan devam etti\u011fini son 15 y\u0131lda \u00e7ok farkl\u0131 olaylarda g\u00f6rd\u00fcm, ya\u015fad\u0131m. \u201cYerini bulmam\u0131\u015f adalet, katillerini ve kurbanlar\u0131n\u0131 \u00e7o\u011falt\u0131r.\u201d demi\u015fti Mungan o konu\u015fmada, 15 y\u0131lda kaybetti\u011fimiz de\u011ferli insanlar\u0131, \u00e7ocuklar\u0131, Gezi\u2019de yitirdi\u011fimiz abilerimi, Ankara\u2019da katledilen bar\u0131\u015f g\u00fcvercini insanlar\u0131 Hrant Amcam bilseydi, eminim o da bu s\u00f6zleri onaylard\u0131.<\/p>\n<p>2019\u2019a geldi\u011fimizde art\u0131k 19 Ocak\u2019a 17 ya\u015f\u0131nda bir gen\u00e7 olarak gittim. Sabahattin Ali\u2019nin k\u0131z\u0131 Filiz Ali; \u201cSevgili Hrant, yine de o kadar umutsuz de\u011filiz. Susmayanlar var, hala buraday\u0131z, bir yere gitmiyoruz, vazge\u00e7miyoruz. Seni \u00f6ld\u00fcrd\u00fcklerinde hen\u00fcz \u00e7ocuk olanlar bug\u00fcn burada, aram\u0131zda, \u00f6ld\u00fcr\u00fclmenizin pe\u015fine d\u00fc\u015f\u00fcyorlar, soru soruyorlar, susmuyorlar.\u201d dedi\u011finde \u00e7ok sevindim! Filiz Ali benden bahsediyor, bana sesleniyordu.<\/p>\n<p>2020\u2019de \u00e7ok sevdi\u011fim \u015eebnem Korur Fincanc\u0131 hocam konu\u015fmas\u0131nda, hakikatleri g\u00f6r\u00fcp anlatmaktan ve hi\u00e7 vazge\u00e7memekten bahsetti: \u201cHakikat aray\u0131\u015f\u0131 bitmiyor, bitmedi hi\u00e7. Cumartesi annelerini meydanlardan s\u00fcrseler de, hakikati hayk\u0131ranlar\u0131 hapsetseler de, insanl\u0131\u011fa kar\u015f\u0131 su\u00e7larla sindirmek i\u00e7in \u00fczerimize gelseler de, hakikati hayk\u0131rmaktan vazge\u00e7memi\u015fti ya Hrant, vazge\u00e7meyece\u011fiz \u00f6yleyse hi\u00e7birimiz. K\u00f6t\u00fcl\u00fc\u011fe kar\u015f\u0131 nefret de\u011fil bizimkisi. Bitimsiz bir m\u00fccadele. K\u00f6t\u00fcl\u00fc\u011f\u00fcn s\u0131radanl\u0131\u011f\u0131na kap\u0131lmas\u0131n insan, haklar\u0131 i\u00e7in m\u00fccadele etsin, boyun e\u011fmesin erke.\u201d<br \/>\n\u0130\u015fte o an i\u00e7im rahatlad\u0131: Hani bazen bir c\u00fcmle sadece size s\u00f6ylenmi\u015f gibi hissedersiniz. Ben akl\u0131m erdi\u011finden beri her 19 Ocak\u2019ta bir s\u00f6z verdim ve o s\u00f6z\u00fc daima tutaca\u011f\u0131m: Unutmam, vazge\u00e7mem!<br \/>\nBen bu \u00fclkenin gelece\u011fi i\u00e7in \u00e7ok endi\u015felenen, ama s\u00f6z\u00fcn\u00fc s\u00f6ylemekten hi\u00e7 sak\u0131nmayan milyonlarca gen\u00e7ten sadece biriyim. \u201cBuraday\u0131z, vazge\u00e7miyoruz Ahparig!\u201d demek i\u00e7in, Hrant amcam i\u00e7in, adalet i\u00e7in, bar\u0131\u015f i\u00e7in, ayr\u0131mc\u0131l\u0131ktan uzak bir ya\u015famda, \u00f6zg\u00fcr, demokratik, adil ve bar\u0131\u015f i\u00e7inde bir T\u00fcrkiye hayalimiz i\u00e7in, kendim kendim m\u00fccadele etmeye devam edece\u011fim. \u00c7ok okuyaca\u011f\u0131m, \u00e7ok dinleyece\u011fim, \u00e7ok izleyece\u011fim, \u00e7ok payla\u015faca\u011f\u0131m.<\/p>\n<p>\u00c7\u00fcnk\u00fc hep akl\u0131mda Hrant amcam\u0131n son yazd\u0131klar\u0131, \u00e7\u00fcnk\u00fc i\u00e7imde hep bir \u201cg\u00fcvercin tedirginli\u011fi\u2026\u201d<\/p>\n<p>Hepinize i\u00e7inizdeki tedirgin g\u00fcvercini de al\u0131p geldi\u011finiz i\u00e7in te\u015fekk\u00fcr ederim.<\/p>\n<p><em><strong>http:\/\/www.agos.com.tr\/tr\/yazi\/26669\/sesin-kulagimizda-sozumuz-soz\u00a0<\/strong><\/em><\/p>\n","protected":false},"excerpt":{"rendered":"<p>Gazetemizin kurucusu ve genel yay\u0131n y\u00f6netmeni Hrant Dink, katledili\u015finin 15. y\u0131l\u0131nda vuruldu\u011fu yerde, eski Agos gazetesinin \u00f6n\u00fcnde an\u0131ld\u0131. Bu y\u0131lki anma konu\u015fmas\u0131n\u0131 yapan Hrant Dink&#8217;in e\u015fi Rakel Dink, Hrant&#8217;a her zamanki gibi &#8220;\u00c7uta\u011f\u0131m&#8221; (Keman\u0131m) diye seslendi. Rakel Dink &#8220;Seni topra\u011fa verirken buradan y\u00fckselen isyan ve itiraz sesi susmad\u0131, susmayacak.&#8221; dedi. Bu y\u0131lki anmada ayr\u0131ca Hrant [&hellip;]<\/p>\n","protected":false},"author":7,"featured_media":66684,"comment_status":"open","ping_status":"open","sticky":false,"template":"","format":"standard","meta":{"footnotes":""},"categories":[1],"tags":[],"class_list":["post-66683","post","type-post","status-publish","format-standard","has-post-thumbnail","hentry","category-haberler"],"yoast_head":"<!-- This site is optimized with the Yoast SEO plugin v27.4 - https:\/\/yoast.com\/product\/yoast-seo-wordpress\/ -->\n<title>&quot;Sesin kula\u011f\u0131m\u0131zda s\u00f6z\u00fcm\u00fcz s\u00f6z&quot; - Bati Ermenistan Ve Bati Ermenileri Sorunlari Ara\u015ftirmalar Merkezi<\/title>\n<meta name=\"robots\" content=\"index, follow, max-snippet:-1, max-image-preview:large, max-video-preview:-1\" \/>\n<link rel=\"canonical\" href=\"https:\/\/akunq.net\/tr\/?p=66683\" \/>\n<meta property=\"og:locale\" content=\"en_US\" \/>\n<meta property=\"og:type\" content=\"article\" \/>\n<meta property=\"og:title\" content=\"&quot;Sesin kula\u011f\u0131m\u0131zda s\u00f6z\u00fcm\u00fcz s\u00f6z&quot; - Bati Ermenistan Ve Bati Ermenileri Sorunlari Ara\u015ftirmalar Merkezi\" \/>\n<meta property=\"og:description\" content=\"Gazetemizin kurucusu ve genel yay\u0131n y\u00f6netmeni Hrant Dink, katledili\u015finin 15. y\u0131l\u0131nda vuruldu\u011fu yerde, eski Agos gazetesinin \u00f6n\u00fcnde an\u0131ld\u0131. Bu y\u0131lki anma konu\u015fmas\u0131n\u0131 yapan Hrant Dink&#8217;in e\u015fi Rakel Dink, Hrant&#8217;a her zamanki gibi &#8220;\u00c7uta\u011f\u0131m&#8221; (Keman\u0131m) diye seslendi. Rakel Dink &#8220;Seni topra\u011fa verirken buradan y\u00fckselen isyan ve itiraz sesi susmad\u0131, susmayacak.&#8221; dedi. Bu y\u0131lki anmada ayr\u0131ca Hrant [&hellip;]\" \/>\n<meta property=\"og:url\" content=\"https:\/\/akunq.net\/tr\/?p=66683\" \/>\n<meta property=\"og:site_name\" content=\"Bati Ermenistan Ve Bati Ermenileri Sorunlari Ara\u015ftirmalar Merkezi\" \/>\n<meta property=\"article:published_time\" content=\"2022-01-20T06:42:13+00:00\" \/>\n<meta property=\"og:image\" content=\"https:\/\/akunq.net\/tr\/wp-content\/uploads\/sites\/6\/2022\/01\/Rakel-Dink.jpg\" \/>\n\t<meta property=\"og:image:width\" content=\"700\" \/>\n\t<meta property=\"og:image:height\" content=\"467\" \/>\n\t<meta property=\"og:image:type\" content=\"image\/jpeg\" \/>\n<meta name=\"author\" content=\"admin\" \/>\n<meta name=\"twitter:card\" content=\"summary_large_image\" \/>\n<meta name=\"twitter:label1\" content=\"Written by\" \/>\n\t<meta name=\"twitter:data1\" content=\"admin\" \/>\n\t<meta name=\"twitter:label2\" content=\"Est. reading time\" \/>\n\t<meta name=\"twitter:data2\" content=\"11 minutes\" \/>\n<script type=\"application\/ld+json\" class=\"yoast-schema-graph\">{\"@context\":\"https:\\\/\\\/schema.org\",\"@graph\":[{\"@type\":\"Article\",\"@id\":\"https:\\\/\\\/akunq.net\\\/tr\\\/?p=66683#article\",\"isPartOf\":{\"@id\":\"https:\\\/\\\/akunq.net\\\/tr\\\/?p=66683\"},\"author\":{\"name\":\"admin\",\"@id\":\"https:\\\/\\\/akunq.net\\\/tr\\\/#\\\/schema\\\/person\\\/096f1d38a12cce57fb855b485ed24c9e\"},\"headline\":\"&#8220;Sesin kula\u011f\u0131m\u0131zda s\u00f6z\u00fcm\u00fcz s\u00f6z&#8221;\",\"datePublished\":\"2022-01-20T06:42:13+00:00\",\"mainEntityOfPage\":{\"@id\":\"https:\\\/\\\/akunq.net\\\/tr\\\/?p=66683\"},\"wordCount\":2113,\"commentCount\":0,\"image\":{\"@id\":\"https:\\\/\\\/akunq.net\\\/tr\\\/?p=66683#primaryimage\"},\"thumbnailUrl\":\"https:\\\/\\\/akunq.net\\\/tr\\\/wp-content\\\/uploads\\\/sites\\\/6\\\/2022\\\/01\\\/Rakel-Dink.jpg\",\"articleSection\":[\"Haberler\"],\"inLanguage\":\"en-US\",\"potentialAction\":[{\"@type\":\"CommentAction\",\"name\":\"Comment\",\"target\":[\"https:\\\/\\\/akunq.net\\\/tr\\\/?p=66683#respond\"]}]},{\"@type\":\"WebPage\",\"@id\":\"https:\\\/\\\/akunq.net\\\/tr\\\/?p=66683\",\"url\":\"https:\\\/\\\/akunq.net\\\/tr\\\/?p=66683\",\"name\":\"\\\"Sesin kula\u011f\u0131m\u0131zda s\u00f6z\u00fcm\u00fcz s\u00f6z\\\" - Bati Ermenistan Ve Bati Ermenileri Sorunlari Ara\u015ftirmalar Merkezi\",\"isPartOf\":{\"@id\":\"https:\\\/\\\/akunq.net\\\/tr\\\/#website\"},\"primaryImageOfPage\":{\"@id\":\"https:\\\/\\\/akunq.net\\\/tr\\\/?p=66683#primaryimage\"},\"image\":{\"@id\":\"https:\\\/\\\/akunq.net\\\/tr\\\/?p=66683#primaryimage\"},\"thumbnailUrl\":\"https:\\\/\\\/akunq.net\\\/tr\\\/wp-content\\\/uploads\\\/sites\\\/6\\\/2022\\\/01\\\/Rakel-Dink.jpg\",\"datePublished\":\"2022-01-20T06:42:13+00:00\",\"author\":{\"@id\":\"https:\\\/\\\/akunq.net\\\/tr\\\/#\\\/schema\\\/person\\\/096f1d38a12cce57fb855b485ed24c9e\"},\"breadcrumb\":{\"@id\":\"https:\\\/\\\/akunq.net\\\/tr\\\/?p=66683#breadcrumb\"},\"inLanguage\":\"en-US\",\"potentialAction\":[{\"@type\":\"ReadAction\",\"target\":[\"https:\\\/\\\/akunq.net\\\/tr\\\/?p=66683\"]}]},{\"@type\":\"ImageObject\",\"inLanguage\":\"en-US\",\"@id\":\"https:\\\/\\\/akunq.net\\\/tr\\\/?p=66683#primaryimage\",\"url\":\"https:\\\/\\\/akunq.net\\\/tr\\\/wp-content\\\/uploads\\\/sites\\\/6\\\/2022\\\/01\\\/Rakel-Dink.jpg\",\"contentUrl\":\"https:\\\/\\\/akunq.net\\\/tr\\\/wp-content\\\/uploads\\\/sites\\\/6\\\/2022\\\/01\\\/Rakel-Dink.jpg\",\"width\":700,\"height\":467},{\"@type\":\"BreadcrumbList\",\"@id\":\"https:\\\/\\\/akunq.net\\\/tr\\\/?p=66683#breadcrumb\",\"itemListElement\":[{\"@type\":\"ListItem\",\"position\":1,\"name\":\"Home\",\"item\":\"https:\\\/\\\/akunq.net\\\/tr\"},{\"@type\":\"ListItem\",\"position\":2,\"name\":\"&#8220;Sesin kula\u011f\u0131m\u0131zda s\u00f6z\u00fcm\u00fcz s\u00f6z&#8221;\"}]},{\"@type\":\"WebSite\",\"@id\":\"https:\\\/\\\/akunq.net\\\/tr\\\/#website\",\"url\":\"https:\\\/\\\/akunq.net\\\/tr\\\/\",\"name\":\"Bati Ermenistan Ve Bati Ermenileri Sorunlari Ara\u015ftirmalar Merkezi\",\"description\":\"\",\"potentialAction\":[{\"@type\":\"SearchAction\",\"target\":{\"@type\":\"EntryPoint\",\"urlTemplate\":\"https:\\\/\\\/akunq.net\\\/tr\\\/?s={search_term_string}\"},\"query-input\":{\"@type\":\"PropertyValueSpecification\",\"valueRequired\":true,\"valueName\":\"search_term_string\"}}],\"inLanguage\":\"en-US\"},{\"@type\":\"Person\",\"@id\":\"https:\\\/\\\/akunq.net\\\/tr\\\/#\\\/schema\\\/person\\\/096f1d38a12cce57fb855b485ed24c9e\",\"name\":\"admin\",\"url\":\"https:\\\/\\\/akunq.net\\\/tr\\\/?author=7\"}]}<\/script>\n<!-- \/ Yoast SEO plugin. -->","yoast_head_json":{"title":"\"Sesin kula\u011f\u0131m\u0131zda s\u00f6z\u00fcm\u00fcz s\u00f6z\" - Bati Ermenistan Ve Bati Ermenileri Sorunlari Ara\u015ftirmalar Merkezi","robots":{"index":"index","follow":"follow","max-snippet":"max-snippet:-1","max-image-preview":"max-image-preview:large","max-video-preview":"max-video-preview:-1"},"canonical":"https:\/\/akunq.net\/tr\/?p=66683","og_locale":"en_US","og_type":"article","og_title":"\"Sesin kula\u011f\u0131m\u0131zda s\u00f6z\u00fcm\u00fcz s\u00f6z\" - Bati Ermenistan Ve Bati Ermenileri Sorunlari Ara\u015ftirmalar Merkezi","og_description":"Gazetemizin kurucusu ve genel yay\u0131n y\u00f6netmeni Hrant Dink, katledili\u015finin 15. y\u0131l\u0131nda vuruldu\u011fu yerde, eski Agos gazetesinin \u00f6n\u00fcnde an\u0131ld\u0131. Bu y\u0131lki anma konu\u015fmas\u0131n\u0131 yapan Hrant Dink&#8217;in e\u015fi Rakel Dink, Hrant&#8217;a her zamanki gibi &#8220;\u00c7uta\u011f\u0131m&#8221; (Keman\u0131m) diye seslendi. Rakel Dink &#8220;Seni topra\u011fa verirken buradan y\u00fckselen isyan ve itiraz sesi susmad\u0131, susmayacak.&#8221; dedi. Bu y\u0131lki anmada ayr\u0131ca Hrant [&hellip;]","og_url":"https:\/\/akunq.net\/tr\/?p=66683","og_site_name":"Bati Ermenistan Ve Bati Ermenileri Sorunlari Ara\u015ftirmalar Merkezi","article_published_time":"2022-01-20T06:42:13+00:00","og_image":[{"width":700,"height":467,"url":"https:\/\/akunq.net\/tr\/wp-content\/uploads\/sites\/6\/2022\/01\/Rakel-Dink.jpg","type":"image\/jpeg"}],"author":"admin","twitter_card":"summary_large_image","twitter_misc":{"Written by":"admin","Est. reading time":"11 minutes"},"schema":{"@context":"https:\/\/schema.org","@graph":[{"@type":"Article","@id":"https:\/\/akunq.net\/tr\/?p=66683#article","isPartOf":{"@id":"https:\/\/akunq.net\/tr\/?p=66683"},"author":{"name":"admin","@id":"https:\/\/akunq.net\/tr\/#\/schema\/person\/096f1d38a12cce57fb855b485ed24c9e"},"headline":"&#8220;Sesin kula\u011f\u0131m\u0131zda s\u00f6z\u00fcm\u00fcz s\u00f6z&#8221;","datePublished":"2022-01-20T06:42:13+00:00","mainEntityOfPage":{"@id":"https:\/\/akunq.net\/tr\/?p=66683"},"wordCount":2113,"commentCount":0,"image":{"@id":"https:\/\/akunq.net\/tr\/?p=66683#primaryimage"},"thumbnailUrl":"https:\/\/akunq.net\/tr\/wp-content\/uploads\/sites\/6\/2022\/01\/Rakel-Dink.jpg","articleSection":["Haberler"],"inLanguage":"en-US","potentialAction":[{"@type":"CommentAction","name":"Comment","target":["https:\/\/akunq.net\/tr\/?p=66683#respond"]}]},{"@type":"WebPage","@id":"https:\/\/akunq.net\/tr\/?p=66683","url":"https:\/\/akunq.net\/tr\/?p=66683","name":"\"Sesin kula\u011f\u0131m\u0131zda s\u00f6z\u00fcm\u00fcz s\u00f6z\" - Bati Ermenistan Ve Bati Ermenileri Sorunlari Ara\u015ftirmalar Merkezi","isPartOf":{"@id":"https:\/\/akunq.net\/tr\/#website"},"primaryImageOfPage":{"@id":"https:\/\/akunq.net\/tr\/?p=66683#primaryimage"},"image":{"@id":"https:\/\/akunq.net\/tr\/?p=66683#primaryimage"},"thumbnailUrl":"https:\/\/akunq.net\/tr\/wp-content\/uploads\/sites\/6\/2022\/01\/Rakel-Dink.jpg","datePublished":"2022-01-20T06:42:13+00:00","author":{"@id":"https:\/\/akunq.net\/tr\/#\/schema\/person\/096f1d38a12cce57fb855b485ed24c9e"},"breadcrumb":{"@id":"https:\/\/akunq.net\/tr\/?p=66683#breadcrumb"},"inLanguage":"en-US","potentialAction":[{"@type":"ReadAction","target":["https:\/\/akunq.net\/tr\/?p=66683"]}]},{"@type":"ImageObject","inLanguage":"en-US","@id":"https:\/\/akunq.net\/tr\/?p=66683#primaryimage","url":"https:\/\/akunq.net\/tr\/wp-content\/uploads\/sites\/6\/2022\/01\/Rakel-Dink.jpg","contentUrl":"https:\/\/akunq.net\/tr\/wp-content\/uploads\/sites\/6\/2022\/01\/Rakel-Dink.jpg","width":700,"height":467},{"@type":"BreadcrumbList","@id":"https:\/\/akunq.net\/tr\/?p=66683#breadcrumb","itemListElement":[{"@type":"ListItem","position":1,"name":"Home","item":"https:\/\/akunq.net\/tr"},{"@type":"ListItem","position":2,"name":"&#8220;Sesin kula\u011f\u0131m\u0131zda s\u00f6z\u00fcm\u00fcz s\u00f6z&#8221;"}]},{"@type":"WebSite","@id":"https:\/\/akunq.net\/tr\/#website","url":"https:\/\/akunq.net\/tr\/","name":"Bati Ermenistan Ve Bati Ermenileri Sorunlari Ara\u015ftirmalar Merkezi","description":"","potentialAction":[{"@type":"SearchAction","target":{"@type":"EntryPoint","urlTemplate":"https:\/\/akunq.net\/tr\/?s={search_term_string}"},"query-input":{"@type":"PropertyValueSpecification","valueRequired":true,"valueName":"search_term_string"}}],"inLanguage":"en-US"},{"@type":"Person","@id":"https:\/\/akunq.net\/tr\/#\/schema\/person\/096f1d38a12cce57fb855b485ed24c9e","name":"admin","url":"https:\/\/akunq.net\/tr\/?author=7"}]}},"_links":{"self":[{"href":"https:\/\/akunq.net\/tr\/index.php?rest_route=\/wp\/v2\/posts\/66683","targetHints":{"allow":["GET"]}}],"collection":[{"href":"https:\/\/akunq.net\/tr\/index.php?rest_route=\/wp\/v2\/posts"}],"about":[{"href":"https:\/\/akunq.net\/tr\/index.php?rest_route=\/wp\/v2\/types\/post"}],"author":[{"embeddable":true,"href":"https:\/\/akunq.net\/tr\/index.php?rest_route=\/wp\/v2\/users\/7"}],"replies":[{"embeddable":true,"href":"https:\/\/akunq.net\/tr\/index.php?rest_route=%2Fwp%2Fv2%2Fcomments&post=66683"}],"version-history":[{"count":1,"href":"https:\/\/akunq.net\/tr\/index.php?rest_route=\/wp\/v2\/posts\/66683\/revisions"}],"predecessor-version":[{"id":66685,"href":"https:\/\/akunq.net\/tr\/index.php?rest_route=\/wp\/v2\/posts\/66683\/revisions\/66685"}],"wp:featuredmedia":[{"embeddable":true,"href":"https:\/\/akunq.net\/tr\/index.php?rest_route=\/wp\/v2\/media\/66684"}],"wp:attachment":[{"href":"https:\/\/akunq.net\/tr\/index.php?rest_route=%2Fwp%2Fv2%2Fmedia&parent=66683"}],"wp:term":[{"taxonomy":"category","embeddable":true,"href":"https:\/\/akunq.net\/tr\/index.php?rest_route=%2Fwp%2Fv2%2Fcategories&post=66683"},{"taxonomy":"post_tag","embeddable":true,"href":"https:\/\/akunq.net\/tr\/index.php?rest_route=%2Fwp%2Fv2%2Ftags&post=66683"}],"curies":[{"name":"wp","href":"https:\/\/api.w.org\/{rel}","templated":true}]}}