{"id":66677,"date":"2022-01-20T01:14:34","date_gmt":"2022-01-20T06:14:34","guid":{"rendered":"https:\/\/akunq.net\/tr\/?p=66677"},"modified":"2022-01-20T01:14:34","modified_gmt":"2022-01-20T06:14:34","slug":"artsakh-ombudsmani-ermenilere-karsi-islenen-suclarin-kinanmasi-konusunda-mucadelemizi-devam-ettirecegiz","status":"publish","type":"post","link":"https:\/\/akunq.net\/tr\/?p=66677","title":{"rendered":"Artsakh Ombudsman\u0131: Ermenilere kar\u015f\u0131 i\u015flenen su\u00e7lar\u0131n k\u0131nanmas\u0131 konusunda m\u00fccadelemizi devam ettirece\u011fiz"},"content":{"rendered":"<p><img loading=\"lazy\" decoding=\"async\" class=\"aligncenter size-medium wp-image-66678\" src=\"https:\/\/akunq.net\/tr\/wp-content\/uploads\/2022\/01\/Bak\u00fcdeki-Ermeni-Soyk\u0131r\u0131m\u0131n\u0131n-32.-y\u0131ld\u00f6n\u00fcm\u00fc-360x242.jpg\" alt=\"\" width=\"360\" height=\"242\" srcset=\"https:\/\/akunq.net\/tr\/wp-content\/uploads\/sites\/6\/2022\/01\/Bak\u00fcdeki-Ermeni-Soyk\u0131r\u0131m\u0131n\u0131n-32.-y\u0131ld\u00f6n\u00fcm\u00fc-360x242.jpg 360w, https:\/\/akunq.net\/tr\/wp-content\/uploads\/sites\/6\/2022\/01\/Bak\u00fcdeki-Ermeni-Soyk\u0131r\u0131m\u0131n\u0131n-32.-y\u0131ld\u00f6n\u00fcm\u00fc-560x376.jpg 560w, https:\/\/akunq.net\/tr\/wp-content\/uploads\/sites\/6\/2022\/01\/Bak\u00fcdeki-Ermeni-Soyk\u0131r\u0131m\u0131n\u0131n-32.-y\u0131ld\u00f6n\u00fcm\u00fc-260x175.jpg 260w, https:\/\/akunq.net\/tr\/wp-content\/uploads\/sites\/6\/2022\/01\/Bak\u00fcdeki-Ermeni-Soyk\u0131r\u0131m\u0131n\u0131n-32.-y\u0131ld\u00f6n\u00fcm\u00fc-160x107.jpg 160w, https:\/\/akunq.net\/tr\/wp-content\/uploads\/sites\/6\/2022\/01\/Bak\u00fcdeki-Ermeni-Soyk\u0131r\u0131m\u0131n\u0131n-32.-y\u0131ld\u00f6n\u00fcm\u00fc.jpg 670w\" sizes=\"auto, (max-width: 360px) 100vw, 360px\" \/><\/p>\n<p><em><strong>Artsakh Cumhuriyeti Ombudsman\u0131 Ofisi, Bak\u00fc&#8217;deki Ermeni Soyk\u0131r\u0131m\u0131&#8217;n\u0131n 32. y\u0131ld\u00f6n\u00fcm\u00fc m\u00fcnasebetiyle bir a\u00e7\u0131klama yapt\u0131.<\/strong><\/em><\/p>\n<p>Armenpress haber ajans\u0131n\u0131n aktard\u0131\u011f\u0131 bilgilere g\u00f6re yap\u0131lan a\u00e7\u0131klamada \u00f6zellikle \u015fu ifadelere yer verildi:<\/p>\n<p>&#8220;32 y\u0131l \u00f6nce 13-19 Ocak 1990&#8217;da Azerbaycan makamlar\u0131n\u0131n a\u00e7\u0131k izni ve deste\u011fiyle Bak\u00fc&#8217;de Ermeni n\u00fcfusuna y\u00f6nelik sistematik bir katliam ger\u00e7ekle\u015ftirildi. Bir hafta s\u00fcren mezalimlerde y\u00fczlerce Ermeni \u00f6ld\u00fcr\u00fcld\u00fc, y\u00fczbinlerce Ermeni m\u00fclks\u00fczle\u015ftirildi ve i\u015fkence g\u00f6rd\u00fc.<\/p>\n<p>Bak\u00fc ve di\u011fer \u015fehirlerdeki Ermeni n\u00fcfusu, fiziksel varl\u0131klar\u0131n\u0131n do\u011frudan tehdidi alt\u0131nda s\u0131n\u0131r d\u0131\u015f\u0131 edildi, uluslararas\u0131 stat\u00fc ve yard\u0131m almadan Artsakh, Ermenistan ve d\u00fcnyan\u0131n di\u011fer \u00fclkelerine s\u0131\u011f\u0131nd\u0131. Bu b\u00f6lgelerdeki Ermeni k\u00fclt\u00fcrel miras\u0131 y\u0131llar i\u00e7inde tahrip edildi ve sayg\u0131s\u0131zl\u0131\u011fa u\u011frad\u0131 ve bunlar\u0131n tarihi de\u011feri ve \u00f6nemi Azerbaycan makamlar\u0131 taraf\u0131ndan siyasi \u00e7\u0131karlar\u0131na g\u00f6re \u00e7arp\u0131t\u0131ld\u0131.<\/p>\n<p>Ermeni Soyk\u0131r\u0131m\u0131&#8217;n\u0131n Azerbaycan devlet makamlar\u0131 ve Azerbaycan toplumu taraf\u0131ndan ger\u00e7ekle\u015ftirilmesi, te\u015fvik edilmesi sistematik bir hale geldi ve net bir kronolojiye sahiptir. 1905 ve 1918&#8217;de Bak\u00fc&#8217;de, 1988&#8217;de Sumgait&#8217;te,\u00a0 Gandzak-Kirovabad&#8217;da, Mara\u011fa&#8217;da, 1990&#8217;da yine Bak\u00fc&#8217;de, 2004&#8217;te Gurgen Margaryan\u2019\u0131n katili oaln Ramil Safarov&#8217;un kahramanla\u015ft\u0131r\u0131lmas\u0131, 2016\u2019da Nisan sava\u015f\u0131 ve nihayet 2020 y\u0131l\u0131nda Azerbaycan ve T\u00fcrkiye\u2019nin ba\u015flatt\u0131\u011f\u0131 sava\u015f, Ermeni askerlerine yap\u0131lan i\u015fkenceler, Ermeni kar\u015f\u0131t\u0131 politikas\u0131n\u0131n ve bunun sonu\u00e7lar\u0131n\u0131n reddedilemez kan\u0131tlar\u0131d\u0131r.<\/p>\n<p>Azerbaycan makamlar\u0131, b\u00f6lgede bar\u0131\u015f\u0131 tesis etmek gibi sahte sloganlar alt\u0131nda, Artsakh Ermenilerinin haklar\u0131n\u0131 a\u00e7\u0131k bir \u015fekilde ihlal etmeye, korku, umutsuzluk ortan\u0131 yaratmaya, Artsakh&#8217;ta normal ya\u015fam\u0131 bozmaya, Artsakh halk\u0131n\u0131 tecrit etmeye devam ediyor.<\/p>\n<p><em><strong>https:\/\/armenpress.am\/tur\/news\/1073382.html\u00a0<\/strong><\/em><\/p>\n<p>&nbsp;<\/p>\n","protected":false},"excerpt":{"rendered":"<p>Artsakh Cumhuriyeti Ombudsman\u0131 Ofisi, Bak\u00fc&#8217;deki Ermeni Soyk\u0131r\u0131m\u0131&#8217;n\u0131n 32. y\u0131ld\u00f6n\u00fcm\u00fc m\u00fcnasebetiyle bir a\u00e7\u0131klama yapt\u0131. Armenpress haber ajans\u0131n\u0131n aktard\u0131\u011f\u0131 bilgilere g\u00f6re yap\u0131lan a\u00e7\u0131klamada \u00f6zellikle \u015fu ifadelere yer verildi: &#8220;32 y\u0131l \u00f6nce 13-19 Ocak 1990&#8217;da Azerbaycan makamlar\u0131n\u0131n a\u00e7\u0131k izni ve deste\u011fiyle Bak\u00fc&#8217;de Ermeni n\u00fcfusuna y\u00f6nelik sistematik bir katliam ger\u00e7ekle\u015ftirildi. Bir hafta s\u00fcren mezalimlerde y\u00fczlerce Ermeni \u00f6ld\u00fcr\u00fcld\u00fc, y\u00fczbinlerce Ermeni [&hellip;]<\/p>\n","protected":false},"author":7,"featured_media":66678,"comment_status":"open","ping_status":"open","sticky":false,"template":"","format":"standard","meta":{"footnotes":""},"categories":[1],"tags":[],"class_list":["post-66677","post","type-post","status-publish","format-standard","has-post-thumbnail","hentry","category-haberler"],"yoast_head":"<!-- This site is optimized with the Yoast SEO plugin v27.4 - https:\/\/yoast.com\/product\/yoast-seo-wordpress\/ -->\n<title>Artsakh Ombudsman\u0131: Ermenilere kar\u015f\u0131 i\u015flenen su\u00e7lar\u0131n k\u0131nanmas\u0131 konusunda m\u00fccadelemizi devam ettirece\u011fiz - Bati Ermenistan Ve Bati Ermenileri Sorunlari Ara\u015ftirmalar Merkezi<\/title>\n<meta name=\"robots\" content=\"index, follow, max-snippet:-1, max-image-preview:large, max-video-preview:-1\" \/>\n<link rel=\"canonical\" href=\"https:\/\/akunq.net\/tr\/?p=66677\" \/>\n<meta property=\"og:locale\" content=\"en_US\" \/>\n<meta property=\"og:type\" content=\"article\" \/>\n<meta property=\"og:title\" content=\"Artsakh Ombudsman\u0131: Ermenilere kar\u015f\u0131 i\u015flenen su\u00e7lar\u0131n k\u0131nanmas\u0131 konusunda m\u00fccadelemizi devam ettirece\u011fiz - Bati Ermenistan Ve Bati Ermenileri Sorunlari Ara\u015ftirmalar Merkezi\" \/>\n<meta property=\"og:description\" content=\"Artsakh Cumhuriyeti Ombudsman\u0131 Ofisi, Bak\u00fc&#8217;deki Ermeni Soyk\u0131r\u0131m\u0131&#8217;n\u0131n 32. y\u0131ld\u00f6n\u00fcm\u00fc m\u00fcnasebetiyle bir a\u00e7\u0131klama yapt\u0131. Armenpress haber ajans\u0131n\u0131n aktard\u0131\u011f\u0131 bilgilere g\u00f6re yap\u0131lan a\u00e7\u0131klamada \u00f6zellikle \u015fu ifadelere yer verildi: &#8220;32 y\u0131l \u00f6nce 13-19 Ocak 1990&#8217;da Azerbaycan makamlar\u0131n\u0131n a\u00e7\u0131k izni ve deste\u011fiyle Bak\u00fc&#8217;de Ermeni n\u00fcfusuna y\u00f6nelik sistematik bir katliam ger\u00e7ekle\u015ftirildi. Bir hafta s\u00fcren mezalimlerde y\u00fczlerce Ermeni \u00f6ld\u00fcr\u00fcld\u00fc, y\u00fczbinlerce Ermeni [&hellip;]\" \/>\n<meta property=\"og:url\" content=\"https:\/\/akunq.net\/tr\/?p=66677\" \/>\n<meta property=\"og:site_name\" content=\"Bati Ermenistan Ve Bati Ermenileri Sorunlari Ara\u015ftirmalar Merkezi\" \/>\n<meta property=\"article:published_time\" content=\"2022-01-20T06:14:34+00:00\" \/>\n<meta property=\"og:image\" content=\"https:\/\/akunq.net\/tr\/wp-content\/uploads\/sites\/6\/2022\/01\/Bak\u00fcdeki-Ermeni-Soyk\u0131r\u0131m\u0131n\u0131n-32.-y\u0131ld\u00f6n\u00fcm\u00fc.jpg\" \/>\n\t<meta property=\"og:image:width\" content=\"670\" \/>\n\t<meta property=\"og:image:height\" content=\"450\" \/>\n\t<meta property=\"og:image:type\" content=\"image\/jpeg\" \/>\n<meta name=\"author\" content=\"admin\" \/>\n<meta name=\"twitter:card\" content=\"summary_large_image\" \/>\n<meta name=\"twitter:label1\" content=\"Written by\" \/>\n\t<meta name=\"twitter:data1\" content=\"admin\" \/>\n\t<meta name=\"twitter:label2\" content=\"Est. reading time\" \/>\n\t<meta name=\"twitter:data2\" content=\"2 minutes\" \/>\n<script type=\"application\/ld+json\" class=\"yoast-schema-graph\">{\"@context\":\"https:\\\/\\\/schema.org\",\"@graph\":[{\"@type\":\"Article\",\"@id\":\"https:\\\/\\\/akunq.net\\\/tr\\\/?p=66677#article\",\"isPartOf\":{\"@id\":\"https:\\\/\\\/akunq.net\\\/tr\\\/?p=66677\"},\"author\":{\"name\":\"admin\",\"@id\":\"https:\\\/\\\/akunq.net\\\/tr\\\/#\\\/schema\\\/person\\\/096f1d38a12cce57fb855b485ed24c9e\"},\"headline\":\"Artsakh Ombudsman\u0131: Ermenilere kar\u015f\u0131 i\u015flenen su\u00e7lar\u0131n k\u0131nanmas\u0131 konusunda m\u00fccadelemizi devam ettirece\u011fiz\",\"datePublished\":\"2022-01-20T06:14:34+00:00\",\"mainEntityOfPage\":{\"@id\":\"https:\\\/\\\/akunq.net\\\/tr\\\/?p=66677\"},\"wordCount\":328,\"commentCount\":0,\"image\":{\"@id\":\"https:\\\/\\\/akunq.net\\\/tr\\\/?p=66677#primaryimage\"},\"thumbnailUrl\":\"https:\\\/\\\/akunq.net\\\/tr\\\/wp-content\\\/uploads\\\/sites\\\/6\\\/2022\\\/01\\\/Bak\u00fcdeki-Ermeni-Soyk\u0131r\u0131m\u0131n\u0131n-32.-y\u0131ld\u00f6n\u00fcm\u00fc.jpg\",\"articleSection\":[\"Haberler\"],\"inLanguage\":\"en-US\",\"potentialAction\":[{\"@type\":\"CommentAction\",\"name\":\"Comment\",\"target\":[\"https:\\\/\\\/akunq.net\\\/tr\\\/?p=66677#respond\"]}]},{\"@type\":\"WebPage\",\"@id\":\"https:\\\/\\\/akunq.net\\\/tr\\\/?p=66677\",\"url\":\"https:\\\/\\\/akunq.net\\\/tr\\\/?p=66677\",\"name\":\"Artsakh Ombudsman\u0131: Ermenilere kar\u015f\u0131 i\u015flenen su\u00e7lar\u0131n k\u0131nanmas\u0131 konusunda m\u00fccadelemizi devam ettirece\u011fiz - Bati Ermenistan Ve Bati Ermenileri Sorunlari Ara\u015ftirmalar Merkezi\",\"isPartOf\":{\"@id\":\"https:\\\/\\\/akunq.net\\\/tr\\\/#website\"},\"primaryImageOfPage\":{\"@id\":\"https:\\\/\\\/akunq.net\\\/tr\\\/?p=66677#primaryimage\"},\"image\":{\"@id\":\"https:\\\/\\\/akunq.net\\\/tr\\\/?p=66677#primaryimage\"},\"thumbnailUrl\":\"https:\\\/\\\/akunq.net\\\/tr\\\/wp-content\\\/uploads\\\/sites\\\/6\\\/2022\\\/01\\\/Bak\u00fcdeki-Ermeni-Soyk\u0131r\u0131m\u0131n\u0131n-32.-y\u0131ld\u00f6n\u00fcm\u00fc.jpg\",\"datePublished\":\"2022-01-20T06:14:34+00:00\",\"author\":{\"@id\":\"https:\\\/\\\/akunq.net\\\/tr\\\/#\\\/schema\\\/person\\\/096f1d38a12cce57fb855b485ed24c9e\"},\"breadcrumb\":{\"@id\":\"https:\\\/\\\/akunq.net\\\/tr\\\/?p=66677#breadcrumb\"},\"inLanguage\":\"en-US\",\"potentialAction\":[{\"@type\":\"ReadAction\",\"target\":[\"https:\\\/\\\/akunq.net\\\/tr\\\/?p=66677\"]}]},{\"@type\":\"ImageObject\",\"inLanguage\":\"en-US\",\"@id\":\"https:\\\/\\\/akunq.net\\\/tr\\\/?p=66677#primaryimage\",\"url\":\"https:\\\/\\\/akunq.net\\\/tr\\\/wp-content\\\/uploads\\\/sites\\\/6\\\/2022\\\/01\\\/Bak\u00fcdeki-Ermeni-Soyk\u0131r\u0131m\u0131n\u0131n-32.-y\u0131ld\u00f6n\u00fcm\u00fc.jpg\",\"contentUrl\":\"https:\\\/\\\/akunq.net\\\/tr\\\/wp-content\\\/uploads\\\/sites\\\/6\\\/2022\\\/01\\\/Bak\u00fcdeki-Ermeni-Soyk\u0131r\u0131m\u0131n\u0131n-32.-y\u0131ld\u00f6n\u00fcm\u00fc.jpg\",\"width\":670,\"height\":450},{\"@type\":\"BreadcrumbList\",\"@id\":\"https:\\\/\\\/akunq.net\\\/tr\\\/?p=66677#breadcrumb\",\"itemListElement\":[{\"@type\":\"ListItem\",\"position\":1,\"name\":\"Home\",\"item\":\"https:\\\/\\\/akunq.net\\\/tr\"},{\"@type\":\"ListItem\",\"position\":2,\"name\":\"Artsakh Ombudsman\u0131: Ermenilere kar\u015f\u0131 i\u015flenen su\u00e7lar\u0131n k\u0131nanmas\u0131 konusunda m\u00fccadelemizi devam ettirece\u011fiz\"}]},{\"@type\":\"WebSite\",\"@id\":\"https:\\\/\\\/akunq.net\\\/tr\\\/#website\",\"url\":\"https:\\\/\\\/akunq.net\\\/tr\\\/\",\"name\":\"Bati Ermenistan Ve Bati Ermenileri Sorunlari Ara\u015ftirmalar Merkezi\",\"description\":\"\",\"potentialAction\":[{\"@type\":\"SearchAction\",\"target\":{\"@type\":\"EntryPoint\",\"urlTemplate\":\"https:\\\/\\\/akunq.net\\\/tr\\\/?s={search_term_string}\"},\"query-input\":{\"@type\":\"PropertyValueSpecification\",\"valueRequired\":true,\"valueName\":\"search_term_string\"}}],\"inLanguage\":\"en-US\"},{\"@type\":\"Person\",\"@id\":\"https:\\\/\\\/akunq.net\\\/tr\\\/#\\\/schema\\\/person\\\/096f1d38a12cce57fb855b485ed24c9e\",\"name\":\"admin\",\"url\":\"https:\\\/\\\/akunq.net\\\/tr\\\/?author=7\"}]}<\/script>\n<!-- \/ Yoast SEO plugin. -->","yoast_head_json":{"title":"Artsakh Ombudsman\u0131: Ermenilere kar\u015f\u0131 i\u015flenen su\u00e7lar\u0131n k\u0131nanmas\u0131 konusunda m\u00fccadelemizi devam ettirece\u011fiz - Bati Ermenistan Ve Bati Ermenileri Sorunlari Ara\u015ftirmalar Merkezi","robots":{"index":"index","follow":"follow","max-snippet":"max-snippet:-1","max-image-preview":"max-image-preview:large","max-video-preview":"max-video-preview:-1"},"canonical":"https:\/\/akunq.net\/tr\/?p=66677","og_locale":"en_US","og_type":"article","og_title":"Artsakh Ombudsman\u0131: Ermenilere kar\u015f\u0131 i\u015flenen su\u00e7lar\u0131n k\u0131nanmas\u0131 konusunda m\u00fccadelemizi devam ettirece\u011fiz - Bati Ermenistan Ve Bati Ermenileri Sorunlari Ara\u015ftirmalar Merkezi","og_description":"Artsakh Cumhuriyeti Ombudsman\u0131 Ofisi, Bak\u00fc&#8217;deki Ermeni Soyk\u0131r\u0131m\u0131&#8217;n\u0131n 32. y\u0131ld\u00f6n\u00fcm\u00fc m\u00fcnasebetiyle bir a\u00e7\u0131klama yapt\u0131. Armenpress haber ajans\u0131n\u0131n aktard\u0131\u011f\u0131 bilgilere g\u00f6re yap\u0131lan a\u00e7\u0131klamada \u00f6zellikle \u015fu ifadelere yer verildi: &#8220;32 y\u0131l \u00f6nce 13-19 Ocak 1990&#8217;da Azerbaycan makamlar\u0131n\u0131n a\u00e7\u0131k izni ve deste\u011fiyle Bak\u00fc&#8217;de Ermeni n\u00fcfusuna y\u00f6nelik sistematik bir katliam ger\u00e7ekle\u015ftirildi. Bir hafta s\u00fcren mezalimlerde y\u00fczlerce Ermeni \u00f6ld\u00fcr\u00fcld\u00fc, y\u00fczbinlerce Ermeni [&hellip;]","og_url":"https:\/\/akunq.net\/tr\/?p=66677","og_site_name":"Bati Ermenistan Ve Bati Ermenileri Sorunlari Ara\u015ftirmalar Merkezi","article_published_time":"2022-01-20T06:14:34+00:00","og_image":[{"width":670,"height":450,"url":"https:\/\/akunq.net\/tr\/wp-content\/uploads\/sites\/6\/2022\/01\/Bak\u00fcdeki-Ermeni-Soyk\u0131r\u0131m\u0131n\u0131n-32.-y\u0131ld\u00f6n\u00fcm\u00fc.jpg","type":"image\/jpeg"}],"author":"admin","twitter_card":"summary_large_image","twitter_misc":{"Written by":"admin","Est. reading time":"2 minutes"},"schema":{"@context":"https:\/\/schema.org","@graph":[{"@type":"Article","@id":"https:\/\/akunq.net\/tr\/?p=66677#article","isPartOf":{"@id":"https:\/\/akunq.net\/tr\/?p=66677"},"author":{"name":"admin","@id":"https:\/\/akunq.net\/tr\/#\/schema\/person\/096f1d38a12cce57fb855b485ed24c9e"},"headline":"Artsakh Ombudsman\u0131: Ermenilere kar\u015f\u0131 i\u015flenen su\u00e7lar\u0131n k\u0131nanmas\u0131 konusunda m\u00fccadelemizi devam ettirece\u011fiz","datePublished":"2022-01-20T06:14:34+00:00","mainEntityOfPage":{"@id":"https:\/\/akunq.net\/tr\/?p=66677"},"wordCount":328,"commentCount":0,"image":{"@id":"https:\/\/akunq.net\/tr\/?p=66677#primaryimage"},"thumbnailUrl":"https:\/\/akunq.net\/tr\/wp-content\/uploads\/sites\/6\/2022\/01\/Bak\u00fcdeki-Ermeni-Soyk\u0131r\u0131m\u0131n\u0131n-32.-y\u0131ld\u00f6n\u00fcm\u00fc.jpg","articleSection":["Haberler"],"inLanguage":"en-US","potentialAction":[{"@type":"CommentAction","name":"Comment","target":["https:\/\/akunq.net\/tr\/?p=66677#respond"]}]},{"@type":"WebPage","@id":"https:\/\/akunq.net\/tr\/?p=66677","url":"https:\/\/akunq.net\/tr\/?p=66677","name":"Artsakh Ombudsman\u0131: Ermenilere kar\u015f\u0131 i\u015flenen su\u00e7lar\u0131n k\u0131nanmas\u0131 konusunda m\u00fccadelemizi devam ettirece\u011fiz - Bati Ermenistan Ve Bati Ermenileri Sorunlari Ara\u015ftirmalar Merkezi","isPartOf":{"@id":"https:\/\/akunq.net\/tr\/#website"},"primaryImageOfPage":{"@id":"https:\/\/akunq.net\/tr\/?p=66677#primaryimage"},"image":{"@id":"https:\/\/akunq.net\/tr\/?p=66677#primaryimage"},"thumbnailUrl":"https:\/\/akunq.net\/tr\/wp-content\/uploads\/sites\/6\/2022\/01\/Bak\u00fcdeki-Ermeni-Soyk\u0131r\u0131m\u0131n\u0131n-32.-y\u0131ld\u00f6n\u00fcm\u00fc.jpg","datePublished":"2022-01-20T06:14:34+00:00","author":{"@id":"https:\/\/akunq.net\/tr\/#\/schema\/person\/096f1d38a12cce57fb855b485ed24c9e"},"breadcrumb":{"@id":"https:\/\/akunq.net\/tr\/?p=66677#breadcrumb"},"inLanguage":"en-US","potentialAction":[{"@type":"ReadAction","target":["https:\/\/akunq.net\/tr\/?p=66677"]}]},{"@type":"ImageObject","inLanguage":"en-US","@id":"https:\/\/akunq.net\/tr\/?p=66677#primaryimage","url":"https:\/\/akunq.net\/tr\/wp-content\/uploads\/sites\/6\/2022\/01\/Bak\u00fcdeki-Ermeni-Soyk\u0131r\u0131m\u0131n\u0131n-32.-y\u0131ld\u00f6n\u00fcm\u00fc.jpg","contentUrl":"https:\/\/akunq.net\/tr\/wp-content\/uploads\/sites\/6\/2022\/01\/Bak\u00fcdeki-Ermeni-Soyk\u0131r\u0131m\u0131n\u0131n-32.-y\u0131ld\u00f6n\u00fcm\u00fc.jpg","width":670,"height":450},{"@type":"BreadcrumbList","@id":"https:\/\/akunq.net\/tr\/?p=66677#breadcrumb","itemListElement":[{"@type":"ListItem","position":1,"name":"Home","item":"https:\/\/akunq.net\/tr"},{"@type":"ListItem","position":2,"name":"Artsakh Ombudsman\u0131: Ermenilere kar\u015f\u0131 i\u015flenen su\u00e7lar\u0131n k\u0131nanmas\u0131 konusunda m\u00fccadelemizi devam ettirece\u011fiz"}]},{"@type":"WebSite","@id":"https:\/\/akunq.net\/tr\/#website","url":"https:\/\/akunq.net\/tr\/","name":"Bati Ermenistan Ve Bati Ermenileri Sorunlari Ara\u015ftirmalar Merkezi","description":"","potentialAction":[{"@type":"SearchAction","target":{"@type":"EntryPoint","urlTemplate":"https:\/\/akunq.net\/tr\/?s={search_term_string}"},"query-input":{"@type":"PropertyValueSpecification","valueRequired":true,"valueName":"search_term_string"}}],"inLanguage":"en-US"},{"@type":"Person","@id":"https:\/\/akunq.net\/tr\/#\/schema\/person\/096f1d38a12cce57fb855b485ed24c9e","name":"admin","url":"https:\/\/akunq.net\/tr\/?author=7"}]}},"_links":{"self":[{"href":"https:\/\/akunq.net\/tr\/index.php?rest_route=\/wp\/v2\/posts\/66677","targetHints":{"allow":["GET"]}}],"collection":[{"href":"https:\/\/akunq.net\/tr\/index.php?rest_route=\/wp\/v2\/posts"}],"about":[{"href":"https:\/\/akunq.net\/tr\/index.php?rest_route=\/wp\/v2\/types\/post"}],"author":[{"embeddable":true,"href":"https:\/\/akunq.net\/tr\/index.php?rest_route=\/wp\/v2\/users\/7"}],"replies":[{"embeddable":true,"href":"https:\/\/akunq.net\/tr\/index.php?rest_route=%2Fwp%2Fv2%2Fcomments&post=66677"}],"version-history":[{"count":1,"href":"https:\/\/akunq.net\/tr\/index.php?rest_route=\/wp\/v2\/posts\/66677\/revisions"}],"predecessor-version":[{"id":66679,"href":"https:\/\/akunq.net\/tr\/index.php?rest_route=\/wp\/v2\/posts\/66677\/revisions\/66679"}],"wp:featuredmedia":[{"embeddable":true,"href":"https:\/\/akunq.net\/tr\/index.php?rest_route=\/wp\/v2\/media\/66678"}],"wp:attachment":[{"href":"https:\/\/akunq.net\/tr\/index.php?rest_route=%2Fwp%2Fv2%2Fmedia&parent=66677"}],"wp:term":[{"taxonomy":"category","embeddable":true,"href":"https:\/\/akunq.net\/tr\/index.php?rest_route=%2Fwp%2Fv2%2Fcategories&post=66677"},{"taxonomy":"post_tag","embeddable":true,"href":"https:\/\/akunq.net\/tr\/index.php?rest_route=%2Fwp%2Fv2%2Ftags&post=66677"}],"curies":[{"name":"wp","href":"https:\/\/api.w.org\/{rel}","templated":true}]}}