{"id":66666,"date":"2022-01-19T02:20:24","date_gmt":"2022-01-19T07:20:24","guid":{"rendered":"https:\/\/akunq.net\/tr\/?p=66666"},"modified":"2022-01-19T02:20:24","modified_gmt":"2022-01-19T07:20:24","slug":"hdpden-hrant-dink-onergesi","status":"publish","type":"post","link":"https:\/\/akunq.net\/tr\/?p=66666","title":{"rendered":"HDP\u2019den Hrant Dink \u00f6nergesi"},"content":{"rendered":"<p><img loading=\"lazy\" decoding=\"async\" class=\"aligncenter size-medium wp-image-66667\" src=\"https:\/\/akunq.net\/tr\/wp-content\/uploads\/2022\/01\/Hrant-Dink-2-360x233.jpg\" alt=\"\" width=\"360\" height=\"233\" srcset=\"https:\/\/akunq.net\/tr\/wp-content\/uploads\/sites\/6\/2022\/01\/Hrant-Dink-2-360x233.jpg 360w, https:\/\/akunq.net\/tr\/wp-content\/uploads\/sites\/6\/2022\/01\/Hrant-Dink-2-260x168.jpg 260w, https:\/\/akunq.net\/tr\/wp-content\/uploads\/sites\/6\/2022\/01\/Hrant-Dink-2-160x103.jpg 160w, https:\/\/akunq.net\/tr\/wp-content\/uploads\/sites\/6\/2022\/01\/Hrant-Dink-2.jpg 500w\" sizes=\"auto, (max-width: 360px) 100vw, 360px\" \/><\/p>\n<p><em><strong>Meral Dan\u0131\u015f Be\u015fta\u015f ve Saruhan Olu\u00e7 TBMM ba\u015fkanl\u0131\u011f\u0131na verdi\u011fi ara\u015ft\u0131rma \u00f6nergesinde Meclis\u2019in cinayetle y\u00fczle\u015filmesi konusunda sorumluluk almas\u0131n\u0131 istedi.<\/strong><\/em><\/p>\n<p>HDP Grup Ba\u015fkanvekilleri Meral Dan\u0131\u015f Be\u015fta\u015f ve Saruhan Olu\u00e7, Hrant Dink\u2019in \u00f6ld\u00fcr\u00fcl\u00fc\u015f\u00fcn\u00fcn 15. y\u0131l\u0131nda cinayetinin t\u00fcm y\u00f6nleriyle ayd\u0131nlat\u0131lmas\u0131 i\u00e7in TBMM Ba\u015fkanl\u0131\u011f\u0131na bir ara\u015ft\u0131rma \u00f6nergesi verdi.<\/p>\n<p>Meclis\u2019in devletin i\u00e7indeki karanl\u0131k odaklardan ar\u0131nmas\u0131 ve \u201cbir bebekten katil yaratan karanl\u0131k\u201d ile y\u00fczle\u015filmesi i\u00e7in Meclis\u2019in sorumluluk almas\u0131n\u0131 istedi.<\/p>\n<p>Cinayet davas\u0131n\u0131n, Hrant Dink\u2019in \u00f6ld\u00fcr\u00fcl\u00fc\u015f\u00fcndeki karanl\u0131\u011f\u0131 a\u00e7\u0131\u011fa \u00e7\u0131karacak, adalet sa\u011flayacak bi\u00e7imde i\u015flemedi\u011fini belirten Dan\u0131\u015f-Be\u015fta\u015f ve Olu\u00e7 \u00f6nergede \u201cCinayetinin karanl\u0131kta b\u0131rak\u0131lmas\u0131 kabul edilemez\u201d dedi.<\/p>\n<p>Dan\u0131\u015f-Be\u015fta\u015f ve Olu\u00e7 \u00f6nergelerini \u015f\u00f6yle gerek\u00e7elendirdi:<\/p>\n<p>Ya\u015fam\u0131 boyunca T\u00fcrkiye halklar\u0131n\u0131n bar\u0131\u015f i\u00e7inde ya\u015famas\u0131 i\u00e7in m\u00fccadele eden Hrant Dink, 19 Ocak 2007 g\u00fcn\u00fc organize bir cinayetle katledildi. Cinayetin \u00fczerinden on be\u015f y\u0131l ge\u00e7mesine ra\u011fmen \u2018\u00f6ld\u00fcr\u2019 diyenlerden hesap sorulmad\u0131.<\/p>\n<p>Dink, Agos\u2019ta y\u0131llarca; Ermeni halk\u0131n\u0131n ya\u015fad\u0131\u011f\u0131 felaketleri, bu felaketlerle nas\u0131l y\u00fczle\u015filebilece\u011fi ve t\u00fcm halklar i\u00e7in adil bir gelece\u011fin nas\u0131l kurulabilece\u011fi \u00fczerine haberler yapt\u0131, yaz\u0131lar yazd\u0131. Hrant Dink y\u00fcz y\u0131ld\u0131r s\u00fcrd\u00fcr\u00fclen Ermeni politikas\u0131ndaki ezberleri sahicili\u011fi ve ikna g\u00fcc\u00fcyle bozuyordu.<\/p>\n<p>6 \u015eubat 2004 tarihinde AGOS\u2019ta yay\u0131mlanan \u2018Sabiha G\u00f6k\u00e7en\u2019in Ermeni bir yetim oldu\u011funu\u2019 konu alan haberden sonra, Genelkurmay Ba\u015fkanl\u0131\u011f\u0131 Dink\u2019i hedef g\u00f6steren bir a\u00e7\u0131klama yapt\u0131. Takip eden s\u00fcre\u00e7te Dink, \u0130stanbul Valili\u011fine \u00e7a\u011fr\u0131larak M\u0130T yetkililerince tehdit edildi. Hrant Dink, Genelkurmay a\u00e7\u0131klamas\u0131ndan sonra devlet i\u00e7indeki karanl\u0131k ellerce organize bir \u015fekilde hedef haline getirildi. Dink hakk\u0131nda, 16 Nisan 2005\u2019te \u2018T\u00fcrkl\u00fc\u011fe hakaret\u2019 (TCK 301) su\u00e7lamas\u0131yla dava a\u00e7\u0131ld\u0131. Dava sonucunda verilen mahk\u00fbmiyet karar\u0131, bilirki\u015fi raporuna ve Yarg\u0131tay Ba\u015fsavc\u0131l\u0131\u011f\u0131\u2019n\u0131n itiraz\u0131na ra\u011fmen Yarg\u0131tay taraf\u0131ndan onand\u0131. Medyadaki nefret s\u00f6ylemleri i\u00e7eren haberler, Hrant Dink\u2019i cinayetten \u00f6nce itibar suikastlar\u0131na maruz b\u0131rakt\u0131.<\/p>\n<p>Hrant Dink 19 Ocak 2007 g\u00fcn\u00fc devletin b\u00fct\u00fcn istihbarat ve g\u00fcvenlik birimlerimden yetkililerin bilgisi ve y\u00f6nlendirmesi ile bir tetik\u00e7i eliyle katledildi. Hrant Dink\u2019in cenazesinde bir araya gelen y\u00fczbinlerce yurtta\u015f\u0131n adalet talebi, T\u00fcrkiye siyasi tarihinde katledilen hi\u00e7bir ayd\u0131na nasip olmam\u0131\u015f \u015fekilde bug\u00fcne kadar en g\u00fc\u00e7l\u00fc \u015fekilde devam etti.<\/p>\n<p>Hrant Dink cinayetine dair yarg\u0131 s\u00fcreci, 20 Nisan 2007\u2019de a\u00e7\u0131lan dava ile ba\u015flad\u0131, 14 y\u0131l sonra 26 Mart 2021\u2019de ger\u00e7ekle\u015fen 131. duru\u015fmada karar a\u00e7\u0131kland\u0131. Cinayet davas\u0131ndaki yarg\u0131 s\u00fcreci, Dink\u2019i aram\u0131zdan alan karanl\u0131\u011f\u0131 a\u00e7\u0131\u011fa \u00e7\u0131karacak, adalet sa\u011flayacak bi\u00e7imde i\u015flemedi. Davada sorumluluk siyasi hesaplarla; \u00f6nce Ergenekoncu denilenlere, sonra FET\u00d6\u2019c\u00fc denilenlere y\u0131k\u0131lmaya \u00e7al\u0131\u015f\u0131ld\u0131.Hrant Dink cinayetinin failleri siyasi irade taraf\u0131ndan korundu ve yarg\u0131 \u00f6n\u00fcne \u00e7\u0131kar\u0131lmad\u0131. Yarg\u0131 \u00f6n\u00fcne \u00e7\u0131kar\u0131lanlar da etkin yarg\u0131lanmad\u0131.<\/p>\n<p>\u0130\u00e7i\u015fleri Bakan\u0131 S\u00fcleyman Soylu, bir televizyon program\u0131nda Dink cinayetinin g\u00f6r\u00fcnen akt\u00f6rlerinden Erhan Tuncel hakk\u0131nda, \u2018Erhan Tuncel ile Sedat Peker\u2019i kim ortak yapar? Sedat Peker\u2019e Erhan Tuncel\u2019i kim emanet eder? Bireylerden de\u011fil bir sistemden bahsediyorum. Hangi anlay\u0131\u015f Erhan Tuncel\u2019i Sedat Peker\u2019e emanet eder?\u2019 a\u00e7\u0131klamas\u0131n\u0131 yapmas\u0131n\u0131n \u00fczerinden sekiz ay ge\u00e7mesine ra\u011fmen savc\u0131ya cinayetle ilgili bildiklerini aktarmad\u0131. Bu a\u00e7\u0131klama ve bu a\u00e7\u0131klaman\u0131n sonu\u00e7lar\u0131n\u0131n olmamas\u0131, Dink cinayetinin ger\u00e7ek faillerinin \u2018Ankara\u2019n\u0131n karanl\u0131k dehlizlerinde\u2019 korunmaya devam etti\u011finin i\u015faretlerindendir.<\/p>\n<p>Hrant Dink davas\u0131nda adalet; temsili bir yarg\u0131lama ve siyasi iradenin belirledi\u011fi ki\u015filerin ceza almas\u0131yla de\u011fil, devlet i\u00e7inde cinayeti \u00f6rg\u00fctleyen organize k\u00f6t\u00fcl\u00fc\u011f\u00fcn b\u00fct\u00fcn unsurlar\u0131yla ortaya \u00e7\u0131kar\u0131lmas\u0131yla olur.<\/p>\n<p>Hrant Dink cinayetinin karanl\u0131kta b\u0131rak\u0131lmas\u0131 kabul edilemez. TBMM; Hrant Dink cinayetinin ayd\u0131nlat\u0131lmas\u0131, devletin i\u00e7indeki karanl\u0131k odaklardan ar\u0131nmas\u0131 ve \u2018bir bebekten katil yaratan karanl\u0131k\u2019 ile y\u00fczle\u015filmesi i\u00e7in sorumluluk almal\u0131d\u0131r. Bu ama\u00e7la, Hrant Dink cinayeti hakk\u0131nda bir Meclis Ara\u015ft\u0131rmas\u0131 a\u00e7\u0131lmas\u0131n\u0131 talep ediyoruz.<\/p>\n<hr \/>\n<p><strong><em><a href=\"https:\/\/bianet.org\/bianet\/siyaset\/256403-hdp-den-hrant-dink-onergesi?bia_source=rss\" target=\"_blank\" rel=\"noopener noreferrer\">Bianet<\/a>\u00a0<\/em><\/strong><\/p>\n","protected":false},"excerpt":{"rendered":"<p>Meral Dan\u0131\u015f Be\u015fta\u015f ve Saruhan Olu\u00e7 TBMM ba\u015fkanl\u0131\u011f\u0131na verdi\u011fi ara\u015ft\u0131rma \u00f6nergesinde Meclis\u2019in cinayetle y\u00fczle\u015filmesi konusunda sorumluluk almas\u0131n\u0131 istedi. HDP Grup Ba\u015fkanvekilleri Meral Dan\u0131\u015f Be\u015fta\u015f ve Saruhan Olu\u00e7, Hrant Dink\u2019in \u00f6ld\u00fcr\u00fcl\u00fc\u015f\u00fcn\u00fcn 15. y\u0131l\u0131nda cinayetinin t\u00fcm y\u00f6nleriyle ayd\u0131nlat\u0131lmas\u0131 i\u00e7in TBMM Ba\u015fkanl\u0131\u011f\u0131na bir ara\u015ft\u0131rma \u00f6nergesi verdi. Meclis\u2019in devletin i\u00e7indeki karanl\u0131k odaklardan ar\u0131nmas\u0131 ve \u201cbir bebekten katil yaratan karanl\u0131k\u201d [&hellip;]<\/p>\n","protected":false},"author":7,"featured_media":66667,"comment_status":"open","ping_status":"open","sticky":false,"template":"","format":"standard","meta":{"footnotes":""},"categories":[1],"tags":[],"class_list":["post-66666","post","type-post","status-publish","format-standard","has-post-thumbnail","hentry","category-haberler"],"yoast_head":"<!-- This site is optimized with the Yoast SEO plugin v27.4 - https:\/\/yoast.com\/product\/yoast-seo-wordpress\/ -->\n<title>HDP\u2019den Hrant Dink \u00f6nergesi - Bati Ermenistan Ve Bati Ermenileri Sorunlari Ara\u015ftirmalar Merkezi<\/title>\n<meta name=\"robots\" content=\"index, follow, max-snippet:-1, max-image-preview:large, max-video-preview:-1\" \/>\n<link rel=\"canonical\" href=\"https:\/\/akunq.net\/tr\/?p=66666\" \/>\n<meta property=\"og:locale\" content=\"en_US\" \/>\n<meta property=\"og:type\" content=\"article\" \/>\n<meta property=\"og:title\" content=\"HDP\u2019den Hrant Dink \u00f6nergesi - Bati Ermenistan Ve Bati Ermenileri Sorunlari Ara\u015ftirmalar Merkezi\" \/>\n<meta property=\"og:description\" content=\"Meral Dan\u0131\u015f Be\u015fta\u015f ve Saruhan Olu\u00e7 TBMM ba\u015fkanl\u0131\u011f\u0131na verdi\u011fi ara\u015ft\u0131rma \u00f6nergesinde Meclis\u2019in cinayetle y\u00fczle\u015filmesi konusunda sorumluluk almas\u0131n\u0131 istedi. HDP Grup Ba\u015fkanvekilleri Meral Dan\u0131\u015f Be\u015fta\u015f ve Saruhan Olu\u00e7, Hrant Dink\u2019in \u00f6ld\u00fcr\u00fcl\u00fc\u015f\u00fcn\u00fcn 15. y\u0131l\u0131nda cinayetinin t\u00fcm y\u00f6nleriyle ayd\u0131nlat\u0131lmas\u0131 i\u00e7in TBMM Ba\u015fkanl\u0131\u011f\u0131na bir ara\u015ft\u0131rma \u00f6nergesi verdi. Meclis\u2019in devletin i\u00e7indeki karanl\u0131k odaklardan ar\u0131nmas\u0131 ve \u201cbir bebekten katil yaratan karanl\u0131k\u201d [&hellip;]\" \/>\n<meta property=\"og:url\" content=\"https:\/\/akunq.net\/tr\/?p=66666\" \/>\n<meta property=\"og:site_name\" content=\"Bati Ermenistan Ve Bati Ermenileri Sorunlari Ara\u015ftirmalar Merkezi\" \/>\n<meta property=\"article:published_time\" content=\"2022-01-19T07:20:24+00:00\" \/>\n<meta property=\"og:image\" content=\"https:\/\/akunq.net\/tr\/wp-content\/uploads\/sites\/6\/2022\/01\/Hrant-Dink-2.jpg\" \/>\n\t<meta property=\"og:image:width\" content=\"500\" \/>\n\t<meta property=\"og:image:height\" content=\"323\" \/>\n\t<meta property=\"og:image:type\" content=\"image\/jpeg\" \/>\n<meta name=\"author\" content=\"admin\" \/>\n<meta name=\"twitter:card\" content=\"summary_large_image\" \/>\n<meta name=\"twitter:label1\" content=\"Written by\" \/>\n\t<meta name=\"twitter:data1\" content=\"admin\" \/>\n\t<meta name=\"twitter:label2\" content=\"Est. reading time\" \/>\n\t<meta name=\"twitter:data2\" content=\"4 minutes\" \/>\n<script type=\"application\/ld+json\" class=\"yoast-schema-graph\">{\"@context\":\"https:\\\/\\\/schema.org\",\"@graph\":[{\"@type\":\"Article\",\"@id\":\"https:\\\/\\\/akunq.net\\\/tr\\\/?p=66666#article\",\"isPartOf\":{\"@id\":\"https:\\\/\\\/akunq.net\\\/tr\\\/?p=66666\"},\"author\":{\"name\":\"admin\",\"@id\":\"https:\\\/\\\/akunq.net\\\/tr\\\/#\\\/schema\\\/person\\\/096f1d38a12cce57fb855b485ed24c9e\"},\"headline\":\"HDP\u2019den Hrant Dink \u00f6nergesi\",\"datePublished\":\"2022-01-19T07:20:24+00:00\",\"mainEntityOfPage\":{\"@id\":\"https:\\\/\\\/akunq.net\\\/tr\\\/?p=66666\"},\"wordCount\":741,\"commentCount\":0,\"image\":{\"@id\":\"https:\\\/\\\/akunq.net\\\/tr\\\/?p=66666#primaryimage\"},\"thumbnailUrl\":\"https:\\\/\\\/akunq.net\\\/tr\\\/wp-content\\\/uploads\\\/sites\\\/6\\\/2022\\\/01\\\/Hrant-Dink-2.jpg\",\"articleSection\":[\"Haberler\"],\"inLanguage\":\"en-US\",\"potentialAction\":[{\"@type\":\"CommentAction\",\"name\":\"Comment\",\"target\":[\"https:\\\/\\\/akunq.net\\\/tr\\\/?p=66666#respond\"]}]},{\"@type\":\"WebPage\",\"@id\":\"https:\\\/\\\/akunq.net\\\/tr\\\/?p=66666\",\"url\":\"https:\\\/\\\/akunq.net\\\/tr\\\/?p=66666\",\"name\":\"HDP\u2019den Hrant Dink \u00f6nergesi - Bati Ermenistan Ve Bati Ermenileri Sorunlari Ara\u015ftirmalar Merkezi\",\"isPartOf\":{\"@id\":\"https:\\\/\\\/akunq.net\\\/tr\\\/#website\"},\"primaryImageOfPage\":{\"@id\":\"https:\\\/\\\/akunq.net\\\/tr\\\/?p=66666#primaryimage\"},\"image\":{\"@id\":\"https:\\\/\\\/akunq.net\\\/tr\\\/?p=66666#primaryimage\"},\"thumbnailUrl\":\"https:\\\/\\\/akunq.net\\\/tr\\\/wp-content\\\/uploads\\\/sites\\\/6\\\/2022\\\/01\\\/Hrant-Dink-2.jpg\",\"datePublished\":\"2022-01-19T07:20:24+00:00\",\"author\":{\"@id\":\"https:\\\/\\\/akunq.net\\\/tr\\\/#\\\/schema\\\/person\\\/096f1d38a12cce57fb855b485ed24c9e\"},\"breadcrumb\":{\"@id\":\"https:\\\/\\\/akunq.net\\\/tr\\\/?p=66666#breadcrumb\"},\"inLanguage\":\"en-US\",\"potentialAction\":[{\"@type\":\"ReadAction\",\"target\":[\"https:\\\/\\\/akunq.net\\\/tr\\\/?p=66666\"]}]},{\"@type\":\"ImageObject\",\"inLanguage\":\"en-US\",\"@id\":\"https:\\\/\\\/akunq.net\\\/tr\\\/?p=66666#primaryimage\",\"url\":\"https:\\\/\\\/akunq.net\\\/tr\\\/wp-content\\\/uploads\\\/sites\\\/6\\\/2022\\\/01\\\/Hrant-Dink-2.jpg\",\"contentUrl\":\"https:\\\/\\\/akunq.net\\\/tr\\\/wp-content\\\/uploads\\\/sites\\\/6\\\/2022\\\/01\\\/Hrant-Dink-2.jpg\",\"width\":500,\"height\":323},{\"@type\":\"BreadcrumbList\",\"@id\":\"https:\\\/\\\/akunq.net\\\/tr\\\/?p=66666#breadcrumb\",\"itemListElement\":[{\"@type\":\"ListItem\",\"position\":1,\"name\":\"Home\",\"item\":\"https:\\\/\\\/akunq.net\\\/tr\"},{\"@type\":\"ListItem\",\"position\":2,\"name\":\"HDP\u2019den Hrant Dink \u00f6nergesi\"}]},{\"@type\":\"WebSite\",\"@id\":\"https:\\\/\\\/akunq.net\\\/tr\\\/#website\",\"url\":\"https:\\\/\\\/akunq.net\\\/tr\\\/\",\"name\":\"Bati Ermenistan Ve Bati Ermenileri Sorunlari Ara\u015ftirmalar Merkezi\",\"description\":\"\",\"potentialAction\":[{\"@type\":\"SearchAction\",\"target\":{\"@type\":\"EntryPoint\",\"urlTemplate\":\"https:\\\/\\\/akunq.net\\\/tr\\\/?s={search_term_string}\"},\"query-input\":{\"@type\":\"PropertyValueSpecification\",\"valueRequired\":true,\"valueName\":\"search_term_string\"}}],\"inLanguage\":\"en-US\"},{\"@type\":\"Person\",\"@id\":\"https:\\\/\\\/akunq.net\\\/tr\\\/#\\\/schema\\\/person\\\/096f1d38a12cce57fb855b485ed24c9e\",\"name\":\"admin\",\"url\":\"https:\\\/\\\/akunq.net\\\/tr\\\/?author=7\"}]}<\/script>\n<!-- \/ Yoast SEO plugin. -->","yoast_head_json":{"title":"HDP\u2019den Hrant Dink \u00f6nergesi - Bati Ermenistan Ve Bati Ermenileri Sorunlari Ara\u015ftirmalar Merkezi","robots":{"index":"index","follow":"follow","max-snippet":"max-snippet:-1","max-image-preview":"max-image-preview:large","max-video-preview":"max-video-preview:-1"},"canonical":"https:\/\/akunq.net\/tr\/?p=66666","og_locale":"en_US","og_type":"article","og_title":"HDP\u2019den Hrant Dink \u00f6nergesi - Bati Ermenistan Ve Bati Ermenileri Sorunlari Ara\u015ftirmalar Merkezi","og_description":"Meral Dan\u0131\u015f Be\u015fta\u015f ve Saruhan Olu\u00e7 TBMM ba\u015fkanl\u0131\u011f\u0131na verdi\u011fi ara\u015ft\u0131rma \u00f6nergesinde Meclis\u2019in cinayetle y\u00fczle\u015filmesi konusunda sorumluluk almas\u0131n\u0131 istedi. HDP Grup Ba\u015fkanvekilleri Meral Dan\u0131\u015f Be\u015fta\u015f ve Saruhan Olu\u00e7, Hrant Dink\u2019in \u00f6ld\u00fcr\u00fcl\u00fc\u015f\u00fcn\u00fcn 15. y\u0131l\u0131nda cinayetinin t\u00fcm y\u00f6nleriyle ayd\u0131nlat\u0131lmas\u0131 i\u00e7in TBMM Ba\u015fkanl\u0131\u011f\u0131na bir ara\u015ft\u0131rma \u00f6nergesi verdi. Meclis\u2019in devletin i\u00e7indeki karanl\u0131k odaklardan ar\u0131nmas\u0131 ve \u201cbir bebekten katil yaratan karanl\u0131k\u201d [&hellip;]","og_url":"https:\/\/akunq.net\/tr\/?p=66666","og_site_name":"Bati Ermenistan Ve Bati Ermenileri Sorunlari Ara\u015ftirmalar Merkezi","article_published_time":"2022-01-19T07:20:24+00:00","og_image":[{"width":500,"height":323,"url":"https:\/\/akunq.net\/tr\/wp-content\/uploads\/sites\/6\/2022\/01\/Hrant-Dink-2.jpg","type":"image\/jpeg"}],"author":"admin","twitter_card":"summary_large_image","twitter_misc":{"Written by":"admin","Est. reading time":"4 minutes"},"schema":{"@context":"https:\/\/schema.org","@graph":[{"@type":"Article","@id":"https:\/\/akunq.net\/tr\/?p=66666#article","isPartOf":{"@id":"https:\/\/akunq.net\/tr\/?p=66666"},"author":{"name":"admin","@id":"https:\/\/akunq.net\/tr\/#\/schema\/person\/096f1d38a12cce57fb855b485ed24c9e"},"headline":"HDP\u2019den Hrant Dink \u00f6nergesi","datePublished":"2022-01-19T07:20:24+00:00","mainEntityOfPage":{"@id":"https:\/\/akunq.net\/tr\/?p=66666"},"wordCount":741,"commentCount":0,"image":{"@id":"https:\/\/akunq.net\/tr\/?p=66666#primaryimage"},"thumbnailUrl":"https:\/\/akunq.net\/tr\/wp-content\/uploads\/sites\/6\/2022\/01\/Hrant-Dink-2.jpg","articleSection":["Haberler"],"inLanguage":"en-US","potentialAction":[{"@type":"CommentAction","name":"Comment","target":["https:\/\/akunq.net\/tr\/?p=66666#respond"]}]},{"@type":"WebPage","@id":"https:\/\/akunq.net\/tr\/?p=66666","url":"https:\/\/akunq.net\/tr\/?p=66666","name":"HDP\u2019den Hrant Dink \u00f6nergesi - Bati Ermenistan Ve Bati Ermenileri Sorunlari Ara\u015ftirmalar Merkezi","isPartOf":{"@id":"https:\/\/akunq.net\/tr\/#website"},"primaryImageOfPage":{"@id":"https:\/\/akunq.net\/tr\/?p=66666#primaryimage"},"image":{"@id":"https:\/\/akunq.net\/tr\/?p=66666#primaryimage"},"thumbnailUrl":"https:\/\/akunq.net\/tr\/wp-content\/uploads\/sites\/6\/2022\/01\/Hrant-Dink-2.jpg","datePublished":"2022-01-19T07:20:24+00:00","author":{"@id":"https:\/\/akunq.net\/tr\/#\/schema\/person\/096f1d38a12cce57fb855b485ed24c9e"},"breadcrumb":{"@id":"https:\/\/akunq.net\/tr\/?p=66666#breadcrumb"},"inLanguage":"en-US","potentialAction":[{"@type":"ReadAction","target":["https:\/\/akunq.net\/tr\/?p=66666"]}]},{"@type":"ImageObject","inLanguage":"en-US","@id":"https:\/\/akunq.net\/tr\/?p=66666#primaryimage","url":"https:\/\/akunq.net\/tr\/wp-content\/uploads\/sites\/6\/2022\/01\/Hrant-Dink-2.jpg","contentUrl":"https:\/\/akunq.net\/tr\/wp-content\/uploads\/sites\/6\/2022\/01\/Hrant-Dink-2.jpg","width":500,"height":323},{"@type":"BreadcrumbList","@id":"https:\/\/akunq.net\/tr\/?p=66666#breadcrumb","itemListElement":[{"@type":"ListItem","position":1,"name":"Home","item":"https:\/\/akunq.net\/tr"},{"@type":"ListItem","position":2,"name":"HDP\u2019den Hrant Dink \u00f6nergesi"}]},{"@type":"WebSite","@id":"https:\/\/akunq.net\/tr\/#website","url":"https:\/\/akunq.net\/tr\/","name":"Bati Ermenistan Ve Bati Ermenileri Sorunlari Ara\u015ftirmalar Merkezi","description":"","potentialAction":[{"@type":"SearchAction","target":{"@type":"EntryPoint","urlTemplate":"https:\/\/akunq.net\/tr\/?s={search_term_string}"},"query-input":{"@type":"PropertyValueSpecification","valueRequired":true,"valueName":"search_term_string"}}],"inLanguage":"en-US"},{"@type":"Person","@id":"https:\/\/akunq.net\/tr\/#\/schema\/person\/096f1d38a12cce57fb855b485ed24c9e","name":"admin","url":"https:\/\/akunq.net\/tr\/?author=7"}]}},"_links":{"self":[{"href":"https:\/\/akunq.net\/tr\/index.php?rest_route=\/wp\/v2\/posts\/66666","targetHints":{"allow":["GET"]}}],"collection":[{"href":"https:\/\/akunq.net\/tr\/index.php?rest_route=\/wp\/v2\/posts"}],"about":[{"href":"https:\/\/akunq.net\/tr\/index.php?rest_route=\/wp\/v2\/types\/post"}],"author":[{"embeddable":true,"href":"https:\/\/akunq.net\/tr\/index.php?rest_route=\/wp\/v2\/users\/7"}],"replies":[{"embeddable":true,"href":"https:\/\/akunq.net\/tr\/index.php?rest_route=%2Fwp%2Fv2%2Fcomments&post=66666"}],"version-history":[{"count":1,"href":"https:\/\/akunq.net\/tr\/index.php?rest_route=\/wp\/v2\/posts\/66666\/revisions"}],"predecessor-version":[{"id":66668,"href":"https:\/\/akunq.net\/tr\/index.php?rest_route=\/wp\/v2\/posts\/66666\/revisions\/66668"}],"wp:featuredmedia":[{"embeddable":true,"href":"https:\/\/akunq.net\/tr\/index.php?rest_route=\/wp\/v2\/media\/66667"}],"wp:attachment":[{"href":"https:\/\/akunq.net\/tr\/index.php?rest_route=%2Fwp%2Fv2%2Fmedia&parent=66666"}],"wp:term":[{"taxonomy":"category","embeddable":true,"href":"https:\/\/akunq.net\/tr\/index.php?rest_route=%2Fwp%2Fv2%2Fcategories&post=66666"},{"taxonomy":"post_tag","embeddable":true,"href":"https:\/\/akunq.net\/tr\/index.php?rest_route=%2Fwp%2Fv2%2Ftags&post=66666"}],"curies":[{"name":"wp","href":"https:\/\/api.w.org\/{rel}","templated":true}]}}