{"id":66663,"date":"2022-01-19T02:05:39","date_gmt":"2022-01-19T07:05:39","guid":{"rendered":"https:\/\/akunq.net\/tr\/?p=66663"},"modified":"2022-01-19T02:05:39","modified_gmt":"2022-01-19T07:05:39","slug":"dink-cinayeti-mit-mensuplarini-dinleme-kararindan-neden-vazgecildi","status":"publish","type":"post","link":"https:\/\/akunq.net\/tr\/?p=66663","title":{"rendered":"Dink cinayeti: M\u0130T mensuplar\u0131n\u0131 dinleme karar\u0131ndan neden vazge\u00e7ildi?"},"content":{"rendered":"<p><strong><img loading=\"lazy\" decoding=\"async\" class=\"aligncenter size-medium wp-image-66664\" src=\"https:\/\/akunq.net\/tr\/wp-content\/uploads\/2022\/01\/Hrant-Dink-1-360x203.jpg\" alt=\"\" width=\"360\" height=\"203\" srcset=\"https:\/\/akunq.net\/tr\/wp-content\/uploads\/sites\/6\/2022\/01\/Hrant-Dink-1-360x203.jpg 360w, https:\/\/akunq.net\/tr\/wp-content\/uploads\/sites\/6\/2022\/01\/Hrant-Dink-1-768x432.jpg 768w, https:\/\/akunq.net\/tr\/wp-content\/uploads\/sites\/6\/2022\/01\/Hrant-Dink-1-560x315.jpg 560w, https:\/\/akunq.net\/tr\/wp-content\/uploads\/sites\/6\/2022\/01\/Hrant-Dink-1-260x146.jpg 260w, https:\/\/akunq.net\/tr\/wp-content\/uploads\/sites\/6\/2022\/01\/Hrant-Dink-1-160x90.jpg 160w, https:\/\/akunq.net\/tr\/wp-content\/uploads\/sites\/6\/2022\/01\/Hrant-Dink-1.jpg 1280w\" sizes=\"auto, (max-width: 360px) 100vw, 360px\" \/><\/strong><\/p>\n<p><em><strong>HDP\u2019nin Hrant Dink cinayetinin t\u00fcm y\u00f6nleriyle ara\u015ft\u0131r\u0131lmas\u0131 amac\u0131yla verdi\u011fi \u00f6nerge Meclis\u2019te reddedildi.<\/strong><\/em><\/p>\n<p>ANKARA \u2013 HDP, 15 y\u0131l \u00f6nce genel yay\u0131n y\u00f6netmenli\u011fini yapt\u0131\u011f\u0131 Agos Gazetesi \u00f6n\u00fcnde \u00f6ld\u00fcr\u00fclen Hrant Dink cinayetini Meclis g\u00fcndemine ta\u015f\u0131d\u0131. Cinayetin ara\u015ft\u0131r\u0131lmas\u0131 i\u00e7in verilen \u00f6nerge reddedildi.<\/p>\n<p>Meclis Genel Kurulu\u2019nda HDP grubu ad\u0131na konu\u015fan Diyarbak\u0131r Milletvekili Garo Paylan, Hrant Dink\u2019in 19 Ocak 2007 g\u00fcn\u00fc organize bir cinayetle, devletin b\u00fct\u00fcn varl\u0131\u011f\u0131yla i\u00e7inde bulundu\u011fu bir cinayetle katledildi\u011fini s\u00f6yledi. Yarg\u0131 s\u00fcrecini ele\u015ftiren Paylan, \u201c\u00d6nce cinayet i\u00e7in \u201cErgenekoncu\u201d denilenler yarg\u0131lanmaya \u00e7al\u0131\u015f\u0131ld\u0131 -bir g\u00f6steriydi yaln\u0131zca- daha sonra siyasi dengeler de\u011fi\u015fince \u201ccemaat\u00e7i\u201d denilenler \u00f6n\u00fcm\u00fcze konuldu ama hi\u00e7bir zaman bu devletin i\u00e7indeki karanl\u0131kla y\u00fczle\u015filmedi. \u201cHrant Dink\u2019i \u00f6ld\u00fcr\u201d diyenler yarg\u0131lanmad\u0131\u201d dedi.<\/p>\n<p><strong>\u2018HRANT D\u0130NK\u2019E BORCUMUZU ANCAK ADALETLE YER\u0130NE GET\u0130REB\u0130L\u0130R\u0130Z\u2019<\/strong><\/p>\n<p>\u0130\u00e7i\u015fleri Bakan\u0131 S\u00fcleyman Soylu\u2019nun 8 ay \u00f6nce Dink cinayetinin ba\u015f sorumlular\u0131ndan Erhan Tuncel ile ilgili, \u201cErhan Tuncel\u2019i Sedat Peker\u2019le kim ortak yapar?\u201d s\u00f6zlerinin ard\u0131ndan hi\u00e7bir savc\u0131n\u0131n harekete ge\u00e7medi\u011fini anlatan Paylan, \u201cBu bile, Hrant Dink cinayetinin Ankara\u2019n\u0131n karanl\u0131k dehlizlerinde h\u00e2l\u00e2 o karanl\u0131kta tutulma iradesinin korundu\u011funu g\u00f6steriyor. Sevgili Rakel Dink\u2019in Hrant Dink cenazesinde s\u00f6yledi\u011fi gibi, bebeklerden katil yaratan karanl\u0131kla y\u00fczle\u015fmenin art\u0131k zaman\u0131d\u0131r arkada\u015flar. Bu konuda biz Hrant Dink\u2019e bor\u00e7luyuz ve bu borcumuzu ancak adaletle yerine getirebiliriz\u201d dedi. Paylan s\u00f6zlerini Ermenice \u201cAsdvadz hokin lusavore- Tanr\u0131 ruhunu nurland\u0131rs\u0131n\u201d s\u00f6zleriyle tamamlad\u0131. Bu s\u00f6zler de tutanaklara X olarak ge\u00e7ti.<\/p>\n<p><strong>\u2018M\u0130T MENSUPLARINI D\u0130NLEME KARARINDAN NEDEN VAZGE\u00c7\u0130LD\u0130?\u2019<\/strong><\/p>\n<p>CHP grubu ad\u0131na konu\u015fan \u0130stanbul Milletvekili Sezgin Tanr\u0131kulu, Din cinayeti yarg\u0131 s\u00fcrecini ba\u015f\u0131ndan sona izledi\u011fini belirterek, \u201c15 y\u0131l boyunca neredeyse b\u00fct\u00fcn duru\u015fmalar\u0131 izledim ama maalesef bu cinayet Adalet ve Kalk\u0131nma Partisi\u2019nin mutlak iktidar\u0131 d\u00f6neminde planland\u0131, mutlak iktidar\u0131 d\u00f6neminde ger\u00e7ekle\u015fti ve mutlak iktidar\u0131 d\u00f6neminde de yarg\u0131lamas\u0131 yap\u0131ld\u0131; maalesef kirli ili\u015fkiler, organize ili\u015fkiler Adalet ve Kalk\u0131nma Partisi\u2019nin siyasi ili\u015fkisiyle ortaya \u00e7\u0131kar\u0131lmad\u0131. Bunun bizzat tan\u0131\u011f\u0131y\u0131m\u201d dedi. Yarg\u0131daki baz\u0131 atamalar sonucu ortaya \u00e7\u0131kan kararlara dikkat \u00e7eken Tanr\u0131kulu, \u201c14. A\u011f\u0131r Ceza Mahkemesi\u2019nin M\u0130T mensuplar\u0131n\u0131 dinleme karar\u0131ndan neden vazge\u00e7ti\u011fini gelin burada a\u00e7\u0131klay\u0131n; a\u00e7\u0131klayamazs\u0131n\u0131z \u00e7\u00fcnk\u00fc bu siyasi cinayet sizin zaman\u0131n\u0131zda, sizin mutlak iktidar\u0131n\u0131z d\u00f6neminde oldu ve sizin siyasi sorumlulu\u011funuz var. Ama, Hrant, yatt\u0131\u011f\u0131 yerde, o delikli ayakkab\u0131s\u0131yla, taban\u0131yla sizleri mahk\u00fbm etmeye devam edecek\u201d dedi.<\/p>\n<p><strong>AK PART\u0130\u2019DEN FET\u00d6 VURGUSU<\/strong><\/p>\n<p>AK Parti grubu ad\u0131na Bal\u0131kesir Milletvekili Pakize Mutlu Aydemir konu\u015ftu. Yarg\u0131 s\u00fcrecinde verilen cezalar\u0131 anlatan Aydemir, \u201cAK Parti d\u00f6neminde \u00fclkemiz, faili me\u00e7hullerin ayd\u0131nlat\u0131lmad\u0131\u011f\u0131 bir \u00fclke olmaktan \u00e7\u0131km\u0131\u015ft\u0131r. \u00d6nergede bahsedilen olaylar yarg\u0131n\u0131n g\u00fcndemine gelmi\u015f, ba\u011f\u0131ms\u0131z yarg\u0131 taraf\u0131ndan soru\u015fturulmu\u015f, bir k\u0131s\u0131m soru\u015fturma da h\u00e2len devam etmektedir\u201d dedi. Davan\u0131n seyrinin 17-25 Aral\u0131k \u201cyarg\u0131 darbesi\u201d sonras\u0131 de\u011fi\u015fti\u011fine dikkat \u00e7eken Aydemir, \u201cCinayetin i\u00e7erisindeki illegal yap\u0131lar 15 Temmuz\u2019dan sonra da temizlenmi\u015ftir\u201d dedi.<\/p>\n<p><strong>\u2018BU C\u0130NAYET\u0130N \u00dcST\u00dc \u00d6RT\u00dcL\u00dcYOR\u2019<\/strong><\/p>\n<p>Tekrar s\u00f6z alan Paylan, \u201c\u00d6nce \u201cErgenekoncu\u201d denilenlerle u\u011fra\u015ft\u0131rd\u0131n\u0131z yarg\u0131y\u0131 ama ger\u00e7ek sorumlulara y\u00fcr\u00fcmediniz, \u015fimdi de \u201ccemaat\u00e7i\u201d denilenlerle u\u011fra\u015ft\u0131r\u0131yorsunuz. Ama bak\u0131n, Hrant Dink 2005 y\u0131l\u0131nda valili\u011fe \u00e7a\u011fr\u0131l\u0131p M\u0130T yetkililerince tehdit edildi. Bu yetkililerin mahkeme \u00f6n\u00fcne \u00e7\u0131kar\u0131lmas\u0131 i\u00e7in karar verildi ge\u00e7en y\u0131l, bu y\u0131l bu karar kald\u0131r\u0131ld\u0131. Bu karar\u0131 neden kald\u0131rtt\u0131n\u0131z? \u0130\u00e7i\u015fleri Bakan\u0131 S\u00fcleyman Soylu \u201cErhan Tuncel\u2019i Sedat Peker\u2019e kim emanet eder?\u201d dedi, bunula ilgili \u0130\u00e7i\u015fleri Bakan\u0131 -bug\u00fcne kadar sekiz ay ge\u00e7ti- bildiklerini savc\u0131l\u0131\u011fa anlatmad\u0131. Bu cinayetin \u00fcst\u00fc \u00f6rt\u00fcl\u00fcyor. \u00dcst\u00fcndeki sis perdesinin kald\u0131r\u0131lmas\u0131 i\u00e7in siyasi bir irade gerekir, bunun i\u00e7in bu ara\u015ft\u0131rma \u00f6nergemizi destekleyin, bu cinayetin \u00fczerindeki sis perdesini hep beraber kald\u0131ral\u0131m\u201d dedi.<\/p>\n<p>HDP\u2019nin Dink cinayetinin ara\u015ft\u0131r\u0131lmas\u0131 i\u00e7in verdi\u011fi \u00f6nerge \u00e7o\u011funluk taraf\u0131ndan reddedildi. (DUVAR)<\/p>\n<hr \/>\n<p><em><strong><a href=\"https:\/\/www.gazeteduvar.com.tr\/dink-cinayeti-mit-mensuplarini-dinleme-kararindan-neden-vazgecildi-haber-1549760\" target=\"_blank\" rel=\"noopener noreferrer\">Gazete Duvar<\/a>\u00a0<\/strong><\/em><\/p>\n","protected":false},"excerpt":{"rendered":"<p>HDP\u2019nin Hrant Dink cinayetinin t\u00fcm y\u00f6nleriyle ara\u015ft\u0131r\u0131lmas\u0131 amac\u0131yla verdi\u011fi \u00f6nerge Meclis\u2019te reddedildi. ANKARA \u2013 HDP, 15 y\u0131l \u00f6nce genel yay\u0131n y\u00f6netmenli\u011fini yapt\u0131\u011f\u0131 Agos Gazetesi \u00f6n\u00fcnde \u00f6ld\u00fcr\u00fclen Hrant Dink cinayetini Meclis g\u00fcndemine ta\u015f\u0131d\u0131. Cinayetin ara\u015ft\u0131r\u0131lmas\u0131 i\u00e7in verilen \u00f6nerge reddedildi. Meclis Genel Kurulu\u2019nda HDP grubu ad\u0131na konu\u015fan Diyarbak\u0131r Milletvekili Garo Paylan, Hrant Dink\u2019in 19 Ocak 2007 g\u00fcn\u00fc [&hellip;]<\/p>\n","protected":false},"author":7,"featured_media":66664,"comment_status":"open","ping_status":"open","sticky":false,"template":"","format":"standard","meta":{"footnotes":""},"categories":[1],"tags":[],"class_list":["post-66663","post","type-post","status-publish","format-standard","has-post-thumbnail","hentry","category-haberler"],"yoast_head":"<!-- This site is optimized with the Yoast SEO plugin v27.4 - https:\/\/yoast.com\/product\/yoast-seo-wordpress\/ -->\n<title>Dink cinayeti: M\u0130T mensuplar\u0131n\u0131 dinleme karar\u0131ndan neden vazge\u00e7ildi? - Bati Ermenistan Ve Bati Ermenileri Sorunlari Ara\u015ftirmalar Merkezi<\/title>\n<meta name=\"robots\" content=\"index, follow, max-snippet:-1, max-image-preview:large, max-video-preview:-1\" \/>\n<link rel=\"canonical\" href=\"https:\/\/akunq.net\/tr\/?p=66663\" \/>\n<meta property=\"og:locale\" content=\"en_US\" \/>\n<meta property=\"og:type\" content=\"article\" \/>\n<meta property=\"og:title\" content=\"Dink cinayeti: M\u0130T mensuplar\u0131n\u0131 dinleme karar\u0131ndan neden vazge\u00e7ildi? - Bati Ermenistan Ve Bati Ermenileri Sorunlari Ara\u015ftirmalar Merkezi\" \/>\n<meta property=\"og:description\" content=\"HDP\u2019nin Hrant Dink cinayetinin t\u00fcm y\u00f6nleriyle ara\u015ft\u0131r\u0131lmas\u0131 amac\u0131yla verdi\u011fi \u00f6nerge Meclis\u2019te reddedildi. ANKARA \u2013 HDP, 15 y\u0131l \u00f6nce genel yay\u0131n y\u00f6netmenli\u011fini yapt\u0131\u011f\u0131 Agos Gazetesi \u00f6n\u00fcnde \u00f6ld\u00fcr\u00fclen Hrant Dink cinayetini Meclis g\u00fcndemine ta\u015f\u0131d\u0131. Cinayetin ara\u015ft\u0131r\u0131lmas\u0131 i\u00e7in verilen \u00f6nerge reddedildi. Meclis Genel Kurulu\u2019nda HDP grubu ad\u0131na konu\u015fan Diyarbak\u0131r Milletvekili Garo Paylan, Hrant Dink\u2019in 19 Ocak 2007 g\u00fcn\u00fc [&hellip;]\" \/>\n<meta property=\"og:url\" content=\"https:\/\/akunq.net\/tr\/?p=66663\" \/>\n<meta property=\"og:site_name\" content=\"Bati Ermenistan Ve Bati Ermenileri Sorunlari Ara\u015ftirmalar Merkezi\" \/>\n<meta property=\"article:published_time\" content=\"2022-01-19T07:05:39+00:00\" \/>\n<meta property=\"og:image\" content=\"https:\/\/akunq.net\/tr\/wp-content\/uploads\/sites\/6\/2022\/01\/Hrant-Dink-1.jpg\" \/>\n\t<meta property=\"og:image:width\" content=\"1280\" \/>\n\t<meta property=\"og:image:height\" content=\"720\" \/>\n\t<meta property=\"og:image:type\" content=\"image\/jpeg\" \/>\n<meta name=\"author\" content=\"admin\" \/>\n<meta name=\"twitter:card\" content=\"summary_large_image\" \/>\n<meta name=\"twitter:label1\" content=\"Written by\" \/>\n\t<meta name=\"twitter:data1\" content=\"admin\" \/>\n\t<meta name=\"twitter:label2\" content=\"Est. reading time\" \/>\n\t<meta name=\"twitter:data2\" content=\"4 minutes\" \/>\n<script type=\"application\/ld+json\" class=\"yoast-schema-graph\">{\"@context\":\"https:\\\/\\\/schema.org\",\"@graph\":[{\"@type\":\"Article\",\"@id\":\"https:\\\/\\\/akunq.net\\\/tr\\\/?p=66663#article\",\"isPartOf\":{\"@id\":\"https:\\\/\\\/akunq.net\\\/tr\\\/?p=66663\"},\"author\":{\"name\":\"admin\",\"@id\":\"https:\\\/\\\/akunq.net\\\/tr\\\/#\\\/schema\\\/person\\\/096f1d38a12cce57fb855b485ed24c9e\"},\"headline\":\"Dink cinayeti: M\u0130T mensuplar\u0131n\u0131 dinleme karar\u0131ndan neden vazge\u00e7ildi?\",\"datePublished\":\"2022-01-19T07:05:39+00:00\",\"mainEntityOfPage\":{\"@id\":\"https:\\\/\\\/akunq.net\\\/tr\\\/?p=66663\"},\"wordCount\":769,\"commentCount\":0,\"image\":{\"@id\":\"https:\\\/\\\/akunq.net\\\/tr\\\/?p=66663#primaryimage\"},\"thumbnailUrl\":\"https:\\\/\\\/akunq.net\\\/tr\\\/wp-content\\\/uploads\\\/sites\\\/6\\\/2022\\\/01\\\/Hrant-Dink-1.jpg\",\"articleSection\":[\"Haberler\"],\"inLanguage\":\"en-US\",\"potentialAction\":[{\"@type\":\"CommentAction\",\"name\":\"Comment\",\"target\":[\"https:\\\/\\\/akunq.net\\\/tr\\\/?p=66663#respond\"]}]},{\"@type\":\"WebPage\",\"@id\":\"https:\\\/\\\/akunq.net\\\/tr\\\/?p=66663\",\"url\":\"https:\\\/\\\/akunq.net\\\/tr\\\/?p=66663\",\"name\":\"Dink cinayeti: M\u0130T mensuplar\u0131n\u0131 dinleme karar\u0131ndan neden vazge\u00e7ildi? - Bati Ermenistan Ve Bati Ermenileri Sorunlari Ara\u015ftirmalar Merkezi\",\"isPartOf\":{\"@id\":\"https:\\\/\\\/akunq.net\\\/tr\\\/#website\"},\"primaryImageOfPage\":{\"@id\":\"https:\\\/\\\/akunq.net\\\/tr\\\/?p=66663#primaryimage\"},\"image\":{\"@id\":\"https:\\\/\\\/akunq.net\\\/tr\\\/?p=66663#primaryimage\"},\"thumbnailUrl\":\"https:\\\/\\\/akunq.net\\\/tr\\\/wp-content\\\/uploads\\\/sites\\\/6\\\/2022\\\/01\\\/Hrant-Dink-1.jpg\",\"datePublished\":\"2022-01-19T07:05:39+00:00\",\"author\":{\"@id\":\"https:\\\/\\\/akunq.net\\\/tr\\\/#\\\/schema\\\/person\\\/096f1d38a12cce57fb855b485ed24c9e\"},\"breadcrumb\":{\"@id\":\"https:\\\/\\\/akunq.net\\\/tr\\\/?p=66663#breadcrumb\"},\"inLanguage\":\"en-US\",\"potentialAction\":[{\"@type\":\"ReadAction\",\"target\":[\"https:\\\/\\\/akunq.net\\\/tr\\\/?p=66663\"]}]},{\"@type\":\"ImageObject\",\"inLanguage\":\"en-US\",\"@id\":\"https:\\\/\\\/akunq.net\\\/tr\\\/?p=66663#primaryimage\",\"url\":\"https:\\\/\\\/akunq.net\\\/tr\\\/wp-content\\\/uploads\\\/sites\\\/6\\\/2022\\\/01\\\/Hrant-Dink-1.jpg\",\"contentUrl\":\"https:\\\/\\\/akunq.net\\\/tr\\\/wp-content\\\/uploads\\\/sites\\\/6\\\/2022\\\/01\\\/Hrant-Dink-1.jpg\",\"width\":1280,\"height\":720},{\"@type\":\"BreadcrumbList\",\"@id\":\"https:\\\/\\\/akunq.net\\\/tr\\\/?p=66663#breadcrumb\",\"itemListElement\":[{\"@type\":\"ListItem\",\"position\":1,\"name\":\"Home\",\"item\":\"https:\\\/\\\/akunq.net\\\/tr\"},{\"@type\":\"ListItem\",\"position\":2,\"name\":\"Dink cinayeti: M\u0130T mensuplar\u0131n\u0131 dinleme karar\u0131ndan neden vazge\u00e7ildi?\"}]},{\"@type\":\"WebSite\",\"@id\":\"https:\\\/\\\/akunq.net\\\/tr\\\/#website\",\"url\":\"https:\\\/\\\/akunq.net\\\/tr\\\/\",\"name\":\"Bati Ermenistan Ve Bati Ermenileri Sorunlari Ara\u015ftirmalar Merkezi\",\"description\":\"\",\"potentialAction\":[{\"@type\":\"SearchAction\",\"target\":{\"@type\":\"EntryPoint\",\"urlTemplate\":\"https:\\\/\\\/akunq.net\\\/tr\\\/?s={search_term_string}\"},\"query-input\":{\"@type\":\"PropertyValueSpecification\",\"valueRequired\":true,\"valueName\":\"search_term_string\"}}],\"inLanguage\":\"en-US\"},{\"@type\":\"Person\",\"@id\":\"https:\\\/\\\/akunq.net\\\/tr\\\/#\\\/schema\\\/person\\\/096f1d38a12cce57fb855b485ed24c9e\",\"name\":\"admin\",\"url\":\"https:\\\/\\\/akunq.net\\\/tr\\\/?author=7\"}]}<\/script>\n<!-- \/ Yoast SEO plugin. -->","yoast_head_json":{"title":"Dink cinayeti: M\u0130T mensuplar\u0131n\u0131 dinleme karar\u0131ndan neden vazge\u00e7ildi? - Bati Ermenistan Ve Bati Ermenileri Sorunlari Ara\u015ftirmalar Merkezi","robots":{"index":"index","follow":"follow","max-snippet":"max-snippet:-1","max-image-preview":"max-image-preview:large","max-video-preview":"max-video-preview:-1"},"canonical":"https:\/\/akunq.net\/tr\/?p=66663","og_locale":"en_US","og_type":"article","og_title":"Dink cinayeti: M\u0130T mensuplar\u0131n\u0131 dinleme karar\u0131ndan neden vazge\u00e7ildi? - Bati Ermenistan Ve Bati Ermenileri Sorunlari Ara\u015ftirmalar Merkezi","og_description":"HDP\u2019nin Hrant Dink cinayetinin t\u00fcm y\u00f6nleriyle ara\u015ft\u0131r\u0131lmas\u0131 amac\u0131yla verdi\u011fi \u00f6nerge Meclis\u2019te reddedildi. ANKARA \u2013 HDP, 15 y\u0131l \u00f6nce genel yay\u0131n y\u00f6netmenli\u011fini yapt\u0131\u011f\u0131 Agos Gazetesi \u00f6n\u00fcnde \u00f6ld\u00fcr\u00fclen Hrant Dink cinayetini Meclis g\u00fcndemine ta\u015f\u0131d\u0131. Cinayetin ara\u015ft\u0131r\u0131lmas\u0131 i\u00e7in verilen \u00f6nerge reddedildi. Meclis Genel Kurulu\u2019nda HDP grubu ad\u0131na konu\u015fan Diyarbak\u0131r Milletvekili Garo Paylan, Hrant Dink\u2019in 19 Ocak 2007 g\u00fcn\u00fc [&hellip;]","og_url":"https:\/\/akunq.net\/tr\/?p=66663","og_site_name":"Bati Ermenistan Ve Bati Ermenileri Sorunlari Ara\u015ftirmalar Merkezi","article_published_time":"2022-01-19T07:05:39+00:00","og_image":[{"width":1280,"height":720,"url":"https:\/\/akunq.net\/tr\/wp-content\/uploads\/sites\/6\/2022\/01\/Hrant-Dink-1.jpg","type":"image\/jpeg"}],"author":"admin","twitter_card":"summary_large_image","twitter_misc":{"Written by":"admin","Est. reading time":"4 minutes"},"schema":{"@context":"https:\/\/schema.org","@graph":[{"@type":"Article","@id":"https:\/\/akunq.net\/tr\/?p=66663#article","isPartOf":{"@id":"https:\/\/akunq.net\/tr\/?p=66663"},"author":{"name":"admin","@id":"https:\/\/akunq.net\/tr\/#\/schema\/person\/096f1d38a12cce57fb855b485ed24c9e"},"headline":"Dink cinayeti: M\u0130T mensuplar\u0131n\u0131 dinleme karar\u0131ndan neden vazge\u00e7ildi?","datePublished":"2022-01-19T07:05:39+00:00","mainEntityOfPage":{"@id":"https:\/\/akunq.net\/tr\/?p=66663"},"wordCount":769,"commentCount":0,"image":{"@id":"https:\/\/akunq.net\/tr\/?p=66663#primaryimage"},"thumbnailUrl":"https:\/\/akunq.net\/tr\/wp-content\/uploads\/sites\/6\/2022\/01\/Hrant-Dink-1.jpg","articleSection":["Haberler"],"inLanguage":"en-US","potentialAction":[{"@type":"CommentAction","name":"Comment","target":["https:\/\/akunq.net\/tr\/?p=66663#respond"]}]},{"@type":"WebPage","@id":"https:\/\/akunq.net\/tr\/?p=66663","url":"https:\/\/akunq.net\/tr\/?p=66663","name":"Dink cinayeti: M\u0130T mensuplar\u0131n\u0131 dinleme karar\u0131ndan neden vazge\u00e7ildi? - Bati Ermenistan Ve Bati Ermenileri Sorunlari Ara\u015ftirmalar Merkezi","isPartOf":{"@id":"https:\/\/akunq.net\/tr\/#website"},"primaryImageOfPage":{"@id":"https:\/\/akunq.net\/tr\/?p=66663#primaryimage"},"image":{"@id":"https:\/\/akunq.net\/tr\/?p=66663#primaryimage"},"thumbnailUrl":"https:\/\/akunq.net\/tr\/wp-content\/uploads\/sites\/6\/2022\/01\/Hrant-Dink-1.jpg","datePublished":"2022-01-19T07:05:39+00:00","author":{"@id":"https:\/\/akunq.net\/tr\/#\/schema\/person\/096f1d38a12cce57fb855b485ed24c9e"},"breadcrumb":{"@id":"https:\/\/akunq.net\/tr\/?p=66663#breadcrumb"},"inLanguage":"en-US","potentialAction":[{"@type":"ReadAction","target":["https:\/\/akunq.net\/tr\/?p=66663"]}]},{"@type":"ImageObject","inLanguage":"en-US","@id":"https:\/\/akunq.net\/tr\/?p=66663#primaryimage","url":"https:\/\/akunq.net\/tr\/wp-content\/uploads\/sites\/6\/2022\/01\/Hrant-Dink-1.jpg","contentUrl":"https:\/\/akunq.net\/tr\/wp-content\/uploads\/sites\/6\/2022\/01\/Hrant-Dink-1.jpg","width":1280,"height":720},{"@type":"BreadcrumbList","@id":"https:\/\/akunq.net\/tr\/?p=66663#breadcrumb","itemListElement":[{"@type":"ListItem","position":1,"name":"Home","item":"https:\/\/akunq.net\/tr"},{"@type":"ListItem","position":2,"name":"Dink cinayeti: M\u0130T mensuplar\u0131n\u0131 dinleme karar\u0131ndan neden vazge\u00e7ildi?"}]},{"@type":"WebSite","@id":"https:\/\/akunq.net\/tr\/#website","url":"https:\/\/akunq.net\/tr\/","name":"Bati Ermenistan Ve Bati Ermenileri Sorunlari Ara\u015ftirmalar Merkezi","description":"","potentialAction":[{"@type":"SearchAction","target":{"@type":"EntryPoint","urlTemplate":"https:\/\/akunq.net\/tr\/?s={search_term_string}"},"query-input":{"@type":"PropertyValueSpecification","valueRequired":true,"valueName":"search_term_string"}}],"inLanguage":"en-US"},{"@type":"Person","@id":"https:\/\/akunq.net\/tr\/#\/schema\/person\/096f1d38a12cce57fb855b485ed24c9e","name":"admin","url":"https:\/\/akunq.net\/tr\/?author=7"}]}},"_links":{"self":[{"href":"https:\/\/akunq.net\/tr\/index.php?rest_route=\/wp\/v2\/posts\/66663","targetHints":{"allow":["GET"]}}],"collection":[{"href":"https:\/\/akunq.net\/tr\/index.php?rest_route=\/wp\/v2\/posts"}],"about":[{"href":"https:\/\/akunq.net\/tr\/index.php?rest_route=\/wp\/v2\/types\/post"}],"author":[{"embeddable":true,"href":"https:\/\/akunq.net\/tr\/index.php?rest_route=\/wp\/v2\/users\/7"}],"replies":[{"embeddable":true,"href":"https:\/\/akunq.net\/tr\/index.php?rest_route=%2Fwp%2Fv2%2Fcomments&post=66663"}],"version-history":[{"count":1,"href":"https:\/\/akunq.net\/tr\/index.php?rest_route=\/wp\/v2\/posts\/66663\/revisions"}],"predecessor-version":[{"id":66665,"href":"https:\/\/akunq.net\/tr\/index.php?rest_route=\/wp\/v2\/posts\/66663\/revisions\/66665"}],"wp:featuredmedia":[{"embeddable":true,"href":"https:\/\/akunq.net\/tr\/index.php?rest_route=\/wp\/v2\/media\/66664"}],"wp:attachment":[{"href":"https:\/\/akunq.net\/tr\/index.php?rest_route=%2Fwp%2Fv2%2Fmedia&parent=66663"}],"wp:term":[{"taxonomy":"category","embeddable":true,"href":"https:\/\/akunq.net\/tr\/index.php?rest_route=%2Fwp%2Fv2%2Fcategories&post=66663"},{"taxonomy":"post_tag","embeddable":true,"href":"https:\/\/akunq.net\/tr\/index.php?rest_route=%2Fwp%2Fv2%2Ftags&post=66663"}],"curies":[{"name":"wp","href":"https:\/\/api.w.org\/{rel}","templated":true}]}}