{"id":66660,"date":"2022-01-19T02:00:11","date_gmt":"2022-01-19T07:00:11","guid":{"rendered":"https:\/\/akunq.net\/tr\/?p=66660"},"modified":"2022-01-19T02:00:11","modified_gmt":"2022-01-19T07:00:11","slug":"tanrikulu-seni-unutmayacagiz-ahparig","status":"publish","type":"post","link":"https:\/\/akunq.net\/tr\/?p=66660","title":{"rendered":"Tanr\u0131kulu: Seni unutmayaca\u011f\u0131z Ahparig!"},"content":{"rendered":"<p><img loading=\"lazy\" decoding=\"async\" class=\"aligncenter size-medium wp-image-66661\" src=\"https:\/\/akunq.net\/tr\/wp-content\/uploads\/2022\/01\/Tanr\u0131kulu-360x213.jpg\" alt=\"\" width=\"360\" height=\"213\" srcset=\"https:\/\/akunq.net\/tr\/wp-content\/uploads\/sites\/6\/2022\/01\/Tanr\u0131kulu-360x213.jpg 360w, https:\/\/akunq.net\/tr\/wp-content\/uploads\/sites\/6\/2022\/01\/Tanr\u0131kulu-560x332.jpg 560w, https:\/\/akunq.net\/tr\/wp-content\/uploads\/sites\/6\/2022\/01\/Tanr\u0131kulu-260x154.jpg 260w, https:\/\/akunq.net\/tr\/wp-content\/uploads\/sites\/6\/2022\/01\/Tanr\u0131kulu-160x95.jpg 160w, https:\/\/akunq.net\/tr\/wp-content\/uploads\/sites\/6\/2022\/01\/Tanr\u0131kulu.jpg 760w\" sizes=\"auto, (max-width: 360px) 100vw, 360px\" \/><\/p>\n<p><em><strong>Agos gazetesinin kurucusu ve ba\u015fyazar\u0131, Hrant Dink\u2019in \u00f6l\u00fcm\u00fcn\u00fcn 15. y\u0131ld\u00f6n\u00fcm\u00fc \u00f6ncesinde, TBMM Genel Kurul\u2019unda verilen ara\u015ft\u0131rma \u00f6nergesi AKP ve MHP oylar\u0131yla reddedildi. CHP \u0130stanbul Milletvekili Sezgin Tanr\u0131kulu, yarg\u0131lama s\u00fcrecine ele\u015ftirilerde bulunarak, \u201cBu cinayet AKP\u2019nin mutlak iktidar\u0131 d\u00f6neminde ger\u00e7ekle\u015fti\u201d dedi.<\/strong><\/em><\/p>\n<p>19 Ocak 2007 y\u0131l\u0131nda kurucusu oldu\u011fu Agos Gazetesi \u00f6n\u00fcnde katledilen gazeteci-yazar Hrant Dink\u2019in \u00f6l\u00fcm y\u0131ld\u00f6n\u00fcm\u00fc \u00f6ncesinde, T\u00fcrkiye B\u00fcy\u00fck Millet Meclisi\u2019nde (TBMM), HDP taraf\u0131ndan verilen Hrant Dink cinayetinin ara\u015ft\u0131r\u0131lmas\u0131 \u00f6nergesi AKP-MHP oylar\u0131yla reddedildi.<\/p>\n<p>Bunun \u00fczerine s\u00f6z olan CHP \u0130stanbul Milletvekili Sezgin Tanr\u0131kulu, cinayetin AKP d\u00f6neminde i\u015flendi\u011fine dikkat \u00e7ekerek, yarg\u0131lama s\u00fcreci hakk\u0131nda sert ele\u015ftirilerde bulundu.<\/p>\n<p><strong>\u201c\u00d6LD\u00dcR\u00dcLD\u00dc\u011e\u00dc G\u00dcN OTOPS\u0130S\u0130NDEYD\u0130M\u201d<\/strong><\/p>\n<p>Hrant Dink\u2019in \u00f6ld\u00fcr\u00fcld\u00fc\u011f\u00fc g\u00fcn otopsisinde oldu\u011funu s\u00f6yleyen Tanr\u0131kulu, yapt\u0131\u011f\u0131 konu\u015fmada \u015funlar\u0131 s\u00f6yledi:<\/p>\n<p>Neredeyse b\u00fct\u00fcn yarg\u0131lamalar\u0131na 15 y\u0131l boyunca kat\u0131ld\u0131m. B\u00fct\u00fcn duru\u015fmalar\u0131 izledim. Ama maalesef bu cinayet Adalet ve Kalk\u0131nma Partisinin mutlak iktidar\u0131 d\u00f6neminde planland\u0131, mutlak iktidar\u0131 d\u00f6neminde ger\u00e7ekle\u015fti ve mutlak iktidar\u0131 d\u00f6neminde de yarg\u0131lamas\u0131 yap\u0131ld\u0131 ve maalesef, maalesef kirli ili\u015fkiler, organize ili\u015fkiler, Adalet ve Kalk\u0131nma Partisinin siyasi ili\u015fkisiyle ortaya \u00e7\u0131kar\u0131lmad\u0131. Bunun bizzat tan\u0131\u011f\u0131y\u0131m, bizzat tan\u0131\u011f\u0131y\u0131m.<\/p>\n<p>Hrant Dink ger\u00e7ekten T\u00fcrkiye\u2019de halklar\u0131n bar\u0131\u015f i\u00e7erisinde, karde\u015f\u00e7e ya\u015famas\u0131ndan yanayd\u0131 ve bu iradesini, bu iradesini her ortamda b\u00fcy\u00fck cesaretle ortaya koyuyordu, bunu yap\u0131yordu ve T\u00fcrkiye\u2019nin her yerinde yap\u0131yordu ama maalesef aram\u0131zdan al\u0131nd\u0131, al\u00e7ak\u00e7a bir suikastla aram\u0131zdan ayr\u0131ld\u0131.<\/p>\n<p><strong>AKP\u2019L\u0130LERE SESLEND\u0130: \u00c7OK \u0130Y\u0130 B\u0130L\u0130YORSUNUZ<\/strong><\/p>\n<p>\u015eimdi kay\u0131tlara ge\u00e7mesi a\u00e7\u0131s\u0131ndan burada s\u00f6yleyece\u011fim, hep s\u00f6yl\u00fcyorum: Bak\u0131n de\u011ferli arkada\u015flar, AK Partililer sizlere sesleniyorum: \u0130stanbul\u2019da bir operasyon heyeti kurdunuz, operasyon heyeti. \u0130simlerini burada vermeyece\u011fim ama ne s\u00f6yledi\u011fimi \u00e7ok iyi biliyorsunuz.<\/p>\n<p>O heyet ilk \u00f6nce 26. A\u011f\u0131r Ceza Mahkemesi olarak Selahattin Demirta\u015f\u2019a ve S\u0131rr\u0131 S\u00fcreyya \u00d6nder\u2019e a\u011f\u0131r cezalar verdi. Orada r\u00fc\u015ft\u00fcn\u00fc ispatlad\u0131ktan sonra 37. A\u011f\u0131r Ceza Mahkemesine tayin edildiler. Orada S\u00f6zc\u00fc Gazetesine, Canan Kaftanc\u0131o\u011flu\u2019na, akademisyenlere a\u011f\u0131r cezalar verdiler, \u00e7a\u011fda\u015f hukuk\u00e7ular derne\u011fi \u00fcyelerine. Sonra ne oldu biliyor musunuz de\u011ferli arkada\u015flar? Sizlere sesleniyorum. Bu operasyon heyeti 37. A\u011f\u0131r Ceza Mahkemesinden al\u0131nd\u0131, 14. A\u011f\u0131r Ceza Mahkemesine g\u00f6nderildi. Neden sonra biliyor musunuz, neden sonra? 14. A\u011f\u0131r Ceza Mahkemesi bu cinayette \u00e7ok \u00f6nemli olan Mit mensuplar\u0131n\u0131n dinlenmesine karar vermi\u015fti. Mit mensuplar\u0131n\u0131n dinlenmesine karar vermi\u015fti 14. A\u011f\u0131r Ceza Mahkemesi Heyeti. Ama ne yapt\u0131n\u0131z? 37. A\u011f\u0131r Ceza Mahkemesini, siz, Adalet ve Kalk\u0131nma Partisinin siyasi iradesi bu operasyon heyetini ald\u0131n\u0131z, 14. A\u011f\u0131r Ceza Mahkemesi Heyeti yapt\u0131n\u0131z ayn\u0131 adliye i\u00e7erisinde. 14. A\u011f\u0131r Ceza Mahkemesi Heyeti, me\u015fhur heyet, ne yapt\u0131 biliyor musunuz?<\/p>\n<p><strong>M\u0130T VURGUSU<\/strong><\/p>\n<p>Mit mensuplar\u0131n\u0131n dinlenmesi karar\u0131ndan vazge\u00e7ti, vazge\u00e7ti. E\u011fer ortak de\u011filseniz bu cinayete siyasi olarak, ortak de\u011filseniz gelin burada bu Yarg\u0131 operasyonunu neden yapt\u0131\u011f\u0131n\u0131z\u0131, neden yapt\u0131\u011f\u0131n\u0131z\u0131, o heyeti 37. A\u011f\u0131r Ceza Mahkemesinden al\u0131p 14. A\u011f\u0131r Ceza Mahkemesine neden g\u00f6nderdi\u011finizi, ve 14. A\u011f\u0131r Ceza Mahkemesinin M\u0130T mensuplar\u0131n\u0131 dinleme karar\u0131ndan neden vazge\u00e7ti\u011fini gelin burada a\u00e7\u0131klay\u0131n. A\u00e7\u0131klayamazs\u0131n\u0131z \u00e7\u00fcnk\u00fc bu siyasi cinayet sizin zaman\u0131n\u0131zda, sizin mutlak iktidar\u0131n\u0131z d\u00f6neminde oldu ve sizin siyasi sorumlulu\u011funuz var. Ama, Hrant, yatt\u0131\u011f\u0131 yerde, o delikli ayakkab\u0131s\u0131yla, taban\u0131yla sizleri, sizleri mahkum etmeye devam edecek. Bir kez daha buradan ailesine, sevgili Rakel\u2019e, \u00e7ocuklar\u0131na ve torunlar\u0131na ba\u015fsa\u011fl\u0131\u011f\u0131 diliyorum. CHP Grubu olarak \u00fcz\u00fcnt\u00fclerimizi bir kez daha buradan ifade ediyorum ve seni unutmayaca\u011f\u0131z Ahparig diyorum.<\/p>\n<hr \/>\n<p><em><strong><a href=\"https:\/\/www.cumhuriyet.com.tr\/siyaset\/tanrikulu-seni-unutmayacagiz-ahparig-1901099\" target=\"_blank\" rel=\"noopener noreferrer\">Cumhuriyet Gazetesi<\/a><\/strong><\/em><\/p>\n","protected":false},"excerpt":{"rendered":"<p>Agos gazetesinin kurucusu ve ba\u015fyazar\u0131, Hrant Dink\u2019in \u00f6l\u00fcm\u00fcn\u00fcn 15. y\u0131ld\u00f6n\u00fcm\u00fc \u00f6ncesinde, TBMM Genel Kurul\u2019unda verilen ara\u015ft\u0131rma \u00f6nergesi AKP ve MHP oylar\u0131yla reddedildi. CHP \u0130stanbul Milletvekili Sezgin Tanr\u0131kulu, yarg\u0131lama s\u00fcrecine ele\u015ftirilerde bulunarak, \u201cBu cinayet AKP\u2019nin mutlak iktidar\u0131 d\u00f6neminde ger\u00e7ekle\u015fti\u201d dedi. 19 Ocak 2007 y\u0131l\u0131nda kurucusu oldu\u011fu Agos Gazetesi \u00f6n\u00fcnde katledilen gazeteci-yazar Hrant Dink\u2019in \u00f6l\u00fcm y\u0131ld\u00f6n\u00fcm\u00fc \u00f6ncesinde, [&hellip;]<\/p>\n","protected":false},"author":7,"featured_media":66661,"comment_status":"open","ping_status":"open","sticky":false,"template":"","format":"standard","meta":{"footnotes":""},"categories":[1],"tags":[],"class_list":["post-66660","post","type-post","status-publish","format-standard","has-post-thumbnail","hentry","category-haberler"],"yoast_head":"<!-- This site is optimized with the Yoast SEO plugin v27.4 - https:\/\/yoast.com\/product\/yoast-seo-wordpress\/ -->\n<title>Tanr\u0131kulu: Seni unutmayaca\u011f\u0131z Ahparig! - Bati Ermenistan Ve Bati Ermenileri Sorunlari Ara\u015ftirmalar Merkezi<\/title>\n<meta name=\"robots\" content=\"index, follow, max-snippet:-1, max-image-preview:large, max-video-preview:-1\" \/>\n<link rel=\"canonical\" href=\"https:\/\/akunq.net\/tr\/?p=66660\" \/>\n<meta property=\"og:locale\" content=\"en_US\" \/>\n<meta property=\"og:type\" content=\"article\" \/>\n<meta property=\"og:title\" content=\"Tanr\u0131kulu: Seni unutmayaca\u011f\u0131z Ahparig! - Bati Ermenistan Ve Bati Ermenileri Sorunlari Ara\u015ftirmalar Merkezi\" \/>\n<meta property=\"og:description\" content=\"Agos gazetesinin kurucusu ve ba\u015fyazar\u0131, Hrant Dink\u2019in \u00f6l\u00fcm\u00fcn\u00fcn 15. y\u0131ld\u00f6n\u00fcm\u00fc \u00f6ncesinde, TBMM Genel Kurul\u2019unda verilen ara\u015ft\u0131rma \u00f6nergesi AKP ve MHP oylar\u0131yla reddedildi. CHP \u0130stanbul Milletvekili Sezgin Tanr\u0131kulu, yarg\u0131lama s\u00fcrecine ele\u015ftirilerde bulunarak, \u201cBu cinayet AKP\u2019nin mutlak iktidar\u0131 d\u00f6neminde ger\u00e7ekle\u015fti\u201d dedi. 19 Ocak 2007 y\u0131l\u0131nda kurucusu oldu\u011fu Agos Gazetesi \u00f6n\u00fcnde katledilen gazeteci-yazar Hrant Dink\u2019in \u00f6l\u00fcm y\u0131ld\u00f6n\u00fcm\u00fc \u00f6ncesinde, [&hellip;]\" \/>\n<meta property=\"og:url\" content=\"https:\/\/akunq.net\/tr\/?p=66660\" \/>\n<meta property=\"og:site_name\" content=\"Bati Ermenistan Ve Bati Ermenileri Sorunlari Ara\u015ftirmalar Merkezi\" \/>\n<meta property=\"article:published_time\" content=\"2022-01-19T07:00:11+00:00\" \/>\n<meta property=\"og:image\" content=\"https:\/\/akunq.net\/tr\/wp-content\/uploads\/sites\/6\/2022\/01\/Tanr\u0131kulu.jpg\" \/>\n\t<meta property=\"og:image:width\" content=\"760\" \/>\n\t<meta property=\"og:image:height\" content=\"450\" \/>\n\t<meta property=\"og:image:type\" content=\"image\/jpeg\" \/>\n<meta name=\"author\" content=\"admin\" \/>\n<meta name=\"twitter:card\" content=\"summary_large_image\" \/>\n<meta name=\"twitter:label1\" content=\"Written by\" \/>\n\t<meta name=\"twitter:data1\" content=\"admin\" \/>\n\t<meta name=\"twitter:label2\" content=\"Est. reading time\" \/>\n\t<meta name=\"twitter:data2\" content=\"3 minutes\" \/>\n<script type=\"application\/ld+json\" class=\"yoast-schema-graph\">{\"@context\":\"https:\\\/\\\/schema.org\",\"@graph\":[{\"@type\":\"Article\",\"@id\":\"https:\\\/\\\/akunq.net\\\/tr\\\/?p=66660#article\",\"isPartOf\":{\"@id\":\"https:\\\/\\\/akunq.net\\\/tr\\\/?p=66660\"},\"author\":{\"name\":\"admin\",\"@id\":\"https:\\\/\\\/akunq.net\\\/tr\\\/#\\\/schema\\\/person\\\/096f1d38a12cce57fb855b485ed24c9e\"},\"headline\":\"Tanr\u0131kulu: Seni unutmayaca\u011f\u0131z Ahparig!\",\"datePublished\":\"2022-01-19T07:00:11+00:00\",\"mainEntityOfPage\":{\"@id\":\"https:\\\/\\\/akunq.net\\\/tr\\\/?p=66660\"},\"wordCount\":685,\"commentCount\":0,\"image\":{\"@id\":\"https:\\\/\\\/akunq.net\\\/tr\\\/?p=66660#primaryimage\"},\"thumbnailUrl\":\"https:\\\/\\\/akunq.net\\\/tr\\\/wp-content\\\/uploads\\\/sites\\\/6\\\/2022\\\/01\\\/Tanr\u0131kulu.jpg\",\"articleSection\":[\"Haberler\"],\"inLanguage\":\"en-US\",\"potentialAction\":[{\"@type\":\"CommentAction\",\"name\":\"Comment\",\"target\":[\"https:\\\/\\\/akunq.net\\\/tr\\\/?p=66660#respond\"]}]},{\"@type\":\"WebPage\",\"@id\":\"https:\\\/\\\/akunq.net\\\/tr\\\/?p=66660\",\"url\":\"https:\\\/\\\/akunq.net\\\/tr\\\/?p=66660\",\"name\":\"Tanr\u0131kulu: Seni unutmayaca\u011f\u0131z Ahparig! - Bati Ermenistan Ve Bati Ermenileri Sorunlari Ara\u015ftirmalar Merkezi\",\"isPartOf\":{\"@id\":\"https:\\\/\\\/akunq.net\\\/tr\\\/#website\"},\"primaryImageOfPage\":{\"@id\":\"https:\\\/\\\/akunq.net\\\/tr\\\/?p=66660#primaryimage\"},\"image\":{\"@id\":\"https:\\\/\\\/akunq.net\\\/tr\\\/?p=66660#primaryimage\"},\"thumbnailUrl\":\"https:\\\/\\\/akunq.net\\\/tr\\\/wp-content\\\/uploads\\\/sites\\\/6\\\/2022\\\/01\\\/Tanr\u0131kulu.jpg\",\"datePublished\":\"2022-01-19T07:00:11+00:00\",\"author\":{\"@id\":\"https:\\\/\\\/akunq.net\\\/tr\\\/#\\\/schema\\\/person\\\/096f1d38a12cce57fb855b485ed24c9e\"},\"breadcrumb\":{\"@id\":\"https:\\\/\\\/akunq.net\\\/tr\\\/?p=66660#breadcrumb\"},\"inLanguage\":\"en-US\",\"potentialAction\":[{\"@type\":\"ReadAction\",\"target\":[\"https:\\\/\\\/akunq.net\\\/tr\\\/?p=66660\"]}]},{\"@type\":\"ImageObject\",\"inLanguage\":\"en-US\",\"@id\":\"https:\\\/\\\/akunq.net\\\/tr\\\/?p=66660#primaryimage\",\"url\":\"https:\\\/\\\/akunq.net\\\/tr\\\/wp-content\\\/uploads\\\/sites\\\/6\\\/2022\\\/01\\\/Tanr\u0131kulu.jpg\",\"contentUrl\":\"https:\\\/\\\/akunq.net\\\/tr\\\/wp-content\\\/uploads\\\/sites\\\/6\\\/2022\\\/01\\\/Tanr\u0131kulu.jpg\",\"width\":760,\"height\":450},{\"@type\":\"BreadcrumbList\",\"@id\":\"https:\\\/\\\/akunq.net\\\/tr\\\/?p=66660#breadcrumb\",\"itemListElement\":[{\"@type\":\"ListItem\",\"position\":1,\"name\":\"Home\",\"item\":\"https:\\\/\\\/akunq.net\\\/tr\"},{\"@type\":\"ListItem\",\"position\":2,\"name\":\"Tanr\u0131kulu: Seni unutmayaca\u011f\u0131z Ahparig!\"}]},{\"@type\":\"WebSite\",\"@id\":\"https:\\\/\\\/akunq.net\\\/tr\\\/#website\",\"url\":\"https:\\\/\\\/akunq.net\\\/tr\\\/\",\"name\":\"Bati Ermenistan Ve Bati Ermenileri Sorunlari Ara\u015ftirmalar Merkezi\",\"description\":\"\",\"potentialAction\":[{\"@type\":\"SearchAction\",\"target\":{\"@type\":\"EntryPoint\",\"urlTemplate\":\"https:\\\/\\\/akunq.net\\\/tr\\\/?s={search_term_string}\"},\"query-input\":{\"@type\":\"PropertyValueSpecification\",\"valueRequired\":true,\"valueName\":\"search_term_string\"}}],\"inLanguage\":\"en-US\"},{\"@type\":\"Person\",\"@id\":\"https:\\\/\\\/akunq.net\\\/tr\\\/#\\\/schema\\\/person\\\/096f1d38a12cce57fb855b485ed24c9e\",\"name\":\"admin\",\"url\":\"https:\\\/\\\/akunq.net\\\/tr\\\/?author=7\"}]}<\/script>\n<!-- \/ Yoast SEO plugin. -->","yoast_head_json":{"title":"Tanr\u0131kulu: Seni unutmayaca\u011f\u0131z Ahparig! - Bati Ermenistan Ve Bati Ermenileri Sorunlari Ara\u015ftirmalar Merkezi","robots":{"index":"index","follow":"follow","max-snippet":"max-snippet:-1","max-image-preview":"max-image-preview:large","max-video-preview":"max-video-preview:-1"},"canonical":"https:\/\/akunq.net\/tr\/?p=66660","og_locale":"en_US","og_type":"article","og_title":"Tanr\u0131kulu: Seni unutmayaca\u011f\u0131z Ahparig! - Bati Ermenistan Ve Bati Ermenileri Sorunlari Ara\u015ftirmalar Merkezi","og_description":"Agos gazetesinin kurucusu ve ba\u015fyazar\u0131, Hrant Dink\u2019in \u00f6l\u00fcm\u00fcn\u00fcn 15. y\u0131ld\u00f6n\u00fcm\u00fc \u00f6ncesinde, TBMM Genel Kurul\u2019unda verilen ara\u015ft\u0131rma \u00f6nergesi AKP ve MHP oylar\u0131yla reddedildi. CHP \u0130stanbul Milletvekili Sezgin Tanr\u0131kulu, yarg\u0131lama s\u00fcrecine ele\u015ftirilerde bulunarak, \u201cBu cinayet AKP\u2019nin mutlak iktidar\u0131 d\u00f6neminde ger\u00e7ekle\u015fti\u201d dedi. 19 Ocak 2007 y\u0131l\u0131nda kurucusu oldu\u011fu Agos Gazetesi \u00f6n\u00fcnde katledilen gazeteci-yazar Hrant Dink\u2019in \u00f6l\u00fcm y\u0131ld\u00f6n\u00fcm\u00fc \u00f6ncesinde, [&hellip;]","og_url":"https:\/\/akunq.net\/tr\/?p=66660","og_site_name":"Bati Ermenistan Ve Bati Ermenileri Sorunlari Ara\u015ftirmalar Merkezi","article_published_time":"2022-01-19T07:00:11+00:00","og_image":[{"width":760,"height":450,"url":"https:\/\/akunq.net\/tr\/wp-content\/uploads\/sites\/6\/2022\/01\/Tanr\u0131kulu.jpg","type":"image\/jpeg"}],"author":"admin","twitter_card":"summary_large_image","twitter_misc":{"Written by":"admin","Est. reading time":"3 minutes"},"schema":{"@context":"https:\/\/schema.org","@graph":[{"@type":"Article","@id":"https:\/\/akunq.net\/tr\/?p=66660#article","isPartOf":{"@id":"https:\/\/akunq.net\/tr\/?p=66660"},"author":{"name":"admin","@id":"https:\/\/akunq.net\/tr\/#\/schema\/person\/096f1d38a12cce57fb855b485ed24c9e"},"headline":"Tanr\u0131kulu: Seni unutmayaca\u011f\u0131z Ahparig!","datePublished":"2022-01-19T07:00:11+00:00","mainEntityOfPage":{"@id":"https:\/\/akunq.net\/tr\/?p=66660"},"wordCount":685,"commentCount":0,"image":{"@id":"https:\/\/akunq.net\/tr\/?p=66660#primaryimage"},"thumbnailUrl":"https:\/\/akunq.net\/tr\/wp-content\/uploads\/sites\/6\/2022\/01\/Tanr\u0131kulu.jpg","articleSection":["Haberler"],"inLanguage":"en-US","potentialAction":[{"@type":"CommentAction","name":"Comment","target":["https:\/\/akunq.net\/tr\/?p=66660#respond"]}]},{"@type":"WebPage","@id":"https:\/\/akunq.net\/tr\/?p=66660","url":"https:\/\/akunq.net\/tr\/?p=66660","name":"Tanr\u0131kulu: Seni unutmayaca\u011f\u0131z Ahparig! - Bati Ermenistan Ve Bati Ermenileri Sorunlari Ara\u015ftirmalar Merkezi","isPartOf":{"@id":"https:\/\/akunq.net\/tr\/#website"},"primaryImageOfPage":{"@id":"https:\/\/akunq.net\/tr\/?p=66660#primaryimage"},"image":{"@id":"https:\/\/akunq.net\/tr\/?p=66660#primaryimage"},"thumbnailUrl":"https:\/\/akunq.net\/tr\/wp-content\/uploads\/sites\/6\/2022\/01\/Tanr\u0131kulu.jpg","datePublished":"2022-01-19T07:00:11+00:00","author":{"@id":"https:\/\/akunq.net\/tr\/#\/schema\/person\/096f1d38a12cce57fb855b485ed24c9e"},"breadcrumb":{"@id":"https:\/\/akunq.net\/tr\/?p=66660#breadcrumb"},"inLanguage":"en-US","potentialAction":[{"@type":"ReadAction","target":["https:\/\/akunq.net\/tr\/?p=66660"]}]},{"@type":"ImageObject","inLanguage":"en-US","@id":"https:\/\/akunq.net\/tr\/?p=66660#primaryimage","url":"https:\/\/akunq.net\/tr\/wp-content\/uploads\/sites\/6\/2022\/01\/Tanr\u0131kulu.jpg","contentUrl":"https:\/\/akunq.net\/tr\/wp-content\/uploads\/sites\/6\/2022\/01\/Tanr\u0131kulu.jpg","width":760,"height":450},{"@type":"BreadcrumbList","@id":"https:\/\/akunq.net\/tr\/?p=66660#breadcrumb","itemListElement":[{"@type":"ListItem","position":1,"name":"Home","item":"https:\/\/akunq.net\/tr"},{"@type":"ListItem","position":2,"name":"Tanr\u0131kulu: Seni unutmayaca\u011f\u0131z Ahparig!"}]},{"@type":"WebSite","@id":"https:\/\/akunq.net\/tr\/#website","url":"https:\/\/akunq.net\/tr\/","name":"Bati Ermenistan Ve Bati Ermenileri Sorunlari Ara\u015ftirmalar Merkezi","description":"","potentialAction":[{"@type":"SearchAction","target":{"@type":"EntryPoint","urlTemplate":"https:\/\/akunq.net\/tr\/?s={search_term_string}"},"query-input":{"@type":"PropertyValueSpecification","valueRequired":true,"valueName":"search_term_string"}}],"inLanguage":"en-US"},{"@type":"Person","@id":"https:\/\/akunq.net\/tr\/#\/schema\/person\/096f1d38a12cce57fb855b485ed24c9e","name":"admin","url":"https:\/\/akunq.net\/tr\/?author=7"}]}},"_links":{"self":[{"href":"https:\/\/akunq.net\/tr\/index.php?rest_route=\/wp\/v2\/posts\/66660","targetHints":{"allow":["GET"]}}],"collection":[{"href":"https:\/\/akunq.net\/tr\/index.php?rest_route=\/wp\/v2\/posts"}],"about":[{"href":"https:\/\/akunq.net\/tr\/index.php?rest_route=\/wp\/v2\/types\/post"}],"author":[{"embeddable":true,"href":"https:\/\/akunq.net\/tr\/index.php?rest_route=\/wp\/v2\/users\/7"}],"replies":[{"embeddable":true,"href":"https:\/\/akunq.net\/tr\/index.php?rest_route=%2Fwp%2Fv2%2Fcomments&post=66660"}],"version-history":[{"count":1,"href":"https:\/\/akunq.net\/tr\/index.php?rest_route=\/wp\/v2\/posts\/66660\/revisions"}],"predecessor-version":[{"id":66662,"href":"https:\/\/akunq.net\/tr\/index.php?rest_route=\/wp\/v2\/posts\/66660\/revisions\/66662"}],"wp:featuredmedia":[{"embeddable":true,"href":"https:\/\/akunq.net\/tr\/index.php?rest_route=\/wp\/v2\/media\/66661"}],"wp:attachment":[{"href":"https:\/\/akunq.net\/tr\/index.php?rest_route=%2Fwp%2Fv2%2Fmedia&parent=66660"}],"wp:term":[{"taxonomy":"category","embeddable":true,"href":"https:\/\/akunq.net\/tr\/index.php?rest_route=%2Fwp%2Fv2%2Fcategories&post=66660"},{"taxonomy":"post_tag","embeddable":true,"href":"https:\/\/akunq.net\/tr\/index.php?rest_route=%2Fwp%2Fv2%2Ftags&post=66660"}],"curies":[{"name":"wp","href":"https:\/\/api.w.org\/{rel}","templated":true}]}}