{"id":66654,"date":"2022-01-19T01:24:22","date_gmt":"2022-01-19T06:24:22","guid":{"rendered":"https:\/\/akunq.net\/tr\/?p=66654"},"modified":"2022-01-19T01:24:22","modified_gmt":"2022-01-19T06:24:22","slug":"yunanistan-basbakani-micotakis-turkiyeye-karsi-yaptirim-listesi-hazirladik","status":"publish","type":"post","link":"https:\/\/akunq.net\/tr\/?p=66654","title":{"rendered":"Yunanistan Ba\u015fbakan\u0131 Mi\u00e7otakis: T\u00fcrkiye&#8217;ye kar\u015f\u0131 yapt\u0131r\u0131m listesi haz\u0131rlad\u0131k"},"content":{"rendered":"<div class=\"article__header\">\n<div><img loading=\"lazy\" decoding=\"async\" class=\"aligncenter size-medium wp-image-66655\" src=\"https:\/\/akunq.net\/tr\/wp-content\/uploads\/2022\/01\/\u0540\u0578\u0582\u0576\u0561\u057d\u057f\u0561\u0576\u056b-\u057e\u0561\u0580\u0579\u0561\u057a\u0565\u057f-\u053f\u056b\u0580\u056b\u0561\u056f\u0578\u057d-\u0544\u056b\u0581\u0578\u057f\u0561\u056f\u056b\u057d-360x238.jpg\" alt=\"\" width=\"360\" height=\"238\" srcset=\"https:\/\/akunq.net\/tr\/wp-content\/uploads\/sites\/6\/2022\/01\/\u0540\u0578\u0582\u0576\u0561\u057d\u057f\u0561\u0576\u056b-\u057e\u0561\u0580\u0579\u0561\u057a\u0565\u057f-\u053f\u056b\u0580\u056b\u0561\u056f\u0578\u057d-\u0544\u056b\u0581\u0578\u057f\u0561\u056f\u056b\u057d-360x238.jpg 360w, https:\/\/akunq.net\/tr\/wp-content\/uploads\/sites\/6\/2022\/01\/\u0540\u0578\u0582\u0576\u0561\u057d\u057f\u0561\u0576\u056b-\u057e\u0561\u0580\u0579\u0561\u057a\u0565\u057f-\u053f\u056b\u0580\u056b\u0561\u056f\u0578\u057d-\u0544\u056b\u0581\u0578\u057f\u0561\u056f\u056b\u057d-768x508.jpg 768w, https:\/\/akunq.net\/tr\/wp-content\/uploads\/sites\/6\/2022\/01\/\u0540\u0578\u0582\u0576\u0561\u057d\u057f\u0561\u0576\u056b-\u057e\u0561\u0580\u0579\u0561\u057a\u0565\u057f-\u053f\u056b\u0580\u056b\u0561\u056f\u0578\u057d-\u0544\u056b\u0581\u0578\u057f\u0561\u056f\u056b\u057d-560x370.jpg 560w, https:\/\/akunq.net\/tr\/wp-content\/uploads\/sites\/6\/2022\/01\/\u0540\u0578\u0582\u0576\u0561\u057d\u057f\u0561\u0576\u056b-\u057e\u0561\u0580\u0579\u0561\u057a\u0565\u057f-\u053f\u056b\u0580\u056b\u0561\u056f\u0578\u057d-\u0544\u056b\u0581\u0578\u057f\u0561\u056f\u056b\u057d-260x172.jpg 260w, https:\/\/akunq.net\/tr\/wp-content\/uploads\/sites\/6\/2022\/01\/\u0540\u0578\u0582\u0576\u0561\u057d\u057f\u0561\u0576\u056b-\u057e\u0561\u0580\u0579\u0561\u057a\u0565\u057f-\u053f\u056b\u0580\u056b\u0561\u056f\u0578\u057d-\u0544\u056b\u0581\u0578\u057f\u0561\u056f\u056b\u057d-160x106.jpg 160w, https:\/\/akunq.net\/tr\/wp-content\/uploads\/sites\/6\/2022\/01\/\u0540\u0578\u0582\u0576\u0561\u057d\u057f\u0561\u0576\u056b-\u057e\u0561\u0580\u0579\u0561\u057a\u0565\u057f-\u053f\u056b\u0580\u056b\u0561\u056f\u0578\u057d-\u0544\u056b\u0581\u0578\u057f\u0561\u056f\u056b\u057d.jpg 770w\" sizes=\"auto, (max-width: 360px) 100vw, 360px\" \/><\/div>\n<div class=\"article__announce-text\"><strong><em>Yunan Ba\u015fbakan Kiryakos Mi\u00e7otakis, T\u00fcrkiye&#8217;nin G\u00fcney K\u0131br\u0131s ve Yunanistan&#8217;a kar\u015f\u0131 sald\u0131rgan bir tutuma ge\u00e7mesi durumunda alacaklar\u0131 \u00f6nlemlerle ilgili bir liste olu\u015fturduklar\u0131n\u0131 s\u00f6yledi.<\/em><\/strong><\/div>\n<\/div>\n<div class=\"article__body\">\n<div class=\"article__block\" data-type=\"text\">\n<div class=\"article__text\"><strong>Mi\u00e7otakis<\/strong>, ge\u00e7en hafta vefat eden\u00a0<strong>Avrupa Parlamentosu Ba\u015fkan\u0131 David Sassoli&#8217;<\/strong>nin an\u0131s\u0131na d\u00fczenlenen t\u00f6ren sonras\u0131\u00a0<strong>Avrupa Halk Partisi milletvekilleriyle\u00a0<\/strong>yapt\u0131\u011f\u0131 g\u00f6r\u00fc\u015fmede a\u00e7\u0131klamalarda bulundu.<\/div>\n<\/div>\n<div class=\"article__block\" data-type=\"text\">\n<div class=\"article__text\"><strong><em>\u201cDavid Sassoli&#8217;ye h\u00fcrmet etmenin benim i\u00e7in bir g\u00f6rev oldu\u011funu hissettim&#8221;\u00a0<\/em><\/strong>diyen Mi\u00e7otakis,\u00a0<em>&#8220;Ge\u00e7en May\u0131s ay\u0131nda, Yunanistan&#8217;\u0131n Avrupa Ekonomik Toplulu\u011fu&#8217;na kat\u0131l\u0131m\u0131n\u0131n 40. y\u0131ld\u00f6n\u00fcm\u00fcn\u00fc kutlamak i\u00e7in bizimle oldu\u011fu zaman\u0131, Atina&#8217;daki varl\u0131\u011f\u0131n\u0131 yo\u011fun bir duyguyla hat\u0131rl\u0131yorum&#8221;\u00a0<\/em>ifadesini kulland\u0131.<\/div>\n<\/div>\n<div class=\"article__block\" data-type=\"text\">\n<div class=\"article__text\">Mi\u00e7otakis&#8217;in g\u00fcndeminde koronavir\u00fcs pandemisi, y\u00fckselen genel fiyatlar ve enerji zamlar\u0131, g\u00f6\u00e7 sorunu, Yunan-Frans\u0131z stratejik i\u015fbirli\u011fi ve Avrupa&#8217;n\u0131n enerji arz\u0131 gibi konular vard\u0131.<\/div>\n<\/div>\n<div class=\"article__block\" data-type=\"text\">\n<div class=\"article__text\">Mi\u00e7otakis, T\u00fcrkiye&#8217;ye y\u00f6nelik ise,\u00a0<em><strong>&#8220;T\u00fcrkiye&#8217;nin Yunanistan&#8217;a y\u00f6nelik politikas\u0131nda k\u00f6kl\u00fc bir de\u011fi\u015fiklik olmad\u0131\u011f\u0131n\u0131n bilincinde olmal\u0131y\u0131z. Bu nedenle bu iki a\u015famal\u0131 yakla\u015f\u0131m\u0131 benimsedik: Bir yandan dost eli uzat\u0131p bir yandan da Yunanistan ve K\u0131br\u0131s&#8217;a kar\u015f\u0131 yeniden sald\u0131rgan bir tutum benimsemesi durumunda kullan\u0131labilecek bir dizi k\u0131s\u0131tlay\u0131c\u0131 \u00f6nlem haz\u0131rlad\u0131k&#8221;<\/strong><\/em> dedi.<\/div>\n<\/div>\n<div class=\"article__block\" data-type=\"text\">\n<div class=\"article__text\">Yunanistan Ba\u015fbakan\u0131, &#8216;Do\u011fu Akdeniz&#8217;in Avrupa&#8217;n\u0131n enerji arz\u0131n\u0131n anahtar\u0131&#8217; oldu\u011funu belirterek \u015fu ifadeleri kulland\u0131:<\/div>\n<\/div>\n<div class=\"article__block\" data-type=\"quote\">\n<div class=\"article__quote\">\n<div class=\"article__quote-text\">\n<p>&#8220;Do\u011fu Akdeniz, M\u0131s\u0131r&#8217;dan ihra\u00e7 edilebilecek LNG formundaki do\u011falgaz gibi alternatif enerji kaynaklar\u0131n\u0131n ara\u015ft\u0131r\u0131lmas\u0131 a\u00e7\u0131s\u0131ndan \u00e7ok daha \u00f6nemli hale geliyor. M\u0131s\u0131r ile bizim durumumuzda oldu\u011fu gibi Afrika ile elektrik ara ba\u011flant\u0131lar\u0131n\u0131 da aktif olarak te\u015fvik ediyoruz.&#8221;<\/p>\n<p><em><strong>https:\/\/tr.sputniknews.com\/20220118\/yunanistan-basbakani-micotakis-turkiyeye-karsi-yaptirim-listesi-hazirladik-1052841970.html\u00a0<\/strong><\/em><\/p>\n<\/div>\n<\/div>\n<\/div>\n<div class=\"article__block\" data-type=\"article\" data-article=\"main-photo\">\n<div class=\"article__article m-image\"><\/div>\n<\/div>\n<\/div>\n","protected":false},"excerpt":{"rendered":"<p>Yunan Ba\u015fbakan Kiryakos Mi\u00e7otakis, T\u00fcrkiye&#8217;nin G\u00fcney K\u0131br\u0131s ve Yunanistan&#8217;a kar\u015f\u0131 sald\u0131rgan bir tutuma ge\u00e7mesi durumunda alacaklar\u0131 \u00f6nlemlerle ilgili bir liste olu\u015fturduklar\u0131n\u0131 s\u00f6yledi. Mi\u00e7otakis, ge\u00e7en hafta vefat eden\u00a0Avrupa Parlamentosu Ba\u015fkan\u0131 David Sassoli&#8217;nin an\u0131s\u0131na d\u00fczenlenen t\u00f6ren sonras\u0131\u00a0Avrupa Halk Partisi milletvekilleriyle\u00a0yapt\u0131\u011f\u0131 g\u00f6r\u00fc\u015fmede a\u00e7\u0131klamalarda bulundu. \u201cDavid Sassoli&#8217;ye h\u00fcrmet etmenin benim i\u00e7in bir g\u00f6rev oldu\u011funu hissettim&#8221;\u00a0diyen Mi\u00e7otakis,\u00a0&#8220;Ge\u00e7en May\u0131s ay\u0131nda, Yunanistan&#8217;\u0131n [&hellip;]<\/p>\n","protected":false},"author":7,"featured_media":66655,"comment_status":"open","ping_status":"open","sticky":false,"template":"","format":"standard","meta":{"footnotes":""},"categories":[1],"tags":[],"class_list":["post-66654","post","type-post","status-publish","format-standard","has-post-thumbnail","hentry","category-haberler"],"yoast_head":"<!-- This site is optimized with the Yoast SEO plugin v27.4 - https:\/\/yoast.com\/product\/yoast-seo-wordpress\/ -->\n<title>Yunanistan Ba\u015fbakan\u0131 Mi\u00e7otakis: T\u00fcrkiye&#039;ye kar\u015f\u0131 yapt\u0131r\u0131m listesi haz\u0131rlad\u0131k - Bati Ermenistan Ve Bati Ermenileri Sorunlari Ara\u015ftirmalar Merkezi<\/title>\n<meta name=\"robots\" content=\"index, follow, max-snippet:-1, max-image-preview:large, max-video-preview:-1\" \/>\n<link rel=\"canonical\" href=\"https:\/\/akunq.net\/tr\/?p=66654\" \/>\n<meta property=\"og:locale\" content=\"en_US\" \/>\n<meta property=\"og:type\" content=\"article\" \/>\n<meta property=\"og:title\" content=\"Yunanistan Ba\u015fbakan\u0131 Mi\u00e7otakis: T\u00fcrkiye&#039;ye kar\u015f\u0131 yapt\u0131r\u0131m listesi haz\u0131rlad\u0131k - Bati Ermenistan Ve Bati Ermenileri Sorunlari Ara\u015ftirmalar Merkezi\" \/>\n<meta property=\"og:description\" content=\"Yunan Ba\u015fbakan Kiryakos Mi\u00e7otakis, T\u00fcrkiye&#8217;nin G\u00fcney K\u0131br\u0131s ve Yunanistan&#8217;a kar\u015f\u0131 sald\u0131rgan bir tutuma ge\u00e7mesi durumunda alacaklar\u0131 \u00f6nlemlerle ilgili bir liste olu\u015fturduklar\u0131n\u0131 s\u00f6yledi. Mi\u00e7otakis, ge\u00e7en hafta vefat eden\u00a0Avrupa Parlamentosu Ba\u015fkan\u0131 David Sassoli&#8217;nin an\u0131s\u0131na d\u00fczenlenen t\u00f6ren sonras\u0131\u00a0Avrupa Halk Partisi milletvekilleriyle\u00a0yapt\u0131\u011f\u0131 g\u00f6r\u00fc\u015fmede a\u00e7\u0131klamalarda bulundu. \u201cDavid Sassoli&#8217;ye h\u00fcrmet etmenin benim i\u00e7in bir g\u00f6rev oldu\u011funu hissettim&#8221;\u00a0diyen Mi\u00e7otakis,\u00a0&#8220;Ge\u00e7en May\u0131s ay\u0131nda, Yunanistan&#8217;\u0131n [&hellip;]\" \/>\n<meta property=\"og:url\" content=\"https:\/\/akunq.net\/tr\/?p=66654\" \/>\n<meta property=\"og:site_name\" content=\"Bati Ermenistan Ve Bati Ermenileri Sorunlari Ara\u015ftirmalar Merkezi\" \/>\n<meta property=\"article:published_time\" content=\"2022-01-19T06:24:22+00:00\" \/>\n<meta property=\"og:image\" content=\"https:\/\/akunq.net\/tr\/wp-content\/uploads\/sites\/6\/2022\/01\/\u0540\u0578\u0582\u0576\u0561\u057d\u057f\u0561\u0576\u056b-\u057e\u0561\u0580\u0579\u0561\u057a\u0565\u057f-\u053f\u056b\u0580\u056b\u0561\u056f\u0578\u057d-\u0544\u056b\u0581\u0578\u057f\u0561\u056f\u056b\u057d.jpg\" \/>\n\t<meta property=\"og:image:width\" content=\"770\" \/>\n\t<meta property=\"og:image:height\" content=\"509\" \/>\n\t<meta property=\"og:image:type\" content=\"image\/jpeg\" \/>\n<meta name=\"author\" content=\"admin\" \/>\n<meta name=\"twitter:card\" content=\"summary_large_image\" \/>\n<meta name=\"twitter:label1\" content=\"Written by\" \/>\n\t<meta name=\"twitter:data1\" content=\"admin\" \/>\n\t<meta name=\"twitter:label2\" content=\"Est. reading time\" \/>\n\t<meta name=\"twitter:data2\" content=\"2 minutes\" \/>\n<script type=\"application\/ld+json\" class=\"yoast-schema-graph\">{\"@context\":\"https:\\\/\\\/schema.org\",\"@graph\":[{\"@type\":\"Article\",\"@id\":\"https:\\\/\\\/akunq.net\\\/tr\\\/?p=66654#article\",\"isPartOf\":{\"@id\":\"https:\\\/\\\/akunq.net\\\/tr\\\/?p=66654\"},\"author\":{\"name\":\"admin\",\"@id\":\"https:\\\/\\\/akunq.net\\\/tr\\\/#\\\/schema\\\/person\\\/096f1d38a12cce57fb855b485ed24c9e\"},\"headline\":\"Yunanistan Ba\u015fbakan\u0131 Mi\u00e7otakis: T\u00fcrkiye&#8217;ye kar\u015f\u0131 yapt\u0131r\u0131m listesi haz\u0131rlad\u0131k\",\"datePublished\":\"2022-01-19T06:24:22+00:00\",\"mainEntityOfPage\":{\"@id\":\"https:\\\/\\\/akunq.net\\\/tr\\\/?p=66654\"},\"wordCount\":318,\"commentCount\":0,\"image\":{\"@id\":\"https:\\\/\\\/akunq.net\\\/tr\\\/?p=66654#primaryimage\"},\"thumbnailUrl\":\"https:\\\/\\\/akunq.net\\\/tr\\\/wp-content\\\/uploads\\\/sites\\\/6\\\/2022\\\/01\\\/\u0540\u0578\u0582\u0576\u0561\u057d\u057f\u0561\u0576\u056b-\u057e\u0561\u0580\u0579\u0561\u057a\u0565\u057f-\u053f\u056b\u0580\u056b\u0561\u056f\u0578\u057d-\u0544\u056b\u0581\u0578\u057f\u0561\u056f\u056b\u057d.jpg\",\"articleSection\":[\"Haberler\"],\"inLanguage\":\"en-US\",\"potentialAction\":[{\"@type\":\"CommentAction\",\"name\":\"Comment\",\"target\":[\"https:\\\/\\\/akunq.net\\\/tr\\\/?p=66654#respond\"]}]},{\"@type\":\"WebPage\",\"@id\":\"https:\\\/\\\/akunq.net\\\/tr\\\/?p=66654\",\"url\":\"https:\\\/\\\/akunq.net\\\/tr\\\/?p=66654\",\"name\":\"Yunanistan Ba\u015fbakan\u0131 Mi\u00e7otakis: T\u00fcrkiye'ye kar\u015f\u0131 yapt\u0131r\u0131m listesi haz\u0131rlad\u0131k - Bati Ermenistan Ve Bati Ermenileri Sorunlari Ara\u015ftirmalar Merkezi\",\"isPartOf\":{\"@id\":\"https:\\\/\\\/akunq.net\\\/tr\\\/#website\"},\"primaryImageOfPage\":{\"@id\":\"https:\\\/\\\/akunq.net\\\/tr\\\/?p=66654#primaryimage\"},\"image\":{\"@id\":\"https:\\\/\\\/akunq.net\\\/tr\\\/?p=66654#primaryimage\"},\"thumbnailUrl\":\"https:\\\/\\\/akunq.net\\\/tr\\\/wp-content\\\/uploads\\\/sites\\\/6\\\/2022\\\/01\\\/\u0540\u0578\u0582\u0576\u0561\u057d\u057f\u0561\u0576\u056b-\u057e\u0561\u0580\u0579\u0561\u057a\u0565\u057f-\u053f\u056b\u0580\u056b\u0561\u056f\u0578\u057d-\u0544\u056b\u0581\u0578\u057f\u0561\u056f\u056b\u057d.jpg\",\"datePublished\":\"2022-01-19T06:24:22+00:00\",\"author\":{\"@id\":\"https:\\\/\\\/akunq.net\\\/tr\\\/#\\\/schema\\\/person\\\/096f1d38a12cce57fb855b485ed24c9e\"},\"breadcrumb\":{\"@id\":\"https:\\\/\\\/akunq.net\\\/tr\\\/?p=66654#breadcrumb\"},\"inLanguage\":\"en-US\",\"potentialAction\":[{\"@type\":\"ReadAction\",\"target\":[\"https:\\\/\\\/akunq.net\\\/tr\\\/?p=66654\"]}]},{\"@type\":\"ImageObject\",\"inLanguage\":\"en-US\",\"@id\":\"https:\\\/\\\/akunq.net\\\/tr\\\/?p=66654#primaryimage\",\"url\":\"https:\\\/\\\/akunq.net\\\/tr\\\/wp-content\\\/uploads\\\/sites\\\/6\\\/2022\\\/01\\\/\u0540\u0578\u0582\u0576\u0561\u057d\u057f\u0561\u0576\u056b-\u057e\u0561\u0580\u0579\u0561\u057a\u0565\u057f-\u053f\u056b\u0580\u056b\u0561\u056f\u0578\u057d-\u0544\u056b\u0581\u0578\u057f\u0561\u056f\u056b\u057d.jpg\",\"contentUrl\":\"https:\\\/\\\/akunq.net\\\/tr\\\/wp-content\\\/uploads\\\/sites\\\/6\\\/2022\\\/01\\\/\u0540\u0578\u0582\u0576\u0561\u057d\u057f\u0561\u0576\u056b-\u057e\u0561\u0580\u0579\u0561\u057a\u0565\u057f-\u053f\u056b\u0580\u056b\u0561\u056f\u0578\u057d-\u0544\u056b\u0581\u0578\u057f\u0561\u056f\u056b\u057d.jpg\",\"width\":770,\"height\":509},{\"@type\":\"BreadcrumbList\",\"@id\":\"https:\\\/\\\/akunq.net\\\/tr\\\/?p=66654#breadcrumb\",\"itemListElement\":[{\"@type\":\"ListItem\",\"position\":1,\"name\":\"Home\",\"item\":\"https:\\\/\\\/akunq.net\\\/tr\"},{\"@type\":\"ListItem\",\"position\":2,\"name\":\"Yunanistan Ba\u015fbakan\u0131 Mi\u00e7otakis: T\u00fcrkiye&#8217;ye kar\u015f\u0131 yapt\u0131r\u0131m listesi haz\u0131rlad\u0131k\"}]},{\"@type\":\"WebSite\",\"@id\":\"https:\\\/\\\/akunq.net\\\/tr\\\/#website\",\"url\":\"https:\\\/\\\/akunq.net\\\/tr\\\/\",\"name\":\"Bati Ermenistan Ve Bati Ermenileri Sorunlari Ara\u015ftirmalar Merkezi\",\"description\":\"\",\"potentialAction\":[{\"@type\":\"SearchAction\",\"target\":{\"@type\":\"EntryPoint\",\"urlTemplate\":\"https:\\\/\\\/akunq.net\\\/tr\\\/?s={search_term_string}\"},\"query-input\":{\"@type\":\"PropertyValueSpecification\",\"valueRequired\":true,\"valueName\":\"search_term_string\"}}],\"inLanguage\":\"en-US\"},{\"@type\":\"Person\",\"@id\":\"https:\\\/\\\/akunq.net\\\/tr\\\/#\\\/schema\\\/person\\\/096f1d38a12cce57fb855b485ed24c9e\",\"name\":\"admin\",\"url\":\"https:\\\/\\\/akunq.net\\\/tr\\\/?author=7\"}]}<\/script>\n<!-- \/ Yoast SEO plugin. -->","yoast_head_json":{"title":"Yunanistan Ba\u015fbakan\u0131 Mi\u00e7otakis: T\u00fcrkiye'ye kar\u015f\u0131 yapt\u0131r\u0131m listesi haz\u0131rlad\u0131k - Bati Ermenistan Ve Bati Ermenileri Sorunlari Ara\u015ftirmalar Merkezi","robots":{"index":"index","follow":"follow","max-snippet":"max-snippet:-1","max-image-preview":"max-image-preview:large","max-video-preview":"max-video-preview:-1"},"canonical":"https:\/\/akunq.net\/tr\/?p=66654","og_locale":"en_US","og_type":"article","og_title":"Yunanistan Ba\u015fbakan\u0131 Mi\u00e7otakis: T\u00fcrkiye'ye kar\u015f\u0131 yapt\u0131r\u0131m listesi haz\u0131rlad\u0131k - Bati Ermenistan Ve Bati Ermenileri Sorunlari Ara\u015ftirmalar Merkezi","og_description":"Yunan Ba\u015fbakan Kiryakos Mi\u00e7otakis, T\u00fcrkiye&#8217;nin G\u00fcney K\u0131br\u0131s ve Yunanistan&#8217;a kar\u015f\u0131 sald\u0131rgan bir tutuma ge\u00e7mesi durumunda alacaklar\u0131 \u00f6nlemlerle ilgili bir liste olu\u015fturduklar\u0131n\u0131 s\u00f6yledi. Mi\u00e7otakis, ge\u00e7en hafta vefat eden\u00a0Avrupa Parlamentosu Ba\u015fkan\u0131 David Sassoli&#8217;nin an\u0131s\u0131na d\u00fczenlenen t\u00f6ren sonras\u0131\u00a0Avrupa Halk Partisi milletvekilleriyle\u00a0yapt\u0131\u011f\u0131 g\u00f6r\u00fc\u015fmede a\u00e7\u0131klamalarda bulundu. \u201cDavid Sassoli&#8217;ye h\u00fcrmet etmenin benim i\u00e7in bir g\u00f6rev oldu\u011funu hissettim&#8221;\u00a0diyen Mi\u00e7otakis,\u00a0&#8220;Ge\u00e7en May\u0131s ay\u0131nda, Yunanistan&#8217;\u0131n [&hellip;]","og_url":"https:\/\/akunq.net\/tr\/?p=66654","og_site_name":"Bati Ermenistan Ve Bati Ermenileri Sorunlari Ara\u015ftirmalar Merkezi","article_published_time":"2022-01-19T06:24:22+00:00","og_image":[{"width":770,"height":509,"url":"https:\/\/akunq.net\/tr\/wp-content\/uploads\/sites\/6\/2022\/01\/\u0540\u0578\u0582\u0576\u0561\u057d\u057f\u0561\u0576\u056b-\u057e\u0561\u0580\u0579\u0561\u057a\u0565\u057f-\u053f\u056b\u0580\u056b\u0561\u056f\u0578\u057d-\u0544\u056b\u0581\u0578\u057f\u0561\u056f\u056b\u057d.jpg","type":"image\/jpeg"}],"author":"admin","twitter_card":"summary_large_image","twitter_misc":{"Written by":"admin","Est. reading time":"2 minutes"},"schema":{"@context":"https:\/\/schema.org","@graph":[{"@type":"Article","@id":"https:\/\/akunq.net\/tr\/?p=66654#article","isPartOf":{"@id":"https:\/\/akunq.net\/tr\/?p=66654"},"author":{"name":"admin","@id":"https:\/\/akunq.net\/tr\/#\/schema\/person\/096f1d38a12cce57fb855b485ed24c9e"},"headline":"Yunanistan Ba\u015fbakan\u0131 Mi\u00e7otakis: T\u00fcrkiye&#8217;ye kar\u015f\u0131 yapt\u0131r\u0131m listesi haz\u0131rlad\u0131k","datePublished":"2022-01-19T06:24:22+00:00","mainEntityOfPage":{"@id":"https:\/\/akunq.net\/tr\/?p=66654"},"wordCount":318,"commentCount":0,"image":{"@id":"https:\/\/akunq.net\/tr\/?p=66654#primaryimage"},"thumbnailUrl":"https:\/\/akunq.net\/tr\/wp-content\/uploads\/sites\/6\/2022\/01\/\u0540\u0578\u0582\u0576\u0561\u057d\u057f\u0561\u0576\u056b-\u057e\u0561\u0580\u0579\u0561\u057a\u0565\u057f-\u053f\u056b\u0580\u056b\u0561\u056f\u0578\u057d-\u0544\u056b\u0581\u0578\u057f\u0561\u056f\u056b\u057d.jpg","articleSection":["Haberler"],"inLanguage":"en-US","potentialAction":[{"@type":"CommentAction","name":"Comment","target":["https:\/\/akunq.net\/tr\/?p=66654#respond"]}]},{"@type":"WebPage","@id":"https:\/\/akunq.net\/tr\/?p=66654","url":"https:\/\/akunq.net\/tr\/?p=66654","name":"Yunanistan Ba\u015fbakan\u0131 Mi\u00e7otakis: T\u00fcrkiye'ye kar\u015f\u0131 yapt\u0131r\u0131m listesi haz\u0131rlad\u0131k - Bati Ermenistan Ve Bati Ermenileri Sorunlari Ara\u015ftirmalar Merkezi","isPartOf":{"@id":"https:\/\/akunq.net\/tr\/#website"},"primaryImageOfPage":{"@id":"https:\/\/akunq.net\/tr\/?p=66654#primaryimage"},"image":{"@id":"https:\/\/akunq.net\/tr\/?p=66654#primaryimage"},"thumbnailUrl":"https:\/\/akunq.net\/tr\/wp-content\/uploads\/sites\/6\/2022\/01\/\u0540\u0578\u0582\u0576\u0561\u057d\u057f\u0561\u0576\u056b-\u057e\u0561\u0580\u0579\u0561\u057a\u0565\u057f-\u053f\u056b\u0580\u056b\u0561\u056f\u0578\u057d-\u0544\u056b\u0581\u0578\u057f\u0561\u056f\u056b\u057d.jpg","datePublished":"2022-01-19T06:24:22+00:00","author":{"@id":"https:\/\/akunq.net\/tr\/#\/schema\/person\/096f1d38a12cce57fb855b485ed24c9e"},"breadcrumb":{"@id":"https:\/\/akunq.net\/tr\/?p=66654#breadcrumb"},"inLanguage":"en-US","potentialAction":[{"@type":"ReadAction","target":["https:\/\/akunq.net\/tr\/?p=66654"]}]},{"@type":"ImageObject","inLanguage":"en-US","@id":"https:\/\/akunq.net\/tr\/?p=66654#primaryimage","url":"https:\/\/akunq.net\/tr\/wp-content\/uploads\/sites\/6\/2022\/01\/\u0540\u0578\u0582\u0576\u0561\u057d\u057f\u0561\u0576\u056b-\u057e\u0561\u0580\u0579\u0561\u057a\u0565\u057f-\u053f\u056b\u0580\u056b\u0561\u056f\u0578\u057d-\u0544\u056b\u0581\u0578\u057f\u0561\u056f\u056b\u057d.jpg","contentUrl":"https:\/\/akunq.net\/tr\/wp-content\/uploads\/sites\/6\/2022\/01\/\u0540\u0578\u0582\u0576\u0561\u057d\u057f\u0561\u0576\u056b-\u057e\u0561\u0580\u0579\u0561\u057a\u0565\u057f-\u053f\u056b\u0580\u056b\u0561\u056f\u0578\u057d-\u0544\u056b\u0581\u0578\u057f\u0561\u056f\u056b\u057d.jpg","width":770,"height":509},{"@type":"BreadcrumbList","@id":"https:\/\/akunq.net\/tr\/?p=66654#breadcrumb","itemListElement":[{"@type":"ListItem","position":1,"name":"Home","item":"https:\/\/akunq.net\/tr"},{"@type":"ListItem","position":2,"name":"Yunanistan Ba\u015fbakan\u0131 Mi\u00e7otakis: T\u00fcrkiye&#8217;ye kar\u015f\u0131 yapt\u0131r\u0131m listesi haz\u0131rlad\u0131k"}]},{"@type":"WebSite","@id":"https:\/\/akunq.net\/tr\/#website","url":"https:\/\/akunq.net\/tr\/","name":"Bati Ermenistan Ve Bati Ermenileri Sorunlari Ara\u015ftirmalar Merkezi","description":"","potentialAction":[{"@type":"SearchAction","target":{"@type":"EntryPoint","urlTemplate":"https:\/\/akunq.net\/tr\/?s={search_term_string}"},"query-input":{"@type":"PropertyValueSpecification","valueRequired":true,"valueName":"search_term_string"}}],"inLanguage":"en-US"},{"@type":"Person","@id":"https:\/\/akunq.net\/tr\/#\/schema\/person\/096f1d38a12cce57fb855b485ed24c9e","name":"admin","url":"https:\/\/akunq.net\/tr\/?author=7"}]}},"_links":{"self":[{"href":"https:\/\/akunq.net\/tr\/index.php?rest_route=\/wp\/v2\/posts\/66654","targetHints":{"allow":["GET"]}}],"collection":[{"href":"https:\/\/akunq.net\/tr\/index.php?rest_route=\/wp\/v2\/posts"}],"about":[{"href":"https:\/\/akunq.net\/tr\/index.php?rest_route=\/wp\/v2\/types\/post"}],"author":[{"embeddable":true,"href":"https:\/\/akunq.net\/tr\/index.php?rest_route=\/wp\/v2\/users\/7"}],"replies":[{"embeddable":true,"href":"https:\/\/akunq.net\/tr\/index.php?rest_route=%2Fwp%2Fv2%2Fcomments&post=66654"}],"version-history":[{"count":1,"href":"https:\/\/akunq.net\/tr\/index.php?rest_route=\/wp\/v2\/posts\/66654\/revisions"}],"predecessor-version":[{"id":66656,"href":"https:\/\/akunq.net\/tr\/index.php?rest_route=\/wp\/v2\/posts\/66654\/revisions\/66656"}],"wp:featuredmedia":[{"embeddable":true,"href":"https:\/\/akunq.net\/tr\/index.php?rest_route=\/wp\/v2\/media\/66655"}],"wp:attachment":[{"href":"https:\/\/akunq.net\/tr\/index.php?rest_route=%2Fwp%2Fv2%2Fmedia&parent=66654"}],"wp:term":[{"taxonomy":"category","embeddable":true,"href":"https:\/\/akunq.net\/tr\/index.php?rest_route=%2Fwp%2Fv2%2Fcategories&post=66654"},{"taxonomy":"post_tag","embeddable":true,"href":"https:\/\/akunq.net\/tr\/index.php?rest_route=%2Fwp%2Fv2%2Ftags&post=66654"}],"curies":[{"name":"wp","href":"https:\/\/api.w.org\/{rel}","templated":true}]}}