{"id":66651,"date":"2022-01-19T01:14:53","date_gmt":"2022-01-19T06:14:53","guid":{"rendered":"https:\/\/akunq.net\/tr\/?p=66651"},"modified":"2022-01-19T01:14:53","modified_gmt":"2022-01-19T06:14:53","slug":"hrant-dinki-aramizdan-alinisinin-15-yilinda-aniyoruz-2","status":"publish","type":"post","link":"https:\/\/akunq.net\/tr\/?p=66651","title":{"rendered":"Hrant Dink&#8217;i aram\u0131zdan al\u0131n\u0131\u015f\u0131n\u0131n 15. y\u0131l\u0131nda an\u0131yoruz"},"content":{"rendered":"<p><img loading=\"lazy\" decoding=\"async\" class=\"aligncenter size-medium wp-image-66652\" src=\"https:\/\/akunq.net\/tr\/wp-content\/uploads\/2022\/01\/Dink-2-360x180.jpg\" alt=\"\" width=\"360\" height=\"180\" srcset=\"https:\/\/akunq.net\/tr\/wp-content\/uploads\/sites\/6\/2022\/01\/Dink-2-360x180.jpg 360w, https:\/\/akunq.net\/tr\/wp-content\/uploads\/sites\/6\/2022\/01\/Dink-2-260x130.jpg 260w, https:\/\/akunq.net\/tr\/wp-content\/uploads\/sites\/6\/2022\/01\/Dink-2-160x80.jpg 160w, https:\/\/akunq.net\/tr\/wp-content\/uploads\/sites\/6\/2022\/01\/Dink-2.jpg 512w\" sizes=\"auto, (max-width: 360px) 100vw, 360px\" \/><\/p>\n<p><em><strong>Gazetemizin kurucusu ve genel yay\u0131n y\u00f6netmeni Hrant Dink\u2019i katledili\u015finin 15. y\u0131l\u0131nda vuruldu\u011fu yerde an\u0131yoruz.<\/strong><\/em><\/p>\n<p>Her y\u0131l oldu\u011fu gibi bu y\u0131l da anmay\u0131 d\u00fczenleyen Hrant\u2019\u0131n Arkada\u015flar\u0131 grubu, 19 Ocak \u00c7ar\u015famba g\u00fcn\u00fc saat 15.00\u2019te Agos\u2019un eski ofisi \u00f6n\u00fcnde, maske ve mesafe \u00f6nlemlerine uyarak, bulu\u015fma \u00e7a\u011fr\u0131s\u0131 yapt\u0131. Bu y\u0131lki anma \u201c15 Eksik Y\u0131l\u201d slogan\u0131yla ger\u00e7ekle\u015ftirilecek. Anmada yine balkondan konu\u015fmalar yap\u0131lacak.<\/p>\n<p>Bu y\u0131l ayr\u0131ca yazar ve y\u00f6netmen \u00dcmit K\u0131van\u00e7, Hrant Dink i\u00e7in uzun s\u00fcredir \u00fczerinde \u00e7al\u0131\u015ft\u0131\u011f\u0131 filmi de tamamlad\u0131. \u201cHaf\u0131za Yetersiz- Hrant Dink \u0130\u00e7in Bir Film\u201d ba\u015fl\u0131kl\u0131 \u00e7al\u0131\u015fma Hrant Dink Vakf\u0131\u2019n\u0131n internet\u00a0<a href=\"https:\/\/hrantdink.org\/tr\/\" target=\"_blank\" rel=\"noopener noreferrer\">sitesinden\u00a0<\/a>izlenebilir.\u00a0 Film, \u00dcmit K\u0131van\u00e7\u2019\u0131n\u00a0<a href=\"https:\/\/vimeo.com\/umitk\" target=\"_blank\" rel=\"noopener noreferrer\">vimeo\u00a0<\/a>ve Youtube\u00a0<a href=\"https:\/\/www.youtube.com\/user\/gecetreni2011\" target=\"_blank\" rel=\"noopener noreferrer\">kanallar\u0131ndan\u00a0<\/a>da yay\u0131nlanacak.<\/p>\n<p><em><strong>http:\/\/www.agos.com.tr\/tr\/yazi\/26654\/hrant-dink-i-aramizdan-alinisinin-15-yilinda-aniyoruz\u00a0<\/strong><\/em><\/p>\n","protected":false},"excerpt":{"rendered":"<p>Gazetemizin kurucusu ve genel yay\u0131n y\u00f6netmeni Hrant Dink\u2019i katledili\u015finin 15. y\u0131l\u0131nda vuruldu\u011fu yerde an\u0131yoruz. Her y\u0131l oldu\u011fu gibi bu y\u0131l da anmay\u0131 d\u00fczenleyen Hrant\u2019\u0131n Arkada\u015flar\u0131 grubu, 19 Ocak \u00c7ar\u015famba g\u00fcn\u00fc saat 15.00\u2019te Agos\u2019un eski ofisi \u00f6n\u00fcnde, maske ve mesafe \u00f6nlemlerine uyarak, bulu\u015fma \u00e7a\u011fr\u0131s\u0131 yapt\u0131. Bu y\u0131lki anma \u201c15 Eksik Y\u0131l\u201d slogan\u0131yla ger\u00e7ekle\u015ftirilecek. Anmada yine balkondan [&hellip;]<\/p>\n","protected":false},"author":7,"featured_media":66652,"comment_status":"open","ping_status":"open","sticky":false,"template":"","format":"standard","meta":{"footnotes":""},"categories":[1],"tags":[],"class_list":["post-66651","post","type-post","status-publish","format-standard","has-post-thumbnail","hentry","category-haberler"],"yoast_head":"<!-- This site is optimized with the Yoast SEO plugin v27.4 - https:\/\/yoast.com\/product\/yoast-seo-wordpress\/ -->\n<title>Hrant Dink&#039;i aram\u0131zdan al\u0131n\u0131\u015f\u0131n\u0131n 15. y\u0131l\u0131nda an\u0131yoruz - Bati Ermenistan Ve Bati Ermenileri Sorunlari Ara\u015ftirmalar Merkezi<\/title>\n<meta name=\"robots\" content=\"index, follow, max-snippet:-1, max-image-preview:large, max-video-preview:-1\" \/>\n<link rel=\"canonical\" href=\"https:\/\/akunq.net\/tr\/?p=66651\" \/>\n<meta property=\"og:locale\" content=\"en_US\" \/>\n<meta property=\"og:type\" content=\"article\" \/>\n<meta property=\"og:title\" content=\"Hrant Dink&#039;i aram\u0131zdan al\u0131n\u0131\u015f\u0131n\u0131n 15. y\u0131l\u0131nda an\u0131yoruz - Bati Ermenistan Ve Bati Ermenileri Sorunlari Ara\u015ftirmalar Merkezi\" \/>\n<meta property=\"og:description\" content=\"Gazetemizin kurucusu ve genel yay\u0131n y\u00f6netmeni Hrant Dink\u2019i katledili\u015finin 15. y\u0131l\u0131nda vuruldu\u011fu yerde an\u0131yoruz. Her y\u0131l oldu\u011fu gibi bu y\u0131l da anmay\u0131 d\u00fczenleyen Hrant\u2019\u0131n Arkada\u015flar\u0131 grubu, 19 Ocak \u00c7ar\u015famba g\u00fcn\u00fc saat 15.00\u2019te Agos\u2019un eski ofisi \u00f6n\u00fcnde, maske ve mesafe \u00f6nlemlerine uyarak, bulu\u015fma \u00e7a\u011fr\u0131s\u0131 yapt\u0131. Bu y\u0131lki anma \u201c15 Eksik Y\u0131l\u201d slogan\u0131yla ger\u00e7ekle\u015ftirilecek. Anmada yine balkondan [&hellip;]\" \/>\n<meta property=\"og:url\" content=\"https:\/\/akunq.net\/tr\/?p=66651\" \/>\n<meta property=\"og:site_name\" content=\"Bati Ermenistan Ve Bati Ermenileri Sorunlari Ara\u015ftirmalar Merkezi\" \/>\n<meta property=\"article:published_time\" content=\"2022-01-19T06:14:53+00:00\" \/>\n<meta property=\"og:image\" content=\"https:\/\/akunq.net\/tr\/wp-content\/uploads\/sites\/6\/2022\/01\/Dink-2.jpg\" \/>\n\t<meta property=\"og:image:width\" content=\"512\" \/>\n\t<meta property=\"og:image:height\" content=\"256\" \/>\n\t<meta property=\"og:image:type\" content=\"image\/jpeg\" \/>\n<meta name=\"author\" content=\"admin\" \/>\n<meta name=\"twitter:card\" content=\"summary_large_image\" \/>\n<meta name=\"twitter:label1\" content=\"Written by\" \/>\n\t<meta name=\"twitter:data1\" content=\"admin\" \/>\n\t<meta name=\"twitter:label2\" content=\"Est. reading time\" \/>\n\t<meta name=\"twitter:data2\" content=\"1 minute\" \/>\n<script type=\"application\/ld+json\" class=\"yoast-schema-graph\">{\"@context\":\"https:\\\/\\\/schema.org\",\"@graph\":[{\"@type\":\"Article\",\"@id\":\"https:\\\/\\\/akunq.net\\\/tr\\\/?p=66651#article\",\"isPartOf\":{\"@id\":\"https:\\\/\\\/akunq.net\\\/tr\\\/?p=66651\"},\"author\":{\"name\":\"admin\",\"@id\":\"https:\\\/\\\/akunq.net\\\/tr\\\/#\\\/schema\\\/person\\\/096f1d38a12cce57fb855b485ed24c9e\"},\"headline\":\"Hrant Dink&#8217;i aram\u0131zdan al\u0131n\u0131\u015f\u0131n\u0131n 15. y\u0131l\u0131nda an\u0131yoruz\",\"datePublished\":\"2022-01-19T06:14:53+00:00\",\"mainEntityOfPage\":{\"@id\":\"https:\\\/\\\/akunq.net\\\/tr\\\/?p=66651\"},\"wordCount\":163,\"commentCount\":0,\"image\":{\"@id\":\"https:\\\/\\\/akunq.net\\\/tr\\\/?p=66651#primaryimage\"},\"thumbnailUrl\":\"https:\\\/\\\/akunq.net\\\/tr\\\/wp-content\\\/uploads\\\/sites\\\/6\\\/2022\\\/01\\\/Dink-2.jpg\",\"articleSection\":[\"Haberler\"],\"inLanguage\":\"en-US\",\"potentialAction\":[{\"@type\":\"CommentAction\",\"name\":\"Comment\",\"target\":[\"https:\\\/\\\/akunq.net\\\/tr\\\/?p=66651#respond\"]}]},{\"@type\":\"WebPage\",\"@id\":\"https:\\\/\\\/akunq.net\\\/tr\\\/?p=66651\",\"url\":\"https:\\\/\\\/akunq.net\\\/tr\\\/?p=66651\",\"name\":\"Hrant Dink'i aram\u0131zdan al\u0131n\u0131\u015f\u0131n\u0131n 15. y\u0131l\u0131nda an\u0131yoruz - Bati Ermenistan Ve Bati Ermenileri Sorunlari Ara\u015ftirmalar Merkezi\",\"isPartOf\":{\"@id\":\"https:\\\/\\\/akunq.net\\\/tr\\\/#website\"},\"primaryImageOfPage\":{\"@id\":\"https:\\\/\\\/akunq.net\\\/tr\\\/?p=66651#primaryimage\"},\"image\":{\"@id\":\"https:\\\/\\\/akunq.net\\\/tr\\\/?p=66651#primaryimage\"},\"thumbnailUrl\":\"https:\\\/\\\/akunq.net\\\/tr\\\/wp-content\\\/uploads\\\/sites\\\/6\\\/2022\\\/01\\\/Dink-2.jpg\",\"datePublished\":\"2022-01-19T06:14:53+00:00\",\"author\":{\"@id\":\"https:\\\/\\\/akunq.net\\\/tr\\\/#\\\/schema\\\/person\\\/096f1d38a12cce57fb855b485ed24c9e\"},\"breadcrumb\":{\"@id\":\"https:\\\/\\\/akunq.net\\\/tr\\\/?p=66651#breadcrumb\"},\"inLanguage\":\"en-US\",\"potentialAction\":[{\"@type\":\"ReadAction\",\"target\":[\"https:\\\/\\\/akunq.net\\\/tr\\\/?p=66651\"]}]},{\"@type\":\"ImageObject\",\"inLanguage\":\"en-US\",\"@id\":\"https:\\\/\\\/akunq.net\\\/tr\\\/?p=66651#primaryimage\",\"url\":\"https:\\\/\\\/akunq.net\\\/tr\\\/wp-content\\\/uploads\\\/sites\\\/6\\\/2022\\\/01\\\/Dink-2.jpg\",\"contentUrl\":\"https:\\\/\\\/akunq.net\\\/tr\\\/wp-content\\\/uploads\\\/sites\\\/6\\\/2022\\\/01\\\/Dink-2.jpg\",\"width\":512,\"height\":256},{\"@type\":\"BreadcrumbList\",\"@id\":\"https:\\\/\\\/akunq.net\\\/tr\\\/?p=66651#breadcrumb\",\"itemListElement\":[{\"@type\":\"ListItem\",\"position\":1,\"name\":\"Home\",\"item\":\"https:\\\/\\\/akunq.net\\\/tr\"},{\"@type\":\"ListItem\",\"position\":2,\"name\":\"Hrant Dink&#8217;i aram\u0131zdan al\u0131n\u0131\u015f\u0131n\u0131n 15. y\u0131l\u0131nda an\u0131yoruz\"}]},{\"@type\":\"WebSite\",\"@id\":\"https:\\\/\\\/akunq.net\\\/tr\\\/#website\",\"url\":\"https:\\\/\\\/akunq.net\\\/tr\\\/\",\"name\":\"Bati Ermenistan Ve Bati Ermenileri Sorunlari Ara\u015ftirmalar Merkezi\",\"description\":\"\",\"potentialAction\":[{\"@type\":\"SearchAction\",\"target\":{\"@type\":\"EntryPoint\",\"urlTemplate\":\"https:\\\/\\\/akunq.net\\\/tr\\\/?s={search_term_string}\"},\"query-input\":{\"@type\":\"PropertyValueSpecification\",\"valueRequired\":true,\"valueName\":\"search_term_string\"}}],\"inLanguage\":\"en-US\"},{\"@type\":\"Person\",\"@id\":\"https:\\\/\\\/akunq.net\\\/tr\\\/#\\\/schema\\\/person\\\/096f1d38a12cce57fb855b485ed24c9e\",\"name\":\"admin\",\"url\":\"https:\\\/\\\/akunq.net\\\/tr\\\/?author=7\"}]}<\/script>\n<!-- \/ Yoast SEO plugin. -->","yoast_head_json":{"title":"Hrant Dink'i aram\u0131zdan al\u0131n\u0131\u015f\u0131n\u0131n 15. y\u0131l\u0131nda an\u0131yoruz - Bati Ermenistan Ve Bati Ermenileri Sorunlari Ara\u015ftirmalar Merkezi","robots":{"index":"index","follow":"follow","max-snippet":"max-snippet:-1","max-image-preview":"max-image-preview:large","max-video-preview":"max-video-preview:-1"},"canonical":"https:\/\/akunq.net\/tr\/?p=66651","og_locale":"en_US","og_type":"article","og_title":"Hrant Dink'i aram\u0131zdan al\u0131n\u0131\u015f\u0131n\u0131n 15. y\u0131l\u0131nda an\u0131yoruz - Bati Ermenistan Ve Bati Ermenileri Sorunlari Ara\u015ftirmalar Merkezi","og_description":"Gazetemizin kurucusu ve genel yay\u0131n y\u00f6netmeni Hrant Dink\u2019i katledili\u015finin 15. y\u0131l\u0131nda vuruldu\u011fu yerde an\u0131yoruz. Her y\u0131l oldu\u011fu gibi bu y\u0131l da anmay\u0131 d\u00fczenleyen Hrant\u2019\u0131n Arkada\u015flar\u0131 grubu, 19 Ocak \u00c7ar\u015famba g\u00fcn\u00fc saat 15.00\u2019te Agos\u2019un eski ofisi \u00f6n\u00fcnde, maske ve mesafe \u00f6nlemlerine uyarak, bulu\u015fma \u00e7a\u011fr\u0131s\u0131 yapt\u0131. Bu y\u0131lki anma \u201c15 Eksik Y\u0131l\u201d slogan\u0131yla ger\u00e7ekle\u015ftirilecek. Anmada yine balkondan [&hellip;]","og_url":"https:\/\/akunq.net\/tr\/?p=66651","og_site_name":"Bati Ermenistan Ve Bati Ermenileri Sorunlari Ara\u015ftirmalar Merkezi","article_published_time":"2022-01-19T06:14:53+00:00","og_image":[{"width":512,"height":256,"url":"https:\/\/akunq.net\/tr\/wp-content\/uploads\/sites\/6\/2022\/01\/Dink-2.jpg","type":"image\/jpeg"}],"author":"admin","twitter_card":"summary_large_image","twitter_misc":{"Written by":"admin","Est. reading time":"1 minute"},"schema":{"@context":"https:\/\/schema.org","@graph":[{"@type":"Article","@id":"https:\/\/akunq.net\/tr\/?p=66651#article","isPartOf":{"@id":"https:\/\/akunq.net\/tr\/?p=66651"},"author":{"name":"admin","@id":"https:\/\/akunq.net\/tr\/#\/schema\/person\/096f1d38a12cce57fb855b485ed24c9e"},"headline":"Hrant Dink&#8217;i aram\u0131zdan al\u0131n\u0131\u015f\u0131n\u0131n 15. y\u0131l\u0131nda an\u0131yoruz","datePublished":"2022-01-19T06:14:53+00:00","mainEntityOfPage":{"@id":"https:\/\/akunq.net\/tr\/?p=66651"},"wordCount":163,"commentCount":0,"image":{"@id":"https:\/\/akunq.net\/tr\/?p=66651#primaryimage"},"thumbnailUrl":"https:\/\/akunq.net\/tr\/wp-content\/uploads\/sites\/6\/2022\/01\/Dink-2.jpg","articleSection":["Haberler"],"inLanguage":"en-US","potentialAction":[{"@type":"CommentAction","name":"Comment","target":["https:\/\/akunq.net\/tr\/?p=66651#respond"]}]},{"@type":"WebPage","@id":"https:\/\/akunq.net\/tr\/?p=66651","url":"https:\/\/akunq.net\/tr\/?p=66651","name":"Hrant Dink'i aram\u0131zdan al\u0131n\u0131\u015f\u0131n\u0131n 15. y\u0131l\u0131nda an\u0131yoruz - Bati Ermenistan Ve Bati Ermenileri Sorunlari Ara\u015ftirmalar Merkezi","isPartOf":{"@id":"https:\/\/akunq.net\/tr\/#website"},"primaryImageOfPage":{"@id":"https:\/\/akunq.net\/tr\/?p=66651#primaryimage"},"image":{"@id":"https:\/\/akunq.net\/tr\/?p=66651#primaryimage"},"thumbnailUrl":"https:\/\/akunq.net\/tr\/wp-content\/uploads\/sites\/6\/2022\/01\/Dink-2.jpg","datePublished":"2022-01-19T06:14:53+00:00","author":{"@id":"https:\/\/akunq.net\/tr\/#\/schema\/person\/096f1d38a12cce57fb855b485ed24c9e"},"breadcrumb":{"@id":"https:\/\/akunq.net\/tr\/?p=66651#breadcrumb"},"inLanguage":"en-US","potentialAction":[{"@type":"ReadAction","target":["https:\/\/akunq.net\/tr\/?p=66651"]}]},{"@type":"ImageObject","inLanguage":"en-US","@id":"https:\/\/akunq.net\/tr\/?p=66651#primaryimage","url":"https:\/\/akunq.net\/tr\/wp-content\/uploads\/sites\/6\/2022\/01\/Dink-2.jpg","contentUrl":"https:\/\/akunq.net\/tr\/wp-content\/uploads\/sites\/6\/2022\/01\/Dink-2.jpg","width":512,"height":256},{"@type":"BreadcrumbList","@id":"https:\/\/akunq.net\/tr\/?p=66651#breadcrumb","itemListElement":[{"@type":"ListItem","position":1,"name":"Home","item":"https:\/\/akunq.net\/tr"},{"@type":"ListItem","position":2,"name":"Hrant Dink&#8217;i aram\u0131zdan al\u0131n\u0131\u015f\u0131n\u0131n 15. y\u0131l\u0131nda an\u0131yoruz"}]},{"@type":"WebSite","@id":"https:\/\/akunq.net\/tr\/#website","url":"https:\/\/akunq.net\/tr\/","name":"Bati Ermenistan Ve Bati Ermenileri Sorunlari Ara\u015ftirmalar Merkezi","description":"","potentialAction":[{"@type":"SearchAction","target":{"@type":"EntryPoint","urlTemplate":"https:\/\/akunq.net\/tr\/?s={search_term_string}"},"query-input":{"@type":"PropertyValueSpecification","valueRequired":true,"valueName":"search_term_string"}}],"inLanguage":"en-US"},{"@type":"Person","@id":"https:\/\/akunq.net\/tr\/#\/schema\/person\/096f1d38a12cce57fb855b485ed24c9e","name":"admin","url":"https:\/\/akunq.net\/tr\/?author=7"}]}},"_links":{"self":[{"href":"https:\/\/akunq.net\/tr\/index.php?rest_route=\/wp\/v2\/posts\/66651","targetHints":{"allow":["GET"]}}],"collection":[{"href":"https:\/\/akunq.net\/tr\/index.php?rest_route=\/wp\/v2\/posts"}],"about":[{"href":"https:\/\/akunq.net\/tr\/index.php?rest_route=\/wp\/v2\/types\/post"}],"author":[{"embeddable":true,"href":"https:\/\/akunq.net\/tr\/index.php?rest_route=\/wp\/v2\/users\/7"}],"replies":[{"embeddable":true,"href":"https:\/\/akunq.net\/tr\/index.php?rest_route=%2Fwp%2Fv2%2Fcomments&post=66651"}],"version-history":[{"count":1,"href":"https:\/\/akunq.net\/tr\/index.php?rest_route=\/wp\/v2\/posts\/66651\/revisions"}],"predecessor-version":[{"id":66653,"href":"https:\/\/akunq.net\/tr\/index.php?rest_route=\/wp\/v2\/posts\/66651\/revisions\/66653"}],"wp:featuredmedia":[{"embeddable":true,"href":"https:\/\/akunq.net\/tr\/index.php?rest_route=\/wp\/v2\/media\/66652"}],"wp:attachment":[{"href":"https:\/\/akunq.net\/tr\/index.php?rest_route=%2Fwp%2Fv2%2Fmedia&parent=66651"}],"wp:term":[{"taxonomy":"category","embeddable":true,"href":"https:\/\/akunq.net\/tr\/index.php?rest_route=%2Fwp%2Fv2%2Fcategories&post=66651"},{"taxonomy":"post_tag","embeddable":true,"href":"https:\/\/akunq.net\/tr\/index.php?rest_route=%2Fwp%2Fv2%2Ftags&post=66651"}],"curies":[{"name":"wp","href":"https:\/\/api.w.org\/{rel}","templated":true}]}}