{"id":66643,"date":"2022-01-18T03:56:35","date_gmt":"2022-01-18T08:56:35","guid":{"rendered":"https:\/\/akunq.net\/tr\/?p=66643"},"modified":"2022-01-18T03:56:35","modified_gmt":"2022-01-18T08:56:35","slug":"yakin-arkadasi-hranti-anlatti-onun-cesur-adimlari-ezilen-halklarin-mucadelesinde-sembol-oldu","status":"publish","type":"post","link":"https:\/\/akunq.net\/tr\/?p=66643","title":{"rendered":"Yak\u0131n arkada\u015f\u0131 Hrant&#8217;\u0131 anlatt\u0131: Onun cesur ad\u0131mlar\u0131 ezilen halklar\u0131n m\u00fccadelesinde sembol oldu"},"content":{"rendered":"<p class=\"article-spot\"><strong><em>Agos Gazetesi kurucular\u0131ndan Harut \u00d6zer, Hrant Dink\u2019in hakikat gazetecili\u011fi yapt\u0131\u011f\u0131n\u0131 belirterek, katledili\u015finin 15. y\u0131l\u0131nda &#8216;Hrant\u2019a adalet borcu orada duruyor&#8217; dedi.<\/em><\/strong><\/p>\n<div class=\"featured my-3\"><img decoding=\"async\" class=\"img-fluid\" src=\"https:\/\/img.artigercek.com\/uploads\/7\/b\/MN4wyAIeCqdpbICZQhF16jyHjUAM7l8WlvxlevBw.jpeg\" alt=\"Yak\u0131n arkada\u015f\u0131 Hrant'\u0131 anlatt\u0131: Onun cesur ad\u0131mlar\u0131 ezilen halklar\u0131n m\u00fccadelesinde sembol oldu\" \/><\/div>\n<hr \/>\n<div class=\"the-content post-content clearfix\">\n<div class=\"article-body-container\"><ins class=\"adsbygoogle\" data-ad-client=\"ca-pub-9187260724237038\" data-ad-slot=\"6196928104\" data-adsbygoogle-status=\"done\" data-ad-status=\"filled\"><ins id=\"aswift_1_expand\" tabindex=\"0\" title=\"Advertisement\" aria-label=\"Advertisement\"><ins id=\"aswift_1_anchor\"><\/ins><\/ins><\/ins>Agos Gazetesi Genel Yay\u0131n Y\u00f6netmeni Hrant Dink, \u015ei\u015fli Halaskar Gazi Caddesi\u2019nde bulunan gazete binas\u0131n\u0131n \u00f6n\u00fcnde tetik\u00e7i Og\u00fcn Samast taraf\u0131ndan 19 Ocak 2007\u2019de katledildi.<\/p>\n<p>Katledilmesinin ard\u0131ndan \u201cHi\u00e7bir cinayet Ankara\u2019n\u0131n karanl\u0131k dehlizlerinde kaybolmayacak\u201d diyen d\u00f6nemin Ba\u015fbakan\u0131 Tayyip Erdo\u011fan, faillerin bulunaca\u011f\u0131 s\u00f6z\u00fcn\u00fc verdi. Dava 14 y\u0131l sonra karara ba\u011flan\u0131rken, 76 san\u0131kl\u0131 davada, iki a\u011f\u0131rla\u015ft\u0131r\u0131lm\u0131\u015f m\u00fcebbet, iki m\u00fcebbet hapis ve \u00e7e\u015fitli oranlarda hapis cezas\u0131 olmak \u00fczere toplam 26 san\u0131k hakk\u0131nda mahkumiyet karar\u0131 verildi.<\/p>\n<p>Fethullah G\u00fclen&#8217;in de aralar\u0131nda bulundu\u011fu 13 firari san\u0131\u011f\u0131n dosyas\u0131 ise ayr\u0131ld\u0131. Avukatlar ve ailesi ise bu karara itiraz ederek, Dink cinayetinin t\u00fcm y\u00f6nlerini a\u00e7\u0131\u011fa \u00e7\u0131karmayan ve sorumlular hakk\u0131nda h\u00fck\u00fcm kurmayan bir karar olarak de\u011ferlendirdi.<\/p>\n<p>Katledili\u015finin 15\u2019inci y\u0131l\u0131nda Hrant Dink\u2019i yak\u0131n arkada\u015f\u0131 olan Agos Gazetesi kurucular\u0131ndan Harut \u00d6zer anlatt\u0131.<\/p>\n<p><strong>&#8216;MUM I\u015eI\u011eINDA SABAHLARA KADAR MANTO ASTARLAMA \u0130\u015e\u0130 YAPARLARDI&#8217;<\/strong><\/p>\n<p>Dink\u2019in memleketi Malatya\u2019da \u00e7ocukluklar\u0131ndan beri arkada\u015f olduklar\u0131n\u0131 belirten \u00d6zer,\u201cSokakta oynayabildi\u011fimiz oyunlarda hep Hrant vard\u0131\u201d dedi.<\/p>\n<p>1959 y\u0131l\u0131nda \u0130stanbul\u2019a ta\u015f\u0131nd\u0131klar\u0131n\u0131 ve iki y\u0131l sonra Hrant Dink\u2019in ailesinin de \u0130stanbul\u2019a evlerine yak\u0131n bir yere ta\u015f\u0131nd\u0131\u011f\u0131n\u0131 ifade eden \u00d6zer, annelerinin birbirlerinin hem yak\u0131n arkada\u015f\u0131 hem de dert orta\u011f\u0131 oldu\u011funu s\u00f6yledi. \u00d6zer, \u201cBirlikte sabahlara kadar bizim evde mum \u0131\u015f\u0131\u011f\u0131nda manto astarlama i\u015f\u00e7ili\u011fi yaparlard\u0131. Hay\u0131rseverlerin ba\u011f\u0131\u015flar\u0131 ile desteklenen farkl\u0131 Ermeni okullar\u0131nda okuduk\u201d diye belirtti.<\/p>\n<p><img decoding=\"async\" class=\"img-fluid\" src=\"http:\/\/img.artigercek.com\/uploads\/c\/c\/nRKBRuzMUOQulHxkZIzLpbhoW8pwei5imdKOYa0w.jpeg\" alt=\"\" \/><\/p>\n<p><em>Harut \u00d6zer<\/em><\/p>\n<p><strong>&#8216;HRANT \u00d6YLE B\u0130R\u0130 H\u0130\u00c7 OLMADI&#8217;<\/strong><\/p>\n<p>Dink\u2019in erken ya\u015fta b\u00fcy\u00fcmek zorunda kald\u0131\u011f\u0131n\u0131 s\u00f6yleyen \u00d6zer, \u201cAilede babas\u0131n\u0131n yerini doldurmaya \u00e7al\u0131\u015ft\u0131\u011f\u0131ndan, ya\u015fam\u0131n k\u0131sa yollar\u0131n\u0131 \u00e7abuk \u00f6\u011frenmi\u015fti. Kendi \u00e7ocukluklar\u0131n\u0131 ya\u015fayamayan insanlar d\u00fc\u015f\u00fcnme \u00e7a\u011f\u0131na geldiklerinde, hayat\u0131 sorgulamaya, nedenler \u00fczerinde durmaya ve ba\u015fkalar\u0131 benzer sonu\u00e7lara katlanmas\u0131n diye \u00e7aba g\u00f6stermeye ba\u015flarlar. Elbette yorulanlar, \u00e7\u0131kmazda oldu\u011funu d\u00fc\u015f\u00fcnerek bu sorumlulu\u011fu da ba\u015fkalar\u0131na havale edenler olabilir. Ancak Hrant \u00f6yle biri hi\u00e7 olmad\u0131\u201d ifadelerini kulland\u0131.<\/p>\n<p><strong>&#8216;HER ERMEN\u0130 B\u0130R S\u00d6ZL\u00dc TAR\u0130HT\u0130R&#8217;<\/strong><\/p>\n<p>Dink\u2019in ilk gazetecilik deneyimini Ermenice yay\u0131nlanan Marmara Gazetesi\u2019nde \u201c\u00c7utak\u201d rumuzu ile yazd\u0131\u011f\u0131 yaz\u0131larla ba\u015flad\u0131\u011f\u0131n\u0131 s\u00f6yleyen \u00d6zer, Agos Gazetesi\u2019ni \u00e7\u0131karmaya karar verdiklerinde ise sadece gazetenin kurucular\u0131ndan Anna Turay\u2019\u0131n profesyonel gazeteci oldu\u011funu s\u00f6yledi.<\/p>\n<p>\u00d6zer, \u201cBizler, derdimizi do\u011fru bir dil ile anlatabilmek i\u00e7in yak\u0131n gazeteci dostlar\u0131m\u0131zdan ders ald\u0131k. Her Ermeni bir s\u00f6zl\u00fc tarihtir. Bu topraklarda ya\u015fayan halklar\u0131n \u00f6nemli bir k\u0131sm\u0131 o s\u00fcre\u00e7 ya\u015fan\u0131rken oradayd\u0131lar. Yani tarihe tan\u0131kt\u0131lar. Hakikati biliyorlard\u0131. \u0130\u015fte Hrant da bu hakikatin gazetecili\u011fini yapt\u0131. Hakikati kimseyi incitmek i\u00e7in de\u011fil kucakla\u015fmak ve ac\u0131lar\u0131 sa\u011faltmak i\u00e7in ifade etti\u011fine \u00e7ok geni\u015f kitleler inand\u0131. Adeta sesli bir gazete gibiydi ve sesi size hakikati g\u00f6steriyordu\u201d \u015feklinde anlatt\u0131.<\/p>\n<p><img decoding=\"async\" class=\"img-fluid\" src=\"http:\/\/img.artigercek.com\/uploads\/c\/3\/ckL3c8CA0QBSvskRLdVXwcR1tigGJhqwa8ZAAsE5.jpeg\" alt=\"\" \/><\/p>\n<p><strong>&#8216;BU TOPRAKLARDA TEK SORUN ERMEN\u0130 MESELES\u0130 OLSAYDI, HRANT YA\u015eIYOR OLAB\u0130L\u0130RD\u0130&#8217;<\/strong><\/p>\n<p>Dink\u2019in ya\u015fam\u0131n\u0131n \u201cBu co\u011frafyada bir \u015feylerin de\u011fi\u015febilece\u011fine dair olan inanc\u0131\u201d teziyle anlamland\u0131\u011f\u0131n\u0131n alt\u0131n\u0131 \u00e7izen \u00d6zer, \u201cUzun, zahmetli ve sonu\u00e7lar\u0131 da umuldu\u011fundan az olan bu durum onun azmini t\u00f6rp\u00fclemedi. \u00c7\u0131k\u0131lan yol, zaman i\u00e7erisinde bir s\u00fcr\u00fc patikalarla kesi\u015fti, her patika di\u011fer can\u0131 yanm\u0131\u015flard\u0131. Onlara sayfalarda yer verildik\u00e7e, insanlar birbirine yak\u0131nla\u015ft\u0131. Bir s\u00fcre sonra Hrant\u2019\u0131n cesur ad\u0131mlar\u0131 ezilen halklar\u0131n m\u00fccadelesinde de sembol olmaya ba\u015flad\u0131. Herkes gazetede ve Hrant\u2019\u0131n anlatt\u0131klar\u0131nda kendini buluyordu. Bu topraklarda tek sorun Ermeni meselesi olsa idi, Hrant bug\u00fcn belki de ya\u015f\u0131yor olabilirdi\u201d dedi.<\/p>\n<p><strong>&#8216;HELALLE\u015eMEY\u0130 HRANT D\u0130NK \u00d6ZEL\u0130NDE DE\u011eERLEND\u0130RMEK ZOR&#8217;<\/strong><\/p>\n<p>Son g\u00fcnlerde siyasetin g\u00fcndemine konulan \u201chelalle\u015fme\u201d tart\u0131\u015fmalar\u0131na de\u011finen \u00d6zer, \u201cHelalle\u015fme kavram\u0131 \u00e7ok a\u00e7\u0131k de\u011fil. Yani bunu s\u00f6yleyen ki\u015fi ge\u00e7mi\u015fte i\u015fledi\u011fini d\u00fc\u015f\u00fcnd\u00fc\u011f\u00fc bir \u2018hata\u2019dan dolay\u0131, &#8216;pardon&#8217; deyip helallik isteyecek. Muhatab\u0131 kim, hata yapma \u00f6zg\u00fcrl\u00fc\u011f\u00fcn\u00fc engelleyecek olan \u015fartlar a\u00e7\u0131k ve net mi? A\u00e7\u0131k\u00e7as\u0131 siyasi bir rit\u00fcel olarak de\u011ferlendirmek gerek. Bu konuyu Hrant Dink \u00f6zelinde de\u011ferlendirmek zor. \u00c7ok katmanl\u0131 devlet yap\u0131s\u0131nda piramidin ters d\u00f6nm\u00fc\u015f olmas\u0131 gerekir ki \u00e7ok uzun bir s\u00fcre\u00e7te bile m\u00fcmk\u00fcn g\u00f6r\u00fclm\u00fcyor\u201d dedi.<\/p>\n<p><img decoding=\"async\" class=\"img-fluid\" src=\"http:\/\/img.artigercek.com\/uploads\/7\/b\/lYLaEs1fKiQGryIMhrsLgcbn7y5yJVPDYNKUFBPa.jpeg\" alt=\"\" \/><\/p>\n<p><strong>&#8216;HRANT\u2019A ADALET BORCU ORADA DURUYOR&#8217;<\/strong><\/p>\n<p>Yarg\u0131lama s\u00fcrecine dair \u00d6zer, azmettiriciler ve kamu g\u00f6revlilerinin b\u00fcy\u00fck b\u00f6l\u00fcm\u00fc hakk\u0131nda soru\u015fturma izni verilmedi\u011fini hat\u0131rlatt\u0131. \u00d6zer, \u201cDe\u011fi\u015ftirilen hakimler, de\u011fi\u015fen ifadeler, al\u0131nmayan ifadeler, yan\u0131t verilmeyen sorular\u2026 Hrant\u2019\u0131n katledili\u015finin 15\u2019inci y\u0131l\u0131nda verilen cezalar ve verilmeyenler de\u011ferlendirildi\u011finde, Hrant\u2019a adalet borcu orada duruyor\u201d diye konu\u015ftu.<\/p>\n<p>\u201cEtiketlenerek ayr\u0131\u015fman\u0131n ac\u0131s\u0131n\u0131 y\u0131llard\u0131r \u00e7eken bu \u00fclkede, herkes kurallar\u0131 kendi kitab\u0131ndan okumaya devam ediyor\u201d diyen \u00d6zer, \u015f\u00f6yle konu\u015ftu: \u201cGer\u00e7ekten halk\u0131n iktidar\u0131n\u0131 tesis etmenin g\u00fc\u00e7l\u00fckleri ortada. Besleme k\u00fclt\u00fcr\u00fc ile tan\u0131\u015fm\u0131\u015f olanlar her de\u011fi\u015fiklikte kendisine uzat\u0131lan elde ne oldu\u011funa bak\u0131yor. Mevcut bask\u0131 bir s\u00fcre sonra etkisini kaybedecektir. Ancak yerine ge\u00e7ici bir \u00e7\u00f6z\u00fcm bulmak bu sarmaldan kurtulmaya yeterli olmaz. Elbette demokratik, \u00f6zg\u00fcr ve e\u015fit bir ya\u015fam hedefte oldu\u011fu s\u00fcrece umudu yitirmek olmaz.&#8221;<\/p>\n<p><em><strong>https:\/\/artigercek.com\/haberler\/agos-gazetesi-kurucularindan-harut-ozer\u00a0<\/strong><\/em><\/p>\n<\/div>\n<\/div>\n","protected":false},"excerpt":{"rendered":"<p>Agos Gazetesi kurucular\u0131ndan Harut \u00d6zer, Hrant Dink\u2019in hakikat gazetecili\u011fi yapt\u0131\u011f\u0131n\u0131 belirterek, katledili\u015finin 15. y\u0131l\u0131nda &#8216;Hrant\u2019a adalet borcu orada duruyor&#8217; dedi. Agos Gazetesi Genel Yay\u0131n Y\u00f6netmeni Hrant Dink, \u015ei\u015fli Halaskar Gazi Caddesi\u2019nde bulunan gazete binas\u0131n\u0131n \u00f6n\u00fcnde tetik\u00e7i Og\u00fcn Samast taraf\u0131ndan 19 Ocak 2007\u2019de katledildi. Katledilmesinin ard\u0131ndan \u201cHi\u00e7bir cinayet Ankara\u2019n\u0131n karanl\u0131k dehlizlerinde kaybolmayacak\u201d diyen d\u00f6nemin Ba\u015fbakan\u0131 Tayyip [&hellip;]<\/p>\n","protected":false},"author":7,"featured_media":66644,"comment_status":"open","ping_status":"open","sticky":false,"template":"","format":"standard","meta":{"footnotes":""},"categories":[1],"tags":[],"class_list":["post-66643","post","type-post","status-publish","format-standard","has-post-thumbnail","hentry","category-haberler"],"yoast_head":"<!-- This site is optimized with the Yoast SEO plugin v27.4 - https:\/\/yoast.com\/product\/yoast-seo-wordpress\/ -->\n<title>Yak\u0131n arkada\u015f\u0131 Hrant&#039;\u0131 anlatt\u0131: Onun cesur ad\u0131mlar\u0131 ezilen halklar\u0131n m\u00fccadelesinde sembol oldu - Bati Ermenistan Ve Bati Ermenileri Sorunlari Ara\u015ftirmalar Merkezi<\/title>\n<meta name=\"robots\" content=\"index, follow, max-snippet:-1, max-image-preview:large, max-video-preview:-1\" \/>\n<link rel=\"canonical\" href=\"https:\/\/akunq.net\/tr\/?p=66643\" \/>\n<meta property=\"og:locale\" content=\"en_US\" \/>\n<meta property=\"og:type\" content=\"article\" \/>\n<meta property=\"og:title\" content=\"Yak\u0131n arkada\u015f\u0131 Hrant&#039;\u0131 anlatt\u0131: Onun cesur ad\u0131mlar\u0131 ezilen halklar\u0131n m\u00fccadelesinde sembol oldu - Bati Ermenistan Ve Bati Ermenileri Sorunlari Ara\u015ftirmalar Merkezi\" \/>\n<meta property=\"og:description\" content=\"Agos Gazetesi kurucular\u0131ndan Harut \u00d6zer, Hrant Dink\u2019in hakikat gazetecili\u011fi yapt\u0131\u011f\u0131n\u0131 belirterek, katledili\u015finin 15. y\u0131l\u0131nda &#8216;Hrant\u2019a adalet borcu orada duruyor&#8217; dedi. Agos Gazetesi Genel Yay\u0131n Y\u00f6netmeni Hrant Dink, \u015ei\u015fli Halaskar Gazi Caddesi\u2019nde bulunan gazete binas\u0131n\u0131n \u00f6n\u00fcnde tetik\u00e7i Og\u00fcn Samast taraf\u0131ndan 19 Ocak 2007\u2019de katledildi. Katledilmesinin ard\u0131ndan \u201cHi\u00e7bir cinayet Ankara\u2019n\u0131n karanl\u0131k dehlizlerinde kaybolmayacak\u201d diyen d\u00f6nemin Ba\u015fbakan\u0131 Tayyip [&hellip;]\" \/>\n<meta property=\"og:url\" content=\"https:\/\/akunq.net\/tr\/?p=66643\" \/>\n<meta property=\"og:site_name\" content=\"Bati Ermenistan Ve Bati Ermenileri Sorunlari Ara\u015ftirmalar Merkezi\" \/>\n<meta property=\"article:published_time\" content=\"2022-01-18T08:56:35+00:00\" \/>\n<meta property=\"og:image\" content=\"https:\/\/akunq.net\/tr\/wp-content\/uploads\/sites\/6\/2022\/01\/Hrant-Dink.jpeg\" \/>\n\t<meta property=\"og:image:width\" content=\"800\" \/>\n\t<meta property=\"og:image:height\" content=\"463\" \/>\n\t<meta property=\"og:image:type\" content=\"image\/jpeg\" \/>\n<meta name=\"author\" content=\"admin\" \/>\n<meta name=\"twitter:card\" content=\"summary_large_image\" \/>\n<meta name=\"twitter:label1\" content=\"Written by\" \/>\n\t<meta name=\"twitter:data1\" content=\"admin\" \/>\n\t<meta name=\"twitter:label2\" content=\"Est. reading time\" \/>\n\t<meta name=\"twitter:data2\" content=\"5 minutes\" \/>\n<script type=\"application\/ld+json\" class=\"yoast-schema-graph\">{\"@context\":\"https:\\\/\\\/schema.org\",\"@graph\":[{\"@type\":\"Article\",\"@id\":\"https:\\\/\\\/akunq.net\\\/tr\\\/?p=66643#article\",\"isPartOf\":{\"@id\":\"https:\\\/\\\/akunq.net\\\/tr\\\/?p=66643\"},\"author\":{\"name\":\"admin\",\"@id\":\"https:\\\/\\\/akunq.net\\\/tr\\\/#\\\/schema\\\/person\\\/096f1d38a12cce57fb855b485ed24c9e\"},\"headline\":\"Yak\u0131n arkada\u015f\u0131 Hrant&#8217;\u0131 anlatt\u0131: Onun cesur ad\u0131mlar\u0131 ezilen halklar\u0131n m\u00fccadelesinde sembol oldu\",\"datePublished\":\"2022-01-18T08:56:35+00:00\",\"mainEntityOfPage\":{\"@id\":\"https:\\\/\\\/akunq.net\\\/tr\\\/?p=66643\"},\"wordCount\":977,\"commentCount\":0,\"image\":{\"@id\":\"https:\\\/\\\/akunq.net\\\/tr\\\/?p=66643#primaryimage\"},\"thumbnailUrl\":\"https:\\\/\\\/akunq.net\\\/tr\\\/wp-content\\\/uploads\\\/sites\\\/6\\\/2022\\\/01\\\/Hrant-Dink.jpeg\",\"articleSection\":[\"Haberler\"],\"inLanguage\":\"en-US\",\"potentialAction\":[{\"@type\":\"CommentAction\",\"name\":\"Comment\",\"target\":[\"https:\\\/\\\/akunq.net\\\/tr\\\/?p=66643#respond\"]}]},{\"@type\":\"WebPage\",\"@id\":\"https:\\\/\\\/akunq.net\\\/tr\\\/?p=66643\",\"url\":\"https:\\\/\\\/akunq.net\\\/tr\\\/?p=66643\",\"name\":\"Yak\u0131n arkada\u015f\u0131 Hrant'\u0131 anlatt\u0131: Onun cesur ad\u0131mlar\u0131 ezilen halklar\u0131n m\u00fccadelesinde sembol oldu - Bati Ermenistan Ve Bati Ermenileri Sorunlari Ara\u015ftirmalar Merkezi\",\"isPartOf\":{\"@id\":\"https:\\\/\\\/akunq.net\\\/tr\\\/#website\"},\"primaryImageOfPage\":{\"@id\":\"https:\\\/\\\/akunq.net\\\/tr\\\/?p=66643#primaryimage\"},\"image\":{\"@id\":\"https:\\\/\\\/akunq.net\\\/tr\\\/?p=66643#primaryimage\"},\"thumbnailUrl\":\"https:\\\/\\\/akunq.net\\\/tr\\\/wp-content\\\/uploads\\\/sites\\\/6\\\/2022\\\/01\\\/Hrant-Dink.jpeg\",\"datePublished\":\"2022-01-18T08:56:35+00:00\",\"author\":{\"@id\":\"https:\\\/\\\/akunq.net\\\/tr\\\/#\\\/schema\\\/person\\\/096f1d38a12cce57fb855b485ed24c9e\"},\"breadcrumb\":{\"@id\":\"https:\\\/\\\/akunq.net\\\/tr\\\/?p=66643#breadcrumb\"},\"inLanguage\":\"en-US\",\"potentialAction\":[{\"@type\":\"ReadAction\",\"target\":[\"https:\\\/\\\/akunq.net\\\/tr\\\/?p=66643\"]}]},{\"@type\":\"ImageObject\",\"inLanguage\":\"en-US\",\"@id\":\"https:\\\/\\\/akunq.net\\\/tr\\\/?p=66643#primaryimage\",\"url\":\"https:\\\/\\\/akunq.net\\\/tr\\\/wp-content\\\/uploads\\\/sites\\\/6\\\/2022\\\/01\\\/Hrant-Dink.jpeg\",\"contentUrl\":\"https:\\\/\\\/akunq.net\\\/tr\\\/wp-content\\\/uploads\\\/sites\\\/6\\\/2022\\\/01\\\/Hrant-Dink.jpeg\",\"width\":800,\"height\":463},{\"@type\":\"BreadcrumbList\",\"@id\":\"https:\\\/\\\/akunq.net\\\/tr\\\/?p=66643#breadcrumb\",\"itemListElement\":[{\"@type\":\"ListItem\",\"position\":1,\"name\":\"Home\",\"item\":\"https:\\\/\\\/akunq.net\\\/tr\"},{\"@type\":\"ListItem\",\"position\":2,\"name\":\"Yak\u0131n arkada\u015f\u0131 Hrant&#8217;\u0131 anlatt\u0131: Onun cesur ad\u0131mlar\u0131 ezilen halklar\u0131n m\u00fccadelesinde sembol oldu\"}]},{\"@type\":\"WebSite\",\"@id\":\"https:\\\/\\\/akunq.net\\\/tr\\\/#website\",\"url\":\"https:\\\/\\\/akunq.net\\\/tr\\\/\",\"name\":\"Bati Ermenistan Ve Bati Ermenileri Sorunlari Ara\u015ftirmalar Merkezi\",\"description\":\"\",\"potentialAction\":[{\"@type\":\"SearchAction\",\"target\":{\"@type\":\"EntryPoint\",\"urlTemplate\":\"https:\\\/\\\/akunq.net\\\/tr\\\/?s={search_term_string}\"},\"query-input\":{\"@type\":\"PropertyValueSpecification\",\"valueRequired\":true,\"valueName\":\"search_term_string\"}}],\"inLanguage\":\"en-US\"},{\"@type\":\"Person\",\"@id\":\"https:\\\/\\\/akunq.net\\\/tr\\\/#\\\/schema\\\/person\\\/096f1d38a12cce57fb855b485ed24c9e\",\"name\":\"admin\",\"url\":\"https:\\\/\\\/akunq.net\\\/tr\\\/?author=7\"}]}<\/script>\n<!-- \/ Yoast SEO plugin. -->","yoast_head_json":{"title":"Yak\u0131n arkada\u015f\u0131 Hrant'\u0131 anlatt\u0131: Onun cesur ad\u0131mlar\u0131 ezilen halklar\u0131n m\u00fccadelesinde sembol oldu - Bati Ermenistan Ve Bati Ermenileri Sorunlari Ara\u015ftirmalar Merkezi","robots":{"index":"index","follow":"follow","max-snippet":"max-snippet:-1","max-image-preview":"max-image-preview:large","max-video-preview":"max-video-preview:-1"},"canonical":"https:\/\/akunq.net\/tr\/?p=66643","og_locale":"en_US","og_type":"article","og_title":"Yak\u0131n arkada\u015f\u0131 Hrant'\u0131 anlatt\u0131: Onun cesur ad\u0131mlar\u0131 ezilen halklar\u0131n m\u00fccadelesinde sembol oldu - Bati Ermenistan Ve Bati Ermenileri Sorunlari Ara\u015ftirmalar Merkezi","og_description":"Agos Gazetesi kurucular\u0131ndan Harut \u00d6zer, Hrant Dink\u2019in hakikat gazetecili\u011fi yapt\u0131\u011f\u0131n\u0131 belirterek, katledili\u015finin 15. y\u0131l\u0131nda &#8216;Hrant\u2019a adalet borcu orada duruyor&#8217; dedi. Agos Gazetesi Genel Yay\u0131n Y\u00f6netmeni Hrant Dink, \u015ei\u015fli Halaskar Gazi Caddesi\u2019nde bulunan gazete binas\u0131n\u0131n \u00f6n\u00fcnde tetik\u00e7i Og\u00fcn Samast taraf\u0131ndan 19 Ocak 2007\u2019de katledildi. Katledilmesinin ard\u0131ndan \u201cHi\u00e7bir cinayet Ankara\u2019n\u0131n karanl\u0131k dehlizlerinde kaybolmayacak\u201d diyen d\u00f6nemin Ba\u015fbakan\u0131 Tayyip [&hellip;]","og_url":"https:\/\/akunq.net\/tr\/?p=66643","og_site_name":"Bati Ermenistan Ve Bati Ermenileri Sorunlari Ara\u015ftirmalar Merkezi","article_published_time":"2022-01-18T08:56:35+00:00","og_image":[{"width":800,"height":463,"url":"https:\/\/akunq.net\/tr\/wp-content\/uploads\/sites\/6\/2022\/01\/Hrant-Dink.jpeg","type":"image\/jpeg"}],"author":"admin","twitter_card":"summary_large_image","twitter_misc":{"Written by":"admin","Est. reading time":"5 minutes"},"schema":{"@context":"https:\/\/schema.org","@graph":[{"@type":"Article","@id":"https:\/\/akunq.net\/tr\/?p=66643#article","isPartOf":{"@id":"https:\/\/akunq.net\/tr\/?p=66643"},"author":{"name":"admin","@id":"https:\/\/akunq.net\/tr\/#\/schema\/person\/096f1d38a12cce57fb855b485ed24c9e"},"headline":"Yak\u0131n arkada\u015f\u0131 Hrant&#8217;\u0131 anlatt\u0131: Onun cesur ad\u0131mlar\u0131 ezilen halklar\u0131n m\u00fccadelesinde sembol oldu","datePublished":"2022-01-18T08:56:35+00:00","mainEntityOfPage":{"@id":"https:\/\/akunq.net\/tr\/?p=66643"},"wordCount":977,"commentCount":0,"image":{"@id":"https:\/\/akunq.net\/tr\/?p=66643#primaryimage"},"thumbnailUrl":"https:\/\/akunq.net\/tr\/wp-content\/uploads\/sites\/6\/2022\/01\/Hrant-Dink.jpeg","articleSection":["Haberler"],"inLanguage":"en-US","potentialAction":[{"@type":"CommentAction","name":"Comment","target":["https:\/\/akunq.net\/tr\/?p=66643#respond"]}]},{"@type":"WebPage","@id":"https:\/\/akunq.net\/tr\/?p=66643","url":"https:\/\/akunq.net\/tr\/?p=66643","name":"Yak\u0131n arkada\u015f\u0131 Hrant'\u0131 anlatt\u0131: Onun cesur ad\u0131mlar\u0131 ezilen halklar\u0131n m\u00fccadelesinde sembol oldu - Bati Ermenistan Ve Bati Ermenileri Sorunlari Ara\u015ftirmalar Merkezi","isPartOf":{"@id":"https:\/\/akunq.net\/tr\/#website"},"primaryImageOfPage":{"@id":"https:\/\/akunq.net\/tr\/?p=66643#primaryimage"},"image":{"@id":"https:\/\/akunq.net\/tr\/?p=66643#primaryimage"},"thumbnailUrl":"https:\/\/akunq.net\/tr\/wp-content\/uploads\/sites\/6\/2022\/01\/Hrant-Dink.jpeg","datePublished":"2022-01-18T08:56:35+00:00","author":{"@id":"https:\/\/akunq.net\/tr\/#\/schema\/person\/096f1d38a12cce57fb855b485ed24c9e"},"breadcrumb":{"@id":"https:\/\/akunq.net\/tr\/?p=66643#breadcrumb"},"inLanguage":"en-US","potentialAction":[{"@type":"ReadAction","target":["https:\/\/akunq.net\/tr\/?p=66643"]}]},{"@type":"ImageObject","inLanguage":"en-US","@id":"https:\/\/akunq.net\/tr\/?p=66643#primaryimage","url":"https:\/\/akunq.net\/tr\/wp-content\/uploads\/sites\/6\/2022\/01\/Hrant-Dink.jpeg","contentUrl":"https:\/\/akunq.net\/tr\/wp-content\/uploads\/sites\/6\/2022\/01\/Hrant-Dink.jpeg","width":800,"height":463},{"@type":"BreadcrumbList","@id":"https:\/\/akunq.net\/tr\/?p=66643#breadcrumb","itemListElement":[{"@type":"ListItem","position":1,"name":"Home","item":"https:\/\/akunq.net\/tr"},{"@type":"ListItem","position":2,"name":"Yak\u0131n arkada\u015f\u0131 Hrant&#8217;\u0131 anlatt\u0131: Onun cesur ad\u0131mlar\u0131 ezilen halklar\u0131n m\u00fccadelesinde sembol oldu"}]},{"@type":"WebSite","@id":"https:\/\/akunq.net\/tr\/#website","url":"https:\/\/akunq.net\/tr\/","name":"Bati Ermenistan Ve Bati Ermenileri Sorunlari Ara\u015ftirmalar Merkezi","description":"","potentialAction":[{"@type":"SearchAction","target":{"@type":"EntryPoint","urlTemplate":"https:\/\/akunq.net\/tr\/?s={search_term_string}"},"query-input":{"@type":"PropertyValueSpecification","valueRequired":true,"valueName":"search_term_string"}}],"inLanguage":"en-US"},{"@type":"Person","@id":"https:\/\/akunq.net\/tr\/#\/schema\/person\/096f1d38a12cce57fb855b485ed24c9e","name":"admin","url":"https:\/\/akunq.net\/tr\/?author=7"}]}},"_links":{"self":[{"href":"https:\/\/akunq.net\/tr\/index.php?rest_route=\/wp\/v2\/posts\/66643","targetHints":{"allow":["GET"]}}],"collection":[{"href":"https:\/\/akunq.net\/tr\/index.php?rest_route=\/wp\/v2\/posts"}],"about":[{"href":"https:\/\/akunq.net\/tr\/index.php?rest_route=\/wp\/v2\/types\/post"}],"author":[{"embeddable":true,"href":"https:\/\/akunq.net\/tr\/index.php?rest_route=\/wp\/v2\/users\/7"}],"replies":[{"embeddable":true,"href":"https:\/\/akunq.net\/tr\/index.php?rest_route=%2Fwp%2Fv2%2Fcomments&post=66643"}],"version-history":[{"count":1,"href":"https:\/\/akunq.net\/tr\/index.php?rest_route=\/wp\/v2\/posts\/66643\/revisions"}],"predecessor-version":[{"id":66645,"href":"https:\/\/akunq.net\/tr\/index.php?rest_route=\/wp\/v2\/posts\/66643\/revisions\/66645"}],"wp:featuredmedia":[{"embeddable":true,"href":"https:\/\/akunq.net\/tr\/index.php?rest_route=\/wp\/v2\/media\/66644"}],"wp:attachment":[{"href":"https:\/\/akunq.net\/tr\/index.php?rest_route=%2Fwp%2Fv2%2Fmedia&parent=66643"}],"wp:term":[{"taxonomy":"category","embeddable":true,"href":"https:\/\/akunq.net\/tr\/index.php?rest_route=%2Fwp%2Fv2%2Fcategories&post=66643"},{"taxonomy":"post_tag","embeddable":true,"href":"https:\/\/akunq.net\/tr\/index.php?rest_route=%2Fwp%2Fv2%2Ftags&post=66643"}],"curies":[{"name":"wp","href":"https:\/\/api.w.org\/{rel}","templated":true}]}}