{"id":66630,"date":"2022-01-18T02:25:20","date_gmt":"2022-01-18T07:25:20","guid":{"rendered":"https:\/\/akunq.net\/tr\/?p=66630"},"modified":"2022-01-18T02:25:20","modified_gmt":"2022-01-18T07:25:20","slug":"abu-dabideki-louvre-muzesinde-ermenistan-5-yuzyildan-arsil-gorkiye-kadar-baslikli-bir-sergi-duzenlenecek","status":"publish","type":"post","link":"https:\/\/akunq.net\/tr\/?p=66630","title":{"rendered":"Abu Dabi&#8217;deki Louvre M\u00fczesi&#8217;nde &#8220;Ermenistan 5. Y\u00fczy\u0131ldan Ar\u015fil Gorkiye kadar&#8221; ba\u015fl\u0131kl\u0131 bir sergi d\u00fczenlenecek"},"content":{"rendered":"<p><img loading=\"lazy\" decoding=\"async\" class=\"aligncenter size-medium wp-image-66631\" src=\"https:\/\/akunq.net\/tr\/wp-content\/uploads\/2022\/01\/Abu-Dabideki-Louvre-M\u00fczesi-360x242.jpg\" alt=\"\" width=\"360\" height=\"242\" srcset=\"https:\/\/akunq.net\/tr\/wp-content\/uploads\/sites\/6\/2022\/01\/Abu-Dabideki-Louvre-M\u00fczesi-360x242.jpg 360w, https:\/\/akunq.net\/tr\/wp-content\/uploads\/sites\/6\/2022\/01\/Abu-Dabideki-Louvre-M\u00fczesi-560x376.jpg 560w, https:\/\/akunq.net\/tr\/wp-content\/uploads\/sites\/6\/2022\/01\/Abu-Dabideki-Louvre-M\u00fczesi-260x175.jpg 260w, https:\/\/akunq.net\/tr\/wp-content\/uploads\/sites\/6\/2022\/01\/Abu-Dabideki-Louvre-M\u00fczesi-160x107.jpg 160w, https:\/\/akunq.net\/tr\/wp-content\/uploads\/sites\/6\/2022\/01\/Abu-Dabideki-Louvre-M\u00fczesi.jpg 670w\" sizes=\"auto, (max-width: 360px) 100vw, 360px\" \/><\/p>\n<p><strong><em>Ermenistan Cumhurba\u015fkan\u0131 Armen Sarkisyan&#8217;\u0131n Birle\u015fik Arap Emirlikleri&#8217;ne yapt\u0131\u011f\u0131 \u00e7al\u0131\u015fma ziyareti kapsam\u0131nda, Cumhurba\u015fkan\u0131 Armen Sarkisyan&#8217;\u0131n e\u015fi Nune Sarkisyan, Louvre Abu Dhabi M\u00fczesi&#8217;ni ziyaret etti.<\/em><\/strong><\/p>\n<p>Cumhurba\u015fkanl\u0131\u011f\u0131 Ofisi&#8217;nden Armenpress&#8217;e aktar\u0131lan bilgilere g\u00f6re, Birle\u015fik Arap Emirlikleri ve Fransa aras\u0131ndaki k\u00fclt\u00fcrel i\u015fbirli\u011finin bir sonucu olarak kurulan m\u00fczenin, \u00e7e\u015fitli sergiler arac\u0131l\u0131\u011f\u0131yla insanl\u0131k k\u00fclt\u00fcr\u00fcn\u00fcn farkl\u0131 d\u00f6nemlerini ve her d\u00f6neme \u00f6zg\u00fc k\u00fclt\u00fcr ve sanat eserleri sunuluyor. Louvre, Georges Pompidou Merkezi, Muse d&#8217;Orsay M\u00fczesi gibi \u00fcnl\u00fc Frans\u0131z k\u00fclt\u00fcr merkezlerinden \u00f6d\u00fcn\u00e7 al\u0131nan farkl\u0131 k\u00fclt\u00fcrleri temsil eden d\u00fcnya sanat\u0131n\u0131n sergileri sergileniyor.<\/p>\n<p>Ermenistan Cumhurba\u015fkan\u0131\u2019n\u0131n e\u015fi Nune Sarkisyan m\u00fczenin \u00a0salonlar\u0131n\u0131 gezdi, m\u00fczenin esas ve ge\u00e7ici sergileri ile tan\u0131\u015ft\u0131. M\u00fczede Ermeni k\u00fclt\u00fcrel miras\u0131n\u0131 sunan ge\u00e7ici bir sergi d\u00fczenlemeyi teklif etti.<\/p>\n<p>Sarkisyan \u015fu ifadeleri dile getirdi:<\/p>\n<p>&#8220;Zengin bir k\u00fclt\u00fcrel miras\u0131m\u0131z var, bu m\u00fczede Ermeni sergisi yapmak i\u00e7in birlikte \u00e7al\u0131\u015fabiliriz.&#8221;<\/p>\n<p>&#8220;Ermenistan 5. Y\u00fczy\u0131ldan Ar\u015fil Gorkiye kadar&#8221; ba\u015fl\u0131kl\u0131 bir sergi d\u00fczenleme konusunda bu \u00f6neri onayland\u0131 ve m\u00fcze y\u00f6netimi ile g\u00f6r\u00fc\u015fmeleri s\u00fcrd\u00fcrmek i\u00e7in bir anla\u015fmaya var\u0131ld\u0131.<\/p>\n<p><em><strong>https:\/\/armenpress.am\/tur\/news\/1073174.html\u00a0<\/strong><\/em><\/p>\n","protected":false},"excerpt":{"rendered":"<p>Ermenistan Cumhurba\u015fkan\u0131 Armen Sarkisyan&#8217;\u0131n Birle\u015fik Arap Emirlikleri&#8217;ne yapt\u0131\u011f\u0131 \u00e7al\u0131\u015fma ziyareti kapsam\u0131nda, Cumhurba\u015fkan\u0131 Armen Sarkisyan&#8217;\u0131n e\u015fi Nune Sarkisyan, Louvre Abu Dhabi M\u00fczesi&#8217;ni ziyaret etti. Cumhurba\u015fkanl\u0131\u011f\u0131 Ofisi&#8217;nden Armenpress&#8217;e aktar\u0131lan bilgilere g\u00f6re, Birle\u015fik Arap Emirlikleri ve Fransa aras\u0131ndaki k\u00fclt\u00fcrel i\u015fbirli\u011finin bir sonucu olarak kurulan m\u00fczenin, \u00e7e\u015fitli sergiler arac\u0131l\u0131\u011f\u0131yla insanl\u0131k k\u00fclt\u00fcr\u00fcn\u00fcn farkl\u0131 d\u00f6nemlerini ve her d\u00f6neme \u00f6zg\u00fc k\u00fclt\u00fcr ve [&hellip;]<\/p>\n","protected":false},"author":7,"featured_media":66631,"comment_status":"open","ping_status":"open","sticky":false,"template":"","format":"standard","meta":{"footnotes":""},"categories":[1],"tags":[],"class_list":["post-66630","post","type-post","status-publish","format-standard","has-post-thumbnail","hentry","category-haberler"],"yoast_head":"<!-- This site is optimized with the Yoast SEO plugin v27.4 - https:\/\/yoast.com\/product\/yoast-seo-wordpress\/ -->\n<title>Abu Dabi&#039;deki Louvre M\u00fczesi&#039;nde &quot;Ermenistan 5. Y\u00fczy\u0131ldan Ar\u015fil Gorkiye kadar&quot; ba\u015fl\u0131kl\u0131 bir sergi d\u00fczenlenecek - Bati Ermenistan Ve Bati Ermenileri Sorunlari Ara\u015ftirmalar Merkezi<\/title>\n<meta name=\"robots\" content=\"index, follow, max-snippet:-1, max-image-preview:large, max-video-preview:-1\" \/>\n<link rel=\"canonical\" href=\"https:\/\/akunq.net\/tr\/?p=66630\" \/>\n<meta property=\"og:locale\" content=\"en_US\" \/>\n<meta property=\"og:type\" content=\"article\" \/>\n<meta property=\"og:title\" content=\"Abu Dabi&#039;deki Louvre M\u00fczesi&#039;nde &quot;Ermenistan 5. Y\u00fczy\u0131ldan Ar\u015fil Gorkiye kadar&quot; ba\u015fl\u0131kl\u0131 bir sergi d\u00fczenlenecek - Bati Ermenistan Ve Bati Ermenileri Sorunlari Ara\u015ftirmalar Merkezi\" \/>\n<meta property=\"og:description\" content=\"Ermenistan Cumhurba\u015fkan\u0131 Armen Sarkisyan&#8217;\u0131n Birle\u015fik Arap Emirlikleri&#8217;ne yapt\u0131\u011f\u0131 \u00e7al\u0131\u015fma ziyareti kapsam\u0131nda, Cumhurba\u015fkan\u0131 Armen Sarkisyan&#8217;\u0131n e\u015fi Nune Sarkisyan, Louvre Abu Dhabi M\u00fczesi&#8217;ni ziyaret etti. Cumhurba\u015fkanl\u0131\u011f\u0131 Ofisi&#8217;nden Armenpress&#8217;e aktar\u0131lan bilgilere g\u00f6re, Birle\u015fik Arap Emirlikleri ve Fransa aras\u0131ndaki k\u00fclt\u00fcrel i\u015fbirli\u011finin bir sonucu olarak kurulan m\u00fczenin, \u00e7e\u015fitli sergiler arac\u0131l\u0131\u011f\u0131yla insanl\u0131k k\u00fclt\u00fcr\u00fcn\u00fcn farkl\u0131 d\u00f6nemlerini ve her d\u00f6neme \u00f6zg\u00fc k\u00fclt\u00fcr ve [&hellip;]\" \/>\n<meta property=\"og:url\" content=\"https:\/\/akunq.net\/tr\/?p=66630\" \/>\n<meta property=\"og:site_name\" content=\"Bati Ermenistan Ve Bati Ermenileri Sorunlari Ara\u015ftirmalar Merkezi\" \/>\n<meta property=\"article:published_time\" content=\"2022-01-18T07:25:20+00:00\" \/>\n<meta property=\"og:image\" content=\"https:\/\/akunq.net\/tr\/wp-content\/uploads\/sites\/6\/2022\/01\/Abu-Dabideki-Louvre-M\u00fczesi.jpg\" \/>\n\t<meta property=\"og:image:width\" content=\"670\" \/>\n\t<meta property=\"og:image:height\" content=\"450\" \/>\n\t<meta property=\"og:image:type\" content=\"image\/jpeg\" \/>\n<meta name=\"author\" content=\"admin\" \/>\n<meta name=\"twitter:card\" content=\"summary_large_image\" \/>\n<meta name=\"twitter:label1\" content=\"Written by\" \/>\n\t<meta name=\"twitter:data1\" content=\"admin\" \/>\n\t<meta name=\"twitter:label2\" content=\"Est. reading time\" \/>\n\t<meta name=\"twitter:data2\" content=\"1 minute\" \/>\n<script type=\"application\/ld+json\" class=\"yoast-schema-graph\">{\"@context\":\"https:\\\/\\\/schema.org\",\"@graph\":[{\"@type\":\"Article\",\"@id\":\"https:\\\/\\\/akunq.net\\\/tr\\\/?p=66630#article\",\"isPartOf\":{\"@id\":\"https:\\\/\\\/akunq.net\\\/tr\\\/?p=66630\"},\"author\":{\"name\":\"admin\",\"@id\":\"https:\\\/\\\/akunq.net\\\/tr\\\/#\\\/schema\\\/person\\\/096f1d38a12cce57fb855b485ed24c9e\"},\"headline\":\"Abu Dabi&#8217;deki Louvre M\u00fczesi&#8217;nde &#8220;Ermenistan 5. Y\u00fczy\u0131ldan Ar\u015fil Gorkiye kadar&#8221; ba\u015fl\u0131kl\u0131 bir sergi d\u00fczenlenecek\",\"datePublished\":\"2022-01-18T07:25:20+00:00\",\"mainEntityOfPage\":{\"@id\":\"https:\\\/\\\/akunq.net\\\/tr\\\/?p=66630\"},\"wordCount\":252,\"commentCount\":0,\"image\":{\"@id\":\"https:\\\/\\\/akunq.net\\\/tr\\\/?p=66630#primaryimage\"},\"thumbnailUrl\":\"https:\\\/\\\/akunq.net\\\/tr\\\/wp-content\\\/uploads\\\/sites\\\/6\\\/2022\\\/01\\\/Abu-Dabideki-Louvre-M\u00fczesi.jpg\",\"articleSection\":[\"Haberler\"],\"inLanguage\":\"en-US\",\"potentialAction\":[{\"@type\":\"CommentAction\",\"name\":\"Comment\",\"target\":[\"https:\\\/\\\/akunq.net\\\/tr\\\/?p=66630#respond\"]}]},{\"@type\":\"WebPage\",\"@id\":\"https:\\\/\\\/akunq.net\\\/tr\\\/?p=66630\",\"url\":\"https:\\\/\\\/akunq.net\\\/tr\\\/?p=66630\",\"name\":\"Abu Dabi'deki Louvre M\u00fczesi'nde \\\"Ermenistan 5. Y\u00fczy\u0131ldan Ar\u015fil Gorkiye kadar\\\" ba\u015fl\u0131kl\u0131 bir sergi d\u00fczenlenecek - Bati Ermenistan Ve Bati Ermenileri Sorunlari Ara\u015ftirmalar Merkezi\",\"isPartOf\":{\"@id\":\"https:\\\/\\\/akunq.net\\\/tr\\\/#website\"},\"primaryImageOfPage\":{\"@id\":\"https:\\\/\\\/akunq.net\\\/tr\\\/?p=66630#primaryimage\"},\"image\":{\"@id\":\"https:\\\/\\\/akunq.net\\\/tr\\\/?p=66630#primaryimage\"},\"thumbnailUrl\":\"https:\\\/\\\/akunq.net\\\/tr\\\/wp-content\\\/uploads\\\/sites\\\/6\\\/2022\\\/01\\\/Abu-Dabideki-Louvre-M\u00fczesi.jpg\",\"datePublished\":\"2022-01-18T07:25:20+00:00\",\"author\":{\"@id\":\"https:\\\/\\\/akunq.net\\\/tr\\\/#\\\/schema\\\/person\\\/096f1d38a12cce57fb855b485ed24c9e\"},\"breadcrumb\":{\"@id\":\"https:\\\/\\\/akunq.net\\\/tr\\\/?p=66630#breadcrumb\"},\"inLanguage\":\"en-US\",\"potentialAction\":[{\"@type\":\"ReadAction\",\"target\":[\"https:\\\/\\\/akunq.net\\\/tr\\\/?p=66630\"]}]},{\"@type\":\"ImageObject\",\"inLanguage\":\"en-US\",\"@id\":\"https:\\\/\\\/akunq.net\\\/tr\\\/?p=66630#primaryimage\",\"url\":\"https:\\\/\\\/akunq.net\\\/tr\\\/wp-content\\\/uploads\\\/sites\\\/6\\\/2022\\\/01\\\/Abu-Dabideki-Louvre-M\u00fczesi.jpg\",\"contentUrl\":\"https:\\\/\\\/akunq.net\\\/tr\\\/wp-content\\\/uploads\\\/sites\\\/6\\\/2022\\\/01\\\/Abu-Dabideki-Louvre-M\u00fczesi.jpg\",\"width\":670,\"height\":450},{\"@type\":\"BreadcrumbList\",\"@id\":\"https:\\\/\\\/akunq.net\\\/tr\\\/?p=66630#breadcrumb\",\"itemListElement\":[{\"@type\":\"ListItem\",\"position\":1,\"name\":\"Home\",\"item\":\"https:\\\/\\\/akunq.net\\\/tr\"},{\"@type\":\"ListItem\",\"position\":2,\"name\":\"Abu Dabi&#8217;deki Louvre M\u00fczesi&#8217;nde &#8220;Ermenistan 5. Y\u00fczy\u0131ldan Ar\u015fil Gorkiye kadar&#8221; ba\u015fl\u0131kl\u0131 bir sergi d\u00fczenlenecek\"}]},{\"@type\":\"WebSite\",\"@id\":\"https:\\\/\\\/akunq.net\\\/tr\\\/#website\",\"url\":\"https:\\\/\\\/akunq.net\\\/tr\\\/\",\"name\":\"Bati Ermenistan Ve Bati Ermenileri Sorunlari Ara\u015ftirmalar Merkezi\",\"description\":\"\",\"potentialAction\":[{\"@type\":\"SearchAction\",\"target\":{\"@type\":\"EntryPoint\",\"urlTemplate\":\"https:\\\/\\\/akunq.net\\\/tr\\\/?s={search_term_string}\"},\"query-input\":{\"@type\":\"PropertyValueSpecification\",\"valueRequired\":true,\"valueName\":\"search_term_string\"}}],\"inLanguage\":\"en-US\"},{\"@type\":\"Person\",\"@id\":\"https:\\\/\\\/akunq.net\\\/tr\\\/#\\\/schema\\\/person\\\/096f1d38a12cce57fb855b485ed24c9e\",\"name\":\"admin\",\"url\":\"https:\\\/\\\/akunq.net\\\/tr\\\/?author=7\"}]}<\/script>\n<!-- \/ Yoast SEO plugin. -->","yoast_head_json":{"title":"Abu Dabi'deki Louvre M\u00fczesi'nde \"Ermenistan 5. Y\u00fczy\u0131ldan Ar\u015fil Gorkiye kadar\" ba\u015fl\u0131kl\u0131 bir sergi d\u00fczenlenecek - Bati Ermenistan Ve Bati Ermenileri Sorunlari Ara\u015ftirmalar Merkezi","robots":{"index":"index","follow":"follow","max-snippet":"max-snippet:-1","max-image-preview":"max-image-preview:large","max-video-preview":"max-video-preview:-1"},"canonical":"https:\/\/akunq.net\/tr\/?p=66630","og_locale":"en_US","og_type":"article","og_title":"Abu Dabi'deki Louvre M\u00fczesi'nde \"Ermenistan 5. Y\u00fczy\u0131ldan Ar\u015fil Gorkiye kadar\" ba\u015fl\u0131kl\u0131 bir sergi d\u00fczenlenecek - Bati Ermenistan Ve Bati Ermenileri Sorunlari Ara\u015ftirmalar Merkezi","og_description":"Ermenistan Cumhurba\u015fkan\u0131 Armen Sarkisyan&#8217;\u0131n Birle\u015fik Arap Emirlikleri&#8217;ne yapt\u0131\u011f\u0131 \u00e7al\u0131\u015fma ziyareti kapsam\u0131nda, Cumhurba\u015fkan\u0131 Armen Sarkisyan&#8217;\u0131n e\u015fi Nune Sarkisyan, Louvre Abu Dhabi M\u00fczesi&#8217;ni ziyaret etti. Cumhurba\u015fkanl\u0131\u011f\u0131 Ofisi&#8217;nden Armenpress&#8217;e aktar\u0131lan bilgilere g\u00f6re, Birle\u015fik Arap Emirlikleri ve Fransa aras\u0131ndaki k\u00fclt\u00fcrel i\u015fbirli\u011finin bir sonucu olarak kurulan m\u00fczenin, \u00e7e\u015fitli sergiler arac\u0131l\u0131\u011f\u0131yla insanl\u0131k k\u00fclt\u00fcr\u00fcn\u00fcn farkl\u0131 d\u00f6nemlerini ve her d\u00f6neme \u00f6zg\u00fc k\u00fclt\u00fcr ve [&hellip;]","og_url":"https:\/\/akunq.net\/tr\/?p=66630","og_site_name":"Bati Ermenistan Ve Bati Ermenileri Sorunlari Ara\u015ftirmalar Merkezi","article_published_time":"2022-01-18T07:25:20+00:00","og_image":[{"width":670,"height":450,"url":"https:\/\/akunq.net\/tr\/wp-content\/uploads\/sites\/6\/2022\/01\/Abu-Dabideki-Louvre-M\u00fczesi.jpg","type":"image\/jpeg"}],"author":"admin","twitter_card":"summary_large_image","twitter_misc":{"Written by":"admin","Est. reading time":"1 minute"},"schema":{"@context":"https:\/\/schema.org","@graph":[{"@type":"Article","@id":"https:\/\/akunq.net\/tr\/?p=66630#article","isPartOf":{"@id":"https:\/\/akunq.net\/tr\/?p=66630"},"author":{"name":"admin","@id":"https:\/\/akunq.net\/tr\/#\/schema\/person\/096f1d38a12cce57fb855b485ed24c9e"},"headline":"Abu Dabi&#8217;deki Louvre M\u00fczesi&#8217;nde &#8220;Ermenistan 5. Y\u00fczy\u0131ldan Ar\u015fil Gorkiye kadar&#8221; ba\u015fl\u0131kl\u0131 bir sergi d\u00fczenlenecek","datePublished":"2022-01-18T07:25:20+00:00","mainEntityOfPage":{"@id":"https:\/\/akunq.net\/tr\/?p=66630"},"wordCount":252,"commentCount":0,"image":{"@id":"https:\/\/akunq.net\/tr\/?p=66630#primaryimage"},"thumbnailUrl":"https:\/\/akunq.net\/tr\/wp-content\/uploads\/sites\/6\/2022\/01\/Abu-Dabideki-Louvre-M\u00fczesi.jpg","articleSection":["Haberler"],"inLanguage":"en-US","potentialAction":[{"@type":"CommentAction","name":"Comment","target":["https:\/\/akunq.net\/tr\/?p=66630#respond"]}]},{"@type":"WebPage","@id":"https:\/\/akunq.net\/tr\/?p=66630","url":"https:\/\/akunq.net\/tr\/?p=66630","name":"Abu Dabi'deki Louvre M\u00fczesi'nde \"Ermenistan 5. Y\u00fczy\u0131ldan Ar\u015fil Gorkiye kadar\" ba\u015fl\u0131kl\u0131 bir sergi d\u00fczenlenecek - Bati Ermenistan Ve Bati Ermenileri Sorunlari Ara\u015ftirmalar Merkezi","isPartOf":{"@id":"https:\/\/akunq.net\/tr\/#website"},"primaryImageOfPage":{"@id":"https:\/\/akunq.net\/tr\/?p=66630#primaryimage"},"image":{"@id":"https:\/\/akunq.net\/tr\/?p=66630#primaryimage"},"thumbnailUrl":"https:\/\/akunq.net\/tr\/wp-content\/uploads\/sites\/6\/2022\/01\/Abu-Dabideki-Louvre-M\u00fczesi.jpg","datePublished":"2022-01-18T07:25:20+00:00","author":{"@id":"https:\/\/akunq.net\/tr\/#\/schema\/person\/096f1d38a12cce57fb855b485ed24c9e"},"breadcrumb":{"@id":"https:\/\/akunq.net\/tr\/?p=66630#breadcrumb"},"inLanguage":"en-US","potentialAction":[{"@type":"ReadAction","target":["https:\/\/akunq.net\/tr\/?p=66630"]}]},{"@type":"ImageObject","inLanguage":"en-US","@id":"https:\/\/akunq.net\/tr\/?p=66630#primaryimage","url":"https:\/\/akunq.net\/tr\/wp-content\/uploads\/sites\/6\/2022\/01\/Abu-Dabideki-Louvre-M\u00fczesi.jpg","contentUrl":"https:\/\/akunq.net\/tr\/wp-content\/uploads\/sites\/6\/2022\/01\/Abu-Dabideki-Louvre-M\u00fczesi.jpg","width":670,"height":450},{"@type":"BreadcrumbList","@id":"https:\/\/akunq.net\/tr\/?p=66630#breadcrumb","itemListElement":[{"@type":"ListItem","position":1,"name":"Home","item":"https:\/\/akunq.net\/tr"},{"@type":"ListItem","position":2,"name":"Abu Dabi&#8217;deki Louvre M\u00fczesi&#8217;nde &#8220;Ermenistan 5. Y\u00fczy\u0131ldan Ar\u015fil Gorkiye kadar&#8221; ba\u015fl\u0131kl\u0131 bir sergi d\u00fczenlenecek"}]},{"@type":"WebSite","@id":"https:\/\/akunq.net\/tr\/#website","url":"https:\/\/akunq.net\/tr\/","name":"Bati Ermenistan Ve Bati Ermenileri Sorunlari Ara\u015ftirmalar Merkezi","description":"","potentialAction":[{"@type":"SearchAction","target":{"@type":"EntryPoint","urlTemplate":"https:\/\/akunq.net\/tr\/?s={search_term_string}"},"query-input":{"@type":"PropertyValueSpecification","valueRequired":true,"valueName":"search_term_string"}}],"inLanguage":"en-US"},{"@type":"Person","@id":"https:\/\/akunq.net\/tr\/#\/schema\/person\/096f1d38a12cce57fb855b485ed24c9e","name":"admin","url":"https:\/\/akunq.net\/tr\/?author=7"}]}},"_links":{"self":[{"href":"https:\/\/akunq.net\/tr\/index.php?rest_route=\/wp\/v2\/posts\/66630","targetHints":{"allow":["GET"]}}],"collection":[{"href":"https:\/\/akunq.net\/tr\/index.php?rest_route=\/wp\/v2\/posts"}],"about":[{"href":"https:\/\/akunq.net\/tr\/index.php?rest_route=\/wp\/v2\/types\/post"}],"author":[{"embeddable":true,"href":"https:\/\/akunq.net\/tr\/index.php?rest_route=\/wp\/v2\/users\/7"}],"replies":[{"embeddable":true,"href":"https:\/\/akunq.net\/tr\/index.php?rest_route=%2Fwp%2Fv2%2Fcomments&post=66630"}],"version-history":[{"count":1,"href":"https:\/\/akunq.net\/tr\/index.php?rest_route=\/wp\/v2\/posts\/66630\/revisions"}],"predecessor-version":[{"id":66632,"href":"https:\/\/akunq.net\/tr\/index.php?rest_route=\/wp\/v2\/posts\/66630\/revisions\/66632"}],"wp:featuredmedia":[{"embeddable":true,"href":"https:\/\/akunq.net\/tr\/index.php?rest_route=\/wp\/v2\/media\/66631"}],"wp:attachment":[{"href":"https:\/\/akunq.net\/tr\/index.php?rest_route=%2Fwp%2Fv2%2Fmedia&parent=66630"}],"wp:term":[{"taxonomy":"category","embeddable":true,"href":"https:\/\/akunq.net\/tr\/index.php?rest_route=%2Fwp%2Fv2%2Fcategories&post=66630"},{"taxonomy":"post_tag","embeddable":true,"href":"https:\/\/akunq.net\/tr\/index.php?rest_route=%2Fwp%2Fv2%2Ftags&post=66630"}],"curies":[{"name":"wp","href":"https:\/\/api.w.org\/{rel}","templated":true}]}}