{"id":66627,"date":"2022-01-18T02:17:55","date_gmt":"2022-01-18T07:17:55","guid":{"rendered":"https:\/\/akunq.net\/tr\/?p=66627"},"modified":"2022-01-18T02:17:55","modified_gmt":"2022-01-18T07:17:55","slug":"ermeni-hayirsever-genel-birliginden-kanadada-ermeni-soykiriminin-taninmasina-destekleyen-siyasetcinin-vefatiyla-ilgili-taziye-mesaji","status":"publish","type":"post","link":"https:\/\/akunq.net\/tr\/?p=66627","title":{"rendered":"Ermeni Hay\u0131rsever Genel Birli\u011fi&#8217;nden Kanada\u2019da Ermeni Soyk\u0131r\u0131m\u0131\u2019n\u0131n tan\u0131nmas\u0131na destekleyen siyaset\u00e7i\u2019nin vefat\u0131yla ilgili taziye mesaj\u0131"},"content":{"rendered":"<div class=\"html-content\">\n<p><img loading=\"lazy\" decoding=\"async\" class=\"aligncenter size-medium wp-image-66628\" src=\"https:\/\/akunq.net\/tr\/wp-content\/uploads\/2022\/01\/Alexa-McDonough-360x203.jpg\" alt=\"\" width=\"360\" height=\"203\" srcset=\"https:\/\/akunq.net\/tr\/wp-content\/uploads\/sites\/6\/2022\/01\/Alexa-McDonough-360x203.jpg 360w, https:\/\/akunq.net\/tr\/wp-content\/uploads\/sites\/6\/2022\/01\/Alexa-McDonough-768x432.jpg 768w, https:\/\/akunq.net\/tr\/wp-content\/uploads\/sites\/6\/2022\/01\/Alexa-McDonough-560x315.jpg 560w, https:\/\/akunq.net\/tr\/wp-content\/uploads\/sites\/6\/2022\/01\/Alexa-McDonough-260x146.jpg 260w, https:\/\/akunq.net\/tr\/wp-content\/uploads\/sites\/6\/2022\/01\/Alexa-McDonough-160x90.jpg 160w, https:\/\/akunq.net\/tr\/wp-content\/uploads\/sites\/6\/2022\/01\/Alexa-McDonough.jpg 960w\" sizes=\"auto, (max-width: 360px) 100vw, 360px\" \/><\/p>\n<p><strong><em>Ermeni Hay\u0131rsever Genel Birli\u011fi\u2019nin (AGBU) Kanada\u2019daki \u015fubesi,\u00a0Kanada\u2019n\u0131n Yeni Demokrasi Partisi ve Yeni \u0130sko\u00e7ya Yeni Demokrasi Partisi&#8217;nin eski lideri Alexa McDonough\u2019un vefat\u0131yla ilgili\u00a0Facebook sayfas\u0131 \u00fczerinden\u00a0taziye mesaj\u0131 payla\u015ft\u0131.<\/em><\/strong><\/p>\n<p>Kanada&#8217;da b\u00fcy\u00fck bir siyasi partiye liderlik eden ilk kad\u0131n\u0131 Alexa McDonough&#8217;un vefat\u0131n\u0131 b\u00fcy\u00fck bir \u00fcz\u00fcnt\u00fcyle kar\u015f\u0131lad\u0131klar\u0131n\u0131 bildiren mesajda, \u201cMcDonough, sosyal adalet ve siyasetteki kad\u0131nlar i\u00e7in g\u00fc\u00e7l\u00fc bir sesti\u201d diye vurguland\u0131.<\/p>\n<p>Mesajda \u015fu ifadelere de yer verildi:<\/p>\n<p>\u201cKanadal\u0131 Ermeniler olarak, onun Ermeni Soyk\u0131r\u0131m\u0131 Tan\u0131ma \u00d6nergesi&#8217;ne verdi\u011fi deste\u011fini hat\u0131rl\u0131yoruz.<\/p>\n<p>Nisan 2004 tarihinde M-380, 153-68&#8217;lik bir farkla kabul edildi.\u00a0M-380,\u00a0Bloc Qu\u00e9b\u00e9cois Milletvekili Madeleine Dalphond-Guiral taraf\u0131ndan sunuldu ve Liberal Milletvekili Sarkis Assadourian, Yeni Demokrasi Partisi\u2019nden Alexa McDonough ve Tory Jason Kenney taraf\u0131ndan desteklendi.<\/p>\n<p>Kanada\u2019daki Ermeni Hay\u0131rsever Genel Birli\u011fi ad\u0131na, Alexa McDonough&#8217;un ailesine ve sevenlerine sonsuz \u015f\u00fckranlar\u0131m\u0131z\u0131 ve en derin taziyelerimizi sunuyoruz.<\/p>\n<p>Ruhu nur i\u00e7inde yats\u0131n.\u201d<\/p>\n<\/div>\n<div class=\"current-author fl cb\"><em><strong> https:\/\/www.ermenihaber.am\/tr\/news\/2022\/01\/17\/Kanada-Ermeni-Soyk%C4%B1r%C4%B1m%C4%B1\/223542\u00a0<\/strong><\/em><\/div>\n<div class=\"current-socials\">\n<div id=\"st-1\" class=\"sharethis-inline-share-buttons st-left  st-inline-share-buttons st-animated\">\n<div class=\"st-btn\" data-network=\"pinterest\"><\/div>\n<div class=\"st-btn\" data-network=\"email\"><\/div>\n<div class=\"st-btn st-last\" data-network=\"sharethis\"><\/div>\n<\/div>\n<\/div>\n","protected":false},"excerpt":{"rendered":"<p>Ermeni Hay\u0131rsever Genel Birli\u011fi\u2019nin (AGBU) Kanada\u2019daki \u015fubesi,\u00a0Kanada\u2019n\u0131n Yeni Demokrasi Partisi ve Yeni \u0130sko\u00e7ya Yeni Demokrasi Partisi&#8217;nin eski lideri Alexa McDonough\u2019un vefat\u0131yla ilgili\u00a0Facebook sayfas\u0131 \u00fczerinden\u00a0taziye mesaj\u0131 payla\u015ft\u0131. Kanada&#8217;da b\u00fcy\u00fck bir siyasi partiye liderlik eden ilk kad\u0131n\u0131 Alexa McDonough&#8217;un vefat\u0131n\u0131 b\u00fcy\u00fck bir \u00fcz\u00fcnt\u00fcyle kar\u015f\u0131lad\u0131klar\u0131n\u0131 bildiren mesajda, \u201cMcDonough, sosyal adalet ve siyasetteki kad\u0131nlar i\u00e7in g\u00fc\u00e7l\u00fc bir sesti\u201d diye [&hellip;]<\/p>\n","protected":false},"author":7,"featured_media":66628,"comment_status":"open","ping_status":"open","sticky":false,"template":"","format":"standard","meta":{"footnotes":""},"categories":[1],"tags":[],"class_list":["post-66627","post","type-post","status-publish","format-standard","has-post-thumbnail","hentry","category-haberler"],"yoast_head":"<!-- This site is optimized with the Yoast SEO plugin v27.4 - https:\/\/yoast.com\/product\/yoast-seo-wordpress\/ -->\n<title>Ermeni Hay\u0131rsever Genel Birli\u011fi&#039;nden Kanada\u2019da Ermeni Soyk\u0131r\u0131m\u0131\u2019n\u0131n tan\u0131nmas\u0131na destekleyen siyaset\u00e7i\u2019nin vefat\u0131yla ilgili taziye mesaj\u0131 - Bati Ermenistan Ve Bati Ermenileri Sorunlari Ara\u015ftirmalar Merkezi<\/title>\n<meta name=\"robots\" content=\"index, follow, max-snippet:-1, max-image-preview:large, max-video-preview:-1\" \/>\n<link rel=\"canonical\" href=\"https:\/\/akunq.net\/tr\/?p=66627\" \/>\n<meta property=\"og:locale\" content=\"en_US\" \/>\n<meta property=\"og:type\" content=\"article\" \/>\n<meta property=\"og:title\" content=\"Ermeni Hay\u0131rsever Genel Birli\u011fi&#039;nden Kanada\u2019da Ermeni Soyk\u0131r\u0131m\u0131\u2019n\u0131n tan\u0131nmas\u0131na destekleyen siyaset\u00e7i\u2019nin vefat\u0131yla ilgili taziye mesaj\u0131 - Bati Ermenistan Ve Bati Ermenileri Sorunlari Ara\u015ftirmalar Merkezi\" \/>\n<meta property=\"og:description\" content=\"Ermeni Hay\u0131rsever Genel Birli\u011fi\u2019nin (AGBU) Kanada\u2019daki \u015fubesi,\u00a0Kanada\u2019n\u0131n Yeni Demokrasi Partisi ve Yeni \u0130sko\u00e7ya Yeni Demokrasi Partisi&#8217;nin eski lideri Alexa McDonough\u2019un vefat\u0131yla ilgili\u00a0Facebook sayfas\u0131 \u00fczerinden\u00a0taziye mesaj\u0131 payla\u015ft\u0131. Kanada&#8217;da b\u00fcy\u00fck bir siyasi partiye liderlik eden ilk kad\u0131n\u0131 Alexa McDonough&#8217;un vefat\u0131n\u0131 b\u00fcy\u00fck bir \u00fcz\u00fcnt\u00fcyle kar\u015f\u0131lad\u0131klar\u0131n\u0131 bildiren mesajda, \u201cMcDonough, sosyal adalet ve siyasetteki kad\u0131nlar i\u00e7in g\u00fc\u00e7l\u00fc bir sesti\u201d diye [&hellip;]\" \/>\n<meta property=\"og:url\" content=\"https:\/\/akunq.net\/tr\/?p=66627\" \/>\n<meta property=\"og:site_name\" content=\"Bati Ermenistan Ve Bati Ermenileri Sorunlari Ara\u015ftirmalar Merkezi\" \/>\n<meta property=\"article:published_time\" content=\"2022-01-18T07:17:55+00:00\" \/>\n<meta property=\"og:image\" content=\"https:\/\/akunq.net\/tr\/wp-content\/uploads\/sites\/6\/2022\/01\/Alexa-McDonough.jpg\" \/>\n\t<meta property=\"og:image:width\" content=\"960\" \/>\n\t<meta property=\"og:image:height\" content=\"540\" \/>\n\t<meta property=\"og:image:type\" content=\"image\/jpeg\" \/>\n<meta name=\"author\" content=\"admin\" \/>\n<meta name=\"twitter:card\" content=\"summary_large_image\" \/>\n<meta name=\"twitter:label1\" content=\"Written by\" \/>\n\t<meta name=\"twitter:data1\" content=\"admin\" \/>\n\t<meta name=\"twitter:label2\" content=\"Est. reading time\" \/>\n\t<meta name=\"twitter:data2\" content=\"1 minute\" \/>\n<script type=\"application\/ld+json\" class=\"yoast-schema-graph\">{\"@context\":\"https:\\\/\\\/schema.org\",\"@graph\":[{\"@type\":\"Article\",\"@id\":\"https:\\\/\\\/akunq.net\\\/tr\\\/?p=66627#article\",\"isPartOf\":{\"@id\":\"https:\\\/\\\/akunq.net\\\/tr\\\/?p=66627\"},\"author\":{\"name\":\"admin\",\"@id\":\"https:\\\/\\\/akunq.net\\\/tr\\\/#\\\/schema\\\/person\\\/096f1d38a12cce57fb855b485ed24c9e\"},\"headline\":\"Ermeni Hay\u0131rsever Genel Birli\u011fi&#8217;nden Kanada\u2019da Ermeni Soyk\u0131r\u0131m\u0131\u2019n\u0131n tan\u0131nmas\u0131na destekleyen siyaset\u00e7i\u2019nin vefat\u0131yla ilgili taziye mesaj\u0131\",\"datePublished\":\"2022-01-18T07:17:55+00:00\",\"mainEntityOfPage\":{\"@id\":\"https:\\\/\\\/akunq.net\\\/tr\\\/?p=66627\"},\"wordCount\":216,\"commentCount\":1,\"image\":{\"@id\":\"https:\\\/\\\/akunq.net\\\/tr\\\/?p=66627#primaryimage\"},\"thumbnailUrl\":\"https:\\\/\\\/akunq.net\\\/tr\\\/wp-content\\\/uploads\\\/sites\\\/6\\\/2022\\\/01\\\/Alexa-McDonough.jpg\",\"articleSection\":[\"Haberler\"],\"inLanguage\":\"en-US\",\"potentialAction\":[{\"@type\":\"CommentAction\",\"name\":\"Comment\",\"target\":[\"https:\\\/\\\/akunq.net\\\/tr\\\/?p=66627#respond\"]}]},{\"@type\":\"WebPage\",\"@id\":\"https:\\\/\\\/akunq.net\\\/tr\\\/?p=66627\",\"url\":\"https:\\\/\\\/akunq.net\\\/tr\\\/?p=66627\",\"name\":\"Ermeni Hay\u0131rsever Genel Birli\u011fi'nden Kanada\u2019da Ermeni Soyk\u0131r\u0131m\u0131\u2019n\u0131n tan\u0131nmas\u0131na destekleyen siyaset\u00e7i\u2019nin vefat\u0131yla ilgili taziye mesaj\u0131 - Bati Ermenistan Ve Bati Ermenileri Sorunlari Ara\u015ftirmalar Merkezi\",\"isPartOf\":{\"@id\":\"https:\\\/\\\/akunq.net\\\/tr\\\/#website\"},\"primaryImageOfPage\":{\"@id\":\"https:\\\/\\\/akunq.net\\\/tr\\\/?p=66627#primaryimage\"},\"image\":{\"@id\":\"https:\\\/\\\/akunq.net\\\/tr\\\/?p=66627#primaryimage\"},\"thumbnailUrl\":\"https:\\\/\\\/akunq.net\\\/tr\\\/wp-content\\\/uploads\\\/sites\\\/6\\\/2022\\\/01\\\/Alexa-McDonough.jpg\",\"datePublished\":\"2022-01-18T07:17:55+00:00\",\"author\":{\"@id\":\"https:\\\/\\\/akunq.net\\\/tr\\\/#\\\/schema\\\/person\\\/096f1d38a12cce57fb855b485ed24c9e\"},\"breadcrumb\":{\"@id\":\"https:\\\/\\\/akunq.net\\\/tr\\\/?p=66627#breadcrumb\"},\"inLanguage\":\"en-US\",\"potentialAction\":[{\"@type\":\"ReadAction\",\"target\":[\"https:\\\/\\\/akunq.net\\\/tr\\\/?p=66627\"]}]},{\"@type\":\"ImageObject\",\"inLanguage\":\"en-US\",\"@id\":\"https:\\\/\\\/akunq.net\\\/tr\\\/?p=66627#primaryimage\",\"url\":\"https:\\\/\\\/akunq.net\\\/tr\\\/wp-content\\\/uploads\\\/sites\\\/6\\\/2022\\\/01\\\/Alexa-McDonough.jpg\",\"contentUrl\":\"https:\\\/\\\/akunq.net\\\/tr\\\/wp-content\\\/uploads\\\/sites\\\/6\\\/2022\\\/01\\\/Alexa-McDonough.jpg\",\"width\":960,\"height\":540},{\"@type\":\"BreadcrumbList\",\"@id\":\"https:\\\/\\\/akunq.net\\\/tr\\\/?p=66627#breadcrumb\",\"itemListElement\":[{\"@type\":\"ListItem\",\"position\":1,\"name\":\"Home\",\"item\":\"https:\\\/\\\/akunq.net\\\/tr\"},{\"@type\":\"ListItem\",\"position\":2,\"name\":\"Ermeni Hay\u0131rsever Genel Birli\u011fi&#8217;nden Kanada\u2019da Ermeni Soyk\u0131r\u0131m\u0131\u2019n\u0131n tan\u0131nmas\u0131na destekleyen siyaset\u00e7i\u2019nin vefat\u0131yla ilgili taziye mesaj\u0131\"}]},{\"@type\":\"WebSite\",\"@id\":\"https:\\\/\\\/akunq.net\\\/tr\\\/#website\",\"url\":\"https:\\\/\\\/akunq.net\\\/tr\\\/\",\"name\":\"Bati Ermenistan Ve Bati Ermenileri Sorunlari Ara\u015ftirmalar Merkezi\",\"description\":\"\",\"potentialAction\":[{\"@type\":\"SearchAction\",\"target\":{\"@type\":\"EntryPoint\",\"urlTemplate\":\"https:\\\/\\\/akunq.net\\\/tr\\\/?s={search_term_string}\"},\"query-input\":{\"@type\":\"PropertyValueSpecification\",\"valueRequired\":true,\"valueName\":\"search_term_string\"}}],\"inLanguage\":\"en-US\"},{\"@type\":\"Person\",\"@id\":\"https:\\\/\\\/akunq.net\\\/tr\\\/#\\\/schema\\\/person\\\/096f1d38a12cce57fb855b485ed24c9e\",\"name\":\"admin\",\"url\":\"https:\\\/\\\/akunq.net\\\/tr\\\/?author=7\"}]}<\/script>\n<!-- \/ Yoast SEO plugin. -->","yoast_head_json":{"title":"Ermeni Hay\u0131rsever Genel Birli\u011fi'nden Kanada\u2019da Ermeni Soyk\u0131r\u0131m\u0131\u2019n\u0131n tan\u0131nmas\u0131na destekleyen siyaset\u00e7i\u2019nin vefat\u0131yla ilgili taziye mesaj\u0131 - Bati Ermenistan Ve Bati Ermenileri Sorunlari Ara\u015ftirmalar Merkezi","robots":{"index":"index","follow":"follow","max-snippet":"max-snippet:-1","max-image-preview":"max-image-preview:large","max-video-preview":"max-video-preview:-1"},"canonical":"https:\/\/akunq.net\/tr\/?p=66627","og_locale":"en_US","og_type":"article","og_title":"Ermeni Hay\u0131rsever Genel Birli\u011fi'nden Kanada\u2019da Ermeni Soyk\u0131r\u0131m\u0131\u2019n\u0131n tan\u0131nmas\u0131na destekleyen siyaset\u00e7i\u2019nin vefat\u0131yla ilgili taziye mesaj\u0131 - Bati Ermenistan Ve Bati Ermenileri Sorunlari Ara\u015ftirmalar Merkezi","og_description":"Ermeni Hay\u0131rsever Genel Birli\u011fi\u2019nin (AGBU) Kanada\u2019daki \u015fubesi,\u00a0Kanada\u2019n\u0131n Yeni Demokrasi Partisi ve Yeni \u0130sko\u00e7ya Yeni Demokrasi Partisi&#8217;nin eski lideri Alexa McDonough\u2019un vefat\u0131yla ilgili\u00a0Facebook sayfas\u0131 \u00fczerinden\u00a0taziye mesaj\u0131 payla\u015ft\u0131. Kanada&#8217;da b\u00fcy\u00fck bir siyasi partiye liderlik eden ilk kad\u0131n\u0131 Alexa McDonough&#8217;un vefat\u0131n\u0131 b\u00fcy\u00fck bir \u00fcz\u00fcnt\u00fcyle kar\u015f\u0131lad\u0131klar\u0131n\u0131 bildiren mesajda, \u201cMcDonough, sosyal adalet ve siyasetteki kad\u0131nlar i\u00e7in g\u00fc\u00e7l\u00fc bir sesti\u201d diye [&hellip;]","og_url":"https:\/\/akunq.net\/tr\/?p=66627","og_site_name":"Bati Ermenistan Ve Bati Ermenileri Sorunlari Ara\u015ftirmalar Merkezi","article_published_time":"2022-01-18T07:17:55+00:00","og_image":[{"width":960,"height":540,"url":"https:\/\/akunq.net\/tr\/wp-content\/uploads\/sites\/6\/2022\/01\/Alexa-McDonough.jpg","type":"image\/jpeg"}],"author":"admin","twitter_card":"summary_large_image","twitter_misc":{"Written by":"admin","Est. reading time":"1 minute"},"schema":{"@context":"https:\/\/schema.org","@graph":[{"@type":"Article","@id":"https:\/\/akunq.net\/tr\/?p=66627#article","isPartOf":{"@id":"https:\/\/akunq.net\/tr\/?p=66627"},"author":{"name":"admin","@id":"https:\/\/akunq.net\/tr\/#\/schema\/person\/096f1d38a12cce57fb855b485ed24c9e"},"headline":"Ermeni Hay\u0131rsever Genel Birli\u011fi&#8217;nden Kanada\u2019da Ermeni Soyk\u0131r\u0131m\u0131\u2019n\u0131n tan\u0131nmas\u0131na destekleyen siyaset\u00e7i\u2019nin vefat\u0131yla ilgili taziye mesaj\u0131","datePublished":"2022-01-18T07:17:55+00:00","mainEntityOfPage":{"@id":"https:\/\/akunq.net\/tr\/?p=66627"},"wordCount":216,"commentCount":1,"image":{"@id":"https:\/\/akunq.net\/tr\/?p=66627#primaryimage"},"thumbnailUrl":"https:\/\/akunq.net\/tr\/wp-content\/uploads\/sites\/6\/2022\/01\/Alexa-McDonough.jpg","articleSection":["Haberler"],"inLanguage":"en-US","potentialAction":[{"@type":"CommentAction","name":"Comment","target":["https:\/\/akunq.net\/tr\/?p=66627#respond"]}]},{"@type":"WebPage","@id":"https:\/\/akunq.net\/tr\/?p=66627","url":"https:\/\/akunq.net\/tr\/?p=66627","name":"Ermeni Hay\u0131rsever Genel Birli\u011fi'nden Kanada\u2019da Ermeni Soyk\u0131r\u0131m\u0131\u2019n\u0131n tan\u0131nmas\u0131na destekleyen siyaset\u00e7i\u2019nin vefat\u0131yla ilgili taziye mesaj\u0131 - Bati Ermenistan Ve Bati Ermenileri Sorunlari Ara\u015ftirmalar Merkezi","isPartOf":{"@id":"https:\/\/akunq.net\/tr\/#website"},"primaryImageOfPage":{"@id":"https:\/\/akunq.net\/tr\/?p=66627#primaryimage"},"image":{"@id":"https:\/\/akunq.net\/tr\/?p=66627#primaryimage"},"thumbnailUrl":"https:\/\/akunq.net\/tr\/wp-content\/uploads\/sites\/6\/2022\/01\/Alexa-McDonough.jpg","datePublished":"2022-01-18T07:17:55+00:00","author":{"@id":"https:\/\/akunq.net\/tr\/#\/schema\/person\/096f1d38a12cce57fb855b485ed24c9e"},"breadcrumb":{"@id":"https:\/\/akunq.net\/tr\/?p=66627#breadcrumb"},"inLanguage":"en-US","potentialAction":[{"@type":"ReadAction","target":["https:\/\/akunq.net\/tr\/?p=66627"]}]},{"@type":"ImageObject","inLanguage":"en-US","@id":"https:\/\/akunq.net\/tr\/?p=66627#primaryimage","url":"https:\/\/akunq.net\/tr\/wp-content\/uploads\/sites\/6\/2022\/01\/Alexa-McDonough.jpg","contentUrl":"https:\/\/akunq.net\/tr\/wp-content\/uploads\/sites\/6\/2022\/01\/Alexa-McDonough.jpg","width":960,"height":540},{"@type":"BreadcrumbList","@id":"https:\/\/akunq.net\/tr\/?p=66627#breadcrumb","itemListElement":[{"@type":"ListItem","position":1,"name":"Home","item":"https:\/\/akunq.net\/tr"},{"@type":"ListItem","position":2,"name":"Ermeni Hay\u0131rsever Genel Birli\u011fi&#8217;nden Kanada\u2019da Ermeni Soyk\u0131r\u0131m\u0131\u2019n\u0131n tan\u0131nmas\u0131na destekleyen siyaset\u00e7i\u2019nin vefat\u0131yla ilgili taziye mesaj\u0131"}]},{"@type":"WebSite","@id":"https:\/\/akunq.net\/tr\/#website","url":"https:\/\/akunq.net\/tr\/","name":"Bati Ermenistan Ve Bati Ermenileri Sorunlari Ara\u015ftirmalar Merkezi","description":"","potentialAction":[{"@type":"SearchAction","target":{"@type":"EntryPoint","urlTemplate":"https:\/\/akunq.net\/tr\/?s={search_term_string}"},"query-input":{"@type":"PropertyValueSpecification","valueRequired":true,"valueName":"search_term_string"}}],"inLanguage":"en-US"},{"@type":"Person","@id":"https:\/\/akunq.net\/tr\/#\/schema\/person\/096f1d38a12cce57fb855b485ed24c9e","name":"admin","url":"https:\/\/akunq.net\/tr\/?author=7"}]}},"_links":{"self":[{"href":"https:\/\/akunq.net\/tr\/index.php?rest_route=\/wp\/v2\/posts\/66627","targetHints":{"allow":["GET"]}}],"collection":[{"href":"https:\/\/akunq.net\/tr\/index.php?rest_route=\/wp\/v2\/posts"}],"about":[{"href":"https:\/\/akunq.net\/tr\/index.php?rest_route=\/wp\/v2\/types\/post"}],"author":[{"embeddable":true,"href":"https:\/\/akunq.net\/tr\/index.php?rest_route=\/wp\/v2\/users\/7"}],"replies":[{"embeddable":true,"href":"https:\/\/akunq.net\/tr\/index.php?rest_route=%2Fwp%2Fv2%2Fcomments&post=66627"}],"version-history":[{"count":1,"href":"https:\/\/akunq.net\/tr\/index.php?rest_route=\/wp\/v2\/posts\/66627\/revisions"}],"predecessor-version":[{"id":66629,"href":"https:\/\/akunq.net\/tr\/index.php?rest_route=\/wp\/v2\/posts\/66627\/revisions\/66629"}],"wp:featuredmedia":[{"embeddable":true,"href":"https:\/\/akunq.net\/tr\/index.php?rest_route=\/wp\/v2\/media\/66628"}],"wp:attachment":[{"href":"https:\/\/akunq.net\/tr\/index.php?rest_route=%2Fwp%2Fv2%2Fmedia&parent=66627"}],"wp:term":[{"taxonomy":"category","embeddable":true,"href":"https:\/\/akunq.net\/tr\/index.php?rest_route=%2Fwp%2Fv2%2Fcategories&post=66627"},{"taxonomy":"post_tag","embeddable":true,"href":"https:\/\/akunq.net\/tr\/index.php?rest_route=%2Fwp%2Fv2%2Ftags&post=66627"}],"curies":[{"name":"wp","href":"https:\/\/api.w.org\/{rel}","templated":true}]}}