{"id":66614,"date":"2022-01-17T03:03:30","date_gmt":"2022-01-17T08:03:30","guid":{"rendered":"https:\/\/akunq.net\/tr\/?p=66614"},"modified":"2022-01-17T03:03:30","modified_gmt":"2022-01-17T08:03:30","slug":"sair-razmig-davoyan-hayatini-kaybetti","status":"publish","type":"post","link":"https:\/\/akunq.net\/tr\/?p=66614","title":{"rendered":"\u015eair Razmig Davoyan hayat\u0131n\u0131 kaybetti"},"content":{"rendered":"<p><img loading=\"lazy\" decoding=\"async\" class=\"aligncenter size-medium wp-image-66615\" src=\"https:\/\/akunq.net\/tr\/wp-content\/uploads\/2022\/01\/Davoyan-Willam-Saroyan-360x240.jpg\" alt=\"\" width=\"360\" height=\"240\" srcset=\"https:\/\/akunq.net\/tr\/wp-content\/uploads\/sites\/6\/2022\/01\/Davoyan-Willam-Saroyan-360x240.jpg 360w, https:\/\/akunq.net\/tr\/wp-content\/uploads\/sites\/6\/2022\/01\/Davoyan-Willam-Saroyan-768x512.jpg 768w, https:\/\/akunq.net\/tr\/wp-content\/uploads\/sites\/6\/2022\/01\/Davoyan-Willam-Saroyan-560x373.jpg 560w, https:\/\/akunq.net\/tr\/wp-content\/uploads\/sites\/6\/2022\/01\/Davoyan-Willam-Saroyan-260x173.jpg 260w, https:\/\/akunq.net\/tr\/wp-content\/uploads\/sites\/6\/2022\/01\/Davoyan-Willam-Saroyan-160x107.jpg 160w, https:\/\/akunq.net\/tr\/wp-content\/uploads\/sites\/6\/2022\/01\/Davoyan-Willam-Saroyan.jpg 800w\" sizes=\"auto, (max-width: 360px) 100vw, 360px\" \/><\/p>\n<p><em><strong>\u00c7a\u011fda\u015f Ermeni \u015fiirinin en \u00f6nemli temsilcilerinden Razmig Davoyan, 11 Ocak\u2019ta hayata veda etti.<\/strong><\/em><\/p>\n<p>1940 y\u0131l\u0131nda Spitak \u015fehrinin B\u00fcy\u00fck Barni k\u00f6y\u00fcnde do\u011fan \u015fair, 1964\u2019te Yerevan\u2019daki Ha\u00e7adur Abovyan E\u011fitim Fak\u00fcltesi\u2019nin tarih, dil ve edebiyat b\u00f6l\u00fcm\u00fcnden mezun oldu. 1965 y\u0131l\u0131nda Ermenistan\u2019\u0131n edebiyat gazetesi olarak kabul edilen \u2018Kragan Tert\u2019te \u015fiir ve d\u00fczyaz\u0131 b\u00f6l\u00fcm\u00fcn\u00fcn edit\u00f6rl\u00fc\u011f\u00fcne getirildi. 1970\u2019de diasporayla k\u00fclt\u00fcrel ili\u015fkiler komitesinde ba\u015fdan\u0131\u015fman oldu. 1991-99 aras\u0131nda Ermeni E\u011fitim ve K\u00fclt\u00fcr Birli\u011fi\u2019nin Ermenistan\u2019daki ofisini y\u00f6netti. 1994-96 aras\u0131ndaysa Ermenistan Yazarlar Birli\u011fi Ba\u015fkanl\u0131\u011f\u0131 g\u00f6revini \u00fcstlendi. 1993-2003 y\u0131llar\u0131 aras\u0131nda Ermenistan Cumhurba\u015fkan\u0131\u2019n\u0131n dan\u0131\u015fmanl\u0131\u011f\u0131n\u0131 yapt\u0131.<\/p>\n<p>Razmig Davoyan ya\u015fam\u0131 boyunca 40\u2019\u0131n \u00fczerinde kitap yay\u0131nlad\u0131. Bunlardan bir\u00e7o\u011fu Rus\u00e7a, \u00c7ek\u00e7e ve \u0130ngilizceye \u00e7evrildi. Odeon Yay\u0131nevi taraf\u0131ndan yay\u0131nlanan d\u00fcnya edebiyat\u0131 antolojilerinde \u015fiirleri yer ald\u0131. 2005-2007 aras\u0131na Yerevan Belgesel Sinema St\u00fcdyosu\u2019nun m\u00fcd\u00fcrl\u00fc\u011f\u00fcn\u00fc, 2007\u2019den 2018\u2019e kadar da Ermenistan Devlet Televizyonu\u2019nun (H1) genel m\u00fcd\u00fcr dan\u0131\u015fmanl\u0131\u011f\u0131 g\u00f6revinde bulundu. Pek \u00e7ok \u00f6d\u00fcle lay\u0131k g\u00f6r\u00fcld\u00fc.<\/p>\n<p>\u015eairin \u00f6l\u00fcm\u00fc \u00fczerine Ba\u015fbakan Nikol Pa\u015finyan ve Cumhurba\u015fkan\u0131 Armen Sarkisyan taziye mesajlar\u0131 yay\u0131nlad\u0131lar.<\/p>\n<p>\u201cSay\u0131n Davoyan, \u00e7a\u011fda\u015f Ermeni edebiyat\u0131n\u0131n \u00f6nde gelen temsilcilerinden biriydi. Onun yay\u0131nlad\u0131\u011f\u0131 40\u2019\u0131n \u00fczerindeki eser ba\u015fka dillere de \u00e7evrilerek edebiyat\u0131m\u0131z\u0131n tan\u0131n\u0131rl\u0131\u011f\u0131na yol a\u00e7t\u0131\u201d ifadelerini kullanan Pa\u015finyan, bu kay\u0131ptan \u00f6t\u00fcr\u00fc \u00fcz\u00fcnt\u00fclerini de dile getirdi.<\/p>\n<p>Cumhurba\u015fkan\u0131 Armen Sarkisyan ise Razmig Davoyan\u2019\u0131n yarat\u0131c\u0131 \u00e7abalar\u0131n\u0131 \u00f6verek onun halk\u0131n\u0131n kaderiyle ya\u015fayan bir yurtta\u015f oldu\u011funu belirtti: \u201c60 y\u0131ldan uzun bir s\u00fcre onun kendine \u00f6zg\u00fc ve \u00e7ok y\u00f6nl\u00fc edebi yarat\u0131lar\u0131 insani duyarl\u0131l\u0131k ve yurtta\u015fl\u0131k bilinciyle harmanlanm\u0131\u015ft\u0131r.\u201d<\/p>\n<p><strong><em>http:\/\/www.agos.com.tr\/tr\/yazi\/26658\/sair-razmig-davoyan-hayatini-kaybetti\u00a0<\/em><\/strong><\/p>\n<div class=\"cf\"><\/div>\n<div class=\"tagcloud\">\n<h4><\/h4>\n<\/div>\n","protected":false},"excerpt":{"rendered":"<p>\u00c7a\u011fda\u015f Ermeni \u015fiirinin en \u00f6nemli temsilcilerinden Razmig Davoyan, 11 Ocak\u2019ta hayata veda etti. 1940 y\u0131l\u0131nda Spitak \u015fehrinin B\u00fcy\u00fck Barni k\u00f6y\u00fcnde do\u011fan \u015fair, 1964\u2019te Yerevan\u2019daki Ha\u00e7adur Abovyan E\u011fitim Fak\u00fcltesi\u2019nin tarih, dil ve edebiyat b\u00f6l\u00fcm\u00fcnden mezun oldu. 1965 y\u0131l\u0131nda Ermenistan\u2019\u0131n edebiyat gazetesi olarak kabul edilen \u2018Kragan Tert\u2019te \u015fiir ve d\u00fczyaz\u0131 b\u00f6l\u00fcm\u00fcn\u00fcn edit\u00f6rl\u00fc\u011f\u00fcne getirildi. 1970\u2019de diasporayla k\u00fclt\u00fcrel ili\u015fkiler [&hellip;]<\/p>\n","protected":false},"author":7,"featured_media":66615,"comment_status":"open","ping_status":"open","sticky":false,"template":"","format":"standard","meta":{"footnotes":""},"categories":[1],"tags":[],"class_list":["post-66614","post","type-post","status-publish","format-standard","has-post-thumbnail","hentry","category-haberler"],"yoast_head":"<!-- This site is optimized with the Yoast SEO plugin v27.4 - https:\/\/yoast.com\/product\/yoast-seo-wordpress\/ -->\n<title>\u015eair Razmig Davoyan hayat\u0131n\u0131 kaybetti - Bati Ermenistan Ve Bati Ermenileri Sorunlari Ara\u015ftirmalar Merkezi<\/title>\n<meta name=\"robots\" content=\"index, follow, max-snippet:-1, max-image-preview:large, max-video-preview:-1\" \/>\n<link rel=\"canonical\" href=\"https:\/\/akunq.net\/tr\/?p=66614\" \/>\n<meta property=\"og:locale\" content=\"en_US\" \/>\n<meta property=\"og:type\" content=\"article\" \/>\n<meta property=\"og:title\" content=\"\u015eair Razmig Davoyan hayat\u0131n\u0131 kaybetti - Bati Ermenistan Ve Bati Ermenileri Sorunlari Ara\u015ftirmalar Merkezi\" \/>\n<meta property=\"og:description\" content=\"\u00c7a\u011fda\u015f Ermeni \u015fiirinin en \u00f6nemli temsilcilerinden Razmig Davoyan, 11 Ocak\u2019ta hayata veda etti. 1940 y\u0131l\u0131nda Spitak \u015fehrinin B\u00fcy\u00fck Barni k\u00f6y\u00fcnde do\u011fan \u015fair, 1964\u2019te Yerevan\u2019daki Ha\u00e7adur Abovyan E\u011fitim Fak\u00fcltesi\u2019nin tarih, dil ve edebiyat b\u00f6l\u00fcm\u00fcnden mezun oldu. 1965 y\u0131l\u0131nda Ermenistan\u2019\u0131n edebiyat gazetesi olarak kabul edilen \u2018Kragan Tert\u2019te \u015fiir ve d\u00fczyaz\u0131 b\u00f6l\u00fcm\u00fcn\u00fcn edit\u00f6rl\u00fc\u011f\u00fcne getirildi. 1970\u2019de diasporayla k\u00fclt\u00fcrel ili\u015fkiler [&hellip;]\" \/>\n<meta property=\"og:url\" content=\"https:\/\/akunq.net\/tr\/?p=66614\" \/>\n<meta property=\"og:site_name\" content=\"Bati Ermenistan Ve Bati Ermenileri Sorunlari Ara\u015ftirmalar Merkezi\" \/>\n<meta property=\"article:published_time\" content=\"2022-01-17T08:03:30+00:00\" \/>\n<meta property=\"og:image\" content=\"https:\/\/akunq.net\/tr\/wp-content\/uploads\/sites\/6\/2022\/01\/Davoyan-Willam-Saroyan.jpg\" \/>\n\t<meta property=\"og:image:width\" content=\"800\" \/>\n\t<meta property=\"og:image:height\" content=\"533\" \/>\n\t<meta property=\"og:image:type\" content=\"image\/jpeg\" \/>\n<meta name=\"author\" content=\"admin\" \/>\n<meta name=\"twitter:card\" content=\"summary_large_image\" \/>\n<meta name=\"twitter:label1\" content=\"Written by\" \/>\n\t<meta name=\"twitter:data1\" content=\"admin\" \/>\n\t<meta name=\"twitter:label2\" content=\"Est. reading time\" \/>\n\t<meta name=\"twitter:data2\" content=\"2 minutes\" \/>\n<script type=\"application\/ld+json\" class=\"yoast-schema-graph\">{\"@context\":\"https:\\\/\\\/schema.org\",\"@graph\":[{\"@type\":\"Article\",\"@id\":\"https:\\\/\\\/akunq.net\\\/tr\\\/?p=66614#article\",\"isPartOf\":{\"@id\":\"https:\\\/\\\/akunq.net\\\/tr\\\/?p=66614\"},\"author\":{\"name\":\"admin\",\"@id\":\"https:\\\/\\\/akunq.net\\\/tr\\\/#\\\/schema\\\/person\\\/096f1d38a12cce57fb855b485ed24c9e\"},\"headline\":\"\u015eair Razmig Davoyan hayat\u0131n\u0131 kaybetti\",\"datePublished\":\"2022-01-17T08:03:30+00:00\",\"mainEntityOfPage\":{\"@id\":\"https:\\\/\\\/akunq.net\\\/tr\\\/?p=66614\"},\"wordCount\":343,\"commentCount\":0,\"image\":{\"@id\":\"https:\\\/\\\/akunq.net\\\/tr\\\/?p=66614#primaryimage\"},\"thumbnailUrl\":\"https:\\\/\\\/akunq.net\\\/tr\\\/wp-content\\\/uploads\\\/sites\\\/6\\\/2022\\\/01\\\/Davoyan-Willam-Saroyan.jpg\",\"articleSection\":[\"Haberler\"],\"inLanguage\":\"en-US\",\"potentialAction\":[{\"@type\":\"CommentAction\",\"name\":\"Comment\",\"target\":[\"https:\\\/\\\/akunq.net\\\/tr\\\/?p=66614#respond\"]}]},{\"@type\":\"WebPage\",\"@id\":\"https:\\\/\\\/akunq.net\\\/tr\\\/?p=66614\",\"url\":\"https:\\\/\\\/akunq.net\\\/tr\\\/?p=66614\",\"name\":\"\u015eair Razmig Davoyan hayat\u0131n\u0131 kaybetti - Bati Ermenistan Ve Bati Ermenileri Sorunlari Ara\u015ftirmalar Merkezi\",\"isPartOf\":{\"@id\":\"https:\\\/\\\/akunq.net\\\/tr\\\/#website\"},\"primaryImageOfPage\":{\"@id\":\"https:\\\/\\\/akunq.net\\\/tr\\\/?p=66614#primaryimage\"},\"image\":{\"@id\":\"https:\\\/\\\/akunq.net\\\/tr\\\/?p=66614#primaryimage\"},\"thumbnailUrl\":\"https:\\\/\\\/akunq.net\\\/tr\\\/wp-content\\\/uploads\\\/sites\\\/6\\\/2022\\\/01\\\/Davoyan-Willam-Saroyan.jpg\",\"datePublished\":\"2022-01-17T08:03:30+00:00\",\"author\":{\"@id\":\"https:\\\/\\\/akunq.net\\\/tr\\\/#\\\/schema\\\/person\\\/096f1d38a12cce57fb855b485ed24c9e\"},\"breadcrumb\":{\"@id\":\"https:\\\/\\\/akunq.net\\\/tr\\\/?p=66614#breadcrumb\"},\"inLanguage\":\"en-US\",\"potentialAction\":[{\"@type\":\"ReadAction\",\"target\":[\"https:\\\/\\\/akunq.net\\\/tr\\\/?p=66614\"]}]},{\"@type\":\"ImageObject\",\"inLanguage\":\"en-US\",\"@id\":\"https:\\\/\\\/akunq.net\\\/tr\\\/?p=66614#primaryimage\",\"url\":\"https:\\\/\\\/akunq.net\\\/tr\\\/wp-content\\\/uploads\\\/sites\\\/6\\\/2022\\\/01\\\/Davoyan-Willam-Saroyan.jpg\",\"contentUrl\":\"https:\\\/\\\/akunq.net\\\/tr\\\/wp-content\\\/uploads\\\/sites\\\/6\\\/2022\\\/01\\\/Davoyan-Willam-Saroyan.jpg\",\"width\":800,\"height\":533},{\"@type\":\"BreadcrumbList\",\"@id\":\"https:\\\/\\\/akunq.net\\\/tr\\\/?p=66614#breadcrumb\",\"itemListElement\":[{\"@type\":\"ListItem\",\"position\":1,\"name\":\"Home\",\"item\":\"https:\\\/\\\/akunq.net\\\/tr\"},{\"@type\":\"ListItem\",\"position\":2,\"name\":\"\u015eair Razmig Davoyan hayat\u0131n\u0131 kaybetti\"}]},{\"@type\":\"WebSite\",\"@id\":\"https:\\\/\\\/akunq.net\\\/tr\\\/#website\",\"url\":\"https:\\\/\\\/akunq.net\\\/tr\\\/\",\"name\":\"Bati Ermenistan Ve Bati Ermenileri Sorunlari Ara\u015ftirmalar Merkezi\",\"description\":\"\",\"potentialAction\":[{\"@type\":\"SearchAction\",\"target\":{\"@type\":\"EntryPoint\",\"urlTemplate\":\"https:\\\/\\\/akunq.net\\\/tr\\\/?s={search_term_string}\"},\"query-input\":{\"@type\":\"PropertyValueSpecification\",\"valueRequired\":true,\"valueName\":\"search_term_string\"}}],\"inLanguage\":\"en-US\"},{\"@type\":\"Person\",\"@id\":\"https:\\\/\\\/akunq.net\\\/tr\\\/#\\\/schema\\\/person\\\/096f1d38a12cce57fb855b485ed24c9e\",\"name\":\"admin\",\"url\":\"https:\\\/\\\/akunq.net\\\/tr\\\/?author=7\"}]}<\/script>\n<!-- \/ Yoast SEO plugin. -->","yoast_head_json":{"title":"\u015eair Razmig Davoyan hayat\u0131n\u0131 kaybetti - Bati Ermenistan Ve Bati Ermenileri Sorunlari Ara\u015ftirmalar Merkezi","robots":{"index":"index","follow":"follow","max-snippet":"max-snippet:-1","max-image-preview":"max-image-preview:large","max-video-preview":"max-video-preview:-1"},"canonical":"https:\/\/akunq.net\/tr\/?p=66614","og_locale":"en_US","og_type":"article","og_title":"\u015eair Razmig Davoyan hayat\u0131n\u0131 kaybetti - Bati Ermenistan Ve Bati Ermenileri Sorunlari Ara\u015ftirmalar Merkezi","og_description":"\u00c7a\u011fda\u015f Ermeni \u015fiirinin en \u00f6nemli temsilcilerinden Razmig Davoyan, 11 Ocak\u2019ta hayata veda etti. 1940 y\u0131l\u0131nda Spitak \u015fehrinin B\u00fcy\u00fck Barni k\u00f6y\u00fcnde do\u011fan \u015fair, 1964\u2019te Yerevan\u2019daki Ha\u00e7adur Abovyan E\u011fitim Fak\u00fcltesi\u2019nin tarih, dil ve edebiyat b\u00f6l\u00fcm\u00fcnden mezun oldu. 1965 y\u0131l\u0131nda Ermenistan\u2019\u0131n edebiyat gazetesi olarak kabul edilen \u2018Kragan Tert\u2019te \u015fiir ve d\u00fczyaz\u0131 b\u00f6l\u00fcm\u00fcn\u00fcn edit\u00f6rl\u00fc\u011f\u00fcne getirildi. 1970\u2019de diasporayla k\u00fclt\u00fcrel ili\u015fkiler [&hellip;]","og_url":"https:\/\/akunq.net\/tr\/?p=66614","og_site_name":"Bati Ermenistan Ve Bati Ermenileri Sorunlari Ara\u015ftirmalar Merkezi","article_published_time":"2022-01-17T08:03:30+00:00","og_image":[{"width":800,"height":533,"url":"https:\/\/akunq.net\/tr\/wp-content\/uploads\/sites\/6\/2022\/01\/Davoyan-Willam-Saroyan.jpg","type":"image\/jpeg"}],"author":"admin","twitter_card":"summary_large_image","twitter_misc":{"Written by":"admin","Est. reading time":"2 minutes"},"schema":{"@context":"https:\/\/schema.org","@graph":[{"@type":"Article","@id":"https:\/\/akunq.net\/tr\/?p=66614#article","isPartOf":{"@id":"https:\/\/akunq.net\/tr\/?p=66614"},"author":{"name":"admin","@id":"https:\/\/akunq.net\/tr\/#\/schema\/person\/096f1d38a12cce57fb855b485ed24c9e"},"headline":"\u015eair Razmig Davoyan hayat\u0131n\u0131 kaybetti","datePublished":"2022-01-17T08:03:30+00:00","mainEntityOfPage":{"@id":"https:\/\/akunq.net\/tr\/?p=66614"},"wordCount":343,"commentCount":0,"image":{"@id":"https:\/\/akunq.net\/tr\/?p=66614#primaryimage"},"thumbnailUrl":"https:\/\/akunq.net\/tr\/wp-content\/uploads\/sites\/6\/2022\/01\/Davoyan-Willam-Saroyan.jpg","articleSection":["Haberler"],"inLanguage":"en-US","potentialAction":[{"@type":"CommentAction","name":"Comment","target":["https:\/\/akunq.net\/tr\/?p=66614#respond"]}]},{"@type":"WebPage","@id":"https:\/\/akunq.net\/tr\/?p=66614","url":"https:\/\/akunq.net\/tr\/?p=66614","name":"\u015eair Razmig Davoyan hayat\u0131n\u0131 kaybetti - Bati Ermenistan Ve Bati Ermenileri Sorunlari Ara\u015ftirmalar Merkezi","isPartOf":{"@id":"https:\/\/akunq.net\/tr\/#website"},"primaryImageOfPage":{"@id":"https:\/\/akunq.net\/tr\/?p=66614#primaryimage"},"image":{"@id":"https:\/\/akunq.net\/tr\/?p=66614#primaryimage"},"thumbnailUrl":"https:\/\/akunq.net\/tr\/wp-content\/uploads\/sites\/6\/2022\/01\/Davoyan-Willam-Saroyan.jpg","datePublished":"2022-01-17T08:03:30+00:00","author":{"@id":"https:\/\/akunq.net\/tr\/#\/schema\/person\/096f1d38a12cce57fb855b485ed24c9e"},"breadcrumb":{"@id":"https:\/\/akunq.net\/tr\/?p=66614#breadcrumb"},"inLanguage":"en-US","potentialAction":[{"@type":"ReadAction","target":["https:\/\/akunq.net\/tr\/?p=66614"]}]},{"@type":"ImageObject","inLanguage":"en-US","@id":"https:\/\/akunq.net\/tr\/?p=66614#primaryimage","url":"https:\/\/akunq.net\/tr\/wp-content\/uploads\/sites\/6\/2022\/01\/Davoyan-Willam-Saroyan.jpg","contentUrl":"https:\/\/akunq.net\/tr\/wp-content\/uploads\/sites\/6\/2022\/01\/Davoyan-Willam-Saroyan.jpg","width":800,"height":533},{"@type":"BreadcrumbList","@id":"https:\/\/akunq.net\/tr\/?p=66614#breadcrumb","itemListElement":[{"@type":"ListItem","position":1,"name":"Home","item":"https:\/\/akunq.net\/tr"},{"@type":"ListItem","position":2,"name":"\u015eair Razmig Davoyan hayat\u0131n\u0131 kaybetti"}]},{"@type":"WebSite","@id":"https:\/\/akunq.net\/tr\/#website","url":"https:\/\/akunq.net\/tr\/","name":"Bati Ermenistan Ve Bati Ermenileri Sorunlari Ara\u015ftirmalar Merkezi","description":"","potentialAction":[{"@type":"SearchAction","target":{"@type":"EntryPoint","urlTemplate":"https:\/\/akunq.net\/tr\/?s={search_term_string}"},"query-input":{"@type":"PropertyValueSpecification","valueRequired":true,"valueName":"search_term_string"}}],"inLanguage":"en-US"},{"@type":"Person","@id":"https:\/\/akunq.net\/tr\/#\/schema\/person\/096f1d38a12cce57fb855b485ed24c9e","name":"admin","url":"https:\/\/akunq.net\/tr\/?author=7"}]}},"_links":{"self":[{"href":"https:\/\/akunq.net\/tr\/index.php?rest_route=\/wp\/v2\/posts\/66614","targetHints":{"allow":["GET"]}}],"collection":[{"href":"https:\/\/akunq.net\/tr\/index.php?rest_route=\/wp\/v2\/posts"}],"about":[{"href":"https:\/\/akunq.net\/tr\/index.php?rest_route=\/wp\/v2\/types\/post"}],"author":[{"embeddable":true,"href":"https:\/\/akunq.net\/tr\/index.php?rest_route=\/wp\/v2\/users\/7"}],"replies":[{"embeddable":true,"href":"https:\/\/akunq.net\/tr\/index.php?rest_route=%2Fwp%2Fv2%2Fcomments&post=66614"}],"version-history":[{"count":1,"href":"https:\/\/akunq.net\/tr\/index.php?rest_route=\/wp\/v2\/posts\/66614\/revisions"}],"predecessor-version":[{"id":66616,"href":"https:\/\/akunq.net\/tr\/index.php?rest_route=\/wp\/v2\/posts\/66614\/revisions\/66616"}],"wp:featuredmedia":[{"embeddable":true,"href":"https:\/\/akunq.net\/tr\/index.php?rest_route=\/wp\/v2\/media\/66615"}],"wp:attachment":[{"href":"https:\/\/akunq.net\/tr\/index.php?rest_route=%2Fwp%2Fv2%2Fmedia&parent=66614"}],"wp:term":[{"taxonomy":"category","embeddable":true,"href":"https:\/\/akunq.net\/tr\/index.php?rest_route=%2Fwp%2Fv2%2Fcategories&post=66614"},{"taxonomy":"post_tag","embeddable":true,"href":"https:\/\/akunq.net\/tr\/index.php?rest_route=%2Fwp%2Fv2%2Ftags&post=66614"}],"curies":[{"name":"wp","href":"https:\/\/api.w.org\/{rel}","templated":true}]}}