{"id":66597,"date":"2022-01-14T02:23:11","date_gmt":"2022-01-14T07:23:11","guid":{"rendered":"https:\/\/akunq.net\/tr\/?p=66597"},"modified":"2022-01-14T02:23:11","modified_gmt":"2022-01-14T07:23:11","slug":"cumhuriyetin-ilk-kilisesi-icin-geri-sayim-basladi-suryani-toplumu-ibadethanesine-kavusuyor","status":"publish","type":"post","link":"https:\/\/akunq.net\/tr\/?p=66597","title":{"rendered":"Cumhuriyetin ilk kilisesi i\u00e7in geri say\u0131m ba\u015flad\u0131: S\u00fcryani toplumu ibadethanesine kavu\u015fuyor"},"content":{"rendered":"<section class=\"entry-article-topper\">\n<div class=\"grid-x grid-margin-x\">\n<div class=\"cell\">\n<div class=\"entry-header clearfix has-avatar\">\n<div class=\"entry-subtitle\">\n<p><em><strong>70 y\u0131l\u0131 a\u015fk\u0131n s\u00fcredir \u0130stanbul&#8217;da var olan S\u00fcryani toplumu, in\u015fa ettikleri cumhuriyet tarihinin ilk kilisesinin in\u015faat\u0131nda sona yakla\u015ft\u0131.<\/strong><\/em><\/p>\n<\/div>\n<div class=\"author-avatar\"><a href=\"https:\/\/www.indyturk.com\/taxonomy\/term\/84036\"><img decoding=\"async\" src=\"https:\/\/www.indyturk.com\/sites\/default\/files\/styles\/150x150\/public\/melike%20%C3%A7apan.png?itok=y-KBwV6E\" alt=\"\" \/><\/a><\/div>\n<div class=\"entry-meta-wrapper\">\n<div class=\"grid-x align-justify align-middle\">\n<div class=\"cell shrink\">\n<div class=\"entry-meta\">\n<div class=\"entry-meta-field entry-meta-author\"><strong><a href=\"https:\/\/www.indyturk.com\/taxonomy\/term\/84036\">Melike \u00c7apan\u00a0<\/a><\/strong><\/div>\n<\/div>\n<\/div>\n<div class=\"cell large-shrink\">\n<div class=\"follow-block\"><\/div>\n<\/div>\n<\/div>\n<\/div>\n<\/div>\n<div class=\"entry-media\">\n<div class=\"entry-media-inner-img\"><img decoding=\"async\" class=\"lazy fill-content abs-element\" src=\"https:\/\/www.indyturk.com\/sites\/default\/files\/styles\/1368x911\/public\/article\/main_image\/2022\/01\/14\/843151-870534238.jpg?itok=N0YeyQmZ\" \/><\/div>\n<div class=\"caption-field\">\n<p><em>Kolaj: Independnet T\u00fcrk\u00e7e<\/em><\/p>\n<\/div>\n<\/div>\n<\/div>\n<\/div>\n<\/section>\n<div class=\"grid-container\">\n<article class=\"entry-article\">\n<div class=\"grid-x align-justify\">\n<div class=\"content-wrap-holder cell\">\n<div class=\"region region-content\">\n<div id=\"block-system-main\" class=\"block block-system\">\n<div class=\"content\">\n<div class=\"content-wrap\">\n<div class=\"printable-area page-taxonomy-term-16\" dir=\"ltr\">\n<div class=\"entry-content\" data-io-article-url=\"https:\/\/www.indyturk.com\/node\/459551\/haber\/cumhuriyetin-ilk-kilisesi-i%C3%A7in-geri-say%C4%B1m-ba%C5%9Flad%C4%B1-s%C3%BCryani-toplumu-ibadethanesine\">\n<div class=\"field field-name-body field-type-text-with-summary field-label-hidden\">\n<div class=\"field-items\">\n<div class=\"field-item even\">\n<p>Mezopotamya&#8217;n\u0131n kadim toplumuydular. Ancak tarihi, g\u00fc\u00e7l\u00fc k\u00f6kleri de olsa bu topraklar\u0131n say\u0131ca az olan di\u011fer dini ve etnik toplumlar\u0131 aras\u0131nda kald\u0131lar. Hatta Lozan Anla\u015fmas\u0131&#8217;n\u0131n d\u0131\u015f\u0131nda tutulunca adeta az\u0131nl\u0131k i\u00e7inde az\u0131nl\u0131k kald\u0131lar.<\/p>\n<p>Ne bir okul ne de bir kilise\u2026 Y\u0131llarca hi\u00e7birini a\u00e7amad\u0131lar. T\u00fcm aidiyetlerini G\u00fcney Do\u011fu&#8217;da b\u0131rakan\u00a0<a href=\"https:\/\/www.indyturk.com\/tags\/s%C3%BCryaniler\">S\u00fcryani toplumu<\/a>\u00a0kent hayat\u0131nda kimli\u011fini kaybetme riski ile kar\u015f\u0131 kar\u015f\u0131ya kal\u0131rken, 2003 y\u0131l\u0131nda \u00e7\u0131kan 24 Ocak 2003 tarihli Vak\u0131flar y\u00f6netmeli\u011fi ile az\u0131nl\u0131k say\u0131labildiler ve bu tarih itibar\u0131yla G\u00fcney Do\u011fu&#8217;dan Bat\u0131&#8217;ya g\u00f6\u00e7 eden n\u00fcfusu i\u00e7in bu tarih itibar\u0131yla kollar\u0131 s\u0131vamaya ba\u015flad\u0131.<\/p>\n<p>70 y\u0131l\u0131 a\u015fk\u0131n \u0130stanbul&#8217;da olan Mezopotamya&#8217;n\u0131n kadim topumu o g\u00fcnden bug\u00fcne epeyi yol kat etti.<\/p>\n<p>S\u00fcryani toplumunun G\u00fcney Do\u011fu&#8217;dan Bat\u0131&#8217;ya g\u00f6\u00e7\u00fc 1950&#8217;lilere dayan\u0131yor. Bug\u00fcn yakla\u015f\u0131k 26 bin S\u00fcryani&#8217;nin 17 bini \u0130stanbul&#8217;da ya\u015f\u0131yor.<\/p>\n<p>Beyo\u011flu S\u00fcryani Kadim Meryem Ana Kilisesi Vakf\u0131 Ba\u015fkan Yard\u0131mc\u0131s\u0131 Kenan G\u00fcrdal, 1960&#8217;l\u0131 y\u0131llardan sonra Mardin&#8217;deki S\u00fcryani toplumunun neredeyse tamam\u0131n\u0131n ayr\u0131ld\u0131\u011f\u0131n\u0131 s\u00f6yl\u00fcyor.<\/p>\n<p>S\u00fcryanilerin \u00f6nce Kumkap\u0131 ve Laleli&#8217;ye yerle\u015fti\u011fini daha sonraki y\u0131llarda da Ye\u015filk\u00f6y&#8217;\u00fc kendilerine mesken tutuklar\u0131n\u0131 dile getiriyor. S\u00fcryani toplumu Ye\u015filk\u00f6y&#8217;e yerle\u015fince yak\u0131nda bir kiliseye ihtiya\u00e7 duyar.<\/p>\n<p>Onlara kap\u0131lar\u0131n\u0131 Latin Katolik Kilisesi a\u00e7ar. Bug\u00fcne kadar Ye\u015filk\u00f6y&#8217;de Latin Katolik Kilisesi&#8217;ni kullanan S\u00fcryanilerin di\u011fer semtlerindeki ibadethane ihtiyac\u0131n\u0131 ise yine dinda\u015flar\u0131 kar\u015f\u0131lar.<\/p>\n<p>G\u00fcrdal, Moda&#8217;daki Katolik Kilisesi, Samatya&#8217;daki Rum Ortodoks Kilisesi ile birlikte toplamda 7 kilisede inan\u00e7lar\u0131n\u0131 yerine getirebildiklerini ekledi.<\/p>\n<p>Ancak Tarlaba\u015f\u0131 hari\u00e7 hi\u00e7birinin m\u00fclkiyeti onlarda de\u011fildi. Tarlaba\u015f\u0131 Meryem Ana Kilisesi de Rum Ortodoks Kilisesi&#8217;nin \u00f6zelliklerine hakimdi. Daha sonraki restorasyonlarla ufak da olsa kendi k\u00fclt\u00fcrel \u00f6zelliklerini ekleyebildiler ve metropolitlik haline getirebildiler.<\/p>\n<div class=\"dnd-widget-wrapper context-custom_image type-image\">\n<div class=\"dnd-atom-rendered\">\n<div class=\"entry-media-inner-img\"><img loading=\"lazy\" decoding=\"async\" title=\"k.jpg\" src=\"https:\/\/www.indyturk.com\/sites\/default\/files\/styles\/800xauto\/public\/thumbnails\/image\/2022\/01\/14\/843141-1896085913.jpg?itok=5Z-sQXc4\" alt=\"k.jpg\" width=\"600\" height=\"599\" \/><\/div>\n<\/div>\n<div class=\"dnd-caption-wrapper\">\n<div class=\"meta\"><em>Beyo\u011flu S\u00fcryani Kadim Meryem Ana Kilisesi Vakf\u0131 Ba\u015fkan Yard\u0131mc\u0131s\u0131 Kenan G\u00fcrdal, Independent T\u00fcrk\u00e7e&#8217;den Melike \u00c7apan&#8217;a konu\u015ftu.<\/em><\/div>\n<\/div>\n<\/div>\n<p><strong>Dinda\u015flar birbirleriyle dayan\u0131\u015fma i\u00e7inde\u00a0<\/strong><\/p>\n<p>Y\u0131llar \u00f6nce yang\u0131n ge\u00e7iren Tarlaba\u015f\u0131&#8217;ndaki Meryem Ana Rum Ortodoks Kilisesi kullan\u0131lmaz hale gelmi\u015fti.<\/p>\n<p>Ne kiliseyi tamir edip aya\u011fa kald\u0131racak g\u00fc\u00e7 ne de art\u0131k ziyaret edebilecek Rum toplumu kalm\u0131\u015ft\u0131. G\u00fcrdal, kilise ihtiya\u00e7lar\u0131 oldu\u011funda Rum Patrikhanesi&#8217;nin i\u00e7tenlikle dinda\u015flar\u0131n\u0131n bu ihtiya\u00e7lar\u0131n\u0131 kar\u015f\u0131lad\u0131klar\u0131n\u0131 anlat\u0131yor:<\/p>\n<blockquote><p><em>Patrikhaneden istedi\u011fimiz zaman seve seve verdiler ve tamamen m\u00fclkiyetini bize b\u0131rakt\u0131lar. Daha sonra da etraf\u0131ndaki binalar\u0131 ald\u0131k ve 2000&#8217;li y\u0131llarda \u015fimdiki ba\u015fkan\u0131m\u0131z Sait Susin ile birlikte ald\u0131\u011f\u0131m\u0131z binalar\u0131 y\u0131karak, kiliseye adapte ettik. K\u00fct\u00fcphane yapt\u0131k, ya\u015fam alanlar\u0131 yaratt\u0131k.<\/em><\/p><\/blockquote>\n<p>Y\u0131llarca di\u011fer dinda\u015flar\u0131yla dayan\u0131\u015fma i\u00e7inde ibadetlerini s\u00fcrd\u00fcren S\u00fcryani toplumu b\u00fcy\u00fcd\u00fck\u00e7e bu kiliselere s\u0131\u011famaz hale geldi:<\/p>\n<blockquote><p><em>\u00d6zellikle Ye\u015filk\u00f6y&#8217;deki bayram zaman\u0131 kiliseye s\u0131\u011famay\u0131z. Toplumun yar\u0131s\u0131ndan fazlas\u0131 avluda kalmak zorunda kal\u0131yor.<\/em><\/p><\/blockquote>\n<p>S\u00fcryani toplumunun bu \u00e7aresiz haline yine dinda\u015flar\u0131 ko\u015far. Noel zaman\u0131 ziyaret ettikleri Latin Katolik Kilisesi&#8217;nin rahibi onlara bir teklifte bulunur:<\/p>\n<blockquote><p><em>Y\u0131l 2011 ya da 2012 idi. Bayram tebri\u011fi i\u00e7in gittik. Bize dedi ki; &#8216;ne kadar geni\u015f cemaatiniz var. \u0130nsan seviniyor. Bayram g\u00fcn\u00fc kilise t\u0131kl\u0131m t\u0131kl\u0131m\u2026 Art\u0131k kiliseye s\u0131\u011fmaz oldunuz. Bizim buradaki metruk mezarl\u0131\u011f\u0131m\u0131z\u0131 size verelim orada bir kilise yap\u0131n.&#8217; Esas\u0131nda ziyaretimizin bir sebebi de buydu ancak Rahip derdimize bizden evvel derman oldu.<\/em><\/p><\/blockquote>\n<p><strong>Yeni kilise fikri nas\u0131l ortaya \u00e7\u0131kt\u0131, devlet ne dedi?\u00a0<\/strong><\/p>\n<p>Yeni bir kilise fikri i\u015fte b\u00f6yle ortaya \u00e7\u0131kt\u0131. Art\u0131k S\u00fcryani toplumunun \u0130stanbul&#8217;da ba\u015ftan a\u015fa\u011f\u0131ya kendi geleneklerine g\u00f6re yeni bir kilise in\u015fa edilebilirdi.<\/p>\n<p>Geriye ak\u0131lda tek bir soru kal\u0131yordu:\u00a0<em>B\u00f6yle bir kilisenin in\u015fas\u0131 i\u00e7in devlet ne diyecekti?<\/em><\/p>\n<p>Kenan G\u00fcrdal, \u015f\u00f6yle yan\u0131tl\u0131yor:<\/p>\n<blockquote><p><em>Rahip bize verdikten sonra resmiyete d\u00f6kmek i\u00e7in evraklar\u0131 istedik. Bir valiz dolusu o alana ait evrak getirdi. Biz de ara\u015ft\u0131rmaya koyulduk. Arsan\u0131n m\u00fclkiyeti \u0130stanbul B\u00fcy\u00fck\u015fehir Belediyesi&#8217;ne ait oldu\u011fu \u00e7\u0131kt\u0131. Mezarl\u0131klar\u0131n hepsi belediyeye aittir. O d\u00f6nemde Avrupa Birli\u011fi Bakan\u0131yken bizi ziyaret etti. Taleplerimizi sordu.<\/p>\n<p>Biz de ona bir kilise bir de okul istedi\u011fimizi s\u00f6yledik ve say\u0131n Bakan talebimizi d\u00f6nemin ba\u015fbakan\u0131 Recep Tayyip Erdo\u011fan&#8217;a iletece\u011fini s\u00f6yledi. K\u0131sa bir s\u00fcre sonra d\u00f6nemin \u0130stanbul B\u00fcy\u00fck\u015fehir Belediye Ba\u015fkan\u0131 Kadir Topba\u015f bizi arad\u0131 ve &#8216;Kilise i\u00e7in size yer ara\u015ft\u0131r\u0131yorum&#8217; dedi.<\/p>\n<p>Ancak bize teklif ettikleri yerler Tuzla, G\u00fcne\u015fli, Silivri gibi toplumun \u00fcyelerinin olmad\u0131\u011f\u0131 yerlerdi. Bize en uygun adresin Ye\u015filk\u00f6y oldu\u011funu s\u00f6yledik. Bize ara\u015ft\u0131raca\u011f\u0131n\u0131 s\u00f6yledi, biz de Katoliklerin bize sundu\u011fu teklifi dile getirdik. Topba\u015f, inceledikten sonra mezarl\u0131\u011f\u0131n bize s\u00fcresiz olarak tahsisini sa\u011flad\u0131.<\/em><\/p><\/blockquote>\n<p>Katoliklerle protokol i\u00e7in masaya oturulma zaman\u0131 gelmi\u015fti. Ancak mezarl\u0131k alan\u0131n\u0131 hibe eden ba\u015frahip gitmi\u015f, yerine yenisi gelmi\u015fti ve kendisi di\u011fer rahip kadar vermeye g\u00f6n\u00fcll\u00fc de\u011fildi.<\/p>\n<p>Rahip,\u00a0<em>&#8216;Buras\u0131 bizim arazimiz. Devlet \u00f6nce bize versin, biz size tahsis edelim&#8217;\u00a0<\/em>dedi ve mahkemeye ba\u015fvurarak y\u00fcr\u00fctmeyi durdurma karar\u0131 ald\u0131.<\/p>\n<p>G\u00fcrdal, 2,5 y\u0131l boyunca s\u00fcren mahkeme boyunca \u00e7\u00f6z\u00fcm i\u00e7in aray\u0131\u015f halinde olduklar\u0131n\u0131 s\u00f6yl\u00fcyor. En sonunda kap\u0131s\u0131n\u0131 \u00e7ald\u0131klar\u0131 Vatikan B\u00fcy\u00fckel\u00e7isi yard\u0131mlar\u0131na ko\u015fuyor.<\/p>\n<p>Oturulan masada art\u0131k kilise i\u00e7in bir protokole imza at\u0131labiliyor:<\/p>\n<blockquote><p><em>E\u011fer mahkeme bize verirse 100 y\u0131ll\u0131\u011f\u0131na size tahsis edelim, e\u011fer belediyeye verirse de size s\u00fcresiz tahsis edilsin\u201d dendi. B\u00fcy\u00fcklel\u00e7i bizim yolumuzu a\u00e7t\u0131. O protokol ile in\u015faata ba\u015flayabildik.<\/em><\/p><\/blockquote>\n<div class=\"dnd-widget-wrapper context-custom_gallery type-image\">\n<div class=\"dnd-atom-rendered\">\n<div class=\"entry-media-inner-img\"><img loading=\"lazy\" decoding=\"async\" title=\"kilise \u00e7izim.JPG\" src=\"https:\/\/www.indyturk.com\/sites\/default\/files\/thumbnails\/image\/2022\/01\/14\/843146-1194733126.JPG\" alt=\"kilise \u00e7izim.JPG\" width=\"1024\" height=\"576\" \/><\/div>\n<\/div>\n<\/div>\n<p><strong>Geleneksel ve modern mimarinin izlerini ta\u015f\u0131yor<\/strong><\/p>\n<p>Kilise yaln\u0131zca ilk S\u00fcryani Kilisesi de\u011fil ayn\u0131 zamanda Cumhuriyet tarihinde de in\u015fa edilen ilk kilise olmas\u0131 sebebiyle tarihi bir \u00f6nem ta\u015f\u0131yor.<\/p>\n<p>Eyl\u00fcl, ekim gibi ibadete a\u00e7\u0131lacak kilisenin bug\u00fcne kadar in\u015faat\u0131nda y\u00fczde 80&#8217;lik bir a\u015fama tamamland\u0131. \u0130nce i\u015flerine ba\u015flanan kilise hem modern mimarinin hem de geleneksel S\u00fcryani k\u00fclt\u00fcr\u00fcn\u00fcn izlerini ta\u015f\u0131yor.<\/p>\n<p>Mor Efrem&#8217;in ad\u0131 verilen kilisede Mardin&#8217;deki kiliseler gibi bir teras yap\u0131ld\u0131. Teras\u0131n mimari \u00f6zellikleri Mardin&#8217;deki Mor Gabriel Manast\u0131r\u0131&#8217;ndan esinlenildi.<\/p>\n<p>\u015eu anda bir yandan kilisenin in\u015faat\u0131 devam ederken bir yandan da kilisenin S\u00fcryani gelene\u011fine g\u00f6re i\u00e7inin donat\u0131lmas\u0131 i\u00e7in \u00e7al\u0131\u015fmalar s\u00fcr\u00fcyor.<\/p>\n<p>Yeni kiliselerine kavu\u015facak olan S\u00fcryani toplumu ad\u0131na Kenan G\u00fcrdal, Cumhurba\u015fkan\u0131 Erdo\u011fan&#8217;a te\u015fekk\u00fcrlerini iletiyor. En b\u00fcy\u00fck eksikliklerinin giderildi\u011finin alt\u0131n\u0131 \u00e7izen G\u00fcrdal yak\u0131n zamanda kendilerine ait ilk kilisede yapacaklar\u0131 ibadetin heyecan\u0131 i\u00e7inde.<\/p>\n<p>Peki, di\u011fer kiliseler ne olacak?<\/p>\n<blockquote><p><em>Ye\u015filk\u00f6y&#8217;deki Latin Katolik Kilisesi&#8217;nden ayr\u0131laca\u011f\u0131z. Ancak di\u011fer semtlerdeki kiliselerle dayan\u0131\u015fmam\u0131z devam edecek.<\/em><\/p>\n<p><em><strong>https:\/\/www.indyturk.com\/node\/459551\/haber\/cumhuriyetin-ilk-kilisesi-i%C3%A7in-geri-say%C4%B1m-ba%C5%9Flad%C4%B1-s%C3%BCryani-toplumu-ibadethanesine\u00a0<\/strong><\/em><\/p><\/blockquote>\n<\/div>\n<\/div>\n<\/div>\n<\/div>\n<\/div>\n<\/div>\n<\/div>\n<\/div>\n<\/div>\n<\/div>\n<\/div>\n<\/article>\n<\/div>\n","protected":false},"excerpt":{"rendered":"<p>70 y\u0131l\u0131 a\u015fk\u0131n s\u00fcredir \u0130stanbul&#8217;da var olan S\u00fcryani toplumu, in\u015fa ettikleri cumhuriyet tarihinin ilk kilisesinin in\u015faat\u0131nda sona yakla\u015ft\u0131. Melike \u00c7apan\u00a0 Kolaj: Independnet T\u00fcrk\u00e7e Mezopotamya&#8217;n\u0131n kadim toplumuydular. Ancak tarihi, g\u00fc\u00e7l\u00fc k\u00f6kleri de olsa bu topraklar\u0131n say\u0131ca az olan di\u011fer dini ve etnik toplumlar\u0131 aras\u0131nda kald\u0131lar. Hatta Lozan Anla\u015fmas\u0131&#8217;n\u0131n d\u0131\u015f\u0131nda tutulunca adeta az\u0131nl\u0131k i\u00e7inde az\u0131nl\u0131k kald\u0131lar. Ne [&hellip;]<\/p>\n","protected":false},"author":7,"featured_media":66598,"comment_status":"open","ping_status":"open","sticky":false,"template":"","format":"standard","meta":{"footnotes":""},"categories":[1,53],"tags":[],"class_list":["post-66597","post","type-post","status-publish","format-standard","has-post-thumbnail","hentry","category-haberler","category-turkiyede-azinliklar"],"yoast_head":"<!-- This site is optimized with the Yoast SEO plugin v27.4 - https:\/\/yoast.com\/product\/yoast-seo-wordpress\/ -->\n<title>Cumhuriyetin ilk kilisesi i\u00e7in geri say\u0131m ba\u015flad\u0131: S\u00fcryani toplumu ibadethanesine kavu\u015fuyor - Bati Ermenistan Ve Bati Ermenileri Sorunlari Ara\u015ftirmalar Merkezi<\/title>\n<meta name=\"robots\" content=\"index, follow, max-snippet:-1, max-image-preview:large, max-video-preview:-1\" \/>\n<link rel=\"canonical\" href=\"https:\/\/akunq.net\/tr\/?p=66597\" \/>\n<meta property=\"og:locale\" content=\"en_US\" \/>\n<meta property=\"og:type\" content=\"article\" \/>\n<meta property=\"og:title\" content=\"Cumhuriyetin ilk kilisesi i\u00e7in geri say\u0131m ba\u015flad\u0131: S\u00fcryani toplumu ibadethanesine kavu\u015fuyor - Bati Ermenistan Ve Bati Ermenileri Sorunlari Ara\u015ftirmalar Merkezi\" \/>\n<meta property=\"og:description\" content=\"70 y\u0131l\u0131 a\u015fk\u0131n s\u00fcredir \u0130stanbul&#8217;da var olan S\u00fcryani toplumu, in\u015fa ettikleri cumhuriyet tarihinin ilk kilisesinin in\u015faat\u0131nda sona yakla\u015ft\u0131. Melike \u00c7apan\u00a0 Kolaj: Independnet T\u00fcrk\u00e7e Mezopotamya&#8217;n\u0131n kadim toplumuydular. Ancak tarihi, g\u00fc\u00e7l\u00fc k\u00f6kleri de olsa bu topraklar\u0131n say\u0131ca az olan di\u011fer dini ve etnik toplumlar\u0131 aras\u0131nda kald\u0131lar. Hatta Lozan Anla\u015fmas\u0131&#8217;n\u0131n d\u0131\u015f\u0131nda tutulunca adeta az\u0131nl\u0131k i\u00e7inde az\u0131nl\u0131k kald\u0131lar. Ne [&hellip;]\" \/>\n<meta property=\"og:url\" content=\"https:\/\/akunq.net\/tr\/?p=66597\" \/>\n<meta property=\"og:site_name\" content=\"Bati Ermenistan Ve Bati Ermenileri Sorunlari Ara\u015ftirmalar Merkezi\" \/>\n<meta property=\"article:published_time\" content=\"2022-01-14T07:23:11+00:00\" \/>\n<meta property=\"og:image\" content=\"https:\/\/akunq.net\/tr\/wp-content\/uploads\/sites\/6\/2022\/01\/yeni-kilise.jpg\" \/>\n\t<meta property=\"og:image:width\" content=\"1368\" \/>\n\t<meta property=\"og:image:height\" content=\"911\" \/>\n\t<meta property=\"og:image:type\" content=\"image\/jpeg\" \/>\n<meta name=\"author\" content=\"admin\" \/>\n<meta name=\"twitter:card\" content=\"summary_large_image\" \/>\n<meta name=\"twitter:label1\" content=\"Written by\" \/>\n\t<meta name=\"twitter:data1\" content=\"admin\" \/>\n\t<meta name=\"twitter:label2\" content=\"Est. reading time\" \/>\n\t<meta name=\"twitter:data2\" content=\"6 minutes\" \/>\n<script type=\"application\/ld+json\" class=\"yoast-schema-graph\">{\"@context\":\"https:\\\/\\\/schema.org\",\"@graph\":[{\"@type\":\"Article\",\"@id\":\"https:\\\/\\\/akunq.net\\\/tr\\\/?p=66597#article\",\"isPartOf\":{\"@id\":\"https:\\\/\\\/akunq.net\\\/tr\\\/?p=66597\"},\"author\":{\"name\":\"admin\",\"@id\":\"https:\\\/\\\/akunq.net\\\/tr\\\/#\\\/schema\\\/person\\\/096f1d38a12cce57fb855b485ed24c9e\"},\"headline\":\"Cumhuriyetin ilk kilisesi i\u00e7in geri say\u0131m ba\u015flad\u0131: S\u00fcryani toplumu ibadethanesine kavu\u015fuyor\",\"datePublished\":\"2022-01-14T07:23:11+00:00\",\"mainEntityOfPage\":{\"@id\":\"https:\\\/\\\/akunq.net\\\/tr\\\/?p=66597\"},\"wordCount\":1273,\"commentCount\":0,\"image\":{\"@id\":\"https:\\\/\\\/akunq.net\\\/tr\\\/?p=66597#primaryimage\"},\"thumbnailUrl\":\"https:\\\/\\\/akunq.net\\\/tr\\\/wp-content\\\/uploads\\\/sites\\\/6\\\/2022\\\/01\\\/yeni-kilise.jpg\",\"articleSection\":[\"Haberler\",\"T\u00fcrkiye\u2019de Az\u0131nl\u0131klar\"],\"inLanguage\":\"en-US\",\"potentialAction\":[{\"@type\":\"CommentAction\",\"name\":\"Comment\",\"target\":[\"https:\\\/\\\/akunq.net\\\/tr\\\/?p=66597#respond\"]}]},{\"@type\":\"WebPage\",\"@id\":\"https:\\\/\\\/akunq.net\\\/tr\\\/?p=66597\",\"url\":\"https:\\\/\\\/akunq.net\\\/tr\\\/?p=66597\",\"name\":\"Cumhuriyetin ilk kilisesi i\u00e7in geri say\u0131m ba\u015flad\u0131: S\u00fcryani toplumu ibadethanesine kavu\u015fuyor - Bati Ermenistan Ve Bati Ermenileri Sorunlari Ara\u015ftirmalar Merkezi\",\"isPartOf\":{\"@id\":\"https:\\\/\\\/akunq.net\\\/tr\\\/#website\"},\"primaryImageOfPage\":{\"@id\":\"https:\\\/\\\/akunq.net\\\/tr\\\/?p=66597#primaryimage\"},\"image\":{\"@id\":\"https:\\\/\\\/akunq.net\\\/tr\\\/?p=66597#primaryimage\"},\"thumbnailUrl\":\"https:\\\/\\\/akunq.net\\\/tr\\\/wp-content\\\/uploads\\\/sites\\\/6\\\/2022\\\/01\\\/yeni-kilise.jpg\",\"datePublished\":\"2022-01-14T07:23:11+00:00\",\"author\":{\"@id\":\"https:\\\/\\\/akunq.net\\\/tr\\\/#\\\/schema\\\/person\\\/096f1d38a12cce57fb855b485ed24c9e\"},\"breadcrumb\":{\"@id\":\"https:\\\/\\\/akunq.net\\\/tr\\\/?p=66597#breadcrumb\"},\"inLanguage\":\"en-US\",\"potentialAction\":[{\"@type\":\"ReadAction\",\"target\":[\"https:\\\/\\\/akunq.net\\\/tr\\\/?p=66597\"]}]},{\"@type\":\"ImageObject\",\"inLanguage\":\"en-US\",\"@id\":\"https:\\\/\\\/akunq.net\\\/tr\\\/?p=66597#primaryimage\",\"url\":\"https:\\\/\\\/akunq.net\\\/tr\\\/wp-content\\\/uploads\\\/sites\\\/6\\\/2022\\\/01\\\/yeni-kilise.jpg\",\"contentUrl\":\"https:\\\/\\\/akunq.net\\\/tr\\\/wp-content\\\/uploads\\\/sites\\\/6\\\/2022\\\/01\\\/yeni-kilise.jpg\",\"width\":1368,\"height\":911},{\"@type\":\"BreadcrumbList\",\"@id\":\"https:\\\/\\\/akunq.net\\\/tr\\\/?p=66597#breadcrumb\",\"itemListElement\":[{\"@type\":\"ListItem\",\"position\":1,\"name\":\"Home\",\"item\":\"https:\\\/\\\/akunq.net\\\/tr\"},{\"@type\":\"ListItem\",\"position\":2,\"name\":\"Cumhuriyetin ilk kilisesi i\u00e7in geri say\u0131m ba\u015flad\u0131: S\u00fcryani toplumu ibadethanesine kavu\u015fuyor\"}]},{\"@type\":\"WebSite\",\"@id\":\"https:\\\/\\\/akunq.net\\\/tr\\\/#website\",\"url\":\"https:\\\/\\\/akunq.net\\\/tr\\\/\",\"name\":\"Bati Ermenistan Ve Bati Ermenileri Sorunlari Ara\u015ftirmalar Merkezi\",\"description\":\"\",\"potentialAction\":[{\"@type\":\"SearchAction\",\"target\":{\"@type\":\"EntryPoint\",\"urlTemplate\":\"https:\\\/\\\/akunq.net\\\/tr\\\/?s={search_term_string}\"},\"query-input\":{\"@type\":\"PropertyValueSpecification\",\"valueRequired\":true,\"valueName\":\"search_term_string\"}}],\"inLanguage\":\"en-US\"},{\"@type\":\"Person\",\"@id\":\"https:\\\/\\\/akunq.net\\\/tr\\\/#\\\/schema\\\/person\\\/096f1d38a12cce57fb855b485ed24c9e\",\"name\":\"admin\",\"url\":\"https:\\\/\\\/akunq.net\\\/tr\\\/?author=7\"}]}<\/script>\n<!-- \/ Yoast SEO plugin. -->","yoast_head_json":{"title":"Cumhuriyetin ilk kilisesi i\u00e7in geri say\u0131m ba\u015flad\u0131: S\u00fcryani toplumu ibadethanesine kavu\u015fuyor - Bati Ermenistan Ve Bati Ermenileri Sorunlari Ara\u015ftirmalar Merkezi","robots":{"index":"index","follow":"follow","max-snippet":"max-snippet:-1","max-image-preview":"max-image-preview:large","max-video-preview":"max-video-preview:-1"},"canonical":"https:\/\/akunq.net\/tr\/?p=66597","og_locale":"en_US","og_type":"article","og_title":"Cumhuriyetin ilk kilisesi i\u00e7in geri say\u0131m ba\u015flad\u0131: S\u00fcryani toplumu ibadethanesine kavu\u015fuyor - Bati Ermenistan Ve Bati Ermenileri Sorunlari Ara\u015ftirmalar Merkezi","og_description":"70 y\u0131l\u0131 a\u015fk\u0131n s\u00fcredir \u0130stanbul&#8217;da var olan S\u00fcryani toplumu, in\u015fa ettikleri cumhuriyet tarihinin ilk kilisesinin in\u015faat\u0131nda sona yakla\u015ft\u0131. Melike \u00c7apan\u00a0 Kolaj: Independnet T\u00fcrk\u00e7e Mezopotamya&#8217;n\u0131n kadim toplumuydular. Ancak tarihi, g\u00fc\u00e7l\u00fc k\u00f6kleri de olsa bu topraklar\u0131n say\u0131ca az olan di\u011fer dini ve etnik toplumlar\u0131 aras\u0131nda kald\u0131lar. Hatta Lozan Anla\u015fmas\u0131&#8217;n\u0131n d\u0131\u015f\u0131nda tutulunca adeta az\u0131nl\u0131k i\u00e7inde az\u0131nl\u0131k kald\u0131lar. Ne [&hellip;]","og_url":"https:\/\/akunq.net\/tr\/?p=66597","og_site_name":"Bati Ermenistan Ve Bati Ermenileri Sorunlari Ara\u015ftirmalar Merkezi","article_published_time":"2022-01-14T07:23:11+00:00","og_image":[{"width":1368,"height":911,"url":"https:\/\/akunq.net\/tr\/wp-content\/uploads\/sites\/6\/2022\/01\/yeni-kilise.jpg","type":"image\/jpeg"}],"author":"admin","twitter_card":"summary_large_image","twitter_misc":{"Written by":"admin","Est. reading time":"6 minutes"},"schema":{"@context":"https:\/\/schema.org","@graph":[{"@type":"Article","@id":"https:\/\/akunq.net\/tr\/?p=66597#article","isPartOf":{"@id":"https:\/\/akunq.net\/tr\/?p=66597"},"author":{"name":"admin","@id":"https:\/\/akunq.net\/tr\/#\/schema\/person\/096f1d38a12cce57fb855b485ed24c9e"},"headline":"Cumhuriyetin ilk kilisesi i\u00e7in geri say\u0131m ba\u015flad\u0131: S\u00fcryani toplumu ibadethanesine kavu\u015fuyor","datePublished":"2022-01-14T07:23:11+00:00","mainEntityOfPage":{"@id":"https:\/\/akunq.net\/tr\/?p=66597"},"wordCount":1273,"commentCount":0,"image":{"@id":"https:\/\/akunq.net\/tr\/?p=66597#primaryimage"},"thumbnailUrl":"https:\/\/akunq.net\/tr\/wp-content\/uploads\/sites\/6\/2022\/01\/yeni-kilise.jpg","articleSection":["Haberler","T\u00fcrkiye\u2019de Az\u0131nl\u0131klar"],"inLanguage":"en-US","potentialAction":[{"@type":"CommentAction","name":"Comment","target":["https:\/\/akunq.net\/tr\/?p=66597#respond"]}]},{"@type":"WebPage","@id":"https:\/\/akunq.net\/tr\/?p=66597","url":"https:\/\/akunq.net\/tr\/?p=66597","name":"Cumhuriyetin ilk kilisesi i\u00e7in geri say\u0131m ba\u015flad\u0131: S\u00fcryani toplumu ibadethanesine kavu\u015fuyor - Bati Ermenistan Ve Bati Ermenileri Sorunlari Ara\u015ftirmalar Merkezi","isPartOf":{"@id":"https:\/\/akunq.net\/tr\/#website"},"primaryImageOfPage":{"@id":"https:\/\/akunq.net\/tr\/?p=66597#primaryimage"},"image":{"@id":"https:\/\/akunq.net\/tr\/?p=66597#primaryimage"},"thumbnailUrl":"https:\/\/akunq.net\/tr\/wp-content\/uploads\/sites\/6\/2022\/01\/yeni-kilise.jpg","datePublished":"2022-01-14T07:23:11+00:00","author":{"@id":"https:\/\/akunq.net\/tr\/#\/schema\/person\/096f1d38a12cce57fb855b485ed24c9e"},"breadcrumb":{"@id":"https:\/\/akunq.net\/tr\/?p=66597#breadcrumb"},"inLanguage":"en-US","potentialAction":[{"@type":"ReadAction","target":["https:\/\/akunq.net\/tr\/?p=66597"]}]},{"@type":"ImageObject","inLanguage":"en-US","@id":"https:\/\/akunq.net\/tr\/?p=66597#primaryimage","url":"https:\/\/akunq.net\/tr\/wp-content\/uploads\/sites\/6\/2022\/01\/yeni-kilise.jpg","contentUrl":"https:\/\/akunq.net\/tr\/wp-content\/uploads\/sites\/6\/2022\/01\/yeni-kilise.jpg","width":1368,"height":911},{"@type":"BreadcrumbList","@id":"https:\/\/akunq.net\/tr\/?p=66597#breadcrumb","itemListElement":[{"@type":"ListItem","position":1,"name":"Home","item":"https:\/\/akunq.net\/tr"},{"@type":"ListItem","position":2,"name":"Cumhuriyetin ilk kilisesi i\u00e7in geri say\u0131m ba\u015flad\u0131: S\u00fcryani toplumu ibadethanesine kavu\u015fuyor"}]},{"@type":"WebSite","@id":"https:\/\/akunq.net\/tr\/#website","url":"https:\/\/akunq.net\/tr\/","name":"Bati Ermenistan Ve Bati Ermenileri Sorunlari Ara\u015ftirmalar Merkezi","description":"","potentialAction":[{"@type":"SearchAction","target":{"@type":"EntryPoint","urlTemplate":"https:\/\/akunq.net\/tr\/?s={search_term_string}"},"query-input":{"@type":"PropertyValueSpecification","valueRequired":true,"valueName":"search_term_string"}}],"inLanguage":"en-US"},{"@type":"Person","@id":"https:\/\/akunq.net\/tr\/#\/schema\/person\/096f1d38a12cce57fb855b485ed24c9e","name":"admin","url":"https:\/\/akunq.net\/tr\/?author=7"}]}},"_links":{"self":[{"href":"https:\/\/akunq.net\/tr\/index.php?rest_route=\/wp\/v2\/posts\/66597","targetHints":{"allow":["GET"]}}],"collection":[{"href":"https:\/\/akunq.net\/tr\/index.php?rest_route=\/wp\/v2\/posts"}],"about":[{"href":"https:\/\/akunq.net\/tr\/index.php?rest_route=\/wp\/v2\/types\/post"}],"author":[{"embeddable":true,"href":"https:\/\/akunq.net\/tr\/index.php?rest_route=\/wp\/v2\/users\/7"}],"replies":[{"embeddable":true,"href":"https:\/\/akunq.net\/tr\/index.php?rest_route=%2Fwp%2Fv2%2Fcomments&post=66597"}],"version-history":[{"count":1,"href":"https:\/\/akunq.net\/tr\/index.php?rest_route=\/wp\/v2\/posts\/66597\/revisions"}],"predecessor-version":[{"id":66599,"href":"https:\/\/akunq.net\/tr\/index.php?rest_route=\/wp\/v2\/posts\/66597\/revisions\/66599"}],"wp:featuredmedia":[{"embeddable":true,"href":"https:\/\/akunq.net\/tr\/index.php?rest_route=\/wp\/v2\/media\/66598"}],"wp:attachment":[{"href":"https:\/\/akunq.net\/tr\/index.php?rest_route=%2Fwp%2Fv2%2Fmedia&parent=66597"}],"wp:term":[{"taxonomy":"category","embeddable":true,"href":"https:\/\/akunq.net\/tr\/index.php?rest_route=%2Fwp%2Fv2%2Fcategories&post=66597"},{"taxonomy":"post_tag","embeddable":true,"href":"https:\/\/akunq.net\/tr\/index.php?rest_route=%2Fwp%2Fv2%2Ftags&post=66597"}],"curies":[{"name":"wp","href":"https:\/\/api.w.org\/{rel}","templated":true}]}}