{"id":66594,"date":"2022-01-14T02:11:10","date_gmt":"2022-01-14T07:11:10","guid":{"rendered":"https:\/\/akunq.net\/tr\/?p=66594"},"modified":"2022-01-14T02:11:10","modified_gmt":"2022-01-14T07:11:10","slug":"karadenizde-yasayan-turk-viking-kisin-buzlu-suda-baltayla-ordekleri-kurtlardan-koruyor","status":"publish","type":"post","link":"https:\/\/akunq.net\/tr\/?p=66594","title":{"rendered":"Karadeniz&#8217;de ya\u015fayan &#8216;T\u00fcrk Viking&#8217;, k\u0131\u015f\u0131n buzlu suda baltayla \u00f6rdekleri kurtlardan koruyor"},"content":{"rendered":"<p><em><strong>Covid-19 pandemisiyle birlikte do\u011fayla i\u00e7 i\u00e7e bir hayat ya\u015famak isteyenlerin say\u0131s\u0131 artt\u0131. Ege&#8217;de k\u00fc\u00e7\u00fck bir kasabaya yerle\u015fip zeytin yeti\u015ftirmek ve emeklili\u011fin tad\u0131n\u0131 \u00e7\u0131karmak bir\u00e7ok \u015fehirlinin hayali.<\/strong><\/em><\/p>\n<p>Ancak Rize&#8217;nin \u00c7aml\u0131hem\u015fin il\u00e7esinde Ka\u00e7kar Da\u011flar\u0131&#8217;ndaki \u00c7at Vadisi&#8217;nde ya\u015fayan ve &#8220;Ka\u00e7karl\u0131 Viking&#8221; lakab\u0131 ile tan\u0131nan Mu\u00e7o T\u00fcrky\u0131lmaz do\u011fayla i\u00e7 i\u00e7e zorlu ko\u015fullarda ya\u015fasa da, bu hayat\u0131ndan vazge\u00e7miyor.<\/p>\n<p>K\u00fc\u00e7\u00fck ya\u015flarda \u00e7obanl\u0131k yapan T\u00fcrk Viking, \u015fimdi 49 ya\u015f\u0131nda ve turist rehberi olarak \u00e7al\u0131\u015f\u0131yor. T\u00fcrky\u0131lmaz yaz k\u0131\u015f da\u011f evinde kal\u0131yor. K\u0131\u015f\u0131n s\u0131f\u0131r\u0131n alt\u0131ndaki suya girerek, baltas\u0131yla buzlar\u0131 k\u0131ran T\u00fcrky\u0131lmaz, bu sayede g\u00f6ldeki ve deredeki \u00f6rdek ve kazlar\u0131 kurtlar\u0131n sald\u0131r\u0131s\u0131ndan koruyor<\/p>\n<p>Ka\u00e7kar Da\u011flar\u0131 Mili Park\u0131 i\u00e7erisindeki evinde ya\u015fayan T\u00fcrky\u0131lmaz, son y\u0131llarda ailesinin kurdu\u011fu tesiste \u00e7ocuk kamplar\u0131 organize ediyor. Zorlu k\u0131\u015f \u015fartlar\u0131nda da ailesine ait tesiste kalan T\u00fcrky\u0131lmaz, burada \u00e7ekti\u011fi videolar\u0131 sosyal medya hesaplar\u0131nda payla\u015f\u0131yor.<\/p>\n<div class=\"widget widget--type-image widget--size-fullwidth widget--align-center\" data-ratio=\"0.6824800375763269\" data-peekaboo=\"widget--animation-fade-in\">\n<div class=\"widget__wrapper\">\n<div class=\"widget__ratio widget__ratio--auto\">\n<div class=\"widget__contents\">\n<figure class=\"widget__figure\"><em><img decoding=\"async\" class=\"widgetImage__image lazyload lazyloaded\" src=\"https:\/\/static.euronews.com\/articles\/stories\/06\/35\/54\/60\/808x550_cmsv2_6283a591-0e66-5e3b-8680-4e4d8e1ac9b8-6355460.jpg\" srcset=\"https:\/\/static.euronews.com\/articles\/stories\/06\/35\/54\/60\/202x137_cmsv2_6283a591-0e66-5e3b-8680-4e4d8e1ac9b8-6355460.jpg 202w, https:\/\/static.euronews.com\/articles\/stories\/06\/35\/54\/60\/266x181_cmsv2_6283a591-0e66-5e3b-8680-4e4d8e1ac9b8-6355460.jpg 266w, https:\/\/static.euronews.com\/articles\/stories\/06\/35\/54\/60\/404x275_cmsv2_6283a591-0e66-5e3b-8680-4e4d8e1ac9b8-6355460.jpg 404w, https:\/\/static.euronews.com\/articles\/stories\/06\/35\/54\/60\/534x363_cmsv2_6283a591-0e66-5e3b-8680-4e4d8e1ac9b8-6355460.jpg 534w, https:\/\/static.euronews.com\/articles\/stories\/06\/35\/54\/60\/606x412_cmsv2_6283a591-0e66-5e3b-8680-4e4d8e1ac9b8-6355460.jpg 606w, https:\/\/static.euronews.com\/articles\/stories\/06\/35\/54\/60\/808x550_cmsv2_6283a591-0e66-5e3b-8680-4e4d8e1ac9b8-6355460.jpg 808w\" alt=\"Muhittin Sand\u0131k\u00e7\u0131\/Anadolu Ajans\u0131\" \/><\/em><figcaption class=\"widget__caption\"><em><span class=\"widget__captionWrap\"><span class=\"widget__captionText\">Mu\u00e7o T\u00fcrky\u0131lmazi yaz k\u0131\u015f da\u011f evinde ya\u015f\u0131yor.<\/span><span class=\"widget__captionCredit\">Muhittin Sand\u0131k\u00e7\u0131\/Anadolu Ajans\u0131<\/span><\/span><\/em><\/figcaption><\/figure>\n<\/div>\n<\/div>\n<\/div>\n<\/div>\n<p data-min-tv-running=\"true\">\u00c7ekti\u011fi videolar ile be\u011feni toplamaya ba\u015flayan T\u00fcrky\u0131lmaz, so\u011fu\u011fa ve kara ald\u0131r\u0131\u015f etmeden buz tutmu\u015f g\u00f6le giriyor. Buzlar\u0131 balta ile k\u0131ran T\u00fcrky\u0131lmaz, giydi\u011fi Viking k\u0131yafetleri ve baltas\u0131 ile dikkat \u00e7ekiyor.<\/p>\n<h2>&#8220;Yaz\u0131n hastalanm\u0131yorum, k\u0131\u015f\u0131n 4 kez buzlu suya giriyorum&#8221;<\/h2>\n<p>K\u0131\u015f aylar\u0131nda en az d\u00f6rt kez suya girdi\u011fini, yaz aylar\u0131nda \u00e7ok fazla hastalanmamas\u0131n\u0131 buna ba\u011flad\u0131\u011f\u0131n\u0131 ifade eden T\u00fcrky\u0131lmaz, Anadolu Ajans\u0131&#8217;na konu\u015ftu:<\/p>\n<p>&#8220;\u0130nsanlar suya girdi\u011fimde \u00fc\u015f\u00fcd\u00fc\u011f\u00fcm\u00fc zannediyor. Suya girsinler. Kesinlikle su insan\u0131 \u00fc\u015f\u00fctmez ama suyun kalbine dokunmas\u0131n\u0131 bileceksin. Suyun kalbine dokunursan \u00fc\u015f\u00fcmezsin. Do\u011fay\u0131 koruyal\u0131m. Do\u011fay\u0131 evcille\u015ftiremeyiz, do\u011faya uyum sa\u011flamal\u0131y\u0131z.&#8221; diyor.<\/p>\n<div id=\"adzone-sharethrough_01\" class=\"advertising advertising--no-label advertising--sharethrough js-adzone\" data-ad-key=\"strnativekey\" data-ad-key-value=\"1G96EdRgcHV6pyWWMGCR7SB7\"><\/div>\n<div class=\"widget widget--type-image widget--size-fullwidth widget--align-center\" data-ratio=\"0.6045662100456621\" data-peekaboo=\"widget--animation-fade-in\">\n<div class=\"widget__wrapper\">\n<div class=\"widget__ratio widget__ratio--auto\">\n<div class=\"widget__contents\">\n<figure class=\"widget__figure\"><em><img decoding=\"async\" class=\"widgetImage__image lazyload lazyloaded\" src=\"https:\/\/static.euronews.com\/articles\/stories\/06\/35\/54\/60\/808x490_cmsv2_a37ef64c-6fd8-5b90-b4d2-192d3aa78510-6355460.jpg\" srcset=\"https:\/\/static.euronews.com\/articles\/stories\/06\/35\/54\/60\/202x122_cmsv2_a37ef64c-6fd8-5b90-b4d2-192d3aa78510-6355460.jpg 202w, https:\/\/static.euronews.com\/articles\/stories\/06\/35\/54\/60\/266x161_cmsv2_a37ef64c-6fd8-5b90-b4d2-192d3aa78510-6355460.jpg 266w, https:\/\/static.euronews.com\/articles\/stories\/06\/35\/54\/60\/404x245_cmsv2_a37ef64c-6fd8-5b90-b4d2-192d3aa78510-6355460.jpg 404w, https:\/\/static.euronews.com\/articles\/stories\/06\/35\/54\/60\/534x324_cmsv2_a37ef64c-6fd8-5b90-b4d2-192d3aa78510-6355460.jpg 534w, https:\/\/static.euronews.com\/articles\/stories\/06\/35\/54\/60\/606x367_cmsv2_a37ef64c-6fd8-5b90-b4d2-192d3aa78510-6355460.jpg 606w, https:\/\/static.euronews.com\/articles\/stories\/06\/35\/54\/60\/808x490_cmsv2_a37ef64c-6fd8-5b90-b4d2-192d3aa78510-6355460.jpg 808w\" alt=\"Muhittin Sand\u0131k\u00e7\u0131\/Anadolu Ajans\u0131\" \/><\/em><figcaption class=\"widget__caption\"><em><span class=\"widget__captionWrap\"><span class=\"widget__captionText\">AA, ar\u015fiv<\/span><span class=\"widget__captionCredit\">Muhittin Sand\u0131k\u00e7\u0131\/Anadolu Ajans\u0131<\/span><\/span><\/em><\/figcaption><\/figure>\n<\/div>\n<\/div>\n<\/div>\n<\/div>\n<p>Suya genellikle \u00f6rdekler i\u00e7in girdi\u011fini aktaran T\u00fcrky\u0131lmaz, &#8220;G\u00f6l\u00fcn \u00fczeri kal\u0131n buz tuttu\u011fu zaman bazen kurtlar geliyor. Ge\u00e7en ak\u015fam \u00f6rde\u011fin bir tanesini ald\u0131lar. Bu havuzu s\u00fcrekli a\u00e7\u0131yorum, \u00f6rdekler suda kals\u0131n diye. Kurtlar suya giremiyor. Buzun \u00fczerinde ise gezip kapabilir. Bazen \u00f6rdekler i\u00e7in bazen de kendim i\u00e7in en az d\u00f6rt kez giriyorum.&#8221; ifadelerini kulland\u0131.<\/p>\n<p>Suyun s\u0131cakl\u0131\u011f\u0131n\u0131n eksi 8 seviyelerinde oldu\u011funu kaydeden T\u00fcrky\u0131lmaz, &#8220;Benim ho\u015fuma gidiyor. Ayaklar\u0131m buzun i\u00e7inde \u00fc\u015f\u00fcm\u00fcyorum.&#8221; diye konu\u015ftu.<\/p>\n<p>Gezgin-Yazar Mutlu Tonbekici&#8217;nin kendisine &#8220;Ka\u00e7karl\u0131 Viking&#8221; ad\u0131n\u0131 takt\u0131\u011f\u0131n\u0131 kaydeden T\u00fcrky\u0131lmaz, &#8220;Do\u011fada yapt\u0131\u011f\u0131m i\u015flere bakarak &#8216;Ka\u00e7karl\u0131 Viking gibi ya\u015f\u0131yorsun.&#8217; dedi. Balta, suya girme, buzlar\u0131 k\u0131rma, do\u011fada kalarak kamp yapma&#8230; Asl\u0131nda bu b\u00f6lgede oldu\u011fum i\u00e7in hepsi yapt\u0131\u011f\u0131m i\u015fler ama onun sayesinde Ka\u00e7karl\u0131 Viking olarak kald\u0131k.&#8221; de\u011ferlendirmesinde bulundu.<\/p>\n<div class=\"widget widget--type-image widget--size-fullwidth widget--align-center\" data-ratio=\"0.6666666666666666\" data-peekaboo=\"widget--animation-fade-in\">\n<div class=\"widget__wrapper\">\n<div class=\"widget__ratio widget__ratio--auto\">\n<div class=\"widget__contents\">\n<figure class=\"widget__figure\"><img decoding=\"async\" class=\"widgetImage__image lazyload lazyloaded\" src=\"https:\/\/static.euronews.com\/articles\/stories\/06\/35\/54\/60\/808x539_cmsv2_172d76c9-b309-5c95-a661-c89ef42c5cf7-6355460.jpg\" srcset=\"https:\/\/static.euronews.com\/articles\/stories\/06\/35\/54\/60\/202x135_cmsv2_172d76c9-b309-5c95-a661-c89ef42c5cf7-6355460.jpg 202w, https:\/\/static.euronews.com\/articles\/stories\/06\/35\/54\/60\/266x177_cmsv2_172d76c9-b309-5c95-a661-c89ef42c5cf7-6355460.jpg 266w, https:\/\/static.euronews.com\/articles\/stories\/06\/35\/54\/60\/404x269_cmsv2_172d76c9-b309-5c95-a661-c89ef42c5cf7-6355460.jpg 404w, https:\/\/static.euronews.com\/articles\/stories\/06\/35\/54\/60\/534x356_cmsv2_172d76c9-b309-5c95-a661-c89ef42c5cf7-6355460.jpg 534w, https:\/\/static.euronews.com\/articles\/stories\/06\/35\/54\/60\/606x404_cmsv2_172d76c9-b309-5c95-a661-c89ef42c5cf7-6355460.jpg 606w, https:\/\/static.euronews.com\/articles\/stories\/06\/35\/54\/60\/808x539_cmsv2_172d76c9-b309-5c95-a661-c89ef42c5cf7-6355460.jpg 808w\" alt=\"Muhittin Sand\u0131k\u00e7\u0131\/Anadolu Ajans\u0131\" \/><figcaption class=\"widget__caption\"><em><span class=\"widget__captionWrap\"><span class=\"widget__captionText\">AA, ar\u015fiv<\/span><span class=\"widget__captionCredit\">Muhittin Sand\u0131k\u00e7\u0131\/Anadolu Ajans\u0131<\/span><\/span><\/em><\/figcaption><\/figure>\n<\/div>\n<\/div>\n<\/div>\n<\/div>\n<p>\u00c7ocukluktan bu yana ya\u015fam\u0131nda olan \u015feyleri devam ettirdi\u011fine vurgu yapan T\u00fcrky\u0131lmaz, &#8220;De\u011fi\u015fen hi\u00e7bir \u015fey yok benim hayat\u0131mda. \u00c7ocuklu\u011fumda, ke\u00e7iler suya d\u00fc\u015ft\u00fc\u011f\u00fc zaman kurtarmak i\u00e7in suya iniyordum. \u00c7ocukluktan bu yana suya giriyorum. \u00dc\u015f\u00fcm\u00fcyorum. Bence suyun kalbine dokunacaks\u0131n. Suyun kalbine dokunursan su seni korur.&#8221; \u015feklinde konu\u015ftu.<\/p>\n<p>Tepkilerin kendisini mutlu etti\u011fini belirten T\u00fcrky\u0131lmaz, &#8220;\u00c7evremden hep olumlu tepkiler ald\u0131m. Asl\u0131nda kimseyi de ilgilendirmiyorum. Ben kendimi ilgilendiriyorum. Benim ya\u015fama bi\u00e7imim bu. Hem\u015finlilerde balta simgedir. Hayvanlar da bizim i\u00e7in \u00f6nemli. \u00c7ok iyi bakmaya gayret ederiz. Kazlar\u0131 burada bak\u0131p koruyorum. Onlar\u0131 korumam gerekiyor ve arada suya girerek buzlar\u0131 k\u0131r\u0131yorum.&#8221; ifadelerini kulland\u0131.<\/p>\n<p><em><strong>https:\/\/tr.euronews.com\/2022\/01\/11\/karadeniz-de-yasayan-turk-viking-k-s-n-buzlu-suda-baltayla-ordekleri-kurtlardan-koruyor\u00a0<\/strong><\/em><\/p>\n","protected":false},"excerpt":{"rendered":"<p>Covid-19 pandemisiyle birlikte do\u011fayla i\u00e7 i\u00e7e bir hayat ya\u015famak isteyenlerin say\u0131s\u0131 artt\u0131. Ege&#8217;de k\u00fc\u00e7\u00fck bir kasabaya yerle\u015fip zeytin yeti\u015ftirmek ve emeklili\u011fin tad\u0131n\u0131 \u00e7\u0131karmak bir\u00e7ok \u015fehirlinin hayali. Ancak Rize&#8217;nin \u00c7aml\u0131hem\u015fin il\u00e7esinde Ka\u00e7kar Da\u011flar\u0131&#8217;ndaki \u00c7at Vadisi&#8217;nde ya\u015fayan ve &#8220;Ka\u00e7karl\u0131 Viking&#8221; lakab\u0131 ile tan\u0131nan Mu\u00e7o T\u00fcrky\u0131lmaz do\u011fayla i\u00e7 i\u00e7e zorlu ko\u015fullarda ya\u015fasa da, bu hayat\u0131ndan vazge\u00e7miyor. K\u00fc\u00e7\u00fck ya\u015flarda [&hellip;]<\/p>\n","protected":false},"author":7,"featured_media":66595,"comment_status":"open","ping_status":"open","sticky":false,"template":"","format":"standard","meta":{"footnotes":""},"categories":[1],"tags":[],"class_list":["post-66594","post","type-post","status-publish","format-standard","has-post-thumbnail","hentry","category-haberler"],"yoast_head":"<!-- This site is optimized with the Yoast SEO plugin v27.4 - https:\/\/yoast.com\/product\/yoast-seo-wordpress\/ -->\n<title>Karadeniz&#039;de ya\u015fayan &#039;T\u00fcrk Viking&#039;, k\u0131\u015f\u0131n buzlu suda baltayla \u00f6rdekleri kurtlardan koruyor - Bati Ermenistan Ve Bati Ermenileri Sorunlari Ara\u015ftirmalar Merkezi<\/title>\n<meta name=\"robots\" content=\"index, follow, max-snippet:-1, max-image-preview:large, max-video-preview:-1\" \/>\n<link rel=\"canonical\" href=\"https:\/\/akunq.net\/tr\/?p=66594\" \/>\n<meta property=\"og:locale\" content=\"en_US\" \/>\n<meta property=\"og:type\" content=\"article\" \/>\n<meta property=\"og:title\" content=\"Karadeniz&#039;de ya\u015fayan &#039;T\u00fcrk Viking&#039;, k\u0131\u015f\u0131n buzlu suda baltayla \u00f6rdekleri kurtlardan koruyor - Bati Ermenistan Ve Bati Ermenileri Sorunlari Ara\u015ftirmalar Merkezi\" \/>\n<meta property=\"og:description\" content=\"Covid-19 pandemisiyle birlikte do\u011fayla i\u00e7 i\u00e7e bir hayat ya\u015famak isteyenlerin say\u0131s\u0131 artt\u0131. Ege&#8217;de k\u00fc\u00e7\u00fck bir kasabaya yerle\u015fip zeytin yeti\u015ftirmek ve emeklili\u011fin tad\u0131n\u0131 \u00e7\u0131karmak bir\u00e7ok \u015fehirlinin hayali. Ancak Rize&#8217;nin \u00c7aml\u0131hem\u015fin il\u00e7esinde Ka\u00e7kar Da\u011flar\u0131&#8217;ndaki \u00c7at Vadisi&#8217;nde ya\u015fayan ve &#8220;Ka\u00e7karl\u0131 Viking&#8221; lakab\u0131 ile tan\u0131nan Mu\u00e7o T\u00fcrky\u0131lmaz do\u011fayla i\u00e7 i\u00e7e zorlu ko\u015fullarda ya\u015fasa da, bu hayat\u0131ndan vazge\u00e7miyor. K\u00fc\u00e7\u00fck ya\u015flarda [&hellip;]\" \/>\n<meta property=\"og:url\" content=\"https:\/\/akunq.net\/tr\/?p=66594\" \/>\n<meta property=\"og:site_name\" content=\"Bati Ermenistan Ve Bati Ermenileri Sorunlari Ara\u015ftirmalar Merkezi\" \/>\n<meta property=\"article:published_time\" content=\"2022-01-14T07:11:10+00:00\" \/>\n<meta property=\"og:image\" content=\"https:\/\/akunq.net\/tr\/wp-content\/uploads\/sites\/6\/2022\/01\/Karadenizde-ya\u015fayan-T\u00fcrk-Viking.jpg\" \/>\n\t<meta property=\"og:image:width\" content=\"808\" \/>\n\t<meta property=\"og:image:height\" content=\"550\" \/>\n\t<meta property=\"og:image:type\" content=\"image\/jpeg\" \/>\n<meta name=\"author\" content=\"admin\" \/>\n<meta name=\"twitter:card\" content=\"summary_large_image\" \/>\n<meta name=\"twitter:label1\" content=\"Written by\" \/>\n\t<meta name=\"twitter:data1\" content=\"admin\" \/>\n\t<meta name=\"twitter:label2\" content=\"Est. reading time\" \/>\n\t<meta name=\"twitter:data2\" content=\"3 minutes\" \/>\n<script type=\"application\/ld+json\" class=\"yoast-schema-graph\">{\"@context\":\"https:\\\/\\\/schema.org\",\"@graph\":[{\"@type\":\"Article\",\"@id\":\"https:\\\/\\\/akunq.net\\\/tr\\\/?p=66594#article\",\"isPartOf\":{\"@id\":\"https:\\\/\\\/akunq.net\\\/tr\\\/?p=66594\"},\"author\":{\"name\":\"admin\",\"@id\":\"https:\\\/\\\/akunq.net\\\/tr\\\/#\\\/schema\\\/person\\\/096f1d38a12cce57fb855b485ed24c9e\"},\"headline\":\"Karadeniz&#8217;de ya\u015fayan &#8216;T\u00fcrk Viking&#8217;, k\u0131\u015f\u0131n buzlu suda baltayla \u00f6rdekleri kurtlardan koruyor\",\"datePublished\":\"2022-01-14T07:11:10+00:00\",\"mainEntityOfPage\":{\"@id\":\"https:\\\/\\\/akunq.net\\\/tr\\\/?p=66594\"},\"wordCount\":651,\"commentCount\":0,\"image\":{\"@id\":\"https:\\\/\\\/akunq.net\\\/tr\\\/?p=66594#primaryimage\"},\"thumbnailUrl\":\"https:\\\/\\\/akunq.net\\\/tr\\\/wp-content\\\/uploads\\\/sites\\\/6\\\/2022\\\/01\\\/Karadenizde-ya\u015fayan-T\u00fcrk-Viking.jpg\",\"articleSection\":[\"Haberler\"],\"inLanguage\":\"en-US\",\"potentialAction\":[{\"@type\":\"CommentAction\",\"name\":\"Comment\",\"target\":[\"https:\\\/\\\/akunq.net\\\/tr\\\/?p=66594#respond\"]}]},{\"@type\":\"WebPage\",\"@id\":\"https:\\\/\\\/akunq.net\\\/tr\\\/?p=66594\",\"url\":\"https:\\\/\\\/akunq.net\\\/tr\\\/?p=66594\",\"name\":\"Karadeniz'de ya\u015fayan 'T\u00fcrk Viking', k\u0131\u015f\u0131n buzlu suda baltayla \u00f6rdekleri kurtlardan koruyor - Bati Ermenistan Ve Bati Ermenileri Sorunlari Ara\u015ftirmalar Merkezi\",\"isPartOf\":{\"@id\":\"https:\\\/\\\/akunq.net\\\/tr\\\/#website\"},\"primaryImageOfPage\":{\"@id\":\"https:\\\/\\\/akunq.net\\\/tr\\\/?p=66594#primaryimage\"},\"image\":{\"@id\":\"https:\\\/\\\/akunq.net\\\/tr\\\/?p=66594#primaryimage\"},\"thumbnailUrl\":\"https:\\\/\\\/akunq.net\\\/tr\\\/wp-content\\\/uploads\\\/sites\\\/6\\\/2022\\\/01\\\/Karadenizde-ya\u015fayan-T\u00fcrk-Viking.jpg\",\"datePublished\":\"2022-01-14T07:11:10+00:00\",\"author\":{\"@id\":\"https:\\\/\\\/akunq.net\\\/tr\\\/#\\\/schema\\\/person\\\/096f1d38a12cce57fb855b485ed24c9e\"},\"breadcrumb\":{\"@id\":\"https:\\\/\\\/akunq.net\\\/tr\\\/?p=66594#breadcrumb\"},\"inLanguage\":\"en-US\",\"potentialAction\":[{\"@type\":\"ReadAction\",\"target\":[\"https:\\\/\\\/akunq.net\\\/tr\\\/?p=66594\"]}]},{\"@type\":\"ImageObject\",\"inLanguage\":\"en-US\",\"@id\":\"https:\\\/\\\/akunq.net\\\/tr\\\/?p=66594#primaryimage\",\"url\":\"https:\\\/\\\/akunq.net\\\/tr\\\/wp-content\\\/uploads\\\/sites\\\/6\\\/2022\\\/01\\\/Karadenizde-ya\u015fayan-T\u00fcrk-Viking.jpg\",\"contentUrl\":\"https:\\\/\\\/akunq.net\\\/tr\\\/wp-content\\\/uploads\\\/sites\\\/6\\\/2022\\\/01\\\/Karadenizde-ya\u015fayan-T\u00fcrk-Viking.jpg\",\"width\":808,\"height\":550},{\"@type\":\"BreadcrumbList\",\"@id\":\"https:\\\/\\\/akunq.net\\\/tr\\\/?p=66594#breadcrumb\",\"itemListElement\":[{\"@type\":\"ListItem\",\"position\":1,\"name\":\"Home\",\"item\":\"https:\\\/\\\/akunq.net\\\/tr\"},{\"@type\":\"ListItem\",\"position\":2,\"name\":\"Karadeniz&#8217;de ya\u015fayan &#8216;T\u00fcrk Viking&#8217;, k\u0131\u015f\u0131n buzlu suda baltayla \u00f6rdekleri kurtlardan koruyor\"}]},{\"@type\":\"WebSite\",\"@id\":\"https:\\\/\\\/akunq.net\\\/tr\\\/#website\",\"url\":\"https:\\\/\\\/akunq.net\\\/tr\\\/\",\"name\":\"Bati Ermenistan Ve Bati Ermenileri Sorunlari Ara\u015ftirmalar Merkezi\",\"description\":\"\",\"potentialAction\":[{\"@type\":\"SearchAction\",\"target\":{\"@type\":\"EntryPoint\",\"urlTemplate\":\"https:\\\/\\\/akunq.net\\\/tr\\\/?s={search_term_string}\"},\"query-input\":{\"@type\":\"PropertyValueSpecification\",\"valueRequired\":true,\"valueName\":\"search_term_string\"}}],\"inLanguage\":\"en-US\"},{\"@type\":\"Person\",\"@id\":\"https:\\\/\\\/akunq.net\\\/tr\\\/#\\\/schema\\\/person\\\/096f1d38a12cce57fb855b485ed24c9e\",\"name\":\"admin\",\"url\":\"https:\\\/\\\/akunq.net\\\/tr\\\/?author=7\"}]}<\/script>\n<!-- \/ Yoast SEO plugin. -->","yoast_head_json":{"title":"Karadeniz'de ya\u015fayan 'T\u00fcrk Viking', k\u0131\u015f\u0131n buzlu suda baltayla \u00f6rdekleri kurtlardan koruyor - Bati Ermenistan Ve Bati Ermenileri Sorunlari Ara\u015ftirmalar Merkezi","robots":{"index":"index","follow":"follow","max-snippet":"max-snippet:-1","max-image-preview":"max-image-preview:large","max-video-preview":"max-video-preview:-1"},"canonical":"https:\/\/akunq.net\/tr\/?p=66594","og_locale":"en_US","og_type":"article","og_title":"Karadeniz'de ya\u015fayan 'T\u00fcrk Viking', k\u0131\u015f\u0131n buzlu suda baltayla \u00f6rdekleri kurtlardan koruyor - Bati Ermenistan Ve Bati Ermenileri Sorunlari Ara\u015ftirmalar Merkezi","og_description":"Covid-19 pandemisiyle birlikte do\u011fayla i\u00e7 i\u00e7e bir hayat ya\u015famak isteyenlerin say\u0131s\u0131 artt\u0131. Ege&#8217;de k\u00fc\u00e7\u00fck bir kasabaya yerle\u015fip zeytin yeti\u015ftirmek ve emeklili\u011fin tad\u0131n\u0131 \u00e7\u0131karmak bir\u00e7ok \u015fehirlinin hayali. Ancak Rize&#8217;nin \u00c7aml\u0131hem\u015fin il\u00e7esinde Ka\u00e7kar Da\u011flar\u0131&#8217;ndaki \u00c7at Vadisi&#8217;nde ya\u015fayan ve &#8220;Ka\u00e7karl\u0131 Viking&#8221; lakab\u0131 ile tan\u0131nan Mu\u00e7o T\u00fcrky\u0131lmaz do\u011fayla i\u00e7 i\u00e7e zorlu ko\u015fullarda ya\u015fasa da, bu hayat\u0131ndan vazge\u00e7miyor. K\u00fc\u00e7\u00fck ya\u015flarda [&hellip;]","og_url":"https:\/\/akunq.net\/tr\/?p=66594","og_site_name":"Bati Ermenistan Ve Bati Ermenileri Sorunlari Ara\u015ftirmalar Merkezi","article_published_time":"2022-01-14T07:11:10+00:00","og_image":[{"width":808,"height":550,"url":"https:\/\/akunq.net\/tr\/wp-content\/uploads\/sites\/6\/2022\/01\/Karadenizde-ya\u015fayan-T\u00fcrk-Viking.jpg","type":"image\/jpeg"}],"author":"admin","twitter_card":"summary_large_image","twitter_misc":{"Written by":"admin","Est. reading time":"3 minutes"},"schema":{"@context":"https:\/\/schema.org","@graph":[{"@type":"Article","@id":"https:\/\/akunq.net\/tr\/?p=66594#article","isPartOf":{"@id":"https:\/\/akunq.net\/tr\/?p=66594"},"author":{"name":"admin","@id":"https:\/\/akunq.net\/tr\/#\/schema\/person\/096f1d38a12cce57fb855b485ed24c9e"},"headline":"Karadeniz&#8217;de ya\u015fayan &#8216;T\u00fcrk Viking&#8217;, k\u0131\u015f\u0131n buzlu suda baltayla \u00f6rdekleri kurtlardan koruyor","datePublished":"2022-01-14T07:11:10+00:00","mainEntityOfPage":{"@id":"https:\/\/akunq.net\/tr\/?p=66594"},"wordCount":651,"commentCount":0,"image":{"@id":"https:\/\/akunq.net\/tr\/?p=66594#primaryimage"},"thumbnailUrl":"https:\/\/akunq.net\/tr\/wp-content\/uploads\/sites\/6\/2022\/01\/Karadenizde-ya\u015fayan-T\u00fcrk-Viking.jpg","articleSection":["Haberler"],"inLanguage":"en-US","potentialAction":[{"@type":"CommentAction","name":"Comment","target":["https:\/\/akunq.net\/tr\/?p=66594#respond"]}]},{"@type":"WebPage","@id":"https:\/\/akunq.net\/tr\/?p=66594","url":"https:\/\/akunq.net\/tr\/?p=66594","name":"Karadeniz'de ya\u015fayan 'T\u00fcrk Viking', k\u0131\u015f\u0131n buzlu suda baltayla \u00f6rdekleri kurtlardan koruyor - Bati Ermenistan Ve Bati Ermenileri Sorunlari Ara\u015ftirmalar Merkezi","isPartOf":{"@id":"https:\/\/akunq.net\/tr\/#website"},"primaryImageOfPage":{"@id":"https:\/\/akunq.net\/tr\/?p=66594#primaryimage"},"image":{"@id":"https:\/\/akunq.net\/tr\/?p=66594#primaryimage"},"thumbnailUrl":"https:\/\/akunq.net\/tr\/wp-content\/uploads\/sites\/6\/2022\/01\/Karadenizde-ya\u015fayan-T\u00fcrk-Viking.jpg","datePublished":"2022-01-14T07:11:10+00:00","author":{"@id":"https:\/\/akunq.net\/tr\/#\/schema\/person\/096f1d38a12cce57fb855b485ed24c9e"},"breadcrumb":{"@id":"https:\/\/akunq.net\/tr\/?p=66594#breadcrumb"},"inLanguage":"en-US","potentialAction":[{"@type":"ReadAction","target":["https:\/\/akunq.net\/tr\/?p=66594"]}]},{"@type":"ImageObject","inLanguage":"en-US","@id":"https:\/\/akunq.net\/tr\/?p=66594#primaryimage","url":"https:\/\/akunq.net\/tr\/wp-content\/uploads\/sites\/6\/2022\/01\/Karadenizde-ya\u015fayan-T\u00fcrk-Viking.jpg","contentUrl":"https:\/\/akunq.net\/tr\/wp-content\/uploads\/sites\/6\/2022\/01\/Karadenizde-ya\u015fayan-T\u00fcrk-Viking.jpg","width":808,"height":550},{"@type":"BreadcrumbList","@id":"https:\/\/akunq.net\/tr\/?p=66594#breadcrumb","itemListElement":[{"@type":"ListItem","position":1,"name":"Home","item":"https:\/\/akunq.net\/tr"},{"@type":"ListItem","position":2,"name":"Karadeniz&#8217;de ya\u015fayan &#8216;T\u00fcrk Viking&#8217;, k\u0131\u015f\u0131n buzlu suda baltayla \u00f6rdekleri kurtlardan koruyor"}]},{"@type":"WebSite","@id":"https:\/\/akunq.net\/tr\/#website","url":"https:\/\/akunq.net\/tr\/","name":"Bati Ermenistan Ve Bati Ermenileri Sorunlari Ara\u015ftirmalar Merkezi","description":"","potentialAction":[{"@type":"SearchAction","target":{"@type":"EntryPoint","urlTemplate":"https:\/\/akunq.net\/tr\/?s={search_term_string}"},"query-input":{"@type":"PropertyValueSpecification","valueRequired":true,"valueName":"search_term_string"}}],"inLanguage":"en-US"},{"@type":"Person","@id":"https:\/\/akunq.net\/tr\/#\/schema\/person\/096f1d38a12cce57fb855b485ed24c9e","name":"admin","url":"https:\/\/akunq.net\/tr\/?author=7"}]}},"_links":{"self":[{"href":"https:\/\/akunq.net\/tr\/index.php?rest_route=\/wp\/v2\/posts\/66594","targetHints":{"allow":["GET"]}}],"collection":[{"href":"https:\/\/akunq.net\/tr\/index.php?rest_route=\/wp\/v2\/posts"}],"about":[{"href":"https:\/\/akunq.net\/tr\/index.php?rest_route=\/wp\/v2\/types\/post"}],"author":[{"embeddable":true,"href":"https:\/\/akunq.net\/tr\/index.php?rest_route=\/wp\/v2\/users\/7"}],"replies":[{"embeddable":true,"href":"https:\/\/akunq.net\/tr\/index.php?rest_route=%2Fwp%2Fv2%2Fcomments&post=66594"}],"version-history":[{"count":1,"href":"https:\/\/akunq.net\/tr\/index.php?rest_route=\/wp\/v2\/posts\/66594\/revisions"}],"predecessor-version":[{"id":66596,"href":"https:\/\/akunq.net\/tr\/index.php?rest_route=\/wp\/v2\/posts\/66594\/revisions\/66596"}],"wp:featuredmedia":[{"embeddable":true,"href":"https:\/\/akunq.net\/tr\/index.php?rest_route=\/wp\/v2\/media\/66595"}],"wp:attachment":[{"href":"https:\/\/akunq.net\/tr\/index.php?rest_route=%2Fwp%2Fv2%2Fmedia&parent=66594"}],"wp:term":[{"taxonomy":"category","embeddable":true,"href":"https:\/\/akunq.net\/tr\/index.php?rest_route=%2Fwp%2Fv2%2Fcategories&post=66594"},{"taxonomy":"post_tag","embeddable":true,"href":"https:\/\/akunq.net\/tr\/index.php?rest_route=%2Fwp%2Fv2%2Ftags&post=66594"}],"curies":[{"name":"wp","href":"https:\/\/api.w.org\/{rel}","templated":true}]}}