{"id":66591,"date":"2022-01-14T01:58:05","date_gmt":"2022-01-14T06:58:05","guid":{"rendered":"https:\/\/akunq.net\/tr\/?p=66591"},"modified":"2022-01-14T01:58:05","modified_gmt":"2022-01-14T06:58:05","slug":"turkiye-ermenileri-patrigi-sahak-masalyan-koronaviruse-yakalandi","status":"publish","type":"post","link":"https:\/\/akunq.net\/tr\/?p=66591","title":{"rendered":"T\u00fcrkiye Ermenileri Patri\u011fi Sahak Ma\u015falyan, koronavir\u00fcse yakaland\u0131"},"content":{"rendered":"<p><img loading=\"lazy\" decoding=\"async\" class=\"aligncenter size-medium wp-image-66592\" src=\"https:\/\/akunq.net\/tr\/wp-content\/uploads\/2022\/01\/T\u00fcrkiye-Ermenileri-Patri\u011fi-Sahak-Ma\u015falyan-360x242.jpg\" alt=\"\" width=\"360\" height=\"242\" srcset=\"https:\/\/akunq.net\/tr\/wp-content\/uploads\/sites\/6\/2022\/01\/T\u00fcrkiye-Ermenileri-Patri\u011fi-Sahak-Ma\u015falyan-360x242.jpg 360w, https:\/\/akunq.net\/tr\/wp-content\/uploads\/sites\/6\/2022\/01\/T\u00fcrkiye-Ermenileri-Patri\u011fi-Sahak-Ma\u015falyan-560x376.jpg 560w, https:\/\/akunq.net\/tr\/wp-content\/uploads\/sites\/6\/2022\/01\/T\u00fcrkiye-Ermenileri-Patri\u011fi-Sahak-Ma\u015falyan-260x175.jpg 260w, https:\/\/akunq.net\/tr\/wp-content\/uploads\/sites\/6\/2022\/01\/T\u00fcrkiye-Ermenileri-Patri\u011fi-Sahak-Ma\u015falyan-160x107.jpg 160w, https:\/\/akunq.net\/tr\/wp-content\/uploads\/sites\/6\/2022\/01\/T\u00fcrkiye-Ermenileri-Patri\u011fi-Sahak-Ma\u015falyan.jpg 670w\" sizes=\"auto, (max-width: 360px) 100vw, 360px\" \/><\/p>\n<p><em><strong>T\u00fcrkiye Ermenileri Patri\u011fi Sahak Ma\u015falyan&#8217;\u0131n Koronavir\u00fcs testinin pozitif \u00e7\u0131kt\u0131\u011f\u0131 a\u00e7\u0131kland\u0131. Ma\u015falyan&#8217;\u0131n sa\u011fl\u0131\u011f\u0131n\u0131n endi\u015fe edilecek durumda olmad\u0131\u011f\u0131 s\u00f6ylenirken Ermeni Patrikhanesi konuyla ilgili yaz\u0131l\u0131 a\u00e7\u0131klama yapt\u0131.<\/strong><\/em><\/p>\n<p>A\u00e7\u0131klamada, &#8220;T\u00fcrkiye Ermenileri Patri\u011fi Kadasetli Sahak II Hazretleri\u2019ne, birka\u00e7 g\u00fcnd\u00fcr hissetti\u011fi halsizlik sebebiyle 13 Ocak 2022 Per\u015fembe g\u00fcn\u00fc Covid-19 testi uygulanm\u0131\u015f ve test sonucu &#8216;pozitif&#8217; olarak tespit edilmi\u015ftir&#8221; denildi.<\/p>\n<p>Patri\u011fin iki doz a\u015f\u0131s\u0131n\u0131n oldu\u011fu s\u00f6ylenen a\u00e7\u0131klamada, &#8220;Kadasetli Patrik Hazretleri ayn\u0131 g\u00fcn konutunda karantina s\u00fcrecine ba\u015flam\u0131\u015ft\u0131r. T\u00fcm s\u00fcre\u00e7 doktor kontrol\u00fc alt\u0131nda olup, Kadasetli Patrik Hazretleri\u2019nin sa\u011fl\u0131k durumunda endi\u015fe edilecek herhangi bir durum bulunmamaktad\u0131r. Bu durumda Patrik Hazretleri\u2019nin yapaca\u011f\u0131 g\u00f6r\u00fc\u015fmeler yeni bir talimata kadar ask\u0131ya al\u0131nm\u0131\u015ft\u0131r&#8221; ifadesine yer verildi.<\/p>\n<p>Patrikhanedeki t\u00fcm ofislerin de tedbir ama\u00e7l\u0131 tatil edildi\u011fi a\u00e7\u0131kland\u0131.<\/p>\n<p><em><strong>https:\/\/armenpress.am\/tur\/news\/1072931.html\u00a0<\/strong><\/em><\/p>\n","protected":false},"excerpt":{"rendered":"<p>T\u00fcrkiye Ermenileri Patri\u011fi Sahak Ma\u015falyan&#8217;\u0131n Koronavir\u00fcs testinin pozitif \u00e7\u0131kt\u0131\u011f\u0131 a\u00e7\u0131kland\u0131. Ma\u015falyan&#8217;\u0131n sa\u011fl\u0131\u011f\u0131n\u0131n endi\u015fe edilecek durumda olmad\u0131\u011f\u0131 s\u00f6ylenirken Ermeni Patrikhanesi konuyla ilgili yaz\u0131l\u0131 a\u00e7\u0131klama yapt\u0131. A\u00e7\u0131klamada, &#8220;T\u00fcrkiye Ermenileri Patri\u011fi Kadasetli Sahak II Hazretleri\u2019ne, birka\u00e7 g\u00fcnd\u00fcr hissetti\u011fi halsizlik sebebiyle 13 Ocak 2022 Per\u015fembe g\u00fcn\u00fc Covid-19 testi uygulanm\u0131\u015f ve test sonucu &#8216;pozitif&#8217; olarak tespit edilmi\u015ftir&#8221; denildi. Patri\u011fin iki [&hellip;]<\/p>\n","protected":false},"author":7,"featured_media":66592,"comment_status":"open","ping_status":"open","sticky":false,"template":"","format":"standard","meta":{"footnotes":""},"categories":[1],"tags":[],"class_list":["post-66591","post","type-post","status-publish","format-standard","has-post-thumbnail","hentry","category-haberler"],"yoast_head":"<!-- This site is optimized with the Yoast SEO plugin v27.4 - https:\/\/yoast.com\/product\/yoast-seo-wordpress\/ -->\n<title>T\u00fcrkiye Ermenileri Patri\u011fi Sahak Ma\u015falyan, koronavir\u00fcse yakaland\u0131 - Bati Ermenistan Ve Bati Ermenileri Sorunlari Ara\u015ftirmalar Merkezi<\/title>\n<meta name=\"robots\" content=\"index, follow, max-snippet:-1, max-image-preview:large, max-video-preview:-1\" \/>\n<link rel=\"canonical\" href=\"https:\/\/akunq.net\/tr\/?p=66591\" \/>\n<meta property=\"og:locale\" content=\"en_US\" \/>\n<meta property=\"og:type\" content=\"article\" \/>\n<meta property=\"og:title\" content=\"T\u00fcrkiye Ermenileri Patri\u011fi Sahak Ma\u015falyan, koronavir\u00fcse yakaland\u0131 - Bati Ermenistan Ve Bati Ermenileri Sorunlari Ara\u015ftirmalar Merkezi\" \/>\n<meta property=\"og:description\" content=\"T\u00fcrkiye Ermenileri Patri\u011fi Sahak Ma\u015falyan&#8217;\u0131n Koronavir\u00fcs testinin pozitif \u00e7\u0131kt\u0131\u011f\u0131 a\u00e7\u0131kland\u0131. Ma\u015falyan&#8217;\u0131n sa\u011fl\u0131\u011f\u0131n\u0131n endi\u015fe edilecek durumda olmad\u0131\u011f\u0131 s\u00f6ylenirken Ermeni Patrikhanesi konuyla ilgili yaz\u0131l\u0131 a\u00e7\u0131klama yapt\u0131. A\u00e7\u0131klamada, &#8220;T\u00fcrkiye Ermenileri Patri\u011fi Kadasetli Sahak II Hazretleri\u2019ne, birka\u00e7 g\u00fcnd\u00fcr hissetti\u011fi halsizlik sebebiyle 13 Ocak 2022 Per\u015fembe g\u00fcn\u00fc Covid-19 testi uygulanm\u0131\u015f ve test sonucu &#8216;pozitif&#8217; olarak tespit edilmi\u015ftir&#8221; denildi. Patri\u011fin iki [&hellip;]\" \/>\n<meta property=\"og:url\" content=\"https:\/\/akunq.net\/tr\/?p=66591\" \/>\n<meta property=\"og:site_name\" content=\"Bati Ermenistan Ve Bati Ermenileri Sorunlari Ara\u015ftirmalar Merkezi\" \/>\n<meta property=\"article:published_time\" content=\"2022-01-14T06:58:05+00:00\" \/>\n<meta property=\"og:image\" content=\"https:\/\/akunq.net\/tr\/wp-content\/uploads\/sites\/6\/2022\/01\/T\u00fcrkiye-Ermenileri-Patri\u011fi-Sahak-Ma\u015falyan.jpg\" \/>\n\t<meta property=\"og:image:width\" content=\"670\" \/>\n\t<meta property=\"og:image:height\" content=\"450\" \/>\n\t<meta property=\"og:image:type\" content=\"image\/jpeg\" \/>\n<meta name=\"author\" content=\"admin\" \/>\n<meta name=\"twitter:card\" content=\"summary_large_image\" \/>\n<meta name=\"twitter:label1\" content=\"Written by\" \/>\n\t<meta name=\"twitter:data1\" content=\"admin\" \/>\n\t<meta name=\"twitter:label2\" content=\"Est. reading time\" \/>\n\t<meta name=\"twitter:data2\" content=\"1 minute\" \/>\n<script type=\"application\/ld+json\" class=\"yoast-schema-graph\">{\"@context\":\"https:\\\/\\\/schema.org\",\"@graph\":[{\"@type\":\"Article\",\"@id\":\"https:\\\/\\\/akunq.net\\\/tr\\\/?p=66591#article\",\"isPartOf\":{\"@id\":\"https:\\\/\\\/akunq.net\\\/tr\\\/?p=66591\"},\"author\":{\"name\":\"admin\",\"@id\":\"https:\\\/\\\/akunq.net\\\/tr\\\/#\\\/schema\\\/person\\\/096f1d38a12cce57fb855b485ed24c9e\"},\"headline\":\"T\u00fcrkiye Ermenileri Patri\u011fi Sahak Ma\u015falyan, koronavir\u00fcse yakaland\u0131\",\"datePublished\":\"2022-01-14T06:58:05+00:00\",\"mainEntityOfPage\":{\"@id\":\"https:\\\/\\\/akunq.net\\\/tr\\\/?p=66591\"},\"wordCount\":181,\"commentCount\":0,\"image\":{\"@id\":\"https:\\\/\\\/akunq.net\\\/tr\\\/?p=66591#primaryimage\"},\"thumbnailUrl\":\"https:\\\/\\\/akunq.net\\\/tr\\\/wp-content\\\/uploads\\\/sites\\\/6\\\/2022\\\/01\\\/T\u00fcrkiye-Ermenileri-Patri\u011fi-Sahak-Ma\u015falyan.jpg\",\"articleSection\":[\"Haberler\"],\"inLanguage\":\"en-US\",\"potentialAction\":[{\"@type\":\"CommentAction\",\"name\":\"Comment\",\"target\":[\"https:\\\/\\\/akunq.net\\\/tr\\\/?p=66591#respond\"]}]},{\"@type\":\"WebPage\",\"@id\":\"https:\\\/\\\/akunq.net\\\/tr\\\/?p=66591\",\"url\":\"https:\\\/\\\/akunq.net\\\/tr\\\/?p=66591\",\"name\":\"T\u00fcrkiye Ermenileri Patri\u011fi Sahak Ma\u015falyan, koronavir\u00fcse yakaland\u0131 - Bati Ermenistan Ve Bati Ermenileri Sorunlari Ara\u015ftirmalar Merkezi\",\"isPartOf\":{\"@id\":\"https:\\\/\\\/akunq.net\\\/tr\\\/#website\"},\"primaryImageOfPage\":{\"@id\":\"https:\\\/\\\/akunq.net\\\/tr\\\/?p=66591#primaryimage\"},\"image\":{\"@id\":\"https:\\\/\\\/akunq.net\\\/tr\\\/?p=66591#primaryimage\"},\"thumbnailUrl\":\"https:\\\/\\\/akunq.net\\\/tr\\\/wp-content\\\/uploads\\\/sites\\\/6\\\/2022\\\/01\\\/T\u00fcrkiye-Ermenileri-Patri\u011fi-Sahak-Ma\u015falyan.jpg\",\"datePublished\":\"2022-01-14T06:58:05+00:00\",\"author\":{\"@id\":\"https:\\\/\\\/akunq.net\\\/tr\\\/#\\\/schema\\\/person\\\/096f1d38a12cce57fb855b485ed24c9e\"},\"breadcrumb\":{\"@id\":\"https:\\\/\\\/akunq.net\\\/tr\\\/?p=66591#breadcrumb\"},\"inLanguage\":\"en-US\",\"potentialAction\":[{\"@type\":\"ReadAction\",\"target\":[\"https:\\\/\\\/akunq.net\\\/tr\\\/?p=66591\"]}]},{\"@type\":\"ImageObject\",\"inLanguage\":\"en-US\",\"@id\":\"https:\\\/\\\/akunq.net\\\/tr\\\/?p=66591#primaryimage\",\"url\":\"https:\\\/\\\/akunq.net\\\/tr\\\/wp-content\\\/uploads\\\/sites\\\/6\\\/2022\\\/01\\\/T\u00fcrkiye-Ermenileri-Patri\u011fi-Sahak-Ma\u015falyan.jpg\",\"contentUrl\":\"https:\\\/\\\/akunq.net\\\/tr\\\/wp-content\\\/uploads\\\/sites\\\/6\\\/2022\\\/01\\\/T\u00fcrkiye-Ermenileri-Patri\u011fi-Sahak-Ma\u015falyan.jpg\",\"width\":670,\"height\":450},{\"@type\":\"BreadcrumbList\",\"@id\":\"https:\\\/\\\/akunq.net\\\/tr\\\/?p=66591#breadcrumb\",\"itemListElement\":[{\"@type\":\"ListItem\",\"position\":1,\"name\":\"Home\",\"item\":\"https:\\\/\\\/akunq.net\\\/tr\"},{\"@type\":\"ListItem\",\"position\":2,\"name\":\"T\u00fcrkiye Ermenileri Patri\u011fi Sahak Ma\u015falyan, koronavir\u00fcse yakaland\u0131\"}]},{\"@type\":\"WebSite\",\"@id\":\"https:\\\/\\\/akunq.net\\\/tr\\\/#website\",\"url\":\"https:\\\/\\\/akunq.net\\\/tr\\\/\",\"name\":\"Bati Ermenistan Ve Bati Ermenileri Sorunlari Ara\u015ftirmalar Merkezi\",\"description\":\"\",\"potentialAction\":[{\"@type\":\"SearchAction\",\"target\":{\"@type\":\"EntryPoint\",\"urlTemplate\":\"https:\\\/\\\/akunq.net\\\/tr\\\/?s={search_term_string}\"},\"query-input\":{\"@type\":\"PropertyValueSpecification\",\"valueRequired\":true,\"valueName\":\"search_term_string\"}}],\"inLanguage\":\"en-US\"},{\"@type\":\"Person\",\"@id\":\"https:\\\/\\\/akunq.net\\\/tr\\\/#\\\/schema\\\/person\\\/096f1d38a12cce57fb855b485ed24c9e\",\"name\":\"admin\",\"url\":\"https:\\\/\\\/akunq.net\\\/tr\\\/?author=7\"}]}<\/script>\n<!-- \/ Yoast SEO plugin. -->","yoast_head_json":{"title":"T\u00fcrkiye Ermenileri Patri\u011fi Sahak Ma\u015falyan, koronavir\u00fcse yakaland\u0131 - Bati Ermenistan Ve Bati Ermenileri Sorunlari Ara\u015ftirmalar Merkezi","robots":{"index":"index","follow":"follow","max-snippet":"max-snippet:-1","max-image-preview":"max-image-preview:large","max-video-preview":"max-video-preview:-1"},"canonical":"https:\/\/akunq.net\/tr\/?p=66591","og_locale":"en_US","og_type":"article","og_title":"T\u00fcrkiye Ermenileri Patri\u011fi Sahak Ma\u015falyan, koronavir\u00fcse yakaland\u0131 - Bati Ermenistan Ve Bati Ermenileri Sorunlari Ara\u015ftirmalar Merkezi","og_description":"T\u00fcrkiye Ermenileri Patri\u011fi Sahak Ma\u015falyan&#8217;\u0131n Koronavir\u00fcs testinin pozitif \u00e7\u0131kt\u0131\u011f\u0131 a\u00e7\u0131kland\u0131. Ma\u015falyan&#8217;\u0131n sa\u011fl\u0131\u011f\u0131n\u0131n endi\u015fe edilecek durumda olmad\u0131\u011f\u0131 s\u00f6ylenirken Ermeni Patrikhanesi konuyla ilgili yaz\u0131l\u0131 a\u00e7\u0131klama yapt\u0131. A\u00e7\u0131klamada, &#8220;T\u00fcrkiye Ermenileri Patri\u011fi Kadasetli Sahak II Hazretleri\u2019ne, birka\u00e7 g\u00fcnd\u00fcr hissetti\u011fi halsizlik sebebiyle 13 Ocak 2022 Per\u015fembe g\u00fcn\u00fc Covid-19 testi uygulanm\u0131\u015f ve test sonucu &#8216;pozitif&#8217; olarak tespit edilmi\u015ftir&#8221; denildi. Patri\u011fin iki [&hellip;]","og_url":"https:\/\/akunq.net\/tr\/?p=66591","og_site_name":"Bati Ermenistan Ve Bati Ermenileri Sorunlari Ara\u015ftirmalar Merkezi","article_published_time":"2022-01-14T06:58:05+00:00","og_image":[{"width":670,"height":450,"url":"https:\/\/akunq.net\/tr\/wp-content\/uploads\/sites\/6\/2022\/01\/T\u00fcrkiye-Ermenileri-Patri\u011fi-Sahak-Ma\u015falyan.jpg","type":"image\/jpeg"}],"author":"admin","twitter_card":"summary_large_image","twitter_misc":{"Written by":"admin","Est. reading time":"1 minute"},"schema":{"@context":"https:\/\/schema.org","@graph":[{"@type":"Article","@id":"https:\/\/akunq.net\/tr\/?p=66591#article","isPartOf":{"@id":"https:\/\/akunq.net\/tr\/?p=66591"},"author":{"name":"admin","@id":"https:\/\/akunq.net\/tr\/#\/schema\/person\/096f1d38a12cce57fb855b485ed24c9e"},"headline":"T\u00fcrkiye Ermenileri Patri\u011fi Sahak Ma\u015falyan, koronavir\u00fcse yakaland\u0131","datePublished":"2022-01-14T06:58:05+00:00","mainEntityOfPage":{"@id":"https:\/\/akunq.net\/tr\/?p=66591"},"wordCount":181,"commentCount":0,"image":{"@id":"https:\/\/akunq.net\/tr\/?p=66591#primaryimage"},"thumbnailUrl":"https:\/\/akunq.net\/tr\/wp-content\/uploads\/sites\/6\/2022\/01\/T\u00fcrkiye-Ermenileri-Patri\u011fi-Sahak-Ma\u015falyan.jpg","articleSection":["Haberler"],"inLanguage":"en-US","potentialAction":[{"@type":"CommentAction","name":"Comment","target":["https:\/\/akunq.net\/tr\/?p=66591#respond"]}]},{"@type":"WebPage","@id":"https:\/\/akunq.net\/tr\/?p=66591","url":"https:\/\/akunq.net\/tr\/?p=66591","name":"T\u00fcrkiye Ermenileri Patri\u011fi Sahak Ma\u015falyan, koronavir\u00fcse yakaland\u0131 - Bati Ermenistan Ve Bati Ermenileri Sorunlari Ara\u015ftirmalar Merkezi","isPartOf":{"@id":"https:\/\/akunq.net\/tr\/#website"},"primaryImageOfPage":{"@id":"https:\/\/akunq.net\/tr\/?p=66591#primaryimage"},"image":{"@id":"https:\/\/akunq.net\/tr\/?p=66591#primaryimage"},"thumbnailUrl":"https:\/\/akunq.net\/tr\/wp-content\/uploads\/sites\/6\/2022\/01\/T\u00fcrkiye-Ermenileri-Patri\u011fi-Sahak-Ma\u015falyan.jpg","datePublished":"2022-01-14T06:58:05+00:00","author":{"@id":"https:\/\/akunq.net\/tr\/#\/schema\/person\/096f1d38a12cce57fb855b485ed24c9e"},"breadcrumb":{"@id":"https:\/\/akunq.net\/tr\/?p=66591#breadcrumb"},"inLanguage":"en-US","potentialAction":[{"@type":"ReadAction","target":["https:\/\/akunq.net\/tr\/?p=66591"]}]},{"@type":"ImageObject","inLanguage":"en-US","@id":"https:\/\/akunq.net\/tr\/?p=66591#primaryimage","url":"https:\/\/akunq.net\/tr\/wp-content\/uploads\/sites\/6\/2022\/01\/T\u00fcrkiye-Ermenileri-Patri\u011fi-Sahak-Ma\u015falyan.jpg","contentUrl":"https:\/\/akunq.net\/tr\/wp-content\/uploads\/sites\/6\/2022\/01\/T\u00fcrkiye-Ermenileri-Patri\u011fi-Sahak-Ma\u015falyan.jpg","width":670,"height":450},{"@type":"BreadcrumbList","@id":"https:\/\/akunq.net\/tr\/?p=66591#breadcrumb","itemListElement":[{"@type":"ListItem","position":1,"name":"Home","item":"https:\/\/akunq.net\/tr"},{"@type":"ListItem","position":2,"name":"T\u00fcrkiye Ermenileri Patri\u011fi Sahak Ma\u015falyan, koronavir\u00fcse yakaland\u0131"}]},{"@type":"WebSite","@id":"https:\/\/akunq.net\/tr\/#website","url":"https:\/\/akunq.net\/tr\/","name":"Bati Ermenistan Ve Bati Ermenileri Sorunlari Ara\u015ftirmalar Merkezi","description":"","potentialAction":[{"@type":"SearchAction","target":{"@type":"EntryPoint","urlTemplate":"https:\/\/akunq.net\/tr\/?s={search_term_string}"},"query-input":{"@type":"PropertyValueSpecification","valueRequired":true,"valueName":"search_term_string"}}],"inLanguage":"en-US"},{"@type":"Person","@id":"https:\/\/akunq.net\/tr\/#\/schema\/person\/096f1d38a12cce57fb855b485ed24c9e","name":"admin","url":"https:\/\/akunq.net\/tr\/?author=7"}]}},"_links":{"self":[{"href":"https:\/\/akunq.net\/tr\/index.php?rest_route=\/wp\/v2\/posts\/66591","targetHints":{"allow":["GET"]}}],"collection":[{"href":"https:\/\/akunq.net\/tr\/index.php?rest_route=\/wp\/v2\/posts"}],"about":[{"href":"https:\/\/akunq.net\/tr\/index.php?rest_route=\/wp\/v2\/types\/post"}],"author":[{"embeddable":true,"href":"https:\/\/akunq.net\/tr\/index.php?rest_route=\/wp\/v2\/users\/7"}],"replies":[{"embeddable":true,"href":"https:\/\/akunq.net\/tr\/index.php?rest_route=%2Fwp%2Fv2%2Fcomments&post=66591"}],"version-history":[{"count":1,"href":"https:\/\/akunq.net\/tr\/index.php?rest_route=\/wp\/v2\/posts\/66591\/revisions"}],"predecessor-version":[{"id":66593,"href":"https:\/\/akunq.net\/tr\/index.php?rest_route=\/wp\/v2\/posts\/66591\/revisions\/66593"}],"wp:featuredmedia":[{"embeddable":true,"href":"https:\/\/akunq.net\/tr\/index.php?rest_route=\/wp\/v2\/media\/66592"}],"wp:attachment":[{"href":"https:\/\/akunq.net\/tr\/index.php?rest_route=%2Fwp%2Fv2%2Fmedia&parent=66591"}],"wp:term":[{"taxonomy":"category","embeddable":true,"href":"https:\/\/akunq.net\/tr\/index.php?rest_route=%2Fwp%2Fv2%2Fcategories&post=66591"},{"taxonomy":"post_tag","embeddable":true,"href":"https:\/\/akunq.net\/tr\/index.php?rest_route=%2Fwp%2Fv2%2Ftags&post=66591"}],"curies":[{"name":"wp","href":"https:\/\/api.w.org\/{rel}","templated":true}]}}