{"id":66578,"date":"2022-01-13T04:35:31","date_gmt":"2022-01-13T09:35:31","guid":{"rendered":"https:\/\/akunq.net\/tr\/?p=66578"},"modified":"2022-01-13T04:35:31","modified_gmt":"2022-01-13T09:35:31","slug":"hdpli-semra-guzel-hakkinda-hazirlanan-fezleke-tbmmde","status":"publish","type":"post","link":"https:\/\/akunq.net\/tr\/?p=66578","title":{"rendered":"HDP&#8217;li Semra G\u00fczel hakk\u0131nda haz\u0131rlanan fezleke TBMM&#8217;de"},"content":{"rendered":"<p class=\"intro\"><em><strong>HDP Diyarbak\u0131r Milletvekili Semra G\u00fczel&#8217;in dokunulmazl\u0131\u011f\u0131n\u0131n kald\u0131r\u0131lmas\u0131na ili\u015fkin Cumhurba\u015fkanl\u0131\u011f\u0131 fezlekesi TBMM\u2019ye ula\u015ft\u0131.<\/strong><\/em><\/p>\n<div id=\"sharing-bar\" class=\"min\"><span dir=\"ltr\">\u00a0<\/span><span dir=\"ltr\">\u00a0<\/span><span dir=\"ltr\">\u00a0<\/span><span dir=\"ltr\">\u00a0<\/span><\/div>\n<div class=\"picBox full\"><a class=\"overlayLink init\" href=\"https:\/\/www.dw.com\/tr\/hdpli-semra-g%C3%BCzel-hakk%C4%B1nda-haz%C4%B1rlanan-fezleke-tbmmde\/a-60396495#\" rel=\"nofollow\"><img decoding=\"async\" title=\"Semra G\u00fczel\" src=\"https:\/\/static.dw.com\/image\/60395729_303.jpg\" alt=\"Semra G\u00fczel\" \/><\/a><em>Semra G\u00fczel<\/em><\/p>\n<\/div>\n<div class=\"group\">\n<div class=\"longText\">\n<p>HDP Diyarbak\u0131r Milletvekili Semra G\u00fczel&#8217;in dokunulmazl\u0131\u011f\u0131n\u0131n kald\u0131r\u0131lmas\u0131na ili\u015fkin fezleke TBMM\u2019ye ula\u015ft\u0131. G\u00fczel hakk\u0131ndaki dokunulmazl\u0131k dosyas\u0131 TBMM Anayasa Adalet Karma Komisyonu&#8217;na sevk edildi.<\/p>\n<p>HDP Diyarbak\u0131r Milletvekili Semra G\u00fczel&#8217;in, 2017&#8217;de T\u00fcrk Silahl\u0131 Kuvvetleri&#8217;nin d\u00fczenledi\u011fi hava operasyonunda \u00f6ld\u00fcr\u00fclen PKK militan\u0131 Volkan Bora&#8217;n\u0131n cep telefonu incelemesiyle birlikte g\u00f6r\u00fcnt\u00fcleri kamuoyuna yans\u0131m\u0131\u015ft\u0131. Bunun \u00fczerine Ankara Cumhuriyet Ba\u015fsavc\u0131l\u0131\u011f\u0131, dokunulmazl\u0131\u011f\u0131n\u0131n kald\u0131r\u0131lmas\u0131 i\u00e7in G\u00fczel hakk\u0131nda &#8220;ter\u00f6r \u00f6rg\u00fct\u00fc \u00fcyeli\u011finden&#8221; fezleke haz\u0131rlam\u0131\u015f ve Adalet Bakanl\u0131\u011f\u0131\u2019na g\u00f6ndermi\u015fti.<\/p>\n<p>Bu i\u015flemlerin tamamlanmas\u0131n\u0131n ard\u0131ndan G\u00fczel\u2019in dokunulmazl\u0131\u011f\u0131n\u0131n kald\u0131r\u0131lmas\u0131na ili\u015fkin fezleke, TBMM Ba\u015fkanl\u0131\u011f\u0131\u2019na ula\u015ft\u0131. Fezleke, TBMM Anayasa Adalet Karma Komisyonu\u2019na sevk edildi.<\/p>\n<p>MHP Genel Ba\u015fkan\u0131 Devlet Bah\u00e7eli, d\u00fcn yapt\u0131\u011f\u0131 konu\u015fmada konuya ili\u015fkin &#8220;Bu b\u00f6l\u00fcc\u00fc milletvekili hakk\u0131nda laz\u0131m gelen hukuki takibat, dokunulmazl\u0131\u011f\u0131n\u0131n kald\u0131r\u0131lmas\u0131yla ilgili tasarruf derhal temin ve tekemm\u00fcl etmelidir&#8221; dedi.<\/p>\n<p>Semra G\u00fczel, hakk\u0131nda \u00e7\u0131kan iddialara ili\u015fkin, &#8220;Madem bu foto\u011fraflar 5 y\u0131l \u00f6nce elinize ge\u00e7ti, milletvekili olmad\u0131\u011f\u0131m bir y\u0131l boyunca neden hakk\u0131mda herhangi bir soru\u015fturma ba\u015flat\u0131lmad\u0131? \u0130ktidar odaklar\u0131n\u0131n y\u0131llard\u0131r elinde tuttu\u011fu foto\u011fraflar\u0131n, y\u0131llar sonra bir siyasi kumpas\u0131n par\u00e7as\u0131 olarak \u015fimdi bas\u0131na ve kamuoyuna servis edildi\u011fi a\u00e7\u0131kt\u0131r&#8221; ifadelerini kulland\u0131.<\/p>\n<p>Bora&#8217;n\u0131n s\u00f6zl\u00fcs\u00fc oldu\u011funu belirten G\u00fczel, &#8220;2013-2015 y\u0131llar\u0131 aras\u0131nda ba\u015flat\u0131lan \u00e7\u00f6z\u00fcm ve bar\u0131\u015f s\u00fcrecinin olumlu havas\u0131 i\u00e7erisinde \u00e7ocuklar\u0131n\u0131, annelerini, babalar\u0131n\u0131 ve sevdiklerini g\u00f6rmeye \u00e7al\u0131\u015fan bir\u00e7ok ki\u015fi gibi ben de Volkan Bora\u2019ya ula\u015fmaya \u00e7al\u0131\u015ft\u0131m. Bahsi ge\u00e7en b\u00f6lgeye gitti\u011fimde iki kad\u0131n taraf\u0131ndan kar\u015f\u0131land\u0131m. Bana g\u00fcvenlik ko\u015fullar\u0131 nedeniyle kendi k\u0131yafetlerinden giymem gerekti\u011fi s\u00f6ylendi. Bir s\u00fcre bekledikten sonra orada oldu\u011funu \u00f6\u011frendim ve g\u00f6r\u00fc\u015ft\u00fck. \u0130\u015fte bas\u0131na servis edilen foto\u011fraflar bu g\u00f6r\u00fc\u015fmeye ait foto\u011fraflard\u0131r&#8221; dedi.<\/p>\n<p><em><strong>https:\/\/www.dw.com\/tr\/hdpli-semra-g%C3%BCzel-hakk%C4%B1nda-haz%C4%B1rlanan-fezleke-tbmmde\/a-60396495\u00a0<\/strong><\/em><\/p>\n<p>&nbsp;<\/p>\n<\/div>\n<\/div>\n","protected":false},"excerpt":{"rendered":"<p>HDP Diyarbak\u0131r Milletvekili Semra G\u00fczel&#8217;in dokunulmazl\u0131\u011f\u0131n\u0131n kald\u0131r\u0131lmas\u0131na ili\u015fkin Cumhurba\u015fkanl\u0131\u011f\u0131 fezlekesi TBMM\u2019ye ula\u015ft\u0131. \u00a0\u00a0\u00a0\u00a0 Semra G\u00fczel HDP Diyarbak\u0131r Milletvekili Semra G\u00fczel&#8217;in dokunulmazl\u0131\u011f\u0131n\u0131n kald\u0131r\u0131lmas\u0131na ili\u015fkin fezleke TBMM\u2019ye ula\u015ft\u0131. G\u00fczel hakk\u0131ndaki dokunulmazl\u0131k dosyas\u0131 TBMM Anayasa Adalet Karma Komisyonu&#8217;na sevk edildi. HDP Diyarbak\u0131r Milletvekili Semra G\u00fczel&#8217;in, 2017&#8217;de T\u00fcrk Silahl\u0131 Kuvvetleri&#8217;nin d\u00fczenledi\u011fi hava operasyonunda \u00f6ld\u00fcr\u00fclen PKK militan\u0131 Volkan Bora&#8217;n\u0131n cep [&hellip;]<\/p>\n","protected":false},"author":7,"featured_media":66579,"comment_status":"open","ping_status":"open","sticky":false,"template":"","format":"standard","meta":{"footnotes":""},"categories":[1],"tags":[],"class_list":["post-66578","post","type-post","status-publish","format-standard","has-post-thumbnail","hentry","category-haberler"],"yoast_head":"<!-- This site is optimized with the Yoast SEO plugin v27.4 - https:\/\/yoast.com\/product\/yoast-seo-wordpress\/ -->\n<title>HDP&#039;li Semra G\u00fczel hakk\u0131nda haz\u0131rlanan fezleke TBMM&#039;de - Bati Ermenistan Ve Bati Ermenileri Sorunlari Ara\u015ftirmalar Merkezi<\/title>\n<meta name=\"robots\" content=\"index, follow, max-snippet:-1, max-image-preview:large, max-video-preview:-1\" \/>\n<link rel=\"canonical\" href=\"https:\/\/akunq.net\/tr\/?p=66578\" \/>\n<meta property=\"og:locale\" content=\"en_US\" \/>\n<meta property=\"og:type\" content=\"article\" \/>\n<meta property=\"og:title\" content=\"HDP&#039;li Semra G\u00fczel hakk\u0131nda haz\u0131rlanan fezleke TBMM&#039;de - Bati Ermenistan Ve Bati Ermenileri Sorunlari Ara\u015ftirmalar Merkezi\" \/>\n<meta property=\"og:description\" content=\"HDP Diyarbak\u0131r Milletvekili Semra G\u00fczel&#8217;in dokunulmazl\u0131\u011f\u0131n\u0131n kald\u0131r\u0131lmas\u0131na ili\u015fkin Cumhurba\u015fkanl\u0131\u011f\u0131 fezlekesi TBMM\u2019ye ula\u015ft\u0131. \u00a0\u00a0\u00a0\u00a0 Semra G\u00fczel HDP Diyarbak\u0131r Milletvekili Semra G\u00fczel&#8217;in dokunulmazl\u0131\u011f\u0131n\u0131n kald\u0131r\u0131lmas\u0131na ili\u015fkin fezleke TBMM\u2019ye ula\u015ft\u0131. G\u00fczel hakk\u0131ndaki dokunulmazl\u0131k dosyas\u0131 TBMM Anayasa Adalet Karma Komisyonu&#8217;na sevk edildi. HDP Diyarbak\u0131r Milletvekili Semra G\u00fczel&#8217;in, 2017&#8217;de T\u00fcrk Silahl\u0131 Kuvvetleri&#8217;nin d\u00fczenledi\u011fi hava operasyonunda \u00f6ld\u00fcr\u00fclen PKK militan\u0131 Volkan Bora&#8217;n\u0131n cep [&hellip;]\" \/>\n<meta property=\"og:url\" content=\"https:\/\/akunq.net\/tr\/?p=66578\" \/>\n<meta property=\"og:site_name\" content=\"Bati Ermenistan Ve Bati Ermenileri Sorunlari Ara\u015ftirmalar Merkezi\" \/>\n<meta property=\"article:published_time\" content=\"2022-01-13T09:35:31+00:00\" \/>\n<meta property=\"og:image\" content=\"https:\/\/akunq.net\/tr\/wp-content\/uploads\/sites\/6\/2022\/01\/Semra-G\u00fczel.jpg\" \/>\n\t<meta property=\"og:image:width\" content=\"700\" \/>\n\t<meta property=\"og:image:height\" content=\"394\" \/>\n\t<meta property=\"og:image:type\" content=\"image\/jpeg\" \/>\n<meta name=\"author\" content=\"admin\" \/>\n<meta name=\"twitter:card\" content=\"summary_large_image\" \/>\n<meta name=\"twitter:label1\" content=\"Written by\" \/>\n\t<meta name=\"twitter:data1\" content=\"admin\" \/>\n\t<meta name=\"twitter:label2\" content=\"Est. reading time\" \/>\n\t<meta name=\"twitter:data2\" content=\"2 minutes\" \/>\n<script type=\"application\/ld+json\" class=\"yoast-schema-graph\">{\"@context\":\"https:\\\/\\\/schema.org\",\"@graph\":[{\"@type\":\"Article\",\"@id\":\"https:\\\/\\\/akunq.net\\\/tr\\\/?p=66578#article\",\"isPartOf\":{\"@id\":\"https:\\\/\\\/akunq.net\\\/tr\\\/?p=66578\"},\"author\":{\"name\":\"admin\",\"@id\":\"https:\\\/\\\/akunq.net\\\/tr\\\/#\\\/schema\\\/person\\\/096f1d38a12cce57fb855b485ed24c9e\"},\"headline\":\"HDP&#8217;li Semra G\u00fczel hakk\u0131nda haz\u0131rlanan fezleke TBMM&#8217;de\",\"datePublished\":\"2022-01-13T09:35:31+00:00\",\"mainEntityOfPage\":{\"@id\":\"https:\\\/\\\/akunq.net\\\/tr\\\/?p=66578\"},\"wordCount\":423,\"commentCount\":0,\"image\":{\"@id\":\"https:\\\/\\\/akunq.net\\\/tr\\\/?p=66578#primaryimage\"},\"thumbnailUrl\":\"https:\\\/\\\/akunq.net\\\/tr\\\/wp-content\\\/uploads\\\/sites\\\/6\\\/2022\\\/01\\\/Semra-G\u00fczel.jpg\",\"articleSection\":[\"Haberler\"],\"inLanguage\":\"en-US\",\"potentialAction\":[{\"@type\":\"CommentAction\",\"name\":\"Comment\",\"target\":[\"https:\\\/\\\/akunq.net\\\/tr\\\/?p=66578#respond\"]}]},{\"@type\":\"WebPage\",\"@id\":\"https:\\\/\\\/akunq.net\\\/tr\\\/?p=66578\",\"url\":\"https:\\\/\\\/akunq.net\\\/tr\\\/?p=66578\",\"name\":\"HDP'li Semra G\u00fczel hakk\u0131nda haz\u0131rlanan fezleke TBMM'de - Bati Ermenistan Ve Bati Ermenileri Sorunlari Ara\u015ftirmalar Merkezi\",\"isPartOf\":{\"@id\":\"https:\\\/\\\/akunq.net\\\/tr\\\/#website\"},\"primaryImageOfPage\":{\"@id\":\"https:\\\/\\\/akunq.net\\\/tr\\\/?p=66578#primaryimage\"},\"image\":{\"@id\":\"https:\\\/\\\/akunq.net\\\/tr\\\/?p=66578#primaryimage\"},\"thumbnailUrl\":\"https:\\\/\\\/akunq.net\\\/tr\\\/wp-content\\\/uploads\\\/sites\\\/6\\\/2022\\\/01\\\/Semra-G\u00fczel.jpg\",\"datePublished\":\"2022-01-13T09:35:31+00:00\",\"author\":{\"@id\":\"https:\\\/\\\/akunq.net\\\/tr\\\/#\\\/schema\\\/person\\\/096f1d38a12cce57fb855b485ed24c9e\"},\"breadcrumb\":{\"@id\":\"https:\\\/\\\/akunq.net\\\/tr\\\/?p=66578#breadcrumb\"},\"inLanguage\":\"en-US\",\"potentialAction\":[{\"@type\":\"ReadAction\",\"target\":[\"https:\\\/\\\/akunq.net\\\/tr\\\/?p=66578\"]}]},{\"@type\":\"ImageObject\",\"inLanguage\":\"en-US\",\"@id\":\"https:\\\/\\\/akunq.net\\\/tr\\\/?p=66578#primaryimage\",\"url\":\"https:\\\/\\\/akunq.net\\\/tr\\\/wp-content\\\/uploads\\\/sites\\\/6\\\/2022\\\/01\\\/Semra-G\u00fczel.jpg\",\"contentUrl\":\"https:\\\/\\\/akunq.net\\\/tr\\\/wp-content\\\/uploads\\\/sites\\\/6\\\/2022\\\/01\\\/Semra-G\u00fczel.jpg\",\"width\":700,\"height\":394},{\"@type\":\"BreadcrumbList\",\"@id\":\"https:\\\/\\\/akunq.net\\\/tr\\\/?p=66578#breadcrumb\",\"itemListElement\":[{\"@type\":\"ListItem\",\"position\":1,\"name\":\"Home\",\"item\":\"https:\\\/\\\/akunq.net\\\/tr\"},{\"@type\":\"ListItem\",\"position\":2,\"name\":\"HDP&#8217;li Semra G\u00fczel hakk\u0131nda haz\u0131rlanan fezleke TBMM&#8217;de\"}]},{\"@type\":\"WebSite\",\"@id\":\"https:\\\/\\\/akunq.net\\\/tr\\\/#website\",\"url\":\"https:\\\/\\\/akunq.net\\\/tr\\\/\",\"name\":\"Bati Ermenistan Ve Bati Ermenileri Sorunlari Ara\u015ftirmalar Merkezi\",\"description\":\"\",\"potentialAction\":[{\"@type\":\"SearchAction\",\"target\":{\"@type\":\"EntryPoint\",\"urlTemplate\":\"https:\\\/\\\/akunq.net\\\/tr\\\/?s={search_term_string}\"},\"query-input\":{\"@type\":\"PropertyValueSpecification\",\"valueRequired\":true,\"valueName\":\"search_term_string\"}}],\"inLanguage\":\"en-US\"},{\"@type\":\"Person\",\"@id\":\"https:\\\/\\\/akunq.net\\\/tr\\\/#\\\/schema\\\/person\\\/096f1d38a12cce57fb855b485ed24c9e\",\"name\":\"admin\",\"url\":\"https:\\\/\\\/akunq.net\\\/tr\\\/?author=7\"}]}<\/script>\n<!-- \/ Yoast SEO plugin. -->","yoast_head_json":{"title":"HDP'li Semra G\u00fczel hakk\u0131nda haz\u0131rlanan fezleke TBMM'de - Bati Ermenistan Ve Bati Ermenileri Sorunlari Ara\u015ftirmalar Merkezi","robots":{"index":"index","follow":"follow","max-snippet":"max-snippet:-1","max-image-preview":"max-image-preview:large","max-video-preview":"max-video-preview:-1"},"canonical":"https:\/\/akunq.net\/tr\/?p=66578","og_locale":"en_US","og_type":"article","og_title":"HDP'li Semra G\u00fczel hakk\u0131nda haz\u0131rlanan fezleke TBMM'de - Bati Ermenistan Ve Bati Ermenileri Sorunlari Ara\u015ftirmalar Merkezi","og_description":"HDP Diyarbak\u0131r Milletvekili Semra G\u00fczel&#8217;in dokunulmazl\u0131\u011f\u0131n\u0131n kald\u0131r\u0131lmas\u0131na ili\u015fkin Cumhurba\u015fkanl\u0131\u011f\u0131 fezlekesi TBMM\u2019ye ula\u015ft\u0131. \u00a0\u00a0\u00a0\u00a0 Semra G\u00fczel HDP Diyarbak\u0131r Milletvekili Semra G\u00fczel&#8217;in dokunulmazl\u0131\u011f\u0131n\u0131n kald\u0131r\u0131lmas\u0131na ili\u015fkin fezleke TBMM\u2019ye ula\u015ft\u0131. G\u00fczel hakk\u0131ndaki dokunulmazl\u0131k dosyas\u0131 TBMM Anayasa Adalet Karma Komisyonu&#8217;na sevk edildi. HDP Diyarbak\u0131r Milletvekili Semra G\u00fczel&#8217;in, 2017&#8217;de T\u00fcrk Silahl\u0131 Kuvvetleri&#8217;nin d\u00fczenledi\u011fi hava operasyonunda \u00f6ld\u00fcr\u00fclen PKK militan\u0131 Volkan Bora&#8217;n\u0131n cep [&hellip;]","og_url":"https:\/\/akunq.net\/tr\/?p=66578","og_site_name":"Bati Ermenistan Ve Bati Ermenileri Sorunlari Ara\u015ftirmalar Merkezi","article_published_time":"2022-01-13T09:35:31+00:00","og_image":[{"width":700,"height":394,"url":"https:\/\/akunq.net\/tr\/wp-content\/uploads\/sites\/6\/2022\/01\/Semra-G\u00fczel.jpg","type":"image\/jpeg"}],"author":"admin","twitter_card":"summary_large_image","twitter_misc":{"Written by":"admin","Est. reading time":"2 minutes"},"schema":{"@context":"https:\/\/schema.org","@graph":[{"@type":"Article","@id":"https:\/\/akunq.net\/tr\/?p=66578#article","isPartOf":{"@id":"https:\/\/akunq.net\/tr\/?p=66578"},"author":{"name":"admin","@id":"https:\/\/akunq.net\/tr\/#\/schema\/person\/096f1d38a12cce57fb855b485ed24c9e"},"headline":"HDP&#8217;li Semra G\u00fczel hakk\u0131nda haz\u0131rlanan fezleke TBMM&#8217;de","datePublished":"2022-01-13T09:35:31+00:00","mainEntityOfPage":{"@id":"https:\/\/akunq.net\/tr\/?p=66578"},"wordCount":423,"commentCount":0,"image":{"@id":"https:\/\/akunq.net\/tr\/?p=66578#primaryimage"},"thumbnailUrl":"https:\/\/akunq.net\/tr\/wp-content\/uploads\/sites\/6\/2022\/01\/Semra-G\u00fczel.jpg","articleSection":["Haberler"],"inLanguage":"en-US","potentialAction":[{"@type":"CommentAction","name":"Comment","target":["https:\/\/akunq.net\/tr\/?p=66578#respond"]}]},{"@type":"WebPage","@id":"https:\/\/akunq.net\/tr\/?p=66578","url":"https:\/\/akunq.net\/tr\/?p=66578","name":"HDP'li Semra G\u00fczel hakk\u0131nda haz\u0131rlanan fezleke TBMM'de - Bati Ermenistan Ve Bati Ermenileri Sorunlari Ara\u015ftirmalar Merkezi","isPartOf":{"@id":"https:\/\/akunq.net\/tr\/#website"},"primaryImageOfPage":{"@id":"https:\/\/akunq.net\/tr\/?p=66578#primaryimage"},"image":{"@id":"https:\/\/akunq.net\/tr\/?p=66578#primaryimage"},"thumbnailUrl":"https:\/\/akunq.net\/tr\/wp-content\/uploads\/sites\/6\/2022\/01\/Semra-G\u00fczel.jpg","datePublished":"2022-01-13T09:35:31+00:00","author":{"@id":"https:\/\/akunq.net\/tr\/#\/schema\/person\/096f1d38a12cce57fb855b485ed24c9e"},"breadcrumb":{"@id":"https:\/\/akunq.net\/tr\/?p=66578#breadcrumb"},"inLanguage":"en-US","potentialAction":[{"@type":"ReadAction","target":["https:\/\/akunq.net\/tr\/?p=66578"]}]},{"@type":"ImageObject","inLanguage":"en-US","@id":"https:\/\/akunq.net\/tr\/?p=66578#primaryimage","url":"https:\/\/akunq.net\/tr\/wp-content\/uploads\/sites\/6\/2022\/01\/Semra-G\u00fczel.jpg","contentUrl":"https:\/\/akunq.net\/tr\/wp-content\/uploads\/sites\/6\/2022\/01\/Semra-G\u00fczel.jpg","width":700,"height":394},{"@type":"BreadcrumbList","@id":"https:\/\/akunq.net\/tr\/?p=66578#breadcrumb","itemListElement":[{"@type":"ListItem","position":1,"name":"Home","item":"https:\/\/akunq.net\/tr"},{"@type":"ListItem","position":2,"name":"HDP&#8217;li Semra G\u00fczel hakk\u0131nda haz\u0131rlanan fezleke TBMM&#8217;de"}]},{"@type":"WebSite","@id":"https:\/\/akunq.net\/tr\/#website","url":"https:\/\/akunq.net\/tr\/","name":"Bati Ermenistan Ve Bati Ermenileri Sorunlari Ara\u015ftirmalar Merkezi","description":"","potentialAction":[{"@type":"SearchAction","target":{"@type":"EntryPoint","urlTemplate":"https:\/\/akunq.net\/tr\/?s={search_term_string}"},"query-input":{"@type":"PropertyValueSpecification","valueRequired":true,"valueName":"search_term_string"}}],"inLanguage":"en-US"},{"@type":"Person","@id":"https:\/\/akunq.net\/tr\/#\/schema\/person\/096f1d38a12cce57fb855b485ed24c9e","name":"admin","url":"https:\/\/akunq.net\/tr\/?author=7"}]}},"_links":{"self":[{"href":"https:\/\/akunq.net\/tr\/index.php?rest_route=\/wp\/v2\/posts\/66578","targetHints":{"allow":["GET"]}}],"collection":[{"href":"https:\/\/akunq.net\/tr\/index.php?rest_route=\/wp\/v2\/posts"}],"about":[{"href":"https:\/\/akunq.net\/tr\/index.php?rest_route=\/wp\/v2\/types\/post"}],"author":[{"embeddable":true,"href":"https:\/\/akunq.net\/tr\/index.php?rest_route=\/wp\/v2\/users\/7"}],"replies":[{"embeddable":true,"href":"https:\/\/akunq.net\/tr\/index.php?rest_route=%2Fwp%2Fv2%2Fcomments&post=66578"}],"version-history":[{"count":1,"href":"https:\/\/akunq.net\/tr\/index.php?rest_route=\/wp\/v2\/posts\/66578\/revisions"}],"predecessor-version":[{"id":66580,"href":"https:\/\/akunq.net\/tr\/index.php?rest_route=\/wp\/v2\/posts\/66578\/revisions\/66580"}],"wp:featuredmedia":[{"embeddable":true,"href":"https:\/\/akunq.net\/tr\/index.php?rest_route=\/wp\/v2\/media\/66579"}],"wp:attachment":[{"href":"https:\/\/akunq.net\/tr\/index.php?rest_route=%2Fwp%2Fv2%2Fmedia&parent=66578"}],"wp:term":[{"taxonomy":"category","embeddable":true,"href":"https:\/\/akunq.net\/tr\/index.php?rest_route=%2Fwp%2Fv2%2Fcategories&post=66578"},{"taxonomy":"post_tag","embeddable":true,"href":"https:\/\/akunq.net\/tr\/index.php?rest_route=%2Fwp%2Fv2%2Ftags&post=66578"}],"curies":[{"name":"wp","href":"https:\/\/api.w.org\/{rel}","templated":true}]}}