{"id":66575,"date":"2022-01-13T04:26:28","date_gmt":"2022-01-13T09:26:28","guid":{"rendered":"https:\/\/akunq.net\/tr\/?p=66575"},"modified":"2022-01-13T04:26:28","modified_gmt":"2022-01-13T09:26:28","slug":"bahceli-hdpyi-turk-siyaset-hayatinda-gormeye-tahammul-edemiyoruz","status":"publish","type":"post","link":"https:\/\/akunq.net\/tr\/?p=66575","title":{"rendered":"Bah\u00e7eli: HDP&#8217;yi T\u00fcrk siyaset hayat\u0131nda g\u00f6rmeye tahamm\u00fcl edemiyoruz"},"content":{"rendered":"<div>\n<div><img loading=\"lazy\" decoding=\"async\" class=\"aligncenter size-medium wp-image-66576\" src=\"https:\/\/akunq.net\/tr\/wp-content\/uploads\/2022\/01\/Devlet-Bah\u00e7eli-360x260.jpg\" alt=\"\" width=\"360\" height=\"260\" srcset=\"https:\/\/akunq.net\/tr\/wp-content\/uploads\/sites\/6\/2022\/01\/Devlet-Bah\u00e7eli-360x260.jpg 360w, https:\/\/akunq.net\/tr\/wp-content\/uploads\/sites\/6\/2022\/01\/Devlet-Bah\u00e7eli-560x405.jpg 560w, https:\/\/akunq.net\/tr\/wp-content\/uploads\/sites\/6\/2022\/01\/Devlet-Bah\u00e7eli-260x188.jpg 260w, https:\/\/akunq.net\/tr\/wp-content\/uploads\/sites\/6\/2022\/01\/Devlet-Bah\u00e7eli-160x116.jpg 160w, https:\/\/akunq.net\/tr\/wp-content\/uploads\/sites\/6\/2022\/01\/Devlet-Bah\u00e7eli.jpg 600w\" sizes=\"auto, (max-width: 360px) 100vw, 360px\" \/><\/div>\n<div><em><strong>Partisinin Grup Toplant\u0131s\u0131&#8217;nda konu\u015fan MHP lideri Devlet Bah\u00e7eli, &#8220;Biz TBMM&#8217;de ter\u00f6rist istemiyoruz. Ter\u00f6r \u00f6rg\u00fct\u00fcne eleman dev\u015firen HDP&#8217;yi T\u00fcrk siyaset hayat\u0131nda g\u00f6rmeye tahamm\u00fcl edemiyoruz. AYM&#8217;nin g\u00f6revini yapmas\u0131n\u0131 bekliyoruz.&#8221; dedi.<\/strong><\/em><\/div>\n<div><\/div>\n<div><em>&#8220;T\u00fcrkiye&#8217;nin \u00f6ncelikli sorunu b\u00f6l\u00fcc\u00fc ter\u00f6rd\u00fcr.&#8221; diyen Bah\u00e7eli&#8217;nin konu\u015fmalar\u0131ndan \u00f6ne \u00e7\u0131kan ifadeleri:<\/em><\/div>\n<\/div>\n<ul>\n<li>&#8220;Ge\u00e7ti\u011fimiz cumartesi g\u00fcn\u00fc \u00fc\u00e7 kahraman\u0131m\u0131z\u0131n \u015fehadeti neticesinde taziye mesajlar\u0131 payla\u015f\u0131lm\u0131\u015ft\u0131r. Bizim de mesaj\u0131m\u0131z milletimizin malumudur. CHP genel ba\u015fkan\u0131n\u0131n taziye mesaj\u0131n\u0131 dikkat buyurunuz. PKK&#8217;ya tek bir laf yoktur. HDP&#8217;yi k\u00fcst\u00fcrmemek i\u00e7in 40 dereden su ta\u015f\u0131yanlar millet muhalifleridir.&#8221;<\/li>\n<li>&#8220;CHP Genel Ba\u015fkan\u0131, \u0130BB&#8217;de ter\u00f6rle iltisakl\u0131 olanlar\u0131n i\u015fe al\u0131nmas\u0131nda devam eden incelemede g\u00f6revli m\u00fcfetti\u015flere ate\u015f p\u00fcsk\u00fcr\u00fcyor.&#8221;<\/li>\n<li>K\u0131l\u0131\u00e7daro\u011flu, Kandil&#8217;in tedarik\u00e7isidir. Diayder iddianamesinde K\u0131l\u0131\u00e7daro\u011flu&#8217;nun ad\u0131 ge\u00e7iyor mu ge\u00e7miyor mu? Bu zat, Diayder&#8217;in b\u00f6l\u00fcc\u00fc mensuplar\u0131yla toplant\u0131 yapt\u0131 m\u0131 yapmad\u0131 m\u0131?&#8221;<\/li>\n<li>Kazakistan&#8217;daki kanl\u0131 g\u00f6steriler, masum kitlelerin hak aray\u0131\u015f\u0131 de\u011fildir.&#8221;<\/li>\n<\/ul>\n<p><em><strong>https:\/\/tr.euronews.com\/2022\/01\/11\/k-br-s-ac-klar-nda-6-4-buyuklugunde-deprem\u00a0<\/strong><\/em><\/p>\n","protected":false},"excerpt":{"rendered":"<p>Partisinin Grup Toplant\u0131s\u0131&#8217;nda konu\u015fan MHP lideri Devlet Bah\u00e7eli, &#8220;Biz TBMM&#8217;de ter\u00f6rist istemiyoruz. Ter\u00f6r \u00f6rg\u00fct\u00fcne eleman dev\u015firen HDP&#8217;yi T\u00fcrk siyaset hayat\u0131nda g\u00f6rmeye tahamm\u00fcl edemiyoruz. AYM&#8217;nin g\u00f6revini yapmas\u0131n\u0131 bekliyoruz.&#8221; dedi. &#8220;T\u00fcrkiye&#8217;nin \u00f6ncelikli sorunu b\u00f6l\u00fcc\u00fc ter\u00f6rd\u00fcr.&#8221; diyen Bah\u00e7eli&#8217;nin konu\u015fmalar\u0131ndan \u00f6ne \u00e7\u0131kan ifadeleri: &#8220;Ge\u00e7ti\u011fimiz cumartesi g\u00fcn\u00fc \u00fc\u00e7 kahraman\u0131m\u0131z\u0131n \u015fehadeti neticesinde taziye mesajlar\u0131 payla\u015f\u0131lm\u0131\u015ft\u0131r. Bizim de mesaj\u0131m\u0131z milletimizin malumudur. CHP [&hellip;]<\/p>\n","protected":false},"author":7,"featured_media":66576,"comment_status":"open","ping_status":"open","sticky":false,"template":"","format":"standard","meta":{"footnotes":""},"categories":[1],"tags":[],"class_list":["post-66575","post","type-post","status-publish","format-standard","has-post-thumbnail","hentry","category-haberler"],"yoast_head":"<!-- This site is optimized with the Yoast SEO plugin v27.4 - https:\/\/yoast.com\/product\/yoast-seo-wordpress\/ -->\n<title>Bah\u00e7eli: HDP&#039;yi T\u00fcrk siyaset hayat\u0131nda g\u00f6rmeye tahamm\u00fcl edemiyoruz - Bati Ermenistan Ve Bati Ermenileri Sorunlari Ara\u015ftirmalar Merkezi<\/title>\n<meta name=\"robots\" content=\"index, follow, max-snippet:-1, max-image-preview:large, max-video-preview:-1\" \/>\n<link rel=\"canonical\" href=\"https:\/\/akunq.net\/tr\/?p=66575\" \/>\n<meta property=\"og:locale\" content=\"en_US\" \/>\n<meta property=\"og:type\" content=\"article\" \/>\n<meta property=\"og:title\" content=\"Bah\u00e7eli: HDP&#039;yi T\u00fcrk siyaset hayat\u0131nda g\u00f6rmeye tahamm\u00fcl edemiyoruz - Bati Ermenistan Ve Bati Ermenileri Sorunlari Ara\u015ftirmalar Merkezi\" \/>\n<meta property=\"og:description\" content=\"Partisinin Grup Toplant\u0131s\u0131&#8217;nda konu\u015fan MHP lideri Devlet Bah\u00e7eli, &#8220;Biz TBMM&#8217;de ter\u00f6rist istemiyoruz. Ter\u00f6r \u00f6rg\u00fct\u00fcne eleman dev\u015firen HDP&#8217;yi T\u00fcrk siyaset hayat\u0131nda g\u00f6rmeye tahamm\u00fcl edemiyoruz. AYM&#8217;nin g\u00f6revini yapmas\u0131n\u0131 bekliyoruz.&#8221; dedi. &#8220;T\u00fcrkiye&#8217;nin \u00f6ncelikli sorunu b\u00f6l\u00fcc\u00fc ter\u00f6rd\u00fcr.&#8221; diyen Bah\u00e7eli&#8217;nin konu\u015fmalar\u0131ndan \u00f6ne \u00e7\u0131kan ifadeleri: &#8220;Ge\u00e7ti\u011fimiz cumartesi g\u00fcn\u00fc \u00fc\u00e7 kahraman\u0131m\u0131z\u0131n \u015fehadeti neticesinde taziye mesajlar\u0131 payla\u015f\u0131lm\u0131\u015ft\u0131r. Bizim de mesaj\u0131m\u0131z milletimizin malumudur. CHP [&hellip;]\" \/>\n<meta property=\"og:url\" content=\"https:\/\/akunq.net\/tr\/?p=66575\" \/>\n<meta property=\"og:site_name\" content=\"Bati Ermenistan Ve Bati Ermenileri Sorunlari Ara\u015ftirmalar Merkezi\" \/>\n<meta property=\"article:published_time\" content=\"2022-01-13T09:26:28+00:00\" \/>\n<meta property=\"og:image\" content=\"https:\/\/akunq.net\/tr\/wp-content\/uploads\/sites\/6\/2022\/01\/Devlet-Bah\u00e7eli.jpg\" \/>\n\t<meta property=\"og:image:width\" content=\"600\" \/>\n\t<meta property=\"og:image:height\" content=\"434\" \/>\n\t<meta property=\"og:image:type\" content=\"image\/jpeg\" \/>\n<meta name=\"author\" content=\"admin\" \/>\n<meta name=\"twitter:card\" content=\"summary_large_image\" \/>\n<meta name=\"twitter:label1\" content=\"Written by\" \/>\n\t<meta name=\"twitter:data1\" content=\"admin\" \/>\n\t<meta name=\"twitter:label2\" content=\"Est. reading time\" \/>\n\t<meta name=\"twitter:data2\" content=\"1 minute\" \/>\n<script type=\"application\/ld+json\" class=\"yoast-schema-graph\">{\"@context\":\"https:\\\/\\\/schema.org\",\"@graph\":[{\"@type\":\"Article\",\"@id\":\"https:\\\/\\\/akunq.net\\\/tr\\\/?p=66575#article\",\"isPartOf\":{\"@id\":\"https:\\\/\\\/akunq.net\\\/tr\\\/?p=66575\"},\"author\":{\"name\":\"admin\",\"@id\":\"https:\\\/\\\/akunq.net\\\/tr\\\/#\\\/schema\\\/person\\\/096f1d38a12cce57fb855b485ed24c9e\"},\"headline\":\"Bah\u00e7eli: HDP&#8217;yi T\u00fcrk siyaset hayat\u0131nda g\u00f6rmeye tahamm\u00fcl edemiyoruz\",\"datePublished\":\"2022-01-13T09:26:28+00:00\",\"mainEntityOfPage\":{\"@id\":\"https:\\\/\\\/akunq.net\\\/tr\\\/?p=66575\"},\"wordCount\":206,\"commentCount\":0,\"image\":{\"@id\":\"https:\\\/\\\/akunq.net\\\/tr\\\/?p=66575#primaryimage\"},\"thumbnailUrl\":\"https:\\\/\\\/akunq.net\\\/tr\\\/wp-content\\\/uploads\\\/sites\\\/6\\\/2022\\\/01\\\/Devlet-Bah\u00e7eli.jpg\",\"articleSection\":[\"Haberler\"],\"inLanguage\":\"en-US\",\"potentialAction\":[{\"@type\":\"CommentAction\",\"name\":\"Comment\",\"target\":[\"https:\\\/\\\/akunq.net\\\/tr\\\/?p=66575#respond\"]}]},{\"@type\":\"WebPage\",\"@id\":\"https:\\\/\\\/akunq.net\\\/tr\\\/?p=66575\",\"url\":\"https:\\\/\\\/akunq.net\\\/tr\\\/?p=66575\",\"name\":\"Bah\u00e7eli: HDP'yi T\u00fcrk siyaset hayat\u0131nda g\u00f6rmeye tahamm\u00fcl edemiyoruz - Bati Ermenistan Ve Bati Ermenileri Sorunlari Ara\u015ftirmalar Merkezi\",\"isPartOf\":{\"@id\":\"https:\\\/\\\/akunq.net\\\/tr\\\/#website\"},\"primaryImageOfPage\":{\"@id\":\"https:\\\/\\\/akunq.net\\\/tr\\\/?p=66575#primaryimage\"},\"image\":{\"@id\":\"https:\\\/\\\/akunq.net\\\/tr\\\/?p=66575#primaryimage\"},\"thumbnailUrl\":\"https:\\\/\\\/akunq.net\\\/tr\\\/wp-content\\\/uploads\\\/sites\\\/6\\\/2022\\\/01\\\/Devlet-Bah\u00e7eli.jpg\",\"datePublished\":\"2022-01-13T09:26:28+00:00\",\"author\":{\"@id\":\"https:\\\/\\\/akunq.net\\\/tr\\\/#\\\/schema\\\/person\\\/096f1d38a12cce57fb855b485ed24c9e\"},\"breadcrumb\":{\"@id\":\"https:\\\/\\\/akunq.net\\\/tr\\\/?p=66575#breadcrumb\"},\"inLanguage\":\"en-US\",\"potentialAction\":[{\"@type\":\"ReadAction\",\"target\":[\"https:\\\/\\\/akunq.net\\\/tr\\\/?p=66575\"]}]},{\"@type\":\"ImageObject\",\"inLanguage\":\"en-US\",\"@id\":\"https:\\\/\\\/akunq.net\\\/tr\\\/?p=66575#primaryimage\",\"url\":\"https:\\\/\\\/akunq.net\\\/tr\\\/wp-content\\\/uploads\\\/sites\\\/6\\\/2022\\\/01\\\/Devlet-Bah\u00e7eli.jpg\",\"contentUrl\":\"https:\\\/\\\/akunq.net\\\/tr\\\/wp-content\\\/uploads\\\/sites\\\/6\\\/2022\\\/01\\\/Devlet-Bah\u00e7eli.jpg\",\"width\":600,\"height\":434},{\"@type\":\"BreadcrumbList\",\"@id\":\"https:\\\/\\\/akunq.net\\\/tr\\\/?p=66575#breadcrumb\",\"itemListElement\":[{\"@type\":\"ListItem\",\"position\":1,\"name\":\"Home\",\"item\":\"https:\\\/\\\/akunq.net\\\/tr\"},{\"@type\":\"ListItem\",\"position\":2,\"name\":\"Bah\u00e7eli: HDP&#8217;yi T\u00fcrk siyaset hayat\u0131nda g\u00f6rmeye tahamm\u00fcl edemiyoruz\"}]},{\"@type\":\"WebSite\",\"@id\":\"https:\\\/\\\/akunq.net\\\/tr\\\/#website\",\"url\":\"https:\\\/\\\/akunq.net\\\/tr\\\/\",\"name\":\"Bati Ermenistan Ve Bati Ermenileri Sorunlari Ara\u015ftirmalar Merkezi\",\"description\":\"\",\"potentialAction\":[{\"@type\":\"SearchAction\",\"target\":{\"@type\":\"EntryPoint\",\"urlTemplate\":\"https:\\\/\\\/akunq.net\\\/tr\\\/?s={search_term_string}\"},\"query-input\":{\"@type\":\"PropertyValueSpecification\",\"valueRequired\":true,\"valueName\":\"search_term_string\"}}],\"inLanguage\":\"en-US\"},{\"@type\":\"Person\",\"@id\":\"https:\\\/\\\/akunq.net\\\/tr\\\/#\\\/schema\\\/person\\\/096f1d38a12cce57fb855b485ed24c9e\",\"name\":\"admin\",\"url\":\"https:\\\/\\\/akunq.net\\\/tr\\\/?author=7\"}]}<\/script>\n<!-- \/ Yoast SEO plugin. -->","yoast_head_json":{"title":"Bah\u00e7eli: HDP'yi T\u00fcrk siyaset hayat\u0131nda g\u00f6rmeye tahamm\u00fcl edemiyoruz - Bati Ermenistan Ve Bati Ermenileri Sorunlari Ara\u015ftirmalar Merkezi","robots":{"index":"index","follow":"follow","max-snippet":"max-snippet:-1","max-image-preview":"max-image-preview:large","max-video-preview":"max-video-preview:-1"},"canonical":"https:\/\/akunq.net\/tr\/?p=66575","og_locale":"en_US","og_type":"article","og_title":"Bah\u00e7eli: HDP'yi T\u00fcrk siyaset hayat\u0131nda g\u00f6rmeye tahamm\u00fcl edemiyoruz - Bati Ermenistan Ve Bati Ermenileri Sorunlari Ara\u015ftirmalar Merkezi","og_description":"Partisinin Grup Toplant\u0131s\u0131&#8217;nda konu\u015fan MHP lideri Devlet Bah\u00e7eli, &#8220;Biz TBMM&#8217;de ter\u00f6rist istemiyoruz. Ter\u00f6r \u00f6rg\u00fct\u00fcne eleman dev\u015firen HDP&#8217;yi T\u00fcrk siyaset hayat\u0131nda g\u00f6rmeye tahamm\u00fcl edemiyoruz. AYM&#8217;nin g\u00f6revini yapmas\u0131n\u0131 bekliyoruz.&#8221; dedi. &#8220;T\u00fcrkiye&#8217;nin \u00f6ncelikli sorunu b\u00f6l\u00fcc\u00fc ter\u00f6rd\u00fcr.&#8221; diyen Bah\u00e7eli&#8217;nin konu\u015fmalar\u0131ndan \u00f6ne \u00e7\u0131kan ifadeleri: &#8220;Ge\u00e7ti\u011fimiz cumartesi g\u00fcn\u00fc \u00fc\u00e7 kahraman\u0131m\u0131z\u0131n \u015fehadeti neticesinde taziye mesajlar\u0131 payla\u015f\u0131lm\u0131\u015ft\u0131r. Bizim de mesaj\u0131m\u0131z milletimizin malumudur. CHP [&hellip;]","og_url":"https:\/\/akunq.net\/tr\/?p=66575","og_site_name":"Bati Ermenistan Ve Bati Ermenileri Sorunlari Ara\u015ftirmalar Merkezi","article_published_time":"2022-01-13T09:26:28+00:00","og_image":[{"width":600,"height":434,"url":"https:\/\/akunq.net\/tr\/wp-content\/uploads\/sites\/6\/2022\/01\/Devlet-Bah\u00e7eli.jpg","type":"image\/jpeg"}],"author":"admin","twitter_card":"summary_large_image","twitter_misc":{"Written by":"admin","Est. reading time":"1 minute"},"schema":{"@context":"https:\/\/schema.org","@graph":[{"@type":"Article","@id":"https:\/\/akunq.net\/tr\/?p=66575#article","isPartOf":{"@id":"https:\/\/akunq.net\/tr\/?p=66575"},"author":{"name":"admin","@id":"https:\/\/akunq.net\/tr\/#\/schema\/person\/096f1d38a12cce57fb855b485ed24c9e"},"headline":"Bah\u00e7eli: HDP&#8217;yi T\u00fcrk siyaset hayat\u0131nda g\u00f6rmeye tahamm\u00fcl edemiyoruz","datePublished":"2022-01-13T09:26:28+00:00","mainEntityOfPage":{"@id":"https:\/\/akunq.net\/tr\/?p=66575"},"wordCount":206,"commentCount":0,"image":{"@id":"https:\/\/akunq.net\/tr\/?p=66575#primaryimage"},"thumbnailUrl":"https:\/\/akunq.net\/tr\/wp-content\/uploads\/sites\/6\/2022\/01\/Devlet-Bah\u00e7eli.jpg","articleSection":["Haberler"],"inLanguage":"en-US","potentialAction":[{"@type":"CommentAction","name":"Comment","target":["https:\/\/akunq.net\/tr\/?p=66575#respond"]}]},{"@type":"WebPage","@id":"https:\/\/akunq.net\/tr\/?p=66575","url":"https:\/\/akunq.net\/tr\/?p=66575","name":"Bah\u00e7eli: HDP'yi T\u00fcrk siyaset hayat\u0131nda g\u00f6rmeye tahamm\u00fcl edemiyoruz - Bati Ermenistan Ve Bati Ermenileri Sorunlari Ara\u015ftirmalar Merkezi","isPartOf":{"@id":"https:\/\/akunq.net\/tr\/#website"},"primaryImageOfPage":{"@id":"https:\/\/akunq.net\/tr\/?p=66575#primaryimage"},"image":{"@id":"https:\/\/akunq.net\/tr\/?p=66575#primaryimage"},"thumbnailUrl":"https:\/\/akunq.net\/tr\/wp-content\/uploads\/sites\/6\/2022\/01\/Devlet-Bah\u00e7eli.jpg","datePublished":"2022-01-13T09:26:28+00:00","author":{"@id":"https:\/\/akunq.net\/tr\/#\/schema\/person\/096f1d38a12cce57fb855b485ed24c9e"},"breadcrumb":{"@id":"https:\/\/akunq.net\/tr\/?p=66575#breadcrumb"},"inLanguage":"en-US","potentialAction":[{"@type":"ReadAction","target":["https:\/\/akunq.net\/tr\/?p=66575"]}]},{"@type":"ImageObject","inLanguage":"en-US","@id":"https:\/\/akunq.net\/tr\/?p=66575#primaryimage","url":"https:\/\/akunq.net\/tr\/wp-content\/uploads\/sites\/6\/2022\/01\/Devlet-Bah\u00e7eli.jpg","contentUrl":"https:\/\/akunq.net\/tr\/wp-content\/uploads\/sites\/6\/2022\/01\/Devlet-Bah\u00e7eli.jpg","width":600,"height":434},{"@type":"BreadcrumbList","@id":"https:\/\/akunq.net\/tr\/?p=66575#breadcrumb","itemListElement":[{"@type":"ListItem","position":1,"name":"Home","item":"https:\/\/akunq.net\/tr"},{"@type":"ListItem","position":2,"name":"Bah\u00e7eli: HDP&#8217;yi T\u00fcrk siyaset hayat\u0131nda g\u00f6rmeye tahamm\u00fcl edemiyoruz"}]},{"@type":"WebSite","@id":"https:\/\/akunq.net\/tr\/#website","url":"https:\/\/akunq.net\/tr\/","name":"Bati Ermenistan Ve Bati Ermenileri Sorunlari Ara\u015ftirmalar Merkezi","description":"","potentialAction":[{"@type":"SearchAction","target":{"@type":"EntryPoint","urlTemplate":"https:\/\/akunq.net\/tr\/?s={search_term_string}"},"query-input":{"@type":"PropertyValueSpecification","valueRequired":true,"valueName":"search_term_string"}}],"inLanguage":"en-US"},{"@type":"Person","@id":"https:\/\/akunq.net\/tr\/#\/schema\/person\/096f1d38a12cce57fb855b485ed24c9e","name":"admin","url":"https:\/\/akunq.net\/tr\/?author=7"}]}},"_links":{"self":[{"href":"https:\/\/akunq.net\/tr\/index.php?rest_route=\/wp\/v2\/posts\/66575","targetHints":{"allow":["GET"]}}],"collection":[{"href":"https:\/\/akunq.net\/tr\/index.php?rest_route=\/wp\/v2\/posts"}],"about":[{"href":"https:\/\/akunq.net\/tr\/index.php?rest_route=\/wp\/v2\/types\/post"}],"author":[{"embeddable":true,"href":"https:\/\/akunq.net\/tr\/index.php?rest_route=\/wp\/v2\/users\/7"}],"replies":[{"embeddable":true,"href":"https:\/\/akunq.net\/tr\/index.php?rest_route=%2Fwp%2Fv2%2Fcomments&post=66575"}],"version-history":[{"count":1,"href":"https:\/\/akunq.net\/tr\/index.php?rest_route=\/wp\/v2\/posts\/66575\/revisions"}],"predecessor-version":[{"id":66577,"href":"https:\/\/akunq.net\/tr\/index.php?rest_route=\/wp\/v2\/posts\/66575\/revisions\/66577"}],"wp:featuredmedia":[{"embeddable":true,"href":"https:\/\/akunq.net\/tr\/index.php?rest_route=\/wp\/v2\/media\/66576"}],"wp:attachment":[{"href":"https:\/\/akunq.net\/tr\/index.php?rest_route=%2Fwp%2Fv2%2Fmedia&parent=66575"}],"wp:term":[{"taxonomy":"category","embeddable":true,"href":"https:\/\/akunq.net\/tr\/index.php?rest_route=%2Fwp%2Fv2%2Fcategories&post=66575"},{"taxonomy":"post_tag","embeddable":true,"href":"https:\/\/akunq.net\/tr\/index.php?rest_route=%2Fwp%2Fv2%2Ftags&post=66575"}],"curies":[{"name":"wp","href":"https:\/\/api.w.org\/{rel}","templated":true}]}}