{"id":66544,"date":"2022-01-12T02:40:48","date_gmt":"2022-01-12T07:40:48","guid":{"rendered":"https:\/\/akunq.net\/tr\/?p=66544"},"modified":"2022-01-12T02:40:48","modified_gmt":"2022-01-12T07:40:48","slug":"mardinde-bulundu-1400-yillik-paha-bicilmez-diyerek-anlatti","status":"publish","type":"post","link":"https:\/\/akunq.net\/tr\/?p=66544","title":{"rendered":"Mardin\u2019de bulundu, 1400 y\u0131ll\u0131k\u2026 \u2018Paha bi\u00e7ilmez\u2019 diyerek anlatt\u0131"},"content":{"rendered":"<p><img loading=\"lazy\" decoding=\"async\" class=\"aligncenter size-medium wp-image-66545\" src=\"https:\/\/akunq.net\/tr\/wp-content\/uploads\/2022\/01\/Mardin\u2019de-bulundu-360x203.jpg\" alt=\"\" width=\"360\" height=\"203\" srcset=\"https:\/\/akunq.net\/tr\/wp-content\/uploads\/sites\/6\/2022\/01\/Mardin\u2019de-bulundu-360x203.jpg 360w, https:\/\/akunq.net\/tr\/wp-content\/uploads\/sites\/6\/2022\/01\/Mardin\u2019de-bulundu-768x432.jpg 768w, https:\/\/akunq.net\/tr\/wp-content\/uploads\/sites\/6\/2022\/01\/Mardin\u2019de-bulundu-560x315.jpg 560w, https:\/\/akunq.net\/tr\/wp-content\/uploads\/sites\/6\/2022\/01\/Mardin\u2019de-bulundu-260x146.jpg 260w, https:\/\/akunq.net\/tr\/wp-content\/uploads\/sites\/6\/2022\/01\/Mardin\u2019de-bulundu-160x90.jpg 160w, https:\/\/akunq.net\/tr\/wp-content\/uploads\/sites\/6\/2022\/01\/Mardin\u2019de-bulundu.jpg 1200w\" sizes=\"auto, (max-width: 360px) 100vw, 360px\" \/><\/p>\n<p><strong>Selim KAYA- Nezir G\u00dcNE\u015e\/MARD\u0130N (DHA)<\/strong><\/p>\n<p><em><strong>Mardin\u2019deki Dara Antik Kenti\u2019nde \u00fcst\u00fcnde Aziz Menas\u2019\u0131n fig\u00fcr\u00fc olan 1400 y\u0131ll\u0131k ampulla (Roma\u2019da camdan veya pi\u015fmi\u015f topraktan yap\u0131lan \u015fi\u015fe) bulundu. Kaz\u0131 Ba\u015fkan\u0131 Do\u00e7. Dr. H\u00fcseyin Metin, s\u00f6z konusu ampullan\u0131n o d\u00f6nemlerde ya\u015fayan hac\u0131lar taraf\u0131ndan kokulu kutsal su veya ya\u011f gibi kozmetik malzemeleri ta\u015f\u0131mak i\u00e7in kullan\u0131ld\u0131\u011f\u0131n\u0131 belirterek, \u201cBunu yapan ustan\u0131n parmak izleri bile ampullada duruyor. Paha bi\u00e7ilmez, birinci s\u0131n\u0131f bir malzeme\u201d dedi.<\/strong><\/em><\/p>\n<p>Kafkas \u00dcniversitesi Fen Edebiyat Fak\u00fcltesi Arkeoloji B\u00f6l\u00fcm\u00fc \u00d6\u011fretim \u00dcyesi Do\u00e7. Dr. H\u00fcseyin Metin ba\u015fkanl\u0131\u011f\u0131nda Dara Antik Kenti\u2019nde s\u00fcrd\u00fcr\u00fclen kaz\u0131 \u00e7al\u0131\u015fmalar\u0131nda 3\u2019\u00fcnc\u00fc y\u00fczy\u0131lda M\u0131s\u0131r\u2019da do\u011fan ve Diocletianus d\u00f6neminde Hristiyan katliamlar\u0131 sonucu \u00f6ld\u00fcr\u00fclen Aziz Menas\u2018\u0131n fig\u00fcr\u00fc bulunan 1400 y\u0131ll\u0131k ampulla bulundu.<\/p>\n<p>K\u00fclt\u00fcr Varl\u0131klar\u0131 ve M\u00fczeler Genel M\u00fcd\u00fcrl\u00fc\u011f\u00fc, T\u00fcrk Tarih Kurumu, Dicle Kalk\u0131nma Ajans\u0131, Mardin Valili\u011fi, Mardin B\u00fcy\u00fck\u015fehir Belediyesi, Mardin \u0130lk K\u00fclt\u00fcr ve M\u00fcze M\u00fcd\u00fcrl\u00fc\u011f\u00fc deste\u011fi ile Dara Antik Kenti\u2019nde 2020 y\u0131l\u0131ndan bu yana kaz\u0131 \u00e7al\u0131\u015fmalar\u0131n\u0131 titizlikle s\u00fcrd\u00fcrd\u00fcklerini s\u00f6yleyen Do\u00e7. Dr. H\u00fcseyin Metin, \u201c1400 y\u0131ll\u0131k bu ampulla o d\u00f6nemlerde ya\u015fayan hac\u0131lar taraf\u0131ndan kokulu kutsal su veya ya\u011f gibi kozmetik \u00fcr\u00fcnleri ta\u015f\u0131mak i\u00e7in kullan\u0131l\u0131rd\u0131. B\u00f6ylece bu bulgu ile Dara\u2019dan M\u0131s\u0131r\u2019a kutsal hac yolculu\u011fu yap\u0131ld\u0131\u011f\u0131 ortaya \u00e7\u0131kt\u0131. Dara\u2019dan M\u0131s\u0131r\u2019a gidenler d\u00f6n\u00fc\u015fte kokulu kutsal su veya ya\u011f gibi kozmetik \u00fcr\u00fcnlerini bu ampulla i\u00e7inde muhafaza ediyorlard\u0131\u201d diye konu\u015ftu.<\/p>\n<p><strong>\u201cPAHA B\u0130\u00c7\u0130LMEZ B\u0130R ESER\u201d<\/strong><\/p>\n<p>Do\u00e7. Dr. Metin, ampulla \u00fczerindeki Aziz Menas\u2019\u0131n fig\u00fcr\u00fcne dikkat \u00e7ekerek, bunun hikayesinin de son derece \u00f6nemli oldu\u011funu belirterek, \u015f\u00f6yle konu\u015ftu:<\/p>\n<p>\u201cDara\u2019da kaz\u0131larda buldu\u011fumuz bu eser en iyi buluntular\u0131ndan bir tanesi. Buluntunun ayn\u0131 zamanda bir hikayesi var. Ampulla, antik d\u00f6nemde kutsal merkezlerde hac vazifesini g\u00f6ren hac\u0131lar\u0131n gitti\u011fi yerlerden kendi memleketlerine g\u00f6t\u00fcrd\u00fc\u011f\u00fc bir nevi g\u00fcn\u00fcm\u00fcz\u00fcn koku kaplar\u0131yla benzer bir \u00f6zellik ta\u015f\u0131yor. Ortada bir aziz fig\u00fcr\u00fc var. \u0130ki yan\u0131nda diz \u00e7\u00f6km\u00fc\u015f develer ve en \u00fcst\u00fcnde ha\u00e7 motifleri yer almaktad\u0131r. Bu ampullalar olduk\u00e7a standart formlara sahiptir. Bir\u00e7ok kaz\u0131 buluntusu \u00e7\u0131kan yerlerde birebir benzer \u00f6rnekleri vard\u0131r. Bunlar\u0131n Afrika, Anadolu, Avrupa ve Suriye\u2019nin baz\u0131 kesimlerinde \u00f6rnekleri vard\u0131r. Bat\u0131 Anadolu\u2019da bulunan \u00f6rnekler olduk\u00e7a standartt\u0131r ve Bat\u0131 Anadolu ampullalar\u0131 olarak adland\u0131r\u0131l\u0131yor ve elimizde g\u00f6rd\u00fc\u011f\u00fcm\u00fcz formlardan olduk\u00e7a farkl\u0131d\u0131r. Buradaki azizin hikayesine gelecek olursak, azizin 3\u2019\u00fcnc\u00fc y\u00fczy\u0131l\u0131n sonlar\u0131nda Diocletianus d\u00f6neminde Frigya B\u00f6lgesi\u2019nde bir asker olarak bulundu\u011funu biliyoruz. Ancak aziz, Hristiyan olduktan sonra ve Diocletianus Hristiyanlara yapm\u0131\u015f oldu\u011fu zul\u00fcmden dolay\u0131 askerden ayr\u0131lm\u0131\u015f ve inzivaya \u00e7ekilmi\u015ftir. Tabii bunu haber alan imparator kendisini \u00f6ld\u00fcrm\u00fc\u015f. B\u00f6ylelikle m\u00fcritleri taraf\u0131ndan daha sonraki d\u00f6nemde naa\u015f\u0131 al\u0131narak \u0130skenderiye\u2019de Ebu Mena b\u00f6lgesinde g\u00f6m\u00fcld\u00fc\u011f\u00fcn\u00fc biliyoruz. Buraya giden hac\u0131lar Ebu Aziz Menas\u2019\u0131 ziyaret ederek hac vazifesini g\u00f6rd\u00fc\u011f\u00fc anlam\u0131na geliyor ve geldikleri yerlerde de bu tip malzemeleri i\u00e7erisinde kutsal su, ya\u011f veya koku gibi kozmetik \u00fcr\u00fcnleri getirirlerdi. Tabi Dara\u2019da bunun \u00e7\u0131kmas\u0131n\u0131n \u00e7ok \u00f6nemli bir \u00f6zelli\u011fi var. \u00c7\u00fcnk\u00fc bu buluntu daha \u00f6nce burada \u00e7\u0131kmam\u0131\u015ft\u0131. Dolay\u0131s\u0131yla da Dara\u2019da 6\u2019nc\u0131 y\u00fczy\u0131lda Hristiyan n\u00fcfusu yo\u011fun olarak ya\u015fam\u0131\u015f. \u0130skenderiye\u2019deki Ebu Mena\u2019ya hac vazifesini g\u00f6rmek i\u00e7in giden sivillerin oldu\u011funu bu malzemeyle tespit etmi\u015f olduk. Ampullay\u0131 yapm\u0131\u015f oldu\u011fumuz bilimsel \u00e7al\u0131\u015fmalar neticesinde bunun 1400 y\u0131ll\u0131k oldu\u011funu belirledik. Birinci s\u0131n\u0131f kal\u0131ptan \u00e7\u0131kma bir malzeme ve \u00fcst\u00fcnde hala bunu yapan ustan\u0131n parmak izleri duruyor. Paha bi\u00e7ilmez bir eser.\u201d<\/p>\n<hr \/>\n<p><em><strong><a href=\"https:\/\/www.hurriyet.com.tr\/gundem\/mardinde-bulundu-1400-yillik-paha-bicilmez-diyerek-anlatti-41979306\" target=\"_blank\" rel=\"noopener noreferrer\">H\u00fcrriyet Gazetesi<\/a>\u00a0<\/strong><\/em><\/p>\n","protected":false},"excerpt":{"rendered":"<p>Selim KAYA- Nezir G\u00dcNE\u015e\/MARD\u0130N (DHA) Mardin\u2019deki Dara Antik Kenti\u2019nde \u00fcst\u00fcnde Aziz Menas\u2019\u0131n fig\u00fcr\u00fc olan 1400 y\u0131ll\u0131k ampulla (Roma\u2019da camdan veya pi\u015fmi\u015f topraktan yap\u0131lan \u015fi\u015fe) bulundu. Kaz\u0131 Ba\u015fkan\u0131 Do\u00e7. Dr. H\u00fcseyin Metin, s\u00f6z konusu ampullan\u0131n o d\u00f6nemlerde ya\u015fayan hac\u0131lar taraf\u0131ndan kokulu kutsal su veya ya\u011f gibi kozmetik malzemeleri ta\u015f\u0131mak i\u00e7in kullan\u0131ld\u0131\u011f\u0131n\u0131 belirterek, \u201cBunu yapan ustan\u0131n parmak [&hellip;]<\/p>\n","protected":false},"author":7,"featured_media":66545,"comment_status":"open","ping_status":"open","sticky":false,"template":"","format":"standard","meta":{"footnotes":""},"categories":[1],"tags":[],"class_list":["post-66544","post","type-post","status-publish","format-standard","has-post-thumbnail","hentry","category-haberler"],"yoast_head":"<!-- This site is optimized with the Yoast SEO plugin v27.4 - https:\/\/yoast.com\/product\/yoast-seo-wordpress\/ -->\n<title>Mardin\u2019de bulundu, 1400 y\u0131ll\u0131k\u2026 \u2018Paha bi\u00e7ilmez\u2019 diyerek anlatt\u0131 - Bati Ermenistan Ve Bati Ermenileri Sorunlari Ara\u015ftirmalar Merkezi<\/title>\n<meta name=\"robots\" content=\"index, follow, max-snippet:-1, max-image-preview:large, max-video-preview:-1\" \/>\n<link rel=\"canonical\" href=\"https:\/\/akunq.net\/tr\/?p=66544\" \/>\n<meta property=\"og:locale\" content=\"en_US\" \/>\n<meta property=\"og:type\" content=\"article\" \/>\n<meta property=\"og:title\" content=\"Mardin\u2019de bulundu, 1400 y\u0131ll\u0131k\u2026 \u2018Paha bi\u00e7ilmez\u2019 diyerek anlatt\u0131 - Bati Ermenistan Ve Bati Ermenileri Sorunlari Ara\u015ftirmalar Merkezi\" \/>\n<meta property=\"og:description\" content=\"Selim KAYA- Nezir G\u00dcNE\u015e\/MARD\u0130N (DHA) Mardin\u2019deki Dara Antik Kenti\u2019nde \u00fcst\u00fcnde Aziz Menas\u2019\u0131n fig\u00fcr\u00fc olan 1400 y\u0131ll\u0131k ampulla (Roma\u2019da camdan veya pi\u015fmi\u015f topraktan yap\u0131lan \u015fi\u015fe) bulundu. Kaz\u0131 Ba\u015fkan\u0131 Do\u00e7. Dr. H\u00fcseyin Metin, s\u00f6z konusu ampullan\u0131n o d\u00f6nemlerde ya\u015fayan hac\u0131lar taraf\u0131ndan kokulu kutsal su veya ya\u011f gibi kozmetik malzemeleri ta\u015f\u0131mak i\u00e7in kullan\u0131ld\u0131\u011f\u0131n\u0131 belirterek, \u201cBunu yapan ustan\u0131n parmak [&hellip;]\" \/>\n<meta property=\"og:url\" content=\"https:\/\/akunq.net\/tr\/?p=66544\" \/>\n<meta property=\"og:site_name\" content=\"Bati Ermenistan Ve Bati Ermenileri Sorunlari Ara\u015ftirmalar Merkezi\" \/>\n<meta property=\"article:published_time\" content=\"2022-01-12T07:40:48+00:00\" \/>\n<meta property=\"og:image\" content=\"https:\/\/akunq.net\/tr\/wp-content\/uploads\/sites\/6\/2022\/01\/Mardin\u2019de-bulundu.jpg\" \/>\n\t<meta property=\"og:image:width\" content=\"1200\" \/>\n\t<meta property=\"og:image:height\" content=\"675\" \/>\n\t<meta property=\"og:image:type\" content=\"image\/jpeg\" \/>\n<meta name=\"author\" content=\"admin\" \/>\n<meta name=\"twitter:card\" content=\"summary_large_image\" \/>\n<meta name=\"twitter:label1\" content=\"Written by\" \/>\n\t<meta name=\"twitter:data1\" content=\"admin\" \/>\n\t<meta name=\"twitter:label2\" content=\"Est. reading time\" \/>\n\t<meta name=\"twitter:data2\" content=\"3 minutes\" \/>\n<script type=\"application\/ld+json\" class=\"yoast-schema-graph\">{\"@context\":\"https:\\\/\\\/schema.org\",\"@graph\":[{\"@type\":\"Article\",\"@id\":\"https:\\\/\\\/akunq.net\\\/tr\\\/?p=66544#article\",\"isPartOf\":{\"@id\":\"https:\\\/\\\/akunq.net\\\/tr\\\/?p=66544\"},\"author\":{\"name\":\"admin\",\"@id\":\"https:\\\/\\\/akunq.net\\\/tr\\\/#\\\/schema\\\/person\\\/096f1d38a12cce57fb855b485ed24c9e\"},\"headline\":\"Mardin\u2019de bulundu, 1400 y\u0131ll\u0131k\u2026 \u2018Paha bi\u00e7ilmez\u2019 diyerek anlatt\u0131\",\"datePublished\":\"2022-01-12T07:40:48+00:00\",\"mainEntityOfPage\":{\"@id\":\"https:\\\/\\\/akunq.net\\\/tr\\\/?p=66544\"},\"wordCount\":699,\"commentCount\":0,\"image\":{\"@id\":\"https:\\\/\\\/akunq.net\\\/tr\\\/?p=66544#primaryimage\"},\"thumbnailUrl\":\"https:\\\/\\\/akunq.net\\\/tr\\\/wp-content\\\/uploads\\\/sites\\\/6\\\/2022\\\/01\\\/Mardin\u2019de-bulundu.jpg\",\"articleSection\":[\"Haberler\"],\"inLanguage\":\"en-US\",\"potentialAction\":[{\"@type\":\"CommentAction\",\"name\":\"Comment\",\"target\":[\"https:\\\/\\\/akunq.net\\\/tr\\\/?p=66544#respond\"]}]},{\"@type\":\"WebPage\",\"@id\":\"https:\\\/\\\/akunq.net\\\/tr\\\/?p=66544\",\"url\":\"https:\\\/\\\/akunq.net\\\/tr\\\/?p=66544\",\"name\":\"Mardin\u2019de bulundu, 1400 y\u0131ll\u0131k\u2026 \u2018Paha bi\u00e7ilmez\u2019 diyerek anlatt\u0131 - Bati Ermenistan Ve Bati Ermenileri Sorunlari Ara\u015ftirmalar Merkezi\",\"isPartOf\":{\"@id\":\"https:\\\/\\\/akunq.net\\\/tr\\\/#website\"},\"primaryImageOfPage\":{\"@id\":\"https:\\\/\\\/akunq.net\\\/tr\\\/?p=66544#primaryimage\"},\"image\":{\"@id\":\"https:\\\/\\\/akunq.net\\\/tr\\\/?p=66544#primaryimage\"},\"thumbnailUrl\":\"https:\\\/\\\/akunq.net\\\/tr\\\/wp-content\\\/uploads\\\/sites\\\/6\\\/2022\\\/01\\\/Mardin\u2019de-bulundu.jpg\",\"datePublished\":\"2022-01-12T07:40:48+00:00\",\"author\":{\"@id\":\"https:\\\/\\\/akunq.net\\\/tr\\\/#\\\/schema\\\/person\\\/096f1d38a12cce57fb855b485ed24c9e\"},\"breadcrumb\":{\"@id\":\"https:\\\/\\\/akunq.net\\\/tr\\\/?p=66544#breadcrumb\"},\"inLanguage\":\"en-US\",\"potentialAction\":[{\"@type\":\"ReadAction\",\"target\":[\"https:\\\/\\\/akunq.net\\\/tr\\\/?p=66544\"]}]},{\"@type\":\"ImageObject\",\"inLanguage\":\"en-US\",\"@id\":\"https:\\\/\\\/akunq.net\\\/tr\\\/?p=66544#primaryimage\",\"url\":\"https:\\\/\\\/akunq.net\\\/tr\\\/wp-content\\\/uploads\\\/sites\\\/6\\\/2022\\\/01\\\/Mardin\u2019de-bulundu.jpg\",\"contentUrl\":\"https:\\\/\\\/akunq.net\\\/tr\\\/wp-content\\\/uploads\\\/sites\\\/6\\\/2022\\\/01\\\/Mardin\u2019de-bulundu.jpg\",\"width\":1200,\"height\":675},{\"@type\":\"BreadcrumbList\",\"@id\":\"https:\\\/\\\/akunq.net\\\/tr\\\/?p=66544#breadcrumb\",\"itemListElement\":[{\"@type\":\"ListItem\",\"position\":1,\"name\":\"Home\",\"item\":\"https:\\\/\\\/akunq.net\\\/tr\"},{\"@type\":\"ListItem\",\"position\":2,\"name\":\"Mardin\u2019de bulundu, 1400 y\u0131ll\u0131k\u2026 \u2018Paha bi\u00e7ilmez\u2019 diyerek anlatt\u0131\"}]},{\"@type\":\"WebSite\",\"@id\":\"https:\\\/\\\/akunq.net\\\/tr\\\/#website\",\"url\":\"https:\\\/\\\/akunq.net\\\/tr\\\/\",\"name\":\"Bati Ermenistan Ve Bati Ermenileri Sorunlari Ara\u015ftirmalar Merkezi\",\"description\":\"\",\"potentialAction\":[{\"@type\":\"SearchAction\",\"target\":{\"@type\":\"EntryPoint\",\"urlTemplate\":\"https:\\\/\\\/akunq.net\\\/tr\\\/?s={search_term_string}\"},\"query-input\":{\"@type\":\"PropertyValueSpecification\",\"valueRequired\":true,\"valueName\":\"search_term_string\"}}],\"inLanguage\":\"en-US\"},{\"@type\":\"Person\",\"@id\":\"https:\\\/\\\/akunq.net\\\/tr\\\/#\\\/schema\\\/person\\\/096f1d38a12cce57fb855b485ed24c9e\",\"name\":\"admin\",\"url\":\"https:\\\/\\\/akunq.net\\\/tr\\\/?author=7\"}]}<\/script>\n<!-- \/ Yoast SEO plugin. -->","yoast_head_json":{"title":"Mardin\u2019de bulundu, 1400 y\u0131ll\u0131k\u2026 \u2018Paha bi\u00e7ilmez\u2019 diyerek anlatt\u0131 - Bati Ermenistan Ve Bati Ermenileri Sorunlari Ara\u015ftirmalar Merkezi","robots":{"index":"index","follow":"follow","max-snippet":"max-snippet:-1","max-image-preview":"max-image-preview:large","max-video-preview":"max-video-preview:-1"},"canonical":"https:\/\/akunq.net\/tr\/?p=66544","og_locale":"en_US","og_type":"article","og_title":"Mardin\u2019de bulundu, 1400 y\u0131ll\u0131k\u2026 \u2018Paha bi\u00e7ilmez\u2019 diyerek anlatt\u0131 - Bati Ermenistan Ve Bati Ermenileri Sorunlari Ara\u015ftirmalar Merkezi","og_description":"Selim KAYA- Nezir G\u00dcNE\u015e\/MARD\u0130N (DHA) Mardin\u2019deki Dara Antik Kenti\u2019nde \u00fcst\u00fcnde Aziz Menas\u2019\u0131n fig\u00fcr\u00fc olan 1400 y\u0131ll\u0131k ampulla (Roma\u2019da camdan veya pi\u015fmi\u015f topraktan yap\u0131lan \u015fi\u015fe) bulundu. Kaz\u0131 Ba\u015fkan\u0131 Do\u00e7. Dr. H\u00fcseyin Metin, s\u00f6z konusu ampullan\u0131n o d\u00f6nemlerde ya\u015fayan hac\u0131lar taraf\u0131ndan kokulu kutsal su veya ya\u011f gibi kozmetik malzemeleri ta\u015f\u0131mak i\u00e7in kullan\u0131ld\u0131\u011f\u0131n\u0131 belirterek, \u201cBunu yapan ustan\u0131n parmak [&hellip;]","og_url":"https:\/\/akunq.net\/tr\/?p=66544","og_site_name":"Bati Ermenistan Ve Bati Ermenileri Sorunlari Ara\u015ftirmalar Merkezi","article_published_time":"2022-01-12T07:40:48+00:00","og_image":[{"width":1200,"height":675,"url":"https:\/\/akunq.net\/tr\/wp-content\/uploads\/sites\/6\/2022\/01\/Mardin\u2019de-bulundu.jpg","type":"image\/jpeg"}],"author":"admin","twitter_card":"summary_large_image","twitter_misc":{"Written by":"admin","Est. reading time":"3 minutes"},"schema":{"@context":"https:\/\/schema.org","@graph":[{"@type":"Article","@id":"https:\/\/akunq.net\/tr\/?p=66544#article","isPartOf":{"@id":"https:\/\/akunq.net\/tr\/?p=66544"},"author":{"name":"admin","@id":"https:\/\/akunq.net\/tr\/#\/schema\/person\/096f1d38a12cce57fb855b485ed24c9e"},"headline":"Mardin\u2019de bulundu, 1400 y\u0131ll\u0131k\u2026 \u2018Paha bi\u00e7ilmez\u2019 diyerek anlatt\u0131","datePublished":"2022-01-12T07:40:48+00:00","mainEntityOfPage":{"@id":"https:\/\/akunq.net\/tr\/?p=66544"},"wordCount":699,"commentCount":0,"image":{"@id":"https:\/\/akunq.net\/tr\/?p=66544#primaryimage"},"thumbnailUrl":"https:\/\/akunq.net\/tr\/wp-content\/uploads\/sites\/6\/2022\/01\/Mardin\u2019de-bulundu.jpg","articleSection":["Haberler"],"inLanguage":"en-US","potentialAction":[{"@type":"CommentAction","name":"Comment","target":["https:\/\/akunq.net\/tr\/?p=66544#respond"]}]},{"@type":"WebPage","@id":"https:\/\/akunq.net\/tr\/?p=66544","url":"https:\/\/akunq.net\/tr\/?p=66544","name":"Mardin\u2019de bulundu, 1400 y\u0131ll\u0131k\u2026 \u2018Paha bi\u00e7ilmez\u2019 diyerek anlatt\u0131 - Bati Ermenistan Ve Bati Ermenileri Sorunlari Ara\u015ftirmalar Merkezi","isPartOf":{"@id":"https:\/\/akunq.net\/tr\/#website"},"primaryImageOfPage":{"@id":"https:\/\/akunq.net\/tr\/?p=66544#primaryimage"},"image":{"@id":"https:\/\/akunq.net\/tr\/?p=66544#primaryimage"},"thumbnailUrl":"https:\/\/akunq.net\/tr\/wp-content\/uploads\/sites\/6\/2022\/01\/Mardin\u2019de-bulundu.jpg","datePublished":"2022-01-12T07:40:48+00:00","author":{"@id":"https:\/\/akunq.net\/tr\/#\/schema\/person\/096f1d38a12cce57fb855b485ed24c9e"},"breadcrumb":{"@id":"https:\/\/akunq.net\/tr\/?p=66544#breadcrumb"},"inLanguage":"en-US","potentialAction":[{"@type":"ReadAction","target":["https:\/\/akunq.net\/tr\/?p=66544"]}]},{"@type":"ImageObject","inLanguage":"en-US","@id":"https:\/\/akunq.net\/tr\/?p=66544#primaryimage","url":"https:\/\/akunq.net\/tr\/wp-content\/uploads\/sites\/6\/2022\/01\/Mardin\u2019de-bulundu.jpg","contentUrl":"https:\/\/akunq.net\/tr\/wp-content\/uploads\/sites\/6\/2022\/01\/Mardin\u2019de-bulundu.jpg","width":1200,"height":675},{"@type":"BreadcrumbList","@id":"https:\/\/akunq.net\/tr\/?p=66544#breadcrumb","itemListElement":[{"@type":"ListItem","position":1,"name":"Home","item":"https:\/\/akunq.net\/tr"},{"@type":"ListItem","position":2,"name":"Mardin\u2019de bulundu, 1400 y\u0131ll\u0131k\u2026 \u2018Paha bi\u00e7ilmez\u2019 diyerek anlatt\u0131"}]},{"@type":"WebSite","@id":"https:\/\/akunq.net\/tr\/#website","url":"https:\/\/akunq.net\/tr\/","name":"Bati Ermenistan Ve Bati Ermenileri Sorunlari Ara\u015ftirmalar Merkezi","description":"","potentialAction":[{"@type":"SearchAction","target":{"@type":"EntryPoint","urlTemplate":"https:\/\/akunq.net\/tr\/?s={search_term_string}"},"query-input":{"@type":"PropertyValueSpecification","valueRequired":true,"valueName":"search_term_string"}}],"inLanguage":"en-US"},{"@type":"Person","@id":"https:\/\/akunq.net\/tr\/#\/schema\/person\/096f1d38a12cce57fb855b485ed24c9e","name":"admin","url":"https:\/\/akunq.net\/tr\/?author=7"}]}},"_links":{"self":[{"href":"https:\/\/akunq.net\/tr\/index.php?rest_route=\/wp\/v2\/posts\/66544","targetHints":{"allow":["GET"]}}],"collection":[{"href":"https:\/\/akunq.net\/tr\/index.php?rest_route=\/wp\/v2\/posts"}],"about":[{"href":"https:\/\/akunq.net\/tr\/index.php?rest_route=\/wp\/v2\/types\/post"}],"author":[{"embeddable":true,"href":"https:\/\/akunq.net\/tr\/index.php?rest_route=\/wp\/v2\/users\/7"}],"replies":[{"embeddable":true,"href":"https:\/\/akunq.net\/tr\/index.php?rest_route=%2Fwp%2Fv2%2Fcomments&post=66544"}],"version-history":[{"count":1,"href":"https:\/\/akunq.net\/tr\/index.php?rest_route=\/wp\/v2\/posts\/66544\/revisions"}],"predecessor-version":[{"id":66546,"href":"https:\/\/akunq.net\/tr\/index.php?rest_route=\/wp\/v2\/posts\/66544\/revisions\/66546"}],"wp:featuredmedia":[{"embeddable":true,"href":"https:\/\/akunq.net\/tr\/index.php?rest_route=\/wp\/v2\/media\/66545"}],"wp:attachment":[{"href":"https:\/\/akunq.net\/tr\/index.php?rest_route=%2Fwp%2Fv2%2Fmedia&parent=66544"}],"wp:term":[{"taxonomy":"category","embeddable":true,"href":"https:\/\/akunq.net\/tr\/index.php?rest_route=%2Fwp%2Fv2%2Fcategories&post=66544"},{"taxonomy":"post_tag","embeddable":true,"href":"https:\/\/akunq.net\/tr\/index.php?rest_route=%2Fwp%2Fv2%2Ftags&post=66544"}],"curies":[{"name":"wp","href":"https:\/\/api.w.org\/{rel}","templated":true}]}}