{"id":66538,"date":"2022-01-12T02:27:58","date_gmt":"2022-01-12T07:27:58","guid":{"rendered":"https:\/\/akunq.net\/tr\/?p=66538"},"modified":"2022-01-12T02:27:58","modified_gmt":"2022-01-12T07:27:58","slug":"kentin-tarihini-degistirecek-kesif-kanitlandi","status":"publish","type":"post","link":"https:\/\/akunq.net\/tr\/?p=66538","title":{"rendered":"Kentin tarihini de\u011fi\u015ftirecek ke\u015fif! Kan\u0131tland\u0131"},"content":{"rendered":"<p><img loading=\"lazy\" decoding=\"async\" class=\"aligncenter size-medium wp-image-66539\" src=\"https:\/\/akunq.net\/tr\/wp-content\/uploads\/2022\/01\/Bartin-360x203.jpg\" alt=\"\" width=\"360\" height=\"203\" srcset=\"https:\/\/akunq.net\/tr\/wp-content\/uploads\/sites\/6\/2022\/01\/Bartin-360x203.jpg 360w, https:\/\/akunq.net\/tr\/wp-content\/uploads\/sites\/6\/2022\/01\/Bartin-768x432.jpg 768w, https:\/\/akunq.net\/tr\/wp-content\/uploads\/sites\/6\/2022\/01\/Bartin-560x315.jpg 560w, https:\/\/akunq.net\/tr\/wp-content\/uploads\/sites\/6\/2022\/01\/Bartin-260x146.jpg 260w, https:\/\/akunq.net\/tr\/wp-content\/uploads\/sites\/6\/2022\/01\/Bartin-160x90.jpg 160w, https:\/\/akunq.net\/tr\/wp-content\/uploads\/sites\/6\/2022\/01\/Bartin.jpg 1200w\" sizes=\"auto, (max-width: 360px) 100vw, 360px\" \/><\/p>\n<p><strong>Ayhan ACAR\/BARTIN, (DHA)<\/strong><\/p>\n<p><em><strong>Bart\u0131n \u00dcniversitesi Edebiyat Fak\u00fcltesi Sanat Tarihi B\u00f6l\u00fcm Ba\u015fkan\u0131 Do\u00e7. Dr. Fatma Ba\u011fdatl\u0131 \u00c7am taraf\u0131ndan 7 \u00fcniversiteden gelen akademisyenler ve K\u00fclt\u00fcr ve Turizm Bakanl\u0131\u011f\u0131 personeli ile birlikte 4 y\u0131ld\u0131r y\u00fcr\u00fct\u00fclen, \u2018Bart\u0131n \u0130li ve \u0130l\u00e7eleri Y\u00fczey Ara\u015ft\u0131rmas\u0131, Bart\u0131n\u2019\u0131n Ta\u015f \u00c7a\u011flar\u0131\u2019ndan Osmanl\u0131 D\u00f6nemi\u2019nin Sonuna Kadar Olan D\u00f6nemlere Ait K\u00fclt\u00fcr Varl\u0131klar\u0131n\u0131n Tespiti ve Belgelenmesi Projesi\u2019 kapsam\u0131nda yap\u0131lan \u00e7al\u0131\u015fmalar tamamland\u0131. Ulus ve Amasra il\u00e7eleriyle merkeze ba\u011fl\u0131 Mugada, Karasu, Be\u015fk\u00f6pr\u00fc, Ar\u0131\u00f6n\u00fc, G\u00fczelcehisar, Kocareis ve Ar\u0131t k\u00f6ylerinde y\u00fczey ara\u015ft\u0131rmalar\u0131 yap\u0131ld\u0131. 2021 y\u0131l\u0131nda kent merkezinde bulunan h\u00f6y\u00fckte yap\u0131lan y\u00fczey \u00e7al\u0131\u015fmalar\u0131 ve kaz\u0131larda, kent tarihinin 5 bin y\u0131l \u00f6ncesine dayand\u0131\u011f\u0131n\u0131 kan\u0131tlayan Kalkolitik ya da Erken Tun\u00e7 \u00c7a\u011f\u0131\u2019na ait buluntulara rastlan\u0131ld\u0131.<\/strong><\/em><\/p>\n<p><strong>\u2018KENT MERKEZ\u0130NDE 5 B\u0130N YIL \u00d6NCE YERLE\u015e\u0130M G\u00d6R\u00dcYORUZ\u2019<\/strong><\/p>\n<p>\u00c7al\u0131\u015fmalar\u0131n 2017 y\u0131l\u0131ndan bu yana devam etti\u011fini belirten Do\u00e7. Dr. Fatma Ba\u011fdatl\u0131 \u00c7am, \u015f\u00f6yle konu\u015ftu:<\/p>\n<p>\u201cBart\u0131n \u00dcniversitesi Arkeoloji ve Ara\u015ft\u0131rma merkezi olarak 2017 y\u0131l\u0131ndan bu yana Bart\u0131n ili ve \u00e7evresinde y\u00fczey ara\u015ft\u0131rmalar\u0131 yap\u0131ld\u0131. Bu projemizi, 7 farkl\u0131 \u00fcniversiteden \u00f6\u011fretim \u00fcyeleri, uzmanlar ve \u00f6\u011frencilerin kat\u0131l\u0131m\u0131yla y\u00fcr\u00fctmekteyiz. 2017 y\u0131l\u0131ndan bu yana yapt\u0131\u011f\u0131m\u0131z \u00e7al\u0131\u015fmalarda Bart\u0131n\u2019\u0131n ge\u00e7mi\u015fini, yerle\u015fim tarihini ayd\u0131nlatmaya \u00e7al\u0131\u015f\u0131yoruz. 2021 y\u0131l\u0131nda yapt\u0131\u011f\u0131m\u0131z \u00e7al\u0131\u015fmalarda Bart\u0131n kent merkezinin milattan \u00f6nce 3 bin y\u0131l \u00f6nce, Erken Tun\u00e7 d\u00f6neminden itibaren yerle\u015fim g\u00f6rd\u00fc\u011f\u00fcn\u00fc tespit ettik. Bu anlamda belki de Bart\u0131n kent tarihinin daha erken d\u00f6nemlere gitti\u011fini kan\u0131tlam\u0131\u015f durumday\u0131z. Ayr\u0131ca Homeros taraf\u0131ndan bahsedilen milattan \u00f6nce 8\u2019inci y\u00fczy\u0131ldaki Partaneus olarak bilinen antik d\u00f6nemdeki yerle\u015fimine de rastlad\u0131k. B\u00f6ylece Bart\u0131n kent merkezinin g\u00fcn\u00fcm\u00fczden 5 bin y\u0131l \u00f6nce yerle\u015fim dokular\u0131 oldu\u011funu g\u00f6r\u00fcyoruz. Bundan sonraki y\u0131llardaki \u00e7al\u0131\u015fmalar\u0131m\u0131zda, farkl\u0131 alanlardaki uzmanlar\u0131m\u0131z\u0131n da kat\u0131l\u0131m\u0131yla, \u00e7ok daha geni\u015f bir ekiple projemize devam edece\u011fiz. Bu \u00e7al\u0131\u015fma sadece Bart\u0131n merkezde de\u011fil, il s\u0131n\u0131rlar\u0131nda 2019 y\u0131l\u0131ndaki \u00e7al\u0131\u015fmalar\u0131m\u0131zda Erken Tun\u00e7 ve Kalkolitik d\u00f6neme ait izlere de rastlam\u0131\u015ft\u0131k. 2021 y\u0131l\u0131nda da kent merkezinde de yapt\u0131\u011f\u0131m\u0131z \u00e7al\u0131\u015fmalarda Tun\u00e7 d\u00f6nemine rastlamam\u0131z bizlere b\u00fcy\u00fck mutluluk verdi.\u201d<\/p>\n<p><strong>\u2018\u00c7ALI\u015eMALARIN SINIRLI OLMASI NEDEN\u0130YLE BU TESP\u0130TLER GER\u00c7EKLE\u015eMEM\u0130\u015e\u2019<\/strong><\/p>\n<p>Bat\u0131 Karadeniz\u2019de \u00e7ok yo\u011fun orman varl\u0131\u011f\u0131 oldu\u011funun alt\u0131n\u0131 \u00e7izen Do\u00e7. Dr. Fatma Ba\u011fdatl\u0131 \u00c7am, \u201c\u0130\u00e7inde bulundu\u011fumuz Bat\u0131 Karadeniz b\u00f6lgesi, Pafloganya b\u00f6lgesidir. Bu b\u00f6lgede \u00e7ok yo\u011fun ormanl\u0131k alanlar\u0131n oldu\u011funu biliyoruz. Bug\u00fcne kadar yap\u0131lan \u00e7al\u0131\u015fmalar \u00e7ok s\u0131n\u0131rl\u0131 kalm\u0131\u015f. Ancak son y\u0131llarda arkeolojik \u00e7al\u0131\u015fmalara h\u0131z verildi. Biz bundan sonraki \u00e7al\u0131\u015fmalar\u0131m\u0131zda daha erken d\u00f6nemlere giden bulgulara da ula\u015faca\u011f\u0131m\u0131z\u0131 tahmin ediyoruz. \u00c7\u00fcnk\u00fc Bat\u0131 Karadeniz\u2019in i\u00e7 b\u00f6lgelere, yani K\u00fcre Da\u011flar\u0131na yak\u0131n ba\u015flad\u0131\u011f\u0131 noktada bulunuyor. Yine 2021 y\u0131l\u0131nda Ulus il\u00e7esindeki yapt\u0131\u011f\u0131m\u0131z \u00e7al\u0131\u015fmalarda \u00e7ok yo\u011fun yerle\u015fim yerleri tespit etmemiz bu \u00f6ng\u00f6r\u00fcy\u00fc de kan\u0131tlam\u0131\u015f oluyor. Sadece arkeolojik ara\u015ft\u0131rmalar\u0131n s\u0131n\u0131rl\u0131 olmas\u0131 nedeniyle bu tespitlerin ger\u00e7ekle\u015fmemi\u015f oldu\u011funu g\u00f6r\u00fcyoruz\u201d dedi.<\/p>\n<p><strong>\u2018\u00c7OK FAZLA KA\u00c7AK KAZI G\u00d6RD\u00dcK\u2019<\/strong><\/p>\n<p>\u00c7o\u011fu tarihi eserin tahrip edildi\u011fini belirten Do\u00e7. Dr. Fatma Ba\u011fdatl\u0131 \u00c7am, s\u00f6zlerini \u015f\u00f6yle s\u00fcrd\u00fcrd\u00fc:<\/p>\n<p>\u201c2019 ve 2021 y\u0131l\u0131nda yapt\u0131\u011f\u0131m\u0131z y\u00fczey ara\u015ft\u0131rmalar\u0131nda \u00e7ok fazla ka\u00e7ak kaz\u0131 oldu\u011funu g\u00f6rd\u00fck. Bu eserlerin Osmanl\u0131, belki Bizans d\u00f6neminden tahrip olmaya ba\u015flad\u0131\u011f\u0131n\u0131 da g\u00f6rd\u00fck. Hala tahrip edilmeye devam edildi\u011fini de tespit ettik. Bu durum da bizleri \u00e7ok \u00fczd\u00fc. Ger\u00e7ekten potansiyeli \u00e7ok y\u00fcksek \u00f6nemli kan\u0131tlarla, ba\u015fka b\u00f6lgelerde g\u00f6remeyece\u011fimiz, nadir diyebilece\u011fimiz bulgularla kar\u015f\u0131la\u015ft\u0131k ve bunlar\u0131n korunamad\u0131\u011f\u0131n\u0131 g\u00f6rd\u00fck. Bart\u0131n, turizm a\u00e7\u0131s\u0131ndan \u00e7ok \u00f6nemli bir noktada oldu\u011fu i\u00e7in eserlerin korunmalar\u0131na y\u00f6nelik e\u011fitim \u00e7al\u0131\u015fmas\u0131 yap\u0131lmas\u0131 gerekir.\u201d<\/p>\n<p><strong>\u2018KENT\u0130N 3 B\u0130N YILLIK GE\u00c7M\u0130\u015e\u0130 B\u0130L\u0130NMEKTEYD\u0130\u2019<\/strong><\/p>\n<p>Bart\u0131n \u0130l K\u00fclt\u00fcr ve Turizm M\u00fcd\u00fcr\u00fc Handan Karako\u00e7 ise, \u201cAntik yazarlardan Homeros\u2019un Parthenia olarak bahsetti\u011fi b\u00f6lgemiz, 3 bin y\u0131ll\u0131k ge\u00e7mi\u015fe sahip oldu\u011fu bilinmekteydi. Yap\u0131lan ara\u015ft\u0131rmalar kapsam\u0131nda Bart\u0131n merkez ve il\u00e7eleriyle tespit edilen k\u00fclt\u00fcr varl\u0131klar\u0131 Bart\u0131n tarihinin 5 bin y\u0131l \u00f6ncesine uzand\u0131\u011f\u0131n\u0131 ortaya koymaktad\u0131r. Tabii ki bu tarih, arkeolojik ara\u015ft\u0131rmalar\u0131n geli\u015fmesi ve bilimsel kaz\u0131lar\u0131n ba\u015flamas\u0131yla ortaya \u00e7\u0131kacakt\u0131r. Do\u00e7. Dr. Fatma Ba\u011fdatl\u0131 Cam hocam\u0131z ve ekibinin s\u00fcrd\u00fc\u011f\u00fcn\u00fc \u00e7al\u0131\u015fmalar bug\u00fcn neticelerini g\u00f6stermeye ba\u015flam\u0131\u015ft\u0131r. Bart\u0131n \u015fehrinin ilk kuruldu\u011fu nokta oldu\u011funu tahmin edilen bu mevkide yap\u0131lacak detayl\u0131 \u00e7al\u0131\u015fmalar ileri de kesin sonu\u00e7lara ula\u015fmam\u0131z\u0131 sa\u011flayacakt\u0131r\u201d dedi.<\/p>\n<hr \/>\n<p><em><strong><a href=\"https:\/\/www.hurriyet.com.tr\/gundem\/kentin-tarihini-degistirecek-kesif-kanitlandi-41979329\" target=\"_blank\" rel=\"noopener noreferrer\">H\u00fcrriyet Gazetesi<\/a>\u00a0<\/strong><\/em><\/p>\n","protected":false},"excerpt":{"rendered":"<p>Ayhan ACAR\/BARTIN, (DHA) Bart\u0131n \u00dcniversitesi Edebiyat Fak\u00fcltesi Sanat Tarihi B\u00f6l\u00fcm Ba\u015fkan\u0131 Do\u00e7. Dr. Fatma Ba\u011fdatl\u0131 \u00c7am taraf\u0131ndan 7 \u00fcniversiteden gelen akademisyenler ve K\u00fclt\u00fcr ve Turizm Bakanl\u0131\u011f\u0131 personeli ile birlikte 4 y\u0131ld\u0131r y\u00fcr\u00fct\u00fclen, \u2018Bart\u0131n \u0130li ve \u0130l\u00e7eleri Y\u00fczey Ara\u015ft\u0131rmas\u0131, Bart\u0131n\u2019\u0131n Ta\u015f \u00c7a\u011flar\u0131\u2019ndan Osmanl\u0131 D\u00f6nemi\u2019nin Sonuna Kadar Olan D\u00f6nemlere Ait K\u00fclt\u00fcr Varl\u0131klar\u0131n\u0131n Tespiti ve Belgelenmesi Projesi\u2019 kapsam\u0131nda [&hellip;]<\/p>\n","protected":false},"author":7,"featured_media":66539,"comment_status":"open","ping_status":"open","sticky":false,"template":"","format":"standard","meta":{"footnotes":""},"categories":[1],"tags":[],"class_list":["post-66538","post","type-post","status-publish","format-standard","has-post-thumbnail","hentry","category-haberler"],"yoast_head":"<!-- This site is optimized with the Yoast SEO plugin v27.4 - https:\/\/yoast.com\/product\/yoast-seo-wordpress\/ -->\n<title>Kentin tarihini de\u011fi\u015ftirecek ke\u015fif! Kan\u0131tland\u0131 - Bati Ermenistan Ve Bati Ermenileri Sorunlari Ara\u015ftirmalar Merkezi<\/title>\n<meta name=\"robots\" content=\"index, follow, max-snippet:-1, max-image-preview:large, max-video-preview:-1\" \/>\n<link rel=\"canonical\" href=\"https:\/\/akunq.net\/tr\/?p=66538\" \/>\n<meta property=\"og:locale\" content=\"en_US\" \/>\n<meta property=\"og:type\" content=\"article\" \/>\n<meta property=\"og:title\" content=\"Kentin tarihini de\u011fi\u015ftirecek ke\u015fif! Kan\u0131tland\u0131 - Bati Ermenistan Ve Bati Ermenileri Sorunlari Ara\u015ftirmalar Merkezi\" \/>\n<meta property=\"og:description\" content=\"Ayhan ACAR\/BARTIN, (DHA) Bart\u0131n \u00dcniversitesi Edebiyat Fak\u00fcltesi Sanat Tarihi B\u00f6l\u00fcm Ba\u015fkan\u0131 Do\u00e7. Dr. Fatma Ba\u011fdatl\u0131 \u00c7am taraf\u0131ndan 7 \u00fcniversiteden gelen akademisyenler ve K\u00fclt\u00fcr ve Turizm Bakanl\u0131\u011f\u0131 personeli ile birlikte 4 y\u0131ld\u0131r y\u00fcr\u00fct\u00fclen, \u2018Bart\u0131n \u0130li ve \u0130l\u00e7eleri Y\u00fczey Ara\u015ft\u0131rmas\u0131, Bart\u0131n\u2019\u0131n Ta\u015f \u00c7a\u011flar\u0131\u2019ndan Osmanl\u0131 D\u00f6nemi\u2019nin Sonuna Kadar Olan D\u00f6nemlere Ait K\u00fclt\u00fcr Varl\u0131klar\u0131n\u0131n Tespiti ve Belgelenmesi Projesi\u2019 kapsam\u0131nda [&hellip;]\" \/>\n<meta property=\"og:url\" content=\"https:\/\/akunq.net\/tr\/?p=66538\" \/>\n<meta property=\"og:site_name\" content=\"Bati Ermenistan Ve Bati Ermenileri Sorunlari Ara\u015ftirmalar Merkezi\" \/>\n<meta property=\"article:published_time\" content=\"2022-01-12T07:27:58+00:00\" \/>\n<meta property=\"og:image\" content=\"https:\/\/akunq.net\/tr\/wp-content\/uploads\/sites\/6\/2022\/01\/Bartin.jpg\" \/>\n\t<meta property=\"og:image:width\" content=\"1200\" \/>\n\t<meta property=\"og:image:height\" content=\"675\" \/>\n\t<meta property=\"og:image:type\" content=\"image\/jpeg\" \/>\n<meta name=\"author\" content=\"admin\" \/>\n<meta name=\"twitter:card\" content=\"summary_large_image\" \/>\n<meta name=\"twitter:label1\" content=\"Written by\" \/>\n\t<meta name=\"twitter:data1\" content=\"admin\" \/>\n\t<meta name=\"twitter:label2\" content=\"Est. reading time\" \/>\n\t<meta name=\"twitter:data2\" content=\"4 minutes\" \/>\n<script type=\"application\/ld+json\" class=\"yoast-schema-graph\">{\"@context\":\"https:\\\/\\\/schema.org\",\"@graph\":[{\"@type\":\"Article\",\"@id\":\"https:\\\/\\\/akunq.net\\\/tr\\\/?p=66538#article\",\"isPartOf\":{\"@id\":\"https:\\\/\\\/akunq.net\\\/tr\\\/?p=66538\"},\"author\":{\"name\":\"admin\",\"@id\":\"https:\\\/\\\/akunq.net\\\/tr\\\/#\\\/schema\\\/person\\\/096f1d38a12cce57fb855b485ed24c9e\"},\"headline\":\"Kentin tarihini de\u011fi\u015ftirecek ke\u015fif! Kan\u0131tland\u0131\",\"datePublished\":\"2022-01-12T07:27:58+00:00\",\"mainEntityOfPage\":{\"@id\":\"https:\\\/\\\/akunq.net\\\/tr\\\/?p=66538\"},\"wordCount\":906,\"commentCount\":0,\"image\":{\"@id\":\"https:\\\/\\\/akunq.net\\\/tr\\\/?p=66538#primaryimage\"},\"thumbnailUrl\":\"https:\\\/\\\/akunq.net\\\/tr\\\/wp-content\\\/uploads\\\/sites\\\/6\\\/2022\\\/01\\\/Bartin.jpg\",\"articleSection\":[\"Haberler\"],\"inLanguage\":\"en-US\",\"potentialAction\":[{\"@type\":\"CommentAction\",\"name\":\"Comment\",\"target\":[\"https:\\\/\\\/akunq.net\\\/tr\\\/?p=66538#respond\"]}]},{\"@type\":\"WebPage\",\"@id\":\"https:\\\/\\\/akunq.net\\\/tr\\\/?p=66538\",\"url\":\"https:\\\/\\\/akunq.net\\\/tr\\\/?p=66538\",\"name\":\"Kentin tarihini de\u011fi\u015ftirecek ke\u015fif! Kan\u0131tland\u0131 - Bati Ermenistan Ve Bati Ermenileri Sorunlari Ara\u015ftirmalar Merkezi\",\"isPartOf\":{\"@id\":\"https:\\\/\\\/akunq.net\\\/tr\\\/#website\"},\"primaryImageOfPage\":{\"@id\":\"https:\\\/\\\/akunq.net\\\/tr\\\/?p=66538#primaryimage\"},\"image\":{\"@id\":\"https:\\\/\\\/akunq.net\\\/tr\\\/?p=66538#primaryimage\"},\"thumbnailUrl\":\"https:\\\/\\\/akunq.net\\\/tr\\\/wp-content\\\/uploads\\\/sites\\\/6\\\/2022\\\/01\\\/Bartin.jpg\",\"datePublished\":\"2022-01-12T07:27:58+00:00\",\"author\":{\"@id\":\"https:\\\/\\\/akunq.net\\\/tr\\\/#\\\/schema\\\/person\\\/096f1d38a12cce57fb855b485ed24c9e\"},\"breadcrumb\":{\"@id\":\"https:\\\/\\\/akunq.net\\\/tr\\\/?p=66538#breadcrumb\"},\"inLanguage\":\"en-US\",\"potentialAction\":[{\"@type\":\"ReadAction\",\"target\":[\"https:\\\/\\\/akunq.net\\\/tr\\\/?p=66538\"]}]},{\"@type\":\"ImageObject\",\"inLanguage\":\"en-US\",\"@id\":\"https:\\\/\\\/akunq.net\\\/tr\\\/?p=66538#primaryimage\",\"url\":\"https:\\\/\\\/akunq.net\\\/tr\\\/wp-content\\\/uploads\\\/sites\\\/6\\\/2022\\\/01\\\/Bartin.jpg\",\"contentUrl\":\"https:\\\/\\\/akunq.net\\\/tr\\\/wp-content\\\/uploads\\\/sites\\\/6\\\/2022\\\/01\\\/Bartin.jpg\",\"width\":1200,\"height\":675},{\"@type\":\"BreadcrumbList\",\"@id\":\"https:\\\/\\\/akunq.net\\\/tr\\\/?p=66538#breadcrumb\",\"itemListElement\":[{\"@type\":\"ListItem\",\"position\":1,\"name\":\"Home\",\"item\":\"https:\\\/\\\/akunq.net\\\/tr\"},{\"@type\":\"ListItem\",\"position\":2,\"name\":\"Kentin tarihini de\u011fi\u015ftirecek ke\u015fif! Kan\u0131tland\u0131\"}]},{\"@type\":\"WebSite\",\"@id\":\"https:\\\/\\\/akunq.net\\\/tr\\\/#website\",\"url\":\"https:\\\/\\\/akunq.net\\\/tr\\\/\",\"name\":\"Bati Ermenistan Ve Bati Ermenileri Sorunlari Ara\u015ftirmalar Merkezi\",\"description\":\"\",\"potentialAction\":[{\"@type\":\"SearchAction\",\"target\":{\"@type\":\"EntryPoint\",\"urlTemplate\":\"https:\\\/\\\/akunq.net\\\/tr\\\/?s={search_term_string}\"},\"query-input\":{\"@type\":\"PropertyValueSpecification\",\"valueRequired\":true,\"valueName\":\"search_term_string\"}}],\"inLanguage\":\"en-US\"},{\"@type\":\"Person\",\"@id\":\"https:\\\/\\\/akunq.net\\\/tr\\\/#\\\/schema\\\/person\\\/096f1d38a12cce57fb855b485ed24c9e\",\"name\":\"admin\",\"url\":\"https:\\\/\\\/akunq.net\\\/tr\\\/?author=7\"}]}<\/script>\n<!-- \/ Yoast SEO plugin. -->","yoast_head_json":{"title":"Kentin tarihini de\u011fi\u015ftirecek ke\u015fif! Kan\u0131tland\u0131 - Bati Ermenistan Ve Bati Ermenileri Sorunlari Ara\u015ftirmalar Merkezi","robots":{"index":"index","follow":"follow","max-snippet":"max-snippet:-1","max-image-preview":"max-image-preview:large","max-video-preview":"max-video-preview:-1"},"canonical":"https:\/\/akunq.net\/tr\/?p=66538","og_locale":"en_US","og_type":"article","og_title":"Kentin tarihini de\u011fi\u015ftirecek ke\u015fif! Kan\u0131tland\u0131 - Bati Ermenistan Ve Bati Ermenileri Sorunlari Ara\u015ftirmalar Merkezi","og_description":"Ayhan ACAR\/BARTIN, (DHA) Bart\u0131n \u00dcniversitesi Edebiyat Fak\u00fcltesi Sanat Tarihi B\u00f6l\u00fcm Ba\u015fkan\u0131 Do\u00e7. Dr. Fatma Ba\u011fdatl\u0131 \u00c7am taraf\u0131ndan 7 \u00fcniversiteden gelen akademisyenler ve K\u00fclt\u00fcr ve Turizm Bakanl\u0131\u011f\u0131 personeli ile birlikte 4 y\u0131ld\u0131r y\u00fcr\u00fct\u00fclen, \u2018Bart\u0131n \u0130li ve \u0130l\u00e7eleri Y\u00fczey Ara\u015ft\u0131rmas\u0131, Bart\u0131n\u2019\u0131n Ta\u015f \u00c7a\u011flar\u0131\u2019ndan Osmanl\u0131 D\u00f6nemi\u2019nin Sonuna Kadar Olan D\u00f6nemlere Ait K\u00fclt\u00fcr Varl\u0131klar\u0131n\u0131n Tespiti ve Belgelenmesi Projesi\u2019 kapsam\u0131nda [&hellip;]","og_url":"https:\/\/akunq.net\/tr\/?p=66538","og_site_name":"Bati Ermenistan Ve Bati Ermenileri Sorunlari Ara\u015ftirmalar Merkezi","article_published_time":"2022-01-12T07:27:58+00:00","og_image":[{"width":1200,"height":675,"url":"https:\/\/akunq.net\/tr\/wp-content\/uploads\/sites\/6\/2022\/01\/Bartin.jpg","type":"image\/jpeg"}],"author":"admin","twitter_card":"summary_large_image","twitter_misc":{"Written by":"admin","Est. reading time":"4 minutes"},"schema":{"@context":"https:\/\/schema.org","@graph":[{"@type":"Article","@id":"https:\/\/akunq.net\/tr\/?p=66538#article","isPartOf":{"@id":"https:\/\/akunq.net\/tr\/?p=66538"},"author":{"name":"admin","@id":"https:\/\/akunq.net\/tr\/#\/schema\/person\/096f1d38a12cce57fb855b485ed24c9e"},"headline":"Kentin tarihini de\u011fi\u015ftirecek ke\u015fif! Kan\u0131tland\u0131","datePublished":"2022-01-12T07:27:58+00:00","mainEntityOfPage":{"@id":"https:\/\/akunq.net\/tr\/?p=66538"},"wordCount":906,"commentCount":0,"image":{"@id":"https:\/\/akunq.net\/tr\/?p=66538#primaryimage"},"thumbnailUrl":"https:\/\/akunq.net\/tr\/wp-content\/uploads\/sites\/6\/2022\/01\/Bartin.jpg","articleSection":["Haberler"],"inLanguage":"en-US","potentialAction":[{"@type":"CommentAction","name":"Comment","target":["https:\/\/akunq.net\/tr\/?p=66538#respond"]}]},{"@type":"WebPage","@id":"https:\/\/akunq.net\/tr\/?p=66538","url":"https:\/\/akunq.net\/tr\/?p=66538","name":"Kentin tarihini de\u011fi\u015ftirecek ke\u015fif! Kan\u0131tland\u0131 - Bati Ermenistan Ve Bati Ermenileri Sorunlari Ara\u015ftirmalar Merkezi","isPartOf":{"@id":"https:\/\/akunq.net\/tr\/#website"},"primaryImageOfPage":{"@id":"https:\/\/akunq.net\/tr\/?p=66538#primaryimage"},"image":{"@id":"https:\/\/akunq.net\/tr\/?p=66538#primaryimage"},"thumbnailUrl":"https:\/\/akunq.net\/tr\/wp-content\/uploads\/sites\/6\/2022\/01\/Bartin.jpg","datePublished":"2022-01-12T07:27:58+00:00","author":{"@id":"https:\/\/akunq.net\/tr\/#\/schema\/person\/096f1d38a12cce57fb855b485ed24c9e"},"breadcrumb":{"@id":"https:\/\/akunq.net\/tr\/?p=66538#breadcrumb"},"inLanguage":"en-US","potentialAction":[{"@type":"ReadAction","target":["https:\/\/akunq.net\/tr\/?p=66538"]}]},{"@type":"ImageObject","inLanguage":"en-US","@id":"https:\/\/akunq.net\/tr\/?p=66538#primaryimage","url":"https:\/\/akunq.net\/tr\/wp-content\/uploads\/sites\/6\/2022\/01\/Bartin.jpg","contentUrl":"https:\/\/akunq.net\/tr\/wp-content\/uploads\/sites\/6\/2022\/01\/Bartin.jpg","width":1200,"height":675},{"@type":"BreadcrumbList","@id":"https:\/\/akunq.net\/tr\/?p=66538#breadcrumb","itemListElement":[{"@type":"ListItem","position":1,"name":"Home","item":"https:\/\/akunq.net\/tr"},{"@type":"ListItem","position":2,"name":"Kentin tarihini de\u011fi\u015ftirecek ke\u015fif! Kan\u0131tland\u0131"}]},{"@type":"WebSite","@id":"https:\/\/akunq.net\/tr\/#website","url":"https:\/\/akunq.net\/tr\/","name":"Bati Ermenistan Ve Bati Ermenileri Sorunlari Ara\u015ftirmalar Merkezi","description":"","potentialAction":[{"@type":"SearchAction","target":{"@type":"EntryPoint","urlTemplate":"https:\/\/akunq.net\/tr\/?s={search_term_string}"},"query-input":{"@type":"PropertyValueSpecification","valueRequired":true,"valueName":"search_term_string"}}],"inLanguage":"en-US"},{"@type":"Person","@id":"https:\/\/akunq.net\/tr\/#\/schema\/person\/096f1d38a12cce57fb855b485ed24c9e","name":"admin","url":"https:\/\/akunq.net\/tr\/?author=7"}]}},"_links":{"self":[{"href":"https:\/\/akunq.net\/tr\/index.php?rest_route=\/wp\/v2\/posts\/66538","targetHints":{"allow":["GET"]}}],"collection":[{"href":"https:\/\/akunq.net\/tr\/index.php?rest_route=\/wp\/v2\/posts"}],"about":[{"href":"https:\/\/akunq.net\/tr\/index.php?rest_route=\/wp\/v2\/types\/post"}],"author":[{"embeddable":true,"href":"https:\/\/akunq.net\/tr\/index.php?rest_route=\/wp\/v2\/users\/7"}],"replies":[{"embeddable":true,"href":"https:\/\/akunq.net\/tr\/index.php?rest_route=%2Fwp%2Fv2%2Fcomments&post=66538"}],"version-history":[{"count":1,"href":"https:\/\/akunq.net\/tr\/index.php?rest_route=\/wp\/v2\/posts\/66538\/revisions"}],"predecessor-version":[{"id":66540,"href":"https:\/\/akunq.net\/tr\/index.php?rest_route=\/wp\/v2\/posts\/66538\/revisions\/66540"}],"wp:featuredmedia":[{"embeddable":true,"href":"https:\/\/akunq.net\/tr\/index.php?rest_route=\/wp\/v2\/media\/66539"}],"wp:attachment":[{"href":"https:\/\/akunq.net\/tr\/index.php?rest_route=%2Fwp%2Fv2%2Fmedia&parent=66538"}],"wp:term":[{"taxonomy":"category","embeddable":true,"href":"https:\/\/akunq.net\/tr\/index.php?rest_route=%2Fwp%2Fv2%2Fcategories&post=66538"},{"taxonomy":"post_tag","embeddable":true,"href":"https:\/\/akunq.net\/tr\/index.php?rest_route=%2Fwp%2Fv2%2Ftags&post=66538"}],"curies":[{"name":"wp","href":"https:\/\/api.w.org\/{rel}","templated":true}]}}