{"id":66532,"date":"2022-01-12T01:20:58","date_gmt":"2022-01-12T06:20:58","guid":{"rendered":"https:\/\/akunq.net\/tr\/?p=66532"},"modified":"2022-01-12T01:20:58","modified_gmt":"2022-01-12T06:20:58","slug":"turkiyede-milliyetci-gruplar-azinliklara-karsi-vahset-islemeye-devam-ediyor","status":"publish","type":"post","link":"https:\/\/akunq.net\/tr\/?p=66532","title":{"rendered":"T\u00fcrkiye&#8217;de milliyet\u00e7i gruplar az\u0131nl\u0131klara kar\u015f\u0131 vah\u015fet i\u015flemeye devam ediyor"},"content":{"rendered":"<p><img loading=\"lazy\" decoding=\"async\" class=\"aligncenter size-medium wp-image-66533\" src=\"https:\/\/akunq.net\/tr\/wp-content\/uploads\/2022\/01\/T\u00fcrkiyede-milliyet\u00e7i-gruplar-360x242.jpg\" alt=\"\" width=\"360\" height=\"242\" srcset=\"https:\/\/akunq.net\/tr\/wp-content\/uploads\/sites\/6\/2022\/01\/T\u00fcrkiyede-milliyet\u00e7i-gruplar-360x242.jpg 360w, https:\/\/akunq.net\/tr\/wp-content\/uploads\/sites\/6\/2022\/01\/T\u00fcrkiyede-milliyet\u00e7i-gruplar-560x376.jpg 560w, https:\/\/akunq.net\/tr\/wp-content\/uploads\/sites\/6\/2022\/01\/T\u00fcrkiyede-milliyet\u00e7i-gruplar-260x175.jpg 260w, https:\/\/akunq.net\/tr\/wp-content\/uploads\/sites\/6\/2022\/01\/T\u00fcrkiyede-milliyet\u00e7i-gruplar-160x107.jpg 160w, https:\/\/akunq.net\/tr\/wp-content\/uploads\/sites\/6\/2022\/01\/T\u00fcrkiyede-milliyet\u00e7i-gruplar.jpg 670w\" sizes=\"auto, (max-width: 360px) 100vw, 360px\" \/><\/p>\n<p><em><strong>30 ki\u015filik bir grup, T\u00fcrkiye&#8217;nin ba\u015fkenti Ankara&#8217;da 3 gen\u00e7 K\u00fcrt&#8217;e sald\u0131rd\u0131.<\/strong><\/em><\/p>\n<p>Armenpress T\u00fcrk\u00e7e anfturkce.com sitesine at\u0131fta bulunarak konuyla ilgili bilgilere aktar\u0131yor.<\/p>\n<p>Olay, Ankara \u00dcniversitesi Hukuk Fak\u00fcltesi \u00f6n\u00fcnde meydana geldi.<\/p>\n<p>Polis grup temsilcilerini tutuklad\u0131, milliyet\u00e7ili\u011fi ve sald\u0131r\u0131lar\u0131 ile tan\u0131nan \u0130sa Ka\u011f\u0131k&#8217;\u0131n da milliyet\u00e7iler grubu aras\u0131nda oldu\u011fu ortaya \u00e7\u0131kt\u0131.<\/p>\n<p><em><strong>https:\/\/armenpress.am\/tur\/news\/1072685.html\u00a0<\/strong><\/em><\/p>\n","protected":false},"excerpt":{"rendered":"<p>30 ki\u015filik bir grup, T\u00fcrkiye&#8217;nin ba\u015fkenti Ankara&#8217;da 3 gen\u00e7 K\u00fcrt&#8217;e sald\u0131rd\u0131. Armenpress T\u00fcrk\u00e7e anfturkce.com sitesine at\u0131fta bulunarak konuyla ilgili bilgilere aktar\u0131yor. Olay, Ankara \u00dcniversitesi Hukuk Fak\u00fcltesi \u00f6n\u00fcnde meydana geldi. Polis grup temsilcilerini tutuklad\u0131, milliyet\u00e7ili\u011fi ve sald\u0131r\u0131lar\u0131 ile tan\u0131nan \u0130sa Ka\u011f\u0131k&#8217;\u0131n da milliyet\u00e7iler grubu aras\u0131nda oldu\u011fu ortaya \u00e7\u0131kt\u0131. https:\/\/armenpress.am\/tur\/news\/1072685.html\u00a0<\/p>\n","protected":false},"author":7,"featured_media":66533,"comment_status":"open","ping_status":"open","sticky":false,"template":"","format":"standard","meta":{"footnotes":""},"categories":[1,53],"tags":[],"class_list":["post-66532","post","type-post","status-publish","format-standard","has-post-thumbnail","hentry","category-haberler","category-turkiyede-azinliklar"],"yoast_head":"<!-- This site is optimized with the Yoast SEO plugin v27.4 - https:\/\/yoast.com\/product\/yoast-seo-wordpress\/ -->\n<title>T\u00fcrkiye&#039;de milliyet\u00e7i gruplar az\u0131nl\u0131klara kar\u015f\u0131 vah\u015fet i\u015flemeye devam ediyor - Bati Ermenistan Ve Bati Ermenileri Sorunlari Ara\u015ftirmalar Merkezi<\/title>\n<meta name=\"robots\" content=\"index, follow, max-snippet:-1, max-image-preview:large, max-video-preview:-1\" \/>\n<link rel=\"canonical\" href=\"https:\/\/akunq.net\/tr\/?p=66532\" \/>\n<meta property=\"og:locale\" content=\"en_US\" \/>\n<meta property=\"og:type\" content=\"article\" \/>\n<meta property=\"og:title\" content=\"T\u00fcrkiye&#039;de milliyet\u00e7i gruplar az\u0131nl\u0131klara kar\u015f\u0131 vah\u015fet i\u015flemeye devam ediyor - Bati Ermenistan Ve Bati Ermenileri Sorunlari Ara\u015ftirmalar Merkezi\" \/>\n<meta property=\"og:description\" content=\"30 ki\u015filik bir grup, T\u00fcrkiye&#8217;nin ba\u015fkenti Ankara&#8217;da 3 gen\u00e7 K\u00fcrt&#8217;e sald\u0131rd\u0131. Armenpress T\u00fcrk\u00e7e anfturkce.com sitesine at\u0131fta bulunarak konuyla ilgili bilgilere aktar\u0131yor. Olay, Ankara \u00dcniversitesi Hukuk Fak\u00fcltesi \u00f6n\u00fcnde meydana geldi. Polis grup temsilcilerini tutuklad\u0131, milliyet\u00e7ili\u011fi ve sald\u0131r\u0131lar\u0131 ile tan\u0131nan \u0130sa Ka\u011f\u0131k&#8217;\u0131n da milliyet\u00e7iler grubu aras\u0131nda oldu\u011fu ortaya \u00e7\u0131kt\u0131. https:\/\/armenpress.am\/tur\/news\/1072685.html\u00a0\" \/>\n<meta property=\"og:url\" content=\"https:\/\/akunq.net\/tr\/?p=66532\" \/>\n<meta property=\"og:site_name\" content=\"Bati Ermenistan Ve Bati Ermenileri Sorunlari Ara\u015ftirmalar Merkezi\" \/>\n<meta property=\"article:published_time\" content=\"2022-01-12T06:20:58+00:00\" \/>\n<meta property=\"og:image\" content=\"https:\/\/akunq.net\/tr\/wp-content\/uploads\/sites\/6\/2022\/01\/T\u00fcrkiyede-milliyet\u00e7i-gruplar.jpg\" \/>\n\t<meta property=\"og:image:width\" content=\"670\" \/>\n\t<meta property=\"og:image:height\" content=\"450\" \/>\n\t<meta property=\"og:image:type\" content=\"image\/jpeg\" \/>\n<meta name=\"author\" content=\"admin\" \/>\n<meta name=\"twitter:card\" content=\"summary_large_image\" \/>\n<meta name=\"twitter:label1\" content=\"Written by\" \/>\n\t<meta name=\"twitter:data1\" content=\"admin\" \/>\n<script type=\"application\/ld+json\" class=\"yoast-schema-graph\">{\"@context\":\"https:\\\/\\\/schema.org\",\"@graph\":[{\"@type\":\"Article\",\"@id\":\"https:\\\/\\\/akunq.net\\\/tr\\\/?p=66532#article\",\"isPartOf\":{\"@id\":\"https:\\\/\\\/akunq.net\\\/tr\\\/?p=66532\"},\"author\":{\"name\":\"admin\",\"@id\":\"https:\\\/\\\/akunq.net\\\/tr\\\/#\\\/schema\\\/person\\\/096f1d38a12cce57fb855b485ed24c9e\"},\"headline\":\"T\u00fcrkiye&#8217;de milliyet\u00e7i gruplar az\u0131nl\u0131klara kar\u015f\u0131 vah\u015fet i\u015flemeye devam ediyor\",\"datePublished\":\"2022-01-12T06:20:58+00:00\",\"mainEntityOfPage\":{\"@id\":\"https:\\\/\\\/akunq.net\\\/tr\\\/?p=66532\"},\"wordCount\":88,\"commentCount\":0,\"image\":{\"@id\":\"https:\\\/\\\/akunq.net\\\/tr\\\/?p=66532#primaryimage\"},\"thumbnailUrl\":\"https:\\\/\\\/akunq.net\\\/tr\\\/wp-content\\\/uploads\\\/sites\\\/6\\\/2022\\\/01\\\/T\u00fcrkiyede-milliyet\u00e7i-gruplar.jpg\",\"articleSection\":[\"Haberler\",\"T\u00fcrkiye\u2019de Az\u0131nl\u0131klar\"],\"inLanguage\":\"en-US\",\"potentialAction\":[{\"@type\":\"CommentAction\",\"name\":\"Comment\",\"target\":[\"https:\\\/\\\/akunq.net\\\/tr\\\/?p=66532#respond\"]}]},{\"@type\":\"WebPage\",\"@id\":\"https:\\\/\\\/akunq.net\\\/tr\\\/?p=66532\",\"url\":\"https:\\\/\\\/akunq.net\\\/tr\\\/?p=66532\",\"name\":\"T\u00fcrkiye'de milliyet\u00e7i gruplar az\u0131nl\u0131klara kar\u015f\u0131 vah\u015fet i\u015flemeye devam ediyor - Bati Ermenistan Ve Bati Ermenileri Sorunlari Ara\u015ftirmalar Merkezi\",\"isPartOf\":{\"@id\":\"https:\\\/\\\/akunq.net\\\/tr\\\/#website\"},\"primaryImageOfPage\":{\"@id\":\"https:\\\/\\\/akunq.net\\\/tr\\\/?p=66532#primaryimage\"},\"image\":{\"@id\":\"https:\\\/\\\/akunq.net\\\/tr\\\/?p=66532#primaryimage\"},\"thumbnailUrl\":\"https:\\\/\\\/akunq.net\\\/tr\\\/wp-content\\\/uploads\\\/sites\\\/6\\\/2022\\\/01\\\/T\u00fcrkiyede-milliyet\u00e7i-gruplar.jpg\",\"datePublished\":\"2022-01-12T06:20:58+00:00\",\"author\":{\"@id\":\"https:\\\/\\\/akunq.net\\\/tr\\\/#\\\/schema\\\/person\\\/096f1d38a12cce57fb855b485ed24c9e\"},\"breadcrumb\":{\"@id\":\"https:\\\/\\\/akunq.net\\\/tr\\\/?p=66532#breadcrumb\"},\"inLanguage\":\"en-US\",\"potentialAction\":[{\"@type\":\"ReadAction\",\"target\":[\"https:\\\/\\\/akunq.net\\\/tr\\\/?p=66532\"]}]},{\"@type\":\"ImageObject\",\"inLanguage\":\"en-US\",\"@id\":\"https:\\\/\\\/akunq.net\\\/tr\\\/?p=66532#primaryimage\",\"url\":\"https:\\\/\\\/akunq.net\\\/tr\\\/wp-content\\\/uploads\\\/sites\\\/6\\\/2022\\\/01\\\/T\u00fcrkiyede-milliyet\u00e7i-gruplar.jpg\",\"contentUrl\":\"https:\\\/\\\/akunq.net\\\/tr\\\/wp-content\\\/uploads\\\/sites\\\/6\\\/2022\\\/01\\\/T\u00fcrkiyede-milliyet\u00e7i-gruplar.jpg\",\"width\":670,\"height\":450},{\"@type\":\"BreadcrumbList\",\"@id\":\"https:\\\/\\\/akunq.net\\\/tr\\\/?p=66532#breadcrumb\",\"itemListElement\":[{\"@type\":\"ListItem\",\"position\":1,\"name\":\"Home\",\"item\":\"https:\\\/\\\/akunq.net\\\/tr\"},{\"@type\":\"ListItem\",\"position\":2,\"name\":\"T\u00fcrkiye&#8217;de milliyet\u00e7i gruplar az\u0131nl\u0131klara kar\u015f\u0131 vah\u015fet i\u015flemeye devam ediyor\"}]},{\"@type\":\"WebSite\",\"@id\":\"https:\\\/\\\/akunq.net\\\/tr\\\/#website\",\"url\":\"https:\\\/\\\/akunq.net\\\/tr\\\/\",\"name\":\"Bati Ermenistan Ve Bati Ermenileri Sorunlari Ara\u015ftirmalar Merkezi\",\"description\":\"\",\"potentialAction\":[{\"@type\":\"SearchAction\",\"target\":{\"@type\":\"EntryPoint\",\"urlTemplate\":\"https:\\\/\\\/akunq.net\\\/tr\\\/?s={search_term_string}\"},\"query-input\":{\"@type\":\"PropertyValueSpecification\",\"valueRequired\":true,\"valueName\":\"search_term_string\"}}],\"inLanguage\":\"en-US\"},{\"@type\":\"Person\",\"@id\":\"https:\\\/\\\/akunq.net\\\/tr\\\/#\\\/schema\\\/person\\\/096f1d38a12cce57fb855b485ed24c9e\",\"name\":\"admin\",\"url\":\"https:\\\/\\\/akunq.net\\\/tr\\\/?author=7\"}]}<\/script>\n<!-- \/ Yoast SEO plugin. -->","yoast_head_json":{"title":"T\u00fcrkiye'de milliyet\u00e7i gruplar az\u0131nl\u0131klara kar\u015f\u0131 vah\u015fet i\u015flemeye devam ediyor - Bati Ermenistan Ve Bati Ermenileri Sorunlari Ara\u015ftirmalar Merkezi","robots":{"index":"index","follow":"follow","max-snippet":"max-snippet:-1","max-image-preview":"max-image-preview:large","max-video-preview":"max-video-preview:-1"},"canonical":"https:\/\/akunq.net\/tr\/?p=66532","og_locale":"en_US","og_type":"article","og_title":"T\u00fcrkiye'de milliyet\u00e7i gruplar az\u0131nl\u0131klara kar\u015f\u0131 vah\u015fet i\u015flemeye devam ediyor - Bati Ermenistan Ve Bati Ermenileri Sorunlari Ara\u015ftirmalar Merkezi","og_description":"30 ki\u015filik bir grup, T\u00fcrkiye&#8217;nin ba\u015fkenti Ankara&#8217;da 3 gen\u00e7 K\u00fcrt&#8217;e sald\u0131rd\u0131. Armenpress T\u00fcrk\u00e7e anfturkce.com sitesine at\u0131fta bulunarak konuyla ilgili bilgilere aktar\u0131yor. Olay, Ankara \u00dcniversitesi Hukuk Fak\u00fcltesi \u00f6n\u00fcnde meydana geldi. Polis grup temsilcilerini tutuklad\u0131, milliyet\u00e7ili\u011fi ve sald\u0131r\u0131lar\u0131 ile tan\u0131nan \u0130sa Ka\u011f\u0131k&#8217;\u0131n da milliyet\u00e7iler grubu aras\u0131nda oldu\u011fu ortaya \u00e7\u0131kt\u0131. https:\/\/armenpress.am\/tur\/news\/1072685.html\u00a0","og_url":"https:\/\/akunq.net\/tr\/?p=66532","og_site_name":"Bati Ermenistan Ve Bati Ermenileri Sorunlari Ara\u015ftirmalar Merkezi","article_published_time":"2022-01-12T06:20:58+00:00","og_image":[{"width":670,"height":450,"url":"https:\/\/akunq.net\/tr\/wp-content\/uploads\/sites\/6\/2022\/01\/T\u00fcrkiyede-milliyet\u00e7i-gruplar.jpg","type":"image\/jpeg"}],"author":"admin","twitter_card":"summary_large_image","twitter_misc":{"Written by":"admin"},"schema":{"@context":"https:\/\/schema.org","@graph":[{"@type":"Article","@id":"https:\/\/akunq.net\/tr\/?p=66532#article","isPartOf":{"@id":"https:\/\/akunq.net\/tr\/?p=66532"},"author":{"name":"admin","@id":"https:\/\/akunq.net\/tr\/#\/schema\/person\/096f1d38a12cce57fb855b485ed24c9e"},"headline":"T\u00fcrkiye&#8217;de milliyet\u00e7i gruplar az\u0131nl\u0131klara kar\u015f\u0131 vah\u015fet i\u015flemeye devam ediyor","datePublished":"2022-01-12T06:20:58+00:00","mainEntityOfPage":{"@id":"https:\/\/akunq.net\/tr\/?p=66532"},"wordCount":88,"commentCount":0,"image":{"@id":"https:\/\/akunq.net\/tr\/?p=66532#primaryimage"},"thumbnailUrl":"https:\/\/akunq.net\/tr\/wp-content\/uploads\/sites\/6\/2022\/01\/T\u00fcrkiyede-milliyet\u00e7i-gruplar.jpg","articleSection":["Haberler","T\u00fcrkiye\u2019de Az\u0131nl\u0131klar"],"inLanguage":"en-US","potentialAction":[{"@type":"CommentAction","name":"Comment","target":["https:\/\/akunq.net\/tr\/?p=66532#respond"]}]},{"@type":"WebPage","@id":"https:\/\/akunq.net\/tr\/?p=66532","url":"https:\/\/akunq.net\/tr\/?p=66532","name":"T\u00fcrkiye'de milliyet\u00e7i gruplar az\u0131nl\u0131klara kar\u015f\u0131 vah\u015fet i\u015flemeye devam ediyor - Bati Ermenistan Ve Bati Ermenileri Sorunlari Ara\u015ftirmalar Merkezi","isPartOf":{"@id":"https:\/\/akunq.net\/tr\/#website"},"primaryImageOfPage":{"@id":"https:\/\/akunq.net\/tr\/?p=66532#primaryimage"},"image":{"@id":"https:\/\/akunq.net\/tr\/?p=66532#primaryimage"},"thumbnailUrl":"https:\/\/akunq.net\/tr\/wp-content\/uploads\/sites\/6\/2022\/01\/T\u00fcrkiyede-milliyet\u00e7i-gruplar.jpg","datePublished":"2022-01-12T06:20:58+00:00","author":{"@id":"https:\/\/akunq.net\/tr\/#\/schema\/person\/096f1d38a12cce57fb855b485ed24c9e"},"breadcrumb":{"@id":"https:\/\/akunq.net\/tr\/?p=66532#breadcrumb"},"inLanguage":"en-US","potentialAction":[{"@type":"ReadAction","target":["https:\/\/akunq.net\/tr\/?p=66532"]}]},{"@type":"ImageObject","inLanguage":"en-US","@id":"https:\/\/akunq.net\/tr\/?p=66532#primaryimage","url":"https:\/\/akunq.net\/tr\/wp-content\/uploads\/sites\/6\/2022\/01\/T\u00fcrkiyede-milliyet\u00e7i-gruplar.jpg","contentUrl":"https:\/\/akunq.net\/tr\/wp-content\/uploads\/sites\/6\/2022\/01\/T\u00fcrkiyede-milliyet\u00e7i-gruplar.jpg","width":670,"height":450},{"@type":"BreadcrumbList","@id":"https:\/\/akunq.net\/tr\/?p=66532#breadcrumb","itemListElement":[{"@type":"ListItem","position":1,"name":"Home","item":"https:\/\/akunq.net\/tr"},{"@type":"ListItem","position":2,"name":"T\u00fcrkiye&#8217;de milliyet\u00e7i gruplar az\u0131nl\u0131klara kar\u015f\u0131 vah\u015fet i\u015flemeye devam ediyor"}]},{"@type":"WebSite","@id":"https:\/\/akunq.net\/tr\/#website","url":"https:\/\/akunq.net\/tr\/","name":"Bati Ermenistan Ve Bati Ermenileri Sorunlari Ara\u015ftirmalar Merkezi","description":"","potentialAction":[{"@type":"SearchAction","target":{"@type":"EntryPoint","urlTemplate":"https:\/\/akunq.net\/tr\/?s={search_term_string}"},"query-input":{"@type":"PropertyValueSpecification","valueRequired":true,"valueName":"search_term_string"}}],"inLanguage":"en-US"},{"@type":"Person","@id":"https:\/\/akunq.net\/tr\/#\/schema\/person\/096f1d38a12cce57fb855b485ed24c9e","name":"admin","url":"https:\/\/akunq.net\/tr\/?author=7"}]}},"_links":{"self":[{"href":"https:\/\/akunq.net\/tr\/index.php?rest_route=\/wp\/v2\/posts\/66532","targetHints":{"allow":["GET"]}}],"collection":[{"href":"https:\/\/akunq.net\/tr\/index.php?rest_route=\/wp\/v2\/posts"}],"about":[{"href":"https:\/\/akunq.net\/tr\/index.php?rest_route=\/wp\/v2\/types\/post"}],"author":[{"embeddable":true,"href":"https:\/\/akunq.net\/tr\/index.php?rest_route=\/wp\/v2\/users\/7"}],"replies":[{"embeddable":true,"href":"https:\/\/akunq.net\/tr\/index.php?rest_route=%2Fwp%2Fv2%2Fcomments&post=66532"}],"version-history":[{"count":1,"href":"https:\/\/akunq.net\/tr\/index.php?rest_route=\/wp\/v2\/posts\/66532\/revisions"}],"predecessor-version":[{"id":66534,"href":"https:\/\/akunq.net\/tr\/index.php?rest_route=\/wp\/v2\/posts\/66532\/revisions\/66534"}],"wp:featuredmedia":[{"embeddable":true,"href":"https:\/\/akunq.net\/tr\/index.php?rest_route=\/wp\/v2\/media\/66533"}],"wp:attachment":[{"href":"https:\/\/akunq.net\/tr\/index.php?rest_route=%2Fwp%2Fv2%2Fmedia&parent=66532"}],"wp:term":[{"taxonomy":"category","embeddable":true,"href":"https:\/\/akunq.net\/tr\/index.php?rest_route=%2Fwp%2Fv2%2Fcategories&post=66532"},{"taxonomy":"post_tag","embeddable":true,"href":"https:\/\/akunq.net\/tr\/index.php?rest_route=%2Fwp%2Fv2%2Ftags&post=66532"}],"curies":[{"name":"wp","href":"https:\/\/api.w.org\/{rel}","templated":true}]}}