{"id":66526,"date":"2022-01-11T03:19:42","date_gmt":"2022-01-11T08:19:42","guid":{"rendered":"https:\/\/akunq.net\/tr\/?p=66526"},"modified":"2022-01-11T03:19:42","modified_gmt":"2022-01-11T08:19:42","slug":"kadikoyde-kilise-kapisina-yazi-yazan-supheli-serbest-birakildi","status":"publish","type":"post","link":"https:\/\/akunq.net\/tr\/?p=66526","title":{"rendered":"Kad\u0131k\u00f6y\u2019de kilise kap\u0131s\u0131na yaz\u0131 yazan \u015f\u00fcpheli serbest b\u0131rak\u0131ld\u0131"},"content":{"rendered":"<p><img loading=\"lazy\" decoding=\"async\" class=\"aligncenter size-medium wp-image-66527\" src=\"https:\/\/akunq.net\/tr\/wp-content\/uploads\/2022\/01\/Kad\u0131k\u00f6y\u2019de-kilise-kap\u0131s\u0131na-yaz\u0131-360x202.jpg\" alt=\"\" width=\"360\" height=\"202\" srcset=\"https:\/\/akunq.net\/tr\/wp-content\/uploads\/sites\/6\/2022\/01\/Kad\u0131k\u00f6y\u2019de-kilise-kap\u0131s\u0131na-yaz\u0131-360x202.jpg 360w, https:\/\/akunq.net\/tr\/wp-content\/uploads\/sites\/6\/2022\/01\/Kad\u0131k\u00f6y\u2019de-kilise-kap\u0131s\u0131na-yaz\u0131-560x314.jpg 560w, https:\/\/akunq.net\/tr\/wp-content\/uploads\/sites\/6\/2022\/01\/Kad\u0131k\u00f6y\u2019de-kilise-kap\u0131s\u0131na-yaz\u0131-260x146.jpg 260w, https:\/\/akunq.net\/tr\/wp-content\/uploads\/sites\/6\/2022\/01\/Kad\u0131k\u00f6y\u2019de-kilise-kap\u0131s\u0131na-yaz\u0131-160x90.jpg 160w, https:\/\/akunq.net\/tr\/wp-content\/uploads\/sites\/6\/2022\/01\/Kad\u0131k\u00f6y\u2019de-kilise-kap\u0131s\u0131na-yaz\u0131.jpg 731w\" sizes=\"auto, (max-width: 360px) 100vw, 360px\" \/><\/p>\n<p><em><strong>Olay Cafera\u011fa Mahallesi\u2019nde bulunan Anadolu Protestan Kilisesi\u2019nde meydana geldi. \u0130ddialara g\u00f6re kimli\u011fi belirsiz ki\u015fi ya da ki\u015filer kilisenin kap\u0131s\u0131na sprey boya ile \u201cAllah 1\u201d yazd\u0131.<\/strong><\/em><\/p>\n<p>Kiliseye gelenler yaz\u0131y\u0131 fark ederek polis ekiplerine haber verdi. \u0130hbar \u00fczerine olay yerine gelen ekipler kilisenin g\u00fcvenlik kamera kay\u0131tlar\u0131n\u0131 inceleyerek \u015f\u00fcphelinin yakalanmas\u0131na y\u00f6nelik \u00e7al\u0131\u015fma ba\u015flatt\u0131. Polisin incelemesinin ard\u0131ndan yaz\u0131, kilise g\u00f6revlileri taraf\u0131ndan temizlendi.<\/p>\n<p>Polis ekiplerinin yapt\u0131\u011f\u0131 ara\u015ft\u0131rma sonucu bir \u015f\u00fcpheli yakalanarak g\u00f6zalt\u0131na al\u0131nd\u0131. \u015e\u00fcphelinin emniyetteki ifadesinde \u201cPsikolojim bozuk\u201d \u015feklinde savunma yapt\u0131\u011f\u0131 \u00f6\u011frenildi. \u015e\u00fcphelinin emniyette ifade vermesinin ard\u0131ndan savc\u0131l\u0131\u011f\u0131n talimat\u0131yla serbest b\u0131rak\u0131ld\u0131\u011f\u0131 \u00f6\u011frenildi.<\/p>\n<p>Kilise cemaatinden Volkan \u00c7ay\u0131r, \u201cS\u0131k s\u0131k olan bir olay bu. \u00dc\u00e7\u00fcnc\u00fc boyanmam\u0131z. Ben g\u00f6revli de\u011filim, kilisenin cemaatinden biriyim. Y\u00fczde 90 bizim di\u011fer karde\u015flerimiz sildi. G\u00fcvenli\u011fimizi polis sa\u011fl\u0131yor, kilisenin kendi g\u00fcvenli\u011fi de\u011fil, devletin sa\u011flad\u0131\u011f\u0131. Polisin konu ile bilgisi var. Yaz\u0131y\u0131 g\u00f6rd\u00fcm foto\u011fraf olarak geldi. \u2018Allah 1\u2019 yaz\u0131lm\u0131\u015f. Biz de farkl\u0131 bir \u015fey s\u00f6ylemiyoruz. Allah\u2019\u0131n bir oldu\u011funu s\u00f6yl\u00fcyoruz\u201d dedi.<\/p>\n<hr \/>\n<p><em><a href=\"https:\/\/www.milliyet.com.tr\/gundem\/kadikoyde-kilise-kapisina-yazi-yazan-supheli-serbest-birakildi-6672663\" target=\"_blank\" rel=\"noopener noreferrer\">Milliyet Gazetesi<\/a>\u00a0<\/em><\/p>\n","protected":false},"excerpt":{"rendered":"<p>Olay Cafera\u011fa Mahallesi\u2019nde bulunan Anadolu Protestan Kilisesi\u2019nde meydana geldi. \u0130ddialara g\u00f6re kimli\u011fi belirsiz ki\u015fi ya da ki\u015filer kilisenin kap\u0131s\u0131na sprey boya ile \u201cAllah 1\u201d yazd\u0131. Kiliseye gelenler yaz\u0131y\u0131 fark ederek polis ekiplerine haber verdi. \u0130hbar \u00fczerine olay yerine gelen ekipler kilisenin g\u00fcvenlik kamera kay\u0131tlar\u0131n\u0131 inceleyerek \u015f\u00fcphelinin yakalanmas\u0131na y\u00f6nelik \u00e7al\u0131\u015fma ba\u015flatt\u0131. Polisin incelemesinin ard\u0131ndan yaz\u0131, kilise [&hellip;]<\/p>\n","protected":false},"author":7,"featured_media":66527,"comment_status":"open","ping_status":"open","sticky":false,"template":"","format":"standard","meta":{"footnotes":""},"categories":[1],"tags":[],"class_list":["post-66526","post","type-post","status-publish","format-standard","has-post-thumbnail","hentry","category-haberler"],"yoast_head":"<!-- This site is optimized with the Yoast SEO plugin v27.4 - https:\/\/yoast.com\/product\/yoast-seo-wordpress\/ -->\n<title>Kad\u0131k\u00f6y\u2019de kilise kap\u0131s\u0131na yaz\u0131 yazan \u015f\u00fcpheli serbest b\u0131rak\u0131ld\u0131 - Bati Ermenistan Ve Bati Ermenileri Sorunlari Ara\u015ftirmalar Merkezi<\/title>\n<meta name=\"robots\" content=\"index, follow, max-snippet:-1, max-image-preview:large, max-video-preview:-1\" \/>\n<link rel=\"canonical\" href=\"https:\/\/akunq.net\/tr\/?p=66526\" \/>\n<meta property=\"og:locale\" content=\"en_US\" \/>\n<meta property=\"og:type\" content=\"article\" \/>\n<meta property=\"og:title\" content=\"Kad\u0131k\u00f6y\u2019de kilise kap\u0131s\u0131na yaz\u0131 yazan \u015f\u00fcpheli serbest b\u0131rak\u0131ld\u0131 - Bati Ermenistan Ve Bati Ermenileri Sorunlari Ara\u015ftirmalar Merkezi\" \/>\n<meta property=\"og:description\" content=\"Olay Cafera\u011fa Mahallesi\u2019nde bulunan Anadolu Protestan Kilisesi\u2019nde meydana geldi. \u0130ddialara g\u00f6re kimli\u011fi belirsiz ki\u015fi ya da ki\u015filer kilisenin kap\u0131s\u0131na sprey boya ile \u201cAllah 1\u201d yazd\u0131. Kiliseye gelenler yaz\u0131y\u0131 fark ederek polis ekiplerine haber verdi. \u0130hbar \u00fczerine olay yerine gelen ekipler kilisenin g\u00fcvenlik kamera kay\u0131tlar\u0131n\u0131 inceleyerek \u015f\u00fcphelinin yakalanmas\u0131na y\u00f6nelik \u00e7al\u0131\u015fma ba\u015flatt\u0131. Polisin incelemesinin ard\u0131ndan yaz\u0131, kilise [&hellip;]\" \/>\n<meta property=\"og:url\" content=\"https:\/\/akunq.net\/tr\/?p=66526\" \/>\n<meta property=\"og:site_name\" content=\"Bati Ermenistan Ve Bati Ermenileri Sorunlari Ara\u015ftirmalar Merkezi\" \/>\n<meta property=\"article:published_time\" content=\"2022-01-11T08:19:42+00:00\" \/>\n<meta property=\"og:image\" content=\"https:\/\/akunq.net\/tr\/wp-content\/uploads\/sites\/6\/2022\/01\/Kad\u0131k\u00f6y\u2019de-kilise-kap\u0131s\u0131na-yaz\u0131.jpg\" \/>\n\t<meta property=\"og:image:width\" content=\"731\" \/>\n\t<meta property=\"og:image:height\" content=\"410\" \/>\n\t<meta property=\"og:image:type\" content=\"image\/jpeg\" \/>\n<meta name=\"author\" content=\"admin\" \/>\n<meta name=\"twitter:card\" content=\"summary_large_image\" \/>\n<meta name=\"twitter:label1\" content=\"Written by\" \/>\n\t<meta name=\"twitter:data1\" content=\"admin\" \/>\n\t<meta name=\"twitter:label2\" content=\"Est. reading time\" \/>\n\t<meta name=\"twitter:data2\" content=\"1 minute\" \/>\n<script type=\"application\/ld+json\" class=\"yoast-schema-graph\">{\"@context\":\"https:\\\/\\\/schema.org\",\"@graph\":[{\"@type\":\"Article\",\"@id\":\"https:\\\/\\\/akunq.net\\\/tr\\\/?p=66526#article\",\"isPartOf\":{\"@id\":\"https:\\\/\\\/akunq.net\\\/tr\\\/?p=66526\"},\"author\":{\"name\":\"admin\",\"@id\":\"https:\\\/\\\/akunq.net\\\/tr\\\/#\\\/schema\\\/person\\\/096f1d38a12cce57fb855b485ed24c9e\"},\"headline\":\"Kad\u0131k\u00f6y\u2019de kilise kap\u0131s\u0131na yaz\u0131 yazan \u015f\u00fcpheli serbest b\u0131rak\u0131ld\u0131\",\"datePublished\":\"2022-01-11T08:19:42+00:00\",\"mainEntityOfPage\":{\"@id\":\"https:\\\/\\\/akunq.net\\\/tr\\\/?p=66526\"},\"wordCount\":216,\"commentCount\":0,\"image\":{\"@id\":\"https:\\\/\\\/akunq.net\\\/tr\\\/?p=66526#primaryimage\"},\"thumbnailUrl\":\"https:\\\/\\\/akunq.net\\\/tr\\\/wp-content\\\/uploads\\\/sites\\\/6\\\/2022\\\/01\\\/Kad\u0131k\u00f6y\u2019de-kilise-kap\u0131s\u0131na-yaz\u0131.jpg\",\"articleSection\":[\"Haberler\"],\"inLanguage\":\"en-US\",\"potentialAction\":[{\"@type\":\"CommentAction\",\"name\":\"Comment\",\"target\":[\"https:\\\/\\\/akunq.net\\\/tr\\\/?p=66526#respond\"]}]},{\"@type\":\"WebPage\",\"@id\":\"https:\\\/\\\/akunq.net\\\/tr\\\/?p=66526\",\"url\":\"https:\\\/\\\/akunq.net\\\/tr\\\/?p=66526\",\"name\":\"Kad\u0131k\u00f6y\u2019de kilise kap\u0131s\u0131na yaz\u0131 yazan \u015f\u00fcpheli serbest b\u0131rak\u0131ld\u0131 - Bati Ermenistan Ve Bati Ermenileri Sorunlari Ara\u015ftirmalar Merkezi\",\"isPartOf\":{\"@id\":\"https:\\\/\\\/akunq.net\\\/tr\\\/#website\"},\"primaryImageOfPage\":{\"@id\":\"https:\\\/\\\/akunq.net\\\/tr\\\/?p=66526#primaryimage\"},\"image\":{\"@id\":\"https:\\\/\\\/akunq.net\\\/tr\\\/?p=66526#primaryimage\"},\"thumbnailUrl\":\"https:\\\/\\\/akunq.net\\\/tr\\\/wp-content\\\/uploads\\\/sites\\\/6\\\/2022\\\/01\\\/Kad\u0131k\u00f6y\u2019de-kilise-kap\u0131s\u0131na-yaz\u0131.jpg\",\"datePublished\":\"2022-01-11T08:19:42+00:00\",\"author\":{\"@id\":\"https:\\\/\\\/akunq.net\\\/tr\\\/#\\\/schema\\\/person\\\/096f1d38a12cce57fb855b485ed24c9e\"},\"breadcrumb\":{\"@id\":\"https:\\\/\\\/akunq.net\\\/tr\\\/?p=66526#breadcrumb\"},\"inLanguage\":\"en-US\",\"potentialAction\":[{\"@type\":\"ReadAction\",\"target\":[\"https:\\\/\\\/akunq.net\\\/tr\\\/?p=66526\"]}]},{\"@type\":\"ImageObject\",\"inLanguage\":\"en-US\",\"@id\":\"https:\\\/\\\/akunq.net\\\/tr\\\/?p=66526#primaryimage\",\"url\":\"https:\\\/\\\/akunq.net\\\/tr\\\/wp-content\\\/uploads\\\/sites\\\/6\\\/2022\\\/01\\\/Kad\u0131k\u00f6y\u2019de-kilise-kap\u0131s\u0131na-yaz\u0131.jpg\",\"contentUrl\":\"https:\\\/\\\/akunq.net\\\/tr\\\/wp-content\\\/uploads\\\/sites\\\/6\\\/2022\\\/01\\\/Kad\u0131k\u00f6y\u2019de-kilise-kap\u0131s\u0131na-yaz\u0131.jpg\",\"width\":731,\"height\":410},{\"@type\":\"BreadcrumbList\",\"@id\":\"https:\\\/\\\/akunq.net\\\/tr\\\/?p=66526#breadcrumb\",\"itemListElement\":[{\"@type\":\"ListItem\",\"position\":1,\"name\":\"Home\",\"item\":\"https:\\\/\\\/akunq.net\\\/tr\"},{\"@type\":\"ListItem\",\"position\":2,\"name\":\"Kad\u0131k\u00f6y\u2019de kilise kap\u0131s\u0131na yaz\u0131 yazan \u015f\u00fcpheli serbest b\u0131rak\u0131ld\u0131\"}]},{\"@type\":\"WebSite\",\"@id\":\"https:\\\/\\\/akunq.net\\\/tr\\\/#website\",\"url\":\"https:\\\/\\\/akunq.net\\\/tr\\\/\",\"name\":\"Bati Ermenistan Ve Bati Ermenileri Sorunlari Ara\u015ftirmalar Merkezi\",\"description\":\"\",\"potentialAction\":[{\"@type\":\"SearchAction\",\"target\":{\"@type\":\"EntryPoint\",\"urlTemplate\":\"https:\\\/\\\/akunq.net\\\/tr\\\/?s={search_term_string}\"},\"query-input\":{\"@type\":\"PropertyValueSpecification\",\"valueRequired\":true,\"valueName\":\"search_term_string\"}}],\"inLanguage\":\"en-US\"},{\"@type\":\"Person\",\"@id\":\"https:\\\/\\\/akunq.net\\\/tr\\\/#\\\/schema\\\/person\\\/096f1d38a12cce57fb855b485ed24c9e\",\"name\":\"admin\",\"url\":\"https:\\\/\\\/akunq.net\\\/tr\\\/?author=7\"}]}<\/script>\n<!-- \/ Yoast SEO plugin. -->","yoast_head_json":{"title":"Kad\u0131k\u00f6y\u2019de kilise kap\u0131s\u0131na yaz\u0131 yazan \u015f\u00fcpheli serbest b\u0131rak\u0131ld\u0131 - Bati Ermenistan Ve Bati Ermenileri Sorunlari Ara\u015ftirmalar Merkezi","robots":{"index":"index","follow":"follow","max-snippet":"max-snippet:-1","max-image-preview":"max-image-preview:large","max-video-preview":"max-video-preview:-1"},"canonical":"https:\/\/akunq.net\/tr\/?p=66526","og_locale":"en_US","og_type":"article","og_title":"Kad\u0131k\u00f6y\u2019de kilise kap\u0131s\u0131na yaz\u0131 yazan \u015f\u00fcpheli serbest b\u0131rak\u0131ld\u0131 - Bati Ermenistan Ve Bati Ermenileri Sorunlari Ara\u015ftirmalar Merkezi","og_description":"Olay Cafera\u011fa Mahallesi\u2019nde bulunan Anadolu Protestan Kilisesi\u2019nde meydana geldi. \u0130ddialara g\u00f6re kimli\u011fi belirsiz ki\u015fi ya da ki\u015filer kilisenin kap\u0131s\u0131na sprey boya ile \u201cAllah 1\u201d yazd\u0131. Kiliseye gelenler yaz\u0131y\u0131 fark ederek polis ekiplerine haber verdi. \u0130hbar \u00fczerine olay yerine gelen ekipler kilisenin g\u00fcvenlik kamera kay\u0131tlar\u0131n\u0131 inceleyerek \u015f\u00fcphelinin yakalanmas\u0131na y\u00f6nelik \u00e7al\u0131\u015fma ba\u015flatt\u0131. Polisin incelemesinin ard\u0131ndan yaz\u0131, kilise [&hellip;]","og_url":"https:\/\/akunq.net\/tr\/?p=66526","og_site_name":"Bati Ermenistan Ve Bati Ermenileri Sorunlari Ara\u015ftirmalar Merkezi","article_published_time":"2022-01-11T08:19:42+00:00","og_image":[{"width":731,"height":410,"url":"https:\/\/akunq.net\/tr\/wp-content\/uploads\/sites\/6\/2022\/01\/Kad\u0131k\u00f6y\u2019de-kilise-kap\u0131s\u0131na-yaz\u0131.jpg","type":"image\/jpeg"}],"author":"admin","twitter_card":"summary_large_image","twitter_misc":{"Written by":"admin","Est. reading time":"1 minute"},"schema":{"@context":"https:\/\/schema.org","@graph":[{"@type":"Article","@id":"https:\/\/akunq.net\/tr\/?p=66526#article","isPartOf":{"@id":"https:\/\/akunq.net\/tr\/?p=66526"},"author":{"name":"admin","@id":"https:\/\/akunq.net\/tr\/#\/schema\/person\/096f1d38a12cce57fb855b485ed24c9e"},"headline":"Kad\u0131k\u00f6y\u2019de kilise kap\u0131s\u0131na yaz\u0131 yazan \u015f\u00fcpheli serbest b\u0131rak\u0131ld\u0131","datePublished":"2022-01-11T08:19:42+00:00","mainEntityOfPage":{"@id":"https:\/\/akunq.net\/tr\/?p=66526"},"wordCount":216,"commentCount":0,"image":{"@id":"https:\/\/akunq.net\/tr\/?p=66526#primaryimage"},"thumbnailUrl":"https:\/\/akunq.net\/tr\/wp-content\/uploads\/sites\/6\/2022\/01\/Kad\u0131k\u00f6y\u2019de-kilise-kap\u0131s\u0131na-yaz\u0131.jpg","articleSection":["Haberler"],"inLanguage":"en-US","potentialAction":[{"@type":"CommentAction","name":"Comment","target":["https:\/\/akunq.net\/tr\/?p=66526#respond"]}]},{"@type":"WebPage","@id":"https:\/\/akunq.net\/tr\/?p=66526","url":"https:\/\/akunq.net\/tr\/?p=66526","name":"Kad\u0131k\u00f6y\u2019de kilise kap\u0131s\u0131na yaz\u0131 yazan \u015f\u00fcpheli serbest b\u0131rak\u0131ld\u0131 - Bati Ermenistan Ve Bati Ermenileri Sorunlari Ara\u015ftirmalar Merkezi","isPartOf":{"@id":"https:\/\/akunq.net\/tr\/#website"},"primaryImageOfPage":{"@id":"https:\/\/akunq.net\/tr\/?p=66526#primaryimage"},"image":{"@id":"https:\/\/akunq.net\/tr\/?p=66526#primaryimage"},"thumbnailUrl":"https:\/\/akunq.net\/tr\/wp-content\/uploads\/sites\/6\/2022\/01\/Kad\u0131k\u00f6y\u2019de-kilise-kap\u0131s\u0131na-yaz\u0131.jpg","datePublished":"2022-01-11T08:19:42+00:00","author":{"@id":"https:\/\/akunq.net\/tr\/#\/schema\/person\/096f1d38a12cce57fb855b485ed24c9e"},"breadcrumb":{"@id":"https:\/\/akunq.net\/tr\/?p=66526#breadcrumb"},"inLanguage":"en-US","potentialAction":[{"@type":"ReadAction","target":["https:\/\/akunq.net\/tr\/?p=66526"]}]},{"@type":"ImageObject","inLanguage":"en-US","@id":"https:\/\/akunq.net\/tr\/?p=66526#primaryimage","url":"https:\/\/akunq.net\/tr\/wp-content\/uploads\/sites\/6\/2022\/01\/Kad\u0131k\u00f6y\u2019de-kilise-kap\u0131s\u0131na-yaz\u0131.jpg","contentUrl":"https:\/\/akunq.net\/tr\/wp-content\/uploads\/sites\/6\/2022\/01\/Kad\u0131k\u00f6y\u2019de-kilise-kap\u0131s\u0131na-yaz\u0131.jpg","width":731,"height":410},{"@type":"BreadcrumbList","@id":"https:\/\/akunq.net\/tr\/?p=66526#breadcrumb","itemListElement":[{"@type":"ListItem","position":1,"name":"Home","item":"https:\/\/akunq.net\/tr"},{"@type":"ListItem","position":2,"name":"Kad\u0131k\u00f6y\u2019de kilise kap\u0131s\u0131na yaz\u0131 yazan \u015f\u00fcpheli serbest b\u0131rak\u0131ld\u0131"}]},{"@type":"WebSite","@id":"https:\/\/akunq.net\/tr\/#website","url":"https:\/\/akunq.net\/tr\/","name":"Bati Ermenistan Ve Bati Ermenileri Sorunlari Ara\u015ftirmalar Merkezi","description":"","potentialAction":[{"@type":"SearchAction","target":{"@type":"EntryPoint","urlTemplate":"https:\/\/akunq.net\/tr\/?s={search_term_string}"},"query-input":{"@type":"PropertyValueSpecification","valueRequired":true,"valueName":"search_term_string"}}],"inLanguage":"en-US"},{"@type":"Person","@id":"https:\/\/akunq.net\/tr\/#\/schema\/person\/096f1d38a12cce57fb855b485ed24c9e","name":"admin","url":"https:\/\/akunq.net\/tr\/?author=7"}]}},"_links":{"self":[{"href":"https:\/\/akunq.net\/tr\/index.php?rest_route=\/wp\/v2\/posts\/66526","targetHints":{"allow":["GET"]}}],"collection":[{"href":"https:\/\/akunq.net\/tr\/index.php?rest_route=\/wp\/v2\/posts"}],"about":[{"href":"https:\/\/akunq.net\/tr\/index.php?rest_route=\/wp\/v2\/types\/post"}],"author":[{"embeddable":true,"href":"https:\/\/akunq.net\/tr\/index.php?rest_route=\/wp\/v2\/users\/7"}],"replies":[{"embeddable":true,"href":"https:\/\/akunq.net\/tr\/index.php?rest_route=%2Fwp%2Fv2%2Fcomments&post=66526"}],"version-history":[{"count":1,"href":"https:\/\/akunq.net\/tr\/index.php?rest_route=\/wp\/v2\/posts\/66526\/revisions"}],"predecessor-version":[{"id":66528,"href":"https:\/\/akunq.net\/tr\/index.php?rest_route=\/wp\/v2\/posts\/66526\/revisions\/66528"}],"wp:featuredmedia":[{"embeddable":true,"href":"https:\/\/akunq.net\/tr\/index.php?rest_route=\/wp\/v2\/media\/66527"}],"wp:attachment":[{"href":"https:\/\/akunq.net\/tr\/index.php?rest_route=%2Fwp%2Fv2%2Fmedia&parent=66526"}],"wp:term":[{"taxonomy":"category","embeddable":true,"href":"https:\/\/akunq.net\/tr\/index.php?rest_route=%2Fwp%2Fv2%2Fcategories&post=66526"},{"taxonomy":"post_tag","embeddable":true,"href":"https:\/\/akunq.net\/tr\/index.php?rest_route=%2Fwp%2Fv2%2Ftags&post=66526"}],"curies":[{"name":"wp","href":"https:\/\/api.w.org\/{rel}","templated":true}]}}