{"id":66523,"date":"2022-01-11T02:47:14","date_gmt":"2022-01-11T07:47:14","guid":{"rendered":"https:\/\/akunq.net\/tr\/?p=66523"},"modified":"2022-01-11T02:47:14","modified_gmt":"2022-01-11T07:47:14","slug":"ermeni-mezarligi-koruma-altina-alindi","status":"publish","type":"post","link":"https:\/\/akunq.net\/tr\/?p=66523","title":{"rendered":"Ermeni mezarl\u0131\u011f\u0131 koruma alt\u0131na al\u0131nd\u0131"},"content":{"rendered":"<p><img loading=\"lazy\" decoding=\"async\" class=\"aligncenter size-medium wp-image-66524\" src=\"https:\/\/akunq.net\/tr\/wp-content\/uploads\/2022\/01\/Ermeni-mezarl\u0131\u011f\u0131-360x221.jpeg\" alt=\"\" width=\"360\" height=\"221\" srcset=\"https:\/\/akunq.net\/tr\/wp-content\/uploads\/sites\/6\/2022\/01\/Ermeni-mezarl\u0131\u011f\u0131-360x221.jpeg 360w, https:\/\/akunq.net\/tr\/wp-content\/uploads\/sites\/6\/2022\/01\/Ermeni-mezarl\u0131\u011f\u0131-560x344.jpeg 560w, https:\/\/akunq.net\/tr\/wp-content\/uploads\/sites\/6\/2022\/01\/Ermeni-mezarl\u0131\u011f\u0131-260x160.jpeg 260w, https:\/\/akunq.net\/tr\/wp-content\/uploads\/sites\/6\/2022\/01\/Ermeni-mezarl\u0131\u011f\u0131-160x98.jpeg 160w, https:\/\/akunq.net\/tr\/wp-content\/uploads\/sites\/6\/2022\/01\/Ermeni-mezarl\u0131\u011f\u0131.jpeg 652w\" sizes=\"auto, (max-width: 360px) 100vw, 360px\" \/><\/p>\n<p><em><strong>Gemerek Belediyesi il\u00e7ede bulunan ve Ermeni Mezarl\u0131\u011f\u0131 olarak bilinen b\u00f6lgenin etraf\u0131n\u0131 duvar ile \u00e7evrilerek koruma alt\u0131na ald\u0131.<\/strong><\/em><\/p>\n<p>Gemerek Belediyesi il\u00e7ede bulunan ve Ermeni Mezarl\u0131\u011f\u0131 olarak bilinen b\u00f6lgenin etraf\u0131n\u0131 duvar ile \u00e7evrilerek koruma alt\u0131na ald\u0131.<\/p>\n<p>Ge\u00e7mi\u015ften g\u00fcn\u00fcm\u00fcze tarihin izlerinin ta\u015f\u0131nd\u0131\u011f\u0131 Sivas\u2019\u0131n Gemerek il\u00e7esinde bulunan ermeni mezarl\u0131\u011f\u0131, belediye taraf\u0131ndan \u00e7evre d\u00fczenlemesi yap\u0131larak koruma alt\u0131na al\u0131nd\u0131. \u00c7evresi duvarla sar\u0131lan tarihi mezarl\u0131k d\u0131\u015f etkenlerden de izole edilmi\u015f oldu. Gemerekliler belediyenin bu hizmetini memnuniyetle kar\u015f\u0131lad\u0131.<\/p>\n<p><em><strong><a href=\"https:\/\/www.haberumut.com\/sivas\/ermeni-mezarligi-koruma-altina-alindi-h125038.html\">https:\/\/www.haberumut.com\/sivas\/ermeni-mezarligi-koruma-altina-alindi-h125038.html<\/a>\u00a0<\/strong><\/em><\/p>\n","protected":false},"excerpt":{"rendered":"<p>Gemerek Belediyesi il\u00e7ede bulunan ve Ermeni Mezarl\u0131\u011f\u0131 olarak bilinen b\u00f6lgenin etraf\u0131n\u0131 duvar ile \u00e7evrilerek koruma alt\u0131na ald\u0131. Gemerek Belediyesi il\u00e7ede bulunan ve Ermeni Mezarl\u0131\u011f\u0131 olarak bilinen b\u00f6lgenin etraf\u0131n\u0131 duvar ile \u00e7evrilerek koruma alt\u0131na ald\u0131. Ge\u00e7mi\u015ften g\u00fcn\u00fcm\u00fcze tarihin izlerinin ta\u015f\u0131nd\u0131\u011f\u0131 Sivas\u2019\u0131n Gemerek il\u00e7esinde bulunan ermeni mezarl\u0131\u011f\u0131, belediye taraf\u0131ndan \u00e7evre d\u00fczenlemesi yap\u0131larak koruma alt\u0131na al\u0131nd\u0131. \u00c7evresi duvarla [&hellip;]<\/p>\n","protected":false},"author":7,"featured_media":66524,"comment_status":"open","ping_status":"open","sticky":false,"template":"","format":"standard","meta":{"footnotes":""},"categories":[22,1],"tags":[],"class_list":["post-66523","post","type-post","status-publish","format-standard","has-post-thumbnail","hentry","category-gunumuzde-bati-ermenistan","category-haberler"],"yoast_head":"<!-- This site is optimized with the Yoast SEO plugin v27.4 - https:\/\/yoast.com\/product\/yoast-seo-wordpress\/ -->\n<title>Ermeni mezarl\u0131\u011f\u0131 koruma alt\u0131na al\u0131nd\u0131 - Bati Ermenistan Ve Bati Ermenileri Sorunlari Ara\u015ftirmalar Merkezi<\/title>\n<meta name=\"robots\" content=\"index, follow, max-snippet:-1, max-image-preview:large, max-video-preview:-1\" \/>\n<link rel=\"canonical\" href=\"https:\/\/akunq.net\/tr\/?p=66523\" \/>\n<meta property=\"og:locale\" content=\"en_US\" \/>\n<meta property=\"og:type\" content=\"article\" \/>\n<meta property=\"og:title\" content=\"Ermeni mezarl\u0131\u011f\u0131 koruma alt\u0131na al\u0131nd\u0131 - Bati Ermenistan Ve Bati Ermenileri Sorunlari Ara\u015ftirmalar Merkezi\" \/>\n<meta property=\"og:description\" content=\"Gemerek Belediyesi il\u00e7ede bulunan ve Ermeni Mezarl\u0131\u011f\u0131 olarak bilinen b\u00f6lgenin etraf\u0131n\u0131 duvar ile \u00e7evrilerek koruma alt\u0131na ald\u0131. Gemerek Belediyesi il\u00e7ede bulunan ve Ermeni Mezarl\u0131\u011f\u0131 olarak bilinen b\u00f6lgenin etraf\u0131n\u0131 duvar ile \u00e7evrilerek koruma alt\u0131na ald\u0131. Ge\u00e7mi\u015ften g\u00fcn\u00fcm\u00fcze tarihin izlerinin ta\u015f\u0131nd\u0131\u011f\u0131 Sivas\u2019\u0131n Gemerek il\u00e7esinde bulunan ermeni mezarl\u0131\u011f\u0131, belediye taraf\u0131ndan \u00e7evre d\u00fczenlemesi yap\u0131larak koruma alt\u0131na al\u0131nd\u0131. \u00c7evresi duvarla [&hellip;]\" \/>\n<meta property=\"og:url\" content=\"https:\/\/akunq.net\/tr\/?p=66523\" \/>\n<meta property=\"og:site_name\" content=\"Bati Ermenistan Ve Bati Ermenileri Sorunlari Ara\u015ftirmalar Merkezi\" \/>\n<meta property=\"article:published_time\" content=\"2022-01-11T07:47:14+00:00\" \/>\n<meta property=\"og:image\" content=\"https:\/\/akunq.net\/tr\/wp-content\/uploads\/sites\/6\/2022\/01\/Ermeni-mezarl\u0131\u011f\u0131.jpeg\" \/>\n\t<meta property=\"og:image:width\" content=\"652\" \/>\n\t<meta property=\"og:image:height\" content=\"400\" \/>\n\t<meta property=\"og:image:type\" content=\"image\/jpeg\" \/>\n<meta name=\"author\" content=\"admin\" \/>\n<meta name=\"twitter:card\" content=\"summary_large_image\" \/>\n<meta name=\"twitter:label1\" content=\"Written by\" \/>\n\t<meta name=\"twitter:data1\" content=\"admin\" \/>\n\t<meta name=\"twitter:label2\" content=\"Est. reading time\" \/>\n\t<meta name=\"twitter:data2\" content=\"1 minute\" \/>\n<script type=\"application\/ld+json\" class=\"yoast-schema-graph\">{\"@context\":\"https:\\\/\\\/schema.org\",\"@graph\":[{\"@type\":\"Article\",\"@id\":\"https:\\\/\\\/akunq.net\\\/tr\\\/?p=66523#article\",\"isPartOf\":{\"@id\":\"https:\\\/\\\/akunq.net\\\/tr\\\/?p=66523\"},\"author\":{\"name\":\"admin\",\"@id\":\"https:\\\/\\\/akunq.net\\\/tr\\\/#\\\/schema\\\/person\\\/096f1d38a12cce57fb855b485ed24c9e\"},\"headline\":\"Ermeni mezarl\u0131\u011f\u0131 koruma alt\u0131na al\u0131nd\u0131\",\"datePublished\":\"2022-01-11T07:47:14+00:00\",\"mainEntityOfPage\":{\"@id\":\"https:\\\/\\\/akunq.net\\\/tr\\\/?p=66523\"},\"wordCount\":108,\"commentCount\":0,\"image\":{\"@id\":\"https:\\\/\\\/akunq.net\\\/tr\\\/?p=66523#primaryimage\"},\"thumbnailUrl\":\"https:\\\/\\\/akunq.net\\\/tr\\\/wp-content\\\/uploads\\\/sites\\\/6\\\/2022\\\/01\\\/Ermeni-mezarl\u0131\u011f\u0131.jpeg\",\"articleSection\":[\"G\u00fcn\u00fcm\u00fczde Bat\u0131 Ermenistan\",\"Haberler\"],\"inLanguage\":\"en-US\",\"potentialAction\":[{\"@type\":\"CommentAction\",\"name\":\"Comment\",\"target\":[\"https:\\\/\\\/akunq.net\\\/tr\\\/?p=66523#respond\"]}]},{\"@type\":\"WebPage\",\"@id\":\"https:\\\/\\\/akunq.net\\\/tr\\\/?p=66523\",\"url\":\"https:\\\/\\\/akunq.net\\\/tr\\\/?p=66523\",\"name\":\"Ermeni mezarl\u0131\u011f\u0131 koruma alt\u0131na al\u0131nd\u0131 - Bati Ermenistan Ve Bati Ermenileri Sorunlari Ara\u015ftirmalar Merkezi\",\"isPartOf\":{\"@id\":\"https:\\\/\\\/akunq.net\\\/tr\\\/#website\"},\"primaryImageOfPage\":{\"@id\":\"https:\\\/\\\/akunq.net\\\/tr\\\/?p=66523#primaryimage\"},\"image\":{\"@id\":\"https:\\\/\\\/akunq.net\\\/tr\\\/?p=66523#primaryimage\"},\"thumbnailUrl\":\"https:\\\/\\\/akunq.net\\\/tr\\\/wp-content\\\/uploads\\\/sites\\\/6\\\/2022\\\/01\\\/Ermeni-mezarl\u0131\u011f\u0131.jpeg\",\"datePublished\":\"2022-01-11T07:47:14+00:00\",\"author\":{\"@id\":\"https:\\\/\\\/akunq.net\\\/tr\\\/#\\\/schema\\\/person\\\/096f1d38a12cce57fb855b485ed24c9e\"},\"breadcrumb\":{\"@id\":\"https:\\\/\\\/akunq.net\\\/tr\\\/?p=66523#breadcrumb\"},\"inLanguage\":\"en-US\",\"potentialAction\":[{\"@type\":\"ReadAction\",\"target\":[\"https:\\\/\\\/akunq.net\\\/tr\\\/?p=66523\"]}]},{\"@type\":\"ImageObject\",\"inLanguage\":\"en-US\",\"@id\":\"https:\\\/\\\/akunq.net\\\/tr\\\/?p=66523#primaryimage\",\"url\":\"https:\\\/\\\/akunq.net\\\/tr\\\/wp-content\\\/uploads\\\/sites\\\/6\\\/2022\\\/01\\\/Ermeni-mezarl\u0131\u011f\u0131.jpeg\",\"contentUrl\":\"https:\\\/\\\/akunq.net\\\/tr\\\/wp-content\\\/uploads\\\/sites\\\/6\\\/2022\\\/01\\\/Ermeni-mezarl\u0131\u011f\u0131.jpeg\",\"width\":652,\"height\":400},{\"@type\":\"BreadcrumbList\",\"@id\":\"https:\\\/\\\/akunq.net\\\/tr\\\/?p=66523#breadcrumb\",\"itemListElement\":[{\"@type\":\"ListItem\",\"position\":1,\"name\":\"Home\",\"item\":\"https:\\\/\\\/akunq.net\\\/tr\"},{\"@type\":\"ListItem\",\"position\":2,\"name\":\"Ermeni mezarl\u0131\u011f\u0131 koruma alt\u0131na al\u0131nd\u0131\"}]},{\"@type\":\"WebSite\",\"@id\":\"https:\\\/\\\/akunq.net\\\/tr\\\/#website\",\"url\":\"https:\\\/\\\/akunq.net\\\/tr\\\/\",\"name\":\"Bati Ermenistan Ve Bati Ermenileri Sorunlari Ara\u015ftirmalar Merkezi\",\"description\":\"\",\"potentialAction\":[{\"@type\":\"SearchAction\",\"target\":{\"@type\":\"EntryPoint\",\"urlTemplate\":\"https:\\\/\\\/akunq.net\\\/tr\\\/?s={search_term_string}\"},\"query-input\":{\"@type\":\"PropertyValueSpecification\",\"valueRequired\":true,\"valueName\":\"search_term_string\"}}],\"inLanguage\":\"en-US\"},{\"@type\":\"Person\",\"@id\":\"https:\\\/\\\/akunq.net\\\/tr\\\/#\\\/schema\\\/person\\\/096f1d38a12cce57fb855b485ed24c9e\",\"name\":\"admin\",\"url\":\"https:\\\/\\\/akunq.net\\\/tr\\\/?author=7\"}]}<\/script>\n<!-- \/ Yoast SEO plugin. -->","yoast_head_json":{"title":"Ermeni mezarl\u0131\u011f\u0131 koruma alt\u0131na al\u0131nd\u0131 - Bati Ermenistan Ve Bati Ermenileri Sorunlari Ara\u015ftirmalar Merkezi","robots":{"index":"index","follow":"follow","max-snippet":"max-snippet:-1","max-image-preview":"max-image-preview:large","max-video-preview":"max-video-preview:-1"},"canonical":"https:\/\/akunq.net\/tr\/?p=66523","og_locale":"en_US","og_type":"article","og_title":"Ermeni mezarl\u0131\u011f\u0131 koruma alt\u0131na al\u0131nd\u0131 - Bati Ermenistan Ve Bati Ermenileri Sorunlari Ara\u015ftirmalar Merkezi","og_description":"Gemerek Belediyesi il\u00e7ede bulunan ve Ermeni Mezarl\u0131\u011f\u0131 olarak bilinen b\u00f6lgenin etraf\u0131n\u0131 duvar ile \u00e7evrilerek koruma alt\u0131na ald\u0131. Gemerek Belediyesi il\u00e7ede bulunan ve Ermeni Mezarl\u0131\u011f\u0131 olarak bilinen b\u00f6lgenin etraf\u0131n\u0131 duvar ile \u00e7evrilerek koruma alt\u0131na ald\u0131. Ge\u00e7mi\u015ften g\u00fcn\u00fcm\u00fcze tarihin izlerinin ta\u015f\u0131nd\u0131\u011f\u0131 Sivas\u2019\u0131n Gemerek il\u00e7esinde bulunan ermeni mezarl\u0131\u011f\u0131, belediye taraf\u0131ndan \u00e7evre d\u00fczenlemesi yap\u0131larak koruma alt\u0131na al\u0131nd\u0131. \u00c7evresi duvarla [&hellip;]","og_url":"https:\/\/akunq.net\/tr\/?p=66523","og_site_name":"Bati Ermenistan Ve Bati Ermenileri Sorunlari Ara\u015ftirmalar Merkezi","article_published_time":"2022-01-11T07:47:14+00:00","og_image":[{"width":652,"height":400,"url":"https:\/\/akunq.net\/tr\/wp-content\/uploads\/sites\/6\/2022\/01\/Ermeni-mezarl\u0131\u011f\u0131.jpeg","type":"image\/jpeg"}],"author":"admin","twitter_card":"summary_large_image","twitter_misc":{"Written by":"admin","Est. reading time":"1 minute"},"schema":{"@context":"https:\/\/schema.org","@graph":[{"@type":"Article","@id":"https:\/\/akunq.net\/tr\/?p=66523#article","isPartOf":{"@id":"https:\/\/akunq.net\/tr\/?p=66523"},"author":{"name":"admin","@id":"https:\/\/akunq.net\/tr\/#\/schema\/person\/096f1d38a12cce57fb855b485ed24c9e"},"headline":"Ermeni mezarl\u0131\u011f\u0131 koruma alt\u0131na al\u0131nd\u0131","datePublished":"2022-01-11T07:47:14+00:00","mainEntityOfPage":{"@id":"https:\/\/akunq.net\/tr\/?p=66523"},"wordCount":108,"commentCount":0,"image":{"@id":"https:\/\/akunq.net\/tr\/?p=66523#primaryimage"},"thumbnailUrl":"https:\/\/akunq.net\/tr\/wp-content\/uploads\/sites\/6\/2022\/01\/Ermeni-mezarl\u0131\u011f\u0131.jpeg","articleSection":["G\u00fcn\u00fcm\u00fczde Bat\u0131 Ermenistan","Haberler"],"inLanguage":"en-US","potentialAction":[{"@type":"CommentAction","name":"Comment","target":["https:\/\/akunq.net\/tr\/?p=66523#respond"]}]},{"@type":"WebPage","@id":"https:\/\/akunq.net\/tr\/?p=66523","url":"https:\/\/akunq.net\/tr\/?p=66523","name":"Ermeni mezarl\u0131\u011f\u0131 koruma alt\u0131na al\u0131nd\u0131 - Bati Ermenistan Ve Bati Ermenileri Sorunlari Ara\u015ftirmalar Merkezi","isPartOf":{"@id":"https:\/\/akunq.net\/tr\/#website"},"primaryImageOfPage":{"@id":"https:\/\/akunq.net\/tr\/?p=66523#primaryimage"},"image":{"@id":"https:\/\/akunq.net\/tr\/?p=66523#primaryimage"},"thumbnailUrl":"https:\/\/akunq.net\/tr\/wp-content\/uploads\/sites\/6\/2022\/01\/Ermeni-mezarl\u0131\u011f\u0131.jpeg","datePublished":"2022-01-11T07:47:14+00:00","author":{"@id":"https:\/\/akunq.net\/tr\/#\/schema\/person\/096f1d38a12cce57fb855b485ed24c9e"},"breadcrumb":{"@id":"https:\/\/akunq.net\/tr\/?p=66523#breadcrumb"},"inLanguage":"en-US","potentialAction":[{"@type":"ReadAction","target":["https:\/\/akunq.net\/tr\/?p=66523"]}]},{"@type":"ImageObject","inLanguage":"en-US","@id":"https:\/\/akunq.net\/tr\/?p=66523#primaryimage","url":"https:\/\/akunq.net\/tr\/wp-content\/uploads\/sites\/6\/2022\/01\/Ermeni-mezarl\u0131\u011f\u0131.jpeg","contentUrl":"https:\/\/akunq.net\/tr\/wp-content\/uploads\/sites\/6\/2022\/01\/Ermeni-mezarl\u0131\u011f\u0131.jpeg","width":652,"height":400},{"@type":"BreadcrumbList","@id":"https:\/\/akunq.net\/tr\/?p=66523#breadcrumb","itemListElement":[{"@type":"ListItem","position":1,"name":"Home","item":"https:\/\/akunq.net\/tr"},{"@type":"ListItem","position":2,"name":"Ermeni mezarl\u0131\u011f\u0131 koruma alt\u0131na al\u0131nd\u0131"}]},{"@type":"WebSite","@id":"https:\/\/akunq.net\/tr\/#website","url":"https:\/\/akunq.net\/tr\/","name":"Bati Ermenistan Ve Bati Ermenileri Sorunlari Ara\u015ftirmalar Merkezi","description":"","potentialAction":[{"@type":"SearchAction","target":{"@type":"EntryPoint","urlTemplate":"https:\/\/akunq.net\/tr\/?s={search_term_string}"},"query-input":{"@type":"PropertyValueSpecification","valueRequired":true,"valueName":"search_term_string"}}],"inLanguage":"en-US"},{"@type":"Person","@id":"https:\/\/akunq.net\/tr\/#\/schema\/person\/096f1d38a12cce57fb855b485ed24c9e","name":"admin","url":"https:\/\/akunq.net\/tr\/?author=7"}]}},"_links":{"self":[{"href":"https:\/\/akunq.net\/tr\/index.php?rest_route=\/wp\/v2\/posts\/66523","targetHints":{"allow":["GET"]}}],"collection":[{"href":"https:\/\/akunq.net\/tr\/index.php?rest_route=\/wp\/v2\/posts"}],"about":[{"href":"https:\/\/akunq.net\/tr\/index.php?rest_route=\/wp\/v2\/types\/post"}],"author":[{"embeddable":true,"href":"https:\/\/akunq.net\/tr\/index.php?rest_route=\/wp\/v2\/users\/7"}],"replies":[{"embeddable":true,"href":"https:\/\/akunq.net\/tr\/index.php?rest_route=%2Fwp%2Fv2%2Fcomments&post=66523"}],"version-history":[{"count":1,"href":"https:\/\/akunq.net\/tr\/index.php?rest_route=\/wp\/v2\/posts\/66523\/revisions"}],"predecessor-version":[{"id":66525,"href":"https:\/\/akunq.net\/tr\/index.php?rest_route=\/wp\/v2\/posts\/66523\/revisions\/66525"}],"wp:featuredmedia":[{"embeddable":true,"href":"https:\/\/akunq.net\/tr\/index.php?rest_route=\/wp\/v2\/media\/66524"}],"wp:attachment":[{"href":"https:\/\/akunq.net\/tr\/index.php?rest_route=%2Fwp%2Fv2%2Fmedia&parent=66523"}],"wp:term":[{"taxonomy":"category","embeddable":true,"href":"https:\/\/akunq.net\/tr\/index.php?rest_route=%2Fwp%2Fv2%2Fcategories&post=66523"},{"taxonomy":"post_tag","embeddable":true,"href":"https:\/\/akunq.net\/tr\/index.php?rest_route=%2Fwp%2Fv2%2Ftags&post=66523"}],"curies":[{"name":"wp","href":"https:\/\/api.w.org\/{rel}","templated":true}]}}