{"id":66520,"date":"2022-01-11T02:37:58","date_gmt":"2022-01-11T07:37:58","guid":{"rendered":"https:\/\/akunq.net\/tr\/?p=66520"},"modified":"2022-01-11T02:37:58","modified_gmt":"2022-01-11T07:37:58","slug":"kilise-kazisinda-azat-edilen-kolenin-tanriya-tesekkur-icin-yaptigi-mozaik-bulundu","status":"publish","type":"post","link":"https:\/\/akunq.net\/tr\/?p=66520","title":{"rendered":"Kilise kaz\u0131s\u0131nda azat edilen k\u00f6lenin tanr\u0131ya te\u015fekk\u00fcr i\u00e7in yapt\u0131\u011f\u0131 mozaik bulundu"},"content":{"rendered":"<h4><img loading=\"lazy\" decoding=\"async\" class=\"aligncenter size-medium wp-image-66521\" src=\"https:\/\/akunq.net\/tr\/wp-content\/uploads\/2022\/01\/k\u00f6lenin-tanr\u0131ya-te\u015fekk\u00fcr-360x203.jpg\" alt=\"\" width=\"360\" height=\"203\" srcset=\"https:\/\/akunq.net\/tr\/wp-content\/uploads\/sites\/6\/2022\/01\/k\u00f6lenin-tanr\u0131ya-te\u015fekk\u00fcr-360x203.jpg 360w, https:\/\/akunq.net\/tr\/wp-content\/uploads\/sites\/6\/2022\/01\/k\u00f6lenin-tanr\u0131ya-te\u015fekk\u00fcr-768x432.jpg 768w, https:\/\/akunq.net\/tr\/wp-content\/uploads\/sites\/6\/2022\/01\/k\u00f6lenin-tanr\u0131ya-te\u015fekk\u00fcr-560x315.jpg 560w, https:\/\/akunq.net\/tr\/wp-content\/uploads\/sites\/6\/2022\/01\/k\u00f6lenin-tanr\u0131ya-te\u015fekk\u00fcr-260x146.jpg 260w, https:\/\/akunq.net\/tr\/wp-content\/uploads\/sites\/6\/2022\/01\/k\u00f6lenin-tanr\u0131ya-te\u015fekk\u00fcr-160x90.jpg 160w, https:\/\/akunq.net\/tr\/wp-content\/uploads\/sites\/6\/2022\/01\/k\u00f6lenin-tanr\u0131ya-te\u015fekk\u00fcr.jpg 864w\" sizes=\"auto, (max-width: 360px) 100vw, 360px\" \/><\/h4>\n<h4><em><strong>Hatay\u2019\u0131n Arsuz il\u00e7esinde, portakal bah\u00e7esinde bulunan 6. y\u00fczy\u0131la ait Kutsal Havariler Kilisesi\u2019nin s\u00fcrd\u00fcr\u00fclen sezon kaz\u0131s\u0131nda bir k\u00f6lenin azat edilmesinden sonra tanr\u0131ya te\u015fekk\u00fcr i\u00e7in yapt\u0131\u011f\u0131 belirlenen mozaik g\u00fcn y\u00fcz\u00fcne \u00e7\u0131kar\u0131ld\u0131.<\/strong><\/em><\/h4>\n<p><strong>Burak Milli\u00a0<\/strong><\/p>\n<p>Arpa\u00e7iftlik Mahallesi\u2019nde Mehmet Kele\u015f\u2019in 2007\u2019de bah\u00e7esine portakal fidan\u0131 dikmek isterken fark etti\u011fi ve yap\u0131lan kaz\u0131larla\u00a0<strong>Kutsal Havariler Kilisesi\u2019<\/strong>nin yan\u0131 s\u0131ra mozaikler, hayvan fig\u00fcrleri, ta\u015f mezarlar ve kemik kal\u0131nt\u0131lar\u0131 bulunan alanda \u00e7al\u0131\u015fmalar devam ediyor.<\/p>\n<p>Arkeologlar b\u00f6lgede bu sezon kaz\u0131lar\u0131nda, \u00fczerinde tavus ku\u015fu fig\u00fcr\u00fc ve bir k\u00f6lenin azat edilmesinden sonra tanr\u0131ya te\u015fekk\u00fcr etti\u011fi yaz\u0131t\u0131n da yer ald\u0131\u011f\u0131 mozaikli alan buldu.<\/p>\n<figure class=\"wp-block-image\"><img decoding=\"async\" src=\"https:\/\/i0.wp.com\/www.aa.com.tr\/uploads\/userFiles\/7fc6ad83-e801-4dd2-b1c1-974abd5a6af0\/2022%2FOcak%2F20220110_2_51658810_72384904.jpg?ssl=1\" alt=\"\" data-recalc-dims=\"1\" \/><\/figure>\n<p><strong>Hatay Arkeoloji M\u00fczesi M\u00fcd\u00fcr\u00fc Ay\u015fe Ersoy,<\/strong>\u00a0AA muhabirine, Hatay\u2019\u0131n tarihi, do\u011fas\u0131 ve k\u00fclt\u00fcr\u00fcyle dikkat \u00e7ekti\u011fini, Arsuz il\u00e7esinin de ilk \u00e7a\u011flardan bu yana liman kenti olarak \u00f6nemli bir yeri oldu\u011funu s\u00f6yledi.<\/p>\n<p>Ersoy, bah\u00e7esine portakal fidan\u0131 dikmek isteyen ki\u015finin fark etmesiyle bulunan alanda ula\u015f\u0131lan kilise ve mozaiklerin kentin 6. ve 12. y\u00fczy\u0131llar\u0131na a\u00e7\u0131kl\u0131k getirmesi a\u00e7\u0131s\u0131ndan \u00f6nem ta\u015f\u0131d\u0131\u011f\u0131n\u0131 dile getirdi.<\/p>\n<figure class=\"wp-block-image\"><img decoding=\"async\" src=\"https:\/\/i0.wp.com\/www.aa.com.tr\/uploads\/userFiles\/7fc6ad83-e801-4dd2-b1c1-974abd5a6af0\/2022%2FOcak%2F20220110_2_51658810_72384905.jpg?ssl=1\" alt=\"\" data-recalc-dims=\"1\" \/><\/figure>\n<p>Ersoy, s\u00f6zlerine \u015f\u00f6yle devam etti:<\/p>\n<p>\u201cBulunan kilise, bir vatanda\u015f\u0131n tesad\u00fcfen bir portakal fidan\u0131 dikerken buldu\u011fu bir mozaikli alan. Daha sonraki y\u0131llarda m\u00fcze kurtarma kaz\u0131s\u0131 ba\u015flat\u0131ld\u0131 ve bu y\u0131la kadar devam etti. Burada \u00fc\u00e7 nefli bazilikal bir kilise ortaya \u00e7\u0131kar\u0131l\u0131yor. Kilisenin taban\u0131nda mozaikler bulunuyor. Bir kitabe ortaya \u00e7\u0131kar\u0131l\u0131yor ve bu kilisenin \u00fc\u00e7 havariler kilisesi ad\u0131n\u0131n oldu\u011fu belli. Bu y\u0131l yap\u0131lan kaz\u0131larda da tekrar bir mozaikli alan ortaya \u00e7\u0131kar\u0131ld\u0131. Bir k\u00f6lenin azat edilmesinden sonra tanr\u0131ya te\u015fekk\u00fcr\u00fc i\u00e7in yapt\u0131\u011f\u0131 bir mozaik ortaya \u00e7\u0131kar\u0131ld\u0131. Mozai\u011fin \u00fczerinde tavus ku\u015flar\u0131 ve yaz\u0131t var. Bu da cenneti tasvir ediyor.\u201d<\/p>\n<figure class=\"wp-block-image\"><img decoding=\"async\" src=\"https:\/\/i0.wp.com\/www.aa.com.tr\/uploads\/userFiles\/7fc6ad83-e801-4dd2-b1c1-974abd5a6af0\/2022%2FOcak%2F20220110_2_51658810_72384909.jpg?ssl=1\" alt=\"\" data-recalc-dims=\"1\" \/><\/figure>\n<h3>\u201cBuras\u0131 bir a\u00e7\u0131k hava m\u00fczesi olarak ziyarete a\u00e7\u0131lacak\u201d<\/h3>\n<p>Kente deniz turizmi i\u00e7in gelen \u00e7ok say\u0131da yerli ve yabanc\u0131 turist oldu\u011funa dikkat \u00e7eken Ersoy, kilisenin \u00fczerine \u00e7at\u0131 yaparak ziyarete a\u00e7may\u0131 hedeflediklerini anlatt\u0131.<\/p>\n<p>Hatay Valisi Rahmi Do\u011fan\u2019\u0131n da konuya duyarl\u0131l\u0131\u011f\u0131na de\u011finen Ersoy, \u201cBuras\u0131 bir a\u00e7\u0131k hava m\u00fczesi olarak ziyarete a\u00e7\u0131lacak. Tarih, deniz, kum bir b\u00fct\u00fcn olarak gelen yerli ve yabanc\u0131 ziyaret\u00e7ilerimizin be\u011fenisine sunulacak.\u201d diye konu\u015ftu.<\/p>\n<figure class=\"wp-block-image\"><img decoding=\"async\" src=\"https:\/\/i0.wp.com\/www.aa.com.tr\/uploads\/userFiles\/7fc6ad83-e801-4dd2-b1c1-974abd5a6af0\/2022%2FOcak%2F20220110_2_51658810_72384903.jpg?ssl=1\" alt=\"\" data-recalc-dims=\"1\" \/><\/figure>\n<p>Ersoy, kilisenin bulundu\u011fu alanlarda b\u00fcy\u00fck bir yerle\u015fimin de olabilece\u011fini belirterek, bu nedenle b\u00f6lgede kaz\u0131lar\u0131n devam edece\u011fini s\u00f6yledi.<\/p>\n<p><em><strong><a href=\"https:\/\/www.aa.com.tr\/tr\/kultur-sanat\/kilise-kazisinda-azat-edilen-kolenin-tanriya-tesekkur-icin-yaptigi-mozaik-bulundu\/2469806\">https:\/\/www.aa.com.tr\/tr\/kultur-sanat\/kilise-kazisinda-azat-edilen-kolenin-tanriya-tesekkur-icin-yaptigi-mozaik-bulundu\/2469806<\/a>\u00a0<\/strong><\/em><\/p>\n","protected":false},"excerpt":{"rendered":"<p>Hatay\u2019\u0131n Arsuz il\u00e7esinde, portakal bah\u00e7esinde bulunan 6. y\u00fczy\u0131la ait Kutsal Havariler Kilisesi\u2019nin s\u00fcrd\u00fcr\u00fclen sezon kaz\u0131s\u0131nda bir k\u00f6lenin azat edilmesinden sonra tanr\u0131ya te\u015fekk\u00fcr i\u00e7in yapt\u0131\u011f\u0131 belirlenen mozaik g\u00fcn y\u00fcz\u00fcne \u00e7\u0131kar\u0131ld\u0131. Burak Milli\u00a0 Arpa\u00e7iftlik Mahallesi\u2019nde Mehmet Kele\u015f\u2019in 2007\u2019de bah\u00e7esine portakal fidan\u0131 dikmek isterken fark etti\u011fi ve yap\u0131lan kaz\u0131larla\u00a0Kutsal Havariler Kilisesi\u2019nin yan\u0131 s\u0131ra mozaikler, hayvan fig\u00fcrleri, ta\u015f mezarlar [&hellip;]<\/p>\n","protected":false},"author":7,"featured_media":66521,"comment_status":"open","ping_status":"open","sticky":false,"template":"","format":"standard","meta":{"footnotes":""},"categories":[1],"tags":[],"class_list":["post-66520","post","type-post","status-publish","format-standard","has-post-thumbnail","hentry","category-haberler"],"yoast_head":"<!-- This site is optimized with the Yoast SEO plugin v27.4 - https:\/\/yoast.com\/product\/yoast-seo-wordpress\/ -->\n<title>Kilise kaz\u0131s\u0131nda azat edilen k\u00f6lenin tanr\u0131ya te\u015fekk\u00fcr i\u00e7in yapt\u0131\u011f\u0131 mozaik bulundu - Bati Ermenistan Ve Bati Ermenileri Sorunlari Ara\u015ftirmalar Merkezi<\/title>\n<meta name=\"robots\" content=\"index, follow, max-snippet:-1, max-image-preview:large, max-video-preview:-1\" \/>\n<link rel=\"canonical\" href=\"https:\/\/akunq.net\/tr\/?p=66520\" \/>\n<meta property=\"og:locale\" content=\"en_US\" \/>\n<meta property=\"og:type\" content=\"article\" \/>\n<meta property=\"og:title\" content=\"Kilise kaz\u0131s\u0131nda azat edilen k\u00f6lenin tanr\u0131ya te\u015fekk\u00fcr i\u00e7in yapt\u0131\u011f\u0131 mozaik bulundu - Bati Ermenistan Ve Bati Ermenileri Sorunlari Ara\u015ftirmalar Merkezi\" \/>\n<meta property=\"og:description\" content=\"Hatay\u2019\u0131n Arsuz il\u00e7esinde, portakal bah\u00e7esinde bulunan 6. y\u00fczy\u0131la ait Kutsal Havariler Kilisesi\u2019nin s\u00fcrd\u00fcr\u00fclen sezon kaz\u0131s\u0131nda bir k\u00f6lenin azat edilmesinden sonra tanr\u0131ya te\u015fekk\u00fcr i\u00e7in yapt\u0131\u011f\u0131 belirlenen mozaik g\u00fcn y\u00fcz\u00fcne \u00e7\u0131kar\u0131ld\u0131. Burak Milli\u00a0 Arpa\u00e7iftlik Mahallesi\u2019nde Mehmet Kele\u015f\u2019in 2007\u2019de bah\u00e7esine portakal fidan\u0131 dikmek isterken fark etti\u011fi ve yap\u0131lan kaz\u0131larla\u00a0Kutsal Havariler Kilisesi\u2019nin yan\u0131 s\u0131ra mozaikler, hayvan fig\u00fcrleri, ta\u015f mezarlar [&hellip;]\" \/>\n<meta property=\"og:url\" content=\"https:\/\/akunq.net\/tr\/?p=66520\" \/>\n<meta property=\"og:site_name\" content=\"Bati Ermenistan Ve Bati Ermenileri Sorunlari Ara\u015ftirmalar Merkezi\" \/>\n<meta property=\"article:published_time\" content=\"2022-01-11T07:37:58+00:00\" \/>\n<meta property=\"og:image\" content=\"https:\/\/akunq.net\/tr\/wp-content\/uploads\/sites\/6\/2022\/01\/k\u00f6lenin-tanr\u0131ya-te\u015fekk\u00fcr.jpg\" \/>\n\t<meta property=\"og:image:width\" content=\"864\" \/>\n\t<meta property=\"og:image:height\" content=\"486\" \/>\n\t<meta property=\"og:image:type\" content=\"image\/jpeg\" \/>\n<meta name=\"author\" content=\"admin\" \/>\n<meta name=\"twitter:card\" content=\"summary_large_image\" \/>\n<meta name=\"twitter:label1\" content=\"Written by\" \/>\n\t<meta name=\"twitter:data1\" content=\"admin\" \/>\n\t<meta name=\"twitter:label2\" content=\"Est. reading time\" \/>\n\t<meta name=\"twitter:data2\" content=\"2 minutes\" \/>\n<script type=\"application\/ld+json\" class=\"yoast-schema-graph\">{\"@context\":\"https:\\\/\\\/schema.org\",\"@graph\":[{\"@type\":\"Article\",\"@id\":\"https:\\\/\\\/akunq.net\\\/tr\\\/?p=66520#article\",\"isPartOf\":{\"@id\":\"https:\\\/\\\/akunq.net\\\/tr\\\/?p=66520\"},\"author\":{\"name\":\"admin\",\"@id\":\"https:\\\/\\\/akunq.net\\\/tr\\\/#\\\/schema\\\/person\\\/096f1d38a12cce57fb855b485ed24c9e\"},\"headline\":\"Kilise kaz\u0131s\u0131nda azat edilen k\u00f6lenin tanr\u0131ya te\u015fekk\u00fcr i\u00e7in yapt\u0131\u011f\u0131 mozaik bulundu\",\"datePublished\":\"2022-01-11T07:37:58+00:00\",\"mainEntityOfPage\":{\"@id\":\"https:\\\/\\\/akunq.net\\\/tr\\\/?p=66520\"},\"wordCount\":471,\"commentCount\":0,\"image\":{\"@id\":\"https:\\\/\\\/akunq.net\\\/tr\\\/?p=66520#primaryimage\"},\"thumbnailUrl\":\"https:\\\/\\\/akunq.net\\\/tr\\\/wp-content\\\/uploads\\\/sites\\\/6\\\/2022\\\/01\\\/k\u00f6lenin-tanr\u0131ya-te\u015fekk\u00fcr.jpg\",\"articleSection\":[\"Haberler\"],\"inLanguage\":\"en-US\",\"potentialAction\":[{\"@type\":\"CommentAction\",\"name\":\"Comment\",\"target\":[\"https:\\\/\\\/akunq.net\\\/tr\\\/?p=66520#respond\"]}]},{\"@type\":\"WebPage\",\"@id\":\"https:\\\/\\\/akunq.net\\\/tr\\\/?p=66520\",\"url\":\"https:\\\/\\\/akunq.net\\\/tr\\\/?p=66520\",\"name\":\"Kilise kaz\u0131s\u0131nda azat edilen k\u00f6lenin tanr\u0131ya te\u015fekk\u00fcr i\u00e7in yapt\u0131\u011f\u0131 mozaik bulundu - Bati Ermenistan Ve Bati Ermenileri Sorunlari Ara\u015ftirmalar Merkezi\",\"isPartOf\":{\"@id\":\"https:\\\/\\\/akunq.net\\\/tr\\\/#website\"},\"primaryImageOfPage\":{\"@id\":\"https:\\\/\\\/akunq.net\\\/tr\\\/?p=66520#primaryimage\"},\"image\":{\"@id\":\"https:\\\/\\\/akunq.net\\\/tr\\\/?p=66520#primaryimage\"},\"thumbnailUrl\":\"https:\\\/\\\/akunq.net\\\/tr\\\/wp-content\\\/uploads\\\/sites\\\/6\\\/2022\\\/01\\\/k\u00f6lenin-tanr\u0131ya-te\u015fekk\u00fcr.jpg\",\"datePublished\":\"2022-01-11T07:37:58+00:00\",\"author\":{\"@id\":\"https:\\\/\\\/akunq.net\\\/tr\\\/#\\\/schema\\\/person\\\/096f1d38a12cce57fb855b485ed24c9e\"},\"breadcrumb\":{\"@id\":\"https:\\\/\\\/akunq.net\\\/tr\\\/?p=66520#breadcrumb\"},\"inLanguage\":\"en-US\",\"potentialAction\":[{\"@type\":\"ReadAction\",\"target\":[\"https:\\\/\\\/akunq.net\\\/tr\\\/?p=66520\"]}]},{\"@type\":\"ImageObject\",\"inLanguage\":\"en-US\",\"@id\":\"https:\\\/\\\/akunq.net\\\/tr\\\/?p=66520#primaryimage\",\"url\":\"https:\\\/\\\/akunq.net\\\/tr\\\/wp-content\\\/uploads\\\/sites\\\/6\\\/2022\\\/01\\\/k\u00f6lenin-tanr\u0131ya-te\u015fekk\u00fcr.jpg\",\"contentUrl\":\"https:\\\/\\\/akunq.net\\\/tr\\\/wp-content\\\/uploads\\\/sites\\\/6\\\/2022\\\/01\\\/k\u00f6lenin-tanr\u0131ya-te\u015fekk\u00fcr.jpg\",\"width\":864,\"height\":486},{\"@type\":\"BreadcrumbList\",\"@id\":\"https:\\\/\\\/akunq.net\\\/tr\\\/?p=66520#breadcrumb\",\"itemListElement\":[{\"@type\":\"ListItem\",\"position\":1,\"name\":\"Home\",\"item\":\"https:\\\/\\\/akunq.net\\\/tr\"},{\"@type\":\"ListItem\",\"position\":2,\"name\":\"Kilise kaz\u0131s\u0131nda azat edilen k\u00f6lenin tanr\u0131ya te\u015fekk\u00fcr i\u00e7in yapt\u0131\u011f\u0131 mozaik bulundu\"}]},{\"@type\":\"WebSite\",\"@id\":\"https:\\\/\\\/akunq.net\\\/tr\\\/#website\",\"url\":\"https:\\\/\\\/akunq.net\\\/tr\\\/\",\"name\":\"Bati Ermenistan Ve Bati Ermenileri Sorunlari Ara\u015ftirmalar Merkezi\",\"description\":\"\",\"potentialAction\":[{\"@type\":\"SearchAction\",\"target\":{\"@type\":\"EntryPoint\",\"urlTemplate\":\"https:\\\/\\\/akunq.net\\\/tr\\\/?s={search_term_string}\"},\"query-input\":{\"@type\":\"PropertyValueSpecification\",\"valueRequired\":true,\"valueName\":\"search_term_string\"}}],\"inLanguage\":\"en-US\"},{\"@type\":\"Person\",\"@id\":\"https:\\\/\\\/akunq.net\\\/tr\\\/#\\\/schema\\\/person\\\/096f1d38a12cce57fb855b485ed24c9e\",\"name\":\"admin\",\"url\":\"https:\\\/\\\/akunq.net\\\/tr\\\/?author=7\"}]}<\/script>\n<!-- \/ Yoast SEO plugin. -->","yoast_head_json":{"title":"Kilise kaz\u0131s\u0131nda azat edilen k\u00f6lenin tanr\u0131ya te\u015fekk\u00fcr i\u00e7in yapt\u0131\u011f\u0131 mozaik bulundu - Bati Ermenistan Ve Bati Ermenileri Sorunlari Ara\u015ftirmalar Merkezi","robots":{"index":"index","follow":"follow","max-snippet":"max-snippet:-1","max-image-preview":"max-image-preview:large","max-video-preview":"max-video-preview:-1"},"canonical":"https:\/\/akunq.net\/tr\/?p=66520","og_locale":"en_US","og_type":"article","og_title":"Kilise kaz\u0131s\u0131nda azat edilen k\u00f6lenin tanr\u0131ya te\u015fekk\u00fcr i\u00e7in yapt\u0131\u011f\u0131 mozaik bulundu - Bati Ermenistan Ve Bati Ermenileri Sorunlari Ara\u015ftirmalar Merkezi","og_description":"Hatay\u2019\u0131n Arsuz il\u00e7esinde, portakal bah\u00e7esinde bulunan 6. y\u00fczy\u0131la ait Kutsal Havariler Kilisesi\u2019nin s\u00fcrd\u00fcr\u00fclen sezon kaz\u0131s\u0131nda bir k\u00f6lenin azat edilmesinden sonra tanr\u0131ya te\u015fekk\u00fcr i\u00e7in yapt\u0131\u011f\u0131 belirlenen mozaik g\u00fcn y\u00fcz\u00fcne \u00e7\u0131kar\u0131ld\u0131. Burak Milli\u00a0 Arpa\u00e7iftlik Mahallesi\u2019nde Mehmet Kele\u015f\u2019in 2007\u2019de bah\u00e7esine portakal fidan\u0131 dikmek isterken fark etti\u011fi ve yap\u0131lan kaz\u0131larla\u00a0Kutsal Havariler Kilisesi\u2019nin yan\u0131 s\u0131ra mozaikler, hayvan fig\u00fcrleri, ta\u015f mezarlar [&hellip;]","og_url":"https:\/\/akunq.net\/tr\/?p=66520","og_site_name":"Bati Ermenistan Ve Bati Ermenileri Sorunlari Ara\u015ftirmalar Merkezi","article_published_time":"2022-01-11T07:37:58+00:00","og_image":[{"width":864,"height":486,"url":"https:\/\/akunq.net\/tr\/wp-content\/uploads\/sites\/6\/2022\/01\/k\u00f6lenin-tanr\u0131ya-te\u015fekk\u00fcr.jpg","type":"image\/jpeg"}],"author":"admin","twitter_card":"summary_large_image","twitter_misc":{"Written by":"admin","Est. reading time":"2 minutes"},"schema":{"@context":"https:\/\/schema.org","@graph":[{"@type":"Article","@id":"https:\/\/akunq.net\/tr\/?p=66520#article","isPartOf":{"@id":"https:\/\/akunq.net\/tr\/?p=66520"},"author":{"name":"admin","@id":"https:\/\/akunq.net\/tr\/#\/schema\/person\/096f1d38a12cce57fb855b485ed24c9e"},"headline":"Kilise kaz\u0131s\u0131nda azat edilen k\u00f6lenin tanr\u0131ya te\u015fekk\u00fcr i\u00e7in yapt\u0131\u011f\u0131 mozaik bulundu","datePublished":"2022-01-11T07:37:58+00:00","mainEntityOfPage":{"@id":"https:\/\/akunq.net\/tr\/?p=66520"},"wordCount":471,"commentCount":0,"image":{"@id":"https:\/\/akunq.net\/tr\/?p=66520#primaryimage"},"thumbnailUrl":"https:\/\/akunq.net\/tr\/wp-content\/uploads\/sites\/6\/2022\/01\/k\u00f6lenin-tanr\u0131ya-te\u015fekk\u00fcr.jpg","articleSection":["Haberler"],"inLanguage":"en-US","potentialAction":[{"@type":"CommentAction","name":"Comment","target":["https:\/\/akunq.net\/tr\/?p=66520#respond"]}]},{"@type":"WebPage","@id":"https:\/\/akunq.net\/tr\/?p=66520","url":"https:\/\/akunq.net\/tr\/?p=66520","name":"Kilise kaz\u0131s\u0131nda azat edilen k\u00f6lenin tanr\u0131ya te\u015fekk\u00fcr i\u00e7in yapt\u0131\u011f\u0131 mozaik bulundu - Bati Ermenistan Ve Bati Ermenileri Sorunlari Ara\u015ftirmalar Merkezi","isPartOf":{"@id":"https:\/\/akunq.net\/tr\/#website"},"primaryImageOfPage":{"@id":"https:\/\/akunq.net\/tr\/?p=66520#primaryimage"},"image":{"@id":"https:\/\/akunq.net\/tr\/?p=66520#primaryimage"},"thumbnailUrl":"https:\/\/akunq.net\/tr\/wp-content\/uploads\/sites\/6\/2022\/01\/k\u00f6lenin-tanr\u0131ya-te\u015fekk\u00fcr.jpg","datePublished":"2022-01-11T07:37:58+00:00","author":{"@id":"https:\/\/akunq.net\/tr\/#\/schema\/person\/096f1d38a12cce57fb855b485ed24c9e"},"breadcrumb":{"@id":"https:\/\/akunq.net\/tr\/?p=66520#breadcrumb"},"inLanguage":"en-US","potentialAction":[{"@type":"ReadAction","target":["https:\/\/akunq.net\/tr\/?p=66520"]}]},{"@type":"ImageObject","inLanguage":"en-US","@id":"https:\/\/akunq.net\/tr\/?p=66520#primaryimage","url":"https:\/\/akunq.net\/tr\/wp-content\/uploads\/sites\/6\/2022\/01\/k\u00f6lenin-tanr\u0131ya-te\u015fekk\u00fcr.jpg","contentUrl":"https:\/\/akunq.net\/tr\/wp-content\/uploads\/sites\/6\/2022\/01\/k\u00f6lenin-tanr\u0131ya-te\u015fekk\u00fcr.jpg","width":864,"height":486},{"@type":"BreadcrumbList","@id":"https:\/\/akunq.net\/tr\/?p=66520#breadcrumb","itemListElement":[{"@type":"ListItem","position":1,"name":"Home","item":"https:\/\/akunq.net\/tr"},{"@type":"ListItem","position":2,"name":"Kilise kaz\u0131s\u0131nda azat edilen k\u00f6lenin tanr\u0131ya te\u015fekk\u00fcr i\u00e7in yapt\u0131\u011f\u0131 mozaik bulundu"}]},{"@type":"WebSite","@id":"https:\/\/akunq.net\/tr\/#website","url":"https:\/\/akunq.net\/tr\/","name":"Bati Ermenistan Ve Bati Ermenileri Sorunlari Ara\u015ftirmalar Merkezi","description":"","potentialAction":[{"@type":"SearchAction","target":{"@type":"EntryPoint","urlTemplate":"https:\/\/akunq.net\/tr\/?s={search_term_string}"},"query-input":{"@type":"PropertyValueSpecification","valueRequired":true,"valueName":"search_term_string"}}],"inLanguage":"en-US"},{"@type":"Person","@id":"https:\/\/akunq.net\/tr\/#\/schema\/person\/096f1d38a12cce57fb855b485ed24c9e","name":"admin","url":"https:\/\/akunq.net\/tr\/?author=7"}]}},"_links":{"self":[{"href":"https:\/\/akunq.net\/tr\/index.php?rest_route=\/wp\/v2\/posts\/66520","targetHints":{"allow":["GET"]}}],"collection":[{"href":"https:\/\/akunq.net\/tr\/index.php?rest_route=\/wp\/v2\/posts"}],"about":[{"href":"https:\/\/akunq.net\/tr\/index.php?rest_route=\/wp\/v2\/types\/post"}],"author":[{"embeddable":true,"href":"https:\/\/akunq.net\/tr\/index.php?rest_route=\/wp\/v2\/users\/7"}],"replies":[{"embeddable":true,"href":"https:\/\/akunq.net\/tr\/index.php?rest_route=%2Fwp%2Fv2%2Fcomments&post=66520"}],"version-history":[{"count":1,"href":"https:\/\/akunq.net\/tr\/index.php?rest_route=\/wp\/v2\/posts\/66520\/revisions"}],"predecessor-version":[{"id":66522,"href":"https:\/\/akunq.net\/tr\/index.php?rest_route=\/wp\/v2\/posts\/66520\/revisions\/66522"}],"wp:featuredmedia":[{"embeddable":true,"href":"https:\/\/akunq.net\/tr\/index.php?rest_route=\/wp\/v2\/media\/66521"}],"wp:attachment":[{"href":"https:\/\/akunq.net\/tr\/index.php?rest_route=%2Fwp%2Fv2%2Fmedia&parent=66520"}],"wp:term":[{"taxonomy":"category","embeddable":true,"href":"https:\/\/akunq.net\/tr\/index.php?rest_route=%2Fwp%2Fv2%2Fcategories&post=66520"},{"taxonomy":"post_tag","embeddable":true,"href":"https:\/\/akunq.net\/tr\/index.php?rest_route=%2Fwp%2Fv2%2Ftags&post=66520"}],"curies":[{"name":"wp","href":"https:\/\/api.w.org\/{rel}","templated":true}]}}