{"id":66517,"date":"2022-01-11T02:32:09","date_gmt":"2022-01-11T07:32:09","guid":{"rendered":"https:\/\/akunq.net\/tr\/?p=66517"},"modified":"2022-01-11T02:32:09","modified_gmt":"2022-01-11T07:32:09","slug":"ermenistanin-yunanistan-buyukelciliginden-nisanyan-hakkinda-aciklama","status":"publish","type":"post","link":"https:\/\/akunq.net\/tr\/?p=66517","title":{"rendered":"Ermenistan&#8217;\u0131n Yunanistan B\u00fcy\u00fckel\u00e7ili\u011fi&#8217;nden Ni\u015fanyan hakk\u0131nda a\u00e7\u0131klama"},"content":{"rendered":"<p><img loading=\"lazy\" decoding=\"async\" class=\"aligncenter size-medium wp-image-66518\" src=\"https:\/\/akunq.net\/tr\/wp-content\/uploads\/2022\/01\/\u054d\u0565\u0582\u0561\u0576-\u0546\u0577\u0561\u0576\u0565\u0561\u0576-360x195.jpg\" alt=\"\" width=\"360\" height=\"195\" srcset=\"https:\/\/akunq.net\/tr\/wp-content\/uploads\/sites\/6\/2022\/01\/\u054d\u0565\u0582\u0561\u0576-\u0546\u0577\u0561\u0576\u0565\u0561\u0576-360x195.jpg 360w, https:\/\/akunq.net\/tr\/wp-content\/uploads\/sites\/6\/2022\/01\/\u054d\u0565\u0582\u0561\u0576-\u0546\u0577\u0561\u0576\u0565\u0561\u0576-768x416.jpg 768w, https:\/\/akunq.net\/tr\/wp-content\/uploads\/sites\/6\/2022\/01\/\u054d\u0565\u0582\u0561\u0576-\u0546\u0577\u0561\u0576\u0565\u0561\u0576-560x303.jpg 560w, https:\/\/akunq.net\/tr\/wp-content\/uploads\/sites\/6\/2022\/01\/\u054d\u0565\u0582\u0561\u0576-\u0546\u0577\u0561\u0576\u0565\u0561\u0576-260x141.jpg 260w, https:\/\/akunq.net\/tr\/wp-content\/uploads\/sites\/6\/2022\/01\/\u054d\u0565\u0582\u0561\u0576-\u0546\u0577\u0561\u0576\u0565\u0561\u0576-160x87.jpg 160w, https:\/\/akunq.net\/tr\/wp-content\/uploads\/sites\/6\/2022\/01\/\u054d\u0565\u0582\u0561\u0576-\u0546\u0577\u0561\u0576\u0565\u0561\u0576.jpg 800w\" sizes=\"auto, (max-width: 360px) 100vw, 360px\" \/><\/p>\n<p><em><strong>Ermenistan&#8217;\u0131n Yunanistan B\u00fcy\u00fckel\u00e7ili\u011fi, Yunan makamlar\u0131n\u0131n g\u00f6zalt\u0131na ald\u0131\u011f\u0131 T\u00fcrkiyeli yazar, Ermenistan vatanda\u015f\u0131 Sevan Ni\u015fanyan ile ilgili bir a\u00e7\u0131klama yapt\u0131.<\/strong><\/em><\/p>\n<p>A\u00e7\u0131klamada b\u00fcy\u00fckel\u00e7ili\u011fin ya\u015fanan geli\u015fmelerden haberdar oldu\u011fu ve sorunu \u00e7\u00f6zmek i\u00e7in m\u00fcmk\u00fcn olan t\u00fcm ad\u0131mlar\u0131n at\u0131ld\u0131\u011f\u0131 bildirildi.<\/p>\n<p>Sevan Ni\u015fanyan&#8217;\u0131n e\u015fi \u0130ra Tzouro taraf\u0131ndan \u00f6nceki g\u00fcn\u00a0 sosyal medyada yap\u0131lan payla\u015f\u0131mda, Ni\u015fanyan&#8217;\u0131n oturumunun bir g\u00fcn \u00f6nce bitmesi nedeni ile tutukland\u0131\u011f\u0131 ve Pazartesi g\u00fcn\u00fc (bug\u00fcn) sevk edilece\u011fi Samos Adliyesi&#8217;nde hakim kar\u015f\u0131s\u0131na \u00e7\u0131kar\u0131larak, s\u0131n\u0131rd\u0131\u015f\u0131 edilece\u011fi ifade edildi. Ni\u015fanyan&#8217;\u0131n ayn\u0131 zamanda Ermenistan vatanda\u015fl\u0131\u011f\u0131 da bulunuyor.<\/p>\n<p>2014 y\u0131l\u0131nda T\u00fcrkiye&#8217;de 17 y\u0131l hapis cezas\u0131na \u00e7arpt\u0131r\u0131lan \u0130stanbullu Ermeni yazar, dilbilimci Sevan Ni\u015fanyan, 14 Temmuz 2017&#8217;de\u00a0 bulundu\u011fu a\u00e7\u0131k cezaevinden firar etti. 25 Temmuz 2017&#8217;de Ni\u015fanyan, Yunan makamlar\u0131na s\u0131\u011f\u0131nma ba\u015fvurusunda bulundu\u011funu a\u00e7\u0131klad\u0131.<\/p>\n<p><em><strong>http:\/\/www.agos.com.tr\/tr\/yazi\/26609\/ermenistan-in-yunanistan-buyukelciligi-nden-nisanyan-hakkinda-aciklama\u00a0<\/strong><\/em><\/p>\n","protected":false},"excerpt":{"rendered":"<p>Ermenistan&#8217;\u0131n Yunanistan B\u00fcy\u00fckel\u00e7ili\u011fi, Yunan makamlar\u0131n\u0131n g\u00f6zalt\u0131na ald\u0131\u011f\u0131 T\u00fcrkiyeli yazar, Ermenistan vatanda\u015f\u0131 Sevan Ni\u015fanyan ile ilgili bir a\u00e7\u0131klama yapt\u0131. A\u00e7\u0131klamada b\u00fcy\u00fckel\u00e7ili\u011fin ya\u015fanan geli\u015fmelerden haberdar oldu\u011fu ve sorunu \u00e7\u00f6zmek i\u00e7in m\u00fcmk\u00fcn olan t\u00fcm ad\u0131mlar\u0131n at\u0131ld\u0131\u011f\u0131 bildirildi. Sevan Ni\u015fanyan&#8217;\u0131n e\u015fi \u0130ra Tzouro taraf\u0131ndan \u00f6nceki g\u00fcn\u00a0 sosyal medyada yap\u0131lan payla\u015f\u0131mda, Ni\u015fanyan&#8217;\u0131n oturumunun bir g\u00fcn \u00f6nce bitmesi nedeni ile tutukland\u0131\u011f\u0131 [&hellip;]<\/p>\n","protected":false},"author":7,"featured_media":66518,"comment_status":"open","ping_status":"open","sticky":false,"template":"","format":"standard","meta":{"footnotes":""},"categories":[1],"tags":[],"class_list":["post-66517","post","type-post","status-publish","format-standard","has-post-thumbnail","hentry","category-haberler"],"yoast_head":"<!-- This site is optimized with the Yoast SEO plugin v27.4 - https:\/\/yoast.com\/product\/yoast-seo-wordpress\/ -->\n<title>Ermenistan&#039;\u0131n Yunanistan B\u00fcy\u00fckel\u00e7ili\u011fi&#039;nden Ni\u015fanyan hakk\u0131nda a\u00e7\u0131klama - Bati Ermenistan Ve Bati Ermenileri Sorunlari Ara\u015ftirmalar Merkezi<\/title>\n<meta name=\"robots\" content=\"index, follow, max-snippet:-1, max-image-preview:large, max-video-preview:-1\" \/>\n<link rel=\"canonical\" href=\"https:\/\/akunq.net\/tr\/?p=66517\" \/>\n<meta property=\"og:locale\" content=\"en_US\" \/>\n<meta property=\"og:type\" content=\"article\" \/>\n<meta property=\"og:title\" content=\"Ermenistan&#039;\u0131n Yunanistan B\u00fcy\u00fckel\u00e7ili\u011fi&#039;nden Ni\u015fanyan hakk\u0131nda a\u00e7\u0131klama - Bati Ermenistan Ve Bati Ermenileri Sorunlari Ara\u015ftirmalar Merkezi\" \/>\n<meta property=\"og:description\" content=\"Ermenistan&#8217;\u0131n Yunanistan B\u00fcy\u00fckel\u00e7ili\u011fi, Yunan makamlar\u0131n\u0131n g\u00f6zalt\u0131na ald\u0131\u011f\u0131 T\u00fcrkiyeli yazar, Ermenistan vatanda\u015f\u0131 Sevan Ni\u015fanyan ile ilgili bir a\u00e7\u0131klama yapt\u0131. A\u00e7\u0131klamada b\u00fcy\u00fckel\u00e7ili\u011fin ya\u015fanan geli\u015fmelerden haberdar oldu\u011fu ve sorunu \u00e7\u00f6zmek i\u00e7in m\u00fcmk\u00fcn olan t\u00fcm ad\u0131mlar\u0131n at\u0131ld\u0131\u011f\u0131 bildirildi. Sevan Ni\u015fanyan&#8217;\u0131n e\u015fi \u0130ra Tzouro taraf\u0131ndan \u00f6nceki g\u00fcn\u00a0 sosyal medyada yap\u0131lan payla\u015f\u0131mda, Ni\u015fanyan&#8217;\u0131n oturumunun bir g\u00fcn \u00f6nce bitmesi nedeni ile tutukland\u0131\u011f\u0131 [&hellip;]\" \/>\n<meta property=\"og:url\" content=\"https:\/\/akunq.net\/tr\/?p=66517\" \/>\n<meta property=\"og:site_name\" content=\"Bati Ermenistan Ve Bati Ermenileri Sorunlari Ara\u015ftirmalar Merkezi\" \/>\n<meta property=\"article:published_time\" content=\"2022-01-11T07:32:09+00:00\" \/>\n<meta property=\"og:image\" content=\"https:\/\/akunq.net\/tr\/wp-content\/uploads\/sites\/6\/2022\/01\/\u054d\u0565\u0582\u0561\u0576-\u0546\u0577\u0561\u0576\u0565\u0561\u0576.jpg\" \/>\n\t<meta property=\"og:image:width\" content=\"800\" \/>\n\t<meta property=\"og:image:height\" content=\"433\" \/>\n\t<meta property=\"og:image:type\" content=\"image\/jpeg\" \/>\n<meta name=\"author\" content=\"admin\" \/>\n<meta name=\"twitter:card\" content=\"summary_large_image\" \/>\n<meta name=\"twitter:label1\" content=\"Written by\" \/>\n\t<meta name=\"twitter:data1\" content=\"admin\" \/>\n\t<meta name=\"twitter:label2\" content=\"Est. reading time\" \/>\n\t<meta name=\"twitter:data2\" content=\"1 minute\" \/>\n<script type=\"application\/ld+json\" class=\"yoast-schema-graph\">{\"@context\":\"https:\\\/\\\/schema.org\",\"@graph\":[{\"@type\":\"Article\",\"@id\":\"https:\\\/\\\/akunq.net\\\/tr\\\/?p=66517#article\",\"isPartOf\":{\"@id\":\"https:\\\/\\\/akunq.net\\\/tr\\\/?p=66517\"},\"author\":{\"name\":\"admin\",\"@id\":\"https:\\\/\\\/akunq.net\\\/tr\\\/#\\\/schema\\\/person\\\/096f1d38a12cce57fb855b485ed24c9e\"},\"headline\":\"Ermenistan&#8217;\u0131n Yunanistan B\u00fcy\u00fckel\u00e7ili\u011fi&#8217;nden Ni\u015fanyan hakk\u0131nda a\u00e7\u0131klama\",\"datePublished\":\"2022-01-11T07:32:09+00:00\",\"mainEntityOfPage\":{\"@id\":\"https:\\\/\\\/akunq.net\\\/tr\\\/?p=66517\"},\"wordCount\":192,\"commentCount\":0,\"image\":{\"@id\":\"https:\\\/\\\/akunq.net\\\/tr\\\/?p=66517#primaryimage\"},\"thumbnailUrl\":\"https:\\\/\\\/akunq.net\\\/tr\\\/wp-content\\\/uploads\\\/sites\\\/6\\\/2022\\\/01\\\/\u054d\u0565\u0582\u0561\u0576-\u0546\u0577\u0561\u0576\u0565\u0561\u0576.jpg\",\"articleSection\":[\"Haberler\"],\"inLanguage\":\"en-US\",\"potentialAction\":[{\"@type\":\"CommentAction\",\"name\":\"Comment\",\"target\":[\"https:\\\/\\\/akunq.net\\\/tr\\\/?p=66517#respond\"]}]},{\"@type\":\"WebPage\",\"@id\":\"https:\\\/\\\/akunq.net\\\/tr\\\/?p=66517\",\"url\":\"https:\\\/\\\/akunq.net\\\/tr\\\/?p=66517\",\"name\":\"Ermenistan'\u0131n Yunanistan B\u00fcy\u00fckel\u00e7ili\u011fi'nden Ni\u015fanyan hakk\u0131nda a\u00e7\u0131klama - Bati Ermenistan Ve Bati Ermenileri Sorunlari Ara\u015ftirmalar Merkezi\",\"isPartOf\":{\"@id\":\"https:\\\/\\\/akunq.net\\\/tr\\\/#website\"},\"primaryImageOfPage\":{\"@id\":\"https:\\\/\\\/akunq.net\\\/tr\\\/?p=66517#primaryimage\"},\"image\":{\"@id\":\"https:\\\/\\\/akunq.net\\\/tr\\\/?p=66517#primaryimage\"},\"thumbnailUrl\":\"https:\\\/\\\/akunq.net\\\/tr\\\/wp-content\\\/uploads\\\/sites\\\/6\\\/2022\\\/01\\\/\u054d\u0565\u0582\u0561\u0576-\u0546\u0577\u0561\u0576\u0565\u0561\u0576.jpg\",\"datePublished\":\"2022-01-11T07:32:09+00:00\",\"author\":{\"@id\":\"https:\\\/\\\/akunq.net\\\/tr\\\/#\\\/schema\\\/person\\\/096f1d38a12cce57fb855b485ed24c9e\"},\"breadcrumb\":{\"@id\":\"https:\\\/\\\/akunq.net\\\/tr\\\/?p=66517#breadcrumb\"},\"inLanguage\":\"en-US\",\"potentialAction\":[{\"@type\":\"ReadAction\",\"target\":[\"https:\\\/\\\/akunq.net\\\/tr\\\/?p=66517\"]}]},{\"@type\":\"ImageObject\",\"inLanguage\":\"en-US\",\"@id\":\"https:\\\/\\\/akunq.net\\\/tr\\\/?p=66517#primaryimage\",\"url\":\"https:\\\/\\\/akunq.net\\\/tr\\\/wp-content\\\/uploads\\\/sites\\\/6\\\/2022\\\/01\\\/\u054d\u0565\u0582\u0561\u0576-\u0546\u0577\u0561\u0576\u0565\u0561\u0576.jpg\",\"contentUrl\":\"https:\\\/\\\/akunq.net\\\/tr\\\/wp-content\\\/uploads\\\/sites\\\/6\\\/2022\\\/01\\\/\u054d\u0565\u0582\u0561\u0576-\u0546\u0577\u0561\u0576\u0565\u0561\u0576.jpg\",\"width\":800,\"height\":433},{\"@type\":\"BreadcrumbList\",\"@id\":\"https:\\\/\\\/akunq.net\\\/tr\\\/?p=66517#breadcrumb\",\"itemListElement\":[{\"@type\":\"ListItem\",\"position\":1,\"name\":\"Home\",\"item\":\"https:\\\/\\\/akunq.net\\\/tr\"},{\"@type\":\"ListItem\",\"position\":2,\"name\":\"Ermenistan&#8217;\u0131n Yunanistan B\u00fcy\u00fckel\u00e7ili\u011fi&#8217;nden Ni\u015fanyan hakk\u0131nda a\u00e7\u0131klama\"}]},{\"@type\":\"WebSite\",\"@id\":\"https:\\\/\\\/akunq.net\\\/tr\\\/#website\",\"url\":\"https:\\\/\\\/akunq.net\\\/tr\\\/\",\"name\":\"Bati Ermenistan Ve Bati Ermenileri Sorunlari Ara\u015ftirmalar Merkezi\",\"description\":\"\",\"potentialAction\":[{\"@type\":\"SearchAction\",\"target\":{\"@type\":\"EntryPoint\",\"urlTemplate\":\"https:\\\/\\\/akunq.net\\\/tr\\\/?s={search_term_string}\"},\"query-input\":{\"@type\":\"PropertyValueSpecification\",\"valueRequired\":true,\"valueName\":\"search_term_string\"}}],\"inLanguage\":\"en-US\"},{\"@type\":\"Person\",\"@id\":\"https:\\\/\\\/akunq.net\\\/tr\\\/#\\\/schema\\\/person\\\/096f1d38a12cce57fb855b485ed24c9e\",\"name\":\"admin\",\"url\":\"https:\\\/\\\/akunq.net\\\/tr\\\/?author=7\"}]}<\/script>\n<!-- \/ Yoast SEO plugin. -->","yoast_head_json":{"title":"Ermenistan'\u0131n Yunanistan B\u00fcy\u00fckel\u00e7ili\u011fi'nden Ni\u015fanyan hakk\u0131nda a\u00e7\u0131klama - Bati Ermenistan Ve Bati Ermenileri Sorunlari Ara\u015ftirmalar Merkezi","robots":{"index":"index","follow":"follow","max-snippet":"max-snippet:-1","max-image-preview":"max-image-preview:large","max-video-preview":"max-video-preview:-1"},"canonical":"https:\/\/akunq.net\/tr\/?p=66517","og_locale":"en_US","og_type":"article","og_title":"Ermenistan'\u0131n Yunanistan B\u00fcy\u00fckel\u00e7ili\u011fi'nden Ni\u015fanyan hakk\u0131nda a\u00e7\u0131klama - Bati Ermenistan Ve Bati Ermenileri Sorunlari Ara\u015ftirmalar Merkezi","og_description":"Ermenistan&#8217;\u0131n Yunanistan B\u00fcy\u00fckel\u00e7ili\u011fi, Yunan makamlar\u0131n\u0131n g\u00f6zalt\u0131na ald\u0131\u011f\u0131 T\u00fcrkiyeli yazar, Ermenistan vatanda\u015f\u0131 Sevan Ni\u015fanyan ile ilgili bir a\u00e7\u0131klama yapt\u0131. A\u00e7\u0131klamada b\u00fcy\u00fckel\u00e7ili\u011fin ya\u015fanan geli\u015fmelerden haberdar oldu\u011fu ve sorunu \u00e7\u00f6zmek i\u00e7in m\u00fcmk\u00fcn olan t\u00fcm ad\u0131mlar\u0131n at\u0131ld\u0131\u011f\u0131 bildirildi. Sevan Ni\u015fanyan&#8217;\u0131n e\u015fi \u0130ra Tzouro taraf\u0131ndan \u00f6nceki g\u00fcn\u00a0 sosyal medyada yap\u0131lan payla\u015f\u0131mda, Ni\u015fanyan&#8217;\u0131n oturumunun bir g\u00fcn \u00f6nce bitmesi nedeni ile tutukland\u0131\u011f\u0131 [&hellip;]","og_url":"https:\/\/akunq.net\/tr\/?p=66517","og_site_name":"Bati Ermenistan Ve Bati Ermenileri Sorunlari Ara\u015ftirmalar Merkezi","article_published_time":"2022-01-11T07:32:09+00:00","og_image":[{"width":800,"height":433,"url":"https:\/\/akunq.net\/tr\/wp-content\/uploads\/sites\/6\/2022\/01\/\u054d\u0565\u0582\u0561\u0576-\u0546\u0577\u0561\u0576\u0565\u0561\u0576.jpg","type":"image\/jpeg"}],"author":"admin","twitter_card":"summary_large_image","twitter_misc":{"Written by":"admin","Est. reading time":"1 minute"},"schema":{"@context":"https:\/\/schema.org","@graph":[{"@type":"Article","@id":"https:\/\/akunq.net\/tr\/?p=66517#article","isPartOf":{"@id":"https:\/\/akunq.net\/tr\/?p=66517"},"author":{"name":"admin","@id":"https:\/\/akunq.net\/tr\/#\/schema\/person\/096f1d38a12cce57fb855b485ed24c9e"},"headline":"Ermenistan&#8217;\u0131n Yunanistan B\u00fcy\u00fckel\u00e7ili\u011fi&#8217;nden Ni\u015fanyan hakk\u0131nda a\u00e7\u0131klama","datePublished":"2022-01-11T07:32:09+00:00","mainEntityOfPage":{"@id":"https:\/\/akunq.net\/tr\/?p=66517"},"wordCount":192,"commentCount":0,"image":{"@id":"https:\/\/akunq.net\/tr\/?p=66517#primaryimage"},"thumbnailUrl":"https:\/\/akunq.net\/tr\/wp-content\/uploads\/sites\/6\/2022\/01\/\u054d\u0565\u0582\u0561\u0576-\u0546\u0577\u0561\u0576\u0565\u0561\u0576.jpg","articleSection":["Haberler"],"inLanguage":"en-US","potentialAction":[{"@type":"CommentAction","name":"Comment","target":["https:\/\/akunq.net\/tr\/?p=66517#respond"]}]},{"@type":"WebPage","@id":"https:\/\/akunq.net\/tr\/?p=66517","url":"https:\/\/akunq.net\/tr\/?p=66517","name":"Ermenistan'\u0131n Yunanistan B\u00fcy\u00fckel\u00e7ili\u011fi'nden Ni\u015fanyan hakk\u0131nda a\u00e7\u0131klama - Bati Ermenistan Ve Bati Ermenileri Sorunlari Ara\u015ftirmalar Merkezi","isPartOf":{"@id":"https:\/\/akunq.net\/tr\/#website"},"primaryImageOfPage":{"@id":"https:\/\/akunq.net\/tr\/?p=66517#primaryimage"},"image":{"@id":"https:\/\/akunq.net\/tr\/?p=66517#primaryimage"},"thumbnailUrl":"https:\/\/akunq.net\/tr\/wp-content\/uploads\/sites\/6\/2022\/01\/\u054d\u0565\u0582\u0561\u0576-\u0546\u0577\u0561\u0576\u0565\u0561\u0576.jpg","datePublished":"2022-01-11T07:32:09+00:00","author":{"@id":"https:\/\/akunq.net\/tr\/#\/schema\/person\/096f1d38a12cce57fb855b485ed24c9e"},"breadcrumb":{"@id":"https:\/\/akunq.net\/tr\/?p=66517#breadcrumb"},"inLanguage":"en-US","potentialAction":[{"@type":"ReadAction","target":["https:\/\/akunq.net\/tr\/?p=66517"]}]},{"@type":"ImageObject","inLanguage":"en-US","@id":"https:\/\/akunq.net\/tr\/?p=66517#primaryimage","url":"https:\/\/akunq.net\/tr\/wp-content\/uploads\/sites\/6\/2022\/01\/\u054d\u0565\u0582\u0561\u0576-\u0546\u0577\u0561\u0576\u0565\u0561\u0576.jpg","contentUrl":"https:\/\/akunq.net\/tr\/wp-content\/uploads\/sites\/6\/2022\/01\/\u054d\u0565\u0582\u0561\u0576-\u0546\u0577\u0561\u0576\u0565\u0561\u0576.jpg","width":800,"height":433},{"@type":"BreadcrumbList","@id":"https:\/\/akunq.net\/tr\/?p=66517#breadcrumb","itemListElement":[{"@type":"ListItem","position":1,"name":"Home","item":"https:\/\/akunq.net\/tr"},{"@type":"ListItem","position":2,"name":"Ermenistan&#8217;\u0131n Yunanistan B\u00fcy\u00fckel\u00e7ili\u011fi&#8217;nden Ni\u015fanyan hakk\u0131nda a\u00e7\u0131klama"}]},{"@type":"WebSite","@id":"https:\/\/akunq.net\/tr\/#website","url":"https:\/\/akunq.net\/tr\/","name":"Bati Ermenistan Ve Bati Ermenileri Sorunlari Ara\u015ftirmalar Merkezi","description":"","potentialAction":[{"@type":"SearchAction","target":{"@type":"EntryPoint","urlTemplate":"https:\/\/akunq.net\/tr\/?s={search_term_string}"},"query-input":{"@type":"PropertyValueSpecification","valueRequired":true,"valueName":"search_term_string"}}],"inLanguage":"en-US"},{"@type":"Person","@id":"https:\/\/akunq.net\/tr\/#\/schema\/person\/096f1d38a12cce57fb855b485ed24c9e","name":"admin","url":"https:\/\/akunq.net\/tr\/?author=7"}]}},"_links":{"self":[{"href":"https:\/\/akunq.net\/tr\/index.php?rest_route=\/wp\/v2\/posts\/66517","targetHints":{"allow":["GET"]}}],"collection":[{"href":"https:\/\/akunq.net\/tr\/index.php?rest_route=\/wp\/v2\/posts"}],"about":[{"href":"https:\/\/akunq.net\/tr\/index.php?rest_route=\/wp\/v2\/types\/post"}],"author":[{"embeddable":true,"href":"https:\/\/akunq.net\/tr\/index.php?rest_route=\/wp\/v2\/users\/7"}],"replies":[{"embeddable":true,"href":"https:\/\/akunq.net\/tr\/index.php?rest_route=%2Fwp%2Fv2%2Fcomments&post=66517"}],"version-history":[{"count":1,"href":"https:\/\/akunq.net\/tr\/index.php?rest_route=\/wp\/v2\/posts\/66517\/revisions"}],"predecessor-version":[{"id":66519,"href":"https:\/\/akunq.net\/tr\/index.php?rest_route=\/wp\/v2\/posts\/66517\/revisions\/66519"}],"wp:featuredmedia":[{"embeddable":true,"href":"https:\/\/akunq.net\/tr\/index.php?rest_route=\/wp\/v2\/media\/66518"}],"wp:attachment":[{"href":"https:\/\/akunq.net\/tr\/index.php?rest_route=%2Fwp%2Fv2%2Fmedia&parent=66517"}],"wp:term":[{"taxonomy":"category","embeddable":true,"href":"https:\/\/akunq.net\/tr\/index.php?rest_route=%2Fwp%2Fv2%2Fcategories&post=66517"},{"taxonomy":"post_tag","embeddable":true,"href":"https:\/\/akunq.net\/tr\/index.php?rest_route=%2Fwp%2Fv2%2Ftags&post=66517"}],"curies":[{"name":"wp","href":"https:\/\/api.w.org\/{rel}","templated":true}]}}