{"id":66508,"date":"2022-01-11T02:12:46","date_gmt":"2022-01-11T07:12:46","guid":{"rendered":"https:\/\/akunq.net\/tr\/?p=66508"},"modified":"2022-01-11T02:12:46","modified_gmt":"2022-01-11T07:12:46","slug":"kadim-kiliseden-geriye-sadece-bir-duvar-kaldi","status":"publish","type":"post","link":"https:\/\/akunq.net\/tr\/?p=66508","title":{"rendered":"Kadim kiliseden geriye sadece bir duvar kald\u0131"},"content":{"rendered":"<div class=\"post-content\">\n<p class=\"entry-lead\"><em><strong>Define aray\u0131c\u0131lar\u0131n\u0131n kaz\u0131lar\u0131 ve yetkililerin duyars\u0131zl\u0131\u011f\u0131 y\u00fcz\u00fcnden tamamen y\u0131k\u0131lma noktas\u0131na gelen Aziz Bartholomeus Manast\u0131r\u0131\u2019n\u0131n restorasyon karar\u0131, 10 y\u0131ld\u0131r uygulanmay\u0131 bekliyor.<\/strong><\/em><\/p>\n<\/div>\n<div class=\"post-header post-content\">\n<div class=\"entry-thumbnail\"><img decoding=\"async\" class=\"img-responsive aligncenter\" src=\"https:\/\/anfturkce.com\/uploads\/tr\/articles\/2021\/12\/20211231-12-jpga4628f-image.jpg\" alt=\"\" \/><\/div>\n<\/div>\n<div class=\"post-content\">\n<div class=\"entry-content row\">\n<div class=\"col-md-12\">\n<p>Van\u2019\u0131n Ba\u015fkale il\u00e7esinde bulunan Aziz Bartholomeus Manast\u0131r\u0131; define aray\u0131c\u0131lar\u0131n\u0131n kaz\u0131lar\u0131 ve yetkililerin duyars\u0131zl\u0131\u011f\u0131 y\u00fcz\u00fcnden tamamen y\u0131k\u0131lma noktas\u0131na geldi. Van Valili\u011fi taraf\u0131ndan 2011 y\u0131l\u0131nda al\u0131nan restorasyon karar\u0131 ise 10 y\u0131lda hayata ge\u00e7irilmedi. Kilisenin eski ve yeni halinin foto\u011fraflar\u0131 kilisenin geldi\u011fi noktay\u0131 g\u00f6zler \u00f6n\u00fcne seriyor.<\/p>\n<p>Ba\u015fkale&#8217;ye 23 kilometre uzakl\u0131kta bulunan Aziz Bartholomeus Manast\u0131r\u0131, 13. y\u00fczy\u0131l\u0131n sonu ile 14. y\u00fczy\u0131l\u0131n ba\u015f\u0131nda in\u015fa edildi ve Birinci D\u00fcnya Sava\u015f\u0131&#8217;na kadar b\u00f6lgede ya\u015fayan Ermeniler taraf\u0131ndan kullan\u0131ld\u0131.<\/p>\n<p>Kilise ve ona biti\u015fik durumdaki Jamatun\u2019dan olu\u015fan yap\u0131n\u0131n bat\u0131s\u0131nda bir s\u00fcthane, papaz evleri ve di\u011fer tesisleri bulunuyor.<\/p>\n<p>4. y\u00fczy\u0131lda Aziz Bartholomeus&#8217;un mezar\u0131 \u00fczerine in\u015fa edildi\u011fi tahmin edilen manast\u0131rla ilgili ilk yaz\u0131l\u0131 bilgi, 1338 y\u0131l\u0131na ait bir el yazmas\u0131nda ge\u00e7en &#8216;Aziz Bartholomeus&#8217;un korumas\u0131 alt\u0131nda&#8217; c\u00fcmlesi. 1398 tarihli bir ba\u015fka el yazmas\u0131nda sald\u0131r\u0131lar sonucu zor durumda kald\u0131\u011f\u0131ndan bahsedilen kadim manast\u0131r, di\u011fer el yazmalar\u0131ndan \u00f6\u011frenildi\u011fi kadar\u0131yla 1633 ile 1655 y\u0131llar\u0131 aras\u0131nda onar\u0131mdan ge\u00e7mi\u015f.<\/p>\n<p>1915 Ermeni Soyk\u0131r\u0131m\u0131na kadar Ermeniler taraf\u0131ndan kullan\u0131ld\u0131\u011f\u0131 ifade edilen manast\u0131r, 1966 depremiyle b\u00fcy\u00fck hasar g\u00f6rd\u00fc; kilise ve jamatunun \u00fcst \u00f6rt\u00fcleri y\u0131k\u0131ld\u0131.<\/p>\n<p><strong>KAD\u0130M K\u0130L\u0130SEY\u0130 KARAKOLA \u00c7EV\u0130RD\u0130LER<\/strong><\/p>\n<p>Van&#8217;\u0131n Ba\u015fkale (Elbak) il\u00e7esine ba\u011fl\u0131 Albayrak (D\u00ear) k\u00f6y\u00fcnde, 1990\u2019dan itibaren T\u00fcrk \u00d6zel Harekat Timleri taraf\u0131ndan \u00fcs olarak kullan\u0131lan Albayrak Karakolu s\u0131n\u0131rlar\u0131 i\u00e7indeki manast\u0131r, y\u0131llarca ula\u015f\u0131ma kapal\u0131 kald\u0131. Karakolun yeni yap\u0131lan kalekola ta\u015f\u0131nmas\u0131n\u0131n ard\u0131ndan kilise, K\u00fclt\u00fcr Bakanl\u0131\u011f\u0131&#8217;na devredildi.<\/p>\n<p>Define aray\u0131c\u0131lar\u0131n\u0131n ve k\u00f6yl\u00fclerin kaz\u0131 alan\u0131 haline gelen kiliseden geriye sadece bir duvar kald\u0131.<\/p>\n<p><strong>KARARA RA\u011eMEN RESTORE ED\u0130LMED\u0130<\/strong><\/p>\n<p>13. y\u00fczy\u0131l sonu ile 14. y\u00fczy\u0131l ba\u015f\u0131nda in\u015fa edildi\u011fi tahmin edilen Ermeni manast\u0131r\u0131, \u015fimdi tek duvar\u0131 kalm\u0131\u015f halde son g\u00fcnlerini ya\u015f\u0131yor.<\/p>\n<p>\u0130\u00e7 ile d\u0131\u015f duvarlar\u0131 a\u00e7\u0131k ve koyu kahverengi volkanik t\u00fcf ta\u015f\u0131yla kapland\u0131\u011f\u0131 i\u00e7in b\u00f6lge halk\u0131 taraf\u0131ndan Sored\u00ear (K\u0131rm\u0131z\u0131 manast\u0131r) olarak da bilinen Aziz Bartholomeus Manast\u0131r\u0131\u2019n\u0131n restorasyonuyla ilgili 2011 y\u0131l\u0131nda, d\u00f6nemin Van Valisi M\u00fcnir Karalo\u011flu restorasyon \u00e7al\u0131\u015fmalar\u0131n\u0131n ba\u015flat\u0131laca\u011f\u0131n\u0131 a\u00e7\u0131klamas\u0131na ra\u011fmen 10 y\u0131lda hi\u00e7bir ad\u0131m at\u0131lmad\u0131.<\/p>\n<p><strong>VAN \u00c7EV-DER: K\u0130L\u0130SEY\u0130 DEF\u0130NEC\u0130LERE YIKTIRDILAR<\/strong><\/p>\n<p>ANF\u2019ye konu\u015fan Van \u00c7evre Derne\u011fi Ba\u015fkan\u0131 Ali Kal\u00e7\u0131k, \u201cGe\u00e7mi\u015fte Ermenileri yok ettik, \u015fimdi onlar\u0131n tarihini yok edelim\u201d zihniyetinin tarihi dokular \u00fczerinde tahribat\u0131n\u0131n s\u00fcrd\u00fc\u011f\u00fcn\u00fc belirterek;\u00a0defalarca konuyu yetkililere ilettiklerini ancak sonu\u00e7 alamad\u0131klar\u0131n\u0131 s\u00f6yledi.<\/p>\n<p>Ali Kal\u00e7\u0131k, \u201c Bu konuda bir\u00e7ok rapor haz\u0131rlad\u0131k. Ancak biz STK\u2019lar\u0131n \u00e7abalar\u0131 yetersiz kal\u0131yor. Van\u2019da b\u00fct\u00fcn tarih b\u00f6yle yok ediliyor. S\u00f6z konusu b\u00f6lgede k\u00f6yl\u00fcler ve defineciler, kiliseyi kazarak harabeye \u00e7evirdi. Duyars\u0131zl\u0131\u011f\u0131n ve y\u00f6neticilerin restorasyonu yapmamas\u0131n\u0131n bir sonucu olarak bu tarihi kilise i\u015fte bu hale geldi. B\u00fct\u00fcn kesimler tarihi mirasa sahip \u00e7\u0131kmal\u0131d\u0131r. Resmi ideolojinin, \u2018ha\u00e7\u0131n oldu\u011fu her yerde hazine var\u2019 alg\u0131s\u0131, bu sonu\u00e7lara yol a\u00e7\u0131yor. Tarihi miras i\u015fte bu y\u00f6ntemlerle yok ediliyor. Mezopotamya\u2019n\u0131n, K\u00fcrdistan\u2019\u0131n de\u011ferlerini yok ediyorlar. Avrupa\u2019da bir caminin y\u0131k\u0131lmas\u0131 M\u00fcsl\u00fcmanlarda nas\u0131l bir duygu olu\u015fturuyorsa, kiliseye yap\u0131lanlar da Hristiyanlarda bu duyguyu olu\u015fturuyor\u201d dedi.<\/p>\n<p><em><strong>https:\/\/anfturkce.com\/toplum-ekolojI\/kadim-kiliseden-geriye-sadece-bir-duvar-kaldi-165374\u00a0<\/strong><\/em><\/p>\n<\/div>\n<\/div>\n<\/div>\n","protected":false},"excerpt":{"rendered":"<p>Define aray\u0131c\u0131lar\u0131n\u0131n kaz\u0131lar\u0131 ve yetkililerin duyars\u0131zl\u0131\u011f\u0131 y\u00fcz\u00fcnden tamamen y\u0131k\u0131lma noktas\u0131na gelen Aziz Bartholomeus Manast\u0131r\u0131\u2019n\u0131n restorasyon karar\u0131, 10 y\u0131ld\u0131r uygulanmay\u0131 bekliyor. Van\u2019\u0131n Ba\u015fkale il\u00e7esinde bulunan Aziz Bartholomeus Manast\u0131r\u0131; define aray\u0131c\u0131lar\u0131n\u0131n kaz\u0131lar\u0131 ve yetkililerin duyars\u0131zl\u0131\u011f\u0131 y\u00fcz\u00fcnden tamamen y\u0131k\u0131lma noktas\u0131na geldi. Van Valili\u011fi taraf\u0131ndan 2011 y\u0131l\u0131nda al\u0131nan restorasyon karar\u0131 ise 10 y\u0131lda hayata ge\u00e7irilmedi. Kilisenin eski ve yeni [&hellip;]<\/p>\n","protected":false},"author":7,"featured_media":66509,"comment_status":"open","ping_status":"open","sticky":false,"template":"","format":"standard","meta":{"footnotes":""},"categories":[22,1],"tags":[],"class_list":["post-66508","post","type-post","status-publish","format-standard","has-post-thumbnail","hentry","category-gunumuzde-bati-ermenistan","category-haberler"],"yoast_head":"<!-- This site is optimized with the Yoast SEO plugin v27.4 - https:\/\/yoast.com\/product\/yoast-seo-wordpress\/ -->\n<title>Kadim kiliseden geriye sadece bir duvar kald\u0131 - Bati Ermenistan Ve Bati Ermenileri Sorunlari Ara\u015ftirmalar Merkezi<\/title>\n<meta name=\"robots\" content=\"index, follow, max-snippet:-1, max-image-preview:large, max-video-preview:-1\" \/>\n<link rel=\"canonical\" href=\"https:\/\/akunq.net\/tr\/?p=66508\" \/>\n<meta property=\"og:locale\" content=\"en_US\" \/>\n<meta property=\"og:type\" content=\"article\" \/>\n<meta property=\"og:title\" content=\"Kadim kiliseden geriye sadece bir duvar kald\u0131 - Bati Ermenistan Ve Bati Ermenileri Sorunlari Ara\u015ftirmalar Merkezi\" \/>\n<meta property=\"og:description\" content=\"Define aray\u0131c\u0131lar\u0131n\u0131n kaz\u0131lar\u0131 ve yetkililerin duyars\u0131zl\u0131\u011f\u0131 y\u00fcz\u00fcnden tamamen y\u0131k\u0131lma noktas\u0131na gelen Aziz Bartholomeus Manast\u0131r\u0131\u2019n\u0131n restorasyon karar\u0131, 10 y\u0131ld\u0131r uygulanmay\u0131 bekliyor. Van\u2019\u0131n Ba\u015fkale il\u00e7esinde bulunan Aziz Bartholomeus Manast\u0131r\u0131; define aray\u0131c\u0131lar\u0131n\u0131n kaz\u0131lar\u0131 ve yetkililerin duyars\u0131zl\u0131\u011f\u0131 y\u00fcz\u00fcnden tamamen y\u0131k\u0131lma noktas\u0131na geldi. Van Valili\u011fi taraf\u0131ndan 2011 y\u0131l\u0131nda al\u0131nan restorasyon karar\u0131 ise 10 y\u0131lda hayata ge\u00e7irilmedi. Kilisenin eski ve yeni [&hellip;]\" \/>\n<meta property=\"og:url\" content=\"https:\/\/akunq.net\/tr\/?p=66508\" \/>\n<meta property=\"og:site_name\" content=\"Bati Ermenistan Ve Bati Ermenileri Sorunlari Ara\u015ftirmalar Merkezi\" \/>\n<meta property=\"article:published_time\" content=\"2022-01-11T07:12:46+00:00\" \/>\n<meta property=\"og:image\" content=\"https:\/\/akunq.net\/tr\/wp-content\/uploads\/sites\/6\/2022\/01\/\u054d\u0562-\u0532\u0561\u0580\u0564\u0578\u0582\u0572\u056b\u0574\u0565\u0578\u057d\u056b-\u057e\u0561\u0576\u0584\u0568.jpeg\" \/>\n\t<meta property=\"og:image:width\" content=\"990\" \/>\n\t<meta property=\"og:image:height\" content=\"556\" \/>\n\t<meta property=\"og:image:type\" content=\"image\/jpeg\" \/>\n<meta name=\"author\" content=\"admin\" \/>\n<meta name=\"twitter:card\" content=\"summary_large_image\" \/>\n<meta name=\"twitter:label1\" content=\"Written by\" \/>\n\t<meta name=\"twitter:data1\" content=\"admin\" \/>\n\t<meta name=\"twitter:label2\" content=\"Est. reading time\" \/>\n\t<meta name=\"twitter:data2\" content=\"3 minutes\" \/>\n<script type=\"application\/ld+json\" class=\"yoast-schema-graph\">{\"@context\":\"https:\\\/\\\/schema.org\",\"@graph\":[{\"@type\":\"Article\",\"@id\":\"https:\\\/\\\/akunq.net\\\/tr\\\/?p=66508#article\",\"isPartOf\":{\"@id\":\"https:\\\/\\\/akunq.net\\\/tr\\\/?p=66508\"},\"author\":{\"name\":\"admin\",\"@id\":\"https:\\\/\\\/akunq.net\\\/tr\\\/#\\\/schema\\\/person\\\/096f1d38a12cce57fb855b485ed24c9e\"},\"headline\":\"Kadim kiliseden geriye sadece bir duvar kald\u0131\",\"datePublished\":\"2022-01-11T07:12:46+00:00\",\"mainEntityOfPage\":{\"@id\":\"https:\\\/\\\/akunq.net\\\/tr\\\/?p=66508\"},\"wordCount\":677,\"commentCount\":0,\"image\":{\"@id\":\"https:\\\/\\\/akunq.net\\\/tr\\\/?p=66508#primaryimage\"},\"thumbnailUrl\":\"https:\\\/\\\/akunq.net\\\/tr\\\/wp-content\\\/uploads\\\/sites\\\/6\\\/2022\\\/01\\\/\u054d\u0562-\u0532\u0561\u0580\u0564\u0578\u0582\u0572\u056b\u0574\u0565\u0578\u057d\u056b-\u057e\u0561\u0576\u0584\u0568.jpeg\",\"articleSection\":[\"G\u00fcn\u00fcm\u00fczde Bat\u0131 Ermenistan\",\"Haberler\"],\"inLanguage\":\"en-US\",\"potentialAction\":[{\"@type\":\"CommentAction\",\"name\":\"Comment\",\"target\":[\"https:\\\/\\\/akunq.net\\\/tr\\\/?p=66508#respond\"]}]},{\"@type\":\"WebPage\",\"@id\":\"https:\\\/\\\/akunq.net\\\/tr\\\/?p=66508\",\"url\":\"https:\\\/\\\/akunq.net\\\/tr\\\/?p=66508\",\"name\":\"Kadim kiliseden geriye sadece bir duvar kald\u0131 - Bati Ermenistan Ve Bati Ermenileri Sorunlari Ara\u015ftirmalar Merkezi\",\"isPartOf\":{\"@id\":\"https:\\\/\\\/akunq.net\\\/tr\\\/#website\"},\"primaryImageOfPage\":{\"@id\":\"https:\\\/\\\/akunq.net\\\/tr\\\/?p=66508#primaryimage\"},\"image\":{\"@id\":\"https:\\\/\\\/akunq.net\\\/tr\\\/?p=66508#primaryimage\"},\"thumbnailUrl\":\"https:\\\/\\\/akunq.net\\\/tr\\\/wp-content\\\/uploads\\\/sites\\\/6\\\/2022\\\/01\\\/\u054d\u0562-\u0532\u0561\u0580\u0564\u0578\u0582\u0572\u056b\u0574\u0565\u0578\u057d\u056b-\u057e\u0561\u0576\u0584\u0568.jpeg\",\"datePublished\":\"2022-01-11T07:12:46+00:00\",\"author\":{\"@id\":\"https:\\\/\\\/akunq.net\\\/tr\\\/#\\\/schema\\\/person\\\/096f1d38a12cce57fb855b485ed24c9e\"},\"breadcrumb\":{\"@id\":\"https:\\\/\\\/akunq.net\\\/tr\\\/?p=66508#breadcrumb\"},\"inLanguage\":\"en-US\",\"potentialAction\":[{\"@type\":\"ReadAction\",\"target\":[\"https:\\\/\\\/akunq.net\\\/tr\\\/?p=66508\"]}]},{\"@type\":\"ImageObject\",\"inLanguage\":\"en-US\",\"@id\":\"https:\\\/\\\/akunq.net\\\/tr\\\/?p=66508#primaryimage\",\"url\":\"https:\\\/\\\/akunq.net\\\/tr\\\/wp-content\\\/uploads\\\/sites\\\/6\\\/2022\\\/01\\\/\u054d\u0562-\u0532\u0561\u0580\u0564\u0578\u0582\u0572\u056b\u0574\u0565\u0578\u057d\u056b-\u057e\u0561\u0576\u0584\u0568.jpeg\",\"contentUrl\":\"https:\\\/\\\/akunq.net\\\/tr\\\/wp-content\\\/uploads\\\/sites\\\/6\\\/2022\\\/01\\\/\u054d\u0562-\u0532\u0561\u0580\u0564\u0578\u0582\u0572\u056b\u0574\u0565\u0578\u057d\u056b-\u057e\u0561\u0576\u0584\u0568.jpeg\",\"width\":990,\"height\":556},{\"@type\":\"BreadcrumbList\",\"@id\":\"https:\\\/\\\/akunq.net\\\/tr\\\/?p=66508#breadcrumb\",\"itemListElement\":[{\"@type\":\"ListItem\",\"position\":1,\"name\":\"Home\",\"item\":\"https:\\\/\\\/akunq.net\\\/tr\"},{\"@type\":\"ListItem\",\"position\":2,\"name\":\"Kadim kiliseden geriye sadece bir duvar kald\u0131\"}]},{\"@type\":\"WebSite\",\"@id\":\"https:\\\/\\\/akunq.net\\\/tr\\\/#website\",\"url\":\"https:\\\/\\\/akunq.net\\\/tr\\\/\",\"name\":\"Bati Ermenistan Ve Bati Ermenileri Sorunlari Ara\u015ftirmalar Merkezi\",\"description\":\"\",\"potentialAction\":[{\"@type\":\"SearchAction\",\"target\":{\"@type\":\"EntryPoint\",\"urlTemplate\":\"https:\\\/\\\/akunq.net\\\/tr\\\/?s={search_term_string}\"},\"query-input\":{\"@type\":\"PropertyValueSpecification\",\"valueRequired\":true,\"valueName\":\"search_term_string\"}}],\"inLanguage\":\"en-US\"},{\"@type\":\"Person\",\"@id\":\"https:\\\/\\\/akunq.net\\\/tr\\\/#\\\/schema\\\/person\\\/096f1d38a12cce57fb855b485ed24c9e\",\"name\":\"admin\",\"url\":\"https:\\\/\\\/akunq.net\\\/tr\\\/?author=7\"}]}<\/script>\n<!-- \/ Yoast SEO plugin. -->","yoast_head_json":{"title":"Kadim kiliseden geriye sadece bir duvar kald\u0131 - Bati Ermenistan Ve Bati Ermenileri Sorunlari Ara\u015ftirmalar Merkezi","robots":{"index":"index","follow":"follow","max-snippet":"max-snippet:-1","max-image-preview":"max-image-preview:large","max-video-preview":"max-video-preview:-1"},"canonical":"https:\/\/akunq.net\/tr\/?p=66508","og_locale":"en_US","og_type":"article","og_title":"Kadim kiliseden geriye sadece bir duvar kald\u0131 - Bati Ermenistan Ve Bati Ermenileri Sorunlari Ara\u015ftirmalar Merkezi","og_description":"Define aray\u0131c\u0131lar\u0131n\u0131n kaz\u0131lar\u0131 ve yetkililerin duyars\u0131zl\u0131\u011f\u0131 y\u00fcz\u00fcnden tamamen y\u0131k\u0131lma noktas\u0131na gelen Aziz Bartholomeus Manast\u0131r\u0131\u2019n\u0131n restorasyon karar\u0131, 10 y\u0131ld\u0131r uygulanmay\u0131 bekliyor. Van\u2019\u0131n Ba\u015fkale il\u00e7esinde bulunan Aziz Bartholomeus Manast\u0131r\u0131; define aray\u0131c\u0131lar\u0131n\u0131n kaz\u0131lar\u0131 ve yetkililerin duyars\u0131zl\u0131\u011f\u0131 y\u00fcz\u00fcnden tamamen y\u0131k\u0131lma noktas\u0131na geldi. Van Valili\u011fi taraf\u0131ndan 2011 y\u0131l\u0131nda al\u0131nan restorasyon karar\u0131 ise 10 y\u0131lda hayata ge\u00e7irilmedi. Kilisenin eski ve yeni [&hellip;]","og_url":"https:\/\/akunq.net\/tr\/?p=66508","og_site_name":"Bati Ermenistan Ve Bati Ermenileri Sorunlari Ara\u015ftirmalar Merkezi","article_published_time":"2022-01-11T07:12:46+00:00","og_image":[{"width":990,"height":556,"url":"https:\/\/akunq.net\/tr\/wp-content\/uploads\/sites\/6\/2022\/01\/\u054d\u0562-\u0532\u0561\u0580\u0564\u0578\u0582\u0572\u056b\u0574\u0565\u0578\u057d\u056b-\u057e\u0561\u0576\u0584\u0568.jpeg","type":"image\/jpeg"}],"author":"admin","twitter_card":"summary_large_image","twitter_misc":{"Written by":"admin","Est. reading time":"3 minutes"},"schema":{"@context":"https:\/\/schema.org","@graph":[{"@type":"Article","@id":"https:\/\/akunq.net\/tr\/?p=66508#article","isPartOf":{"@id":"https:\/\/akunq.net\/tr\/?p=66508"},"author":{"name":"admin","@id":"https:\/\/akunq.net\/tr\/#\/schema\/person\/096f1d38a12cce57fb855b485ed24c9e"},"headline":"Kadim kiliseden geriye sadece bir duvar kald\u0131","datePublished":"2022-01-11T07:12:46+00:00","mainEntityOfPage":{"@id":"https:\/\/akunq.net\/tr\/?p=66508"},"wordCount":677,"commentCount":0,"image":{"@id":"https:\/\/akunq.net\/tr\/?p=66508#primaryimage"},"thumbnailUrl":"https:\/\/akunq.net\/tr\/wp-content\/uploads\/sites\/6\/2022\/01\/\u054d\u0562-\u0532\u0561\u0580\u0564\u0578\u0582\u0572\u056b\u0574\u0565\u0578\u057d\u056b-\u057e\u0561\u0576\u0584\u0568.jpeg","articleSection":["G\u00fcn\u00fcm\u00fczde Bat\u0131 Ermenistan","Haberler"],"inLanguage":"en-US","potentialAction":[{"@type":"CommentAction","name":"Comment","target":["https:\/\/akunq.net\/tr\/?p=66508#respond"]}]},{"@type":"WebPage","@id":"https:\/\/akunq.net\/tr\/?p=66508","url":"https:\/\/akunq.net\/tr\/?p=66508","name":"Kadim kiliseden geriye sadece bir duvar kald\u0131 - Bati Ermenistan Ve Bati Ermenileri Sorunlari Ara\u015ftirmalar Merkezi","isPartOf":{"@id":"https:\/\/akunq.net\/tr\/#website"},"primaryImageOfPage":{"@id":"https:\/\/akunq.net\/tr\/?p=66508#primaryimage"},"image":{"@id":"https:\/\/akunq.net\/tr\/?p=66508#primaryimage"},"thumbnailUrl":"https:\/\/akunq.net\/tr\/wp-content\/uploads\/sites\/6\/2022\/01\/\u054d\u0562-\u0532\u0561\u0580\u0564\u0578\u0582\u0572\u056b\u0574\u0565\u0578\u057d\u056b-\u057e\u0561\u0576\u0584\u0568.jpeg","datePublished":"2022-01-11T07:12:46+00:00","author":{"@id":"https:\/\/akunq.net\/tr\/#\/schema\/person\/096f1d38a12cce57fb855b485ed24c9e"},"breadcrumb":{"@id":"https:\/\/akunq.net\/tr\/?p=66508#breadcrumb"},"inLanguage":"en-US","potentialAction":[{"@type":"ReadAction","target":["https:\/\/akunq.net\/tr\/?p=66508"]}]},{"@type":"ImageObject","inLanguage":"en-US","@id":"https:\/\/akunq.net\/tr\/?p=66508#primaryimage","url":"https:\/\/akunq.net\/tr\/wp-content\/uploads\/sites\/6\/2022\/01\/\u054d\u0562-\u0532\u0561\u0580\u0564\u0578\u0582\u0572\u056b\u0574\u0565\u0578\u057d\u056b-\u057e\u0561\u0576\u0584\u0568.jpeg","contentUrl":"https:\/\/akunq.net\/tr\/wp-content\/uploads\/sites\/6\/2022\/01\/\u054d\u0562-\u0532\u0561\u0580\u0564\u0578\u0582\u0572\u056b\u0574\u0565\u0578\u057d\u056b-\u057e\u0561\u0576\u0584\u0568.jpeg","width":990,"height":556},{"@type":"BreadcrumbList","@id":"https:\/\/akunq.net\/tr\/?p=66508#breadcrumb","itemListElement":[{"@type":"ListItem","position":1,"name":"Home","item":"https:\/\/akunq.net\/tr"},{"@type":"ListItem","position":2,"name":"Kadim kiliseden geriye sadece bir duvar kald\u0131"}]},{"@type":"WebSite","@id":"https:\/\/akunq.net\/tr\/#website","url":"https:\/\/akunq.net\/tr\/","name":"Bati Ermenistan Ve Bati Ermenileri Sorunlari Ara\u015ftirmalar Merkezi","description":"","potentialAction":[{"@type":"SearchAction","target":{"@type":"EntryPoint","urlTemplate":"https:\/\/akunq.net\/tr\/?s={search_term_string}"},"query-input":{"@type":"PropertyValueSpecification","valueRequired":true,"valueName":"search_term_string"}}],"inLanguage":"en-US"},{"@type":"Person","@id":"https:\/\/akunq.net\/tr\/#\/schema\/person\/096f1d38a12cce57fb855b485ed24c9e","name":"admin","url":"https:\/\/akunq.net\/tr\/?author=7"}]}},"_links":{"self":[{"href":"https:\/\/akunq.net\/tr\/index.php?rest_route=\/wp\/v2\/posts\/66508","targetHints":{"allow":["GET"]}}],"collection":[{"href":"https:\/\/akunq.net\/tr\/index.php?rest_route=\/wp\/v2\/posts"}],"about":[{"href":"https:\/\/akunq.net\/tr\/index.php?rest_route=\/wp\/v2\/types\/post"}],"author":[{"embeddable":true,"href":"https:\/\/akunq.net\/tr\/index.php?rest_route=\/wp\/v2\/users\/7"}],"replies":[{"embeddable":true,"href":"https:\/\/akunq.net\/tr\/index.php?rest_route=%2Fwp%2Fv2%2Fcomments&post=66508"}],"version-history":[{"count":1,"href":"https:\/\/akunq.net\/tr\/index.php?rest_route=\/wp\/v2\/posts\/66508\/revisions"}],"predecessor-version":[{"id":66510,"href":"https:\/\/akunq.net\/tr\/index.php?rest_route=\/wp\/v2\/posts\/66508\/revisions\/66510"}],"wp:featuredmedia":[{"embeddable":true,"href":"https:\/\/akunq.net\/tr\/index.php?rest_route=\/wp\/v2\/media\/66509"}],"wp:attachment":[{"href":"https:\/\/akunq.net\/tr\/index.php?rest_route=%2Fwp%2Fv2%2Fmedia&parent=66508"}],"wp:term":[{"taxonomy":"category","embeddable":true,"href":"https:\/\/akunq.net\/tr\/index.php?rest_route=%2Fwp%2Fv2%2Fcategories&post=66508"},{"taxonomy":"post_tag","embeddable":true,"href":"https:\/\/akunq.net\/tr\/index.php?rest_route=%2Fwp%2Fv2%2Ftags&post=66508"}],"curies":[{"name":"wp","href":"https:\/\/api.w.org\/{rel}","templated":true}]}}