{"id":66505,"date":"2022-01-11T01:40:51","date_gmt":"2022-01-11T06:40:51","guid":{"rendered":"https:\/\/akunq.net\/tr\/?p=66505"},"modified":"2022-01-11T01:40:51","modified_gmt":"2022-01-11T06:40:51","slug":"hulusi-akar-ermeni-turk-diyalogu-surecinde-turkiyenin-ozel-temsilcisi-olan-serdar-kilic-ile-gorustu","status":"publish","type":"post","link":"https:\/\/akunq.net\/tr\/?p=66505","title":{"rendered":"Hulusi Akar, Ermeni-T\u00fcrk diyalo\u011fu s\u00fcrecinde T\u00fcrkiye\u2019nin \u00d6zel Temsilcisi olan Serdar K\u0131l\u0131\u00e7 ile g\u00f6r\u00fc\u015ft\u00fc"},"content":{"rendered":"<p><img loading=\"lazy\" decoding=\"async\" class=\"aligncenter size-full wp-image-66506\" src=\"https:\/\/akunq.net\/tr\/wp-content\/uploads\/2022\/01\/Hulusi-Akar.jpeg\" alt=\"\" width=\"360\" height=\"238\" srcset=\"https:\/\/akunq.net\/tr\/wp-content\/uploads\/sites\/6\/2022\/01\/Hulusi-Akar.jpeg 360w, https:\/\/akunq.net\/tr\/wp-content\/uploads\/sites\/6\/2022\/01\/Hulusi-Akar-260x172.jpeg 260w, https:\/\/akunq.net\/tr\/wp-content\/uploads\/sites\/6\/2022\/01\/Hulusi-Akar-160x106.jpeg 160w\" sizes=\"auto, (max-width: 360px) 100vw, 360px\" \/><\/p>\n<p><em><strong>T\u00fcrkiye Savunma Bakan\u0131 Hulusi Akar, Ermenistan ve T\u00fcrkiye aras\u0131nda \u00f6ng\u00f6r\u00fclen diyalog s\u00fcrecinde T\u00fcrkiye taraf\u0131ndan \u00f6zel temsilcisi atanan Serdar K\u0131l\u0131\u00e7 ile bir araya geldi.<\/strong><\/em><\/p>\n<p>Armenpress&#8217;in sundu\u011fu habere g\u00f6re bu bilgilere T\u00fcrkiye Milla Savunma Bakanl\u0131\u011f\u0131 taraf\u0131ndan yay\u0131nland\u0131.<\/p>\n<p><em><strong>https:\/\/armenpress.am\/tur\/news\/1072586.html\u00a0<\/strong><\/em><\/p>\n<div id=\"inpage_VI-258336-0-109209698\" class=\"inpage_adf\">\n<div id=\"inpage-container\">\n<div class=\"caramel-button_top\"><\/div>\n<\/div>\n<\/div>\n","protected":false},"excerpt":{"rendered":"<p>T\u00fcrkiye Savunma Bakan\u0131 Hulusi Akar, Ermenistan ve T\u00fcrkiye aras\u0131nda \u00f6ng\u00f6r\u00fclen diyalog s\u00fcrecinde T\u00fcrkiye taraf\u0131ndan \u00f6zel temsilcisi atanan Serdar K\u0131l\u0131\u00e7 ile bir araya geldi. Armenpress&#8217;in sundu\u011fu habere g\u00f6re bu bilgilere T\u00fcrkiye Milla Savunma Bakanl\u0131\u011f\u0131 taraf\u0131ndan yay\u0131nland\u0131. https:\/\/armenpress.am\/tur\/news\/1072586.html\u00a0<\/p>\n","protected":false},"author":7,"featured_media":66506,"comment_status":"open","ping_status":"open","sticky":false,"template":"","format":"standard","meta":{"footnotes":""},"categories":[1],"tags":[],"class_list":["post-66505","post","type-post","status-publish","format-standard","has-post-thumbnail","hentry","category-haberler"],"yoast_head":"<!-- This site is optimized with the Yoast SEO plugin v27.4 - https:\/\/yoast.com\/product\/yoast-seo-wordpress\/ -->\n<title>Hulusi Akar, Ermeni-T\u00fcrk diyalo\u011fu s\u00fcrecinde T\u00fcrkiye\u2019nin \u00d6zel Temsilcisi olan Serdar K\u0131l\u0131\u00e7 ile g\u00f6r\u00fc\u015ft\u00fc - Bati Ermenistan Ve Bati Ermenileri Sorunlari Ara\u015ftirmalar Merkezi<\/title>\n<meta name=\"robots\" content=\"index, follow, max-snippet:-1, max-image-preview:large, max-video-preview:-1\" \/>\n<link rel=\"canonical\" href=\"https:\/\/akunq.net\/tr\/?p=66505\" \/>\n<meta property=\"og:locale\" content=\"en_US\" \/>\n<meta property=\"og:type\" content=\"article\" \/>\n<meta property=\"og:title\" content=\"Hulusi Akar, Ermeni-T\u00fcrk diyalo\u011fu s\u00fcrecinde T\u00fcrkiye\u2019nin \u00d6zel Temsilcisi olan Serdar K\u0131l\u0131\u00e7 ile g\u00f6r\u00fc\u015ft\u00fc - Bati Ermenistan Ve Bati Ermenileri Sorunlari Ara\u015ftirmalar Merkezi\" \/>\n<meta property=\"og:description\" content=\"T\u00fcrkiye Savunma Bakan\u0131 Hulusi Akar, Ermenistan ve T\u00fcrkiye aras\u0131nda \u00f6ng\u00f6r\u00fclen diyalog s\u00fcrecinde T\u00fcrkiye taraf\u0131ndan \u00f6zel temsilcisi atanan Serdar K\u0131l\u0131\u00e7 ile bir araya geldi. Armenpress&#8217;in sundu\u011fu habere g\u00f6re bu bilgilere T\u00fcrkiye Milla Savunma Bakanl\u0131\u011f\u0131 taraf\u0131ndan yay\u0131nland\u0131. https:\/\/armenpress.am\/tur\/news\/1072586.html\u00a0\" \/>\n<meta property=\"og:url\" content=\"https:\/\/akunq.net\/tr\/?p=66505\" \/>\n<meta property=\"og:site_name\" content=\"Bati Ermenistan Ve Bati Ermenileri Sorunlari Ara\u015ftirmalar Merkezi\" \/>\n<meta property=\"article:published_time\" content=\"2022-01-11T06:40:51+00:00\" \/>\n<meta property=\"og:image\" content=\"https:\/\/akunq.net\/tr\/wp-content\/uploads\/sites\/6\/2022\/01\/Hulusi-Akar.jpeg\" \/>\n\t<meta property=\"og:image:width\" content=\"360\" \/>\n\t<meta property=\"og:image:height\" content=\"238\" \/>\n\t<meta property=\"og:image:type\" content=\"image\/jpeg\" \/>\n<meta name=\"author\" content=\"admin\" \/>\n<meta name=\"twitter:card\" content=\"summary_large_image\" \/>\n<meta name=\"twitter:label1\" content=\"Written by\" \/>\n\t<meta name=\"twitter:data1\" content=\"admin\" \/>\n<script type=\"application\/ld+json\" class=\"yoast-schema-graph\">{\"@context\":\"https:\\\/\\\/schema.org\",\"@graph\":[{\"@type\":\"Article\",\"@id\":\"https:\\\/\\\/akunq.net\\\/tr\\\/?p=66505#article\",\"isPartOf\":{\"@id\":\"https:\\\/\\\/akunq.net\\\/tr\\\/?p=66505\"},\"author\":{\"name\":\"admin\",\"@id\":\"https:\\\/\\\/akunq.net\\\/tr\\\/#\\\/schema\\\/person\\\/096f1d38a12cce57fb855b485ed24c9e\"},\"headline\":\"Hulusi Akar, Ermeni-T\u00fcrk diyalo\u011fu s\u00fcrecinde T\u00fcrkiye\u2019nin \u00d6zel Temsilcisi olan Serdar K\u0131l\u0131\u00e7 ile g\u00f6r\u00fc\u015ft\u00fc\",\"datePublished\":\"2022-01-11T06:40:51+00:00\",\"mainEntityOfPage\":{\"@id\":\"https:\\\/\\\/akunq.net\\\/tr\\\/?p=66505\"},\"wordCount\":76,\"commentCount\":0,\"image\":{\"@id\":\"https:\\\/\\\/akunq.net\\\/tr\\\/?p=66505#primaryimage\"},\"thumbnailUrl\":\"https:\\\/\\\/akunq.net\\\/tr\\\/wp-content\\\/uploads\\\/sites\\\/6\\\/2022\\\/01\\\/Hulusi-Akar.jpeg\",\"articleSection\":[\"Haberler\"],\"inLanguage\":\"en-US\",\"potentialAction\":[{\"@type\":\"CommentAction\",\"name\":\"Comment\",\"target\":[\"https:\\\/\\\/akunq.net\\\/tr\\\/?p=66505#respond\"]}]},{\"@type\":\"WebPage\",\"@id\":\"https:\\\/\\\/akunq.net\\\/tr\\\/?p=66505\",\"url\":\"https:\\\/\\\/akunq.net\\\/tr\\\/?p=66505\",\"name\":\"Hulusi Akar, Ermeni-T\u00fcrk diyalo\u011fu s\u00fcrecinde T\u00fcrkiye\u2019nin \u00d6zel Temsilcisi olan Serdar K\u0131l\u0131\u00e7 ile g\u00f6r\u00fc\u015ft\u00fc - Bati Ermenistan Ve Bati Ermenileri Sorunlari Ara\u015ftirmalar Merkezi\",\"isPartOf\":{\"@id\":\"https:\\\/\\\/akunq.net\\\/tr\\\/#website\"},\"primaryImageOfPage\":{\"@id\":\"https:\\\/\\\/akunq.net\\\/tr\\\/?p=66505#primaryimage\"},\"image\":{\"@id\":\"https:\\\/\\\/akunq.net\\\/tr\\\/?p=66505#primaryimage\"},\"thumbnailUrl\":\"https:\\\/\\\/akunq.net\\\/tr\\\/wp-content\\\/uploads\\\/sites\\\/6\\\/2022\\\/01\\\/Hulusi-Akar.jpeg\",\"datePublished\":\"2022-01-11T06:40:51+00:00\",\"author\":{\"@id\":\"https:\\\/\\\/akunq.net\\\/tr\\\/#\\\/schema\\\/person\\\/096f1d38a12cce57fb855b485ed24c9e\"},\"breadcrumb\":{\"@id\":\"https:\\\/\\\/akunq.net\\\/tr\\\/?p=66505#breadcrumb\"},\"inLanguage\":\"en-US\",\"potentialAction\":[{\"@type\":\"ReadAction\",\"target\":[\"https:\\\/\\\/akunq.net\\\/tr\\\/?p=66505\"]}]},{\"@type\":\"ImageObject\",\"inLanguage\":\"en-US\",\"@id\":\"https:\\\/\\\/akunq.net\\\/tr\\\/?p=66505#primaryimage\",\"url\":\"https:\\\/\\\/akunq.net\\\/tr\\\/wp-content\\\/uploads\\\/sites\\\/6\\\/2022\\\/01\\\/Hulusi-Akar.jpeg\",\"contentUrl\":\"https:\\\/\\\/akunq.net\\\/tr\\\/wp-content\\\/uploads\\\/sites\\\/6\\\/2022\\\/01\\\/Hulusi-Akar.jpeg\",\"width\":360,\"height\":238},{\"@type\":\"BreadcrumbList\",\"@id\":\"https:\\\/\\\/akunq.net\\\/tr\\\/?p=66505#breadcrumb\",\"itemListElement\":[{\"@type\":\"ListItem\",\"position\":1,\"name\":\"Home\",\"item\":\"https:\\\/\\\/akunq.net\\\/tr\"},{\"@type\":\"ListItem\",\"position\":2,\"name\":\"Hulusi Akar, Ermeni-T\u00fcrk diyalo\u011fu s\u00fcrecinde T\u00fcrkiye\u2019nin \u00d6zel Temsilcisi olan Serdar K\u0131l\u0131\u00e7 ile g\u00f6r\u00fc\u015ft\u00fc\"}]},{\"@type\":\"WebSite\",\"@id\":\"https:\\\/\\\/akunq.net\\\/tr\\\/#website\",\"url\":\"https:\\\/\\\/akunq.net\\\/tr\\\/\",\"name\":\"Bati Ermenistan Ve Bati Ermenileri Sorunlari Ara\u015ftirmalar Merkezi\",\"description\":\"\",\"potentialAction\":[{\"@type\":\"SearchAction\",\"target\":{\"@type\":\"EntryPoint\",\"urlTemplate\":\"https:\\\/\\\/akunq.net\\\/tr\\\/?s={search_term_string}\"},\"query-input\":{\"@type\":\"PropertyValueSpecification\",\"valueRequired\":true,\"valueName\":\"search_term_string\"}}],\"inLanguage\":\"en-US\"},{\"@type\":\"Person\",\"@id\":\"https:\\\/\\\/akunq.net\\\/tr\\\/#\\\/schema\\\/person\\\/096f1d38a12cce57fb855b485ed24c9e\",\"name\":\"admin\",\"url\":\"https:\\\/\\\/akunq.net\\\/tr\\\/?author=7\"}]}<\/script>\n<!-- \/ Yoast SEO plugin. -->","yoast_head_json":{"title":"Hulusi Akar, Ermeni-T\u00fcrk diyalo\u011fu s\u00fcrecinde T\u00fcrkiye\u2019nin \u00d6zel Temsilcisi olan Serdar K\u0131l\u0131\u00e7 ile g\u00f6r\u00fc\u015ft\u00fc - Bati Ermenistan Ve Bati Ermenileri Sorunlari Ara\u015ftirmalar Merkezi","robots":{"index":"index","follow":"follow","max-snippet":"max-snippet:-1","max-image-preview":"max-image-preview:large","max-video-preview":"max-video-preview:-1"},"canonical":"https:\/\/akunq.net\/tr\/?p=66505","og_locale":"en_US","og_type":"article","og_title":"Hulusi Akar, Ermeni-T\u00fcrk diyalo\u011fu s\u00fcrecinde T\u00fcrkiye\u2019nin \u00d6zel Temsilcisi olan Serdar K\u0131l\u0131\u00e7 ile g\u00f6r\u00fc\u015ft\u00fc - Bati Ermenistan Ve Bati Ermenileri Sorunlari Ara\u015ftirmalar Merkezi","og_description":"T\u00fcrkiye Savunma Bakan\u0131 Hulusi Akar, Ermenistan ve T\u00fcrkiye aras\u0131nda \u00f6ng\u00f6r\u00fclen diyalog s\u00fcrecinde T\u00fcrkiye taraf\u0131ndan \u00f6zel temsilcisi atanan Serdar K\u0131l\u0131\u00e7 ile bir araya geldi. Armenpress&#8217;in sundu\u011fu habere g\u00f6re bu bilgilere T\u00fcrkiye Milla Savunma Bakanl\u0131\u011f\u0131 taraf\u0131ndan yay\u0131nland\u0131. https:\/\/armenpress.am\/tur\/news\/1072586.html\u00a0","og_url":"https:\/\/akunq.net\/tr\/?p=66505","og_site_name":"Bati Ermenistan Ve Bati Ermenileri Sorunlari Ara\u015ftirmalar Merkezi","article_published_time":"2022-01-11T06:40:51+00:00","og_image":[{"width":360,"height":238,"url":"https:\/\/akunq.net\/tr\/wp-content\/uploads\/sites\/6\/2022\/01\/Hulusi-Akar.jpeg","type":"image\/jpeg"}],"author":"admin","twitter_card":"summary_large_image","twitter_misc":{"Written by":"admin"},"schema":{"@context":"https:\/\/schema.org","@graph":[{"@type":"Article","@id":"https:\/\/akunq.net\/tr\/?p=66505#article","isPartOf":{"@id":"https:\/\/akunq.net\/tr\/?p=66505"},"author":{"name":"admin","@id":"https:\/\/akunq.net\/tr\/#\/schema\/person\/096f1d38a12cce57fb855b485ed24c9e"},"headline":"Hulusi Akar, Ermeni-T\u00fcrk diyalo\u011fu s\u00fcrecinde T\u00fcrkiye\u2019nin \u00d6zel Temsilcisi olan Serdar K\u0131l\u0131\u00e7 ile g\u00f6r\u00fc\u015ft\u00fc","datePublished":"2022-01-11T06:40:51+00:00","mainEntityOfPage":{"@id":"https:\/\/akunq.net\/tr\/?p=66505"},"wordCount":76,"commentCount":0,"image":{"@id":"https:\/\/akunq.net\/tr\/?p=66505#primaryimage"},"thumbnailUrl":"https:\/\/akunq.net\/tr\/wp-content\/uploads\/sites\/6\/2022\/01\/Hulusi-Akar.jpeg","articleSection":["Haberler"],"inLanguage":"en-US","potentialAction":[{"@type":"CommentAction","name":"Comment","target":["https:\/\/akunq.net\/tr\/?p=66505#respond"]}]},{"@type":"WebPage","@id":"https:\/\/akunq.net\/tr\/?p=66505","url":"https:\/\/akunq.net\/tr\/?p=66505","name":"Hulusi Akar, Ermeni-T\u00fcrk diyalo\u011fu s\u00fcrecinde T\u00fcrkiye\u2019nin \u00d6zel Temsilcisi olan Serdar K\u0131l\u0131\u00e7 ile g\u00f6r\u00fc\u015ft\u00fc - Bati Ermenistan Ve Bati Ermenileri Sorunlari Ara\u015ftirmalar Merkezi","isPartOf":{"@id":"https:\/\/akunq.net\/tr\/#website"},"primaryImageOfPage":{"@id":"https:\/\/akunq.net\/tr\/?p=66505#primaryimage"},"image":{"@id":"https:\/\/akunq.net\/tr\/?p=66505#primaryimage"},"thumbnailUrl":"https:\/\/akunq.net\/tr\/wp-content\/uploads\/sites\/6\/2022\/01\/Hulusi-Akar.jpeg","datePublished":"2022-01-11T06:40:51+00:00","author":{"@id":"https:\/\/akunq.net\/tr\/#\/schema\/person\/096f1d38a12cce57fb855b485ed24c9e"},"breadcrumb":{"@id":"https:\/\/akunq.net\/tr\/?p=66505#breadcrumb"},"inLanguage":"en-US","potentialAction":[{"@type":"ReadAction","target":["https:\/\/akunq.net\/tr\/?p=66505"]}]},{"@type":"ImageObject","inLanguage":"en-US","@id":"https:\/\/akunq.net\/tr\/?p=66505#primaryimage","url":"https:\/\/akunq.net\/tr\/wp-content\/uploads\/sites\/6\/2022\/01\/Hulusi-Akar.jpeg","contentUrl":"https:\/\/akunq.net\/tr\/wp-content\/uploads\/sites\/6\/2022\/01\/Hulusi-Akar.jpeg","width":360,"height":238},{"@type":"BreadcrumbList","@id":"https:\/\/akunq.net\/tr\/?p=66505#breadcrumb","itemListElement":[{"@type":"ListItem","position":1,"name":"Home","item":"https:\/\/akunq.net\/tr"},{"@type":"ListItem","position":2,"name":"Hulusi Akar, Ermeni-T\u00fcrk diyalo\u011fu s\u00fcrecinde T\u00fcrkiye\u2019nin \u00d6zel Temsilcisi olan Serdar K\u0131l\u0131\u00e7 ile g\u00f6r\u00fc\u015ft\u00fc"}]},{"@type":"WebSite","@id":"https:\/\/akunq.net\/tr\/#website","url":"https:\/\/akunq.net\/tr\/","name":"Bati Ermenistan Ve Bati Ermenileri Sorunlari Ara\u015ftirmalar Merkezi","description":"","potentialAction":[{"@type":"SearchAction","target":{"@type":"EntryPoint","urlTemplate":"https:\/\/akunq.net\/tr\/?s={search_term_string}"},"query-input":{"@type":"PropertyValueSpecification","valueRequired":true,"valueName":"search_term_string"}}],"inLanguage":"en-US"},{"@type":"Person","@id":"https:\/\/akunq.net\/tr\/#\/schema\/person\/096f1d38a12cce57fb855b485ed24c9e","name":"admin","url":"https:\/\/akunq.net\/tr\/?author=7"}]}},"_links":{"self":[{"href":"https:\/\/akunq.net\/tr\/index.php?rest_route=\/wp\/v2\/posts\/66505","targetHints":{"allow":["GET"]}}],"collection":[{"href":"https:\/\/akunq.net\/tr\/index.php?rest_route=\/wp\/v2\/posts"}],"about":[{"href":"https:\/\/akunq.net\/tr\/index.php?rest_route=\/wp\/v2\/types\/post"}],"author":[{"embeddable":true,"href":"https:\/\/akunq.net\/tr\/index.php?rest_route=\/wp\/v2\/users\/7"}],"replies":[{"embeddable":true,"href":"https:\/\/akunq.net\/tr\/index.php?rest_route=%2Fwp%2Fv2%2Fcomments&post=66505"}],"version-history":[{"count":1,"href":"https:\/\/akunq.net\/tr\/index.php?rest_route=\/wp\/v2\/posts\/66505\/revisions"}],"predecessor-version":[{"id":66507,"href":"https:\/\/akunq.net\/tr\/index.php?rest_route=\/wp\/v2\/posts\/66505\/revisions\/66507"}],"wp:featuredmedia":[{"embeddable":true,"href":"https:\/\/akunq.net\/tr\/index.php?rest_route=\/wp\/v2\/media\/66506"}],"wp:attachment":[{"href":"https:\/\/akunq.net\/tr\/index.php?rest_route=%2Fwp%2Fv2%2Fmedia&parent=66505"}],"wp:term":[{"taxonomy":"category","embeddable":true,"href":"https:\/\/akunq.net\/tr\/index.php?rest_route=%2Fwp%2Fv2%2Fcategories&post=66505"},{"taxonomy":"post_tag","embeddable":true,"href":"https:\/\/akunq.net\/tr\/index.php?rest_route=%2Fwp%2Fv2%2Ftags&post=66505"}],"curies":[{"name":"wp","href":"https:\/\/api.w.org\/{rel}","templated":true}]}}