{"id":66497,"date":"2021-12-30T03:15:35","date_gmt":"2021-12-30T08:15:35","guid":{"rendered":"https:\/\/akunq.net\/tr\/?p=66497"},"modified":"2021-12-30T03:15:35","modified_gmt":"2021-12-30T08:15:35","slug":"deniz-poyraz-cinayeti-davasi-magdurlardan-ve-avukatlardan-tepki","status":"publish","type":"post","link":"https:\/\/akunq.net\/tr\/?p=66497","title":{"rendered":"Deniz Poyraz Cinayeti Davas\u0131: Ma\u011fdurlardan ve avukatlardan tepki"},"content":{"rendered":"<p><img loading=\"lazy\" decoding=\"async\" class=\"aligncenter size-medium wp-image-66498\" src=\"https:\/\/akunq.net\/tr\/wp-content\/uploads\/2021\/12\/Pervin-Buldan-360x203.jpg\" alt=\"\" width=\"360\" height=\"203\" srcset=\"https:\/\/akunq.net\/tr\/wp-content\/uploads\/sites\/6\/2021\/12\/Pervin-Buldan-360x203.jpg 360w, https:\/\/akunq.net\/tr\/wp-content\/uploads\/sites\/6\/2021\/12\/Pervin-Buldan-768x432.jpg 768w, https:\/\/akunq.net\/tr\/wp-content\/uploads\/sites\/6\/2021\/12\/Pervin-Buldan-1536x864.jpg 1536w, https:\/\/akunq.net\/tr\/wp-content\/uploads\/sites\/6\/2021\/12\/Pervin-Buldan-560x315.jpg 560w, https:\/\/akunq.net\/tr\/wp-content\/uploads\/sites\/6\/2021\/12\/Pervin-Buldan-260x146.jpg 260w, https:\/\/akunq.net\/tr\/wp-content\/uploads\/sites\/6\/2021\/12\/Pervin-Buldan-160x90.jpg 160w, https:\/\/akunq.net\/tr\/wp-content\/uploads\/sites\/6\/2021\/12\/Pervin-Buldan.jpg 1600w\" sizes=\"auto, (max-width: 360px) 100vw, 360px\" \/><\/p>\n<p><em><strong>Halklar\u0131n Demokratik Partisi (HDP) \u0130zmir \u0130l \u00d6rg\u00fct\u00fc&#8217;ne 17 Haziran&#8217;da silahl\u0131 sald\u0131r\u0131 d\u00fczenleyen ve Deniz Poyraz\u2019\u0131 \u00f6ld\u00fcren Onur Gencer&#8217;in yarg\u0131lanmas\u0131na \u0130zmir Bayrakl\u0131 Adliyesi 6. A\u011f\u0131r Ceza Mahkemesi\u2019nde ba\u015fland\u0131.<\/strong><\/em><\/p>\n<p>Saat 12.00 s\u0131ralar\u0131nda ba\u015flayan duru\u015fmada kimlik tespitleri saat 13.30&#8217;a kadar uzad\u0131. Bu s\u0131rada sald\u0131rgan duru\u015fma salonundan \u00e7\u0131kar\u0131ld\u0131. Gencer, Poyraz ailesinin \u00f6n\u00fcnden ge\u00e7erken aileye d\u00f6nerek g\u00fcld\u00fc, bunun \u00fczerine salonda gerilim ya\u015fand\u0131.<\/p>\n<p>M\u00fcdahil avukatlar, mahkeme ba\u015fkan\u0131na &#8220;Bu karar sizin taraf\u0131n\u0131zdan verilmediyse ve kolluk kendi iradesiyle san\u0131\u011f\u0131 g\u00f6t\u00fcrd\u00fcyse, kolluk hakk\u0131nda su\u00e7 duyurusunda bulunaca\u011f\u0131z. \u015eayet karar\u0131 siz verdiyseniz bu salona beyan edilmeliydi&#8221; dedi.<\/p>\n<p>Mahkeme ba\u015fkan\u0131 da &#8220;San\u0131\u011f\u0131n tuvalet ihtiyac\u0131 gere\u011fiyle izin talep edildi ben de verdim&#8221; yan\u0131t\u0131n\u0131 verdi.<\/p>\n<p>Sald\u0131rgan Gencer, bir s\u00fcre sonra yeniden duru\u015fma salona getirildi. Gencer, salona girerken salondakilere d\u00f6nerek dik bir \u015fekilde y\u00fcr\u00fcmesi salonda yeniden salonda tepkilere neden oldu.<\/p>\n<p>HDP Grup Ba\u015fkanvekili Meral Dan\u0131\u015f Be\u015fta\u015f, &#8220;Dimdik y\u00fcr\u00fcyor, bize meydan okuyor. Vekillerin ba\u015f\u0131 e\u011filerek g\u00f6zalt\u0131na al\u0131n\u0131rken bir katil meydan bizlere salona meydan okuyor. Kime meydan okuyor, g\u00f6\u011fs\u00fcn\u00fc gererek g\u00f6z\u00fcm\u00fcz\u00fcn i\u00e7ine bakarak salona giriyor&#8221; dedi.<\/p>\n<p>Ard\u0131ndan Avukat T\u00fcrkan Aslan mahkeme ba\u015fkan\u0131na &#8220;Aileye bakarak g\u00fcl\u00fcms\u00fcyor, tahrik etmeye \u00e7al\u0131\u015f\u0131yor. Katil olmas\u0131 sebebiyle a\u015fa\u011f\u0131 bakacak. Sizin bu uyar\u0131y\u0131 yapman\u0131z gerekiyor&#8221; diye konu\u015ftu.<\/p>\n<p>Mahkeme ba\u015fkan\u0131 da bunun \u00fczerine sald\u0131rgan Gencer&#8217;e &#8220;Tahrik edici hareketler yapma, aileye ve salondaki kat\u0131l\u0131mc\u0131lara bakma&#8221; uyar\u0131s\u0131nda bulundu.<\/p>\n<p>Daha sonra Gencer&#8217;in kimlik tespitine ge\u00e7ildi, mahkeme ba\u015fkan\u0131 &#8220;lise e\u011fitimi&#8221; ald\u0131 dedi\u011fi s\u0131rada HDP E\u015f Genel Ba\u015fkan\u0131 Pervin Buldan, &#8220;E\u011fitimini Minbi\u00e7&#8217;te ald\u0131, Minbi\u00e7&#8217;te e\u011fitim alan bir katildir. Bu kadar sakin soru soramazs\u0131n, katile katil gibi davran\u0131n. Bu adam I\u015e\u0130D&#8217;den e\u011fitim ald\u0131&#8221; diyerek tepki g\u00f6sterdi.<\/p>\n<p>Bu s\u0131rada salonda yer alan bir k\u0131s\u0131m avukat, izleyiciler aras\u0131nda polis k\u0131yafetli ve silahl\u0131 \u00fc\u00e7 ki\u015finin bulundu\u011funu, bu ki\u015filerin salondan \u00e7\u0131kar\u0131lmalar\u0131 ve tutanak tutulmas\u0131n\u0131 talep ettiler.<\/p>\n<p>Polis k\u0131yafetli ki\u015filer salondan \u00e7\u0131karken, salon yeniden kar\u0131\u015ft\u0131. Avukatlar, ka\u00e7an ki\u015filerin geri getirilmesi ve kimliklerine bak\u0131larak tutana\u011fa ge\u00e7irilmesini istediler. S\u00f6z konusu ki\u015filer, haklar\u0131nda tutanak tutulduktan sonra salondan \u00e7\u0131kar\u0131ld\u0131lar.<\/p>\n<p>Dava Avukat\u0131 T\u00fcrkan Aslan, jandarman\u0131n da uzun namlulu silahlarla salonda bulundu\u011funu ve bunun tutana\u011fa ge\u00e7ilmesini istedi. Mahkeme heyeti, durumu tutana\u011fa ald\u0131.<\/p>\n<p>\u0130ddianamenin \u00f6zensiz ve tek bir fail \u00fczerine haz\u0131rland\u0131\u011f\u0131n\u0131 vurgulayan Aslan, \u015f\u00f6yle konu\u015ftu:&#8221; \u0130rade eksili\u011fi delillerin gereken \u00f6zen, titizlilik ve hassasiyetle toplanmamas\u0131na ve delillerin karart\u0131lmas\u0131na neden olmu\u015ftur. Savc\u0131l\u0131\u011f\u0131n elindeki yasal imkan ve olanaklar sald\u0131r\u0131n\u0131n arka plan\u0131n ortaya \u00e7\u0131kar\u0131lmas\u0131 i\u00e7in kullan\u0131lmam\u0131\u015ft\u0131r. Aksine, maddi ger\u00e7ekli\u011fin t\u00fcm y\u00f6nleriyle a\u00e7\u0131\u011fa \u00e7\u0131kar\u0131lmas\u0131n\u0131 manip\u00fcle etmek \u00fczere kullan\u0131lm\u0131\u015ft\u0131r.&#8221;<\/p>\n<p>&#8220;Soru\u015fturma kapsam\u0131nda fiili olarak savc\u0131l\u0131k ad\u0131na delilleri toplayan, muhafaza eden, ifadeleri alan, delil analizleri yapan, delilleri yorumlayan, kendisine g\u00f6re delilleri ay\u0131klayan birim olan \u0130zmir Emniyet M\u00fcd\u00fcrl\u00fc\u011f\u00fc Ter\u00f6rle M\u00fccadele \u015eubesi&#8217;nin bu sald\u0131r\u0131 kapsam\u0131nda ma\u011fdur taraf\u0131n HDP olmas\u0131 nedeniyle ne kadar tarafs\u0131z ve ba\u011f\u0131ms\u0131z hareket etti\u011fi b\u00fcy\u00fck bir tart\u0131\u015fma konusudur.&#8221;<\/p>\n<p>Aslan&#8217;\u0131n ard\u0131ndan konu\u015fan\u00a0 Avukat\u00a0 \u0130mdat Ata\u015f\u00a0 \u015funlar\u0131 s\u00f6yledi:<\/p>\n<p>&#8220;Kar\u015f\u0131m\u0131zdaki ki\u015fi tasarlayarak ve yurtd\u0131\u015f\u0131nda e\u011fitimini alarak bir katliam ger\u00e7ekle\u015ftirdi. Bu sald\u0131rgan eylemi tek ba\u015f\u0131na ger\u00e7ekle\u015ftirmedi, kontrgerilla faaliyeti olarak ger\u00e7ekle\u015ftirdi. Savc\u0131l\u0131k bu kapsamda soru\u015fturma y\u00fcr\u00fctmeliydi. Elimizde yeterli veri var. \u00d6rg\u00fctl\u00fc faaliyeti sadece biz s\u00f6ylemiyoruz.&#8221;<\/p>\n<p>&#8220;San\u0131k tek ba\u015f\u0131na hareket etti\u011fini s\u00f6yleyebilir ama ifade tutana\u011f\u0131 incelendi\u011finde aksi oldu\u011fu fark edilecektir. Katilin asl\u0131nda kim oldu\u011funun savc\u0131l\u0131k taraf\u0131ndan adeta \u00fcst\u00fcn\u00fc \u00f6rtm\u00fc\u015ft\u00fcr. Bu ili\u015fkiler a\u011f\u0131 ve \u00e7ete yap\u0131lmas\u0131n\u0131n ortaya \u00e7\u0131kar\u0131lmas\u0131n\u0131 talep ediyoruz. T\u00fcrkiye&#8217;de politik olmayan bir cinayet i\u015flense san\u0131k en az 24 saat g\u00f6zalt\u0131nda tutulur. Oysa san\u0131k 20 saat tutulmu\u015f, Savc\u0131 tek ba\u015f\u0131na bir s\u00fcre\u00e7 y\u00fcr\u00fctm\u00fc\u015ft\u00fcr. Bu sebeple y\u00fcr\u00fct\u00fclen soru\u015fturma eksik bir soru\u015fturmad\u0131r&#8221;<\/p>\n<p>&#8220;San\u0131\u011f\u0131n SADAT ile ili\u015fkilerinin ara\u015ft\u0131r\u0131lmad\u0131 delil toplama a\u015famas\u0131 y\u00fczeysel y\u00fcr\u00fct\u00fcld\u00fc. Sadece FET\u00d6\/PDY ile s\u0131n\u0131rl\u0131 tutulmu\u015ftur. Bu dahi soru\u015fturma makam\u0131n\u0131n, siyasi cinayetin t\u00fcm y\u00f6nleriyle ortaya \u00e7\u0131kar\u0131lmas\u0131 konusundaki irade eksili\u011fini g\u00f6stermesi a\u00e7\u0131s\u0131ndan olduk\u00e7a \u00e7arp\u0131c\u0131d\u0131r. San\u0131\u011f\u0131n, \u00f6rne\u011fin ter\u00f6rist cihat\u00e7\u0131 selefi gruplar ile ili\u015fkilenme olas\u0131l\u0131\u011f\u0131 hi\u00e7 d\u00fc\u015f\u00fcn\u00fclmemi\u015ftir.&#8221;<\/p>\n<p><strong>San\u0131ktan k\u00fcf\u00fcr<\/strong><\/p>\n<p>Duru\u015fmaya ara verilirken sald\u0131rgan Onur Gencer, Deniz Poyraz&#8217;\u0131n karde\u015fine k\u00fcfretti ve Jandarmalar\u0131n aras\u0131ndan s\u0131yr\u0131larak ailenin \u00fcst\u00fcne y\u00fcr\u00fcd\u00fc. Ard\u0131ndan salondakiler Gencer&#8217;e sald\u0131rd\u0131, mahkeme salonunda kavga \u00e7\u0131kt\u0131. Avukatlar, &#8220;asker katilin ba\u015f\u0131n\u0131 ok\u015fuyor. 20 askerin aras\u0131ndan nas\u0131l kurtulup aileye sald\u0131r\u0131yor&#8221; diye tepki g\u00f6sterdi.<\/p>\n<p>Duru\u015fma 20 dakika verilen aran\u0131n ard\u0131ndan yeniden ba\u015flad\u0131. Mahkeme heyeti duru\u015fmay\u0131 bitirmek istedi. Diyarbak\u0131r Baro Ba\u015fkan\u0131 Nahit Eren, duru\u015fman\u0131n usule ayk\u0131r\u0131 bir \u015fekilde devam etti\u011fini s\u00f6yledi. Savunmadan g\u00f6r\u00fc\u015f al\u0131nmadan,\u00a0 davan\u0131n ertelenemeyece\u011fini belirtti.<\/p>\n<p>Mahkeme ba\u015fkan\u0131 savc\u0131n\u0131n ara m\u00fctaalas\u0131n\u0131 almadan Gencer&#8217;in tutuklu\u011funun devam\u0131na karar vererek duru\u015fmay\u0131 ertelemek istedi. Avukatlar\u0131n itiraz\u0131 \u00fczerine &#8220;Mahkeme salonda sald\u0131r\u0131 oluyor&#8221; dedi. Dava avukatlar\u0131 &#8220;siz kimi koruyorsunuz&#8221; diyerek mahkeme ba\u015fkan\u0131na tepki g\u00f6sterdi.<\/p>\n<p>Mahkeme ba\u015fkan\u0131 duru\u015fmay\u0131 ilk \u00f6nce 4 Ocak&#8217;a erteledi, avukatlar\u0131n itiraz\u0131 \u00fczerine duru\u015fma 24 Ocak&#8217;a al\u0131nd\u0131.<\/p>\n<p><em><strong>(Ajanslar, Bianet, Twitter: @dpoyrazdavasi )<\/strong><\/em><\/p>\n<p><em><strong>http:\/\/www.agos.com.tr\/tr\/yazi\/26591\/deniz-poyraz-cinayeti-davasi-magdurlardan-ve-avukatlardan-tepki\u00a0<\/strong><\/em><\/p>\n","protected":false},"excerpt":{"rendered":"<p>Halklar\u0131n Demokratik Partisi (HDP) \u0130zmir \u0130l \u00d6rg\u00fct\u00fc&#8217;ne 17 Haziran&#8217;da silahl\u0131 sald\u0131r\u0131 d\u00fczenleyen ve Deniz Poyraz\u2019\u0131 \u00f6ld\u00fcren Onur Gencer&#8217;in yarg\u0131lanmas\u0131na \u0130zmir Bayrakl\u0131 Adliyesi 6. A\u011f\u0131r Ceza Mahkemesi\u2019nde ba\u015fland\u0131. Saat 12.00 s\u0131ralar\u0131nda ba\u015flayan duru\u015fmada kimlik tespitleri saat 13.30&#8217;a kadar uzad\u0131. Bu s\u0131rada sald\u0131rgan duru\u015fma salonundan \u00e7\u0131kar\u0131ld\u0131. Gencer, Poyraz ailesinin \u00f6n\u00fcnden ge\u00e7erken aileye d\u00f6nerek g\u00fcld\u00fc, bunun \u00fczerine salonda [&hellip;]<\/p>\n","protected":false},"author":7,"featured_media":66498,"comment_status":"open","ping_status":"open","sticky":false,"template":"","format":"standard","meta":{"footnotes":""},"categories":[1],"tags":[],"class_list":["post-66497","post","type-post","status-publish","format-standard","has-post-thumbnail","hentry","category-haberler"],"yoast_head":"<!-- This site is optimized with the Yoast SEO plugin v27.4 - https:\/\/yoast.com\/product\/yoast-seo-wordpress\/ -->\n<title>Deniz Poyraz Cinayeti Davas\u0131: Ma\u011fdurlardan ve avukatlardan tepki - Bati Ermenistan Ve Bati Ermenileri Sorunlari Ara\u015ftirmalar Merkezi<\/title>\n<meta name=\"robots\" content=\"index, follow, max-snippet:-1, max-image-preview:large, max-video-preview:-1\" \/>\n<link rel=\"canonical\" href=\"https:\/\/akunq.net\/tr\/?p=66497\" \/>\n<meta property=\"og:locale\" content=\"en_US\" \/>\n<meta property=\"og:type\" content=\"article\" \/>\n<meta property=\"og:title\" content=\"Deniz Poyraz Cinayeti Davas\u0131: Ma\u011fdurlardan ve avukatlardan tepki - Bati Ermenistan Ve Bati Ermenileri Sorunlari Ara\u015ftirmalar Merkezi\" \/>\n<meta property=\"og:description\" content=\"Halklar\u0131n Demokratik Partisi (HDP) \u0130zmir \u0130l \u00d6rg\u00fct\u00fc&#8217;ne 17 Haziran&#8217;da silahl\u0131 sald\u0131r\u0131 d\u00fczenleyen ve Deniz Poyraz\u2019\u0131 \u00f6ld\u00fcren Onur Gencer&#8217;in yarg\u0131lanmas\u0131na \u0130zmir Bayrakl\u0131 Adliyesi 6. A\u011f\u0131r Ceza Mahkemesi\u2019nde ba\u015fland\u0131. Saat 12.00 s\u0131ralar\u0131nda ba\u015flayan duru\u015fmada kimlik tespitleri saat 13.30&#8217;a kadar uzad\u0131. Bu s\u0131rada sald\u0131rgan duru\u015fma salonundan \u00e7\u0131kar\u0131ld\u0131. Gencer, Poyraz ailesinin \u00f6n\u00fcnden ge\u00e7erken aileye d\u00f6nerek g\u00fcld\u00fc, bunun \u00fczerine salonda [&hellip;]\" \/>\n<meta property=\"og:url\" content=\"https:\/\/akunq.net\/tr\/?p=66497\" \/>\n<meta property=\"og:site_name\" content=\"Bati Ermenistan Ve Bati Ermenileri Sorunlari Ara\u015ftirmalar Merkezi\" \/>\n<meta property=\"article:published_time\" content=\"2021-12-30T08:15:35+00:00\" \/>\n<meta property=\"og:image\" content=\"https:\/\/akunq.net\/tr\/wp-content\/uploads\/sites\/6\/2021\/12\/Pervin-Buldan.jpg\" \/>\n\t<meta property=\"og:image:width\" content=\"1600\" \/>\n\t<meta property=\"og:image:height\" content=\"900\" \/>\n\t<meta property=\"og:image:type\" content=\"image\/jpeg\" \/>\n<meta name=\"author\" content=\"admin\" \/>\n<meta name=\"twitter:card\" content=\"summary_large_image\" \/>\n<meta name=\"twitter:label1\" content=\"Written by\" \/>\n\t<meta name=\"twitter:data1\" content=\"admin\" \/>\n\t<meta name=\"twitter:label2\" content=\"Est. reading time\" \/>\n\t<meta name=\"twitter:data2\" content=\"5 minutes\" \/>\n<script type=\"application\/ld+json\" class=\"yoast-schema-graph\">{\"@context\":\"https:\\\/\\\/schema.org\",\"@graph\":[{\"@type\":\"Article\",\"@id\":\"https:\\\/\\\/akunq.net\\\/tr\\\/?p=66497#article\",\"isPartOf\":{\"@id\":\"https:\\\/\\\/akunq.net\\\/tr\\\/?p=66497\"},\"author\":{\"name\":\"admin\",\"@id\":\"https:\\\/\\\/akunq.net\\\/tr\\\/#\\\/schema\\\/person\\\/096f1d38a12cce57fb855b485ed24c9e\"},\"headline\":\"Deniz Poyraz Cinayeti Davas\u0131: Ma\u011fdurlardan ve avukatlardan tepki\",\"datePublished\":\"2021-12-30T08:15:35+00:00\",\"mainEntityOfPage\":{\"@id\":\"https:\\\/\\\/akunq.net\\\/tr\\\/?p=66497\"},\"wordCount\":1031,\"commentCount\":0,\"image\":{\"@id\":\"https:\\\/\\\/akunq.net\\\/tr\\\/?p=66497#primaryimage\"},\"thumbnailUrl\":\"https:\\\/\\\/akunq.net\\\/tr\\\/wp-content\\\/uploads\\\/sites\\\/6\\\/2021\\\/12\\\/Pervin-Buldan.jpg\",\"articleSection\":[\"Haberler\"],\"inLanguage\":\"en-US\",\"potentialAction\":[{\"@type\":\"CommentAction\",\"name\":\"Comment\",\"target\":[\"https:\\\/\\\/akunq.net\\\/tr\\\/?p=66497#respond\"]}]},{\"@type\":\"WebPage\",\"@id\":\"https:\\\/\\\/akunq.net\\\/tr\\\/?p=66497\",\"url\":\"https:\\\/\\\/akunq.net\\\/tr\\\/?p=66497\",\"name\":\"Deniz Poyraz Cinayeti Davas\u0131: Ma\u011fdurlardan ve avukatlardan tepki - Bati Ermenistan Ve Bati Ermenileri Sorunlari Ara\u015ftirmalar Merkezi\",\"isPartOf\":{\"@id\":\"https:\\\/\\\/akunq.net\\\/tr\\\/#website\"},\"primaryImageOfPage\":{\"@id\":\"https:\\\/\\\/akunq.net\\\/tr\\\/?p=66497#primaryimage\"},\"image\":{\"@id\":\"https:\\\/\\\/akunq.net\\\/tr\\\/?p=66497#primaryimage\"},\"thumbnailUrl\":\"https:\\\/\\\/akunq.net\\\/tr\\\/wp-content\\\/uploads\\\/sites\\\/6\\\/2021\\\/12\\\/Pervin-Buldan.jpg\",\"datePublished\":\"2021-12-30T08:15:35+00:00\",\"author\":{\"@id\":\"https:\\\/\\\/akunq.net\\\/tr\\\/#\\\/schema\\\/person\\\/096f1d38a12cce57fb855b485ed24c9e\"},\"breadcrumb\":{\"@id\":\"https:\\\/\\\/akunq.net\\\/tr\\\/?p=66497#breadcrumb\"},\"inLanguage\":\"en-US\",\"potentialAction\":[{\"@type\":\"ReadAction\",\"target\":[\"https:\\\/\\\/akunq.net\\\/tr\\\/?p=66497\"]}]},{\"@type\":\"ImageObject\",\"inLanguage\":\"en-US\",\"@id\":\"https:\\\/\\\/akunq.net\\\/tr\\\/?p=66497#primaryimage\",\"url\":\"https:\\\/\\\/akunq.net\\\/tr\\\/wp-content\\\/uploads\\\/sites\\\/6\\\/2021\\\/12\\\/Pervin-Buldan.jpg\",\"contentUrl\":\"https:\\\/\\\/akunq.net\\\/tr\\\/wp-content\\\/uploads\\\/sites\\\/6\\\/2021\\\/12\\\/Pervin-Buldan.jpg\",\"width\":1600,\"height\":900},{\"@type\":\"BreadcrumbList\",\"@id\":\"https:\\\/\\\/akunq.net\\\/tr\\\/?p=66497#breadcrumb\",\"itemListElement\":[{\"@type\":\"ListItem\",\"position\":1,\"name\":\"Home\",\"item\":\"https:\\\/\\\/akunq.net\\\/tr\"},{\"@type\":\"ListItem\",\"position\":2,\"name\":\"Deniz Poyraz Cinayeti Davas\u0131: Ma\u011fdurlardan ve avukatlardan tepki\"}]},{\"@type\":\"WebSite\",\"@id\":\"https:\\\/\\\/akunq.net\\\/tr\\\/#website\",\"url\":\"https:\\\/\\\/akunq.net\\\/tr\\\/\",\"name\":\"Bati Ermenistan Ve Bati Ermenileri Sorunlari Ara\u015ftirmalar Merkezi\",\"description\":\"\",\"potentialAction\":[{\"@type\":\"SearchAction\",\"target\":{\"@type\":\"EntryPoint\",\"urlTemplate\":\"https:\\\/\\\/akunq.net\\\/tr\\\/?s={search_term_string}\"},\"query-input\":{\"@type\":\"PropertyValueSpecification\",\"valueRequired\":true,\"valueName\":\"search_term_string\"}}],\"inLanguage\":\"en-US\"},{\"@type\":\"Person\",\"@id\":\"https:\\\/\\\/akunq.net\\\/tr\\\/#\\\/schema\\\/person\\\/096f1d38a12cce57fb855b485ed24c9e\",\"name\":\"admin\",\"url\":\"https:\\\/\\\/akunq.net\\\/tr\\\/?author=7\"}]}<\/script>\n<!-- \/ Yoast SEO plugin. -->","yoast_head_json":{"title":"Deniz Poyraz Cinayeti Davas\u0131: Ma\u011fdurlardan ve avukatlardan tepki - Bati Ermenistan Ve Bati Ermenileri Sorunlari Ara\u015ftirmalar Merkezi","robots":{"index":"index","follow":"follow","max-snippet":"max-snippet:-1","max-image-preview":"max-image-preview:large","max-video-preview":"max-video-preview:-1"},"canonical":"https:\/\/akunq.net\/tr\/?p=66497","og_locale":"en_US","og_type":"article","og_title":"Deniz Poyraz Cinayeti Davas\u0131: Ma\u011fdurlardan ve avukatlardan tepki - Bati Ermenistan Ve Bati Ermenileri Sorunlari Ara\u015ftirmalar Merkezi","og_description":"Halklar\u0131n Demokratik Partisi (HDP) \u0130zmir \u0130l \u00d6rg\u00fct\u00fc&#8217;ne 17 Haziran&#8217;da silahl\u0131 sald\u0131r\u0131 d\u00fczenleyen ve Deniz Poyraz\u2019\u0131 \u00f6ld\u00fcren Onur Gencer&#8217;in yarg\u0131lanmas\u0131na \u0130zmir Bayrakl\u0131 Adliyesi 6. A\u011f\u0131r Ceza Mahkemesi\u2019nde ba\u015fland\u0131. Saat 12.00 s\u0131ralar\u0131nda ba\u015flayan duru\u015fmada kimlik tespitleri saat 13.30&#8217;a kadar uzad\u0131. Bu s\u0131rada sald\u0131rgan duru\u015fma salonundan \u00e7\u0131kar\u0131ld\u0131. Gencer, Poyraz ailesinin \u00f6n\u00fcnden ge\u00e7erken aileye d\u00f6nerek g\u00fcld\u00fc, bunun \u00fczerine salonda [&hellip;]","og_url":"https:\/\/akunq.net\/tr\/?p=66497","og_site_name":"Bati Ermenistan Ve Bati Ermenileri Sorunlari Ara\u015ftirmalar Merkezi","article_published_time":"2021-12-30T08:15:35+00:00","og_image":[{"width":1600,"height":900,"url":"https:\/\/akunq.net\/tr\/wp-content\/uploads\/sites\/6\/2021\/12\/Pervin-Buldan.jpg","type":"image\/jpeg"}],"author":"admin","twitter_card":"summary_large_image","twitter_misc":{"Written by":"admin","Est. reading time":"5 minutes"},"schema":{"@context":"https:\/\/schema.org","@graph":[{"@type":"Article","@id":"https:\/\/akunq.net\/tr\/?p=66497#article","isPartOf":{"@id":"https:\/\/akunq.net\/tr\/?p=66497"},"author":{"name":"admin","@id":"https:\/\/akunq.net\/tr\/#\/schema\/person\/096f1d38a12cce57fb855b485ed24c9e"},"headline":"Deniz Poyraz Cinayeti Davas\u0131: Ma\u011fdurlardan ve avukatlardan tepki","datePublished":"2021-12-30T08:15:35+00:00","mainEntityOfPage":{"@id":"https:\/\/akunq.net\/tr\/?p=66497"},"wordCount":1031,"commentCount":0,"image":{"@id":"https:\/\/akunq.net\/tr\/?p=66497#primaryimage"},"thumbnailUrl":"https:\/\/akunq.net\/tr\/wp-content\/uploads\/sites\/6\/2021\/12\/Pervin-Buldan.jpg","articleSection":["Haberler"],"inLanguage":"en-US","potentialAction":[{"@type":"CommentAction","name":"Comment","target":["https:\/\/akunq.net\/tr\/?p=66497#respond"]}]},{"@type":"WebPage","@id":"https:\/\/akunq.net\/tr\/?p=66497","url":"https:\/\/akunq.net\/tr\/?p=66497","name":"Deniz Poyraz Cinayeti Davas\u0131: Ma\u011fdurlardan ve avukatlardan tepki - Bati Ermenistan Ve Bati Ermenileri Sorunlari Ara\u015ftirmalar Merkezi","isPartOf":{"@id":"https:\/\/akunq.net\/tr\/#website"},"primaryImageOfPage":{"@id":"https:\/\/akunq.net\/tr\/?p=66497#primaryimage"},"image":{"@id":"https:\/\/akunq.net\/tr\/?p=66497#primaryimage"},"thumbnailUrl":"https:\/\/akunq.net\/tr\/wp-content\/uploads\/sites\/6\/2021\/12\/Pervin-Buldan.jpg","datePublished":"2021-12-30T08:15:35+00:00","author":{"@id":"https:\/\/akunq.net\/tr\/#\/schema\/person\/096f1d38a12cce57fb855b485ed24c9e"},"breadcrumb":{"@id":"https:\/\/akunq.net\/tr\/?p=66497#breadcrumb"},"inLanguage":"en-US","potentialAction":[{"@type":"ReadAction","target":["https:\/\/akunq.net\/tr\/?p=66497"]}]},{"@type":"ImageObject","inLanguage":"en-US","@id":"https:\/\/akunq.net\/tr\/?p=66497#primaryimage","url":"https:\/\/akunq.net\/tr\/wp-content\/uploads\/sites\/6\/2021\/12\/Pervin-Buldan.jpg","contentUrl":"https:\/\/akunq.net\/tr\/wp-content\/uploads\/sites\/6\/2021\/12\/Pervin-Buldan.jpg","width":1600,"height":900},{"@type":"BreadcrumbList","@id":"https:\/\/akunq.net\/tr\/?p=66497#breadcrumb","itemListElement":[{"@type":"ListItem","position":1,"name":"Home","item":"https:\/\/akunq.net\/tr"},{"@type":"ListItem","position":2,"name":"Deniz Poyraz Cinayeti Davas\u0131: Ma\u011fdurlardan ve avukatlardan tepki"}]},{"@type":"WebSite","@id":"https:\/\/akunq.net\/tr\/#website","url":"https:\/\/akunq.net\/tr\/","name":"Bati Ermenistan Ve Bati Ermenileri Sorunlari Ara\u015ftirmalar Merkezi","description":"","potentialAction":[{"@type":"SearchAction","target":{"@type":"EntryPoint","urlTemplate":"https:\/\/akunq.net\/tr\/?s={search_term_string}"},"query-input":{"@type":"PropertyValueSpecification","valueRequired":true,"valueName":"search_term_string"}}],"inLanguage":"en-US"},{"@type":"Person","@id":"https:\/\/akunq.net\/tr\/#\/schema\/person\/096f1d38a12cce57fb855b485ed24c9e","name":"admin","url":"https:\/\/akunq.net\/tr\/?author=7"}]}},"_links":{"self":[{"href":"https:\/\/akunq.net\/tr\/index.php?rest_route=\/wp\/v2\/posts\/66497","targetHints":{"allow":["GET"]}}],"collection":[{"href":"https:\/\/akunq.net\/tr\/index.php?rest_route=\/wp\/v2\/posts"}],"about":[{"href":"https:\/\/akunq.net\/tr\/index.php?rest_route=\/wp\/v2\/types\/post"}],"author":[{"embeddable":true,"href":"https:\/\/akunq.net\/tr\/index.php?rest_route=\/wp\/v2\/users\/7"}],"replies":[{"embeddable":true,"href":"https:\/\/akunq.net\/tr\/index.php?rest_route=%2Fwp%2Fv2%2Fcomments&post=66497"}],"version-history":[{"count":1,"href":"https:\/\/akunq.net\/tr\/index.php?rest_route=\/wp\/v2\/posts\/66497\/revisions"}],"predecessor-version":[{"id":66499,"href":"https:\/\/akunq.net\/tr\/index.php?rest_route=\/wp\/v2\/posts\/66497\/revisions\/66499"}],"wp:featuredmedia":[{"embeddable":true,"href":"https:\/\/akunq.net\/tr\/index.php?rest_route=\/wp\/v2\/media\/66498"}],"wp:attachment":[{"href":"https:\/\/akunq.net\/tr\/index.php?rest_route=%2Fwp%2Fv2%2Fmedia&parent=66497"}],"wp:term":[{"taxonomy":"category","embeddable":true,"href":"https:\/\/akunq.net\/tr\/index.php?rest_route=%2Fwp%2Fv2%2Fcategories&post=66497"},{"taxonomy":"post_tag","embeddable":true,"href":"https:\/\/akunq.net\/tr\/index.php?rest_route=%2Fwp%2Fv2%2Ftags&post=66497"}],"curies":[{"name":"wp","href":"https:\/\/api.w.org\/{rel}","templated":true}]}}