{"id":66478,"date":"2021-12-29T04:19:29","date_gmt":"2021-12-29T09:19:29","guid":{"rendered":"https:\/\/akunq.net\/tr\/?p=66478"},"modified":"2021-12-29T04:19:29","modified_gmt":"2021-12-29T09:19:29","slug":"chpden-cezaevi-raporu-son-25-yilda-641-kisi-intihar-etti","status":"publish","type":"post","link":"https:\/\/akunq.net\/tr\/?p=66478","title":{"rendered":"CHP\u2019den cezaevi raporu: Son 25 y\u0131lda 641 ki\u015fi &#8216;intihar etti&#8217;"},"content":{"rendered":"<header><em><strong>CHP cezaevi raporuna g\u00f6re son 25 y\u0131lda &#8216;intihar eden&#8217; tutuklu-h\u00fck\u00fcml\u00fc say\u0131s\u0131 641, vefat eden tutuklu-h\u00fck\u00fcml\u00fc say\u0131s\u0131 ise 2 bin 670 olarak kay\u0131tlara ge\u00e7ti.<\/strong><\/em><\/p>\n<\/header>\n<div class=\"content-side\">\n<div class=\"v-image\">\n<figure>\n<div><\/div>\n<picture data-iesrc=\"https:\/\/i.gazeteduvar.com.tr\/2\/850\/479\/storage\/files\/images\/2021\/12\/28\/cezaevi-x5hY_cover.jpg\" data-alt=\"CHP\u2019den cezaevi raporu: Son 25 y\u0131lda 641 ki\u015fi 'intihar etti'\" data-loaded=\"true\"><source srcset=\"https:\/\/i.gazeteduvar.com.tr\/2\/850\/479\/storage\/files\/images\/2021\/12\/28\/cezaevi-x5hY_cover.jpg.webp\" type=\"image\/webp\" \/><source srcset=\"https:\/\/i.gazeteduvar.com.tr\/2\/850\/479\/storage\/files\/images\/2021\/12\/28\/cezaevi-x5hY_cover.jpg\" \/><img class=\"aligncenter\" alt=\"CHP\u2019den cezaevi raporu: Son 25 y\u0131lda 641 ki\u015fi 'intihar etti'\" \/><\/picture><\/figure>\n<\/div>\n<p><a class=\"google-news_wrapper\" title=\"Google Haberlere Abone ol\" href=\"https:\/\/news.google.com\/publications\/CAAqLggKIihDQklTR0FnTWFoUUtFbWRoZW1WMFpXUjFkbUZ5TG1OdmJTNTBjaWdBUAE?hl=tr&amp;gl=TR&amp;ceid=TR%3Atr\" target=\"blank\" rel=\"nofollow noopener noreferrer\"><span class=\"text\">Google Haberlere Abone ol<\/span><\/a><\/p>\n<div class=\"interviewer-wrapper\"><a title=\"Serkan Alan\" href=\"https:\/\/www.gazeteduvar.com.tr\/editor\/serkan-alan\"><img decoding=\"async\" src=\"https:\/\/i.gazeteduvar.com.tr\/2\/100\/100\/storage\/files\/images\/2020\/09\/28\/serkan-alan-uFqS.jpg\" alt=\"Serkan Alan\" \/><\/a><\/div>\n<div class=\"interviewer-wrapper\"><strong><a class=\"name\" title=\"Serkan Alan\" href=\"https:\/\/www.gazeteduvar.com.tr\/editor\/serkan-alan\">Serkan Alan<\/a><a class=\"mail\" title=\"\" href=\"mailto:salan@gazeteduvar.com.tr\">salan@gazeteduvar.com.tr<\/a><\/strong><\/div>\n<div class=\"content-text ads-p1dd5\">\n<p><strong>ANKARA-<\/strong>\u00a0CHP \u0130nsan Haklar\u0131ndan Sorumlu Genel Ba\u015fkan Yard\u0131mc\u0131s\u0131 G\u00fclizar Bi\u00e7er Karaca, \u201cArad\u0131\u011f\u0131n\u0131z Hakka Eri\u015filemiyor-Cezaevlerinde Sa\u011fl\u0131\u011fa Eri\u015fim\u201d ba\u015fl\u0131kl\u0131 rapor haz\u0131rlad\u0131. CHP Merkez Y\u00f6netim Kurulu\u2019na sunulan raporda, tutuklu ve h\u00fck\u00fcml\u00fclerin ya\u015fad\u0131\u011f\u0131 bar\u0131nma ve sa\u011fl\u0131k sorunlar\u0131na yer verilirken, hak ihlali yaratan sorunlara kar\u015f\u0131 at\u0131lmas\u0131 gereken iyile\u015ftirici ad\u0131mlar s\u0131raland\u0131.<\/p>\n<h2>\u2018PERSONEL\u0130N TUTUMU, TUTUKLU VE H\u00dcK\u00dcML\u00dcLER\u0130N YA\u015eAM HAKKINI \u0130HLAL ED\u0130YOR\u2019<\/h2>\n<p>Raporda Adalet Bakanl\u0131\u011f\u0131 ve Ceza \u0130nfaz Sisteminde Sivil Toplum Derne\u011fi (C\u0130SST) verilerinden elde edilen rakamlara de yer verildi. Rapora g\u00f6re cezaevlerinde sa\u011fl\u0131\u011fa eri\u015fim hem d\u00fcnyada hem de T\u00fcrkiye\u2019de b\u00fcy\u00fcmeye devam eden bir sorun olarak dikkat \u00e7ekiyor. T\u00fcrkiye\u2019de sorunun ana nedeninin hapishanelerdeki doktor say\u0131s\u0131n\u0131n azl\u0131\u011f\u0131 ve cezaevindeki personelin k\u00f6t\u00fc muamelesi oldu\u011funu belirten CHP, cezaevi personelinin \u201cbir \u015feyin yok iyile\u015firsin\u201d benzeri s\u00f6ylemleri nedeniyle h\u00fck\u00fcml\u00fc ve tutuklular\u0131n sa\u011fl\u0131k problemlerinin tespit edilmesinde g\u00fc\u00e7l\u00fckler ya\u015fand\u0131\u011f\u0131n\u0131 vurgulad\u0131. CHP\u2019nin raporunda, personellerin bu tutumlar\u0131 nedeniyle tutuklu ve h\u00fck\u00fcml\u00fclerin ya\u015fam haklar\u0131n\u0131n ihlal edilmesi sonucunun ortaya \u00e7\u0131kt\u0131\u011f\u0131 belirtildi.<\/p>\n<h2>&#8216;T\u00dcRK\u0130YE YO\u011eUNLUKTA B\u0130R\u0130NC\u0130\u2019<\/h2>\n<p>Raporda, 8 Nisan 2021 tarihinde Lozan \u00dcniversitesi taraf\u0131ndan yay\u0131nlanan \u201cAnnual Penal Statistics on Prison Populations for 2020\u201d raporu verilerine yer verildi. Bu rapora g\u00f6re T\u00fcrkiye\u2019deki cezaevlerinin kapasitesi 233 bin 194 olmas\u0131na ra\u011fmen cezaevinde 297 bin 19 tutuklu ve h\u00fck\u00fcml\u00fc tespit edildi. Cezaevlerindeki kapasite oranlar\u0131na g\u00f6re her 100 yer i\u00e7in 127 ki\u015finin bulundu\u011fu T\u00fcrkiye\u2019deki cezaevleri, bu oranla birlikte Avrupa Konseyi \u00fcye \u00fclkeleri aras\u0131nda cezaevi yo\u011funlu\u011fu bak\u0131m\u0131ndan ilk s\u0131rada yer ald\u0131. Rapordaki di\u011fer verilere g\u00f6re, 2010 y\u0131l\u0131ndan 2020\u2019ye kadar cezaevindeki ki\u015filerin de\u011fi\u015fim oran\u0131nda da T\u00fcrkiye yine birinci s\u0131rada yer ald\u0131.<br \/>\nRaporda ayr\u0131ca T\u00dc\u0130K verilerine de yer verildi. Buna g\u00f6re, 31 Aral\u0131k 2020 tarihinde cezaevindeki ki\u015fi say\u0131s\u0131 2019 y\u0131l\u0131n\u0131n ayn\u0131 tarihine g\u00f6re y\u00fczde 8,5 azalarak 266 bin 831 olarak kay\u0131tlara ge\u00e7ti. 2011 y\u0131l\u0131nda 172 iken bu say\u0131 2019 y\u0131l\u0131nda 351, 2020 y\u0131l\u0131nda ise 319 oldu. Raporda, 12 ya\u015f \u00fczeri ki\u015filere bak\u0131ld\u0131\u011f\u0131nda ise 12 ve daha yukar\u0131 ya\u015ftaki her y\u00fcz bin ki\u015fiden 390\u2019\u0131n\u0131n cezaevinde bulundu\u011fu bilgisine yer verildi.<\/p>\n<h2>\u2018CEZAEVLER\u0130NDE H\u0130JYEN SORUNU\u2019<\/h2>\n<p>Adalet Bakanl\u0131\u011f\u0131 verilerine g\u00f6re 30 Kas\u0131m 2021 tarihi itibar\u0131yla, korona vir\u00fcs\u00fc iznine ayr\u0131lan h\u00fck\u00fcml\u00fcler de dahil olmak \u00fczere T\u00fcrkiye\u2019de toplam 295 bin 754 ki\u015fi cezaevinde bulunuyor. 1 Aral\u0131k 2021 itibariyle ise 384 ceza infaz kurumunun toplam kapasitesi 266 bin 575 ile s\u0131n\u0131rl\u0131. T\u00fcrkiye\u2019deki cezaevlerinde ko\u011fu\u015flar\u0131n a\u015f\u0131r\u0131 kalabal\u0131k ve kapasitenin olduk\u00e7a \u00fcst\u00fcnde ki\u015fi bulunmas\u0131ndan dolay\u0131 ciddi s\u0131k\u0131nt\u0131lar ya\u015fand\u0131\u011f\u0131n\u0131 vurgulayan CHP, bu s\u0131k\u0131nt\u0131lara \u00f6rnek olarak ya\u015fanan hijyen sorununu g\u00f6sterdi, \u201cSalg\u0131n d\u00f6neminde daha \u00e7ok dikkat \u00e7ekilen ki\u015fisel hijyen konusu cezaevlerindeki ki\u015filer i\u00e7in ula\u015f\u0131lamaz bir konuma gelmi\u015ftir\u201d dedi.<\/p>\n<p>Mahkumlar\u0131n maruz kald\u0131\u011f\u0131 hak ihlallerinden bir di\u011ferinin \u201cbeslenme\u201d oldu\u011funu vurgulayan CHP, \u201cTutuklu ve h\u00fck\u00fcml\u00fclere sunulan besinlerin, kalitesi, \u00e7e\u015fitlili\u011fi, besin de\u011feri gibi konular ba\u011f\u0131\u015f\u0131kl\u0131k s\u00f6z konusu oldu\u011funda hastal\u0131klara davetiye \u00e7\u0131karabilmektedir\u201d ifadelerini kaydetti.<\/p>\n<h2>\u2018SA\u011eLIK E\u011e\u0130T\u0130M\u0130 ALMAMI\u015e CEZAEV\u0130 \u0130DAREC\u0130LER\u0130N\u0130N KARAR VERMES\u0130 BA\u015eLI BA\u015eINA SORUN\u2019<\/h2>\n<p>Cezaevlerinde en \u00e7ok kar\u015f\u0131la\u015f\u0131lan sa\u011fl\u0131k sorunlar\u0131 aras\u0131nda endokrin rahats\u0131zl\u0131klar\u0131, n\u00f6rolojik sistem bozukluklar\u0131, kas-eklem sorunlar\u0131, \u00fcrogenital sistem ve solunum sistemi rahats\u0131zl\u0131klar\u0131 geliyor. \u0130nsan Haklar\u0131 Derne\u011fi\u2019nin 1 Nisan 2021 tarihli a\u00e7\u0131klamas\u0131na g\u00f6re T\u00fcrkiye\u2019de bulunan tutuklu ve h\u00fck\u00fcml\u00fclerin 604\u2019\u00fc a\u011f\u0131r olmak \u00fczere bin 605\u2019i \u00e7e\u015fitli sa\u011fl\u0131k sorunlar\u0131 ile m\u00fccadele ediyor.<\/p>\n<p>\u00dc\u00e7 basamaktan olu\u015ftu\u011fu kabul edilen sa\u011fl\u0131k hizmetleri konusunda cezaevinde kalan ki\u015filerin kar\u015f\u0131la\u015ft\u0131\u011f\u0131 en b\u00fcy\u00fck sorunun birinci derece sa\u011fl\u0131k hizmetlerinde ya\u015fand\u0131\u011f\u0131n\u0131 belirten CHP raporunda, \u201cCezaevinde bulunan revirlerde verilen birinci derece sa\u011fl\u0131k hizmetleri i\u00e7in ki\u015filerin dilek\u00e7e ile ba\u015fvuru yapmas\u0131 ve cezaevi idaresinin o hafta ba\u015fvuranlar i\u00e7erisinde de\u011ferlendirerek i\u015fleme al\u0131n\u0131p al\u0131nmayaca\u011f\u0131na karar vermesi gerekmektedir. Sa\u011fl\u0131k sorunu ile ilgili tedavi almak isteyen tutuklu\/h\u00fck\u00fcml\u00fclerin doktora gidebilmesi hususunda sa\u011fl\u0131k e\u011fitimi almam\u0131\u015f cezaevi idarecilerinin karar veriyor olmas\u0131 ba\u015fl\u0131 ba\u015f\u0131na bir sorundur\u201d tespitinde bulundu.<\/p>\n<h2>\u2018SON 25 YILDA CEZAEVLER\u0130NDE \u0130NT\u0130HAR EDEN K\u0130\u015e\u0130 SAYISI 641\u2019<\/h2>\n<p>Cezaevlerinde fiziksel etkisini g\u00f6steren hastal\u0131klar\u0131n yan\u0131 s\u0131ra psikolojik rahats\u0131zl\u0131klara da gereken \u00f6nemin verilmedi\u011fini savunan CHP\u2019ye g\u00f6re psikolojik rahats\u0131zl\u0131klarla ilgili tedavi talepleri \u00e7o\u011fu zaman cezaevi idaresi taraf\u0131ndan kabul edilmiyor.\u00a0 Psikolojik olarak hastal\u0131\u011f\u0131 olan bir bireyin tedavi almas\u0131 gerekti\u011fini bilmeyebilece\u011fini de hat\u0131rlatan CHP\u2019nin raporunda, \u201cCezaevinde tutuklu ve h\u00fck\u00fcml\u00fcler ile bir arada olan cezaevi personelinin, psikolojik rahats\u0131zl\u0131klarla ilgili basit bir e\u011fitimden ge\u00e7meleri ve bu do\u011frultuda ki\u015fileri izleyip de\u011ferlendirerek; psikolojik rahats\u0131zl\u0131\u011f\u0131 olanlar\u0131 veya intihara meyilli olanlar\u0131 tespit edebilecekler ve ki\u015filer b\u00f6ylece psikolojik tedavi imkan\u0131na ula\u015fabilecektir\u201d denildi.<\/p>\n<p>CHP raporunda, cezaevlerinde ya\u015fanan intiharlara ili\u015fkin istatistikleri de payla\u015ft\u0131. Adalet Bakanl\u0131\u011f\u0131\u2019n\u0131n verilerine g\u00f6re 1997 ile 2014 y\u0131llar\u0131 aras\u0131nda T\u00fcrkiye\u2019deki cezaevlerinde toplam 544 tutuklu ve mahk\u00fbm intihar etti. Ceza \u0130nfaz Sisteminde Sivil Toplum Derne\u011fi\u2019nin (C\u0130SST) verilerine g\u00f6re ise 2014\u2019den g\u00fcn\u00fcm\u00fcze intihar eden ki\u015fi say\u0131s\u0131 97 olarak kay\u0131tlara ge\u00e7ti. Buna g\u00f6re son 25 y\u0131lda T\u00fcrkiye\u2019deki cezaevlerinde intihar eden ki\u015fi say\u0131s\u0131 toplam 641 oldu.<\/p>\n<h2>SON 25 YILDA CEZAEVLER\u0130NDE VEFAT EDEN K\u0130\u015e\u0130 SAYISI 2 B\u0130N 670<\/h2>\n<p>Raporda son 25 y\u0131lda sa\u011fl\u0131k problemleri nedeniyle cezaevlerinde hayat\u0131n\u0131 kaybeden tutuklu ve h\u00fck\u00fcml\u00fc say\u0131lar\u0131na da yer verildi. Ya\u015fl\u0131l\u0131k kaynakl\u0131 \u00f6l\u00fcmlerin de yer ald\u0131\u011f\u0131 Adalet Bakanl\u0131\u011f\u0131\u2019ndan elde edilen verilere g\u00f6re 1997 ile 2014 y\u0131llar\u0131 aras\u0131nda cezaevlerinde 2 bin 545 tutuklu ve mahk\u00fbm vefat etti.\u00a0 Ceza \u0130nfaz Sisteminde Sivil Toplum Derne\u011fi\u2019nin (C\u0130SST) verilerine g\u00f6re ise 2014\u2019den g\u00fcn\u00fcm\u00fcze cezaevlerinde vefat eden ki\u015fi say\u0131s\u0131 125 olarak kay\u0131tlara ge\u00e7ti. Buna g\u00f6re son 25 y\u0131lda cezaevlerinde hayat\u0131n\u0131 kaybeden tutuklu ve mahk\u00fbm say\u0131s\u0131 2 bin 670 oldu.<\/p>\n<h2>\u2018G\u00dcNCEL VER\u0130LER KAMUOYUNA A\u00c7IKLANMALI\u2019<\/h2>\n<p>Adalet Bakanl\u0131\u011f\u0131\u2019n\u0131n cezaevlerindeki sa\u011fl\u0131k ko\u015fullar\u0131na ili\u015fkin istatistikleri tutmad\u0131\u011f\u0131n\u0131, ka\u00e7 hasta oldu\u011fu, ka\u00e7\u0131n\u0131n tedaviye eri\u015febildi\u011fi y\u00f6n\u00fcnde etkin bir \u00e7al\u0131\u015fma yapmad\u0131\u011f\u0131n\u0131 belirten CHP raporunun sonu\u00e7 b\u00f6l\u00fcm\u00fcnde \u015fu ifadelere yer verdi:<br \/>\n\u201cSivil toplum \u00f6rg\u00fctleri a\u00e7\u0131s\u0131ndan da faaliyet y\u00fcr\u00fctmenin zor oldu\u011fu cezaevlerinde bu ve benzeri hak ihlallerinin tespiti olduk\u00e7a zordur. G\u00fcncel verilerin haz\u0131rlanarak kamuoyuna a\u00e7\u0131klanmas\u0131, bu sorun alan\u0131n\u0131n \u00e7\u00f6z\u00fcm\u00fc a\u00e7\u0131s\u0131ndan ilk ad\u0131m olacakt\u0131r. Ayr\u0131ca tutuklu ve h\u00fck\u00fcml\u00fclerin sa\u011fl\u0131k hizmetlerine eri\u015fimlerindeki usul\u00fcn de\u011fi\u015ftirilmesi gerekmektedir. Tedavi almak isteyen tutuklu ve h\u00fck\u00fcml\u00fcler hakk\u0131nda t\u0131p e\u011fitimi almam\u0131\u015f idarecilerin karar veriyor olmas\u0131 kabul edilemez. Ayr\u0131ca ikinci veya \u00fc\u00e7\u00fcnc\u00fc derece sa\u011fl\u0131k hizmetlerine y\u00f6nlendirilmi\u015f tutuklu ve h\u00fck\u00fcml\u00fclerin doktorunu se\u00e7me \u015fans\u0131 tan\u0131nmas\u0131 ve\/veya ba\u015fka doktorlardan fikir almas\u0131na olanak sa\u011flanmas\u0131; anayasal ve uluslararas\u0131 ilkeler do\u011frultusunda yap\u0131lm\u0131\u015f uygulamalar olacakt\u0131r.\u201d<\/p>\n<p><em><strong>https:\/\/www.gazeteduvar.com.tr\/chpden-cezaevi-raporu-son-25-yilda-641-kisi-intihar-etti-haber-1547097\u00a0<\/strong><\/em><\/p>\n<\/div>\n<\/div>\n","protected":false},"excerpt":{"rendered":"<p>CHP cezaevi raporuna g\u00f6re son 25 y\u0131lda &#8216;intihar eden&#8217; tutuklu-h\u00fck\u00fcml\u00fc say\u0131s\u0131 641, vefat eden tutuklu-h\u00fck\u00fcml\u00fc say\u0131s\u0131 ise 2 bin 670 olarak kay\u0131tlara ge\u00e7ti. Google Haberlere Abone ol Serkan Alansalan@gazeteduvar.com.tr ANKARA-\u00a0CHP \u0130nsan Haklar\u0131ndan Sorumlu Genel Ba\u015fkan Yard\u0131mc\u0131s\u0131 G\u00fclizar Bi\u00e7er Karaca, \u201cArad\u0131\u011f\u0131n\u0131z Hakka Eri\u015filemiyor-Cezaevlerinde Sa\u011fl\u0131\u011fa Eri\u015fim\u201d ba\u015fl\u0131kl\u0131 rapor haz\u0131rlad\u0131. CHP Merkez Y\u00f6netim Kurulu\u2019na sunulan raporda, tutuklu ve [&hellip;]<\/p>\n","protected":false},"author":7,"featured_media":66479,"comment_status":"open","ping_status":"open","sticky":false,"template":"","format":"standard","meta":{"footnotes":""},"categories":[1],"tags":[],"class_list":["post-66478","post","type-post","status-publish","format-standard","has-post-thumbnail","hentry","category-haberler"],"yoast_head":"<!-- This site is optimized with the Yoast SEO plugin v27.4 - https:\/\/yoast.com\/product\/yoast-seo-wordpress\/ -->\n<title>CHP\u2019den cezaevi raporu: Son 25 y\u0131lda 641 ki\u015fi &#039;intihar etti&#039; - Bati Ermenistan Ve Bati Ermenileri Sorunlari Ara\u015ftirmalar Merkezi<\/title>\n<meta name=\"robots\" content=\"index, follow, max-snippet:-1, max-image-preview:large, max-video-preview:-1\" \/>\n<link rel=\"canonical\" href=\"https:\/\/akunq.net\/tr\/?p=66478\" \/>\n<meta property=\"og:locale\" content=\"en_US\" \/>\n<meta property=\"og:type\" content=\"article\" \/>\n<meta property=\"og:title\" content=\"CHP\u2019den cezaevi raporu: Son 25 y\u0131lda 641 ki\u015fi &#039;intihar etti&#039; - Bati Ermenistan Ve Bati Ermenileri Sorunlari Ara\u015ftirmalar Merkezi\" \/>\n<meta property=\"og:description\" content=\"CHP cezaevi raporuna g\u00f6re son 25 y\u0131lda &#8216;intihar eden&#8217; tutuklu-h\u00fck\u00fcml\u00fc say\u0131s\u0131 641, vefat eden tutuklu-h\u00fck\u00fcml\u00fc say\u0131s\u0131 ise 2 bin 670 olarak kay\u0131tlara ge\u00e7ti. Google Haberlere Abone ol Serkan Alansalan@gazeteduvar.com.tr ANKARA-\u00a0CHP \u0130nsan Haklar\u0131ndan Sorumlu Genel Ba\u015fkan Yard\u0131mc\u0131s\u0131 G\u00fclizar Bi\u00e7er Karaca, \u201cArad\u0131\u011f\u0131n\u0131z Hakka Eri\u015filemiyor-Cezaevlerinde Sa\u011fl\u0131\u011fa Eri\u015fim\u201d ba\u015fl\u0131kl\u0131 rapor haz\u0131rlad\u0131. CHP Merkez Y\u00f6netim Kurulu\u2019na sunulan raporda, tutuklu ve [&hellip;]\" \/>\n<meta property=\"og:url\" content=\"https:\/\/akunq.net\/tr\/?p=66478\" \/>\n<meta property=\"og:site_name\" content=\"Bati Ermenistan Ve Bati Ermenileri Sorunlari Ara\u015ftirmalar Merkezi\" \/>\n<meta property=\"article:published_time\" content=\"2021-12-29T09:19:29+00:00\" \/>\n<meta property=\"og:image\" content=\"https:\/\/akunq.net\/tr\/wp-content\/uploads\/sites\/6\/2021\/12\/\u0569\u0578\u0582\u0580\u0584\u0561\u056f\u0561\u0576-\u0562\u0561\u0576\u057f.png\" \/>\n\t<meta property=\"og:image:width\" content=\"832\" \/>\n\t<meta property=\"og:image:height\" content=\"468\" \/>\n\t<meta property=\"og:image:type\" content=\"image\/png\" \/>\n<meta name=\"author\" content=\"admin\" \/>\n<meta name=\"twitter:card\" content=\"summary_large_image\" \/>\n<meta name=\"twitter:label1\" content=\"Written by\" \/>\n\t<meta name=\"twitter:data1\" content=\"admin\" \/>\n\t<meta name=\"twitter:label2\" content=\"Est. reading time\" \/>\n\t<meta name=\"twitter:data2\" content=\"7 minutes\" \/>\n<script type=\"application\/ld+json\" class=\"yoast-schema-graph\">{\"@context\":\"https:\\\/\\\/schema.org\",\"@graph\":[{\"@type\":\"Article\",\"@id\":\"https:\\\/\\\/akunq.net\\\/tr\\\/?p=66478#article\",\"isPartOf\":{\"@id\":\"https:\\\/\\\/akunq.net\\\/tr\\\/?p=66478\"},\"author\":{\"name\":\"admin\",\"@id\":\"https:\\\/\\\/akunq.net\\\/tr\\\/#\\\/schema\\\/person\\\/096f1d38a12cce57fb855b485ed24c9e\"},\"headline\":\"CHP\u2019den cezaevi raporu: Son 25 y\u0131lda 641 ki\u015fi &#8216;intihar etti&#8217;\",\"datePublished\":\"2021-12-29T09:19:29+00:00\",\"mainEntityOfPage\":{\"@id\":\"https:\\\/\\\/akunq.net\\\/tr\\\/?p=66478\"},\"wordCount\":1347,\"commentCount\":0,\"image\":{\"@id\":\"https:\\\/\\\/akunq.net\\\/tr\\\/?p=66478#primaryimage\"},\"thumbnailUrl\":\"https:\\\/\\\/akunq.net\\\/tr\\\/wp-content\\\/uploads\\\/sites\\\/6\\\/2021\\\/12\\\/\u0569\u0578\u0582\u0580\u0584\u0561\u056f\u0561\u0576-\u0562\u0561\u0576\u057f.png\",\"articleSection\":[\"Haberler\"],\"inLanguage\":\"en-US\",\"potentialAction\":[{\"@type\":\"CommentAction\",\"name\":\"Comment\",\"target\":[\"https:\\\/\\\/akunq.net\\\/tr\\\/?p=66478#respond\"]}]},{\"@type\":\"WebPage\",\"@id\":\"https:\\\/\\\/akunq.net\\\/tr\\\/?p=66478\",\"url\":\"https:\\\/\\\/akunq.net\\\/tr\\\/?p=66478\",\"name\":\"CHP\u2019den cezaevi raporu: Son 25 y\u0131lda 641 ki\u015fi 'intihar etti' - Bati Ermenistan Ve Bati Ermenileri Sorunlari Ara\u015ftirmalar Merkezi\",\"isPartOf\":{\"@id\":\"https:\\\/\\\/akunq.net\\\/tr\\\/#website\"},\"primaryImageOfPage\":{\"@id\":\"https:\\\/\\\/akunq.net\\\/tr\\\/?p=66478#primaryimage\"},\"image\":{\"@id\":\"https:\\\/\\\/akunq.net\\\/tr\\\/?p=66478#primaryimage\"},\"thumbnailUrl\":\"https:\\\/\\\/akunq.net\\\/tr\\\/wp-content\\\/uploads\\\/sites\\\/6\\\/2021\\\/12\\\/\u0569\u0578\u0582\u0580\u0584\u0561\u056f\u0561\u0576-\u0562\u0561\u0576\u057f.png\",\"datePublished\":\"2021-12-29T09:19:29+00:00\",\"author\":{\"@id\":\"https:\\\/\\\/akunq.net\\\/tr\\\/#\\\/schema\\\/person\\\/096f1d38a12cce57fb855b485ed24c9e\"},\"breadcrumb\":{\"@id\":\"https:\\\/\\\/akunq.net\\\/tr\\\/?p=66478#breadcrumb\"},\"inLanguage\":\"en-US\",\"potentialAction\":[{\"@type\":\"ReadAction\",\"target\":[\"https:\\\/\\\/akunq.net\\\/tr\\\/?p=66478\"]}]},{\"@type\":\"ImageObject\",\"inLanguage\":\"en-US\",\"@id\":\"https:\\\/\\\/akunq.net\\\/tr\\\/?p=66478#primaryimage\",\"url\":\"https:\\\/\\\/akunq.net\\\/tr\\\/wp-content\\\/uploads\\\/sites\\\/6\\\/2021\\\/12\\\/\u0569\u0578\u0582\u0580\u0584\u0561\u056f\u0561\u0576-\u0562\u0561\u0576\u057f.png\",\"contentUrl\":\"https:\\\/\\\/akunq.net\\\/tr\\\/wp-content\\\/uploads\\\/sites\\\/6\\\/2021\\\/12\\\/\u0569\u0578\u0582\u0580\u0584\u0561\u056f\u0561\u0576-\u0562\u0561\u0576\u057f.png\",\"width\":832,\"height\":468},{\"@type\":\"BreadcrumbList\",\"@id\":\"https:\\\/\\\/akunq.net\\\/tr\\\/?p=66478#breadcrumb\",\"itemListElement\":[{\"@type\":\"ListItem\",\"position\":1,\"name\":\"Home\",\"item\":\"https:\\\/\\\/akunq.net\\\/tr\"},{\"@type\":\"ListItem\",\"position\":2,\"name\":\"CHP\u2019den cezaevi raporu: Son 25 y\u0131lda 641 ki\u015fi &#8216;intihar etti&#8217;\"}]},{\"@type\":\"WebSite\",\"@id\":\"https:\\\/\\\/akunq.net\\\/tr\\\/#website\",\"url\":\"https:\\\/\\\/akunq.net\\\/tr\\\/\",\"name\":\"Bati Ermenistan Ve Bati Ermenileri Sorunlari Ara\u015ftirmalar Merkezi\",\"description\":\"\",\"potentialAction\":[{\"@type\":\"SearchAction\",\"target\":{\"@type\":\"EntryPoint\",\"urlTemplate\":\"https:\\\/\\\/akunq.net\\\/tr\\\/?s={search_term_string}\"},\"query-input\":{\"@type\":\"PropertyValueSpecification\",\"valueRequired\":true,\"valueName\":\"search_term_string\"}}],\"inLanguage\":\"en-US\"},{\"@type\":\"Person\",\"@id\":\"https:\\\/\\\/akunq.net\\\/tr\\\/#\\\/schema\\\/person\\\/096f1d38a12cce57fb855b485ed24c9e\",\"name\":\"admin\",\"url\":\"https:\\\/\\\/akunq.net\\\/tr\\\/?author=7\"}]}<\/script>\n<!-- \/ Yoast SEO plugin. -->","yoast_head_json":{"title":"CHP\u2019den cezaevi raporu: Son 25 y\u0131lda 641 ki\u015fi 'intihar etti' - Bati Ermenistan Ve Bati Ermenileri Sorunlari Ara\u015ftirmalar Merkezi","robots":{"index":"index","follow":"follow","max-snippet":"max-snippet:-1","max-image-preview":"max-image-preview:large","max-video-preview":"max-video-preview:-1"},"canonical":"https:\/\/akunq.net\/tr\/?p=66478","og_locale":"en_US","og_type":"article","og_title":"CHP\u2019den cezaevi raporu: Son 25 y\u0131lda 641 ki\u015fi 'intihar etti' - Bati Ermenistan Ve Bati Ermenileri Sorunlari Ara\u015ftirmalar Merkezi","og_description":"CHP cezaevi raporuna g\u00f6re son 25 y\u0131lda &#8216;intihar eden&#8217; tutuklu-h\u00fck\u00fcml\u00fc say\u0131s\u0131 641, vefat eden tutuklu-h\u00fck\u00fcml\u00fc say\u0131s\u0131 ise 2 bin 670 olarak kay\u0131tlara ge\u00e7ti. Google Haberlere Abone ol Serkan Alansalan@gazeteduvar.com.tr ANKARA-\u00a0CHP \u0130nsan Haklar\u0131ndan Sorumlu Genel Ba\u015fkan Yard\u0131mc\u0131s\u0131 G\u00fclizar Bi\u00e7er Karaca, \u201cArad\u0131\u011f\u0131n\u0131z Hakka Eri\u015filemiyor-Cezaevlerinde Sa\u011fl\u0131\u011fa Eri\u015fim\u201d ba\u015fl\u0131kl\u0131 rapor haz\u0131rlad\u0131. CHP Merkez Y\u00f6netim Kurulu\u2019na sunulan raporda, tutuklu ve [&hellip;]","og_url":"https:\/\/akunq.net\/tr\/?p=66478","og_site_name":"Bati Ermenistan Ve Bati Ermenileri Sorunlari Ara\u015ftirmalar Merkezi","article_published_time":"2021-12-29T09:19:29+00:00","og_image":[{"width":832,"height":468,"url":"https:\/\/akunq.net\/tr\/wp-content\/uploads\/sites\/6\/2021\/12\/\u0569\u0578\u0582\u0580\u0584\u0561\u056f\u0561\u0576-\u0562\u0561\u0576\u057f.png","type":"image\/png"}],"author":"admin","twitter_card":"summary_large_image","twitter_misc":{"Written by":"admin","Est. reading time":"7 minutes"},"schema":{"@context":"https:\/\/schema.org","@graph":[{"@type":"Article","@id":"https:\/\/akunq.net\/tr\/?p=66478#article","isPartOf":{"@id":"https:\/\/akunq.net\/tr\/?p=66478"},"author":{"name":"admin","@id":"https:\/\/akunq.net\/tr\/#\/schema\/person\/096f1d38a12cce57fb855b485ed24c9e"},"headline":"CHP\u2019den cezaevi raporu: Son 25 y\u0131lda 641 ki\u015fi &#8216;intihar etti&#8217;","datePublished":"2021-12-29T09:19:29+00:00","mainEntityOfPage":{"@id":"https:\/\/akunq.net\/tr\/?p=66478"},"wordCount":1347,"commentCount":0,"image":{"@id":"https:\/\/akunq.net\/tr\/?p=66478#primaryimage"},"thumbnailUrl":"https:\/\/akunq.net\/tr\/wp-content\/uploads\/sites\/6\/2021\/12\/\u0569\u0578\u0582\u0580\u0584\u0561\u056f\u0561\u0576-\u0562\u0561\u0576\u057f.png","articleSection":["Haberler"],"inLanguage":"en-US","potentialAction":[{"@type":"CommentAction","name":"Comment","target":["https:\/\/akunq.net\/tr\/?p=66478#respond"]}]},{"@type":"WebPage","@id":"https:\/\/akunq.net\/tr\/?p=66478","url":"https:\/\/akunq.net\/tr\/?p=66478","name":"CHP\u2019den cezaevi raporu: Son 25 y\u0131lda 641 ki\u015fi 'intihar etti' - Bati Ermenistan Ve Bati Ermenileri Sorunlari Ara\u015ftirmalar Merkezi","isPartOf":{"@id":"https:\/\/akunq.net\/tr\/#website"},"primaryImageOfPage":{"@id":"https:\/\/akunq.net\/tr\/?p=66478#primaryimage"},"image":{"@id":"https:\/\/akunq.net\/tr\/?p=66478#primaryimage"},"thumbnailUrl":"https:\/\/akunq.net\/tr\/wp-content\/uploads\/sites\/6\/2021\/12\/\u0569\u0578\u0582\u0580\u0584\u0561\u056f\u0561\u0576-\u0562\u0561\u0576\u057f.png","datePublished":"2021-12-29T09:19:29+00:00","author":{"@id":"https:\/\/akunq.net\/tr\/#\/schema\/person\/096f1d38a12cce57fb855b485ed24c9e"},"breadcrumb":{"@id":"https:\/\/akunq.net\/tr\/?p=66478#breadcrumb"},"inLanguage":"en-US","potentialAction":[{"@type":"ReadAction","target":["https:\/\/akunq.net\/tr\/?p=66478"]}]},{"@type":"ImageObject","inLanguage":"en-US","@id":"https:\/\/akunq.net\/tr\/?p=66478#primaryimage","url":"https:\/\/akunq.net\/tr\/wp-content\/uploads\/sites\/6\/2021\/12\/\u0569\u0578\u0582\u0580\u0584\u0561\u056f\u0561\u0576-\u0562\u0561\u0576\u057f.png","contentUrl":"https:\/\/akunq.net\/tr\/wp-content\/uploads\/sites\/6\/2021\/12\/\u0569\u0578\u0582\u0580\u0584\u0561\u056f\u0561\u0576-\u0562\u0561\u0576\u057f.png","width":832,"height":468},{"@type":"BreadcrumbList","@id":"https:\/\/akunq.net\/tr\/?p=66478#breadcrumb","itemListElement":[{"@type":"ListItem","position":1,"name":"Home","item":"https:\/\/akunq.net\/tr"},{"@type":"ListItem","position":2,"name":"CHP\u2019den cezaevi raporu: Son 25 y\u0131lda 641 ki\u015fi &#8216;intihar etti&#8217;"}]},{"@type":"WebSite","@id":"https:\/\/akunq.net\/tr\/#website","url":"https:\/\/akunq.net\/tr\/","name":"Bati Ermenistan Ve Bati Ermenileri Sorunlari Ara\u015ftirmalar Merkezi","description":"","potentialAction":[{"@type":"SearchAction","target":{"@type":"EntryPoint","urlTemplate":"https:\/\/akunq.net\/tr\/?s={search_term_string}"},"query-input":{"@type":"PropertyValueSpecification","valueRequired":true,"valueName":"search_term_string"}}],"inLanguage":"en-US"},{"@type":"Person","@id":"https:\/\/akunq.net\/tr\/#\/schema\/person\/096f1d38a12cce57fb855b485ed24c9e","name":"admin","url":"https:\/\/akunq.net\/tr\/?author=7"}]}},"_links":{"self":[{"href":"https:\/\/akunq.net\/tr\/index.php?rest_route=\/wp\/v2\/posts\/66478","targetHints":{"allow":["GET"]}}],"collection":[{"href":"https:\/\/akunq.net\/tr\/index.php?rest_route=\/wp\/v2\/posts"}],"about":[{"href":"https:\/\/akunq.net\/tr\/index.php?rest_route=\/wp\/v2\/types\/post"}],"author":[{"embeddable":true,"href":"https:\/\/akunq.net\/tr\/index.php?rest_route=\/wp\/v2\/users\/7"}],"replies":[{"embeddable":true,"href":"https:\/\/akunq.net\/tr\/index.php?rest_route=%2Fwp%2Fv2%2Fcomments&post=66478"}],"version-history":[{"count":1,"href":"https:\/\/akunq.net\/tr\/index.php?rest_route=\/wp\/v2\/posts\/66478\/revisions"}],"predecessor-version":[{"id":66480,"href":"https:\/\/akunq.net\/tr\/index.php?rest_route=\/wp\/v2\/posts\/66478\/revisions\/66480"}],"wp:featuredmedia":[{"embeddable":true,"href":"https:\/\/akunq.net\/tr\/index.php?rest_route=\/wp\/v2\/media\/66479"}],"wp:attachment":[{"href":"https:\/\/akunq.net\/tr\/index.php?rest_route=%2Fwp%2Fv2%2Fmedia&parent=66478"}],"wp:term":[{"taxonomy":"category","embeddable":true,"href":"https:\/\/akunq.net\/tr\/index.php?rest_route=%2Fwp%2Fv2%2Fcategories&post=66478"},{"taxonomy":"post_tag","embeddable":true,"href":"https:\/\/akunq.net\/tr\/index.php?rest_route=%2Fwp%2Fv2%2Ftags&post=66478"}],"curies":[{"name":"wp","href":"https:\/\/api.w.org\/{rel}","templated":true}]}}