{"id":66469,"date":"2021-12-29T03:29:22","date_gmt":"2021-12-29T08:29:22","guid":{"rendered":"https:\/\/akunq.net\/tr\/?p=66469"},"modified":"2021-12-29T03:29:22","modified_gmt":"2021-12-29T08:29:22","slug":"turkiyeyi-kafkaslara-baglayacak-pirinkayalar-tuneli-yarin-aciliyor","status":"publish","type":"post","link":"https:\/\/akunq.net\/tr\/?p=66469","title":{"rendered":"T\u00fcrkiye\u2019yi Kafkaslar\u2019a ba\u011flayacak Pirinkayalar T\u00fcneli yar\u0131n a\u00e7\u0131l\u0131yor"},"content":{"rendered":"<p><img loading=\"lazy\" decoding=\"async\" class=\"aligncenter size-medium wp-image-66470\" src=\"https:\/\/akunq.net\/tr\/wp-content\/uploads\/2021\/12\/Pirinkayalar-T\u00fcneli-360x203.jpg\" alt=\"\" width=\"360\" height=\"203\" srcset=\"https:\/\/akunq.net\/tr\/wp-content\/uploads\/sites\/6\/2021\/12\/Pirinkayalar-T\u00fcneli-360x203.jpg 360w, https:\/\/akunq.net\/tr\/wp-content\/uploads\/sites\/6\/2021\/12\/Pirinkayalar-T\u00fcneli-768x432.jpg 768w, https:\/\/akunq.net\/tr\/wp-content\/uploads\/sites\/6\/2021\/12\/Pirinkayalar-T\u00fcneli-560x315.jpg 560w, https:\/\/akunq.net\/tr\/wp-content\/uploads\/sites\/6\/2021\/12\/Pirinkayalar-T\u00fcneli-260x146.jpg 260w, https:\/\/akunq.net\/tr\/wp-content\/uploads\/sites\/6\/2021\/12\/Pirinkayalar-T\u00fcneli-160x90.jpg 160w, https:\/\/akunq.net\/tr\/wp-content\/uploads\/sites\/6\/2021\/12\/Pirinkayalar-T\u00fcneli.jpg 864w\" sizes=\"auto, (max-width: 360px) 100vw, 360px\" \/><\/p>\n<p><em><strong>T\u00fcrkiye ile Kafkaslar\u2019\u0131 birbirine ba\u011flayan k\u0131\u015f\u0131n keskin ve dik virajlar\u0131yla s\u00fcr\u00fcc\u00fclerin korkulu r\u00fcyas\u0131 olan Pirinkayalar Ge\u00e7idi\u2019nde yap\u0131lan t\u00fcnel, yar\u0131n Cumhurba\u015fkan\u0131 Erdo\u011fan\u2019\u0131n video konferansla kat\u0131laca\u011f\u0131 t\u00f6renle hizmete a\u00e7\u0131lacak.<\/strong><\/em><\/p>\n<p><strong>Selami K\u00fc\u00e7\u00fcko\u011flu<\/strong><\/p>\n<p>Erzurum\u2019un Uzundere il\u00e7esinde yer alan ve bu kenti Artvin\u2019e ba\u011flay\u0131p G\u00fcrcistan \u00fczerinden Kafkaslar\u2019a kadar uzanan Erzurum-Artvin kara yolundaki Pirinkayalar Ge\u00e7idi\u2019nde yap\u0131lan 2246 metre uzunlu\u011fundaki t\u00fcnelin yap\u0131m\u0131 tamamland\u0131.<\/p>\n<p>Cumhurba\u015fkan\u0131 Recep Tayyip Erdo\u011fan\u2019\u0131n talimat\u0131yla Karayollar\u0131 Genel M\u00fcd\u00fcrl\u00fc\u011f\u00fc ve Uzundere Kaymakaml\u0131\u011f\u0131n\u0131n deste\u011fiyle yap\u0131lan t\u00fcnel, gidi\u015f geli\u015f olmak \u00fczere tek t\u00fcp olarak in\u015fa edildi.<\/p>\n<p>\u00d6zellikle k\u0131\u015f\u0131n keskin ve dik virajlar\u0131 y\u00fcz\u00fcnden a\u011f\u0131r tonajl\u0131 ara\u00e7 s\u00fcr\u00fcc\u00fclerinin korkulu r\u00fcyas\u0131 olan t\u00fcnelin hizmete a\u00e7\u0131lmas\u0131yla, hem g\u00fcvenli bir ula\u015f\u0131m sa\u011flanacak hem de yak\u0131t ve zamandan tasarruf elde edilecek.<\/p>\n<p>S\u00fcr\u00fcc\u00fclere rahat nefes ald\u0131racak t\u00fcnel, ula\u015f\u0131mda sa\u011flad\u0131\u011f\u0131 kolayl\u0131kla Do\u011fu Anadolu\u2019yu <em>(Bat\u0131 Ermenistan-&#8216;Akunq&#8217; web sitesi)<\/em> Erzurum-Artvin g\u00fczergah\u0131ndan Do\u011fu Karadeniz\u2019e, T\u00fcrkiye\u2019yi de G\u00fcrcistan \u00fczerinden Kafkaslar\u2019a ba\u011flayacak.<\/p>\n<p>Do\u011fu Anadolu ba\u015fta olmak \u00fczere T\u00fcrkiye\u2019nin ticaretine katk\u0131 sunacak t\u00fcnel, ayn\u0131 zamanda do\u011fa harikalar\u0131n\u0131n bulundu\u011fu Erzurum\u2019daki Tortum ve Uzundere il\u00e7elerinin turizmine katk\u0131 sunacak.<\/p>\n<p>S\u00f6z konusu yoldaki kazalar\u0131n ciddi oranda \u00f6n\u00fcne ge\u00e7ecek olan t\u00fcnel, s\u00fcr\u00fcc\u00fclere konforlu ula\u015f\u0131m imkan\u0131 sa\u011flayacak.<\/p>\n<p>Erzurum Valisi Okay Memi\u015f, AA muhabirine, Pirinkayalar T\u00fcneli\u2019nin ula\u015f\u0131ma a\u00e7\u0131lacak olmas\u0131n\u0131n sevincini ya\u015fad\u0131klar\u0131n\u0131, t\u00fcnelin hem b\u00f6lge hem de Erzurum i\u00e7in b\u00fcy\u00fck \u00f6nem ta\u015f\u0131d\u0131\u011f\u0131n\u0131 s\u00f6yledi.<\/p>\n<p>T\u00fcnelle Cittaslow \u0130cra Kurulunca \u201csakin \u015fehirler\u201d a\u011f\u0131na kabul edilen Uzundere il\u00e7esindeki Tortum G\u00f6l\u00fc, Tortum \u015eelalesi, Yedi G\u00f6ller ve \u00d6\u015fvank Kilisesi gibi tarihi ve turistik yerleri ziyaret edecek turist say\u0131s\u0131nda art\u0131\u015f olaca\u011f\u0131n\u0131 belirten Memi\u015f, \u201cElektrik testleri kalm\u0131\u015ft\u0131. Onlar da tamamland\u0131 ve say\u0131n Ula\u015ft\u0131rma ve Altyap\u0131 Bakan\u0131m\u0131z Adil Karaismailo\u011flu\u2019nun kat\u0131l\u0131m\u0131yla a\u00e7\u0131l\u0131\u015f\u0131n\u0131 yapaca\u011f\u0131z. B\u00fct\u00fcn \u00e7al\u0131\u015fmalar bitti.\u201d dedi.<\/p>\n<p>Memi\u015f, kentin Do\u011fu Karadeniz\u2019le ula\u015f\u0131m a\u011f\u0131n\u0131 g\u00fc\u00e7lendirecek t\u00fcnelin \u00f6nemli bir devlet yat\u0131r\u0131m\u0131 oldu\u011funu ifade etti.<\/p>\n<p><strong>\u201cM\u00fcthi\u015f bir kamu yat\u0131r\u0131m\u0131 var\u201d<\/strong><br \/>\nPirinkayalar T\u00fcneli\u2019nin Erzurum\u2019u sahile ba\u011flayacak ilk t\u00fcnel oldu\u011funu vurgulayan Memi\u015f, \u015f\u00f6yle konu\u015ftu:<\/p>\n<p>\u201cPirinkayalar Ge\u00e7idi, Erzurum\u2019u Tortum ve Uzundere il\u00e7eleri \u00fczerinden Artvin\u2019e ba\u011flayacak. Buras\u0131, Erzurum\u2019u bir bak\u0131ma sahile ba\u011flayan bir g\u00fczergah. Erzurum\u2019un m\u00fclki hudutlar\u0131n\u0131n 3\u2019te biri \u00e7ok bilinmiyor ama Do\u011fu Karadeniz s\u0131n\u0131rlar\u0131nda Rize\u2019nin, Artvin\u2019in g\u00fcneyinde kal\u0131yor. Bu iller, Karadeniz\u2019e a\u00e7\u0131lan kap\u0131lar\u0131m\u0131z ve buralarda onlarca t\u00fcnel, m\u00fcthi\u015f bir kamu yat\u0131r\u0131m\u0131 var. Yol \u00fczerinde yat\u0131r\u0131mlar devam ediyor. Cumhuriyet tarihinin en \u00f6nemli baraj\u0131 olan Artvin\u2019deki Yusufeli Baraj\u0131 bitti ve su tutmaya ba\u015flad\u0131. Gelecek 50 y\u0131l hatta 100 y\u0131l i\u00e7inde bu b\u00f6lgede enerji sorunu ya\u015fanmayacak.\u201d<\/p>\n<p>Yar\u0131n Bakan Karaismailo\u011flu ve Vali Memi\u015f\u2019in kat\u0131l\u0131m\u0131yla d\u00fczenlenecek t\u00f6renle hizmete girecek t\u00fcnelin a\u00e7\u0131l\u0131\u015f\u0131na Cumhurba\u015fkan\u0131 Recep Tayyip Erdo\u011fan da video konferansla kat\u0131lacak.<\/p>\n<p><em><strong>https:\/\/www.aa.com.tr\/tr\/gundem\/turkiyeyi-kafkaslara-baglayacak-pirinkayalar-tuneli-yarin-aciliyor\/2459214\u00a0<\/strong><\/em><\/p>\n","protected":false},"excerpt":{"rendered":"<p>T\u00fcrkiye ile Kafkaslar\u2019\u0131 birbirine ba\u011flayan k\u0131\u015f\u0131n keskin ve dik virajlar\u0131yla s\u00fcr\u00fcc\u00fclerin korkulu r\u00fcyas\u0131 olan Pirinkayalar Ge\u00e7idi\u2019nde yap\u0131lan t\u00fcnel, yar\u0131n Cumhurba\u015fkan\u0131 Erdo\u011fan\u2019\u0131n video konferansla kat\u0131laca\u011f\u0131 t\u00f6renle hizmete a\u00e7\u0131lacak. Selami K\u00fc\u00e7\u00fcko\u011flu Erzurum\u2019un Uzundere il\u00e7esinde yer alan ve bu kenti Artvin\u2019e ba\u011flay\u0131p G\u00fcrcistan \u00fczerinden Kafkaslar\u2019a kadar uzanan Erzurum-Artvin kara yolundaki Pirinkayalar Ge\u00e7idi\u2019nde yap\u0131lan 2246 metre uzunlu\u011fundaki t\u00fcnelin yap\u0131m\u0131 [&hellip;]<\/p>\n","protected":false},"author":7,"featured_media":66470,"comment_status":"open","ping_status":"open","sticky":false,"template":"","format":"standard","meta":{"footnotes":""},"categories":[1],"tags":[],"class_list":["post-66469","post","type-post","status-publish","format-standard","has-post-thumbnail","hentry","category-haberler"],"yoast_head":"<!-- This site is optimized with the Yoast SEO plugin v27.4 - https:\/\/yoast.com\/product\/yoast-seo-wordpress\/ -->\n<title>T\u00fcrkiye\u2019yi Kafkaslar\u2019a ba\u011flayacak Pirinkayalar T\u00fcneli yar\u0131n a\u00e7\u0131l\u0131yor - Bati Ermenistan Ve Bati Ermenileri Sorunlari Ara\u015ftirmalar Merkezi<\/title>\n<meta name=\"robots\" content=\"index, follow, max-snippet:-1, max-image-preview:large, max-video-preview:-1\" \/>\n<link rel=\"canonical\" href=\"https:\/\/akunq.net\/tr\/?p=66469\" \/>\n<meta property=\"og:locale\" content=\"en_US\" \/>\n<meta property=\"og:type\" content=\"article\" \/>\n<meta property=\"og:title\" content=\"T\u00fcrkiye\u2019yi Kafkaslar\u2019a ba\u011flayacak Pirinkayalar T\u00fcneli yar\u0131n a\u00e7\u0131l\u0131yor - Bati Ermenistan Ve Bati Ermenileri Sorunlari Ara\u015ftirmalar Merkezi\" \/>\n<meta property=\"og:description\" content=\"T\u00fcrkiye ile Kafkaslar\u2019\u0131 birbirine ba\u011flayan k\u0131\u015f\u0131n keskin ve dik virajlar\u0131yla s\u00fcr\u00fcc\u00fclerin korkulu r\u00fcyas\u0131 olan Pirinkayalar Ge\u00e7idi\u2019nde yap\u0131lan t\u00fcnel, yar\u0131n Cumhurba\u015fkan\u0131 Erdo\u011fan\u2019\u0131n video konferansla kat\u0131laca\u011f\u0131 t\u00f6renle hizmete a\u00e7\u0131lacak. Selami K\u00fc\u00e7\u00fcko\u011flu Erzurum\u2019un Uzundere il\u00e7esinde yer alan ve bu kenti Artvin\u2019e ba\u011flay\u0131p G\u00fcrcistan \u00fczerinden Kafkaslar\u2019a kadar uzanan Erzurum-Artvin kara yolundaki Pirinkayalar Ge\u00e7idi\u2019nde yap\u0131lan 2246 metre uzunlu\u011fundaki t\u00fcnelin yap\u0131m\u0131 [&hellip;]\" \/>\n<meta property=\"og:url\" content=\"https:\/\/akunq.net\/tr\/?p=66469\" \/>\n<meta property=\"og:site_name\" content=\"Bati Ermenistan Ve Bati Ermenileri Sorunlari Ara\u015ftirmalar Merkezi\" \/>\n<meta property=\"article:published_time\" content=\"2021-12-29T08:29:22+00:00\" \/>\n<meta property=\"og:image\" content=\"https:\/\/akunq.net\/tr\/wp-content\/uploads\/sites\/6\/2021\/12\/Pirinkayalar-T\u00fcneli.jpg\" \/>\n\t<meta property=\"og:image:width\" content=\"864\" \/>\n\t<meta property=\"og:image:height\" content=\"486\" \/>\n\t<meta property=\"og:image:type\" content=\"image\/jpeg\" \/>\n<meta name=\"author\" content=\"admin\" \/>\n<meta name=\"twitter:card\" content=\"summary_large_image\" \/>\n<meta name=\"twitter:label1\" content=\"Written by\" \/>\n\t<meta name=\"twitter:data1\" content=\"admin\" \/>\n\t<meta name=\"twitter:label2\" content=\"Est. reading time\" \/>\n\t<meta name=\"twitter:data2\" content=\"3 minutes\" \/>\n<script type=\"application\/ld+json\" class=\"yoast-schema-graph\">{\"@context\":\"https:\\\/\\\/schema.org\",\"@graph\":[{\"@type\":\"Article\",\"@id\":\"https:\\\/\\\/akunq.net\\\/tr\\\/?p=66469#article\",\"isPartOf\":{\"@id\":\"https:\\\/\\\/akunq.net\\\/tr\\\/?p=66469\"},\"author\":{\"name\":\"admin\",\"@id\":\"https:\\\/\\\/akunq.net\\\/tr\\\/#\\\/schema\\\/person\\\/096f1d38a12cce57fb855b485ed24c9e\"},\"headline\":\"T\u00fcrkiye\u2019yi Kafkaslar\u2019a ba\u011flayacak Pirinkayalar T\u00fcneli yar\u0131n a\u00e7\u0131l\u0131yor\",\"datePublished\":\"2021-12-29T08:29:22+00:00\",\"mainEntityOfPage\":{\"@id\":\"https:\\\/\\\/akunq.net\\\/tr\\\/?p=66469\"},\"wordCount\":616,\"commentCount\":0,\"image\":{\"@id\":\"https:\\\/\\\/akunq.net\\\/tr\\\/?p=66469#primaryimage\"},\"thumbnailUrl\":\"https:\\\/\\\/akunq.net\\\/tr\\\/wp-content\\\/uploads\\\/sites\\\/6\\\/2021\\\/12\\\/Pirinkayalar-T\u00fcneli.jpg\",\"articleSection\":[\"Haberler\"],\"inLanguage\":\"en-US\",\"potentialAction\":[{\"@type\":\"CommentAction\",\"name\":\"Comment\",\"target\":[\"https:\\\/\\\/akunq.net\\\/tr\\\/?p=66469#respond\"]}]},{\"@type\":\"WebPage\",\"@id\":\"https:\\\/\\\/akunq.net\\\/tr\\\/?p=66469\",\"url\":\"https:\\\/\\\/akunq.net\\\/tr\\\/?p=66469\",\"name\":\"T\u00fcrkiye\u2019yi Kafkaslar\u2019a ba\u011flayacak Pirinkayalar T\u00fcneli yar\u0131n a\u00e7\u0131l\u0131yor - Bati Ermenistan Ve Bati Ermenileri Sorunlari Ara\u015ftirmalar Merkezi\",\"isPartOf\":{\"@id\":\"https:\\\/\\\/akunq.net\\\/tr\\\/#website\"},\"primaryImageOfPage\":{\"@id\":\"https:\\\/\\\/akunq.net\\\/tr\\\/?p=66469#primaryimage\"},\"image\":{\"@id\":\"https:\\\/\\\/akunq.net\\\/tr\\\/?p=66469#primaryimage\"},\"thumbnailUrl\":\"https:\\\/\\\/akunq.net\\\/tr\\\/wp-content\\\/uploads\\\/sites\\\/6\\\/2021\\\/12\\\/Pirinkayalar-T\u00fcneli.jpg\",\"datePublished\":\"2021-12-29T08:29:22+00:00\",\"author\":{\"@id\":\"https:\\\/\\\/akunq.net\\\/tr\\\/#\\\/schema\\\/person\\\/096f1d38a12cce57fb855b485ed24c9e\"},\"breadcrumb\":{\"@id\":\"https:\\\/\\\/akunq.net\\\/tr\\\/?p=66469#breadcrumb\"},\"inLanguage\":\"en-US\",\"potentialAction\":[{\"@type\":\"ReadAction\",\"target\":[\"https:\\\/\\\/akunq.net\\\/tr\\\/?p=66469\"]}]},{\"@type\":\"ImageObject\",\"inLanguage\":\"en-US\",\"@id\":\"https:\\\/\\\/akunq.net\\\/tr\\\/?p=66469#primaryimage\",\"url\":\"https:\\\/\\\/akunq.net\\\/tr\\\/wp-content\\\/uploads\\\/sites\\\/6\\\/2021\\\/12\\\/Pirinkayalar-T\u00fcneli.jpg\",\"contentUrl\":\"https:\\\/\\\/akunq.net\\\/tr\\\/wp-content\\\/uploads\\\/sites\\\/6\\\/2021\\\/12\\\/Pirinkayalar-T\u00fcneli.jpg\",\"width\":864,\"height\":486},{\"@type\":\"BreadcrumbList\",\"@id\":\"https:\\\/\\\/akunq.net\\\/tr\\\/?p=66469#breadcrumb\",\"itemListElement\":[{\"@type\":\"ListItem\",\"position\":1,\"name\":\"Home\",\"item\":\"https:\\\/\\\/akunq.net\\\/tr\"},{\"@type\":\"ListItem\",\"position\":2,\"name\":\"T\u00fcrkiye\u2019yi Kafkaslar\u2019a ba\u011flayacak Pirinkayalar T\u00fcneli yar\u0131n a\u00e7\u0131l\u0131yor\"}]},{\"@type\":\"WebSite\",\"@id\":\"https:\\\/\\\/akunq.net\\\/tr\\\/#website\",\"url\":\"https:\\\/\\\/akunq.net\\\/tr\\\/\",\"name\":\"Bati Ermenistan Ve Bati Ermenileri Sorunlari Ara\u015ftirmalar Merkezi\",\"description\":\"\",\"potentialAction\":[{\"@type\":\"SearchAction\",\"target\":{\"@type\":\"EntryPoint\",\"urlTemplate\":\"https:\\\/\\\/akunq.net\\\/tr\\\/?s={search_term_string}\"},\"query-input\":{\"@type\":\"PropertyValueSpecification\",\"valueRequired\":true,\"valueName\":\"search_term_string\"}}],\"inLanguage\":\"en-US\"},{\"@type\":\"Person\",\"@id\":\"https:\\\/\\\/akunq.net\\\/tr\\\/#\\\/schema\\\/person\\\/096f1d38a12cce57fb855b485ed24c9e\",\"name\":\"admin\",\"url\":\"https:\\\/\\\/akunq.net\\\/tr\\\/?author=7\"}]}<\/script>\n<!-- \/ Yoast SEO plugin. -->","yoast_head_json":{"title":"T\u00fcrkiye\u2019yi Kafkaslar\u2019a ba\u011flayacak Pirinkayalar T\u00fcneli yar\u0131n a\u00e7\u0131l\u0131yor - Bati Ermenistan Ve Bati Ermenileri Sorunlari Ara\u015ftirmalar Merkezi","robots":{"index":"index","follow":"follow","max-snippet":"max-snippet:-1","max-image-preview":"max-image-preview:large","max-video-preview":"max-video-preview:-1"},"canonical":"https:\/\/akunq.net\/tr\/?p=66469","og_locale":"en_US","og_type":"article","og_title":"T\u00fcrkiye\u2019yi Kafkaslar\u2019a ba\u011flayacak Pirinkayalar T\u00fcneli yar\u0131n a\u00e7\u0131l\u0131yor - Bati Ermenistan Ve Bati Ermenileri Sorunlari Ara\u015ftirmalar Merkezi","og_description":"T\u00fcrkiye ile Kafkaslar\u2019\u0131 birbirine ba\u011flayan k\u0131\u015f\u0131n keskin ve dik virajlar\u0131yla s\u00fcr\u00fcc\u00fclerin korkulu r\u00fcyas\u0131 olan Pirinkayalar Ge\u00e7idi\u2019nde yap\u0131lan t\u00fcnel, yar\u0131n Cumhurba\u015fkan\u0131 Erdo\u011fan\u2019\u0131n video konferansla kat\u0131laca\u011f\u0131 t\u00f6renle hizmete a\u00e7\u0131lacak. Selami K\u00fc\u00e7\u00fcko\u011flu Erzurum\u2019un Uzundere il\u00e7esinde yer alan ve bu kenti Artvin\u2019e ba\u011flay\u0131p G\u00fcrcistan \u00fczerinden Kafkaslar\u2019a kadar uzanan Erzurum-Artvin kara yolundaki Pirinkayalar Ge\u00e7idi\u2019nde yap\u0131lan 2246 metre uzunlu\u011fundaki t\u00fcnelin yap\u0131m\u0131 [&hellip;]","og_url":"https:\/\/akunq.net\/tr\/?p=66469","og_site_name":"Bati Ermenistan Ve Bati Ermenileri Sorunlari Ara\u015ftirmalar Merkezi","article_published_time":"2021-12-29T08:29:22+00:00","og_image":[{"width":864,"height":486,"url":"https:\/\/akunq.net\/tr\/wp-content\/uploads\/sites\/6\/2021\/12\/Pirinkayalar-T\u00fcneli.jpg","type":"image\/jpeg"}],"author":"admin","twitter_card":"summary_large_image","twitter_misc":{"Written by":"admin","Est. reading time":"3 minutes"},"schema":{"@context":"https:\/\/schema.org","@graph":[{"@type":"Article","@id":"https:\/\/akunq.net\/tr\/?p=66469#article","isPartOf":{"@id":"https:\/\/akunq.net\/tr\/?p=66469"},"author":{"name":"admin","@id":"https:\/\/akunq.net\/tr\/#\/schema\/person\/096f1d38a12cce57fb855b485ed24c9e"},"headline":"T\u00fcrkiye\u2019yi Kafkaslar\u2019a ba\u011flayacak Pirinkayalar T\u00fcneli yar\u0131n a\u00e7\u0131l\u0131yor","datePublished":"2021-12-29T08:29:22+00:00","mainEntityOfPage":{"@id":"https:\/\/akunq.net\/tr\/?p=66469"},"wordCount":616,"commentCount":0,"image":{"@id":"https:\/\/akunq.net\/tr\/?p=66469#primaryimage"},"thumbnailUrl":"https:\/\/akunq.net\/tr\/wp-content\/uploads\/sites\/6\/2021\/12\/Pirinkayalar-T\u00fcneli.jpg","articleSection":["Haberler"],"inLanguage":"en-US","potentialAction":[{"@type":"CommentAction","name":"Comment","target":["https:\/\/akunq.net\/tr\/?p=66469#respond"]}]},{"@type":"WebPage","@id":"https:\/\/akunq.net\/tr\/?p=66469","url":"https:\/\/akunq.net\/tr\/?p=66469","name":"T\u00fcrkiye\u2019yi Kafkaslar\u2019a ba\u011flayacak Pirinkayalar T\u00fcneli yar\u0131n a\u00e7\u0131l\u0131yor - Bati Ermenistan Ve Bati Ermenileri Sorunlari Ara\u015ftirmalar Merkezi","isPartOf":{"@id":"https:\/\/akunq.net\/tr\/#website"},"primaryImageOfPage":{"@id":"https:\/\/akunq.net\/tr\/?p=66469#primaryimage"},"image":{"@id":"https:\/\/akunq.net\/tr\/?p=66469#primaryimage"},"thumbnailUrl":"https:\/\/akunq.net\/tr\/wp-content\/uploads\/sites\/6\/2021\/12\/Pirinkayalar-T\u00fcneli.jpg","datePublished":"2021-12-29T08:29:22+00:00","author":{"@id":"https:\/\/akunq.net\/tr\/#\/schema\/person\/096f1d38a12cce57fb855b485ed24c9e"},"breadcrumb":{"@id":"https:\/\/akunq.net\/tr\/?p=66469#breadcrumb"},"inLanguage":"en-US","potentialAction":[{"@type":"ReadAction","target":["https:\/\/akunq.net\/tr\/?p=66469"]}]},{"@type":"ImageObject","inLanguage":"en-US","@id":"https:\/\/akunq.net\/tr\/?p=66469#primaryimage","url":"https:\/\/akunq.net\/tr\/wp-content\/uploads\/sites\/6\/2021\/12\/Pirinkayalar-T\u00fcneli.jpg","contentUrl":"https:\/\/akunq.net\/tr\/wp-content\/uploads\/sites\/6\/2021\/12\/Pirinkayalar-T\u00fcneli.jpg","width":864,"height":486},{"@type":"BreadcrumbList","@id":"https:\/\/akunq.net\/tr\/?p=66469#breadcrumb","itemListElement":[{"@type":"ListItem","position":1,"name":"Home","item":"https:\/\/akunq.net\/tr"},{"@type":"ListItem","position":2,"name":"T\u00fcrkiye\u2019yi Kafkaslar\u2019a ba\u011flayacak Pirinkayalar T\u00fcneli yar\u0131n a\u00e7\u0131l\u0131yor"}]},{"@type":"WebSite","@id":"https:\/\/akunq.net\/tr\/#website","url":"https:\/\/akunq.net\/tr\/","name":"Bati Ermenistan Ve Bati Ermenileri Sorunlari Ara\u015ftirmalar Merkezi","description":"","potentialAction":[{"@type":"SearchAction","target":{"@type":"EntryPoint","urlTemplate":"https:\/\/akunq.net\/tr\/?s={search_term_string}"},"query-input":{"@type":"PropertyValueSpecification","valueRequired":true,"valueName":"search_term_string"}}],"inLanguage":"en-US"},{"@type":"Person","@id":"https:\/\/akunq.net\/tr\/#\/schema\/person\/096f1d38a12cce57fb855b485ed24c9e","name":"admin","url":"https:\/\/akunq.net\/tr\/?author=7"}]}},"_links":{"self":[{"href":"https:\/\/akunq.net\/tr\/index.php?rest_route=\/wp\/v2\/posts\/66469","targetHints":{"allow":["GET"]}}],"collection":[{"href":"https:\/\/akunq.net\/tr\/index.php?rest_route=\/wp\/v2\/posts"}],"about":[{"href":"https:\/\/akunq.net\/tr\/index.php?rest_route=\/wp\/v2\/types\/post"}],"author":[{"embeddable":true,"href":"https:\/\/akunq.net\/tr\/index.php?rest_route=\/wp\/v2\/users\/7"}],"replies":[{"embeddable":true,"href":"https:\/\/akunq.net\/tr\/index.php?rest_route=%2Fwp%2Fv2%2Fcomments&post=66469"}],"version-history":[{"count":1,"href":"https:\/\/akunq.net\/tr\/index.php?rest_route=\/wp\/v2\/posts\/66469\/revisions"}],"predecessor-version":[{"id":66471,"href":"https:\/\/akunq.net\/tr\/index.php?rest_route=\/wp\/v2\/posts\/66469\/revisions\/66471"}],"wp:featuredmedia":[{"embeddable":true,"href":"https:\/\/akunq.net\/tr\/index.php?rest_route=\/wp\/v2\/media\/66470"}],"wp:attachment":[{"href":"https:\/\/akunq.net\/tr\/index.php?rest_route=%2Fwp%2Fv2%2Fmedia&parent=66469"}],"wp:term":[{"taxonomy":"category","embeddable":true,"href":"https:\/\/akunq.net\/tr\/index.php?rest_route=%2Fwp%2Fv2%2Fcategories&post=66469"},{"taxonomy":"post_tag","embeddable":true,"href":"https:\/\/akunq.net\/tr\/index.php?rest_route=%2Fwp%2Fv2%2Ftags&post=66469"}],"curies":[{"name":"wp","href":"https:\/\/api.w.org\/{rel}","templated":true}]}}