{"id":66466,"date":"2021-12-29T03:22:14","date_gmt":"2021-12-29T08:22:14","guid":{"rendered":"https:\/\/akunq.net\/tr\/?p=66466"},"modified":"2021-12-29T03:22:14","modified_gmt":"2021-12-29T08:22:14","slug":"definecilerin-talan-ettigi-tarihi-kopru-restore-edilecek","status":"publish","type":"post","link":"https:\/\/akunq.net\/tr\/?p=66466","title":{"rendered":"Definecilerin talan etti\u011fi tarihi k\u00f6pr\u00fc, restore edilecek"},"content":{"rendered":"<p><img loading=\"lazy\" decoding=\"async\" class=\"aligncenter size-medium wp-image-66467\" src=\"https:\/\/akunq.net\/tr\/wp-content\/uploads\/2021\/12\/Definecilerin-talan-etti\u011fi-tarihi-k\u00f6pr\u00fc-360x202.jpg\" alt=\"\" width=\"360\" height=\"202\" srcset=\"https:\/\/akunq.net\/tr\/wp-content\/uploads\/sites\/6\/2021\/12\/Definecilerin-talan-etti\u011fi-tarihi-k\u00f6pr\u00fc-360x202.jpg 360w, https:\/\/akunq.net\/tr\/wp-content\/uploads\/sites\/6\/2021\/12\/Definecilerin-talan-etti\u011fi-tarihi-k\u00f6pr\u00fc-560x315.jpg 560w, https:\/\/akunq.net\/tr\/wp-content\/uploads\/sites\/6\/2021\/12\/Definecilerin-talan-etti\u011fi-tarihi-k\u00f6pr\u00fc-260x146.jpg 260w, https:\/\/akunq.net\/tr\/wp-content\/uploads\/sites\/6\/2021\/12\/Definecilerin-talan-etti\u011fi-tarihi-k\u00f6pr\u00fc-160x90.jpg 160w, https:\/\/akunq.net\/tr\/wp-content\/uploads\/sites\/6\/2021\/12\/Definecilerin-talan-etti\u011fi-tarihi-k\u00f6pr\u00fc.jpg 730w\" sizes=\"auto, (max-width: 360px) 100vw, 360px\" \/><\/p>\n<p><em><strong>Denizli\u2019nin \u00c7al il\u00e7esi Day\u0131lar Mahallesi\u2019ne 2 kilometre uzakl\u0131kta, B\u00fcy\u00fck Menderes Nehri \u00fczerindeki Roma d\u00f6nemine ait tarihi \u0130pek Yolu\u2019nda bulunan ve teneke dolusu alt\u0131n oldu\u011fu inanc\u0131yla definecilerin talan etti\u011fi Tozlukara K\u00f6pr\u00fcs\u00fc restore edilecek.<\/strong><\/em><\/p>\n<p><strong>Ramazan \u00c7ET\u0130N\/ DEN\u0130ZL\u0130, (DHA)<\/strong><\/p>\n<p>Roma d\u00f6neminde yap\u0131lan ve antik kentler Apamea, Eumenia, Peltea, Lounda, Mossyna, Hierapolis ile Laodikya ticaret yollar\u0131 \u00fczerindeki ge\u00e7i\u015fi sa\u011flayan k\u00f6pr\u00fclerden biri olarak kullan\u0131lan; 55 metre uzunlu\u011funda, 3 metre 40 santimetre geni\u015fli\u011findeki 2 kemerli antik k\u00f6pr\u00fcde alt\u0131n ve tarihi eser arayan defineciler, k\u00f6pr\u00fcye hasar veriyor. K\u00f6pr\u00fcn\u00fcn \u00e7e\u015fitli noktalar\u0131nda, definecilerin alt\u0131n ya da tarihi eser bulmak i\u00e7in a\u00e7t\u0131\u011f\u0131 oyuklar ve \u00e7ukurlar bulunuyor. Rivayetteki \u2018Bu k\u00f6pr\u00fcy\u00fc yapan bir hatun, ya sa\u011f\u0131ndad\u0131r ya solunda bir teneke alt\u0131n\u2019 s\u00f6z\u00fcne inanan defineciler, k\u00f6pr\u00fcy\u00fc kullan\u0131lamaz hale getirdi. Teneke dolusu alt\u0131n sakland\u0131\u011f\u0131na inan\u0131larak, defineciler taraf\u0131ndan y\u0131llard\u0131r ka\u00e7ak kaz\u0131 yap\u0131lan tarihi k\u00f6pr\u00fc, y\u0131k\u0131lmaya da y\u00fcz tuttu.<\/p>\n<p>\u00c7al Belediyesi\u2019nin, Tozlukara K\u00f6pr\u00fcs\u00fc\u2019n\u00fcn restore edilmesiyle ilgili m\u00fcracaat\u0131 ise olumlu bulundu. Belediye Ba\u015fkan\u0131 Fethi Akcan, Karayollar\u0131 \u0130zmir B\u00f6lge M\u00fcd\u00fcrl\u00fc\u011f\u00fc K\u00f6pr\u00fcler Ba\u015fm\u00fchendisli\u011fi\u2019nden tarihi Tozlukara K\u00f6pr\u00fcs\u00fc\u2019n\u00fcn restore edilmesi i\u00e7in haber geldi\u011fini s\u00f6yledi. Ba\u015fkan Akcan, 17 Ocak 2022\u2019de yap\u0131lacak proje ihalesinin ard\u0131ndan k\u00f6pr\u00fcn\u00fcn restorasyon \u00e7al\u0131\u015fmalar\u0131n\u0131n da k\u0131sa s\u00fcrede ba\u015flamas\u0131n\u0131 beklediklerini s\u00f6yledi.<\/p>\n<hr \/>\n<p><em><strong><a href=\"https:\/\/www.milliyet.com.tr\/gundem\/definecilerin-talan-ettigi-tarihi-kopru-restore-edilecek-6670239\" target=\"_blank\" rel=\"noopener noreferrer\">Milliyet Gazetesi<\/a>\u00a0<\/strong><\/em><\/p>\n","protected":false},"excerpt":{"rendered":"<p>Denizli\u2019nin \u00c7al il\u00e7esi Day\u0131lar Mahallesi\u2019ne 2 kilometre uzakl\u0131kta, B\u00fcy\u00fck Menderes Nehri \u00fczerindeki Roma d\u00f6nemine ait tarihi \u0130pek Yolu\u2019nda bulunan ve teneke dolusu alt\u0131n oldu\u011fu inanc\u0131yla definecilerin talan etti\u011fi Tozlukara K\u00f6pr\u00fcs\u00fc restore edilecek. Ramazan \u00c7ET\u0130N\/ DEN\u0130ZL\u0130, (DHA) Roma d\u00f6neminde yap\u0131lan ve antik kentler Apamea, Eumenia, Peltea, Lounda, Mossyna, Hierapolis ile Laodikya ticaret yollar\u0131 \u00fczerindeki ge\u00e7i\u015fi sa\u011flayan [&hellip;]<\/p>\n","protected":false},"author":7,"featured_media":66467,"comment_status":"open","ping_status":"open","sticky":false,"template":"","format":"standard","meta":{"footnotes":""},"categories":[1],"tags":[],"class_list":["post-66466","post","type-post","status-publish","format-standard","has-post-thumbnail","hentry","category-haberler"],"yoast_head":"<!-- This site is optimized with the Yoast SEO plugin v27.4 - https:\/\/yoast.com\/product\/yoast-seo-wordpress\/ -->\n<title>Definecilerin talan etti\u011fi tarihi k\u00f6pr\u00fc, restore edilecek - Bati Ermenistan Ve Bati Ermenileri Sorunlari Ara\u015ftirmalar Merkezi<\/title>\n<meta name=\"robots\" content=\"index, follow, max-snippet:-1, max-image-preview:large, max-video-preview:-1\" \/>\n<link rel=\"canonical\" href=\"https:\/\/akunq.net\/tr\/?p=66466\" \/>\n<meta property=\"og:locale\" content=\"en_US\" \/>\n<meta property=\"og:type\" content=\"article\" \/>\n<meta property=\"og:title\" content=\"Definecilerin talan etti\u011fi tarihi k\u00f6pr\u00fc, restore edilecek - Bati Ermenistan Ve Bati Ermenileri Sorunlari Ara\u015ftirmalar Merkezi\" \/>\n<meta property=\"og:description\" content=\"Denizli\u2019nin \u00c7al il\u00e7esi Day\u0131lar Mahallesi\u2019ne 2 kilometre uzakl\u0131kta, B\u00fcy\u00fck Menderes Nehri \u00fczerindeki Roma d\u00f6nemine ait tarihi \u0130pek Yolu\u2019nda bulunan ve teneke dolusu alt\u0131n oldu\u011fu inanc\u0131yla definecilerin talan etti\u011fi Tozlukara K\u00f6pr\u00fcs\u00fc restore edilecek. Ramazan \u00c7ET\u0130N\/ DEN\u0130ZL\u0130, (DHA) Roma d\u00f6neminde yap\u0131lan ve antik kentler Apamea, Eumenia, Peltea, Lounda, Mossyna, Hierapolis ile Laodikya ticaret yollar\u0131 \u00fczerindeki ge\u00e7i\u015fi sa\u011flayan [&hellip;]\" \/>\n<meta property=\"og:url\" content=\"https:\/\/akunq.net\/tr\/?p=66466\" \/>\n<meta property=\"og:site_name\" content=\"Bati Ermenistan Ve Bati Ermenileri Sorunlari Ara\u015ftirmalar Merkezi\" \/>\n<meta property=\"article:published_time\" content=\"2021-12-29T08:22:14+00:00\" \/>\n<meta property=\"og:image\" content=\"https:\/\/akunq.net\/tr\/wp-content\/uploads\/sites\/6\/2021\/12\/Definecilerin-talan-etti\u011fi-tarihi-k\u00f6pr\u00fc.jpg\" \/>\n\t<meta property=\"og:image:width\" content=\"730\" \/>\n\t<meta property=\"og:image:height\" content=\"410\" \/>\n\t<meta property=\"og:image:type\" content=\"image\/jpeg\" \/>\n<meta name=\"author\" content=\"admin\" \/>\n<meta name=\"twitter:card\" content=\"summary_large_image\" \/>\n<meta name=\"twitter:label1\" content=\"Written by\" \/>\n\t<meta name=\"twitter:data1\" content=\"admin\" \/>\n\t<meta name=\"twitter:label2\" content=\"Est. reading time\" \/>\n\t<meta name=\"twitter:data2\" content=\"1 minute\" \/>\n<script type=\"application\/ld+json\" class=\"yoast-schema-graph\">{\"@context\":\"https:\\\/\\\/schema.org\",\"@graph\":[{\"@type\":\"Article\",\"@id\":\"https:\\\/\\\/akunq.net\\\/tr\\\/?p=66466#article\",\"isPartOf\":{\"@id\":\"https:\\\/\\\/akunq.net\\\/tr\\\/?p=66466\"},\"author\":{\"name\":\"admin\",\"@id\":\"https:\\\/\\\/akunq.net\\\/tr\\\/#\\\/schema\\\/person\\\/096f1d38a12cce57fb855b485ed24c9e\"},\"headline\":\"Definecilerin talan etti\u011fi tarihi k\u00f6pr\u00fc, restore edilecek\",\"datePublished\":\"2021-12-29T08:22:14+00:00\",\"mainEntityOfPage\":{\"@id\":\"https:\\\/\\\/akunq.net\\\/tr\\\/?p=66466\"},\"wordCount\":286,\"commentCount\":0,\"image\":{\"@id\":\"https:\\\/\\\/akunq.net\\\/tr\\\/?p=66466#primaryimage\"},\"thumbnailUrl\":\"https:\\\/\\\/akunq.net\\\/tr\\\/wp-content\\\/uploads\\\/sites\\\/6\\\/2021\\\/12\\\/Definecilerin-talan-etti\u011fi-tarihi-k\u00f6pr\u00fc.jpg\",\"articleSection\":[\"Haberler\"],\"inLanguage\":\"en-US\",\"potentialAction\":[{\"@type\":\"CommentAction\",\"name\":\"Comment\",\"target\":[\"https:\\\/\\\/akunq.net\\\/tr\\\/?p=66466#respond\"]}]},{\"@type\":\"WebPage\",\"@id\":\"https:\\\/\\\/akunq.net\\\/tr\\\/?p=66466\",\"url\":\"https:\\\/\\\/akunq.net\\\/tr\\\/?p=66466\",\"name\":\"Definecilerin talan etti\u011fi tarihi k\u00f6pr\u00fc, restore edilecek - Bati Ermenistan Ve Bati Ermenileri Sorunlari Ara\u015ftirmalar Merkezi\",\"isPartOf\":{\"@id\":\"https:\\\/\\\/akunq.net\\\/tr\\\/#website\"},\"primaryImageOfPage\":{\"@id\":\"https:\\\/\\\/akunq.net\\\/tr\\\/?p=66466#primaryimage\"},\"image\":{\"@id\":\"https:\\\/\\\/akunq.net\\\/tr\\\/?p=66466#primaryimage\"},\"thumbnailUrl\":\"https:\\\/\\\/akunq.net\\\/tr\\\/wp-content\\\/uploads\\\/sites\\\/6\\\/2021\\\/12\\\/Definecilerin-talan-etti\u011fi-tarihi-k\u00f6pr\u00fc.jpg\",\"datePublished\":\"2021-12-29T08:22:14+00:00\",\"author\":{\"@id\":\"https:\\\/\\\/akunq.net\\\/tr\\\/#\\\/schema\\\/person\\\/096f1d38a12cce57fb855b485ed24c9e\"},\"breadcrumb\":{\"@id\":\"https:\\\/\\\/akunq.net\\\/tr\\\/?p=66466#breadcrumb\"},\"inLanguage\":\"en-US\",\"potentialAction\":[{\"@type\":\"ReadAction\",\"target\":[\"https:\\\/\\\/akunq.net\\\/tr\\\/?p=66466\"]}]},{\"@type\":\"ImageObject\",\"inLanguage\":\"en-US\",\"@id\":\"https:\\\/\\\/akunq.net\\\/tr\\\/?p=66466#primaryimage\",\"url\":\"https:\\\/\\\/akunq.net\\\/tr\\\/wp-content\\\/uploads\\\/sites\\\/6\\\/2021\\\/12\\\/Definecilerin-talan-etti\u011fi-tarihi-k\u00f6pr\u00fc.jpg\",\"contentUrl\":\"https:\\\/\\\/akunq.net\\\/tr\\\/wp-content\\\/uploads\\\/sites\\\/6\\\/2021\\\/12\\\/Definecilerin-talan-etti\u011fi-tarihi-k\u00f6pr\u00fc.jpg\",\"width\":730,\"height\":410},{\"@type\":\"BreadcrumbList\",\"@id\":\"https:\\\/\\\/akunq.net\\\/tr\\\/?p=66466#breadcrumb\",\"itemListElement\":[{\"@type\":\"ListItem\",\"position\":1,\"name\":\"Home\",\"item\":\"https:\\\/\\\/akunq.net\\\/tr\"},{\"@type\":\"ListItem\",\"position\":2,\"name\":\"Definecilerin talan etti\u011fi tarihi k\u00f6pr\u00fc, restore edilecek\"}]},{\"@type\":\"WebSite\",\"@id\":\"https:\\\/\\\/akunq.net\\\/tr\\\/#website\",\"url\":\"https:\\\/\\\/akunq.net\\\/tr\\\/\",\"name\":\"Bati Ermenistan Ve Bati Ermenileri Sorunlari Ara\u015ftirmalar Merkezi\",\"description\":\"\",\"potentialAction\":[{\"@type\":\"SearchAction\",\"target\":{\"@type\":\"EntryPoint\",\"urlTemplate\":\"https:\\\/\\\/akunq.net\\\/tr\\\/?s={search_term_string}\"},\"query-input\":{\"@type\":\"PropertyValueSpecification\",\"valueRequired\":true,\"valueName\":\"search_term_string\"}}],\"inLanguage\":\"en-US\"},{\"@type\":\"Person\",\"@id\":\"https:\\\/\\\/akunq.net\\\/tr\\\/#\\\/schema\\\/person\\\/096f1d38a12cce57fb855b485ed24c9e\",\"name\":\"admin\",\"url\":\"https:\\\/\\\/akunq.net\\\/tr\\\/?author=7\"}]}<\/script>\n<!-- \/ Yoast SEO plugin. -->","yoast_head_json":{"title":"Definecilerin talan etti\u011fi tarihi k\u00f6pr\u00fc, restore edilecek - Bati Ermenistan Ve Bati Ermenileri Sorunlari Ara\u015ftirmalar Merkezi","robots":{"index":"index","follow":"follow","max-snippet":"max-snippet:-1","max-image-preview":"max-image-preview:large","max-video-preview":"max-video-preview:-1"},"canonical":"https:\/\/akunq.net\/tr\/?p=66466","og_locale":"en_US","og_type":"article","og_title":"Definecilerin talan etti\u011fi tarihi k\u00f6pr\u00fc, restore edilecek - Bati Ermenistan Ve Bati Ermenileri Sorunlari Ara\u015ftirmalar Merkezi","og_description":"Denizli\u2019nin \u00c7al il\u00e7esi Day\u0131lar Mahallesi\u2019ne 2 kilometre uzakl\u0131kta, B\u00fcy\u00fck Menderes Nehri \u00fczerindeki Roma d\u00f6nemine ait tarihi \u0130pek Yolu\u2019nda bulunan ve teneke dolusu alt\u0131n oldu\u011fu inanc\u0131yla definecilerin talan etti\u011fi Tozlukara K\u00f6pr\u00fcs\u00fc restore edilecek. Ramazan \u00c7ET\u0130N\/ DEN\u0130ZL\u0130, (DHA) Roma d\u00f6neminde yap\u0131lan ve antik kentler Apamea, Eumenia, Peltea, Lounda, Mossyna, Hierapolis ile Laodikya ticaret yollar\u0131 \u00fczerindeki ge\u00e7i\u015fi sa\u011flayan [&hellip;]","og_url":"https:\/\/akunq.net\/tr\/?p=66466","og_site_name":"Bati Ermenistan Ve Bati Ermenileri Sorunlari Ara\u015ftirmalar Merkezi","article_published_time":"2021-12-29T08:22:14+00:00","og_image":[{"width":730,"height":410,"url":"https:\/\/akunq.net\/tr\/wp-content\/uploads\/sites\/6\/2021\/12\/Definecilerin-talan-etti\u011fi-tarihi-k\u00f6pr\u00fc.jpg","type":"image\/jpeg"}],"author":"admin","twitter_card":"summary_large_image","twitter_misc":{"Written by":"admin","Est. reading time":"1 minute"},"schema":{"@context":"https:\/\/schema.org","@graph":[{"@type":"Article","@id":"https:\/\/akunq.net\/tr\/?p=66466#article","isPartOf":{"@id":"https:\/\/akunq.net\/tr\/?p=66466"},"author":{"name":"admin","@id":"https:\/\/akunq.net\/tr\/#\/schema\/person\/096f1d38a12cce57fb855b485ed24c9e"},"headline":"Definecilerin talan etti\u011fi tarihi k\u00f6pr\u00fc, restore edilecek","datePublished":"2021-12-29T08:22:14+00:00","mainEntityOfPage":{"@id":"https:\/\/akunq.net\/tr\/?p=66466"},"wordCount":286,"commentCount":0,"image":{"@id":"https:\/\/akunq.net\/tr\/?p=66466#primaryimage"},"thumbnailUrl":"https:\/\/akunq.net\/tr\/wp-content\/uploads\/sites\/6\/2021\/12\/Definecilerin-talan-etti\u011fi-tarihi-k\u00f6pr\u00fc.jpg","articleSection":["Haberler"],"inLanguage":"en-US","potentialAction":[{"@type":"CommentAction","name":"Comment","target":["https:\/\/akunq.net\/tr\/?p=66466#respond"]}]},{"@type":"WebPage","@id":"https:\/\/akunq.net\/tr\/?p=66466","url":"https:\/\/akunq.net\/tr\/?p=66466","name":"Definecilerin talan etti\u011fi tarihi k\u00f6pr\u00fc, restore edilecek - Bati Ermenistan Ve Bati Ermenileri Sorunlari Ara\u015ftirmalar Merkezi","isPartOf":{"@id":"https:\/\/akunq.net\/tr\/#website"},"primaryImageOfPage":{"@id":"https:\/\/akunq.net\/tr\/?p=66466#primaryimage"},"image":{"@id":"https:\/\/akunq.net\/tr\/?p=66466#primaryimage"},"thumbnailUrl":"https:\/\/akunq.net\/tr\/wp-content\/uploads\/sites\/6\/2021\/12\/Definecilerin-talan-etti\u011fi-tarihi-k\u00f6pr\u00fc.jpg","datePublished":"2021-12-29T08:22:14+00:00","author":{"@id":"https:\/\/akunq.net\/tr\/#\/schema\/person\/096f1d38a12cce57fb855b485ed24c9e"},"breadcrumb":{"@id":"https:\/\/akunq.net\/tr\/?p=66466#breadcrumb"},"inLanguage":"en-US","potentialAction":[{"@type":"ReadAction","target":["https:\/\/akunq.net\/tr\/?p=66466"]}]},{"@type":"ImageObject","inLanguage":"en-US","@id":"https:\/\/akunq.net\/tr\/?p=66466#primaryimage","url":"https:\/\/akunq.net\/tr\/wp-content\/uploads\/sites\/6\/2021\/12\/Definecilerin-talan-etti\u011fi-tarihi-k\u00f6pr\u00fc.jpg","contentUrl":"https:\/\/akunq.net\/tr\/wp-content\/uploads\/sites\/6\/2021\/12\/Definecilerin-talan-etti\u011fi-tarihi-k\u00f6pr\u00fc.jpg","width":730,"height":410},{"@type":"BreadcrumbList","@id":"https:\/\/akunq.net\/tr\/?p=66466#breadcrumb","itemListElement":[{"@type":"ListItem","position":1,"name":"Home","item":"https:\/\/akunq.net\/tr"},{"@type":"ListItem","position":2,"name":"Definecilerin talan etti\u011fi tarihi k\u00f6pr\u00fc, restore edilecek"}]},{"@type":"WebSite","@id":"https:\/\/akunq.net\/tr\/#website","url":"https:\/\/akunq.net\/tr\/","name":"Bati Ermenistan Ve Bati Ermenileri Sorunlari Ara\u015ftirmalar Merkezi","description":"","potentialAction":[{"@type":"SearchAction","target":{"@type":"EntryPoint","urlTemplate":"https:\/\/akunq.net\/tr\/?s={search_term_string}"},"query-input":{"@type":"PropertyValueSpecification","valueRequired":true,"valueName":"search_term_string"}}],"inLanguage":"en-US"},{"@type":"Person","@id":"https:\/\/akunq.net\/tr\/#\/schema\/person\/096f1d38a12cce57fb855b485ed24c9e","name":"admin","url":"https:\/\/akunq.net\/tr\/?author=7"}]}},"_links":{"self":[{"href":"https:\/\/akunq.net\/tr\/index.php?rest_route=\/wp\/v2\/posts\/66466","targetHints":{"allow":["GET"]}}],"collection":[{"href":"https:\/\/akunq.net\/tr\/index.php?rest_route=\/wp\/v2\/posts"}],"about":[{"href":"https:\/\/akunq.net\/tr\/index.php?rest_route=\/wp\/v2\/types\/post"}],"author":[{"embeddable":true,"href":"https:\/\/akunq.net\/tr\/index.php?rest_route=\/wp\/v2\/users\/7"}],"replies":[{"embeddable":true,"href":"https:\/\/akunq.net\/tr\/index.php?rest_route=%2Fwp%2Fv2%2Fcomments&post=66466"}],"version-history":[{"count":1,"href":"https:\/\/akunq.net\/tr\/index.php?rest_route=\/wp\/v2\/posts\/66466\/revisions"}],"predecessor-version":[{"id":66468,"href":"https:\/\/akunq.net\/tr\/index.php?rest_route=\/wp\/v2\/posts\/66466\/revisions\/66468"}],"wp:featuredmedia":[{"embeddable":true,"href":"https:\/\/akunq.net\/tr\/index.php?rest_route=\/wp\/v2\/media\/66467"}],"wp:attachment":[{"href":"https:\/\/akunq.net\/tr\/index.php?rest_route=%2Fwp%2Fv2%2Fmedia&parent=66466"}],"wp:term":[{"taxonomy":"category","embeddable":true,"href":"https:\/\/akunq.net\/tr\/index.php?rest_route=%2Fwp%2Fv2%2Fcategories&post=66466"},{"taxonomy":"post_tag","embeddable":true,"href":"https:\/\/akunq.net\/tr\/index.php?rest_route=%2Fwp%2Fv2%2Ftags&post=66466"}],"curies":[{"name":"wp","href":"https:\/\/api.w.org\/{rel}","templated":true}]}}