{"id":66426,"date":"2021-12-27T03:34:01","date_gmt":"2021-12-27T08:34:01","guid":{"rendered":"https:\/\/akunq.net\/tr\/?p=66426"},"modified":"2021-12-27T03:34:01","modified_gmt":"2021-12-27T08:34:01","slug":"evin-altinda-7nci-yuzyila-ait-sinagog-bulundu","status":"publish","type":"post","link":"https:\/\/akunq.net\/tr\/?p=66426","title":{"rendered":"Evin alt\u0131nda 7\u2019nci y\u00fczy\u0131la ait sinagog bulundu"},"content":{"rendered":"<p><img loading=\"lazy\" decoding=\"async\" class=\"aligncenter size-medium wp-image-66427\" src=\"https:\/\/akunq.net\/tr\/wp-content\/uploads\/2021\/12\/7\u2019NC\u0130-Y\u00dcZYILA-A\u0130T-S\u0130NAGOG-360x203.jpeg\" alt=\"\" width=\"360\" height=\"203\" srcset=\"https:\/\/akunq.net\/tr\/wp-content\/uploads\/sites\/6\/2021\/12\/7\u2019NC\u0130-Y\u00dcZYILA-A\u0130T-S\u0130NAGOG-360x203.jpeg 360w, https:\/\/akunq.net\/tr\/wp-content\/uploads\/sites\/6\/2021\/12\/7\u2019NC\u0130-Y\u00dcZYILA-A\u0130T-S\u0130NAGOG-560x315.jpeg 560w, https:\/\/akunq.net\/tr\/wp-content\/uploads\/sites\/6\/2021\/12\/7\u2019NC\u0130-Y\u00dcZYILA-A\u0130T-S\u0130NAGOG-260x146.jpeg 260w, https:\/\/akunq.net\/tr\/wp-content\/uploads\/sites\/6\/2021\/12\/7\u2019NC\u0130-Y\u00dcZYILA-A\u0130T-S\u0130NAGOG-160x90.jpeg 160w, https:\/\/akunq.net\/tr\/wp-content\/uploads\/sites\/6\/2021\/12\/7\u2019NC\u0130-Y\u00dcZYILA-A\u0130T-S\u0130NAGOG.jpeg 599w\" sizes=\"auto, (max-width: 360px) 100vw, 360px\" \/><\/p>\n<p id=\"spot\"><em><strong>ANTALYA\u2019n\u0131n Manavgat il\u00e7esine ba\u011fl\u0131 Side b\u00f6lgesinde yap\u0131lan arkeolojik kaz\u0131larda, farkl\u0131 medeniyetlere ait izler g\u00fcn y\u00fcz\u00fcne \u00e7\u0131kar\u0131l\u0131yor.<\/strong><\/em><\/p>\n<p>ANTALYA\u2019n\u0131n\u00a0<a href=\"https:\/\/www.sondakika.com\/manavgat\/\">Manavgat<\/a>\u00a0il\u00e7esine ba\u011fl\u0131\u00a0<a href=\"https:\/\/www.sondakika.com\/side\/\">Side<\/a>\u00a0b\u00f6lgesinde yap\u0131lan arkeolojik kaz\u0131larda, farkl\u0131 medeniyetlere ait izler g\u00fcn y\u00fcz\u00fcne \u00e7\u0131kar\u0131l\u0131yor. Kaz\u0131larda son olarak bir evin alt\u0131nda 7\u2019nci y\u00fczy\u0131la ait sinagog bulundu. Sinagogun ortas\u0131nda yer alan yaz\u0131tta, Yahudi bir baban\u0131n 2,5 ya\u015f\u0131nda \u00f6len o\u011flu i\u00e7in ibadethanenin tadilat masraf\u0131n\u0131 kar\u015f\u0131lad\u0131\u011f\u0131 tespit edildi.<\/p>\n<p>Antik d\u00f6nem Pamfilya\u2019n\u0131n \u00f6nemli liman kentlerinden biri olan ve \u00e7ok say\u0131da medeniyete ev sahipli\u011fi yapan Side\u2019de, arkeolojik kaz\u0131 \u00e7al\u0131\u015fmalar\u0131 s\u00fcr\u00fcyor. Kaz\u0131lar\u0131n h\u0131z kazanmas\u0131 2014 y\u0131l\u0131nda alan\u0131n 1\u2019inci derece sit alan\u0131ndan kentsel ve 3\u2019\u00fcnc\u00fc derece arkeolojik sit alan\u0131na \u00e7evrilmesi ile oldu. B\u00f6lgedeki ka\u00e7ak yap\u0131lar\u0131n y\u0131k\u0131lmas\u0131 ile tarihi yap\u0131lar tek tek ortaya \u00e7\u0131kar\u0131lmaya ba\u015fland\u0131. Kaz\u0131lar\u0131n ard\u0131ndan tarihi yap\u0131lar\u0131n hangi d\u00f6neme ait olduklar\u0131 bilimsel \u00e7al\u0131\u015fma ile belirleniyor.<\/p>\n<p><strong>YEN\u0130 YAPILA\u015eMA \u00d6NCES\u0130 B\u0130L\u0130MSEL RAPOR<\/strong><\/p>\n<p>\u0130lgili parseldeki kaz\u0131 \u00e7al\u0131\u015fmalar\u0131 ve bilimsel sonu\u00e7lar, rapor halinde K\u00fclt\u00fcr Varl\u0131klar\u0131 ve M\u00fczeler Genel M\u00fcd\u00fcrl\u00fc\u011f\u00fc ile\u00a0<a href=\"https:\/\/www.sondakika.com\/antalya\/\">Antalya<\/a>\u00a0K\u00fclt\u00fcr Varl\u0131klar\u0131n\u0131 Koruma B\u00f6lge Kurulu\u2019na sunuluyor. Daha sonra parselde yeni yap\u0131la\u015fma i\u00e7in temel aplikasyon projeleri haz\u0131rlanarak koruma kuruluna iletiliyor. Kurul yeni yap\u0131la\u015fman\u0131n tarihi kal\u0131nt\u0131lara zarar vermeyecek \u015fekilde haz\u0131rland\u0131\u011f\u0131n\u0131 onaylad\u0131ktan sonra \u00e7al\u0131\u015fmalara ba\u015flanabiliyor. Parselde sergilenmesi gerekli olan alanlar tespit edildikten sonra cam paneller ile koruma alt\u0131na al\u0131n\u0131p, \u0131\u015f\u0131kland\u0131r\u0131l\u0131yor. B\u00f6ylece alan, a\u00e7\u0131k hava m\u00fczesi haline geliyor. Cam tabakan\u0131n nemlenip, tarihi yap\u0131ya zarar vermemesi i\u00e7in de \u00e7e\u015fitli havaland\u0131rma sistemleri kullan\u0131l\u0131yor.<\/p>\n<p><strong>S\u0130DE\u2019DE SEL\u00c7UKLU \u0130ZLER\u0130 BULUNDU<\/strong><\/p>\n<p>35 ki\u015filik ekibiyle alandaki kaz\u0131 \u00e7al\u0131\u015fmalar\u0131n\u0131 takip eden Kaz\u0131 Ba\u015fkan\u0131\u00a0<a href=\"https:\/\/www.sondakika.com\/anadolu-universitesi\/\">Anadolu \u00dcniversitesi<\/a>\u00a0Klasik\u00a0<a href=\"https:\/\/www.sondakika.com\/arkeoloji\/\">Arkeoloji<\/a>\u00a0Anabilim Dal\u0131 \u00d6\u011fretim \u00dcyesi Prof. Dr. Feri\u015ftah Alanyal\u0131, \u00f6zel m\u00fclkiyetteki parsellerle \u00e7al\u0131\u015fmaya ba\u015flad\u0131klar\u0131n\u0131 s\u00f6yledi. 19\u2019uncu y\u00fczy\u0131l\u0131n ba\u015f\u0131ndan beri koruma sorunlar\u0131 olan Side\u2019yi devlet ve vatanda\u015f birlikte hareket ederek sorunu \u00e7\u00f6zmeye ba\u015flad\u0131klar\u0131n\u0131 anlatan Prof. Dr. Alanyal\u0131, \u201c\u015eimdiye kadar yap\u0131lamayan bir\u00e7ok i\u015f yap\u0131ld\u0131. 7\u2019nci y\u00fczy\u0131ldan itibaren bu alan tamamen terk edilmi\u015f. Kaz\u0131larda\u00a0<a href=\"https:\/\/www.sondakika.com\/selcuklu\/\">Sel\u00e7uklu<\/a>\u00a0izlerine de rastlad\u0131k. Daha \u00f6nce b\u00f6yle bir iz bulunmam\u0131\u015ft\u0131. Kaz\u0131larda 13\u2019\u00fcnc\u00fc y\u00fczy\u0131la ait Sel\u00e7uklu sikkeleri bulduk. Sel\u00e7uklular bir askeri garnizon kurup, g\u00f6zetim alt\u0131nda tutmu\u015flar buralar\u0131\u201d dedi.<\/p>\n<p>19\u2019uncu y\u00fczy\u0131lda liman ve \u00e7evresinin bir batakl\u0131k oldu\u011funu ve tarihte bu alana yerle\u015ftirilenlerin s\u0131tma nedeniyle ya\u015fam\u0131n\u0131 yitirdi\u011fini ifade eden Prof. Dr. Alanyal\u0131, Osmanl\u0131 d\u00f6neminde kaybedilen Kafkaslar,\u00a0<a href=\"https:\/\/www.sondakika.com\/balkanlar\/\">Balkanlar<\/a>\u00a0ve\u00a0<a href=\"https:\/\/www.sondakika.com\/ege\/\">Ege<\/a>\u00a0adalar\u0131ndan gelenlerin Side\u2019ye yerle\u015ftirildi\u011fini s\u00f6yledi.<\/p>\n<p><strong>\u20181\u2019\u0130NC\u0130 DERECE S\u0130T ALANI DA OLSA KORUNAMADI\u2019<\/strong><\/p>\n<p>As\u0131l tahribat\u0131n 1960\u2019l\u0131 y\u0131llarda turizmin ba\u015flamas\u0131yla meydana geldi\u011fini vurgulayan Prof. Dr. Alanyal\u0131, o y\u0131llarda herkesin turizm i\u00e7in konaklama tesisleri yapmaya ba\u015flad\u0131\u011f\u0131n\u0131 ve Side\u2019nin plans\u0131z \u015fekilde geli\u015fti\u011fini s\u00f6yledi. Vatanda\u015flar\u0131n kendilerine tan\u0131nan kanuni s\u0131n\u0131rlar\u0131 a\u015ft\u0131\u011f\u0131n\u0131 da belirten Prof. Dr. Alanyal\u0131, \u015f\u00f6yle konu\u015ftu:<\/p>\n<p>\u201cSide\u2019de 100 metrekarelik parsellere 110 metrekare yap\u0131 kurulmu\u015f. Ka\u00e7aklarla doluydu. 2014 y\u0131l\u0131 Side\u2019nin ara\u015ft\u0131rma ve koruma anlam\u0131nda d\u00f6n\u00fcm noktas\u0131d\u0131r. Vatanda\u015f buna katk\u0131 sunuyor. Vatanda\u015f y\u0131k\u0131m\u0131 yap\u0131yor, kaz\u0131lar\u0131 ger\u00e7ekle\u015ftiriyor. Koruma kurulunun uygun g\u00f6rd\u00fc\u011f\u00fc s\u0131n\u0131rlara \u00e7ekiliyor. 100 metrekarelik alan\u0131n 30 metrekaresine yapabiliyorsa in\u015faat\u0131n\u0131 o kadar\u0131na yapt\u0131. \u015eu anda \u00e7ok g\u00fczel bir s\u00fcre\u00e7 var. \u00d6nceden bu binalar\u0131n alt\u0131nda ne oldu\u011funu bilmiyorduk. Yap\u0131lan kaz\u0131larla Aphrodite Kutsal Alan\u0131, Pretoryum, Liman Agoras\u0131, s\u00fctunlu caddeler,\u00a0<a href=\"https:\/\/www.sondakika.com\/athena\/\">Athena<\/a>\u00a0ve Apollon kutsal alan\u0131nda M.\u00d6. 6\u2019nc\u0131 y\u00fczy\u0131ldan kalma k\u00fclt yap\u0131lar ile \u00e7ok say\u0131da konut a\u00e7\u0131\u011fa \u00e7\u0131kar\u0131ld\u0131.\u201d<\/p>\n<p><strong>\u2018S\u0130NAGOGLARIN BULUNMASI B\u0130RAZ ZAMAN ALIYOR\u2019<\/strong><\/p>\n<p>Yahudilerin Side b\u00f6lgesinde ya\u015fad\u0131\u011f\u0131na dair tarihi kaynaklar oldu\u011funun bilindi\u011fini, ancak elle tutulur ilk bulgunun yine bu kaz\u0131larda ortaya \u00e7\u0131kt\u0131\u011f\u0131n\u0131 anlatan Prof. Dr. Feri\u015ftah Alanyal\u0131, 7\u2019nci y\u00fczy\u0131la ait singog bulduklar\u0131n\u0131 belirterek, \u201cBir evin alt\u0131ndan sinagog \u00e7\u0131kard\u0131k. Sinagoglar, kilise ve camiler gibi belirgin de\u011fil. Bulunmas\u0131 biraz zaman al\u0131yor. Sinagog, bug\u00fcnlerde sergilenir hale geldi. Ortas\u0131nda bir yaz\u0131t var. Orada \u2018Korekesionlu (Alanyal\u0131) Joseph, o\u011flu Daniel i\u00e7in adad\u0131\u2019 yaz\u0131yor. Daniel 2,5 ya\u015f\u0131nda hayat\u0131n\u0131 kaybeden bir bebek. Joseph o\u011flunun an\u0131s\u0131na sinagogun o d\u00f6nem tadilat\u0131n\u0131 kesesinden kar\u015f\u0131l\u0131yor ve Daniel\u2019e ad\u0131yor\u201d dedi.<\/p>\n<p><strong>\u2018YIKILAN YAPILAR RUHSATLI HALE GET\u0130R\u0130LD\u0130\u2019<\/strong><\/p>\n<p>90\u2019a yak\u0131n parselde kaz\u0131lar\u0131n y\u00fcr\u00fct\u00fcld\u00fc\u011f\u00fcn\u00fc belirten Prof. Dr. Alanyal\u0131, bir bu kadar daha kaz\u0131 yap\u0131lmas\u0131 gerekti\u011fini s\u00f6yledi. 4-5 y\u0131l i\u00e7inde Side\u2019deki ka\u00e7ak yap\u0131lar\u0131n tamamen kald\u0131r\u0131laca\u011f\u0131n\u0131 ve alttaki tarihin ortaya \u00e7\u0131kart\u0131laca\u011f\u0131n\u0131 belirten Prof. Dr. Alanyal\u0131, \u201d\u00a0<a href=\"https:\/\/www.sondakika.com\/turkiye-2\/\">T\u00fcrkiye<\/a>\u2018nin k\u00f6t\u00fc bir y\u00fcz\u00fcyd\u00fc buras\u0131. Bundan sonra hak etti\u011fi yere gelece\u011fini d\u00fc\u015f\u00fcn\u00fcyorum. Y\u0131k\u0131lan yap\u0131lar, ruhsatl\u0131 hale getirildi. Side hem planl\u0131 hem de tarihi bir \u015fehir olarak ya\u015fam\u0131na devam edecek. D\u00fcnyada \u00f6rnekleri var.\u00a0<a href=\"https:\/\/www.sondakika.com\/roma\/\">Roma<\/a>\u00a0mesela. Hem modern \u015fehir hem tarihi i\u00e7 i\u00e7e\u201d diye konu\u015ftu.<\/p>\n<figure class=\"wp-block-image\"><img decoding=\"async\" src=\"https:\/\/i2.wp.com\/foto.sondakika.com\/haber\/2021\/12\/24\/evin-altinda-7-nci-yuzyila-ait-sinagog-bulund-2-14620931_osd.jpg?ssl=1\" alt=\"EV\u0130N ALTINDA 7'NC\u0130 Y\u00dcZYILA A\u0130T S\u0130NAGOG BULUNDU\" data-recalc-dims=\"1\" \/><\/figure>\n<figure class=\"wp-block-image\"><img decoding=\"async\" src=\"https:\/\/i2.wp.com\/foto.sondakika.com\/haber\/2021\/12\/24\/evin-altinda-7-nci-yuzyila-ait-sinagog-bulund-3-14620931_osd.jpg?ssl=1\" alt=\"EV\u0130N ALTINDA 7'NC\u0130 Y\u00dcZYILA A\u0130T S\u0130NAGOG BULUNDU\" data-recalc-dims=\"1\" \/><\/figure>\n<figure class=\"wp-block-image\"><img decoding=\"async\" src=\"https:\/\/i2.wp.com\/foto.sondakika.com\/haber\/2021\/12\/24\/evin-altinda-7-nci-yuzyila-ait-sinagog-bulund-4-14620931_osd.jpg?ssl=1\" alt=\"EV\u0130N ALTINDA 7'NC\u0130 Y\u00dcZYILA A\u0130T S\u0130NAGOG BULUNDU\" data-recalc-dims=\"1\" \/><\/figure>\n<figure class=\"wp-block-image\"><img decoding=\"async\" src=\"https:\/\/i1.wp.com\/foto.sondakika.com\/haber\/2021\/12\/24\/evin-altinda-7-nci-yuzyila-ait-sinagog-bulund-5-14620931_osd.jpg?ssl=1\" alt=\"EV\u0130N ALTINDA 7'NC\u0130 Y\u00dcZYILA A\u0130T S\u0130NAGOG BULUNDU\" data-recalc-dims=\"1\" \/><\/figure>\n<figure class=\"wp-block-image\"><img decoding=\"async\" src=\"https:\/\/i2.wp.com\/foto.sondakika.com\/haber\/2021\/12\/24\/evin-altinda-7-nci-yuzyila-ait-sinagog-bulund-6-14620931_osd.jpg?ssl=1\" alt=\"EV\u0130N ALTINDA 7'NC\u0130 Y\u00dcZYILA A\u0130T S\u0130NAGOG BULUNDU\" data-recalc-dims=\"1\" \/><\/figure>\n<p><em><strong>Kaynak: DHA\u00a0<\/strong><\/em><\/p>\n<p><em><strong><a href=\"https:\/\/www.sondakika.com\/haber\/haber-yaklasik-1-aydir-kayip-olan-lise-ogrencisi-14624422\/\">https:\/\/www.sondakika.com\/haber\/haber-yaklasik-1-aydir-kayip-olan-lise-ogrencisi-14624422\/<\/a>\u00a0<\/strong><\/em><\/p>\n","protected":false},"excerpt":{"rendered":"<p>ANTALYA\u2019n\u0131n Manavgat il\u00e7esine ba\u011fl\u0131 Side b\u00f6lgesinde yap\u0131lan arkeolojik kaz\u0131larda, farkl\u0131 medeniyetlere ait izler g\u00fcn y\u00fcz\u00fcne \u00e7\u0131kar\u0131l\u0131yor. ANTALYA\u2019n\u0131n\u00a0Manavgat\u00a0il\u00e7esine ba\u011fl\u0131\u00a0Side\u00a0b\u00f6lgesinde yap\u0131lan arkeolojik kaz\u0131larda, farkl\u0131 medeniyetlere ait izler g\u00fcn y\u00fcz\u00fcne \u00e7\u0131kar\u0131l\u0131yor. Kaz\u0131larda son olarak bir evin alt\u0131nda 7\u2019nci y\u00fczy\u0131la ait sinagog bulundu. Sinagogun ortas\u0131nda yer alan yaz\u0131tta, Yahudi bir baban\u0131n 2,5 ya\u015f\u0131nda \u00f6len o\u011flu i\u00e7in ibadethanenin tadilat masraf\u0131n\u0131 [&hellip;]<\/p>\n","protected":false},"author":7,"featured_media":66427,"comment_status":"open","ping_status":"open","sticky":false,"template":"","format":"standard","meta":{"footnotes":""},"categories":[1],"tags":[],"class_list":["post-66426","post","type-post","status-publish","format-standard","has-post-thumbnail","hentry","category-haberler"],"yoast_head":"<!-- This site is optimized with the Yoast SEO plugin v27.4 - https:\/\/yoast.com\/product\/yoast-seo-wordpress\/ -->\n<title>Evin alt\u0131nda 7\u2019nci y\u00fczy\u0131la ait sinagog bulundu - Bati Ermenistan Ve Bati Ermenileri Sorunlari Ara\u015ftirmalar Merkezi<\/title>\n<meta name=\"robots\" content=\"index, follow, max-snippet:-1, max-image-preview:large, max-video-preview:-1\" \/>\n<link rel=\"canonical\" href=\"https:\/\/akunq.net\/tr\/?p=66426\" \/>\n<meta property=\"og:locale\" content=\"en_US\" \/>\n<meta property=\"og:type\" content=\"article\" \/>\n<meta property=\"og:title\" content=\"Evin alt\u0131nda 7\u2019nci y\u00fczy\u0131la ait sinagog bulundu - Bati Ermenistan Ve Bati Ermenileri Sorunlari Ara\u015ftirmalar Merkezi\" \/>\n<meta property=\"og:description\" content=\"ANTALYA\u2019n\u0131n Manavgat il\u00e7esine ba\u011fl\u0131 Side b\u00f6lgesinde yap\u0131lan arkeolojik kaz\u0131larda, farkl\u0131 medeniyetlere ait izler g\u00fcn y\u00fcz\u00fcne \u00e7\u0131kar\u0131l\u0131yor. ANTALYA\u2019n\u0131n\u00a0Manavgat\u00a0il\u00e7esine ba\u011fl\u0131\u00a0Side\u00a0b\u00f6lgesinde yap\u0131lan arkeolojik kaz\u0131larda, farkl\u0131 medeniyetlere ait izler g\u00fcn y\u00fcz\u00fcne \u00e7\u0131kar\u0131l\u0131yor. Kaz\u0131larda son olarak bir evin alt\u0131nda 7\u2019nci y\u00fczy\u0131la ait sinagog bulundu. Sinagogun ortas\u0131nda yer alan yaz\u0131tta, Yahudi bir baban\u0131n 2,5 ya\u015f\u0131nda \u00f6len o\u011flu i\u00e7in ibadethanenin tadilat masraf\u0131n\u0131 [&hellip;]\" \/>\n<meta property=\"og:url\" content=\"https:\/\/akunq.net\/tr\/?p=66426\" \/>\n<meta property=\"og:site_name\" content=\"Bati Ermenistan Ve Bati Ermenileri Sorunlari Ara\u015ftirmalar Merkezi\" \/>\n<meta property=\"article:published_time\" content=\"2021-12-27T08:34:01+00:00\" \/>\n<meta property=\"og:image\" content=\"https:\/\/akunq.net\/tr\/wp-content\/uploads\/sites\/6\/2021\/12\/7\u2019NC\u0130-Y\u00dcZYILA-A\u0130T-S\u0130NAGOG.jpeg\" \/>\n\t<meta property=\"og:image:width\" content=\"599\" \/>\n\t<meta property=\"og:image:height\" content=\"337\" \/>\n\t<meta property=\"og:image:type\" content=\"image\/jpeg\" \/>\n<meta name=\"author\" content=\"admin\" \/>\n<meta name=\"twitter:card\" content=\"summary_large_image\" \/>\n<meta name=\"twitter:label1\" content=\"Written by\" \/>\n\t<meta name=\"twitter:data1\" content=\"admin\" \/>\n\t<meta name=\"twitter:label2\" content=\"Est. reading time\" \/>\n\t<meta name=\"twitter:data2\" content=\"5 minutes\" \/>\n<script type=\"application\/ld+json\" class=\"yoast-schema-graph\">{\"@context\":\"https:\\\/\\\/schema.org\",\"@graph\":[{\"@type\":\"Article\",\"@id\":\"https:\\\/\\\/akunq.net\\\/tr\\\/?p=66426#article\",\"isPartOf\":{\"@id\":\"https:\\\/\\\/akunq.net\\\/tr\\\/?p=66426\"},\"author\":{\"name\":\"admin\",\"@id\":\"https:\\\/\\\/akunq.net\\\/tr\\\/#\\\/schema\\\/person\\\/096f1d38a12cce57fb855b485ed24c9e\"},\"headline\":\"Evin alt\u0131nda 7\u2019nci y\u00fczy\u0131la ait sinagog bulundu\",\"datePublished\":\"2021-12-27T08:34:01+00:00\",\"mainEntityOfPage\":{\"@id\":\"https:\\\/\\\/akunq.net\\\/tr\\\/?p=66426\"},\"wordCount\":966,\"commentCount\":0,\"image\":{\"@id\":\"https:\\\/\\\/akunq.net\\\/tr\\\/?p=66426#primaryimage\"},\"thumbnailUrl\":\"https:\\\/\\\/akunq.net\\\/tr\\\/wp-content\\\/uploads\\\/sites\\\/6\\\/2021\\\/12\\\/7\u2019NC\u0130-Y\u00dcZYILA-A\u0130T-S\u0130NAGOG.jpeg\",\"articleSection\":[\"Haberler\"],\"inLanguage\":\"en-US\",\"potentialAction\":[{\"@type\":\"CommentAction\",\"name\":\"Comment\",\"target\":[\"https:\\\/\\\/akunq.net\\\/tr\\\/?p=66426#respond\"]}]},{\"@type\":\"WebPage\",\"@id\":\"https:\\\/\\\/akunq.net\\\/tr\\\/?p=66426\",\"url\":\"https:\\\/\\\/akunq.net\\\/tr\\\/?p=66426\",\"name\":\"Evin alt\u0131nda 7\u2019nci y\u00fczy\u0131la ait sinagog bulundu - Bati Ermenistan Ve Bati Ermenileri Sorunlari Ara\u015ftirmalar Merkezi\",\"isPartOf\":{\"@id\":\"https:\\\/\\\/akunq.net\\\/tr\\\/#website\"},\"primaryImageOfPage\":{\"@id\":\"https:\\\/\\\/akunq.net\\\/tr\\\/?p=66426#primaryimage\"},\"image\":{\"@id\":\"https:\\\/\\\/akunq.net\\\/tr\\\/?p=66426#primaryimage\"},\"thumbnailUrl\":\"https:\\\/\\\/akunq.net\\\/tr\\\/wp-content\\\/uploads\\\/sites\\\/6\\\/2021\\\/12\\\/7\u2019NC\u0130-Y\u00dcZYILA-A\u0130T-S\u0130NAGOG.jpeg\",\"datePublished\":\"2021-12-27T08:34:01+00:00\",\"author\":{\"@id\":\"https:\\\/\\\/akunq.net\\\/tr\\\/#\\\/schema\\\/person\\\/096f1d38a12cce57fb855b485ed24c9e\"},\"breadcrumb\":{\"@id\":\"https:\\\/\\\/akunq.net\\\/tr\\\/?p=66426#breadcrumb\"},\"inLanguage\":\"en-US\",\"potentialAction\":[{\"@type\":\"ReadAction\",\"target\":[\"https:\\\/\\\/akunq.net\\\/tr\\\/?p=66426\"]}]},{\"@type\":\"ImageObject\",\"inLanguage\":\"en-US\",\"@id\":\"https:\\\/\\\/akunq.net\\\/tr\\\/?p=66426#primaryimage\",\"url\":\"https:\\\/\\\/akunq.net\\\/tr\\\/wp-content\\\/uploads\\\/sites\\\/6\\\/2021\\\/12\\\/7\u2019NC\u0130-Y\u00dcZYILA-A\u0130T-S\u0130NAGOG.jpeg\",\"contentUrl\":\"https:\\\/\\\/akunq.net\\\/tr\\\/wp-content\\\/uploads\\\/sites\\\/6\\\/2021\\\/12\\\/7\u2019NC\u0130-Y\u00dcZYILA-A\u0130T-S\u0130NAGOG.jpeg\",\"width\":599,\"height\":337},{\"@type\":\"BreadcrumbList\",\"@id\":\"https:\\\/\\\/akunq.net\\\/tr\\\/?p=66426#breadcrumb\",\"itemListElement\":[{\"@type\":\"ListItem\",\"position\":1,\"name\":\"Home\",\"item\":\"https:\\\/\\\/akunq.net\\\/tr\"},{\"@type\":\"ListItem\",\"position\":2,\"name\":\"Evin alt\u0131nda 7\u2019nci y\u00fczy\u0131la ait sinagog bulundu\"}]},{\"@type\":\"WebSite\",\"@id\":\"https:\\\/\\\/akunq.net\\\/tr\\\/#website\",\"url\":\"https:\\\/\\\/akunq.net\\\/tr\\\/\",\"name\":\"Bati Ermenistan Ve Bati Ermenileri Sorunlari Ara\u015ftirmalar Merkezi\",\"description\":\"\",\"potentialAction\":[{\"@type\":\"SearchAction\",\"target\":{\"@type\":\"EntryPoint\",\"urlTemplate\":\"https:\\\/\\\/akunq.net\\\/tr\\\/?s={search_term_string}\"},\"query-input\":{\"@type\":\"PropertyValueSpecification\",\"valueRequired\":true,\"valueName\":\"search_term_string\"}}],\"inLanguage\":\"en-US\"},{\"@type\":\"Person\",\"@id\":\"https:\\\/\\\/akunq.net\\\/tr\\\/#\\\/schema\\\/person\\\/096f1d38a12cce57fb855b485ed24c9e\",\"name\":\"admin\",\"url\":\"https:\\\/\\\/akunq.net\\\/tr\\\/?author=7\"}]}<\/script>\n<!-- \/ Yoast SEO plugin. -->","yoast_head_json":{"title":"Evin alt\u0131nda 7\u2019nci y\u00fczy\u0131la ait sinagog bulundu - Bati Ermenistan Ve Bati Ermenileri Sorunlari Ara\u015ftirmalar Merkezi","robots":{"index":"index","follow":"follow","max-snippet":"max-snippet:-1","max-image-preview":"max-image-preview:large","max-video-preview":"max-video-preview:-1"},"canonical":"https:\/\/akunq.net\/tr\/?p=66426","og_locale":"en_US","og_type":"article","og_title":"Evin alt\u0131nda 7\u2019nci y\u00fczy\u0131la ait sinagog bulundu - Bati Ermenistan Ve Bati Ermenileri Sorunlari Ara\u015ftirmalar Merkezi","og_description":"ANTALYA\u2019n\u0131n Manavgat il\u00e7esine ba\u011fl\u0131 Side b\u00f6lgesinde yap\u0131lan arkeolojik kaz\u0131larda, farkl\u0131 medeniyetlere ait izler g\u00fcn y\u00fcz\u00fcne \u00e7\u0131kar\u0131l\u0131yor. ANTALYA\u2019n\u0131n\u00a0Manavgat\u00a0il\u00e7esine ba\u011fl\u0131\u00a0Side\u00a0b\u00f6lgesinde yap\u0131lan arkeolojik kaz\u0131larda, farkl\u0131 medeniyetlere ait izler g\u00fcn y\u00fcz\u00fcne \u00e7\u0131kar\u0131l\u0131yor. Kaz\u0131larda son olarak bir evin alt\u0131nda 7\u2019nci y\u00fczy\u0131la ait sinagog bulundu. Sinagogun ortas\u0131nda yer alan yaz\u0131tta, Yahudi bir baban\u0131n 2,5 ya\u015f\u0131nda \u00f6len o\u011flu i\u00e7in ibadethanenin tadilat masraf\u0131n\u0131 [&hellip;]","og_url":"https:\/\/akunq.net\/tr\/?p=66426","og_site_name":"Bati Ermenistan Ve Bati Ermenileri Sorunlari Ara\u015ftirmalar Merkezi","article_published_time":"2021-12-27T08:34:01+00:00","og_image":[{"width":599,"height":337,"url":"https:\/\/akunq.net\/tr\/wp-content\/uploads\/sites\/6\/2021\/12\/7\u2019NC\u0130-Y\u00dcZYILA-A\u0130T-S\u0130NAGOG.jpeg","type":"image\/jpeg"}],"author":"admin","twitter_card":"summary_large_image","twitter_misc":{"Written by":"admin","Est. reading time":"5 minutes"},"schema":{"@context":"https:\/\/schema.org","@graph":[{"@type":"Article","@id":"https:\/\/akunq.net\/tr\/?p=66426#article","isPartOf":{"@id":"https:\/\/akunq.net\/tr\/?p=66426"},"author":{"name":"admin","@id":"https:\/\/akunq.net\/tr\/#\/schema\/person\/096f1d38a12cce57fb855b485ed24c9e"},"headline":"Evin alt\u0131nda 7\u2019nci y\u00fczy\u0131la ait sinagog bulundu","datePublished":"2021-12-27T08:34:01+00:00","mainEntityOfPage":{"@id":"https:\/\/akunq.net\/tr\/?p=66426"},"wordCount":966,"commentCount":0,"image":{"@id":"https:\/\/akunq.net\/tr\/?p=66426#primaryimage"},"thumbnailUrl":"https:\/\/akunq.net\/tr\/wp-content\/uploads\/sites\/6\/2021\/12\/7\u2019NC\u0130-Y\u00dcZYILA-A\u0130T-S\u0130NAGOG.jpeg","articleSection":["Haberler"],"inLanguage":"en-US","potentialAction":[{"@type":"CommentAction","name":"Comment","target":["https:\/\/akunq.net\/tr\/?p=66426#respond"]}]},{"@type":"WebPage","@id":"https:\/\/akunq.net\/tr\/?p=66426","url":"https:\/\/akunq.net\/tr\/?p=66426","name":"Evin alt\u0131nda 7\u2019nci y\u00fczy\u0131la ait sinagog bulundu - Bati Ermenistan Ve Bati Ermenileri Sorunlari Ara\u015ftirmalar Merkezi","isPartOf":{"@id":"https:\/\/akunq.net\/tr\/#website"},"primaryImageOfPage":{"@id":"https:\/\/akunq.net\/tr\/?p=66426#primaryimage"},"image":{"@id":"https:\/\/akunq.net\/tr\/?p=66426#primaryimage"},"thumbnailUrl":"https:\/\/akunq.net\/tr\/wp-content\/uploads\/sites\/6\/2021\/12\/7\u2019NC\u0130-Y\u00dcZYILA-A\u0130T-S\u0130NAGOG.jpeg","datePublished":"2021-12-27T08:34:01+00:00","author":{"@id":"https:\/\/akunq.net\/tr\/#\/schema\/person\/096f1d38a12cce57fb855b485ed24c9e"},"breadcrumb":{"@id":"https:\/\/akunq.net\/tr\/?p=66426#breadcrumb"},"inLanguage":"en-US","potentialAction":[{"@type":"ReadAction","target":["https:\/\/akunq.net\/tr\/?p=66426"]}]},{"@type":"ImageObject","inLanguage":"en-US","@id":"https:\/\/akunq.net\/tr\/?p=66426#primaryimage","url":"https:\/\/akunq.net\/tr\/wp-content\/uploads\/sites\/6\/2021\/12\/7\u2019NC\u0130-Y\u00dcZYILA-A\u0130T-S\u0130NAGOG.jpeg","contentUrl":"https:\/\/akunq.net\/tr\/wp-content\/uploads\/sites\/6\/2021\/12\/7\u2019NC\u0130-Y\u00dcZYILA-A\u0130T-S\u0130NAGOG.jpeg","width":599,"height":337},{"@type":"BreadcrumbList","@id":"https:\/\/akunq.net\/tr\/?p=66426#breadcrumb","itemListElement":[{"@type":"ListItem","position":1,"name":"Home","item":"https:\/\/akunq.net\/tr"},{"@type":"ListItem","position":2,"name":"Evin alt\u0131nda 7\u2019nci y\u00fczy\u0131la ait sinagog bulundu"}]},{"@type":"WebSite","@id":"https:\/\/akunq.net\/tr\/#website","url":"https:\/\/akunq.net\/tr\/","name":"Bati Ermenistan Ve Bati Ermenileri Sorunlari Ara\u015ftirmalar Merkezi","description":"","potentialAction":[{"@type":"SearchAction","target":{"@type":"EntryPoint","urlTemplate":"https:\/\/akunq.net\/tr\/?s={search_term_string}"},"query-input":{"@type":"PropertyValueSpecification","valueRequired":true,"valueName":"search_term_string"}}],"inLanguage":"en-US"},{"@type":"Person","@id":"https:\/\/akunq.net\/tr\/#\/schema\/person\/096f1d38a12cce57fb855b485ed24c9e","name":"admin","url":"https:\/\/akunq.net\/tr\/?author=7"}]}},"_links":{"self":[{"href":"https:\/\/akunq.net\/tr\/index.php?rest_route=\/wp\/v2\/posts\/66426","targetHints":{"allow":["GET"]}}],"collection":[{"href":"https:\/\/akunq.net\/tr\/index.php?rest_route=\/wp\/v2\/posts"}],"about":[{"href":"https:\/\/akunq.net\/tr\/index.php?rest_route=\/wp\/v2\/types\/post"}],"author":[{"embeddable":true,"href":"https:\/\/akunq.net\/tr\/index.php?rest_route=\/wp\/v2\/users\/7"}],"replies":[{"embeddable":true,"href":"https:\/\/akunq.net\/tr\/index.php?rest_route=%2Fwp%2Fv2%2Fcomments&post=66426"}],"version-history":[{"count":1,"href":"https:\/\/akunq.net\/tr\/index.php?rest_route=\/wp\/v2\/posts\/66426\/revisions"}],"predecessor-version":[{"id":66428,"href":"https:\/\/akunq.net\/tr\/index.php?rest_route=\/wp\/v2\/posts\/66426\/revisions\/66428"}],"wp:featuredmedia":[{"embeddable":true,"href":"https:\/\/akunq.net\/tr\/index.php?rest_route=\/wp\/v2\/media\/66427"}],"wp:attachment":[{"href":"https:\/\/akunq.net\/tr\/index.php?rest_route=%2Fwp%2Fv2%2Fmedia&parent=66426"}],"wp:term":[{"taxonomy":"category","embeddable":true,"href":"https:\/\/akunq.net\/tr\/index.php?rest_route=%2Fwp%2Fv2%2Fcategories&post=66426"},{"taxonomy":"post_tag","embeddable":true,"href":"https:\/\/akunq.net\/tr\/index.php?rest_route=%2Fwp%2Fv2%2Ftags&post=66426"}],"curies":[{"name":"wp","href":"https:\/\/api.w.org\/{rel}","templated":true}]}}