{"id":66422,"date":"2021-12-27T01:36:42","date_gmt":"2021-12-27T06:36:42","guid":{"rendered":"https:\/\/akunq.net\/tr\/?p=66422"},"modified":"2021-12-27T01:36:42","modified_gmt":"2021-12-27T06:36:42","slug":"bu-da-oldu-dedelerinden-kalan-kale-icin-harekete-gectiler","status":"publish","type":"post","link":"https:\/\/akunq.net\/tr\/?p=66422","title":{"rendered":"Bu da oldu! Dedelerinden kalan kale i\u00e7in harekete ge\u00e7tiler"},"content":{"rendered":"<p><img loading=\"lazy\" decoding=\"async\" class=\"aligncenter size-medium wp-image-66423\" src=\"https:\/\/akunq.net\/tr\/wp-content\/uploads\/2021\/12\/G\u00fczelhisar-Kalesi-360x180.png\" alt=\"\" width=\"360\" height=\"180\" srcset=\"https:\/\/akunq.net\/tr\/wp-content\/uploads\/sites\/6\/2021\/12\/G\u00fczelhisar-Kalesi-360x180.png 360w, https:\/\/akunq.net\/tr\/wp-content\/uploads\/sites\/6\/2021\/12\/G\u00fczelhisar-Kalesi-560x280.png 560w, https:\/\/akunq.net\/tr\/wp-content\/uploads\/sites\/6\/2021\/12\/G\u00fczelhisar-Kalesi-260x130.png 260w, https:\/\/akunq.net\/tr\/wp-content\/uploads\/sites\/6\/2021\/12\/G\u00fczelhisar-Kalesi-160x80.png 160w, https:\/\/akunq.net\/tr\/wp-content\/uploads\/sites\/6\/2021\/12\/G\u00fczelhisar-Kalesi.png 625w\" sizes=\"auto, (max-width: 360px) 100vw, 360px\" \/><\/p>\n<p><em><strong>Trabzon\u2019da limana hakim bir noktada yap\u0131lan G\u00fczelhisar Kalesi\u2019nin kullan\u0131m hakk\u0131n\u0131 almak i\u00e7in giri\u015fimlerini s\u00fcrd\u00fcren \u00dc\u00e7\u00fcnc\u00fco\u011flu s\u00fclalesi, kalenin ve arazisinin devri i\u00e7in dava a\u00e7acak. Kendisine kaleyi alamayaca\u011f\u0131n\u0131 s\u00f6yleyenlere cevap veren G\u00fcng\u00f6r \u00dc\u00e7\u00fcnc\u00fco\u011flu, \u201cYok \u00f6yle bir \u015fey alaca\u011f\u0131z\u201d dedi.<\/strong><\/em><\/p>\n<p>13\u2019\u00fcnc\u00fc y\u00fczy\u0131lda Cenevizliler d\u00f6neminde in\u015fa edilen tarihi kalenin de i\u00e7inde yer ald\u0131\u011f\u0131 arazinin \u00dc\u00e7\u00fcnc\u00fczade \u00d6mer Pa\u015fa\u2019ya ait oldu\u011funu iddia eden torunlar\u0131n\u0131n kalenin m\u00fclkiyetini almak i\u00e7in giri\u015fimleri s\u00fcr\u00fcyor.<\/p>\n<h2>Kalenin m\u00fclkiyet haklar\u0131n\u0131n devrini istiyorlar<\/h2>\n<p>Uzun bir hukuki s\u00fcrecin ard\u0131ndan \u00dc\u00e7\u00fcnc\u00fczade \u00d6mer Pa\u015fa\u2019n\u0131n varisi olduklar\u0131n\u0131 ve G\u00fczelhisar Kalesi\u2019nin m\u00fclkiyetinin kendilerine ait oldu\u011funu mahkeme karar\u0131yla tescilleyen \u00dc\u00e7\u00fcnc\u00fco\u011flu s\u00fclalesi, kuracaklar\u0131 vakf\u0131n ard\u0131ndan devletten kalenin m\u00fclkiyet haklar\u0131n\u0131n devrini isteyecek.<\/p>\n<p>Vak\u0131f kurmak i\u00e7in gerekli ba\u015fvurular\u0131 yapt\u0131klar\u0131n\u0131 ve b\u00fct\u00fcn evraklar\u0131n eksiksiz oldu\u011funu s\u00f6yleyen yazar Adnan G\u00fcng\u00f6r \u00dc\u00e7\u00fcnc\u00fco\u011flu, 10 ayd\u0131r hakim kar\u015f\u0131s\u0131na \u00e7\u0131kmay\u0131 bekledi\u011fini, \u00f6n\u00fcm\u00fczdeki ay i\u00e7erisinde vakf\u0131 kurmak i\u00e7in son ad\u0131m\u0131n da tamamlanaca\u011f\u0131n\u0131 ve kalenin m\u00fclkiyetinin al\u0131naca\u011f\u0131n\u0131 belirtti.<\/p>\n<p>T\u00fcrkiye\u2019de tarihi bir\u00e7ok yap\u0131n\u0131n m\u00fclkiyet haklar\u0131n\u0131n varisleri taraf\u0131ndan al\u0131nd\u0131\u011f\u0131n\u0131 s\u00f6yleyen \u00dc\u00e7\u00fcnc\u00fco\u011flu, baz\u0131 vatanda\u015flar\u0131n kendisine tarihi bu araziyi alamayaca\u011f\u0131n\u0131 s\u00f6yledi\u011fini dile getirerek, \u201cBaz\u0131lar\u0131 G\u00fcng\u00f6r \u00dc\u00e7\u00fcnc\u00fc veya \u00dc\u00e7\u00fcnc\u00fco\u011fullar\u0131 buray\u0131 alamaz diyor, yok \u00f6yle bir \u015fey alaca\u011f\u0131z\u201d dedi.<\/p>\n<h2>\u2018Askeriyenin elinden alaca\u011f\u0131z\u2019<\/h2>\n<p>Trabzon\u2019daki G\u00fczelhisar Kalesi\u2019nin de i\u00e7erisinde bulundu\u011fu arazinin hem Osmanl\u0131 hem de Cumhuriyet d\u00f6nemi tapular\u0131n\u0131n kendilerinde oldu\u011funu belirten \u00dc\u00e7\u00fcnc\u00fco\u011flu, G\u00fczelhisar Kalesi\u2019nin kullan\u0131m hakk\u0131n\u0131n 1960 y\u0131l\u0131na kadar kendi ailelerinde oldu\u011funu fakat 1960 darbesinden sonra askeriyenin el koydu\u011funu s\u00f6yleyerek, \u201cVakf\u0131m\u0131z 1938 y\u0131l\u0131na kadar geldi. 1938 y\u0131l\u0131nda askeriye buray\u0131 bize verin dedi \u00e7\u00fcnk\u00fc o zaman 2\u2019inci D\u00fcnya Sava\u015f\u0131\u2019n\u0131n ayak sesleri vard\u0131. Buras\u0131 bize askeri bak\u0131mdan gerekli dedi ve Trabzon Valili\u011fi ile birlikte oturdular. Senelik 35 re\u015fat alt\u0131nla buray\u0131 kiralad\u0131 askeriye. Askeriye bir m\u00fcddet burada durdu daha sonra \u00dc\u00e7\u00fcnc\u00fco\u011flu ailesi askeriyenin buradan \u00e7\u0131kar\u0131lmas\u0131n\u0131 istedi, mahkemeye verdiler ve mahkemelik oldular. Bu mahkeme 2 sene s\u00fcrd\u00fc ve bu s\u00fcre\u00e7ten sonra 1960 y\u0131l\u0131na kadar zaten bu G\u00fczelsaray denilen yer \u00dc\u00e7\u00fcnc\u00fco\u011flu ailesinindi. 60 y\u0131l\u0131nda yap\u0131lan ihtilalle o zaman\u0131n 11\u2019inci Kolordu Komutan\u0131 Kenan Evren darbe yap\u0131ld\u0131\u011f\u0131 zaman 50 tane jandarmay\u0131 al\u0131p gidip bu sarayda \u00dc\u00e7\u00fcnc\u00fco\u011flu ailesinin olan yeri alarak ailemizi kap\u0131 d\u0131\u015far\u0131 etti. Bir kararname ile beraber bu yer hazineye devrediliyor, ayn\u0131 g\u00fcn bir kararname ile vakfa al\u0131yor, bir kararname ile daha vak\u0131ftan askeriyeye mal ediyor haks\u0131z ve hukuksuz bir \u015fekilde. Tapu yok, hi\u00e7bir \u015fey yok sormadan yap\u0131l\u0131yor bu. Karayollar\u0131 buran\u0131n alt\u0131ndan t\u00fcnel ge\u00e7iriyor, buray\u0131 istimlak etmiyor, sahiplerini aram\u0131yor, tapu kay\u0131tlar\u0131na g\u00f6re buran\u0131n maliki kimdir bakm\u0131yor hemen al\u0131yor. Bir k\u0131sm\u0131n\u0131n kullan\u0131m hakk\u0131n\u0131 da o al\u0131yor. Askeriyenin tapusu yok, Karayollar\u0131n\u0131n tapusu yok, Vak\u0131flar B\u00f6lge M\u00fcd\u00fcrl\u00fc\u011f\u00fcn\u00fcn tapusu yok ama i\u015ftigal onlarda. Hem Osmanl\u0131 tapusu hem de Cumhuriyet tapusu 1913 y\u0131l\u0131nda al\u0131nm\u0131\u015f tapu bize ait. Kullanma hakk\u0131 bizim, kadim hakk\u0131 bizim, Trabzon Valili\u011fi ile 1938 y\u0131l\u0131nda yap\u0131lan anla\u015fma da bizim elimizde. Bizim elimizde b\u00fct\u00fcn bilgi ve belgeler var. Bug\u00fcn T\u00fcrkiye genelinde Hatay Ermeni Kilisesinin tapusunu Ermeniler ald\u0131, Heybeliada Rum Okulu\u2019nun tapusunu ald\u0131lar ben Trabzonluyum, benim ge\u00e7mi\u015fim Trabzon. 1461 y\u0131l\u0131nda Fatih Sultan Mehmet ile geldi benim ailem buraya. Benim ailem Trabzon\u2019da 300-400 sene kald\u0131. Ondan sonra biz Torul b\u00f6lgesine Fatih Sultan Mehmet\u2019in 21 t\u0131marl\u0131k olarak bize vermesiyle beraber geldik. Yoksa biz kaleyi gasp etmiyoruz, kale yine Trabzon\u2019un ama kullan\u0131m hakk\u0131m\u0131z\u0131 alaca\u011f\u0131z. Biz kullan\u0131m hakk\u0131 i\u00e7in u\u011fra\u015f\u0131yoruz ve askeriyenin elinden alaca\u011f\u0131z\u201d diye konu\u015ftu.<\/p>\n<h2>\u2018Oray\u0131 Trabzon halk\u0131na a\u00e7aca\u011f\u0131z\u2019<\/h2>\n<p>Vak\u0131f kurulduktan sonra kalenin m\u00fclkiyet haklar\u0131n\u0131n kullan\u0131m\u0131 i\u00e7in Karayollar\u0131 ve Askeriye\u2019ye dava a\u00e7acaklar\u0131n\u0131 s\u00f6yleyen yazar G\u00fcng\u00f6r \u00dc\u00e7\u00fcnc\u00fco\u011flu, kalenin m\u00fclkiyet hakk\u0131n\u0131 elde ettikten sonra buray\u0131 Trabzon halk\u0131na a\u00e7acaklar\u0131n\u0131 ifade ederek, \u201cVak\u0131f kurmak i\u00e7in gerekli ba\u015fvurular\u0131 yapt\u0131k. B\u00fct\u00fcn belgelerimiz haz\u0131r ben 10 ayd\u0131r hakim kar\u015f\u0131s\u0131na \u00e7\u0131kamad\u0131m. Tarafs\u0131z bir dava 10 ayd\u0131r g\u00f6r\u00fclemedi. \u00d6n\u00fcm\u00fczdeki ay bu davaya girece\u011fiz. Diyorlar ki bu tapunun metrekaresi \u00e7ok. 14 bin d\u00f6n\u00fcm, fakat nereleri oldu\u011funun ismini vermiyorum \u015fimdi oralar\u0131 da alacak derler. 14 bin d\u00f6n\u00fcm Trabzon\u2019un yar\u0131s\u0131, biz bunu istemiyoruz. Biz Askeriye ve Karayollar\u0131\u2019n\u0131n elindeki 2 bin 285 metrekareye dava a\u00e7\u0131yoruz. Vatanda\u015flar yine orada olacak onlarla kom\u015fu olaca\u011f\u0131z, onlarla beraber oturup kalkaca\u011f\u0131z. Biz oran\u0131n kullan\u0131m hakk\u0131n\u0131 alaca\u011f\u0131z. Biz oray\u0131 elde ettikten sonra halka a\u00e7aca\u011f\u0131z park olarak, piknik alan\u0131 olarak. Sava\u015f halinde miyiz, askeriye b\u00f6lgesiymi\u015f ne askeriye b\u00f6lgesi. Yan\u0131nda y\u00f6resinde bin tane ev var oras\u0131 askeri b\u00f6lgeymi\u015f yok efendim \u00f6yle bir \u015fey. Allah g\u00f6stermesin e\u011fer sava\u015f olursa biz oray\u0131 askeriyeye bedava veririz, yeter ki b\u00f6yle bir \u015fey olmas\u0131n olursa da can\u0131m\u0131zla, ba\u015f\u0131m\u0131zla, mal\u0131m\u0131zla biz devletimizin yan\u0131nday\u0131z. Biz oray\u0131 Trabzon halk\u0131na a\u00e7aca\u011f\u0131z\u201d dedi.<\/p>\n<p>\u2018Yok \u00f6yle bir \u015fey alaca\u011f\u0131z\u2019<br \/>\n\u00dc\u00e7\u00fcnc\u00fczade \u00d6mer Pa\u015fa taraf\u0131ndan haz\u0131rlanan vasiyetnameyi yerine getirmek i\u00e7in \u00e7aba sarf ettiklerini dile getiren \u00dc\u00e7\u00fcnc\u00fco\u011flu, \u015funlar\u0131 s\u00f6yledi:<\/p>\n<p>\u201cEn b\u00fcy\u00fck gayelerimizden biri, bizim senetimizde \u2018vak\u0131f e\u011fitim i\u015fiyle u\u011fra\u015facak\u2019 diyor. Trabzon ve Torul\u2019a birer tane \u00fcniversite a\u00e7aca\u011f\u0131z. Aile birli\u011fini sa\u011flamla\u015ft\u0131rmak i\u00e7in birbirimize yard\u0131m edece\u011fiz. 1700\u2019l\u00fc y\u0131llarda kurulan vakf\u0131m\u0131z\u0131n ideallerini ayn\u0131 \u015fekilde devam ettirece\u011fiz. Benim ne kadar hakk\u0131m varsa T\u00fcrkiye\u2019deki di\u011fer \u00dc\u00e7\u00fcnc\u00fclerin de o kadar hakk\u0131 var. \u015eu anda biz 100 ki\u015fi ile birlikte m\u00fcracaat ettik mahkemeye, vak\u0131f m\u00fctevelli heyeti kurmak i\u00e7in ama geride 5-6 bin ki\u015fi var onlar da ayn\u0131 hakka sahip. Ben hayat\u0131m\u0131n 55 y\u0131l\u0131n\u0131 bizzat bu i\u015fe verdim. Biz bunun sadece manevi derdindeyiz, maddi derdinde de\u011filiz. Elimizde \u00dc\u00e7\u00fcnc\u00fczade \u00d6mer Pa\u015fa\u2019n\u0131n 6 sayfa vasiyetnamesi var. \u2018Evlad\u0131m\u0131n evlad\u0131na, evlad\u0131n\u0131n evlad\u0131na verilmesini istiyorum\u2019 diyor. Osmanl\u0131 da bunu aynen kaydetmi\u015f 1\u2019inci Mahmut zaman\u0131nda. Vasiyetnamenin yerine getirilmesi i\u00e7in biz gayret ediyoruz, onu da b\u0131rak\u0131n yapal\u0131m buras\u0131 dedemizin yeri. \u00dcnye\u2019de bir pa\u015fan\u0131n saray\u0131n\u0131 varisleri ald\u0131 orada duruyor. Onlara bir \u015fey yok ama G\u00fcng\u00f6r \u00dc\u00e7\u00fcnc\u00fc veya \u00dc\u00e7\u00fcnc\u00fco\u011fullar\u0131 alamaz, yok \u00f6yle bir \u015fey alaca\u011f\u0131z.\u201d<\/p>\n<p><em><strong>Kaynak: \u0130HA<\/strong><\/em><\/p>\n<p><em><strong><a href=\"https:\/\/www.yeniakit.com.tr\/haber\/bu-da-oldu-dedelerinden-kalan-kale-icin-harekete-gectiler-1610093.html\">https:\/\/www.yeniakit.com.tr\/haber\/bu-da-oldu-dedelerinden-kalan-kale-icin-harekete-gectiler-1610093.html<\/a>\u00a0<\/strong><\/em><\/p>\n","protected":false},"excerpt":{"rendered":"<p>Trabzon\u2019da limana hakim bir noktada yap\u0131lan G\u00fczelhisar Kalesi\u2019nin kullan\u0131m hakk\u0131n\u0131 almak i\u00e7in giri\u015fimlerini s\u00fcrd\u00fcren \u00dc\u00e7\u00fcnc\u00fco\u011flu s\u00fclalesi, kalenin ve arazisinin devri i\u00e7in dava a\u00e7acak. Kendisine kaleyi alamayaca\u011f\u0131n\u0131 s\u00f6yleyenlere cevap veren G\u00fcng\u00f6r \u00dc\u00e7\u00fcnc\u00fco\u011flu, \u201cYok \u00f6yle bir \u015fey alaca\u011f\u0131z\u201d dedi. 13\u2019\u00fcnc\u00fc y\u00fczy\u0131lda Cenevizliler d\u00f6neminde in\u015fa edilen tarihi kalenin de i\u00e7inde yer ald\u0131\u011f\u0131 arazinin \u00dc\u00e7\u00fcnc\u00fczade \u00d6mer Pa\u015fa\u2019ya ait oldu\u011funu [&hellip;]<\/p>\n","protected":false},"author":7,"featured_media":66423,"comment_status":"open","ping_status":"open","sticky":false,"template":"","format":"standard","meta":{"footnotes":""},"categories":[1],"tags":[],"class_list":["post-66422","post","type-post","status-publish","format-standard","has-post-thumbnail","hentry","category-haberler"],"yoast_head":"<!-- This site is optimized with the Yoast SEO plugin v27.4 - https:\/\/yoast.com\/product\/yoast-seo-wordpress\/ -->\n<title>Bu da oldu! Dedelerinden kalan kale i\u00e7in harekete ge\u00e7tiler - Bati Ermenistan Ve Bati Ermenileri Sorunlari Ara\u015ftirmalar Merkezi<\/title>\n<meta name=\"robots\" content=\"index, follow, max-snippet:-1, max-image-preview:large, max-video-preview:-1\" \/>\n<link rel=\"canonical\" href=\"https:\/\/akunq.net\/tr\/?p=66422\" \/>\n<meta property=\"og:locale\" content=\"en_US\" \/>\n<meta property=\"og:type\" content=\"article\" \/>\n<meta property=\"og:title\" content=\"Bu da oldu! Dedelerinden kalan kale i\u00e7in harekete ge\u00e7tiler - Bati Ermenistan Ve Bati Ermenileri Sorunlari Ara\u015ftirmalar Merkezi\" \/>\n<meta property=\"og:description\" content=\"Trabzon\u2019da limana hakim bir noktada yap\u0131lan G\u00fczelhisar Kalesi\u2019nin kullan\u0131m hakk\u0131n\u0131 almak i\u00e7in giri\u015fimlerini s\u00fcrd\u00fcren \u00dc\u00e7\u00fcnc\u00fco\u011flu s\u00fclalesi, kalenin ve arazisinin devri i\u00e7in dava a\u00e7acak. Kendisine kaleyi alamayaca\u011f\u0131n\u0131 s\u00f6yleyenlere cevap veren G\u00fcng\u00f6r \u00dc\u00e7\u00fcnc\u00fco\u011flu, \u201cYok \u00f6yle bir \u015fey alaca\u011f\u0131z\u201d dedi. 13\u2019\u00fcnc\u00fc y\u00fczy\u0131lda Cenevizliler d\u00f6neminde in\u015fa edilen tarihi kalenin de i\u00e7inde yer ald\u0131\u011f\u0131 arazinin \u00dc\u00e7\u00fcnc\u00fczade \u00d6mer Pa\u015fa\u2019ya ait oldu\u011funu [&hellip;]\" \/>\n<meta property=\"og:url\" content=\"https:\/\/akunq.net\/tr\/?p=66422\" \/>\n<meta property=\"og:site_name\" content=\"Bati Ermenistan Ve Bati Ermenileri Sorunlari Ara\u015ftirmalar Merkezi\" \/>\n<meta property=\"article:published_time\" content=\"2021-12-27T06:36:42+00:00\" \/>\n<meta property=\"og:image\" content=\"https:\/\/akunq.net\/tr\/wp-content\/uploads\/sites\/6\/2021\/12\/G\u00fczelhisar-Kalesi.png\" \/>\n\t<meta property=\"og:image:width\" content=\"625\" \/>\n\t<meta property=\"og:image:height\" content=\"313\" \/>\n\t<meta property=\"og:image:type\" content=\"image\/png\" \/>\n<meta name=\"author\" content=\"admin\" \/>\n<meta name=\"twitter:card\" content=\"summary_large_image\" \/>\n<meta name=\"twitter:label1\" content=\"Written by\" \/>\n\t<meta name=\"twitter:data1\" content=\"admin\" \/>\n\t<meta name=\"twitter:label2\" content=\"Est. reading time\" \/>\n\t<meta name=\"twitter:data2\" content=\"6 minutes\" \/>\n<script type=\"application\/ld+json\" class=\"yoast-schema-graph\">{\"@context\":\"https:\\\/\\\/schema.org\",\"@graph\":[{\"@type\":\"Article\",\"@id\":\"https:\\\/\\\/akunq.net\\\/tr\\\/?p=66422#article\",\"isPartOf\":{\"@id\":\"https:\\\/\\\/akunq.net\\\/tr\\\/?p=66422\"},\"author\":{\"name\":\"admin\",\"@id\":\"https:\\\/\\\/akunq.net\\\/tr\\\/#\\\/schema\\\/person\\\/096f1d38a12cce57fb855b485ed24c9e\"},\"headline\":\"Bu da oldu! Dedelerinden kalan kale i\u00e7in harekete ge\u00e7tiler\",\"datePublished\":\"2021-12-27T06:36:42+00:00\",\"mainEntityOfPage\":{\"@id\":\"https:\\\/\\\/akunq.net\\\/tr\\\/?p=66422\"},\"wordCount\":1239,\"commentCount\":0,\"image\":{\"@id\":\"https:\\\/\\\/akunq.net\\\/tr\\\/?p=66422#primaryimage\"},\"thumbnailUrl\":\"https:\\\/\\\/akunq.net\\\/tr\\\/wp-content\\\/uploads\\\/sites\\\/6\\\/2021\\\/12\\\/G\u00fczelhisar-Kalesi.png\",\"articleSection\":[\"Haberler\"],\"inLanguage\":\"en-US\",\"potentialAction\":[{\"@type\":\"CommentAction\",\"name\":\"Comment\",\"target\":[\"https:\\\/\\\/akunq.net\\\/tr\\\/?p=66422#respond\"]}]},{\"@type\":\"WebPage\",\"@id\":\"https:\\\/\\\/akunq.net\\\/tr\\\/?p=66422\",\"url\":\"https:\\\/\\\/akunq.net\\\/tr\\\/?p=66422\",\"name\":\"Bu da oldu! Dedelerinden kalan kale i\u00e7in harekete ge\u00e7tiler - Bati Ermenistan Ve Bati Ermenileri Sorunlari Ara\u015ftirmalar Merkezi\",\"isPartOf\":{\"@id\":\"https:\\\/\\\/akunq.net\\\/tr\\\/#website\"},\"primaryImageOfPage\":{\"@id\":\"https:\\\/\\\/akunq.net\\\/tr\\\/?p=66422#primaryimage\"},\"image\":{\"@id\":\"https:\\\/\\\/akunq.net\\\/tr\\\/?p=66422#primaryimage\"},\"thumbnailUrl\":\"https:\\\/\\\/akunq.net\\\/tr\\\/wp-content\\\/uploads\\\/sites\\\/6\\\/2021\\\/12\\\/G\u00fczelhisar-Kalesi.png\",\"datePublished\":\"2021-12-27T06:36:42+00:00\",\"author\":{\"@id\":\"https:\\\/\\\/akunq.net\\\/tr\\\/#\\\/schema\\\/person\\\/096f1d38a12cce57fb855b485ed24c9e\"},\"breadcrumb\":{\"@id\":\"https:\\\/\\\/akunq.net\\\/tr\\\/?p=66422#breadcrumb\"},\"inLanguage\":\"en-US\",\"potentialAction\":[{\"@type\":\"ReadAction\",\"target\":[\"https:\\\/\\\/akunq.net\\\/tr\\\/?p=66422\"]}]},{\"@type\":\"ImageObject\",\"inLanguage\":\"en-US\",\"@id\":\"https:\\\/\\\/akunq.net\\\/tr\\\/?p=66422#primaryimage\",\"url\":\"https:\\\/\\\/akunq.net\\\/tr\\\/wp-content\\\/uploads\\\/sites\\\/6\\\/2021\\\/12\\\/G\u00fczelhisar-Kalesi.png\",\"contentUrl\":\"https:\\\/\\\/akunq.net\\\/tr\\\/wp-content\\\/uploads\\\/sites\\\/6\\\/2021\\\/12\\\/G\u00fczelhisar-Kalesi.png\",\"width\":625,\"height\":313},{\"@type\":\"BreadcrumbList\",\"@id\":\"https:\\\/\\\/akunq.net\\\/tr\\\/?p=66422#breadcrumb\",\"itemListElement\":[{\"@type\":\"ListItem\",\"position\":1,\"name\":\"Home\",\"item\":\"https:\\\/\\\/akunq.net\\\/tr\"},{\"@type\":\"ListItem\",\"position\":2,\"name\":\"Bu da oldu! Dedelerinden kalan kale i\u00e7in harekete ge\u00e7tiler\"}]},{\"@type\":\"WebSite\",\"@id\":\"https:\\\/\\\/akunq.net\\\/tr\\\/#website\",\"url\":\"https:\\\/\\\/akunq.net\\\/tr\\\/\",\"name\":\"Bati Ermenistan Ve Bati Ermenileri Sorunlari Ara\u015ftirmalar Merkezi\",\"description\":\"\",\"potentialAction\":[{\"@type\":\"SearchAction\",\"target\":{\"@type\":\"EntryPoint\",\"urlTemplate\":\"https:\\\/\\\/akunq.net\\\/tr\\\/?s={search_term_string}\"},\"query-input\":{\"@type\":\"PropertyValueSpecification\",\"valueRequired\":true,\"valueName\":\"search_term_string\"}}],\"inLanguage\":\"en-US\"},{\"@type\":\"Person\",\"@id\":\"https:\\\/\\\/akunq.net\\\/tr\\\/#\\\/schema\\\/person\\\/096f1d38a12cce57fb855b485ed24c9e\",\"name\":\"admin\",\"url\":\"https:\\\/\\\/akunq.net\\\/tr\\\/?author=7\"}]}<\/script>\n<!-- \/ Yoast SEO plugin. -->","yoast_head_json":{"title":"Bu da oldu! Dedelerinden kalan kale i\u00e7in harekete ge\u00e7tiler - Bati Ermenistan Ve Bati Ermenileri Sorunlari Ara\u015ftirmalar Merkezi","robots":{"index":"index","follow":"follow","max-snippet":"max-snippet:-1","max-image-preview":"max-image-preview:large","max-video-preview":"max-video-preview:-1"},"canonical":"https:\/\/akunq.net\/tr\/?p=66422","og_locale":"en_US","og_type":"article","og_title":"Bu da oldu! Dedelerinden kalan kale i\u00e7in harekete ge\u00e7tiler - Bati Ermenistan Ve Bati Ermenileri Sorunlari Ara\u015ftirmalar Merkezi","og_description":"Trabzon\u2019da limana hakim bir noktada yap\u0131lan G\u00fczelhisar Kalesi\u2019nin kullan\u0131m hakk\u0131n\u0131 almak i\u00e7in giri\u015fimlerini s\u00fcrd\u00fcren \u00dc\u00e7\u00fcnc\u00fco\u011flu s\u00fclalesi, kalenin ve arazisinin devri i\u00e7in dava a\u00e7acak. Kendisine kaleyi alamayaca\u011f\u0131n\u0131 s\u00f6yleyenlere cevap veren G\u00fcng\u00f6r \u00dc\u00e7\u00fcnc\u00fco\u011flu, \u201cYok \u00f6yle bir \u015fey alaca\u011f\u0131z\u201d dedi. 13\u2019\u00fcnc\u00fc y\u00fczy\u0131lda Cenevizliler d\u00f6neminde in\u015fa edilen tarihi kalenin de i\u00e7inde yer ald\u0131\u011f\u0131 arazinin \u00dc\u00e7\u00fcnc\u00fczade \u00d6mer Pa\u015fa\u2019ya ait oldu\u011funu [&hellip;]","og_url":"https:\/\/akunq.net\/tr\/?p=66422","og_site_name":"Bati Ermenistan Ve Bati Ermenileri Sorunlari Ara\u015ftirmalar Merkezi","article_published_time":"2021-12-27T06:36:42+00:00","og_image":[{"width":625,"height":313,"url":"https:\/\/akunq.net\/tr\/wp-content\/uploads\/sites\/6\/2021\/12\/G\u00fczelhisar-Kalesi.png","type":"image\/png"}],"author":"admin","twitter_card":"summary_large_image","twitter_misc":{"Written by":"admin","Est. reading time":"6 minutes"},"schema":{"@context":"https:\/\/schema.org","@graph":[{"@type":"Article","@id":"https:\/\/akunq.net\/tr\/?p=66422#article","isPartOf":{"@id":"https:\/\/akunq.net\/tr\/?p=66422"},"author":{"name":"admin","@id":"https:\/\/akunq.net\/tr\/#\/schema\/person\/096f1d38a12cce57fb855b485ed24c9e"},"headline":"Bu da oldu! Dedelerinden kalan kale i\u00e7in harekete ge\u00e7tiler","datePublished":"2021-12-27T06:36:42+00:00","mainEntityOfPage":{"@id":"https:\/\/akunq.net\/tr\/?p=66422"},"wordCount":1239,"commentCount":0,"image":{"@id":"https:\/\/akunq.net\/tr\/?p=66422#primaryimage"},"thumbnailUrl":"https:\/\/akunq.net\/tr\/wp-content\/uploads\/sites\/6\/2021\/12\/G\u00fczelhisar-Kalesi.png","articleSection":["Haberler"],"inLanguage":"en-US","potentialAction":[{"@type":"CommentAction","name":"Comment","target":["https:\/\/akunq.net\/tr\/?p=66422#respond"]}]},{"@type":"WebPage","@id":"https:\/\/akunq.net\/tr\/?p=66422","url":"https:\/\/akunq.net\/tr\/?p=66422","name":"Bu da oldu! Dedelerinden kalan kale i\u00e7in harekete ge\u00e7tiler - Bati Ermenistan Ve Bati Ermenileri Sorunlari Ara\u015ftirmalar Merkezi","isPartOf":{"@id":"https:\/\/akunq.net\/tr\/#website"},"primaryImageOfPage":{"@id":"https:\/\/akunq.net\/tr\/?p=66422#primaryimage"},"image":{"@id":"https:\/\/akunq.net\/tr\/?p=66422#primaryimage"},"thumbnailUrl":"https:\/\/akunq.net\/tr\/wp-content\/uploads\/sites\/6\/2021\/12\/G\u00fczelhisar-Kalesi.png","datePublished":"2021-12-27T06:36:42+00:00","author":{"@id":"https:\/\/akunq.net\/tr\/#\/schema\/person\/096f1d38a12cce57fb855b485ed24c9e"},"breadcrumb":{"@id":"https:\/\/akunq.net\/tr\/?p=66422#breadcrumb"},"inLanguage":"en-US","potentialAction":[{"@type":"ReadAction","target":["https:\/\/akunq.net\/tr\/?p=66422"]}]},{"@type":"ImageObject","inLanguage":"en-US","@id":"https:\/\/akunq.net\/tr\/?p=66422#primaryimage","url":"https:\/\/akunq.net\/tr\/wp-content\/uploads\/sites\/6\/2021\/12\/G\u00fczelhisar-Kalesi.png","contentUrl":"https:\/\/akunq.net\/tr\/wp-content\/uploads\/sites\/6\/2021\/12\/G\u00fczelhisar-Kalesi.png","width":625,"height":313},{"@type":"BreadcrumbList","@id":"https:\/\/akunq.net\/tr\/?p=66422#breadcrumb","itemListElement":[{"@type":"ListItem","position":1,"name":"Home","item":"https:\/\/akunq.net\/tr"},{"@type":"ListItem","position":2,"name":"Bu da oldu! Dedelerinden kalan kale i\u00e7in harekete ge\u00e7tiler"}]},{"@type":"WebSite","@id":"https:\/\/akunq.net\/tr\/#website","url":"https:\/\/akunq.net\/tr\/","name":"Bati Ermenistan Ve Bati Ermenileri Sorunlari Ara\u015ftirmalar Merkezi","description":"","potentialAction":[{"@type":"SearchAction","target":{"@type":"EntryPoint","urlTemplate":"https:\/\/akunq.net\/tr\/?s={search_term_string}"},"query-input":{"@type":"PropertyValueSpecification","valueRequired":true,"valueName":"search_term_string"}}],"inLanguage":"en-US"},{"@type":"Person","@id":"https:\/\/akunq.net\/tr\/#\/schema\/person\/096f1d38a12cce57fb855b485ed24c9e","name":"admin","url":"https:\/\/akunq.net\/tr\/?author=7"}]}},"_links":{"self":[{"href":"https:\/\/akunq.net\/tr\/index.php?rest_route=\/wp\/v2\/posts\/66422","targetHints":{"allow":["GET"]}}],"collection":[{"href":"https:\/\/akunq.net\/tr\/index.php?rest_route=\/wp\/v2\/posts"}],"about":[{"href":"https:\/\/akunq.net\/tr\/index.php?rest_route=\/wp\/v2\/types\/post"}],"author":[{"embeddable":true,"href":"https:\/\/akunq.net\/tr\/index.php?rest_route=\/wp\/v2\/users\/7"}],"replies":[{"embeddable":true,"href":"https:\/\/akunq.net\/tr\/index.php?rest_route=%2Fwp%2Fv2%2Fcomments&post=66422"}],"version-history":[{"count":1,"href":"https:\/\/akunq.net\/tr\/index.php?rest_route=\/wp\/v2\/posts\/66422\/revisions"}],"predecessor-version":[{"id":66424,"href":"https:\/\/akunq.net\/tr\/index.php?rest_route=\/wp\/v2\/posts\/66422\/revisions\/66424"}],"wp:featuredmedia":[{"embeddable":true,"href":"https:\/\/akunq.net\/tr\/index.php?rest_route=\/wp\/v2\/media\/66423"}],"wp:attachment":[{"href":"https:\/\/akunq.net\/tr\/index.php?rest_route=%2Fwp%2Fv2%2Fmedia&parent=66422"}],"wp:term":[{"taxonomy":"category","embeddable":true,"href":"https:\/\/akunq.net\/tr\/index.php?rest_route=%2Fwp%2Fv2%2Fcategories&post=66422"},{"taxonomy":"post_tag","embeddable":true,"href":"https:\/\/akunq.net\/tr\/index.php?rest_route=%2Fwp%2Fv2%2Ftags&post=66422"}],"curies":[{"name":"wp","href":"https:\/\/api.w.org\/{rel}","templated":true}]}}