{"id":66412,"date":"2021-12-24T02:27:37","date_gmt":"2021-12-24T07:27:37","guid":{"rendered":"https:\/\/akunq.net\/tr\/?p=66412"},"modified":"2021-12-24T02:27:37","modified_gmt":"2021-12-24T07:27:37","slug":"bestepedeki-gorusme-uzerinden-antisemit-mesajlar","status":"publish","type":"post","link":"https:\/\/akunq.net\/tr\/?p=66412","title":{"rendered":"Be\u015ftepe\u2019deki G\u00f6r\u00fc\u015fme \u00dczerinden Antisemit Mesajlar"},"content":{"rendered":"<p><img loading=\"lazy\" decoding=\"async\" class=\"aligncenter size-medium wp-image-66413\" src=\"https:\/\/akunq.net\/tr\/wp-content\/uploads\/2021\/12\/Antisemit-Mesajlar-236x270.jpg\" alt=\"\" width=\"236\" height=\"270\" srcset=\"https:\/\/akunq.net\/tr\/wp-content\/uploads\/sites\/6\/2021\/12\/Antisemit-Mesajlar-236x270.jpg 236w, https:\/\/akunq.net\/tr\/wp-content\/uploads\/sites\/6\/2021\/12\/Antisemit-Mesajlar-560x640.jpg 560w, https:\/\/akunq.net\/tr\/wp-content\/uploads\/sites\/6\/2021\/12\/Antisemit-Mesajlar-260x297.jpg 260w, https:\/\/akunq.net\/tr\/wp-content\/uploads\/sites\/6\/2021\/12\/Antisemit-Mesajlar-160x183.jpg 160w, https:\/\/akunq.net\/tr\/wp-content\/uploads\/sites\/6\/2021\/12\/Antisemit-Mesajlar.jpg 588w\" sizes=\"auto, (max-width: 236px) 100vw, 236px\" \/><\/p>\n<p class=\"post-title\"><strong>Serdar Korucu<\/strong><\/p>\n<p><em><strong>Cumhurba\u015fkan\u0131 Erdo\u011fan, T\u00fcrk Yahudi Toplumu ve \u0130slam \u00dclkeleri Hahamlar \u0130ttifak\u0131 \u00dcyeleri ile Cumhurba\u015fkanl\u0131\u011f\u0131 K\u00fclliyesi\u2019nde g\u00f6r\u00fc\u015ft\u00fc. Bu g\u00f6r\u00fc\u015fme sosyal payla\u015f\u0131m platformu Twitter\u2019da g\u00fcndem olurken payla\u015f\u0131lan mesajlar aras\u0131nda antisemit i\u00e7erikliler de vard\u0131.<\/strong><\/em><\/p>\n<p>Cumhurba\u015fkan\u0131 Erdo\u011fan, \u00c7ar\u015famba g\u00fcn\u00fc T\u00fcrk Yahudi Toplumu ve \u0130slam \u00dclkeleri Hahamlar \u0130ttifak\u0131 \u00dcyeleri ile Cumhurba\u015fkanl\u0131\u011f\u0131 K\u00fclliyesi\u2019nde bir araya geldi. Cumhurba\u015fkan\u0131\u2019n\u0131n g\u00fcndeminde T\u00fcrkiye-\u0130srail ili\u015fkileri vard\u0131. Erdo\u011fan, T\u00fcrkiye-\u0130srail ili\u015fkilerinde normalle\u015fme s\u00fcrecine de\u011findi, bu ili\u015fkilerin b\u00f6lgenin istikrar\u0131 ve g\u00fcvenli\u011fi a\u00e7\u0131s\u0131ndan hayati oldu\u011funu s\u00f6yledi.<\/p>\n<p>Be\u015ftepe\u2019de ger\u00e7ekle\u015fen g\u00f6r\u00fc\u015fme sosyal medya platfomu Twitter\u2019\u0131n da g\u00fcndeminde yer ald\u0131. Payla\u015f\u0131lan mesajlar i\u00e7inde antisemit i\u00e7erikliler de bulunuyordu.<\/p>\n<figure class=\"wp-block-image\"><a href=\"https:\/\/i0.wp.com\/www.avlaremoz.com\/wp-content\/uploads\/2021\/12\/01.jpg?ssl=1\"><img decoding=\"async\" class=\"wp-image-20146\" src=\"https:\/\/i0.wp.com\/sp-ao.shortpixel.ai\/client\/to_webp,q_glossy,ret_img,w_581,h_1013\/https:\/\/www.avlaremoz.com\/wp-content\/uploads\/2021\/12\/01.jpg?ssl=1\" alt=\"\" data-recalc-dims=\"1\" \/><\/a><\/figure>\n<figure class=\"wp-block-image\"><a href=\"https:\/\/i0.wp.com\/www.avlaremoz.com\/wp-content\/uploads\/2021\/12\/03.jpg?ssl=1\"><img decoding=\"async\" class=\"wp-image-20145\" src=\"https:\/\/i2.wp.com\/sp-ao.shortpixel.ai\/client\/to_webp,q_glossy,ret_img,w_594,h_738\/https:\/\/www.avlaremoz.com\/wp-content\/uploads\/2021\/12\/03.jpg?ssl=1\" alt=\"\" data-recalc-dims=\"1\" \/><\/a><\/figure>\n<figure class=\"wp-block-image\"><a href=\"https:\/\/i0.wp.com\/www.avlaremoz.com\/wp-content\/uploads\/2021\/12\/13.jpg?ssl=1\"><img decoding=\"async\" class=\"wp-image-20144\" src=\"https:\/\/i2.wp.com\/sp-ao.shortpixel.ai\/client\/to_webp,q_glossy,ret_img,w_605,h_811\/https:\/\/www.avlaremoz.com\/wp-content\/uploads\/2021\/12\/13.jpg?ssl=1\" alt=\"\" data-recalc-dims=\"1\" \/><\/a><\/figure>\n<figure class=\"wp-block-image\"><a href=\"https:\/\/i1.wp.com\/www.avlaremoz.com\/wp-content\/uploads\/2021\/12\/12.jpg?ssl=1\"><img decoding=\"async\" class=\"wp-image-20143\" src=\"https:\/\/i0.wp.com\/sp-ao.shortpixel.ai\/client\/to_webp,q_glossy,ret_img,w_582,h_337\/https:\/\/www.avlaremoz.com\/wp-content\/uploads\/2021\/12\/12.jpg?ssl=1\" alt=\"\" data-recalc-dims=\"1\" \/><\/a><\/figure>\n<figure class=\"wp-block-image\"><a href=\"https:\/\/i0.wp.com\/www.avlaremoz.com\/wp-content\/uploads\/2021\/12\/11.jpg?ssl=1\"><img decoding=\"async\" class=\"wp-image-20142\" src=\"https:\/\/i0.wp.com\/sp-ao.shortpixel.ai\/client\/to_webp,q_glossy,ret_img,w_591,h_232\/https:\/\/www.avlaremoz.com\/wp-content\/uploads\/2021\/12\/11.jpg?ssl=1\" alt=\"\" data-recalc-dims=\"1\" \/><\/a><\/figure>\n<figure class=\"wp-block-image\"><a href=\"https:\/\/i0.wp.com\/www.avlaremoz.com\/wp-content\/uploads\/2021\/12\/10.jpg?ssl=1\"><img decoding=\"async\" class=\"wp-image-20141\" src=\"https:\/\/i2.wp.com\/sp-ao.shortpixel.ai\/client\/to_webp,q_glossy,ret_img,w_594,h_426\/https:\/\/www.avlaremoz.com\/wp-content\/uploads\/2021\/12\/10.jpg?ssl=1\" alt=\"\" data-recalc-dims=\"1\" \/><\/a><\/figure>\n<figure class=\"wp-block-image\"><a href=\"https:\/\/i2.wp.com\/www.avlaremoz.com\/wp-content\/uploads\/2021\/12\/09.jpg?ssl=1\"><img decoding=\"async\" class=\"wp-image-20140\" src=\"https:\/\/i2.wp.com\/sp-ao.shortpixel.ai\/client\/to_webp,q_glossy,ret_img,w_595,h_423\/https:\/\/www.avlaremoz.com\/wp-content\/uploads\/2021\/12\/09.jpg?ssl=1\" alt=\"\" data-recalc-dims=\"1\" \/><\/a><\/figure>\n<figure class=\"wp-block-image\"><a href=\"https:\/\/i0.wp.com\/www.avlaremoz.com\/wp-content\/uploads\/2021\/12\/08.jpg?ssl=1\"><img decoding=\"async\" class=\"wp-image-20139\" src=\"https:\/\/i1.wp.com\/sp-ao.shortpixel.ai\/client\/to_webp,q_glossy,ret_img,w_584,h_238\/https:\/\/www.avlaremoz.com\/wp-content\/uploads\/2021\/12\/08.jpg?ssl=1\" alt=\"\" data-recalc-dims=\"1\" \/><\/a><\/figure>\n<figure class=\"wp-block-image\"><a href=\"https:\/\/i1.wp.com\/www.avlaremoz.com\/wp-content\/uploads\/2021\/12\/07.jpg?ssl=1\"><img decoding=\"async\" class=\"wp-image-20138\" src=\"https:\/\/i0.wp.com\/sp-ao.shortpixel.ai\/client\/to_webp,q_glossy,ret_img,w_581,h_238\/https:\/\/www.avlaremoz.com\/wp-content\/uploads\/2021\/12\/07.jpg?ssl=1\" alt=\"\" data-recalc-dims=\"1\" \/><\/a><\/figure>\n<figure class=\"wp-block-image\"><a href=\"https:\/\/i1.wp.com\/www.avlaremoz.com\/wp-content\/uploads\/2021\/12\/06.jpg?ssl=1\"><img decoding=\"async\" class=\"wp-image-20137\" src=\"https:\/\/i2.wp.com\/sp-ao.shortpixel.ai\/client\/to_webp,q_glossy,ret_img,w_586,h_286\/https:\/\/www.avlaremoz.com\/wp-content\/uploads\/2021\/12\/06.jpg?ssl=1\" alt=\"\" data-recalc-dims=\"1\" \/><\/a><\/figure>\n<p><em><strong><a href=\"https:\/\/www.avlaremoz.com\/2021\/12\/23\/bestepedeki-gorusme-uzerinden-antisemit-mesajlar-serdar-korucu\/\">https:\/\/www.avlaremoz.com\/2021\/12\/23\/bestepedeki-gorusme-uzerinden-antisemit-mesajlar-serdar-korucu\/<\/a>\u00a0<\/strong><\/em><\/p>\n","protected":false},"excerpt":{"rendered":"<p>Serdar Korucu Cumhurba\u015fkan\u0131 Erdo\u011fan, T\u00fcrk Yahudi Toplumu ve \u0130slam \u00dclkeleri Hahamlar \u0130ttifak\u0131 \u00dcyeleri ile Cumhurba\u015fkanl\u0131\u011f\u0131 K\u00fclliyesi\u2019nde g\u00f6r\u00fc\u015ft\u00fc. Bu g\u00f6r\u00fc\u015fme sosyal payla\u015f\u0131m platformu Twitter\u2019da g\u00fcndem olurken payla\u015f\u0131lan mesajlar aras\u0131nda antisemit i\u00e7erikliler de vard\u0131. Cumhurba\u015fkan\u0131 Erdo\u011fan, \u00c7ar\u015famba g\u00fcn\u00fc T\u00fcrk Yahudi Toplumu ve \u0130slam \u00dclkeleri Hahamlar \u0130ttifak\u0131 \u00dcyeleri ile Cumhurba\u015fkanl\u0131\u011f\u0131 K\u00fclliyesi\u2019nde bir araya geldi. Cumhurba\u015fkan\u0131\u2019n\u0131n g\u00fcndeminde T\u00fcrkiye-\u0130srail ili\u015fkileri [&hellip;]<\/p>\n","protected":false},"author":7,"featured_media":66413,"comment_status":"open","ping_status":"open","sticky":false,"template":"","format":"standard","meta":{"footnotes":""},"categories":[1,53],"tags":[],"class_list":["post-66412","post","type-post","status-publish","format-standard","has-post-thumbnail","hentry","category-haberler","category-turkiyede-azinliklar"],"yoast_head":"<!-- This site is optimized with the Yoast SEO plugin v27.4 - https:\/\/yoast.com\/product\/yoast-seo-wordpress\/ -->\n<title>Be\u015ftepe\u2019deki G\u00f6r\u00fc\u015fme \u00dczerinden Antisemit Mesajlar - Bati Ermenistan Ve Bati Ermenileri Sorunlari Ara\u015ftirmalar Merkezi<\/title>\n<meta name=\"robots\" content=\"index, follow, max-snippet:-1, max-image-preview:large, max-video-preview:-1\" \/>\n<link rel=\"canonical\" href=\"https:\/\/akunq.net\/tr\/?p=66412\" \/>\n<meta property=\"og:locale\" content=\"en_US\" \/>\n<meta property=\"og:type\" content=\"article\" \/>\n<meta property=\"og:title\" content=\"Be\u015ftepe\u2019deki G\u00f6r\u00fc\u015fme \u00dczerinden Antisemit Mesajlar - Bati Ermenistan Ve Bati Ermenileri Sorunlari Ara\u015ftirmalar Merkezi\" \/>\n<meta property=\"og:description\" content=\"Serdar Korucu Cumhurba\u015fkan\u0131 Erdo\u011fan, T\u00fcrk Yahudi Toplumu ve \u0130slam \u00dclkeleri Hahamlar \u0130ttifak\u0131 \u00dcyeleri ile Cumhurba\u015fkanl\u0131\u011f\u0131 K\u00fclliyesi\u2019nde g\u00f6r\u00fc\u015ft\u00fc. Bu g\u00f6r\u00fc\u015fme sosyal payla\u015f\u0131m platformu Twitter\u2019da g\u00fcndem olurken payla\u015f\u0131lan mesajlar aras\u0131nda antisemit i\u00e7erikliler de vard\u0131. Cumhurba\u015fkan\u0131 Erdo\u011fan, \u00c7ar\u015famba g\u00fcn\u00fc T\u00fcrk Yahudi Toplumu ve \u0130slam \u00dclkeleri Hahamlar \u0130ttifak\u0131 \u00dcyeleri ile Cumhurba\u015fkanl\u0131\u011f\u0131 K\u00fclliyesi\u2019nde bir araya geldi. Cumhurba\u015fkan\u0131\u2019n\u0131n g\u00fcndeminde T\u00fcrkiye-\u0130srail ili\u015fkileri [&hellip;]\" \/>\n<meta property=\"og:url\" content=\"https:\/\/akunq.net\/tr\/?p=66412\" \/>\n<meta property=\"og:site_name\" content=\"Bati Ermenistan Ve Bati Ermenileri Sorunlari Ara\u015ftirmalar Merkezi\" \/>\n<meta property=\"article:published_time\" content=\"2021-12-24T07:27:37+00:00\" \/>\n<meta property=\"og:image\" content=\"https:\/\/akunq.net\/tr\/wp-content\/uploads\/sites\/6\/2021\/12\/Antisemit-Mesajlar.jpg\" \/>\n\t<meta property=\"og:image:width\" content=\"588\" \/>\n\t<meta property=\"og:image:height\" content=\"672\" \/>\n\t<meta property=\"og:image:type\" content=\"image\/jpeg\" \/>\n<meta name=\"author\" content=\"admin\" \/>\n<meta name=\"twitter:card\" content=\"summary_large_image\" \/>\n<meta name=\"twitter:label1\" content=\"Written by\" \/>\n\t<meta name=\"twitter:data1\" content=\"admin\" \/>\n\t<meta name=\"twitter:label2\" content=\"Est. reading time\" \/>\n\t<meta name=\"twitter:data2\" content=\"1 minute\" \/>\n<script type=\"application\/ld+json\" class=\"yoast-schema-graph\">{\"@context\":\"https:\\\/\\\/schema.org\",\"@graph\":[{\"@type\":\"Article\",\"@id\":\"https:\\\/\\\/akunq.net\\\/tr\\\/?p=66412#article\",\"isPartOf\":{\"@id\":\"https:\\\/\\\/akunq.net\\\/tr\\\/?p=66412\"},\"author\":{\"name\":\"admin\",\"@id\":\"https:\\\/\\\/akunq.net\\\/tr\\\/#\\\/schema\\\/person\\\/096f1d38a12cce57fb855b485ed24c9e\"},\"headline\":\"Be\u015ftepe\u2019deki G\u00f6r\u00fc\u015fme \u00dczerinden Antisemit Mesajlar\",\"datePublished\":\"2021-12-24T07:27:37+00:00\",\"mainEntityOfPage\":{\"@id\":\"https:\\\/\\\/akunq.net\\\/tr\\\/?p=66412\"},\"wordCount\":161,\"commentCount\":0,\"image\":{\"@id\":\"https:\\\/\\\/akunq.net\\\/tr\\\/?p=66412#primaryimage\"},\"thumbnailUrl\":\"https:\\\/\\\/akunq.net\\\/tr\\\/wp-content\\\/uploads\\\/sites\\\/6\\\/2021\\\/12\\\/Antisemit-Mesajlar.jpg\",\"articleSection\":[\"Haberler\",\"T\u00fcrkiye\u2019de Az\u0131nl\u0131klar\"],\"inLanguage\":\"en-US\",\"potentialAction\":[{\"@type\":\"CommentAction\",\"name\":\"Comment\",\"target\":[\"https:\\\/\\\/akunq.net\\\/tr\\\/?p=66412#respond\"]}]},{\"@type\":\"WebPage\",\"@id\":\"https:\\\/\\\/akunq.net\\\/tr\\\/?p=66412\",\"url\":\"https:\\\/\\\/akunq.net\\\/tr\\\/?p=66412\",\"name\":\"Be\u015ftepe\u2019deki G\u00f6r\u00fc\u015fme \u00dczerinden Antisemit Mesajlar - Bati Ermenistan Ve Bati Ermenileri Sorunlari Ara\u015ftirmalar Merkezi\",\"isPartOf\":{\"@id\":\"https:\\\/\\\/akunq.net\\\/tr\\\/#website\"},\"primaryImageOfPage\":{\"@id\":\"https:\\\/\\\/akunq.net\\\/tr\\\/?p=66412#primaryimage\"},\"image\":{\"@id\":\"https:\\\/\\\/akunq.net\\\/tr\\\/?p=66412#primaryimage\"},\"thumbnailUrl\":\"https:\\\/\\\/akunq.net\\\/tr\\\/wp-content\\\/uploads\\\/sites\\\/6\\\/2021\\\/12\\\/Antisemit-Mesajlar.jpg\",\"datePublished\":\"2021-12-24T07:27:37+00:00\",\"author\":{\"@id\":\"https:\\\/\\\/akunq.net\\\/tr\\\/#\\\/schema\\\/person\\\/096f1d38a12cce57fb855b485ed24c9e\"},\"breadcrumb\":{\"@id\":\"https:\\\/\\\/akunq.net\\\/tr\\\/?p=66412#breadcrumb\"},\"inLanguage\":\"en-US\",\"potentialAction\":[{\"@type\":\"ReadAction\",\"target\":[\"https:\\\/\\\/akunq.net\\\/tr\\\/?p=66412\"]}]},{\"@type\":\"ImageObject\",\"inLanguage\":\"en-US\",\"@id\":\"https:\\\/\\\/akunq.net\\\/tr\\\/?p=66412#primaryimage\",\"url\":\"https:\\\/\\\/akunq.net\\\/tr\\\/wp-content\\\/uploads\\\/sites\\\/6\\\/2021\\\/12\\\/Antisemit-Mesajlar.jpg\",\"contentUrl\":\"https:\\\/\\\/akunq.net\\\/tr\\\/wp-content\\\/uploads\\\/sites\\\/6\\\/2021\\\/12\\\/Antisemit-Mesajlar.jpg\",\"width\":588,\"height\":672},{\"@type\":\"BreadcrumbList\",\"@id\":\"https:\\\/\\\/akunq.net\\\/tr\\\/?p=66412#breadcrumb\",\"itemListElement\":[{\"@type\":\"ListItem\",\"position\":1,\"name\":\"Home\",\"item\":\"https:\\\/\\\/akunq.net\\\/tr\"},{\"@type\":\"ListItem\",\"position\":2,\"name\":\"Be\u015ftepe\u2019deki G\u00f6r\u00fc\u015fme \u00dczerinden Antisemit Mesajlar\"}]},{\"@type\":\"WebSite\",\"@id\":\"https:\\\/\\\/akunq.net\\\/tr\\\/#website\",\"url\":\"https:\\\/\\\/akunq.net\\\/tr\\\/\",\"name\":\"Bati Ermenistan Ve Bati Ermenileri Sorunlari Ara\u015ftirmalar Merkezi\",\"description\":\"\",\"potentialAction\":[{\"@type\":\"SearchAction\",\"target\":{\"@type\":\"EntryPoint\",\"urlTemplate\":\"https:\\\/\\\/akunq.net\\\/tr\\\/?s={search_term_string}\"},\"query-input\":{\"@type\":\"PropertyValueSpecification\",\"valueRequired\":true,\"valueName\":\"search_term_string\"}}],\"inLanguage\":\"en-US\"},{\"@type\":\"Person\",\"@id\":\"https:\\\/\\\/akunq.net\\\/tr\\\/#\\\/schema\\\/person\\\/096f1d38a12cce57fb855b485ed24c9e\",\"name\":\"admin\",\"url\":\"https:\\\/\\\/akunq.net\\\/tr\\\/?author=7\"}]}<\/script>\n<!-- \/ Yoast SEO plugin. -->","yoast_head_json":{"title":"Be\u015ftepe\u2019deki G\u00f6r\u00fc\u015fme \u00dczerinden Antisemit Mesajlar - Bati Ermenistan Ve Bati Ermenileri Sorunlari Ara\u015ftirmalar Merkezi","robots":{"index":"index","follow":"follow","max-snippet":"max-snippet:-1","max-image-preview":"max-image-preview:large","max-video-preview":"max-video-preview:-1"},"canonical":"https:\/\/akunq.net\/tr\/?p=66412","og_locale":"en_US","og_type":"article","og_title":"Be\u015ftepe\u2019deki G\u00f6r\u00fc\u015fme \u00dczerinden Antisemit Mesajlar - Bati Ermenistan Ve Bati Ermenileri Sorunlari Ara\u015ftirmalar Merkezi","og_description":"Serdar Korucu Cumhurba\u015fkan\u0131 Erdo\u011fan, T\u00fcrk Yahudi Toplumu ve \u0130slam \u00dclkeleri Hahamlar \u0130ttifak\u0131 \u00dcyeleri ile Cumhurba\u015fkanl\u0131\u011f\u0131 K\u00fclliyesi\u2019nde g\u00f6r\u00fc\u015ft\u00fc. Bu g\u00f6r\u00fc\u015fme sosyal payla\u015f\u0131m platformu Twitter\u2019da g\u00fcndem olurken payla\u015f\u0131lan mesajlar aras\u0131nda antisemit i\u00e7erikliler de vard\u0131. Cumhurba\u015fkan\u0131 Erdo\u011fan, \u00c7ar\u015famba g\u00fcn\u00fc T\u00fcrk Yahudi Toplumu ve \u0130slam \u00dclkeleri Hahamlar \u0130ttifak\u0131 \u00dcyeleri ile Cumhurba\u015fkanl\u0131\u011f\u0131 K\u00fclliyesi\u2019nde bir araya geldi. Cumhurba\u015fkan\u0131\u2019n\u0131n g\u00fcndeminde T\u00fcrkiye-\u0130srail ili\u015fkileri [&hellip;]","og_url":"https:\/\/akunq.net\/tr\/?p=66412","og_site_name":"Bati Ermenistan Ve Bati Ermenileri Sorunlari Ara\u015ftirmalar Merkezi","article_published_time":"2021-12-24T07:27:37+00:00","og_image":[{"width":588,"height":672,"url":"https:\/\/akunq.net\/tr\/wp-content\/uploads\/sites\/6\/2021\/12\/Antisemit-Mesajlar.jpg","type":"image\/jpeg"}],"author":"admin","twitter_card":"summary_large_image","twitter_misc":{"Written by":"admin","Est. reading time":"1 minute"},"schema":{"@context":"https:\/\/schema.org","@graph":[{"@type":"Article","@id":"https:\/\/akunq.net\/tr\/?p=66412#article","isPartOf":{"@id":"https:\/\/akunq.net\/tr\/?p=66412"},"author":{"name":"admin","@id":"https:\/\/akunq.net\/tr\/#\/schema\/person\/096f1d38a12cce57fb855b485ed24c9e"},"headline":"Be\u015ftepe\u2019deki G\u00f6r\u00fc\u015fme \u00dczerinden Antisemit Mesajlar","datePublished":"2021-12-24T07:27:37+00:00","mainEntityOfPage":{"@id":"https:\/\/akunq.net\/tr\/?p=66412"},"wordCount":161,"commentCount":0,"image":{"@id":"https:\/\/akunq.net\/tr\/?p=66412#primaryimage"},"thumbnailUrl":"https:\/\/akunq.net\/tr\/wp-content\/uploads\/sites\/6\/2021\/12\/Antisemit-Mesajlar.jpg","articleSection":["Haberler","T\u00fcrkiye\u2019de Az\u0131nl\u0131klar"],"inLanguage":"en-US","potentialAction":[{"@type":"CommentAction","name":"Comment","target":["https:\/\/akunq.net\/tr\/?p=66412#respond"]}]},{"@type":"WebPage","@id":"https:\/\/akunq.net\/tr\/?p=66412","url":"https:\/\/akunq.net\/tr\/?p=66412","name":"Be\u015ftepe\u2019deki G\u00f6r\u00fc\u015fme \u00dczerinden Antisemit Mesajlar - Bati Ermenistan Ve Bati Ermenileri Sorunlari Ara\u015ftirmalar Merkezi","isPartOf":{"@id":"https:\/\/akunq.net\/tr\/#website"},"primaryImageOfPage":{"@id":"https:\/\/akunq.net\/tr\/?p=66412#primaryimage"},"image":{"@id":"https:\/\/akunq.net\/tr\/?p=66412#primaryimage"},"thumbnailUrl":"https:\/\/akunq.net\/tr\/wp-content\/uploads\/sites\/6\/2021\/12\/Antisemit-Mesajlar.jpg","datePublished":"2021-12-24T07:27:37+00:00","author":{"@id":"https:\/\/akunq.net\/tr\/#\/schema\/person\/096f1d38a12cce57fb855b485ed24c9e"},"breadcrumb":{"@id":"https:\/\/akunq.net\/tr\/?p=66412#breadcrumb"},"inLanguage":"en-US","potentialAction":[{"@type":"ReadAction","target":["https:\/\/akunq.net\/tr\/?p=66412"]}]},{"@type":"ImageObject","inLanguage":"en-US","@id":"https:\/\/akunq.net\/tr\/?p=66412#primaryimage","url":"https:\/\/akunq.net\/tr\/wp-content\/uploads\/sites\/6\/2021\/12\/Antisemit-Mesajlar.jpg","contentUrl":"https:\/\/akunq.net\/tr\/wp-content\/uploads\/sites\/6\/2021\/12\/Antisemit-Mesajlar.jpg","width":588,"height":672},{"@type":"BreadcrumbList","@id":"https:\/\/akunq.net\/tr\/?p=66412#breadcrumb","itemListElement":[{"@type":"ListItem","position":1,"name":"Home","item":"https:\/\/akunq.net\/tr"},{"@type":"ListItem","position":2,"name":"Be\u015ftepe\u2019deki G\u00f6r\u00fc\u015fme \u00dczerinden Antisemit Mesajlar"}]},{"@type":"WebSite","@id":"https:\/\/akunq.net\/tr\/#website","url":"https:\/\/akunq.net\/tr\/","name":"Bati Ermenistan Ve Bati Ermenileri Sorunlari Ara\u015ftirmalar Merkezi","description":"","potentialAction":[{"@type":"SearchAction","target":{"@type":"EntryPoint","urlTemplate":"https:\/\/akunq.net\/tr\/?s={search_term_string}"},"query-input":{"@type":"PropertyValueSpecification","valueRequired":true,"valueName":"search_term_string"}}],"inLanguage":"en-US"},{"@type":"Person","@id":"https:\/\/akunq.net\/tr\/#\/schema\/person\/096f1d38a12cce57fb855b485ed24c9e","name":"admin","url":"https:\/\/akunq.net\/tr\/?author=7"}]}},"_links":{"self":[{"href":"https:\/\/akunq.net\/tr\/index.php?rest_route=\/wp\/v2\/posts\/66412","targetHints":{"allow":["GET"]}}],"collection":[{"href":"https:\/\/akunq.net\/tr\/index.php?rest_route=\/wp\/v2\/posts"}],"about":[{"href":"https:\/\/akunq.net\/tr\/index.php?rest_route=\/wp\/v2\/types\/post"}],"author":[{"embeddable":true,"href":"https:\/\/akunq.net\/tr\/index.php?rest_route=\/wp\/v2\/users\/7"}],"replies":[{"embeddable":true,"href":"https:\/\/akunq.net\/tr\/index.php?rest_route=%2Fwp%2Fv2%2Fcomments&post=66412"}],"version-history":[{"count":1,"href":"https:\/\/akunq.net\/tr\/index.php?rest_route=\/wp\/v2\/posts\/66412\/revisions"}],"predecessor-version":[{"id":66414,"href":"https:\/\/akunq.net\/tr\/index.php?rest_route=\/wp\/v2\/posts\/66412\/revisions\/66414"}],"wp:featuredmedia":[{"embeddable":true,"href":"https:\/\/akunq.net\/tr\/index.php?rest_route=\/wp\/v2\/media\/66413"}],"wp:attachment":[{"href":"https:\/\/akunq.net\/tr\/index.php?rest_route=%2Fwp%2Fv2%2Fmedia&parent=66412"}],"wp:term":[{"taxonomy":"category","embeddable":true,"href":"https:\/\/akunq.net\/tr\/index.php?rest_route=%2Fwp%2Fv2%2Fcategories&post=66412"},{"taxonomy":"post_tag","embeddable":true,"href":"https:\/\/akunq.net\/tr\/index.php?rest_route=%2Fwp%2Fv2%2Ftags&post=66412"}],"curies":[{"name":"wp","href":"https:\/\/api.w.org\/{rel}","templated":true}]}}