{"id":66403,"date":"2021-12-24T01:49:07","date_gmt":"2021-12-24T06:49:07","guid":{"rendered":"https:\/\/akunq.net\/tr\/?p=66403"},"modified":"2021-12-24T01:49:07","modified_gmt":"2021-12-24T06:49:07","slug":"izmirde-yakilarak-oldurulen-3-suriyeli-icin-tbmmye-soru-onergeleri","status":"publish","type":"post","link":"https:\/\/akunq.net\/tr\/?p=66403","title":{"rendered":"\u0130zmir&#8217;de yak\u0131larak \u00f6ld\u00fcr\u00fclen 3 Suriyeli i\u00e7in TBMM&#8217;ye soru \u00f6nergeleri"},"content":{"rendered":"<p><img loading=\"lazy\" decoding=\"async\" class=\"aligncenter size-medium wp-image-66404\" src=\"https:\/\/akunq.net\/tr\/wp-content\/uploads\/2021\/12\/yak\u0131larak-\u00f6ld\u00fcr\u00fclen-3-Suriyeli-360x203.jpg\" alt=\"\" width=\"360\" height=\"203\" srcset=\"https:\/\/akunq.net\/tr\/wp-content\/uploads\/sites\/6\/2021\/12\/yak\u0131larak-\u00f6ld\u00fcr\u00fclen-3-Suriyeli-360x203.jpg 360w, https:\/\/akunq.net\/tr\/wp-content\/uploads\/sites\/6\/2021\/12\/yak\u0131larak-\u00f6ld\u00fcr\u00fclen-3-Suriyeli-768x432.jpg 768w, https:\/\/akunq.net\/tr\/wp-content\/uploads\/sites\/6\/2021\/12\/yak\u0131larak-\u00f6ld\u00fcr\u00fclen-3-Suriyeli-560x315.jpg 560w, https:\/\/akunq.net\/tr\/wp-content\/uploads\/sites\/6\/2021\/12\/yak\u0131larak-\u00f6ld\u00fcr\u00fclen-3-Suriyeli-260x146.jpg 260w, https:\/\/akunq.net\/tr\/wp-content\/uploads\/sites\/6\/2021\/12\/yak\u0131larak-\u00f6ld\u00fcr\u00fclen-3-Suriyeli-160x90.jpg 160w, https:\/\/akunq.net\/tr\/wp-content\/uploads\/sites\/6\/2021\/12\/yak\u0131larak-\u00f6ld\u00fcr\u00fclen-3-Suriyeli.jpg 800w\" sizes=\"auto, (max-width: 360px) 100vw, 360px\" \/><\/p>\n<p><em><strong>HDP (Halklar\u0131n Demokratik Partisi) Ankara Milletvekili Filiz Kerestecio\u011flu, Suriyeli 3 gencini \u0130zmir&#8217;de kald\u0131klar\u0131 barakada yak\u0131larak \u00f6ld\u00fcr\u00fclmesi hakk\u0131nda Cumhurba\u015fkan\u0131 Yard\u0131mc\u0131s\u0131 Fuat Oktay taraf\u0131ndan yan\u0131tlanmas\u0131 talebiyle TBMM&#8217;ye soru \u00f6nergesi iletti. Ayr\u0131ca \u00d6mer Faruk Gergerlio\u011flu ve Mustafa Yenero\u011flu&#8217;ndan da \u0130\u00e7i\u015fleri Bakanl\u0131\u011f\u0131&#8217;n\u0131n yan\u0131tlamas\u0131 talebiyle TBMM&#8217;ye soru \u00f6nergeleri iletildi.<\/strong><\/em><\/p>\n<p>Kerestecio\u011flu \u00f6nergesinde \u015fu ifadelere yer verdi:<\/p>\n<p>&#8220;Suriyeli \u00fc\u00e7 m\u00fclteci Mamoun al-Nabhan, Ahmed al-Ali ve Muhammed el-Bish 16 Kas\u0131m 2021\u2019de \u0130zmir G\u00fczelbah\u00e7e\u2019de kald\u0131klar\u0131 barakan\u0131n yak\u0131lmas\u0131 sonucu a\u011f\u0131r \u015fekilde yaralanm\u0131\u015ft\u0131r. Yang\u0131n\u0131 g\u00f6ren i\u015fyeri arkada\u015flar\u0131 h\u0131zla itfaiye ve ambulans \u00e7a\u011f\u0131rsa da yap\u0131lan m\u00fcdahaleler 3 gencin hayat\u0131n\u0131 kurtarmaya yetmemi\u015ftir.<\/p>\n<p>Emniyet ve \u0130tfaiye ekipleri olay yeri incelemesinin ard\u0131ndan yang\u0131n\u0131n elektrik sobas\u0131ndan \u00e7\u0131kt\u0131\u011f\u0131n\u0131 belirtmi\u015flerdir. Ancak yang\u0131ndan bir \u00f6nceki ak\u015fam bir i\u015f\u00e7inin Urla\u2019daki arkada\u015f\u0131na \u201coras\u0131 yanacak, o Suriyeliler bug\u00fcn \u00f6lecek\u201d dedi\u011fi, i\u015f yeri \u00e7al\u0131\u015fanlar\u0131n\u0131n da bu duyum sonras\u0131nda i\u015f yeri sahibi ve avukatlar\u0131na bilgi verdi\u011fi \u00f6\u011frenilmi\u015ftir. Bu duyumun emniyete bildirilmesiyle teknik takibe al\u0131nan sald\u0131rgan, 26 Kas\u0131m 2021\u2019de bu kez iddia bayii sahibi bir ki\u015fiyle e\u015fini b\u0131\u00e7aklam\u0131\u015f, olay yerinden ka\u00e7arken yakalanm\u0131\u015ft\u0131r. Sald\u0131rgan ifadesinde, Suriyeli m\u00fcltecileri benzin d\u00f6kerek yakt\u0131\u011f\u0131n\u0131 ve bu su\u00e7u tasarlayarak i\u015fledi\u011fini itiraf etmi\u015f ve tutuklanm\u0131\u015ft\u0131r. Ayr\u0131ca katil zanl\u0131s\u0131n\u0131n ifadesinde bir d\u00f6nem J\u0130TEM\u2019le \u00e7al\u0131\u015ft\u0131\u011f\u0131, \u201ctemizlik\u201d notu g\u00f6r\u00fcnce bundan Suriyelilerin \u201ctemizlenmesi\u201d gerekti\u011fini anlad\u0131\u011f\u0131 iddialar\u0131 yer almaktad\u0131r.<\/p>\n<p>Kundaklaman\u0131n hemen ard\u0131ndan hayat\u0131n\u0131 kaybeden gen\u00e7lerin aileleri karakola \u00e7a\u011fr\u0131ld\u0131klar\u0131n\u0131 ve soru\u015fturman\u0131n gizlili\u011fi i\u00e7in susmalar\u0131 konusunda uyar\u0131ld\u0131klar\u0131n\u0131 a\u00e7\u0131klam\u0131\u015flard\u0131r. M\u00fcltecilere y\u00f6nelik bu \u0131rk\u00e7\u0131 sald\u0131r\u0131, olay\u0131n ger\u00e7ekle\u015fmesinden 35 g\u00fcn sonra, Suriye \u0130nsan Haklar\u0131 G\u00f6zlemevi\u2019nin a\u00e7\u0131klamas\u0131yla bas\u0131na yans\u0131m\u0131\u015ft\u0131r. G\u00f6rg\u00fc tan\u0131klar\u0131n\u0131n iddialar\u0131na ra\u011fmen olay yeri inceleme ekibinin, ilk etapta yang\u0131n\u0131n elektrik sobas\u0131ndan kaynakland\u0131\u011f\u0131n\u0131 s\u00f6ylemesi ve olay\u0131n bas\u0131ndan gizlenmesi bu \u0131rk\u00e7\u0131 sald\u0131r\u0131n\u0131n \u00fcst\u00fcn\u00fcn \u00f6rt\u00fclmek istendi\u011fi izlenimini yaratmaktad\u0131r.<\/p>\n<p>Bu ba\u011flamda;<\/p>\n<p>1) Olay yerinde ilk incelemeyi yapan ekip yang\u0131n\u0131n elektrikli sobadan \u00e7\u0131kt\u0131\u011f\u0131na nas\u0131l karar vermi\u015ftir? Yanl\u0131\u015f y\u00f6nlendirme yapan ekip hakk\u0131nda soru\u015fturma a\u00e7\u0131lm\u0131\u015f m\u0131d\u0131r?<\/p>\n<p>2) Sald\u0131rgan, yang\u0131ndan 10 g\u00fcn sonra \u00fcstelik ba\u015fka bir su\u00e7a kar\u0131\u015farak yakaland\u0131\u011f\u0131 halde olay neden bas\u0131ndan gizlenmi\u015ftir?<\/p>\n<p>3) Sald\u0131rgan\u0131n J\u0130TEM\u2019le ba\u011flant\u0131s\u0131 oldu\u011fu iddialar\u0131 do\u011fru mudur?<\/p>\n<p>4) Teknik takip alt\u0131nda olan sald\u0131rgan nas\u0131l ba\u015fka ki\u015fileri b\u0131\u00e7aklayabilmi\u015ftir?<\/p>\n<p>5 Son d\u00f6nemde y\u00fckselen g\u00f6\u00e7men ve m\u00fcltecilere y\u00f6nelik nefret s\u00f6ylemini ve \u0131rk\u00e7\u0131 sald\u0131r\u0131lar\u0131 \u00f6nlemek i\u00e7in bir \u00e7al\u0131\u015fmalar\u0131n\u0131z nedir?&#8221;<\/p>\n<p>Ayr\u0131ca HDP milletvekili \u00d6mer Faruk Gergerllio\u011flu ve\u00a0DEVA Partisi Hukuk ve Adalet Politikalar\u0131ndan sorumlu Genel Ba\u015fkan Yard\u0131mc\u0131s\u0131 Mustafa Yenero\u011flu da benzer gerek\u00e7e ve sorularla, \u0130\u00e7i\u015fleri Bakanl\u0131\u011f\u0131&#8217;n\u0131n yan\u0131tlamas\u0131 talebiyle TBMM&#8217;ye soru \u00f6nergesi iletti.<\/p>\n<p>Yenero\u011flu \u00f6nergesinde\u00a0&#8220;Suriyeli gen\u00e7lerin ailelerinin karakola \u00e7a\u011f\u0131r\u0131larak, susmalar\u0131 i\u00e7in uyar\u0131ld\u0131klar\u0131 iddias\u0131 do\u011fru mudur?\u201d sorusunu y\u00f6neltti.<\/p>\n<p>Gergerlio\u011flu da \u00f6nergesinde &#8220;Zafer Partisi Genel Ba\u015fkan\u0131 \u00dcmit \u00d6zda\u011f, Bolu Belediye Ba\u015fkan\u0131 Tanju \u00d6zcan\u2019\u0131n yapm\u0131\u015f oldu\u011fu a\u00e7\u0131klamalar\u0131n bu katliam\u0131n failini cesaretlendirdi\u011fi\u00a0 konusunda bir ara\u015ft\u0131rma yap\u0131lm\u0131\u015f m\u0131d\u0131r?&#8221; ifadesine yer verdi.<\/p>\n<p><em><strong>http:\/\/www.agos.com.tr\/tr\/yazi\/26564\/izmir-de-yakilarak-oldurulen-3-suriyeli-icin-tbmm-ye-soru-onergeleri\u00a0<\/strong><\/em><\/p>\n","protected":false},"excerpt":{"rendered":"<p>HDP (Halklar\u0131n Demokratik Partisi) Ankara Milletvekili Filiz Kerestecio\u011flu, Suriyeli 3 gencini \u0130zmir&#8217;de kald\u0131klar\u0131 barakada yak\u0131larak \u00f6ld\u00fcr\u00fclmesi hakk\u0131nda Cumhurba\u015fkan\u0131 Yard\u0131mc\u0131s\u0131 Fuat Oktay taraf\u0131ndan yan\u0131tlanmas\u0131 talebiyle TBMM&#8217;ye soru \u00f6nergesi iletti. Ayr\u0131ca \u00d6mer Faruk Gergerlio\u011flu ve Mustafa Yenero\u011flu&#8217;ndan da \u0130\u00e7i\u015fleri Bakanl\u0131\u011f\u0131&#8217;n\u0131n yan\u0131tlamas\u0131 talebiyle TBMM&#8217;ye soru \u00f6nergeleri iletildi. Kerestecio\u011flu \u00f6nergesinde \u015fu ifadelere yer verdi: &#8220;Suriyeli \u00fc\u00e7 m\u00fclteci Mamoun al-Nabhan, [&hellip;]<\/p>\n","protected":false},"author":7,"featured_media":66404,"comment_status":"open","ping_status":"open","sticky":false,"template":"","format":"standard","meta":{"footnotes":""},"categories":[1],"tags":[],"class_list":["post-66403","post","type-post","status-publish","format-standard","has-post-thumbnail","hentry","category-haberler"],"yoast_head":"<!-- This site is optimized with the Yoast SEO plugin v27.4 - https:\/\/yoast.com\/product\/yoast-seo-wordpress\/ -->\n<title>\u0130zmir&#039;de yak\u0131larak \u00f6ld\u00fcr\u00fclen 3 Suriyeli i\u00e7in TBMM&#039;ye soru \u00f6nergeleri - Bati Ermenistan Ve Bati Ermenileri Sorunlari Ara\u015ftirmalar Merkezi<\/title>\n<meta name=\"robots\" content=\"index, follow, max-snippet:-1, max-image-preview:large, max-video-preview:-1\" \/>\n<link rel=\"canonical\" href=\"https:\/\/akunq.net\/tr\/?p=66403\" \/>\n<meta property=\"og:locale\" content=\"en_US\" \/>\n<meta property=\"og:type\" content=\"article\" \/>\n<meta property=\"og:title\" content=\"\u0130zmir&#039;de yak\u0131larak \u00f6ld\u00fcr\u00fclen 3 Suriyeli i\u00e7in TBMM&#039;ye soru \u00f6nergeleri - Bati Ermenistan Ve Bati Ermenileri Sorunlari Ara\u015ftirmalar Merkezi\" \/>\n<meta property=\"og:description\" content=\"HDP (Halklar\u0131n Demokratik Partisi) Ankara Milletvekili Filiz Kerestecio\u011flu, Suriyeli 3 gencini \u0130zmir&#8217;de kald\u0131klar\u0131 barakada yak\u0131larak \u00f6ld\u00fcr\u00fclmesi hakk\u0131nda Cumhurba\u015fkan\u0131 Yard\u0131mc\u0131s\u0131 Fuat Oktay taraf\u0131ndan yan\u0131tlanmas\u0131 talebiyle TBMM&#8217;ye soru \u00f6nergesi iletti. Ayr\u0131ca \u00d6mer Faruk Gergerlio\u011flu ve Mustafa Yenero\u011flu&#8217;ndan da \u0130\u00e7i\u015fleri Bakanl\u0131\u011f\u0131&#8217;n\u0131n yan\u0131tlamas\u0131 talebiyle TBMM&#8217;ye soru \u00f6nergeleri iletildi. Kerestecio\u011flu \u00f6nergesinde \u015fu ifadelere yer verdi: &#8220;Suriyeli \u00fc\u00e7 m\u00fclteci Mamoun al-Nabhan, [&hellip;]\" \/>\n<meta property=\"og:url\" content=\"https:\/\/akunq.net\/tr\/?p=66403\" \/>\n<meta property=\"og:site_name\" content=\"Bati Ermenistan Ve Bati Ermenileri Sorunlari Ara\u015ftirmalar Merkezi\" \/>\n<meta property=\"article:published_time\" content=\"2021-12-24T06:49:07+00:00\" \/>\n<meta property=\"og:image\" content=\"https:\/\/akunq.net\/tr\/wp-content\/uploads\/sites\/6\/2021\/12\/yak\u0131larak-\u00f6ld\u00fcr\u00fclen-3-Suriyeli.jpg\" \/>\n\t<meta property=\"og:image:width\" content=\"800\" \/>\n\t<meta property=\"og:image:height\" content=\"450\" \/>\n\t<meta property=\"og:image:type\" content=\"image\/jpeg\" \/>\n<meta name=\"author\" content=\"admin\" \/>\n<meta name=\"twitter:card\" content=\"summary_large_image\" \/>\n<meta name=\"twitter:label1\" content=\"Written by\" \/>\n\t<meta name=\"twitter:data1\" content=\"admin\" \/>\n\t<meta name=\"twitter:label2\" content=\"Est. reading time\" \/>\n\t<meta name=\"twitter:data2\" content=\"3 minutes\" \/>\n<script type=\"application\/ld+json\" class=\"yoast-schema-graph\">{\"@context\":\"https:\\\/\\\/schema.org\",\"@graph\":[{\"@type\":\"Article\",\"@id\":\"https:\\\/\\\/akunq.net\\\/tr\\\/?p=66403#article\",\"isPartOf\":{\"@id\":\"https:\\\/\\\/akunq.net\\\/tr\\\/?p=66403\"},\"author\":{\"name\":\"admin\",\"@id\":\"https:\\\/\\\/akunq.net\\\/tr\\\/#\\\/schema\\\/person\\\/096f1d38a12cce57fb855b485ed24c9e\"},\"headline\":\"\u0130zmir&#8217;de yak\u0131larak \u00f6ld\u00fcr\u00fclen 3 Suriyeli i\u00e7in TBMM&#8217;ye soru \u00f6nergeleri\",\"datePublished\":\"2021-12-24T06:49:07+00:00\",\"mainEntityOfPage\":{\"@id\":\"https:\\\/\\\/akunq.net\\\/tr\\\/?p=66403\"},\"wordCount\":642,\"commentCount\":0,\"image\":{\"@id\":\"https:\\\/\\\/akunq.net\\\/tr\\\/?p=66403#primaryimage\"},\"thumbnailUrl\":\"https:\\\/\\\/akunq.net\\\/tr\\\/wp-content\\\/uploads\\\/sites\\\/6\\\/2021\\\/12\\\/yak\u0131larak-\u00f6ld\u00fcr\u00fclen-3-Suriyeli.jpg\",\"articleSection\":[\"Haberler\"],\"inLanguage\":\"en-US\",\"potentialAction\":[{\"@type\":\"CommentAction\",\"name\":\"Comment\",\"target\":[\"https:\\\/\\\/akunq.net\\\/tr\\\/?p=66403#respond\"]}]},{\"@type\":\"WebPage\",\"@id\":\"https:\\\/\\\/akunq.net\\\/tr\\\/?p=66403\",\"url\":\"https:\\\/\\\/akunq.net\\\/tr\\\/?p=66403\",\"name\":\"\u0130zmir'de yak\u0131larak \u00f6ld\u00fcr\u00fclen 3 Suriyeli i\u00e7in TBMM'ye soru \u00f6nergeleri - Bati Ermenistan Ve Bati Ermenileri Sorunlari Ara\u015ftirmalar Merkezi\",\"isPartOf\":{\"@id\":\"https:\\\/\\\/akunq.net\\\/tr\\\/#website\"},\"primaryImageOfPage\":{\"@id\":\"https:\\\/\\\/akunq.net\\\/tr\\\/?p=66403#primaryimage\"},\"image\":{\"@id\":\"https:\\\/\\\/akunq.net\\\/tr\\\/?p=66403#primaryimage\"},\"thumbnailUrl\":\"https:\\\/\\\/akunq.net\\\/tr\\\/wp-content\\\/uploads\\\/sites\\\/6\\\/2021\\\/12\\\/yak\u0131larak-\u00f6ld\u00fcr\u00fclen-3-Suriyeli.jpg\",\"datePublished\":\"2021-12-24T06:49:07+00:00\",\"author\":{\"@id\":\"https:\\\/\\\/akunq.net\\\/tr\\\/#\\\/schema\\\/person\\\/096f1d38a12cce57fb855b485ed24c9e\"},\"breadcrumb\":{\"@id\":\"https:\\\/\\\/akunq.net\\\/tr\\\/?p=66403#breadcrumb\"},\"inLanguage\":\"en-US\",\"potentialAction\":[{\"@type\":\"ReadAction\",\"target\":[\"https:\\\/\\\/akunq.net\\\/tr\\\/?p=66403\"]}]},{\"@type\":\"ImageObject\",\"inLanguage\":\"en-US\",\"@id\":\"https:\\\/\\\/akunq.net\\\/tr\\\/?p=66403#primaryimage\",\"url\":\"https:\\\/\\\/akunq.net\\\/tr\\\/wp-content\\\/uploads\\\/sites\\\/6\\\/2021\\\/12\\\/yak\u0131larak-\u00f6ld\u00fcr\u00fclen-3-Suriyeli.jpg\",\"contentUrl\":\"https:\\\/\\\/akunq.net\\\/tr\\\/wp-content\\\/uploads\\\/sites\\\/6\\\/2021\\\/12\\\/yak\u0131larak-\u00f6ld\u00fcr\u00fclen-3-Suriyeli.jpg\",\"width\":800,\"height\":450},{\"@type\":\"BreadcrumbList\",\"@id\":\"https:\\\/\\\/akunq.net\\\/tr\\\/?p=66403#breadcrumb\",\"itemListElement\":[{\"@type\":\"ListItem\",\"position\":1,\"name\":\"Home\",\"item\":\"https:\\\/\\\/akunq.net\\\/tr\"},{\"@type\":\"ListItem\",\"position\":2,\"name\":\"\u0130zmir&#8217;de yak\u0131larak \u00f6ld\u00fcr\u00fclen 3 Suriyeli i\u00e7in TBMM&#8217;ye soru \u00f6nergeleri\"}]},{\"@type\":\"WebSite\",\"@id\":\"https:\\\/\\\/akunq.net\\\/tr\\\/#website\",\"url\":\"https:\\\/\\\/akunq.net\\\/tr\\\/\",\"name\":\"Bati Ermenistan Ve Bati Ermenileri Sorunlari Ara\u015ftirmalar Merkezi\",\"description\":\"\",\"potentialAction\":[{\"@type\":\"SearchAction\",\"target\":{\"@type\":\"EntryPoint\",\"urlTemplate\":\"https:\\\/\\\/akunq.net\\\/tr\\\/?s={search_term_string}\"},\"query-input\":{\"@type\":\"PropertyValueSpecification\",\"valueRequired\":true,\"valueName\":\"search_term_string\"}}],\"inLanguage\":\"en-US\"},{\"@type\":\"Person\",\"@id\":\"https:\\\/\\\/akunq.net\\\/tr\\\/#\\\/schema\\\/person\\\/096f1d38a12cce57fb855b485ed24c9e\",\"name\":\"admin\",\"url\":\"https:\\\/\\\/akunq.net\\\/tr\\\/?author=7\"}]}<\/script>\n<!-- \/ Yoast SEO plugin. -->","yoast_head_json":{"title":"\u0130zmir'de yak\u0131larak \u00f6ld\u00fcr\u00fclen 3 Suriyeli i\u00e7in TBMM'ye soru \u00f6nergeleri - Bati Ermenistan Ve Bati Ermenileri Sorunlari Ara\u015ftirmalar Merkezi","robots":{"index":"index","follow":"follow","max-snippet":"max-snippet:-1","max-image-preview":"max-image-preview:large","max-video-preview":"max-video-preview:-1"},"canonical":"https:\/\/akunq.net\/tr\/?p=66403","og_locale":"en_US","og_type":"article","og_title":"\u0130zmir'de yak\u0131larak \u00f6ld\u00fcr\u00fclen 3 Suriyeli i\u00e7in TBMM'ye soru \u00f6nergeleri - Bati Ermenistan Ve Bati Ermenileri Sorunlari Ara\u015ftirmalar Merkezi","og_description":"HDP (Halklar\u0131n Demokratik Partisi) Ankara Milletvekili Filiz Kerestecio\u011flu, Suriyeli 3 gencini \u0130zmir&#8217;de kald\u0131klar\u0131 barakada yak\u0131larak \u00f6ld\u00fcr\u00fclmesi hakk\u0131nda Cumhurba\u015fkan\u0131 Yard\u0131mc\u0131s\u0131 Fuat Oktay taraf\u0131ndan yan\u0131tlanmas\u0131 talebiyle TBMM&#8217;ye soru \u00f6nergesi iletti. Ayr\u0131ca \u00d6mer Faruk Gergerlio\u011flu ve Mustafa Yenero\u011flu&#8217;ndan da \u0130\u00e7i\u015fleri Bakanl\u0131\u011f\u0131&#8217;n\u0131n yan\u0131tlamas\u0131 talebiyle TBMM&#8217;ye soru \u00f6nergeleri iletildi. Kerestecio\u011flu \u00f6nergesinde \u015fu ifadelere yer verdi: &#8220;Suriyeli \u00fc\u00e7 m\u00fclteci Mamoun al-Nabhan, [&hellip;]","og_url":"https:\/\/akunq.net\/tr\/?p=66403","og_site_name":"Bati Ermenistan Ve Bati Ermenileri Sorunlari Ara\u015ftirmalar Merkezi","article_published_time":"2021-12-24T06:49:07+00:00","og_image":[{"width":800,"height":450,"url":"https:\/\/akunq.net\/tr\/wp-content\/uploads\/sites\/6\/2021\/12\/yak\u0131larak-\u00f6ld\u00fcr\u00fclen-3-Suriyeli.jpg","type":"image\/jpeg"}],"author":"admin","twitter_card":"summary_large_image","twitter_misc":{"Written by":"admin","Est. reading time":"3 minutes"},"schema":{"@context":"https:\/\/schema.org","@graph":[{"@type":"Article","@id":"https:\/\/akunq.net\/tr\/?p=66403#article","isPartOf":{"@id":"https:\/\/akunq.net\/tr\/?p=66403"},"author":{"name":"admin","@id":"https:\/\/akunq.net\/tr\/#\/schema\/person\/096f1d38a12cce57fb855b485ed24c9e"},"headline":"\u0130zmir&#8217;de yak\u0131larak \u00f6ld\u00fcr\u00fclen 3 Suriyeli i\u00e7in TBMM&#8217;ye soru \u00f6nergeleri","datePublished":"2021-12-24T06:49:07+00:00","mainEntityOfPage":{"@id":"https:\/\/akunq.net\/tr\/?p=66403"},"wordCount":642,"commentCount":0,"image":{"@id":"https:\/\/akunq.net\/tr\/?p=66403#primaryimage"},"thumbnailUrl":"https:\/\/akunq.net\/tr\/wp-content\/uploads\/sites\/6\/2021\/12\/yak\u0131larak-\u00f6ld\u00fcr\u00fclen-3-Suriyeli.jpg","articleSection":["Haberler"],"inLanguage":"en-US","potentialAction":[{"@type":"CommentAction","name":"Comment","target":["https:\/\/akunq.net\/tr\/?p=66403#respond"]}]},{"@type":"WebPage","@id":"https:\/\/akunq.net\/tr\/?p=66403","url":"https:\/\/akunq.net\/tr\/?p=66403","name":"\u0130zmir'de yak\u0131larak \u00f6ld\u00fcr\u00fclen 3 Suriyeli i\u00e7in TBMM'ye soru \u00f6nergeleri - Bati Ermenistan Ve Bati Ermenileri Sorunlari Ara\u015ftirmalar Merkezi","isPartOf":{"@id":"https:\/\/akunq.net\/tr\/#website"},"primaryImageOfPage":{"@id":"https:\/\/akunq.net\/tr\/?p=66403#primaryimage"},"image":{"@id":"https:\/\/akunq.net\/tr\/?p=66403#primaryimage"},"thumbnailUrl":"https:\/\/akunq.net\/tr\/wp-content\/uploads\/sites\/6\/2021\/12\/yak\u0131larak-\u00f6ld\u00fcr\u00fclen-3-Suriyeli.jpg","datePublished":"2021-12-24T06:49:07+00:00","author":{"@id":"https:\/\/akunq.net\/tr\/#\/schema\/person\/096f1d38a12cce57fb855b485ed24c9e"},"breadcrumb":{"@id":"https:\/\/akunq.net\/tr\/?p=66403#breadcrumb"},"inLanguage":"en-US","potentialAction":[{"@type":"ReadAction","target":["https:\/\/akunq.net\/tr\/?p=66403"]}]},{"@type":"ImageObject","inLanguage":"en-US","@id":"https:\/\/akunq.net\/tr\/?p=66403#primaryimage","url":"https:\/\/akunq.net\/tr\/wp-content\/uploads\/sites\/6\/2021\/12\/yak\u0131larak-\u00f6ld\u00fcr\u00fclen-3-Suriyeli.jpg","contentUrl":"https:\/\/akunq.net\/tr\/wp-content\/uploads\/sites\/6\/2021\/12\/yak\u0131larak-\u00f6ld\u00fcr\u00fclen-3-Suriyeli.jpg","width":800,"height":450},{"@type":"BreadcrumbList","@id":"https:\/\/akunq.net\/tr\/?p=66403#breadcrumb","itemListElement":[{"@type":"ListItem","position":1,"name":"Home","item":"https:\/\/akunq.net\/tr"},{"@type":"ListItem","position":2,"name":"\u0130zmir&#8217;de yak\u0131larak \u00f6ld\u00fcr\u00fclen 3 Suriyeli i\u00e7in TBMM&#8217;ye soru \u00f6nergeleri"}]},{"@type":"WebSite","@id":"https:\/\/akunq.net\/tr\/#website","url":"https:\/\/akunq.net\/tr\/","name":"Bati Ermenistan Ve Bati Ermenileri Sorunlari Ara\u015ftirmalar Merkezi","description":"","potentialAction":[{"@type":"SearchAction","target":{"@type":"EntryPoint","urlTemplate":"https:\/\/akunq.net\/tr\/?s={search_term_string}"},"query-input":{"@type":"PropertyValueSpecification","valueRequired":true,"valueName":"search_term_string"}}],"inLanguage":"en-US"},{"@type":"Person","@id":"https:\/\/akunq.net\/tr\/#\/schema\/person\/096f1d38a12cce57fb855b485ed24c9e","name":"admin","url":"https:\/\/akunq.net\/tr\/?author=7"}]}},"_links":{"self":[{"href":"https:\/\/akunq.net\/tr\/index.php?rest_route=\/wp\/v2\/posts\/66403","targetHints":{"allow":["GET"]}}],"collection":[{"href":"https:\/\/akunq.net\/tr\/index.php?rest_route=\/wp\/v2\/posts"}],"about":[{"href":"https:\/\/akunq.net\/tr\/index.php?rest_route=\/wp\/v2\/types\/post"}],"author":[{"embeddable":true,"href":"https:\/\/akunq.net\/tr\/index.php?rest_route=\/wp\/v2\/users\/7"}],"replies":[{"embeddable":true,"href":"https:\/\/akunq.net\/tr\/index.php?rest_route=%2Fwp%2Fv2%2Fcomments&post=66403"}],"version-history":[{"count":1,"href":"https:\/\/akunq.net\/tr\/index.php?rest_route=\/wp\/v2\/posts\/66403\/revisions"}],"predecessor-version":[{"id":66405,"href":"https:\/\/akunq.net\/tr\/index.php?rest_route=\/wp\/v2\/posts\/66403\/revisions\/66405"}],"wp:featuredmedia":[{"embeddable":true,"href":"https:\/\/akunq.net\/tr\/index.php?rest_route=\/wp\/v2\/media\/66404"}],"wp:attachment":[{"href":"https:\/\/akunq.net\/tr\/index.php?rest_route=%2Fwp%2Fv2%2Fmedia&parent=66403"}],"wp:term":[{"taxonomy":"category","embeddable":true,"href":"https:\/\/akunq.net\/tr\/index.php?rest_route=%2Fwp%2Fv2%2Fcategories&post=66403"},{"taxonomy":"post_tag","embeddable":true,"href":"https:\/\/akunq.net\/tr\/index.php?rest_route=%2Fwp%2Fv2%2Ftags&post=66403"}],"curies":[{"name":"wp","href":"https:\/\/api.w.org\/{rel}","templated":true}]}}