{"id":66396,"date":"2021-12-23T04:44:51","date_gmt":"2021-12-23T09:44:51","guid":{"rendered":"https:\/\/akunq.net\/tr\/?p=66396"},"modified":"2021-12-23T04:44:51","modified_gmt":"2021-12-23T09:44:51","slug":"bu-koyde-kendi-kendine-yanan-evlerin-sirri-cozulemiyor","status":"publish","type":"post","link":"https:\/\/akunq.net\/tr\/?p=66396","title":{"rendered":"Bu k\u00f6yde kendi kendine yanan evlerin s\u0131rr\u0131 \u00e7\u00f6z\u00fclemiyor"},"content":{"rendered":"<div class=\"topbox post-head t-dark font-merriweather\">\n<p><em><strong>Van&#8217;\u0131n G\u00fcrp\u0131nar (Hayots Dzor-&#8216;Akunq&#8217; web sitesi) il\u00e7esinde bilinmeyen bir nedenle kendi kendine anan evlerin s\u0131rr\u0131 \u00e7\u00f6z\u00fclemiyor. Psikolojisi bozulan k\u00f6y halk\u0131 ise ellerinde su sabaha kadar n\u00f6bet tutuyor.<\/strong><\/em><\/p>\n<\/div>\n<div class=\"manbox mt20 mt15-ms row center\">\n<div class=\"conbox col col-sm-12\">\n<div class=\"in pr25 pr0-sm\">\n<article class=\"c on-swipe-content\">\n<div class=\"post-cover f-foto full-width-ms c-mask-ratio crop -sol\">\n<div class=\"first\">\n<figure><a class=\"swipe\" href=\"https:\/\/static.daktilo.com\/sites\/71\/uploads\/2018\/06\/11\/aw416896-06.jpg\" target=\"_blank\" rel=\"noopener noreferrer\" data-size=\"1280x853\" data-itemswipe=\"1\"><s class=\"expand  m-sag w-sag\"><i class=\"ss-pika ss-expand\"><\/i><\/s><s class=\"desen f-1\"><\/s><s class=\"grand\"><\/s><img decoding=\"async\" class=\"real yt\" src=\"https:\/\/static.daktilo.com\/sites\/71\/uploads\/2018\/06\/11\/large\/aw416896-06.jpg\" alt=\"Bu k\u00f6yde kendi kendine yanan evlerin s\u0131rr\u0131 \u00e7\u00f6z\u00fclemiyor\" \/><img decoding=\"async\" class=\"mask\" src=\"https:\/\/file.daktilo.com\/themes\/enerjik\/assets\/img\/mask-16-9.png\" alt=\"mask\" \/><\/a><\/figure>\n<\/div>\n<\/div>\n<div id=\"main-text\" class=\"post-text mb20 word em dark-1 tleft \" data-zoom=\"4\">\n<p>Van\u2019\u0131n G\u00fcrp\u0131nar il\u00e7esinde bilinmeyen bir nedenle kendi kendine yand\u0131\u011f\u0131 iddia edilen evler \u00e7evre sakinlerini tedirgin ediyor.<br \/>\nG\u00fcrp\u0131nar il\u00e7esi Uzungedik Mahallesi\u2019ne ba\u011fl\u0131 \u00c7\u0131lg\u0131 mezras\u0131nda 4 ev ve 2 tand\u0131rda bilinmeyen bir nedenle \u00e7\u0131kan yang\u0131n, iki aileyi peri\u015fan etti. \u00c7\u0131lg\u0131 mezras\u0131nda 6 y\u0131l \u00f6nce 3\u2019\u00fc engelli 7 \u00e7ocuk babas\u0131 Necmettin S\u00f6nmez\u2019e ait evde esrarengiz bir \u015fekilde \u00e7\u0131kan yang\u0131nlar, mahalle halk\u0131n\u0131 da endi\u015felendiriyor.<\/p>\n<p><a class=\"swipe\" href=\"https:\/\/www.milligazete.com.tr\/sites\/71\/uploads\/2018\/06\/11\/aw416896-01.jpg?\"><img decoding=\"async\" src=\"https:\/\/www.milligazete.com.tr\/sites\/71\/uploads\/2018\/06\/11\/large\/aw416896-01.jpg?\" alt=\"aw416896-01.jpg?\" \/><\/a><\/p>\n<p>S\u00f6nmez, nedeni anla\u015f\u0131lmayan yang\u0131nlardan kurtulmak i\u00e7in \u00e7areyi k\u00f6ye 500 metre uzakl\u0131kta yeni bir ev yapmakta buldu. Yeni evinin de bundan 2 ay \u00f6nce tutu\u015ftu\u011funu g\u00f6ren \u00e7aresiz vatanda\u015f, ailesini alarak eski evine geri d\u00f6nd\u00fc. Bu s\u0131rada \u00e7ocu\u011fu olmayan karde\u015fi Selim S\u00f6nmez\u2019in de evinde yang\u0131n \u00e7\u0131kmaya ba\u015flad\u0131. Nedeni bilinmeyen esrarengiz yang\u0131nlar, Selim S\u00f6nmez\u2019in evini kullan\u0131lamaz hale getirdi.<\/p>\n<p><ins id=\"rkm-par-1\" class=\"rkm c-nrm us as mt40 mb20 f-fluid par-ad f-mobile f-response f-htm\"><\/p>\n<div class=\"f-600 f-no-back mt20 mb20\">\n<div class=\"ad-channel   js\" data-name=\"par-1\">\n<div class=\"ad-unit ad-format-html\">\n<div class=\"adhouse-1257944 adh-1257944-52015044578517200 adhrklm\">\n<div class=\"adhousepro\">\n<div id=\"gad1257944_52015044578517200\" data-google-query-id=\"COPskIfQ-fQCFQxuGAodr0MEhQ\">\n<div id=\"google_ads_iframe_\/65969644\/milligazete.com.tr_300x250_0__container__\"><\/div>\n<\/div>\n<\/div>\n<\/div>\n<\/div>\n<\/div>\n<\/div>\n<p><\/ins><a class=\"swipe\" href=\"https:\/\/www.milligazete.com.tr\/sites\/71\/uploads\/2018\/06\/11\/aw416896-03.jpg?\"><img decoding=\"async\" src=\"https:\/\/www.milligazete.com.tr\/sites\/71\/uploads\/2018\/06\/11\/large\/aw416896-03.jpg?\" alt=\"aw416896-03.jpg?\" \/><\/a><\/p>\n<p>Olaylardan etkilenen ve korku i\u00e7inde ya\u015fayan k\u00f6yl\u00fcler ise durumu \u0130l Afet ve Acil Durum M\u00fcd\u00fcrl\u00fc\u011f\u00fc (AFAD) ekiplerine bildirdi. Olay yerine gelen AFAD ekipleri, evde \u00e7\u0131kan yang\u0131nlar\u0131n sebebini \u00f6\u011frenemedi. Esrarengiz yang\u0131nlarda 4 evden 2\u2019si kullan\u0131lmaz hale gelirken, aile ise konunun ara\u015ft\u0131r\u0131lmas\u0131n\u0131 ve yetkilerin kendilerine bir an \u00f6nce yard\u0131m etmesini istedi.<\/p>\n<p><a class=\"swipe\" href=\"https:\/\/www.milligazete.com.tr\/sites\/71\/uploads\/2018\/06\/11\/aw416896-04.jpg?\"><img decoding=\"async\" src=\"https:\/\/www.milligazete.com.tr\/sites\/71\/uploads\/2018\/06\/11\/large\/aw416896-04.jpg?\" alt=\"aw416896-04.jpg?\" \/><\/a><\/p>\n<h3>\u201cPeri\u015fan olduk\u201d<\/h3>\n<p>\u0130HA muhabirine konu\u015fan Necmettin S\u00f6nmez, son g\u00fcnlerde \u00e7\u0131kan yang\u0131nlardan dolay\u0131 ellerinde su ile n\u00f6bet tuttuklar\u0131n\u0131 ve bir t\u00fcrl\u00fc uyuyamad\u0131klar\u0131n\u0131 belirtti. Art\u0131k huzurlar\u0131n\u0131n kalmad\u0131\u011f\u0131n\u0131 ifade eden S\u00f6nmez, \u201cBirka\u00e7 sene bekledik, yeni evimizde yanmaya ba\u015flad\u0131. \u00c7\u0131kan yang\u0131ndan dolay\u0131 \u0130stanbul\u2019da bir hocaya gittim. Hoca yang\u0131n\u0131n duraca\u011f\u0131n\u0131 s\u00f6yledi. Sabaha kadar yatm\u0131yoruz, elimizde su ile n\u00f6bet tutuyoruz. Neresi yanarsa oraya do\u011fru ko\u015fuyoruz. \u00c7ok huzursuzuz, peri\u015fan olduk\u201d dedi.<\/p>\n<h3>\u201cEvde ne varsa yand\u0131\u201d<\/h3>\n<p>Bedensel engelli 3 \u00e7ocu\u011funu korkudan kom\u015fusunun evinde b\u0131rakan S\u00f6nmez, evlerinin baz\u0131 g\u00fcnlerde yakla\u015f\u0131k 20 kez yand\u0131\u011f\u0131n\u0131 belirterek, \u201cEvimiz 6, 7, 8 ve baz\u0131 g\u00fcnler 20 defa tutu\u015fuyor. Yorgan, yatak, kilim ne varsa yand\u0131. Hi\u00e7bir \u015fey kalmad\u0131. Engelli \u00e7ocuklar\u0131m\u0131z var. Engelli \u00e7ocuklar\u0131m korktuklar\u0131 i\u00e7in kom\u015fumuzun evine b\u0131rakt\u0131k\u201d diye konu\u015ftu.<\/p>\n<p><ins class=\"rkm c-nrm us as mt40 mb20 f-fluid par-ad f-mobile f-response\"><\/p>\n<div class=\"f-600 f-no-back mt20 mb20\">\n<div class=\"ad-channel   js\" data-name=\"par-2\"><\/div>\n<\/div>\n<p><\/ins><a class=\"swipe\" href=\"https:\/\/www.milligazete.com.tr\/sites\/71\/uploads\/2018\/06\/11\/aw416896-08.jpg?\"><img decoding=\"async\" src=\"https:\/\/www.milligazete.com.tr\/sites\/71\/uploads\/2018\/06\/11\/large\/aw416896-08.jpg?\" alt=\"aw416896-08.jpg?\" \/><\/a><\/p>\n<h3>\u201c7\u2019den 70\u2019e b\u00fct\u00fcn k\u00f6y halk\u0131n\u0131n psikolojisi bozuldu\u201d<\/h3>\n<p>Fahri K\u00f6y \u0130mam\u0131 Abdulmenaf \u00d6zdemir ise bundan 4 y\u0131l \u00f6nce Mu\u015f\u2019tan Van\u2019a geldi\u011fini s\u00f6yledi. Hayat\u0131nda b\u00f6yle bir olayla kar\u015f\u0131la\u015fmad\u0131\u011f\u0131n\u0131 anlatan \u00d6zdemir, \u201cEvin tutu\u015ftu\u011funa 3-4 kez \u015fahit oldum. Benim yan\u0131mda b\u00f6yle yand\u0131. Baz\u0131 ki\u015filer \u2018belki \u00e7ocuklar yak\u0131yor\u2019 diyorlar ama kesinlikle b\u00f6yle bir \u015fey yok. \u00c7\u00fcnk\u00fc ben kendim bile \u015fahit oldum. Necmettin S\u00f6nmez\u2019in 3 tane \u00e7ocu\u011fu var. Bu \u00e7ocuklar da bedensel engellidir. Bu \u00e7ocuklar\u0131n kalk\u0131p y\u00fcr\u00fcmesi veya eliyle bir \u015fey yapmas\u0131 m\u00fcmk\u00fcn de\u011fildir. AFAD geldi, gaz \u00f6l\u00e7\u00fcm\u00fc yapt\u0131 ve gazla alakal\u0131 olmad\u0131\u011f\u0131n\u0131 tespit etti. Yanan ev halk\u0131 i\u00e7in uyku yok\u201d \u015feklinde konu\u015ftu.<\/p>\n<p><a class=\"swipe\" href=\"https:\/\/www.milligazete.com.tr\/sites\/71\/uploads\/2018\/06\/11\/aw416896-05.jpg?\"><img decoding=\"async\" src=\"https:\/\/www.milligazete.com.tr\/sites\/71\/uploads\/2018\/06\/11\/large\/aw416896-05.jpg?\" alt=\"aw416896-05.jpg?\" \/><\/a><\/p>\n<h3>\u201cKorku i\u00e7inde ya\u015f\u0131yoruz\u201d<\/h3>\n<p>6 y\u0131l \u00f6nce S\u00f6nmez ailesinin eski evinin yand\u0131\u011f\u0131n\u0131, k\u00f6ye 500 metre uzakl\u0131kta yeni bir ev yapt\u0131klar\u0131n\u0131 ve bu yeni evin de yand\u0131\u011f\u0131n\u0131 dile getiren k\u00f6y sakinlerinden Nevzat S\u00f6nmez de b\u00fct\u00fcn bir k\u00f6y\u00fcn korku i\u00e7inde ya\u015fad\u0131\u011f\u0131n\u0131 s\u00f6yledi.<\/p>\n<p>Ak\u015famdan sabaha kadar g\u00f6zlerine uyku girmedi\u011fini, akrabas\u0131 olan ailenin engelli \u00e7ocuklar\u0131na sahip \u00e7\u0131kt\u0131klar\u0131n\u0131 aktaran Y\u0131ld\u0131r\u0131m S\u00f6nmez ise ellerinde su ile n\u00f6bet tuttuklar\u0131n\u0131 s\u00f6yleyerek, yetkililerden yard\u0131m talebinde bulundu.<\/p>\n<p><em><strong>https:\/\/www.milligazete.com.tr\/haber\/1559459\/bu-koyde-kendi-kendine-yanan-evlerin-sirri-cozulemiyor?fbclid=IwAR3tnroQJAFdS0yRNxPWF7eq1sUzc1XbNuXPldbOL_YAcoqE2QFCxg1-lNU\u00a0<\/strong><\/em><\/p>\n<\/div>\n<\/article>\n<\/div>\n<\/div>\n<\/div>\n","protected":false},"excerpt":{"rendered":"<p>Van&#8217;\u0131n G\u00fcrp\u0131nar (Hayots Dzor-&#8216;Akunq&#8217; web sitesi) il\u00e7esinde bilinmeyen bir nedenle kendi kendine anan evlerin s\u0131rr\u0131 \u00e7\u00f6z\u00fclemiyor. Psikolojisi bozulan k\u00f6y halk\u0131 ise ellerinde su sabaha kadar n\u00f6bet tutuyor. Van\u2019\u0131n G\u00fcrp\u0131nar il\u00e7esinde bilinmeyen bir nedenle kendi kendine yand\u0131\u011f\u0131 iddia edilen evler \u00e7evre sakinlerini tedirgin ediyor. G\u00fcrp\u0131nar il\u00e7esi Uzungedik Mahallesi\u2019ne ba\u011fl\u0131 \u00c7\u0131lg\u0131 mezras\u0131nda 4 ev ve 2 tand\u0131rda [&hellip;]<\/p>\n","protected":false},"author":7,"featured_media":66397,"comment_status":"open","ping_status":"open","sticky":false,"template":"","format":"standard","meta":{"footnotes":""},"categories":[22,1],"tags":[],"class_list":["post-66396","post","type-post","status-publish","format-standard","has-post-thumbnail","hentry","category-gunumuzde-bati-ermenistan","category-haberler"],"yoast_head":"<!-- This site is optimized with the Yoast SEO plugin v27.4 - https:\/\/yoast.com\/product\/yoast-seo-wordpress\/ -->\n<title>Bu k\u00f6yde kendi kendine yanan evlerin s\u0131rr\u0131 \u00e7\u00f6z\u00fclemiyor - Bati Ermenistan Ve Bati Ermenileri Sorunlari Ara\u015ftirmalar Merkezi<\/title>\n<meta name=\"robots\" content=\"index, follow, max-snippet:-1, max-image-preview:large, max-video-preview:-1\" \/>\n<link rel=\"canonical\" href=\"https:\/\/akunq.net\/tr\/?p=66396\" \/>\n<meta property=\"og:locale\" content=\"en_US\" \/>\n<meta property=\"og:type\" content=\"article\" \/>\n<meta property=\"og:title\" content=\"Bu k\u00f6yde kendi kendine yanan evlerin s\u0131rr\u0131 \u00e7\u00f6z\u00fclemiyor - Bati Ermenistan Ve Bati Ermenileri Sorunlari Ara\u015ftirmalar Merkezi\" \/>\n<meta property=\"og:description\" content=\"Van&#8217;\u0131n G\u00fcrp\u0131nar (Hayots Dzor-&#8216;Akunq&#8217; web sitesi) il\u00e7esinde bilinmeyen bir nedenle kendi kendine anan evlerin s\u0131rr\u0131 \u00e7\u00f6z\u00fclemiyor. Psikolojisi bozulan k\u00f6y halk\u0131 ise ellerinde su sabaha kadar n\u00f6bet tutuyor. Van\u2019\u0131n G\u00fcrp\u0131nar il\u00e7esinde bilinmeyen bir nedenle kendi kendine yand\u0131\u011f\u0131 iddia edilen evler \u00e7evre sakinlerini tedirgin ediyor. G\u00fcrp\u0131nar il\u00e7esi Uzungedik Mahallesi\u2019ne ba\u011fl\u0131 \u00c7\u0131lg\u0131 mezras\u0131nda 4 ev ve 2 tand\u0131rda [&hellip;]\" \/>\n<meta property=\"og:url\" content=\"https:\/\/akunq.net\/tr\/?p=66396\" \/>\n<meta property=\"og:site_name\" content=\"Bati Ermenistan Ve Bati Ermenileri Sorunlari Ara\u015ftirmalar Merkezi\" \/>\n<meta property=\"article:published_time\" content=\"2021-12-23T09:44:51+00:00\" \/>\n<meta property=\"og:image\" content=\"https:\/\/akunq.net\/tr\/wp-content\/uploads\/sites\/6\/2021\/12\/Van-1.jpg\" \/>\n\t<meta property=\"og:image:width\" content=\"1280\" \/>\n\t<meta property=\"og:image:height\" content=\"853\" \/>\n\t<meta property=\"og:image:type\" content=\"image\/jpeg\" \/>\n<meta name=\"author\" content=\"admin\" \/>\n<meta name=\"twitter:card\" content=\"summary_large_image\" \/>\n<meta name=\"twitter:label1\" content=\"Written by\" \/>\n\t<meta name=\"twitter:data1\" content=\"admin\" \/>\n\t<meta name=\"twitter:label2\" content=\"Est. reading time\" \/>\n\t<meta name=\"twitter:data2\" content=\"3 minutes\" \/>\n<script type=\"application\/ld+json\" class=\"yoast-schema-graph\">{\"@context\":\"https:\\\/\\\/schema.org\",\"@graph\":[{\"@type\":\"Article\",\"@id\":\"https:\\\/\\\/akunq.net\\\/tr\\\/?p=66396#article\",\"isPartOf\":{\"@id\":\"https:\\\/\\\/akunq.net\\\/tr\\\/?p=66396\"},\"author\":{\"name\":\"admin\",\"@id\":\"https:\\\/\\\/akunq.net\\\/tr\\\/#\\\/schema\\\/person\\\/096f1d38a12cce57fb855b485ed24c9e\"},\"headline\":\"Bu k\u00f6yde kendi kendine yanan evlerin s\u0131rr\u0131 \u00e7\u00f6z\u00fclemiyor\",\"datePublished\":\"2021-12-23T09:44:51+00:00\",\"mainEntityOfPage\":{\"@id\":\"https:\\\/\\\/akunq.net\\\/tr\\\/?p=66396\"},\"wordCount\":660,\"commentCount\":0,\"image\":{\"@id\":\"https:\\\/\\\/akunq.net\\\/tr\\\/?p=66396#primaryimage\"},\"thumbnailUrl\":\"https:\\\/\\\/akunq.net\\\/tr\\\/wp-content\\\/uploads\\\/sites\\\/6\\\/2021\\\/12\\\/Van-1.jpg\",\"articleSection\":[\"G\u00fcn\u00fcm\u00fczde Bat\u0131 Ermenistan\",\"Haberler\"],\"inLanguage\":\"en-US\",\"potentialAction\":[{\"@type\":\"CommentAction\",\"name\":\"Comment\",\"target\":[\"https:\\\/\\\/akunq.net\\\/tr\\\/?p=66396#respond\"]}]},{\"@type\":\"WebPage\",\"@id\":\"https:\\\/\\\/akunq.net\\\/tr\\\/?p=66396\",\"url\":\"https:\\\/\\\/akunq.net\\\/tr\\\/?p=66396\",\"name\":\"Bu k\u00f6yde kendi kendine yanan evlerin s\u0131rr\u0131 \u00e7\u00f6z\u00fclemiyor - Bati Ermenistan Ve Bati Ermenileri Sorunlari Ara\u015ftirmalar Merkezi\",\"isPartOf\":{\"@id\":\"https:\\\/\\\/akunq.net\\\/tr\\\/#website\"},\"primaryImageOfPage\":{\"@id\":\"https:\\\/\\\/akunq.net\\\/tr\\\/?p=66396#primaryimage\"},\"image\":{\"@id\":\"https:\\\/\\\/akunq.net\\\/tr\\\/?p=66396#primaryimage\"},\"thumbnailUrl\":\"https:\\\/\\\/akunq.net\\\/tr\\\/wp-content\\\/uploads\\\/sites\\\/6\\\/2021\\\/12\\\/Van-1.jpg\",\"datePublished\":\"2021-12-23T09:44:51+00:00\",\"author\":{\"@id\":\"https:\\\/\\\/akunq.net\\\/tr\\\/#\\\/schema\\\/person\\\/096f1d38a12cce57fb855b485ed24c9e\"},\"breadcrumb\":{\"@id\":\"https:\\\/\\\/akunq.net\\\/tr\\\/?p=66396#breadcrumb\"},\"inLanguage\":\"en-US\",\"potentialAction\":[{\"@type\":\"ReadAction\",\"target\":[\"https:\\\/\\\/akunq.net\\\/tr\\\/?p=66396\"]}]},{\"@type\":\"ImageObject\",\"inLanguage\":\"en-US\",\"@id\":\"https:\\\/\\\/akunq.net\\\/tr\\\/?p=66396#primaryimage\",\"url\":\"https:\\\/\\\/akunq.net\\\/tr\\\/wp-content\\\/uploads\\\/sites\\\/6\\\/2021\\\/12\\\/Van-1.jpg\",\"contentUrl\":\"https:\\\/\\\/akunq.net\\\/tr\\\/wp-content\\\/uploads\\\/sites\\\/6\\\/2021\\\/12\\\/Van-1.jpg\",\"width\":1280,\"height\":853},{\"@type\":\"BreadcrumbList\",\"@id\":\"https:\\\/\\\/akunq.net\\\/tr\\\/?p=66396#breadcrumb\",\"itemListElement\":[{\"@type\":\"ListItem\",\"position\":1,\"name\":\"Home\",\"item\":\"https:\\\/\\\/akunq.net\\\/tr\"},{\"@type\":\"ListItem\",\"position\":2,\"name\":\"Bu k\u00f6yde kendi kendine yanan evlerin s\u0131rr\u0131 \u00e7\u00f6z\u00fclemiyor\"}]},{\"@type\":\"WebSite\",\"@id\":\"https:\\\/\\\/akunq.net\\\/tr\\\/#website\",\"url\":\"https:\\\/\\\/akunq.net\\\/tr\\\/\",\"name\":\"Bati Ermenistan Ve Bati Ermenileri Sorunlari Ara\u015ftirmalar Merkezi\",\"description\":\"\",\"potentialAction\":[{\"@type\":\"SearchAction\",\"target\":{\"@type\":\"EntryPoint\",\"urlTemplate\":\"https:\\\/\\\/akunq.net\\\/tr\\\/?s={search_term_string}\"},\"query-input\":{\"@type\":\"PropertyValueSpecification\",\"valueRequired\":true,\"valueName\":\"search_term_string\"}}],\"inLanguage\":\"en-US\"},{\"@type\":\"Person\",\"@id\":\"https:\\\/\\\/akunq.net\\\/tr\\\/#\\\/schema\\\/person\\\/096f1d38a12cce57fb855b485ed24c9e\",\"name\":\"admin\",\"url\":\"https:\\\/\\\/akunq.net\\\/tr\\\/?author=7\"}]}<\/script>\n<!-- \/ Yoast SEO plugin. -->","yoast_head_json":{"title":"Bu k\u00f6yde kendi kendine yanan evlerin s\u0131rr\u0131 \u00e7\u00f6z\u00fclemiyor - Bati Ermenistan Ve Bati Ermenileri Sorunlari Ara\u015ftirmalar Merkezi","robots":{"index":"index","follow":"follow","max-snippet":"max-snippet:-1","max-image-preview":"max-image-preview:large","max-video-preview":"max-video-preview:-1"},"canonical":"https:\/\/akunq.net\/tr\/?p=66396","og_locale":"en_US","og_type":"article","og_title":"Bu k\u00f6yde kendi kendine yanan evlerin s\u0131rr\u0131 \u00e7\u00f6z\u00fclemiyor - Bati Ermenistan Ve Bati Ermenileri Sorunlari Ara\u015ftirmalar Merkezi","og_description":"Van&#8217;\u0131n G\u00fcrp\u0131nar (Hayots Dzor-&#8216;Akunq&#8217; web sitesi) il\u00e7esinde bilinmeyen bir nedenle kendi kendine anan evlerin s\u0131rr\u0131 \u00e7\u00f6z\u00fclemiyor. Psikolojisi bozulan k\u00f6y halk\u0131 ise ellerinde su sabaha kadar n\u00f6bet tutuyor. Van\u2019\u0131n G\u00fcrp\u0131nar il\u00e7esinde bilinmeyen bir nedenle kendi kendine yand\u0131\u011f\u0131 iddia edilen evler \u00e7evre sakinlerini tedirgin ediyor. G\u00fcrp\u0131nar il\u00e7esi Uzungedik Mahallesi\u2019ne ba\u011fl\u0131 \u00c7\u0131lg\u0131 mezras\u0131nda 4 ev ve 2 tand\u0131rda [&hellip;]","og_url":"https:\/\/akunq.net\/tr\/?p=66396","og_site_name":"Bati Ermenistan Ve Bati Ermenileri Sorunlari Ara\u015ftirmalar Merkezi","article_published_time":"2021-12-23T09:44:51+00:00","og_image":[{"width":1280,"height":853,"url":"https:\/\/akunq.net\/tr\/wp-content\/uploads\/sites\/6\/2021\/12\/Van-1.jpg","type":"image\/jpeg"}],"author":"admin","twitter_card":"summary_large_image","twitter_misc":{"Written by":"admin","Est. reading time":"3 minutes"},"schema":{"@context":"https:\/\/schema.org","@graph":[{"@type":"Article","@id":"https:\/\/akunq.net\/tr\/?p=66396#article","isPartOf":{"@id":"https:\/\/akunq.net\/tr\/?p=66396"},"author":{"name":"admin","@id":"https:\/\/akunq.net\/tr\/#\/schema\/person\/096f1d38a12cce57fb855b485ed24c9e"},"headline":"Bu k\u00f6yde kendi kendine yanan evlerin s\u0131rr\u0131 \u00e7\u00f6z\u00fclemiyor","datePublished":"2021-12-23T09:44:51+00:00","mainEntityOfPage":{"@id":"https:\/\/akunq.net\/tr\/?p=66396"},"wordCount":660,"commentCount":0,"image":{"@id":"https:\/\/akunq.net\/tr\/?p=66396#primaryimage"},"thumbnailUrl":"https:\/\/akunq.net\/tr\/wp-content\/uploads\/sites\/6\/2021\/12\/Van-1.jpg","articleSection":["G\u00fcn\u00fcm\u00fczde Bat\u0131 Ermenistan","Haberler"],"inLanguage":"en-US","potentialAction":[{"@type":"CommentAction","name":"Comment","target":["https:\/\/akunq.net\/tr\/?p=66396#respond"]}]},{"@type":"WebPage","@id":"https:\/\/akunq.net\/tr\/?p=66396","url":"https:\/\/akunq.net\/tr\/?p=66396","name":"Bu k\u00f6yde kendi kendine yanan evlerin s\u0131rr\u0131 \u00e7\u00f6z\u00fclemiyor - Bati Ermenistan Ve Bati Ermenileri Sorunlari Ara\u015ftirmalar Merkezi","isPartOf":{"@id":"https:\/\/akunq.net\/tr\/#website"},"primaryImageOfPage":{"@id":"https:\/\/akunq.net\/tr\/?p=66396#primaryimage"},"image":{"@id":"https:\/\/akunq.net\/tr\/?p=66396#primaryimage"},"thumbnailUrl":"https:\/\/akunq.net\/tr\/wp-content\/uploads\/sites\/6\/2021\/12\/Van-1.jpg","datePublished":"2021-12-23T09:44:51+00:00","author":{"@id":"https:\/\/akunq.net\/tr\/#\/schema\/person\/096f1d38a12cce57fb855b485ed24c9e"},"breadcrumb":{"@id":"https:\/\/akunq.net\/tr\/?p=66396#breadcrumb"},"inLanguage":"en-US","potentialAction":[{"@type":"ReadAction","target":["https:\/\/akunq.net\/tr\/?p=66396"]}]},{"@type":"ImageObject","inLanguage":"en-US","@id":"https:\/\/akunq.net\/tr\/?p=66396#primaryimage","url":"https:\/\/akunq.net\/tr\/wp-content\/uploads\/sites\/6\/2021\/12\/Van-1.jpg","contentUrl":"https:\/\/akunq.net\/tr\/wp-content\/uploads\/sites\/6\/2021\/12\/Van-1.jpg","width":1280,"height":853},{"@type":"BreadcrumbList","@id":"https:\/\/akunq.net\/tr\/?p=66396#breadcrumb","itemListElement":[{"@type":"ListItem","position":1,"name":"Home","item":"https:\/\/akunq.net\/tr"},{"@type":"ListItem","position":2,"name":"Bu k\u00f6yde kendi kendine yanan evlerin s\u0131rr\u0131 \u00e7\u00f6z\u00fclemiyor"}]},{"@type":"WebSite","@id":"https:\/\/akunq.net\/tr\/#website","url":"https:\/\/akunq.net\/tr\/","name":"Bati Ermenistan Ve Bati Ermenileri Sorunlari Ara\u015ftirmalar Merkezi","description":"","potentialAction":[{"@type":"SearchAction","target":{"@type":"EntryPoint","urlTemplate":"https:\/\/akunq.net\/tr\/?s={search_term_string}"},"query-input":{"@type":"PropertyValueSpecification","valueRequired":true,"valueName":"search_term_string"}}],"inLanguage":"en-US"},{"@type":"Person","@id":"https:\/\/akunq.net\/tr\/#\/schema\/person\/096f1d38a12cce57fb855b485ed24c9e","name":"admin","url":"https:\/\/akunq.net\/tr\/?author=7"}]}},"_links":{"self":[{"href":"https:\/\/akunq.net\/tr\/index.php?rest_route=\/wp\/v2\/posts\/66396","targetHints":{"allow":["GET"]}}],"collection":[{"href":"https:\/\/akunq.net\/tr\/index.php?rest_route=\/wp\/v2\/posts"}],"about":[{"href":"https:\/\/akunq.net\/tr\/index.php?rest_route=\/wp\/v2\/types\/post"}],"author":[{"embeddable":true,"href":"https:\/\/akunq.net\/tr\/index.php?rest_route=\/wp\/v2\/users\/7"}],"replies":[{"embeddable":true,"href":"https:\/\/akunq.net\/tr\/index.php?rest_route=%2Fwp%2Fv2%2Fcomments&post=66396"}],"version-history":[{"count":1,"href":"https:\/\/akunq.net\/tr\/index.php?rest_route=\/wp\/v2\/posts\/66396\/revisions"}],"predecessor-version":[{"id":66398,"href":"https:\/\/akunq.net\/tr\/index.php?rest_route=\/wp\/v2\/posts\/66396\/revisions\/66398"}],"wp:featuredmedia":[{"embeddable":true,"href":"https:\/\/akunq.net\/tr\/index.php?rest_route=\/wp\/v2\/media\/66397"}],"wp:attachment":[{"href":"https:\/\/akunq.net\/tr\/index.php?rest_route=%2Fwp%2Fv2%2Fmedia&parent=66396"}],"wp:term":[{"taxonomy":"category","embeddable":true,"href":"https:\/\/akunq.net\/tr\/index.php?rest_route=%2Fwp%2Fv2%2Fcategories&post=66396"},{"taxonomy":"post_tag","embeddable":true,"href":"https:\/\/akunq.net\/tr\/index.php?rest_route=%2Fwp%2Fv2%2Ftags&post=66396"}],"curies":[{"name":"wp","href":"https:\/\/api.w.org\/{rel}","templated":true}]}}