{"id":66392,"date":"2021-12-23T02:15:15","date_gmt":"2021-12-23T07:15:15","guid":{"rendered":"https:\/\/akunq.net\/tr\/?p=66392"},"modified":"2021-12-23T02:15:15","modified_gmt":"2021-12-23T07:15:15","slug":"babacandan-erdogana-ulke-batiyor-tepkisi-stklara-da-susmayin-cagrisi","status":"publish","type":"post","link":"https:\/\/akunq.net\/tr\/?p=66392","title":{"rendered":"Babacan&#8217;dan Erdo\u011fan&#8217;a &#8216;\u00fclke bat\u0131yor&#8217; tepkisi, STK&#8217;lara da &#8216;susmay\u0131n&#8217; \u00e7a\u011fr\u0131s\u0131"},"content":{"rendered":"<p class=\"article-spot\"><em><strong>Babacan: Erdo\u011fan\u2019\u0131n hikayesinin sonu geldi. Bu \u00fclkenin haysiyetli insanlar\u0131yla beraber bu iktidar\u0131n y\u0131kt\u0131\u011f\u0131 her \u015feyi tek tek onaraca\u011f\u0131z.<\/strong><\/em><\/p>\n<div class=\"featured my-3\"><img decoding=\"async\" class=\"img-fluid\" src=\"https:\/\/img.artigercek.com\/uploads\/3\/b\/YIk85Bitfn6yp2CZ0gr8g92a6zhmgGpI0EPpUfdP.jpeg\" alt=\"Babacan'dan Erdo\u011fan'a '\u00fclke bat\u0131yor' tepkisi, STK'lara da 'susmay\u0131n' \u00e7a\u011fr\u0131s\u0131\" \/><\/div>\n<hr \/>\n<div class=\"the-content post-content clearfix\">\n<div class=\"article-body-container\">\n<p>Demokrasi ve At\u0131l\u0131m Partisi (DEVA) Genel Ba\u015fkan\u0131 Ali Babacan&#8217;\u0131n haftal\u0131k de\u011ferlendirme toplant\u0131s\u0131nda g\u00fcndeme ili\u015fkin a\u00e7\u0131klamalarda bulundu.<\/p>\n<p>Ge\u00e7en hafta inatla, \u0131srarla hatal\u0131 kararlar alan AKP iktidar\u0131n\u0131 \u00f6nceden uyarma vazifesini yerine getidiklerini belirten Babacan, h\u00fck\u00fcmete seslenerek \u201cBe\u015ftepe\u2019nin kulaklar\u0131 t\u00fcm bu ikazlara sa\u011f\u0131r. Ma\u015fallah ak\u0131lla, bilimle vakit kaybetmiyorlar. \u0130nan\u0131n ne yapt\u0131klar\u0131n\u0131 bilmiyorlar. Sisli, puslu bir havada direksiyonu s\u00fcrekli sa\u011fa sola \u00e7eviren bir otob\u00fcs \u015fof\u00f6r\u00fc gibi \u00fclkemizi u\u00e7uruma s\u00fcr\u00fckl\u00fcyor\u201d dedi.<\/p>\n<p><strong>&#8216;YEN\u0130 UYGULAMANIN ADI; BU M\u0130LLET\u0130 TORUNUNA KADAR BORCA BATIRMAK&#8217;<\/strong><\/p>\n<p>\u201c\u00d6nceki g\u00fcn ak\u015fam ak\u015fam, s\u00f6z\u00fcm ona yeni bir icat \u00e7\u0131kartt\u0131lar, ad\u0131na da \u2018Kur korumal\u0131 TL vadeli mevduat\u2019 dediler. Ad\u0131n\u0131 D\u00f6viz kurunun daha d\u00fc\u015f\u00fck seviyelerde olmas\u0131 iyi bir \u015feydir ama bu uygulaman\u0131n \u00f6nce ad\u0131n\u0131 da do\u011fru koymak gerekir. Bu yeni uygulaman\u0131n ad\u0131, \u2018Bu milleti torunlar\u0131na kadar borca bat\u0131rma\u2019 plan\u0131d\u0131r\u201d ifadelerini kullanan DEVA Partisi Genel Ba\u015fkan\u0131, devam\u0131nda \u015funlar\u0131 s\u00f6yledi:<\/p>\n<p><strong>&#8216;YARINLARA \u0130POTEK KOYAN B\u0130R G\u00d6Z\u00dc D\u00d6NM\u00dc\u015eL\u00dcK&#8217;<\/strong><\/p>\n<p>\u201c\u015eu anda iktidar mevduat sahibi olan, servet sahibi olan bir kesime diyor ki &#8216;Gidip dolar almay\u0131n. Paray\u0131 banka hesab\u0131n\u0131zda tutun. Dolar ne kadar artarsa o fark\u0131 biz size verece\u011fiz.&#8217; Tablo bu. Peki o fark\u0131 nereden verecekler? Hazine&#8217;nin ya da Merkez Bankas\u0131&#8217;n\u0131n kasas\u0131ndan verecekler, yani bu milletten toplanan vergilerden. Model bu.<\/p>\n<p>T\u00fcrk liras\u0131n\u0131n art\u0131k bir g\u00fcven unsuru olmad\u0131\u011f\u0131n\u0131 itiraf eden bir y\u00f6netimle \u015fu anda kar\u015f\u0131 kar\u015f\u0131yay\u0131z. Kendi ekonomisine g\u00fcveni, Amerikan paras\u0131yla sa\u011flamaya \u00e7al\u0131\u015fan bir y\u00f6netim zihniyetidir bu. Her \u015feyi dolara, d\u00f6vize ba\u011fl\u0131yor. Yar\u0131nlara ipotek koyan bir g\u00f6z\u00fc d\u00f6nm\u00fc\u015fl\u00fckt\u00fcr, ayn\u0131 zamanda bir \u00e7aresizliktir. Hazine, Merkez Bankas\u0131 ne demek? Sizlerin, bizlerin hepimizin \u00f6dedi\u011fi vergiler demek. \u00c7ocuklar\u0131m\u0131z\u0131n, torunlar\u0131m\u0131z\u0131n bile al\u0131n teri, gelecek nesillerin bile \u00f6deyece\u011fi bor\u00e7 demek. T\u00fcm maaliyeti vergisini \u00f6deyen halka y\u00fckl\u00fcyorlar. Yapt\u0131klar\u0131 i\u015fin tan\u0131m\u0131 \u00f6zetle bu.&#8221;<\/p>\n<p><strong>&#8216;ERDO\u011eAN FA\u0130Z ARTTIRDI&#8217;<\/strong><\/p>\n<p>&#8220;Teknik detaylarla de\u011fil de daha basit anlatmak gerekirse \u00f6nceki ak\u015fam ne oldu biliyor musunuz? Say\u0131n Erdo\u011fan, faiz art\u0131r\u0131m karar\u0131 alm\u0131\u015ft\u0131r. Art\u0131r\u0131m karar\u0131n\u0131n herhangi bir limiti de yoktur. &#8216;D\u00f6viz artarsa o kadar verece\u011fim&#8217; diyor. \u00c7\u00fcnk\u00fc TL faizine kur fark\u0131n\u0131 eklerseniz, \u00f6deyece\u011finiz faiz bunlar\u0131n toplam\u0131ndan olu\u015fur. Kur riski oldu\u011fu gibi bu milletin s\u0131rt\u0131na, al\u0131n terine y\u0131k\u0131lm\u0131\u015ft\u0131r. Bunun ad\u0131 kendi tabirleriyle faiz lobisine \u00e7al\u0131\u015fmakt\u0131r, bunun ad\u0131 d\u0131\u015f g\u00fc\u00e7lerin ma\u015fas\u0131 olmakt\u0131r.&#8221;<\/p>\n<p><strong>&#8216;ERDO\u011eAN, BU G\u0130RD\u0130\u011e\u0130N\u0130Z YOL, YOL DE\u011e\u0130L&#8217;<\/strong><\/p>\n<p>&#8220;Say\u0131n Erdo\u011fan&#8217;a sesleniyorum, uyarmay\u0131 da bir g\u00f6rev addediyorum; bu girdi\u011finiz yol, yol de\u011fil. Sizler gelip ge\u00e7icisiniz ama bu \u00fclke kal\u0131c\u0131, bu \u00fclkenin vatanda\u015flar\u0131 kal\u0131c\u0131. Bunu \u00f6\u011frenin art\u0131k. Siz ve ortaklar\u0131n\u0131z zaten yolun sonuna geldiniz diye \u2018Bizden sonra tufan\u2019 diyerek sorumsuzca hareket edemezsiniz. &#8216;Nas\u0131l olsa gidece\u011fim, olmazsa da gelecek y\u00f6netime enkaz devrederim&#8217; diyerek\u00a0\u00fclkeye b\u00f6yle bir k\u00f6t\u00fcl\u00fck yapmaya sizin hakk\u0131n\u0131z yok. T\u00fcrkiye yeni bir hikaye sunam\u0131yorsunuz art\u0131k. Tek yapabildi\u011finiz \u015fey; \u00fclkeyi 40 sene, 50 sene \u00f6ncesine g\u00f6t\u00fcrmek. Ba\u015fka bir \u015fey de\u011fil.&#8221;<\/p>\n<p>\u0130leride Erdo\u011fan ve ortaklar\u0131n\u0131n yapt\u0131klar\u0131n\u0131 inceleyenler \u00d6zal\u2019\u0131n sordu\u011fu sorular\u0131n ayn\u0131s\u0131n\u0131 soracaklar.<\/p>\n<p>\u2018Kur fark\u0131 \u00f6demeleri i\u00e7in Hazine\u2019den transfer edilecek parayla ka\u00e7 milyon i\u015fsiz i\u015f sahibi olabilirdi?\u2019 diyecekler.<\/p>\n<p>Ge\u00e7en hafta asgari \u00fccret belirlenirken \u2018Dolara hi\u00e7 bak\u0131l\u0131r m\u0131\u2019 dediler. \u015eimdi de \u2018Mevduat sahiplerinin bankalardaki TL hesaplar\u0131n\u0131 dolara ba\u011flayaca\u011f\u0131z\u2019 dediler. \u0130ktidar\u0131n ekonomi modeli yoksulu daha yoksul, varl\u0131kl\u0131y\u0131 ise daha varl\u0131kl\u0131 yapmaktan ibaret.&#8221;<\/p>\n<p><strong>ERDO\u011eAN&#8217;A &#8216;\u0130ST\u0130SMAR&#8217; TEPK\u0130S\u0130: D\u0130N\u0130 KUTSALLARI G\u00dcNL\u00dcK S\u0130YASETE MALZEME YAPIYOR\u00a0\u00a0<\/strong><\/p>\n<p>Erdo\u011fan g\u00f6rmezden geliyor. \u201cFaizle m\u00fccadele ediyorum\u201d diyor. Hep diyorum ya \u201cm\u0131\u015f\u201d gibi yapmak. Ben buradan soruyorum bu nas\u0131l m\u00fccadele?<\/p>\n<p>Bug\u00fcnden \u00fclkenin 5 y\u0131l\u0131n\u0131 faize mahkum ettiler. Nas m\u0131 bu?<\/p>\n<p>Bunu \u00e7\u0131k\u0131p kendisinin anlatmas\u0131 laz\u0131m. Biz dinimizin kutsallar\u0131n\u0131 g\u00fcnl\u00fck siyasete malzeme yapmayaca\u011f\u0131z. Erdo\u011fan, dinimizin kutsallar\u0131n\u0131 her g\u00fcn siyasete malzeme yap\u0131yor.<\/p>\n<p>Her &#8216;Faizle m\u00fccadele ediyorum&#8217; dedi\u011finizde daha fazla faizci oluyorsunuz.<\/p>\n<p>\u00dclke bat\u0131yor bunlarda milletimizin tertemiz dini, mili duygular\u0131n\u0131 istisrmarla u\u011fra\u015f\u0131yorlar.&#8221;<\/p>\n<p><b>\u2018YALANCI BAHAR\u2019<\/b><\/p>\n<p>Kurdaki y\u00fckseli\u015ften kayg\u0131lanandan sadece mevduat sahibi mi? Asgari \u00fccrete gelince dolarla m\u0131 \u00e7al\u0131\u015ft\u0131r\u0131yorsunuz diyor. Bankada paras\u0131 olana gelince ben sana faizle dolar verece\u011fim diyor. Bu mu adalet?<\/p>\n<p>Merkez Bankas\u0131&#8217;n\u0131n faizine gelince NAS var, Hazine&#8217;ye gelince NAS yok mu? \u00c7ift\u00e7imize kredi verince NAS yok mu? S\u0131rf Merkez Bankas\u0131na inatla yapt\u0131rd\u0131\u011f\u0131n faiz indirimi y\u00fcz\u00fcnden \u00fclkenin geldi\u011fi durum bu. Faizlerin topyek\u00fcn d\u00fc\u015fmesini istiyorsan\u0131z faizi talimatla d\u00fc\u015f\u00fcremezsiniz, g\u00fcvenle d\u00fc\u015fer.<\/p>\n<p>Piyasaya g\u00fcvenle hukukla yakla\u015fmak yerine ne oldu\u011fu belirsiz sistemi s\u00fcrd\u00fc\u011f\u00fcn\u00fcz i\u00e7in ekonomi bu durumda. E\u011fer hastal\u0131\u011f\u0131 kabul etmezseniz do\u011fru te\u015fhisi koymazsan\u0131z do\u011fru tedaviyi uygulayamazs\u0131n\u0131z.&#8221;<\/p>\n<p><strong>&#8216;ENFLASYON SORUNUNU \u00c7\u00d6ZMEDEN T\u00dcRK\u0130YE D\u00dcZL\u00dc\u011eE \u00c7IKMAZ&#8217;<\/strong><\/p>\n<p>&#8220;1970&#8217;den 2004&#8217;e kadar bu \u00fclkede enflasyon 2-3 haneli oldu. Enflasyon sorununu \u00e7\u00f6zmeden T\u00fcrkiye&#8217;yi d\u00fczl\u00fc\u011fe \u00e7\u0131kamazs\u0131n\u0131z. Enflasyon rakamlar\u0131n \u015fi\u015fti\u011fi durum demek. Fiyatlar \u015fi\u015fiyor ard\u0131ndan maa\u015flar \u015fi\u015fiyor.<\/p>\n<p>Pazartesi g\u00fcnk\u00fc kabine toplant\u0131s\u0131 ard\u0131ndan yap\u0131lan a\u00e7\u0131klama ile kurda belli bir miktarda d\u00fc\u015f\u00fc\u015f sa\u011flasa da \u015fu anda ya\u015fanan tam bir yalanc\u0131 bahar. Yap\u0131sal ve kal\u0131c\u0131 ad\u0131mlar at\u0131lmad\u0131ktan sonra enflasyonun d\u00fc\u015fmesi, T\u00fcrk liras\u0131n\u0131n istikrara kavu\u015fmas\u0131 m\u00fcmk\u00fcn de\u011fil.&#8221;<\/p>\n<p><strong>&#8216;TAZE BAKANIN SEV\u0130YES\u0130NE BAKIN&#8217;<\/strong><\/p>\n<p>&#8220;Enflasyon sorununu \u00e7\u00f6zmeden T\u00fcrkiye ekonomisini d\u00fczl\u00fc\u011fe \u00e7\u0131karamazs\u0131n\u0131z. Enflasyon ne demek s\u00fcrekli fiyatlar\u0131n \u015fi\u015fmesi demek. Taze bakan ne diyor; bakanlar\u0131n biri geliyor biri gidiyor. &#8216;Herkes rahat dursun&#8217; diyor. T\u00fcrkiye Cumhuriyeti\u2019nin Hazine Bakanl\u0131\u011f\u0131\u2019n\u0131n ba\u015f\u0131ndaki bakan\u0131n seviyesine bak\u0131n. Ama vatanda\u015f rahat durmuyor. Sabit gelirli vatanda\u015f\u0131m\u0131za sen en fazla enflasyonun alt\u0131nda ezilirsin diyen ki\u015finin laf\u0131na bak\u0131lmaz. TL&#8217;deki g\u00fcvenceyi Amerikan dolar\u0131yla vermek ekonomiyi d\u00fczeltmez. \u015eu an tencereler bo\u015f, buzdolaplar\u0131 bo\u015f.&#8221;<\/p>\n<p><strong>&#8216;ERDO\u011eAN&#8217;IN H\u0130KAYES\u0130N\u0130N SONU GELD\u0130, HAYS\u0130YETL\u0130 \u0130NSANLARLA BU \u0130KT\u0130DARIN YIKTI\u011eI HER \u015eEY\u0130 TEK TEK ONARA\u011eIZ&#8217;<\/strong><\/p>\n<p>&#8220;Fiyat istikrar\u0131n\u0131n hi\u00e7bir \u00f6neminin kalmad\u0131\u011f\u0131n\u0131 d\u00fcnyaya g\u00f6sterdiler. Yanl\u0131\u015fta inat, \u00fclkeye on y\u0131llarca s\u00fcrecek bir y\u00fck y\u00fcklemek bu \u00fclkeye, gen\u00e7li\u011fine, do\u011fmam\u0131\u015f bebeklerine yaz\u0131k etmek demektir. T\u00fcrkiye ekonomisinin i\u00e7ine d\u00fc\u015ft\u00fc\u011f\u00fc hastal\u0131\u011f\u0131n tedavisinin yolu hukuktur. \u0130nsan haklar\u0131n\u0131n s\u0131n\u0131rland\u0131\u011f\u0131 d\u00f6nemi bir kapat\u0131n bak\u0131n \u00fclke nas\u0131l d\u00fczeliyor&#8230; Bunlar\u0131 yapmad\u0131k\u00e7a siz de\u011fil devleti, bakkal d\u00fckkan\u0131 bile y\u00f6netemezsiniz.<\/p>\n<p>Erdo\u011fan\u2019\u0131n hikayesinin sonu geldi. Yepyeni bir ba\u015flang\u0131c\u0131 ba\u015flatt\u0131k. Bu \u00fclkenin haysiyetli insanlar\u0131yla beraber bu iktidar\u0131n y\u0131kt\u0131\u011f\u0131 her \u015feyi tek tek onaraca\u011f\u0131z.&#8221;<\/p>\n<p><strong>STK&#8217;LARA &#8216;SUSMAYIN&#8217; \u00c7A\u011eRISI: MEMLEKET YANARKEN SES \u00c7IKARMAYANLARI BU M\u0130LLET YAZACAK<\/strong><\/p>\n<p>Babacan&#8217;\u0131n toplant\u0131n\u0131n ard\u0131ndan bas\u0131n mensuplar\u0131n\u0131n g\u00fcndeme ili\u015fkin sorular\u0131na verdi\u011fi yan\u0131tlardan \u00f6ne \u00e7\u0131kan b\u00f6l\u00fcmler \u015f\u00f6yle:<\/p>\n<p>&#8220;-\u015eu anki iktidar karanl\u0131kta \u00e7al\u0131\u015fmay\u0131 seviyor. Gece yar\u0131s\u0131 kararname yay\u0131nl\u0131yorlar.<\/p>\n<p>-Sivil toplum kurulu\u015flar\u0131n\u0131 bask\u0131 alt\u0131na almak Say\u0131n Erdo\u011fan\u2019\u0131n y\u0131llard\u0131r yapt\u0131\u011f\u0131 bir i\u015f. Tehditle a\u011fz\u0131na fermuar \u00e7ekilen, susturulan sivil toplum \u00f6rg\u00fctlerimizin mensuplar\u0131 \u00fczg\u00fcnler, k\u0131zg\u0131nlar. Bu ortamda \u00e7\u0131k\u0131p, do\u011frular\u0131 dimdik s\u00f6ylemek sivil toplum kurulu\u015flar\u0131m\u0131z\u0131n tarihi bir sorumlulu\u011fu var. Tarihi bir d\u00f6nemde ya\u015f\u0131yoruz. Memleket yanarken dertleri dillendirmeyeceksiniz de hangi g\u00fcn yapacaks\u0131n\u0131z. Tarihe bir kay\u0131t d\u00fc\u015f\u00fcn. Bu d\u00f6nemde konu\u015fmayanlar\u0131, seslerini \u00e7\u0131karmayanlar\u0131 millet tarih kay\u0131tlar\u0131na yaz\u0131yor. Siz niye konu\u015fmad\u0131n\u0131z, niye kay\u0131ts\u0131n\u0131z kald\u0131n\u0131z diye milletimiz tarih defterine not ediyor.&#8221;<\/p>\n<\/div>\n<p><em><strong>https:\/\/artigercek.com\/haberler\/ali-babacan-1953\u00a0<\/strong><\/em><\/p>\n<\/div>\n","protected":false},"excerpt":{"rendered":"<p>Babacan: Erdo\u011fan\u2019\u0131n hikayesinin sonu geldi. Bu \u00fclkenin haysiyetli insanlar\u0131yla beraber bu iktidar\u0131n y\u0131kt\u0131\u011f\u0131 her \u015feyi tek tek onaraca\u011f\u0131z. Demokrasi ve At\u0131l\u0131m Partisi (DEVA) Genel Ba\u015fkan\u0131 Ali Babacan&#8217;\u0131n haftal\u0131k de\u011ferlendirme toplant\u0131s\u0131nda g\u00fcndeme ili\u015fkin a\u00e7\u0131klamalarda bulundu. Ge\u00e7en hafta inatla, \u0131srarla hatal\u0131 kararlar alan AKP iktidar\u0131n\u0131 \u00f6nceden uyarma vazifesini yerine getidiklerini belirten Babacan, h\u00fck\u00fcmete seslenerek \u201cBe\u015ftepe\u2019nin kulaklar\u0131 t\u00fcm [&hellip;]<\/p>\n","protected":false},"author":7,"featured_media":66393,"comment_status":"open","ping_status":"open","sticky":false,"template":"","format":"standard","meta":{"footnotes":""},"categories":[1],"tags":[],"class_list":["post-66392","post","type-post","status-publish","format-standard","has-post-thumbnail","hentry","category-haberler"],"yoast_head":"<!-- This site is optimized with the Yoast SEO plugin v27.4 - https:\/\/yoast.com\/product\/yoast-seo-wordpress\/ -->\n<title>Babacan&#039;dan Erdo\u011fan&#039;a &#039;\u00fclke bat\u0131yor&#039; tepkisi, STK&#039;lara da &#039;susmay\u0131n&#039; \u00e7a\u011fr\u0131s\u0131 - Bati Ermenistan Ve Bati Ermenileri Sorunlari Ara\u015ftirmalar Merkezi<\/title>\n<meta name=\"robots\" content=\"index, follow, max-snippet:-1, max-image-preview:large, max-video-preview:-1\" \/>\n<link rel=\"canonical\" href=\"https:\/\/akunq.net\/tr\/?p=66392\" \/>\n<meta property=\"og:locale\" content=\"en_US\" \/>\n<meta property=\"og:type\" content=\"article\" \/>\n<meta property=\"og:title\" content=\"Babacan&#039;dan Erdo\u011fan&#039;a &#039;\u00fclke bat\u0131yor&#039; tepkisi, STK&#039;lara da &#039;susmay\u0131n&#039; \u00e7a\u011fr\u0131s\u0131 - Bati Ermenistan Ve Bati Ermenileri Sorunlari Ara\u015ftirmalar Merkezi\" \/>\n<meta property=\"og:description\" content=\"Babacan: Erdo\u011fan\u2019\u0131n hikayesinin sonu geldi. Bu \u00fclkenin haysiyetli insanlar\u0131yla beraber bu iktidar\u0131n y\u0131kt\u0131\u011f\u0131 her \u015feyi tek tek onaraca\u011f\u0131z. Demokrasi ve At\u0131l\u0131m Partisi (DEVA) Genel Ba\u015fkan\u0131 Ali Babacan&#8217;\u0131n haftal\u0131k de\u011ferlendirme toplant\u0131s\u0131nda g\u00fcndeme ili\u015fkin a\u00e7\u0131klamalarda bulundu. Ge\u00e7en hafta inatla, \u0131srarla hatal\u0131 kararlar alan AKP iktidar\u0131n\u0131 \u00f6nceden uyarma vazifesini yerine getidiklerini belirten Babacan, h\u00fck\u00fcmete seslenerek \u201cBe\u015ftepe\u2019nin kulaklar\u0131 t\u00fcm [&hellip;]\" \/>\n<meta property=\"og:url\" content=\"https:\/\/akunq.net\/tr\/?p=66392\" \/>\n<meta property=\"og:site_name\" content=\"Bati Ermenistan Ve Bati Ermenileri Sorunlari Ara\u015ftirmalar Merkezi\" \/>\n<meta property=\"article:published_time\" content=\"2021-12-23T07:15:15+00:00\" \/>\n<meta property=\"og:image\" content=\"https:\/\/akunq.net\/tr\/wp-content\/uploads\/sites\/6\/2021\/12\/\u0531\u056c\u056b-\u0532\u0561\u0562\u0561\u057b\u0561\u0576.jpeg\" \/>\n\t<meta property=\"og:image:width\" content=\"800\" \/>\n\t<meta property=\"og:image:height\" content=\"463\" \/>\n\t<meta property=\"og:image:type\" content=\"image\/jpeg\" \/>\n<meta name=\"author\" content=\"admin\" \/>\n<meta name=\"twitter:card\" content=\"summary_large_image\" \/>\n<meta name=\"twitter:label1\" content=\"Written by\" \/>\n\t<meta name=\"twitter:data1\" content=\"admin\" \/>\n\t<meta name=\"twitter:label2\" content=\"Est. reading time\" \/>\n\t<meta name=\"twitter:data2\" content=\"7 minutes\" \/>\n<script type=\"application\/ld+json\" class=\"yoast-schema-graph\">{\"@context\":\"https:\\\/\\\/schema.org\",\"@graph\":[{\"@type\":\"Article\",\"@id\":\"https:\\\/\\\/akunq.net\\\/tr\\\/?p=66392#article\",\"isPartOf\":{\"@id\":\"https:\\\/\\\/akunq.net\\\/tr\\\/?p=66392\"},\"author\":{\"name\":\"admin\",\"@id\":\"https:\\\/\\\/akunq.net\\\/tr\\\/#\\\/schema\\\/person\\\/096f1d38a12cce57fb855b485ed24c9e\"},\"headline\":\"Babacan&#8217;dan Erdo\u011fan&#8217;a &#8216;\u00fclke bat\u0131yor&#8217; tepkisi, STK&#8217;lara da &#8216;susmay\u0131n&#8217; \u00e7a\u011fr\u0131s\u0131\",\"datePublished\":\"2021-12-23T07:15:15+00:00\",\"mainEntityOfPage\":{\"@id\":\"https:\\\/\\\/akunq.net\\\/tr\\\/?p=66392\"},\"wordCount\":1457,\"commentCount\":0,\"image\":{\"@id\":\"https:\\\/\\\/akunq.net\\\/tr\\\/?p=66392#primaryimage\"},\"thumbnailUrl\":\"https:\\\/\\\/akunq.net\\\/tr\\\/wp-content\\\/uploads\\\/sites\\\/6\\\/2021\\\/12\\\/\u0531\u056c\u056b-\u0532\u0561\u0562\u0561\u057b\u0561\u0576.jpeg\",\"articleSection\":[\"Haberler\"],\"inLanguage\":\"en-US\",\"potentialAction\":[{\"@type\":\"CommentAction\",\"name\":\"Comment\",\"target\":[\"https:\\\/\\\/akunq.net\\\/tr\\\/?p=66392#respond\"]}]},{\"@type\":\"WebPage\",\"@id\":\"https:\\\/\\\/akunq.net\\\/tr\\\/?p=66392\",\"url\":\"https:\\\/\\\/akunq.net\\\/tr\\\/?p=66392\",\"name\":\"Babacan'dan Erdo\u011fan'a '\u00fclke bat\u0131yor' tepkisi, STK'lara da 'susmay\u0131n' \u00e7a\u011fr\u0131s\u0131 - Bati Ermenistan Ve Bati Ermenileri Sorunlari Ara\u015ftirmalar Merkezi\",\"isPartOf\":{\"@id\":\"https:\\\/\\\/akunq.net\\\/tr\\\/#website\"},\"primaryImageOfPage\":{\"@id\":\"https:\\\/\\\/akunq.net\\\/tr\\\/?p=66392#primaryimage\"},\"image\":{\"@id\":\"https:\\\/\\\/akunq.net\\\/tr\\\/?p=66392#primaryimage\"},\"thumbnailUrl\":\"https:\\\/\\\/akunq.net\\\/tr\\\/wp-content\\\/uploads\\\/sites\\\/6\\\/2021\\\/12\\\/\u0531\u056c\u056b-\u0532\u0561\u0562\u0561\u057b\u0561\u0576.jpeg\",\"datePublished\":\"2021-12-23T07:15:15+00:00\",\"author\":{\"@id\":\"https:\\\/\\\/akunq.net\\\/tr\\\/#\\\/schema\\\/person\\\/096f1d38a12cce57fb855b485ed24c9e\"},\"breadcrumb\":{\"@id\":\"https:\\\/\\\/akunq.net\\\/tr\\\/?p=66392#breadcrumb\"},\"inLanguage\":\"en-US\",\"potentialAction\":[{\"@type\":\"ReadAction\",\"target\":[\"https:\\\/\\\/akunq.net\\\/tr\\\/?p=66392\"]}]},{\"@type\":\"ImageObject\",\"inLanguage\":\"en-US\",\"@id\":\"https:\\\/\\\/akunq.net\\\/tr\\\/?p=66392#primaryimage\",\"url\":\"https:\\\/\\\/akunq.net\\\/tr\\\/wp-content\\\/uploads\\\/sites\\\/6\\\/2021\\\/12\\\/\u0531\u056c\u056b-\u0532\u0561\u0562\u0561\u057b\u0561\u0576.jpeg\",\"contentUrl\":\"https:\\\/\\\/akunq.net\\\/tr\\\/wp-content\\\/uploads\\\/sites\\\/6\\\/2021\\\/12\\\/\u0531\u056c\u056b-\u0532\u0561\u0562\u0561\u057b\u0561\u0576.jpeg\",\"width\":800,\"height\":463},{\"@type\":\"BreadcrumbList\",\"@id\":\"https:\\\/\\\/akunq.net\\\/tr\\\/?p=66392#breadcrumb\",\"itemListElement\":[{\"@type\":\"ListItem\",\"position\":1,\"name\":\"Home\",\"item\":\"https:\\\/\\\/akunq.net\\\/tr\"},{\"@type\":\"ListItem\",\"position\":2,\"name\":\"Babacan&#8217;dan Erdo\u011fan&#8217;a &#8216;\u00fclke bat\u0131yor&#8217; tepkisi, STK&#8217;lara da &#8216;susmay\u0131n&#8217; \u00e7a\u011fr\u0131s\u0131\"}]},{\"@type\":\"WebSite\",\"@id\":\"https:\\\/\\\/akunq.net\\\/tr\\\/#website\",\"url\":\"https:\\\/\\\/akunq.net\\\/tr\\\/\",\"name\":\"Bati Ermenistan Ve Bati Ermenileri Sorunlari Ara\u015ftirmalar Merkezi\",\"description\":\"\",\"potentialAction\":[{\"@type\":\"SearchAction\",\"target\":{\"@type\":\"EntryPoint\",\"urlTemplate\":\"https:\\\/\\\/akunq.net\\\/tr\\\/?s={search_term_string}\"},\"query-input\":{\"@type\":\"PropertyValueSpecification\",\"valueRequired\":true,\"valueName\":\"search_term_string\"}}],\"inLanguage\":\"en-US\"},{\"@type\":\"Person\",\"@id\":\"https:\\\/\\\/akunq.net\\\/tr\\\/#\\\/schema\\\/person\\\/096f1d38a12cce57fb855b485ed24c9e\",\"name\":\"admin\",\"url\":\"https:\\\/\\\/akunq.net\\\/tr\\\/?author=7\"}]}<\/script>\n<!-- \/ Yoast SEO plugin. -->","yoast_head_json":{"title":"Babacan'dan Erdo\u011fan'a '\u00fclke bat\u0131yor' tepkisi, STK'lara da 'susmay\u0131n' \u00e7a\u011fr\u0131s\u0131 - Bati Ermenistan Ve Bati Ermenileri Sorunlari Ara\u015ftirmalar Merkezi","robots":{"index":"index","follow":"follow","max-snippet":"max-snippet:-1","max-image-preview":"max-image-preview:large","max-video-preview":"max-video-preview:-1"},"canonical":"https:\/\/akunq.net\/tr\/?p=66392","og_locale":"en_US","og_type":"article","og_title":"Babacan'dan Erdo\u011fan'a '\u00fclke bat\u0131yor' tepkisi, STK'lara da 'susmay\u0131n' \u00e7a\u011fr\u0131s\u0131 - Bati Ermenistan Ve Bati Ermenileri Sorunlari Ara\u015ftirmalar Merkezi","og_description":"Babacan: Erdo\u011fan\u2019\u0131n hikayesinin sonu geldi. Bu \u00fclkenin haysiyetli insanlar\u0131yla beraber bu iktidar\u0131n y\u0131kt\u0131\u011f\u0131 her \u015feyi tek tek onaraca\u011f\u0131z. Demokrasi ve At\u0131l\u0131m Partisi (DEVA) Genel Ba\u015fkan\u0131 Ali Babacan&#8217;\u0131n haftal\u0131k de\u011ferlendirme toplant\u0131s\u0131nda g\u00fcndeme ili\u015fkin a\u00e7\u0131klamalarda bulundu. Ge\u00e7en hafta inatla, \u0131srarla hatal\u0131 kararlar alan AKP iktidar\u0131n\u0131 \u00f6nceden uyarma vazifesini yerine getidiklerini belirten Babacan, h\u00fck\u00fcmete seslenerek \u201cBe\u015ftepe\u2019nin kulaklar\u0131 t\u00fcm [&hellip;]","og_url":"https:\/\/akunq.net\/tr\/?p=66392","og_site_name":"Bati Ermenistan Ve Bati Ermenileri Sorunlari Ara\u015ftirmalar Merkezi","article_published_time":"2021-12-23T07:15:15+00:00","og_image":[{"width":800,"height":463,"url":"https:\/\/akunq.net\/tr\/wp-content\/uploads\/sites\/6\/2021\/12\/\u0531\u056c\u056b-\u0532\u0561\u0562\u0561\u057b\u0561\u0576.jpeg","type":"image\/jpeg"}],"author":"admin","twitter_card":"summary_large_image","twitter_misc":{"Written by":"admin","Est. reading time":"7 minutes"},"schema":{"@context":"https:\/\/schema.org","@graph":[{"@type":"Article","@id":"https:\/\/akunq.net\/tr\/?p=66392#article","isPartOf":{"@id":"https:\/\/akunq.net\/tr\/?p=66392"},"author":{"name":"admin","@id":"https:\/\/akunq.net\/tr\/#\/schema\/person\/096f1d38a12cce57fb855b485ed24c9e"},"headline":"Babacan&#8217;dan Erdo\u011fan&#8217;a &#8216;\u00fclke bat\u0131yor&#8217; tepkisi, STK&#8217;lara da &#8216;susmay\u0131n&#8217; \u00e7a\u011fr\u0131s\u0131","datePublished":"2021-12-23T07:15:15+00:00","mainEntityOfPage":{"@id":"https:\/\/akunq.net\/tr\/?p=66392"},"wordCount":1457,"commentCount":0,"image":{"@id":"https:\/\/akunq.net\/tr\/?p=66392#primaryimage"},"thumbnailUrl":"https:\/\/akunq.net\/tr\/wp-content\/uploads\/sites\/6\/2021\/12\/\u0531\u056c\u056b-\u0532\u0561\u0562\u0561\u057b\u0561\u0576.jpeg","articleSection":["Haberler"],"inLanguage":"en-US","potentialAction":[{"@type":"CommentAction","name":"Comment","target":["https:\/\/akunq.net\/tr\/?p=66392#respond"]}]},{"@type":"WebPage","@id":"https:\/\/akunq.net\/tr\/?p=66392","url":"https:\/\/akunq.net\/tr\/?p=66392","name":"Babacan'dan Erdo\u011fan'a '\u00fclke bat\u0131yor' tepkisi, STK'lara da 'susmay\u0131n' \u00e7a\u011fr\u0131s\u0131 - Bati Ermenistan Ve Bati Ermenileri Sorunlari Ara\u015ftirmalar Merkezi","isPartOf":{"@id":"https:\/\/akunq.net\/tr\/#website"},"primaryImageOfPage":{"@id":"https:\/\/akunq.net\/tr\/?p=66392#primaryimage"},"image":{"@id":"https:\/\/akunq.net\/tr\/?p=66392#primaryimage"},"thumbnailUrl":"https:\/\/akunq.net\/tr\/wp-content\/uploads\/sites\/6\/2021\/12\/\u0531\u056c\u056b-\u0532\u0561\u0562\u0561\u057b\u0561\u0576.jpeg","datePublished":"2021-12-23T07:15:15+00:00","author":{"@id":"https:\/\/akunq.net\/tr\/#\/schema\/person\/096f1d38a12cce57fb855b485ed24c9e"},"breadcrumb":{"@id":"https:\/\/akunq.net\/tr\/?p=66392#breadcrumb"},"inLanguage":"en-US","potentialAction":[{"@type":"ReadAction","target":["https:\/\/akunq.net\/tr\/?p=66392"]}]},{"@type":"ImageObject","inLanguage":"en-US","@id":"https:\/\/akunq.net\/tr\/?p=66392#primaryimage","url":"https:\/\/akunq.net\/tr\/wp-content\/uploads\/sites\/6\/2021\/12\/\u0531\u056c\u056b-\u0532\u0561\u0562\u0561\u057b\u0561\u0576.jpeg","contentUrl":"https:\/\/akunq.net\/tr\/wp-content\/uploads\/sites\/6\/2021\/12\/\u0531\u056c\u056b-\u0532\u0561\u0562\u0561\u057b\u0561\u0576.jpeg","width":800,"height":463},{"@type":"BreadcrumbList","@id":"https:\/\/akunq.net\/tr\/?p=66392#breadcrumb","itemListElement":[{"@type":"ListItem","position":1,"name":"Home","item":"https:\/\/akunq.net\/tr"},{"@type":"ListItem","position":2,"name":"Babacan&#8217;dan Erdo\u011fan&#8217;a &#8216;\u00fclke bat\u0131yor&#8217; tepkisi, STK&#8217;lara da &#8216;susmay\u0131n&#8217; \u00e7a\u011fr\u0131s\u0131"}]},{"@type":"WebSite","@id":"https:\/\/akunq.net\/tr\/#website","url":"https:\/\/akunq.net\/tr\/","name":"Bati Ermenistan Ve Bati Ermenileri Sorunlari Ara\u015ftirmalar Merkezi","description":"","potentialAction":[{"@type":"SearchAction","target":{"@type":"EntryPoint","urlTemplate":"https:\/\/akunq.net\/tr\/?s={search_term_string}"},"query-input":{"@type":"PropertyValueSpecification","valueRequired":true,"valueName":"search_term_string"}}],"inLanguage":"en-US"},{"@type":"Person","@id":"https:\/\/akunq.net\/tr\/#\/schema\/person\/096f1d38a12cce57fb855b485ed24c9e","name":"admin","url":"https:\/\/akunq.net\/tr\/?author=7"}]}},"_links":{"self":[{"href":"https:\/\/akunq.net\/tr\/index.php?rest_route=\/wp\/v2\/posts\/66392","targetHints":{"allow":["GET"]}}],"collection":[{"href":"https:\/\/akunq.net\/tr\/index.php?rest_route=\/wp\/v2\/posts"}],"about":[{"href":"https:\/\/akunq.net\/tr\/index.php?rest_route=\/wp\/v2\/types\/post"}],"author":[{"embeddable":true,"href":"https:\/\/akunq.net\/tr\/index.php?rest_route=\/wp\/v2\/users\/7"}],"replies":[{"embeddable":true,"href":"https:\/\/akunq.net\/tr\/index.php?rest_route=%2Fwp%2Fv2%2Fcomments&post=66392"}],"version-history":[{"count":1,"href":"https:\/\/akunq.net\/tr\/index.php?rest_route=\/wp\/v2\/posts\/66392\/revisions"}],"predecessor-version":[{"id":66394,"href":"https:\/\/akunq.net\/tr\/index.php?rest_route=\/wp\/v2\/posts\/66392\/revisions\/66394"}],"wp:featuredmedia":[{"embeddable":true,"href":"https:\/\/akunq.net\/tr\/index.php?rest_route=\/wp\/v2\/media\/66393"}],"wp:attachment":[{"href":"https:\/\/akunq.net\/tr\/index.php?rest_route=%2Fwp%2Fv2%2Fmedia&parent=66392"}],"wp:term":[{"taxonomy":"category","embeddable":true,"href":"https:\/\/akunq.net\/tr\/index.php?rest_route=%2Fwp%2Fv2%2Fcategories&post=66392"},{"taxonomy":"post_tag","embeddable":true,"href":"https:\/\/akunq.net\/tr\/index.php?rest_route=%2Fwp%2Fv2%2Ftags&post=66392"}],"curies":[{"name":"wp","href":"https:\/\/api.w.org\/{rel}","templated":true}]}}