{"id":66386,"date":"2021-12-23T02:02:35","date_gmt":"2021-12-23T07:02:35","guid":{"rendered":"https:\/\/akunq.net\/tr\/?p=66386"},"modified":"2021-12-23T02:02:35","modified_gmt":"2021-12-23T07:02:35","slug":"izmirde-suriyeli-uc-genc-yakilarak-olduruldu","status":"publish","type":"post","link":"https:\/\/akunq.net\/tr\/?p=66386","title":{"rendered":"\u0130zmir&#8217;de Suriyeli \u00fc\u00e7 gen\u00e7 yak\u0131larak \u00f6ld\u00fcr\u00fcld\u00fc"},"content":{"rendered":"<section class=\"entry-article-topper\">\n<div class=\"grid-x grid-margin-x\">\n<div class=\"cell\">\n<div class=\"entry-header clearfix \">\n<div class=\"entry-subtitle\">\n<p><em><strong>\u00d6ld\u00fcr\u00fclen gen\u00e7lerden Mamoun al-Nabhan&#8217;\u0131n karde\u015fi, &#8220;Neden oldu, neden yapt\u0131 kimse bilmiyor. Sonradan da iki tane T\u00fcrkiyeli\u2019yi b\u0131\u00e7aklad\u0131\u011f\u0131n\u0131 biliyoruz&#8221; diye konu\u015ftu. \u015e\u00fcpheli K.K.&#8217;n\u0131n ise ifadesinde &#8220;\u00d6ld\u00fcrme kast\u0131m yoktu korkutmak istedim&#8221; dedi\u011fi kaydedildi.<\/strong><\/em><\/p>\n<\/div>\n<\/div>\n<div class=\"entry-media\">\n<div class=\"entry-media-inner-img\"><img decoding=\"async\" class=\"lazy fill-content abs-element\" src=\"https:\/\/www.indyturk.com\/sites\/default\/files\/styles\/1368x911\/public\/article\/main_image\/2021\/12\/22\/825151-2073511957.jpg?itok=wOJ7G8aR\" \/><\/div>\n<div class=\"caption-field\">\n<p><em>G\u00f6rsel: Sosyal medya<\/em><\/p>\n<\/div>\n<\/div>\n<\/div>\n<\/div>\n<\/section>\n<div class=\"grid-container\">\n<article class=\"entry-article\">\n<div class=\"grid-x align-justify\">\n<div class=\"content-wrap-holder cell\">\n<div class=\"region region-content\">\n<div id=\"block-system-main\" class=\"block block-system\">\n<div class=\"content\">\n<div class=\"content-wrap\">\n<div class=\"printable-area page-taxonomy-term-16\" dir=\"ltr\">\n<div class=\"entry-content\" data-io-article-url=\"https:\/\/www.indyturk.com\/node\/450526\/haber\/i%CC%87zmirde-suriyeli-%C3%BC%C3%A7-gen%C3%A7-yak%C4%B1larak-%C3%B6ld%C3%BCr%C3%BCld%C3%BC\">\n<div class=\"field field-name-body field-type-text-with-summary field-label-hidden\">\n<div class=\"field-items\">\n<div class=\"field-item even\">\n<p>Suriye \u0130nsan Haklar\u0131 G\u00f6zlemevi, \u0130zmir&#8217;de bir ki\u015finin Suriyeli \u00fc\u00e7 gen\u00e7 i\u015f\u00e7inin \u00fczerine uykudayken benzin d\u00f6kerek yakt\u0131\u011f\u0131n\u0131 ve gen\u00e7lerin \u00fc\u00e7\u00fcn\u00fcn de hayat\u0131n\u0131 kaybetti\u011fini\u00a0a\u00e7\u0131klad\u0131.<\/p>\n<p>Olayla ilgili ara\u015ft\u0131rman\u0131n detaylar\u0131 hen\u00fcz a\u00e7\u0131klanmazken, \u00f6len 3 gencin foto\u011fraflar\u0131 ve kimlik bilgileri sosyal medyada payla\u015f\u0131ld\u0131. Suriyeli gen\u00e7lerin 23 ya\u015f\u0131ndaki Mamoun al-Nabhan, 21 ya\u015f\u0131ndaki Ahmed Al-Ali ve 17 ya\u015f\u0131ndaki Muhammed el-Bish oldu\u011fu \u00f6\u011frenildi.<\/p>\n<p>Gazete Duvar&#8217;\u0131n haberine g\u00f6re, karde\u015fi Mamoun al-Nabhan&#8217;\u0131n bir hafta yo\u011fun bak\u0131mda kald\u0131ktan sonra \u00f6ld\u00fc\u011f\u00fcn\u00fc s\u00f6yleyedi.<\/p>\n<p><strong>&#8220;Neden yapt\u0131 kimse bilmiyor&#8221;<\/strong><\/p>\n<p>Nabhan&#8217;\u0131n karde\u015fi Ahmet, \u015funlar\u0131 kaydetti:<\/p>\n<blockquote><p><em>Biz 5 y\u0131l \u00f6nce geldik T\u00fcrkiye\u2019ye. Karde\u015fim 23 ya\u015f\u0131ndayd\u0131. Bir hafta sonra evlenecekti. Fabrikada \u00e7al\u0131\u015ft\u0131klar\u0131 yerde uyurken mazot benzin d\u00f6k\u00fcp sonra da yakm\u0131\u015f. Olaydan sonra bir hafta hastanede kald\u0131. Bir hafta sonra \u00f6ld\u00fc. Di\u011fer arkada\u015flar\u0131 ise zaten bir g\u00fcn sonra \u00f6ld\u00fcler. O zaman hi\u00e7 kimseye haber vermedik \u00e7\u00fcnk\u00fc polis kimseye anlatmamam\u0131z\u0131 istedi. &#8216;Bir \u015f\u00fcpheli var, onu yakalayal\u0131m \u00f6yle haber verin&#8217; dediler. Sonra polis yakalad\u0131, o ki\u015finin oldu\u011funu ispatlad\u0131lar. T\u00fcrk taraflar\u0131 bas\u0131na neden haber vermediler onu da bilmiyorum. Katil bizimle ayn\u0131 fabrikadan ta\u015f al\u0131yordu. \u0130smi Kamal. Neden oldu, neden yapt\u0131 kimse bilmiyor. Sonradan da iki tane T\u00fcrkiyeli\u2019yi b\u0131\u00e7aklad\u0131\u011f\u0131n\u0131 biliyoruz&#8230;<\/em><\/p><\/blockquote>\n<p><strong>&#8220;Olaydan 5-6 g\u00fcn sonra da iki T\u00fcrk\u2019\u00fc b\u0131\u00e7aklam\u0131\u015f&#8221;<\/strong><\/p>\n<p>&#8220;Zaten vahim olan bu olay\u0131n ba\u015fka bir vahim taraf\u0131 da olay\u0131n 35 g\u00fcn sonra ortaya \u00e7\u0131kmas\u0131d\u0131r&#8221;\u00a0diyen S\u0131\u011f\u0131nmac\u0131lar Haklar\u0131 Platformu&#8217;ndan Talha El Gazi ise olay\u0131 \u015fu \u015fekilde anlatt\u0131:<\/p>\n<blockquote><p><em>Olay 16 Kas\u0131m&#8217;da ger\u00e7ekle\u015fmi\u015f. \u00dc\u00e7 Suriyeli i\u015f\u00e7i ufak bir at\u00f6lyede \u00e7al\u0131\u015f\u0131yorlar. Firma ta\u015f firmas\u0131. Sabah namaz\u0131 \u00f6ncesi bunlar uyudu\u011fu anda birisi gelip yatt\u0131\u011f\u0131 odaya benzin d\u00f6k\u00fcp ate\u015fe veriyor. Benzin ve ate\u015fin \u015fiddetiyle a\u011f\u0131r yaralan\u0131yorlar. \u0130kisi 10-15 saat sonra vefat ediyor di\u011feri de bir hafta sonra vefat ediyor. Olaydan sonra vefat eden ki\u015filerin aileleri Adli T\u0131p raporu bekliyorlar. Herhangi bir sonu\u00e7 gelmiyor. \u0130ki g\u00fcn \u00f6nce karakoldan aram\u0131\u015flar. Biz de olay\u0131 tespit ettik. \u0130HD, Mazlum-Der, M\u00fclteci Dernekleri olarak yar\u0131n \u0130zmir\u2019deyiz. Olaydan 2-3 saat \u00f6nce oradaki T\u00fcrk vatanda\u015fla g\u00f6r\u00fc\u015fm\u00fc\u015f ve &#8216;Ben bu Suriyelileri yakaca\u011f\u0131m&#8217; demi\u015f. Olaydan 5-6 g\u00fcn sonra da iki T\u00fcrk\u2019\u00fc b\u0131\u00e7aklam\u0131\u015f. Bu da bize yakma olay\u0131ndan sonra serbest b\u0131rak\u0131ld\u0131\u011f\u0131n\u0131 g\u00f6steriyor.<\/em><\/p><\/blockquote>\n<p><strong>\u015e\u00fcphelinin ifadesi ortaya \u00e7\u0131kt\u0131: J\u0130TEM g\u00f6revlisiyim<\/strong><\/p>\n<p>Olaydan birka\u00e7 g\u00fcn sonra polis taraf\u0131ndan yakalanarak cezaevine konulan \u015f\u00fcpheli K.K.&#8217;n\u0131n polise verdi\u011fi ifadenin detaylar\u0131 da ortaya \u00e7\u0131kt\u0131. Soru\u015fturma dosyas\u0131n\u0131 inceleyen avukatlardan al\u0131nan bilgilere g\u00f6re K.K. ifadesinde J\u0130TEM g\u00f6revlisi oldu\u011funa dair beyanlarda bulundu.<\/p>\n<p>\u0130lkses&#8217;ten \u00c7a\u011fla Geni\u015f&#8217;in haberine g\u00f6re; \u015f\u00fcphelinin 2000 y\u0131l\u0131nda askerli\u011fini yaparken komutan\u0131n\u0131n kendisine art\u0131k J\u0130TEM i\u00e7in \u00e7al\u0131\u015faca\u011f\u0131n\u0131 s\u00f6yledi\u011fini bunun ard\u0131nda da G\u00fcneydo\u011fu\u2019da baz\u0131 operasyonlara kat\u0131ld\u0131\u011f\u0131n\u0131 ifade etti\u011fi \u00f6\u011frenildi.<\/p>\n<p>\u00d6ld\u00fcrd\u00fc\u011f\u00fc 3 Suriyeli gen\u00e7le bir d\u00f6nem ayn\u0131 i\u015fyerinde \u00e7al\u0131\u015ft\u0131\u011f\u0131n\u0131 ifade eden \u015f\u00fcpheli fabrikada Suriyeliler geldikten sonra i\u015f alamaz oldu\u011funu iddia etti.<\/p>\n<p>\u015e\u00fcpheli ifadesinde \u015funlar\u0131 s\u00f6yledi:<\/p>\n<blockquote><p><em>Olaydan 3 ay \u00f6nce arabama sigara paketinin i\u00e7inde bir not b\u0131rakt\u0131lar. &#8216;G\u00f6revin devam ediyor&#8217; diye. Daha sonras\u0131nda bu nottan bir s\u00fcre sonra tekrar bir not daha buldum. &#8216;G\u00f6revine ba\u015fla&#8217; yaz\u0131yordu. Olay\u0131n ya\u015fand\u0131\u011f\u0131 g\u00fcnden birka\u00e7 g\u00fcn \u00f6nce bir not daha buldum. &#8216;G\u00f6revine ba\u015fla, temizli\u011fe ba\u015fla&#8217; yaz\u0131yordu. Ben de bu notlar\u0131n Suriyelileri temizlemekle alakal\u0131 oldu\u011funu d\u00fc\u015f\u00fcnd\u00fcm. Olay\u0131n oldu\u011fu g\u00fcn kalacak yerim olmad\u0131\u011f\u0131 i\u00e7in Birlik Beton\u2019a gittim, orada kalmak istedi\u011fimi s\u00f6yledim bir arkada\u015f\u0131ma. O da &#8216;\u015eurada Suriyeliler kal\u0131yor istersen onlarla kalabilirsin&#8217; dedi. Arabadan battaniyemi ald\u0131m, Suriyelilerin kald\u0131\u011f\u0131 odaya gittim. Odaya girdi\u011fimde Suriyeliler telefonla u\u011fra\u015f\u0131yordu. Oda \u00e7ok havas\u0131zd\u0131, kalmaktan vazge\u00e7tim.<\/em><\/p><\/blockquote>\n<p><strong>&#8220;\u00d6ld\u00fcrme kast\u0131m yoktu korkutmak istedim&#8221;<\/strong><\/p>\n<p>Edinilen bilgilere g\u00f6re \u015f\u00fcpheli ifadesinde olay\u0131n ya\u015fand\u0131\u011f\u0131 g\u00fcn\u00fc ise \u015f\u00f6yle anlatt\u0131:<\/p>\n<blockquote><p><em>Hastaneden geri d\u00f6nd\u00fcm. Arabam\u0131n arkas\u0131nda 5 litrelik su bidonu i\u00e7inde benzin vard\u0131. Ba\u011f bah\u00e7e i\u015flerinde \u00e7al\u0131\u015ft\u0131\u011f\u0131m i\u00e7in a\u011fa\u00e7 kesme motorunda kullan\u0131yordum. Bu benzin bidonunu ald\u0131m, bir \u00e7uval\u0131n icine koydum. \u0130\u015fyeri yak\u0131n\u0131ndaki camiye girdim. Tan\u0131mamak i\u00e7in ceket giymi\u015ftim, onu caminin tuvaletine koydum. Ceketsiz ve elimde bidonla \u00e7\u0131kt\u0131m ve i\u015fyerine gittim. 3 ki\u015finin yatt\u0131\u011f\u0131 odaya girdim. Kap\u0131lar kilitli olmad\u0131\u011f\u0131n\u0131 biliyordum. 3 ki\u015fi uyuyordu i\u00e7eriye girdi\u011fimde. Bidondaki benzini kap\u0131n\u0131n \u00f6n\u00fcnden odaya bo\u015faltt\u0131m. Kap\u0131y\u0131 kapatt\u0131m ve bir bezi ate\u015fi verdim. Bez tutu\u015ftu, oradan ayr\u0131ld\u0131m. Camiye gittim. Camideki ceketi ald\u0131m, her \u015feyi \u00e7uvalin i\u00e7ine koydum ve \u00e7uval\u0131 bir \u00e7\u00f6p konteyn\u0131rlar\u0131na att\u0131m. Daha sonra hi\u00e7bir \u015fey olmam\u0131\u015f gibi yanan i\u015fyerine geri d\u00f6nd\u00fcm. Oradaki bir arkada\u015f\u0131ma &#8216;\u0130\u015flem tamam&#8217; dedim. Patronun o\u011fluna da, &#8216;Ne oluyor burada&#8217; dedim ve daha sonra ayr\u0131ld\u0131m. Benim \u00f6ld\u00fcrme kast\u0131m yoktu korkutmak istedim.<\/em><\/p>\n<p><em><strong>https:\/\/www.indyturk.com\/node\/450526\/haber\/i%CC%87zmirde-suriyeli-%C3%BC%C3%A7-gen%C3%A7-yak%C4%B1larak-%C3%B6ld%C3%BCr%C3%BCld%C3%BC\u00a0<\/strong><\/em><\/p><\/blockquote>\n<p>&nbsp;<\/p>\n<\/div>\n<\/div>\n<\/div>\n<\/div>\n<\/div>\n<\/div>\n<\/div>\n<\/div>\n<\/div>\n<\/div>\n<\/div>\n<\/article>\n<\/div>\n","protected":false},"excerpt":{"rendered":"<p>\u00d6ld\u00fcr\u00fclen gen\u00e7lerden Mamoun al-Nabhan&#8217;\u0131n karde\u015fi, &#8220;Neden oldu, neden yapt\u0131 kimse bilmiyor. Sonradan da iki tane T\u00fcrkiyeli\u2019yi b\u0131\u00e7aklad\u0131\u011f\u0131n\u0131 biliyoruz&#8221; diye konu\u015ftu. \u015e\u00fcpheli K.K.&#8217;n\u0131n ise ifadesinde &#8220;\u00d6ld\u00fcrme kast\u0131m yoktu korkutmak istedim&#8221; dedi\u011fi kaydedildi. G\u00f6rsel: Sosyal medya Suriye \u0130nsan Haklar\u0131 G\u00f6zlemevi, \u0130zmir&#8217;de bir ki\u015finin Suriyeli \u00fc\u00e7 gen\u00e7 i\u015f\u00e7inin \u00fczerine uykudayken benzin d\u00f6kerek yakt\u0131\u011f\u0131n\u0131 ve gen\u00e7lerin \u00fc\u00e7\u00fcn\u00fcn de hayat\u0131n\u0131 [&hellip;]<\/p>\n","protected":false},"author":7,"featured_media":66387,"comment_status":"open","ping_status":"open","sticky":false,"template":"","format":"standard","meta":{"footnotes":""},"categories":[1],"tags":[],"class_list":["post-66386","post","type-post","status-publish","format-standard","has-post-thumbnail","hentry","category-haberler"],"yoast_head":"<!-- This site is optimized with the Yoast SEO plugin v27.4 - https:\/\/yoast.com\/product\/yoast-seo-wordpress\/ -->\n<title>\u0130zmir&#039;de Suriyeli \u00fc\u00e7 gen\u00e7 yak\u0131larak \u00f6ld\u00fcr\u00fcld\u00fc - Bati Ermenistan Ve Bati Ermenileri Sorunlari Ara\u015ftirmalar Merkezi<\/title>\n<meta name=\"robots\" content=\"index, follow, max-snippet:-1, max-image-preview:large, max-video-preview:-1\" \/>\n<link rel=\"canonical\" href=\"https:\/\/akunq.net\/tr\/?p=66386\" \/>\n<meta property=\"og:locale\" content=\"en_US\" \/>\n<meta property=\"og:type\" content=\"article\" \/>\n<meta property=\"og:title\" content=\"\u0130zmir&#039;de Suriyeli \u00fc\u00e7 gen\u00e7 yak\u0131larak \u00f6ld\u00fcr\u00fcld\u00fc - Bati Ermenistan Ve Bati Ermenileri Sorunlari Ara\u015ftirmalar Merkezi\" \/>\n<meta property=\"og:description\" content=\"\u00d6ld\u00fcr\u00fclen gen\u00e7lerden Mamoun al-Nabhan&#8217;\u0131n karde\u015fi, &#8220;Neden oldu, neden yapt\u0131 kimse bilmiyor. Sonradan da iki tane T\u00fcrkiyeli\u2019yi b\u0131\u00e7aklad\u0131\u011f\u0131n\u0131 biliyoruz&#8221; diye konu\u015ftu. \u015e\u00fcpheli K.K.&#8217;n\u0131n ise ifadesinde &#8220;\u00d6ld\u00fcrme kast\u0131m yoktu korkutmak istedim&#8221; dedi\u011fi kaydedildi. G\u00f6rsel: Sosyal medya Suriye \u0130nsan Haklar\u0131 G\u00f6zlemevi, \u0130zmir&#8217;de bir ki\u015finin Suriyeli \u00fc\u00e7 gen\u00e7 i\u015f\u00e7inin \u00fczerine uykudayken benzin d\u00f6kerek yakt\u0131\u011f\u0131n\u0131 ve gen\u00e7lerin \u00fc\u00e7\u00fcn\u00fcn de hayat\u0131n\u0131 [&hellip;]\" \/>\n<meta property=\"og:url\" content=\"https:\/\/akunq.net\/tr\/?p=66386\" \/>\n<meta property=\"og:site_name\" content=\"Bati Ermenistan Ve Bati Ermenileri Sorunlari Ara\u015ftirmalar Merkezi\" \/>\n<meta property=\"article:published_time\" content=\"2021-12-23T07:02:35+00:00\" \/>\n<meta property=\"og:image\" content=\"https:\/\/akunq.net\/tr\/wp-content\/uploads\/sites\/6\/2021\/12\/\u0130zmirde-Suriyeli-\u00fc\u00e7-gen\u00e7.jpg\" \/>\n\t<meta property=\"og:image:width\" content=\"1368\" \/>\n\t<meta property=\"og:image:height\" content=\"911\" \/>\n\t<meta property=\"og:image:type\" content=\"image\/jpeg\" \/>\n<meta name=\"author\" content=\"admin\" \/>\n<meta name=\"twitter:card\" content=\"summary_large_image\" \/>\n<meta name=\"twitter:label1\" content=\"Written by\" \/>\n\t<meta name=\"twitter:data1\" content=\"admin\" \/>\n\t<meta name=\"twitter:label2\" content=\"Est. reading time\" \/>\n\t<meta name=\"twitter:data2\" content=\"5 minutes\" \/>\n<script type=\"application\/ld+json\" class=\"yoast-schema-graph\">{\"@context\":\"https:\\\/\\\/schema.org\",\"@graph\":[{\"@type\":\"Article\",\"@id\":\"https:\\\/\\\/akunq.net\\\/tr\\\/?p=66386#article\",\"isPartOf\":{\"@id\":\"https:\\\/\\\/akunq.net\\\/tr\\\/?p=66386\"},\"author\":{\"name\":\"admin\",\"@id\":\"https:\\\/\\\/akunq.net\\\/tr\\\/#\\\/schema\\\/person\\\/096f1d38a12cce57fb855b485ed24c9e\"},\"headline\":\"\u0130zmir&#8217;de Suriyeli \u00fc\u00e7 gen\u00e7 yak\u0131larak \u00f6ld\u00fcr\u00fcld\u00fc\",\"datePublished\":\"2021-12-23T07:02:35+00:00\",\"mainEntityOfPage\":{\"@id\":\"https:\\\/\\\/akunq.net\\\/tr\\\/?p=66386\"},\"wordCount\":975,\"commentCount\":0,\"image\":{\"@id\":\"https:\\\/\\\/akunq.net\\\/tr\\\/?p=66386#primaryimage\"},\"thumbnailUrl\":\"https:\\\/\\\/akunq.net\\\/tr\\\/wp-content\\\/uploads\\\/sites\\\/6\\\/2021\\\/12\\\/\u0130zmirde-Suriyeli-\u00fc\u00e7-gen\u00e7.jpg\",\"articleSection\":[\"Haberler\"],\"inLanguage\":\"en-US\",\"potentialAction\":[{\"@type\":\"CommentAction\",\"name\":\"Comment\",\"target\":[\"https:\\\/\\\/akunq.net\\\/tr\\\/?p=66386#respond\"]}]},{\"@type\":\"WebPage\",\"@id\":\"https:\\\/\\\/akunq.net\\\/tr\\\/?p=66386\",\"url\":\"https:\\\/\\\/akunq.net\\\/tr\\\/?p=66386\",\"name\":\"\u0130zmir'de Suriyeli \u00fc\u00e7 gen\u00e7 yak\u0131larak \u00f6ld\u00fcr\u00fcld\u00fc - Bati Ermenistan Ve Bati Ermenileri Sorunlari Ara\u015ftirmalar Merkezi\",\"isPartOf\":{\"@id\":\"https:\\\/\\\/akunq.net\\\/tr\\\/#website\"},\"primaryImageOfPage\":{\"@id\":\"https:\\\/\\\/akunq.net\\\/tr\\\/?p=66386#primaryimage\"},\"image\":{\"@id\":\"https:\\\/\\\/akunq.net\\\/tr\\\/?p=66386#primaryimage\"},\"thumbnailUrl\":\"https:\\\/\\\/akunq.net\\\/tr\\\/wp-content\\\/uploads\\\/sites\\\/6\\\/2021\\\/12\\\/\u0130zmirde-Suriyeli-\u00fc\u00e7-gen\u00e7.jpg\",\"datePublished\":\"2021-12-23T07:02:35+00:00\",\"author\":{\"@id\":\"https:\\\/\\\/akunq.net\\\/tr\\\/#\\\/schema\\\/person\\\/096f1d38a12cce57fb855b485ed24c9e\"},\"breadcrumb\":{\"@id\":\"https:\\\/\\\/akunq.net\\\/tr\\\/?p=66386#breadcrumb\"},\"inLanguage\":\"en-US\",\"potentialAction\":[{\"@type\":\"ReadAction\",\"target\":[\"https:\\\/\\\/akunq.net\\\/tr\\\/?p=66386\"]}]},{\"@type\":\"ImageObject\",\"inLanguage\":\"en-US\",\"@id\":\"https:\\\/\\\/akunq.net\\\/tr\\\/?p=66386#primaryimage\",\"url\":\"https:\\\/\\\/akunq.net\\\/tr\\\/wp-content\\\/uploads\\\/sites\\\/6\\\/2021\\\/12\\\/\u0130zmirde-Suriyeli-\u00fc\u00e7-gen\u00e7.jpg\",\"contentUrl\":\"https:\\\/\\\/akunq.net\\\/tr\\\/wp-content\\\/uploads\\\/sites\\\/6\\\/2021\\\/12\\\/\u0130zmirde-Suriyeli-\u00fc\u00e7-gen\u00e7.jpg\",\"width\":1368,\"height\":911},{\"@type\":\"BreadcrumbList\",\"@id\":\"https:\\\/\\\/akunq.net\\\/tr\\\/?p=66386#breadcrumb\",\"itemListElement\":[{\"@type\":\"ListItem\",\"position\":1,\"name\":\"Home\",\"item\":\"https:\\\/\\\/akunq.net\\\/tr\"},{\"@type\":\"ListItem\",\"position\":2,\"name\":\"\u0130zmir&#8217;de Suriyeli \u00fc\u00e7 gen\u00e7 yak\u0131larak \u00f6ld\u00fcr\u00fcld\u00fc\"}]},{\"@type\":\"WebSite\",\"@id\":\"https:\\\/\\\/akunq.net\\\/tr\\\/#website\",\"url\":\"https:\\\/\\\/akunq.net\\\/tr\\\/\",\"name\":\"Bati Ermenistan Ve Bati Ermenileri Sorunlari Ara\u015ftirmalar Merkezi\",\"description\":\"\",\"potentialAction\":[{\"@type\":\"SearchAction\",\"target\":{\"@type\":\"EntryPoint\",\"urlTemplate\":\"https:\\\/\\\/akunq.net\\\/tr\\\/?s={search_term_string}\"},\"query-input\":{\"@type\":\"PropertyValueSpecification\",\"valueRequired\":true,\"valueName\":\"search_term_string\"}}],\"inLanguage\":\"en-US\"},{\"@type\":\"Person\",\"@id\":\"https:\\\/\\\/akunq.net\\\/tr\\\/#\\\/schema\\\/person\\\/096f1d38a12cce57fb855b485ed24c9e\",\"name\":\"admin\",\"url\":\"https:\\\/\\\/akunq.net\\\/tr\\\/?author=7\"}]}<\/script>\n<!-- \/ Yoast SEO plugin. -->","yoast_head_json":{"title":"\u0130zmir'de Suriyeli \u00fc\u00e7 gen\u00e7 yak\u0131larak \u00f6ld\u00fcr\u00fcld\u00fc - Bati Ermenistan Ve Bati Ermenileri Sorunlari Ara\u015ftirmalar Merkezi","robots":{"index":"index","follow":"follow","max-snippet":"max-snippet:-1","max-image-preview":"max-image-preview:large","max-video-preview":"max-video-preview:-1"},"canonical":"https:\/\/akunq.net\/tr\/?p=66386","og_locale":"en_US","og_type":"article","og_title":"\u0130zmir'de Suriyeli \u00fc\u00e7 gen\u00e7 yak\u0131larak \u00f6ld\u00fcr\u00fcld\u00fc - Bati Ermenistan Ve Bati Ermenileri Sorunlari Ara\u015ftirmalar Merkezi","og_description":"\u00d6ld\u00fcr\u00fclen gen\u00e7lerden Mamoun al-Nabhan&#8217;\u0131n karde\u015fi, &#8220;Neden oldu, neden yapt\u0131 kimse bilmiyor. Sonradan da iki tane T\u00fcrkiyeli\u2019yi b\u0131\u00e7aklad\u0131\u011f\u0131n\u0131 biliyoruz&#8221; diye konu\u015ftu. \u015e\u00fcpheli K.K.&#8217;n\u0131n ise ifadesinde &#8220;\u00d6ld\u00fcrme kast\u0131m yoktu korkutmak istedim&#8221; dedi\u011fi kaydedildi. G\u00f6rsel: Sosyal medya Suriye \u0130nsan Haklar\u0131 G\u00f6zlemevi, \u0130zmir&#8217;de bir ki\u015finin Suriyeli \u00fc\u00e7 gen\u00e7 i\u015f\u00e7inin \u00fczerine uykudayken benzin d\u00f6kerek yakt\u0131\u011f\u0131n\u0131 ve gen\u00e7lerin \u00fc\u00e7\u00fcn\u00fcn de hayat\u0131n\u0131 [&hellip;]","og_url":"https:\/\/akunq.net\/tr\/?p=66386","og_site_name":"Bati Ermenistan Ve Bati Ermenileri Sorunlari Ara\u015ftirmalar Merkezi","article_published_time":"2021-12-23T07:02:35+00:00","og_image":[{"width":1368,"height":911,"url":"https:\/\/akunq.net\/tr\/wp-content\/uploads\/sites\/6\/2021\/12\/\u0130zmirde-Suriyeli-\u00fc\u00e7-gen\u00e7.jpg","type":"image\/jpeg"}],"author":"admin","twitter_card":"summary_large_image","twitter_misc":{"Written by":"admin","Est. reading time":"5 minutes"},"schema":{"@context":"https:\/\/schema.org","@graph":[{"@type":"Article","@id":"https:\/\/akunq.net\/tr\/?p=66386#article","isPartOf":{"@id":"https:\/\/akunq.net\/tr\/?p=66386"},"author":{"name":"admin","@id":"https:\/\/akunq.net\/tr\/#\/schema\/person\/096f1d38a12cce57fb855b485ed24c9e"},"headline":"\u0130zmir&#8217;de Suriyeli \u00fc\u00e7 gen\u00e7 yak\u0131larak \u00f6ld\u00fcr\u00fcld\u00fc","datePublished":"2021-12-23T07:02:35+00:00","mainEntityOfPage":{"@id":"https:\/\/akunq.net\/tr\/?p=66386"},"wordCount":975,"commentCount":0,"image":{"@id":"https:\/\/akunq.net\/tr\/?p=66386#primaryimage"},"thumbnailUrl":"https:\/\/akunq.net\/tr\/wp-content\/uploads\/sites\/6\/2021\/12\/\u0130zmirde-Suriyeli-\u00fc\u00e7-gen\u00e7.jpg","articleSection":["Haberler"],"inLanguage":"en-US","potentialAction":[{"@type":"CommentAction","name":"Comment","target":["https:\/\/akunq.net\/tr\/?p=66386#respond"]}]},{"@type":"WebPage","@id":"https:\/\/akunq.net\/tr\/?p=66386","url":"https:\/\/akunq.net\/tr\/?p=66386","name":"\u0130zmir'de Suriyeli \u00fc\u00e7 gen\u00e7 yak\u0131larak \u00f6ld\u00fcr\u00fcld\u00fc - Bati Ermenistan Ve Bati Ermenileri Sorunlari Ara\u015ftirmalar Merkezi","isPartOf":{"@id":"https:\/\/akunq.net\/tr\/#website"},"primaryImageOfPage":{"@id":"https:\/\/akunq.net\/tr\/?p=66386#primaryimage"},"image":{"@id":"https:\/\/akunq.net\/tr\/?p=66386#primaryimage"},"thumbnailUrl":"https:\/\/akunq.net\/tr\/wp-content\/uploads\/sites\/6\/2021\/12\/\u0130zmirde-Suriyeli-\u00fc\u00e7-gen\u00e7.jpg","datePublished":"2021-12-23T07:02:35+00:00","author":{"@id":"https:\/\/akunq.net\/tr\/#\/schema\/person\/096f1d38a12cce57fb855b485ed24c9e"},"breadcrumb":{"@id":"https:\/\/akunq.net\/tr\/?p=66386#breadcrumb"},"inLanguage":"en-US","potentialAction":[{"@type":"ReadAction","target":["https:\/\/akunq.net\/tr\/?p=66386"]}]},{"@type":"ImageObject","inLanguage":"en-US","@id":"https:\/\/akunq.net\/tr\/?p=66386#primaryimage","url":"https:\/\/akunq.net\/tr\/wp-content\/uploads\/sites\/6\/2021\/12\/\u0130zmirde-Suriyeli-\u00fc\u00e7-gen\u00e7.jpg","contentUrl":"https:\/\/akunq.net\/tr\/wp-content\/uploads\/sites\/6\/2021\/12\/\u0130zmirde-Suriyeli-\u00fc\u00e7-gen\u00e7.jpg","width":1368,"height":911},{"@type":"BreadcrumbList","@id":"https:\/\/akunq.net\/tr\/?p=66386#breadcrumb","itemListElement":[{"@type":"ListItem","position":1,"name":"Home","item":"https:\/\/akunq.net\/tr"},{"@type":"ListItem","position":2,"name":"\u0130zmir&#8217;de Suriyeli \u00fc\u00e7 gen\u00e7 yak\u0131larak \u00f6ld\u00fcr\u00fcld\u00fc"}]},{"@type":"WebSite","@id":"https:\/\/akunq.net\/tr\/#website","url":"https:\/\/akunq.net\/tr\/","name":"Bati Ermenistan Ve Bati Ermenileri Sorunlari Ara\u015ftirmalar Merkezi","description":"","potentialAction":[{"@type":"SearchAction","target":{"@type":"EntryPoint","urlTemplate":"https:\/\/akunq.net\/tr\/?s={search_term_string}"},"query-input":{"@type":"PropertyValueSpecification","valueRequired":true,"valueName":"search_term_string"}}],"inLanguage":"en-US"},{"@type":"Person","@id":"https:\/\/akunq.net\/tr\/#\/schema\/person\/096f1d38a12cce57fb855b485ed24c9e","name":"admin","url":"https:\/\/akunq.net\/tr\/?author=7"}]}},"_links":{"self":[{"href":"https:\/\/akunq.net\/tr\/index.php?rest_route=\/wp\/v2\/posts\/66386","targetHints":{"allow":["GET"]}}],"collection":[{"href":"https:\/\/akunq.net\/tr\/index.php?rest_route=\/wp\/v2\/posts"}],"about":[{"href":"https:\/\/akunq.net\/tr\/index.php?rest_route=\/wp\/v2\/types\/post"}],"author":[{"embeddable":true,"href":"https:\/\/akunq.net\/tr\/index.php?rest_route=\/wp\/v2\/users\/7"}],"replies":[{"embeddable":true,"href":"https:\/\/akunq.net\/tr\/index.php?rest_route=%2Fwp%2Fv2%2Fcomments&post=66386"}],"version-history":[{"count":1,"href":"https:\/\/akunq.net\/tr\/index.php?rest_route=\/wp\/v2\/posts\/66386\/revisions"}],"predecessor-version":[{"id":66388,"href":"https:\/\/akunq.net\/tr\/index.php?rest_route=\/wp\/v2\/posts\/66386\/revisions\/66388"}],"wp:featuredmedia":[{"embeddable":true,"href":"https:\/\/akunq.net\/tr\/index.php?rest_route=\/wp\/v2\/media\/66387"}],"wp:attachment":[{"href":"https:\/\/akunq.net\/tr\/index.php?rest_route=%2Fwp%2Fv2%2Fmedia&parent=66386"}],"wp:term":[{"taxonomy":"category","embeddable":true,"href":"https:\/\/akunq.net\/tr\/index.php?rest_route=%2Fwp%2Fv2%2Fcategories&post=66386"},{"taxonomy":"post_tag","embeddable":true,"href":"https:\/\/akunq.net\/tr\/index.php?rest_route=%2Fwp%2Fv2%2Ftags&post=66386"}],"curies":[{"name":"wp","href":"https:\/\/api.w.org\/{rel}","templated":true}]}}