{"id":66383,"date":"2021-12-23T01:44:12","date_gmt":"2021-12-23T06:44:12","guid":{"rendered":"https:\/\/akunq.net\/tr\/?p=66383"},"modified":"2021-12-23T01:44:12","modified_gmt":"2021-12-23T06:44:12","slug":"2021-yilinda-turkiye-ve-dunya-gundemine-damga-vuran-olaylar","status":"publish","type":"post","link":"https:\/\/akunq.net\/tr\/?p=66383","title":{"rendered":"2021 y\u0131l\u0131nda T\u00fcrkiye ve d\u00fcnya g\u00fcndemine damga vuran olaylar"},"content":{"rendered":"<p><img loading=\"lazy\" decoding=\"async\" class=\"aligncenter size-medium wp-image-66384\" src=\"https:\/\/akunq.net\/tr\/wp-content\/uploads\/2021\/12\/2021-y\u0131l\u0131-360x203.jpg\" alt=\"\" width=\"360\" height=\"203\" srcset=\"https:\/\/akunq.net\/tr\/wp-content\/uploads\/sites\/6\/2021\/12\/2021-y\u0131l\u0131-360x203.jpg 360w, https:\/\/akunq.net\/tr\/wp-content\/uploads\/sites\/6\/2021\/12\/2021-y\u0131l\u0131-768x432.jpg 768w, https:\/\/akunq.net\/tr\/wp-content\/uploads\/sites\/6\/2021\/12\/2021-y\u0131l\u0131-560x315.jpg 560w, https:\/\/akunq.net\/tr\/wp-content\/uploads\/sites\/6\/2021\/12\/2021-y\u0131l\u0131-260x146.jpg 260w, https:\/\/akunq.net\/tr\/wp-content\/uploads\/sites\/6\/2021\/12\/2021-y\u0131l\u0131-160x90.jpg 160w, https:\/\/akunq.net\/tr\/wp-content\/uploads\/sites\/6\/2021\/12\/2021-y\u0131l\u0131.jpg 773w\" sizes=\"auto, (max-width: 360px) 100vw, 360px\" \/><\/p>\n<p><em><strong>2021 y\u0131l\u0131nda T\u00fcrkiye ve d\u00fcnya g\u00fcndemine damga vuran \u00e7ok say\u0131da olay ya\u015fand\u0131.<\/strong><\/em><\/p>\n<p>Ge\u00e7en y\u0131l\u0131n ku\u015fkusuz en \u00f6nemli geli\u015fmesi olan Covid-19 salg\u0131n\u0131n etkileri 2021&#8217;de de devam etti. Rekor s\u00fcrede geli\u015ftirilen a\u015f\u0131lar d\u00fczelme ad\u0131na umutlar\u0131 art\u0131rsa da ortaya \u00e7\u0131kan varyantlar salg\u0131n\u0131n bir s\u00fcre daha devam edece\u011fini g\u00f6sterdi.<\/p>\n<p>\u0130klim de\u011fi\u015fikli\u011fi de art\u0131k daha fazla g\u00fcndem olurken meydana gelen do\u011fal afetlerin say\u0131s\u0131 ve \u015fiddetindeki art\u0131\u015f \u00f6nlem al\u0131nmamas\u0131 halinde faturan\u0131n ne kadar y\u00fcksek olabilece\u011fini g\u00f6sterdi.<\/p>\n<p>\u0130\u015fte 2021 y\u0131l\u0131n\u0131n \u00f6ne \u00e7\u0131kan olaylar\u0131 ve \u00f6nemli geli\u015fmeleri:<\/p>\n<h2>Ocak<\/h2>\n<h3>Melih Bulu tepkilere ra\u011fmen Bo\u011fazi\u00e7i \u00dcniversitesi&#8217;ne rekt\u00f6r atand\u0131, alt\u0131 ay sonra g\u00f6revden al\u0131nd\u0131<\/h3>\n<p>2015 y\u0131l\u0131nde genel se\u00e7imlerde AK Parti&#8217;den milletvekili aday aday\u0131 olan Prof. Dr. Melih Bulu, Bo\u011fazi\u00e7i \u00dcniversitesi&#8217;ne rekt\u00f6r olarak\u00a0<a href=\"https:\/\/tr.euronews.com\/2021\/01\/02\/bogazici-universitesi-rektorlugune-melih-bulu-getirildi-2020-de-22-universiteye-rektor-ata\">atand\u0131<\/a>. Bo\u011fazi\u00e7ili \u00f6\u011frenciler ve \u00f6\u011fretim \u00fcyeleri &#8220;kayyum rekt\u00f6r istemiyoruz&#8221; diyerek karara tepki g\u00f6sterdi.<\/p>\n<p>Atama karar\u0131na kar\u015f\u0131 protestolar aylarca s\u00fcrd\u00fc. \u00c7ok say\u0131da \u00f6\u011frenci g\u00f6z alt\u0131na al\u0131nd\u0131, akademisyenler g\u00f6revden uzakla\u015ft\u0131r\u0131ld\u0131.<\/p>\n<p>Bulu, 15 Temmuz&#8217;da Cumhurba\u015fkanl\u0131\u011f\u0131 Kararnamesi ile g\u00f6revden\u00a0<a href=\"https:\/\/tr.euronews.com\/2021\/07\/15\/bogazici-universitesi-rektoru-prof-dr-melih-bulu-kararname-ile-gorevinden-al-nd\">al\u0131nd\u0131<\/a>.<\/p>\n<div id=\"adzone-sharethrough_01\" class=\"advertising advertising--no-label advertising--sharethrough js-adzone\" data-ad-key=\"strnativekey\" data-ad-key-value=\"1G96EdRgcHV6pyWWMGCR7SB7\"><\/div>\n<div class=\"widget widget--type-image widget--size-fullwidth widget--align-center\" data-ratio=\"0.6669921875\" data-peekaboo=\"widget--animation-fade-in\">\n<div class=\"widget__wrapper\">\n<div class=\"widget__ratio widget__ratio--auto\">\n<div class=\"widget__contents\">\n<figure class=\"widget__figure\"><img decoding=\"async\" class=\"widgetImage__image lazyload lazyloaded\" src=\"https:\/\/static.euronews.com\/articles\/stories\/06\/27\/09\/38\/808x539_cmsv2_69ec90c3-f4f5-557e-bdb7-81ec961b0733-6270938.jpg\" srcset=\"https:\/\/static.euronews.com\/articles\/stories\/06\/27\/09\/38\/202x135_cmsv2_69ec90c3-f4f5-557e-bdb7-81ec961b0733-6270938.jpg 202w, https:\/\/static.euronews.com\/articles\/stories\/06\/27\/09\/38\/266x177_cmsv2_69ec90c3-f4f5-557e-bdb7-81ec961b0733-6270938.jpg 266w, https:\/\/static.euronews.com\/articles\/stories\/06\/27\/09\/38\/404x269_cmsv2_69ec90c3-f4f5-557e-bdb7-81ec961b0733-6270938.jpg 404w, https:\/\/static.euronews.com\/articles\/stories\/06\/27\/09\/38\/534x356_cmsv2_69ec90c3-f4f5-557e-bdb7-81ec961b0733-6270938.jpg 534w, https:\/\/static.euronews.com\/articles\/stories\/06\/27\/09\/38\/606x404_cmsv2_69ec90c3-f4f5-557e-bdb7-81ec961b0733-6270938.jpg 606w, https:\/\/static.euronews.com\/articles\/stories\/06\/27\/09\/38\/808x539_cmsv2_69ec90c3-f4f5-557e-bdb7-81ec961b0733-6270938.jpg 808w\" alt=\"Emrah Gurel\/ The Associated Press\" \/><figcaption class=\"widget__caption\"><em><span class=\"widget__captionWrap\"><span class=\"widget__captionText\">Protesto <\/span><span class=\"widget__captionCredit\">Emrah Gurel \/ The Associated Press<\/span><\/span><\/em><\/figcaption><\/figure>\n<\/div>\n<\/div>\n<\/div>\n<\/div>\n<h3>ABD&#8217;de Kongre bask\u0131n\u0131 ve Biden&#8217;\u0131n yemin t\u00f6reni<\/h3>\n<p>Amerika Birle\u015fik Devletleri&#8217;nde ba\u015fkanl\u0131k se\u00e7imlerini kaybeden Donald Trump se\u00e7imlere hile kar\u0131\u015ft\u0131r\u0131ld\u0131\u011f\u0131 iddialar\u0131n\u0131 2021 y\u0131l\u0131 ba\u015f\u0131na kadar s\u00fcrd\u00fcr\u00fcrken taraftarlar\u0131 da 6 Ocak&#8217;ta ba\u015fkent Washington DC&#8217;de d\u00fczenlenen bir g\u00f6steri sonras\u0131 Kongre binas\u0131na y\u00fcr\u00fcyerek zorla i\u00e7eriye girdi. Trump olaylar\u0131n b\u00fcy\u00fcmesi sonras\u0131 taraftarlar\u0131na &#8220;eve d\u00f6n&#8221; \u00e7a\u011fr\u0131s\u0131nda bulundu. Bask\u0131n sonras\u0131nda yurt i\u00e7in ve yurt d\u0131\u015f\u0131ndan \u00e7ok say\u0131da\u00a0<a href=\"https:\/\/tr.euronews.com\/2021\/01\/06\/abd-kongre-binas-n-n-bas-lmas-yabanc-ulkelerden-gelen-tepkiler-neler\">tepki<\/a>\u00a0gelirken ilerleyen aylarda davalar a\u00e7\u0131ld\u0131. Trump hakk\u0131nda da azil s\u00fcreci ikinci defa a\u00e7\u0131ld\u0131 ve dava Cumhuriyet\u00e7ilerin kontrol\u00fcndeki Senato&#8217;dan d\u00f6nd\u00fc.<\/p>\n<p>Se\u00e7imleri kazanan Joe Biden ise koronavir\u00fcs \u00f6nlemleri alt\u0131nda yap\u0131lan bir t\u00f6renle yemin ederek g\u00f6revine\u00a0<a href=\"https:\/\/tr.euronews.com\/2021\/01\/20\/canl-abd-nin-secilmis-baskan-joe-biden-yemin-ederek-gorevine-basl-yor\">ba\u015flad\u0131<\/a>. Burada da 151 y\u0131l sonra bir ilk ya\u015fand\u0131 ve Trump devir teslim t\u00f6renine\u00a0<a href=\"https:\/\/tr.euronews.com\/2021\/01\/08\/abd-baskan-donald-trump-joe-biden-n-baskanl-k-yemin-torenine-kat-lmayacak\">kat\u0131lmad\u0131<\/a>.<\/p>\n<h3>Katar&#8217;a ambargo kalkt\u0131<\/h3>\n<p>K\u00f6rfez \u00fclkeleri taraf\u0131ndan ter\u00f6re destek verdi\u011fi gerek\u00e7esiyle Katar&#8217;a uygulanan ambargo Suudi Arabistan&#8217;\u0131n kara, deniz ve hava s\u0131n\u0131rlar\u0131n\u0131 a\u00e7mas\u0131yla son\u00a0<a href=\"https:\/\/tr.euronews.com\/2021\/01\/04\/katar-a-3-y-ld-r-uygulanan-ambargo-kalk-yor-4-arap-ulkesi-anlasmaya-vard\">buldu<\/a>.<\/p>\n<p>Suudi Arabistan, Birle\u015fik Arap Emirlikleri, Bahreyn ve M\u0131s\u0131r 2019 Haziran&#8217;\u0131ndan itibaren Katar ile olan kara, hava ve deniz s\u0131n\u0131rlar\u0131n\u0131 kapatm\u0131\u015f, bu \u00fclkeyle ekonomik ili\u015fkilerini kesmi\u015fti.<\/p>\n<h3>T\u00fcrksat 5A SpaceX&#8217;le uzaya g\u00f6nderildi<\/h3>\n<p>T\u00fcrkiye&#8217;nin 5&#8217;inci nesil haberle\u015fme uydusu T\u00fcrksat 5A, ABD&#8217;nin Florida eyaletinde bulunan Cape Canaveral \u00dcss\u00fc&#8217;nden f\u0131rlat\u0131ld\u0131.<\/p>\n<p>T\u00fcrksat 5A, Space X firmas\u0131na ait Falcon 9 roketi ile uzaya g\u00f6nderildi.<\/p>\n<h3>Yeni START uzat\u0131ld\u0131<\/h3>\n<p>Rusya Devlet Ba\u015fkan\u0131 Vladimir Putin, Yeni Stratejik Silahlar\u0131n Azalt\u0131lmas\u0131 Anla\u015fmas\u0131&#8217;n\u0131n (Yeni START) be\u015f y\u0131l uzat\u0131lmas\u0131na y\u00f6nelik karar\u0131\u00a0<a href=\"https:\/\/tr.euronews.com\/2021\/01\/29\/rusya-yeni-start-anlasmas-n-5-y-l-uzatan-sozlesmeyi-imzalad\">imzalad\u0131<\/a>.<\/p>\n<p>Kremlin\u2019den yap\u0131lan a\u00e7\u0131klamada, Putin\u2019in, Yeni START anla\u015fmas\u0131n\u0131 5 \u015eubat 2026\u2019ya kadar uzatan kararnameyi imzalad\u0131\u011f\u0131 belirtildi.<\/p>\n<h2>\u015eubat<\/h2>\n<h3>Nijerya&#8217;da ka\u00e7\u0131r\u0131lan T\u00fcrk gemiciler serbest b\u0131rak\u0131ld\u0131<\/h3>\n<p>Nijerya a\u00e7\u0131klar\u0131nda 23 Ocak tarihinde sald\u0131r\u0131ya u\u011frayarak ka\u00e7\u0131r\u0131lan ve yakla\u015f\u0131k 3 hafta sonra serbest b\u0131rak\u0131lan 15 T\u00fcrk gemici g\u00fcvenlik g\u00fc\u00e7lerinin kontrol\u00fcnde ba\u015fkent Abuja&#8217;da T\u00fcrk B\u00fcy\u00fckel\u00e7ili\u011fi&#8217;ne\u00a0<a href=\"https:\/\/tr.euronews.com\/2021\/02\/13\/nijerya-da-kac-r-lan-turk-gemiciler-abuja-daki-turk-buyukelciligi-ne-getirildi\">ula\u015ft\u0131<\/a>.<\/p>\n<p>Lagos&#8217;tan G\u00fcney Afrika&#8217;n\u0131n Cape Town kentine ilerleyen gemideki 19 ki\u015filik m\u00fcrettebattan 15&#8217;i ka\u00e7\u0131r\u0131lm\u0131\u015f, Azerbaycan uyruklu 1 ki\u015fi \u00f6ld\u00fcr\u00fclm\u00fc\u015ft\u00fc. Gemi, 3 m\u00fcrettebatla Gabon&#8217;un Port-Gentil Liman\u0131&#8217;na hareket etmi\u015f, bask\u0131ndan kurtulan 3 T\u00fcrk denizci ise 30 Ocak&#8217;ta T\u00fcrkiye&#8217;ye getirilmi\u015fti.<\/p>\n<h3>Myanmar&#8217;da darbe<\/h3>\n<p>Myanmar ordusu, 1 \u015eubat&#8217;ta y\u00f6netime el koyarak, bir y\u0131ll\u0131\u011f\u0131na ola\u011fan\u00fcst\u00fc hal ilan etti. Devlet Ba\u015fkan\u0131 Win Myint, D\u0131\u015fi\u015fleri Bakan\u0131 ve \u00fclkenin fiili lideri Aung San Suu \u00c7ii ile iktidar partisi Ulusal Demokrasi Birli\u011finin (NLD) \u00f6nde gelen isimleri g\u00f6zalt\u0131na\u00a0<a href=\"https:\/\/tr.euronews.com\/2021\/02\/03\/myanmar-da-askeri-darbe-tencere-tava-ile-protesto-edildi\">al\u0131nd\u0131<\/a>.<\/p>\n<h3>NASA&#8217;n\u0131n ke\u015fif arac\u0131 Mars&#8217;a ba\u015far\u0131yla indi<\/h3>\n<p>Amerikan Ulusal Havac\u0131l\u0131k ve Uzay Dairesi&#8217;nin (NASA) Perseverance adl\u0131 ke\u015fif arac\u0131 7 ay s\u00fcren 480 milyon kilometrelik yolculu\u011fun ard\u0131ndan Mars&#8217;a\u00a0<a href=\"https:\/\/tr.euronews.com\/2021\/02\/18\/nasa-n-n-perseverance-uzay-robotu-7-ay-suren-yolculugun-ard-ndan-basar-l-sekilde-mars-a-in\">indi<\/a>.<\/p>\n<p>NASA&#8217;n\u0131n sosyal medya hesab\u0131ndan canl\u0131 yay\u0131nlad\u0131\u011f\u0131 tarihi ini\u015fte saatte 21 bin kilometre h\u0131zla k\u0131z\u0131l gezegene yakla\u015fan ara\u00e7, dev bir para\u015f\u00fct sayesinde yava\u015flat\u0131ld\u0131.<\/p>\n<h2>Mart<\/h2>\n<h3>Covid-19&#8217;la ge\u00e7en bir y\u0131l<\/h3>\n<p>T\u00fcrkiye&#8217;de ilk Covid-19 vakas\u0131 g\u00f6r\u00fclmesinin \u00fczerinden bir y\u0131l ge\u00e7ti. \u0130lk vakan\u0131n ortaya \u00e7\u0131kmas\u0131n\u0131n ard\u0131ndan h\u0131zla \u00fclke \u00e7ap\u0131nda tedbirler al\u0131nmaya\u00a0<a href=\"https:\/\/tr.euronews.com\/2021\/03\/11\/turkiye-covid-19-salg-n-nda-bir-y-l-geride-b-rakt-pandemide-simdiye-kadar-neler-yasand\">ba\u015flad\u0131<\/a>. S\u0131n\u0131rlar kapat\u0131ld\u0131. U\u00e7ak seferleri iptal edildi. E\u011fitim ve \u00f6\u011fretime ara verildi. \u0130lk dalga sonras\u0131nda genel \u00f6nlemler yerine k\u0131smi tedbirler tercih edildi<\/p>\n<h3>Gergerlio\u011flu&#8217;nun vekilli\u011fi d\u00fc\u015f\u00fcr\u00fcld\u00fc<\/h3>\n<p>Halklar\u0131n Demokratik Partisi Kocaeli Milletvekili \u00d6mer Faruk Gergerlio\u011flu&#8217;nun milletvekilli\u011fi\u00a0<a href=\"https:\/\/tr.euronews.com\/2021\/03\/17\/hdp-kocaeli-milletvekili-omer-faruk-gergerlioglu-nun-milletvekilligi-dustu\">d\u00fc\u015f\u00fcr\u00fcld\u00fc<\/a>.<\/p>\n<p>T\u00fcrkiye B\u00fcy\u00fck Millet Meclisi Genel Kurulu&#8217;nda Gergerlio\u011flu hakk\u0131nda kesinle\u015fen yarg\u0131 karar\u0131n\u0131n okunmas\u0131yla birlikte HDP Kocaeli Milletvekili \u00d6mer Faruk Gergerlio\u011flu&#8217;nun milletvekilli\u011fi d\u00fc\u015ft\u00fc.<\/p>\n<p>Gergerlio\u011flu, Meclis&#8217;te yarg\u0131 karar\u0131 okundu\u011fu s\u0131rada &#8220;TBMM&#8217;e darbeye kar\u015f\u0131 direnece\u011fim, milletin iradesi ayaklar alt\u0131na al\u0131namaz. Bar\u0131\u015f istemek su\u00e7 de\u011fildir.&#8221; dedi.<\/p>\n<p>Milletvekilli\u011fi d\u00fc\u015f\u00fcr\u00fcld\u00fckten sonra hakk\u0131ndaki kesinle\u015fmi\u015f yarg\u0131 karar\u0131 nedeniyle cezaevine giren, Anayasa Mahkemesi&#8217;nin karar\u0131 sonras\u0131 ise serbest b\u0131rak\u0131lan HDP&#8217;li \u00d6mer Faruk Gergerlio\u011flu&#8217;nun vekilli\u011fi 16 Temmuz&#8217;da iade\u00a0<a href=\"https:\/\/tr.euronews.com\/2021\/07\/16\/omer-faruk-gergerlioglu-nun-vekilligi-iade-edildi\">edildi<\/a>.<\/p>\n<div class=\"widget widget--type-image widget--size-fullwidth widget--align-center\" data-ratio=\"0.701171875\" data-peekaboo=\"widget--animation-fade-in\">\n<div class=\"widget__wrapper\">\n<div class=\"widget__ratio widget__ratio--auto\">\n<div class=\"widget__contents\">\n<figure class=\"widget__figure\"><img decoding=\"async\" class=\"widgetImage__image lazyload lazyloaded\" src=\"https:\/\/static.euronews.com\/articles\/stories\/06\/27\/09\/38\/808x565_cmsv2_4b7af630-722f-518f-aacc-b752be655efd-6270938.jpg\" srcset=\"https:\/\/static.euronews.com\/articles\/stories\/06\/27\/09\/38\/202x141_cmsv2_4b7af630-722f-518f-aacc-b752be655efd-6270938.jpg 202w, https:\/\/static.euronews.com\/articles\/stories\/06\/27\/09\/38\/266x186_cmsv2_4b7af630-722f-518f-aacc-b752be655efd-6270938.jpg 266w, https:\/\/static.euronews.com\/articles\/stories\/06\/27\/09\/38\/404x283_cmsv2_4b7af630-722f-518f-aacc-b752be655efd-6270938.jpg 404w, https:\/\/static.euronews.com\/articles\/stories\/06\/27\/09\/38\/534x373_cmsv2_4b7af630-722f-518f-aacc-b752be655efd-6270938.jpg 534w, https:\/\/static.euronews.com\/articles\/stories\/06\/27\/09\/38\/606x424_cmsv2_4b7af630-722f-518f-aacc-b752be655efd-6270938.jpg 606w, https:\/\/static.euronews.com\/articles\/stories\/06\/27\/09\/38\/808x565_cmsv2_4b7af630-722f-518f-aacc-b752be655efd-6270938.jpg 808w\" alt=\"The Associated Press\" \/><figcaption class=\"widget__caption\"><em><span class=\"widget__captionWrap\"><span class=\"widget__captionText\">\u00d6mer Faruk Gergerlio\u011flu<\/span><span class=\"widget__captionCredit\">The Associated Press<\/span><\/span><\/em><\/figcaption><\/figure>\n<\/div>\n<\/div>\n<\/div>\n<\/div>\n<h3>Merkez Bankas\u0131 Ba\u015fkan\u0131 Naci A\u011fbal atand\u0131ktan 4 ay sonra g\u00f6revden al\u0131nd\u0131<\/h3>\n<p>Cumhurba\u015fkan\u0131 Recep Tayyip Erdo\u011fan yakla\u015f\u0131k 4 ay \u00f6nce g\u00f6reve getirdi\u011fi Merkez Bankas\u0131 Ba\u015fkan\u0131 Naci A\u011fbal&#8217;\u0131n yerine \u015eahap Kavc\u0131o\u011flu&#8217;nu atad\u0131. B\u00f6ylelikle Merkez Bankas\u0131 Ba\u015fkan\u0131 koltu\u011funda yakla\u015f\u0131k 21 ay i\u00e7inde \u00fc\u00e7\u00fcnc\u00fc de\u011fi\u015fiklik yap\u0131lm\u0131\u015f\u00a0<a href=\"https:\/\/tr.euronews.com\/2021\/03\/20\/merkez-bankas-baskan-naci-agbal-cumhurbaskan-erdogan-taraf-ndan-gorevden-al-nd\">oldu<\/a>.<\/p>\n<h3>T\u00fcrkiye \u0130stanbul S\u00f6zle\u015fmesi&#8217;nden \u00e7ekildi<\/h3>\n<p>T\u00fcrkiye, ilk imzac\u0131s\u0131 oldu\u011fu \u0130stanbul S\u00f6zle\u015fmesi&#8217;nden \u00e7ekildi. Cumhurba\u015fkan\u0131 Recep Tayyip Erdo\u011fan&#8217;\u0131n imzas\u0131yla Resmi Gazete&#8217;de yay\u0131mlanan karara g\u00f6re, Bakanlar Kurulu Karar\u0131 ile 2011&#8217;de onaylanan &#8220;Kad\u0131nlara Y\u00f6nelik \u015eiddet ve Aile \u0130\u00e7i \u015eiddetin \u00d6nlenmesi ve Bunlarla M\u00fccadeleye \u0130li\u015fkin Avrupa Konseyi S\u00f6zle\u015fmesi&#8221;\u00a0<a href=\"https:\/\/tr.euronews.com\/2021\/03\/20\/turkiye-istanbul-sozlesmesi-nden-ayr-ld\">feshedildi<\/a>.<\/p>\n<h3>S\u00fcvey\u015f Kanal\u0131 t\u0131kand\u0131<\/h3>\n<p>D\u00fcnyan\u0131n en \u00f6nemli su yollar\u0131ndan biri olan S\u00fcvey\u015f Kanal\u0131&#8217;nda 24 Mart&#8217;ta dev konteyner gemisi, \u00fclkede ya\u015fanan kum f\u0131rt\u0131nas\u0131 ve k\u00f6t\u00fc hava ko\u015fullar\u0131 neticesinde g\u00f6r\u00fc\u015f mesafesinin d\u00fc\u015fmesi sonucu k\u0131y\u0131ya \u00e7arparak kaza yapt\u0131.<\/p>\n<p>&#8220;The Ever Given&#8221; isimli geminin dar kanalda enlemesine s\u0131k\u0131\u015farak ge\u00e7i\u015f yolunu kapatmas\u0131 sonucu kanalda uzun gemi kuyruklar\u0131 olu\u015ftu ve deniz trafi\u011finin durmas\u0131 nedeniyle ham petrol ve LNG sevkiyatlar\u0131nda aksamalar ya\u015fand\u0131.<\/p>\n<p>S\u00fcvey\u015f Kanal\u0131&#8217;n\u0131 yakla\u015f\u0131k bir hafta t\u0131kayan dev konteyner gemisi k\u0131smi olarak tekrar y\u00fczd\u00fcr\u00fcld\u00fckten sonra tamamen\u00a0<a href=\"https:\/\/tr.euronews.com\/2021\/03\/29\/suveys-kanal-nda-k-y-ya-vuran-dev-gemi-tekrar-yuzduruldu\">kurtar\u0131ld\u0131<\/a>.<\/p>\n<h2>Nisan<\/h2>\n<h3>Cumhurba\u015fkanl\u0131\u011f\u0131 k\u00fclliyesinde koltuk krizi<\/h3>\n<p>Avrupa Komisyonu Ba\u015fkan\u0131 Ursula von der Leyen ile AB Konseyi Ba\u015fkan\u0131 Charles Michel&#8217;in Ankara&#8217;da Cumhurba\u015fkan\u0131 Recep Tayyip Erdo\u011fan ile g\u00f6r\u00fc\u015fme yapacaklar\u0131 salonda Avrupa Komisyonu Ba\u015fkan\u0131&#8217;na yer\u00a0<a href=\"https:\/\/tr.euronews.com\/2021\/04\/09\/ab-ile-turkiye-aras-nda-sandalye-krizi-ne-oldu-taraflar-ne-diyor-kim-hakl\">g\u00f6sterilmedi<\/a>.<\/p>\n<div class=\"widget widget--type-image widget--size-fullwidth widget--align-center\" data-ratio=\"0.6666666666666666\" data-peekaboo=\"widget--animation-fade-in\">\n<div class=\"widget__wrapper\">\n<div class=\"widget__ratio widget__ratio--auto\">\n<div class=\"widget__contents\">\n<figure class=\"widget__figure\"><em><img decoding=\"async\" class=\"widgetImage__image lazyload lazyloaded\" src=\"https:\/\/static.euronews.com\/articles\/stories\/06\/27\/09\/38\/808x539_cmsv2_3922db12-4ecc-5223-a669-e19d7c2c0fe5-6270938.jpg\" srcset=\"https:\/\/static.euronews.com\/articles\/stories\/06\/27\/09\/38\/202x135_cmsv2_3922db12-4ecc-5223-a669-e19d7c2c0fe5-6270938.jpg 202w, https:\/\/static.euronews.com\/articles\/stories\/06\/27\/09\/38\/266x177_cmsv2_3922db12-4ecc-5223-a669-e19d7c2c0fe5-6270938.jpg 266w, https:\/\/static.euronews.com\/articles\/stories\/06\/27\/09\/38\/404x269_cmsv2_3922db12-4ecc-5223-a669-e19d7c2c0fe5-6270938.jpg 404w, https:\/\/static.euronews.com\/articles\/stories\/06\/27\/09\/38\/534x356_cmsv2_3922db12-4ecc-5223-a669-e19d7c2c0fe5-6270938.jpg 534w, https:\/\/static.euronews.com\/articles\/stories\/06\/27\/09\/38\/606x404_cmsv2_3922db12-4ecc-5223-a669-e19d7c2c0fe5-6270938.jpg 606w, https:\/\/static.euronews.com\/articles\/stories\/06\/27\/09\/38\/808x539_cmsv2_3922db12-4ecc-5223-a669-e19d7c2c0fe5-6270938.jpg 808w\" alt=\"-\/AFP or licensors\" \/><\/em><figcaption class=\"widget__caption\"><em><span class=\"widget__captionWrap\"><span class=\"widget__captionText\">Avrupa Komisyonu Ba\u015fkan\u0131 Ursula von der Leyen, (solda ayakta) AB Konseyi Ba\u015fkan\u0131 Charles Michel (Ankara) Cumhurba\u015fkan\u0131 Recep Tayyip Erdo\u011fan (sa\u011fda)<\/span><span class=\"widget__captionCredit\">-\/AFP or licensors<\/span><\/span><\/em><\/figcaption><\/figure>\n<\/div>\n<\/div>\n<\/div>\n<\/div>\n<p>Cumhurba\u015fkan\u0131 Erdo\u011fan ve Michel, toplant\u0131 salonundaki tekli koltuklara otururken, Leyen bir s\u00fcre ayakta kald\u0131 ve daha sonra \u00fc\u00e7l\u00fc koltu\u011fa oturdu. Leyen\u2019in kar\u015f\u0131s\u0131ndaki \u00fc\u00e7l\u00fc koltukta da D\u0131\u015fi\u015fleri Bakan\u0131 Mevl\u00fct \u00c7avu\u015fo\u011flu yer ald\u0131.<\/p>\n<h3>ABD&#8217;den &#8216;Ermeni soyk\u0131r\u0131m\u0131&#8217; a\u00e7\u0131klamas\u0131<\/h3>\n<p>Amerika Birle\u015fik Devletleri (ABD) Ba\u015fkan\u0131 Joe Biden, 1915 olaylar\u0131n\u0131 &#8216;Ermeni Soyk\u0131r\u0131m\u0131&#8217; olarak tan\u0131mlad\u0131.<\/p>\n<p>Biden, 24 Nisan&#8217;da yapt\u0131\u011f\u0131 yaz\u0131l\u0131 a\u00e7\u0131klamada, &#8220;Amerikan halk\u0131, 106 y\u0131l \u00f6nce bug\u00fcn ba\u015flayan soyk\u0131r\u0131mda hayat\u0131n\u0131 kaybeden t\u00fcm Ermenileri onurland\u0131r\u0131yor&#8221; ifadelerini\u00a0<a href=\"https:\/\/tr.euronews.com\/2021\/04\/24\/joe-biden-1915-olaylar-icin-soyk-r-m-dedi\">kulland\u0131<\/a>.<\/p>\n<p>Biden\u2019den \u00f6nceki ABD ba\u015fkanlar\u0131, bir NATO m\u00fcttefiki ve Ortado\u011fu&#8217;nun \u00f6nemli bir g\u00fcc\u00fc olan T\u00fcrkiye ile ili\u015fkilerin bozulmamas\u0131 amac\u0131yla 24 Nisan\u2019da, 1915 olaylar\u0131 i\u00e7in \u201cErmeni soyk\u0131r\u0131m\u0131\u201d yerine, \u201cfelaket\u201d veya \u201ctarihin karanl\u0131k d\u00f6nemi\u201d gibi ifadeler kullanmay\u0131 tercih ediyordu.<\/p>\n<h2>Mars&#8217;ta helikopter u\u00e7uruldu<\/h2>\n<p>ABD Uzay ve Havac\u0131l\u0131k Dairesi (NASA), Mars&#8217;a g\u00f6nderilen helikopterin ilk kez ba\u015far\u0131yla havaland\u0131\u011f\u0131n\u0131 a\u00e7\u0131klad\u0131. Ingenuity, &#8220;ba\u015fka bir gezegende u\u00e7urulan ilk hava arac\u0131&#8221; olarak tarihe\u00a0<a href=\"https:\/\/tr.euronews.com\/2021\/04\/19\/mars-ta-tarihi-basar-nasa-ilk-kez-k-z-l-gezegen-de-ingenuity-adl-helikopteri-havaland-rd\">ge\u00e7ti<\/a>.<\/p>\n<p>Ingenuity isimli helikopter, insanlar\u0131n D\u00fcnya d\u0131\u015f\u0131nda ba\u015fka bir gezegende kontroll\u00fc bir \u015fekilde u\u00e7urdu\u011fu ilk hava arac\u0131 oldu. NASA&#8217;dan gelen bilgilere g\u00f6re Ingenuity bir dakikadan daha az s\u00fcre havada kald\u0131.<\/p>\n<h2>May\u0131s<\/h2>\n<h3>\u0130srail&#8217;den Gazze&#8217;ye hava sald\u0131r\u0131s\u0131<\/h3>\n<p>\u0130srail ordusunun Gazze \u015eeridi&#8217;ne d\u00fczenledi\u011fi sald\u0131r\u0131larda 66&#8217;s\u0131 \u00e7ocuk, 39&#8217;u kad\u0131n toplam 248 Filistinli hayat\u0131n\u0131 kaybetti, bin 900 ki\u015fi de yaraland\u0131. \u0130srail taraf\u0131nda 13 ki\u015fi ya\u015fam\u0131n\u0131 yitirdi.<\/p>\n<p>Gazze&#8217;deki Bay\u0131nd\u0131rl\u0131k ve \u0130skanBakanl\u0131\u011f\u0131n\u0131n verdi\u011fi bilgilere g\u00f6re, \u0130srail&#8217;in 11 g\u00fcn s\u00fcren sald\u0131r\u0131lar\u0131 nedeniyle 1800 konut tamamen y\u0131k\u0131ld\u0131, 16 bin 800 konut ise k\u0131smen hasar g\u00f6rd\u00fc.<\/p>\n<p>\u00c7at\u0131\u015fmalar M\u0131s\u0131r&#8217;\u0131n ara buluculu\u011funda \u0130srail ile Hamas liderli\u011findeki Gazze merkezli Filistinli gruplar\u0131n aras\u0131nda var\u0131lan ate\u015fkesle\u00a0<a href=\"https:\/\/tr.euronews.com\/2021\/05\/20\/hamas-tan-ateskes-ac-klamas-1-2-gun-icinde-olabilir\">sonland\u0131r\u0131ld\u0131<\/a>.<\/p>\n<h3>AB&#8217;de a\u015f\u0131 pasaportu karar\u0131<\/h3>\n<p>Avrupa Birli\u011fi (AB), a\u015f\u0131 pasaportu olarak bilinen &#8220;AB Dijital Covid Sertifikas\u0131&#8221; \u00fczerinde anla\u015fma sa\u011flad\u0131. AB Komisyonu Ba\u015fkan\u0131 Ursula von der Leyen, AB Komisyonu, AB Konseyi ve Avrupa Parlamentosu (AP) aras\u0131nda y\u00fcr\u00fct\u00fclen m\u00fczakerelerde uzla\u015f\u0131ya var\u0131ld\u0131\u011f\u0131n\u0131\u00a0<a href=\"https:\/\/tr.euronews.com\/2021\/05\/20\/avrupa-birligi-as-pasaportu-uzerinde-anlast-ab-dijital-covid-sertifikas-n-kim-kullanabilec\">a\u00e7\u0131klad\u0131<\/a>.<\/p>\n<p>AB Dijital Covid Sertifikas\u0131 ilk olarak planlanan &#8216;dijital ye\u015fil sertifika&#8217;dan farkl\u0131 olarak kart halinde ta\u015f\u0131nabiliyor ve \u00fczerinde QR kodu bulunuyor.<\/p>\n<h3>Kanuni&#8217;nin portresi \u0130stanbul&#8217;da<\/h3>\n<p>Londra&#8217;da a\u00e7\u0131k art\u0131rmayla 3.9 milyon TL&#8217;ye sat\u0131lan Kanuni Sultan S\u00fcleyman&#8217;\u0131n portresi \u0130stanbul B\u00fcy\u00fck\u015fehir Belediyesi\u2019ne (\u0130BB)\u00a0<a href=\"https:\/\/tr.euronews.com\/2021\/05\/02\/imamoglu-kanuni-sultan-suleyman-n-portresi-ibb-ye-bag-sland\">ba\u011f\u0131\u015fland\u0131<\/a>.<\/p>\n<p>\u0130stanbul Belediye Ba\u015fkan\u0131 Ekrem \u0130mamo\u011flu, \u0130ngiltere&#8217;deki m\u00fczayedede 438 bin sterline sat\u0131lan Kanuni Sultan S\u00fcleyman&#8217;\u0131n portresinin eser al\u0131c\u0131s\u0131 taraf\u0131ndan \u0130BB&#8217;ye ba\u011f\u0131\u015fland\u0131\u011f\u0131n\u0131 a\u00e7\u0131klad\u0131. Tabloyu \u0130stanbul&#8217;a ba\u011f\u0131\u015flayan ki\u015finin ismi a\u00e7\u0131klanmad\u0131.<\/p>\n<div class=\"widget widget--type-image widget--size-fullwidth widget--align-center\" data-ratio=\"0.563\" data-peekaboo=\"widget--animation-fade-in\">\n<div class=\"widget__wrapper\">\n<div class=\"widget__ratio widget__ratio--auto\">\n<div class=\"widget__contents\">\n<figure class=\"widget__figure\"><img decoding=\"async\" class=\"widgetImage__image lazyload lazyloaded\" src=\"https:\/\/static.euronews.com\/articles\/stories\/06\/27\/09\/38\/808x454_cmsv2_88307226-6a1c-5880-948e-36b9aa1a7679-6270938.jpg\" srcset=\"https:\/\/static.euronews.com\/articles\/stories\/06\/27\/09\/38\/202x113_cmsv2_88307226-6a1c-5880-948e-36b9aa1a7679-6270938.jpg 202w, https:\/\/static.euronews.com\/articles\/stories\/06\/27\/09\/38\/266x149_cmsv2_88307226-6a1c-5880-948e-36b9aa1a7679-6270938.jpg 266w, https:\/\/static.euronews.com\/articles\/stories\/06\/27\/09\/38\/404x227_cmsv2_88307226-6a1c-5880-948e-36b9aa1a7679-6270938.jpg 404w, https:\/\/static.euronews.com\/articles\/stories\/06\/27\/09\/38\/534x300_cmsv2_88307226-6a1c-5880-948e-36b9aa1a7679-6270938.jpg 534w, https:\/\/static.euronews.com\/articles\/stories\/06\/27\/09\/38\/606x340_cmsv2_88307226-6a1c-5880-948e-36b9aa1a7679-6270938.jpg 606w, https:\/\/static.euronews.com\/articles\/stories\/06\/27\/09\/38\/808x454_cmsv2_88307226-6a1c-5880-948e-36b9aa1a7679-6270938.jpg 808w\" alt=\"Sotheby's M\u00fczayede Evi\" \/><figcaption class=\"widget__caption\"><em><span class=\"widget__captionWrap\"><span class=\"widget__captionText\">Kanuni Sultan S\u00fcleyman<\/span><span class=\"widget__captionCredit\">Sotheby&#8217;s M\u00fczayede Evi<\/span><\/span><\/em><\/figcaption><\/figure>\n<\/div>\n<\/div>\n<\/div>\n<\/div>\n<h2>Haziran<\/h2>\n<h3>El Salvador, Bitcoin&#8217;i yasalla\u015ft\u0131ran ilk \u00fclke oldu<\/h3>\n<p>Orta Amerika \u00fclkesi El Salvador kabul etti\u011fi bir yasa tasar\u0131s\u0131yla d\u00fcnyan\u0131n en pop\u00fcler kripto paras\u0131 Bitcoin&#8217;i resmi para birimi olarak kabul eden ilk \u00fclke\u00a0<a href=\"https:\/\/tr.euronews.com\/2021\/06\/09\/el-salvador-bitcoin-i-yasallast-ran-ilk-ulke-oldu\">oldu<\/a>.<\/p>\n<p>Kongre&#8217;de Bitcoin&#8217;in g\u00fcnl\u00fck hayatta yap\u0131lan al\u0131\u015fveri\u015flerde kabul edilip edilmemesi yasa tasar\u0131s\u0131 oylamaya sunuldu. Yap\u0131lan oylamada 62 Kongre \u00fcyesi &#8220;evet&#8221; derken, 22 \u00fcye olumsuz g\u00f6r\u00fc\u015f bildirdi.<\/p>\n<p>\u00dclkenin 39 ya\u015f\u0131ndaki Cumhurba\u015fkan\u0131 Nayib Bukele bu geli\u015fme \u00fczerine sosyal medya hesab\u0131nda, &#8220;Bitcoin yasas\u0131 ge\u00e7erli \u00e7o\u011funlukla kabul edildi. Bu tarihi bir g\u00fcn.&#8221; ifadelerini kulland\u0131<\/p>\n<h3>T\u00fcrkiye A Milli Futbol Tak\u0131m\u0131 Avrupa Kupas\u0131&#8217;nda s\u0131f\u0131r \u00e7ekti<\/h3>\n<p>T\u00fcrkiye A Milli Futbol Tak\u0131m\u0131, Covid-19 nedeniyle bir y\u0131l ertelenen 2020 Avrupa Futbol \u015eampiyonas\u0131 eleme grubunun son ma\u00e7\u0131nda \u0130svi\u00e7re&#8217;ye 3-1 yenilerek turnuvaya puans\u0131z veda\u00a0<a href=\"https:\/\/tr.euronews.com\/2021\/06\/20\/turkiye-euro-2020-nin-en-kotu-tak-m-olarak-turnuvaya-veda-etti\">etti<\/a>.<\/p>\n<p>Beklentilerin aksine d\u00fc\u015f\u00fck bir performans g\u00f6steren futbolcular bu sonu\u00e7la s\u0131f\u0131r puan ve -7 averajla ile Euro 2020&#8217;nin en &#8220;ba\u015far\u0131s\u0131z tak\u0131m\u0131&#8221; oldu.<\/p>\n<h3>Reisi \u0130ran&#8217;\u0131n yeni cumhurba\u015fkan\u0131 oldu<\/h3>\n<p>\u0130ran Yarg\u0131 Erki Ba\u015fkan\u0131 \u0130brahim Reisi \u00fclkenin sekizinci cumhurba\u015fkan\u0131\u00a0<a href=\"https:\/\/tr.euronews.com\/2021\/06\/19\/iran-n-yeni-cumhurbaskan-ibrahim-reisi-kimdir\">se\u00e7ildi<\/a>. Se\u00e7imlerden \u00f6nce cumhurba\u015fkan\u0131 yard\u0131mc\u0131s\u0131, eski cumhurba\u015fkan\u0131 ve eski meclis ba\u015fkan\u0131 gibi isimlerin adayl\u0131\u011f\u0131 veto edilmi\u015fti.<\/p>\n<h3>AB&#8217;den Suriyeli s\u0131\u011f\u0131nmac\u0131lar i\u00e7in T\u00fcrkiye&#8217;ye 3 milyar euro ek destek<\/h3>\n<p>Avrupa Birli\u011fi Komisyonu Ba\u015fkan\u0131 Ursula von der Leyen, T\u00fcrkiye&#8217;de bulunan Suriyelilerin desteklenmesi i\u00e7in 2024 y\u0131l\u0131na kadar 3 milyar euroluk AB b\u00fct\u00e7esi ayr\u0131laca\u011f\u0131n\u0131\u00a0<a href=\"https:\/\/tr.euronews.com\/2021\/06\/25\/ab-den-suriyeli-s-g-nmac-lar-icin-turkiye-ye-3-milyar-euro-ek-destek\">a\u00e7\u0131klad\u0131<\/a>.<\/p>\n<p>T\u00fcrkiye&#8217;deki m\u00fcltecileri desteklemek i\u00e7in 2024&#8217;e kadar ilave 3 milyar euro ayr\u0131laca\u011f\u0131n\u0131 duyuran von der Leyen paran\u0131n tamamen AB b\u00fct\u00e7esinden gelece\u011fini ve m\u00fcltecilerin sosyo ekonomik desteklenmesinde kullan\u0131laca\u011f\u0131n\u0131 kaydetti.<\/p>\n<h3>Kanada&#8217;da yat\u0131l\u0131 kilise okulunda 751 \u00e7ocuk cesedi kal\u0131nt\u0131s\u0131 bulundu<\/h3>\n<p>Kanada\u2019n\u0131n Sakatchewan eyaletindeki Marieval Yat\u0131l\u0131 Kilise Okulunun bah\u00e7esinde yap\u0131lan aramalarda, resmi kay\u0131tlarda olmayan 751 \u00e7ocuk cesedi kal\u0131nt\u0131s\u0131n\u0131n oldu\u011fu isimsiz mezarlar\u00a0<a href=\"https:\/\/tr.euronews.com\/2021\/06\/24\/kanada-da-yat-l-kilise-okulunun-bahcesinde-751-cocuk-cesedi-kal-nt-s-bulundu\">bulundu<\/a>.<\/p>\n<p>Kanada resmi kay\u0131tlar\u0131na g\u00f6re Marieval K\u0131z\u0131lderili Yat\u0131l\u0131 Kilise Okulu, 1899&#8217;dan 1997&#8217;ye kadar eyaletin ba\u015fkenti Regina&#8217;n\u0131n yakla\u015f\u0131k 140 kilometre do\u011fusunda, Cowessess yerlilerinin oldu\u011fu b\u00f6lgede faaliyet g\u00f6sterdi<\/p>\n<h2>Temmuz<\/h2>\n<h3>\u00c7iftlik Bank&#8217;\u0131n kurucusu Brezilya&#8217;da T\u00fcrk makamlar\u0131na teslim oldu<\/h3>\n<p>\u00c7iftlik Bank davas\u0131nda binlerce ki\u015fiyi doland\u0131rarak saadet zinciri kurmakla su\u00e7lanan firari san\u0131k Mehmet Ayd\u0131n T\u00fcrkiye&#8217;ye\u00a0<a href=\"https:\/\/tr.euronews.com\/2021\/07\/03\/saadet-zincirinin-ilk-halkas-teslim-oldu-ciftlik-bank-sorusturmas-nda-neler-yasand\">getirildi<\/a>.<\/p>\n<p>Hakk\u0131ndaki iddialar sonras\u0131 Uruguay&#8217;a ka\u00e7an \u00c7iftlik Bank&#8217;\u0131n sahibi Mehmet Ayd\u0131n, Brezilya&#8217;da T\u00fcrkiye&#8217;ye teslim oldu.<\/p>\n<p>&#8220;Tosuncuk&#8221; lakapl\u0131 Ayd\u0131n, INTERPOL taraf\u0131ndan k\u0131rm\u0131z\u0131 b\u00fcltenle aran\u0131yordu.<\/p>\n<h3>Euro 2020&#8217;de \u015fampiyon \u0130talya<\/h3>\n<p>Avrupa Futbol \u015eampiyonas\u0131&#8217;nda (Euro 2020) kupan\u0131n sahibi penalt\u0131larla \u0130ngiltere&#8217;yi 3-2 yenen \u0130talya oldu. \u0130talya normal s\u00fcresi 1-1 biten ma\u00e7 sonras\u0131 penalt\u0131larla kupaya\u00a0<a href=\"https:\/\/tr.euronews.com\/2021\/07\/11\/euro-2020-de-kupan-n-sahibi-penalt-larla-ingiltere-yi-3-2-yenen-italya-oldu\">uzand\u0131<\/a>.<\/p>\n<p>\u0130talya bu sonu\u00e7la Avrupa Futbol \u015eampiyonas\u0131&#8217;nda 2&#8217;inci kez \u015fampiyonluk ya\u015farken, yenilmezlik serisini de 35 ma\u00e7a \u00e7\u0131kard\u0131. \u0130ngiltere ise bu turnuvada ilk kez final oynarken, Avrupa Futbol \u015eampiyonas\u0131 tarihindeki en b\u00fcy\u00fck ba\u015far\u0131s\u0131n\u0131 elde etti.<\/p>\n<div class=\"widget widget--type-image widget--size-fullwidth widget--align-center\" data-ratio=\"0.6611328125\" data-peekaboo=\"widget--animation-fade-in\">\n<div class=\"widget__wrapper\">\n<div class=\"widget__ratio widget__ratio--auto\">\n<div class=\"widget__contents\">\n<figure class=\"widget__figure\"><img decoding=\"async\" class=\"widgetImage__image lazyload lazyloaded\" src=\"https:\/\/static.euronews.com\/articles\/stories\/06\/27\/09\/38\/808x535_cmsv2_e6ef78e4-4fe1-5341-8452-92481b7c7158-6270938.jpg\" srcset=\"https:\/\/static.euronews.com\/articles\/stories\/06\/27\/09\/38\/202x134_cmsv2_e6ef78e4-4fe1-5341-8452-92481b7c7158-6270938.jpg 202w, https:\/\/static.euronews.com\/articles\/stories\/06\/27\/09\/38\/266x176_cmsv2_e6ef78e4-4fe1-5341-8452-92481b7c7158-6270938.jpg 266w, https:\/\/static.euronews.com\/articles\/stories\/06\/27\/09\/38\/404x268_cmsv2_e6ef78e4-4fe1-5341-8452-92481b7c7158-6270938.jpg 404w, https:\/\/static.euronews.com\/articles\/stories\/06\/27\/09\/38\/534x354_cmsv2_e6ef78e4-4fe1-5341-8452-92481b7c7158-6270938.jpg 534w, https:\/\/static.euronews.com\/articles\/stories\/06\/27\/09\/38\/606x401_cmsv2_e6ef78e4-4fe1-5341-8452-92481b7c7158-6270938.jpg 606w, https:\/\/static.euronews.com\/articles\/stories\/06\/27\/09\/38\/808x535_cmsv2_e6ef78e4-4fe1-5341-8452-92481b7c7158-6270938.jpg 808w\" alt=\"Susan Montoya Bryan\/Copyright 2021 The Associated Press. All rights reserved.\" \/><figcaption class=\"widget__caption\"><em><span class=\"widget__captionWrap\"><span class=\"widget__captionText\">Richard Branson (sa\u011fda)<\/span><span class=\"widget__captionCredit\">Susan Montoya Bryan\/Copyright 2021 The Associated Press. All rights reserved.<\/span><\/span><\/em><\/figcaption><\/figure>\n<\/div>\n<\/div>\n<\/div>\n<\/div>\n<h3>Branson ve Bezos uzaya \u00e7\u0131kt\u0131<\/h3>\n<p>ABD&#8217;li uzay arac\u0131 \u00fcreticisi Virgin Galactic, \u015firketin yolcu roketi VSS Unity ile tam m\u00fcrettebatl\u0131 ilk test u\u00e7u\u015funu ger\u00e7ekle\u015ftirdi. Alt\u0131 ki\u015filik ekipte \u015firketin kurucusu \u0130ngiliz milyarder Richard Branson da yer\u00a0<a href=\"https:\/\/tr.euronews.com\/2021\/07\/11\/milyarder-richard-branson-ekibiyle-uzaya-gidiyor-tam-murettebatl-ilk-test-ucusu-olacak\">ald\u0131<\/a>.<\/p>\n<p>ABD\u2019li e-ticaret devi Amazon\u2019un kurucusu Jeff Bezos da, sahibi oldu\u011fu uzay ara\u015ft\u0131rmalar\u0131 \u015firketi Blue Origin roketi ile uzaya\u00a0<a href=\"https:\/\/tr.euronews.com\/2021\/07\/20\/jeff-bezos-bugun-uzay-yolculuguna-c-k-yor\">\u00e7\u0131kt\u0131<\/a>. 11 dakikal\u0131k s\u00fcren uzay yolculu\u011funda Bezos&#8217;a, karde\u015fi Mark Bezos, 82 ya\u015f\u0131ndaki Wally Funk ve 18 ya\u015f\u0131ndaki Oliver Daemen e\u015flik etti.<\/p>\n<h3>Bat\u0131 Avrupa&#8217;da sel<\/h3>\n<p>Almanya&#8217;da ve Bel\u00e7ika&#8217;da yo\u011fun ya\u011f\u0131\u015flar\u0131n neden oldu\u011fu \u015fiddetli sel sonucu \u00e7ok say\u0131da insan \u00f6ld\u00fc ve y\u00fczlerce insan da kayboldu. Almanya&#8217;da en az 103 Bel\u00e7ika&#8217;da ise en az 15 ki\u015fi hayat\u0131n\u0131\u00a0<a href=\"https:\/\/tr.euronews.com\/2021\/07\/16\/bat-avrupa-da-yasanan-sel-felaketleri-iklim-krizinin-bir-sonucu-mu\">kaybetti<\/a>.<\/p>\n<p>Almanya&#8217;n\u0131n Rheinland-Pfalz ve Kuzey Ren-Vestfalya eyaletleri, binalar\u0131n ve arabalar\u0131n su alt\u0131nda kalmas\u0131ndan en \u00e7ok etkilenen yerler oldu.<\/p>\n<h3>Tunus cumhurba\u015fkan\u0131 ba\u015fbakan\u0131 g\u00f6revden ald\u0131<\/h3>\n<p>Tunus Cumhurba\u015fkan\u0131 Kays Said, &#8220;\u00fclkenin i\u00e7inde bulundu\u011fu ola\u011fan\u00fcst\u00fc ko\u015fullar nedeniyle&#8221; Meclisin t\u00fcm yetkilerini dondurdu\u011funu, milletvekillerinin dokunulmazl\u0131\u011f\u0131n\u0131 ask\u0131ya ald\u0131\u011f\u0131n\u0131 belirterek, mevcut Ba\u015fbakan Hi\u015fam el-Me\u015fi\u015fi&#8217;yi g\u00f6revden ald\u0131\u011f\u0131n\u0131 ve kendi atayaca\u011f\u0131 bir ba\u015fbakanla y\u00fcr\u00fctmeyi devralaca\u011f\u0131n\u0131\u00a0<a href=\"https:\/\/tr.euronews.com\/2021\/07\/26\/tunus-cumhurbaskan-basbakan-gorevden-ald-gannusi-cumhurbaskan-n-darbe-yapmakla-suclad\">bildirdi<\/a>.<\/p>\n<p>Tunus Meclis Ba\u015fkan\u0131 ve \u00fclkedeki en b\u00fcy\u00fck parti olan Nahda Hareketi&#8217;nin lideri Ra\u015fid el-Gannu\u015fi, ba\u015fbakan\u0131 g\u00f6revden alan ve meclisin yetkilerini donduran Cumhurba\u015fkan\u0131 Kays Said&#8217;i darbe yapmakla su\u00e7lad\u0131.<\/p>\n<h3>Tokyo Olimpiyatlar\u0131&#8217;nda ilk alt\u0131n Mete Gazoz&#8217;dan<\/h3>\n<p>2020 Tokyo Olimpiyat Oyunlar\u0131&#8217;nda final ma\u00e7\u0131nda milli ok\u00e7u Mete Gazoz, \u0130talyan Mauro Nespoli&#8217;yi yenerek olimpiyat \u015fampiyonu\u00a0<a href=\"https:\/\/tr.euronews.com\/2021\/07\/31\/turkiye-tokyo-olimpiyatlar-nda-ilk-alt-n-madalyas-n-ald-milli-okcu-mete-gazoz-sampiyon-old\">oldu<\/a>.<\/p>\n<p>Klasik yay bireysel kategoride m\u00fccadele eden Mete Gazoz&#8217;un \u015fampiyonlu\u011fu ile T\u00fcrkiye olimpiyat tarihinde ilk kez ok\u00e7ulukta alt\u0131n madalya kazand\u0131.<\/p>\n<h3>Bosna Hersek&#8217;te soyk\u0131r\u0131m\u0131n inkar\u0131na ceza<\/h3>\n<p>Eski Bosna Hersek Y\u00fcksek Temsilcisi Valentin Inzko, &#8220;Bonn Yetkilerine&#8221; dayanarak \u00fclkede &#8220;soyk\u0131r\u0131m\u0131n inkar\u0131n\u0131n cezaland\u0131r\u0131lmas\u0131na ili\u015fkin yasa&#8221;\u00a0<a href=\"https:\/\/tr.euronews.com\/2021\/07\/23\/bosna-hersek-yuksek-temsilcisi-soyk-r-m-n-inkar-n-n-cezaland-r-lmas-na-iliskin-yasa-c-kart\">\u00e7\u0131kartt\u0131<\/a>.<\/p>\n<p>G\u00f6rev s\u00fcresi dolmas\u0131ndan hemen \u00f6nce Inzko, Bosna Hersek Y\u00fcksek Temsilcili\u011fi Ofisi&#8217;nin (OHR) internet sayfas\u0131nda yay\u0131mlad\u0131\u011f\u0131 mesajda, kendisinden uzun s\u00fcredir beklenen &#8220;soyk\u0131r\u0131m\u0131n inkar\u0131n\u0131n cezaland\u0131r\u0131lmas\u0131na ili\u015fkin yasa&#8221;n\u0131n, Bosna Hersek Parlamenterler Meclisi&#8217;nde yap\u0131lacak oylamaya kadar ge\u00e7ici olarak y\u00fcr\u00fcrl\u00fc\u011fe girece\u011fini ifade etti.<\/p>\n<p>Bu karara Bosnal\u0131 S\u0131rplar sert tepki g\u00f6sterirken \u00fclkenin b\u00f6l\u00fcnmesi y\u00f6n\u00fcnde tart\u0131\u015fmalar alevlendi.<\/p>\n<h2>A\u011fustos<\/h2>\n<h3>Boks&#8217;ta ilk alt\u0131n Busenaz S\u00fcrmeneli&#8217;nin<\/h3>\n<p>2020 Tokyo Olimpiyat Oyunlar\u0131&#8217;nda boksta kad\u0131nlar 69 kiloda Busenaz S\u00fcrmeneli, alt\u0131n madalya\u00a0<a href=\"https:\/\/tr.euronews.com\/2021\/08\/07\/tokyo-olimpiyat-oyunlar-nda-boksta-kad-nlar-69-kiloda-busenaz-surmeneli-alt-n-madalya-kaza\">kazand\u0131<\/a>.<\/p>\n<p>B\u00f6ylece, T\u00fcrkiye boksta, olimpiyat tarihindeki ilk alt\u0131n madalyas\u0131n\u0131 Tokyo 2020&#8217;de elde etti.<\/p>\n<p>T\u00fcrkiye, b\u00f6ylece olimpiyatlarda Mete Gazoz&#8217;un ok\u00e7ulukta alt\u0131n madalya almas\u0131n\u0131n ard\u0131ndan ikinci alt\u0131n madalyas\u0131n\u0131 kazand\u0131.<\/p>\n<h3>Karadeniz b\u00f6lgesini seller vurdu<\/h3>\n<p>Karadeniz B\u00f6lgesi&#8217;nde devam eden a\u015f\u0131r\u0131 ya\u011f\u0131\u015flar sonucu meydana gelen sel ve toprak kaymas\u0131 sebebiyle Kastamonu&#8217;da 60, Sinop&#8217;ta 9, Bart\u0131n&#8217;da 1 ki\u015fi hayat\u0131n\u0131\u00a0<a href=\"https:\/\/tr.euronews.com\/2021\/08\/15\/bat-karadeniz-de-sel-kastamonu-da-25-sinop-ta-2-kisi-hayat-n-kaybetti\">kaybetti<\/a>.<\/p>\n<div class=\"widget widget--type-image widget--size-fullwidth widget--align-center\" data-ratio=\"0.6630859375\" data-peekaboo=\"widget--animation-fade-in\">\n<div class=\"widget__wrapper\">\n<div class=\"widget__ratio widget__ratio--auto\">\n<div class=\"widget__contents\">\n<figure class=\"widget__figure\"><img decoding=\"async\" class=\"widgetImage__image lazyload lazyloaded\" src=\"https:\/\/static.euronews.com\/articles\/stories\/06\/27\/09\/38\/808x535_cmsv2_7f8d621b-2a5f-509f-8b3d-521253addd95-6270938.jpg\" srcset=\"https:\/\/static.euronews.com\/articles\/stories\/06\/27\/09\/38\/202x134_cmsv2_7f8d621b-2a5f-509f-8b3d-521253addd95-6270938.jpg 202w, https:\/\/static.euronews.com\/articles\/stories\/06\/27\/09\/38\/266x176_cmsv2_7f8d621b-2a5f-509f-8b3d-521253addd95-6270938.jpg 266w, https:\/\/static.euronews.com\/articles\/stories\/06\/27\/09\/38\/404x268_cmsv2_7f8d621b-2a5f-509f-8b3d-521253addd95-6270938.jpg 404w, https:\/\/static.euronews.com\/articles\/stories\/06\/27\/09\/38\/534x354_cmsv2_7f8d621b-2a5f-509f-8b3d-521253addd95-6270938.jpg 534w, https:\/\/static.euronews.com\/articles\/stories\/06\/27\/09\/38\/606x401_cmsv2_7f8d621b-2a5f-509f-8b3d-521253addd95-6270938.jpg 606w, https:\/\/static.euronews.com\/articles\/stories\/06\/27\/09\/38\/808x535_cmsv2_7f8d621b-2a5f-509f-8b3d-521253addd95-6270938.jpg 808w\" alt=\"Rahmat Gul\/Copyright 2021 The Associated Press. All rights reserved.\" \/><figcaption class=\"widget__caption\"><em><span class=\"widget__captionWrap\"><span class=\"widget__captionText\">Taliban sava\u015f\u00e7\u0131lar\u0131<\/span><span class=\"widget__captionCredit\">Rahmat Gul\/Copyright 2021 The Associated Press. All rights reserved.<\/span><\/span><\/em><\/figcaption><\/figure>\n<\/div>\n<\/div>\n<\/div>\n<\/div>\n<h3>Taliban Afganistan&#8217;da y\u00f6netimi ele ge\u00e7irdi<\/h3>\n<p>Afganistan&#8217;da Amerika Birle\u015fik Devletleri&#8217;nin askerlerini \u00e7ekmeye ba\u015flamas\u0131yla \u00fclkenin b\u00fcy\u00fck bir k\u0131sm\u0131n\u0131 h\u0131zla kontrol alt\u0131na alan Taliban son olarak ba\u015fkent Kabil&#8217;e de girerek y\u00f6netimi ele\u00a0<a href=\"https:\/\/tr.euronews.com\/2021\/08\/15\/afganistan-da-taliban-baskent-kabil-e-girdi-dunya-liderlerinin-ilk-tepkileri-ne-oldu\">ge\u00e7irdi<\/a>. Afgan ordusunun ciddi bir direni\u015fi ile kar\u015f\u0131la\u015fmayan Taliban Kabil&#8217;in eteklerine ula\u015ft\u0131\u011f\u0131nda Devlet Ba\u015fkan\u0131 E\u015fref Gani \u00fclkeyi terk\u00a0<a href=\"https:\/\/tr.euronews.com\/2021\/08\/16\/taliban-nas-l-bu-kadar-h-zl-ilerledi-afganistan-ordusu-neden-kars-koyamad\">etti<\/a>. ABD ve bat\u0131l\u0131 \u00fclkeler askerleri ve vatanda\u015flar\u0131n\u0131\u00a0<a href=\"https:\/\/tr.euronews.com\/2021\/08\/20\/abd-kaosa-ve-taliban-a-ragmen-tahliyeleri-h-zland-rmaya-cal-s-yor\">tahliye<\/a>\u00a0etme yar\u0131\u015f\u0131na girerken Taliban y\u00f6netiminden korkan onbinlerce Afgan&#8217;da s\u0131n\u0131r kap\u0131lar\u0131 ve Kabil havaliman\u0131 \u00f6n\u00fcne y\u0131\u011f\u0131ld\u0131.<\/p>\n<div class=\"widget widget--type-image widget--size-fullwidth widget--align-center\" data-ratio=\"0.6328125\" data-peekaboo=\"widget--animation-fade-in\">\n<div class=\"widget__wrapper\">\n<div class=\"widget__ratio widget__ratio--auto\">\n<div class=\"widget__contents\">\n<figure class=\"widget__figure\"><em><img decoding=\"async\" class=\"widgetImage__image lazyload lazyloaded\" src=\"https:\/\/static.euronews.com\/articles\/stories\/06\/27\/09\/38\/808x511_cmsv2_f7047513-c4e9-51ac-9afa-9ec7d1e0eca1-6270938.jpg\" srcset=\"https:\/\/static.euronews.com\/articles\/stories\/06\/27\/09\/38\/202x128_cmsv2_f7047513-c4e9-51ac-9afa-9ec7d1e0eca1-6270938.jpg 202w, https:\/\/static.euronews.com\/articles\/stories\/06\/27\/09\/38\/266x168_cmsv2_f7047513-c4e9-51ac-9afa-9ec7d1e0eca1-6270938.jpg 266w, https:\/\/static.euronews.com\/articles\/stories\/06\/27\/09\/38\/404x256_cmsv2_f7047513-c4e9-51ac-9afa-9ec7d1e0eca1-6270938.jpg 404w, https:\/\/static.euronews.com\/articles\/stories\/06\/27\/09\/38\/534x338_cmsv2_f7047513-c4e9-51ac-9afa-9ec7d1e0eca1-6270938.jpg 534w, https:\/\/static.euronews.com\/articles\/stories\/06\/27\/09\/38\/606x384_cmsv2_f7047513-c4e9-51ac-9afa-9ec7d1e0eca1-6270938.jpg 606w, https:\/\/static.euronews.com\/articles\/stories\/06\/27\/09\/38\/808x511_cmsv2_f7047513-c4e9-51ac-9afa-9ec7d1e0eca1-6270938.jpg 808w\" alt=\"AP\/Copyright 2021 The Associated Press. All rights reserved\" \/><\/em><figcaption class=\"widget__caption\"><em><span class=\"widget__captionWrap\"><span class=\"widget__captionText\">Hisar\u00f6n\u00fc orman yang\u0131n\u0131<\/span><span class=\"widget__captionCredit\">AP\/Copyright 2021 The Associated Press. All rights reserved<\/span><\/span><\/em><\/figcaption><\/figure>\n<\/div>\n<\/div>\n<\/div>\n<\/div>\n<h3>Orman yang\u0131nlar\u0131<\/h3>\n<p>Kuzey yar\u0131mk\u00fcrede y\u00fczy\u0131l\u0131n en s\u0131cak yazlar\u0131ndan biri ya\u015fan\u0131rken d\u00fcnyan\u0131n bir \u00e7ok noktas\u0131nda da orman yang\u0131nlar\u0131 \u00e7\u0131kt\u0131. \u00d6zellikle\u00a0<a href=\"https:\/\/tr.euronews.com\/2021\/08\/01\/turkiye-de-yang-nlarda-son-durum-20-yerde-sondurme-cal-smalar-suruyor\">T\u00fcrkiye<\/a>, Yunanistan, \u0130talya, Fransa ve Cezayir&#8217;de \u00e7\u0131kan yang\u0131nlarda binlerce d\u00f6n\u00fcm orman k\u00fcle d\u00f6nd\u00fc. \u00c7ok say\u0131da ki\u015fi de hayat\u0131n\u0131 kaybetti. ABD&#8217;nin Kaliforniya eyaletinde de tarihinin en b\u00fcy\u00fck ikinci yang\u0131n\u0131\u00a0<a href=\"https:\/\/tr.euronews.com\/2021\/08\/09\/abd-california-da-eyalet-tarihinin-en-buyuk-ikinci-yang-n-sondurulemiyor\">\u00e7\u0131kt\u0131<\/a>.<\/p>\n<p>Eyl\u00fcl<\/p>\n<h3>&#8216;Filenin Sultanlar\u0131&#8217; Avrupa \u00fc\u00e7\u00fcnc\u00fcs\u00fc<\/h3>\n<p>2021 Avrupa \u015eampiyonas\u0131&#8217;n\u0131n \u00fc\u00e7\u00fcnc\u00fcl\u00fck ma\u00e7\u0131nda Hollanda&#8217;y\u0131 3-0 yenen T\u00fcrkiye A Milli Kad\u0131n Voleybol Tak\u0131m\u0131 bronz madalyan\u0131n sahibi\u00a0<a href=\"https:\/\/tr.euronews.com\/2021\/09\/04\/filenin-sultanlar-2021-avrupa-voleybol-sampiyonas-nda-bronz-madalyan-n-sahibi-oldu\">oldu<\/a>.<\/p>\n<p>A Milli Voleybol Tak\u0131m\u0131 S\u0131rbistan, Romanya, H\u0131rvatistan ve Bulgaristan&#8217;\u0131n ortakla\u015fa d\u00fczenledi\u011fi \u015fampiyonadaki ilk ma\u00e7\u0131nda Romanya&#8217;y\u0131 3-1, Ukrayna&#8217;y\u0131 set vermeden 3-0, 8&#8217;li finallerde \u00c7ekya&#8217;y\u0131 3-1- ve, \u00e7eyrek finalde ise Polonya&#8217;y\u0131 yine set vermeden 3-0 yenmi\u015fti.<\/p>\n<div class=\"widget widget--type-image widget--size-fullwidth widget--align-center\" data-ratio=\"0.6953125\" data-peekaboo=\"widget--animation-fade-in\">\n<div class=\"widget__wrapper\">\n<div class=\"widget__ratio widget__ratio--auto\">\n<div class=\"widget__contents\">\n<figure class=\"widget__figure\"><em><img decoding=\"async\" class=\"widgetImage__image lazyload lazyloaded\" src=\"https:\/\/static.euronews.com\/articles\/stories\/06\/27\/09\/38\/808x561_cmsv2_ff953d86-7258-5cc2-97a8-fe24fc84935c-6270938.jpg\" srcset=\"https:\/\/static.euronews.com\/articles\/stories\/06\/27\/09\/38\/202x140_cmsv2_ff953d86-7258-5cc2-97a8-fe24fc84935c-6270938.jpg 202w, https:\/\/static.euronews.com\/articles\/stories\/06\/27\/09\/38\/266x185_cmsv2_ff953d86-7258-5cc2-97a8-fe24fc84935c-6270938.jpg 266w, https:\/\/static.euronews.com\/articles\/stories\/06\/27\/09\/38\/404x281_cmsv2_ff953d86-7258-5cc2-97a8-fe24fc84935c-6270938.jpg 404w, https:\/\/static.euronews.com\/articles\/stories\/06\/27\/09\/38\/534x371_cmsv2_ff953d86-7258-5cc2-97a8-fe24fc84935c-6270938.jpg 534w, https:\/\/static.euronews.com\/articles\/stories\/06\/27\/09\/38\/606x421_cmsv2_ff953d86-7258-5cc2-97a8-fe24fc84935c-6270938.jpg 606w, https:\/\/static.euronews.com\/articles\/stories\/06\/27\/09\/38\/808x561_cmsv2_ff953d86-7258-5cc2-97a8-fe24fc84935c-6270938.jpg 808w\" alt=\"The Associated Press\" \/><\/em><figcaption class=\"widget__caption\"><em><span class=\"widget__captionWrap\"><span class=\"widget__captionText\">Filenin sultanlar\u0131 <\/span><span class=\"widget__captionCredit\">The Associated Press<\/span><\/span><\/em><\/figcaption><\/figure>\n<\/div>\n<\/div>\n<\/div>\n<\/div>\n<h3>Avrupa&#8217;y\u0131 &#8216;ikiye b\u00f6len&#8217; Kuzey Ak\u0131m 2 projesi tamamland\u0131<\/h3>\n<p>Moskova, Avrupa&#8217;da tart\u0131\u015fmalara yol a\u00e7an Kuzey Ak\u0131m 2 Do\u011fal Gaz Boru Hatt\u0131 Projesi in\u015faat\u0131n\u0131n tamamlad\u0131\u011f\u0131n\u0131\u00a0<a href=\"https:\/\/tr.euronews.com\/2021\/09\/10\/avrupa-y-ikiye-bolen-proje-kuzey-ak-m-2-dogal-gaz-boru-hatt-tamamland\">duyurdu<\/a>. Projeyle y\u0131ll\u0131k 55 milyar metrek\u00fcpl\u00fck Rus gaz\u0131n\u0131n Balt\u0131k Denizi \u00fczerinden Almanya&#8217;ya sevk edilmesi planlan\u0131yor. Yakla\u015f\u0131k 10 milyar euroya mal olan boru hatt\u0131n\u0131n, sene sonundan \u00f6nce faaliyete ge\u00e7mesi bekleniyor.<\/p>\n<h3>Ampute Futbol Milli Tak\u0131m\u0131 \u00fcst \u00fcste ikinci kez Avrupa \u015fampiyonu<\/h3>\n<p>Ampute Futbol Milli Tak\u0131m\u0131, Avrupa \u015eampiyonas\u0131 finalinde \u0130spanya&#8217;y\u0131 6-0 yenerek \u00fcst \u00fcste ikinci kez \u015fampiyonlu\u011fa\u00a0<a href=\"https:\/\/tr.euronews.com\/2021\/09\/19\/ampute-futbol-milli-tak-m-ust-uste-ikinci-kez-avrupa-sampiyonu\">uzand\u0131<\/a>. \u0130stanbul&#8217;da d\u00fczenlenen 2017 Avrupa \u015eampiyonas\u0131&#8217;nda kupan\u0131n sahibi olan milliler, 2021&#8217;de de zirveye yerle\u015ferek bu mutlulu\u011fu \u00fcst \u00fcste ikince kez ya\u015fad\u0131.<\/p>\n<h3>Bat\u0131 blokunda denizalt\u0131 krizi<\/h3>\n<p>Fransa, Avustralya&#8217;n\u0131n kendisiyle olan denizalt\u0131 projesini iptal ederek ABD ile anla\u015fmas\u0131n\u0131n ard\u0131ndan Washington ve Canberra b\u00fcy\u00fckel\u00e7ilerini geri\u00a0<a href=\"https:\/\/tr.euronews.com\/2021\/09\/17\/bat-blokunda-denizalt-krizi-fransa-washington-ve-canberra-buyukelcilerini-geri-cag-rd\">\u00e7a\u011f\u0131rd\u0131<\/a>.<\/p>\n<p>ABD Ba\u015fkan\u0131 Joe Biden, \u0130ngiltere Ba\u015fbakan\u0131 Boris Johnson ve Avustralya Ba\u015fbakan\u0131 Scott Morrison ile 16 Eyl\u00fcl&#8217;de d\u00fczenledi\u011fi \u00e7evrim i\u00e7i bas\u0131n toplant\u0131s\u0131nda, AUKUS ad\u0131 alt\u0131nda yeni bir g\u00fcvenlik i\u015f birli\u011fi kuruldu\u011funu ve bu kapsamda ABD ve \u0130ngiltere&#8217;nin Avustralya ile n\u00fckleer enerjili denizalt\u0131 teknolojisini payla\u015faca\u011f\u0131n\u0131 duyurmu\u015ftu.<\/p>\n<h3>Kanarya Adalar\u0131&#8217;nda yanarda\u011f patlamas\u0131<\/h3>\n<p>\u0130spanya&#8217;n\u0131n g\u00fcneybat\u0131s\u0131ndaki Kanarya Adalar\u0131 grubundan La Palma Adas\u0131&#8217;nda 50 y\u0131ll\u0131k bir aran\u0131n ard\u0131ndan tekrar aktif hale gelen Cumbre Vieja Yanarda\u011f\u0131 yakla\u015f\u0131k 3 ay boyunca lav, k\u00fcl ve volkanik gaz p\u00fcsk\u00fcrtt\u00fc. Ada tarihinde g\u00f6r\u00fclen en uzun s\u00fcreli volkanik\u00a0<a href=\"https:\/\/tr.euronews.com\/2021\/12\/12\/cumbre-vieja-la-palma-adas-nda-en-uzun-sure-aktif-olan-yanardag-oldu\">aktivite<\/a>\u00a0s\u0131ras\u0131nda \u00e7ok say\u0131da deprem de meydana geldi.<\/p>\n<div class=\"widget widget--type-image widget--size-fullwidth widget--align-center\" data-ratio=\"0.708984375\" data-peekaboo=\"widget--animation-fade-in\">\n<div class=\"widget__wrapper\">\n<div class=\"widget__ratio widget__ratio--auto\">\n<div class=\"widget__contents\">\n<figure class=\"widget__figure\"><em><img decoding=\"async\" class=\"widgetImage__image lazyload lazyloaded\" src=\"https:\/\/static.euronews.com\/articles\/stories\/06\/29\/88\/80\/808x573_cmsv2_f776d63d-8a54-508a-8644-6320bb28bad5-6298880.jpg\" srcset=\"https:\/\/static.euronews.com\/articles\/stories\/06\/29\/88\/80\/202x143_cmsv2_f776d63d-8a54-508a-8644-6320bb28bad5-6298880.jpg 202w, https:\/\/static.euronews.com\/articles\/stories\/06\/29\/88\/80\/266x189_cmsv2_f776d63d-8a54-508a-8644-6320bb28bad5-6298880.jpg 266w, https:\/\/static.euronews.com\/articles\/stories\/06\/29\/88\/80\/404x287_cmsv2_f776d63d-8a54-508a-8644-6320bb28bad5-6298880.jpg 404w, https:\/\/static.euronews.com\/articles\/stories\/06\/29\/88\/80\/534x379_cmsv2_f776d63d-8a54-508a-8644-6320bb28bad5-6298880.jpg 534w, https:\/\/static.euronews.com\/articles\/stories\/06\/29\/88\/80\/606x430_cmsv2_f776d63d-8a54-508a-8644-6320bb28bad5-6298880.jpg 606w, https:\/\/static.euronews.com\/articles\/stories\/06\/29\/88\/80\/808x573_cmsv2_f776d63d-8a54-508a-8644-6320bb28bad5-6298880.jpg 808w\" alt=\"The Associated Press\" \/><\/em><figcaption class=\"widget__caption\"><em><span class=\"widget__captionWrap\"><span class=\"widget__captionText\">Kanarya adalar\u0131<\/span><span class=\"widget__captionCredit\">The Associated Press<\/span><\/span><\/em><\/figcaption><\/figure>\n<\/div>\n<\/div>\n<\/div>\n<\/div>\n<h3>Merkez Bankas\u0131 faizleri d\u00fc\u015f\u00fcrmeye ba\u015flad\u0131<\/h3>\n<p>T\u00fcrkiye Cumhuriyet Merkez Bankas\u0131 y\u00fczde 19 olan faizleri eyl\u00fcl ay\u0131ndan itibaren kademeli olarak d\u00fc\u015f\u00fcrmeye\u00a0<a href=\"https:\/\/tr.euronews.com\/2021\/09\/23\/merkez-bankas-faiz-oran-n-100-baz-puan-indirerek-yuzde-18-e-dusurdu\">ba\u015flad\u0131<\/a>\u00a0ve y\u0131l\u0131 y\u00fczde 14 ile tamamlad\u0131. Merkez Bankas\u0131&#8217;n\u0131n kararlar\u0131 T\u00fcrk Liras\u0131&#8217;ndaki de\u011fer kayb\u0131n\u0131 da tetikledi. D\u00f6viz kurlar\u0131 rekor seviyelere \u00e7\u0131kmaya ba\u015flad\u0131.<\/p>\n<h3>Almanya&#8217;da se\u00e7imleri Sosyal Demokratlar kazand\u0131<\/h3>\n<p>Almanya&#8217;da 20. d\u00f6nem Federal Meclisi&#8217;ni (Bundestag) belirlemek i\u00e7in yap\u0131lan genel se\u00e7imlerde Sosyal Demokratlar oylar\u0131n y\u00fczde 25,9&#8217;unu, Hristiyan Demokratlar Birli\u011fi y\u00fczde 24,1&#8217;ini\u00a0<a href=\"https:\/\/tr.euronews.com\/2021\/09\/27\/almanya-secimlerinde-parlamentoya-girmeyi-basaran-turkiye-kokenli-adaylar-kimler\">ald\u0131<\/a>.<\/p>\n<p>B\u00f6ylece Almanya tarihinde ilk defa birinci gelen parti y\u00fczde 31&#8217;den daha d\u00fc\u015f\u00fck oy alm\u0131\u015f oldu.<\/p>\n<p>Ge\u00e7en se\u00e7imde 14 olan T\u00fcrkiye k\u00f6kenli milletvekili say\u0131s\u0131 bu se\u00e7imde 18&#8217;e\u00a0<a href=\"https:\/\/tr.euronews.com\/2021\/09\/27\/almanya-secimlerinde-parlamentoya-girmeyi-basaran-turkiye-kokenli-adaylar-kimler\">y\u00fckseldi<\/a>.<\/p>\n<h2>Ekim<\/h2>\n<h3>\u00c7in&#8217;in hipersonik f\u00fcze denedi\u011fi iddia edildi, Pekin yalanlad\u0131<\/h3>\n<p>\u00c7in, n\u00fckleer kapasiteli hipersonik f\u00fcze denemesinde bulundu\u011fu yolundaki haberi yalanlarken, bunun uzay arac\u0131 denemesi oldu\u011funu\u00a0<a href=\"http:\/\/xn--in%2C%20nkleer%20kapasiteli%20hipersonik%20fze%20denemesinde%20bulunduu%20yolundaki%20haberi%20yalanlarken%2C%20bunun%20uzay%20arac%20denemesi%20olduunu%20duyurdu-yyn87x9a224cjc99n.xn--%20%20in%20dileri%20bakanl%2C%20the%20financial%20times%20gazetesinin%2C%20cumartesi%20gn%20konuyla%20ilgili%205%20farkl%20kaynaa%20dayandrarak%20verdii%20haberi%20yalanlad-kto09xba902d8cxa291aoab0hta9a996eba.xn--%20%20dileri%20bakanl%20szcs%20zhao%20lijian%2C%20bu%20bir%20fze%20deil%20uzay%20aracyd-ori05cb8a300arb28ioab3ec875bba13950f.xn--%20dedi-336c.\/\">duyurdu<\/a>.<\/p>\n<p>\u00c7in D\u0131\u015fi\u015fleri Bakanl\u0131\u011f\u0131, the Financial Times gazetesinin haberini yalanlad\u0131.<\/p>\n<p>D\u0131\u015fi\u015fleri Bakanl\u0131\u011f\u0131 S\u00f6zc\u00fcs\u00fc Zhao Lijian, \u201cBu bir f\u00fcze de\u011fil uzay arac\u0131yd\u0131.\u201d dedi.<\/p>\n<h3>K\u00f6rfez \u00fclkeleri ve L\u00fcbnan aras\u0131nda diplmatik kriz<\/h3>\n<p>Suudi Arabistan, L\u00fcbnanl\u0131 bir bakan\u0131n Yemen sava\u015f\u0131na ili\u015fkin ele\u015ftirel a\u00e7\u0131klamalar\u0131na sert tepki g\u00f6sterdi.<\/p>\n<p>L\u00fcbnan&#8217;\u0131n Riyad B\u00fcy\u00fckel\u00e7isi&#8217;nden \u00fclkeyi 48 saat i\u00e7inde terketmesini isteyen Suudi Arabistan, \u00fclkesinin Beyrut B\u00fcy\u00fckel\u00e7isi&#8217;ni de isti\u015farelerde bulunmak \u00fczere geri \u00e7a\u011f\u0131rd\u0131. Suudi Arabistan ayr\u0131ca L\u00fcbnan&#8217;dan yap\u0131lan ithalata da t\u00fcmden yasak\u00a0<a href=\"https:\/\/tr.euronews.com\/2021\/10\/29\/suudi-arabistan-lubnan-n-riyad-buyukelcisi-ni-s-n-r-d-s-etme-karar-ald\">getirdi<\/a>.<\/p>\n<p>Kriz Fransa Cumhurba\u015fkan\u0131 Emmanuel Macron&#8217;un arabuluculu\u011fu ile\u00a0<a href=\"https:\/\/tr.euronews.com\/2021\/12\/04\/macron-suudi-arabistan-ve-lubnan-aras-ndaki-diplomatik-krizde-arabuluculuk-ustlendi\">\u00e7\u00f6z\u00fcld\u00fc<\/a>.<\/p>\n<h3>T\u00fcrkiye &#8220;Gri Liste&#8221;ye al\u0131nd\u0131<\/h3>\n<p>Fransa&#8217;n\u0131n ba\u015fkenti Paris&#8217;te \u00fc\u00e7 g\u00fcnl\u00fck toplant\u0131lar\u0131n\u0131n ard\u0131ndan bir a\u00e7\u0131klamada bulunan Uluslararas\u0131 Mali Eylem G\u00f6rev G\u00fcc\u00fc, T\u00fcrkiye&#8217;yi &#8216;kara para aklama&#8217; ve &#8216;ter\u00f6rizmin finansman\u0131&#8217; ile m\u00fccadele konusunda &#8216;yeterince \u00e7aba g\u00f6stermeyen&#8217; \u00fclkelerin bulundu\u011fu &#8216;gri liste&#8217;ye ald\u0131klar\u0131n\u0131\u00a0<a href=\"https:\/\/tr.euronews.com\/2021\/10\/21\/turkiye-kara-para-aklama-ve-terorizmin-finansman-ile-mucadele-konusunda-gri-liste-ye-al-nd\">duyurdu<\/a>.<\/p>\n<p>Hazine ve Maliye Bakanl\u0131\u011f\u0131 karara tepki g\u00f6stererek, &#8220;Yap\u0131lan uyumluluk \u00e7al\u0131\u015fmalar\u0131na ra\u011fmen \u00fclkemizin gri listeye al\u0131nmas\u0131 hak edilmeyen bir sonu\u00e7 ortaya \u00e7\u0131karm\u0131\u015ft\u0131r&#8221; ifadelerini\u00a0<a href=\"https:\/\/tr.euronews.com\/2021\/10\/21\/maliye-bakanl-g-ndan-gri-liste-ac-klamas-hak-edilmeyen-bir-sonuc-ortaya-c-karm-st-r\">kulland\u0131<\/a>.<\/p>\n<h3>B\u00fcy\u00fckel\u00e7ilerle Osman Kavala krizi<\/h3>\n<p>10 \u00fclkenin Ankara b\u00fcy\u00fckel\u00e7ilikleri taraf\u0131ndan yap\u0131lan a\u00e7\u0131klamada, &#8220;Osman Kavala\u2019n\u0131n tutuklanmas\u0131n\u0131n \u00fczerinden d\u00f6rt y\u0131l ge\u00e7ti. Davan\u0131n, farkl\u0131 dosyalar\u0131n birle\u015ftirilmesi ve beraat karar\u0131ndan sonra yeni davalar\u0131n yarat\u0131lmas\u0131 yoluyla s\u00fcrekli geciktirilmesi, T\u00fcrk yarg\u0131 sisteminde demokrasiye sayg\u0131y\u0131, hukuk devleti ve \u015feffafl\u0131k ilkelerini g\u00f6lgelemektedir&#8221; ifadeleri kullan\u0131ld\u0131.<\/p>\n<p>Cumhurba\u015fkan\u0131 Erdo\u011fan bu b\u00fcy\u00fckel\u00e7ilerin &#8216;istenmeyen ki\u015fi&#8217; ilan edilmeleri i\u00e7in D\u0131\u015fi\u015fleri Bakan\u0131na talimat verdi\u011fini\u00a0<a href=\"https:\/\/tr.euronews.com\/2021\/10\/23\/erdogan-kavala-ac-klamas-yapan-buyukelcilerin-istenmeyen-kisi-ilan-edilmesi-talimat-n-verd\">s\u00f6yledi<\/a>.<\/p>\n<h2>Kas\u0131m<\/h2>\n<h3>Polonya Belarus s\u0131n\u0131r\u0131nda m\u00fclteci krizi<\/h3>\n<p>Avrupa\u2019da de\u011fi\u015fik \u00fclkelerde ya\u015famak i\u00e7in \u00e7ok say\u0131da d\u00fczensiz g\u00f6\u00e7menin Belarus \u00fczerinden Avrupa Birli\u011fi (AB) s\u0131n\u0131r\u0131na ge\u00e7mek istemesi Belarus ile Polonya s\u0131n\u0131r\u0131nda tansiyonu\u00a0<a href=\"https:\/\/tr.euronews.com\/2021\/11\/08\/cogunlugu-irak-kokenli-gocmenler-nedeniyle-polonya-ile-belarus-aras-nda-gerginlik\">y\u00fckseltti<\/a>.<\/p>\n<p>Belarus\u2019ta yaz aylar\u0131ndan bu yana AB\u2019ye s\u00fcren d\u00fczensiz g\u00f6\u00e7 hareketlerinden en b\u00fcy\u00fc\u011f\u00fc kas\u0131m ay\u0131nda Polonya\u2019ya s\u0131n\u0131r\u0131 olan Grodno \u015fehrinde ger\u00e7ekle\u015fti.<\/p>\n<h3>COP26: K\u00f6m\u00fcr kullan\u0131m\u0131n\u0131 b\u0131rakma, orman kayb\u0131n\u0131 durdurma s\u00f6z\u00fc<\/h3>\n<p>Cumhurba\u015fkan\u0131 Recep Tayyip Erdo\u011fan &#8216;g\u00fcvenlik eksikli\u011fi&#8217; nedeniyle kat\u0131lmad\u0131\u011f\u0131 \u0130sko\u00e7ya&#8217;n\u0131n Glasgow kentinde yap\u0131lan 26. Birle\u015fmi\u015f Milletler (BM) \u0130klim De\u011fi\u015fikli\u011fi Konferans\u0131&#8217;nda (COP26) 100&#8217;den fazla lider orman kayb\u0131n\u0131n durdurulmas\u0131 i\u00e7in \u00f6nemli bir ad\u0131m\u00a0<a href=\"https:\/\/tr.euronews.com\/2021\/11\/02\/cop26-100-den-fazla-lider-2030-a-kadar-orman-kayb-n-durdurmay-taahhut-etti\">att\u0131<\/a>.<\/p>\n<p>Ayr\u0131ca 40&#8217;tan fazla \u00fclke ve 150&#8217;yi a\u015fk\u0131n kurulu\u015f 2030&#8217;dan itibaren a\u015famal\u0131 olarak enerji santrallerinde k\u00f6m\u00fcr kullan\u0131m\u0131n\u0131 ve bu alana finansal destek vermeyi b\u0131rakaca\u011f\u0131n\u0131\u00a0<a href=\"https:\/\/tr.euronews.com\/green\/2021\/11\/05\/cop26-da-dev-ad-m-40-tan-fazla-ulke-150-yi-ask-n-kurum-komur-kullan-m-n-durduracak\">a\u00e7\u0131klad\u0131<\/a>.<\/p>\n<h3>Omicron varyant\u0131 tespit edildi<\/h3>\n<p>G\u00fcney Afrika&#8217;da bilim insanlar\u0131 mutasyona u\u011fram\u0131\u015f yeni bir Covid-19 varyant\u0131 tespit ettiklerini\u00a0<a href=\"https:\/\/tr.euronews.com\/2021\/11\/25\/guney-afrika-da-yeni-koronavirus-varyant-tespit-edildi\">a\u00e7\u0131klad\u0131<\/a>.<\/p>\n<p>Virolog Tulio de Oliveira, d\u00fczenledi\u011fi bas\u0131n toplant\u0131s\u0131nda &#8220;Maalesef, \u015fu an G\u00fcney Afrika&#8217;da endi\u015felere sebep olan yeni bir varyant tespit ettik.&#8221; dedi. Oliveira, B.1.1.529 koduyla numaraland\u0131r\u0131lan varyant\u0131n &#8220;\u00e7ok say\u0131da farkl\u0131 mutasyon bar\u0131nd\u0131rd\u0131\u011f\u0131n\u0131&#8221; s\u00f6yledi. Daha sonras\u0131nda yap\u0131lan \u00e7al\u0131\u015fmalar Omicron varyant\u0131n\u0131n bula\u015f\u0131c\u0131l\u0131\u011f\u0131n\u0131n \u00e7ok y\u00fcksek olmas\u0131na ra\u011fmen sebep oldu\u011fu hastal\u0131\u011f\u0131n\u0131n \u015fiddetinin d\u00fc\u015f\u00fck oldu\u011funu\u00a0<a href=\"https:\/\/tr.euronews.com\/2021\/06\/30\/alfa-beta-delta-gamma-koronavirus-varyantlar-neler-hangi-varyant-ne-kadar-etkili\">g\u00f6sterdi<\/a>.<\/p>\n<h3>A\u0130HM&#8217;den 427 yarg\u0131 mensubu i\u00e7in hak ihlali karar\u0131<\/h3>\n<p>Avrupa \u0130nsan Haklar\u0131 Mahkemesi (A\u0130HM) 15 Temmuz darbe giri\u015fimi sonras\u0131 Kanun H\u00fckm\u00fcnde Kararname (KHK) ile g\u00f6revlerinden al\u0131nan ve &#8216;ter\u00f6r \u00f6rg\u00fct\u00fc \u00fcyesi&#8217; olduklar\u0131 gerek\u00e7esiyle tutuklanan hakim ve savc\u0131lar\u0131n &#8216;\u00f6zg\u00fcrl\u00fck&#8217; ve &#8216;g\u00fcvenlik&#8217; haklar\u0131n\u0131n ihlal edildi\u011fine\u00a0<a href=\"https:\/\/tr.euronews.com\/2021\/11\/23\/aihm-darbe-girisimi-sonras-gozalt-na-al-nan-427-yarg-mensubu-icin-turkiye-ye-tazminat-ceza\">h\u00fckmetti<\/a>.<\/p>\n<p>A\u0130HM, darbe giri\u015fimi sonras\u0131 yap\u0131lan tutuklamalar\u0131n Avrupa \u0130nsan Haklar\u0131 S\u00f6zle\u015fmesi\u2019ne ayk\u0131r\u0131 oldu\u011funa karar verdi.<\/p>\n<h2>Aral\u0131k<\/h2>\n<h3>D\u00fcnyada hapisteki gazeteci say\u0131s\u0131 yine rekor k\u0131rd\u0131<\/h3>\n<p>Merkezi New York&#8217;ta bulunan Gazetecileri Koruma Komitesi (CPJ) yay\u0131nlad\u0131\u011f\u0131 y\u0131ll\u0131k raporunda, 2021&#8217;de mesleki faaliyetleri y\u00fcz\u00fcnden hapiste bulunan gazeteci say\u0131s\u0131n\u0131n rekor k\u0131rarak 293&#8217;e ula\u015ft\u0131\u011f\u0131n\u0131\u00a0<a href=\"https:\/\/tr.euronews.com\/2021\/12\/09\/dunyada-hapisteki-gazeteci-say-s-yine-rekor-k-rd-rapor\">a\u00e7\u0131klad\u0131<\/a>.<\/p>\n<p>CPJ&#8217;nin ge\u00e7en seneki raporunda ikinci s\u0131rada bulunan T\u00fcrkiye&#8217;nin ise alt\u0131nc\u0131 s\u0131raya geriledi\u011fi belirtildi.<\/p>\n<h3>ABD, \u0130ngiltere ve Avustralya&#8217;n\u0131n ard\u0131ndan Kanada&#8217;dan da Pekin&#8217;e boykot karar\u0131<\/h3>\n<p>ABD, \u0130ngiltere ve Avustralya&#8217;n\u0131n ard\u0131ndan Kanada da Pekin&#8217;deki K\u0131\u015f Olimpiyatlar\u0131&#8217;na diplomatik boykot uygulanaca\u011f\u0131n\u0131 duyurdu.<\/p>\n<p>\u00c7in&#8217;de ba\u015fta Uygur T\u00fcrkleri olmak \u00fczere etnik ve dini az\u0131nl\u0131klara y\u00f6nelik uygulanan politikalar, uluslararas\u0131 camian\u0131n tepkisine neden oluyor. \u00dclkede ya\u015fanan insan haklar\u0131 nedeniyle \u00c7in&#8217;e yapt\u0131r\u0131mlar uygulan\u0131rken Pekin&#8217;de K\u0131\u015f Olimpiyatlar\u0131&#8217;na diplomatik boykot kararlar\u0131\u00a0<a href=\"https:\/\/tr.euronews.com\/2021\/12\/08\/abd-ingiltere-ve-avustralya-n-n-ard-ndan-kanada-dan-da-pekin-e-boykot-karar\">al\u0131n\u0131yor<\/a>.<\/p>\n<div class=\"widget widget--type-image widget--size-fullwidth widget--align-center\" data-ratio=\"0.6669921875\" data-peekaboo=\"widget--animation-fade-in\">\n<div class=\"widget__wrapper\">\n<div class=\"widget__ratio widget__ratio--auto\">\n<div class=\"widget__contents\">\n<figure class=\"widget__figure\"><img decoding=\"async\" class=\"widgetImage__image lazyload lazyloaded\" src=\"https:\/\/static.euronews.com\/articles\/stories\/06\/28\/74\/04\/808x539_cmsv2_2e885d30-d640-5bc7-b48c-be22ed8a789d-6287404.jpg\" srcset=\"https:\/\/static.euronews.com\/articles\/stories\/06\/28\/74\/04\/202x135_cmsv2_2e885d30-d640-5bc7-b48c-be22ed8a789d-6287404.jpg 202w, https:\/\/static.euronews.com\/articles\/stories\/06\/28\/74\/04\/266x177_cmsv2_2e885d30-d640-5bc7-b48c-be22ed8a789d-6287404.jpg 266w, https:\/\/static.euronews.com\/articles\/stories\/06\/28\/74\/04\/404x269_cmsv2_2e885d30-d640-5bc7-b48c-be22ed8a789d-6287404.jpg 404w, https:\/\/static.euronews.com\/articles\/stories\/06\/28\/74\/04\/534x356_cmsv2_2e885d30-d640-5bc7-b48c-be22ed8a789d-6287404.jpg 534w, https:\/\/static.euronews.com\/articles\/stories\/06\/28\/74\/04\/606x404_cmsv2_2e885d30-d640-5bc7-b48c-be22ed8a789d-6287404.jpg 606w, https:\/\/static.euronews.com\/articles\/stories\/06\/28\/74\/04\/808x539_cmsv2_2e885d30-d640-5bc7-b48c-be22ed8a789d-6287404.jpg 808w\" alt=\"Markus Schreiber\/Copyright 2021 The Associated Press. All rights reserved\" \/><figcaption class=\"widget__caption\"><em><span class=\"widget__captionWrap\"><span class=\"widget__captionText\">Almanya Ba\u015fbakan\u0131 Olaf Scholz (sa\u011fda) ve Angela Merkel<\/span><span class=\"widget__captionCredit\">Markus Schreiber\/Copyright 2021 The Associated Press. All rights reserved<\/span><\/span><\/em><\/figcaption><\/figure>\n<\/div>\n<\/div>\n<\/div>\n<\/div>\n<h3>Almanya&#8217;da Merkel d\u00f6nemi kapand\u0131: Ba\u015fbakan Scholz g\u00f6revi devrald\u0131<\/h3>\n<p>Almanya Federal Meclisi&#8217;ndeki oylamada Sosyal Demokrat Parti Milletvekili ve Maliye Bakan\u0131 Olaf Scholz, ilk turda ba\u015fbakan se\u00e7ildi. Ba\u015fbakan Scholz, yemin t\u00f6reninin ard\u0131ndan Angela Merkel&#8217;den g\u00f6revi devrald\u0131.<\/p>\n<p>Federal Meclis Ba\u015fkan\u0131 Baerbel Bas ba\u015fkanl\u0131\u011f\u0131nda toplanan Federal Meclis\u2019te yap\u0131lan gizli oylamada, Scholz, ilk turda oylamaya kat\u0131lan 707 milletvekilinden 395&#8217;inin oyunu\u00a0<a href=\"https:\/\/tr.euronews.com\/2021\/12\/08\/almanya-federal-meclis-sosyal-demokrat-olaf-scholz-u-ilk-tur-oylamada-basbakan-secti\">ald\u0131<\/a>.<\/p>\n<p>2005\u2019te ba\u015fbakan se\u00e7ilen Merkel, Almanya tarihinde 16 y\u0131l 16 g\u00fcn ile Helmut Kohl\u2019dan sonra en uzun s\u00fcre Ba\u015fbakanl\u0131k yapan ikinci ki\u015fi oldu.<\/p>\n<p><em><strong>https:\/\/tr.euronews.com\/2021\/12\/23\/2021-y-l-nda-turkiye-ve-dunya-gundemine-damga-vuran-olaylar<\/strong><\/em><\/p>\n","protected":false},"excerpt":{"rendered":"<p>2021 y\u0131l\u0131nda T\u00fcrkiye ve d\u00fcnya g\u00fcndemine damga vuran \u00e7ok say\u0131da olay ya\u015fand\u0131. Ge\u00e7en y\u0131l\u0131n ku\u015fkusuz en \u00f6nemli geli\u015fmesi olan Covid-19 salg\u0131n\u0131n etkileri 2021&#8217;de de devam etti. Rekor s\u00fcrede geli\u015ftirilen a\u015f\u0131lar d\u00fczelme ad\u0131na umutlar\u0131 art\u0131rsa da ortaya \u00e7\u0131kan varyantlar salg\u0131n\u0131n bir s\u00fcre daha devam edece\u011fini g\u00f6sterdi. \u0130klim de\u011fi\u015fikli\u011fi de art\u0131k daha fazla g\u00fcndem olurken meydana gelen [&hellip;]<\/p>\n","protected":false},"author":7,"featured_media":66384,"comment_status":"open","ping_status":"open","sticky":false,"template":"","format":"standard","meta":{"footnotes":""},"categories":[1],"tags":[],"class_list":["post-66383","post","type-post","status-publish","format-standard","has-post-thumbnail","hentry","category-haberler"],"yoast_head":"<!-- This site is optimized with the Yoast SEO plugin v27.4 - https:\/\/yoast.com\/product\/yoast-seo-wordpress\/ -->\n<title>2021 y\u0131l\u0131nda T\u00fcrkiye ve d\u00fcnya g\u00fcndemine damga vuran olaylar - Bati Ermenistan Ve Bati Ermenileri Sorunlari Ara\u015ftirmalar Merkezi<\/title>\n<meta name=\"robots\" content=\"index, follow, max-snippet:-1, max-image-preview:large, max-video-preview:-1\" \/>\n<link rel=\"canonical\" href=\"https:\/\/akunq.net\/tr\/?p=66383\" \/>\n<meta property=\"og:locale\" content=\"en_US\" \/>\n<meta property=\"og:type\" content=\"article\" \/>\n<meta property=\"og:title\" content=\"2021 y\u0131l\u0131nda T\u00fcrkiye ve d\u00fcnya g\u00fcndemine damga vuran olaylar - Bati Ermenistan Ve Bati Ermenileri Sorunlari Ara\u015ftirmalar Merkezi\" \/>\n<meta property=\"og:description\" content=\"2021 y\u0131l\u0131nda T\u00fcrkiye ve d\u00fcnya g\u00fcndemine damga vuran \u00e7ok say\u0131da olay ya\u015fand\u0131. Ge\u00e7en y\u0131l\u0131n ku\u015fkusuz en \u00f6nemli geli\u015fmesi olan Covid-19 salg\u0131n\u0131n etkileri 2021&#8217;de de devam etti. Rekor s\u00fcrede geli\u015ftirilen a\u015f\u0131lar d\u00fczelme ad\u0131na umutlar\u0131 art\u0131rsa da ortaya \u00e7\u0131kan varyantlar salg\u0131n\u0131n bir s\u00fcre daha devam edece\u011fini g\u00f6sterdi. \u0130klim de\u011fi\u015fikli\u011fi de art\u0131k daha fazla g\u00fcndem olurken meydana gelen [&hellip;]\" \/>\n<meta property=\"og:url\" content=\"https:\/\/akunq.net\/tr\/?p=66383\" \/>\n<meta property=\"og:site_name\" content=\"Bati Ermenistan Ve Bati Ermenileri Sorunlari Ara\u015ftirmalar Merkezi\" \/>\n<meta property=\"article:published_time\" content=\"2021-12-23T06:44:12+00:00\" \/>\n<meta property=\"og:image\" content=\"https:\/\/akunq.net\/tr\/wp-content\/uploads\/sites\/6\/2021\/12\/2021-y\u0131l\u0131.jpg\" \/>\n\t<meta property=\"og:image:width\" content=\"773\" \/>\n\t<meta property=\"og:image:height\" content=\"435\" \/>\n\t<meta property=\"og:image:type\" content=\"image\/jpeg\" \/>\n<meta name=\"author\" content=\"admin\" \/>\n<meta name=\"twitter:card\" content=\"summary_large_image\" \/>\n<meta name=\"twitter:label1\" content=\"Written by\" \/>\n\t<meta name=\"twitter:data1\" content=\"admin\" \/>\n\t<meta name=\"twitter:label2\" content=\"Est. reading time\" \/>\n\t<meta name=\"twitter:data2\" content=\"22 minutes\" \/>\n<script type=\"application\/ld+json\" class=\"yoast-schema-graph\">{\"@context\":\"https:\\\/\\\/schema.org\",\"@graph\":[{\"@type\":\"Article\",\"@id\":\"https:\\\/\\\/akunq.net\\\/tr\\\/?p=66383#article\",\"isPartOf\":{\"@id\":\"https:\\\/\\\/akunq.net\\\/tr\\\/?p=66383\"},\"author\":{\"name\":\"admin\",\"@id\":\"https:\\\/\\\/akunq.net\\\/tr\\\/#\\\/schema\\\/person\\\/096f1d38a12cce57fb855b485ed24c9e\"},\"headline\":\"2021 y\u0131l\u0131nda T\u00fcrkiye ve d\u00fcnya g\u00fcndemine damga vuran olaylar\",\"datePublished\":\"2021-12-23T06:44:12+00:00\",\"mainEntityOfPage\":{\"@id\":\"https:\\\/\\\/akunq.net\\\/tr\\\/?p=66383\"},\"wordCount\":4476,\"commentCount\":0,\"image\":{\"@id\":\"https:\\\/\\\/akunq.net\\\/tr\\\/?p=66383#primaryimage\"},\"thumbnailUrl\":\"https:\\\/\\\/akunq.net\\\/tr\\\/wp-content\\\/uploads\\\/sites\\\/6\\\/2021\\\/12\\\/2021-y\u0131l\u0131.jpg\",\"articleSection\":[\"Haberler\"],\"inLanguage\":\"en-US\",\"potentialAction\":[{\"@type\":\"CommentAction\",\"name\":\"Comment\",\"target\":[\"https:\\\/\\\/akunq.net\\\/tr\\\/?p=66383#respond\"]}]},{\"@type\":\"WebPage\",\"@id\":\"https:\\\/\\\/akunq.net\\\/tr\\\/?p=66383\",\"url\":\"https:\\\/\\\/akunq.net\\\/tr\\\/?p=66383\",\"name\":\"2021 y\u0131l\u0131nda T\u00fcrkiye ve d\u00fcnya g\u00fcndemine damga vuran olaylar - Bati Ermenistan Ve Bati Ermenileri Sorunlari Ara\u015ftirmalar Merkezi\",\"isPartOf\":{\"@id\":\"https:\\\/\\\/akunq.net\\\/tr\\\/#website\"},\"primaryImageOfPage\":{\"@id\":\"https:\\\/\\\/akunq.net\\\/tr\\\/?p=66383#primaryimage\"},\"image\":{\"@id\":\"https:\\\/\\\/akunq.net\\\/tr\\\/?p=66383#primaryimage\"},\"thumbnailUrl\":\"https:\\\/\\\/akunq.net\\\/tr\\\/wp-content\\\/uploads\\\/sites\\\/6\\\/2021\\\/12\\\/2021-y\u0131l\u0131.jpg\",\"datePublished\":\"2021-12-23T06:44:12+00:00\",\"author\":{\"@id\":\"https:\\\/\\\/akunq.net\\\/tr\\\/#\\\/schema\\\/person\\\/096f1d38a12cce57fb855b485ed24c9e\"},\"breadcrumb\":{\"@id\":\"https:\\\/\\\/akunq.net\\\/tr\\\/?p=66383#breadcrumb\"},\"inLanguage\":\"en-US\",\"potentialAction\":[{\"@type\":\"ReadAction\",\"target\":[\"https:\\\/\\\/akunq.net\\\/tr\\\/?p=66383\"]}]},{\"@type\":\"ImageObject\",\"inLanguage\":\"en-US\",\"@id\":\"https:\\\/\\\/akunq.net\\\/tr\\\/?p=66383#primaryimage\",\"url\":\"https:\\\/\\\/akunq.net\\\/tr\\\/wp-content\\\/uploads\\\/sites\\\/6\\\/2021\\\/12\\\/2021-y\u0131l\u0131.jpg\",\"contentUrl\":\"https:\\\/\\\/akunq.net\\\/tr\\\/wp-content\\\/uploads\\\/sites\\\/6\\\/2021\\\/12\\\/2021-y\u0131l\u0131.jpg\",\"width\":773,\"height\":435},{\"@type\":\"BreadcrumbList\",\"@id\":\"https:\\\/\\\/akunq.net\\\/tr\\\/?p=66383#breadcrumb\",\"itemListElement\":[{\"@type\":\"ListItem\",\"position\":1,\"name\":\"Home\",\"item\":\"https:\\\/\\\/akunq.net\\\/tr\"},{\"@type\":\"ListItem\",\"position\":2,\"name\":\"2021 y\u0131l\u0131nda T\u00fcrkiye ve d\u00fcnya g\u00fcndemine damga vuran olaylar\"}]},{\"@type\":\"WebSite\",\"@id\":\"https:\\\/\\\/akunq.net\\\/tr\\\/#website\",\"url\":\"https:\\\/\\\/akunq.net\\\/tr\\\/\",\"name\":\"Bati Ermenistan Ve Bati Ermenileri Sorunlari Ara\u015ftirmalar Merkezi\",\"description\":\"\",\"potentialAction\":[{\"@type\":\"SearchAction\",\"target\":{\"@type\":\"EntryPoint\",\"urlTemplate\":\"https:\\\/\\\/akunq.net\\\/tr\\\/?s={search_term_string}\"},\"query-input\":{\"@type\":\"PropertyValueSpecification\",\"valueRequired\":true,\"valueName\":\"search_term_string\"}}],\"inLanguage\":\"en-US\"},{\"@type\":\"Person\",\"@id\":\"https:\\\/\\\/akunq.net\\\/tr\\\/#\\\/schema\\\/person\\\/096f1d38a12cce57fb855b485ed24c9e\",\"name\":\"admin\",\"url\":\"https:\\\/\\\/akunq.net\\\/tr\\\/?author=7\"}]}<\/script>\n<!-- \/ Yoast SEO plugin. -->","yoast_head_json":{"title":"2021 y\u0131l\u0131nda T\u00fcrkiye ve d\u00fcnya g\u00fcndemine damga vuran olaylar - Bati Ermenistan Ve Bati Ermenileri Sorunlari Ara\u015ftirmalar Merkezi","robots":{"index":"index","follow":"follow","max-snippet":"max-snippet:-1","max-image-preview":"max-image-preview:large","max-video-preview":"max-video-preview:-1"},"canonical":"https:\/\/akunq.net\/tr\/?p=66383","og_locale":"en_US","og_type":"article","og_title":"2021 y\u0131l\u0131nda T\u00fcrkiye ve d\u00fcnya g\u00fcndemine damga vuran olaylar - Bati Ermenistan Ve Bati Ermenileri Sorunlari Ara\u015ftirmalar Merkezi","og_description":"2021 y\u0131l\u0131nda T\u00fcrkiye ve d\u00fcnya g\u00fcndemine damga vuran \u00e7ok say\u0131da olay ya\u015fand\u0131. Ge\u00e7en y\u0131l\u0131n ku\u015fkusuz en \u00f6nemli geli\u015fmesi olan Covid-19 salg\u0131n\u0131n etkileri 2021&#8217;de de devam etti. Rekor s\u00fcrede geli\u015ftirilen a\u015f\u0131lar d\u00fczelme ad\u0131na umutlar\u0131 art\u0131rsa da ortaya \u00e7\u0131kan varyantlar salg\u0131n\u0131n bir s\u00fcre daha devam edece\u011fini g\u00f6sterdi. \u0130klim de\u011fi\u015fikli\u011fi de art\u0131k daha fazla g\u00fcndem olurken meydana gelen [&hellip;]","og_url":"https:\/\/akunq.net\/tr\/?p=66383","og_site_name":"Bati Ermenistan Ve Bati Ermenileri Sorunlari Ara\u015ftirmalar Merkezi","article_published_time":"2021-12-23T06:44:12+00:00","og_image":[{"width":773,"height":435,"url":"https:\/\/akunq.net\/tr\/wp-content\/uploads\/sites\/6\/2021\/12\/2021-y\u0131l\u0131.jpg","type":"image\/jpeg"}],"author":"admin","twitter_card":"summary_large_image","twitter_misc":{"Written by":"admin","Est. reading time":"22 minutes"},"schema":{"@context":"https:\/\/schema.org","@graph":[{"@type":"Article","@id":"https:\/\/akunq.net\/tr\/?p=66383#article","isPartOf":{"@id":"https:\/\/akunq.net\/tr\/?p=66383"},"author":{"name":"admin","@id":"https:\/\/akunq.net\/tr\/#\/schema\/person\/096f1d38a12cce57fb855b485ed24c9e"},"headline":"2021 y\u0131l\u0131nda T\u00fcrkiye ve d\u00fcnya g\u00fcndemine damga vuran olaylar","datePublished":"2021-12-23T06:44:12+00:00","mainEntityOfPage":{"@id":"https:\/\/akunq.net\/tr\/?p=66383"},"wordCount":4476,"commentCount":0,"image":{"@id":"https:\/\/akunq.net\/tr\/?p=66383#primaryimage"},"thumbnailUrl":"https:\/\/akunq.net\/tr\/wp-content\/uploads\/sites\/6\/2021\/12\/2021-y\u0131l\u0131.jpg","articleSection":["Haberler"],"inLanguage":"en-US","potentialAction":[{"@type":"CommentAction","name":"Comment","target":["https:\/\/akunq.net\/tr\/?p=66383#respond"]}]},{"@type":"WebPage","@id":"https:\/\/akunq.net\/tr\/?p=66383","url":"https:\/\/akunq.net\/tr\/?p=66383","name":"2021 y\u0131l\u0131nda T\u00fcrkiye ve d\u00fcnya g\u00fcndemine damga vuran olaylar - Bati Ermenistan Ve Bati Ermenileri Sorunlari Ara\u015ftirmalar Merkezi","isPartOf":{"@id":"https:\/\/akunq.net\/tr\/#website"},"primaryImageOfPage":{"@id":"https:\/\/akunq.net\/tr\/?p=66383#primaryimage"},"image":{"@id":"https:\/\/akunq.net\/tr\/?p=66383#primaryimage"},"thumbnailUrl":"https:\/\/akunq.net\/tr\/wp-content\/uploads\/sites\/6\/2021\/12\/2021-y\u0131l\u0131.jpg","datePublished":"2021-12-23T06:44:12+00:00","author":{"@id":"https:\/\/akunq.net\/tr\/#\/schema\/person\/096f1d38a12cce57fb855b485ed24c9e"},"breadcrumb":{"@id":"https:\/\/akunq.net\/tr\/?p=66383#breadcrumb"},"inLanguage":"en-US","potentialAction":[{"@type":"ReadAction","target":["https:\/\/akunq.net\/tr\/?p=66383"]}]},{"@type":"ImageObject","inLanguage":"en-US","@id":"https:\/\/akunq.net\/tr\/?p=66383#primaryimage","url":"https:\/\/akunq.net\/tr\/wp-content\/uploads\/sites\/6\/2021\/12\/2021-y\u0131l\u0131.jpg","contentUrl":"https:\/\/akunq.net\/tr\/wp-content\/uploads\/sites\/6\/2021\/12\/2021-y\u0131l\u0131.jpg","width":773,"height":435},{"@type":"BreadcrumbList","@id":"https:\/\/akunq.net\/tr\/?p=66383#breadcrumb","itemListElement":[{"@type":"ListItem","position":1,"name":"Home","item":"https:\/\/akunq.net\/tr"},{"@type":"ListItem","position":2,"name":"2021 y\u0131l\u0131nda T\u00fcrkiye ve d\u00fcnya g\u00fcndemine damga vuran olaylar"}]},{"@type":"WebSite","@id":"https:\/\/akunq.net\/tr\/#website","url":"https:\/\/akunq.net\/tr\/","name":"Bati Ermenistan Ve Bati Ermenileri Sorunlari Ara\u015ftirmalar Merkezi","description":"","potentialAction":[{"@type":"SearchAction","target":{"@type":"EntryPoint","urlTemplate":"https:\/\/akunq.net\/tr\/?s={search_term_string}"},"query-input":{"@type":"PropertyValueSpecification","valueRequired":true,"valueName":"search_term_string"}}],"inLanguage":"en-US"},{"@type":"Person","@id":"https:\/\/akunq.net\/tr\/#\/schema\/person\/096f1d38a12cce57fb855b485ed24c9e","name":"admin","url":"https:\/\/akunq.net\/tr\/?author=7"}]}},"_links":{"self":[{"href":"https:\/\/akunq.net\/tr\/index.php?rest_route=\/wp\/v2\/posts\/66383","targetHints":{"allow":["GET"]}}],"collection":[{"href":"https:\/\/akunq.net\/tr\/index.php?rest_route=\/wp\/v2\/posts"}],"about":[{"href":"https:\/\/akunq.net\/tr\/index.php?rest_route=\/wp\/v2\/types\/post"}],"author":[{"embeddable":true,"href":"https:\/\/akunq.net\/tr\/index.php?rest_route=\/wp\/v2\/users\/7"}],"replies":[{"embeddable":true,"href":"https:\/\/akunq.net\/tr\/index.php?rest_route=%2Fwp%2Fv2%2Fcomments&post=66383"}],"version-history":[{"count":1,"href":"https:\/\/akunq.net\/tr\/index.php?rest_route=\/wp\/v2\/posts\/66383\/revisions"}],"predecessor-version":[{"id":66385,"href":"https:\/\/akunq.net\/tr\/index.php?rest_route=\/wp\/v2\/posts\/66383\/revisions\/66385"}],"wp:featuredmedia":[{"embeddable":true,"href":"https:\/\/akunq.net\/tr\/index.php?rest_route=\/wp\/v2\/media\/66384"}],"wp:attachment":[{"href":"https:\/\/akunq.net\/tr\/index.php?rest_route=%2Fwp%2Fv2%2Fmedia&parent=66383"}],"wp:term":[{"taxonomy":"category","embeddable":true,"href":"https:\/\/akunq.net\/tr\/index.php?rest_route=%2Fwp%2Fv2%2Fcategories&post=66383"},{"taxonomy":"post_tag","embeddable":true,"href":"https:\/\/akunq.net\/tr\/index.php?rest_route=%2Fwp%2Fv2%2Ftags&post=66383"}],"curies":[{"name":"wp","href":"https:\/\/api.w.org\/{rel}","templated":true}]}}