{"id":66377,"date":"2021-12-23T01:19:36","date_gmt":"2021-12-23T06:19:36","guid":{"rendered":"https:\/\/akunq.net\/tr\/?p=66377"},"modified":"2021-12-23T01:19:36","modified_gmt":"2021-12-23T06:19:36","slug":"enez-ayasofyasi-olarak-bilinen-tarihi-cami-56-yil-sonra-ibadete-aciliyor","status":"publish","type":"post","link":"https:\/\/akunq.net\/tr\/?p=66377","title":{"rendered":"\u2018Enez Ayasofyas\u0131\u2019 olarak bilinen tarihi cami 56 y\u0131l sonra ibadete a\u00e7\u0131l\u0131yor"},"content":{"rendered":"<div class=\"detay-bg\">\n<div class=\"detay-spot container \">\n<div class=\"detay-spot-category\">\n<p><img loading=\"lazy\" decoding=\"async\" class=\"aligncenter size-medium wp-image-66378\" src=\"https:\/\/akunq.net\/tr\/wp-content\/uploads\/2021\/12\/Enez-Ayasofyas\u0131-360x203.jpg\" alt=\"\" width=\"360\" height=\"203\" srcset=\"https:\/\/akunq.net\/tr\/wp-content\/uploads\/sites\/6\/2021\/12\/Enez-Ayasofyas\u0131-360x203.jpg 360w, https:\/\/akunq.net\/tr\/wp-content\/uploads\/sites\/6\/2021\/12\/Enez-Ayasofyas\u0131-768x432.jpg 768w, https:\/\/akunq.net\/tr\/wp-content\/uploads\/sites\/6\/2021\/12\/Enez-Ayasofyas\u0131-560x315.jpg 560w, https:\/\/akunq.net\/tr\/wp-content\/uploads\/sites\/6\/2021\/12\/Enez-Ayasofyas\u0131-260x146.jpg 260w, https:\/\/akunq.net\/tr\/wp-content\/uploads\/sites\/6\/2021\/12\/Enez-Ayasofyas\u0131-160x90.jpg 160w, https:\/\/akunq.net\/tr\/wp-content\/uploads\/sites\/6\/2021\/12\/Enez-Ayasofyas\u0131.jpg 864w\" sizes=\"auto, (max-width: 360px) 100vw, 360px\" \/><\/p>\n<p><em><strong><span style=\"letter-spacing: 0.05em;\">Fatih Sultan Mehmet&#8217;in 1456&#8217;da Cenevizlilere ait Enez&#8217;i fethetmesi sonras\u0131 12. y\u00fczy\u0131l yap\u0131s\u0131na mihrap, minber ve kesme ta\u015ftan minare yap\u0131larak camiye d\u00f6n\u00fc\u015ft\u00fcr\u00fcld\u00fc.<\/span><\/strong><\/em><\/p>\n<\/div>\n<\/div>\n<\/div>\n<div class=\"row detay container\">\n<div class=\"col-md-10\">\n<div class=\"detay-icerik\">\n<p>Osmanl\u0131 d\u00f6neminde birka\u00e7 kez onar\u0131mdan ge\u00e7irilen caminin bir k\u0131sm\u0131 1965&#8217;teki depremde y\u0131k\u0131ld\u0131. Bu s\u00fcre\u00e7te onar\u0131m\u0131 yap\u0131lmayan cami, bir m\u00fcddet sonra b\u00fcy\u00fck \u00f6l\u00e7\u00fcde zarar g\u00f6rd\u00fc bu nedenle ibadete kapat\u0131ld\u0131.<\/p>\n<h3>Restorasyonda neler yap\u0131ld\u0131?<\/h3>\n<p>Tarihi caminin restorasyonu amac\u0131yla Vak\u0131flar Genel M\u00fcd\u00fcrl\u00fc\u011f\u00fcnce 2015 y\u0131l\u0131nda ilk ad\u0131m at\u0131ld\u0131. Proje ve ihale a\u015famas\u0131 sonras\u0131 2016 y\u0131l\u0131nda ba\u015flanan tarihi caminin vakfiyesine uygun \u015fekilde restorasyonu Edirne Vak\u0131flar B\u00f6lge M\u00fcd\u00fcrl\u00fc\u011f\u00fc koordinasyonunda tamamland\u0131.<\/p>\n<p><img decoding=\"async\" src=\"https:\/\/www.aa.com.tr\/uploads\/userFiles\/caec1b32-8257-4f58-87b0-6657c62b92b3\/New%20folder%20(11)%2FENEZ2.jpg\" alt=\"\" \/><\/p>\n<p>Restorasyon \u00e7al\u0131\u015fmas\u0131nda \u00f6ncelikle \u00e7at\u0131 \u00f6rt\u00fcs\u00fc, orta ve kuzey duvarlar\u0131 y\u0131k\u0131k caminin etraf\u0131 temizlendi, daha sonra temeli enjeksiyon sistemiyle g\u00fc\u00e7lendirildi.<\/p>\n<p>Kale duvar\u0131na do\u011fru olan b\u00f6l\u00fcmlerde 27 santimetre kadar e\u011fikli\u011fi s\u00f6z konusu olan yap\u0131n\u0131n bu durumu temelden ba\u015flay\u0131p stati\u011fi ve ta\u015f\u0131y\u0131c\u0131 duvarlar\u0131 g\u00fc\u00e7lendirildi.Yap\u0131lan statik hesaplamalar sonucu \u00e7at\u0131 \u00f6rt\u00fcs\u00fcn\u00fcn bu e\u011fiklik \u00fczerine kurulabilece\u011fi hesapland\u0131, \u00e7at\u0131 da bu a\u015famada beden duvarlar\u0131n\u0131n \u00fczerine oturtuldu.<\/p>\n<p>Temel enjeksiyonlar\u0131ndan sonra sa\u011flam beden duvarlar\u0131ndan ba\u015flamak \u00fczere in\u015fa \u00e7al\u0131\u015fmalar\u0131na ba\u015fland\u0131. Caminin tavan\u0131 ve kubbesi tamamen kapat\u0131ld\u0131. Ayr\u0131ca caminin i\u00e7erisindeki \u0131s\u0131tma ve so\u011futma sistemleri kuruldu, zeminin mermer d\u00f6\u015femesi yap\u0131ld\u0131.Caminin harim k\u0131sm\u0131nda yerde bulunan ve numaraland\u0131r\u0131larak \u00e7\u0131kar\u0131lan \u00f6zg\u00fcn d\u00f6\u015feme ta\u015flar\u0131 da yerlerine d\u00f6\u015fendi. Geri kalan a\u00e7\u0131k yerlerde de yeni mermerler kullan\u0131larak d\u00f6\u015feme yap\u0131ld\u0131. Caminin \u00e7evresinde y\u0131llar i\u00e7erisinde olu\u015fan toprak kotu da temizlendi.<\/p>\n<p><img decoding=\"async\" src=\"https:\/\/www.aa.com.tr\/uploads\/userFiles\/caec1b32-8257-4f58-87b0-6657c62b92b3\/New%20folder%20(11)%2FENEZ3.jpg\" alt=\"\" \/><\/p>\n<p>Camideki \u00f6zg\u00fcn mermer d\u00f6\u015femenin alt\u0131ndan \u0131s\u0131tma sistemi de yap\u0131ld\u0131.<\/p>\n<h3>56 y\u0131l sonra ilk ibadet cuma g\u00fcn\u00fc ger\u00e7ekle\u015fecek<\/h3>\n<p>Edirne Vak\u0131flar B\u00f6lge M\u00fcd\u00fcr\u00fc Osman G\u00fcneren, AA muhabirine, 1965 y\u0131l\u0131ndan bu yana ibadet ve ziyarete kapal\u0131 caminin Diyanet \u0130\u015fleri Ba\u015fkan\u0131 Ali Erba\u015f, Edirne Valisi Ekrem Canalp, K\u00fclt\u00fcr ve Turizm Bakan Yard\u0131mc\u0131s\u0131 Ahmet Misbah Demircan, Vak\u0131flar Genel M\u00fcd\u00fcr\u00fc Burhan Ersoy ve davetlilerin kat\u0131l\u0131m\u0131yla a\u00e7\u0131laca\u011f\u0131n\u0131 s\u00f6yledi.<\/p>\n<p>G\u00fcneren, Enez Ayasofya Cami-i \u015eerifi&#8217;nin a\u00e7\u0131lmas\u0131yla ibadet ve ziyarete kapal\u0131 olan bir Ayasofya&#8217;n\u0131n daha cemaatiyle bulu\u015faca\u011f\u0131n\u0131 kaydetti.<\/p>\n<p><em><strong>https:\/\/www.aa.com.tr\/tr\/gundem\/enez-ayasofyasi-olarak-bilinen-tarihi-cami-56-yil-sonra-ibadete-aciliyor\/2454103\u00a0<\/strong><\/em><\/p>\n<\/div>\n<\/div>\n<\/div>\n","protected":false},"excerpt":{"rendered":"<p>Fatih Sultan Mehmet&#8217;in 1456&#8217;da Cenevizlilere ait Enez&#8217;i fethetmesi sonras\u0131 12. y\u00fczy\u0131l yap\u0131s\u0131na mihrap, minber ve kesme ta\u015ftan minare yap\u0131larak camiye d\u00f6n\u00fc\u015ft\u00fcr\u00fcld\u00fc. Osmanl\u0131 d\u00f6neminde birka\u00e7 kez onar\u0131mdan ge\u00e7irilen caminin bir k\u0131sm\u0131 1965&#8217;teki depremde y\u0131k\u0131ld\u0131. Bu s\u00fcre\u00e7te onar\u0131m\u0131 yap\u0131lmayan cami, bir m\u00fcddet sonra b\u00fcy\u00fck \u00f6l\u00e7\u00fcde zarar g\u00f6rd\u00fc bu nedenle ibadete kapat\u0131ld\u0131. Restorasyonda neler yap\u0131ld\u0131? Tarihi caminin restorasyonu [&hellip;]<\/p>\n","protected":false},"author":7,"featured_media":66378,"comment_status":"open","ping_status":"open","sticky":false,"template":"","format":"standard","meta":{"footnotes":""},"categories":[1],"tags":[],"class_list":["post-66377","post","type-post","status-publish","format-standard","has-post-thumbnail","hentry","category-haberler"],"yoast_head":"<!-- This site is optimized with the Yoast SEO plugin v27.4 - https:\/\/yoast.com\/product\/yoast-seo-wordpress\/ -->\n<title>\u2018Enez Ayasofyas\u0131\u2019 olarak bilinen tarihi cami 56 y\u0131l sonra ibadete a\u00e7\u0131l\u0131yor - Bati Ermenistan Ve Bati Ermenileri Sorunlari Ara\u015ftirmalar Merkezi<\/title>\n<meta name=\"robots\" content=\"index, follow, max-snippet:-1, max-image-preview:large, max-video-preview:-1\" \/>\n<link rel=\"canonical\" href=\"https:\/\/akunq.net\/tr\/?p=66377\" \/>\n<meta property=\"og:locale\" content=\"en_US\" \/>\n<meta property=\"og:type\" content=\"article\" \/>\n<meta property=\"og:title\" content=\"\u2018Enez Ayasofyas\u0131\u2019 olarak bilinen tarihi cami 56 y\u0131l sonra ibadete a\u00e7\u0131l\u0131yor - Bati Ermenistan Ve Bati Ermenileri Sorunlari Ara\u015ftirmalar Merkezi\" \/>\n<meta property=\"og:description\" content=\"Fatih Sultan Mehmet&#8217;in 1456&#8217;da Cenevizlilere ait Enez&#8217;i fethetmesi sonras\u0131 12. y\u00fczy\u0131l yap\u0131s\u0131na mihrap, minber ve kesme ta\u015ftan minare yap\u0131larak camiye d\u00f6n\u00fc\u015ft\u00fcr\u00fcld\u00fc. Osmanl\u0131 d\u00f6neminde birka\u00e7 kez onar\u0131mdan ge\u00e7irilen caminin bir k\u0131sm\u0131 1965&#8217;teki depremde y\u0131k\u0131ld\u0131. Bu s\u00fcre\u00e7te onar\u0131m\u0131 yap\u0131lmayan cami, bir m\u00fcddet sonra b\u00fcy\u00fck \u00f6l\u00e7\u00fcde zarar g\u00f6rd\u00fc bu nedenle ibadete kapat\u0131ld\u0131. Restorasyonda neler yap\u0131ld\u0131? Tarihi caminin restorasyonu [&hellip;]\" \/>\n<meta property=\"og:url\" content=\"https:\/\/akunq.net\/tr\/?p=66377\" \/>\n<meta property=\"og:site_name\" content=\"Bati Ermenistan Ve Bati Ermenileri Sorunlari Ara\u015ftirmalar Merkezi\" \/>\n<meta property=\"article:published_time\" content=\"2021-12-23T06:19:36+00:00\" \/>\n<meta property=\"og:image\" content=\"https:\/\/akunq.net\/tr\/wp-content\/uploads\/sites\/6\/2021\/12\/Enez-Ayasofyas\u0131.jpg\" \/>\n\t<meta property=\"og:image:width\" content=\"864\" \/>\n\t<meta property=\"og:image:height\" content=\"486\" \/>\n\t<meta property=\"og:image:type\" content=\"image\/jpeg\" \/>\n<meta name=\"author\" content=\"admin\" \/>\n<meta name=\"twitter:card\" content=\"summary_large_image\" \/>\n<meta name=\"twitter:label1\" content=\"Written by\" \/>\n\t<meta name=\"twitter:data1\" content=\"admin\" \/>\n\t<meta name=\"twitter:label2\" content=\"Est. reading time\" \/>\n\t<meta name=\"twitter:data2\" content=\"2 minutes\" \/>\n<script type=\"application\/ld+json\" class=\"yoast-schema-graph\">{\"@context\":\"https:\\\/\\\/schema.org\",\"@graph\":[{\"@type\":\"Article\",\"@id\":\"https:\\\/\\\/akunq.net\\\/tr\\\/?p=66377#article\",\"isPartOf\":{\"@id\":\"https:\\\/\\\/akunq.net\\\/tr\\\/?p=66377\"},\"author\":{\"name\":\"admin\",\"@id\":\"https:\\\/\\\/akunq.net\\\/tr\\\/#\\\/schema\\\/person\\\/096f1d38a12cce57fb855b485ed24c9e\"},\"headline\":\"\u2018Enez Ayasofyas\u0131\u2019 olarak bilinen tarihi cami 56 y\u0131l sonra ibadete a\u00e7\u0131l\u0131yor\",\"datePublished\":\"2021-12-23T06:19:36+00:00\",\"mainEntityOfPage\":{\"@id\":\"https:\\\/\\\/akunq.net\\\/tr\\\/?p=66377\"},\"wordCount\":441,\"commentCount\":0,\"image\":{\"@id\":\"https:\\\/\\\/akunq.net\\\/tr\\\/?p=66377#primaryimage\"},\"thumbnailUrl\":\"https:\\\/\\\/akunq.net\\\/tr\\\/wp-content\\\/uploads\\\/sites\\\/6\\\/2021\\\/12\\\/Enez-Ayasofyas\u0131.jpg\",\"articleSection\":[\"Haberler\"],\"inLanguage\":\"en-US\",\"potentialAction\":[{\"@type\":\"CommentAction\",\"name\":\"Comment\",\"target\":[\"https:\\\/\\\/akunq.net\\\/tr\\\/?p=66377#respond\"]}]},{\"@type\":\"WebPage\",\"@id\":\"https:\\\/\\\/akunq.net\\\/tr\\\/?p=66377\",\"url\":\"https:\\\/\\\/akunq.net\\\/tr\\\/?p=66377\",\"name\":\"\u2018Enez Ayasofyas\u0131\u2019 olarak bilinen tarihi cami 56 y\u0131l sonra ibadete a\u00e7\u0131l\u0131yor - Bati Ermenistan Ve Bati Ermenileri Sorunlari Ara\u015ftirmalar Merkezi\",\"isPartOf\":{\"@id\":\"https:\\\/\\\/akunq.net\\\/tr\\\/#website\"},\"primaryImageOfPage\":{\"@id\":\"https:\\\/\\\/akunq.net\\\/tr\\\/?p=66377#primaryimage\"},\"image\":{\"@id\":\"https:\\\/\\\/akunq.net\\\/tr\\\/?p=66377#primaryimage\"},\"thumbnailUrl\":\"https:\\\/\\\/akunq.net\\\/tr\\\/wp-content\\\/uploads\\\/sites\\\/6\\\/2021\\\/12\\\/Enez-Ayasofyas\u0131.jpg\",\"datePublished\":\"2021-12-23T06:19:36+00:00\",\"author\":{\"@id\":\"https:\\\/\\\/akunq.net\\\/tr\\\/#\\\/schema\\\/person\\\/096f1d38a12cce57fb855b485ed24c9e\"},\"breadcrumb\":{\"@id\":\"https:\\\/\\\/akunq.net\\\/tr\\\/?p=66377#breadcrumb\"},\"inLanguage\":\"en-US\",\"potentialAction\":[{\"@type\":\"ReadAction\",\"target\":[\"https:\\\/\\\/akunq.net\\\/tr\\\/?p=66377\"]}]},{\"@type\":\"ImageObject\",\"inLanguage\":\"en-US\",\"@id\":\"https:\\\/\\\/akunq.net\\\/tr\\\/?p=66377#primaryimage\",\"url\":\"https:\\\/\\\/akunq.net\\\/tr\\\/wp-content\\\/uploads\\\/sites\\\/6\\\/2021\\\/12\\\/Enez-Ayasofyas\u0131.jpg\",\"contentUrl\":\"https:\\\/\\\/akunq.net\\\/tr\\\/wp-content\\\/uploads\\\/sites\\\/6\\\/2021\\\/12\\\/Enez-Ayasofyas\u0131.jpg\",\"width\":864,\"height\":486},{\"@type\":\"BreadcrumbList\",\"@id\":\"https:\\\/\\\/akunq.net\\\/tr\\\/?p=66377#breadcrumb\",\"itemListElement\":[{\"@type\":\"ListItem\",\"position\":1,\"name\":\"Home\",\"item\":\"https:\\\/\\\/akunq.net\\\/tr\"},{\"@type\":\"ListItem\",\"position\":2,\"name\":\"\u2018Enez Ayasofyas\u0131\u2019 olarak bilinen tarihi cami 56 y\u0131l sonra ibadete a\u00e7\u0131l\u0131yor\"}]},{\"@type\":\"WebSite\",\"@id\":\"https:\\\/\\\/akunq.net\\\/tr\\\/#website\",\"url\":\"https:\\\/\\\/akunq.net\\\/tr\\\/\",\"name\":\"Bati Ermenistan Ve Bati Ermenileri Sorunlari Ara\u015ftirmalar Merkezi\",\"description\":\"\",\"potentialAction\":[{\"@type\":\"SearchAction\",\"target\":{\"@type\":\"EntryPoint\",\"urlTemplate\":\"https:\\\/\\\/akunq.net\\\/tr\\\/?s={search_term_string}\"},\"query-input\":{\"@type\":\"PropertyValueSpecification\",\"valueRequired\":true,\"valueName\":\"search_term_string\"}}],\"inLanguage\":\"en-US\"},{\"@type\":\"Person\",\"@id\":\"https:\\\/\\\/akunq.net\\\/tr\\\/#\\\/schema\\\/person\\\/096f1d38a12cce57fb855b485ed24c9e\",\"name\":\"admin\",\"url\":\"https:\\\/\\\/akunq.net\\\/tr\\\/?author=7\"}]}<\/script>\n<!-- \/ Yoast SEO plugin. -->","yoast_head_json":{"title":"\u2018Enez Ayasofyas\u0131\u2019 olarak bilinen tarihi cami 56 y\u0131l sonra ibadete a\u00e7\u0131l\u0131yor - Bati Ermenistan Ve Bati Ermenileri Sorunlari Ara\u015ftirmalar Merkezi","robots":{"index":"index","follow":"follow","max-snippet":"max-snippet:-1","max-image-preview":"max-image-preview:large","max-video-preview":"max-video-preview:-1"},"canonical":"https:\/\/akunq.net\/tr\/?p=66377","og_locale":"en_US","og_type":"article","og_title":"\u2018Enez Ayasofyas\u0131\u2019 olarak bilinen tarihi cami 56 y\u0131l sonra ibadete a\u00e7\u0131l\u0131yor - Bati Ermenistan Ve Bati Ermenileri Sorunlari Ara\u015ftirmalar Merkezi","og_description":"Fatih Sultan Mehmet&#8217;in 1456&#8217;da Cenevizlilere ait Enez&#8217;i fethetmesi sonras\u0131 12. y\u00fczy\u0131l yap\u0131s\u0131na mihrap, minber ve kesme ta\u015ftan minare yap\u0131larak camiye d\u00f6n\u00fc\u015ft\u00fcr\u00fcld\u00fc. Osmanl\u0131 d\u00f6neminde birka\u00e7 kez onar\u0131mdan ge\u00e7irilen caminin bir k\u0131sm\u0131 1965&#8217;teki depremde y\u0131k\u0131ld\u0131. Bu s\u00fcre\u00e7te onar\u0131m\u0131 yap\u0131lmayan cami, bir m\u00fcddet sonra b\u00fcy\u00fck \u00f6l\u00e7\u00fcde zarar g\u00f6rd\u00fc bu nedenle ibadete kapat\u0131ld\u0131. Restorasyonda neler yap\u0131ld\u0131? Tarihi caminin restorasyonu [&hellip;]","og_url":"https:\/\/akunq.net\/tr\/?p=66377","og_site_name":"Bati Ermenistan Ve Bati Ermenileri Sorunlari Ara\u015ftirmalar Merkezi","article_published_time":"2021-12-23T06:19:36+00:00","og_image":[{"width":864,"height":486,"url":"https:\/\/akunq.net\/tr\/wp-content\/uploads\/sites\/6\/2021\/12\/Enez-Ayasofyas\u0131.jpg","type":"image\/jpeg"}],"author":"admin","twitter_card":"summary_large_image","twitter_misc":{"Written by":"admin","Est. reading time":"2 minutes"},"schema":{"@context":"https:\/\/schema.org","@graph":[{"@type":"Article","@id":"https:\/\/akunq.net\/tr\/?p=66377#article","isPartOf":{"@id":"https:\/\/akunq.net\/tr\/?p=66377"},"author":{"name":"admin","@id":"https:\/\/akunq.net\/tr\/#\/schema\/person\/096f1d38a12cce57fb855b485ed24c9e"},"headline":"\u2018Enez Ayasofyas\u0131\u2019 olarak bilinen tarihi cami 56 y\u0131l sonra ibadete a\u00e7\u0131l\u0131yor","datePublished":"2021-12-23T06:19:36+00:00","mainEntityOfPage":{"@id":"https:\/\/akunq.net\/tr\/?p=66377"},"wordCount":441,"commentCount":0,"image":{"@id":"https:\/\/akunq.net\/tr\/?p=66377#primaryimage"},"thumbnailUrl":"https:\/\/akunq.net\/tr\/wp-content\/uploads\/sites\/6\/2021\/12\/Enez-Ayasofyas\u0131.jpg","articleSection":["Haberler"],"inLanguage":"en-US","potentialAction":[{"@type":"CommentAction","name":"Comment","target":["https:\/\/akunq.net\/tr\/?p=66377#respond"]}]},{"@type":"WebPage","@id":"https:\/\/akunq.net\/tr\/?p=66377","url":"https:\/\/akunq.net\/tr\/?p=66377","name":"\u2018Enez Ayasofyas\u0131\u2019 olarak bilinen tarihi cami 56 y\u0131l sonra ibadete a\u00e7\u0131l\u0131yor - Bati Ermenistan Ve Bati Ermenileri Sorunlari Ara\u015ftirmalar Merkezi","isPartOf":{"@id":"https:\/\/akunq.net\/tr\/#website"},"primaryImageOfPage":{"@id":"https:\/\/akunq.net\/tr\/?p=66377#primaryimage"},"image":{"@id":"https:\/\/akunq.net\/tr\/?p=66377#primaryimage"},"thumbnailUrl":"https:\/\/akunq.net\/tr\/wp-content\/uploads\/sites\/6\/2021\/12\/Enez-Ayasofyas\u0131.jpg","datePublished":"2021-12-23T06:19:36+00:00","author":{"@id":"https:\/\/akunq.net\/tr\/#\/schema\/person\/096f1d38a12cce57fb855b485ed24c9e"},"breadcrumb":{"@id":"https:\/\/akunq.net\/tr\/?p=66377#breadcrumb"},"inLanguage":"en-US","potentialAction":[{"@type":"ReadAction","target":["https:\/\/akunq.net\/tr\/?p=66377"]}]},{"@type":"ImageObject","inLanguage":"en-US","@id":"https:\/\/akunq.net\/tr\/?p=66377#primaryimage","url":"https:\/\/akunq.net\/tr\/wp-content\/uploads\/sites\/6\/2021\/12\/Enez-Ayasofyas\u0131.jpg","contentUrl":"https:\/\/akunq.net\/tr\/wp-content\/uploads\/sites\/6\/2021\/12\/Enez-Ayasofyas\u0131.jpg","width":864,"height":486},{"@type":"BreadcrumbList","@id":"https:\/\/akunq.net\/tr\/?p=66377#breadcrumb","itemListElement":[{"@type":"ListItem","position":1,"name":"Home","item":"https:\/\/akunq.net\/tr"},{"@type":"ListItem","position":2,"name":"\u2018Enez Ayasofyas\u0131\u2019 olarak bilinen tarihi cami 56 y\u0131l sonra ibadete a\u00e7\u0131l\u0131yor"}]},{"@type":"WebSite","@id":"https:\/\/akunq.net\/tr\/#website","url":"https:\/\/akunq.net\/tr\/","name":"Bati Ermenistan Ve Bati Ermenileri Sorunlari Ara\u015ftirmalar Merkezi","description":"","potentialAction":[{"@type":"SearchAction","target":{"@type":"EntryPoint","urlTemplate":"https:\/\/akunq.net\/tr\/?s={search_term_string}"},"query-input":{"@type":"PropertyValueSpecification","valueRequired":true,"valueName":"search_term_string"}}],"inLanguage":"en-US"},{"@type":"Person","@id":"https:\/\/akunq.net\/tr\/#\/schema\/person\/096f1d38a12cce57fb855b485ed24c9e","name":"admin","url":"https:\/\/akunq.net\/tr\/?author=7"}]}},"_links":{"self":[{"href":"https:\/\/akunq.net\/tr\/index.php?rest_route=\/wp\/v2\/posts\/66377","targetHints":{"allow":["GET"]}}],"collection":[{"href":"https:\/\/akunq.net\/tr\/index.php?rest_route=\/wp\/v2\/posts"}],"about":[{"href":"https:\/\/akunq.net\/tr\/index.php?rest_route=\/wp\/v2\/types\/post"}],"author":[{"embeddable":true,"href":"https:\/\/akunq.net\/tr\/index.php?rest_route=\/wp\/v2\/users\/7"}],"replies":[{"embeddable":true,"href":"https:\/\/akunq.net\/tr\/index.php?rest_route=%2Fwp%2Fv2%2Fcomments&post=66377"}],"version-history":[{"count":1,"href":"https:\/\/akunq.net\/tr\/index.php?rest_route=\/wp\/v2\/posts\/66377\/revisions"}],"predecessor-version":[{"id":66379,"href":"https:\/\/akunq.net\/tr\/index.php?rest_route=\/wp\/v2\/posts\/66377\/revisions\/66379"}],"wp:featuredmedia":[{"embeddable":true,"href":"https:\/\/akunq.net\/tr\/index.php?rest_route=\/wp\/v2\/media\/66378"}],"wp:attachment":[{"href":"https:\/\/akunq.net\/tr\/index.php?rest_route=%2Fwp%2Fv2%2Fmedia&parent=66377"}],"wp:term":[{"taxonomy":"category","embeddable":true,"href":"https:\/\/akunq.net\/tr\/index.php?rest_route=%2Fwp%2Fv2%2Fcategories&post=66377"},{"taxonomy":"post_tag","embeddable":true,"href":"https:\/\/akunq.net\/tr\/index.php?rest_route=%2Fwp%2Fv2%2Ftags&post=66377"}],"curies":[{"name":"wp","href":"https:\/\/api.w.org\/{rel}","templated":true}]}}