{"id":66369,"date":"2021-12-22T08:03:23","date_gmt":"2021-12-22T13:03:23","guid":{"rendered":"https:\/\/akunq.net\/tr\/?p=66369"},"modified":"2021-12-22T08:03:23","modified_gmt":"2021-12-22T13:03:23","slug":"turkiye-ozgurluk-liginde-6-sira-birden-geriledi","status":"publish","type":"post","link":"https:\/\/akunq.net\/tr\/?p=66369","title":{"rendered":"T\u00fcrkiye, \u00f6zg\u00fcrl\u00fck liginde 6 s\u0131ra birden geriledi"},"content":{"rendered":"<p><img loading=\"lazy\" decoding=\"async\" class=\"aligncenter size-medium wp-image-66370\" src=\"https:\/\/akunq.net\/tr\/wp-content\/uploads\/2021\/12\/T\u00fcrkiye-1-360x242.jpg\" alt=\"\" width=\"360\" height=\"242\" srcset=\"https:\/\/akunq.net\/tr\/wp-content\/uploads\/sites\/6\/2021\/12\/T\u00fcrkiye-1-360x242.jpg 360w, https:\/\/akunq.net\/tr\/wp-content\/uploads\/sites\/6\/2021\/12\/T\u00fcrkiye-1-560x376.jpg 560w, https:\/\/akunq.net\/tr\/wp-content\/uploads\/sites\/6\/2021\/12\/T\u00fcrkiye-1-260x175.jpg 260w, https:\/\/akunq.net\/tr\/wp-content\/uploads\/sites\/6\/2021\/12\/T\u00fcrkiye-1-160x107.jpg 160w, https:\/\/akunq.net\/tr\/wp-content\/uploads\/sites\/6\/2021\/12\/T\u00fcrkiye-1.jpg 670w\" sizes=\"auto, (max-width: 360px) 100vw, 360px\" \/><\/p>\n<p><em><strong>T\u00fcrkiye, ekonomisi ve halk\u0131 en \u00f6zg\u00fcr \u00fclkeler listesinde 6 s\u0131ra birden gerileyerek listenin en dibindeki 30 \u00fclke aras\u0131na girdi.<\/strong><\/em><\/p>\n<p>Art\u0131ger\u00e7ek\u2019e at\u0131tfa bulunarak Armenpress\u2019in bildirdi\u011fine g\u00f6re Kanada merkezli d\u00fc\u015f\u00fcnce kurulu\u015fu Fraser Institute taraf\u0131ndan haz\u0131rlanan \u201cGlobal \u00d6zg\u00fcrl\u00fckler Raporu\u201dnun 2021 sonu\u00e7lar\u0131na g\u00f6re T\u00fcrkiye, ekonomisinin ve vatanda\u015flar\u0131n\u0131n \u00f6zg\u00fcrl\u00fckleri bak\u0131m\u0131ndan 165 \u00fclke aras\u0131nda 139&#8217;unculu\u011fa geriledi. Sadece son bir y\u0131lda 6 s\u0131ra birden gerileyen T\u00fcrkiye, Venezuela&#8217;dan sonra s\u00f6z konusu ligde 2008&#8217;den beri en h\u0131zl\u0131 d\u00fc\u015f\u00fc\u015f\u00fc ger\u00e7ekle\u015ftiren \u00fclke oldu.<\/p>\n<p>S\u00f6zc\u00fc\u2019den \u00d6zlem Ermi\u015f Beyhan\u2019\u0131n haberine g\u00f6re endeks, \u00fclkelerdeki bireylerin ba\u015fkalar\u0131n\u0131n haklar\u0131n\u0131 zedelemeden istedikleri her konuda kendilerini ifade edebilme \u00f6zg\u00fcrl\u00fcklerinden, yasalar\u0131n g\u00fcc\u00fcne, ekonomide t\u00fcm akt\u00f6rlerin serbest rekabet imkan\u0131na kadar farkl\u0131 alanlarda \u00f6l\u00e7\u00fcmler yap\u0131larak haz\u0131rland\u0131.<\/p>\n<p>Listenin ilk s\u0131ras\u0131nda 9.11 olan \u00f6zg\u00fcrl\u00fck notuyla \u0130svi\u00e7re yer al\u0131yor. Onu Yeni Zelanda ve Danimarka izliyor. Ard\u0131ndan di\u011fer geli\u015fmi\u015f \u00fclkeler s\u0131ralan\u0131yor. T\u00fcrkiye, listede\u00a0Botsvana, Gana, Honduras,\u00a0Mozambik, Ruanda,\u00a0Mali,\u00a0Nikaragua&#8217;dan sonra bile yer alm\u0131yor. T\u00fcrkiye,\u00a0131&#8217;inci s\u0131radaki Birle\u015fik Arap Emirlikleri, 132&#8217;nci s\u0131radaki Etiyopya, 134&#8217;\u00fcnc\u00fc s\u0131radaki Vietnam, 137&#8217;nci s\u0131radaki Cibuti ve 138&#8217;inci s\u0131radaki Gine&#8217;nin gerisinde, 5.79&#8217;a gerileyen \u00f6zg\u00fcrl\u00fck notuyla \u00f6zg\u00fcrl\u00fckler liginde ancak 139&#8217;uncu s\u0131rada kendine yer bulabiliyor.<strong><br \/>\n<\/strong><br \/>\nRaporda, \u00f6zg\u00fcr \u00fclkelerin daha zengin \u00fclkeler oldu\u011funa vurgu yap\u0131larak, \u201c\u0130nsanlar \u00f6zg\u00fcr olduklar\u0131nda, kendileri ve aileleri i\u00e7in daha mutlu ve sa\u011fl\u0131kl\u0131 bir hayat kurabilmek i\u00e7in daha fazla f\u0131rsat buluyorlar\u201d denildi.<strong><br \/>\n<\/strong><br \/>\nT\u00fcrkiye ekonomik \u00f6zg\u00fcrl\u00fckler bak\u0131m\u0131ndan 6.54&#8217;l\u00fck notuyla 165 \u00fclke aras\u0131nda 114&#8217;\u00fcnc\u00fc s\u0131rada g\u00f6steriliyor. T\u00fcrkiye&#8217;nin ekonomik \u00f6zg\u00fcrl\u00fck notunun da son 10 y\u0131lda s\u00fcrekli azald\u0131\u011f\u0131 dikkat \u00e7ekiyor. 2008 y\u0131l\u0131nda haz\u0131rlanan ilk endekste T\u00fcrkiye&#8217;nin ekonomik \u00f6zg\u00fcrl\u00fck notu 6.99 idi.<\/p>\n<p><em><strong>https:\/\/armenpress.am\/tur\/news\/1071403.html\u00a0<\/strong><\/em><\/p>\n","protected":false},"excerpt":{"rendered":"<p>T\u00fcrkiye, ekonomisi ve halk\u0131 en \u00f6zg\u00fcr \u00fclkeler listesinde 6 s\u0131ra birden gerileyerek listenin en dibindeki 30 \u00fclke aras\u0131na girdi. Art\u0131ger\u00e7ek\u2019e at\u0131tfa bulunarak Armenpress\u2019in bildirdi\u011fine g\u00f6re Kanada merkezli d\u00fc\u015f\u00fcnce kurulu\u015fu Fraser Institute taraf\u0131ndan haz\u0131rlanan \u201cGlobal \u00d6zg\u00fcrl\u00fckler Raporu\u201dnun 2021 sonu\u00e7lar\u0131na g\u00f6re T\u00fcrkiye, ekonomisinin ve vatanda\u015flar\u0131n\u0131n \u00f6zg\u00fcrl\u00fckleri bak\u0131m\u0131ndan 165 \u00fclke aras\u0131nda 139&#8217;unculu\u011fa geriledi. Sadece son bir y\u0131lda 6 [&hellip;]<\/p>\n","protected":false},"author":7,"featured_media":66370,"comment_status":"open","ping_status":"open","sticky":false,"template":"","format":"standard","meta":{"footnotes":""},"categories":[1],"tags":[],"class_list":["post-66369","post","type-post","status-publish","format-standard","has-post-thumbnail","hentry","category-haberler"],"yoast_head":"<!-- This site is optimized with the Yoast SEO plugin v27.4 - https:\/\/yoast.com\/product\/yoast-seo-wordpress\/ -->\n<title>T\u00fcrkiye, \u00f6zg\u00fcrl\u00fck liginde 6 s\u0131ra birden geriledi - Bati Ermenistan Ve Bati Ermenileri Sorunlari Ara\u015ftirmalar Merkezi<\/title>\n<meta name=\"robots\" content=\"index, follow, max-snippet:-1, max-image-preview:large, max-video-preview:-1\" \/>\n<link rel=\"canonical\" href=\"https:\/\/akunq.net\/tr\/?p=66369\" \/>\n<meta property=\"og:locale\" content=\"en_US\" \/>\n<meta property=\"og:type\" content=\"article\" \/>\n<meta property=\"og:title\" content=\"T\u00fcrkiye, \u00f6zg\u00fcrl\u00fck liginde 6 s\u0131ra birden geriledi - Bati Ermenistan Ve Bati Ermenileri Sorunlari Ara\u015ftirmalar Merkezi\" \/>\n<meta property=\"og:description\" content=\"T\u00fcrkiye, ekonomisi ve halk\u0131 en \u00f6zg\u00fcr \u00fclkeler listesinde 6 s\u0131ra birden gerileyerek listenin en dibindeki 30 \u00fclke aras\u0131na girdi. Art\u0131ger\u00e7ek\u2019e at\u0131tfa bulunarak Armenpress\u2019in bildirdi\u011fine g\u00f6re Kanada merkezli d\u00fc\u015f\u00fcnce kurulu\u015fu Fraser Institute taraf\u0131ndan haz\u0131rlanan \u201cGlobal \u00d6zg\u00fcrl\u00fckler Raporu\u201dnun 2021 sonu\u00e7lar\u0131na g\u00f6re T\u00fcrkiye, ekonomisinin ve vatanda\u015flar\u0131n\u0131n \u00f6zg\u00fcrl\u00fckleri bak\u0131m\u0131ndan 165 \u00fclke aras\u0131nda 139&#8217;unculu\u011fa geriledi. Sadece son bir y\u0131lda 6 [&hellip;]\" \/>\n<meta property=\"og:url\" content=\"https:\/\/akunq.net\/tr\/?p=66369\" \/>\n<meta property=\"og:site_name\" content=\"Bati Ermenistan Ve Bati Ermenileri Sorunlari Ara\u015ftirmalar Merkezi\" \/>\n<meta property=\"article:published_time\" content=\"2021-12-22T13:03:23+00:00\" \/>\n<meta property=\"og:image\" content=\"https:\/\/akunq.net\/tr\/wp-content\/uploads\/sites\/6\/2021\/12\/T\u00fcrkiye-1.jpg\" \/>\n\t<meta property=\"og:image:width\" content=\"670\" \/>\n\t<meta property=\"og:image:height\" content=\"450\" \/>\n\t<meta property=\"og:image:type\" content=\"image\/jpeg\" \/>\n<meta name=\"author\" content=\"admin\" \/>\n<meta name=\"twitter:card\" content=\"summary_large_image\" \/>\n<meta name=\"twitter:label1\" content=\"Written by\" \/>\n\t<meta name=\"twitter:data1\" content=\"admin\" \/>\n\t<meta name=\"twitter:label2\" content=\"Est. reading time\" \/>\n\t<meta name=\"twitter:data2\" content=\"2 minutes\" \/>\n<script type=\"application\/ld+json\" class=\"yoast-schema-graph\">{\"@context\":\"https:\\\/\\\/schema.org\",\"@graph\":[{\"@type\":\"Article\",\"@id\":\"https:\\\/\\\/akunq.net\\\/tr\\\/?p=66369#article\",\"isPartOf\":{\"@id\":\"https:\\\/\\\/akunq.net\\\/tr\\\/?p=66369\"},\"author\":{\"name\":\"admin\",\"@id\":\"https:\\\/\\\/akunq.net\\\/tr\\\/#\\\/schema\\\/person\\\/096f1d38a12cce57fb855b485ed24c9e\"},\"headline\":\"T\u00fcrkiye, \u00f6zg\u00fcrl\u00fck liginde 6 s\u0131ra birden geriledi\",\"datePublished\":\"2021-12-22T13:03:23+00:00\",\"mainEntityOfPage\":{\"@id\":\"https:\\\/\\\/akunq.net\\\/tr\\\/?p=66369\"},\"wordCount\":355,\"commentCount\":0,\"image\":{\"@id\":\"https:\\\/\\\/akunq.net\\\/tr\\\/?p=66369#primaryimage\"},\"thumbnailUrl\":\"https:\\\/\\\/akunq.net\\\/tr\\\/wp-content\\\/uploads\\\/sites\\\/6\\\/2021\\\/12\\\/T\u00fcrkiye-1.jpg\",\"articleSection\":[\"Haberler\"],\"inLanguage\":\"en-US\",\"potentialAction\":[{\"@type\":\"CommentAction\",\"name\":\"Comment\",\"target\":[\"https:\\\/\\\/akunq.net\\\/tr\\\/?p=66369#respond\"]}]},{\"@type\":\"WebPage\",\"@id\":\"https:\\\/\\\/akunq.net\\\/tr\\\/?p=66369\",\"url\":\"https:\\\/\\\/akunq.net\\\/tr\\\/?p=66369\",\"name\":\"T\u00fcrkiye, \u00f6zg\u00fcrl\u00fck liginde 6 s\u0131ra birden geriledi - Bati Ermenistan Ve Bati Ermenileri Sorunlari Ara\u015ftirmalar Merkezi\",\"isPartOf\":{\"@id\":\"https:\\\/\\\/akunq.net\\\/tr\\\/#website\"},\"primaryImageOfPage\":{\"@id\":\"https:\\\/\\\/akunq.net\\\/tr\\\/?p=66369#primaryimage\"},\"image\":{\"@id\":\"https:\\\/\\\/akunq.net\\\/tr\\\/?p=66369#primaryimage\"},\"thumbnailUrl\":\"https:\\\/\\\/akunq.net\\\/tr\\\/wp-content\\\/uploads\\\/sites\\\/6\\\/2021\\\/12\\\/T\u00fcrkiye-1.jpg\",\"datePublished\":\"2021-12-22T13:03:23+00:00\",\"author\":{\"@id\":\"https:\\\/\\\/akunq.net\\\/tr\\\/#\\\/schema\\\/person\\\/096f1d38a12cce57fb855b485ed24c9e\"},\"breadcrumb\":{\"@id\":\"https:\\\/\\\/akunq.net\\\/tr\\\/?p=66369#breadcrumb\"},\"inLanguage\":\"en-US\",\"potentialAction\":[{\"@type\":\"ReadAction\",\"target\":[\"https:\\\/\\\/akunq.net\\\/tr\\\/?p=66369\"]}]},{\"@type\":\"ImageObject\",\"inLanguage\":\"en-US\",\"@id\":\"https:\\\/\\\/akunq.net\\\/tr\\\/?p=66369#primaryimage\",\"url\":\"https:\\\/\\\/akunq.net\\\/tr\\\/wp-content\\\/uploads\\\/sites\\\/6\\\/2021\\\/12\\\/T\u00fcrkiye-1.jpg\",\"contentUrl\":\"https:\\\/\\\/akunq.net\\\/tr\\\/wp-content\\\/uploads\\\/sites\\\/6\\\/2021\\\/12\\\/T\u00fcrkiye-1.jpg\",\"width\":670,\"height\":450},{\"@type\":\"BreadcrumbList\",\"@id\":\"https:\\\/\\\/akunq.net\\\/tr\\\/?p=66369#breadcrumb\",\"itemListElement\":[{\"@type\":\"ListItem\",\"position\":1,\"name\":\"Home\",\"item\":\"https:\\\/\\\/akunq.net\\\/tr\"},{\"@type\":\"ListItem\",\"position\":2,\"name\":\"T\u00fcrkiye, \u00f6zg\u00fcrl\u00fck liginde 6 s\u0131ra birden geriledi\"}]},{\"@type\":\"WebSite\",\"@id\":\"https:\\\/\\\/akunq.net\\\/tr\\\/#website\",\"url\":\"https:\\\/\\\/akunq.net\\\/tr\\\/\",\"name\":\"Bati Ermenistan Ve Bati Ermenileri Sorunlari Ara\u015ftirmalar Merkezi\",\"description\":\"\",\"potentialAction\":[{\"@type\":\"SearchAction\",\"target\":{\"@type\":\"EntryPoint\",\"urlTemplate\":\"https:\\\/\\\/akunq.net\\\/tr\\\/?s={search_term_string}\"},\"query-input\":{\"@type\":\"PropertyValueSpecification\",\"valueRequired\":true,\"valueName\":\"search_term_string\"}}],\"inLanguage\":\"en-US\"},{\"@type\":\"Person\",\"@id\":\"https:\\\/\\\/akunq.net\\\/tr\\\/#\\\/schema\\\/person\\\/096f1d38a12cce57fb855b485ed24c9e\",\"name\":\"admin\",\"url\":\"https:\\\/\\\/akunq.net\\\/tr\\\/?author=7\"}]}<\/script>\n<!-- \/ Yoast SEO plugin. -->","yoast_head_json":{"title":"T\u00fcrkiye, \u00f6zg\u00fcrl\u00fck liginde 6 s\u0131ra birden geriledi - Bati Ermenistan Ve Bati Ermenileri Sorunlari Ara\u015ftirmalar Merkezi","robots":{"index":"index","follow":"follow","max-snippet":"max-snippet:-1","max-image-preview":"max-image-preview:large","max-video-preview":"max-video-preview:-1"},"canonical":"https:\/\/akunq.net\/tr\/?p=66369","og_locale":"en_US","og_type":"article","og_title":"T\u00fcrkiye, \u00f6zg\u00fcrl\u00fck liginde 6 s\u0131ra birden geriledi - Bati Ermenistan Ve Bati Ermenileri Sorunlari Ara\u015ftirmalar Merkezi","og_description":"T\u00fcrkiye, ekonomisi ve halk\u0131 en \u00f6zg\u00fcr \u00fclkeler listesinde 6 s\u0131ra birden gerileyerek listenin en dibindeki 30 \u00fclke aras\u0131na girdi. Art\u0131ger\u00e7ek\u2019e at\u0131tfa bulunarak Armenpress\u2019in bildirdi\u011fine g\u00f6re Kanada merkezli d\u00fc\u015f\u00fcnce kurulu\u015fu Fraser Institute taraf\u0131ndan haz\u0131rlanan \u201cGlobal \u00d6zg\u00fcrl\u00fckler Raporu\u201dnun 2021 sonu\u00e7lar\u0131na g\u00f6re T\u00fcrkiye, ekonomisinin ve vatanda\u015flar\u0131n\u0131n \u00f6zg\u00fcrl\u00fckleri bak\u0131m\u0131ndan 165 \u00fclke aras\u0131nda 139&#8217;unculu\u011fa geriledi. Sadece son bir y\u0131lda 6 [&hellip;]","og_url":"https:\/\/akunq.net\/tr\/?p=66369","og_site_name":"Bati Ermenistan Ve Bati Ermenileri Sorunlari Ara\u015ftirmalar Merkezi","article_published_time":"2021-12-22T13:03:23+00:00","og_image":[{"width":670,"height":450,"url":"https:\/\/akunq.net\/tr\/wp-content\/uploads\/sites\/6\/2021\/12\/T\u00fcrkiye-1.jpg","type":"image\/jpeg"}],"author":"admin","twitter_card":"summary_large_image","twitter_misc":{"Written by":"admin","Est. reading time":"2 minutes"},"schema":{"@context":"https:\/\/schema.org","@graph":[{"@type":"Article","@id":"https:\/\/akunq.net\/tr\/?p=66369#article","isPartOf":{"@id":"https:\/\/akunq.net\/tr\/?p=66369"},"author":{"name":"admin","@id":"https:\/\/akunq.net\/tr\/#\/schema\/person\/096f1d38a12cce57fb855b485ed24c9e"},"headline":"T\u00fcrkiye, \u00f6zg\u00fcrl\u00fck liginde 6 s\u0131ra birden geriledi","datePublished":"2021-12-22T13:03:23+00:00","mainEntityOfPage":{"@id":"https:\/\/akunq.net\/tr\/?p=66369"},"wordCount":355,"commentCount":0,"image":{"@id":"https:\/\/akunq.net\/tr\/?p=66369#primaryimage"},"thumbnailUrl":"https:\/\/akunq.net\/tr\/wp-content\/uploads\/sites\/6\/2021\/12\/T\u00fcrkiye-1.jpg","articleSection":["Haberler"],"inLanguage":"en-US","potentialAction":[{"@type":"CommentAction","name":"Comment","target":["https:\/\/akunq.net\/tr\/?p=66369#respond"]}]},{"@type":"WebPage","@id":"https:\/\/akunq.net\/tr\/?p=66369","url":"https:\/\/akunq.net\/tr\/?p=66369","name":"T\u00fcrkiye, \u00f6zg\u00fcrl\u00fck liginde 6 s\u0131ra birden geriledi - Bati Ermenistan Ve Bati Ermenileri Sorunlari Ara\u015ftirmalar Merkezi","isPartOf":{"@id":"https:\/\/akunq.net\/tr\/#website"},"primaryImageOfPage":{"@id":"https:\/\/akunq.net\/tr\/?p=66369#primaryimage"},"image":{"@id":"https:\/\/akunq.net\/tr\/?p=66369#primaryimage"},"thumbnailUrl":"https:\/\/akunq.net\/tr\/wp-content\/uploads\/sites\/6\/2021\/12\/T\u00fcrkiye-1.jpg","datePublished":"2021-12-22T13:03:23+00:00","author":{"@id":"https:\/\/akunq.net\/tr\/#\/schema\/person\/096f1d38a12cce57fb855b485ed24c9e"},"breadcrumb":{"@id":"https:\/\/akunq.net\/tr\/?p=66369#breadcrumb"},"inLanguage":"en-US","potentialAction":[{"@type":"ReadAction","target":["https:\/\/akunq.net\/tr\/?p=66369"]}]},{"@type":"ImageObject","inLanguage":"en-US","@id":"https:\/\/akunq.net\/tr\/?p=66369#primaryimage","url":"https:\/\/akunq.net\/tr\/wp-content\/uploads\/sites\/6\/2021\/12\/T\u00fcrkiye-1.jpg","contentUrl":"https:\/\/akunq.net\/tr\/wp-content\/uploads\/sites\/6\/2021\/12\/T\u00fcrkiye-1.jpg","width":670,"height":450},{"@type":"BreadcrumbList","@id":"https:\/\/akunq.net\/tr\/?p=66369#breadcrumb","itemListElement":[{"@type":"ListItem","position":1,"name":"Home","item":"https:\/\/akunq.net\/tr"},{"@type":"ListItem","position":2,"name":"T\u00fcrkiye, \u00f6zg\u00fcrl\u00fck liginde 6 s\u0131ra birden geriledi"}]},{"@type":"WebSite","@id":"https:\/\/akunq.net\/tr\/#website","url":"https:\/\/akunq.net\/tr\/","name":"Bati Ermenistan Ve Bati Ermenileri Sorunlari Ara\u015ftirmalar Merkezi","description":"","potentialAction":[{"@type":"SearchAction","target":{"@type":"EntryPoint","urlTemplate":"https:\/\/akunq.net\/tr\/?s={search_term_string}"},"query-input":{"@type":"PropertyValueSpecification","valueRequired":true,"valueName":"search_term_string"}}],"inLanguage":"en-US"},{"@type":"Person","@id":"https:\/\/akunq.net\/tr\/#\/schema\/person\/096f1d38a12cce57fb855b485ed24c9e","name":"admin","url":"https:\/\/akunq.net\/tr\/?author=7"}]}},"_links":{"self":[{"href":"https:\/\/akunq.net\/tr\/index.php?rest_route=\/wp\/v2\/posts\/66369","targetHints":{"allow":["GET"]}}],"collection":[{"href":"https:\/\/akunq.net\/tr\/index.php?rest_route=\/wp\/v2\/posts"}],"about":[{"href":"https:\/\/akunq.net\/tr\/index.php?rest_route=\/wp\/v2\/types\/post"}],"author":[{"embeddable":true,"href":"https:\/\/akunq.net\/tr\/index.php?rest_route=\/wp\/v2\/users\/7"}],"replies":[{"embeddable":true,"href":"https:\/\/akunq.net\/tr\/index.php?rest_route=%2Fwp%2Fv2%2Fcomments&post=66369"}],"version-history":[{"count":1,"href":"https:\/\/akunq.net\/tr\/index.php?rest_route=\/wp\/v2\/posts\/66369\/revisions"}],"predecessor-version":[{"id":66371,"href":"https:\/\/akunq.net\/tr\/index.php?rest_route=\/wp\/v2\/posts\/66369\/revisions\/66371"}],"wp:featuredmedia":[{"embeddable":true,"href":"https:\/\/akunq.net\/tr\/index.php?rest_route=\/wp\/v2\/media\/66370"}],"wp:attachment":[{"href":"https:\/\/akunq.net\/tr\/index.php?rest_route=%2Fwp%2Fv2%2Fmedia&parent=66369"}],"wp:term":[{"taxonomy":"category","embeddable":true,"href":"https:\/\/akunq.net\/tr\/index.php?rest_route=%2Fwp%2Fv2%2Fcategories&post=66369"},{"taxonomy":"post_tag","embeddable":true,"href":"https:\/\/akunq.net\/tr\/index.php?rest_route=%2Fwp%2Fv2%2Ftags&post=66369"}],"curies":[{"name":"wp","href":"https:\/\/api.w.org\/{rel}","templated":true}]}}