{"id":66359,"date":"2021-12-22T03:35:55","date_gmt":"2021-12-22T08:35:55","guid":{"rendered":"https:\/\/akunq.net\/tr\/?p=66359"},"modified":"2021-12-22T03:35:55","modified_gmt":"2021-12-22T08:35:55","slug":"anadolu-kokenli-2-bin-955-sikkenin-hirvatistandan-iadesi-saglandi","status":"publish","type":"post","link":"https:\/\/akunq.net\/tr\/?p=66359","title":{"rendered":"Anadolu k\u00f6kenli 2 bin 955 sikkenin H\u0131rvatistan\u2019dan iadesi sa\u011fland\u0131"},"content":{"rendered":"<p><img loading=\"lazy\" decoding=\"async\" class=\"aligncenter size-medium wp-image-66360\" src=\"https:\/\/akunq.net\/tr\/wp-content\/uploads\/2021\/12\/sikke-360x203.jpg\" alt=\"\" width=\"360\" height=\"203\" srcset=\"https:\/\/akunq.net\/tr\/wp-content\/uploads\/sites\/6\/2021\/12\/sikke-360x203.jpg 360w, https:\/\/akunq.net\/tr\/wp-content\/uploads\/sites\/6\/2021\/12\/sikke-560x315.jpg 560w, https:\/\/akunq.net\/tr\/wp-content\/uploads\/sites\/6\/2021\/12\/sikke-260x146.jpg 260w, https:\/\/akunq.net\/tr\/wp-content\/uploads\/sites\/6\/2021\/12\/sikke-160x90.jpg 160w, https:\/\/akunq.net\/tr\/wp-content\/uploads\/sites\/6\/2021\/12\/sikke.jpg 639w\" sizes=\"auto, (max-width: 360px) 100vw, 360px\" \/><\/p>\n<p id=\"spot\"><em><strong>Anadolu k\u00f6kenli 2 bin 955 sikkenin H\u0131rvatistan\u2019dan iadesi sa\u011fland\u0131 S\u0131rbistan-H\u0131rvatistan s\u0131n\u0131r kap\u0131s\u0131nda, bir T\u00fcrk vatanda\u015f\u0131n \u00fczerinde yakalanan Anadolu k\u00f6kenli 2 bin 955 adet sikke, m\u00fch\u00fcr ve terazi a\u011f\u0131rl\u0131\u011f\u0131n\u0131n T\u00fcrkiye\u2019ye iadesi sa\u011fland\u0131.<\/strong><\/em><\/p>\n<p><em>ANKARA \u2013 S\u0131rbistan-H\u0131rvatistan s\u0131n\u0131r kap\u0131s\u0131nda, bir T\u00fcrk vatanda\u015f\u0131n \u00fczerinde yakalanan Anadolu k\u00f6kenli 2 bin 955 adet sikke, m\u00fch\u00fcr ve terazi a\u011f\u0131rl\u0131\u011f\u0131n\u0131n T\u00fcrkiye\u2019ye iadesi sa\u011fland\u0131.<\/em><\/p>\n<p>K\u00fclt\u00fcr ve Turizm Bakanl\u0131\u011f\u0131 ve \u0130\u00e7i\u015fleri Bakanl\u0131\u011f\u0131 ortak bir bas\u0131n toplant\u0131s\u0131 d\u00fczenleyerek S\u0131rbistan-H\u0131rvatistan s\u0131n\u0131r kap\u0131s\u0131nda yakalanan ve daha sonra devam eden tarihi eser operasyonlar\u0131nda ele ge\u00e7irilen tarihi eserler hakk\u0131nda a\u00e7\u0131klamalarda bulundu. Emniyet Genel M\u00fcd\u00fcrl\u00fc\u011f\u00fc Ek Hizmet Binas\u0131 Demet Sezen Konferans Salonu\u2019nun da ger\u00e7ekle\u015ftirilen toplant\u0131da ele ge\u00e7irilen eserler ve Anadolu Operasyonu hakk\u0131nda bilgilendirmelerde bulunuldu.<\/p>\n<p>\u0130smi a\u00e7\u0131klanmayan bir T\u00fcrk vatanda\u015f\u0131 7 Nisan 2019\u2019da S\u0131rbistan-H\u0131rvatistan aras\u0131ndaki Bajakovo-Batrovci s\u0131n\u0131r kap\u0131s\u0131ndan ge\u00e7i\u015f yapmak istedi. S\u0131n\u0131r g\u00f6revlilerinin vatanda\u015ftan \u015f\u00fcphelenerek arama yapmas\u0131n\u0131n \u00fczerine \u015fahs\u0131n \u00fczerinden \u00e7ok say\u0131da sikke ve arkeolojik malzeme ele ge\u00e7irildi. K\u00fclt\u00fcr ve Turizm Bakanl\u0131\u011f\u0131 K\u00fclt\u00fcr Varl\u0131klar\u0131 ve M\u00fczeler Genel M\u00fcd\u00fcrl\u00fc\u011f\u00fc Ka\u00e7ak\u00e7\u0131l\u0131kla M\u00fccadele Daire Ba\u015fkanl\u0131\u011f\u0131\u2019nca, hem eserlerin foto\u011fraflar\u0131 istendi, hem de H\u0131rvatistan\u2019a gidilerek yerinde incelemelerde bulunuldu. Ger\u00e7ekle\u015ftirilen incelemelerin ard\u0131ndan 2 bin 955 adet sikke, kur\u015fun, m\u00fch\u00fcr bask\u0131lar\u0131 ve a\u011f\u0131rl\u0131klardan olu\u015fan eser grubunun Anadolu k\u00f6kenli oldu\u011fu saptand\u0131. Haz\u0131rlanan raporun H\u0131rvatistan makamlar\u0131na iletilmesinin ard\u0131ndan eserler 1 Aral\u0131k 2021 tarihinde T\u00fcrkiye\u2019ye getirilerek Ankara Anadolu Medeniyetleri M\u00fczesinde muhafaza edilmeye ba\u015fland\u0131.<\/p>\n<p><strong>Eserler aras\u0131nda 13 ve 14\u2019\u00fcnc\u00fc y\u00fczy\u0131la ait sikkeler var<\/strong><\/p>\n<p>M\u00fczede yerini alan eserler aras\u0131nda M.\u00d6. 5\u2019inci y\u00fczy\u0131la, Roma, Bizans d\u00f6nemine ait sikkeler, Anadolu\u2019da h\u00fck\u00fcm s\u00fcren Kappadokia, Seleukos, Kilikia ve Pontos Krall\u0131k sikkeleri, Roma imparatorluk d\u00f6neminde Antakya\u2019da bas\u0131lm\u0131\u015f g\u00fcm\u00fc\u015f sikkeler, Bizans d\u00f6nemine ait posta m\u00fchr\u00fc, imparatorluk m\u00fchr\u00fc, aziz m\u00fchr\u00fc ve kilise m\u00fch\u00fcrleri, Arap-Bizans bas\u0131m\u0131, \u0130slami sikkelerin en erken \u00f6rnekleri kabul edilen Hristiyan ve M\u00fcsl\u00fcman halk\u0131n ortak kulland\u0131\u011f\u0131 bak\u0131r sikkeler eserler aras\u0131nda yer ald\u0131. Eserler aras\u0131nda 13 ve 14\u2019\u00fcnc\u00fc y\u00fczy\u0131la ait \u0130lhanl\u0131 ve Anadolu Sel\u00e7uklular\u0131na ait sikkeler ile Osmanl\u0131 Padi\u015fah\u0131 2\u2019nci Mahmut\u2019a ait alt\u0131n bir sikke de ele ge\u00e7irildi.<\/p>\n<p>\u0130\u00e7i\u015fleri Bakan\u0131 S\u00fcleyman Soylu, S\u0131rbistan-H\u0131rvatistan s\u0131n\u0131r kap\u0131s\u0131nda yakalanan eserler ile bir Anadolu Operasyonu\u2019nun ba\u015flad\u0131\u011f\u0131n\u0131 ve bu operasyonun T\u00fcrkiye\u2019de 30 ayr\u0131 ilde e\u015fzamanl\u0131 olarak yap\u0131lan ve uluslararas\u0131 aya\u011f\u0131nda ise H\u0131rvatistan, S\u0131rbistan ve Bulgaristan gibi \u00fclkelerin de oldu\u011funu s\u00f6yledi.<\/p>\n<p><strong>\u201cCumhuriyet tarihimizin su\u00e7tan elde edilen gelire y\u00f6nelik ilk tarihi eser ka\u00e7ak\u00e7\u0131l\u0131\u011f\u0131 operasyonu\u201d<\/strong><\/p>\n<p>Anadolu Operasyonu\u2019nun Cumhuriyet tarihinin su\u00e7tan elde edilen gelire y\u00f6nelik ilk tarihi eser ka\u00e7ak\u00e7\u0131l\u0131\u011f\u0131 operasyonu olma \u00f6zelli\u011fi ta\u015f\u0131d\u0131\u011f\u0131n\u0131 s\u00f6yleyen Bakan Soylu, \u201cS\u00f6z konusu eserlerin ele ge\u00e7irilmesi ve zanl\u0131n\u0131n yakalanmas\u0131 \u0130\u00e7i\u015fleri Bakanl\u0131\u011f\u0131, Emniyet Genel M\u00fcd\u00fcrl\u00fc\u011f\u00fc Ka\u00e7ak\u00e7\u0131l\u0131k ve Organize Su\u00e7larla M\u00fccadele Daire Ba\u015fkanl\u0131\u011f\u0131nca y\u00fcr\u00fct\u00fclen Adana merkez olmak \u00fczere 30 ayr\u0131 ilde e\u015fzamanl\u0131 olarak yap\u0131lan ve uluslararas\u0131 aya\u011f\u0131nda H\u0131rvatistan, S\u0131rbistan ve Bulgaristan gibi \u00fclkelerin de oldu\u011fu Anadolu Operasyonu\u2019nun ba\u015flang\u0131c\u0131 olmu\u015ftur. K\u00fclt\u00fcr ve Turizm Bakanl\u0131\u011f\u0131 merkez ve ta\u015fra te\u015fkilat\u0131 taraf\u0131ndan da destek verilen Anadolu Operasyonu Cumhuriyet tarihimizin su\u00e7tan elde edilen gelire y\u00f6nelik ilk tarihi eser ka\u00e7ak\u00e7\u0131l\u0131\u011f\u0131 operasyonudur. \u00d6rg\u00fcte mensup \u00e7ok say\u0131da ki\u015fi g\u00f6zalt\u0131na al\u0131narak 26 Milyon Avroya el konulmu\u015ftur. 20 bine yak\u0131n k\u00fclt\u00fcr varl\u0131\u011f\u0131 da yurt d\u0131\u015f\u0131na ka\u00e7\u0131r\u0131lmadan ele ge\u00e7irilerek Adana M\u00fczesi M\u00fcd\u00fcrl\u00fc\u011f\u00fcne teslim edilmi\u015ftir. Gerek emniyet gerekse jandarma birimlerinin k\u00fclt\u00fcr varl\u0131klar\u0131n\u0131n korunmas\u0131na ili\u015fkin \u00e7al\u0131\u015fmalar\u0131n\u0131 son y\u0131llarda artt\u0131rm\u0131\u015f olduklar\u0131 g\u00f6zlenmektedir. K\u00fclt\u00fcr ve Turizm Bakanl\u0131\u011f\u0131n\u0131n da uzman deste\u011fi sa\u011flad\u0131\u011f\u0131 bu \u00e7al\u0131\u015fmalar kimi zaman operasyonel kimi zamansa \u00f6nleyici tedbirlere y\u00f6nelik s\u00fcrd\u00fcr\u00fclmektedir. Emniyet ve Jandarma birimleri taraf\u0131ndan y\u00fcr\u00fct\u00fclen \u00e7al\u0131\u015fmalar sayesinde bir \u00e7ok eser yakaland\u0131\u011f\u0131 gibi bir \u00e7ok ka\u00e7ak kaz\u0131 olay\u0131 da \u00f6nlenmektedir\u201d ifadelerini kulland\u0131.<\/p>\n<p><strong>\u201cEle ge\u00e7en sikkelerin yakla\u015f\u0131k 2 bin 300 y\u0131ll\u0131k bir d\u00f6nemi kapsad\u0131\u011f\u0131 kaydedildi\u201d<\/strong><\/p>\n<p>Ger\u00e7ekle\u015ftirilen g\u00f6r\u00fc\u015fmeler neticesinde 2021 y\u0131l\u0131nda 525 eserin yurt d\u0131\u015f\u0131ndan getirildi\u011fini, bu say\u0131n\u0131n 10 y\u0131l\u0131n en y\u00fcksek say\u0131s\u0131 oldu\u011funu ve bunun ger\u00e7ekle\u015fmesinde katk\u0131s\u0131 olan \u0130\u00e7i\u015fleri Bakanl\u0131\u011f\u0131na te\u015fekk\u00fcr eden K\u00fclt\u00fcr ve Turizm Bakan\u0131 Mehmet Nuri Ersoy, \u201cBen g\u00f6rev alan her bir uzman\u0131m\u0131za te\u015fekk\u00fcr ediyorum. Zira onlar\u0131n y\u00fcr\u00fctt\u00fckleri titiz \u00e7al\u0131\u015fmalar \u00e7ok say\u0131da sikke, kur\u015fun m\u00fch\u00fcr bask\u0131lar\u0131 ve a\u011f\u0131rl\u0131klardan olu\u015fan eser grubunun Anadolu k\u00f6kenli oldu\u011funu \u015f\u00fcpheye yer b\u0131rakmaks\u0131z\u0131n ortaya koymu\u015ftur. Biz de bu do\u011frultuda haz\u0131rlanan detayl\u0131 raporu H\u0131rvat makamlar\u0131na ilettik ve \u0131srarla konunun takip\u00e7isi olduk. H\u0131rvatistan taraf\u0131ndan g\u00f6sterilen korumac\u0131 tutum, \u00fcst\u00fcn misafirperverlik ve i\u015f birli\u011finin de UNESCO 1970 S\u00f6zle\u015fmesi\u2019nin en g\u00fczel \u015fekilde uygulanmas\u0131n\u0131n bir \u00f6rne\u011fi olarak hat\u0131rlanmas\u0131n\u0131 temenni ederim. Neticede 1 Aral\u0131k 2021\u2019de eserler T\u00fcrkiye\u2019ye getirildi ve Ankara Anadolu Medeniyetleri M\u00fczesinde muhafaza alt\u0131na al\u0131nd\u0131. Ele ge\u00e7irilen sikkeler d\u00f6nem, b\u00f6lge ve kullan\u0131m a\u00e7\u0131s\u0131ndan farkl\u0131l\u0131klar i\u00e7ermektedir. \u00d6rne\u011fin hem Anadolu \u015fehir paralar\u0131 \u00f6rnekleri mevcuttur hem de M.\u00d6. 5\u2019inci y\u00fczy\u0131lda bas\u0131lan ve Anadolu\u2019nun hemen her yerinde ortak ge\u00e7erlili\u011fi olan sikkeler vard\u0131r. Yine Arap-Bizans bas\u0131m\u0131 olan \u0130slami sikkelerin en erken \u00f6rnekleri bulunuyor. Sikkelerin medeniyet k\u00f6kenlerine bakt\u0131\u011f\u0131m\u0131zda ise Roma, Kapadokya, Seleukos, Pontus, Kilikya, Emevi, \u0130lhanl\u0131-Sel\u00e7uklu ve Osmanl\u0131 kar\u015f\u0131m\u0131za \u00e7\u0131kmaktad\u0131r. Zaman dilimi olarak, ele ge\u00e7en sikkelerin yakla\u015f\u0131k 2 bin 300 y\u0131ll\u0131k bir d\u00f6nemi kapsad\u0131\u011f\u0131n\u0131 s\u00f6yleyebiliriz. \u0130fade etti\u011fim gibi milattan \u00f6nce 5\u2019inci y\u00fczy\u0131la ait \u00f6rnekler de bulunuyor, Osmanl\u0131 Padi\u015fah\u0131 II. Mahmut\u2019a ait alt\u0131n sikke de bu koleksiyonda yer al\u0131yor. Madeni \u00f6zellik a\u00e7\u0131s\u0131ndan bakt\u0131\u011f\u0131m\u0131zda alt\u0131n da var g\u00fcm\u00fc\u015f ve bak\u0131r da. Velhas\u0131l \u00f6nemli ve \u00f6zel bir koleksiyon ait oldu\u011fu topraklara d\u00f6nm\u00fc\u015ft\u00fcr\u201d diye konu\u015ftu.<\/p>\n<p><strong>K\u00fclt\u00fcr varl\u0131klar\u0131n\u0131n ka\u00e7\u0131r\u0131lmas\u0131n\u0131 \u00f6nlemek i\u00e7in 9 yeni anla\u015fma imzaland\u0131<\/strong><\/p>\n<p>T\u00fcrkiye\u2019nin k\u00fclt\u00fcrel tarihine sahip \u00e7\u0131kmak i\u00e7in \u00e7al\u0131\u015ft\u0131klar\u0131n\u0131 s\u00f6yleyen Bakan Ersoy, \u201cK\u00fclt\u00fcr varl\u0131\u011f\u0131 ka\u00e7ak\u00e7\u0131l\u0131\u011f\u0131n\u0131n \u00f6nlenmesi i\u00e7in \u0130ran, Romanya, Yunanistan, Bulgaristan, \u00c7in, Peru, T\u00fcrkmenistan, \u00d6zbekistan ve Amerika ile olmak \u00fczere 9 uluslararas\u0131 anla\u015fman\u0131n imzaland\u0131\u011f\u0131 bilgisini sizlerle payla\u015fmak isterim. Yeni anla\u015fmalar i\u00e7in \u0130svi\u00e7re ve S\u0131rbistan ile \u00e7al\u0131\u015fmalar\u0131m\u0131z\u0131 s\u00fcrd\u00fcrmekteyiz. \u0130nan\u0131yorum ki H\u0131rvatistan ile de bu \u00e7al\u0131\u015fmalar\u0131m\u0131z\u0131 etkin olarak kullanaca\u011f\u0131m\u0131z bir ikili anla\u015fmayla ta\u00e7land\u0131rmak m\u00fcmk\u00fcn olacakt\u0131r. Bu sahada bug\u00fcne kadar yapt\u0131\u011f\u0131m\u0131z her \u00e7al\u0131\u015fma ciddi bir i\u015f birli\u011fi \u00f6rne\u011fidir\u201d dedi.<\/p>\n<p><strong>Emniyet ve jandarmaya te\u015fekk\u00fcr plaketi<\/strong><\/p>\n<p>Ger\u00e7ekle\u015ftirilen t\u00f6ren ve konu\u015fmalar\u0131n ard\u0131ndan k\u00fclt\u00fcr varl\u0131klar\u0131n\u0131n korunmas\u0131 amac\u0131yla ger\u00e7ekle\u015ftirilen operasyonlara katk\u0131 sa\u011flayan Emniyet Genel M\u00fcd\u00fcrl\u00fc\u011f\u00fc ile Jandarma Genel Komutanl\u0131\u011f\u0131 personeline Bakan Ersoy ve Bakan Soylu taraf\u0131ndan te\u015fekk\u00fcr plaketi verildi.<\/p>\n<p><em><strong><a href=\"https:\/\/www.sondakika.com\/kultur-sanat\/haber-anadolu-kokenli-2-bin-955-sikkenin-hirvatistan-dan-14614377\/\">https:\/\/www.sondakika.com\/kultur-sanat\/haber-anadolu-kokenli-2-bin-955-sikkenin-hirvatistan-dan-14614377\/<\/a><\/strong><\/em><\/p>\n<div class=\"sharedaddy sd-sharing-enabled\">\n<div class=\"robots-nocontent sd-block sd-social sd-social-icon-text sd-sharing\">\n<h3 class=\"sd-title\"><\/h3>\n<\/div>\n<\/div>\n","protected":false},"excerpt":{"rendered":"<p>Anadolu k\u00f6kenli 2 bin 955 sikkenin H\u0131rvatistan\u2019dan iadesi sa\u011fland\u0131 S\u0131rbistan-H\u0131rvatistan s\u0131n\u0131r kap\u0131s\u0131nda, bir T\u00fcrk vatanda\u015f\u0131n \u00fczerinde yakalanan Anadolu k\u00f6kenli 2 bin 955 adet sikke, m\u00fch\u00fcr ve terazi a\u011f\u0131rl\u0131\u011f\u0131n\u0131n T\u00fcrkiye\u2019ye iadesi sa\u011fland\u0131. ANKARA \u2013 S\u0131rbistan-H\u0131rvatistan s\u0131n\u0131r kap\u0131s\u0131nda, bir T\u00fcrk vatanda\u015f\u0131n \u00fczerinde yakalanan Anadolu k\u00f6kenli 2 bin 955 adet sikke, m\u00fch\u00fcr ve terazi a\u011f\u0131rl\u0131\u011f\u0131n\u0131n T\u00fcrkiye\u2019ye iadesi sa\u011fland\u0131. [&hellip;]<\/p>\n","protected":false},"author":7,"featured_media":66360,"comment_status":"open","ping_status":"open","sticky":false,"template":"","format":"standard","meta":{"footnotes":""},"categories":[1],"tags":[],"class_list":["post-66359","post","type-post","status-publish","format-standard","has-post-thumbnail","hentry","category-haberler"],"yoast_head":"<!-- This site is optimized with the Yoast SEO plugin v27.4 - https:\/\/yoast.com\/product\/yoast-seo-wordpress\/ -->\n<title>Anadolu k\u00f6kenli 2 bin 955 sikkenin H\u0131rvatistan\u2019dan iadesi sa\u011fland\u0131 - Bati Ermenistan Ve Bati Ermenileri Sorunlari Ara\u015ftirmalar Merkezi<\/title>\n<meta name=\"robots\" content=\"index, follow, max-snippet:-1, max-image-preview:large, max-video-preview:-1\" \/>\n<link rel=\"canonical\" href=\"https:\/\/akunq.net\/tr\/?p=66359\" \/>\n<meta property=\"og:locale\" content=\"en_US\" \/>\n<meta property=\"og:type\" content=\"article\" \/>\n<meta property=\"og:title\" content=\"Anadolu k\u00f6kenli 2 bin 955 sikkenin H\u0131rvatistan\u2019dan iadesi sa\u011fland\u0131 - Bati Ermenistan Ve Bati Ermenileri Sorunlari Ara\u015ftirmalar Merkezi\" \/>\n<meta property=\"og:description\" content=\"Anadolu k\u00f6kenli 2 bin 955 sikkenin H\u0131rvatistan\u2019dan iadesi sa\u011fland\u0131 S\u0131rbistan-H\u0131rvatistan s\u0131n\u0131r kap\u0131s\u0131nda, bir T\u00fcrk vatanda\u015f\u0131n \u00fczerinde yakalanan Anadolu k\u00f6kenli 2 bin 955 adet sikke, m\u00fch\u00fcr ve terazi a\u011f\u0131rl\u0131\u011f\u0131n\u0131n T\u00fcrkiye\u2019ye iadesi sa\u011fland\u0131. ANKARA \u2013 S\u0131rbistan-H\u0131rvatistan s\u0131n\u0131r kap\u0131s\u0131nda, bir T\u00fcrk vatanda\u015f\u0131n \u00fczerinde yakalanan Anadolu k\u00f6kenli 2 bin 955 adet sikke, m\u00fch\u00fcr ve terazi a\u011f\u0131rl\u0131\u011f\u0131n\u0131n T\u00fcrkiye\u2019ye iadesi sa\u011fland\u0131. [&hellip;]\" \/>\n<meta property=\"og:url\" content=\"https:\/\/akunq.net\/tr\/?p=66359\" \/>\n<meta property=\"og:site_name\" content=\"Bati Ermenistan Ve Bati Ermenileri Sorunlari Ara\u015ftirmalar Merkezi\" \/>\n<meta property=\"article:published_time\" content=\"2021-12-22T08:35:55+00:00\" \/>\n<meta property=\"og:image\" content=\"https:\/\/akunq.net\/tr\/wp-content\/uploads\/sites\/6\/2021\/12\/sikke.jpg\" \/>\n\t<meta property=\"og:image:width\" content=\"639\" \/>\n\t<meta property=\"og:image:height\" content=\"360\" \/>\n\t<meta property=\"og:image:type\" content=\"image\/jpeg\" \/>\n<meta name=\"author\" content=\"admin\" \/>\n<meta name=\"twitter:card\" content=\"summary_large_image\" \/>\n<meta name=\"twitter:label1\" content=\"Written by\" \/>\n\t<meta name=\"twitter:data1\" content=\"admin\" \/>\n\t<meta name=\"twitter:label2\" content=\"Est. reading time\" \/>\n\t<meta name=\"twitter:data2\" content=\"7 minutes\" \/>\n<script type=\"application\/ld+json\" class=\"yoast-schema-graph\">{\"@context\":\"https:\\\/\\\/schema.org\",\"@graph\":[{\"@type\":\"Article\",\"@id\":\"https:\\\/\\\/akunq.net\\\/tr\\\/?p=66359#article\",\"isPartOf\":{\"@id\":\"https:\\\/\\\/akunq.net\\\/tr\\\/?p=66359\"},\"author\":{\"name\":\"admin\",\"@id\":\"https:\\\/\\\/akunq.net\\\/tr\\\/#\\\/schema\\\/person\\\/096f1d38a12cce57fb855b485ed24c9e\"},\"headline\":\"Anadolu k\u00f6kenli 2 bin 955 sikkenin H\u0131rvatistan\u2019dan iadesi sa\u011fland\u0131\",\"datePublished\":\"2021-12-22T08:35:55+00:00\",\"mainEntityOfPage\":{\"@id\":\"https:\\\/\\\/akunq.net\\\/tr\\\/?p=66359\"},\"wordCount\":1373,\"commentCount\":0,\"image\":{\"@id\":\"https:\\\/\\\/akunq.net\\\/tr\\\/?p=66359#primaryimage\"},\"thumbnailUrl\":\"https:\\\/\\\/akunq.net\\\/tr\\\/wp-content\\\/uploads\\\/sites\\\/6\\\/2021\\\/12\\\/sikke.jpg\",\"articleSection\":[\"Haberler\"],\"inLanguage\":\"en-US\",\"potentialAction\":[{\"@type\":\"CommentAction\",\"name\":\"Comment\",\"target\":[\"https:\\\/\\\/akunq.net\\\/tr\\\/?p=66359#respond\"]}]},{\"@type\":\"WebPage\",\"@id\":\"https:\\\/\\\/akunq.net\\\/tr\\\/?p=66359\",\"url\":\"https:\\\/\\\/akunq.net\\\/tr\\\/?p=66359\",\"name\":\"Anadolu k\u00f6kenli 2 bin 955 sikkenin H\u0131rvatistan\u2019dan iadesi sa\u011fland\u0131 - Bati Ermenistan Ve Bati Ermenileri Sorunlari Ara\u015ftirmalar Merkezi\",\"isPartOf\":{\"@id\":\"https:\\\/\\\/akunq.net\\\/tr\\\/#website\"},\"primaryImageOfPage\":{\"@id\":\"https:\\\/\\\/akunq.net\\\/tr\\\/?p=66359#primaryimage\"},\"image\":{\"@id\":\"https:\\\/\\\/akunq.net\\\/tr\\\/?p=66359#primaryimage\"},\"thumbnailUrl\":\"https:\\\/\\\/akunq.net\\\/tr\\\/wp-content\\\/uploads\\\/sites\\\/6\\\/2021\\\/12\\\/sikke.jpg\",\"datePublished\":\"2021-12-22T08:35:55+00:00\",\"author\":{\"@id\":\"https:\\\/\\\/akunq.net\\\/tr\\\/#\\\/schema\\\/person\\\/096f1d38a12cce57fb855b485ed24c9e\"},\"breadcrumb\":{\"@id\":\"https:\\\/\\\/akunq.net\\\/tr\\\/?p=66359#breadcrumb\"},\"inLanguage\":\"en-US\",\"potentialAction\":[{\"@type\":\"ReadAction\",\"target\":[\"https:\\\/\\\/akunq.net\\\/tr\\\/?p=66359\"]}]},{\"@type\":\"ImageObject\",\"inLanguage\":\"en-US\",\"@id\":\"https:\\\/\\\/akunq.net\\\/tr\\\/?p=66359#primaryimage\",\"url\":\"https:\\\/\\\/akunq.net\\\/tr\\\/wp-content\\\/uploads\\\/sites\\\/6\\\/2021\\\/12\\\/sikke.jpg\",\"contentUrl\":\"https:\\\/\\\/akunq.net\\\/tr\\\/wp-content\\\/uploads\\\/sites\\\/6\\\/2021\\\/12\\\/sikke.jpg\",\"width\":639,\"height\":360},{\"@type\":\"BreadcrumbList\",\"@id\":\"https:\\\/\\\/akunq.net\\\/tr\\\/?p=66359#breadcrumb\",\"itemListElement\":[{\"@type\":\"ListItem\",\"position\":1,\"name\":\"Home\",\"item\":\"https:\\\/\\\/akunq.net\\\/tr\"},{\"@type\":\"ListItem\",\"position\":2,\"name\":\"Anadolu k\u00f6kenli 2 bin 955 sikkenin H\u0131rvatistan\u2019dan iadesi sa\u011fland\u0131\"}]},{\"@type\":\"WebSite\",\"@id\":\"https:\\\/\\\/akunq.net\\\/tr\\\/#website\",\"url\":\"https:\\\/\\\/akunq.net\\\/tr\\\/\",\"name\":\"Bati Ermenistan Ve Bati Ermenileri Sorunlari Ara\u015ftirmalar Merkezi\",\"description\":\"\",\"potentialAction\":[{\"@type\":\"SearchAction\",\"target\":{\"@type\":\"EntryPoint\",\"urlTemplate\":\"https:\\\/\\\/akunq.net\\\/tr\\\/?s={search_term_string}\"},\"query-input\":{\"@type\":\"PropertyValueSpecification\",\"valueRequired\":true,\"valueName\":\"search_term_string\"}}],\"inLanguage\":\"en-US\"},{\"@type\":\"Person\",\"@id\":\"https:\\\/\\\/akunq.net\\\/tr\\\/#\\\/schema\\\/person\\\/096f1d38a12cce57fb855b485ed24c9e\",\"name\":\"admin\",\"url\":\"https:\\\/\\\/akunq.net\\\/tr\\\/?author=7\"}]}<\/script>\n<!-- \/ Yoast SEO plugin. -->","yoast_head_json":{"title":"Anadolu k\u00f6kenli 2 bin 955 sikkenin H\u0131rvatistan\u2019dan iadesi sa\u011fland\u0131 - Bati Ermenistan Ve Bati Ermenileri Sorunlari Ara\u015ftirmalar Merkezi","robots":{"index":"index","follow":"follow","max-snippet":"max-snippet:-1","max-image-preview":"max-image-preview:large","max-video-preview":"max-video-preview:-1"},"canonical":"https:\/\/akunq.net\/tr\/?p=66359","og_locale":"en_US","og_type":"article","og_title":"Anadolu k\u00f6kenli 2 bin 955 sikkenin H\u0131rvatistan\u2019dan iadesi sa\u011fland\u0131 - Bati Ermenistan Ve Bati Ermenileri Sorunlari Ara\u015ftirmalar Merkezi","og_description":"Anadolu k\u00f6kenli 2 bin 955 sikkenin H\u0131rvatistan\u2019dan iadesi sa\u011fland\u0131 S\u0131rbistan-H\u0131rvatistan s\u0131n\u0131r kap\u0131s\u0131nda, bir T\u00fcrk vatanda\u015f\u0131n \u00fczerinde yakalanan Anadolu k\u00f6kenli 2 bin 955 adet sikke, m\u00fch\u00fcr ve terazi a\u011f\u0131rl\u0131\u011f\u0131n\u0131n T\u00fcrkiye\u2019ye iadesi sa\u011fland\u0131. ANKARA \u2013 S\u0131rbistan-H\u0131rvatistan s\u0131n\u0131r kap\u0131s\u0131nda, bir T\u00fcrk vatanda\u015f\u0131n \u00fczerinde yakalanan Anadolu k\u00f6kenli 2 bin 955 adet sikke, m\u00fch\u00fcr ve terazi a\u011f\u0131rl\u0131\u011f\u0131n\u0131n T\u00fcrkiye\u2019ye iadesi sa\u011fland\u0131. [&hellip;]","og_url":"https:\/\/akunq.net\/tr\/?p=66359","og_site_name":"Bati Ermenistan Ve Bati Ermenileri Sorunlari Ara\u015ftirmalar Merkezi","article_published_time":"2021-12-22T08:35:55+00:00","og_image":[{"width":639,"height":360,"url":"https:\/\/akunq.net\/tr\/wp-content\/uploads\/sites\/6\/2021\/12\/sikke.jpg","type":"image\/jpeg"}],"author":"admin","twitter_card":"summary_large_image","twitter_misc":{"Written by":"admin","Est. reading time":"7 minutes"},"schema":{"@context":"https:\/\/schema.org","@graph":[{"@type":"Article","@id":"https:\/\/akunq.net\/tr\/?p=66359#article","isPartOf":{"@id":"https:\/\/akunq.net\/tr\/?p=66359"},"author":{"name":"admin","@id":"https:\/\/akunq.net\/tr\/#\/schema\/person\/096f1d38a12cce57fb855b485ed24c9e"},"headline":"Anadolu k\u00f6kenli 2 bin 955 sikkenin H\u0131rvatistan\u2019dan iadesi sa\u011fland\u0131","datePublished":"2021-12-22T08:35:55+00:00","mainEntityOfPage":{"@id":"https:\/\/akunq.net\/tr\/?p=66359"},"wordCount":1373,"commentCount":0,"image":{"@id":"https:\/\/akunq.net\/tr\/?p=66359#primaryimage"},"thumbnailUrl":"https:\/\/akunq.net\/tr\/wp-content\/uploads\/sites\/6\/2021\/12\/sikke.jpg","articleSection":["Haberler"],"inLanguage":"en-US","potentialAction":[{"@type":"CommentAction","name":"Comment","target":["https:\/\/akunq.net\/tr\/?p=66359#respond"]}]},{"@type":"WebPage","@id":"https:\/\/akunq.net\/tr\/?p=66359","url":"https:\/\/akunq.net\/tr\/?p=66359","name":"Anadolu k\u00f6kenli 2 bin 955 sikkenin H\u0131rvatistan\u2019dan iadesi sa\u011fland\u0131 - Bati Ermenistan Ve Bati Ermenileri Sorunlari Ara\u015ftirmalar Merkezi","isPartOf":{"@id":"https:\/\/akunq.net\/tr\/#website"},"primaryImageOfPage":{"@id":"https:\/\/akunq.net\/tr\/?p=66359#primaryimage"},"image":{"@id":"https:\/\/akunq.net\/tr\/?p=66359#primaryimage"},"thumbnailUrl":"https:\/\/akunq.net\/tr\/wp-content\/uploads\/sites\/6\/2021\/12\/sikke.jpg","datePublished":"2021-12-22T08:35:55+00:00","author":{"@id":"https:\/\/akunq.net\/tr\/#\/schema\/person\/096f1d38a12cce57fb855b485ed24c9e"},"breadcrumb":{"@id":"https:\/\/akunq.net\/tr\/?p=66359#breadcrumb"},"inLanguage":"en-US","potentialAction":[{"@type":"ReadAction","target":["https:\/\/akunq.net\/tr\/?p=66359"]}]},{"@type":"ImageObject","inLanguage":"en-US","@id":"https:\/\/akunq.net\/tr\/?p=66359#primaryimage","url":"https:\/\/akunq.net\/tr\/wp-content\/uploads\/sites\/6\/2021\/12\/sikke.jpg","contentUrl":"https:\/\/akunq.net\/tr\/wp-content\/uploads\/sites\/6\/2021\/12\/sikke.jpg","width":639,"height":360},{"@type":"BreadcrumbList","@id":"https:\/\/akunq.net\/tr\/?p=66359#breadcrumb","itemListElement":[{"@type":"ListItem","position":1,"name":"Home","item":"https:\/\/akunq.net\/tr"},{"@type":"ListItem","position":2,"name":"Anadolu k\u00f6kenli 2 bin 955 sikkenin H\u0131rvatistan\u2019dan iadesi sa\u011fland\u0131"}]},{"@type":"WebSite","@id":"https:\/\/akunq.net\/tr\/#website","url":"https:\/\/akunq.net\/tr\/","name":"Bati Ermenistan Ve Bati Ermenileri Sorunlari Ara\u015ftirmalar Merkezi","description":"","potentialAction":[{"@type":"SearchAction","target":{"@type":"EntryPoint","urlTemplate":"https:\/\/akunq.net\/tr\/?s={search_term_string}"},"query-input":{"@type":"PropertyValueSpecification","valueRequired":true,"valueName":"search_term_string"}}],"inLanguage":"en-US"},{"@type":"Person","@id":"https:\/\/akunq.net\/tr\/#\/schema\/person\/096f1d38a12cce57fb855b485ed24c9e","name":"admin","url":"https:\/\/akunq.net\/tr\/?author=7"}]}},"_links":{"self":[{"href":"https:\/\/akunq.net\/tr\/index.php?rest_route=\/wp\/v2\/posts\/66359","targetHints":{"allow":["GET"]}}],"collection":[{"href":"https:\/\/akunq.net\/tr\/index.php?rest_route=\/wp\/v2\/posts"}],"about":[{"href":"https:\/\/akunq.net\/tr\/index.php?rest_route=\/wp\/v2\/types\/post"}],"author":[{"embeddable":true,"href":"https:\/\/akunq.net\/tr\/index.php?rest_route=\/wp\/v2\/users\/7"}],"replies":[{"embeddable":true,"href":"https:\/\/akunq.net\/tr\/index.php?rest_route=%2Fwp%2Fv2%2Fcomments&post=66359"}],"version-history":[{"count":1,"href":"https:\/\/akunq.net\/tr\/index.php?rest_route=\/wp\/v2\/posts\/66359\/revisions"}],"predecessor-version":[{"id":66361,"href":"https:\/\/akunq.net\/tr\/index.php?rest_route=\/wp\/v2\/posts\/66359\/revisions\/66361"}],"wp:featuredmedia":[{"embeddable":true,"href":"https:\/\/akunq.net\/tr\/index.php?rest_route=\/wp\/v2\/media\/66360"}],"wp:attachment":[{"href":"https:\/\/akunq.net\/tr\/index.php?rest_route=%2Fwp%2Fv2%2Fmedia&parent=66359"}],"wp:term":[{"taxonomy":"category","embeddable":true,"href":"https:\/\/akunq.net\/tr\/index.php?rest_route=%2Fwp%2Fv2%2Fcategories&post=66359"},{"taxonomy":"post_tag","embeddable":true,"href":"https:\/\/akunq.net\/tr\/index.php?rest_route=%2Fwp%2Fv2%2Ftags&post=66359"}],"curies":[{"name":"wp","href":"https:\/\/api.w.org\/{rel}","templated":true}]}}