{"id":66353,"date":"2021-12-22T02:38:31","date_gmt":"2021-12-22T07:38:31","guid":{"rendered":"https:\/\/akunq.net\/tr\/?p=66353"},"modified":"2021-12-22T02:38:31","modified_gmt":"2021-12-22T07:38:31","slug":"burasi-hindistan-degil-van","status":"publish","type":"post","link":"https:\/\/akunq.net\/tr\/?p=66353","title":{"rendered":"Buras\u0131 Hindistan de\u011fil Van"},"content":{"rendered":"<p><img loading=\"lazy\" decoding=\"async\" class=\"aligncenter size-medium wp-image-66354\" src=\"https:\/\/akunq.net\/tr\/wp-content\/uploads\/2021\/12\/Hindistan-de\u011fil-Van-360x189.jpeg\" alt=\"\" width=\"360\" height=\"189\" srcset=\"https:\/\/akunq.net\/tr\/wp-content\/uploads\/sites\/6\/2021\/12\/Hindistan-de\u011fil-Van-360x189.jpeg 360w, https:\/\/akunq.net\/tr\/wp-content\/uploads\/sites\/6\/2021\/12\/Hindistan-de\u011fil-Van-560x294.jpeg 560w, https:\/\/akunq.net\/tr\/wp-content\/uploads\/sites\/6\/2021\/12\/Hindistan-de\u011fil-Van-260x137.jpeg 260w, https:\/\/akunq.net\/tr\/wp-content\/uploads\/sites\/6\/2021\/12\/Hindistan-de\u011fil-Van-160x84.jpeg 160w, https:\/\/akunq.net\/tr\/wp-content\/uploads\/sites\/6\/2021\/12\/Hindistan-de\u011fil-Van.jpeg 752w\" sizes=\"auto, (max-width: 360px) 100vw, 360px\" \/><\/p>\n<p><em><strong><a href=\"https:\/\/www.sabah.com.tr\/haberleri\/van\" target=\"_blank\" rel=\"noreferrer noopener\">Van<\/a>\u2019\u0131n\u00a0<a href=\"https:\/\/www.sabah.com.tr\/haberleri\/gurpinar\" target=\"_blank\" rel=\"noreferrer noopener\">G\u00fcrp\u0131nar<\/a>\u00a0il\u00e7esine ba\u011fl\u0131 Erkald\u0131 k\u00f6y\u00fc yakla\u015f\u0131k y\u00fcz y\u0131ld\u0131r \u2018<a href=\"https:\/\/www.sabah.com.tr\/haberleri\/hindistan\" target=\"_blank\" rel=\"noreferrer noopener\">Hindistan<\/a>\u2019 olarak an\u0131l\u0131yor. K\u00f6y\u00fcn giri\u015findeki \u00e7ift isimli tabela g\u00f6renleri \u015fa\u015f\u0131rt\u0131yor.<\/strong><\/em><\/p>\n<p><a href=\"https:\/\/www.sabah.com.tr\/haberleri\/van\" target=\"_blank\" rel=\"noreferrer noopener\">Van<\/a>\u2018\u0131n\u00a0<a href=\"https:\/\/www.sabah.com.tr\/haberleri\/gurpinar\" target=\"_blank\" rel=\"noreferrer noopener\">G\u00fcrp\u0131nar<\/a>\u00a0il\u00e7esine ba\u011fl\u0131 bin 300 n\u00fcfuslu Erkald\u0131 k\u00f6y\u00fc y\u0131llard\u0131r \u2018<a href=\"https:\/\/www.sabah.com.tr\/haberleri\/hindistan\" target=\"_blank\" rel=\"noreferrer noopener\">Hindistan<\/a>\u2018 k\u00f6y\u00fc olarak biliniyor. K\u00f6y\u00fcn giri\u015finde yer alan iki ismin de yer ald\u0131\u011f\u0131 \u2018Erkald\u0131, Hindistan\u2019 tabelas\u0131 yoldan ge\u00e7en herkesi \u015fa\u015f\u0131rt\u0131yor. Hindistan \u00fclkesiyle ba\u011f\u0131 olmayan k\u00f6y\u00fcn ismini, y\u00fcz y\u0131llar \u00f6nce bu k\u00f6yde ya\u015fayan Ermenilerin \u201casarl\u0131k, y\u0131k\u0131lm\u0131\u015f yer\u201d anlam\u0131na gelen \u2018Hindistan\u2019 olarak koydu\u011fu biliniyor. As\u0131l ad\u0131 Erkald\u0131 olan k\u00f6y, y\u00fczy\u0131ldan fazlad\u0131r iki isimle de an\u0131l\u0131yor. Ermenilerden kalma evlerin izleri ise h\u00e2l\u00e2 varl\u0131\u011f\u0131n\u0131 s\u00fcrd\u00fcr\u00fcyor.<\/p>\n<p><strong>K\u00d6YDEK\u0130 HERKES AKRABA<\/strong><br \/>\nK\u00f6y ismi nedeniyle yerli ve yabanc\u0131 turistlerin de ilgisini \u00e7ekiyor. Yaz ve k\u0131\u015f aylar\u0131nda n\u00fcfus de\u011fi\u015fse de ortalama bin 300 n\u00fcfusa sahip olan k\u00f6y\u00fcn muhtar\u0131 Halil Ta\u015fer k\u00f6y\u00fcn tarih\u00e7esini anlatt\u0131. 103 y\u0131l \u00f6nce b\u00fcy\u00fck dedelerinin bu k\u00f6ye geldi\u011fini belirten Ta\u015fer, \u201cBu k\u00f6yde herkes akrabad\u0131r. Benim dedemler y\u00fcz y\u0131l \u00f6nce Cizre\u2019den\u00a0<a href=\"https:\/\/www.sabah.com.tr\/haberleri\/sovyetler\" target=\"_blank\" rel=\"noreferrer noopener\">Sovyetler<\/a>\u2018e g\u00f6\u00e7 etmi\u015fler. Orada zulme u\u011fray\u0131nca buraya gelerek yerle\u015fmi\u015fler. Buras\u0131 y\u00fcz y\u0131ll\u0131k bir yerle\u015fim yeri. Bizden \u00f6nce Ermeniler ya\u015f\u0131yormu\u015f. 300 y\u0131ll\u0131k oldu\u011fu tahmin edilen 2 Ermeni kilisesi vard\u0131 fakat onlar y\u0131k\u0131ld\u0131. Kilisenin y\u0131k\u0131ld\u0131\u011f\u0131 yere k\u00f6y\u00fcn camisi yap\u0131ld\u0131. Sadece eski evlerden kalma kal\u0131nt\u0131lar var\u201d dedi.<\/p>\n<p><strong>\u2018DUYANLAR \u015eA\u015eIRIYOR\u2019<\/strong><br \/>\nK\u00f6yde iklim de\u011fi\u015fikli\u011finin sebep oldu\u011fu kurakl\u0131k nedeniyle tar\u0131m\u0131n bitti\u011fini, hayvanc\u0131l\u0131\u011f\u0131n ise azald\u0131\u011f\u0131n\u0131 aktaran Ta\u015fer, \u201cK\u00f6y\u00fcm\u00fczde 2 kaynak su vard\u0131 fakat bunlar kurudu. Eskiden burada \u00fcz\u00fcm, ceviz ve armut yeti\u015ftirilirdi fakat \u015fimdi kalmad\u0131. Kendimiz de susuzluk ya\u015fay\u0131p bir d\u00f6nem tankerle su getirttik. \u015eimdi \u00e7ok \u015f\u00fck\u00fcr belediye sondaj\u0131 ile suyumuz var. Fakat tar\u0131m ve hayvanc\u0131l\u0131k i\u00e7in yeterli olmamas\u0131 sebebiyle gen\u00e7ler \u015fehir d\u0131\u015f\u0131 ve yurt d\u0131\u015f\u0131na \u00e7al\u0131\u015fmaya gidiyor.\u00a0<a href=\"https:\/\/www.sabah.com.tr\/haberleri\/kuzey-irak\" target=\"_blank\" rel=\"noreferrer noopener\">Kuzey Irak<\/a>,\u00a0<a href=\"https:\/\/www.sabah.com.tr\/haberleri\/pakistan\" target=\"_blank\" rel=\"noreferrer noopener\">Pakistan<\/a>,\u00a0<a href=\"https:\/\/www.sabah.com.tr\/haberleri\/iran\" target=\"_blank\" rel=\"noreferrer noopener\">\u0130ran<\/a>,\u00a0<a href=\"https:\/\/www.sabah.com.tr\/haberleri\/azerbaycan\" target=\"_blank\" rel=\"noreferrer noopener\">Azerbaycan<\/a>\u00a0ve\u00a0<a href=\"https:\/\/www.sabah.com.tr\/haberleri\/tanzanya\" target=\"_blank\" rel=\"noreferrer noopener\">Tanzanya<\/a>\u2018da in\u015faat sekt\u00f6r\u00fcnde \u00e7al\u0131\u015fan k\u00f6yl\u00fclerimiz var.\u00a0<a href=\"https:\/\/www.sabah.com.tr\/haberleri\/turkiye\" target=\"_blank\" rel=\"noreferrer noopener\">T\u00fcrkiye<\/a>\u2018de de yurtd\u0131\u015f\u0131nda da \u2018Ben Hindistan\u2019dan geldim\u2019 deyince insanlar \u015fa\u015f\u0131r\u0131yor\u201d ifadelerini kulland\u0131.<\/p>\n<p><em><strong>Asl\u0131\u015fah\u00a0NARG\u00dcL<\/strong><\/em><\/p>\n<p><em><strong><a href=\"https:\/\/www.sabah.com.tr\/yasam\/burasi-hindistan-degil-van-5796196\">https:\/\/www.sabah.com.tr\/yasam\/burasi-hindistan-degil-van-5796196<\/a>\u00a0<\/strong><\/em><\/p>\n","protected":false},"excerpt":{"rendered":"<p>Van\u2019\u0131n\u00a0G\u00fcrp\u0131nar\u00a0il\u00e7esine ba\u011fl\u0131 Erkald\u0131 k\u00f6y\u00fc yakla\u015f\u0131k y\u00fcz y\u0131ld\u0131r \u2018Hindistan\u2019 olarak an\u0131l\u0131yor. K\u00f6y\u00fcn giri\u015findeki \u00e7ift isimli tabela g\u00f6renleri \u015fa\u015f\u0131rt\u0131yor. Van\u2018\u0131n\u00a0G\u00fcrp\u0131nar\u00a0il\u00e7esine ba\u011fl\u0131 bin 300 n\u00fcfuslu Erkald\u0131 k\u00f6y\u00fc y\u0131llard\u0131r \u2018Hindistan\u2018 k\u00f6y\u00fc olarak biliniyor. K\u00f6y\u00fcn giri\u015finde yer alan iki ismin de yer ald\u0131\u011f\u0131 \u2018Erkald\u0131, Hindistan\u2019 tabelas\u0131 yoldan ge\u00e7en herkesi \u015fa\u015f\u0131rt\u0131yor. Hindistan \u00fclkesiyle ba\u011f\u0131 olmayan k\u00f6y\u00fcn ismini, y\u00fcz y\u0131llar \u00f6nce bu [&hellip;]<\/p>\n","protected":false},"author":7,"featured_media":66354,"comment_status":"open","ping_status":"open","sticky":false,"template":"","format":"standard","meta":{"footnotes":""},"categories":[22,1],"tags":[],"class_list":["post-66353","post","type-post","status-publish","format-standard","has-post-thumbnail","hentry","category-gunumuzde-bati-ermenistan","category-haberler"],"yoast_head":"<!-- This site is optimized with the Yoast SEO plugin v27.4 - https:\/\/yoast.com\/product\/yoast-seo-wordpress\/ -->\n<title>Buras\u0131 Hindistan de\u011fil Van - Bati Ermenistan Ve Bati Ermenileri Sorunlari Ara\u015ftirmalar Merkezi<\/title>\n<meta name=\"robots\" content=\"index, follow, max-snippet:-1, max-image-preview:large, max-video-preview:-1\" \/>\n<link rel=\"canonical\" href=\"https:\/\/akunq.net\/tr\/?p=66353\" \/>\n<meta property=\"og:locale\" content=\"en_US\" \/>\n<meta property=\"og:type\" content=\"article\" \/>\n<meta property=\"og:title\" content=\"Buras\u0131 Hindistan de\u011fil Van - Bati Ermenistan Ve Bati Ermenileri Sorunlari Ara\u015ftirmalar Merkezi\" \/>\n<meta property=\"og:description\" content=\"Van\u2019\u0131n\u00a0G\u00fcrp\u0131nar\u00a0il\u00e7esine ba\u011fl\u0131 Erkald\u0131 k\u00f6y\u00fc yakla\u015f\u0131k y\u00fcz y\u0131ld\u0131r \u2018Hindistan\u2019 olarak an\u0131l\u0131yor. K\u00f6y\u00fcn giri\u015findeki \u00e7ift isimli tabela g\u00f6renleri \u015fa\u015f\u0131rt\u0131yor. Van\u2018\u0131n\u00a0G\u00fcrp\u0131nar\u00a0il\u00e7esine ba\u011fl\u0131 bin 300 n\u00fcfuslu Erkald\u0131 k\u00f6y\u00fc y\u0131llard\u0131r \u2018Hindistan\u2018 k\u00f6y\u00fc olarak biliniyor. K\u00f6y\u00fcn giri\u015finde yer alan iki ismin de yer ald\u0131\u011f\u0131 \u2018Erkald\u0131, Hindistan\u2019 tabelas\u0131 yoldan ge\u00e7en herkesi \u015fa\u015f\u0131rt\u0131yor. Hindistan \u00fclkesiyle ba\u011f\u0131 olmayan k\u00f6y\u00fcn ismini, y\u00fcz y\u0131llar \u00f6nce bu [&hellip;]\" \/>\n<meta property=\"og:url\" content=\"https:\/\/akunq.net\/tr\/?p=66353\" \/>\n<meta property=\"og:site_name\" content=\"Bati Ermenistan Ve Bati Ermenileri Sorunlari Ara\u015ftirmalar Merkezi\" \/>\n<meta property=\"article:published_time\" content=\"2021-12-22T07:38:31+00:00\" \/>\n<meta property=\"og:image\" content=\"https:\/\/akunq.net\/tr\/wp-content\/uploads\/sites\/6\/2021\/12\/Hindistan-de\u011fil-Van.jpeg\" \/>\n\t<meta property=\"og:image:width\" content=\"752\" \/>\n\t<meta property=\"og:image:height\" content=\"395\" \/>\n\t<meta property=\"og:image:type\" content=\"image\/jpeg\" \/>\n<meta name=\"author\" content=\"admin\" \/>\n<meta name=\"twitter:card\" content=\"summary_large_image\" \/>\n<meta name=\"twitter:label1\" content=\"Written by\" \/>\n\t<meta name=\"twitter:data1\" content=\"admin\" \/>\n\t<meta name=\"twitter:label2\" content=\"Est. reading time\" \/>\n\t<meta name=\"twitter:data2\" content=\"2 minutes\" \/>\n<script type=\"application\/ld+json\" class=\"yoast-schema-graph\">{\"@context\":\"https:\\\/\\\/schema.org\",\"@graph\":[{\"@type\":\"Article\",\"@id\":\"https:\\\/\\\/akunq.net\\\/tr\\\/?p=66353#article\",\"isPartOf\":{\"@id\":\"https:\\\/\\\/akunq.net\\\/tr\\\/?p=66353\"},\"author\":{\"name\":\"admin\",\"@id\":\"https:\\\/\\\/akunq.net\\\/tr\\\/#\\\/schema\\\/person\\\/096f1d38a12cce57fb855b485ed24c9e\"},\"headline\":\"Buras\u0131 Hindistan de\u011fil Van\",\"datePublished\":\"2021-12-22T07:38:31+00:00\",\"mainEntityOfPage\":{\"@id\":\"https:\\\/\\\/akunq.net\\\/tr\\\/?p=66353\"},\"wordCount\":435,\"commentCount\":0,\"image\":{\"@id\":\"https:\\\/\\\/akunq.net\\\/tr\\\/?p=66353#primaryimage\"},\"thumbnailUrl\":\"https:\\\/\\\/akunq.net\\\/tr\\\/wp-content\\\/uploads\\\/sites\\\/6\\\/2021\\\/12\\\/Hindistan-de\u011fil-Van.jpeg\",\"articleSection\":[\"G\u00fcn\u00fcm\u00fczde Bat\u0131 Ermenistan\",\"Haberler\"],\"inLanguage\":\"en-US\",\"potentialAction\":[{\"@type\":\"CommentAction\",\"name\":\"Comment\",\"target\":[\"https:\\\/\\\/akunq.net\\\/tr\\\/?p=66353#respond\"]}]},{\"@type\":\"WebPage\",\"@id\":\"https:\\\/\\\/akunq.net\\\/tr\\\/?p=66353\",\"url\":\"https:\\\/\\\/akunq.net\\\/tr\\\/?p=66353\",\"name\":\"Buras\u0131 Hindistan de\u011fil Van - Bati Ermenistan Ve Bati Ermenileri Sorunlari Ara\u015ftirmalar Merkezi\",\"isPartOf\":{\"@id\":\"https:\\\/\\\/akunq.net\\\/tr\\\/#website\"},\"primaryImageOfPage\":{\"@id\":\"https:\\\/\\\/akunq.net\\\/tr\\\/?p=66353#primaryimage\"},\"image\":{\"@id\":\"https:\\\/\\\/akunq.net\\\/tr\\\/?p=66353#primaryimage\"},\"thumbnailUrl\":\"https:\\\/\\\/akunq.net\\\/tr\\\/wp-content\\\/uploads\\\/sites\\\/6\\\/2021\\\/12\\\/Hindistan-de\u011fil-Van.jpeg\",\"datePublished\":\"2021-12-22T07:38:31+00:00\",\"author\":{\"@id\":\"https:\\\/\\\/akunq.net\\\/tr\\\/#\\\/schema\\\/person\\\/096f1d38a12cce57fb855b485ed24c9e\"},\"breadcrumb\":{\"@id\":\"https:\\\/\\\/akunq.net\\\/tr\\\/?p=66353#breadcrumb\"},\"inLanguage\":\"en-US\",\"potentialAction\":[{\"@type\":\"ReadAction\",\"target\":[\"https:\\\/\\\/akunq.net\\\/tr\\\/?p=66353\"]}]},{\"@type\":\"ImageObject\",\"inLanguage\":\"en-US\",\"@id\":\"https:\\\/\\\/akunq.net\\\/tr\\\/?p=66353#primaryimage\",\"url\":\"https:\\\/\\\/akunq.net\\\/tr\\\/wp-content\\\/uploads\\\/sites\\\/6\\\/2021\\\/12\\\/Hindistan-de\u011fil-Van.jpeg\",\"contentUrl\":\"https:\\\/\\\/akunq.net\\\/tr\\\/wp-content\\\/uploads\\\/sites\\\/6\\\/2021\\\/12\\\/Hindistan-de\u011fil-Van.jpeg\",\"width\":752,\"height\":395},{\"@type\":\"BreadcrumbList\",\"@id\":\"https:\\\/\\\/akunq.net\\\/tr\\\/?p=66353#breadcrumb\",\"itemListElement\":[{\"@type\":\"ListItem\",\"position\":1,\"name\":\"Home\",\"item\":\"https:\\\/\\\/akunq.net\\\/tr\"},{\"@type\":\"ListItem\",\"position\":2,\"name\":\"Buras\u0131 Hindistan de\u011fil Van\"}]},{\"@type\":\"WebSite\",\"@id\":\"https:\\\/\\\/akunq.net\\\/tr\\\/#website\",\"url\":\"https:\\\/\\\/akunq.net\\\/tr\\\/\",\"name\":\"Bati Ermenistan Ve Bati Ermenileri Sorunlari Ara\u015ftirmalar Merkezi\",\"description\":\"\",\"potentialAction\":[{\"@type\":\"SearchAction\",\"target\":{\"@type\":\"EntryPoint\",\"urlTemplate\":\"https:\\\/\\\/akunq.net\\\/tr\\\/?s={search_term_string}\"},\"query-input\":{\"@type\":\"PropertyValueSpecification\",\"valueRequired\":true,\"valueName\":\"search_term_string\"}}],\"inLanguage\":\"en-US\"},{\"@type\":\"Person\",\"@id\":\"https:\\\/\\\/akunq.net\\\/tr\\\/#\\\/schema\\\/person\\\/096f1d38a12cce57fb855b485ed24c9e\",\"name\":\"admin\",\"url\":\"https:\\\/\\\/akunq.net\\\/tr\\\/?author=7\"}]}<\/script>\n<!-- \/ Yoast SEO plugin. -->","yoast_head_json":{"title":"Buras\u0131 Hindistan de\u011fil Van - Bati Ermenistan Ve Bati Ermenileri Sorunlari Ara\u015ftirmalar Merkezi","robots":{"index":"index","follow":"follow","max-snippet":"max-snippet:-1","max-image-preview":"max-image-preview:large","max-video-preview":"max-video-preview:-1"},"canonical":"https:\/\/akunq.net\/tr\/?p=66353","og_locale":"en_US","og_type":"article","og_title":"Buras\u0131 Hindistan de\u011fil Van - Bati Ermenistan Ve Bati Ermenileri Sorunlari Ara\u015ftirmalar Merkezi","og_description":"Van\u2019\u0131n\u00a0G\u00fcrp\u0131nar\u00a0il\u00e7esine ba\u011fl\u0131 Erkald\u0131 k\u00f6y\u00fc yakla\u015f\u0131k y\u00fcz y\u0131ld\u0131r \u2018Hindistan\u2019 olarak an\u0131l\u0131yor. K\u00f6y\u00fcn giri\u015findeki \u00e7ift isimli tabela g\u00f6renleri \u015fa\u015f\u0131rt\u0131yor. Van\u2018\u0131n\u00a0G\u00fcrp\u0131nar\u00a0il\u00e7esine ba\u011fl\u0131 bin 300 n\u00fcfuslu Erkald\u0131 k\u00f6y\u00fc y\u0131llard\u0131r \u2018Hindistan\u2018 k\u00f6y\u00fc olarak biliniyor. K\u00f6y\u00fcn giri\u015finde yer alan iki ismin de yer ald\u0131\u011f\u0131 \u2018Erkald\u0131, Hindistan\u2019 tabelas\u0131 yoldan ge\u00e7en herkesi \u015fa\u015f\u0131rt\u0131yor. Hindistan \u00fclkesiyle ba\u011f\u0131 olmayan k\u00f6y\u00fcn ismini, y\u00fcz y\u0131llar \u00f6nce bu [&hellip;]","og_url":"https:\/\/akunq.net\/tr\/?p=66353","og_site_name":"Bati Ermenistan Ve Bati Ermenileri Sorunlari Ara\u015ftirmalar Merkezi","article_published_time":"2021-12-22T07:38:31+00:00","og_image":[{"width":752,"height":395,"url":"https:\/\/akunq.net\/tr\/wp-content\/uploads\/sites\/6\/2021\/12\/Hindistan-de\u011fil-Van.jpeg","type":"image\/jpeg"}],"author":"admin","twitter_card":"summary_large_image","twitter_misc":{"Written by":"admin","Est. reading time":"2 minutes"},"schema":{"@context":"https:\/\/schema.org","@graph":[{"@type":"Article","@id":"https:\/\/akunq.net\/tr\/?p=66353#article","isPartOf":{"@id":"https:\/\/akunq.net\/tr\/?p=66353"},"author":{"name":"admin","@id":"https:\/\/akunq.net\/tr\/#\/schema\/person\/096f1d38a12cce57fb855b485ed24c9e"},"headline":"Buras\u0131 Hindistan de\u011fil Van","datePublished":"2021-12-22T07:38:31+00:00","mainEntityOfPage":{"@id":"https:\/\/akunq.net\/tr\/?p=66353"},"wordCount":435,"commentCount":0,"image":{"@id":"https:\/\/akunq.net\/tr\/?p=66353#primaryimage"},"thumbnailUrl":"https:\/\/akunq.net\/tr\/wp-content\/uploads\/sites\/6\/2021\/12\/Hindistan-de\u011fil-Van.jpeg","articleSection":["G\u00fcn\u00fcm\u00fczde Bat\u0131 Ermenistan","Haberler"],"inLanguage":"en-US","potentialAction":[{"@type":"CommentAction","name":"Comment","target":["https:\/\/akunq.net\/tr\/?p=66353#respond"]}]},{"@type":"WebPage","@id":"https:\/\/akunq.net\/tr\/?p=66353","url":"https:\/\/akunq.net\/tr\/?p=66353","name":"Buras\u0131 Hindistan de\u011fil Van - Bati Ermenistan Ve Bati Ermenileri Sorunlari Ara\u015ftirmalar Merkezi","isPartOf":{"@id":"https:\/\/akunq.net\/tr\/#website"},"primaryImageOfPage":{"@id":"https:\/\/akunq.net\/tr\/?p=66353#primaryimage"},"image":{"@id":"https:\/\/akunq.net\/tr\/?p=66353#primaryimage"},"thumbnailUrl":"https:\/\/akunq.net\/tr\/wp-content\/uploads\/sites\/6\/2021\/12\/Hindistan-de\u011fil-Van.jpeg","datePublished":"2021-12-22T07:38:31+00:00","author":{"@id":"https:\/\/akunq.net\/tr\/#\/schema\/person\/096f1d38a12cce57fb855b485ed24c9e"},"breadcrumb":{"@id":"https:\/\/akunq.net\/tr\/?p=66353#breadcrumb"},"inLanguage":"en-US","potentialAction":[{"@type":"ReadAction","target":["https:\/\/akunq.net\/tr\/?p=66353"]}]},{"@type":"ImageObject","inLanguage":"en-US","@id":"https:\/\/akunq.net\/tr\/?p=66353#primaryimage","url":"https:\/\/akunq.net\/tr\/wp-content\/uploads\/sites\/6\/2021\/12\/Hindistan-de\u011fil-Van.jpeg","contentUrl":"https:\/\/akunq.net\/tr\/wp-content\/uploads\/sites\/6\/2021\/12\/Hindistan-de\u011fil-Van.jpeg","width":752,"height":395},{"@type":"BreadcrumbList","@id":"https:\/\/akunq.net\/tr\/?p=66353#breadcrumb","itemListElement":[{"@type":"ListItem","position":1,"name":"Home","item":"https:\/\/akunq.net\/tr"},{"@type":"ListItem","position":2,"name":"Buras\u0131 Hindistan de\u011fil Van"}]},{"@type":"WebSite","@id":"https:\/\/akunq.net\/tr\/#website","url":"https:\/\/akunq.net\/tr\/","name":"Bati Ermenistan Ve Bati Ermenileri Sorunlari Ara\u015ftirmalar Merkezi","description":"","potentialAction":[{"@type":"SearchAction","target":{"@type":"EntryPoint","urlTemplate":"https:\/\/akunq.net\/tr\/?s={search_term_string}"},"query-input":{"@type":"PropertyValueSpecification","valueRequired":true,"valueName":"search_term_string"}}],"inLanguage":"en-US"},{"@type":"Person","@id":"https:\/\/akunq.net\/tr\/#\/schema\/person\/096f1d38a12cce57fb855b485ed24c9e","name":"admin","url":"https:\/\/akunq.net\/tr\/?author=7"}]}},"_links":{"self":[{"href":"https:\/\/akunq.net\/tr\/index.php?rest_route=\/wp\/v2\/posts\/66353","targetHints":{"allow":["GET"]}}],"collection":[{"href":"https:\/\/akunq.net\/tr\/index.php?rest_route=\/wp\/v2\/posts"}],"about":[{"href":"https:\/\/akunq.net\/tr\/index.php?rest_route=\/wp\/v2\/types\/post"}],"author":[{"embeddable":true,"href":"https:\/\/akunq.net\/tr\/index.php?rest_route=\/wp\/v2\/users\/7"}],"replies":[{"embeddable":true,"href":"https:\/\/akunq.net\/tr\/index.php?rest_route=%2Fwp%2Fv2%2Fcomments&post=66353"}],"version-history":[{"count":1,"href":"https:\/\/akunq.net\/tr\/index.php?rest_route=\/wp\/v2\/posts\/66353\/revisions"}],"predecessor-version":[{"id":66355,"href":"https:\/\/akunq.net\/tr\/index.php?rest_route=\/wp\/v2\/posts\/66353\/revisions\/66355"}],"wp:featuredmedia":[{"embeddable":true,"href":"https:\/\/akunq.net\/tr\/index.php?rest_route=\/wp\/v2\/media\/66354"}],"wp:attachment":[{"href":"https:\/\/akunq.net\/tr\/index.php?rest_route=%2Fwp%2Fv2%2Fmedia&parent=66353"}],"wp:term":[{"taxonomy":"category","embeddable":true,"href":"https:\/\/akunq.net\/tr\/index.php?rest_route=%2Fwp%2Fv2%2Fcategories&post=66353"},{"taxonomy":"post_tag","embeddable":true,"href":"https:\/\/akunq.net\/tr\/index.php?rest_route=%2Fwp%2Fv2%2Ftags&post=66353"}],"curies":[{"name":"wp","href":"https:\/\/api.w.org\/{rel}","templated":true}]}}