{"id":66349,"date":"2021-12-22T01:50:51","date_gmt":"2021-12-22T06:50:51","guid":{"rendered":"https:\/\/akunq.net\/tr\/?p=66349"},"modified":"2021-12-22T01:50:51","modified_gmt":"2021-12-22T06:50:51","slug":"dinlerin-ve-kulturlerin-bulusma-noktasi","status":"publish","type":"post","link":"https:\/\/akunq.net\/tr\/?p=66349","title":{"rendered":"Dinlerin ve k\u00fclt\u00fcrlerin bulu\u015fma noktas\u0131"},"content":{"rendered":"<p><img loading=\"lazy\" decoding=\"async\" class=\"aligncenter size-medium wp-image-66350\" src=\"https:\/\/akunq.net\/tr\/wp-content\/uploads\/2021\/12\/Dinlerin-ve-k\u00fclt\u00fcrlerin-bulu\u015fma-noktas\u0131-360x238.jpg\" alt=\"\" width=\"360\" height=\"238\" srcset=\"https:\/\/akunq.net\/tr\/wp-content\/uploads\/sites\/6\/2021\/12\/Dinlerin-ve-k\u00fclt\u00fcrlerin-bulu\u015fma-noktas\u0131-360x238.jpg 360w, https:\/\/akunq.net\/tr\/wp-content\/uploads\/sites\/6\/2021\/12\/Dinlerin-ve-k\u00fclt\u00fcrlerin-bulu\u015fma-noktas\u0131-560x371.jpg 560w, https:\/\/akunq.net\/tr\/wp-content\/uploads\/sites\/6\/2021\/12\/Dinlerin-ve-k\u00fclt\u00fcrlerin-bulu\u015fma-noktas\u0131-260x172.jpg 260w, https:\/\/akunq.net\/tr\/wp-content\/uploads\/sites\/6\/2021\/12\/Dinlerin-ve-k\u00fclt\u00fcrlerin-bulu\u015fma-noktas\u0131-160x106.jpg 160w, https:\/\/akunq.net\/tr\/wp-content\/uploads\/sites\/6\/2021\/12\/Dinlerin-ve-k\u00fclt\u00fcrlerin-bulu\u015fma-noktas\u0131.jpg 710w\" sizes=\"auto, (max-width: 360px) 100vw, 360px\" \/><\/p>\n<p><em><strong>Birle\u015fmi\u015f Milletler D\u00fcnya Turizm \u00d6rg\u00fct\u00fc\u2019n\u00fcn tan\u0131mlamas\u0131 ile insanlar\u0131n, devaml\u0131 ikamet ettikleri, \u00e7al\u0131\u015ft\u0131klar\u0131 ve her zamanki ola\u011fan ihtiya\u00e7lar\u0131n\u0131 kar\u015f\u0131lad\u0131klar\u0131 yerlerin d\u0131\u015f\u0131na, dini inan\u00e7lar\u0131n\u0131 ger\u00e7ekle\u015ftirmek, inan\u00e7 \u00e7ekim merkezlerini g\u00f6rmek amac\u0131yla yapt\u0131klar\u0131 turistik ama\u00e7l\u0131 gezilerin turizm olgusu i\u00e7erisinde de\u011ferlendirilmesi \u201cinan\u00e7 turizmi\u201d olarak tan\u0131mlanmaktad\u0131r. 1993 y\u0131l\u0131nda K\u00fclt\u00fcr ve Turizm Bakanl\u0131\u011f\u0131m\u0131z taraf\u0131ndan, inan\u00e7 turizminin geli\u015ftirilmesi amac\u0131yla \u00e7al\u0131\u015fmalar ba\u015flat\u0131lm\u0131\u015f ve bu kapsamda \u00f6ncelikli olarak \u00fc\u00e7 b\u00fcy\u00fck semavi dinin (M\u00fcsl\u00fcmanl\u0131k, Hristiyanl\u0131k, Musevilik) g\u00fcn\u00fcm\u00fcze kadar ula\u015fan eserlerinin ve ibadet yerlerinin envanteri \u00e7\u0131kart\u0131lm\u0131\u015ft\u0131r.<\/strong><\/em><\/p>\n<p>T\u00fcrkiye genelinde D\u0131\u015fi\u015fleri ve \u0130\u00e7i\u015fleri bakanl\u0131klar\u0131m\u0131z\u0131n da katk\u0131lar\u0131 ile ilgili kurum ve kurulu\u015flar\u0131n g\u00f6r\u00fc\u015fleri al\u0131narak yap\u0131lan \u00e7al\u0131\u015fmada, \u00fclkemizde yer alan ve say\u0131lar\u0131 \u00e7ok fazla olan eserler i\u00e7erisinden; dini y\u00f6nden \u00f6nemi bulunan ve b\u00fcy\u00fck oranda ziyaret edilen, sanat tarihi a\u00e7\u0131s\u0131ndan \u00f6nemli olan, mimari \u00f6zelli\u011fi nedeniyle t\u00fcr\u00fcn\u00fcn ilk ve ilgin\u00e7 \u00f6rne\u011fi olan, ula\u015f\u0131m\u0131 kolay bir noktada bulunan ve seyahat acentalar\u0131 taraf\u0131ndan tur programlar\u0131na dahil edilen belirli ve \u00f6nemli merkezlerin tespiti yap\u0131lm\u0131\u015ft\u0131r. Belirtilen hususlar dikkate al\u0131narak; \u00fclkemizde Hristiyanl\u0131k a\u00e7\u0131s\u0131ndan \u00f6nemli olan dokuz adet merkez belirlenmi\u015f olup bunlar\u0131n en \u00f6nemlilerinden birisi de d\u00fcnya \u00e7ap\u0131nda Noel Baba miti ile de b\u00fct\u00fcnle\u015fmi\u015f olan\u00a0<a href=\"https:\/\/www.milliyet.com.tr\/haberleri\/aziz-nikolaos-anit-muzesi\" target=\"_blank\" rel=\"noreferrer noopener\">Aziz Nikolaos An\u0131t M\u00fczesi<\/a>\u2019dir.<\/p>\n<p><strong>\u00c7ocuklar\u0131n koruyucusu<\/strong><\/p>\n<p>Hristiyanl\u0131\u011f\u0131n \u00f6nde gelen azizlerinden Nikolaos, 270-343 y\u0131llar\u0131 aras\u0131nda Likya\u2019da ya\u015fam\u0131\u015f ve b\u00f6lgenin \u00f6nemli kentlerinden Myra\u2019da piskoposluk yapm\u0131\u015ft\u0131r. Sayg\u0131n ki\u015fili\u011fi ve yard\u0131mseverli\u011fi nedeniyle \u00f6l\u00fcm\u00fcnden sonra aziz mertebesine y\u00fckselen Nikolaos, \u00f6zellikle denizcilerin ve \u00e7ocuklar\u0131n koruyucu azizi olur. Zaman i\u00e7erisinde Avrupa\u2019daki \u00e7e\u015fitli folklorik fig\u00fcrlerle birle\u015fen Aziz Nikolaos k\u00fclt\u00fcn\u00fcn, g\u00fcn\u00fcm\u00fcz Noel Baba mitinin do\u011fu\u015funda da rol oynad\u0131\u011f\u0131 kabul edilir. Onun ad\u0131na Myra\u2019da (Demre-Antalya) in\u015fa edilen kilise, tarih boyunca Hristiyanl\u0131\u011f\u0131n \u00f6nemli hac merkezlerinden biri konumunda olur. \u00c7e\u015fitli onar\u0131m ve yenilemelerle g\u00fcn\u00fcm\u00fcze ula\u015fan kilise, Aziz Nikolaos An\u0131t M\u00fczesi ismiyle, her y\u0131l d\u00fcnyan\u0131n d\u00f6rt bir yan\u0131ndan yakla\u015f\u0131k bir milyon ziyaret\u00e7iyi a\u011f\u0131rlamaya devam ediyor. Aziz Nikolaos\u2019un hat\u0131ras\u0131n\u0131 ya\u015fatmak amac\u0131yla her y\u0131l, \u00f6l\u00fcm tarihi olan 6 Aral\u0131k\u2019ta Demre\u2019de \u201cNoel Baba ile D\u00fcnya Bar\u0131\u015f\u0131na \u00c7a\u011fr\u0131\u201d etkinlikleri d\u00fczenliyor. Farkl\u0131 dinlerden insanlar\u0131n kat\u0131ld\u0131\u011f\u0131 bu etkinliklerde bar\u0131\u015f dualar\u0131 ediliyor, t\u00f6renler ger\u00e7ekle\u015ftiriliyor ve binlerce y\u0131ld\u0131r farkl\u0131 k\u00fclt\u00fcrler ile dinlerin bir arada ya\u015fad\u0131\u011f\u0131 Anadolu bir kez daha\u00a0<a href=\"https:\/\/www.milliyet.com.tr\/haberleri\/dinlerin-ve-kulturlerin-bulusma-noktasi\" target=\"_blank\" rel=\"noreferrer noopener\">dinlerin ve k\u00fclt\u00fcrlerin bulu\u015fma noktas\u0131<\/a>\u00a0haline geliyor.<\/p>\n<p><strong>G\u00f6zde lokasyonlardan biri<\/strong><\/p>\n<p>Aziz Nikolaos An\u0131t M\u00fczesi\u2019nin gi\u015fe i\u015flemleri, May\u0131s 2018\u2019den beri \u015firketimiz SICPA T\u00fcrkiye taraf\u0131ndan sa\u011flanmaktad\u0131r. Antalya\u2019da en \u00e7ok ziyaret edilen lokasyonlar aras\u0131nda yer alan An\u0131t M\u00fcze, Ortodoks Hristiyan d\u00fcnyas\u0131 i\u00e7in b\u00fcy\u00fck \u00f6nem ta\u015f\u0131mas\u0131 sebebi ile a\u011f\u0131rl\u0131kl\u0131 Rusya ve Ukrayna\u2019dan gelen ziyaret\u00e7ilerin ilgisini \u00e7ekmektedir. \u0130nan\u00e7 turizmi a\u00e7\u0131s\u0131ndan \u00e7ok b\u00fcy\u00fck \u00f6nem ta\u015f\u0131yan m\u00fczemizde, ziyaret\u00e7ilerimize daha iyi hizmet verebilmek amac\u0131yla personel say\u0131m\u0131z\u0131 art\u0131rd\u0131k ve hizmet i\u00e7i e\u011fitimlerle personelin daha donan\u0131ml\u0131 olmalar\u0131n\u0131 sa\u011flad\u0131k. Gi\u015felerimizin teknik altyap\u0131s\u0131n\u0131 da \u00e7a\u011fda\u015f teknolojiye uygun hale getirdik. Konunun uzmanlar\u0131 taraf\u0131ndan haz\u0131rlanan sesli rehberlik uygulamam\u0131z, 2019 y\u0131l\u0131ndan beri, aralar\u0131nda i\u015faret dili de olmak \u00fczere, 10 farkl\u0131 dilde hizmet vermektedir. Bu m\u00fczemizde 2022 y\u0131l\u0131 itibariyle T\u00fcrkiye\u2019nin \u00e7e\u015fitli noktalar\u0131nda hizmete sunaca\u011f\u0131m\u0131z \u201cMobil Sesli Rehberlik\u201d haz\u0131rl\u0131klar\u0131 da tamamlanm\u0131\u015ft\u0131r. \u0130\u00e7inde bulundu\u011fumuz \u201cyeni-normal\u201d ko\u015fullar\u0131nda m\u00fcze ve \u00f6ren yerlerinin ziyaret\u00e7ilerine s\u0131ra bekletmeden, temass\u0131z ve hijyenik bir hizmet sunma y\u00fck\u00fcml\u00fcl\u00fc\u011f\u00fc ortaya \u00e7\u0131kt\u0131. Bunun fark\u0131nda olarak geli\u015ftirdi\u011fimiz Mobil Sesli Rehberlik uygulamam\u0131za \u00fcye olan ziyaret\u00e7ilerimiz, m\u00fczelerdeki sesli rehberleri bir y\u0131l boyunca kendi telefon ve kulakl\u0131klar\u0131 ile s\u0131ra beklemeden ve temass\u0131z dinleme imk\u00e2n\u0131 bulacakt\u0131r.<\/p>\n<p><strong>M\u00fczeKart\u2019\u0131n avantajlar\u0131<\/strong><\/p>\n<p>Burada bir kez daha belirtmek isterim ki T\u00fcrkiye Cumhuriyeti vatanda\u015f\u0131 ziyaret\u00e7ilerimiz, b\u00fcy\u00fck bir fiyat avantaj\u0131 ve kullan\u0131m kolayl\u0131\u011f\u0131 sa\u011flayan\u00a0<a href=\"https:\/\/www.milliyet.com.tr\/haberleri\/muzekart\" target=\"_blank\" rel=\"noreferrer noopener\">M\u00fczeKart<\/a>ile 1 y\u0131l boyunca \u00fclkemizdeki 350\u2019den fazla m\u00fczeyi ziyaret edebilmektedir. Di\u011fer M\u00fczekart se\u00e7enekleri ve avantajlar\u0131 i\u00e7in m\u00fcze gi\u015felerinden veya https:\/\/muze.gov. tr\/ adresinden detayl\u0131 bilgi alabilirsiniz. Her yaz\u0131mda vurgulad\u0131\u011f\u0131m gibi; SICPA T\u00fcrkiye olarak, \u00fclkemizin tarihi ve k\u00fclt\u00fcrel zenginli\u011finin korunmas\u0131, tan\u0131t\u0131lmas\u0131 ve gelecek ku\u015faklara aktar\u0131lmas\u0131 i\u00e7in her zaman \u00f6zveriyle \u00e7al\u0131\u015f\u0131yoruz. M\u00fczecilik, arkeoloji ve k\u00fclt\u00fcrel miras y\u00f6netimi alanlar\u0131ndaki geli\u015fmeleri yak\u0131ndan takip ediyor, ziyaret\u00e7i deneyimini y\u00fckseltmek amac\u0131yla kendimizi ve hizmetlerimizi her zaman g\u00fcncel tutmaya \u00f6zen g\u00f6steriyoruz. Bu vesile ile yeni y\u0131l\u0131n\u0131z\u0131 kutluyor, en ba\u015fta sa\u011fl\u0131kl\u0131, huzurlu, mutlu ve k\u00fclt\u00fcrel ke\u015fiflerle dolu bir yeni y\u0131l ge\u00e7irmenizi diliyorum<\/p>\n<p><em><strong><a href=\"https:\/\/www.milliyet.com.tr\/tatil\/arkeoloji\/dinlerin-ve-kulturlerin-bulusma-noktasi-6665115\">https:\/\/www.milliyet.com.tr\/tatil\/arkeoloji\/dinlerin-ve-kulturlerin-bulusma-noktasi-6665115<\/a><\/strong><\/em><\/p>\n","protected":false},"excerpt":{"rendered":"<p>Birle\u015fmi\u015f Milletler D\u00fcnya Turizm \u00d6rg\u00fct\u00fc\u2019n\u00fcn tan\u0131mlamas\u0131 ile insanlar\u0131n, devaml\u0131 ikamet ettikleri, \u00e7al\u0131\u015ft\u0131klar\u0131 ve her zamanki ola\u011fan ihtiya\u00e7lar\u0131n\u0131 kar\u015f\u0131lad\u0131klar\u0131 yerlerin d\u0131\u015f\u0131na, dini inan\u00e7lar\u0131n\u0131 ger\u00e7ekle\u015ftirmek, inan\u00e7 \u00e7ekim merkezlerini g\u00f6rmek amac\u0131yla yapt\u0131klar\u0131 turistik ama\u00e7l\u0131 gezilerin turizm olgusu i\u00e7erisinde de\u011ferlendirilmesi \u201cinan\u00e7 turizmi\u201d olarak tan\u0131mlanmaktad\u0131r. 1993 y\u0131l\u0131nda K\u00fclt\u00fcr ve Turizm Bakanl\u0131\u011f\u0131m\u0131z taraf\u0131ndan, inan\u00e7 turizminin geli\u015ftirilmesi amac\u0131yla \u00e7al\u0131\u015fmalar ba\u015flat\u0131lm\u0131\u015f ve bu [&hellip;]<\/p>\n","protected":false},"author":7,"featured_media":66350,"comment_status":"open","ping_status":"open","sticky":false,"template":"","format":"standard","meta":{"footnotes":""},"categories":[1],"tags":[],"class_list":["post-66349","post","type-post","status-publish","format-standard","has-post-thumbnail","hentry","category-haberler"],"yoast_head":"<!-- This site is optimized with the Yoast SEO plugin v27.4 - https:\/\/yoast.com\/product\/yoast-seo-wordpress\/ -->\n<title>Dinlerin ve k\u00fclt\u00fcrlerin bulu\u015fma noktas\u0131 - Bati Ermenistan Ve Bati Ermenileri Sorunlari Ara\u015ftirmalar Merkezi<\/title>\n<meta name=\"robots\" content=\"index, follow, max-snippet:-1, max-image-preview:large, max-video-preview:-1\" \/>\n<link rel=\"canonical\" href=\"https:\/\/akunq.net\/tr\/?p=66349\" \/>\n<meta property=\"og:locale\" content=\"en_US\" \/>\n<meta property=\"og:type\" content=\"article\" \/>\n<meta property=\"og:title\" content=\"Dinlerin ve k\u00fclt\u00fcrlerin bulu\u015fma noktas\u0131 - Bati Ermenistan Ve Bati Ermenileri Sorunlari Ara\u015ftirmalar Merkezi\" \/>\n<meta property=\"og:description\" content=\"Birle\u015fmi\u015f Milletler D\u00fcnya Turizm \u00d6rg\u00fct\u00fc\u2019n\u00fcn tan\u0131mlamas\u0131 ile insanlar\u0131n, devaml\u0131 ikamet ettikleri, \u00e7al\u0131\u015ft\u0131klar\u0131 ve her zamanki ola\u011fan ihtiya\u00e7lar\u0131n\u0131 kar\u015f\u0131lad\u0131klar\u0131 yerlerin d\u0131\u015f\u0131na, dini inan\u00e7lar\u0131n\u0131 ger\u00e7ekle\u015ftirmek, inan\u00e7 \u00e7ekim merkezlerini g\u00f6rmek amac\u0131yla yapt\u0131klar\u0131 turistik ama\u00e7l\u0131 gezilerin turizm olgusu i\u00e7erisinde de\u011ferlendirilmesi \u201cinan\u00e7 turizmi\u201d olarak tan\u0131mlanmaktad\u0131r. 1993 y\u0131l\u0131nda K\u00fclt\u00fcr ve Turizm Bakanl\u0131\u011f\u0131m\u0131z taraf\u0131ndan, inan\u00e7 turizminin geli\u015ftirilmesi amac\u0131yla \u00e7al\u0131\u015fmalar ba\u015flat\u0131lm\u0131\u015f ve bu [&hellip;]\" \/>\n<meta property=\"og:url\" content=\"https:\/\/akunq.net\/tr\/?p=66349\" \/>\n<meta property=\"og:site_name\" content=\"Bati Ermenistan Ve Bati Ermenileri Sorunlari Ara\u015ftirmalar Merkezi\" \/>\n<meta property=\"article:published_time\" content=\"2021-12-22T06:50:51+00:00\" \/>\n<meta property=\"og:image\" content=\"https:\/\/akunq.net\/tr\/wp-content\/uploads\/sites\/6\/2021\/12\/Dinlerin-ve-k\u00fclt\u00fcrlerin-bulu\u015fma-noktas\u0131.jpg\" \/>\n\t<meta property=\"og:image:width\" content=\"710\" \/>\n\t<meta property=\"og:image:height\" content=\"470\" \/>\n\t<meta property=\"og:image:type\" content=\"image\/jpeg\" \/>\n<meta name=\"author\" content=\"admin\" \/>\n<meta name=\"twitter:card\" content=\"summary_large_image\" \/>\n<meta name=\"twitter:label1\" content=\"Written by\" \/>\n\t<meta name=\"twitter:data1\" content=\"admin\" \/>\n\t<meta name=\"twitter:label2\" content=\"Est. reading time\" \/>\n\t<meta name=\"twitter:data2\" content=\"5 minutes\" \/>\n<script type=\"application\/ld+json\" class=\"yoast-schema-graph\">{\"@context\":\"https:\\\/\\\/schema.org\",\"@graph\":[{\"@type\":\"Article\",\"@id\":\"https:\\\/\\\/akunq.net\\\/tr\\\/?p=66349#article\",\"isPartOf\":{\"@id\":\"https:\\\/\\\/akunq.net\\\/tr\\\/?p=66349\"},\"author\":{\"name\":\"admin\",\"@id\":\"https:\\\/\\\/akunq.net\\\/tr\\\/#\\\/schema\\\/person\\\/096f1d38a12cce57fb855b485ed24c9e\"},\"headline\":\"Dinlerin ve k\u00fclt\u00fcrlerin bulu\u015fma noktas\u0131\",\"datePublished\":\"2021-12-22T06:50:51+00:00\",\"mainEntityOfPage\":{\"@id\":\"https:\\\/\\\/akunq.net\\\/tr\\\/?p=66349\"},\"wordCount\":933,\"commentCount\":0,\"image\":{\"@id\":\"https:\\\/\\\/akunq.net\\\/tr\\\/?p=66349#primaryimage\"},\"thumbnailUrl\":\"https:\\\/\\\/akunq.net\\\/tr\\\/wp-content\\\/uploads\\\/sites\\\/6\\\/2021\\\/12\\\/Dinlerin-ve-k\u00fclt\u00fcrlerin-bulu\u015fma-noktas\u0131.jpg\",\"articleSection\":[\"Haberler\"],\"inLanguage\":\"en-US\",\"potentialAction\":[{\"@type\":\"CommentAction\",\"name\":\"Comment\",\"target\":[\"https:\\\/\\\/akunq.net\\\/tr\\\/?p=66349#respond\"]}]},{\"@type\":\"WebPage\",\"@id\":\"https:\\\/\\\/akunq.net\\\/tr\\\/?p=66349\",\"url\":\"https:\\\/\\\/akunq.net\\\/tr\\\/?p=66349\",\"name\":\"Dinlerin ve k\u00fclt\u00fcrlerin bulu\u015fma noktas\u0131 - Bati Ermenistan Ve Bati Ermenileri Sorunlari Ara\u015ftirmalar Merkezi\",\"isPartOf\":{\"@id\":\"https:\\\/\\\/akunq.net\\\/tr\\\/#website\"},\"primaryImageOfPage\":{\"@id\":\"https:\\\/\\\/akunq.net\\\/tr\\\/?p=66349#primaryimage\"},\"image\":{\"@id\":\"https:\\\/\\\/akunq.net\\\/tr\\\/?p=66349#primaryimage\"},\"thumbnailUrl\":\"https:\\\/\\\/akunq.net\\\/tr\\\/wp-content\\\/uploads\\\/sites\\\/6\\\/2021\\\/12\\\/Dinlerin-ve-k\u00fclt\u00fcrlerin-bulu\u015fma-noktas\u0131.jpg\",\"datePublished\":\"2021-12-22T06:50:51+00:00\",\"author\":{\"@id\":\"https:\\\/\\\/akunq.net\\\/tr\\\/#\\\/schema\\\/person\\\/096f1d38a12cce57fb855b485ed24c9e\"},\"breadcrumb\":{\"@id\":\"https:\\\/\\\/akunq.net\\\/tr\\\/?p=66349#breadcrumb\"},\"inLanguage\":\"en-US\",\"potentialAction\":[{\"@type\":\"ReadAction\",\"target\":[\"https:\\\/\\\/akunq.net\\\/tr\\\/?p=66349\"]}]},{\"@type\":\"ImageObject\",\"inLanguage\":\"en-US\",\"@id\":\"https:\\\/\\\/akunq.net\\\/tr\\\/?p=66349#primaryimage\",\"url\":\"https:\\\/\\\/akunq.net\\\/tr\\\/wp-content\\\/uploads\\\/sites\\\/6\\\/2021\\\/12\\\/Dinlerin-ve-k\u00fclt\u00fcrlerin-bulu\u015fma-noktas\u0131.jpg\",\"contentUrl\":\"https:\\\/\\\/akunq.net\\\/tr\\\/wp-content\\\/uploads\\\/sites\\\/6\\\/2021\\\/12\\\/Dinlerin-ve-k\u00fclt\u00fcrlerin-bulu\u015fma-noktas\u0131.jpg\",\"width\":710,\"height\":470},{\"@type\":\"BreadcrumbList\",\"@id\":\"https:\\\/\\\/akunq.net\\\/tr\\\/?p=66349#breadcrumb\",\"itemListElement\":[{\"@type\":\"ListItem\",\"position\":1,\"name\":\"Home\",\"item\":\"https:\\\/\\\/akunq.net\\\/tr\"},{\"@type\":\"ListItem\",\"position\":2,\"name\":\"Dinlerin ve k\u00fclt\u00fcrlerin bulu\u015fma noktas\u0131\"}]},{\"@type\":\"WebSite\",\"@id\":\"https:\\\/\\\/akunq.net\\\/tr\\\/#website\",\"url\":\"https:\\\/\\\/akunq.net\\\/tr\\\/\",\"name\":\"Bati Ermenistan Ve Bati Ermenileri Sorunlari Ara\u015ftirmalar Merkezi\",\"description\":\"\",\"potentialAction\":[{\"@type\":\"SearchAction\",\"target\":{\"@type\":\"EntryPoint\",\"urlTemplate\":\"https:\\\/\\\/akunq.net\\\/tr\\\/?s={search_term_string}\"},\"query-input\":{\"@type\":\"PropertyValueSpecification\",\"valueRequired\":true,\"valueName\":\"search_term_string\"}}],\"inLanguage\":\"en-US\"},{\"@type\":\"Person\",\"@id\":\"https:\\\/\\\/akunq.net\\\/tr\\\/#\\\/schema\\\/person\\\/096f1d38a12cce57fb855b485ed24c9e\",\"name\":\"admin\",\"url\":\"https:\\\/\\\/akunq.net\\\/tr\\\/?author=7\"}]}<\/script>\n<!-- \/ Yoast SEO plugin. -->","yoast_head_json":{"title":"Dinlerin ve k\u00fclt\u00fcrlerin bulu\u015fma noktas\u0131 - Bati Ermenistan Ve Bati Ermenileri Sorunlari Ara\u015ftirmalar Merkezi","robots":{"index":"index","follow":"follow","max-snippet":"max-snippet:-1","max-image-preview":"max-image-preview:large","max-video-preview":"max-video-preview:-1"},"canonical":"https:\/\/akunq.net\/tr\/?p=66349","og_locale":"en_US","og_type":"article","og_title":"Dinlerin ve k\u00fclt\u00fcrlerin bulu\u015fma noktas\u0131 - Bati Ermenistan Ve Bati Ermenileri Sorunlari Ara\u015ftirmalar Merkezi","og_description":"Birle\u015fmi\u015f Milletler D\u00fcnya Turizm \u00d6rg\u00fct\u00fc\u2019n\u00fcn tan\u0131mlamas\u0131 ile insanlar\u0131n, devaml\u0131 ikamet ettikleri, \u00e7al\u0131\u015ft\u0131klar\u0131 ve her zamanki ola\u011fan ihtiya\u00e7lar\u0131n\u0131 kar\u015f\u0131lad\u0131klar\u0131 yerlerin d\u0131\u015f\u0131na, dini inan\u00e7lar\u0131n\u0131 ger\u00e7ekle\u015ftirmek, inan\u00e7 \u00e7ekim merkezlerini g\u00f6rmek amac\u0131yla yapt\u0131klar\u0131 turistik ama\u00e7l\u0131 gezilerin turizm olgusu i\u00e7erisinde de\u011ferlendirilmesi \u201cinan\u00e7 turizmi\u201d olarak tan\u0131mlanmaktad\u0131r. 1993 y\u0131l\u0131nda K\u00fclt\u00fcr ve Turizm Bakanl\u0131\u011f\u0131m\u0131z taraf\u0131ndan, inan\u00e7 turizminin geli\u015ftirilmesi amac\u0131yla \u00e7al\u0131\u015fmalar ba\u015flat\u0131lm\u0131\u015f ve bu [&hellip;]","og_url":"https:\/\/akunq.net\/tr\/?p=66349","og_site_name":"Bati Ermenistan Ve Bati Ermenileri Sorunlari Ara\u015ftirmalar Merkezi","article_published_time":"2021-12-22T06:50:51+00:00","og_image":[{"width":710,"height":470,"url":"https:\/\/akunq.net\/tr\/wp-content\/uploads\/sites\/6\/2021\/12\/Dinlerin-ve-k\u00fclt\u00fcrlerin-bulu\u015fma-noktas\u0131.jpg","type":"image\/jpeg"}],"author":"admin","twitter_card":"summary_large_image","twitter_misc":{"Written by":"admin","Est. reading time":"5 minutes"},"schema":{"@context":"https:\/\/schema.org","@graph":[{"@type":"Article","@id":"https:\/\/akunq.net\/tr\/?p=66349#article","isPartOf":{"@id":"https:\/\/akunq.net\/tr\/?p=66349"},"author":{"name":"admin","@id":"https:\/\/akunq.net\/tr\/#\/schema\/person\/096f1d38a12cce57fb855b485ed24c9e"},"headline":"Dinlerin ve k\u00fclt\u00fcrlerin bulu\u015fma noktas\u0131","datePublished":"2021-12-22T06:50:51+00:00","mainEntityOfPage":{"@id":"https:\/\/akunq.net\/tr\/?p=66349"},"wordCount":933,"commentCount":0,"image":{"@id":"https:\/\/akunq.net\/tr\/?p=66349#primaryimage"},"thumbnailUrl":"https:\/\/akunq.net\/tr\/wp-content\/uploads\/sites\/6\/2021\/12\/Dinlerin-ve-k\u00fclt\u00fcrlerin-bulu\u015fma-noktas\u0131.jpg","articleSection":["Haberler"],"inLanguage":"en-US","potentialAction":[{"@type":"CommentAction","name":"Comment","target":["https:\/\/akunq.net\/tr\/?p=66349#respond"]}]},{"@type":"WebPage","@id":"https:\/\/akunq.net\/tr\/?p=66349","url":"https:\/\/akunq.net\/tr\/?p=66349","name":"Dinlerin ve k\u00fclt\u00fcrlerin bulu\u015fma noktas\u0131 - Bati Ermenistan Ve Bati Ermenileri Sorunlari Ara\u015ftirmalar Merkezi","isPartOf":{"@id":"https:\/\/akunq.net\/tr\/#website"},"primaryImageOfPage":{"@id":"https:\/\/akunq.net\/tr\/?p=66349#primaryimage"},"image":{"@id":"https:\/\/akunq.net\/tr\/?p=66349#primaryimage"},"thumbnailUrl":"https:\/\/akunq.net\/tr\/wp-content\/uploads\/sites\/6\/2021\/12\/Dinlerin-ve-k\u00fclt\u00fcrlerin-bulu\u015fma-noktas\u0131.jpg","datePublished":"2021-12-22T06:50:51+00:00","author":{"@id":"https:\/\/akunq.net\/tr\/#\/schema\/person\/096f1d38a12cce57fb855b485ed24c9e"},"breadcrumb":{"@id":"https:\/\/akunq.net\/tr\/?p=66349#breadcrumb"},"inLanguage":"en-US","potentialAction":[{"@type":"ReadAction","target":["https:\/\/akunq.net\/tr\/?p=66349"]}]},{"@type":"ImageObject","inLanguage":"en-US","@id":"https:\/\/akunq.net\/tr\/?p=66349#primaryimage","url":"https:\/\/akunq.net\/tr\/wp-content\/uploads\/sites\/6\/2021\/12\/Dinlerin-ve-k\u00fclt\u00fcrlerin-bulu\u015fma-noktas\u0131.jpg","contentUrl":"https:\/\/akunq.net\/tr\/wp-content\/uploads\/sites\/6\/2021\/12\/Dinlerin-ve-k\u00fclt\u00fcrlerin-bulu\u015fma-noktas\u0131.jpg","width":710,"height":470},{"@type":"BreadcrumbList","@id":"https:\/\/akunq.net\/tr\/?p=66349#breadcrumb","itemListElement":[{"@type":"ListItem","position":1,"name":"Home","item":"https:\/\/akunq.net\/tr"},{"@type":"ListItem","position":2,"name":"Dinlerin ve k\u00fclt\u00fcrlerin bulu\u015fma noktas\u0131"}]},{"@type":"WebSite","@id":"https:\/\/akunq.net\/tr\/#website","url":"https:\/\/akunq.net\/tr\/","name":"Bati Ermenistan Ve Bati Ermenileri Sorunlari Ara\u015ftirmalar Merkezi","description":"","potentialAction":[{"@type":"SearchAction","target":{"@type":"EntryPoint","urlTemplate":"https:\/\/akunq.net\/tr\/?s={search_term_string}"},"query-input":{"@type":"PropertyValueSpecification","valueRequired":true,"valueName":"search_term_string"}}],"inLanguage":"en-US"},{"@type":"Person","@id":"https:\/\/akunq.net\/tr\/#\/schema\/person\/096f1d38a12cce57fb855b485ed24c9e","name":"admin","url":"https:\/\/akunq.net\/tr\/?author=7"}]}},"_links":{"self":[{"href":"https:\/\/akunq.net\/tr\/index.php?rest_route=\/wp\/v2\/posts\/66349","targetHints":{"allow":["GET"]}}],"collection":[{"href":"https:\/\/akunq.net\/tr\/index.php?rest_route=\/wp\/v2\/posts"}],"about":[{"href":"https:\/\/akunq.net\/tr\/index.php?rest_route=\/wp\/v2\/types\/post"}],"author":[{"embeddable":true,"href":"https:\/\/akunq.net\/tr\/index.php?rest_route=\/wp\/v2\/users\/7"}],"replies":[{"embeddable":true,"href":"https:\/\/akunq.net\/tr\/index.php?rest_route=%2Fwp%2Fv2%2Fcomments&post=66349"}],"version-history":[{"count":1,"href":"https:\/\/akunq.net\/tr\/index.php?rest_route=\/wp\/v2\/posts\/66349\/revisions"}],"predecessor-version":[{"id":66351,"href":"https:\/\/akunq.net\/tr\/index.php?rest_route=\/wp\/v2\/posts\/66349\/revisions\/66351"}],"wp:featuredmedia":[{"embeddable":true,"href":"https:\/\/akunq.net\/tr\/index.php?rest_route=\/wp\/v2\/media\/66350"}],"wp:attachment":[{"href":"https:\/\/akunq.net\/tr\/index.php?rest_route=%2Fwp%2Fv2%2Fmedia&parent=66349"}],"wp:term":[{"taxonomy":"category","embeddable":true,"href":"https:\/\/akunq.net\/tr\/index.php?rest_route=%2Fwp%2Fv2%2Fcategories&post=66349"},{"taxonomy":"post_tag","embeddable":true,"href":"https:\/\/akunq.net\/tr\/index.php?rest_route=%2Fwp%2Fv2%2Ftags&post=66349"}],"curies":[{"name":"wp","href":"https:\/\/api.w.org\/{rel}","templated":true}]}}