{"id":66334,"date":"2021-12-21T03:17:38","date_gmt":"2021-12-21T08:17:38","guid":{"rendered":"https:\/\/akunq.net\/tr\/?p=66334"},"modified":"2021-12-21T03:17:38","modified_gmt":"2021-12-21T08:17:38","slug":"ankarada-saldiriya-ugrayan-volkan-temel-pis-kurtler-burasi-size-mezar-olacak","status":"publish","type":"post","link":"https:\/\/akunq.net\/tr\/?p=66334","title":{"rendered":"Ankara\u2019da sald\u0131r\u0131ya u\u011frayan Volkan Temel: \u2018Pis K\u00fcrtler, buras\u0131 size mezar olacak\u2019"},"content":{"rendered":"<p><img loading=\"lazy\" decoding=\"async\" class=\"aligncenter size-medium wp-image-66335\" src=\"https:\/\/akunq.net\/tr\/wp-content\/uploads\/2021\/12\/Turkiyede-Kurtler-360x208.jpeg\" alt=\"\" width=\"360\" height=\"208\" srcset=\"https:\/\/akunq.net\/tr\/wp-content\/uploads\/sites\/6\/2021\/12\/Turkiyede-Kurtler-360x208.jpeg 360w, https:\/\/akunq.net\/tr\/wp-content\/uploads\/sites\/6\/2021\/12\/Turkiyede-Kurtler-768x444.jpeg 768w, https:\/\/akunq.net\/tr\/wp-content\/uploads\/sites\/6\/2021\/12\/Turkiyede-Kurtler-560x324.jpeg 560w, https:\/\/akunq.net\/tr\/wp-content\/uploads\/sites\/6\/2021\/12\/Turkiyede-Kurtler-260x150.jpeg 260w, https:\/\/akunq.net\/tr\/wp-content\/uploads\/sites\/6\/2021\/12\/Turkiyede-Kurtler-160x93.jpeg 160w, https:\/\/akunq.net\/tr\/wp-content\/uploads\/sites\/6\/2021\/12\/Turkiyede-Kurtler.jpeg 800w\" sizes=\"auto, (max-width: 360px) 100vw, 360px\" \/><\/p>\n<p><em><strong>Volkan Temel isimli K\u00fcrt yurtta\u015f, sat\u0131r, b\u0131\u00e7ak ve sopalarla \u0131rk\u00e7\u0131 sald\u0131r\u0131ya u\u011frad\u0131. Temel\u2019e sald\u0131ran \u0131rk\u00e7\u0131 \u015fah\u0131slar, \u201cPis K\u00fcrtler, T\u00fcrk\u00f6z\u00fc size mezar olacak\u201d ifadelerini kulland\u0131.<\/strong><\/em><\/p>\n<p>Mezopotamya Ajans\u0131\u2019n\u0131n haberine g\u00f6re, Mamak\u2019a ba\u011fl\u0131 T\u00fcrk\u00f6z\u00fc mahallesinde ya\u015fayan Volkan Temel isimli K\u00fcrt yurtta\u015fa d\u00fcn ak\u015fam saatlerinde D.G, S.G ve kimli\u011fi belli olmayan bir ba\u015fka ki\u015fi taraf\u0131ndan \u0131rk\u00e7\u0131 sald\u0131r\u0131 ger\u00e7ekle\u015ftirildi. Uzun zamand\u0131r ayn\u0131 mahallede ya\u015fayan aileye y\u00f6nelik ger\u00e7ekle\u015fen ikinci sald\u0131r\u0131 oldu\u011fu aile \u00fcyeleri taraf\u0131ndan belirtildi.<\/p>\n<p><strong>\u2018P\u0130S K\u00dcRTLER, BURASI K\u00dcRTLERE MEZAR OLACAK\u2019<\/strong><\/p>\n<p>Irk\u00e7\u0131 sald\u0131r ile ilgili ajans\u0131m\u0131za konu\u015fan aile bireylerinden Mizgin Temel, karde\u015fi Volkan Temel\u2019e sald\u0131ran 3 ki\u015finin \u201cBuras\u0131 T\u00fcrk\u00f6z\u00fc, K\u00fcrde mezar olacak. Pis K\u00fcrtler sizi burada istemiyoruz\u201d dediklerini belirterek, sat\u0131r, b\u0131\u00e7ak sopalarla sald\u0131rd\u0131klar\u0131n\u0131 s\u00f6yledi. Temel, ayn\u0131 ki\u015filerin yakla\u015f\u0131k bir sene \u00f6nce de kendilerine y\u00f6nelik sald\u0131r\u0131 giri\u015fiminde bulundu\u011funu ifade ederek, \u201cBiz \u015e\u0131rnakl\u0131y\u0131z. Bize burada bir senedir bize y\u00f6nelik \u0131rk\u00e7\u0131 s\u00f6ylemlerde bulunarak, bizim buradan ta\u015f\u0131nmam\u0131z\u0131 istiyorlar. Bize \u2018Pis K\u00fcrtler\u2019 diyerek sald\u0131r\u0131yorlar. Karde\u015fim daha 17 ya\u015f\u0131nda, d\u00fcn ak\u015fam saatlerinde evden d\u0131\u015far\u0131 \u00e7\u0131karken yine \u2018Pis k\u00fcrtler, buras\u0131 T\u00fcrk\u00f6z\u00fc, buras\u0131 K\u00fcrtlere mezar olacak\u2019 s\u00f6zleriyle karde\u015fime sald\u0131rd\u0131lar\u201d dedi.<\/p>\n<p><strong>\u2018POL\u0130SLER DE \u2018BURADAN G\u0130D\u0130N\u2019 D\u0130YOR\u2019<\/strong><\/p>\n<p>Sald\u0131r\u0131 sonras\u0131nda karde\u015finin solunum zorlu\u011fu \u00e7ekti\u011fini belirten Temel, \u201cY\u00fcz\u00fcnde \u00e7ok ciddi yaralar var. Nefes almakta zorlan\u0131yor \u015fuan. Hastaneye gittik, darp raporu ald\u0131k ve \u015fik\u00e2yette bulunduk\u201d diye konu\u015ftu. Temel, sald\u0131rganlar hakk\u0131nda g\u00f6zalt\u0131 i\u015flemi yap\u0131lmad\u0131\u011f\u0131n\u0131 s\u00f6yleyerek, karakolda ya\u015fananlar\u0131 \u015fu s\u00f6zlerle anlatt\u0131: \u201cDarp raporumuzu al\u0131p bug\u00fcn karakola gidip \u015fik\u00e2yette bulunduk. Fakat sald\u0131rganlar g\u00f6zalt\u0131na bile al\u0131nmad\u0131. Polisler bize \u2018Buradan ta\u015f\u0131n\u0131n ba\u015f\u0131n\u0131za bir \u015fey gelmeden, biz cezaevine atamay\u0131z anca para cezas\u0131 kesebiliriz\u2019 diyor. Bu nas\u0131l adalet?\u201d<\/p>\n<p><em><strong>https:\/\/www.iznewsagency.com\/ankarada-saldiriya-ugrayan-volkan-temel-pis-kurtler-burasi-size-mezar-olacak\/\u00a0<\/strong><\/em><\/p>\n","protected":false},"excerpt":{"rendered":"<p>Volkan Temel isimli K\u00fcrt yurtta\u015f, sat\u0131r, b\u0131\u00e7ak ve sopalarla \u0131rk\u00e7\u0131 sald\u0131r\u0131ya u\u011frad\u0131. Temel\u2019e sald\u0131ran \u0131rk\u00e7\u0131 \u015fah\u0131slar, \u201cPis K\u00fcrtler, T\u00fcrk\u00f6z\u00fc size mezar olacak\u201d ifadelerini kulland\u0131. Mezopotamya Ajans\u0131\u2019n\u0131n haberine g\u00f6re, Mamak\u2019a ba\u011fl\u0131 T\u00fcrk\u00f6z\u00fc mahallesinde ya\u015fayan Volkan Temel isimli K\u00fcrt yurtta\u015fa d\u00fcn ak\u015fam saatlerinde D.G, S.G ve kimli\u011fi belli olmayan bir ba\u015fka ki\u015fi taraf\u0131ndan \u0131rk\u00e7\u0131 sald\u0131r\u0131 ger\u00e7ekle\u015ftirildi. Uzun [&hellip;]<\/p>\n","protected":false},"author":7,"featured_media":66335,"comment_status":"open","ping_status":"open","sticky":false,"template":"","format":"standard","meta":{"footnotes":""},"categories":[1,53],"tags":[],"class_list":["post-66334","post","type-post","status-publish","format-standard","has-post-thumbnail","hentry","category-haberler","category-turkiyede-azinliklar"],"yoast_head":"<!-- This site is optimized with the Yoast SEO plugin v27.4 - https:\/\/yoast.com\/product\/yoast-seo-wordpress\/ -->\n<title>Ankara\u2019da sald\u0131r\u0131ya u\u011frayan Volkan Temel: \u2018Pis K\u00fcrtler, buras\u0131 size mezar olacak\u2019 - Bati Ermenistan Ve Bati Ermenileri Sorunlari Ara\u015ftirmalar Merkezi<\/title>\n<meta name=\"robots\" content=\"index, follow, max-snippet:-1, max-image-preview:large, max-video-preview:-1\" \/>\n<link rel=\"canonical\" href=\"https:\/\/akunq.net\/tr\/?p=66334\" \/>\n<meta property=\"og:locale\" content=\"en_US\" \/>\n<meta property=\"og:type\" content=\"article\" \/>\n<meta property=\"og:title\" content=\"Ankara\u2019da sald\u0131r\u0131ya u\u011frayan Volkan Temel: \u2018Pis K\u00fcrtler, buras\u0131 size mezar olacak\u2019 - Bati Ermenistan Ve Bati Ermenileri Sorunlari Ara\u015ftirmalar Merkezi\" \/>\n<meta property=\"og:description\" content=\"Volkan Temel isimli K\u00fcrt yurtta\u015f, sat\u0131r, b\u0131\u00e7ak ve sopalarla \u0131rk\u00e7\u0131 sald\u0131r\u0131ya u\u011frad\u0131. Temel\u2019e sald\u0131ran \u0131rk\u00e7\u0131 \u015fah\u0131slar, \u201cPis K\u00fcrtler, T\u00fcrk\u00f6z\u00fc size mezar olacak\u201d ifadelerini kulland\u0131. Mezopotamya Ajans\u0131\u2019n\u0131n haberine g\u00f6re, Mamak\u2019a ba\u011fl\u0131 T\u00fcrk\u00f6z\u00fc mahallesinde ya\u015fayan Volkan Temel isimli K\u00fcrt yurtta\u015fa d\u00fcn ak\u015fam saatlerinde D.G, S.G ve kimli\u011fi belli olmayan bir ba\u015fka ki\u015fi taraf\u0131ndan \u0131rk\u00e7\u0131 sald\u0131r\u0131 ger\u00e7ekle\u015ftirildi. Uzun [&hellip;]\" \/>\n<meta property=\"og:url\" content=\"https:\/\/akunq.net\/tr\/?p=66334\" \/>\n<meta property=\"og:site_name\" content=\"Bati Ermenistan Ve Bati Ermenileri Sorunlari Ara\u015ftirmalar Merkezi\" \/>\n<meta property=\"article:published_time\" content=\"2021-12-21T08:17:38+00:00\" \/>\n<meta property=\"og:image\" content=\"https:\/\/akunq.net\/tr\/wp-content\/uploads\/sites\/6\/2021\/12\/Turkiyede-Kurtler.jpeg\" \/>\n\t<meta property=\"og:image:width\" content=\"800\" \/>\n\t<meta property=\"og:image:height\" content=\"463\" \/>\n\t<meta property=\"og:image:type\" content=\"image\/jpeg\" \/>\n<meta name=\"author\" content=\"admin\" \/>\n<meta name=\"twitter:card\" content=\"summary_large_image\" \/>\n<meta name=\"twitter:label1\" content=\"Written by\" \/>\n\t<meta name=\"twitter:data1\" content=\"admin\" \/>\n\t<meta name=\"twitter:label2\" content=\"Est. reading time\" \/>\n\t<meta name=\"twitter:data2\" content=\"2 minutes\" \/>\n<script type=\"application\/ld+json\" class=\"yoast-schema-graph\">{\"@context\":\"https:\\\/\\\/schema.org\",\"@graph\":[{\"@type\":\"Article\",\"@id\":\"https:\\\/\\\/akunq.net\\\/tr\\\/?p=66334#article\",\"isPartOf\":{\"@id\":\"https:\\\/\\\/akunq.net\\\/tr\\\/?p=66334\"},\"author\":{\"name\":\"admin\",\"@id\":\"https:\\\/\\\/akunq.net\\\/tr\\\/#\\\/schema\\\/person\\\/096f1d38a12cce57fb855b485ed24c9e\"},\"headline\":\"Ankara\u2019da sald\u0131r\u0131ya u\u011frayan Volkan Temel: \u2018Pis K\u00fcrtler, buras\u0131 size mezar olacak\u2019\",\"datePublished\":\"2021-12-21T08:17:38+00:00\",\"mainEntityOfPage\":{\"@id\":\"https:\\\/\\\/akunq.net\\\/tr\\\/?p=66334\"},\"wordCount\":388,\"commentCount\":0,\"image\":{\"@id\":\"https:\\\/\\\/akunq.net\\\/tr\\\/?p=66334#primaryimage\"},\"thumbnailUrl\":\"https:\\\/\\\/akunq.net\\\/tr\\\/wp-content\\\/uploads\\\/sites\\\/6\\\/2021\\\/12\\\/Turkiyede-Kurtler.jpeg\",\"articleSection\":[\"Haberler\",\"T\u00fcrkiye\u2019de Az\u0131nl\u0131klar\"],\"inLanguage\":\"en-US\",\"potentialAction\":[{\"@type\":\"CommentAction\",\"name\":\"Comment\",\"target\":[\"https:\\\/\\\/akunq.net\\\/tr\\\/?p=66334#respond\"]}]},{\"@type\":\"WebPage\",\"@id\":\"https:\\\/\\\/akunq.net\\\/tr\\\/?p=66334\",\"url\":\"https:\\\/\\\/akunq.net\\\/tr\\\/?p=66334\",\"name\":\"Ankara\u2019da sald\u0131r\u0131ya u\u011frayan Volkan Temel: \u2018Pis K\u00fcrtler, buras\u0131 size mezar olacak\u2019 - Bati Ermenistan Ve Bati Ermenileri Sorunlari Ara\u015ftirmalar Merkezi\",\"isPartOf\":{\"@id\":\"https:\\\/\\\/akunq.net\\\/tr\\\/#website\"},\"primaryImageOfPage\":{\"@id\":\"https:\\\/\\\/akunq.net\\\/tr\\\/?p=66334#primaryimage\"},\"image\":{\"@id\":\"https:\\\/\\\/akunq.net\\\/tr\\\/?p=66334#primaryimage\"},\"thumbnailUrl\":\"https:\\\/\\\/akunq.net\\\/tr\\\/wp-content\\\/uploads\\\/sites\\\/6\\\/2021\\\/12\\\/Turkiyede-Kurtler.jpeg\",\"datePublished\":\"2021-12-21T08:17:38+00:00\",\"author\":{\"@id\":\"https:\\\/\\\/akunq.net\\\/tr\\\/#\\\/schema\\\/person\\\/096f1d38a12cce57fb855b485ed24c9e\"},\"breadcrumb\":{\"@id\":\"https:\\\/\\\/akunq.net\\\/tr\\\/?p=66334#breadcrumb\"},\"inLanguage\":\"en-US\",\"potentialAction\":[{\"@type\":\"ReadAction\",\"target\":[\"https:\\\/\\\/akunq.net\\\/tr\\\/?p=66334\"]}]},{\"@type\":\"ImageObject\",\"inLanguage\":\"en-US\",\"@id\":\"https:\\\/\\\/akunq.net\\\/tr\\\/?p=66334#primaryimage\",\"url\":\"https:\\\/\\\/akunq.net\\\/tr\\\/wp-content\\\/uploads\\\/sites\\\/6\\\/2021\\\/12\\\/Turkiyede-Kurtler.jpeg\",\"contentUrl\":\"https:\\\/\\\/akunq.net\\\/tr\\\/wp-content\\\/uploads\\\/sites\\\/6\\\/2021\\\/12\\\/Turkiyede-Kurtler.jpeg\",\"width\":800,\"height\":463},{\"@type\":\"BreadcrumbList\",\"@id\":\"https:\\\/\\\/akunq.net\\\/tr\\\/?p=66334#breadcrumb\",\"itemListElement\":[{\"@type\":\"ListItem\",\"position\":1,\"name\":\"Home\",\"item\":\"https:\\\/\\\/akunq.net\\\/tr\"},{\"@type\":\"ListItem\",\"position\":2,\"name\":\"Ankara\u2019da sald\u0131r\u0131ya u\u011frayan Volkan Temel: \u2018Pis K\u00fcrtler, buras\u0131 size mezar olacak\u2019\"}]},{\"@type\":\"WebSite\",\"@id\":\"https:\\\/\\\/akunq.net\\\/tr\\\/#website\",\"url\":\"https:\\\/\\\/akunq.net\\\/tr\\\/\",\"name\":\"Bati Ermenistan Ve Bati Ermenileri Sorunlari Ara\u015ftirmalar Merkezi\",\"description\":\"\",\"potentialAction\":[{\"@type\":\"SearchAction\",\"target\":{\"@type\":\"EntryPoint\",\"urlTemplate\":\"https:\\\/\\\/akunq.net\\\/tr\\\/?s={search_term_string}\"},\"query-input\":{\"@type\":\"PropertyValueSpecification\",\"valueRequired\":true,\"valueName\":\"search_term_string\"}}],\"inLanguage\":\"en-US\"},{\"@type\":\"Person\",\"@id\":\"https:\\\/\\\/akunq.net\\\/tr\\\/#\\\/schema\\\/person\\\/096f1d38a12cce57fb855b485ed24c9e\",\"name\":\"admin\",\"url\":\"https:\\\/\\\/akunq.net\\\/tr\\\/?author=7\"}]}<\/script>\n<!-- \/ Yoast SEO plugin. -->","yoast_head_json":{"title":"Ankara\u2019da sald\u0131r\u0131ya u\u011frayan Volkan Temel: \u2018Pis K\u00fcrtler, buras\u0131 size mezar olacak\u2019 - Bati Ermenistan Ve Bati Ermenileri Sorunlari Ara\u015ftirmalar Merkezi","robots":{"index":"index","follow":"follow","max-snippet":"max-snippet:-1","max-image-preview":"max-image-preview:large","max-video-preview":"max-video-preview:-1"},"canonical":"https:\/\/akunq.net\/tr\/?p=66334","og_locale":"en_US","og_type":"article","og_title":"Ankara\u2019da sald\u0131r\u0131ya u\u011frayan Volkan Temel: \u2018Pis K\u00fcrtler, buras\u0131 size mezar olacak\u2019 - Bati Ermenistan Ve Bati Ermenileri Sorunlari Ara\u015ftirmalar Merkezi","og_description":"Volkan Temel isimli K\u00fcrt yurtta\u015f, sat\u0131r, b\u0131\u00e7ak ve sopalarla \u0131rk\u00e7\u0131 sald\u0131r\u0131ya u\u011frad\u0131. Temel\u2019e sald\u0131ran \u0131rk\u00e7\u0131 \u015fah\u0131slar, \u201cPis K\u00fcrtler, T\u00fcrk\u00f6z\u00fc size mezar olacak\u201d ifadelerini kulland\u0131. Mezopotamya Ajans\u0131\u2019n\u0131n haberine g\u00f6re, Mamak\u2019a ba\u011fl\u0131 T\u00fcrk\u00f6z\u00fc mahallesinde ya\u015fayan Volkan Temel isimli K\u00fcrt yurtta\u015fa d\u00fcn ak\u015fam saatlerinde D.G, S.G ve kimli\u011fi belli olmayan bir ba\u015fka ki\u015fi taraf\u0131ndan \u0131rk\u00e7\u0131 sald\u0131r\u0131 ger\u00e7ekle\u015ftirildi. Uzun [&hellip;]","og_url":"https:\/\/akunq.net\/tr\/?p=66334","og_site_name":"Bati Ermenistan Ve Bati Ermenileri Sorunlari Ara\u015ftirmalar Merkezi","article_published_time":"2021-12-21T08:17:38+00:00","og_image":[{"width":800,"height":463,"url":"https:\/\/akunq.net\/tr\/wp-content\/uploads\/sites\/6\/2021\/12\/Turkiyede-Kurtler.jpeg","type":"image\/jpeg"}],"author":"admin","twitter_card":"summary_large_image","twitter_misc":{"Written by":"admin","Est. reading time":"2 minutes"},"schema":{"@context":"https:\/\/schema.org","@graph":[{"@type":"Article","@id":"https:\/\/akunq.net\/tr\/?p=66334#article","isPartOf":{"@id":"https:\/\/akunq.net\/tr\/?p=66334"},"author":{"name":"admin","@id":"https:\/\/akunq.net\/tr\/#\/schema\/person\/096f1d38a12cce57fb855b485ed24c9e"},"headline":"Ankara\u2019da sald\u0131r\u0131ya u\u011frayan Volkan Temel: \u2018Pis K\u00fcrtler, buras\u0131 size mezar olacak\u2019","datePublished":"2021-12-21T08:17:38+00:00","mainEntityOfPage":{"@id":"https:\/\/akunq.net\/tr\/?p=66334"},"wordCount":388,"commentCount":0,"image":{"@id":"https:\/\/akunq.net\/tr\/?p=66334#primaryimage"},"thumbnailUrl":"https:\/\/akunq.net\/tr\/wp-content\/uploads\/sites\/6\/2021\/12\/Turkiyede-Kurtler.jpeg","articleSection":["Haberler","T\u00fcrkiye\u2019de Az\u0131nl\u0131klar"],"inLanguage":"en-US","potentialAction":[{"@type":"CommentAction","name":"Comment","target":["https:\/\/akunq.net\/tr\/?p=66334#respond"]}]},{"@type":"WebPage","@id":"https:\/\/akunq.net\/tr\/?p=66334","url":"https:\/\/akunq.net\/tr\/?p=66334","name":"Ankara\u2019da sald\u0131r\u0131ya u\u011frayan Volkan Temel: \u2018Pis K\u00fcrtler, buras\u0131 size mezar olacak\u2019 - Bati Ermenistan Ve Bati Ermenileri Sorunlari Ara\u015ftirmalar Merkezi","isPartOf":{"@id":"https:\/\/akunq.net\/tr\/#website"},"primaryImageOfPage":{"@id":"https:\/\/akunq.net\/tr\/?p=66334#primaryimage"},"image":{"@id":"https:\/\/akunq.net\/tr\/?p=66334#primaryimage"},"thumbnailUrl":"https:\/\/akunq.net\/tr\/wp-content\/uploads\/sites\/6\/2021\/12\/Turkiyede-Kurtler.jpeg","datePublished":"2021-12-21T08:17:38+00:00","author":{"@id":"https:\/\/akunq.net\/tr\/#\/schema\/person\/096f1d38a12cce57fb855b485ed24c9e"},"breadcrumb":{"@id":"https:\/\/akunq.net\/tr\/?p=66334#breadcrumb"},"inLanguage":"en-US","potentialAction":[{"@type":"ReadAction","target":["https:\/\/akunq.net\/tr\/?p=66334"]}]},{"@type":"ImageObject","inLanguage":"en-US","@id":"https:\/\/akunq.net\/tr\/?p=66334#primaryimage","url":"https:\/\/akunq.net\/tr\/wp-content\/uploads\/sites\/6\/2021\/12\/Turkiyede-Kurtler.jpeg","contentUrl":"https:\/\/akunq.net\/tr\/wp-content\/uploads\/sites\/6\/2021\/12\/Turkiyede-Kurtler.jpeg","width":800,"height":463},{"@type":"BreadcrumbList","@id":"https:\/\/akunq.net\/tr\/?p=66334#breadcrumb","itemListElement":[{"@type":"ListItem","position":1,"name":"Home","item":"https:\/\/akunq.net\/tr"},{"@type":"ListItem","position":2,"name":"Ankara\u2019da sald\u0131r\u0131ya u\u011frayan Volkan Temel: \u2018Pis K\u00fcrtler, buras\u0131 size mezar olacak\u2019"}]},{"@type":"WebSite","@id":"https:\/\/akunq.net\/tr\/#website","url":"https:\/\/akunq.net\/tr\/","name":"Bati Ermenistan Ve Bati Ermenileri Sorunlari Ara\u015ftirmalar Merkezi","description":"","potentialAction":[{"@type":"SearchAction","target":{"@type":"EntryPoint","urlTemplate":"https:\/\/akunq.net\/tr\/?s={search_term_string}"},"query-input":{"@type":"PropertyValueSpecification","valueRequired":true,"valueName":"search_term_string"}}],"inLanguage":"en-US"},{"@type":"Person","@id":"https:\/\/akunq.net\/tr\/#\/schema\/person\/096f1d38a12cce57fb855b485ed24c9e","name":"admin","url":"https:\/\/akunq.net\/tr\/?author=7"}]}},"_links":{"self":[{"href":"https:\/\/akunq.net\/tr\/index.php?rest_route=\/wp\/v2\/posts\/66334","targetHints":{"allow":["GET"]}}],"collection":[{"href":"https:\/\/akunq.net\/tr\/index.php?rest_route=\/wp\/v2\/posts"}],"about":[{"href":"https:\/\/akunq.net\/tr\/index.php?rest_route=\/wp\/v2\/types\/post"}],"author":[{"embeddable":true,"href":"https:\/\/akunq.net\/tr\/index.php?rest_route=\/wp\/v2\/users\/7"}],"replies":[{"embeddable":true,"href":"https:\/\/akunq.net\/tr\/index.php?rest_route=%2Fwp%2Fv2%2Fcomments&post=66334"}],"version-history":[{"count":1,"href":"https:\/\/akunq.net\/tr\/index.php?rest_route=\/wp\/v2\/posts\/66334\/revisions"}],"predecessor-version":[{"id":66336,"href":"https:\/\/akunq.net\/tr\/index.php?rest_route=\/wp\/v2\/posts\/66334\/revisions\/66336"}],"wp:featuredmedia":[{"embeddable":true,"href":"https:\/\/akunq.net\/tr\/index.php?rest_route=\/wp\/v2\/media\/66335"}],"wp:attachment":[{"href":"https:\/\/akunq.net\/tr\/index.php?rest_route=%2Fwp%2Fv2%2Fmedia&parent=66334"}],"wp:term":[{"taxonomy":"category","embeddable":true,"href":"https:\/\/akunq.net\/tr\/index.php?rest_route=%2Fwp%2Fv2%2Fcategories&post=66334"},{"taxonomy":"post_tag","embeddable":true,"href":"https:\/\/akunq.net\/tr\/index.php?rest_route=%2Fwp%2Fv2%2Ftags&post=66334"}],"curies":[{"name":"wp","href":"https:\/\/api.w.org\/{rel}","templated":true}]}}