{"id":66328,"date":"2021-12-21T03:05:24","date_gmt":"2021-12-21T08:05:24","guid":{"rendered":"https:\/\/akunq.net\/tr\/?p=66328"},"modified":"2021-12-21T03:05:24","modified_gmt":"2021-12-21T08:05:24","slug":"istanbul-latin-katolik-kilisesi-havarisel-vekilinin-cobanlik-hizmetine-baslama-merasimi","status":"publish","type":"post","link":"https:\/\/akunq.net\/tr\/?p=66328","title":{"rendered":"\u0130stanbul Latin Katolik Kilisesi Havarisel Vekili\u2019nin \u00c7obanl\u0131k Hizmetine Ba\u015flama Merasimi"},"content":{"rendered":"<p><img loading=\"lazy\" decoding=\"async\" class=\"aligncenter size-medium wp-image-66329\" src=\"https:\/\/akunq.net\/tr\/wp-content\/uploads\/2021\/12\/\u0130stanbul-Latin-Katolik-Kilisesi-360x217.jpeg\" alt=\"\" width=\"360\" height=\"217\" srcset=\"https:\/\/akunq.net\/tr\/wp-content\/uploads\/sites\/6\/2021\/12\/\u0130stanbul-Latin-Katolik-Kilisesi-360x217.jpeg 360w, https:\/\/akunq.net\/tr\/wp-content\/uploads\/sites\/6\/2021\/12\/\u0130stanbul-Latin-Katolik-Kilisesi-768x463.jpeg 768w, https:\/\/akunq.net\/tr\/wp-content\/uploads\/sites\/6\/2021\/12\/\u0130stanbul-Latin-Katolik-Kilisesi-1536x925.jpeg 1536w, https:\/\/akunq.net\/tr\/wp-content\/uploads\/sites\/6\/2021\/12\/\u0130stanbul-Latin-Katolik-Kilisesi-560x337.jpeg 560w, https:\/\/akunq.net\/tr\/wp-content\/uploads\/sites\/6\/2021\/12\/\u0130stanbul-Latin-Katolik-Kilisesi-260x157.jpeg 260w, https:\/\/akunq.net\/tr\/wp-content\/uploads\/sites\/6\/2021\/12\/\u0130stanbul-Latin-Katolik-Kilisesi-160x96.jpeg 160w, https:\/\/akunq.net\/tr\/wp-content\/uploads\/sites\/6\/2021\/12\/\u0130stanbul-Latin-Katolik-Kilisesi.jpeg 1627w\" sizes=\"auto, (max-width: 360px) 100vw, 360px\" \/><\/p>\n<p><em><strong>\u0130talya\u2019n\u0131n Campania b\u00f6lgesine ba\u011fl\u0131 Ariano Irpino\u2019da, 7 Aral\u0131k Sal\u0131 g\u00fcn\u00fc, \u0130stanbul Episkoposu olarak kutsanan Monseny\u00f6r Massimiliano Palinuro\u2019nun \u00e7obanl\u0131k hizmetine ba\u015flama merasimi, 18 Aral\u0131k Cumartesi g\u00fcn\u00fc, \u0130stanbul Kutsal Ruh Katedrali\u2019nde ger\u00e7ekle\u015ftirildi.<\/strong><\/em><\/p>\n<figure class=\"wp-block-image\"><img decoding=\"async\" class=\"wp-image-57332\" src=\"https:\/\/i1.wp.com\/haber.sat7turk.com\/wp-content\/uploads\/2021\/12\/1-1.jpg?ssl=1\" alt=\"\" data-recalc-dims=\"1\" \/><\/figure>\n<p>Merasimde, Katedral\u2019in Rekt\u00f6r\u00fc Peder Nicola Masedu, h\u00fcrmet g\u00f6stergesi olarak yeni Episkopos\u2019a s\u00fcr\u00fcs\u00fc i\u00e7in a\u00e7\u0131 \u00e7eken ve \u00f6len Mesih ile ili\u015fkisinin bir hat\u0131rlat\u0131c\u0131s\u0131 olarak bir ha\u00e7 sundu. Ard\u0131ndan, Monseny\u00f6r Massimiliano, kutsal su ile kendisini ve sonra t\u00fcm kat\u0131l\u0131mc\u0131lar\u0131, inan\u00e7ta payla\u015ft\u0131\u011f\u0131 temel ba\u011f\u0131n simgesi olan vaftiz gizeminin bir g\u00f6stergesi olarak \u0130zmir Emekli Ba\u015fepiskoposu ve akabinde \u0130stanbul Havarisel Y\u00f6neticisi Monseny\u00f6r Lorenzo Piretto, \u0130zmir Ba\u015fepiskoposu Monseny\u00f6r Martin Kmetec, Anadolu Episkoposu Monseny\u00f6r Paolo Bizzeti, Vatikan\u2019\u0131n T\u00fcrkiye B\u00fcy\u00fckel\u00e7ili\u011fi Birinci M\u00fcste\u015far\u0131 Monseny\u00f6r Walter Erbi, \u0130talya\u2019dan gelen Ariano Irpino \u2013 Lacedonia Episkoposu Monseny\u00f6r Sergio Melillo ve Napoli Episkoposu Monseny\u00f6r Michele Autuoro, T\u00fcrkiye Ermeni Katolik Apostolik Y\u00f6neticisi Ba\u015fepiskopos Monseny\u00f6r Levon Zekiyan, T\u00fcrkiye Keldanileri\u2019nin Ba\u015fepiskoposu Monseny\u00f6r Ramzi Garmou ve T\u00fcrkiye S\u00fcryani Katolik Korepiskoposu Monseny\u00f6r Orhan \u00c7anl\u0131 refakatlerinde kutsad\u0131.<\/p>\n<figure class=\"wp-block-image\"><img decoding=\"async\" class=\"wp-image-57333\" src=\"https:\/\/i0.wp.com\/haber.sat7turk.com\/wp-content\/uploads\/2021\/12\/2-2.jpg?ssl=1\" alt=\"\" data-recalc-dims=\"1\" \/><\/figure>\n<p>Ard\u0131ndan Monseny\u00f6r Massimiliano, \u0130stanbul B\u00fcy\u00fck\u015fehir Belediyesi Yetkilisini, \u0130stanbul Valili\u011fi Uluslararas\u0131 \u0130li\u015fkiler Temsilcisini, Fransa\u2019n\u0131n T\u00fcrkiye B\u00fcy\u00fckel\u00e7isi Herv\u00e9 Magro\u2019yu, Amerika Birle\u015fik Devletleri\u2019nin T\u00fcrkiye B\u00fcy\u00fckel\u00e7ili\u011fi Yetkilisini, Amerika Birle\u015fik Devletleri\u2019nin \u0130stanbul Ba\u015fkonsolosu Daria Darnell\u2019i, \u0130stanbul Alman Ba\u015fkonsolosu Johannes Regenbrecht\u2019i, \u0130stanbul Polonya Ba\u015fkonsolosu Dariusz Gumieniczek\u2019i, \u0130stanbul \u0130talyan Konsolosu Ir\u00e8ne Pastorino Olmi\u2019yi, \u0130talya\u2019da on bir y\u0131l s\u00fcresince pederli\u011fini \u00fcstlendi\u011fi mahalli kilisenin yer ald\u0131\u011f\u0131 San Nicola Baronia\u2019n\u0131n Belediye Ba\u015fkan\u0131\u2019n\u0131 selamlad\u0131.<\/p>\n<p>Daha sonra Efkaristiya \u015eapeli\u2019nde k\u0131sa bir s\u00fcre h\u00fcrmetle diz \u00e7\u00f6kt\u00fckten sonra, Kutsal Efkaristiya Ayini\u2019ne has c\u00fcbbeleri giydi.<\/p>\n<p>Kutsal Ayin giri\u015f ilahisi ve t\u00f6ren alay\u0131 ile ba\u015flad\u0131. Ho\u015f geldiniz konu\u015fmas\u0131nda Havarisel Y\u00f6netici olarak Ba\u015fepiskopos Monseny\u00f6r Lorenzo ilk olarak, merasime te\u015frif eden din adamlar\u0131n\u0131 selamlad\u0131. \u00d6zellikle Ek\u00fcmenik Patrik Bartholomeos, T\u00fcrkiye Ermenileri Kadasetli Patri\u011f\u0131 Sahak II, \u0130stanbul-Ankara S\u00fcryani Kadim Metropoliti Monseny\u00f6r Yusuf \u00c7etin, Katolik Episkoposlar Kurulu Ba\u015fkan\u0131 olarak Monseny\u00f6r Martin Kmetec, emekli \u0130stanbul Episkoposu Monseny\u00f6r Louis Pel\u00e2tre, T\u00fcrkiye Hahamba\u015f\u0131l\u0131\u011f\u0131\u2019ndan ve \u0130stanbul M\u00fcft\u00fcl\u00fc\u011f\u00fc\u2019nden temsilciler, \u0130talya\u2019dan gelen 2 Episkopos\u2019un yan\u0131 s\u0131ra 16 rahip, Episkopos Massimiliano\u2019nun uzun y\u0131llar \u0130zmir ve Trabzon\u2019da \u00e7al\u0131\u015ft\u0131\u011f\u0131 rahipler ve laiklerden olu\u015fan delegasyonlar, Ankara\u2019dan ve elbette \u0130stanbul\u2019un d\u00f6rt bir yan\u0131ndan gelen rahipler, rahibeler, Hristiyan cemaatlerinin sorumlular\u0131 ve \u00fcyelerine selam\u0131n\u0131 sundu. Ard\u0131ndan, idari yetkilileri ve diplomatlar\u0131 selamlad\u0131ktan sonra Monseny\u00f6r Massimiliano Palinuro\u2019ya b\u00fcy\u00fck bir sevin\u00e7le ho\u015f geldiniz dedi.<\/p>\n<figure class=\"wp-block-image\"><img decoding=\"async\" class=\"wp-image-57334\" src=\"https:\/\/i0.wp.com\/haber.sat7turk.com\/wp-content\/uploads\/2021\/12\/3-2-768x1024.jpg?resize=768%2C1024&amp;ssl=1\" alt=\"\" data-recalc-dims=\"1\" \/><\/figure>\n<p>Bir sene \u00f6nce, 22 Aral\u0131k\u2019ta Koronavir\u00fcs nedeniyle \u0130stanbul Latin Katolik Ruhani Reisi Monseny\u00f6r Rub\u00e9n Tierrablanca\u2019n\u0131n vefat etti\u011fini ve de Havarisel vekili olarak Giuseppe Roncalli\u2019nin de bu evde 10 y\u0131l ya\u015fad\u0131\u011f\u0131n\u0131 hat\u0131rlatt\u0131. Kendisi daha sonra, 23. Yuhanna ad\u0131 ile 1958 y\u0131l\u0131nda Papa oldu.<\/p>\n<p>Ard\u0131ndan s\u00f6z, Vatikan\u2019\u0131n T\u00fcrkiye B\u00fcy\u00fckel\u00e7ili\u011fi temsilcisi olarak, 14 Eyl\u00fcl\u2019de Papa Fran\u00e7esko taraf\u0131ndan ilan edilen yeni \u0130stanbul Episkoposu atanmas\u0131n\u0131 hat\u0131rlatan Monseny\u00f6r Walter Erbil\u2019e verildi.<\/p>\n<p>Peder Lucian Abalintoaiei kilisede bulunan herkese Havarisel Mektubu g\u00f6sterdi ve Kutsal Ruh Katedrali\u2019nin Rekt\u00f6r\u00fc Peder Nicola Masedu taraf\u0131ndan okundu.<\/p>\n<figure class=\"wp-block-image\"><img decoding=\"async\" class=\"wp-image-57335\" src=\"https:\/\/i1.wp.com\/haber.sat7turk.com\/wp-content\/uploads\/2021\/12\/4.jpg?ssl=1\" alt=\"\" data-recalc-dims=\"1\" \/><\/figure>\n<p>Havarisel Mektup okunduktan sonra, yeni Episkopos, Monseny\u00f6r Lorenzo taraf\u0131ndan katedras\u0131na, yani makam\u0131na oturmaya davet edildi. \u201cKatedra\u201d, episkoposun belirli bir Kilisedeki \u00f6\u011fretmenlik g\u00f6revinin ve pastoral hizmetinin bir i\u015faretidir. Havarisel Y\u00f6netici olarak Monseny\u00f6r Piretto daha sonra \u00e7obanl\u0131k asas\u0131n\u0131 yeni Episkopos\u2019a sundu ve teslim etti. \u00c7obanl\u0131k asas\u0131 kadim olmas\u0131 sebebiyle\u00a0<em>(ilk defa be\u015finci y\u00fczy\u0131lda olmak \u00fczere alt\u0131nc\u0131 y\u00fczy\u0131ldan itibaren yayg\u0131n olarak kullan\u0131la gelmi\u015ftir)<\/em>\u00a0episkoposun di\u011fer ni\u015fanlar\u0131n\u0131n \u00fcst\u00fcnde olup, ba\u015fl\u0131ca g\u00f6revlerinden bilmek ve ilgilenmek, liderlik ve rehberlik, s\u00fcr\u00fcy\u00fc korumak ve kusurlar\u0131 d\u00fczeltmek g\u00f6revlerini sembolize eder.<\/p>\n<figure class=\"wp-block-image\"><img decoding=\"async\" class=\"wp-image-57336\" src=\"https:\/\/i0.wp.com\/haber.sat7turk.com\/wp-content\/uploads\/2021\/12\/5-1.jpg?ssl=1\" alt=\"\" data-recalc-dims=\"1\" \/><\/figure>\n<p>Uygun bir ilahi e\u015fliginde Monseny\u00f6r Massimiliano, diyosezen rahiplerin, din adamlar\u0131n\u0131n, rahibe ve di\u011fer adanm\u0131\u015flar\u0131n temsilcileri ile inananlar taraf\u0131ndan selamland\u0131. Bu jest, Allah halk\u0131n\u0131n episkoposlu\u011fun ba\u015f \u00e7oban\u0131na g\u00f6stermesi gereken sayg\u0131 ve itaatin bir ifadesidir.<\/p>\n<p>Kutsal Efkaristiya kutlamas\u0131, yeni Episkopos\u2019un ba\u015fkanl\u0131\u011f\u0131nda ola\u011fan \u015fekilde devam etti. Verdi\u011fi vaaz\u0131nda, di\u011fer yandan:\u00a0<em>\u201cAllah\u2019\u0131 kalplerimizde ta\u015f\u0131d\u0131\u011f\u0131m\u0131zda karde\u015flerimizin ac\u0131lar\u0131na ve s\u0131zlanmalar\u0131na kay\u0131ts\u0131z kalamay\u0131z. Ger\u00e7ek iman bizi sevgiye ve hizmete y\u00f6neltir. B\u00fcnyesinde insan sevgisi bar\u0131nd\u0131rmayan bir inanc\u0131n, kolayl\u0131kla tehlikeli bir ideolojiye d\u00f6n\u00fc\u015fmesi ka\u00e7\u0131n\u0131lmazd\u0131r. Oysa, e\u011fer kalplerimizde Allah\u2019\u0131 ta\u015f\u0131rsak, O bizleri varsay\u0131lan kesinliklerimizin d\u0131\u015f\u0131na \u00e7\u0131kartarak di\u011fer insanlara do\u011fru, yola koyulmaya te\u015fvik eder ve bizzat kendisi her insan\u0131n yolda\u015f\u0131 olur\u2026<\/em><\/p>\n<p><em>\u0130stanbul\u2019daki k\u00fc\u00e7\u00fck Katolik cemaatimiz, Meryem\u2019in izinden giderek, ac\u0131 \u00e7ekenlerin yolda\u015f\u0131 olmak i\u00e7in onlara do\u011fru yola koyulmaya \u00e7a\u011fr\u0131lm\u0131\u015ft\u0131r\u2026 Cemaatimiz sahne \u0131\u015f\u0131klar\u0131 alt\u0131nda olmak istemiyor. Kendisine d\u00fc\u015fmeyen bir g\u00f6steri\u015fin pe\u015finde de\u011fildir. D\u00fcnyasal onurlar\u0131 ama\u00e7lam\u0131yor. Meryem gibi bizler de her insan\u0131n ne\u015fesine ve kurtulu\u015funa katk\u0131da bulunmaktan ba\u015fka bir \u015fey arzulam\u0131yoruz.<\/em><\/p>\n<figure class=\"wp-block-image\"><img decoding=\"async\" class=\"wp-image-57337\" src=\"https:\/\/i0.wp.com\/haber.sat7turk.com\/wp-content\/uploads\/2021\/12\/6.jpg?ssl=1\" alt=\"\" data-recalc-dims=\"1\" \/><\/figure>\n<p><em>K\u0131sa bir s\u00fcre evvel, Papa Fran\u00e7esko Orta Do\u011fu\u2019daki Katolik cemaatlerini maya gibi olmaya \u00e7a\u011f\u0131rd\u0131. Her ne kadar \u2013 t\u0131pk\u0131 bir maya misali \u2013 say\u0131sal anlamda k\u00fc\u00e7\u00fck olsak da somut bir sevginin tan\u0131klar\u0131 olarak bar\u0131\u015f\u00e7\u0131l ve dayan\u0131\u015fmac\u0131 bir toplumun in\u015fas\u0131na \u00f6nemli bir katk\u0131 sunma olas\u0131l\u0131\u011f\u0131m\u0131z var.<\/em><\/p>\n<p><em>Sevgili karde\u015flerim, sevginin ivedili\u011fi ile y\u00fcreklendirilmi\u015f bi\u00e7imde birlikte y\u00fcr\u00fcmeliyiz. \u0130stanbul Katolik Cemaati bir\u00e7ok ruhsal arma\u011fan\u0131n ve meyve veren \u00e7abalar\u0131n zenginli\u011fine sahiptir. Sayg\u0131de\u011fer seleflerim merhum Monseny\u00f6r Antoine Marovitch ve merhum Monseny\u00f6r Ruben Tierrablanca\u2019n\u0131n ve ondan evvel sevgili Monseny\u00f6r Louis Pel\u00e2tre\u2019\u0131n yapt\u0131klar\u0131 c\u00f6mert \u00e7al\u0131\u015fmalar\u0131n kesintisiz devam\u0131 mahiyetinde t\u00fcm g\u00fcc\u00fcm\u00fcz\u00fc bu k\u0131ymetli \u0130stanbul\u2019un ve burada ya\u015fayan hem\u015ferilerimizin hizmetine sunmay\u0131 arzu ediyoruz\u201d\u00a0<\/em>dedi.<\/p>\n<p>Vaaz\u0131 bittikten sonra, merasimde haz\u0131r bulunan Rum ve Ermeni Patrikler\u2019e, S\u00fcryani Metropolit\u2019e, T\u00fcrkiye Musevi Cemaati Hahamba\u015f\u0131\u2019na, Luteryen ve Protestan Kiliselerine \u00f6zel te\u015fekk\u00fcr etmek istedi.<\/p>\n<figure class=\"wp-block-image\"><img decoding=\"async\" class=\"wp-image-57338\" src=\"https:\/\/i2.wp.com\/haber.sat7turk.com\/wp-content\/uploads\/2021\/12\/7.jpg?ssl=1\" alt=\"\" data-recalc-dims=\"1\" \/><\/figure>\n<figure class=\"wp-block-image\"><img decoding=\"async\" class=\"wp-image-57339\" src=\"https:\/\/i2.wp.com\/haber.sat7turk.com\/wp-content\/uploads\/2021\/12\/8.jpg?ssl=1\" alt=\"\" data-recalc-dims=\"1\" \/><\/figure>\n<p>T\u00f6ren bitmeden \u00f6nce, Kadasetli Sahak II ve Ek\u00fcmenik Patrik Bartholomeos, hem bu hizmete ba\u015flama merasimi sevinci ifade etmek hem de herkesin iyili\u011fi i\u00e7in birlikte \u00e7al\u0131\u015fma isteklerini teyit etmek i\u00e7in k\u0131saca s\u00f6z ald\u0131lar.<\/p>\n<p>Sent Antuan Kilisesi\u2019nin Ba\u015frahibi Iosif Robu taraf\u0131ndan y\u00f6netilen Katedral korosu ve P. Simon Harting orgda bu \u00e7ok \u00f6zel t\u00f6rene g\u00fczel bir \u015fekilde renk katt\u0131. Ayin sonunda, t\u00fcm kat\u0131l\u0131mc\u0131lar birbiri ard\u0131na yeni Episkoposu tebrik ettiler ve foto\u011fraf \u00e7ektirdiler. Salg\u0131ndan dolay\u0131 herkese bir ikram paketi verildi.\u00a0<em>(SAT-7 T\u00dcRK\/Nathalie Ritzmann)<\/em><\/p>\n<p><em><strong><a href=\"https:\/\/haber.sat7turk.com\/istanbul-havarisel-vekili-episkoposunun-cobanlik-hizmetine-baslama-merasimi\/\" data-type=\"URL\" data-id=\"https:\/\/haber.sat7turk.com\/istanbul-havarisel-vekili-episkoposunun-cobanlik-hizmetine-baslama-merasimi\/\">https:\/\/haber.sat7turk.com\/istanbul-havarisel-vekili-episkoposunun-cobanlik-hizmetine-baslama-merasimi\/<\/a><\/strong><\/em><\/p>\n","protected":false},"excerpt":{"rendered":"<p>\u0130talya\u2019n\u0131n Campania b\u00f6lgesine ba\u011fl\u0131 Ariano Irpino\u2019da, 7 Aral\u0131k Sal\u0131 g\u00fcn\u00fc, \u0130stanbul Episkoposu olarak kutsanan Monseny\u00f6r Massimiliano Palinuro\u2019nun \u00e7obanl\u0131k hizmetine ba\u015flama merasimi, 18 Aral\u0131k Cumartesi g\u00fcn\u00fc, \u0130stanbul Kutsal Ruh Katedrali\u2019nde ger\u00e7ekle\u015ftirildi. Merasimde, Katedral\u2019in Rekt\u00f6r\u00fc Peder Nicola Masedu, h\u00fcrmet g\u00f6stergesi olarak yeni Episkopos\u2019a s\u00fcr\u00fcs\u00fc i\u00e7in a\u00e7\u0131 \u00e7eken ve \u00f6len Mesih ile ili\u015fkisinin bir hat\u0131rlat\u0131c\u0131s\u0131 olarak bir ha\u00e7 [&hellip;]<\/p>\n","protected":false},"author":7,"featured_media":66329,"comment_status":"open","ping_status":"open","sticky":false,"template":"","format":"standard","meta":{"footnotes":""},"categories":[1,53],"tags":[],"class_list":["post-66328","post","type-post","status-publish","format-standard","has-post-thumbnail","hentry","category-haberler","category-turkiyede-azinliklar"],"yoast_head":"<!-- This site is optimized with the Yoast SEO plugin v27.4 - https:\/\/yoast.com\/product\/yoast-seo-wordpress\/ -->\n<title>\u0130stanbul Latin Katolik Kilisesi Havarisel Vekili\u2019nin \u00c7obanl\u0131k Hizmetine Ba\u015flama Merasimi - Bati Ermenistan Ve Bati Ermenileri Sorunlari Ara\u015ftirmalar Merkezi<\/title>\n<meta name=\"robots\" content=\"index, follow, max-snippet:-1, max-image-preview:large, max-video-preview:-1\" \/>\n<link rel=\"canonical\" href=\"https:\/\/akunq.net\/tr\/?p=66328\" \/>\n<meta property=\"og:locale\" content=\"en_US\" \/>\n<meta property=\"og:type\" content=\"article\" \/>\n<meta property=\"og:title\" content=\"\u0130stanbul Latin Katolik Kilisesi Havarisel Vekili\u2019nin \u00c7obanl\u0131k Hizmetine Ba\u015flama Merasimi - Bati Ermenistan Ve Bati Ermenileri Sorunlari Ara\u015ftirmalar Merkezi\" \/>\n<meta property=\"og:description\" content=\"\u0130talya\u2019n\u0131n Campania b\u00f6lgesine ba\u011fl\u0131 Ariano Irpino\u2019da, 7 Aral\u0131k Sal\u0131 g\u00fcn\u00fc, \u0130stanbul Episkoposu olarak kutsanan Monseny\u00f6r Massimiliano Palinuro\u2019nun \u00e7obanl\u0131k hizmetine ba\u015flama merasimi, 18 Aral\u0131k Cumartesi g\u00fcn\u00fc, \u0130stanbul Kutsal Ruh Katedrali\u2019nde ger\u00e7ekle\u015ftirildi. Merasimde, Katedral\u2019in Rekt\u00f6r\u00fc Peder Nicola Masedu, h\u00fcrmet g\u00f6stergesi olarak yeni Episkopos\u2019a s\u00fcr\u00fcs\u00fc i\u00e7in a\u00e7\u0131 \u00e7eken ve \u00f6len Mesih ile ili\u015fkisinin bir hat\u0131rlat\u0131c\u0131s\u0131 olarak bir ha\u00e7 [&hellip;]\" \/>\n<meta property=\"og:url\" content=\"https:\/\/akunq.net\/tr\/?p=66328\" \/>\n<meta property=\"og:site_name\" content=\"Bati Ermenistan Ve Bati Ermenileri Sorunlari Ara\u015ftirmalar Merkezi\" \/>\n<meta property=\"article:published_time\" content=\"2021-12-21T08:05:24+00:00\" \/>\n<meta property=\"og:image\" content=\"https:\/\/akunq.net\/tr\/wp-content\/uploads\/sites\/6\/2021\/12\/\u0130stanbul-Latin-Katolik-Kilisesi.jpeg\" \/>\n\t<meta property=\"og:image:width\" content=\"1627\" \/>\n\t<meta property=\"og:image:height\" content=\"980\" \/>\n\t<meta property=\"og:image:type\" content=\"image\/jpeg\" \/>\n<meta name=\"author\" content=\"admin\" \/>\n<meta name=\"twitter:card\" content=\"summary_large_image\" \/>\n<meta name=\"twitter:label1\" content=\"Written by\" \/>\n\t<meta name=\"twitter:data1\" content=\"admin\" \/>\n\t<meta name=\"twitter:label2\" content=\"Est. reading time\" \/>\n\t<meta name=\"twitter:data2\" content=\"6 minutes\" \/>\n<script type=\"application\/ld+json\" class=\"yoast-schema-graph\">{\"@context\":\"https:\\\/\\\/schema.org\",\"@graph\":[{\"@type\":\"Article\",\"@id\":\"https:\\\/\\\/akunq.net\\\/tr\\\/?p=66328#article\",\"isPartOf\":{\"@id\":\"https:\\\/\\\/akunq.net\\\/tr\\\/?p=66328\"},\"author\":{\"name\":\"admin\",\"@id\":\"https:\\\/\\\/akunq.net\\\/tr\\\/#\\\/schema\\\/person\\\/096f1d38a12cce57fb855b485ed24c9e\"},\"headline\":\"\u0130stanbul Latin Katolik Kilisesi Havarisel Vekili\u2019nin \u00c7obanl\u0131k Hizmetine Ba\u015flama Merasimi\",\"datePublished\":\"2021-12-21T08:05:24+00:00\",\"mainEntityOfPage\":{\"@id\":\"https:\\\/\\\/akunq.net\\\/tr\\\/?p=66328\"},\"wordCount\":1253,\"commentCount\":0,\"image\":{\"@id\":\"https:\\\/\\\/akunq.net\\\/tr\\\/?p=66328#primaryimage\"},\"thumbnailUrl\":\"https:\\\/\\\/akunq.net\\\/tr\\\/wp-content\\\/uploads\\\/sites\\\/6\\\/2021\\\/12\\\/\u0130stanbul-Latin-Katolik-Kilisesi.jpeg\",\"articleSection\":[\"Haberler\",\"T\u00fcrkiye\u2019de Az\u0131nl\u0131klar\"],\"inLanguage\":\"en-US\",\"potentialAction\":[{\"@type\":\"CommentAction\",\"name\":\"Comment\",\"target\":[\"https:\\\/\\\/akunq.net\\\/tr\\\/?p=66328#respond\"]}]},{\"@type\":\"WebPage\",\"@id\":\"https:\\\/\\\/akunq.net\\\/tr\\\/?p=66328\",\"url\":\"https:\\\/\\\/akunq.net\\\/tr\\\/?p=66328\",\"name\":\"\u0130stanbul Latin Katolik Kilisesi Havarisel Vekili\u2019nin \u00c7obanl\u0131k Hizmetine Ba\u015flama Merasimi - Bati Ermenistan Ve Bati Ermenileri Sorunlari Ara\u015ftirmalar Merkezi\",\"isPartOf\":{\"@id\":\"https:\\\/\\\/akunq.net\\\/tr\\\/#website\"},\"primaryImageOfPage\":{\"@id\":\"https:\\\/\\\/akunq.net\\\/tr\\\/?p=66328#primaryimage\"},\"image\":{\"@id\":\"https:\\\/\\\/akunq.net\\\/tr\\\/?p=66328#primaryimage\"},\"thumbnailUrl\":\"https:\\\/\\\/akunq.net\\\/tr\\\/wp-content\\\/uploads\\\/sites\\\/6\\\/2021\\\/12\\\/\u0130stanbul-Latin-Katolik-Kilisesi.jpeg\",\"datePublished\":\"2021-12-21T08:05:24+00:00\",\"author\":{\"@id\":\"https:\\\/\\\/akunq.net\\\/tr\\\/#\\\/schema\\\/person\\\/096f1d38a12cce57fb855b485ed24c9e\"},\"breadcrumb\":{\"@id\":\"https:\\\/\\\/akunq.net\\\/tr\\\/?p=66328#breadcrumb\"},\"inLanguage\":\"en-US\",\"potentialAction\":[{\"@type\":\"ReadAction\",\"target\":[\"https:\\\/\\\/akunq.net\\\/tr\\\/?p=66328\"]}]},{\"@type\":\"ImageObject\",\"inLanguage\":\"en-US\",\"@id\":\"https:\\\/\\\/akunq.net\\\/tr\\\/?p=66328#primaryimage\",\"url\":\"https:\\\/\\\/akunq.net\\\/tr\\\/wp-content\\\/uploads\\\/sites\\\/6\\\/2021\\\/12\\\/\u0130stanbul-Latin-Katolik-Kilisesi.jpeg\",\"contentUrl\":\"https:\\\/\\\/akunq.net\\\/tr\\\/wp-content\\\/uploads\\\/sites\\\/6\\\/2021\\\/12\\\/\u0130stanbul-Latin-Katolik-Kilisesi.jpeg\",\"width\":1627,\"height\":980},{\"@type\":\"BreadcrumbList\",\"@id\":\"https:\\\/\\\/akunq.net\\\/tr\\\/?p=66328#breadcrumb\",\"itemListElement\":[{\"@type\":\"ListItem\",\"position\":1,\"name\":\"Home\",\"item\":\"https:\\\/\\\/akunq.net\\\/tr\"},{\"@type\":\"ListItem\",\"position\":2,\"name\":\"\u0130stanbul Latin Katolik Kilisesi Havarisel Vekili\u2019nin \u00c7obanl\u0131k Hizmetine Ba\u015flama Merasimi\"}]},{\"@type\":\"WebSite\",\"@id\":\"https:\\\/\\\/akunq.net\\\/tr\\\/#website\",\"url\":\"https:\\\/\\\/akunq.net\\\/tr\\\/\",\"name\":\"Bati Ermenistan Ve Bati Ermenileri Sorunlari Ara\u015ftirmalar Merkezi\",\"description\":\"\",\"potentialAction\":[{\"@type\":\"SearchAction\",\"target\":{\"@type\":\"EntryPoint\",\"urlTemplate\":\"https:\\\/\\\/akunq.net\\\/tr\\\/?s={search_term_string}\"},\"query-input\":{\"@type\":\"PropertyValueSpecification\",\"valueRequired\":true,\"valueName\":\"search_term_string\"}}],\"inLanguage\":\"en-US\"},{\"@type\":\"Person\",\"@id\":\"https:\\\/\\\/akunq.net\\\/tr\\\/#\\\/schema\\\/person\\\/096f1d38a12cce57fb855b485ed24c9e\",\"name\":\"admin\",\"url\":\"https:\\\/\\\/akunq.net\\\/tr\\\/?author=7\"}]}<\/script>\n<!-- \/ Yoast SEO plugin. -->","yoast_head_json":{"title":"\u0130stanbul Latin Katolik Kilisesi Havarisel Vekili\u2019nin \u00c7obanl\u0131k Hizmetine Ba\u015flama Merasimi - Bati Ermenistan Ve Bati Ermenileri Sorunlari Ara\u015ftirmalar Merkezi","robots":{"index":"index","follow":"follow","max-snippet":"max-snippet:-1","max-image-preview":"max-image-preview:large","max-video-preview":"max-video-preview:-1"},"canonical":"https:\/\/akunq.net\/tr\/?p=66328","og_locale":"en_US","og_type":"article","og_title":"\u0130stanbul Latin Katolik Kilisesi Havarisel Vekili\u2019nin \u00c7obanl\u0131k Hizmetine Ba\u015flama Merasimi - Bati Ermenistan Ve Bati Ermenileri Sorunlari Ara\u015ftirmalar Merkezi","og_description":"\u0130talya\u2019n\u0131n Campania b\u00f6lgesine ba\u011fl\u0131 Ariano Irpino\u2019da, 7 Aral\u0131k Sal\u0131 g\u00fcn\u00fc, \u0130stanbul Episkoposu olarak kutsanan Monseny\u00f6r Massimiliano Palinuro\u2019nun \u00e7obanl\u0131k hizmetine ba\u015flama merasimi, 18 Aral\u0131k Cumartesi g\u00fcn\u00fc, \u0130stanbul Kutsal Ruh Katedrali\u2019nde ger\u00e7ekle\u015ftirildi. Merasimde, Katedral\u2019in Rekt\u00f6r\u00fc Peder Nicola Masedu, h\u00fcrmet g\u00f6stergesi olarak yeni Episkopos\u2019a s\u00fcr\u00fcs\u00fc i\u00e7in a\u00e7\u0131 \u00e7eken ve \u00f6len Mesih ile ili\u015fkisinin bir hat\u0131rlat\u0131c\u0131s\u0131 olarak bir ha\u00e7 [&hellip;]","og_url":"https:\/\/akunq.net\/tr\/?p=66328","og_site_name":"Bati Ermenistan Ve Bati Ermenileri Sorunlari Ara\u015ftirmalar Merkezi","article_published_time":"2021-12-21T08:05:24+00:00","og_image":[{"width":1627,"height":980,"url":"https:\/\/akunq.net\/tr\/wp-content\/uploads\/sites\/6\/2021\/12\/\u0130stanbul-Latin-Katolik-Kilisesi.jpeg","type":"image\/jpeg"}],"author":"admin","twitter_card":"summary_large_image","twitter_misc":{"Written by":"admin","Est. reading time":"6 minutes"},"schema":{"@context":"https:\/\/schema.org","@graph":[{"@type":"Article","@id":"https:\/\/akunq.net\/tr\/?p=66328#article","isPartOf":{"@id":"https:\/\/akunq.net\/tr\/?p=66328"},"author":{"name":"admin","@id":"https:\/\/akunq.net\/tr\/#\/schema\/person\/096f1d38a12cce57fb855b485ed24c9e"},"headline":"\u0130stanbul Latin Katolik Kilisesi Havarisel Vekili\u2019nin \u00c7obanl\u0131k Hizmetine Ba\u015flama Merasimi","datePublished":"2021-12-21T08:05:24+00:00","mainEntityOfPage":{"@id":"https:\/\/akunq.net\/tr\/?p=66328"},"wordCount":1253,"commentCount":0,"image":{"@id":"https:\/\/akunq.net\/tr\/?p=66328#primaryimage"},"thumbnailUrl":"https:\/\/akunq.net\/tr\/wp-content\/uploads\/sites\/6\/2021\/12\/\u0130stanbul-Latin-Katolik-Kilisesi.jpeg","articleSection":["Haberler","T\u00fcrkiye\u2019de Az\u0131nl\u0131klar"],"inLanguage":"en-US","potentialAction":[{"@type":"CommentAction","name":"Comment","target":["https:\/\/akunq.net\/tr\/?p=66328#respond"]}]},{"@type":"WebPage","@id":"https:\/\/akunq.net\/tr\/?p=66328","url":"https:\/\/akunq.net\/tr\/?p=66328","name":"\u0130stanbul Latin Katolik Kilisesi Havarisel Vekili\u2019nin \u00c7obanl\u0131k Hizmetine Ba\u015flama Merasimi - Bati Ermenistan Ve Bati Ermenileri Sorunlari Ara\u015ftirmalar Merkezi","isPartOf":{"@id":"https:\/\/akunq.net\/tr\/#website"},"primaryImageOfPage":{"@id":"https:\/\/akunq.net\/tr\/?p=66328#primaryimage"},"image":{"@id":"https:\/\/akunq.net\/tr\/?p=66328#primaryimage"},"thumbnailUrl":"https:\/\/akunq.net\/tr\/wp-content\/uploads\/sites\/6\/2021\/12\/\u0130stanbul-Latin-Katolik-Kilisesi.jpeg","datePublished":"2021-12-21T08:05:24+00:00","author":{"@id":"https:\/\/akunq.net\/tr\/#\/schema\/person\/096f1d38a12cce57fb855b485ed24c9e"},"breadcrumb":{"@id":"https:\/\/akunq.net\/tr\/?p=66328#breadcrumb"},"inLanguage":"en-US","potentialAction":[{"@type":"ReadAction","target":["https:\/\/akunq.net\/tr\/?p=66328"]}]},{"@type":"ImageObject","inLanguage":"en-US","@id":"https:\/\/akunq.net\/tr\/?p=66328#primaryimage","url":"https:\/\/akunq.net\/tr\/wp-content\/uploads\/sites\/6\/2021\/12\/\u0130stanbul-Latin-Katolik-Kilisesi.jpeg","contentUrl":"https:\/\/akunq.net\/tr\/wp-content\/uploads\/sites\/6\/2021\/12\/\u0130stanbul-Latin-Katolik-Kilisesi.jpeg","width":1627,"height":980},{"@type":"BreadcrumbList","@id":"https:\/\/akunq.net\/tr\/?p=66328#breadcrumb","itemListElement":[{"@type":"ListItem","position":1,"name":"Home","item":"https:\/\/akunq.net\/tr"},{"@type":"ListItem","position":2,"name":"\u0130stanbul Latin Katolik Kilisesi Havarisel Vekili\u2019nin \u00c7obanl\u0131k Hizmetine Ba\u015flama Merasimi"}]},{"@type":"WebSite","@id":"https:\/\/akunq.net\/tr\/#website","url":"https:\/\/akunq.net\/tr\/","name":"Bati Ermenistan Ve Bati Ermenileri Sorunlari Ara\u015ftirmalar Merkezi","description":"","potentialAction":[{"@type":"SearchAction","target":{"@type":"EntryPoint","urlTemplate":"https:\/\/akunq.net\/tr\/?s={search_term_string}"},"query-input":{"@type":"PropertyValueSpecification","valueRequired":true,"valueName":"search_term_string"}}],"inLanguage":"en-US"},{"@type":"Person","@id":"https:\/\/akunq.net\/tr\/#\/schema\/person\/096f1d38a12cce57fb855b485ed24c9e","name":"admin","url":"https:\/\/akunq.net\/tr\/?author=7"}]}},"_links":{"self":[{"href":"https:\/\/akunq.net\/tr\/index.php?rest_route=\/wp\/v2\/posts\/66328","targetHints":{"allow":["GET"]}}],"collection":[{"href":"https:\/\/akunq.net\/tr\/index.php?rest_route=\/wp\/v2\/posts"}],"about":[{"href":"https:\/\/akunq.net\/tr\/index.php?rest_route=\/wp\/v2\/types\/post"}],"author":[{"embeddable":true,"href":"https:\/\/akunq.net\/tr\/index.php?rest_route=\/wp\/v2\/users\/7"}],"replies":[{"embeddable":true,"href":"https:\/\/akunq.net\/tr\/index.php?rest_route=%2Fwp%2Fv2%2Fcomments&post=66328"}],"version-history":[{"count":1,"href":"https:\/\/akunq.net\/tr\/index.php?rest_route=\/wp\/v2\/posts\/66328\/revisions"}],"predecessor-version":[{"id":66330,"href":"https:\/\/akunq.net\/tr\/index.php?rest_route=\/wp\/v2\/posts\/66328\/revisions\/66330"}],"wp:featuredmedia":[{"embeddable":true,"href":"https:\/\/akunq.net\/tr\/index.php?rest_route=\/wp\/v2\/media\/66329"}],"wp:attachment":[{"href":"https:\/\/akunq.net\/tr\/index.php?rest_route=%2Fwp%2Fv2%2Fmedia&parent=66328"}],"wp:term":[{"taxonomy":"category","embeddable":true,"href":"https:\/\/akunq.net\/tr\/index.php?rest_route=%2Fwp%2Fv2%2Fcategories&post=66328"},{"taxonomy":"post_tag","embeddable":true,"href":"https:\/\/akunq.net\/tr\/index.php?rest_route=%2Fwp%2Fv2%2Ftags&post=66328"}],"curies":[{"name":"wp","href":"https:\/\/api.w.org\/{rel}","templated":true}]}}