{"id":66322,"date":"2021-12-21T01:12:24","date_gmt":"2021-12-21T06:12:24","guid":{"rendered":"https:\/\/akunq.net\/tr\/?p=66322"},"modified":"2021-12-21T01:12:24","modified_gmt":"2021-12-21T06:12:24","slug":"kilise-onderleri-ve-temsilcileri-ibbnin-noel-yemeginde-bulustu","status":"publish","type":"post","link":"https:\/\/akunq.net\/tr\/?p=66322","title":{"rendered":"Kilise \u00d6nderleri ve Temsilcileri \u0130BB\u2019nin Noel Yeme\u011fi\u2019nde Bulu\u015ftu"},"content":{"rendered":"<p><img loading=\"lazy\" decoding=\"async\" class=\"aligncenter size-medium wp-image-66323\" src=\"https:\/\/akunq.net\/tr\/wp-content\/uploads\/2021\/12\/Kilise-\u00d6nderleri-ve-Temsilcileri-360x215.jpeg\" alt=\"\" width=\"360\" height=\"215\" srcset=\"https:\/\/akunq.net\/tr\/wp-content\/uploads\/sites\/6\/2021\/12\/Kilise-\u00d6nderleri-ve-Temsilcileri-360x215.jpeg 360w, https:\/\/akunq.net\/tr\/wp-content\/uploads\/sites\/6\/2021\/12\/Kilise-\u00d6nderleri-ve-Temsilcileri-768x459.jpeg 768w, https:\/\/akunq.net\/tr\/wp-content\/uploads\/sites\/6\/2021\/12\/Kilise-\u00d6nderleri-ve-Temsilcileri-1536x918.jpeg 1536w, https:\/\/akunq.net\/tr\/wp-content\/uploads\/sites\/6\/2021\/12\/Kilise-\u00d6nderleri-ve-Temsilcileri-560x335.jpeg 560w, https:\/\/akunq.net\/tr\/wp-content\/uploads\/sites\/6\/2021\/12\/Kilise-\u00d6nderleri-ve-Temsilcileri-260x155.jpeg 260w, https:\/\/akunq.net\/tr\/wp-content\/uploads\/sites\/6\/2021\/12\/Kilise-\u00d6nderleri-ve-Temsilcileri-160x96.jpeg 160w, https:\/\/akunq.net\/tr\/wp-content\/uploads\/sites\/6\/2021\/12\/Kilise-\u00d6nderleri-ve-Temsilcileri.jpeg 1637w\" sizes=\"auto, (max-width: 360px) 100vw, 360px\" \/><\/p>\n<p><em><strong>\u0130stanbul B\u00fcy\u00fck\u015fehir Belediyesi (\u0130BB), tarihinde ilk kez kilise temsilcileri i\u00e7in Noel yeme\u011fi d\u00fczenledi.\u00a0<\/strong><\/em><\/p>\n<p>Hali\u00e7 Kongre Merkezi\u2019nde ger\u00e7ekle\u015fen Noel yeme\u011fine, \u0130stanbul\u2019daki Ortodoks, Katolik ve Protestan ruhani liderler kat\u0131ld\u0131.<\/p>\n<p>20 Aral\u0131k ak\u015fam\u0131 ger\u00e7ekle\u015fen yeme\u011fin ev sahipli\u011fini \u0130BB Ba\u015fkan\u0131 Ekrem \u0130mamo\u011flu yapt\u0131. E\u015fi Dilek \u0130mamo\u011flu da yemekte yer ald\u0131.<\/p>\n<p><strong>\u0130BB \u0130nan\u00e7 Masas\u0131 koordinesinde d\u00fczenlenen davet, belediye tarihinde bir ilk oldu.<\/strong><\/p>\n<p>Hali\u00e7 Kongre Merkezi\u2019nde ger\u00e7ekle\u015ftirilen davete kat\u0131lan \u0130stanbul ve Ankara S\u00fcryani Kadim Cemaati Ruhani Lideri ve Patrik Vekili Metropolit Fil\u00fcksinos Yusuf \u00c7etin, \u0130stanbul Latin Katolik Cemaati Ruhani Reisi-Havarisel Vekili Episkopos S. E. Monseny\u00f6r Massimiliano Palinuro, T\u00fcrkiye Ermenileri Patri\u011fi Sahak Ma\u015falyan ve \u0130stanbul Rum Patri\u011fi Bartholomeos, k\u0131sa bir Noel tebri\u011fi konu\u015fmas\u0131 yapt\u0131.<\/p>\n<p>Programa ayr\u0131ca T\u00fcrkiye Ermeni Katolik Cemaati Ruhani Reisi Ba\u015fepiskopos Levon Zekiyan, T\u00fcrkiye S\u00fcryani Katolik Patrik Vekili Korepiskopos Mgr. Orhan \u00c7anl\u0131, Keldani Katolik Kilisesi Ruhani Lideri Ba\u015fepiskopos Mgr. Ramzi Garmou Vekili Mgr. Fran\u00e7ois Yakan, Ermeni Protestan Kilisesi Past\u00f6r\u00fc Kirkor A\u011fabalo\u011flu, Protestan Kiliseler Derne\u011fi Ba\u015fkan\u0131 Past\u00f6r Ali Kalkandelen, \u0130stanbul Protestan Kiliseleri Temsilcisi Past\u00f6r Carlos Madrigal ve Cemaat Vak\u0131flar\u0131 Temsilcisi S. Can Ustaba\u015f\u0131 ile Hatay B\u00fcy\u00fck\u015fehir Belediye Ba\u015fkan\u0131 L\u00fctf\u00fc Sava\u015f da kat\u0131ld\u0131.<\/p>\n<p><strong>\u0130BB Ba\u015fkan\u0131 Ekrem \u0130mamo\u011flu: \u201cDin istismar\u0131 d\u00fcnya bar\u0131\u015f\u0131n\u0131n \u00f6n\u00fcndeki en b\u00fcy\u00fck engel\u201d<\/strong><\/p>\n<p>Yemekte konu\u015fan \u0130BB Ba\u015fkan\u0131 Ekrem \u0130mamo\u011flu, \u0130stanbul\u2019un, pek \u00e7ok farkl\u0131 din, millet ve k\u00fclt\u00fcrden insanlar\u0131n tarih boyunca kom\u015fuluk etti\u011fi e\u015fsiz, d\u00fcnya g\u00fczeli bir kent oldu\u011funu vurgulad\u0131.<\/p>\n<p>\u0130BB Ba\u015fkan\u0131 Ekrem \u0130mamo\u011flu, din istismar\u0131n\u0131n d\u00fcnya bar\u0131\u015f\u0131n\u0131n \u00f6n\u00fcndeki en b\u00fcy\u00fck engel oldu\u011funu s\u00f6yledi. \u0130mamo\u011flu,\u00a0<em>\u201c\u0130stanbul pek \u00e7ok farkl\u0131 din, millet ve k\u00fclt\u00fcrden insanlar\u0131n tarih boyunca kom\u015fuluk etti\u011fi e\u015fsiz d\u00fcnya g\u00fczeli bir kent. Ku\u015fkusuz \u00f6zel g\u00fcnlerimizde ve bayramlar\u0131m\u0131zda sevinci, mutlulu\u011fu, birlikte olman\u0131n tad\u0131n\u0131 payla\u015fmak bizleri \u00e7ok daha fazla yak\u0131nla\u015ft\u0131r\u0131yor. Zor bir s\u00fcre\u00e7ten ge\u00e7iyoruz. Bu g\u00fcnlerde dayan\u0131\u015fma k\u00fclt\u00fcr\u00fcm\u00fcz en k\u0131ymetli hazinelerimizden biri olarak ortaya \u00e7\u0131k\u0131yor. Ayr\u0131\u015ft\u0131r\u0131c\u0131 bir atmosfere d\u00f6n\u00fc\u015ft\u00fc\u011f\u00fc zaman zaman kentimizde de olmu\u015ftur. Bu durumun sebepleri aras\u0131nda, dinin insana dair \u00f6z\u00fcn\u00fc geri plana itip dini, siyasal ve sosyal hatta ki\u015fisel iktidar i\u00e7in g\u00f6rmek bulundu\u011funu belirtmek isterim. Din istismar\u0131 d\u00fcnya bar\u0131\u015f\u0131n\u0131n, toplumsal g\u00fcvenli\u011fin ve bireylerin i\u00e7 huzurunun \u00f6n\u00fcnde en b\u00fcy\u00fck engeldir.\u00a0Hi\u00e7 bir vatanda\u015f\u0131m\u0131z asla az\u0131nl\u0131k olarak tarif edilemez\u201d<\/em>\u00a0dedi.<\/p>\n<p>Hi\u00e7bir vatanda\u015f\u0131n kendisini az\u0131nl\u0131k olarak tan\u0131mlamamas\u0131n\u0131 isteyen \u0130mamo\u011flu, \u201cBu \u015fehrin 16 milyon insan\u0131 birdir. Hi\u00e7bir insan\u0131m\u0131z, hi\u00e7bir vatanda\u015f\u0131m\u0131z asla ve asla az\u0131nl\u0131k olarak tarif edilemez, edilmemelidir\u201d ifadelerini kulland\u0131.<\/p>\n<p>Etkinlikte, \u0130BB Genel Sekreter Yard\u0131mc\u0131s\u0131\u00a0Mahir Polat, \u0130stanbul ve Ankara S\u00fcryani Kadim Cemaati Ruhani Lideri ve Patrik Vekili\u00a0Yusuf \u00c7etin, T\u00fcrkiye Ermenileri Patri\u011fi Kadasetli\u00a0Sahak II, \u0130stanbul Rum Patri\u011fi\u00a0Bartholomeos I. ve \u0130BB Ba\u015fkan\u0131\u00a0Ekrem\u00a0\u0130mamo\u011flu\u00a0a\u00e7\u0131klamalarda bulundu.<\/p>\n<p>Etkinlikte ayr\u0131ca \u00e7e\u015fitli musiki topluluklar\u0131 ve korolar sahne ald\u0131.<\/p>\n<p><em><strong><a href=\"https:\/\/haber.sat7turk.com\/kilise-onderleri-ve-temsilcileri-ibbnin-noel-yemeginde-bulustu\/\">https:\/\/haber.sat7turk.com\/kilise-onderleri-ve-temsilcileri-ibbnin-noel-yemeginde-bulustu\/<\/a><\/strong><\/em><\/p>\n","protected":false},"excerpt":{"rendered":"<p>\u0130stanbul B\u00fcy\u00fck\u015fehir Belediyesi (\u0130BB), tarihinde ilk kez kilise temsilcileri i\u00e7in Noel yeme\u011fi d\u00fczenledi.\u00a0 Hali\u00e7 Kongre Merkezi\u2019nde ger\u00e7ekle\u015fen Noel yeme\u011fine, \u0130stanbul\u2019daki Ortodoks, Katolik ve Protestan ruhani liderler kat\u0131ld\u0131. 20 Aral\u0131k ak\u015fam\u0131 ger\u00e7ekle\u015fen yeme\u011fin ev sahipli\u011fini \u0130BB Ba\u015fkan\u0131 Ekrem \u0130mamo\u011flu yapt\u0131. E\u015fi Dilek \u0130mamo\u011flu da yemekte yer ald\u0131. \u0130BB \u0130nan\u00e7 Masas\u0131 koordinesinde d\u00fczenlenen davet, belediye tarihinde bir [&hellip;]<\/p>\n","protected":false},"author":7,"featured_media":66323,"comment_status":"open","ping_status":"open","sticky":false,"template":"","format":"standard","meta":{"footnotes":""},"categories":[1,53],"tags":[],"class_list":["post-66322","post","type-post","status-publish","format-standard","has-post-thumbnail","hentry","category-haberler","category-turkiyede-azinliklar"],"yoast_head":"<!-- This site is optimized with the Yoast SEO plugin v27.4 - https:\/\/yoast.com\/product\/yoast-seo-wordpress\/ -->\n<title>Kilise \u00d6nderleri ve Temsilcileri \u0130BB\u2019nin Noel Yeme\u011fi\u2019nde Bulu\u015ftu - Bati Ermenistan Ve Bati Ermenileri Sorunlari Ara\u015ftirmalar Merkezi<\/title>\n<meta name=\"robots\" content=\"index, follow, max-snippet:-1, max-image-preview:large, max-video-preview:-1\" \/>\n<link rel=\"canonical\" href=\"https:\/\/akunq.net\/tr\/?p=66322\" \/>\n<meta property=\"og:locale\" content=\"en_US\" \/>\n<meta property=\"og:type\" content=\"article\" \/>\n<meta property=\"og:title\" content=\"Kilise \u00d6nderleri ve Temsilcileri \u0130BB\u2019nin Noel Yeme\u011fi\u2019nde Bulu\u015ftu - Bati Ermenistan Ve Bati Ermenileri Sorunlari Ara\u015ftirmalar Merkezi\" \/>\n<meta property=\"og:description\" content=\"\u0130stanbul B\u00fcy\u00fck\u015fehir Belediyesi (\u0130BB), tarihinde ilk kez kilise temsilcileri i\u00e7in Noel yeme\u011fi d\u00fczenledi.\u00a0 Hali\u00e7 Kongre Merkezi\u2019nde ger\u00e7ekle\u015fen Noel yeme\u011fine, \u0130stanbul\u2019daki Ortodoks, Katolik ve Protestan ruhani liderler kat\u0131ld\u0131. 20 Aral\u0131k ak\u015fam\u0131 ger\u00e7ekle\u015fen yeme\u011fin ev sahipli\u011fini \u0130BB Ba\u015fkan\u0131 Ekrem \u0130mamo\u011flu yapt\u0131. E\u015fi Dilek \u0130mamo\u011flu da yemekte yer ald\u0131. \u0130BB \u0130nan\u00e7 Masas\u0131 koordinesinde d\u00fczenlenen davet, belediye tarihinde bir [&hellip;]\" \/>\n<meta property=\"og:url\" content=\"https:\/\/akunq.net\/tr\/?p=66322\" \/>\n<meta property=\"og:site_name\" content=\"Bati Ermenistan Ve Bati Ermenileri Sorunlari Ara\u015ftirmalar Merkezi\" \/>\n<meta property=\"article:published_time\" content=\"2021-12-21T06:12:24+00:00\" \/>\n<meta property=\"og:image\" content=\"https:\/\/akunq.net\/tr\/wp-content\/uploads\/sites\/6\/2021\/12\/Kilise-\u00d6nderleri-ve-Temsilcileri.jpeg\" \/>\n\t<meta property=\"og:image:width\" content=\"1637\" \/>\n\t<meta property=\"og:image:height\" content=\"978\" \/>\n\t<meta property=\"og:image:type\" content=\"image\/jpeg\" \/>\n<meta name=\"author\" content=\"admin\" \/>\n<meta name=\"twitter:card\" content=\"summary_large_image\" \/>\n<meta name=\"twitter:label1\" content=\"Written by\" \/>\n\t<meta name=\"twitter:data1\" content=\"admin\" \/>\n\t<meta name=\"twitter:label2\" content=\"Est. reading time\" \/>\n\t<meta name=\"twitter:data2\" content=\"3 minutes\" \/>\n<script type=\"application\/ld+json\" class=\"yoast-schema-graph\">{\"@context\":\"https:\\\/\\\/schema.org\",\"@graph\":[{\"@type\":\"Article\",\"@id\":\"https:\\\/\\\/akunq.net\\\/tr\\\/?p=66322#article\",\"isPartOf\":{\"@id\":\"https:\\\/\\\/akunq.net\\\/tr\\\/?p=66322\"},\"author\":{\"name\":\"admin\",\"@id\":\"https:\\\/\\\/akunq.net\\\/tr\\\/#\\\/schema\\\/person\\\/096f1d38a12cce57fb855b485ed24c9e\"},\"headline\":\"Kilise \u00d6nderleri ve Temsilcileri \u0130BB\u2019nin Noel Yeme\u011fi\u2019nde Bulu\u015ftu\",\"datePublished\":\"2021-12-21T06:12:24+00:00\",\"mainEntityOfPage\":{\"@id\":\"https:\\\/\\\/akunq.net\\\/tr\\\/?p=66322\"},\"wordCount\":597,\"commentCount\":0,\"image\":{\"@id\":\"https:\\\/\\\/akunq.net\\\/tr\\\/?p=66322#primaryimage\"},\"thumbnailUrl\":\"https:\\\/\\\/akunq.net\\\/tr\\\/wp-content\\\/uploads\\\/sites\\\/6\\\/2021\\\/12\\\/Kilise-\u00d6nderleri-ve-Temsilcileri.jpeg\",\"articleSection\":[\"Haberler\",\"T\u00fcrkiye\u2019de Az\u0131nl\u0131klar\"],\"inLanguage\":\"en-US\",\"potentialAction\":[{\"@type\":\"CommentAction\",\"name\":\"Comment\",\"target\":[\"https:\\\/\\\/akunq.net\\\/tr\\\/?p=66322#respond\"]}]},{\"@type\":\"WebPage\",\"@id\":\"https:\\\/\\\/akunq.net\\\/tr\\\/?p=66322\",\"url\":\"https:\\\/\\\/akunq.net\\\/tr\\\/?p=66322\",\"name\":\"Kilise \u00d6nderleri ve Temsilcileri \u0130BB\u2019nin Noel Yeme\u011fi\u2019nde Bulu\u015ftu - Bati Ermenistan Ve Bati Ermenileri Sorunlari Ara\u015ftirmalar Merkezi\",\"isPartOf\":{\"@id\":\"https:\\\/\\\/akunq.net\\\/tr\\\/#website\"},\"primaryImageOfPage\":{\"@id\":\"https:\\\/\\\/akunq.net\\\/tr\\\/?p=66322#primaryimage\"},\"image\":{\"@id\":\"https:\\\/\\\/akunq.net\\\/tr\\\/?p=66322#primaryimage\"},\"thumbnailUrl\":\"https:\\\/\\\/akunq.net\\\/tr\\\/wp-content\\\/uploads\\\/sites\\\/6\\\/2021\\\/12\\\/Kilise-\u00d6nderleri-ve-Temsilcileri.jpeg\",\"datePublished\":\"2021-12-21T06:12:24+00:00\",\"author\":{\"@id\":\"https:\\\/\\\/akunq.net\\\/tr\\\/#\\\/schema\\\/person\\\/096f1d38a12cce57fb855b485ed24c9e\"},\"breadcrumb\":{\"@id\":\"https:\\\/\\\/akunq.net\\\/tr\\\/?p=66322#breadcrumb\"},\"inLanguage\":\"en-US\",\"potentialAction\":[{\"@type\":\"ReadAction\",\"target\":[\"https:\\\/\\\/akunq.net\\\/tr\\\/?p=66322\"]}]},{\"@type\":\"ImageObject\",\"inLanguage\":\"en-US\",\"@id\":\"https:\\\/\\\/akunq.net\\\/tr\\\/?p=66322#primaryimage\",\"url\":\"https:\\\/\\\/akunq.net\\\/tr\\\/wp-content\\\/uploads\\\/sites\\\/6\\\/2021\\\/12\\\/Kilise-\u00d6nderleri-ve-Temsilcileri.jpeg\",\"contentUrl\":\"https:\\\/\\\/akunq.net\\\/tr\\\/wp-content\\\/uploads\\\/sites\\\/6\\\/2021\\\/12\\\/Kilise-\u00d6nderleri-ve-Temsilcileri.jpeg\",\"width\":1637,\"height\":978},{\"@type\":\"BreadcrumbList\",\"@id\":\"https:\\\/\\\/akunq.net\\\/tr\\\/?p=66322#breadcrumb\",\"itemListElement\":[{\"@type\":\"ListItem\",\"position\":1,\"name\":\"Home\",\"item\":\"https:\\\/\\\/akunq.net\\\/tr\"},{\"@type\":\"ListItem\",\"position\":2,\"name\":\"Kilise \u00d6nderleri ve Temsilcileri \u0130BB\u2019nin Noel Yeme\u011fi\u2019nde Bulu\u015ftu\"}]},{\"@type\":\"WebSite\",\"@id\":\"https:\\\/\\\/akunq.net\\\/tr\\\/#website\",\"url\":\"https:\\\/\\\/akunq.net\\\/tr\\\/\",\"name\":\"Bati Ermenistan Ve Bati Ermenileri Sorunlari Ara\u015ftirmalar Merkezi\",\"description\":\"\",\"potentialAction\":[{\"@type\":\"SearchAction\",\"target\":{\"@type\":\"EntryPoint\",\"urlTemplate\":\"https:\\\/\\\/akunq.net\\\/tr\\\/?s={search_term_string}\"},\"query-input\":{\"@type\":\"PropertyValueSpecification\",\"valueRequired\":true,\"valueName\":\"search_term_string\"}}],\"inLanguage\":\"en-US\"},{\"@type\":\"Person\",\"@id\":\"https:\\\/\\\/akunq.net\\\/tr\\\/#\\\/schema\\\/person\\\/096f1d38a12cce57fb855b485ed24c9e\",\"name\":\"admin\",\"url\":\"https:\\\/\\\/akunq.net\\\/tr\\\/?author=7\"}]}<\/script>\n<!-- \/ Yoast SEO plugin. -->","yoast_head_json":{"title":"Kilise \u00d6nderleri ve Temsilcileri \u0130BB\u2019nin Noel Yeme\u011fi\u2019nde Bulu\u015ftu - Bati Ermenistan Ve Bati Ermenileri Sorunlari Ara\u015ftirmalar Merkezi","robots":{"index":"index","follow":"follow","max-snippet":"max-snippet:-1","max-image-preview":"max-image-preview:large","max-video-preview":"max-video-preview:-1"},"canonical":"https:\/\/akunq.net\/tr\/?p=66322","og_locale":"en_US","og_type":"article","og_title":"Kilise \u00d6nderleri ve Temsilcileri \u0130BB\u2019nin Noel Yeme\u011fi\u2019nde Bulu\u015ftu - Bati Ermenistan Ve Bati Ermenileri Sorunlari Ara\u015ftirmalar Merkezi","og_description":"\u0130stanbul B\u00fcy\u00fck\u015fehir Belediyesi (\u0130BB), tarihinde ilk kez kilise temsilcileri i\u00e7in Noel yeme\u011fi d\u00fczenledi.\u00a0 Hali\u00e7 Kongre Merkezi\u2019nde ger\u00e7ekle\u015fen Noel yeme\u011fine, \u0130stanbul\u2019daki Ortodoks, Katolik ve Protestan ruhani liderler kat\u0131ld\u0131. 20 Aral\u0131k ak\u015fam\u0131 ger\u00e7ekle\u015fen yeme\u011fin ev sahipli\u011fini \u0130BB Ba\u015fkan\u0131 Ekrem \u0130mamo\u011flu yapt\u0131. E\u015fi Dilek \u0130mamo\u011flu da yemekte yer ald\u0131. \u0130BB \u0130nan\u00e7 Masas\u0131 koordinesinde d\u00fczenlenen davet, belediye tarihinde bir [&hellip;]","og_url":"https:\/\/akunq.net\/tr\/?p=66322","og_site_name":"Bati Ermenistan Ve Bati Ermenileri Sorunlari Ara\u015ftirmalar Merkezi","article_published_time":"2021-12-21T06:12:24+00:00","og_image":[{"width":1637,"height":978,"url":"https:\/\/akunq.net\/tr\/wp-content\/uploads\/sites\/6\/2021\/12\/Kilise-\u00d6nderleri-ve-Temsilcileri.jpeg","type":"image\/jpeg"}],"author":"admin","twitter_card":"summary_large_image","twitter_misc":{"Written by":"admin","Est. reading time":"3 minutes"},"schema":{"@context":"https:\/\/schema.org","@graph":[{"@type":"Article","@id":"https:\/\/akunq.net\/tr\/?p=66322#article","isPartOf":{"@id":"https:\/\/akunq.net\/tr\/?p=66322"},"author":{"name":"admin","@id":"https:\/\/akunq.net\/tr\/#\/schema\/person\/096f1d38a12cce57fb855b485ed24c9e"},"headline":"Kilise \u00d6nderleri ve Temsilcileri \u0130BB\u2019nin Noel Yeme\u011fi\u2019nde Bulu\u015ftu","datePublished":"2021-12-21T06:12:24+00:00","mainEntityOfPage":{"@id":"https:\/\/akunq.net\/tr\/?p=66322"},"wordCount":597,"commentCount":0,"image":{"@id":"https:\/\/akunq.net\/tr\/?p=66322#primaryimage"},"thumbnailUrl":"https:\/\/akunq.net\/tr\/wp-content\/uploads\/sites\/6\/2021\/12\/Kilise-\u00d6nderleri-ve-Temsilcileri.jpeg","articleSection":["Haberler","T\u00fcrkiye\u2019de Az\u0131nl\u0131klar"],"inLanguage":"en-US","potentialAction":[{"@type":"CommentAction","name":"Comment","target":["https:\/\/akunq.net\/tr\/?p=66322#respond"]}]},{"@type":"WebPage","@id":"https:\/\/akunq.net\/tr\/?p=66322","url":"https:\/\/akunq.net\/tr\/?p=66322","name":"Kilise \u00d6nderleri ve Temsilcileri \u0130BB\u2019nin Noel Yeme\u011fi\u2019nde Bulu\u015ftu - Bati Ermenistan Ve Bati Ermenileri Sorunlari Ara\u015ftirmalar Merkezi","isPartOf":{"@id":"https:\/\/akunq.net\/tr\/#website"},"primaryImageOfPage":{"@id":"https:\/\/akunq.net\/tr\/?p=66322#primaryimage"},"image":{"@id":"https:\/\/akunq.net\/tr\/?p=66322#primaryimage"},"thumbnailUrl":"https:\/\/akunq.net\/tr\/wp-content\/uploads\/sites\/6\/2021\/12\/Kilise-\u00d6nderleri-ve-Temsilcileri.jpeg","datePublished":"2021-12-21T06:12:24+00:00","author":{"@id":"https:\/\/akunq.net\/tr\/#\/schema\/person\/096f1d38a12cce57fb855b485ed24c9e"},"breadcrumb":{"@id":"https:\/\/akunq.net\/tr\/?p=66322#breadcrumb"},"inLanguage":"en-US","potentialAction":[{"@type":"ReadAction","target":["https:\/\/akunq.net\/tr\/?p=66322"]}]},{"@type":"ImageObject","inLanguage":"en-US","@id":"https:\/\/akunq.net\/tr\/?p=66322#primaryimage","url":"https:\/\/akunq.net\/tr\/wp-content\/uploads\/sites\/6\/2021\/12\/Kilise-\u00d6nderleri-ve-Temsilcileri.jpeg","contentUrl":"https:\/\/akunq.net\/tr\/wp-content\/uploads\/sites\/6\/2021\/12\/Kilise-\u00d6nderleri-ve-Temsilcileri.jpeg","width":1637,"height":978},{"@type":"BreadcrumbList","@id":"https:\/\/akunq.net\/tr\/?p=66322#breadcrumb","itemListElement":[{"@type":"ListItem","position":1,"name":"Home","item":"https:\/\/akunq.net\/tr"},{"@type":"ListItem","position":2,"name":"Kilise \u00d6nderleri ve Temsilcileri \u0130BB\u2019nin Noel Yeme\u011fi\u2019nde Bulu\u015ftu"}]},{"@type":"WebSite","@id":"https:\/\/akunq.net\/tr\/#website","url":"https:\/\/akunq.net\/tr\/","name":"Bati Ermenistan Ve Bati Ermenileri Sorunlari Ara\u015ftirmalar Merkezi","description":"","potentialAction":[{"@type":"SearchAction","target":{"@type":"EntryPoint","urlTemplate":"https:\/\/akunq.net\/tr\/?s={search_term_string}"},"query-input":{"@type":"PropertyValueSpecification","valueRequired":true,"valueName":"search_term_string"}}],"inLanguage":"en-US"},{"@type":"Person","@id":"https:\/\/akunq.net\/tr\/#\/schema\/person\/096f1d38a12cce57fb855b485ed24c9e","name":"admin","url":"https:\/\/akunq.net\/tr\/?author=7"}]}},"_links":{"self":[{"href":"https:\/\/akunq.net\/tr\/index.php?rest_route=\/wp\/v2\/posts\/66322","targetHints":{"allow":["GET"]}}],"collection":[{"href":"https:\/\/akunq.net\/tr\/index.php?rest_route=\/wp\/v2\/posts"}],"about":[{"href":"https:\/\/akunq.net\/tr\/index.php?rest_route=\/wp\/v2\/types\/post"}],"author":[{"embeddable":true,"href":"https:\/\/akunq.net\/tr\/index.php?rest_route=\/wp\/v2\/users\/7"}],"replies":[{"embeddable":true,"href":"https:\/\/akunq.net\/tr\/index.php?rest_route=%2Fwp%2Fv2%2Fcomments&post=66322"}],"version-history":[{"count":1,"href":"https:\/\/akunq.net\/tr\/index.php?rest_route=\/wp\/v2\/posts\/66322\/revisions"}],"predecessor-version":[{"id":66324,"href":"https:\/\/akunq.net\/tr\/index.php?rest_route=\/wp\/v2\/posts\/66322\/revisions\/66324"}],"wp:featuredmedia":[{"embeddable":true,"href":"https:\/\/akunq.net\/tr\/index.php?rest_route=\/wp\/v2\/media\/66323"}],"wp:attachment":[{"href":"https:\/\/akunq.net\/tr\/index.php?rest_route=%2Fwp%2Fv2%2Fmedia&parent=66322"}],"wp:term":[{"taxonomy":"category","embeddable":true,"href":"https:\/\/akunq.net\/tr\/index.php?rest_route=%2Fwp%2Fv2%2Fcategories&post=66322"},{"taxonomy":"post_tag","embeddable":true,"href":"https:\/\/akunq.net\/tr\/index.php?rest_route=%2Fwp%2Fv2%2Ftags&post=66322"}],"curies":[{"name":"wp","href":"https:\/\/api.w.org\/{rel}","templated":true}]}}