{"id":66319,"date":"2021-12-21T00:58:09","date_gmt":"2021-12-21T05:58:09","guid":{"rendered":"https:\/\/akunq.net\/tr\/?p=66319"},"modified":"2021-12-21T00:58:09","modified_gmt":"2021-12-21T05:58:09","slug":"vanli-yahudilerin-coregi-kade","status":"publish","type":"post","link":"https:\/\/akunq.net\/tr\/?p=66319","title":{"rendered":"Vanl\u0131 Yahudilerin \u00c7\u00f6re\u011fi: Kade"},"content":{"rendered":"<p><img loading=\"lazy\" decoding=\"async\" class=\"aligncenter size-medium wp-image-66320\" src=\"https:\/\/akunq.net\/tr\/wp-content\/uploads\/2021\/12\/Kade-360x240.jpeg\" alt=\"\" width=\"360\" height=\"240\" srcset=\"https:\/\/akunq.net\/tr\/wp-content\/uploads\/sites\/6\/2021\/12\/Kade-360x240.jpeg 360w, https:\/\/akunq.net\/tr\/wp-content\/uploads\/sites\/6\/2021\/12\/Kade-768x512.jpeg 768w, https:\/\/akunq.net\/tr\/wp-content\/uploads\/sites\/6\/2021\/12\/Kade-1536x1025.jpeg 1536w, https:\/\/akunq.net\/tr\/wp-content\/uploads\/sites\/6\/2021\/12\/Kade-560x374.jpeg 560w, https:\/\/akunq.net\/tr\/wp-content\/uploads\/sites\/6\/2021\/12\/Kade-260x173.jpeg 260w, https:\/\/akunq.net\/tr\/wp-content\/uploads\/sites\/6\/2021\/12\/Kade-160x107.jpeg 160w, https:\/\/akunq.net\/tr\/wp-content\/uploads\/sites\/6\/2021\/12\/Kade.jpeg 2048w\" sizes=\"auto, (max-width: 360px) 100vw, 360px\" \/><\/p>\n<p><strong><a href=\"https:\/\/www.avlaremoz.com\/author\/nesialtaras\/\">NES\u0130 ALTARAS<\/a><\/strong><\/p>\n<p><em><strong>Daha \u00f6nce sizlerle rulo \u015feklinde yap\u0131lan, re\u00e7elli ve cevizli bir tatl\u0131n\u0131n tarifini\u00a0<a href=\"https:\/\/www.avlaremoz.com\/2020\/04\/27\/kade-vanli-yahudilerden-bir-tatli\/\">payla\u015fm\u0131\u015ft\u0131k<\/a>. Bu Van Yahudisi tatl\u0131n\u0131n ad\u0131\u00a0<a href=\"https:\/\/www.avlaremoz.com\/2020\/04\/27\/kade-vanli-yahudilerden-bir-tatli\/\">ki\u015fmi\u015fyanedir<\/a>. Kade ise mayal\u0131 hamurdan yap\u0131lan bir \u00e7e\u015fit tuzlu \u00e7\u00f6rektir. Bu d\u00fczeltmeyi yapan ve bizimle kade tarifini payla\u015fan Leyla G\u00fcner\u2019e tekrar te\u015fekk\u00fcrler.<\/strong><\/em><\/p>\n<h2>Malzemeler<\/h2>\n<ul>\n<li>Yar\u0131m kilo s\u00fct<\/li>\n<li>250 gram margarin veya tereya\u011f<\/li>\n<li>2 k\u00fcp \u015feker<\/li>\n<li>1 paket toz maya veya ya\u015f maya<\/li>\n<li>1 yumurta sar\u0131s\u0131<\/li>\n<li>Un<\/li>\n<\/ul>\n<h2>Yap\u0131l\u0131\u015f\u0131<\/h2>\n<ol>\n<li>S\u00fct \u0131l\u0131k hale getirip maya i\u00e7inde eritilir.<\/li>\n<li>Tereya\u011f\u0131 eritilir ve biraz tuz ve \u015feker eklenir. Hepsi kar\u0131\u015ft\u0131r\u0131l\u0131r.<\/li>\n<li>Olu\u015fan bulamaca ald\u0131\u011f\u0131 kadar un konarak iyice yo\u011frulur ve mayalanmaya b\u0131rak\u0131l\u0131r. Yakla\u015f\u0131k 45 dakikada maya kabar\u0131r.<\/li>\n<li>Avu\u00e7 i\u00e7inde bezeler yap\u0131l\u0131r ve biraz daha dinlendirilir.<\/li>\n<li>Teker teker elle bast\u0131rarak yuvarlak yap\u0131l\u0131r \u00fczerine yumurta sar\u0131s\u0131 s\u00fcr\u00fcp f\u0131r\u0131na verilir. Afiyet olsun!<\/li>\n<\/ol>\n<p>Vanl\u0131 Yahudilerin yapt\u0131\u011f\u0131 bu \u00e7\u00f6rek ayn\u0131 b\u00f6lgedeki K\u00fcrtler taraf\u0131ndan da yap\u0131l\u0131r ve herkes taraf\u0131ndan kade olarak bilinir. M\u00fcsl\u00fcmanlar aras\u0131nda sahur veya Van kahvalt\u0131s\u0131nda yenen bu \u00e7\u00f6rek\u00a0<a href=\"https:\/\/twitter.com\/rudawturkce\/status\/1254416345418129409\">A\u011fr\u0131<\/a>, Bitlis ve Van\u2019da pop\u00fclerdir. Baz\u0131 tariflerde i\u00e7ine ceviz de konur.<\/p>\n<p><em><strong><a href=\"https:\/\/www.avlaremoz.com\/2021\/12\/20\/vanli-yahudilerin-coregi-kade\/?utm_source=rss&amp;utm_medium=rss&amp;utm_campaign=vanli-yahudilerin-coregi-kade\">https:\/\/www.avlaremoz.com\/2021\/12\/20\/vanli-yahudilerin-coregi-kade\/?utm_source=rss&amp;utm_medium=rss&amp;utm_campaign=vanli-yahudilerin-coregi-kade<\/a><\/strong><\/em><\/p>\n","protected":false},"excerpt":{"rendered":"<p>NES\u0130 ALTARAS Daha \u00f6nce sizlerle rulo \u015feklinde yap\u0131lan, re\u00e7elli ve cevizli bir tatl\u0131n\u0131n tarifini\u00a0payla\u015fm\u0131\u015ft\u0131k. Bu Van Yahudisi tatl\u0131n\u0131n ad\u0131\u00a0ki\u015fmi\u015fyanedir. Kade ise mayal\u0131 hamurdan yap\u0131lan bir \u00e7e\u015fit tuzlu \u00e7\u00f6rektir. Bu d\u00fczeltmeyi yapan ve bizimle kade tarifini payla\u015fan Leyla G\u00fcner\u2019e tekrar te\u015fekk\u00fcrler. Malzemeler Yar\u0131m kilo s\u00fct 250 gram margarin veya tereya\u011f 2 k\u00fcp \u015feker 1 paket toz [&hellip;]<\/p>\n","protected":false},"author":7,"featured_media":66320,"comment_status":"open","ping_status":"open","sticky":false,"template":"","format":"standard","meta":{"footnotes":""},"categories":[1],"tags":[],"class_list":["post-66319","post","type-post","status-publish","format-standard","has-post-thumbnail","hentry","category-haberler"],"yoast_head":"<!-- This site is optimized with the Yoast SEO plugin v27.4 - https:\/\/yoast.com\/product\/yoast-seo-wordpress\/ -->\n<title>Vanl\u0131 Yahudilerin \u00c7\u00f6re\u011fi: Kade - Bati Ermenistan Ve Bati Ermenileri Sorunlari Ara\u015ftirmalar Merkezi<\/title>\n<meta name=\"robots\" content=\"index, follow, max-snippet:-1, max-image-preview:large, max-video-preview:-1\" \/>\n<link rel=\"canonical\" href=\"https:\/\/akunq.net\/tr\/?p=66319\" \/>\n<meta property=\"og:locale\" content=\"en_US\" \/>\n<meta property=\"og:type\" content=\"article\" \/>\n<meta property=\"og:title\" content=\"Vanl\u0131 Yahudilerin \u00c7\u00f6re\u011fi: Kade - Bati Ermenistan Ve Bati Ermenileri Sorunlari Ara\u015ftirmalar Merkezi\" \/>\n<meta property=\"og:description\" content=\"NES\u0130 ALTARAS Daha \u00f6nce sizlerle rulo \u015feklinde yap\u0131lan, re\u00e7elli ve cevizli bir tatl\u0131n\u0131n tarifini\u00a0payla\u015fm\u0131\u015ft\u0131k. Bu Van Yahudisi tatl\u0131n\u0131n ad\u0131\u00a0ki\u015fmi\u015fyanedir. Kade ise mayal\u0131 hamurdan yap\u0131lan bir \u00e7e\u015fit tuzlu \u00e7\u00f6rektir. Bu d\u00fczeltmeyi yapan ve bizimle kade tarifini payla\u015fan Leyla G\u00fcner\u2019e tekrar te\u015fekk\u00fcrler. Malzemeler Yar\u0131m kilo s\u00fct 250 gram margarin veya tereya\u011f 2 k\u00fcp \u015feker 1 paket toz [&hellip;]\" \/>\n<meta property=\"og:url\" content=\"https:\/\/akunq.net\/tr\/?p=66319\" \/>\n<meta property=\"og:site_name\" content=\"Bati Ermenistan Ve Bati Ermenileri Sorunlari Ara\u015ftirmalar Merkezi\" \/>\n<meta property=\"article:published_time\" content=\"2021-12-21T05:58:09+00:00\" \/>\n<meta property=\"og:image\" content=\"https:\/\/akunq.net\/tr\/wp-content\/uploads\/sites\/6\/2021\/12\/Kade.jpeg\" \/>\n\t<meta property=\"og:image:width\" content=\"2048\" \/>\n\t<meta property=\"og:image:height\" content=\"1366\" \/>\n\t<meta property=\"og:image:type\" content=\"image\/jpeg\" \/>\n<meta name=\"author\" content=\"admin\" \/>\n<meta name=\"twitter:card\" content=\"summary_large_image\" \/>\n<meta name=\"twitter:label1\" content=\"Written by\" \/>\n\t<meta name=\"twitter:data1\" content=\"admin\" \/>\n\t<meta name=\"twitter:label2\" content=\"Est. reading time\" \/>\n\t<meta name=\"twitter:data2\" content=\"1 minute\" \/>\n<script type=\"application\/ld+json\" class=\"yoast-schema-graph\">{\"@context\":\"https:\\\/\\\/schema.org\",\"@graph\":[{\"@type\":\"Article\",\"@id\":\"https:\\\/\\\/akunq.net\\\/tr\\\/?p=66319#article\",\"isPartOf\":{\"@id\":\"https:\\\/\\\/akunq.net\\\/tr\\\/?p=66319\"},\"author\":{\"name\":\"admin\",\"@id\":\"https:\\\/\\\/akunq.net\\\/tr\\\/#\\\/schema\\\/person\\\/096f1d38a12cce57fb855b485ed24c9e\"},\"headline\":\"Vanl\u0131 Yahudilerin \u00c7\u00f6re\u011fi: Kade\",\"datePublished\":\"2021-12-21T05:58:09+00:00\",\"mainEntityOfPage\":{\"@id\":\"https:\\\/\\\/akunq.net\\\/tr\\\/?p=66319\"},\"wordCount\":238,\"commentCount\":0,\"image\":{\"@id\":\"https:\\\/\\\/akunq.net\\\/tr\\\/?p=66319#primaryimage\"},\"thumbnailUrl\":\"https:\\\/\\\/akunq.net\\\/tr\\\/wp-content\\\/uploads\\\/sites\\\/6\\\/2021\\\/12\\\/Kade.jpeg\",\"articleSection\":[\"Haberler\"],\"inLanguage\":\"en-US\",\"potentialAction\":[{\"@type\":\"CommentAction\",\"name\":\"Comment\",\"target\":[\"https:\\\/\\\/akunq.net\\\/tr\\\/?p=66319#respond\"]}]},{\"@type\":\"WebPage\",\"@id\":\"https:\\\/\\\/akunq.net\\\/tr\\\/?p=66319\",\"url\":\"https:\\\/\\\/akunq.net\\\/tr\\\/?p=66319\",\"name\":\"Vanl\u0131 Yahudilerin \u00c7\u00f6re\u011fi: Kade - Bati Ermenistan Ve Bati Ermenileri Sorunlari Ara\u015ftirmalar Merkezi\",\"isPartOf\":{\"@id\":\"https:\\\/\\\/akunq.net\\\/tr\\\/#website\"},\"primaryImageOfPage\":{\"@id\":\"https:\\\/\\\/akunq.net\\\/tr\\\/?p=66319#primaryimage\"},\"image\":{\"@id\":\"https:\\\/\\\/akunq.net\\\/tr\\\/?p=66319#primaryimage\"},\"thumbnailUrl\":\"https:\\\/\\\/akunq.net\\\/tr\\\/wp-content\\\/uploads\\\/sites\\\/6\\\/2021\\\/12\\\/Kade.jpeg\",\"datePublished\":\"2021-12-21T05:58:09+00:00\",\"author\":{\"@id\":\"https:\\\/\\\/akunq.net\\\/tr\\\/#\\\/schema\\\/person\\\/096f1d38a12cce57fb855b485ed24c9e\"},\"breadcrumb\":{\"@id\":\"https:\\\/\\\/akunq.net\\\/tr\\\/?p=66319#breadcrumb\"},\"inLanguage\":\"en-US\",\"potentialAction\":[{\"@type\":\"ReadAction\",\"target\":[\"https:\\\/\\\/akunq.net\\\/tr\\\/?p=66319\"]}]},{\"@type\":\"ImageObject\",\"inLanguage\":\"en-US\",\"@id\":\"https:\\\/\\\/akunq.net\\\/tr\\\/?p=66319#primaryimage\",\"url\":\"https:\\\/\\\/akunq.net\\\/tr\\\/wp-content\\\/uploads\\\/sites\\\/6\\\/2021\\\/12\\\/Kade.jpeg\",\"contentUrl\":\"https:\\\/\\\/akunq.net\\\/tr\\\/wp-content\\\/uploads\\\/sites\\\/6\\\/2021\\\/12\\\/Kade.jpeg\",\"width\":2048,\"height\":1366},{\"@type\":\"BreadcrumbList\",\"@id\":\"https:\\\/\\\/akunq.net\\\/tr\\\/?p=66319#breadcrumb\",\"itemListElement\":[{\"@type\":\"ListItem\",\"position\":1,\"name\":\"Home\",\"item\":\"https:\\\/\\\/akunq.net\\\/tr\"},{\"@type\":\"ListItem\",\"position\":2,\"name\":\"Vanl\u0131 Yahudilerin \u00c7\u00f6re\u011fi: Kade\"}]},{\"@type\":\"WebSite\",\"@id\":\"https:\\\/\\\/akunq.net\\\/tr\\\/#website\",\"url\":\"https:\\\/\\\/akunq.net\\\/tr\\\/\",\"name\":\"Bati Ermenistan Ve Bati Ermenileri Sorunlari Ara\u015ftirmalar Merkezi\",\"description\":\"\",\"potentialAction\":[{\"@type\":\"SearchAction\",\"target\":{\"@type\":\"EntryPoint\",\"urlTemplate\":\"https:\\\/\\\/akunq.net\\\/tr\\\/?s={search_term_string}\"},\"query-input\":{\"@type\":\"PropertyValueSpecification\",\"valueRequired\":true,\"valueName\":\"search_term_string\"}}],\"inLanguage\":\"en-US\"},{\"@type\":\"Person\",\"@id\":\"https:\\\/\\\/akunq.net\\\/tr\\\/#\\\/schema\\\/person\\\/096f1d38a12cce57fb855b485ed24c9e\",\"name\":\"admin\",\"url\":\"https:\\\/\\\/akunq.net\\\/tr\\\/?author=7\"}]}<\/script>\n<!-- \/ Yoast SEO plugin. -->","yoast_head_json":{"title":"Vanl\u0131 Yahudilerin \u00c7\u00f6re\u011fi: Kade - Bati Ermenistan Ve Bati Ermenileri Sorunlari Ara\u015ftirmalar Merkezi","robots":{"index":"index","follow":"follow","max-snippet":"max-snippet:-1","max-image-preview":"max-image-preview:large","max-video-preview":"max-video-preview:-1"},"canonical":"https:\/\/akunq.net\/tr\/?p=66319","og_locale":"en_US","og_type":"article","og_title":"Vanl\u0131 Yahudilerin \u00c7\u00f6re\u011fi: Kade - Bati Ermenistan Ve Bati Ermenileri Sorunlari Ara\u015ftirmalar Merkezi","og_description":"NES\u0130 ALTARAS Daha \u00f6nce sizlerle rulo \u015feklinde yap\u0131lan, re\u00e7elli ve cevizli bir tatl\u0131n\u0131n tarifini\u00a0payla\u015fm\u0131\u015ft\u0131k. Bu Van Yahudisi tatl\u0131n\u0131n ad\u0131\u00a0ki\u015fmi\u015fyanedir. Kade ise mayal\u0131 hamurdan yap\u0131lan bir \u00e7e\u015fit tuzlu \u00e7\u00f6rektir. Bu d\u00fczeltmeyi yapan ve bizimle kade tarifini payla\u015fan Leyla G\u00fcner\u2019e tekrar te\u015fekk\u00fcrler. Malzemeler Yar\u0131m kilo s\u00fct 250 gram margarin veya tereya\u011f 2 k\u00fcp \u015feker 1 paket toz [&hellip;]","og_url":"https:\/\/akunq.net\/tr\/?p=66319","og_site_name":"Bati Ermenistan Ve Bati Ermenileri Sorunlari Ara\u015ftirmalar Merkezi","article_published_time":"2021-12-21T05:58:09+00:00","og_image":[{"width":2048,"height":1366,"url":"https:\/\/akunq.net\/tr\/wp-content\/uploads\/sites\/6\/2021\/12\/Kade.jpeg","type":"image\/jpeg"}],"author":"admin","twitter_card":"summary_large_image","twitter_misc":{"Written by":"admin","Est. reading time":"1 minute"},"schema":{"@context":"https:\/\/schema.org","@graph":[{"@type":"Article","@id":"https:\/\/akunq.net\/tr\/?p=66319#article","isPartOf":{"@id":"https:\/\/akunq.net\/tr\/?p=66319"},"author":{"name":"admin","@id":"https:\/\/akunq.net\/tr\/#\/schema\/person\/096f1d38a12cce57fb855b485ed24c9e"},"headline":"Vanl\u0131 Yahudilerin \u00c7\u00f6re\u011fi: Kade","datePublished":"2021-12-21T05:58:09+00:00","mainEntityOfPage":{"@id":"https:\/\/akunq.net\/tr\/?p=66319"},"wordCount":238,"commentCount":0,"image":{"@id":"https:\/\/akunq.net\/tr\/?p=66319#primaryimage"},"thumbnailUrl":"https:\/\/akunq.net\/tr\/wp-content\/uploads\/sites\/6\/2021\/12\/Kade.jpeg","articleSection":["Haberler"],"inLanguage":"en-US","potentialAction":[{"@type":"CommentAction","name":"Comment","target":["https:\/\/akunq.net\/tr\/?p=66319#respond"]}]},{"@type":"WebPage","@id":"https:\/\/akunq.net\/tr\/?p=66319","url":"https:\/\/akunq.net\/tr\/?p=66319","name":"Vanl\u0131 Yahudilerin \u00c7\u00f6re\u011fi: Kade - Bati Ermenistan Ve Bati Ermenileri Sorunlari Ara\u015ftirmalar Merkezi","isPartOf":{"@id":"https:\/\/akunq.net\/tr\/#website"},"primaryImageOfPage":{"@id":"https:\/\/akunq.net\/tr\/?p=66319#primaryimage"},"image":{"@id":"https:\/\/akunq.net\/tr\/?p=66319#primaryimage"},"thumbnailUrl":"https:\/\/akunq.net\/tr\/wp-content\/uploads\/sites\/6\/2021\/12\/Kade.jpeg","datePublished":"2021-12-21T05:58:09+00:00","author":{"@id":"https:\/\/akunq.net\/tr\/#\/schema\/person\/096f1d38a12cce57fb855b485ed24c9e"},"breadcrumb":{"@id":"https:\/\/akunq.net\/tr\/?p=66319#breadcrumb"},"inLanguage":"en-US","potentialAction":[{"@type":"ReadAction","target":["https:\/\/akunq.net\/tr\/?p=66319"]}]},{"@type":"ImageObject","inLanguage":"en-US","@id":"https:\/\/akunq.net\/tr\/?p=66319#primaryimage","url":"https:\/\/akunq.net\/tr\/wp-content\/uploads\/sites\/6\/2021\/12\/Kade.jpeg","contentUrl":"https:\/\/akunq.net\/tr\/wp-content\/uploads\/sites\/6\/2021\/12\/Kade.jpeg","width":2048,"height":1366},{"@type":"BreadcrumbList","@id":"https:\/\/akunq.net\/tr\/?p=66319#breadcrumb","itemListElement":[{"@type":"ListItem","position":1,"name":"Home","item":"https:\/\/akunq.net\/tr"},{"@type":"ListItem","position":2,"name":"Vanl\u0131 Yahudilerin \u00c7\u00f6re\u011fi: Kade"}]},{"@type":"WebSite","@id":"https:\/\/akunq.net\/tr\/#website","url":"https:\/\/akunq.net\/tr\/","name":"Bati Ermenistan Ve Bati Ermenileri Sorunlari Ara\u015ftirmalar Merkezi","description":"","potentialAction":[{"@type":"SearchAction","target":{"@type":"EntryPoint","urlTemplate":"https:\/\/akunq.net\/tr\/?s={search_term_string}"},"query-input":{"@type":"PropertyValueSpecification","valueRequired":true,"valueName":"search_term_string"}}],"inLanguage":"en-US"},{"@type":"Person","@id":"https:\/\/akunq.net\/tr\/#\/schema\/person\/096f1d38a12cce57fb855b485ed24c9e","name":"admin","url":"https:\/\/akunq.net\/tr\/?author=7"}]}},"_links":{"self":[{"href":"https:\/\/akunq.net\/tr\/index.php?rest_route=\/wp\/v2\/posts\/66319","targetHints":{"allow":["GET"]}}],"collection":[{"href":"https:\/\/akunq.net\/tr\/index.php?rest_route=\/wp\/v2\/posts"}],"about":[{"href":"https:\/\/akunq.net\/tr\/index.php?rest_route=\/wp\/v2\/types\/post"}],"author":[{"embeddable":true,"href":"https:\/\/akunq.net\/tr\/index.php?rest_route=\/wp\/v2\/users\/7"}],"replies":[{"embeddable":true,"href":"https:\/\/akunq.net\/tr\/index.php?rest_route=%2Fwp%2Fv2%2Fcomments&post=66319"}],"version-history":[{"count":1,"href":"https:\/\/akunq.net\/tr\/index.php?rest_route=\/wp\/v2\/posts\/66319\/revisions"}],"predecessor-version":[{"id":66321,"href":"https:\/\/akunq.net\/tr\/index.php?rest_route=\/wp\/v2\/posts\/66319\/revisions\/66321"}],"wp:featuredmedia":[{"embeddable":true,"href":"https:\/\/akunq.net\/tr\/index.php?rest_route=\/wp\/v2\/media\/66320"}],"wp:attachment":[{"href":"https:\/\/akunq.net\/tr\/index.php?rest_route=%2Fwp%2Fv2%2Fmedia&parent=66319"}],"wp:term":[{"taxonomy":"category","embeddable":true,"href":"https:\/\/akunq.net\/tr\/index.php?rest_route=%2Fwp%2Fv2%2Fcategories&post=66319"},{"taxonomy":"post_tag","embeddable":true,"href":"https:\/\/akunq.net\/tr\/index.php?rest_route=%2Fwp%2Fv2%2Ftags&post=66319"}],"curies":[{"name":"wp","href":"https:\/\/api.w.org\/{rel}","templated":true}]}}