{"id":66304,"date":"2021-12-20T01:28:12","date_gmt":"2021-12-20T06:28:12","guid":{"rendered":"https:\/\/akunq.net\/tr\/?p=66304"},"modified":"2021-12-20T04:14:02","modified_gmt":"2021-12-20T09:14:02","slug":"vanda-tarihi-kesif-perslere-ait-mezar-bulundu","status":"publish","type":"post","link":"https:\/\/akunq.net\/tr\/?p=66304","title":{"rendered":"Van\u2019da tarihi ke\u015fif: Perslere ait mezar bulundu"},"content":{"rendered":"<p><img loading=\"lazy\" decoding=\"async\" class=\"aligncenter size-medium wp-image-66305\" src=\"https:\/\/akunq.net\/tr\/wp-content\/uploads\/2021\/12\/Van-360x239.jpg\" alt=\"\" width=\"360\" height=\"239\" srcset=\"https:\/\/akunq.net\/tr\/wp-content\/uploads\/sites\/6\/2021\/12\/Van-360x239.jpg 360w, https:\/\/akunq.net\/tr\/wp-content\/uploads\/sites\/6\/2021\/12\/Van-560x372.jpg 560w, https:\/\/akunq.net\/tr\/wp-content\/uploads\/sites\/6\/2021\/12\/Van-260x173.jpg 260w, https:\/\/akunq.net\/tr\/wp-content\/uploads\/sites\/6\/2021\/12\/Van-160x106.jpg 160w, https:\/\/akunq.net\/tr\/wp-content\/uploads\/sites\/6\/2021\/12\/Van.jpg 660w\" sizes=\"auto, (max-width: 360px) 100vw, 360px\" \/><\/p>\n<p><em><strong>Van\u2019\u0131n \u015eabaniye Mahallesi\u2019nde 10 ay \u00f6nce tarihi mezarl\u0131k oldu\u011fu iddia edilen alanda ka\u00e7ak kaz\u0131 yap\u0131ld\u0131\u011f\u0131na dair ihbar al\u0131nd\u0131.<\/strong><\/em><\/p>\n<p>Polisin b\u00f6lgede yapt\u0131\u011f\u0131 incelemede definecilerin hemen evlerinin yan\u0131 ba\u015f\u0131nda bulunan alanda t\u00fcnel kaz\u0131p, ka\u00e7ak kaz\u0131 yapt\u0131\u011f\u0131 tespit edildi. Defineciler hakk\u0131nda soru\u015fturma ba\u015flat\u0131l\u0131rken, polis z\u0131rhl\u0131 ara\u00e7larla geldi\u011fi b\u00f6lgede n\u00f6bet tutmaya ba\u015flad\u0131.<\/p>\n<p>Ard\u0131ndan da Van M\u00fcze M\u00fcd\u00fcrl\u00fc\u011f\u00fc ekipleri b\u00f6lgede inceleme ba\u015flatt\u0131. Yap\u0131lan y\u00fczey ara\u015ft\u0131rmas\u0131nda \u00fcst tabakada \u0130slami d\u00f6neme ait mezarlar ortaya \u00e7\u0131kar\u0131ld\u0131.<\/p>\n<p>Bunun \u00fczerine Van K\u00fclt\u00fcr Varl\u0131klar\u0131n\u0131 Koruma Kurulu<code>nca tepenin bulundu\u011fu parsel 1<\/code>nci derece arkeoloji sit alan\u0131 olarak tescillendi. Daha sonra da Van M\u00fcze M\u00fcd\u00fcrl\u00fc\u011f\u00fc`ne ba\u011fl\u0131 13 ki\u015filik ekip b\u00f6lgede kaz\u0131 \u00e7al\u0131\u015fmas\u0131 y\u00fcr\u00fctt\u00fc.<\/p>\n<p>Van M\u00fcze M\u00fcd\u00fcr\u00fc Erol Uslu, kaz\u0131lar\u0131n devam etti\u011fini anlatarak, \u201cPers d\u00f6nemi milattan \u00f6nce 590<code>larda ba\u015fl\u0131yor. Bu hanedanl\u0131\u011f\u0131n burada varolu\u015fu Van<\/code>\u0131n tarihsel kimli\u011finin \u00f6n plana \u00e7\u0131kar\u0131lmas\u0131 kimli\u011finin bir par\u00e7as\u0131n\u0131n daha oturmas\u0131 a\u00e7\u0131s\u0131ndan \u00e7ok \u00f6nem arz ediyor. Burada \u00f6n\u00fcm\u00fczdeki y\u0131llarda da bir \u00e7al\u0131\u015fma y\u00fcr\u00fctece\u011fiz. Tepenin \u00fcst k\u0131sm\u0131nda M\u00fcsl\u00fcman mezarl\u0131\u011f\u0131, ortada Pers \u0130mparatorlu\u011fu, en alt k\u0131s\u0131mda ise t\u00fcm\u00fcl\u00fcs oldu\u011funa i\u015faret eden veriler var. Van \u00f6zelinde bir t\u00fcm\u00fcl\u00fcs\u00fcn varl\u0131\u011f\u0131n\u0131n ortaya \u00e7\u0131kar\u0131lmas\u0131 ve belgelenmesi s\u00f6z konusu olursa \u015funu a\u00e7\u0131k ve net s\u00f6ylemek gerekir ki b\u00f6lge a\u00e7\u0131s\u0131ndan \u00e7ok b\u00fcy\u00fck bir ses getirecek\u201d dedi.<\/p>\n<p>\u00d6n\u00fcm\u00fczdeki y\u0131llarda yap\u0131lacak bilimsel kaz\u0131lar sonucunda tepeden bir kesit almay\u0131 d\u00fc\u015f\u00fcnd\u00fcklerini vurgulayan Uslu, \u201c\u00c7al\u0131\u015fmalardan elde etti\u011fimiz kal\u0131nt\u0131lar, Pers d\u00f6neminde de tepeli\u011fin mezarl\u0131k olarak kulland\u0131\u011f\u0131n\u0131 net bir \u015fekilde belgelemi\u015f olduk. \u015eimdiye kadar b\u00f6lgede bilindik bir Pers mezarl\u0131\u011f\u0131n\u0131n varl\u0131\u011f\u0131ndan s\u00f6z etmem m\u00fcmk\u00fcn de\u011fil. Pers-Akamenid d\u00f6nemine ait oldu\u011fu d\u00fc\u015f\u00fcn\u00fclen ve Van Kalesi H\u00f6y\u00fc\u011f\u00fc`nde yap\u0131lan kaz\u0131 \u00e7al\u0131\u015fmalar\u0131 sonucunda bir adet pi\u015fmi\u015f toprak kap ele ge\u00e7irildi. Ancak mezar olarak ilk defa bulunuyor. Yani ilk defa Pers d\u00f6nemine ait bir mezar kal\u0131nt\u0131s\u0131 buluyoruz\u201d a\u00e7\u0131klamas\u0131n\u0131 yapt\u0131.<\/p>\n<hr \/>\n<p><em><strong><a href=\"https:\/\/tr.sputniknews.com\/20211218\/vanda-tarihi-kesif-perslere-ait-mezar-bulundu-1051890504.html\" target=\"_blank\" rel=\"noopener noreferrer\">Sputnik T\u00fcrkiye<\/a>\u00a0<\/strong><\/em><\/p>\n","protected":false},"excerpt":{"rendered":"<p>Van\u2019\u0131n \u015eabaniye Mahallesi\u2019nde 10 ay \u00f6nce tarihi mezarl\u0131k oldu\u011fu iddia edilen alanda ka\u00e7ak kaz\u0131 yap\u0131ld\u0131\u011f\u0131na dair ihbar al\u0131nd\u0131. Polisin b\u00f6lgede yapt\u0131\u011f\u0131 incelemede definecilerin hemen evlerinin yan\u0131 ba\u015f\u0131nda bulunan alanda t\u00fcnel kaz\u0131p, ka\u00e7ak kaz\u0131 yapt\u0131\u011f\u0131 tespit edildi. Defineciler hakk\u0131nda soru\u015fturma ba\u015flat\u0131l\u0131rken, polis z\u0131rhl\u0131 ara\u00e7larla geldi\u011fi b\u00f6lgede n\u00f6bet tutmaya ba\u015flad\u0131. Ard\u0131ndan da Van M\u00fcze M\u00fcd\u00fcrl\u00fc\u011f\u00fc ekipleri b\u00f6lgede [&hellip;]<\/p>\n","protected":false},"author":7,"featured_media":66305,"comment_status":"open","ping_status":"open","sticky":false,"template":"","format":"standard","meta":{"footnotes":""},"categories":[22,1],"tags":[],"class_list":["post-66304","post","type-post","status-publish","format-standard","has-post-thumbnail","hentry","category-gunumuzde-bati-ermenistan","category-haberler"],"yoast_head":"<!-- This site is optimized with the Yoast SEO plugin v27.4 - https:\/\/yoast.com\/product\/yoast-seo-wordpress\/ -->\n<title>Van\u2019da tarihi ke\u015fif: Perslere ait mezar bulundu - Bati Ermenistan Ve Bati Ermenileri Sorunlari Ara\u015ftirmalar Merkezi<\/title>\n<meta name=\"robots\" content=\"index, follow, max-snippet:-1, max-image-preview:large, max-video-preview:-1\" \/>\n<link rel=\"canonical\" href=\"https:\/\/akunq.net\/tr\/?p=66304\" \/>\n<meta property=\"og:locale\" content=\"en_US\" \/>\n<meta property=\"og:type\" content=\"article\" \/>\n<meta property=\"og:title\" content=\"Van\u2019da tarihi ke\u015fif: Perslere ait mezar bulundu - Bati Ermenistan Ve Bati Ermenileri Sorunlari Ara\u015ftirmalar Merkezi\" \/>\n<meta property=\"og:description\" content=\"Van\u2019\u0131n \u015eabaniye Mahallesi\u2019nde 10 ay \u00f6nce tarihi mezarl\u0131k oldu\u011fu iddia edilen alanda ka\u00e7ak kaz\u0131 yap\u0131ld\u0131\u011f\u0131na dair ihbar al\u0131nd\u0131. Polisin b\u00f6lgede yapt\u0131\u011f\u0131 incelemede definecilerin hemen evlerinin yan\u0131 ba\u015f\u0131nda bulunan alanda t\u00fcnel kaz\u0131p, ka\u00e7ak kaz\u0131 yapt\u0131\u011f\u0131 tespit edildi. Defineciler hakk\u0131nda soru\u015fturma ba\u015flat\u0131l\u0131rken, polis z\u0131rhl\u0131 ara\u00e7larla geldi\u011fi b\u00f6lgede n\u00f6bet tutmaya ba\u015flad\u0131. Ard\u0131ndan da Van M\u00fcze M\u00fcd\u00fcrl\u00fc\u011f\u00fc ekipleri b\u00f6lgede [&hellip;]\" \/>\n<meta property=\"og:url\" content=\"https:\/\/akunq.net\/tr\/?p=66304\" \/>\n<meta property=\"og:site_name\" content=\"Bati Ermenistan Ve Bati Ermenileri Sorunlari Ara\u015ftirmalar Merkezi\" \/>\n<meta property=\"article:published_time\" content=\"2021-12-20T06:28:12+00:00\" \/>\n<meta property=\"article:modified_time\" content=\"2021-12-20T09:14:02+00:00\" \/>\n<meta property=\"og:image\" content=\"https:\/\/akunq.net\/tr\/wp-content\/uploads\/sites\/6\/2021\/12\/Van.jpg\" \/>\n\t<meta property=\"og:image:width\" content=\"660\" \/>\n\t<meta property=\"og:image:height\" content=\"439\" \/>\n\t<meta property=\"og:image:type\" content=\"image\/jpeg\" \/>\n<meta name=\"author\" content=\"admin\" \/>\n<meta name=\"twitter:card\" content=\"summary_large_image\" \/>\n<meta name=\"twitter:label1\" content=\"Written by\" \/>\n\t<meta name=\"twitter:data1\" content=\"admin\" \/>\n\t<meta name=\"twitter:label2\" content=\"Est. reading time\" \/>\n\t<meta name=\"twitter:data2\" content=\"2 minutes\" \/>\n<script type=\"application\/ld+json\" class=\"yoast-schema-graph\">{\"@context\":\"https:\\\/\\\/schema.org\",\"@graph\":[{\"@type\":\"Article\",\"@id\":\"https:\\\/\\\/akunq.net\\\/tr\\\/?p=66304#article\",\"isPartOf\":{\"@id\":\"https:\\\/\\\/akunq.net\\\/tr\\\/?p=66304\"},\"author\":{\"name\":\"admin\",\"@id\":\"https:\\\/\\\/akunq.net\\\/tr\\\/#\\\/schema\\\/person\\\/096f1d38a12cce57fb855b485ed24c9e\"},\"headline\":\"Van\u2019da tarihi ke\u015fif: Perslere ait mezar bulundu\",\"datePublished\":\"2021-12-20T06:28:12+00:00\",\"dateModified\":\"2021-12-20T09:14:02+00:00\",\"mainEntityOfPage\":{\"@id\":\"https:\\\/\\\/akunq.net\\\/tr\\\/?p=66304\"},\"wordCount\":403,\"commentCount\":0,\"image\":{\"@id\":\"https:\\\/\\\/akunq.net\\\/tr\\\/?p=66304#primaryimage\"},\"thumbnailUrl\":\"https:\\\/\\\/akunq.net\\\/tr\\\/wp-content\\\/uploads\\\/sites\\\/6\\\/2021\\\/12\\\/Van.jpg\",\"articleSection\":[\"G\u00fcn\u00fcm\u00fczde Bat\u0131 Ermenistan\",\"Haberler\"],\"inLanguage\":\"en-US\",\"potentialAction\":[{\"@type\":\"CommentAction\",\"name\":\"Comment\",\"target\":[\"https:\\\/\\\/akunq.net\\\/tr\\\/?p=66304#respond\"]}]},{\"@type\":\"WebPage\",\"@id\":\"https:\\\/\\\/akunq.net\\\/tr\\\/?p=66304\",\"url\":\"https:\\\/\\\/akunq.net\\\/tr\\\/?p=66304\",\"name\":\"Van\u2019da tarihi ke\u015fif: Perslere ait mezar bulundu - Bati Ermenistan Ve Bati Ermenileri Sorunlari Ara\u015ftirmalar Merkezi\",\"isPartOf\":{\"@id\":\"https:\\\/\\\/akunq.net\\\/tr\\\/#website\"},\"primaryImageOfPage\":{\"@id\":\"https:\\\/\\\/akunq.net\\\/tr\\\/?p=66304#primaryimage\"},\"image\":{\"@id\":\"https:\\\/\\\/akunq.net\\\/tr\\\/?p=66304#primaryimage\"},\"thumbnailUrl\":\"https:\\\/\\\/akunq.net\\\/tr\\\/wp-content\\\/uploads\\\/sites\\\/6\\\/2021\\\/12\\\/Van.jpg\",\"datePublished\":\"2021-12-20T06:28:12+00:00\",\"dateModified\":\"2021-12-20T09:14:02+00:00\",\"author\":{\"@id\":\"https:\\\/\\\/akunq.net\\\/tr\\\/#\\\/schema\\\/person\\\/096f1d38a12cce57fb855b485ed24c9e\"},\"breadcrumb\":{\"@id\":\"https:\\\/\\\/akunq.net\\\/tr\\\/?p=66304#breadcrumb\"},\"inLanguage\":\"en-US\",\"potentialAction\":[{\"@type\":\"ReadAction\",\"target\":[\"https:\\\/\\\/akunq.net\\\/tr\\\/?p=66304\"]}]},{\"@type\":\"ImageObject\",\"inLanguage\":\"en-US\",\"@id\":\"https:\\\/\\\/akunq.net\\\/tr\\\/?p=66304#primaryimage\",\"url\":\"https:\\\/\\\/akunq.net\\\/tr\\\/wp-content\\\/uploads\\\/sites\\\/6\\\/2021\\\/12\\\/Van.jpg\",\"contentUrl\":\"https:\\\/\\\/akunq.net\\\/tr\\\/wp-content\\\/uploads\\\/sites\\\/6\\\/2021\\\/12\\\/Van.jpg\",\"width\":660,\"height\":439},{\"@type\":\"BreadcrumbList\",\"@id\":\"https:\\\/\\\/akunq.net\\\/tr\\\/?p=66304#breadcrumb\",\"itemListElement\":[{\"@type\":\"ListItem\",\"position\":1,\"name\":\"Home\",\"item\":\"https:\\\/\\\/akunq.net\\\/tr\"},{\"@type\":\"ListItem\",\"position\":2,\"name\":\"Van\u2019da tarihi ke\u015fif: Perslere ait mezar bulundu\"}]},{\"@type\":\"WebSite\",\"@id\":\"https:\\\/\\\/akunq.net\\\/tr\\\/#website\",\"url\":\"https:\\\/\\\/akunq.net\\\/tr\\\/\",\"name\":\"Bati Ermenistan Ve Bati Ermenileri Sorunlari Ara\u015ftirmalar Merkezi\",\"description\":\"\",\"potentialAction\":[{\"@type\":\"SearchAction\",\"target\":{\"@type\":\"EntryPoint\",\"urlTemplate\":\"https:\\\/\\\/akunq.net\\\/tr\\\/?s={search_term_string}\"},\"query-input\":{\"@type\":\"PropertyValueSpecification\",\"valueRequired\":true,\"valueName\":\"search_term_string\"}}],\"inLanguage\":\"en-US\"},{\"@type\":\"Person\",\"@id\":\"https:\\\/\\\/akunq.net\\\/tr\\\/#\\\/schema\\\/person\\\/096f1d38a12cce57fb855b485ed24c9e\",\"name\":\"admin\",\"url\":\"https:\\\/\\\/akunq.net\\\/tr\\\/?author=7\"}]}<\/script>\n<!-- \/ Yoast SEO plugin. -->","yoast_head_json":{"title":"Van\u2019da tarihi ke\u015fif: Perslere ait mezar bulundu - Bati Ermenistan Ve Bati Ermenileri Sorunlari Ara\u015ftirmalar Merkezi","robots":{"index":"index","follow":"follow","max-snippet":"max-snippet:-1","max-image-preview":"max-image-preview:large","max-video-preview":"max-video-preview:-1"},"canonical":"https:\/\/akunq.net\/tr\/?p=66304","og_locale":"en_US","og_type":"article","og_title":"Van\u2019da tarihi ke\u015fif: Perslere ait mezar bulundu - Bati Ermenistan Ve Bati Ermenileri Sorunlari Ara\u015ftirmalar Merkezi","og_description":"Van\u2019\u0131n \u015eabaniye Mahallesi\u2019nde 10 ay \u00f6nce tarihi mezarl\u0131k oldu\u011fu iddia edilen alanda ka\u00e7ak kaz\u0131 yap\u0131ld\u0131\u011f\u0131na dair ihbar al\u0131nd\u0131. Polisin b\u00f6lgede yapt\u0131\u011f\u0131 incelemede definecilerin hemen evlerinin yan\u0131 ba\u015f\u0131nda bulunan alanda t\u00fcnel kaz\u0131p, ka\u00e7ak kaz\u0131 yapt\u0131\u011f\u0131 tespit edildi. Defineciler hakk\u0131nda soru\u015fturma ba\u015flat\u0131l\u0131rken, polis z\u0131rhl\u0131 ara\u00e7larla geldi\u011fi b\u00f6lgede n\u00f6bet tutmaya ba\u015flad\u0131. Ard\u0131ndan da Van M\u00fcze M\u00fcd\u00fcrl\u00fc\u011f\u00fc ekipleri b\u00f6lgede [&hellip;]","og_url":"https:\/\/akunq.net\/tr\/?p=66304","og_site_name":"Bati Ermenistan Ve Bati Ermenileri Sorunlari Ara\u015ftirmalar Merkezi","article_published_time":"2021-12-20T06:28:12+00:00","article_modified_time":"2021-12-20T09:14:02+00:00","og_image":[{"width":660,"height":439,"url":"https:\/\/akunq.net\/tr\/wp-content\/uploads\/sites\/6\/2021\/12\/Van.jpg","type":"image\/jpeg"}],"author":"admin","twitter_card":"summary_large_image","twitter_misc":{"Written by":"admin","Est. reading time":"2 minutes"},"schema":{"@context":"https:\/\/schema.org","@graph":[{"@type":"Article","@id":"https:\/\/akunq.net\/tr\/?p=66304#article","isPartOf":{"@id":"https:\/\/akunq.net\/tr\/?p=66304"},"author":{"name":"admin","@id":"https:\/\/akunq.net\/tr\/#\/schema\/person\/096f1d38a12cce57fb855b485ed24c9e"},"headline":"Van\u2019da tarihi ke\u015fif: Perslere ait mezar bulundu","datePublished":"2021-12-20T06:28:12+00:00","dateModified":"2021-12-20T09:14:02+00:00","mainEntityOfPage":{"@id":"https:\/\/akunq.net\/tr\/?p=66304"},"wordCount":403,"commentCount":0,"image":{"@id":"https:\/\/akunq.net\/tr\/?p=66304#primaryimage"},"thumbnailUrl":"https:\/\/akunq.net\/tr\/wp-content\/uploads\/sites\/6\/2021\/12\/Van.jpg","articleSection":["G\u00fcn\u00fcm\u00fczde Bat\u0131 Ermenistan","Haberler"],"inLanguage":"en-US","potentialAction":[{"@type":"CommentAction","name":"Comment","target":["https:\/\/akunq.net\/tr\/?p=66304#respond"]}]},{"@type":"WebPage","@id":"https:\/\/akunq.net\/tr\/?p=66304","url":"https:\/\/akunq.net\/tr\/?p=66304","name":"Van\u2019da tarihi ke\u015fif: Perslere ait mezar bulundu - Bati Ermenistan Ve Bati Ermenileri Sorunlari Ara\u015ftirmalar Merkezi","isPartOf":{"@id":"https:\/\/akunq.net\/tr\/#website"},"primaryImageOfPage":{"@id":"https:\/\/akunq.net\/tr\/?p=66304#primaryimage"},"image":{"@id":"https:\/\/akunq.net\/tr\/?p=66304#primaryimage"},"thumbnailUrl":"https:\/\/akunq.net\/tr\/wp-content\/uploads\/sites\/6\/2021\/12\/Van.jpg","datePublished":"2021-12-20T06:28:12+00:00","dateModified":"2021-12-20T09:14:02+00:00","author":{"@id":"https:\/\/akunq.net\/tr\/#\/schema\/person\/096f1d38a12cce57fb855b485ed24c9e"},"breadcrumb":{"@id":"https:\/\/akunq.net\/tr\/?p=66304#breadcrumb"},"inLanguage":"en-US","potentialAction":[{"@type":"ReadAction","target":["https:\/\/akunq.net\/tr\/?p=66304"]}]},{"@type":"ImageObject","inLanguage":"en-US","@id":"https:\/\/akunq.net\/tr\/?p=66304#primaryimage","url":"https:\/\/akunq.net\/tr\/wp-content\/uploads\/sites\/6\/2021\/12\/Van.jpg","contentUrl":"https:\/\/akunq.net\/tr\/wp-content\/uploads\/sites\/6\/2021\/12\/Van.jpg","width":660,"height":439},{"@type":"BreadcrumbList","@id":"https:\/\/akunq.net\/tr\/?p=66304#breadcrumb","itemListElement":[{"@type":"ListItem","position":1,"name":"Home","item":"https:\/\/akunq.net\/tr"},{"@type":"ListItem","position":2,"name":"Van\u2019da tarihi ke\u015fif: Perslere ait mezar bulundu"}]},{"@type":"WebSite","@id":"https:\/\/akunq.net\/tr\/#website","url":"https:\/\/akunq.net\/tr\/","name":"Bati Ermenistan Ve Bati Ermenileri Sorunlari Ara\u015ftirmalar Merkezi","description":"","potentialAction":[{"@type":"SearchAction","target":{"@type":"EntryPoint","urlTemplate":"https:\/\/akunq.net\/tr\/?s={search_term_string}"},"query-input":{"@type":"PropertyValueSpecification","valueRequired":true,"valueName":"search_term_string"}}],"inLanguage":"en-US"},{"@type":"Person","@id":"https:\/\/akunq.net\/tr\/#\/schema\/person\/096f1d38a12cce57fb855b485ed24c9e","name":"admin","url":"https:\/\/akunq.net\/tr\/?author=7"}]}},"_links":{"self":[{"href":"https:\/\/akunq.net\/tr\/index.php?rest_route=\/wp\/v2\/posts\/66304","targetHints":{"allow":["GET"]}}],"collection":[{"href":"https:\/\/akunq.net\/tr\/index.php?rest_route=\/wp\/v2\/posts"}],"about":[{"href":"https:\/\/akunq.net\/tr\/index.php?rest_route=\/wp\/v2\/types\/post"}],"author":[{"embeddable":true,"href":"https:\/\/akunq.net\/tr\/index.php?rest_route=\/wp\/v2\/users\/7"}],"replies":[{"embeddable":true,"href":"https:\/\/akunq.net\/tr\/index.php?rest_route=%2Fwp%2Fv2%2Fcomments&post=66304"}],"version-history":[{"count":1,"href":"https:\/\/akunq.net\/tr\/index.php?rest_route=\/wp\/v2\/posts\/66304\/revisions"}],"predecessor-version":[{"id":66306,"href":"https:\/\/akunq.net\/tr\/index.php?rest_route=\/wp\/v2\/posts\/66304\/revisions\/66306"}],"wp:featuredmedia":[{"embeddable":true,"href":"https:\/\/akunq.net\/tr\/index.php?rest_route=\/wp\/v2\/media\/66305"}],"wp:attachment":[{"href":"https:\/\/akunq.net\/tr\/index.php?rest_route=%2Fwp%2Fv2%2Fmedia&parent=66304"}],"wp:term":[{"taxonomy":"category","embeddable":true,"href":"https:\/\/akunq.net\/tr\/index.php?rest_route=%2Fwp%2Fv2%2Fcategories&post=66304"},{"taxonomy":"post_tag","embeddable":true,"href":"https:\/\/akunq.net\/tr\/index.php?rest_route=%2Fwp%2Fv2%2Ftags&post=66304"}],"curies":[{"name":"wp","href":"https:\/\/api.w.org\/{rel}","templated":true}]}}