{"id":66301,"date":"2021-12-20T01:20:01","date_gmt":"2021-12-20T06:20:01","guid":{"rendered":"https:\/\/akunq.net\/tr\/?p=66301"},"modified":"2021-12-20T01:20:01","modified_gmt":"2021-12-20T06:20:01","slug":"edirnedeki-bulgar-kilisesinde-2-yil-sonra-ilk-noel-ayini","status":"publish","type":"post","link":"https:\/\/akunq.net\/tr\/?p=66301","title":{"rendered":"Edirne\u2019deki Bulgar Kilisesi\u2019nde 2 y\u0131l sonra ilk Noel ayini"},"content":{"rendered":"<p><img loading=\"lazy\" decoding=\"async\" class=\"aligncenter size-medium wp-image-66302\" src=\"https:\/\/akunq.net\/tr\/wp-content\/uploads\/2021\/12\/Edirne\u2019deki-Bulgar-Kilisesi-360x203.jpg\" alt=\"\" width=\"360\" height=\"203\" srcset=\"https:\/\/akunq.net\/tr\/wp-content\/uploads\/sites\/6\/2021\/12\/Edirne\u2019deki-Bulgar-Kilisesi-360x203.jpg 360w, https:\/\/akunq.net\/tr\/wp-content\/uploads\/sites\/6\/2021\/12\/Edirne\u2019deki-Bulgar-Kilisesi-768x432.jpg 768w, https:\/\/akunq.net\/tr\/wp-content\/uploads\/sites\/6\/2021\/12\/Edirne\u2019deki-Bulgar-Kilisesi-1536x864.jpg 1536w, https:\/\/akunq.net\/tr\/wp-content\/uploads\/sites\/6\/2021\/12\/Edirne\u2019deki-Bulgar-Kilisesi-560x315.jpg 560w, https:\/\/akunq.net\/tr\/wp-content\/uploads\/sites\/6\/2021\/12\/Edirne\u2019deki-Bulgar-Kilisesi-260x146.jpg 260w, https:\/\/akunq.net\/tr\/wp-content\/uploads\/sites\/6\/2021\/12\/Edirne\u2019deki-Bulgar-Kilisesi-160x90.jpg 160w, https:\/\/akunq.net\/tr\/wp-content\/uploads\/sites\/6\/2021\/12\/Edirne\u2019deki-Bulgar-Kilisesi.jpg 2048w\" sizes=\"auto, (max-width: 360px) 100vw, 360px\" \/><\/p>\n<p><em><strong>Edirne\u2019de Sveti Georgi Bulgar Kilisesi\u2019nde 2 y\u0131l aradan sonra ilk kez Hristiyanlar i\u00e7in kutsal say\u0131lan Hz. \u0130sa\u2019n\u0131n do\u011fum g\u00fcn\u00fc nedeniyle Noel ayini d\u00fczenlendi. Tarihi kilisede ayine kat\u0131lan Bulgaristan Edirne Ba\u015fkonsolosu Borislav Dimitrov, yeni y\u0131l\u0131n t\u00fcm insanl\u0131k i\u00e7in bar\u0131\u015f ve g\u00fczelliklerle dolu bir y\u0131l olmas\u0131n\u0131 dilediklerini s\u00f6yledi.<\/strong><\/em><\/p>\n<p>Bulgaristan\u2019\u0131n Stara Zagora kentinden gelen Metropolit Kipriyan\u2019\u0131n y\u00f6netti\u011fi ayine Bulgaristan\u2019\u0131n Edirne Ba\u015fkonsolosu Borislav Dimitrov, konsoloslar Atanas Dimov ve Roberto \u0130vanov, Yunanistan Edirne Konsolosu Aris Radiopoulos, Bulgaristan\u2019\u0131n Haskovo kenti Trakya Dernekleri Ba\u015fkan\u0131 Krasimir Primyanov ile Bulgaristan, Yunanistan ve Edirne\u2019den gelen \u00e7ok say\u0131da Ortodoks kat\u0131ld\u0131.<\/p>\n<p>Ayinde \u0130ncil\u2019den ilahi ve dualar okundu, kat\u0131l\u0131mc\u0131lar ayr\u0131ca mum yak\u0131p dua etti. Ayine kat\u0131lanlara Hristiyanlar i\u00e7in kutsal say\u0131lan okunmu\u015f ekmek da\u011f\u0131t\u0131ld\u0131.<\/p>\n<p>Bulgaristan Edirne Ba\u015fkonsolosu Borislav Dimitrov, Noel\u2019in Hristiyanlar i\u00e7in kutsal bir g\u00fcn oldu\u011funu hat\u0131rlatarak \u201cBug\u00fcn Hristiyan cemaati i\u00e7in \u00e7ok kutsal bir g\u00fcn, onu kutluyoruz. Bu g\u00fczel g\u00fcn\u00fc dualarla kutlamak i\u00e7in birlikteyiz. Say\u0131n Metropolit, Yunan papazlar\u0131m\u0131zla hep birlikte ellerimizi g\u00f6\u011fe a\u00e7\u0131p, t\u00fcm insanl\u0131k i\u00e7in g\u00fczel bir y\u0131l olmas\u0131n\u0131 ve g\u00fczelliklerin bulmas\u0131n\u0131 diledik. Bu bizim en kutsal ve g\u00fczel bayram\u0131m\u0131z bu nedenle t\u00fcm iyilikleri diledik\u201d dedi.<\/p>\n<p>Sveti Georgi Bulgar Kilisesi\u2019nin rahibi Aleksand\u0131r \u00c7\u0131k\u0131r\u0131k da ayinde T\u00fcrk, Yunan ve Bulgar kat\u0131l\u0131mc\u0131larla dostluk mesaj\u0131 verildi\u011fini belirtti. \u00c7\u0131k\u0131r\u0131k \u201cBug\u00fcn \u00e7ok de\u011ferli bir g\u00fcn oldu. Yunan, Bulgar ve T\u00fcrk hep beraber topland\u0131k. \u0130n\u015fallah, her zaman b\u00f6yle g\u00fczel g\u00fcnler ya\u015far\u0131z. \u00c7ok g\u00fczel bir kutlama oldu, \u00e7ok mutluyuz. Buna T\u00fcrk, Yunan ve Bulgar dostlu\u011funun sonucu diyorum. Bundan dolay\u0131 \u00e7ok sevindim. Herkese hay\u0131rl\u0131 u\u011furlu olsun, bar\u0131\u015f ve mutluluk olsun. Pandemiden sonra ilk ayinimiz oldu. \u0130n\u015fallah, bundan sonra b\u00f6yle bir \u015fey ya\u015famay\u0131z\u201d dedi.<\/p>\n<p><em><strong>https:\/\/tr.sputniknews.com\/20211219\/edirnedeki-bulgar-kilisesinde-2-yil-sonra-ilk-noel-ayini-1051911064.html\u00a0<\/strong><\/em><\/p>\n","protected":false},"excerpt":{"rendered":"<p>Edirne\u2019de Sveti Georgi Bulgar Kilisesi\u2019nde 2 y\u0131l aradan sonra ilk kez Hristiyanlar i\u00e7in kutsal say\u0131lan Hz. \u0130sa\u2019n\u0131n do\u011fum g\u00fcn\u00fc nedeniyle Noel ayini d\u00fczenlendi. Tarihi kilisede ayine kat\u0131lan Bulgaristan Edirne Ba\u015fkonsolosu Borislav Dimitrov, yeni y\u0131l\u0131n t\u00fcm insanl\u0131k i\u00e7in bar\u0131\u015f ve g\u00fczelliklerle dolu bir y\u0131l olmas\u0131n\u0131 dilediklerini s\u00f6yledi. Bulgaristan\u2019\u0131n Stara Zagora kentinden gelen Metropolit Kipriyan\u2019\u0131n y\u00f6netti\u011fi ayine [&hellip;]<\/p>\n","protected":false},"author":7,"featured_media":66302,"comment_status":"open","ping_status":"open","sticky":false,"template":"","format":"standard","meta":{"footnotes":""},"categories":[1],"tags":[],"class_list":["post-66301","post","type-post","status-publish","format-standard","has-post-thumbnail","hentry","category-haberler"],"yoast_head":"<!-- This site is optimized with the Yoast SEO plugin v27.4 - https:\/\/yoast.com\/product\/yoast-seo-wordpress\/ -->\n<title>Edirne\u2019deki Bulgar Kilisesi\u2019nde 2 y\u0131l sonra ilk Noel ayini - Bati Ermenistan Ve Bati Ermenileri Sorunlari Ara\u015ftirmalar Merkezi<\/title>\n<meta name=\"robots\" content=\"index, follow, max-snippet:-1, max-image-preview:large, max-video-preview:-1\" \/>\n<link rel=\"canonical\" href=\"https:\/\/akunq.net\/tr\/?p=66301\" \/>\n<meta property=\"og:locale\" content=\"en_US\" \/>\n<meta property=\"og:type\" content=\"article\" \/>\n<meta property=\"og:title\" content=\"Edirne\u2019deki Bulgar Kilisesi\u2019nde 2 y\u0131l sonra ilk Noel ayini - Bati Ermenistan Ve Bati Ermenileri Sorunlari Ara\u015ftirmalar Merkezi\" \/>\n<meta property=\"og:description\" content=\"Edirne\u2019de Sveti Georgi Bulgar Kilisesi\u2019nde 2 y\u0131l aradan sonra ilk kez Hristiyanlar i\u00e7in kutsal say\u0131lan Hz. \u0130sa\u2019n\u0131n do\u011fum g\u00fcn\u00fc nedeniyle Noel ayini d\u00fczenlendi. Tarihi kilisede ayine kat\u0131lan Bulgaristan Edirne Ba\u015fkonsolosu Borislav Dimitrov, yeni y\u0131l\u0131n t\u00fcm insanl\u0131k i\u00e7in bar\u0131\u015f ve g\u00fczelliklerle dolu bir y\u0131l olmas\u0131n\u0131 dilediklerini s\u00f6yledi. Bulgaristan\u2019\u0131n Stara Zagora kentinden gelen Metropolit Kipriyan\u2019\u0131n y\u00f6netti\u011fi ayine [&hellip;]\" \/>\n<meta property=\"og:url\" content=\"https:\/\/akunq.net\/tr\/?p=66301\" \/>\n<meta property=\"og:site_name\" content=\"Bati Ermenistan Ve Bati Ermenileri Sorunlari Ara\u015ftirmalar Merkezi\" \/>\n<meta property=\"article:published_time\" content=\"2021-12-20T06:20:01+00:00\" \/>\n<meta property=\"og:image\" content=\"https:\/\/akunq.net\/tr\/wp-content\/uploads\/sites\/6\/2021\/12\/Edirne\u2019deki-Bulgar-Kilisesi.jpg\" \/>\n\t<meta property=\"og:image:width\" content=\"2048\" \/>\n\t<meta property=\"og:image:height\" content=\"1152\" \/>\n\t<meta property=\"og:image:type\" content=\"image\/jpeg\" \/>\n<meta name=\"author\" content=\"admin\" \/>\n<meta name=\"twitter:card\" content=\"summary_large_image\" \/>\n<meta name=\"twitter:label1\" content=\"Written by\" \/>\n\t<meta name=\"twitter:data1\" content=\"admin\" \/>\n\t<meta name=\"twitter:label2\" content=\"Est. reading time\" \/>\n\t<meta name=\"twitter:data2\" content=\"2 minutes\" \/>\n<script type=\"application\/ld+json\" class=\"yoast-schema-graph\">{\"@context\":\"https:\\\/\\\/schema.org\",\"@graph\":[{\"@type\":\"Article\",\"@id\":\"https:\\\/\\\/akunq.net\\\/tr\\\/?p=66301#article\",\"isPartOf\":{\"@id\":\"https:\\\/\\\/akunq.net\\\/tr\\\/?p=66301\"},\"author\":{\"name\":\"admin\",\"@id\":\"https:\\\/\\\/akunq.net\\\/tr\\\/#\\\/schema\\\/person\\\/096f1d38a12cce57fb855b485ed24c9e\"},\"headline\":\"Edirne\u2019deki Bulgar Kilisesi\u2019nde 2 y\u0131l sonra ilk Noel ayini\",\"datePublished\":\"2021-12-20T06:20:01+00:00\",\"mainEntityOfPage\":{\"@id\":\"https:\\\/\\\/akunq.net\\\/tr\\\/?p=66301\"},\"wordCount\":372,\"commentCount\":0,\"image\":{\"@id\":\"https:\\\/\\\/akunq.net\\\/tr\\\/?p=66301#primaryimage\"},\"thumbnailUrl\":\"https:\\\/\\\/akunq.net\\\/tr\\\/wp-content\\\/uploads\\\/sites\\\/6\\\/2021\\\/12\\\/Edirne\u2019deki-Bulgar-Kilisesi.jpg\",\"articleSection\":[\"Haberler\"],\"inLanguage\":\"en-US\",\"potentialAction\":[{\"@type\":\"CommentAction\",\"name\":\"Comment\",\"target\":[\"https:\\\/\\\/akunq.net\\\/tr\\\/?p=66301#respond\"]}]},{\"@type\":\"WebPage\",\"@id\":\"https:\\\/\\\/akunq.net\\\/tr\\\/?p=66301\",\"url\":\"https:\\\/\\\/akunq.net\\\/tr\\\/?p=66301\",\"name\":\"Edirne\u2019deki Bulgar Kilisesi\u2019nde 2 y\u0131l sonra ilk Noel ayini - Bati Ermenistan Ve Bati Ermenileri Sorunlari Ara\u015ftirmalar Merkezi\",\"isPartOf\":{\"@id\":\"https:\\\/\\\/akunq.net\\\/tr\\\/#website\"},\"primaryImageOfPage\":{\"@id\":\"https:\\\/\\\/akunq.net\\\/tr\\\/?p=66301#primaryimage\"},\"image\":{\"@id\":\"https:\\\/\\\/akunq.net\\\/tr\\\/?p=66301#primaryimage\"},\"thumbnailUrl\":\"https:\\\/\\\/akunq.net\\\/tr\\\/wp-content\\\/uploads\\\/sites\\\/6\\\/2021\\\/12\\\/Edirne\u2019deki-Bulgar-Kilisesi.jpg\",\"datePublished\":\"2021-12-20T06:20:01+00:00\",\"author\":{\"@id\":\"https:\\\/\\\/akunq.net\\\/tr\\\/#\\\/schema\\\/person\\\/096f1d38a12cce57fb855b485ed24c9e\"},\"breadcrumb\":{\"@id\":\"https:\\\/\\\/akunq.net\\\/tr\\\/?p=66301#breadcrumb\"},\"inLanguage\":\"en-US\",\"potentialAction\":[{\"@type\":\"ReadAction\",\"target\":[\"https:\\\/\\\/akunq.net\\\/tr\\\/?p=66301\"]}]},{\"@type\":\"ImageObject\",\"inLanguage\":\"en-US\",\"@id\":\"https:\\\/\\\/akunq.net\\\/tr\\\/?p=66301#primaryimage\",\"url\":\"https:\\\/\\\/akunq.net\\\/tr\\\/wp-content\\\/uploads\\\/sites\\\/6\\\/2021\\\/12\\\/Edirne\u2019deki-Bulgar-Kilisesi.jpg\",\"contentUrl\":\"https:\\\/\\\/akunq.net\\\/tr\\\/wp-content\\\/uploads\\\/sites\\\/6\\\/2021\\\/12\\\/Edirne\u2019deki-Bulgar-Kilisesi.jpg\",\"width\":2048,\"height\":1152},{\"@type\":\"BreadcrumbList\",\"@id\":\"https:\\\/\\\/akunq.net\\\/tr\\\/?p=66301#breadcrumb\",\"itemListElement\":[{\"@type\":\"ListItem\",\"position\":1,\"name\":\"Home\",\"item\":\"https:\\\/\\\/akunq.net\\\/tr\"},{\"@type\":\"ListItem\",\"position\":2,\"name\":\"Edirne\u2019deki Bulgar Kilisesi\u2019nde 2 y\u0131l sonra ilk Noel ayini\"}]},{\"@type\":\"WebSite\",\"@id\":\"https:\\\/\\\/akunq.net\\\/tr\\\/#website\",\"url\":\"https:\\\/\\\/akunq.net\\\/tr\\\/\",\"name\":\"Bati Ermenistan Ve Bati Ermenileri Sorunlari Ara\u015ftirmalar Merkezi\",\"description\":\"\",\"potentialAction\":[{\"@type\":\"SearchAction\",\"target\":{\"@type\":\"EntryPoint\",\"urlTemplate\":\"https:\\\/\\\/akunq.net\\\/tr\\\/?s={search_term_string}\"},\"query-input\":{\"@type\":\"PropertyValueSpecification\",\"valueRequired\":true,\"valueName\":\"search_term_string\"}}],\"inLanguage\":\"en-US\"},{\"@type\":\"Person\",\"@id\":\"https:\\\/\\\/akunq.net\\\/tr\\\/#\\\/schema\\\/person\\\/096f1d38a12cce57fb855b485ed24c9e\",\"name\":\"admin\",\"url\":\"https:\\\/\\\/akunq.net\\\/tr\\\/?author=7\"}]}<\/script>\n<!-- \/ Yoast SEO plugin. -->","yoast_head_json":{"title":"Edirne\u2019deki Bulgar Kilisesi\u2019nde 2 y\u0131l sonra ilk Noel ayini - Bati Ermenistan Ve Bati Ermenileri Sorunlari Ara\u015ftirmalar Merkezi","robots":{"index":"index","follow":"follow","max-snippet":"max-snippet:-1","max-image-preview":"max-image-preview:large","max-video-preview":"max-video-preview:-1"},"canonical":"https:\/\/akunq.net\/tr\/?p=66301","og_locale":"en_US","og_type":"article","og_title":"Edirne\u2019deki Bulgar Kilisesi\u2019nde 2 y\u0131l sonra ilk Noel ayini - Bati Ermenistan Ve Bati Ermenileri Sorunlari Ara\u015ftirmalar Merkezi","og_description":"Edirne\u2019de Sveti Georgi Bulgar Kilisesi\u2019nde 2 y\u0131l aradan sonra ilk kez Hristiyanlar i\u00e7in kutsal say\u0131lan Hz. \u0130sa\u2019n\u0131n do\u011fum g\u00fcn\u00fc nedeniyle Noel ayini d\u00fczenlendi. Tarihi kilisede ayine kat\u0131lan Bulgaristan Edirne Ba\u015fkonsolosu Borislav Dimitrov, yeni y\u0131l\u0131n t\u00fcm insanl\u0131k i\u00e7in bar\u0131\u015f ve g\u00fczelliklerle dolu bir y\u0131l olmas\u0131n\u0131 dilediklerini s\u00f6yledi. Bulgaristan\u2019\u0131n Stara Zagora kentinden gelen Metropolit Kipriyan\u2019\u0131n y\u00f6netti\u011fi ayine [&hellip;]","og_url":"https:\/\/akunq.net\/tr\/?p=66301","og_site_name":"Bati Ermenistan Ve Bati Ermenileri Sorunlari Ara\u015ftirmalar Merkezi","article_published_time":"2021-12-20T06:20:01+00:00","og_image":[{"width":2048,"height":1152,"url":"https:\/\/akunq.net\/tr\/wp-content\/uploads\/sites\/6\/2021\/12\/Edirne\u2019deki-Bulgar-Kilisesi.jpg","type":"image\/jpeg"}],"author":"admin","twitter_card":"summary_large_image","twitter_misc":{"Written by":"admin","Est. reading time":"2 minutes"},"schema":{"@context":"https:\/\/schema.org","@graph":[{"@type":"Article","@id":"https:\/\/akunq.net\/tr\/?p=66301#article","isPartOf":{"@id":"https:\/\/akunq.net\/tr\/?p=66301"},"author":{"name":"admin","@id":"https:\/\/akunq.net\/tr\/#\/schema\/person\/096f1d38a12cce57fb855b485ed24c9e"},"headline":"Edirne\u2019deki Bulgar Kilisesi\u2019nde 2 y\u0131l sonra ilk Noel ayini","datePublished":"2021-12-20T06:20:01+00:00","mainEntityOfPage":{"@id":"https:\/\/akunq.net\/tr\/?p=66301"},"wordCount":372,"commentCount":0,"image":{"@id":"https:\/\/akunq.net\/tr\/?p=66301#primaryimage"},"thumbnailUrl":"https:\/\/akunq.net\/tr\/wp-content\/uploads\/sites\/6\/2021\/12\/Edirne\u2019deki-Bulgar-Kilisesi.jpg","articleSection":["Haberler"],"inLanguage":"en-US","potentialAction":[{"@type":"CommentAction","name":"Comment","target":["https:\/\/akunq.net\/tr\/?p=66301#respond"]}]},{"@type":"WebPage","@id":"https:\/\/akunq.net\/tr\/?p=66301","url":"https:\/\/akunq.net\/tr\/?p=66301","name":"Edirne\u2019deki Bulgar Kilisesi\u2019nde 2 y\u0131l sonra ilk Noel ayini - Bati Ermenistan Ve Bati Ermenileri Sorunlari Ara\u015ftirmalar Merkezi","isPartOf":{"@id":"https:\/\/akunq.net\/tr\/#website"},"primaryImageOfPage":{"@id":"https:\/\/akunq.net\/tr\/?p=66301#primaryimage"},"image":{"@id":"https:\/\/akunq.net\/tr\/?p=66301#primaryimage"},"thumbnailUrl":"https:\/\/akunq.net\/tr\/wp-content\/uploads\/sites\/6\/2021\/12\/Edirne\u2019deki-Bulgar-Kilisesi.jpg","datePublished":"2021-12-20T06:20:01+00:00","author":{"@id":"https:\/\/akunq.net\/tr\/#\/schema\/person\/096f1d38a12cce57fb855b485ed24c9e"},"breadcrumb":{"@id":"https:\/\/akunq.net\/tr\/?p=66301#breadcrumb"},"inLanguage":"en-US","potentialAction":[{"@type":"ReadAction","target":["https:\/\/akunq.net\/tr\/?p=66301"]}]},{"@type":"ImageObject","inLanguage":"en-US","@id":"https:\/\/akunq.net\/tr\/?p=66301#primaryimage","url":"https:\/\/akunq.net\/tr\/wp-content\/uploads\/sites\/6\/2021\/12\/Edirne\u2019deki-Bulgar-Kilisesi.jpg","contentUrl":"https:\/\/akunq.net\/tr\/wp-content\/uploads\/sites\/6\/2021\/12\/Edirne\u2019deki-Bulgar-Kilisesi.jpg","width":2048,"height":1152},{"@type":"BreadcrumbList","@id":"https:\/\/akunq.net\/tr\/?p=66301#breadcrumb","itemListElement":[{"@type":"ListItem","position":1,"name":"Home","item":"https:\/\/akunq.net\/tr"},{"@type":"ListItem","position":2,"name":"Edirne\u2019deki Bulgar Kilisesi\u2019nde 2 y\u0131l sonra ilk Noel ayini"}]},{"@type":"WebSite","@id":"https:\/\/akunq.net\/tr\/#website","url":"https:\/\/akunq.net\/tr\/","name":"Bati Ermenistan Ve Bati Ermenileri Sorunlari Ara\u015ftirmalar Merkezi","description":"","potentialAction":[{"@type":"SearchAction","target":{"@type":"EntryPoint","urlTemplate":"https:\/\/akunq.net\/tr\/?s={search_term_string}"},"query-input":{"@type":"PropertyValueSpecification","valueRequired":true,"valueName":"search_term_string"}}],"inLanguage":"en-US"},{"@type":"Person","@id":"https:\/\/akunq.net\/tr\/#\/schema\/person\/096f1d38a12cce57fb855b485ed24c9e","name":"admin","url":"https:\/\/akunq.net\/tr\/?author=7"}]}},"_links":{"self":[{"href":"https:\/\/akunq.net\/tr\/index.php?rest_route=\/wp\/v2\/posts\/66301","targetHints":{"allow":["GET"]}}],"collection":[{"href":"https:\/\/akunq.net\/tr\/index.php?rest_route=\/wp\/v2\/posts"}],"about":[{"href":"https:\/\/akunq.net\/tr\/index.php?rest_route=\/wp\/v2\/types\/post"}],"author":[{"embeddable":true,"href":"https:\/\/akunq.net\/tr\/index.php?rest_route=\/wp\/v2\/users\/7"}],"replies":[{"embeddable":true,"href":"https:\/\/akunq.net\/tr\/index.php?rest_route=%2Fwp%2Fv2%2Fcomments&post=66301"}],"version-history":[{"count":1,"href":"https:\/\/akunq.net\/tr\/index.php?rest_route=\/wp\/v2\/posts\/66301\/revisions"}],"predecessor-version":[{"id":66303,"href":"https:\/\/akunq.net\/tr\/index.php?rest_route=\/wp\/v2\/posts\/66301\/revisions\/66303"}],"wp:featuredmedia":[{"embeddable":true,"href":"https:\/\/akunq.net\/tr\/index.php?rest_route=\/wp\/v2\/media\/66302"}],"wp:attachment":[{"href":"https:\/\/akunq.net\/tr\/index.php?rest_route=%2Fwp%2Fv2%2Fmedia&parent=66301"}],"wp:term":[{"taxonomy":"category","embeddable":true,"href":"https:\/\/akunq.net\/tr\/index.php?rest_route=%2Fwp%2Fv2%2Fcategories&post=66301"},{"taxonomy":"post_tag","embeddable":true,"href":"https:\/\/akunq.net\/tr\/index.php?rest_route=%2Fwp%2Fv2%2Ftags&post=66301"}],"curies":[{"name":"wp","href":"https:\/\/api.w.org\/{rel}","templated":true}]}}