{"id":66295,"date":"2021-12-20T01:08:38","date_gmt":"2021-12-20T06:08:38","guid":{"rendered":"https:\/\/akunq.net\/tr\/?p=66295"},"modified":"2021-12-20T01:08:38","modified_gmt":"2021-12-20T06:08:38","slug":"abd-disisleri-bakanliginin-raporuna-gore-turkiye-teroristler-icin-bir-gecis-ulkesidir","status":"publish","type":"post","link":"https:\/\/akunq.net\/tr\/?p=66295","title":{"rendered":"ABD D\u0131\u015fi\u015fleri Bakanl\u0131\u011f\u0131&#8217;n\u0131n raporuna g\u00f6re T\u00fcrkiye ter\u00f6ristler i\u00e7in bir ge\u00e7i\u015f \u00fclkesidir"},"content":{"rendered":"<p><img loading=\"lazy\" decoding=\"async\" class=\"aligncenter size-medium wp-image-66296\" src=\"https:\/\/akunq.net\/tr\/wp-content\/uploads\/2021\/12\/T\u00fcrkiye-360x242.jpg\" alt=\"\" width=\"360\" height=\"242\" srcset=\"https:\/\/akunq.net\/tr\/wp-content\/uploads\/sites\/6\/2021\/12\/T\u00fcrkiye-360x242.jpg 360w, https:\/\/akunq.net\/tr\/wp-content\/uploads\/sites\/6\/2021\/12\/T\u00fcrkiye-560x376.jpg 560w, https:\/\/akunq.net\/tr\/wp-content\/uploads\/sites\/6\/2021\/12\/T\u00fcrkiye-260x175.jpg 260w, https:\/\/akunq.net\/tr\/wp-content\/uploads\/sites\/6\/2021\/12\/T\u00fcrkiye-160x107.jpg 160w, https:\/\/akunq.net\/tr\/wp-content\/uploads\/sites\/6\/2021\/12\/T\u00fcrkiye.jpg 670w\" sizes=\"auto, (max-width: 360px) 100vw, 360px\" \/><\/p>\n<p><em><strong>ABD D\u0131\u015fi\u015fleri Bakanl\u0131\u011f\u0131, 2020 y\u0131l\u0131nda ter\u00f6rle ili\u015fkin, \u00a0T\u00fcrkiye ile ilgili ilgin\u00e7 a\u00e7\u0131klamalar da dahil olmak \u00fczere \u00e7e\u015fitli \u00fclkelerin dikkate de\u011fer de\u011ferlendirmelerini i\u00e7eren bir rapor yay\u0131nlad\u0131.<\/strong><\/em><\/p>\n<p>Raporda, T\u00fcrkiye&#8217;nin Suriye&#8217;de ve Irak\u2019ta faaliyet g\u00f6steren ter\u00f6ristler i\u00e7in bir merkez ve ge\u00e7i\u015f \u00fclkesi oldu\u011fu belirtiliyor.<\/p>\n<p>Raporda, &#8220;T\u00fcrkiye, Suriye ve Irak&#8217;tan ayr\u0131lmak isteyen yabanc\u0131 ter\u00f6ristler ile I\u015e\u0130D&#8217;e kat\u0131lmak isteyenler, Suriye ve Irak&#8217;ta sava\u015fan di\u011fer ter\u00f6r \u00f6rg\u00fctleri i\u00e7in bir ge\u00e7i\u015f \u00fclkesidir&#8221; denildi.<\/p>\n<p>\u0130ktidardaki Adalet ve Kalk\u0131nma Partisi (AKP) h\u00fck\u00fcmetinin 2020&#8217;de siyasi tutuklama ve s\u0131n\u0131r d\u0131\u015f\u0131 etmelerine devam etti\u011fi ve bunu &#8220;geni\u015f ter\u00f6rizm&#8221; olarak adland\u0131rd\u0131\u011f\u0131 da ifade ediliyor.<\/p>\n<p>Raporda \u015fu ifadelere yer verildi:<\/p>\n<p>&#8220;2020&#8217;de T\u00fcrkiye&#8217;de siyasi nedenlerle tutuklamalar ve s\u00fcrg\u00fcnler devam etti. Tutuklananlar aras\u0131nda PKK&#8217;y\u0131 desteklemek veya yard\u0131m etmekle su\u00e7lanan politikac\u0131lar, gazeteciler, insan haklar\u0131 aktivistleri ve avukatlar da yer al\u0131yor. 2016&#8217;daki darbe giri\u015fiminin ard\u0131ndan h\u00fck\u00fcmet, Fethullah G\u00fclen hareketini &#8220;Fethullah ter\u00f6r \u00f6rg\u00fct\u00fc (FET\u00d6)&#8221; ilan etti. T\u00fcrk h\u00fck\u00fcmeti, T\u00fcrkiye&#8217;deki ABD diplomatik misyonlar\u0131n\u0131n yerel personeli de dahil olmak \u00fczere, T\u00fcrkiye&#8217;de ya\u015fayan yabanc\u0131 uyruklular\u0131, FET\u00d6 veya ter\u00f6rle ba\u011flant\u0131l\u0131 oldu\u011fu iddias\u0131yla ilgili olarak \u00e7ok az \u00f6zen g\u00f6stererek, genellikle yetersiz kan\u0131tlara dayanarak g\u00f6zalt\u0131na almaya ve zulme devam etti. H\u00fck\u00fcmet benzer \u015fekilde 2020 boyunca askeri, g\u00fcvenlik, sivil ve memurlar\u0131 i\u015ften \u00e7\u0131karmaya devam etti.&#8221;<\/p>\n<p><em><strong>https:\/\/www.ermenihaber.am\/tr\/news\/2021\/12\/17\/ABD-D%C4%B1%C5%9Fi%C5%9Fleri-Bakanl%C4%B1%C4%9F%C4%B1-T%C3%BCrkiye-ter%C3%B6ristler\/222224\u00a0<\/strong><\/em><\/p>\n","protected":false},"excerpt":{"rendered":"<p>ABD D\u0131\u015fi\u015fleri Bakanl\u0131\u011f\u0131, 2020 y\u0131l\u0131nda ter\u00f6rle ili\u015fkin, \u00a0T\u00fcrkiye ile ilgili ilgin\u00e7 a\u00e7\u0131klamalar da dahil olmak \u00fczere \u00e7e\u015fitli \u00fclkelerin dikkate de\u011fer de\u011ferlendirmelerini i\u00e7eren bir rapor yay\u0131nlad\u0131. Raporda, T\u00fcrkiye&#8217;nin Suriye&#8217;de ve Irak\u2019ta faaliyet g\u00f6steren ter\u00f6ristler i\u00e7in bir merkez ve ge\u00e7i\u015f \u00fclkesi oldu\u011fu belirtiliyor. Raporda, &#8220;T\u00fcrkiye, Suriye ve Irak&#8217;tan ayr\u0131lmak isteyen yabanc\u0131 ter\u00f6ristler ile I\u015e\u0130D&#8217;e kat\u0131lmak isteyenler, Suriye [&hellip;]<\/p>\n","protected":false},"author":7,"featured_media":66296,"comment_status":"open","ping_status":"open","sticky":false,"template":"","format":"standard","meta":{"footnotes":""},"categories":[1],"tags":[],"class_list":["post-66295","post","type-post","status-publish","format-standard","has-post-thumbnail","hentry","category-haberler"],"yoast_head":"<!-- This site is optimized with the Yoast SEO plugin v27.4 - https:\/\/yoast.com\/product\/yoast-seo-wordpress\/ -->\n<title>ABD D\u0131\u015fi\u015fleri Bakanl\u0131\u011f\u0131&#039;n\u0131n raporuna g\u00f6re T\u00fcrkiye ter\u00f6ristler i\u00e7in bir ge\u00e7i\u015f \u00fclkesidir - Bati Ermenistan Ve Bati Ermenileri Sorunlari Ara\u015ftirmalar Merkezi<\/title>\n<meta name=\"robots\" content=\"index, follow, max-snippet:-1, max-image-preview:large, max-video-preview:-1\" \/>\n<link rel=\"canonical\" href=\"https:\/\/akunq.net\/tr\/?p=66295\" \/>\n<meta property=\"og:locale\" content=\"en_US\" \/>\n<meta property=\"og:type\" content=\"article\" \/>\n<meta property=\"og:title\" content=\"ABD D\u0131\u015fi\u015fleri Bakanl\u0131\u011f\u0131&#039;n\u0131n raporuna g\u00f6re T\u00fcrkiye ter\u00f6ristler i\u00e7in bir ge\u00e7i\u015f \u00fclkesidir - Bati Ermenistan Ve Bati Ermenileri Sorunlari Ara\u015ftirmalar Merkezi\" \/>\n<meta property=\"og:description\" content=\"ABD D\u0131\u015fi\u015fleri Bakanl\u0131\u011f\u0131, 2020 y\u0131l\u0131nda ter\u00f6rle ili\u015fkin, \u00a0T\u00fcrkiye ile ilgili ilgin\u00e7 a\u00e7\u0131klamalar da dahil olmak \u00fczere \u00e7e\u015fitli \u00fclkelerin dikkate de\u011fer de\u011ferlendirmelerini i\u00e7eren bir rapor yay\u0131nlad\u0131. Raporda, T\u00fcrkiye&#8217;nin Suriye&#8217;de ve Irak\u2019ta faaliyet g\u00f6steren ter\u00f6ristler i\u00e7in bir merkez ve ge\u00e7i\u015f \u00fclkesi oldu\u011fu belirtiliyor. Raporda, &#8220;T\u00fcrkiye, Suriye ve Irak&#8217;tan ayr\u0131lmak isteyen yabanc\u0131 ter\u00f6ristler ile I\u015e\u0130D&#8217;e kat\u0131lmak isteyenler, Suriye [&hellip;]\" \/>\n<meta property=\"og:url\" content=\"https:\/\/akunq.net\/tr\/?p=66295\" \/>\n<meta property=\"og:site_name\" content=\"Bati Ermenistan Ve Bati Ermenileri Sorunlari Ara\u015ftirmalar Merkezi\" \/>\n<meta property=\"article:published_time\" content=\"2021-12-20T06:08:38+00:00\" \/>\n<meta property=\"og:image\" content=\"https:\/\/akunq.net\/tr\/wp-content\/uploads\/sites\/6\/2021\/12\/T\u00fcrkiye.jpg\" \/>\n\t<meta property=\"og:image:width\" content=\"670\" \/>\n\t<meta property=\"og:image:height\" content=\"450\" \/>\n\t<meta property=\"og:image:type\" content=\"image\/jpeg\" \/>\n<meta name=\"author\" content=\"admin\" \/>\n<meta name=\"twitter:card\" content=\"summary_large_image\" \/>\n<meta name=\"twitter:label1\" content=\"Written by\" \/>\n\t<meta name=\"twitter:data1\" content=\"admin\" \/>\n\t<meta name=\"twitter:label2\" content=\"Est. reading time\" \/>\n\t<meta name=\"twitter:data2\" content=\"1 minute\" \/>\n<script type=\"application\/ld+json\" class=\"yoast-schema-graph\">{\"@context\":\"https:\\\/\\\/schema.org\",\"@graph\":[{\"@type\":\"Article\",\"@id\":\"https:\\\/\\\/akunq.net\\\/tr\\\/?p=66295#article\",\"isPartOf\":{\"@id\":\"https:\\\/\\\/akunq.net\\\/tr\\\/?p=66295\"},\"author\":{\"name\":\"admin\",\"@id\":\"https:\\\/\\\/akunq.net\\\/tr\\\/#\\\/schema\\\/person\\\/096f1d38a12cce57fb855b485ed24c9e\"},\"headline\":\"ABD D\u0131\u015fi\u015fleri Bakanl\u0131\u011f\u0131&#8217;n\u0131n raporuna g\u00f6re T\u00fcrkiye ter\u00f6ristler i\u00e7in bir ge\u00e7i\u015f \u00fclkesidir\",\"datePublished\":\"2021-12-20T06:08:38+00:00\",\"mainEntityOfPage\":{\"@id\":\"https:\\\/\\\/akunq.net\\\/tr\\\/?p=66295\"},\"wordCount\":307,\"commentCount\":0,\"image\":{\"@id\":\"https:\\\/\\\/akunq.net\\\/tr\\\/?p=66295#primaryimage\"},\"thumbnailUrl\":\"https:\\\/\\\/akunq.net\\\/tr\\\/wp-content\\\/uploads\\\/sites\\\/6\\\/2021\\\/12\\\/T\u00fcrkiye.jpg\",\"articleSection\":[\"Haberler\"],\"inLanguage\":\"en-US\",\"potentialAction\":[{\"@type\":\"CommentAction\",\"name\":\"Comment\",\"target\":[\"https:\\\/\\\/akunq.net\\\/tr\\\/?p=66295#respond\"]}]},{\"@type\":\"WebPage\",\"@id\":\"https:\\\/\\\/akunq.net\\\/tr\\\/?p=66295\",\"url\":\"https:\\\/\\\/akunq.net\\\/tr\\\/?p=66295\",\"name\":\"ABD D\u0131\u015fi\u015fleri Bakanl\u0131\u011f\u0131'n\u0131n raporuna g\u00f6re T\u00fcrkiye ter\u00f6ristler i\u00e7in bir ge\u00e7i\u015f \u00fclkesidir - Bati Ermenistan Ve Bati Ermenileri Sorunlari Ara\u015ftirmalar Merkezi\",\"isPartOf\":{\"@id\":\"https:\\\/\\\/akunq.net\\\/tr\\\/#website\"},\"primaryImageOfPage\":{\"@id\":\"https:\\\/\\\/akunq.net\\\/tr\\\/?p=66295#primaryimage\"},\"image\":{\"@id\":\"https:\\\/\\\/akunq.net\\\/tr\\\/?p=66295#primaryimage\"},\"thumbnailUrl\":\"https:\\\/\\\/akunq.net\\\/tr\\\/wp-content\\\/uploads\\\/sites\\\/6\\\/2021\\\/12\\\/T\u00fcrkiye.jpg\",\"datePublished\":\"2021-12-20T06:08:38+00:00\",\"author\":{\"@id\":\"https:\\\/\\\/akunq.net\\\/tr\\\/#\\\/schema\\\/person\\\/096f1d38a12cce57fb855b485ed24c9e\"},\"breadcrumb\":{\"@id\":\"https:\\\/\\\/akunq.net\\\/tr\\\/?p=66295#breadcrumb\"},\"inLanguage\":\"en-US\",\"potentialAction\":[{\"@type\":\"ReadAction\",\"target\":[\"https:\\\/\\\/akunq.net\\\/tr\\\/?p=66295\"]}]},{\"@type\":\"ImageObject\",\"inLanguage\":\"en-US\",\"@id\":\"https:\\\/\\\/akunq.net\\\/tr\\\/?p=66295#primaryimage\",\"url\":\"https:\\\/\\\/akunq.net\\\/tr\\\/wp-content\\\/uploads\\\/sites\\\/6\\\/2021\\\/12\\\/T\u00fcrkiye.jpg\",\"contentUrl\":\"https:\\\/\\\/akunq.net\\\/tr\\\/wp-content\\\/uploads\\\/sites\\\/6\\\/2021\\\/12\\\/T\u00fcrkiye.jpg\",\"width\":670,\"height\":450},{\"@type\":\"BreadcrumbList\",\"@id\":\"https:\\\/\\\/akunq.net\\\/tr\\\/?p=66295#breadcrumb\",\"itemListElement\":[{\"@type\":\"ListItem\",\"position\":1,\"name\":\"Home\",\"item\":\"https:\\\/\\\/akunq.net\\\/tr\"},{\"@type\":\"ListItem\",\"position\":2,\"name\":\"ABD D\u0131\u015fi\u015fleri Bakanl\u0131\u011f\u0131&#8217;n\u0131n raporuna g\u00f6re T\u00fcrkiye ter\u00f6ristler i\u00e7in bir ge\u00e7i\u015f \u00fclkesidir\"}]},{\"@type\":\"WebSite\",\"@id\":\"https:\\\/\\\/akunq.net\\\/tr\\\/#website\",\"url\":\"https:\\\/\\\/akunq.net\\\/tr\\\/\",\"name\":\"Bati Ermenistan Ve Bati Ermenileri Sorunlari Ara\u015ftirmalar Merkezi\",\"description\":\"\",\"potentialAction\":[{\"@type\":\"SearchAction\",\"target\":{\"@type\":\"EntryPoint\",\"urlTemplate\":\"https:\\\/\\\/akunq.net\\\/tr\\\/?s={search_term_string}\"},\"query-input\":{\"@type\":\"PropertyValueSpecification\",\"valueRequired\":true,\"valueName\":\"search_term_string\"}}],\"inLanguage\":\"en-US\"},{\"@type\":\"Person\",\"@id\":\"https:\\\/\\\/akunq.net\\\/tr\\\/#\\\/schema\\\/person\\\/096f1d38a12cce57fb855b485ed24c9e\",\"name\":\"admin\",\"url\":\"https:\\\/\\\/akunq.net\\\/tr\\\/?author=7\"}]}<\/script>\n<!-- \/ Yoast SEO plugin. -->","yoast_head_json":{"title":"ABD D\u0131\u015fi\u015fleri Bakanl\u0131\u011f\u0131'n\u0131n raporuna g\u00f6re T\u00fcrkiye ter\u00f6ristler i\u00e7in bir ge\u00e7i\u015f \u00fclkesidir - Bati Ermenistan Ve Bati Ermenileri Sorunlari Ara\u015ftirmalar Merkezi","robots":{"index":"index","follow":"follow","max-snippet":"max-snippet:-1","max-image-preview":"max-image-preview:large","max-video-preview":"max-video-preview:-1"},"canonical":"https:\/\/akunq.net\/tr\/?p=66295","og_locale":"en_US","og_type":"article","og_title":"ABD D\u0131\u015fi\u015fleri Bakanl\u0131\u011f\u0131'n\u0131n raporuna g\u00f6re T\u00fcrkiye ter\u00f6ristler i\u00e7in bir ge\u00e7i\u015f \u00fclkesidir - Bati Ermenistan Ve Bati Ermenileri Sorunlari Ara\u015ftirmalar Merkezi","og_description":"ABD D\u0131\u015fi\u015fleri Bakanl\u0131\u011f\u0131, 2020 y\u0131l\u0131nda ter\u00f6rle ili\u015fkin, \u00a0T\u00fcrkiye ile ilgili ilgin\u00e7 a\u00e7\u0131klamalar da dahil olmak \u00fczere \u00e7e\u015fitli \u00fclkelerin dikkate de\u011fer de\u011ferlendirmelerini i\u00e7eren bir rapor yay\u0131nlad\u0131. Raporda, T\u00fcrkiye&#8217;nin Suriye&#8217;de ve Irak\u2019ta faaliyet g\u00f6steren ter\u00f6ristler i\u00e7in bir merkez ve ge\u00e7i\u015f \u00fclkesi oldu\u011fu belirtiliyor. Raporda, &#8220;T\u00fcrkiye, Suriye ve Irak&#8217;tan ayr\u0131lmak isteyen yabanc\u0131 ter\u00f6ristler ile I\u015e\u0130D&#8217;e kat\u0131lmak isteyenler, Suriye [&hellip;]","og_url":"https:\/\/akunq.net\/tr\/?p=66295","og_site_name":"Bati Ermenistan Ve Bati Ermenileri Sorunlari Ara\u015ftirmalar Merkezi","article_published_time":"2021-12-20T06:08:38+00:00","og_image":[{"width":670,"height":450,"url":"https:\/\/akunq.net\/tr\/wp-content\/uploads\/sites\/6\/2021\/12\/T\u00fcrkiye.jpg","type":"image\/jpeg"}],"author":"admin","twitter_card":"summary_large_image","twitter_misc":{"Written by":"admin","Est. reading time":"1 minute"},"schema":{"@context":"https:\/\/schema.org","@graph":[{"@type":"Article","@id":"https:\/\/akunq.net\/tr\/?p=66295#article","isPartOf":{"@id":"https:\/\/akunq.net\/tr\/?p=66295"},"author":{"name":"admin","@id":"https:\/\/akunq.net\/tr\/#\/schema\/person\/096f1d38a12cce57fb855b485ed24c9e"},"headline":"ABD D\u0131\u015fi\u015fleri Bakanl\u0131\u011f\u0131&#8217;n\u0131n raporuna g\u00f6re T\u00fcrkiye ter\u00f6ristler i\u00e7in bir ge\u00e7i\u015f \u00fclkesidir","datePublished":"2021-12-20T06:08:38+00:00","mainEntityOfPage":{"@id":"https:\/\/akunq.net\/tr\/?p=66295"},"wordCount":307,"commentCount":0,"image":{"@id":"https:\/\/akunq.net\/tr\/?p=66295#primaryimage"},"thumbnailUrl":"https:\/\/akunq.net\/tr\/wp-content\/uploads\/sites\/6\/2021\/12\/T\u00fcrkiye.jpg","articleSection":["Haberler"],"inLanguage":"en-US","potentialAction":[{"@type":"CommentAction","name":"Comment","target":["https:\/\/akunq.net\/tr\/?p=66295#respond"]}]},{"@type":"WebPage","@id":"https:\/\/akunq.net\/tr\/?p=66295","url":"https:\/\/akunq.net\/tr\/?p=66295","name":"ABD D\u0131\u015fi\u015fleri Bakanl\u0131\u011f\u0131'n\u0131n raporuna g\u00f6re T\u00fcrkiye ter\u00f6ristler i\u00e7in bir ge\u00e7i\u015f \u00fclkesidir - Bati Ermenistan Ve Bati Ermenileri Sorunlari Ara\u015ftirmalar Merkezi","isPartOf":{"@id":"https:\/\/akunq.net\/tr\/#website"},"primaryImageOfPage":{"@id":"https:\/\/akunq.net\/tr\/?p=66295#primaryimage"},"image":{"@id":"https:\/\/akunq.net\/tr\/?p=66295#primaryimage"},"thumbnailUrl":"https:\/\/akunq.net\/tr\/wp-content\/uploads\/sites\/6\/2021\/12\/T\u00fcrkiye.jpg","datePublished":"2021-12-20T06:08:38+00:00","author":{"@id":"https:\/\/akunq.net\/tr\/#\/schema\/person\/096f1d38a12cce57fb855b485ed24c9e"},"breadcrumb":{"@id":"https:\/\/akunq.net\/tr\/?p=66295#breadcrumb"},"inLanguage":"en-US","potentialAction":[{"@type":"ReadAction","target":["https:\/\/akunq.net\/tr\/?p=66295"]}]},{"@type":"ImageObject","inLanguage":"en-US","@id":"https:\/\/akunq.net\/tr\/?p=66295#primaryimage","url":"https:\/\/akunq.net\/tr\/wp-content\/uploads\/sites\/6\/2021\/12\/T\u00fcrkiye.jpg","contentUrl":"https:\/\/akunq.net\/tr\/wp-content\/uploads\/sites\/6\/2021\/12\/T\u00fcrkiye.jpg","width":670,"height":450},{"@type":"BreadcrumbList","@id":"https:\/\/akunq.net\/tr\/?p=66295#breadcrumb","itemListElement":[{"@type":"ListItem","position":1,"name":"Home","item":"https:\/\/akunq.net\/tr"},{"@type":"ListItem","position":2,"name":"ABD D\u0131\u015fi\u015fleri Bakanl\u0131\u011f\u0131&#8217;n\u0131n raporuna g\u00f6re T\u00fcrkiye ter\u00f6ristler i\u00e7in bir ge\u00e7i\u015f \u00fclkesidir"}]},{"@type":"WebSite","@id":"https:\/\/akunq.net\/tr\/#website","url":"https:\/\/akunq.net\/tr\/","name":"Bati Ermenistan Ve Bati Ermenileri Sorunlari Ara\u015ftirmalar Merkezi","description":"","potentialAction":[{"@type":"SearchAction","target":{"@type":"EntryPoint","urlTemplate":"https:\/\/akunq.net\/tr\/?s={search_term_string}"},"query-input":{"@type":"PropertyValueSpecification","valueRequired":true,"valueName":"search_term_string"}}],"inLanguage":"en-US"},{"@type":"Person","@id":"https:\/\/akunq.net\/tr\/#\/schema\/person\/096f1d38a12cce57fb855b485ed24c9e","name":"admin","url":"https:\/\/akunq.net\/tr\/?author=7"}]}},"_links":{"self":[{"href":"https:\/\/akunq.net\/tr\/index.php?rest_route=\/wp\/v2\/posts\/66295","targetHints":{"allow":["GET"]}}],"collection":[{"href":"https:\/\/akunq.net\/tr\/index.php?rest_route=\/wp\/v2\/posts"}],"about":[{"href":"https:\/\/akunq.net\/tr\/index.php?rest_route=\/wp\/v2\/types\/post"}],"author":[{"embeddable":true,"href":"https:\/\/akunq.net\/tr\/index.php?rest_route=\/wp\/v2\/users\/7"}],"replies":[{"embeddable":true,"href":"https:\/\/akunq.net\/tr\/index.php?rest_route=%2Fwp%2Fv2%2Fcomments&post=66295"}],"version-history":[{"count":1,"href":"https:\/\/akunq.net\/tr\/index.php?rest_route=\/wp\/v2\/posts\/66295\/revisions"}],"predecessor-version":[{"id":66297,"href":"https:\/\/akunq.net\/tr\/index.php?rest_route=\/wp\/v2\/posts\/66295\/revisions\/66297"}],"wp:featuredmedia":[{"embeddable":true,"href":"https:\/\/akunq.net\/tr\/index.php?rest_route=\/wp\/v2\/media\/66296"}],"wp:attachment":[{"href":"https:\/\/akunq.net\/tr\/index.php?rest_route=%2Fwp%2Fv2%2Fmedia&parent=66295"}],"wp:term":[{"taxonomy":"category","embeddable":true,"href":"https:\/\/akunq.net\/tr\/index.php?rest_route=%2Fwp%2Fv2%2Fcategories&post=66295"},{"taxonomy":"post_tag","embeddable":true,"href":"https:\/\/akunq.net\/tr\/index.php?rest_route=%2Fwp%2Fv2%2Ftags&post=66295"}],"curies":[{"name":"wp","href":"https:\/\/api.w.org\/{rel}","templated":true}]}}